{"id":25365,"date":"2019-05-21T11:25:59","date_gmt":"2019-05-21T14:25:59","guid":{"rendered":"https:\/\/www.suno.com.br\/noticias\/?p=25365"},"modified":"2019-05-21T11:25:59","modified_gmt":"2019-05-21T14:25:59","slug":"americanos-subestimam-forca-huawei","status":"publish","type":"post","link":"https:\/\/www.suno.com.br\/noticias\/americanos-subestimam-forca-huawei\/","title":{"rendered":"Fundador da Huawei diz que pol\u00edticos americanos subestimam chinesa"},"content":{"rendered":"<p>O fundador da Huawei, Ren Zhengfei, declarou que os Estados Unidos &#8220;subestimam&#8221; sua empresa. &#8220;Os pol\u00edticos americanos, com sua atual forma de agir, demonstram que subestimam nossa for\u00e7a&#8221;, disse o fundador ao canal &#8220;CCTV&#8221;, nesta ter\u00e7a-feira (21).<\/p>\t<div class=\"wrapper-featured-image\">\n\t\t<figure class=\"spotlightImg\">\n\n\t\t\t<picture>\n\t\t\t\t<source media=\"(max-width: 768px)\" srcset=\"https:\/\/files.sunoresearch.com.br\/n\/uploads\/2019\/01\/e46c01ed-huawei-400x200.webp\">\n\t\t\t\t<img loading=\"lazy\" decoding=\"async\" class=\"newsContent__article__imgCapa lazyloadDisabled newsContent__article__imgCapa--noCaption\" src=\"https:\/\/files.sunoresearch.com.br\/n\/uploads\/2019\/01\/e46c01ed-huawei-800x450.webp\" width=\"800\" height=\"450\" alt=\"Fundador da Huawei diz que pol\u00edticos americanos subestimam chinesa\" fetchpriority=high \/>\n\t\t\t<\/picture>\n\n\t\t\t<figcaption class=\"wp-caption-text wp-caption-text--hide\">Fundador da Huawei diz que pol\u00edticos americanos subestimam chinesa<\/figcaption>\n\t\t<\/figure>\n\t<\/div>\n\n\n<p>Al\u00e9m disso, Zhengfei afirmou que &#8220;a <strong>rede 5G<\/strong> da Huawei n\u00e3o ser\u00e1 afetada em nada&#8221; e que &#8220;em mat\u00e9ria de 5G, as outras empresas n\u00e3o alcan\u00e7ar\u00e3o a <strong>Huawei<\/strong> em dois ou tr\u00eas anos&#8221;.<\/p>\n\t<p>\n\t\t<a href=\"https:\/\/lp.suno.com.br\/minicurso-investindo-fiis\/\" target=\"_blank\" data-element=\"shortcode-suno-banner\" title=\"Banner SUNO, clique e saiba mais\">\n\t\t\t<picture>\n\t\t\t\t<source media=\"(max-width: 500px)\" srcset=\"https:\/\/files.sunoresearch.com.br\/n\/uploads\/2023\/07\/400x300-Minicurso-FIIS.png\">\n\t\t\t\t<img class=\"newsContent__article__imgCapa newsContent__article__imgCapa--banner\"\n\t\t\t\t\tsrc=\"https:\/\/files.sunoresearch.com.br\/n\/uploads\/2023\/07\/1420x240-Minicurso-FIIS.png\"\n\t\t\t\t\tdata-promo-id=\"311935\"\t\t\t\t\t\t\t\t\t\twidth='1420' height='240'\t\t\t\t\talt=\"https:\/\/files.sunoresearch.com.br\/n\/uploads\/2023\/07\/1420x240-Minicurso-FIIS.png\"\n\t\t\t\t>\n\t\t\t<\/picture>\n\t\t<\/a>\n\t<\/p>\n\n\n<p>Na \u00faltima quarta-feira (15), o presidente <strong>Donald Trump<\/strong> anunciou que a empresa chinesa entrou em uma &#8220;lista negra&#8221; que pro\u00edbe a companhia de comprar produtos americanos.<\/p>\n<p>Desse modo, unidades de seguran\u00e7a dos <strong>EUA<\/strong> argumentaram que a <strong>Huawei<\/strong> e a <strong>ZTE<\/strong> s\u00e3o um risco \u00e0 seguran\u00e7a nacional. Isso porque as empresas seriam &#8220;obrigadas a cumprir ordens do Partido Comunista&#8221;.<\/p>\n<h2>Guerra comercial<\/h2>\n<p>As \u00faltimas movimenta\u00e7\u00f5es dos pa\u00edses fazem parte da <strong>guerra comercial<\/strong> travada entre os gigantes econ\u00f4micos. As duas pot\u00eancias tentam h\u00e1 tempos um acordo. Contudo, at\u00e9 agora, as negocia\u00e7\u00f5es n\u00e3o tiveram resultado e os dois pa\u00edses passaram a investir comercialmente um contra o outro.<\/p>\n<p>No in\u00edcio de maio, <strong>Donald Trump<\/strong> anunciou o aumento de <strong>tarifas<\/strong> na importa\u00e7\u00e3o de produtos chineses. Dessa forma, a taxa passou de 10% para 25% sobre cerca de US$ 200 bilh\u00f5es em importa\u00e7\u00f5es da <strong>China.<\/strong><\/p>\n<p><a href=\"https:\/\/www.suno.com.br\/noticias\/trump-atinge-huawei-china-proteger-empresas\/\">Saiba mais:\u00a0Trump atinge Huawei; China critica e diz que vai proteger suas empresas<\/a><\/p>\n<p>Por sua vez, a <strong>China<\/strong> retaliou. Desse modo, o pa\u00eds asi\u00e1tico tamb\u00e9m imp\u00f4s taxas aos americanos e cerca de US$ 60 bilh\u00f5es em produtos dos <strong>Estados Unidos<\/strong> devem ser taxados com impostos.<\/p>\n<p>Apesar disso, <strong>Trump<\/strong> e a <strong>China<\/strong> garantem que as negocia\u00e7\u00f5es entre <strong>Washington<\/strong> e <strong>Pequim<\/strong> continuam. Entretanto, enquanto n\u00e3o se chega a um acordo, o embate reflete nos principais mercados acion\u00e1rios globais. Bolsas asi\u00e1ticas, americanas e tamb\u00e9m a brasileira t\u00eam sofrido o impacto do conflito.<\/p>\n<h2>Huawei no Brasil<\/h2>\n<p>No Brasil, a <strong>Huawei<\/strong> \u00e9 uma das tr\u00eas maiores vendedoras de equipamentos e sistemas de telecomunica\u00e7\u00f5es, junto com a <strong>Cisco<\/strong>, a <strong>Ericsson<\/strong> e a <strong>Nokia<\/strong>. Apesar das restri\u00e7\u00f5es aos componentes americanos, a chinesa afirmou que as opera\u00e7\u00f5es n\u00e3o ser\u00e3o prejudicadas.<\/p>\n\t<p>\n\t\t<a href=\"https:\/\/lp.suno.com.br\/asset\/fundos\/suno-fiagro-snag11\/\" target=\"_blank\" data-element=\"shortcode-suno-banner\" title=\"Banner SUNO, clique e saiba mais\">\n\t\t\t<picture>\n\t\t\t\t<source media=\"(max-width: 500px)\" srcset=\"https:\/\/files.sunoresearch.com.br\/n\/uploads\/2024\/03\/400x300-Mobile-Artigos-1_SNAG.png\">\n\t\t\t\t<img class=\"newsContent__article__imgCapa newsContent__article__imgCapa--banner\"\n\t\t\t\t\tsrc=\"https:\/\/files.sunoresearch.com.br\/n\/uploads\/2024\/03\/1420x240-Banner-Artigos-1-_-Banner-Materias-1_SNAG.png\"\n\t\t\t\t\tdata-promo-id=\"364416\"\t\t\t\t\t\t\t\t\t\twidth='1420' height='240'\t\t\t\t\talt=\"https:\/\/files.sunoresearch.com.br\/n\/uploads\/2024\/03\/1420x240-Banner-Artigos-1-_-Banner-Materias-1_SNAG.png\"\n\t\t\t\t>\n\t\t\t<\/picture>\n\t\t<\/a>\n\t<\/p>\n\n\n<p>A chinesa ressaltou ainda que a produ\u00e7\u00e3o da linha P30 de <strong>smartphone<\/strong> n\u00e3o ser\u00e3o afetadas pelo corte das rela\u00e7\u00f5es com o <strong>Google<\/strong> e a Qualcomm. As vendas do <strong>P30<\/strong> foram retomadas na \u00faltima semana.<\/p>\n","protected":false},"excerpt":{"rendered":"<p>O fundador da Huawei, Ren Zhengfei, declarou que os Estados Unidos &#8220;subestimam&#8221; sua empresa. &#8220;Os pol\u00edticos americanos, com sua atual forma de agir, demonstram que subestimam nossa for\u00e7a&#8221;, disse o fundador ao canal &#8220;CCTV&#8221;, nesta ter\u00e7a-feira (21). Fundador da Huawei diz que pol\u00edticos americanos subestimam chinesa Al\u00e9m disso, Zhengfei afirmou que &#8220;a rede 5G da [&hellip;]<\/p>\n","protected":false},"author":11,"featured_media":11549,"comment_status":"closed","ping_status":"closed","sticky":false,"template":"","format":"standard","meta":[],"categories":[63],"tags":[826],"suno_strategy":[],"class_list":["post-25365","post","type-post","status-publish","format-standard","has-post-thumbnail","hentry","category-internacional","tag-huawei"],"yoast_head":"<!-- This site is optimized with the Yoast SEO plugin v24.4 - https:\/\/yoast.com\/wordpress\/plugins\/seo\/ -->\n<title>Fundador da Huawei diz que pol\u00edticos americanos subestimam chinesa<\/title>\n<meta name=\"description\" content=\"Fundandor da empresa, Ren Zhengfei, ainda afirmou que &quot;a rede 5G da Huawei n\u00e3o ser\u00e1 afetada em nada&quot;. Clique para saber mais.\" \/>\n<meta name=\"robots\" content=\"index, follow, max-snippet:-1, max-image-preview:large, max-video-preview:-1\" \/>\n<link rel=\"canonical\" href=\"https:\/\/www.suno.com.br\/noticias\/americanos-subestimam-forca-huawei\/\" \/>\n<meta property=\"og:locale\" content=\"pt_BR\" \/>\n<meta property=\"og:type\" content=\"article\" \/>\n<meta property=\"og:title\" content=\"Fundador da Huawei diz que pol\u00edticos americanos subestimam chinesa\" \/>\n<meta property=\"og:description\" content=\"Fundandor da empresa, Ren Zhengfei, ainda afirmou que &quot;a rede 5G da Huawei n\u00e3o ser\u00e1 afetada em nada&quot;. Clique para saber mais.\" \/>\n<meta property=\"og:url\" content=\"https:\/\/www.suno.com.br\/noticias\/americanos-subestimam-forca-huawei\/\" \/>\n<meta property=\"og:site_name\" content=\"Suno Not\u00edcias\" \/>\n<meta property=\"article:publisher\" content=\"https:\/\/facebook.com\/sunoresearch\" \/>\n<meta property=\"og:image\" content=\"https:\/\/files.sunoresearch.com.br\/n\/uploads\/2019\/01\/e46c01ed-huawei.jpg\" \/>\n\t<meta property=\"og:image:width\" content=\"800\" \/>\n\t<meta property=\"og:image:height\" content=\"641\" \/>\n\t<meta property=\"og:image:type\" content=\"image\/jpeg\" \/>\n<meta name=\"author\" content=\"Renan Bandeira\" \/>\n<meta name=\"twitter:card\" content=\"summary_large_image\" \/>\n<meta name=\"twitter:creator\" content=\"@sunoresearch\" \/>\n<meta name=\"twitter:site\" content=\"@sunoresearch\" \/>\n<meta name=\"twitter:label1\" content=\"Escrito por\" \/>\n\t<meta name=\"twitter:data1\" content=\"Renan Bandeira\" \/>\n\t<meta name=\"twitter:label2\" content=\"Est. tempo de leitura\" \/>\n\t<meta name=\"twitter:data2\" content=\"2 minutos\" \/>\n<script type=\"application\/ld+json\" class=\"yoast-schema-graph\">{\"@context\":\"https:\/\/schema.org\",\"@graph\":[{\"@type\":\"NewsArticle\",\"@id\":\"https:\/\/www.suno.com.br\/noticias\/americanos-subestimam-forca-huawei\/#article\",\"isPartOf\":{\"@id\":\"https:\/\/www.suno.com.br\/noticias\/americanos-subestimam-forca-huawei\/\"},\"author\":{\"name\":\"Renan Bandeira\",\"@id\":\"https:\/\/www.suno.com.br\/noticias\/#\/schema\/person\/fc144a1c6108bd1dcd43784e88a3c138\"},\"headline\":\"Fundador da Huawei diz que pol\u00edticos americanos subestimam chinesa\",\"datePublished\":\"2019-05-21T14:25:59+00:00\",\"mainEntityOfPage\":{\"@id\":\"https:\/\/www.suno.com.br\/noticias\/americanos-subestimam-forca-huawei\/\"},\"wordCount\":429,\"publisher\":{\"@id\":\"https:\/\/www.suno.com.br\/noticias\/#organization\"},\"image\":{\"@id\":\"https:\/\/www.suno.com.br\/noticias\/americanos-subestimam-forca-huawei\/#primaryimage\"},\"thumbnailUrl\":\"https:\/\/files.sunoresearch.com.br\/n\/uploads\/2019\/01\/e46c01ed-huawei-jpg.webp\",\"keywords\":[\"Huawei\"],\"articleSection\":[\"Internacional\"],\"inLanguage\":\"pt-BR\"},{\"@type\":\"WebPage\",\"@id\":\"https:\/\/www.suno.com.br\/noticias\/americanos-subestimam-forca-huawei\/\",\"url\":\"https:\/\/www.suno.com.br\/noticias\/americanos-subestimam-forca-huawei\/\",\"name\":\"Fundador da Huawei diz que pol\u00edticos americanos subestimam chinesa\",\"isPartOf\":{\"@id\":\"https:\/\/www.suno.com.br\/noticias\/#website\"},\"primaryImageOfPage\":{\"@id\":\"https:\/\/www.suno.com.br\/noticias\/americanos-subestimam-forca-huawei\/#primaryimage\"},\"image\":{\"@id\":\"https:\/\/www.suno.com.br\/noticias\/americanos-subestimam-forca-huawei\/#primaryimage\"},\"thumbnailUrl\":\"https:\/\/files.sunoresearch.com.br\/n\/uploads\/2019\/01\/e46c01ed-huawei-jpg.webp\",\"datePublished\":\"2019-05-21T14:25:59+00:00\",\"description\":\"Fundandor da empresa, Ren Zhengfei, ainda afirmou que \\\"a rede 5G da Huawei n\u00e3o ser\u00e1 afetada em nada\\\". Clique para saber mais.\",\"breadcrumb\":{\"@id\":\"https:\/\/www.suno.com.br\/noticias\/americanos-subestimam-forca-huawei\/#breadcrumb\"},\"inLanguage\":\"pt-BR\",\"potentialAction\":[{\"@type\":\"ReadAction\",\"target\":[\"https:\/\/www.suno.com.br\/noticias\/americanos-subestimam-forca-huawei\/\"]}]},{\"@type\":\"ImageObject\",\"inLanguage\":\"pt-BR\",\"@id\":\"https:\/\/www.suno.com.br\/noticias\/americanos-subestimam-forca-huawei\/#primaryimage\",\"url\":\"https:\/\/files.sunoresearch.com.br\/n\/uploads\/2019\/01\/e46c01ed-huawei-jpg.webp\",\"contentUrl\":\"https:\/\/files.sunoresearch.com.br\/n\/uploads\/2019\/01\/e46c01ed-huawei-jpg.webp\",\"width\":800,\"height\":641,\"caption\":\"Fundador da Huawei diz que pol\u00edticos americanos subestimam chinesa\"},{\"@type\":\"BreadcrumbList\",\"@id\":\"https:\/\/www.suno.com.br\/noticias\/americanos-subestimam-forca-huawei\/#breadcrumb\",\"itemListElement\":[{\"@type\":\"ListItem\",\"position\":1,\"name\":\"Not\u00edcias\",\"item\":\"https:\/\/www.suno.com.br\/noticias\/\"},{\"@type\":\"ListItem\",\"position\":2,\"name\":\"Internacional\",\"item\":\"https:\/\/www.suno.com.br\/noticias\/internacional\/\"},{\"@type\":\"ListItem\",\"position\":3,\"name\":\"Fundador da Huawei diz que pol\u00edticos americanos subestimam chinesa\"}]},{\"@type\":\"WebSite\",\"@id\":\"https:\/\/www.suno.com.br\/noticias\/#website\",\"url\":\"https:\/\/www.suno.com.br\/noticias\/\",\"name\":\"Suno Not\u00edcias\",\"description\":\"Seu portal de informa\u00e7\u00e3o sobre o mundo dos investimentos\",\"publisher\":{\"@id\":\"https:\/\/www.suno.com.br\/noticias\/#organization\"},\"potentialAction\":[{\"@type\":\"SearchAction\",\"target\":{\"@type\":\"EntryPoint\",\"urlTemplate\":\"https:\/\/www.suno.com.br\/noticias\/?s={search_term_string}\"},\"query-input\":{\"@type\":\"PropertyValueSpecification\",\"valueRequired\":true,\"valueName\":\"search_term_string\"}}],\"inLanguage\":\"pt-BR\"},{\"@type\":\"Organization\",\"@id\":\"https:\/\/www.suno.com.br\/noticias\/#organization\",\"name\":\"Suno Not\u00edcias\",\"url\":\"https:\/\/www.suno.com.br\/noticias\/\",\"logo\":{\"@type\":\"ImageObject\",\"inLanguage\":\"pt-BR\",\"@id\":\"https:\/\/www.suno.com.br\/noticias\/#\/schema\/logo\/image\/\",\"url\":\"https:\/\/files.sunoresearch.com.br\/n\/uploads\/2021\/09\/suno-logo.png\",\"contentUrl\":\"https:\/\/files.sunoresearch.com.br\/n\/uploads\/2021\/09\/suno-logo.png\",\"width\":180,\"height\":180,\"caption\":\"Suno Not\u00edcias\"},\"image\":{\"@id\":\"https:\/\/www.suno.com.br\/noticias\/#\/schema\/logo\/image\/\"},\"sameAs\":[\"https:\/\/facebook.com\/sunoresearch\",\"https:\/\/x.com\/sunoresearch\",\"https:\/\/www.instagram.com\/suno\",\"https:\/\/www.linkedin.com\/company\/suno-research\/\",\"https:\/\/www.youtube.com\/c\/sunoresearch\"]},{\"@type\":\"Person\",\"@id\":\"https:\/\/www.suno.com.br\/noticias\/#\/schema\/person\/fc144a1c6108bd1dcd43784e88a3c138\",\"name\":\"Renan Bandeira\",\"image\":{\"@type\":\"ImageObject\",\"inLanguage\":\"pt-BR\",\"@id\":\"https:\/\/www.suno.com.br\/noticias\/#\/schema\/person\/image\/\",\"url\":\"https:\/\/secure.gravatar.com\/avatar\/68359cdb608f14f11bbefcb78f3fc747?s=96&r=g\",\"contentUrl\":\"https:\/\/secure.gravatar.com\/avatar\/68359cdb608f14f11bbefcb78f3fc747?s=96&r=g\",\"caption\":\"Renan Bandeira\"},\"description\":\"Renan Bandeira escreve sobre pol\u00edtica e economia para o portal da Suno Research. Antes da Suno, trabalhou em uma rede de televis\u00e3o, onde fazia reportagens sobre os mesmos temas. Estuda na Universidade Metodista de S\u00e3o Paulo.\",\"url\":\"https:\/\/www.suno.com.br\/noticias\/author\/renan-bandeira\/\"}]}<\/script>\n<!-- \/ Yoast SEO plugin. -->","yoast_head_json":{"title":"Fundador da Huawei diz que pol\u00edticos americanos subestimam chinesa","description":"Fundandor da empresa, Ren Zhengfei, ainda afirmou que \"a rede 5G da Huawei n\u00e3o ser\u00e1 afetada em nada\". Clique para saber mais.","robots":{"index":"index","follow":"follow","max-snippet":"max-snippet:-1","max-image-preview":"max-image-preview:large","max-video-preview":"max-video-preview:-1"},"canonical":"https:\/\/www.suno.com.br\/noticias\/americanos-subestimam-forca-huawei\/","og_locale":"pt_BR","og_type":"article","og_title":"Fundador da Huawei diz que pol\u00edticos americanos subestimam chinesa","og_description":"Fundandor da empresa, Ren Zhengfei, ainda afirmou que \"a rede 5G da Huawei n\u00e3o ser\u00e1 afetada em nada\". Clique para saber mais.","og_url":"https:\/\/www.suno.com.br\/noticias\/americanos-subestimam-forca-huawei\/","og_site_name":"Suno Not\u00edcias","article_publisher":"https:\/\/facebook.com\/sunoresearch","og_image":[{"width":800,"height":641,"url":"https:\/\/files.sunoresearch.com.br\/n\/uploads\/2019\/01\/e46c01ed-huawei.jpg","type":"image\/jpeg"}],"author":"Renan Bandeira","twitter_card":"summary_large_image","twitter_creator":"@sunoresearch","twitter_site":"@sunoresearch","twitter_misc":{"Escrito por":"Renan Bandeira","Est. tempo de leitura":"2 minutos"},"schema":{"@context":"https:\/\/schema.org","@graph":[{"@type":"NewsArticle","@id":"https:\/\/www.suno.com.br\/noticias\/americanos-subestimam-forca-huawei\/#article","isPartOf":{"@id":"https:\/\/www.suno.com.br\/noticias\/americanos-subestimam-forca-huawei\/"},"author":{"name":"Renan Bandeira","@id":"https:\/\/www.suno.com.br\/noticias\/#\/schema\/person\/fc144a1c6108bd1dcd43784e88a3c138"},"headline":"Fundador da Huawei diz que pol\u00edticos americanos subestimam chinesa","datePublished":"2019-05-21T14:25:59+00:00","mainEntityOfPage":{"@id":"https:\/\/www.suno.com.br\/noticias\/americanos-subestimam-forca-huawei\/"},"wordCount":429,"publisher":{"@id":"https:\/\/www.suno.com.br\/noticias\/#organization"},"image":{"@id":"https:\/\/www.suno.com.br\/noticias\/americanos-subestimam-forca-huawei\/#primaryimage"},"thumbnailUrl":"https:\/\/files.sunoresearch.com.br\/n\/uploads\/2019\/01\/e46c01ed-huawei-jpg.webp","keywords":["Huawei"],"articleSection":["Internacional"],"inLanguage":"pt-BR"},{"@type":"WebPage","@id":"https:\/\/www.suno.com.br\/noticias\/americanos-subestimam-forca-huawei\/","url":"https:\/\/www.suno.com.br\/noticias\/americanos-subestimam-forca-huawei\/","name":"Fundador da Huawei diz que pol\u00edticos americanos subestimam chinesa","isPartOf":{"@id":"https:\/\/www.suno.com.br\/noticias\/#website"},"primaryImageOfPage":{"@id":"https:\/\/www.suno.com.br\/noticias\/americanos-subestimam-forca-huawei\/#primaryimage"},"image":{"@id":"https:\/\/www.suno.com.br\/noticias\/americanos-subestimam-forca-huawei\/#primaryimage"},"thumbnailUrl":"https:\/\/files.sunoresearch.com.br\/n\/uploads\/2019\/01\/e46c01ed-huawei-jpg.webp","datePublished":"2019-05-21T14:25:59+00:00","description":"Fundandor da empresa, Ren Zhengfei, ainda afirmou que \"a rede 5G da Huawei n\u00e3o ser\u00e1 afetada em nada\". Clique para saber mais.","breadcrumb":{"@id":"https:\/\/www.suno.com.br\/noticias\/americanos-subestimam-forca-huawei\/#breadcrumb"},"inLanguage":"pt-BR","potentialAction":[{"@type":"ReadAction","target":["https:\/\/www.suno.com.br\/noticias\/americanos-subestimam-forca-huawei\/"]}]},{"@type":"ImageObject","inLanguage":"pt-BR","@id":"https:\/\/www.suno.com.br\/noticias\/americanos-subestimam-forca-huawei\/#primaryimage","url":"https:\/\/files.sunoresearch.com.br\/n\/uploads\/2019\/01\/e46c01ed-huawei-jpg.webp","contentUrl":"https:\/\/files.sunoresearch.com.br\/n\/uploads\/2019\/01\/e46c01ed-huawei-jpg.webp","width":800,"height":641,"caption":"Fundador da Huawei diz que pol\u00edticos americanos subestimam chinesa"},{"@type":"BreadcrumbList","@id":"https:\/\/www.suno.com.br\/noticias\/americanos-subestimam-forca-huawei\/#breadcrumb","itemListElement":[{"@type":"ListItem","position":1,"name":"Not\u00edcias","item":"https:\/\/www.suno.com.br\/noticias\/"},{"@type":"ListItem","position":2,"name":"Internacional","item":"https:\/\/www.suno.com.br\/noticias\/internacional\/"},{"@type":"ListItem","position":3,"name":"Fundador da Huawei diz que pol\u00edticos americanos subestimam chinesa"}]},{"@type":"WebSite","@id":"https:\/\/www.suno.com.br\/noticias\/#website","url":"https:\/\/www.suno.com.br\/noticias\/","name":"Suno Not\u00edcias","description":"Seu portal de informa\u00e7\u00e3o sobre o mundo dos investimentos","publisher":{"@id":"https:\/\/www.suno.com.br\/noticias\/#organization"},"potentialAction":[{"@type":"SearchAction","target":{"@type":"EntryPoint","urlTemplate":"https:\/\/www.suno.com.br\/noticias\/?s={search_term_string}"},"query-input":{"@type":"PropertyValueSpecification","valueRequired":true,"valueName":"search_term_string"}}],"inLanguage":"pt-BR"},{"@type":"Organization","@id":"https:\/\/www.suno.com.br\/noticias\/#organization","name":"Suno Not\u00edcias","url":"https:\/\/www.suno.com.br\/noticias\/","logo":{"@type":"ImageObject","inLanguage":"pt-BR","@id":"https:\/\/www.suno.com.br\/noticias\/#\/schema\/logo\/image\/","url":"https:\/\/files.sunoresearch.com.br\/n\/uploads\/2021\/09\/suno-logo.png","contentUrl":"https:\/\/files.sunoresearch.com.br\/n\/uploads\/2021\/09\/suno-logo.png","width":180,"height":180,"caption":"Suno Not\u00edcias"},"image":{"@id":"https:\/\/www.suno.com.br\/noticias\/#\/schema\/logo\/image\/"},"sameAs":["https:\/\/facebook.com\/sunoresearch","https:\/\/x.com\/sunoresearch","https:\/\/www.instagram.com\/suno","https:\/\/www.linkedin.com\/company\/suno-research\/","https:\/\/www.youtube.com\/c\/sunoresearch"]},{"@type":"Person","@id":"https:\/\/www.suno.com.br\/noticias\/#\/schema\/person\/fc144a1c6108bd1dcd43784e88a3c138","name":"Renan Bandeira","image":{"@type":"ImageObject","inLanguage":"pt-BR","@id":"https:\/\/www.suno.com.br\/noticias\/#\/schema\/person\/image\/","url":"https:\/\/secure.gravatar.com\/avatar\/68359cdb608f14f11bbefcb78f3fc747?s=96&r=g","contentUrl":"https:\/\/secure.gravatar.com\/avatar\/68359cdb608f14f11bbefcb78f3fc747?s=96&r=g","caption":"Renan Bandeira"},"description":"Renan Bandeira escreve sobre pol\u00edtica e economia para o portal da Suno Research. Antes da Suno, trabalhou em uma rede de televis\u00e3o, onde fazia reportagens sobre os mesmos temas. Estuda na Universidade Metodista de S\u00e3o Paulo.","url":"https:\/\/www.suno.com.br\/noticias\/author\/renan-bandeira\/"}]}},"default_loop_html":"<div class=\"cardsPage__listCard__boxs\"><div class=\"cardsPage__listCard__boxs__img\"><a href=\"https:\/\/www.suno.com.br\/noticias\/americanos-subestimam-forca-huawei\/\"><img class=\"mask\" src=\"https:\/\/www.suno.com.br\/noticias\/wp-content\/themes\/suno\/resources\/images\/spotlight\/spotlight1img\/bg-mask.png\" alt=\"Image Mask\"\/><img src=\"https:\/\/files.sunoresearch.com.br\/n\/uploads\/2019\/01\/e46c01ed-huawei-400x200.webp\" alt=\"Fundador da Huawei diz que pol\u00edticos americanos subestimam chinesa\"\/><\/a><span class=\"spotlightCategory\"><a href=\"https:\/\/www.suno.com.br\/noticias\/internacional\/\">Internacional<\/a><\/span><\/div><div class=\"cardsPage__listCard__boxs__content\"><a href=\"https:\/\/www.suno.com.br\/noticias\/americanos-subestimam-forca-huawei\/\"><h2 class=\"content__title\">Fundador da Huawei diz que pol\u00edticos americanos subestimam chinesa<\/h2><\/a><div class=\"newsContent__article__meta\"><div class=\"newsContent__article__meta__authorBox\"><a href=\"https:\/\/www.suno.com.br\/noticias\/author\/renan-bandeira\/\" class=\"authorBox__avatar noMobi\"><img src=\"https:\/\/secure.gravatar.com\/avatar\/68359cdb608f14f11bbefcb78f3fc747?s=96&#038;r=g\" alt=\"Renan Bandeira\"><\/a><div class=\"authorBox__name\"><span>por\n\t\t\t<a href=\"https:\/\/www.suno.com.br\/noticias\/author\/renan-bandeira\/\"><span itemprop=\"author\">Renan Bandeira<\/span><\/a><\/span><time datetime=\"2019-05-21T11:25:59-03:00\" itemprop=\"datePublished\">21\/05\/2019 11:25<\/time><\/div><\/div><\/div><\/div><\/div>","single_layout":"posts","amp_enabled":true,"_links":{"self":[{"href":"https:\/\/www.suno.com.br\/noticias\/wp-json\/wp\/v2\/posts\/25365"}],"collection":[{"href":"https:\/\/www.suno.com.br\/noticias\/wp-json\/wp\/v2\/posts"}],"about":[{"href":"https:\/\/www.suno.com.br\/noticias\/wp-json\/wp\/v2\/types\/post"}],"author":[{"embeddable":true,"href":"https:\/\/www.suno.com.br\/noticias\/wp-json\/wp\/v2\/users\/11"}],"replies":[{"embeddable":true,"href":"https:\/\/www.suno.com.br\/noticias\/wp-json\/wp\/v2\/comments?post=25365"}],"version-history":[{"count":0,"href":"https:\/\/www.suno.com.br\/noticias\/wp-json\/wp\/v2\/posts\/25365\/revisions"}],"wp:featuredmedia":[{"embeddable":true,"href":"https:\/\/www.suno.com.br\/noticias\/wp-json\/wp\/v2\/media\/11549"}],"wp:attachment":[{"href":"https:\/\/www.suno.com.br\/noticias\/wp-json\/wp\/v2\/media?parent=25365"}],"wp:term":[{"taxonomy":"category","embeddable":true,"href":"https:\/\/www.suno.com.br\/noticias\/wp-json\/wp\/v2\/categories?post=25365"},{"taxonomy":"post_tag","embeddable":true,"href":"https:\/\/www.suno.com.br\/noticias\/wp-json\/wp\/v2\/tags?post=25365"},{"taxonomy":"suno_strategy","embeddable":true,"href":"https:\/\/www.suno.com.br\/noticias\/wp-json\/wp\/v2\/suno_strategy?post=25365"}],"curies":[{"name":"wp","href":"https:\/\/api.w.org\/{rel}","templated":true}]}}