{"id":25350,"date":"2019-05-21T10:31:12","date_gmt":"2019-05-21T13:31:12","guid":{"rendered":"https:\/\/www.suno.com.br\/noticias\/?p=25350"},"modified":"2019-05-21T10:34:08","modified_gmt":"2019-05-21T13:34:08","slug":"novo-bloqueio-orcamento-menos-3-bilhoes","status":"publish","type":"post","link":"https:\/\/www.suno.com.br\/noticias\/novo-bloqueio-orcamento-menos-3-bilhoes\/","title":{"rendered":"Novo bloqueio no Or\u00e7amento ser\u00e1 de menos de R$ 3 bilh\u00f5es"},"content":{"rendered":"<p>O novo <strong>contingenciamento<\/strong> no Or\u00e7amento do <strong>governo<\/strong> ser\u00e1 em torno dos R$ 2 bilh\u00f5es a R$ 3 bilh\u00f5es. Inicialmente, os valores apontados eram de cerca de R$ 10 bilh\u00f5es. O an\u00fancio do <strong>bloqueio<\/strong> ser\u00e1 feito na pr\u00f3xima quarta-feira (22) e os n\u00fameros abaixo do esperado foram divulgados pela M\u00edriam Leit\u00e3o, do &#8220;O Globo&#8221;.<\/p>\t<div class=\"wrapper-featured-image\">\n\t\t<figure class=\"spotlightImg\">\n\n\t\t\t<picture>\n\t\t\t\t<source media=\"(max-width: 768px)\" srcset=\"https:\/\/files.sunoresearch.com.br\/n\/uploads\/2019\/05\/074cf443-bolsonaro-400x200.webp\">\n\t\t\t\t<img loading=\"lazy\" decoding=\"async\" class=\"newsContent__article__imgCapa lazyloadDisabled newsContent__article__imgCapa--noCaption\" src=\"https:\/\/files.sunoresearch.com.br\/n\/uploads\/2019\/05\/074cf443-bolsonaro-800x450.webp\" width=\"800\" height=\"450\" alt=\"Novo bloqueio no Or\u00e7amento ser\u00e1 de menos de R$ 3 bilh\u00f5es\" fetchpriority=high \/>\n\t\t\t<\/picture>\n\n\t\t\t<figcaption class=\"wp-caption-text wp-caption-text--hide\">correios<\/figcaption>\n\t\t<\/figure>\n\t<\/div>\n\n\n<p>De acordo com o divulgado pela jornalista, o <strong>governo<\/strong> reviu as contas e concluiu que n\u00e3o precisaria de um <strong>contingenciamento<\/strong> maior no <strong>Or\u00e7amento.<\/strong> Ainda de acordo com o jornal, a <strong>equipe econ\u00f4mica<\/strong> deve anunciar que vai usar parte de sua <strong>reserva or\u00e7ament\u00e1ria.<\/strong><\/p>\n\t<p>\n\t\t<a href=\"https:\/\/lp.suno.com.br\/4-emissao-snel11\/\" target=\"_blank\" data-element=\"shortcode-suno-banner\" title=\"Banner SUNO, clique e saiba mais\">\n\t\t\t<picture>\n\t\t\t\t<source media=\"(max-width: 500px)\" srcset=\"https:\/\/files.sunoresearch.com.br\/n\/uploads\/2025\/07\/400x300-Mobile-Artigos-7.webp\">\n\t\t\t\t<img class=\"newsContent__article__imgCapa newsContent__article__imgCapa--banner\"\n\t\t\t\t\tsrc=\"https:\/\/files.sunoresearch.com.br\/n\/uploads\/2025\/07\/1420x240-Banner-Artigos-1-_-Banner-Materias-5.webp\"\n\t\t\t\t\tdata-promo-id=\"364417\"\t\t\t\t\t\t\t\t\t\twidth='1420' height='240'\t\t\t\t\talt=\"https:\/\/files.sunoresearch.com.br\/n\/uploads\/2025\/07\/1420x240-Banner-Artigos-1-_-Banner-Materias-5.webp\"\n\t\t\t\t>\n\t\t\t<\/picture>\n\t\t<\/a>\n\t<\/p>\n\n\n<p>Essa reserva foi feita quando o <strong>Executivo<\/strong> anunciou o <strong>bloqueio<\/strong> de R$ 30 bilh\u00f5es. Isso porque, desse total, R$ 5 bilh\u00f5es foram &#8220;guardados&#8221; pelo governo. Assim, o valor poupado deve ser usado agora para ajustar as <strong>contas p\u00fablicas.<\/strong><\/p>\n<p><a href=\"https:\/\/www.suno.com.br\/noticias\/governo-novos-bloqueios-orcamento-quarta\/\">Saiba Mais: Governo deve anunciar novos bloqueios no Or\u00e7amento na pr\u00f3xima quarta<\/a><\/p>\n<h2>Cen\u00e1rio econ\u00f4mico<\/h2>\n<p>O an\u00fancio do primeiro <strong>contingenciamento<\/strong> gerou pol\u00eamicas. Al\u00e9m disso, a medida provocou <strong>protestos<\/strong> em todo o pa\u00eds. Isso porque a maior parte do bloqueio ser\u00e1 destinada \u00e0 \u00e1rea da <strong>educa\u00e7\u00e3o,<\/strong> cerca de R$ 5,8 bilh\u00f5es.<\/p>\n<p>Durante um evento em Dallas, nos <strong>Estados Unidos,<\/strong> o presidente <strong>Jair Bolsonaro<\/strong> afirmou que os <strong>bloqueios<\/strong> s\u00e3o necess\u00e1rios.\u00a0\u201cNa verdade, n\u00e3o existe corte. O que houve \u00e9 um problema que a gente pegou o Brasil destru\u00eddo economicamente. Com baixa nas arrecada\u00e7\u00f5es, afetando a previs\u00e3o de quem fez o <strong>or\u00e7amento<\/strong> e, se n\u00e3o tiver esse contingenciamento, simplesmente entro contra a lei de responsabilidade fiscal. Ent\u00e3o n\u00e3o tem jeito, tem que contingenciar\u201d, disse.<\/p>\n<p><a href=\"https:\/\/www.suno.com.br\/noticias\/boletim-focus-reduz-previsao-crescimento-pib-para-124\/\">Saiba Mais: Boletim Focus: previs\u00e3o de crescimento do PIB cai para 1,24%; infla\u00e7\u00e3o sobe<\/a><\/p>\n<p>O ministro da Casa Civil, <strong>Onyx Lorenzoni<\/strong> tamb\u00e9m falou sobre os <strong>bloqueios.<\/strong> Assim, ele afirmou que o contingenciamento n\u00e3o \u00e9 um corte.\u00a0\u201cO contingenciamento \u00e9 guardar, \u00e9 poupar. \u00c9 como o pai que tem um sal\u00e1rio e sabe que tem que comprar o vestido de 15 anos da filha em outubro, mas est\u00e1 em maio. A\u00ed ele v\u00ea o que est\u00e1 entrando e o que est\u00e1 gastando e pensa \u2018pode ser que n\u00e3o d\u00ea\u2019. Ent\u00e3o ele contingencia, protege o seu gasto. Isso \u00e9 uma atividade respons\u00e1vel, \u00e9 o que o governo est\u00e1 fazendo\u201d.<\/p>\n<p>A expectativa do <strong>governo<\/strong> \u00e9 de que o <strong>cen\u00e1rio econ\u00f4mico<\/strong> melhore at\u00e9 o pr\u00f3ximo relat\u00f3rio bimestral. Isso porque os \u00faltimos dados do Minist\u00e9rio da Economia mostram uma redu\u00e7\u00e3o da previs\u00e3o de <strong>crescimento,<\/strong> para 1,6%.<\/p>\n","protected":false},"excerpt":{"rendered":"<p>O novo contingenciamento no Or\u00e7amento do governo ser\u00e1 em torno dos R$ 2 bilh\u00f5es a R$ 3 bilh\u00f5es. Inicialmente, os valores apontados eram de cerca de R$ 10 bilh\u00f5es. O an\u00fancio do bloqueio ser\u00e1 feito na pr\u00f3xima quarta-feira (22) e os n\u00fameros abaixo do esperado foram divulgados pela M\u00edriam Leit\u00e3o, do &#8220;O Globo&#8221;. correios De [&hellip;]<\/p>\n","protected":false},"author":16,"featured_media":23663,"comment_status":"closed","ping_status":"closed","sticky":false,"template":"","format":"standard","meta":[],"categories":[62],"tags":[740,909,1128],"suno_strategy":[],"class_list":["post-25350","post","type-post","status-publish","format-standard","has-post-thumbnail","hentry","category-economia","tag-economia","tag-ministerio-da-economia","tag-orcamento-publico"],"yoast_head":"<!-- This site is optimized with the Yoast SEO plugin v24.4 - https:\/\/yoast.com\/wordpress\/plugins\/seo\/ -->\n<title>Novo bloqueio no Or\u00e7amento ser\u00e1 de menos de R$ 3 bilh\u00f5es<\/title>\n<meta name=\"description\" content=\"O govero deve anunciar um novo bloqueio no Or\u00e7amento na pr\u00f3xima quarta, contudo, o novo valor deve sair de uma reserva. Clique e entenda.\" \/>\n<meta name=\"robots\" content=\"index, follow, max-snippet:-1, max-image-preview:large, max-video-preview:-1\" \/>\n<link rel=\"canonical\" href=\"https:\/\/www.suno.com.br\/noticias\/novo-bloqueio-orcamento-menos-3-bilhoes\/\" \/>\n<meta property=\"og:locale\" content=\"pt_BR\" \/>\n<meta property=\"og:type\" content=\"article\" \/>\n<meta property=\"og:title\" content=\"Novo bloqueio no Or\u00e7amento ser\u00e1 de menos de R$ 3 bilh\u00f5es\" \/>\n<meta property=\"og:description\" content=\"O govero deve anunciar um novo bloqueio no Or\u00e7amento na pr\u00f3xima quarta, contudo, o novo valor deve sair de uma reserva. Clique e entenda.\" \/>\n<meta property=\"og:url\" content=\"https:\/\/www.suno.com.br\/noticias\/novo-bloqueio-orcamento-menos-3-bilhoes\/\" \/>\n<meta property=\"og:site_name\" content=\"Suno Not\u00edcias\" \/>\n<meta property=\"article:publisher\" content=\"https:\/\/facebook.com\/sunoresearch\" \/>\n<meta property=\"og:image\" content=\"https:\/\/files.sunoresearch.com.br\/n\/uploads\/2019\/05\/074cf443-bolsonaro.jpg\" \/>\n\t<meta property=\"og:image:width\" content=\"1024\" \/>\n\t<meta property=\"og:image:height\" content=\"683\" \/>\n\t<meta property=\"og:image:type\" content=\"image\/jpeg\" \/>\n<meta name=\"author\" content=\"Beatriz Oliveira\" \/>\n<meta name=\"twitter:card\" content=\"summary_large_image\" \/>\n<meta name=\"twitter:creator\" content=\"@sunoresearch\" \/>\n<meta name=\"twitter:site\" content=\"@sunoresearch\" \/>\n<meta name=\"twitter:label1\" content=\"Escrito por\" \/>\n\t<meta name=\"twitter:data1\" content=\"Beatriz Oliveira\" \/>\n\t<meta name=\"twitter:label2\" content=\"Est. tempo de leitura\" \/>\n\t<meta name=\"twitter:data2\" content=\"2 minutos\" \/>\n<script type=\"application\/ld+json\" class=\"yoast-schema-graph\">{\"@context\":\"https:\/\/schema.org\",\"@graph\":[{\"@type\":\"NewsArticle\",\"@id\":\"https:\/\/www.suno.com.br\/noticias\/novo-bloqueio-orcamento-menos-3-bilhoes\/#article\",\"isPartOf\":{\"@id\":\"https:\/\/www.suno.com.br\/noticias\/novo-bloqueio-orcamento-menos-3-bilhoes\/\"},\"author\":{\"name\":\"Beatriz Oliveira\",\"@id\":\"https:\/\/www.suno.com.br\/noticias\/#\/schema\/person\/e67f665add014bf99f644028de070cc3\"},\"headline\":\"Novo bloqueio no Or\u00e7amento ser\u00e1 de menos de R$ 3 bilh\u00f5es\",\"datePublished\":\"2019-05-21T13:31:12+00:00\",\"dateModified\":\"2019-05-21T13:34:08+00:00\",\"mainEntityOfPage\":{\"@id\":\"https:\/\/www.suno.com.br\/noticias\/novo-bloqueio-orcamento-menos-3-bilhoes\/\"},\"wordCount\":442,\"publisher\":{\"@id\":\"https:\/\/www.suno.com.br\/noticias\/#organization\"},\"image\":{\"@id\":\"https:\/\/www.suno.com.br\/noticias\/novo-bloqueio-orcamento-menos-3-bilhoes\/#primaryimage\"},\"thumbnailUrl\":\"https:\/\/files.sunoresearch.com.br\/n\/uploads\/2019\/05\/074cf443-bolsonaro-jpg.webp\",\"keywords\":[\"Economia\",\"Minist\u00e9rio da Economia\",\"Or\u00e7amento P\u00fablico\"],\"articleSection\":[\"Economia\"],\"inLanguage\":\"pt-BR\"},{\"@type\":\"WebPage\",\"@id\":\"https:\/\/www.suno.com.br\/noticias\/novo-bloqueio-orcamento-menos-3-bilhoes\/\",\"url\":\"https:\/\/www.suno.com.br\/noticias\/novo-bloqueio-orcamento-menos-3-bilhoes\/\",\"name\":\"Novo bloqueio no Or\u00e7amento ser\u00e1 de menos de R$ 3 bilh\u00f5es\",\"isPartOf\":{\"@id\":\"https:\/\/www.suno.com.br\/noticias\/#website\"},\"primaryImageOfPage\":{\"@id\":\"https:\/\/www.suno.com.br\/noticias\/novo-bloqueio-orcamento-menos-3-bilhoes\/#primaryimage\"},\"image\":{\"@id\":\"https:\/\/www.suno.com.br\/noticias\/novo-bloqueio-orcamento-menos-3-bilhoes\/#primaryimage\"},\"thumbnailUrl\":\"https:\/\/files.sunoresearch.com.br\/n\/uploads\/2019\/05\/074cf443-bolsonaro-jpg.webp\",\"datePublished\":\"2019-05-21T13:31:12+00:00\",\"dateModified\":\"2019-05-21T13:34:08+00:00\",\"description\":\"O govero deve anunciar um novo bloqueio no Or\u00e7amento na pr\u00f3xima quarta, contudo, o novo valor deve sair de uma reserva. Clique e entenda.\",\"breadcrumb\":{\"@id\":\"https:\/\/www.suno.com.br\/noticias\/novo-bloqueio-orcamento-menos-3-bilhoes\/#breadcrumb\"},\"inLanguage\":\"pt-BR\",\"potentialAction\":[{\"@type\":\"ReadAction\",\"target\":[\"https:\/\/www.suno.com.br\/noticias\/novo-bloqueio-orcamento-menos-3-bilhoes\/\"]}]},{\"@type\":\"ImageObject\",\"inLanguage\":\"pt-BR\",\"@id\":\"https:\/\/www.suno.com.br\/noticias\/novo-bloqueio-orcamento-menos-3-bilhoes\/#primaryimage\",\"url\":\"https:\/\/files.sunoresearch.com.br\/n\/uploads\/2019\/05\/074cf443-bolsonaro-jpg.webp\",\"contentUrl\":\"https:\/\/files.sunoresearch.com.br\/n\/uploads\/2019\/05\/074cf443-bolsonaro-jpg.webp\",\"width\":1024,\"height\":683,\"caption\":\"correios\"},{\"@type\":\"BreadcrumbList\",\"@id\":\"https:\/\/www.suno.com.br\/noticias\/novo-bloqueio-orcamento-menos-3-bilhoes\/#breadcrumb\",\"itemListElement\":[{\"@type\":\"ListItem\",\"position\":1,\"name\":\"Not\u00edcias\",\"item\":\"https:\/\/www.suno.com.br\/noticias\/\"},{\"@type\":\"ListItem\",\"position\":2,\"name\":\"Economia\",\"item\":\"https:\/\/www.suno.com.br\/noticias\/economia\/\"},{\"@type\":\"ListItem\",\"position\":3,\"name\":\"Novo bloqueio no Or\u00e7amento ser\u00e1 de menos de R$ 3 bilh\u00f5es\"}]},{\"@type\":\"WebSite\",\"@id\":\"https:\/\/www.suno.com.br\/noticias\/#website\",\"url\":\"https:\/\/www.suno.com.br\/noticias\/\",\"name\":\"Suno Not\u00edcias\",\"description\":\"Seu portal de informa\u00e7\u00e3o sobre o mundo dos investimentos\",\"publisher\":{\"@id\":\"https:\/\/www.suno.com.br\/noticias\/#organization\"},\"potentialAction\":[{\"@type\":\"SearchAction\",\"target\":{\"@type\":\"EntryPoint\",\"urlTemplate\":\"https:\/\/www.suno.com.br\/noticias\/?s={search_term_string}\"},\"query-input\":{\"@type\":\"PropertyValueSpecification\",\"valueRequired\":true,\"valueName\":\"search_term_string\"}}],\"inLanguage\":\"pt-BR\"},{\"@type\":\"Organization\",\"@id\":\"https:\/\/www.suno.com.br\/noticias\/#organization\",\"name\":\"Suno Not\u00edcias\",\"url\":\"https:\/\/www.suno.com.br\/noticias\/\",\"logo\":{\"@type\":\"ImageObject\",\"inLanguage\":\"pt-BR\",\"@id\":\"https:\/\/www.suno.com.br\/noticias\/#\/schema\/logo\/image\/\",\"url\":\"https:\/\/files.sunoresearch.com.br\/n\/uploads\/2021\/09\/suno-logo.png\",\"contentUrl\":\"https:\/\/files.sunoresearch.com.br\/n\/uploads\/2021\/09\/suno-logo.png\",\"width\":180,\"height\":180,\"caption\":\"Suno Not\u00edcias\"},\"image\":{\"@id\":\"https:\/\/www.suno.com.br\/noticias\/#\/schema\/logo\/image\/\"},\"sameAs\":[\"https:\/\/facebook.com\/sunoresearch\",\"https:\/\/x.com\/sunoresearch\",\"https:\/\/www.instagram.com\/suno\",\"https:\/\/www.linkedin.com\/company\/suno-research\/\",\"https:\/\/www.youtube.com\/c\/sunoresearch\"]},{\"@type\":\"Person\",\"@id\":\"https:\/\/www.suno.com.br\/noticias\/#\/schema\/person\/e67f665add014bf99f644028de070cc3\",\"name\":\"Beatriz Oliveira\",\"image\":{\"@type\":\"ImageObject\",\"inLanguage\":\"pt-BR\",\"@id\":\"https:\/\/www.suno.com.br\/noticias\/#\/schema\/person\/image\/\",\"url\":\"https:\/\/secure.gravatar.com\/avatar\/c9aa6a0aaecc598d257d5d5bd349157d?s=96&r=g\",\"contentUrl\":\"https:\/\/secure.gravatar.com\/avatar\/c9aa6a0aaecc598d257d5d5bd349157d?s=96&r=g\",\"caption\":\"Beatriz Oliveira\"},\"description\":\"Formada em Jornalismo pela Faculdade Paulus de Tecnologia e Comunica\u00e7\u00e3o, Beatriz Oliveira escreve para o portal de not\u00edcias Suno Research. Antes, passou pelas reda\u00e7\u00f5es da Revista EXAME e da Rede Bandeirantes.\",\"url\":\"https:\/\/www.suno.com.br\/noticias\/author\/beatriz\/\"}]}<\/script>\n<!-- \/ Yoast SEO plugin. -->","yoast_head_json":{"title":"Novo bloqueio no Or\u00e7amento ser\u00e1 de menos de R$ 3 bilh\u00f5es","description":"O govero deve anunciar um novo bloqueio no Or\u00e7amento na pr\u00f3xima quarta, contudo, o novo valor deve sair de uma reserva. Clique e entenda.","robots":{"index":"index","follow":"follow","max-snippet":"max-snippet:-1","max-image-preview":"max-image-preview:large","max-video-preview":"max-video-preview:-1"},"canonical":"https:\/\/www.suno.com.br\/noticias\/novo-bloqueio-orcamento-menos-3-bilhoes\/","og_locale":"pt_BR","og_type":"article","og_title":"Novo bloqueio no Or\u00e7amento ser\u00e1 de menos de R$ 3 bilh\u00f5es","og_description":"O govero deve anunciar um novo bloqueio no Or\u00e7amento na pr\u00f3xima quarta, contudo, o novo valor deve sair de uma reserva. Clique e entenda.","og_url":"https:\/\/www.suno.com.br\/noticias\/novo-bloqueio-orcamento-menos-3-bilhoes\/","og_site_name":"Suno Not\u00edcias","article_publisher":"https:\/\/facebook.com\/sunoresearch","og_image":[{"width":1024,"height":683,"url":"https:\/\/files.sunoresearch.com.br\/n\/uploads\/2019\/05\/074cf443-bolsonaro.jpg","type":"image\/jpeg"}],"author":"Beatriz Oliveira","twitter_card":"summary_large_image","twitter_creator":"@sunoresearch","twitter_site":"@sunoresearch","twitter_misc":{"Escrito por":"Beatriz Oliveira","Est. tempo de leitura":"2 minutos"},"schema":{"@context":"https:\/\/schema.org","@graph":[{"@type":"NewsArticle","@id":"https:\/\/www.suno.com.br\/noticias\/novo-bloqueio-orcamento-menos-3-bilhoes\/#article","isPartOf":{"@id":"https:\/\/www.suno.com.br\/noticias\/novo-bloqueio-orcamento-menos-3-bilhoes\/"},"author":{"name":"Beatriz Oliveira","@id":"https:\/\/www.suno.com.br\/noticias\/#\/schema\/person\/e67f665add014bf99f644028de070cc3"},"headline":"Novo bloqueio no Or\u00e7amento ser\u00e1 de menos de R$ 3 bilh\u00f5es","datePublished":"2019-05-21T13:31:12+00:00","dateModified":"2019-05-21T13:34:08+00:00","mainEntityOfPage":{"@id":"https:\/\/www.suno.com.br\/noticias\/novo-bloqueio-orcamento-menos-3-bilhoes\/"},"wordCount":442,"publisher":{"@id":"https:\/\/www.suno.com.br\/noticias\/#organization"},"image":{"@id":"https:\/\/www.suno.com.br\/noticias\/novo-bloqueio-orcamento-menos-3-bilhoes\/#primaryimage"},"thumbnailUrl":"https:\/\/files.sunoresearch.com.br\/n\/uploads\/2019\/05\/074cf443-bolsonaro-jpg.webp","keywords":["Economia","Minist\u00e9rio da Economia","Or\u00e7amento P\u00fablico"],"articleSection":["Economia"],"inLanguage":"pt-BR"},{"@type":"WebPage","@id":"https:\/\/www.suno.com.br\/noticias\/novo-bloqueio-orcamento-menos-3-bilhoes\/","url":"https:\/\/www.suno.com.br\/noticias\/novo-bloqueio-orcamento-menos-3-bilhoes\/","name":"Novo bloqueio no Or\u00e7amento ser\u00e1 de menos de R$ 3 bilh\u00f5es","isPartOf":{"@id":"https:\/\/www.suno.com.br\/noticias\/#website"},"primaryImageOfPage":{"@id":"https:\/\/www.suno.com.br\/noticias\/novo-bloqueio-orcamento-menos-3-bilhoes\/#primaryimage"},"image":{"@id":"https:\/\/www.suno.com.br\/noticias\/novo-bloqueio-orcamento-menos-3-bilhoes\/#primaryimage"},"thumbnailUrl":"https:\/\/files.sunoresearch.com.br\/n\/uploads\/2019\/05\/074cf443-bolsonaro-jpg.webp","datePublished":"2019-05-21T13:31:12+00:00","dateModified":"2019-05-21T13:34:08+00:00","description":"O govero deve anunciar um novo bloqueio no Or\u00e7amento na pr\u00f3xima quarta, contudo, o novo valor deve sair de uma reserva. Clique e entenda.","breadcrumb":{"@id":"https:\/\/www.suno.com.br\/noticias\/novo-bloqueio-orcamento-menos-3-bilhoes\/#breadcrumb"},"inLanguage":"pt-BR","potentialAction":[{"@type":"ReadAction","target":["https:\/\/www.suno.com.br\/noticias\/novo-bloqueio-orcamento-menos-3-bilhoes\/"]}]},{"@type":"ImageObject","inLanguage":"pt-BR","@id":"https:\/\/www.suno.com.br\/noticias\/novo-bloqueio-orcamento-menos-3-bilhoes\/#primaryimage","url":"https:\/\/files.sunoresearch.com.br\/n\/uploads\/2019\/05\/074cf443-bolsonaro-jpg.webp","contentUrl":"https:\/\/files.sunoresearch.com.br\/n\/uploads\/2019\/05\/074cf443-bolsonaro-jpg.webp","width":1024,"height":683,"caption":"correios"},{"@type":"BreadcrumbList","@id":"https:\/\/www.suno.com.br\/noticias\/novo-bloqueio-orcamento-menos-3-bilhoes\/#breadcrumb","itemListElement":[{"@type":"ListItem","position":1,"name":"Not\u00edcias","item":"https:\/\/www.suno.com.br\/noticias\/"},{"@type":"ListItem","position":2,"name":"Economia","item":"https:\/\/www.suno.com.br\/noticias\/economia\/"},{"@type":"ListItem","position":3,"name":"Novo bloqueio no Or\u00e7amento ser\u00e1 de menos de R$ 3 bilh\u00f5es"}]},{"@type":"WebSite","@id":"https:\/\/www.suno.com.br\/noticias\/#website","url":"https:\/\/www.suno.com.br\/noticias\/","name":"Suno Not\u00edcias","description":"Seu portal de informa\u00e7\u00e3o sobre o mundo dos investimentos","publisher":{"@id":"https:\/\/www.suno.com.br\/noticias\/#organization"},"potentialAction":[{"@type":"SearchAction","target":{"@type":"EntryPoint","urlTemplate":"https:\/\/www.suno.com.br\/noticias\/?s={search_term_string}"},"query-input":{"@type":"PropertyValueSpecification","valueRequired":true,"valueName":"search_term_string"}}],"inLanguage":"pt-BR"},{"@type":"Organization","@id":"https:\/\/www.suno.com.br\/noticias\/#organization","name":"Suno Not\u00edcias","url":"https:\/\/www.suno.com.br\/noticias\/","logo":{"@type":"ImageObject","inLanguage":"pt-BR","@id":"https:\/\/www.suno.com.br\/noticias\/#\/schema\/logo\/image\/","url":"https:\/\/files.sunoresearch.com.br\/n\/uploads\/2021\/09\/suno-logo.png","contentUrl":"https:\/\/files.sunoresearch.com.br\/n\/uploads\/2021\/09\/suno-logo.png","width":180,"height":180,"caption":"Suno Not\u00edcias"},"image":{"@id":"https:\/\/www.suno.com.br\/noticias\/#\/schema\/logo\/image\/"},"sameAs":["https:\/\/facebook.com\/sunoresearch","https:\/\/x.com\/sunoresearch","https:\/\/www.instagram.com\/suno","https:\/\/www.linkedin.com\/company\/suno-research\/","https:\/\/www.youtube.com\/c\/sunoresearch"]},{"@type":"Person","@id":"https:\/\/www.suno.com.br\/noticias\/#\/schema\/person\/e67f665add014bf99f644028de070cc3","name":"Beatriz Oliveira","image":{"@type":"ImageObject","inLanguage":"pt-BR","@id":"https:\/\/www.suno.com.br\/noticias\/#\/schema\/person\/image\/","url":"https:\/\/secure.gravatar.com\/avatar\/c9aa6a0aaecc598d257d5d5bd349157d?s=96&r=g","contentUrl":"https:\/\/secure.gravatar.com\/avatar\/c9aa6a0aaecc598d257d5d5bd349157d?s=96&r=g","caption":"Beatriz Oliveira"},"description":"Formada em Jornalismo pela Faculdade Paulus de Tecnologia e Comunica\u00e7\u00e3o, Beatriz Oliveira escreve para o portal de not\u00edcias Suno Research. Antes, passou pelas reda\u00e7\u00f5es da Revista EXAME e da Rede Bandeirantes.","url":"https:\/\/www.suno.com.br\/noticias\/author\/beatriz\/"}]}},"default_loop_html":"<div class=\"cardsPage__listCard__boxs\"><div class=\"cardsPage__listCard__boxs__img\"><a href=\"https:\/\/www.suno.com.br\/noticias\/novo-bloqueio-orcamento-menos-3-bilhoes\/\"><img class=\"mask\" src=\"https:\/\/www.suno.com.br\/noticias\/wp-content\/themes\/suno\/resources\/images\/spotlight\/spotlight1img\/bg-mask.png\" alt=\"Image Mask\"\/><img src=\"https:\/\/files.sunoresearch.com.br\/n\/uploads\/2019\/05\/074cf443-bolsonaro-400x200.webp\" alt=\"Novo bloqueio no Or\u00e7amento ser\u00e1 de menos de R$ 3 bilh\u00f5es\"\/><\/a><span class=\"spotlightCategory\"><a href=\"https:\/\/www.suno.com.br\/noticias\/economia\/\">Economia<\/a><\/span><\/div><div class=\"cardsPage__listCard__boxs__content\"><a href=\"https:\/\/www.suno.com.br\/noticias\/novo-bloqueio-orcamento-menos-3-bilhoes\/\"><h2 class=\"content__title\">Novo bloqueio no Or\u00e7amento ser\u00e1 de menos de R$ 3 bilh\u00f5es<\/h2><\/a><div class=\"newsContent__article__meta\"><div class=\"newsContent__article__meta__authorBox\"><a href=\"https:\/\/www.suno.com.br\/noticias\/author\/beatriz\/\" class=\"authorBox__avatar noMobi\"><img src=\"https:\/\/secure.gravatar.com\/avatar\/c9aa6a0aaecc598d257d5d5bd349157d?s=96&#038;r=g\" alt=\"Beatriz Oliveira\"><\/a><div class=\"authorBox__name\"><span>por\n\t\t\t<a href=\"https:\/\/www.suno.com.br\/noticias\/author\/beatriz\/\"><span itemprop=\"author\">Beatriz Oliveira<\/span><\/a><\/span><time datetime=\"2019-05-21T10:31:12-03:00\" itemprop=\"datePublished\">21\/05\/2019 10:31<\/time><\/div><\/div><\/div><\/div><\/div>","single_layout":"posts","amp_enabled":true,"_links":{"self":[{"href":"https:\/\/www.suno.com.br\/noticias\/wp-json\/wp\/v2\/posts\/25350"}],"collection":[{"href":"https:\/\/www.suno.com.br\/noticias\/wp-json\/wp\/v2\/posts"}],"about":[{"href":"https:\/\/www.suno.com.br\/noticias\/wp-json\/wp\/v2\/types\/post"}],"author":[{"embeddable":true,"href":"https:\/\/www.suno.com.br\/noticias\/wp-json\/wp\/v2\/users\/16"}],"replies":[{"embeddable":true,"href":"https:\/\/www.suno.com.br\/noticias\/wp-json\/wp\/v2\/comments?post=25350"}],"version-history":[{"count":0,"href":"https:\/\/www.suno.com.br\/noticias\/wp-json\/wp\/v2\/posts\/25350\/revisions"}],"wp:featuredmedia":[{"embeddable":true,"href":"https:\/\/www.suno.com.br\/noticias\/wp-json\/wp\/v2\/media\/23663"}],"wp:attachment":[{"href":"https:\/\/www.suno.com.br\/noticias\/wp-json\/wp\/v2\/media?parent=25350"}],"wp:term":[{"taxonomy":"category","embeddable":true,"href":"https:\/\/www.suno.com.br\/noticias\/wp-json\/wp\/v2\/categories?post=25350"},{"taxonomy":"post_tag","embeddable":true,"href":"https:\/\/www.suno.com.br\/noticias\/wp-json\/wp\/v2\/tags?post=25350"},{"taxonomy":"suno_strategy","embeddable":true,"href":"https:\/\/www.suno.com.br\/noticias\/wp-json\/wp\/v2\/suno_strategy?post=25350"}],"curies":[{"name":"wp","href":"https:\/\/api.w.org\/{rel}","templated":true}]}}