{"id":253491,"date":"2022-04-26T17:07:31","date_gmt":"2022-04-26T20:07:31","guid":{"rendered":"https:\/\/www.suno.com.br\/noticias\/?p=253491"},"modified":"2022-04-26T18:16:43","modified_gmt":"2022-04-26T21:16:43","slug":"vale-vale3-previa-1t22-menor-volume-producao","status":"publish","type":"post","link":"https:\/\/www.suno.com.br\/noticias\/vale-vale3-previa-1t22-menor-volume-producao\/","title":{"rendered":"Vale (VALE3): alta de custos e margens pressionadas devem marcar o 1T22"},"content":{"rendered":"<p>O <strong>Banco Inter<\/strong> (BIDI11) divulgou sua pr\u00e9via e expectativa para os resultados da <a href=\"https:\/\/www.suno.com.br\/acoes\/VALE3\/\"><strong>Vale<\/strong> (VALE3)<\/a> no primeiro trimestre de 2022. Em geral, para o setor de minera\u00e7\u00e3o e siderurgia, os <a class=\"suno-keyword\" href=\"https:\/\/www.suno.com.br\/artigos\/resultados-trimestrais\/\" target=\"_blank\" rel=\"noopener\" data-force=\"no\" data-priority=\"1\">resultados trimestrais<\/a> ser\u00e3o impactados pelo excesso de chuva e aumento de custos. A companhia de minera\u00e7\u00e3o divulga o resultado de seu desempenho operacional no primeiro trimestre na pr\u00f3xima quarta (27). Ita\u00fa BBA, Ativa e Safra tamb\u00e9m preveem problemas com custos e n\u00fameros abaixo das expectativas no 1T22, mas ponderam que a companhia deve se recuperar nos trimestres seguintes com aumento das vendas. Por isso estimam alta das a\u00e7\u00f5es da Vale em 2022.<\/p>\t<div class=\"wrapper-featured-image\">\n\t\t<figure class=\"spotlightImg\">\n\n\t\t\t<picture>\n\t\t\t\t<source media=\"(max-width: 768px)\" srcset=\"https:\/\/files.sunoresearch.com.br\/n\/uploads\/2021\/02\/aff09bff-c0100329-vale-400x200.webp\">\n\t\t\t\t<img loading=\"lazy\" decoding=\"async\" class=\"newsContent__article__imgCapa lazyloadDisabled \" src=\"https:\/\/files.sunoresearch.com.br\/n\/uploads\/2021\/02\/aff09bff-c0100329-vale-800x450.webp\" width=\"800\" height=\"450\" alt=\"Vale (VALE3): alta de custos e margens pressionadas devem marcar o 1T22\" fetchpriority=high \/>\n\t\t\t<\/picture>\n\n\t\t\t<figcaption class=\"wp-caption-text wp-caption-text--show\">Vale (VALE3). Foto: Divulga\u00e7\u00e3o.<\/figcaption>\n\t\t<\/figure>\n\t<\/div>\n\n\n\t<p>\n\t\t<a href=\"\" target=\"_blank\" data-element=\"shortcode-suno-banner\" title=\"Banner SUNO, clique e saiba mais\">\n\t\t\t<picture>\n\t\t\t\t<source media=\"(max-width: 500px)\" srcset=\"\">\n\t\t\t\t<img class=\"newsContent__article__imgCapa newsContent__article__imgCapa--banner\"\n\t\t\t\t\tsrc=\"\"\n\t\t\t\t\tdata-promo-id=\"250706\"\t\t\t\t\t\t\t\t\t\t\t\t\t\t\talt=\"\"\n\t\t\t\t>\n\t\t\t<\/picture>\n\t\t<\/a>\n\t<\/p>\n\n\n<p>\u201cContrariamente a\u0300 visa\u0303o mais otimista que ti\u0301nhamos para o ini\u0301cio do ano, o 1T22 deve trazer desempenho similar ao observado no 4T21 no quesito receitas, bem como custos ainda elevados, como efeito da alta dos prec\u0327os das commodities\u201d, afirma a analista Gabriela Joubert, do Inter.<\/p>\n<p>O texto tamb\u00e9m aponta que as margens devem vir mais pressionadas, no geral, tanto na minerac\u0327a\u0303o quanto na siderurgia.<\/p>\n<h2>Vale (VALE3): chuvas prejudicam volume no 1T22<\/h2>\n<p>A <strong>Vale<\/strong> foi uma das empresas mais afetadas pela chuva no per\u00edodo do in\u00edcio do ano, tanto no Sistema Norte como no Sudeste.<\/p>\n<p>\u00c9 esperado que o <strong>volume de produ\u00e7\u00e3o e vendas da Vale<\/strong> no 1T22 no segmento de minerais ferrosos mostre contra\u00e7\u00e3o.<\/p>\n<p>\u201cCom relac\u0327a\u0303o aos prec\u0327os, devemos ver efeitos positivos por causa de maior spread nos pre\u0302mios de qualidade\u201d, registra o banco, apontando tamb\u00e9m que os prec\u0327os proviso\u0301rios estar\u00e3o elevados, mas parcialmente compensados por prec\u0327os defasados mais baixos referentes ao 4T21.<\/p>\n<p>Como a produ\u00e7\u00e3o vai diminuir, haver\u00e1 tamb\u00e9m menor dilui\u00e7\u00e3o nos custos fixos e da operac\u0327a\u0303o na comparac\u0327a\u0303o trimestral, &#8220;mesmo com o efeito positivo de carrego de estoques do 4\u00ba trimestre\u201d.<\/p>\n<p>J\u00e1 no segmento de metais b\u00e1sicos, o Inter analisa trimestralmente um volume maior de n\u00edquel e menos de cobre, em raz\u00e3o da parada de manuten\u00e7\u00e3o em Sossego. Al\u00e9m disso, os prec\u0327os realizados de ni\u0301quel devem ser beneficiados pela alta da commodity nos mercados internacionais, que tambe\u0301m ajuda o cobre, mas em proporc\u0327a\u0303o bem menor.<\/p>\n<p>Entretanto, os custos ser\u00e3o bem pressionados, o que acaba comprimindo as margens no trimestre.<\/p>\n<h2>Ativa Investimentos mant\u00e9m cautela com o momento do cen\u00e1rio externo<\/h2>\n<p>Os analistas da Ativa Investimentos consideram que, apesar dos volumes apresentados previamente no relat\u00f3rio de produ\u00e7\u00e3o da Vale tenham vindo abaixo \u00e0s expectativas, &#8220;acreditamos que os pr\u00eamios compensar\u00e3o, ao menos em parte, a fraqueza nas vendas e conduzir\u00e3o a companhia a relatar resultados neutros neste trimestre&#8221;, de acordo com o texto.<\/p>\n<p>Al\u00e9m disso, j\u00e1 estimam que, a partir do 2T22, a Vale tenha melhor din\u00e2mica operacional para os pre\u00e7os de min\u00e9rios e custos. &#8220;Seguimos acreditando que o momento chin\u00eas impede uma posi\u00e7\u00e3o mais otimista de nossa parte&#8221;, afirmam.<\/p>\n\t<p>\n\t\t<a href=\"https:\/\/lp.suno.com.br\/planilha-controle-gastos\/\" target=\"_blank\" data-element=\"shortcode-suno-banner\" title=\"Banner SUNO, clique e saiba mais\">\n\t\t\t<picture>\n\t\t\t\t<source media=\"(max-width: 500px)\" srcset=\"https:\/\/files.sunoresearch.com.br\/n\/uploads\/2023\/03\/400x300-Planilha-controle-de-gastos.png\">\n\t\t\t\t<img class=\"newsContent__article__imgCapa newsContent__article__imgCapa--banner\"\n\t\t\t\t\tsrc=\"https:\/\/files.sunoresearch.com.br\/n\/uploads\/2023\/03\/1420x240-Planilha-controle-de-gastos.png\"\n\t\t\t\t\tdata-promo-id=\"101751\"\t\t\t\t\t\t\t\t\t\twidth='1420' height='240'\t\t\t\t\talt=\"https:\/\/files.sunoresearch.com.br\/n\/uploads\/2023\/03\/1420x240-Planilha-controle-de-gastos.png\"\n\t\t\t\t>\n\t\t\t<\/picture>\n\t\t<\/a>\n\t<\/p>\n\n\n<p>Com os fracos resultados de produ\u00e7\u00e3o e vendas no 1T22, a Ativa reduziu a expectativa de produ\u00e7\u00e3o para finos de 323,5 milh\u00f5es de toneladas para 320 milh\u00f5es de toneladas, bem na faixa de baixo do guidance de 320-335 Mt para este ano.<\/p>\n<p>A Ativa mant\u00e9m recomenda\u00e7\u00e3o neutra para a <strong>compra de a\u00e7\u00f5es da Vale<\/strong>, com pre\u00e7o alvo de R$ 110, com potencial de alta de 28,8%.<\/p>\n<h2>Ita\u00fa BBA: pr\u00eamio de qualidade<\/h2>\n<p>O Ita\u00fa BBA ressalta os mesmos pontos de outros analistas mencionados: volumes de vendas fracos, prejudicados altamente por condi\u00e7\u00f5es clim\u00e1ticas, por\u00e9m com pr\u00eamios de qualidade que apontaram uma surpresa positiva. Os volumes de n\u00edquel e cobre tamb\u00e9m ficaram abaixo das expectativas.<\/p>\n<p>Em fun\u00e7\u00e3o de todos os fatores mencionados, o banco de investimentos mant\u00e9m a proje\u00e7\u00e3o de US$ 6,5 bilh\u00f5es para o Ebitda do 1T22.<\/p>\n<p>&#8220;Estamos confort\u00e1veis com nossas estimativas, j\u00e1 que a perda de 2 milh\u00f5es de toneladas (-3%) contra a nossa previs\u00e3o de vendas de min\u00e9rio de ferro provavelmente ser\u00e1 compensada por um pr\u00eamio de qualidade mais forte do que o esperado e melhor mix de vendas (maior venda de pelotas)&#8221;, registra o texto.<\/p>\n<p>Os analistas esperam que haja realiza\u00e7\u00e3o de pre\u00e7o de min\u00e9rio de ferro sequencialmente mais forte (alta para US$ 31 por tonelada), em pre\u00e7os spot mais altos, enquanto o custo caixa do min\u00e9rio de ferro por tonelada deve aumentar 2% no trimestre, com custos mais altos e aprecia\u00e7\u00e3o do real.<\/p>\n<p>Para os\u00a0<strong>ADRs da Vale<\/strong>, o Ita\u00fa BBA tamb\u00e9m reitera a recomenda\u00e7\u00e3o neutra, com pre\u00e7o alvo de US$ 19, com potencial de alta de 1,3%.<\/p>\n\t<p>\n\t\t<a href=\"https:\/\/lp.suno.com.br\/planilha-da-vida-financeira\/\" target=\"_blank\" data-element=\"shortcode-suno-banner\" title=\"Banner SUNO, clique e saiba mais\">\n\t\t\t<picture>\n\t\t\t\t<source media=\"(max-width: 500px)\" srcset=\"https:\/\/files.sunoresearch.com.br\/n\/uploads\/2023\/04\/400x300-Planilha-vida-financeira-true.png\">\n\t\t\t\t<img class=\"newsContent__article__imgCapa newsContent__article__imgCapa--banner\"\n\t\t\t\t\tsrc=\"https:\/\/files.sunoresearch.com.br\/n\/uploads\/2023\/04\/1420x240-Planilha-vida-financeira-true.png\"\n\t\t\t\t\tdata-promo-id=\"106682\"\t\t\t\t\t\t\t\t\t\twidth='1420' height='240'\t\t\t\t\talt=\"https:\/\/files.sunoresearch.com.br\/n\/uploads\/2023\/04\/1420x240-Planilha-vida-financeira-true.png\"\n\t\t\t\t>\n\t\t\t<\/picture>\n\t\t<\/a>\n\t<\/p>\n\n\n<h2>Riscos e oportunidades<\/h2>\n<p>O Banco Safra relacionou uma s\u00e9rie de riscos e oportunidades em rela\u00e7\u00e3o \u00e0 <strong>a\u00e7\u00e3o da Vale<\/strong>. O banco recomenda a compra, ao pre\u00e7o alvo de R$ 98.<\/p>\n<h3>Vale a pena investir?<\/h3>\n<ul>\n<li>Alta qualidade do min\u00e9rio de ferro, que n\u00e3o necessita de purifica\u00e7\u00e3o, levando a um dos custos de produ\u00e7\u00e3o mais baixos da setor;<\/li>\n<li>Mix de estoques offshore s\u00e3o uma estrat\u00e9gia importante dada a dist\u00e2ncia dos principais clientes na China.<\/li>\n<\/ul>\n<h3>E os riscos?<\/h3>\n<ul>\n<li>Desacelera\u00e7\u00e3o do mercado chin\u00eas;<\/li>\n<li>Aumento da volatilidade dos pre\u00e7os das commodities;<\/li>\n<li>Flutua\u00e7\u00f5es cambiais;<\/li>\n<li>Poss\u00edvel, mas improv\u00e1vel, interven\u00e7\u00e3o do governo.<\/li>\n<\/ul>\n<h2>Previs\u00f5es para o setor<\/h2>\n<h3>Minera\u00e7\u00e3o<\/h3>\n<p>A previs\u00e3o do Banco Inter \u00e9 de que os <strong>volumes de produ\u00e7\u00e3o<\/strong> e vendas do setor de minera\u00e7\u00e3o sejam afetados pelas paradas consequentes das fortes chuvas na regi\u00e3o de Minas Gerais, vistas no come\u00e7o do ano.<\/p>\n<p>Isso tamb\u00e9m deve impactar negativamente os custos fixos das empresas, que j\u00e1 tiveram menor dilui\u00e7\u00e3o no per\u00edodo, o que deve trazer mais press\u00e3o para os resultados.<\/p>\n<p>As exportac\u0327o\u0303es brasileiras de <strong>mine\u0301rio de ferro<\/strong> somaram 72,3 milh\u00f5es de toneladas no 1T22, de acordo com dados da Secex, 21% abaixo do 4T21 e 11% menor que o 1T21, peri\u0301odo tambe\u0301m impactado pelas chuvas.<\/p>\n<p>Mesmo com pre\u00e7os mais altos do min\u00e9rio de ferro no trimestre (aproximadamente 30%), o valor n\u00e3o deve ser suficiente para compensar a queda esperada nos volumes vendidos, que minimiza receitas e a contribui\u00e7\u00e3o da minera\u00e7\u00e3o nas sider\u00fargicas.<\/p>\n<p>\u201cOs prec\u0327os de frete, que vinham seguindo uma tende\u0302ncia de baixa desde o fim do ano, devem vir, na me\u0301dia, abaixo dos ni\u0301veis do 4T21, mas ja\u0301 vimos uma reversa\u0303o deste movimento de queda com a alta dos prec\u0327os dos combusti\u0301veis\u201d, afirma o relat\u00f3rio.<\/p>\n<p>Ale\u0301m disso, as companhias ainda seguem lidando com gargalos logi\u0301sticos e limitac\u0327o\u0303es no transporte mari\u0301timo, intensificadas pelo cena\u0301rio de guerra na Ucra\u0302nia.<\/p>\n<h3>Siderurgia<\/h3>\n<p>Na siderurgia, o Banco Inter espera ver volumes em linha com o 4T21, tambe\u0301m em raza\u0303o da sazonalidade mais fraca do peri\u0301odo. Pore\u0301m, diferentemente do que foi visto durante o trimestre anterior, os prec\u0327os me\u0301dios no mercado interno devem arrefecer, seguindo o reflexo dos descontos aplicados, principalmente na distribuic\u0327a\u0303o.<\/p>\n\t<p>\n\t\t<a href=\"https:\/\/lp.suno.com.br\/ebook-como-analisar-uma-acao\/\" target=\"_blank\" data-element=\"shortcode-suno-banner\" title=\"Banner SUNO, clique e saiba mais\">\n\t\t\t<picture>\n\t\t\t\t<source media=\"(max-width: 500px)\" srcset=\"https:\/\/files.sunoresearch.com.br\/n\/uploads\/2023\/03\/Ebook-Acoes-Mobile-1.jpg\">\n\t\t\t\t<img class=\"newsContent__article__imgCapa newsContent__article__imgCapa--banner\"\n\t\t\t\t\tsrc=\"https:\/\/files.sunoresearch.com.br\/n\/uploads\/2023\/03\/Ebook-Acoes-Desktop-1.jpg\"\n\t\t\t\t\tdata-promo-id=\"171998\"\t\t\t\t\t\t\t\t\t\twidth='1420' height='286'\t\t\t\t\talt=\"https:\/\/files.sunoresearch.com.br\/n\/uploads\/2023\/03\/Ebook-Acoes-Desktop-1.jpg\"\n\t\t\t\t>\n\t\t\t<\/picture>\n\t\t<\/a>\n\t<\/p>\n\n\n<p>A analista v\u00ea que, pelo lado positivo, os aumentos de prec\u0327os no setor automotivo ja\u0301 esta\u0303o em vigor e devem aparecer nos resultados ao longo do semestre.<\/p>\n<p>\u201cUma vez mais, os custos dos insumos devem impactar os resultados, especialmente carva\u0303o e mine\u0301rio de ferro, e combusti\u0301veis, direta e indiretamente. A inflac\u0327a\u0303o tambe\u0301m segue impulsionando as despesas das empresas\u201d, ressalta o relat\u00f3rio.<\/p>\n<h2>Cota\u00e7\u00e3o da Vale<\/h2>\n<p>Nesta ter\u00e7a-feira (26), a <strong>Vale<\/strong> caiu 1,26% no Ibovespa, cotada a R$ 78,08. No acumulado do ano, fica positiva em 1,38%.<\/p>\n\t<p>\n\t\t<a href=\"https:\/\/lp.suno.com.br\/planilha-de-controle-de-investimentos\/\" target=\"_blank\" data-element=\"shortcode-suno-banner\" title=\"Banner SUNO, clique e saiba mais\">\n\t\t\t<picture>\n\t\t\t\t<source media=\"(max-width: 500px)\" srcset=\"https:\/\/files.sunoresearch.com.br\/n\/uploads\/2023\/03\/400x300-Controle-de-Investimentos.png\">\n\t\t\t\t<img class=\"newsContent__article__imgCapa newsContent__article__imgCapa--banner\"\n\t\t\t\t\tsrc=\"https:\/\/files.sunoresearch.com.br\/n\/uploads\/2023\/03\/1420x240-Controle-de-Investimentos.png\"\n\t\t\t\t\tdata-promo-id=\"75934\"\t\t\t\t\t\t\t\t\t\twidth='1420' height='240'\t\t\t\t\talt=\"https:\/\/files.sunoresearch.com.br\/n\/uploads\/2023\/03\/1420x240-Controle-de-Investimentos.png\"\n\t\t\t\t>\n\t\t\t<\/picture>\n\t\t<\/a>\n\t<\/p>\n\n\n","protected":false},"excerpt":{"rendered":"<p>O Banco Inter (BIDI11) divulgou sua pr\u00e9via e expectativa para os resultados da Vale (VALE3) no primeiro trimestre de 2022. Em geral, para o setor de minera\u00e7\u00e3o e siderurgia, os resultados trimestrais ser\u00e3o impactados pelo excesso de chuva e aumento de custos. A companhia de minera\u00e7\u00e3o divulga o resultado de seu desempenho operacional no primeiro [&hellip;]<\/p>\n","protected":false},"author":146,"featured_media":126963,"comment_status":"closed","ping_status":"closed","sticky":false,"template":"","format":"standard","meta":[],"categories":[64],"tags":[106764,105816,676],"suno_strategy":[],"class_list":["post-253491","post","type-post","status-publish","format-standard","has-post-thumbnail","hentry","category-negocios","tag-banco-inter-bidi11","tag-especialistas","tag-vale-vale3"],"yoast_head":"<!-- This site is optimized with the Yoast SEO plugin v24.4 - https:\/\/yoast.com\/wordpress\/plugins\/seo\/ -->\n<title>Vale (VALE3): aumento de custos e margens pressionadas marcar\u00e3o 1T22<\/title>\n<meta name=\"description\" content=\"O Banco Inter (BIDI11) aponta em relat\u00f3rio que as chuvas no come\u00e7o do ano ser\u00e3o refletidas nos volumes de produ\u00e7\u00e3o da Vale (VALE3).\" \/>\n<meta name=\"robots\" content=\"index, follow, max-snippet:-1, max-image-preview:large, max-video-preview:-1\" \/>\n<link rel=\"canonical\" href=\"https:\/\/www.suno.com.br\/noticias\/vale-vale3-previa-1t22-menor-volume-producao\/\" \/>\n<meta property=\"og:locale\" content=\"pt_BR\" \/>\n<meta property=\"og:type\" content=\"article\" \/>\n<meta property=\"og:title\" content=\"Vale (VALE3): aumento de custos e margens pressionadas marcar\u00e3o 1T22\" \/>\n<meta property=\"og:description\" content=\"O Banco Inter (BIDI11) aponta em relat\u00f3rio que as chuvas no come\u00e7o do ano ser\u00e3o refletidas nos volumes de produ\u00e7\u00e3o da Vale (VALE3).\" \/>\n<meta property=\"og:url\" content=\"https:\/\/www.suno.com.br\/noticias\/vale-vale3-previa-1t22-menor-volume-producao\/\" \/>\n<meta property=\"og:site_name\" content=\"Suno Not\u00edcias\" \/>\n<meta property=\"article:publisher\" content=\"https:\/\/facebook.com\/sunoresearch\" \/>\n<meta property=\"og:image\" content=\"https:\/\/files.sunoresearch.com.br\/n\/uploads\/2021\/02\/aff09bff-c0100329-vale.jpg\" \/>\n\t<meta property=\"og:image:width\" content=\"1380\" \/>\n\t<meta property=\"og:image:height\" content=\"937\" \/>\n\t<meta property=\"og:image:type\" content=\"image\/jpeg\" \/>\n<meta name=\"author\" content=\"Vict\u00f3ria Anhesini\" \/>\n<meta name=\"twitter:card\" content=\"summary_large_image\" \/>\n<meta name=\"twitter:creator\" content=\"@sunoresearch\" \/>\n<meta name=\"twitter:site\" content=\"@sunoresearch\" \/>\n<meta name=\"twitter:label1\" content=\"Escrito por\" \/>\n\t<meta name=\"twitter:data1\" content=\"Vict\u00f3ria Anhesini\" \/>\n\t<meta name=\"twitter:label2\" content=\"Est. tempo de leitura\" \/>\n\t<meta name=\"twitter:data2\" content=\"6 minutos\" \/>\n<script type=\"application\/ld+json\" class=\"yoast-schema-graph\">{\"@context\":\"https:\/\/schema.org\",\"@graph\":[{\"@type\":\"NewsArticle\",\"@id\":\"https:\/\/www.suno.com.br\/noticias\/vale-vale3-previa-1t22-menor-volume-producao\/#article\",\"isPartOf\":{\"@id\":\"https:\/\/www.suno.com.br\/noticias\/vale-vale3-previa-1t22-menor-volume-producao\/\"},\"author\":{\"name\":\"Vict\u00f3ria Anhesini\",\"@id\":\"https:\/\/www.suno.com.br\/noticias\/#\/schema\/person\/46d847cb19ad53fde0857adca989c23f\"},\"headline\":\"Vale (VALE3): alta de custos e margens pressionadas devem marcar o 1T22\",\"datePublished\":\"2022-04-26T20:07:31+00:00\",\"dateModified\":\"2022-04-26T21:16:43+00:00\",\"mainEntityOfPage\":{\"@id\":\"https:\/\/www.suno.com.br\/noticias\/vale-vale3-previa-1t22-menor-volume-producao\/\"},\"wordCount\":1313,\"publisher\":{\"@id\":\"https:\/\/www.suno.com.br\/noticias\/#organization\"},\"image\":{\"@id\":\"https:\/\/www.suno.com.br\/noticias\/vale-vale3-previa-1t22-menor-volume-producao\/#primaryimage\"},\"thumbnailUrl\":\"https:\/\/files.sunoresearch.com.br\/n\/uploads\/2021\/02\/aff09bff-c0100329-vale-jpg.webp\",\"keywords\":[\"Banco Inter (BIDI11)\",\"Especialistas\",\"Vale (VALE3)\"],\"articleSection\":[\"Neg\u00f3cios\"],\"inLanguage\":\"pt-BR\"},{\"@type\":\"WebPage\",\"@id\":\"https:\/\/www.suno.com.br\/noticias\/vale-vale3-previa-1t22-menor-volume-producao\/\",\"url\":\"https:\/\/www.suno.com.br\/noticias\/vale-vale3-previa-1t22-menor-volume-producao\/\",\"name\":\"Vale (VALE3): aumento de custos e margens pressionadas marcar\u00e3o 1T22\",\"isPartOf\":{\"@id\":\"https:\/\/www.suno.com.br\/noticias\/#website\"},\"primaryImageOfPage\":{\"@id\":\"https:\/\/www.suno.com.br\/noticias\/vale-vale3-previa-1t22-menor-volume-producao\/#primaryimage\"},\"image\":{\"@id\":\"https:\/\/www.suno.com.br\/noticias\/vale-vale3-previa-1t22-menor-volume-producao\/#primaryimage\"},\"thumbnailUrl\":\"https:\/\/files.sunoresearch.com.br\/n\/uploads\/2021\/02\/aff09bff-c0100329-vale-jpg.webp\",\"datePublished\":\"2022-04-26T20:07:31+00:00\",\"dateModified\":\"2022-04-26T21:16:43+00:00\",\"description\":\"O Banco Inter (BIDI11) aponta em relat\u00f3rio que as chuvas no come\u00e7o do ano ser\u00e3o refletidas nos volumes de produ\u00e7\u00e3o da Vale (VALE3).\",\"breadcrumb\":{\"@id\":\"https:\/\/www.suno.com.br\/noticias\/vale-vale3-previa-1t22-menor-volume-producao\/#breadcrumb\"},\"inLanguage\":\"pt-BR\",\"potentialAction\":[{\"@type\":\"ReadAction\",\"target\":[\"https:\/\/www.suno.com.br\/noticias\/vale-vale3-previa-1t22-menor-volume-producao\/\"]}]},{\"@type\":\"ImageObject\",\"inLanguage\":\"pt-BR\",\"@id\":\"https:\/\/www.suno.com.br\/noticias\/vale-vale3-previa-1t22-menor-volume-producao\/#primaryimage\",\"url\":\"https:\/\/files.sunoresearch.com.br\/n\/uploads\/2021\/02\/aff09bff-c0100329-vale-jpg.webp\",\"contentUrl\":\"https:\/\/files.sunoresearch.com.br\/n\/uploads\/2021\/02\/aff09bff-c0100329-vale-jpg.webp\",\"width\":1380,\"height\":937,\"caption\":\"Vale (VALE3). Foto: Divulga\u00e7\u00e3o.\"},{\"@type\":\"BreadcrumbList\",\"@id\":\"https:\/\/www.suno.com.br\/noticias\/vale-vale3-previa-1t22-menor-volume-producao\/#breadcrumb\",\"itemListElement\":[{\"@type\":\"ListItem\",\"position\":1,\"name\":\"Not\u00edcias\",\"item\":\"https:\/\/www.suno.com.br\/noticias\/\"},{\"@type\":\"ListItem\",\"position\":2,\"name\":\"Neg\u00f3cios\",\"item\":\"https:\/\/www.suno.com.br\/noticias\/negocios\/\"},{\"@type\":\"ListItem\",\"position\":3,\"name\":\"Vale (VALE3): alta de custos e margens pressionadas devem marcar o 1T22\"}]},{\"@type\":\"WebSite\",\"@id\":\"https:\/\/www.suno.com.br\/noticias\/#website\",\"url\":\"https:\/\/www.suno.com.br\/noticias\/\",\"name\":\"Suno Not\u00edcias\",\"description\":\"Seu portal de informa\u00e7\u00e3o sobre o mundo dos investimentos\",\"publisher\":{\"@id\":\"https:\/\/www.suno.com.br\/noticias\/#organization\"},\"potentialAction\":[{\"@type\":\"SearchAction\",\"target\":{\"@type\":\"EntryPoint\",\"urlTemplate\":\"https:\/\/www.suno.com.br\/noticias\/?s={search_term_string}\"},\"query-input\":{\"@type\":\"PropertyValueSpecification\",\"valueRequired\":true,\"valueName\":\"search_term_string\"}}],\"inLanguage\":\"pt-BR\"},{\"@type\":\"Organization\",\"@id\":\"https:\/\/www.suno.com.br\/noticias\/#organization\",\"name\":\"Suno Not\u00edcias\",\"url\":\"https:\/\/www.suno.com.br\/noticias\/\",\"logo\":{\"@type\":\"ImageObject\",\"inLanguage\":\"pt-BR\",\"@id\":\"https:\/\/www.suno.com.br\/noticias\/#\/schema\/logo\/image\/\",\"url\":\"https:\/\/files.sunoresearch.com.br\/n\/uploads\/2021\/09\/suno-logo.png\",\"contentUrl\":\"https:\/\/files.sunoresearch.com.br\/n\/uploads\/2021\/09\/suno-logo.png\",\"width\":180,\"height\":180,\"caption\":\"Suno Not\u00edcias\"},\"image\":{\"@id\":\"https:\/\/www.suno.com.br\/noticias\/#\/schema\/logo\/image\/\"},\"sameAs\":[\"https:\/\/facebook.com\/sunoresearch\",\"https:\/\/x.com\/sunoresearch\",\"https:\/\/www.instagram.com\/suno\",\"https:\/\/www.linkedin.com\/company\/suno-research\/\",\"https:\/\/www.youtube.com\/c\/sunoresearch\"]},{\"@type\":\"Person\",\"@id\":\"https:\/\/www.suno.com.br\/noticias\/#\/schema\/person\/46d847cb19ad53fde0857adca989c23f\",\"name\":\"Vict\u00f3ria Anhesini\",\"image\":{\"@type\":\"ImageObject\",\"inLanguage\":\"pt-BR\",\"@id\":\"https:\/\/www.suno.com.br\/noticias\/#\/schema\/person\/image\/\",\"url\":\"https:\/\/secure.gravatar.com\/avatar\/0172bdfcd9129dd9dd68794804304e6e?s=96&r=g\",\"contentUrl\":\"https:\/\/secure.gravatar.com\/avatar\/0172bdfcd9129dd9dd68794804304e6e?s=96&r=g\",\"caption\":\"Vict\u00f3ria Anhesini\"},\"description\":\"Rep\u00f3rter no Suno Not\u00edcias, cobre mercados, neg\u00f3cios e economia, escrevendo majoritariamente sobre movimentos das empresas, cobertura de balan\u00e7os trimestrais e Bolsa de Valores. Formada em jornalismo pela Universidade Presbiteriana Mackenzie em 2019, passou pelo portal de economia e finan\u00e7as EuQueroInvestir como rep\u00f3rter e anteriormente, trabalhou na assessoria de imprensa PinePR, onde liderou com startups de inova\u00e7\u00e3o, tecnologia e finan\u00e7as. Em seu tempo livre, fala sobre m\u00fasica para ambos os sites do selo ForMusic, Wikimetal e Mad Sound, e faz trabalho volunt\u00e1rio no programa Escreve Cartas do Poupatempo.\",\"sameAs\":[\"https:\/\/www.linkedin.com\/in\/victoria-anhesini\/\"],\"url\":\"https:\/\/www.suno.com.br\/noticias\/author\/victoria\/\"}]}<\/script>\n<!-- \/ Yoast SEO plugin. -->","yoast_head_json":{"title":"Vale (VALE3): aumento de custos e margens pressionadas marcar\u00e3o 1T22","description":"O Banco Inter (BIDI11) aponta em relat\u00f3rio que as chuvas no come\u00e7o do ano ser\u00e3o refletidas nos volumes de produ\u00e7\u00e3o da Vale (VALE3).","robots":{"index":"index","follow":"follow","max-snippet":"max-snippet:-1","max-image-preview":"max-image-preview:large","max-video-preview":"max-video-preview:-1"},"canonical":"https:\/\/www.suno.com.br\/noticias\/vale-vale3-previa-1t22-menor-volume-producao\/","og_locale":"pt_BR","og_type":"article","og_title":"Vale (VALE3): aumento de custos e margens pressionadas marcar\u00e3o 1T22","og_description":"O Banco Inter (BIDI11) aponta em relat\u00f3rio que as chuvas no come\u00e7o do ano ser\u00e3o refletidas nos volumes de produ\u00e7\u00e3o da Vale (VALE3).","og_url":"https:\/\/www.suno.com.br\/noticias\/vale-vale3-previa-1t22-menor-volume-producao\/","og_site_name":"Suno Not\u00edcias","article_publisher":"https:\/\/facebook.com\/sunoresearch","og_image":[{"width":1380,"height":937,"url":"https:\/\/files.sunoresearch.com.br\/n\/uploads\/2021\/02\/aff09bff-c0100329-vale.jpg","type":"image\/jpeg"}],"author":"Vict\u00f3ria Anhesini","twitter_card":"summary_large_image","twitter_creator":"@sunoresearch","twitter_site":"@sunoresearch","twitter_misc":{"Escrito por":"Vict\u00f3ria Anhesini","Est. tempo de leitura":"6 minutos"},"schema":{"@context":"https:\/\/schema.org","@graph":[{"@type":"NewsArticle","@id":"https:\/\/www.suno.com.br\/noticias\/vale-vale3-previa-1t22-menor-volume-producao\/#article","isPartOf":{"@id":"https:\/\/www.suno.com.br\/noticias\/vale-vale3-previa-1t22-menor-volume-producao\/"},"author":{"name":"Vict\u00f3ria Anhesini","@id":"https:\/\/www.suno.com.br\/noticias\/#\/schema\/person\/46d847cb19ad53fde0857adca989c23f"},"headline":"Vale (VALE3): alta de custos e margens pressionadas devem marcar o 1T22","datePublished":"2022-04-26T20:07:31+00:00","dateModified":"2022-04-26T21:16:43+00:00","mainEntityOfPage":{"@id":"https:\/\/www.suno.com.br\/noticias\/vale-vale3-previa-1t22-menor-volume-producao\/"},"wordCount":1313,"publisher":{"@id":"https:\/\/www.suno.com.br\/noticias\/#organization"},"image":{"@id":"https:\/\/www.suno.com.br\/noticias\/vale-vale3-previa-1t22-menor-volume-producao\/#primaryimage"},"thumbnailUrl":"https:\/\/files.sunoresearch.com.br\/n\/uploads\/2021\/02\/aff09bff-c0100329-vale-jpg.webp","keywords":["Banco Inter (BIDI11)","Especialistas","Vale (VALE3)"],"articleSection":["Neg\u00f3cios"],"inLanguage":"pt-BR"},{"@type":"WebPage","@id":"https:\/\/www.suno.com.br\/noticias\/vale-vale3-previa-1t22-menor-volume-producao\/","url":"https:\/\/www.suno.com.br\/noticias\/vale-vale3-previa-1t22-menor-volume-producao\/","name":"Vale (VALE3): aumento de custos e margens pressionadas marcar\u00e3o 1T22","isPartOf":{"@id":"https:\/\/www.suno.com.br\/noticias\/#website"},"primaryImageOfPage":{"@id":"https:\/\/www.suno.com.br\/noticias\/vale-vale3-previa-1t22-menor-volume-producao\/#primaryimage"},"image":{"@id":"https:\/\/www.suno.com.br\/noticias\/vale-vale3-previa-1t22-menor-volume-producao\/#primaryimage"},"thumbnailUrl":"https:\/\/files.sunoresearch.com.br\/n\/uploads\/2021\/02\/aff09bff-c0100329-vale-jpg.webp","datePublished":"2022-04-26T20:07:31+00:00","dateModified":"2022-04-26T21:16:43+00:00","description":"O Banco Inter (BIDI11) aponta em relat\u00f3rio que as chuvas no come\u00e7o do ano ser\u00e3o refletidas nos volumes de produ\u00e7\u00e3o da Vale (VALE3).","breadcrumb":{"@id":"https:\/\/www.suno.com.br\/noticias\/vale-vale3-previa-1t22-menor-volume-producao\/#breadcrumb"},"inLanguage":"pt-BR","potentialAction":[{"@type":"ReadAction","target":["https:\/\/www.suno.com.br\/noticias\/vale-vale3-previa-1t22-menor-volume-producao\/"]}]},{"@type":"ImageObject","inLanguage":"pt-BR","@id":"https:\/\/www.suno.com.br\/noticias\/vale-vale3-previa-1t22-menor-volume-producao\/#primaryimage","url":"https:\/\/files.sunoresearch.com.br\/n\/uploads\/2021\/02\/aff09bff-c0100329-vale-jpg.webp","contentUrl":"https:\/\/files.sunoresearch.com.br\/n\/uploads\/2021\/02\/aff09bff-c0100329-vale-jpg.webp","width":1380,"height":937,"caption":"Vale (VALE3). Foto: Divulga\u00e7\u00e3o."},{"@type":"BreadcrumbList","@id":"https:\/\/www.suno.com.br\/noticias\/vale-vale3-previa-1t22-menor-volume-producao\/#breadcrumb","itemListElement":[{"@type":"ListItem","position":1,"name":"Not\u00edcias","item":"https:\/\/www.suno.com.br\/noticias\/"},{"@type":"ListItem","position":2,"name":"Neg\u00f3cios","item":"https:\/\/www.suno.com.br\/noticias\/negocios\/"},{"@type":"ListItem","position":3,"name":"Vale (VALE3): alta de custos e margens pressionadas devem marcar o 1T22"}]},{"@type":"WebSite","@id":"https:\/\/www.suno.com.br\/noticias\/#website","url":"https:\/\/www.suno.com.br\/noticias\/","name":"Suno Not\u00edcias","description":"Seu portal de informa\u00e7\u00e3o sobre o mundo dos investimentos","publisher":{"@id":"https:\/\/www.suno.com.br\/noticias\/#organization"},"potentialAction":[{"@type":"SearchAction","target":{"@type":"EntryPoint","urlTemplate":"https:\/\/www.suno.com.br\/noticias\/?s={search_term_string}"},"query-input":{"@type":"PropertyValueSpecification","valueRequired":true,"valueName":"search_term_string"}}],"inLanguage":"pt-BR"},{"@type":"Organization","@id":"https:\/\/www.suno.com.br\/noticias\/#organization","name":"Suno Not\u00edcias","url":"https:\/\/www.suno.com.br\/noticias\/","logo":{"@type":"ImageObject","inLanguage":"pt-BR","@id":"https:\/\/www.suno.com.br\/noticias\/#\/schema\/logo\/image\/","url":"https:\/\/files.sunoresearch.com.br\/n\/uploads\/2021\/09\/suno-logo.png","contentUrl":"https:\/\/files.sunoresearch.com.br\/n\/uploads\/2021\/09\/suno-logo.png","width":180,"height":180,"caption":"Suno Not\u00edcias"},"image":{"@id":"https:\/\/www.suno.com.br\/noticias\/#\/schema\/logo\/image\/"},"sameAs":["https:\/\/facebook.com\/sunoresearch","https:\/\/x.com\/sunoresearch","https:\/\/www.instagram.com\/suno","https:\/\/www.linkedin.com\/company\/suno-research\/","https:\/\/www.youtube.com\/c\/sunoresearch"]},{"@type":"Person","@id":"https:\/\/www.suno.com.br\/noticias\/#\/schema\/person\/46d847cb19ad53fde0857adca989c23f","name":"Vict\u00f3ria Anhesini","image":{"@type":"ImageObject","inLanguage":"pt-BR","@id":"https:\/\/www.suno.com.br\/noticias\/#\/schema\/person\/image\/","url":"https:\/\/secure.gravatar.com\/avatar\/0172bdfcd9129dd9dd68794804304e6e?s=96&r=g","contentUrl":"https:\/\/secure.gravatar.com\/avatar\/0172bdfcd9129dd9dd68794804304e6e?s=96&r=g","caption":"Vict\u00f3ria Anhesini"},"description":"Rep\u00f3rter no Suno Not\u00edcias, cobre mercados, neg\u00f3cios e economia, escrevendo majoritariamente sobre movimentos das empresas, cobertura de balan\u00e7os trimestrais e Bolsa de Valores. Formada em jornalismo pela Universidade Presbiteriana Mackenzie em 2019, passou pelo portal de economia e finan\u00e7as EuQueroInvestir como rep\u00f3rter e anteriormente, trabalhou na assessoria de imprensa PinePR, onde liderou com startups de inova\u00e7\u00e3o, tecnologia e finan\u00e7as. Em seu tempo livre, fala sobre m\u00fasica para ambos os sites do selo ForMusic, Wikimetal e Mad Sound, e faz trabalho volunt\u00e1rio no programa Escreve Cartas do Poupatempo.","sameAs":["https:\/\/www.linkedin.com\/in\/victoria-anhesini\/"],"url":"https:\/\/www.suno.com.br\/noticias\/author\/victoria\/"}]}},"default_loop_html":"<div class=\"cardsPage__listCard__boxs\"><div class=\"cardsPage__listCard__boxs__img\"><a href=\"https:\/\/www.suno.com.br\/noticias\/vale-vale3-previa-1t22-menor-volume-producao\/\"><img class=\"mask\" src=\"https:\/\/www.suno.com.br\/noticias\/wp-content\/themes\/suno\/resources\/images\/spotlight\/spotlight1img\/bg-mask.png\" alt=\"Image Mask\"\/><img src=\"https:\/\/files.sunoresearch.com.br\/n\/uploads\/2021\/02\/aff09bff-c0100329-vale-400x200.webp\" alt=\"Vale (VALE3): alta de custos e margens pressionadas devem marcar o 1T22\"\/><\/a><span class=\"spotlightCategory\"><a href=\"https:\/\/www.suno.com.br\/noticias\/negocios\/\">Neg\u00f3cios<\/a><\/span><\/div><div class=\"cardsPage__listCard__boxs__content\"><a href=\"https:\/\/www.suno.com.br\/noticias\/vale-vale3-previa-1t22-menor-volume-producao\/\"><h2 class=\"content__title\">Vale (VALE3): alta de custos e margens pressionadas devem marcar o 1T22<\/h2><\/a><div class=\"newsContent__article__meta\"><div class=\"newsContent__article__meta__authorBox\"><a href=\"https:\/\/www.suno.com.br\/noticias\/author\/victoria\/\" class=\"authorBox__avatar noMobi\"><img src=\"https:\/\/files.sunoresearch.com.br\/n\/uploads\/2021\/12\/20190129VickyPINEAPPLE01-1-150x150.jpg\" alt=\"Vict\u00f3ria Anhesini\"><\/a><div class=\"authorBox__name\"><span>por\n\t\t\t<a href=\"https:\/\/www.suno.com.br\/noticias\/author\/victoria\/\"><span itemprop=\"author\">Vict\u00f3ria Anhesini<\/span><\/a><\/span><time datetime=\"2022-04-26T17:07:31-03:00\" itemprop=\"datePublished\">26\/04\/2022 17:07<\/time><\/div><\/div><\/div><\/div><\/div>","single_layout":"posts","amp_enabled":true,"_links":{"self":[{"href":"https:\/\/www.suno.com.br\/noticias\/wp-json\/wp\/v2\/posts\/253491"}],"collection":[{"href":"https:\/\/www.suno.com.br\/noticias\/wp-json\/wp\/v2\/posts"}],"about":[{"href":"https:\/\/www.suno.com.br\/noticias\/wp-json\/wp\/v2\/types\/post"}],"author":[{"embeddable":true,"href":"https:\/\/www.suno.com.br\/noticias\/wp-json\/wp\/v2\/users\/146"}],"replies":[{"embeddable":true,"href":"https:\/\/www.suno.com.br\/noticias\/wp-json\/wp\/v2\/comments?post=253491"}],"version-history":[{"count":3,"href":"https:\/\/www.suno.com.br\/noticias\/wp-json\/wp\/v2\/posts\/253491\/revisions"}],"predecessor-version":[{"id":253874,"href":"https:\/\/www.suno.com.br\/noticias\/wp-json\/wp\/v2\/posts\/253491\/revisions\/253874"}],"wp:featuredmedia":[{"embeddable":true,"href":"https:\/\/www.suno.com.br\/noticias\/wp-json\/wp\/v2\/media\/126963"}],"wp:attachment":[{"href":"https:\/\/www.suno.com.br\/noticias\/wp-json\/wp\/v2\/media?parent=253491"}],"wp:term":[{"taxonomy":"category","embeddable":true,"href":"https:\/\/www.suno.com.br\/noticias\/wp-json\/wp\/v2\/categories?post=253491"},{"taxonomy":"post_tag","embeddable":true,"href":"https:\/\/www.suno.com.br\/noticias\/wp-json\/wp\/v2\/tags?post=253491"},{"taxonomy":"suno_strategy","embeddable":true,"href":"https:\/\/www.suno.com.br\/noticias\/wp-json\/wp\/v2\/suno_strategy?post=253491"}],"curies":[{"name":"wp","href":"https:\/\/api.w.org\/{rel}","templated":true}]}}