{"id":25349,"date":"2019-05-21T10:51:04","date_gmt":"2019-05-21T13:51:04","guid":{"rendered":"https:\/\/www.suno.com.br\/noticias\/?p=25349"},"modified":"2019-05-21T10:52:15","modified_gmt":"2019-05-21T13:52:15","slug":"avianca-inflacionar-rotas","status":"publish","type":"post","link":"https:\/\/www.suno.com.br\/noticias\/avianca-inflacionar-rotas\/","title":{"rendered":"Poss\u00edvel sa\u00edda da Avianca pode inflacionar ao menos 18 rotas a\u00e9reas"},"content":{"rendered":"<p>A poss\u00edvel sa\u00edda da Avianca do mercado pode elevar os pre\u00e7os das passagem a\u00e9reas nos aeroportos nacionais. Isso porque ao menos 18 das principais rotas operadas pela companhia passar\u00e3o a ter apenas uma op\u00e7\u00e3o de voo direto.<\/p>\t<div class=\"wrapper-featured-image\">\n\t\t<figure class=\"spotlightImg\">\n\n\t\t\t<picture>\n\t\t\t\t<source media=\"(max-width: 768px)\" srcset=\"https:\/\/files.sunoresearch.com.br\/n\/uploads\/2019\/05\/9e6732b2-avianca-400x200.webp\">\n\t\t\t\t<img loading=\"lazy\" decoding=\"async\" class=\"newsContent__article__imgCapa lazyloadDisabled newsContent__article__imgCapa--noCaption\" src=\"https:\/\/files.sunoresearch.com.br\/n\/uploads\/2019\/05\/9e6732b2-avianca-800x450.webp\" width=\"800\" height=\"450\" alt=\"Poss\u00edvel sa\u00edda da Avianca pode inflacionar ao menos 18 rotas a\u00e9reas\" fetchpriority=high \/>\n\t\t\t<\/picture>\n\n\t\t\t<figcaption class=\"wp-caption-text wp-caption-text--hide\">Poss\u00edvel sa\u00edda da Avianca deve inflacionar ao menos 18 rotas a\u00e9reas<\/figcaption>\n\t\t<\/figure>\n\t<\/div>\n\n\n<p>Al\u00e9m do reflexo imediato do <strong>aumento<\/strong> <strong>nos<\/strong> <strong>pre\u00e7os<\/strong> <strong>das<\/strong> <strong>passagens<\/strong>, os passageiros ainda ter\u00e3o de usar um <strong>voo<\/strong> com escala e conex\u00e3o, que levam mais tempo de viagem, enquanto a <strong>Avianca<\/strong> disponibilizava um voo direto.<\/p>\n\t<p>\n\t\t<a href=\"https:\/\/lp.suno.com.br\/ebook-guia-ir\/\" target=\"_blank\" data-element=\"shortcode-suno-banner\" title=\"Banner SUNO, clique e saiba mais\">\n\t\t\t<picture>\n\t\t\t\t<source media=\"(max-width: 500px)\" srcset=\"https:\/\/files.sunoresearch.com.br\/n\/uploads\/2023\/03\/400x300-Ebook-IR.png\">\n\t\t\t\t<img class=\"newsContent__article__imgCapa newsContent__article__imgCapa--banner\"\n\t\t\t\t\tsrc=\"https:\/\/files.sunoresearch.com.br\/n\/uploads\/2023\/03\/1420x240-Ebook-IR.png\"\n\t\t\t\t\tdata-promo-id=\"383124\"\t\t\t\t\t\t\t\t\t\twidth='1420' height='240'\t\t\t\t\talt=\"https:\/\/files.sunoresearch.com.br\/n\/uploads\/2023\/03\/1420x240-Ebook-IR.png\"\n\t\t\t\t>\n\t\t\t<\/picture>\n\t\t<\/a>\n\t<\/p>\n\n\n<p>O aeroporto do <strong>Gale\u00e3o<\/strong>, no Rio de Janeiro, e o de <strong>Guarulhos<\/strong>, s\u00e3o os que possuem as partidas mais afetadas. No Rio de janeiro saem rotas para Bras\u00edlia, Salvador e S\u00e3o Paulo (Congonhas). Em Guarulhos, partem avi\u00f5es para Bel\u00e9m, Jo\u00e3o Pessoa, Juazeiro do Norte, Campo Grande, Foz do Igua\u00e7u e Navegantes.<\/p>\n<p>Al\u00e9m disso, rotas de Recife para Petrolina e Salvador e Salvador para Ilh\u00e9us tamb\u00e9m ser\u00e3o afetadas.<\/p>\n<p>De acordo com a <strong>Ag\u00eancia Nacional de Avia\u00e7\u00e3o Civil (Anac)<\/strong>, um bilhete de uma rota com uma \u00fanica companhia para uma viagem de mil quil\u00f4metros chega a custar 47% mais do que o valor cobrado em rotas operadas por tr\u00eas empresas.<\/p>\n<h2>Crise da Avianca<\/h2>\n<p>A <strong>Avianca<\/strong> j\u00e1 cancelou a maioria de seus voos desde a metade do m\u00eas de abril. A companhia a\u00e9rea vem perdendo suas <strong>aeronaves<\/strong> na <strong>Justi\u00e7a<\/strong> para as empresas de &#8216;leasing&#8217; devido a <strong>inadimpl\u00eancia<\/strong>.<\/p>\n<p>Com a redu\u00e7\u00e3o de sua frota a\u00e9rea que possu\u00eda mais de 40 <strong>avi\u00f5es<\/strong> em 2018 e agora s\u00e3o apenas seis, n\u00e3o foi poss\u00edvel operar todos os <strong>voos<\/strong>, fazendo com que muitos fossem cancelados.<\/p>\n<p>Al\u00e9m disso, a <strong>greve<\/strong> dos <strong>comiss\u00e1rios de bordo<\/strong> e <strong>pilotos<\/strong>, que reivindicam o pagamento de sal\u00e1rios e benef\u00edcios atrasados, fizeram com que a empresa trabalhasse com apenas 60% de sua capacidade, aumentando o n\u00famero de voos cancelados.<\/p>\n<p><a href=\"https:\/\/www.suno.com.br\/noticias\/avianca-gol-proposta-azul\/\">Saiba mais: Avianca: Gol pede \u00e0 Justi\u00e7a que proposta da Azul n\u00e3o seja levada adiante<\/a><\/p>\n<p>Na \u00faltima sexta-feira (17), durante a greve 31 dos 42 voos da empresa foram cancelados. Deles, 24 foram por conta da <strong>paralisa\u00e7\u00e3o<\/strong> e outros sete devido ao mau tempo.<\/p>\n<h2>Funcion\u00e1rios param<\/h2>\n<p>Pilotos e comiss\u00e1rios fizeram uma paralisa\u00e7\u00e3o na sexta-feira nos aeroportos de Congonhas (SP) e Santos Dumont (RJ). A <strong>greve<\/strong> dos funcion\u00e1rios da <strong>Avianca<\/strong> reivindica o pagamento de sal\u00e1rios atrasados. Al\u00e9m disso, eles tamb\u00e9m pedem a cobertura dos gastos com alimenta\u00e7\u00e3o e transporte durante o trabalho.<\/p>\n<p>No entanto, foi determinado pelo <strong>Tribunal Superior do Trabalho (TST)<\/strong> que ao menos 60% dos pilotos e comiss\u00e1rios da companhia a\u00e9rea mantivessem a opera\u00e7\u00e3o durante a greve.<\/p>\n<p>Mas a Avianca n\u00e3o pagou os sal\u00e1rios e os benef\u00edcios de seus funcion\u00e1rios at\u00e9 a \u00faltima sexta-feira como havia se comprometido.<\/p>\n\t<p>\n\t\t<a href=\"https:\/\/lp.suno.com.br\/cl\/webinario-suno-black-2024\/\" target=\"_blank\" data-element=\"shortcode-suno-banner\" title=\"Banner SUNO, clique e saiba mais\">\n\t\t\t<picture>\n\t\t\t\t<source media=\"(max-width: 500px)\" srcset=\"https:\/\/files.sunoresearch.com.br\/n\/uploads\/2024\/04\/400x300-Banner-Home-1.png\">\n\t\t\t\t<img class=\"newsContent__article__imgCapa newsContent__article__imgCapa--banner\"\n\t\t\t\t\tsrc=\"https:\/\/files.sunoresearch.com.br\/n\/uploads\/2024\/04\/400x300-Banner-Home-1.png\"\n\t\t\t\t\tdata-promo-id=\"102411\"\t\t\t\t\t\t\t\t\t\twidth='401' height='300'\t\t\t\t\talt=\"https:\/\/files.sunoresearch.com.br\/n\/uploads\/2024\/04\/400x300-Banner-Home-1.png\"\n\t\t\t\t>\n\t\t\t<\/picture>\n\t\t<\/a>\n\t<\/p>\n\n\n<p>De acordo com comunicado da Avianca, enviado na noite da \u00faltima sexta aos seus funcion\u00e1rios, a empresa est\u00e1 &#8220;em busca de alternativas&#8221; para quitar os valores, mas n\u00e3o estipula data para que isso aconte\u00e7a.<\/p>\n<p>No \u00faltimo domingo (19),\u00a0os tripulantes da <strong>Avianca<\/strong> informaram que a <strong>greve<\/strong> foi suspensa. A decis\u00e3o foi tomada em uma assembleia e tem validade at\u00e9 que uma nova seja realizada.<\/p>\n","protected":false},"excerpt":{"rendered":"<p>A poss\u00edvel sa\u00edda da Avianca do mercado pode elevar os pre\u00e7os das passagem a\u00e9reas nos aeroportos nacionais. Isso porque ao menos 18 das principais rotas operadas pela companhia passar\u00e3o a ter apenas uma op\u00e7\u00e3o de voo direto. Poss\u00edvel sa\u00edda da Avianca deve inflacionar ao menos 18 rotas a\u00e9reas Al\u00e9m do reflexo imediato do aumento nos [&hellip;]<\/p>\n","protected":false},"author":11,"featured_media":25360,"comment_status":"closed","ping_status":"closed","sticky":false,"template":"","format":"standard","meta":[],"categories":[64],"tags":[840],"suno_strategy":[],"class_list":["post-25349","post","type-post","status-publish","format-standard","has-post-thumbnail","hentry","category-negocios","tag-avianca"],"yoast_head":"<!-- This site is optimized with the Yoast SEO plugin v24.4 - https:\/\/yoast.com\/wordpress\/plugins\/seo\/ -->\n<title>Poss\u00edvel sa\u00edda da Avianca pode inflacionar ao menos 18 rotas a\u00e9reas<\/title>\n<meta name=\"description\" content=\"Caso a Avianca saia do mercado, 18 rotas ter\u00e3o apenas uma op\u00e7\u00e3o de voo podendo subir em 47,7% o valor das passagens. Clique e saiba mais.\" \/>\n<meta name=\"robots\" content=\"index, follow, max-snippet:-1, max-image-preview:large, max-video-preview:-1\" \/>\n<link rel=\"canonical\" href=\"https:\/\/www.suno.com.br\/noticias\/avianca-inflacionar-rotas\/\" \/>\n<meta property=\"og:locale\" content=\"pt_BR\" \/>\n<meta property=\"og:type\" content=\"article\" \/>\n<meta property=\"og:title\" content=\"Poss\u00edvel sa\u00edda da Avianca pode inflacionar ao menos 18 rotas a\u00e9reas\" \/>\n<meta property=\"og:description\" content=\"Caso a Avianca saia do mercado, 18 rotas ter\u00e3o apenas uma op\u00e7\u00e3o de voo podendo subir em 47,7% o valor das passagens. Clique e saiba mais.\" \/>\n<meta property=\"og:url\" content=\"https:\/\/www.suno.com.br\/noticias\/avianca-inflacionar-rotas\/\" \/>\n<meta property=\"og:site_name\" content=\"Suno Not\u00edcias\" \/>\n<meta property=\"article:publisher\" content=\"https:\/\/facebook.com\/sunoresearch\" \/>\n<meta property=\"og:image\" content=\"https:\/\/files.sunoresearch.com.br\/n\/uploads\/2019\/05\/9e6732b2-avianca.jpg\" \/>\n\t<meta property=\"og:image:width\" content=\"1140\" \/>\n\t<meta property=\"og:image:height\" content=\"760\" \/>\n\t<meta property=\"og:image:type\" content=\"image\/jpeg\" \/>\n<meta name=\"author\" content=\"Renan Bandeira\" \/>\n<meta name=\"twitter:card\" content=\"summary_large_image\" \/>\n<meta name=\"twitter:creator\" content=\"@sunoresearch\" \/>\n<meta name=\"twitter:site\" content=\"@sunoresearch\" \/>\n<meta name=\"twitter:label1\" content=\"Escrito por\" \/>\n\t<meta name=\"twitter:data1\" content=\"Renan Bandeira\" \/>\n\t<meta name=\"twitter:label2\" content=\"Est. tempo de leitura\" \/>\n\t<meta name=\"twitter:data2\" content=\"3 minutos\" \/>\n<script type=\"application\/ld+json\" class=\"yoast-schema-graph\">{\"@context\":\"https:\/\/schema.org\",\"@graph\":[{\"@type\":\"NewsArticle\",\"@id\":\"https:\/\/www.suno.com.br\/noticias\/avianca-inflacionar-rotas\/#article\",\"isPartOf\":{\"@id\":\"https:\/\/www.suno.com.br\/noticias\/avianca-inflacionar-rotas\/\"},\"author\":{\"name\":\"Renan Bandeira\",\"@id\":\"https:\/\/www.suno.com.br\/noticias\/#\/schema\/person\/fc144a1c6108bd1dcd43784e88a3c138\"},\"headline\":\"Poss\u00edvel sa\u00edda da Avianca pode inflacionar ao menos 18 rotas a\u00e9reas\",\"datePublished\":\"2019-05-21T13:51:04+00:00\",\"dateModified\":\"2019-05-21T13:52:15+00:00\",\"mainEntityOfPage\":{\"@id\":\"https:\/\/www.suno.com.br\/noticias\/avianca-inflacionar-rotas\/\"},\"wordCount\":560,\"publisher\":{\"@id\":\"https:\/\/www.suno.com.br\/noticias\/#organization\"},\"image\":{\"@id\":\"https:\/\/www.suno.com.br\/noticias\/avianca-inflacionar-rotas\/#primaryimage\"},\"thumbnailUrl\":\"https:\/\/files.sunoresearch.com.br\/n\/uploads\/2019\/05\/9e6732b2-avianca-jpg.webp\",\"keywords\":[\"Avianca\"],\"articleSection\":[\"Neg\u00f3cios\"],\"inLanguage\":\"pt-BR\"},{\"@type\":\"WebPage\",\"@id\":\"https:\/\/www.suno.com.br\/noticias\/avianca-inflacionar-rotas\/\",\"url\":\"https:\/\/www.suno.com.br\/noticias\/avianca-inflacionar-rotas\/\",\"name\":\"Poss\u00edvel sa\u00edda da Avianca pode inflacionar ao menos 18 rotas a\u00e9reas\",\"isPartOf\":{\"@id\":\"https:\/\/www.suno.com.br\/noticias\/#website\"},\"primaryImageOfPage\":{\"@id\":\"https:\/\/www.suno.com.br\/noticias\/avianca-inflacionar-rotas\/#primaryimage\"},\"image\":{\"@id\":\"https:\/\/www.suno.com.br\/noticias\/avianca-inflacionar-rotas\/#primaryimage\"},\"thumbnailUrl\":\"https:\/\/files.sunoresearch.com.br\/n\/uploads\/2019\/05\/9e6732b2-avianca-jpg.webp\",\"datePublished\":\"2019-05-21T13:51:04+00:00\",\"dateModified\":\"2019-05-21T13:52:15+00:00\",\"description\":\"Caso a Avianca saia do mercado, 18 rotas ter\u00e3o apenas uma op\u00e7\u00e3o de voo podendo subir em 47,7% o valor das passagens. Clique e saiba mais.\",\"breadcrumb\":{\"@id\":\"https:\/\/www.suno.com.br\/noticias\/avianca-inflacionar-rotas\/#breadcrumb\"},\"inLanguage\":\"pt-BR\",\"potentialAction\":[{\"@type\":\"ReadAction\",\"target\":[\"https:\/\/www.suno.com.br\/noticias\/avianca-inflacionar-rotas\/\"]}]},{\"@type\":\"ImageObject\",\"inLanguage\":\"pt-BR\",\"@id\":\"https:\/\/www.suno.com.br\/noticias\/avianca-inflacionar-rotas\/#primaryimage\",\"url\":\"https:\/\/files.sunoresearch.com.br\/n\/uploads\/2019\/05\/9e6732b2-avianca-jpg.webp\",\"contentUrl\":\"https:\/\/files.sunoresearch.com.br\/n\/uploads\/2019\/05\/9e6732b2-avianca-jpg.webp\",\"width\":1140,\"height\":760,\"caption\":\"Poss\u00edvel sa\u00edda da Avianca deve inflacionar ao menos 18 rotas a\u00e9reas\"},{\"@type\":\"BreadcrumbList\",\"@id\":\"https:\/\/www.suno.com.br\/noticias\/avianca-inflacionar-rotas\/#breadcrumb\",\"itemListElement\":[{\"@type\":\"ListItem\",\"position\":1,\"name\":\"Not\u00edcias\",\"item\":\"https:\/\/www.suno.com.br\/noticias\/\"},{\"@type\":\"ListItem\",\"position\":2,\"name\":\"Neg\u00f3cios\",\"item\":\"https:\/\/www.suno.com.br\/noticias\/negocios\/\"},{\"@type\":\"ListItem\",\"position\":3,\"name\":\"Poss\u00edvel sa\u00edda da Avianca pode inflacionar ao menos 18 rotas a\u00e9reas\"}]},{\"@type\":\"WebSite\",\"@id\":\"https:\/\/www.suno.com.br\/noticias\/#website\",\"url\":\"https:\/\/www.suno.com.br\/noticias\/\",\"name\":\"Suno Not\u00edcias\",\"description\":\"Seu portal de informa\u00e7\u00e3o sobre o mundo dos investimentos\",\"publisher\":{\"@id\":\"https:\/\/www.suno.com.br\/noticias\/#organization\"},\"potentialAction\":[{\"@type\":\"SearchAction\",\"target\":{\"@type\":\"EntryPoint\",\"urlTemplate\":\"https:\/\/www.suno.com.br\/noticias\/?s={search_term_string}\"},\"query-input\":{\"@type\":\"PropertyValueSpecification\",\"valueRequired\":true,\"valueName\":\"search_term_string\"}}],\"inLanguage\":\"pt-BR\"},{\"@type\":\"Organization\",\"@id\":\"https:\/\/www.suno.com.br\/noticias\/#organization\",\"name\":\"Suno Not\u00edcias\",\"url\":\"https:\/\/www.suno.com.br\/noticias\/\",\"logo\":{\"@type\":\"ImageObject\",\"inLanguage\":\"pt-BR\",\"@id\":\"https:\/\/www.suno.com.br\/noticias\/#\/schema\/logo\/image\/\",\"url\":\"https:\/\/files.sunoresearch.com.br\/n\/uploads\/2021\/09\/suno-logo.png\",\"contentUrl\":\"https:\/\/files.sunoresearch.com.br\/n\/uploads\/2021\/09\/suno-logo.png\",\"width\":180,\"height\":180,\"caption\":\"Suno Not\u00edcias\"},\"image\":{\"@id\":\"https:\/\/www.suno.com.br\/noticias\/#\/schema\/logo\/image\/\"},\"sameAs\":[\"https:\/\/facebook.com\/sunoresearch\",\"https:\/\/x.com\/sunoresearch\",\"https:\/\/www.instagram.com\/suno\",\"https:\/\/www.linkedin.com\/company\/suno-research\/\",\"https:\/\/www.youtube.com\/c\/sunoresearch\"]},{\"@type\":\"Person\",\"@id\":\"https:\/\/www.suno.com.br\/noticias\/#\/schema\/person\/fc144a1c6108bd1dcd43784e88a3c138\",\"name\":\"Renan Bandeira\",\"image\":{\"@type\":\"ImageObject\",\"inLanguage\":\"pt-BR\",\"@id\":\"https:\/\/www.suno.com.br\/noticias\/#\/schema\/person\/image\/\",\"url\":\"https:\/\/secure.gravatar.com\/avatar\/68359cdb608f14f11bbefcb78f3fc747?s=96&r=g\",\"contentUrl\":\"https:\/\/secure.gravatar.com\/avatar\/68359cdb608f14f11bbefcb78f3fc747?s=96&r=g\",\"caption\":\"Renan Bandeira\"},\"description\":\"Renan Bandeira escreve sobre pol\u00edtica e economia para o portal da Suno Research. Antes da Suno, trabalhou em uma rede de televis\u00e3o, onde fazia reportagens sobre os mesmos temas. Estuda na Universidade Metodista de S\u00e3o Paulo.\",\"url\":\"https:\/\/www.suno.com.br\/noticias\/author\/renan-bandeira\/\"}]}<\/script>\n<!-- \/ Yoast SEO plugin. -->","yoast_head_json":{"title":"Poss\u00edvel sa\u00edda da Avianca pode inflacionar ao menos 18 rotas a\u00e9reas","description":"Caso a Avianca saia do mercado, 18 rotas ter\u00e3o apenas uma op\u00e7\u00e3o de voo podendo subir em 47,7% o valor das passagens. Clique e saiba mais.","robots":{"index":"index","follow":"follow","max-snippet":"max-snippet:-1","max-image-preview":"max-image-preview:large","max-video-preview":"max-video-preview:-1"},"canonical":"https:\/\/www.suno.com.br\/noticias\/avianca-inflacionar-rotas\/","og_locale":"pt_BR","og_type":"article","og_title":"Poss\u00edvel sa\u00edda da Avianca pode inflacionar ao menos 18 rotas a\u00e9reas","og_description":"Caso a Avianca saia do mercado, 18 rotas ter\u00e3o apenas uma op\u00e7\u00e3o de voo podendo subir em 47,7% o valor das passagens. Clique e saiba mais.","og_url":"https:\/\/www.suno.com.br\/noticias\/avianca-inflacionar-rotas\/","og_site_name":"Suno Not\u00edcias","article_publisher":"https:\/\/facebook.com\/sunoresearch","og_image":[{"width":1140,"height":760,"url":"https:\/\/files.sunoresearch.com.br\/n\/uploads\/2019\/05\/9e6732b2-avianca.jpg","type":"image\/jpeg"}],"author":"Renan Bandeira","twitter_card":"summary_large_image","twitter_creator":"@sunoresearch","twitter_site":"@sunoresearch","twitter_misc":{"Escrito por":"Renan Bandeira","Est. tempo de leitura":"3 minutos"},"schema":{"@context":"https:\/\/schema.org","@graph":[{"@type":"NewsArticle","@id":"https:\/\/www.suno.com.br\/noticias\/avianca-inflacionar-rotas\/#article","isPartOf":{"@id":"https:\/\/www.suno.com.br\/noticias\/avianca-inflacionar-rotas\/"},"author":{"name":"Renan Bandeira","@id":"https:\/\/www.suno.com.br\/noticias\/#\/schema\/person\/fc144a1c6108bd1dcd43784e88a3c138"},"headline":"Poss\u00edvel sa\u00edda da Avianca pode inflacionar ao menos 18 rotas a\u00e9reas","datePublished":"2019-05-21T13:51:04+00:00","dateModified":"2019-05-21T13:52:15+00:00","mainEntityOfPage":{"@id":"https:\/\/www.suno.com.br\/noticias\/avianca-inflacionar-rotas\/"},"wordCount":560,"publisher":{"@id":"https:\/\/www.suno.com.br\/noticias\/#organization"},"image":{"@id":"https:\/\/www.suno.com.br\/noticias\/avianca-inflacionar-rotas\/#primaryimage"},"thumbnailUrl":"https:\/\/files.sunoresearch.com.br\/n\/uploads\/2019\/05\/9e6732b2-avianca-jpg.webp","keywords":["Avianca"],"articleSection":["Neg\u00f3cios"],"inLanguage":"pt-BR"},{"@type":"WebPage","@id":"https:\/\/www.suno.com.br\/noticias\/avianca-inflacionar-rotas\/","url":"https:\/\/www.suno.com.br\/noticias\/avianca-inflacionar-rotas\/","name":"Poss\u00edvel sa\u00edda da Avianca pode inflacionar ao menos 18 rotas a\u00e9reas","isPartOf":{"@id":"https:\/\/www.suno.com.br\/noticias\/#website"},"primaryImageOfPage":{"@id":"https:\/\/www.suno.com.br\/noticias\/avianca-inflacionar-rotas\/#primaryimage"},"image":{"@id":"https:\/\/www.suno.com.br\/noticias\/avianca-inflacionar-rotas\/#primaryimage"},"thumbnailUrl":"https:\/\/files.sunoresearch.com.br\/n\/uploads\/2019\/05\/9e6732b2-avianca-jpg.webp","datePublished":"2019-05-21T13:51:04+00:00","dateModified":"2019-05-21T13:52:15+00:00","description":"Caso a Avianca saia do mercado, 18 rotas ter\u00e3o apenas uma op\u00e7\u00e3o de voo podendo subir em 47,7% o valor das passagens. Clique e saiba mais.","breadcrumb":{"@id":"https:\/\/www.suno.com.br\/noticias\/avianca-inflacionar-rotas\/#breadcrumb"},"inLanguage":"pt-BR","potentialAction":[{"@type":"ReadAction","target":["https:\/\/www.suno.com.br\/noticias\/avianca-inflacionar-rotas\/"]}]},{"@type":"ImageObject","inLanguage":"pt-BR","@id":"https:\/\/www.suno.com.br\/noticias\/avianca-inflacionar-rotas\/#primaryimage","url":"https:\/\/files.sunoresearch.com.br\/n\/uploads\/2019\/05\/9e6732b2-avianca-jpg.webp","contentUrl":"https:\/\/files.sunoresearch.com.br\/n\/uploads\/2019\/05\/9e6732b2-avianca-jpg.webp","width":1140,"height":760,"caption":"Poss\u00edvel sa\u00edda da Avianca deve inflacionar ao menos 18 rotas a\u00e9reas"},{"@type":"BreadcrumbList","@id":"https:\/\/www.suno.com.br\/noticias\/avianca-inflacionar-rotas\/#breadcrumb","itemListElement":[{"@type":"ListItem","position":1,"name":"Not\u00edcias","item":"https:\/\/www.suno.com.br\/noticias\/"},{"@type":"ListItem","position":2,"name":"Neg\u00f3cios","item":"https:\/\/www.suno.com.br\/noticias\/negocios\/"},{"@type":"ListItem","position":3,"name":"Poss\u00edvel sa\u00edda da Avianca pode inflacionar ao menos 18 rotas a\u00e9reas"}]},{"@type":"WebSite","@id":"https:\/\/www.suno.com.br\/noticias\/#website","url":"https:\/\/www.suno.com.br\/noticias\/","name":"Suno Not\u00edcias","description":"Seu portal de informa\u00e7\u00e3o sobre o mundo dos investimentos","publisher":{"@id":"https:\/\/www.suno.com.br\/noticias\/#organization"},"potentialAction":[{"@type":"SearchAction","target":{"@type":"EntryPoint","urlTemplate":"https:\/\/www.suno.com.br\/noticias\/?s={search_term_string}"},"query-input":{"@type":"PropertyValueSpecification","valueRequired":true,"valueName":"search_term_string"}}],"inLanguage":"pt-BR"},{"@type":"Organization","@id":"https:\/\/www.suno.com.br\/noticias\/#organization","name":"Suno Not\u00edcias","url":"https:\/\/www.suno.com.br\/noticias\/","logo":{"@type":"ImageObject","inLanguage":"pt-BR","@id":"https:\/\/www.suno.com.br\/noticias\/#\/schema\/logo\/image\/","url":"https:\/\/files.sunoresearch.com.br\/n\/uploads\/2021\/09\/suno-logo.png","contentUrl":"https:\/\/files.sunoresearch.com.br\/n\/uploads\/2021\/09\/suno-logo.png","width":180,"height":180,"caption":"Suno Not\u00edcias"},"image":{"@id":"https:\/\/www.suno.com.br\/noticias\/#\/schema\/logo\/image\/"},"sameAs":["https:\/\/facebook.com\/sunoresearch","https:\/\/x.com\/sunoresearch","https:\/\/www.instagram.com\/suno","https:\/\/www.linkedin.com\/company\/suno-research\/","https:\/\/www.youtube.com\/c\/sunoresearch"]},{"@type":"Person","@id":"https:\/\/www.suno.com.br\/noticias\/#\/schema\/person\/fc144a1c6108bd1dcd43784e88a3c138","name":"Renan Bandeira","image":{"@type":"ImageObject","inLanguage":"pt-BR","@id":"https:\/\/www.suno.com.br\/noticias\/#\/schema\/person\/image\/","url":"https:\/\/secure.gravatar.com\/avatar\/68359cdb608f14f11bbefcb78f3fc747?s=96&r=g","contentUrl":"https:\/\/secure.gravatar.com\/avatar\/68359cdb608f14f11bbefcb78f3fc747?s=96&r=g","caption":"Renan Bandeira"},"description":"Renan Bandeira escreve sobre pol\u00edtica e economia para o portal da Suno Research. Antes da Suno, trabalhou em uma rede de televis\u00e3o, onde fazia reportagens sobre os mesmos temas. Estuda na Universidade Metodista de S\u00e3o Paulo.","url":"https:\/\/www.suno.com.br\/noticias\/author\/renan-bandeira\/"}]}},"default_loop_html":"<div class=\"cardsPage__listCard__boxs\"><div class=\"cardsPage__listCard__boxs__img\"><a href=\"https:\/\/www.suno.com.br\/noticias\/avianca-inflacionar-rotas\/\"><img class=\"mask\" src=\"https:\/\/www.suno.com.br\/noticias\/wp-content\/themes\/suno\/resources\/images\/spotlight\/spotlight1img\/bg-mask.png\" alt=\"Image Mask\"\/><img src=\"https:\/\/files.sunoresearch.com.br\/n\/uploads\/2019\/05\/9e6732b2-avianca-400x200.webp\" alt=\"Poss\u00edvel sa\u00edda da Avianca pode inflacionar ao menos 18 rotas a\u00e9reas\"\/><\/a><span class=\"spotlightCategory\"><a href=\"https:\/\/www.suno.com.br\/noticias\/negocios\/\">Neg\u00f3cios<\/a><\/span><\/div><div class=\"cardsPage__listCard__boxs__content\"><a href=\"https:\/\/www.suno.com.br\/noticias\/avianca-inflacionar-rotas\/\"><h2 class=\"content__title\">Poss\u00edvel sa\u00edda da Avianca pode inflacionar ao menos 18 rotas a\u00e9reas<\/h2><\/a><div class=\"newsContent__article__meta\"><div class=\"newsContent__article__meta__authorBox\"><a href=\"https:\/\/www.suno.com.br\/noticias\/author\/renan-bandeira\/\" class=\"authorBox__avatar noMobi\"><img src=\"https:\/\/secure.gravatar.com\/avatar\/68359cdb608f14f11bbefcb78f3fc747?s=96&#038;r=g\" alt=\"Renan Bandeira\"><\/a><div class=\"authorBox__name\"><span>por\n\t\t\t<a href=\"https:\/\/www.suno.com.br\/noticias\/author\/renan-bandeira\/\"><span itemprop=\"author\">Renan Bandeira<\/span><\/a><\/span><time datetime=\"2019-05-21T10:51:04-03:00\" itemprop=\"datePublished\">21\/05\/2019 10:51<\/time><\/div><\/div><\/div><\/div><\/div>","single_layout":"posts","amp_enabled":true,"_links":{"self":[{"href":"https:\/\/www.suno.com.br\/noticias\/wp-json\/wp\/v2\/posts\/25349"}],"collection":[{"href":"https:\/\/www.suno.com.br\/noticias\/wp-json\/wp\/v2\/posts"}],"about":[{"href":"https:\/\/www.suno.com.br\/noticias\/wp-json\/wp\/v2\/types\/post"}],"author":[{"embeddable":true,"href":"https:\/\/www.suno.com.br\/noticias\/wp-json\/wp\/v2\/users\/11"}],"replies":[{"embeddable":true,"href":"https:\/\/www.suno.com.br\/noticias\/wp-json\/wp\/v2\/comments?post=25349"}],"version-history":[{"count":0,"href":"https:\/\/www.suno.com.br\/noticias\/wp-json\/wp\/v2\/posts\/25349\/revisions"}],"wp:featuredmedia":[{"embeddable":true,"href":"https:\/\/www.suno.com.br\/noticias\/wp-json\/wp\/v2\/media\/25360"}],"wp:attachment":[{"href":"https:\/\/www.suno.com.br\/noticias\/wp-json\/wp\/v2\/media?parent=25349"}],"wp:term":[{"taxonomy":"category","embeddable":true,"href":"https:\/\/www.suno.com.br\/noticias\/wp-json\/wp\/v2\/categories?post=25349"},{"taxonomy":"post_tag","embeddable":true,"href":"https:\/\/www.suno.com.br\/noticias\/wp-json\/wp\/v2\/tags?post=25349"},{"taxonomy":"suno_strategy","embeddable":true,"href":"https:\/\/www.suno.com.br\/noticias\/wp-json\/wp\/v2\/suno_strategy?post=25349"}],"curies":[{"name":"wp","href":"https:\/\/api.w.org\/{rel}","templated":true}]}}