{"id":25344,"date":"2019-05-21T09:50:05","date_gmt":"2019-05-21T12:50:05","guid":{"rendered":"https:\/\/www.suno.com.br\/noticias\/?p=25344"},"modified":"2019-05-21T09:50:05","modified_gmt":"2019-05-21T12:50:05","slug":"confianca-da-industria-recua-em-maio","status":"publish","type":"post","link":"https:\/\/www.suno.com.br\/noticias\/confianca-da-industria-recua-em-maio\/","title":{"rendered":"Confian\u00e7a da Ind\u00fastria recua em maio, aponta pr\u00e9via da FGV"},"content":{"rendered":"<p>O \u00cdndice de Confian\u00e7a da Ind\u00fastria recua 1,6 ponto em maio, aponta a pr\u00e9via da <strong>Funda\u00e7\u00e3o Get\u00falio Vargas (FGV).<\/strong> Assim, o resultado \u00e9 uma compara\u00e7\u00e3o com os valores do m\u00eas de abril. Dessa forma, o indicador passou a 96,3 em uma escala que vai de 0 a 200.<\/p>\t<div class=\"wrapper-featured-image\">\n\t\t<figure class=\"spotlightImg\">\n\n\t\t\t<picture>\n\t\t\t\t<source media=\"(max-width: 768px)\" srcset=\"https:\/\/files.sunoresearch.com.br\/n\/uploads\/2019\/05\/cf9d4698-confian\u00e7a-da-ind\u00fastria-400x200.webp\">\n\t\t\t\t<img loading=\"lazy\" decoding=\"async\" class=\"newsContent__article__imgCapa lazyloadDisabled newsContent__article__imgCapa--noCaption\" src=\"https:\/\/files.sunoresearch.com.br\/n\/uploads\/2019\/05\/cf9d4698-confian\u00e7a-da-ind\u00fastria-jpg.webp\" width=\"800\" height=\"450\" alt=\"Confian\u00e7a da Ind\u00fastria recua em maio, aponta pr\u00e9via da FGV\" fetchpriority=high \/>\n\t\t\t<\/picture>\n\n\t\t\t<figcaption class=\"wp-caption-text wp-caption-text--hide\">Confian\u00e7a da Ind\u00fastria<\/figcaption>\n\t\t<\/figure>\n\t<\/div>\n\n\n<p>De acordo com a <strong>FGV,<\/strong> a queda na <strong>Confian\u00e7a da Ind\u00fastria<\/strong> \u00e9 puxada pela confian\u00e7a na situa\u00e7\u00e3o atual e nos meses seguintes. Assim:<\/p>\n\t<p>\n\t\t<a href=\"https:\/\/lp2.suno.com.br\/pv\/bolsa-para-iniciantes?utm_campaign=_SNC757A2733_rs.mpr26---meu-primeiro-rendimento---venda---not\u00edcias&#038;utm_source=suno-not\u00edcias&#038;utm_medium=banner.noticias\" target=\"_blank\" data-element=\"shortcode-suno-banner\" title=\"Banner SUNO, clique e saiba mais\">\n\t\t\t<picture>\n\t\t\t\t<source media=\"(max-width: 500px)\" srcset=\"https:\/\/files.sunoresearch.com.br\/n\/uploads\/2026\/04\/400x300-Banner-Materias-01-png.webp\">\n\t\t\t\t<img class=\"newsContent__article__imgCapa newsContent__article__imgCapa--banner\"\n\t\t\t\t\tsrc=\"https:\/\/files.sunoresearch.com.br\/n\/uploads\/2026\/04\/1420x240-Banner-Materias-01-png.webp\"\n\t\t\t\t\tdata-promo-id=\"647482\"\t\t\t\t\t\t\t\t\t\twidth='1420' height='240'\t\t\t\t\talt=\"https:\/\/files.sunoresearch.com.br\/n\/uploads\/2026\/04\/1420x240-Banner-Materias-01-png.webp\"\n\t\t\t\t>\n\t\t\t<\/picture>\n\t\t<\/a>\n\t<\/p>\n\n\n<ul>\n<li>o <strong>\u00cdndice da Situa\u00e7\u00e3o Atual<\/strong> teve uma queda de 0,4 ponto. Ou seja, ficou em 98,1 pontos;<\/li>\n<li>j\u00e1 o <strong>\u00cdndice de Expectativas<\/strong> recuou 2,9 ponto. Sendo assim, o indicador foi a 94,5 pontos.<\/li>\n<\/ul>\n<p>Entretanto, em contrapartida, alguns outros \u00edndices subiram. Assim, o <strong>N\u00edvel de Utiliza\u00e7\u00e3o da Capacidade<\/strong> apresentou uma alta de 0,2 pontos para 74,7 pontos.\u00a0Os valores s\u00e3o uma pr\u00e9via do resultado de maio. Assim, os n\u00fameros oficiais ser\u00e3o divulgados no pr\u00f3ximo dia 28.<\/p>\n<p><a href=\"https:\/\/www.suno.com.br\/noticias\/confianca-do-empresario-queda-seguida\/\">Saiba Mais: Confian\u00e7a do empres\u00e1rio registra 4\u00ba queda seguida em maio, diz CNI<\/a><\/p>\n<h2>Confian\u00e7a do empres\u00e1rio<\/h2>\n<p>N\u00e3o foi apenas a Confian\u00e7a na Ind\u00fastria que apresentou recuo.\u00a0O <strong>\u00cdndice de Confian\u00e7a do Empres\u00e1rio Industrial (ICEI)<\/strong> registrou a quarta queda seguida em maio. Assim, o \u00edndice caiu 1,9 ponto, de 58,4 pontos para 56,5 pontos. A informa\u00e7\u00e3o foi divulgado na segunda-feira (20) pela Confedera\u00e7\u00e3o Nacional da Ind\u00fastria (CNI).<\/p>\n<p>Com isso, esse foi o quarto m\u00eas seguido de queda no \u00edndice, que totaliza uma redu\u00e7\u00e3o de 8,2 pontos no ano. Ao todo, foram consultadas 2.404 empresas do Pa\u00eds, entre os dias 2 e 13 de maio. Mesmo assim, a <strong>confian\u00e7a do empres\u00e1rio<\/strong> continua otimista. Isso porque o patamar foi superior a 50, que \u00e9 o limite entre o otimismo e o pessimismo.<\/p>\n<p><a href=\"https:\/\/www.suno.com.br\/noticias\/confianca-empresario-menor-nivel\/\">Saiba mais:\u00a0Confian\u00e7a do empres\u00e1rio atinge o menor n\u00edvel desde outubro, diz CNI<\/a><\/p>\n<p>&#8220;Apesar dessa sequ\u00eancia de quedas, a confian\u00e7a do empres\u00e1rio ainda pode ser considerada elevada. O Icei permanece distante da linha divis\u00f3ria de 50 pontos, 1,0 ponto acima do registrado em maio de 2018 e 2,0 pontos acima da m\u00e9dia hist\u00f3rica do indicador&#8221;, avaliou a <strong>CNI<\/strong> no documento<\/p>\n","protected":false},"excerpt":{"rendered":"<p>O \u00cdndice de Confian\u00e7a da Ind\u00fastria recua 1,6 ponto em maio, aponta a pr\u00e9via da Funda\u00e7\u00e3o Get\u00falio Vargas (FGV). Assim, o resultado \u00e9 uma compara\u00e7\u00e3o com os valores do m\u00eas de abril. Dessa forma, o indicador passou a 96,3 em uma escala que vai de 0 a 200. Confian\u00e7a da Ind\u00fastria De acordo com a [&hellip;]<\/p>\n","protected":false},"author":16,"featured_media":25346,"comment_status":"closed","ping_status":"closed","sticky":false,"template":"","format":"standard","meta":[],"categories":[62],"tags":[740,797],"suno_strategy":[],"class_list":["post-25344","post","type-post","status-publish","format-standard","has-post-thumbnail","hentry","category-economia","tag-economia","tag-fgv"],"yoast_head":"<!-- This site is optimized with the Yoast SEO plugin v24.4 - https:\/\/yoast.com\/wordpress\/plugins\/seo\/ -->\n<title>Confian\u00e7a da Ind\u00fastria recua em maio, aponta pr\u00e9via da FGV<\/title>\n<meta name=\"description\" content=\"O \u00cdndice de Confian\u00e7a da Ind\u00fastria foi puxado por quedas tanto na confian\u00e7a com a atual situa\u00e7\u00e3o quanto na expectativa nos pr\u00f3ximos meses.\" \/>\n<meta name=\"robots\" content=\"index, follow, max-snippet:-1, max-image-preview:large, max-video-preview:-1\" \/>\n<link rel=\"canonical\" href=\"https:\/\/www.suno.com.br\/noticias\/confianca-da-industria-recua-em-maio\/\" \/>\n<meta property=\"og:locale\" content=\"pt_BR\" \/>\n<meta property=\"og:type\" content=\"article\" \/>\n<meta property=\"og:title\" content=\"Confian\u00e7a da Ind\u00fastria recua em maio, aponta pr\u00e9via da FGV\" \/>\n<meta property=\"og:description\" content=\"O \u00cdndice de Confian\u00e7a da Ind\u00fastria foi puxado por quedas tanto na confian\u00e7a com a atual situa\u00e7\u00e3o quanto na expectativa nos pr\u00f3ximos meses.\" \/>\n<meta property=\"og:url\" content=\"https:\/\/www.suno.com.br\/noticias\/confianca-da-industria-recua-em-maio\/\" \/>\n<meta property=\"og:site_name\" content=\"Suno Not\u00edcias\" \/>\n<meta property=\"article:publisher\" content=\"https:\/\/facebook.com\/sunoresearch\" \/>\n<meta property=\"og:image\" content=\"https:\/\/files.sunoresearch.com.br\/n\/uploads\/2019\/05\/cf9d4698-confian\u00e7a-da-ind\u00fastria.jpg\" \/>\n\t<meta property=\"og:image:width\" content=\"744\" \/>\n\t<meta property=\"og:image:height\" content=\"531\" \/>\n\t<meta property=\"og:image:type\" content=\"image\/jpeg\" \/>\n<meta name=\"author\" content=\"Beatriz Oliveira\" \/>\n<meta name=\"twitter:card\" content=\"summary_large_image\" \/>\n<meta name=\"twitter:creator\" content=\"@sunoresearch\" \/>\n<meta name=\"twitter:site\" content=\"@sunoresearch\" \/>\n<meta name=\"twitter:label1\" content=\"Escrito por\" \/>\n\t<meta name=\"twitter:data1\" content=\"Beatriz Oliveira\" \/>\n\t<meta name=\"twitter:label2\" content=\"Est. tempo de leitura\" \/>\n\t<meta name=\"twitter:data2\" content=\"2 minutos\" \/>\n<script type=\"application\/ld+json\" class=\"yoast-schema-graph\">{\"@context\":\"https:\/\/schema.org\",\"@graph\":[{\"@type\":\"NewsArticle\",\"@id\":\"https:\/\/www.suno.com.br\/noticias\/confianca-da-industria-recua-em-maio\/#article\",\"isPartOf\":{\"@id\":\"https:\/\/www.suno.com.br\/noticias\/confianca-da-industria-recua-em-maio\/\"},\"author\":{\"name\":\"Beatriz Oliveira\",\"@id\":\"https:\/\/www.suno.com.br\/noticias\/#\/schema\/person\/e67f665add014bf99f644028de070cc3\"},\"headline\":\"Confian\u00e7a da Ind\u00fastria recua em maio, aponta pr\u00e9via da FGV\",\"datePublished\":\"2019-05-21T12:50:05+00:00\",\"mainEntityOfPage\":{\"@id\":\"https:\/\/www.suno.com.br\/noticias\/confianca-da-industria-recua-em-maio\/\"},\"wordCount\":368,\"publisher\":{\"@id\":\"https:\/\/www.suno.com.br\/noticias\/#organization\"},\"image\":{\"@id\":\"https:\/\/www.suno.com.br\/noticias\/confianca-da-industria-recua-em-maio\/#primaryimage\"},\"thumbnailUrl\":\"https:\/\/files.sunoresearch.com.br\/n\/uploads\/2019\/05\/cf9d4698-confian\u00e7a-da-ind\u00fastria-jpg.webp\",\"keywords\":[\"Economia\",\"FGV\"],\"articleSection\":[\"Economia\"],\"inLanguage\":\"pt-BR\"},{\"@type\":\"WebPage\",\"@id\":\"https:\/\/www.suno.com.br\/noticias\/confianca-da-industria-recua-em-maio\/\",\"url\":\"https:\/\/www.suno.com.br\/noticias\/confianca-da-industria-recua-em-maio\/\",\"name\":\"Confian\u00e7a da Ind\u00fastria recua em maio, aponta pr\u00e9via da FGV\",\"isPartOf\":{\"@id\":\"https:\/\/www.suno.com.br\/noticias\/#website\"},\"primaryImageOfPage\":{\"@id\":\"https:\/\/www.suno.com.br\/noticias\/confianca-da-industria-recua-em-maio\/#primaryimage\"},\"image\":{\"@id\":\"https:\/\/www.suno.com.br\/noticias\/confianca-da-industria-recua-em-maio\/#primaryimage\"},\"thumbnailUrl\":\"https:\/\/files.sunoresearch.com.br\/n\/uploads\/2019\/05\/cf9d4698-confian\u00e7a-da-ind\u00fastria-jpg.webp\",\"datePublished\":\"2019-05-21T12:50:05+00:00\",\"description\":\"O \u00cdndice de Confian\u00e7a da Ind\u00fastria foi puxado por quedas tanto na confian\u00e7a com a atual situa\u00e7\u00e3o quanto na expectativa nos pr\u00f3ximos meses.\",\"breadcrumb\":{\"@id\":\"https:\/\/www.suno.com.br\/noticias\/confianca-da-industria-recua-em-maio\/#breadcrumb\"},\"inLanguage\":\"pt-BR\",\"potentialAction\":[{\"@type\":\"ReadAction\",\"target\":[\"https:\/\/www.suno.com.br\/noticias\/confianca-da-industria-recua-em-maio\/\"]}]},{\"@type\":\"ImageObject\",\"inLanguage\":\"pt-BR\",\"@id\":\"https:\/\/www.suno.com.br\/noticias\/confianca-da-industria-recua-em-maio\/#primaryimage\",\"url\":\"https:\/\/files.sunoresearch.com.br\/n\/uploads\/2019\/05\/cf9d4698-confian\u00e7a-da-ind\u00fastria-jpg.webp\",\"contentUrl\":\"https:\/\/files.sunoresearch.com.br\/n\/uploads\/2019\/05\/cf9d4698-confian\u00e7a-da-ind\u00fastria-jpg.webp\",\"width\":744,\"height\":531,\"caption\":\"Confian\u00e7a da Ind\u00fastria\"},{\"@type\":\"BreadcrumbList\",\"@id\":\"https:\/\/www.suno.com.br\/noticias\/confianca-da-industria-recua-em-maio\/#breadcrumb\",\"itemListElement\":[{\"@type\":\"ListItem\",\"position\":1,\"name\":\"Not\u00edcias\",\"item\":\"https:\/\/www.suno.com.br\/noticias\/\"},{\"@type\":\"ListItem\",\"position\":2,\"name\":\"Economia\",\"item\":\"https:\/\/www.suno.com.br\/noticias\/economia\/\"},{\"@type\":\"ListItem\",\"position\":3,\"name\":\"Confian\u00e7a da Ind\u00fastria recua em maio, aponta pr\u00e9via da FGV\"}]},{\"@type\":\"WebSite\",\"@id\":\"https:\/\/www.suno.com.br\/noticias\/#website\",\"url\":\"https:\/\/www.suno.com.br\/noticias\/\",\"name\":\"Suno Not\u00edcias\",\"description\":\"Seu portal de informa\u00e7\u00e3o sobre o mundo dos investimentos\",\"publisher\":{\"@id\":\"https:\/\/www.suno.com.br\/noticias\/#organization\"},\"potentialAction\":[{\"@type\":\"SearchAction\",\"target\":{\"@type\":\"EntryPoint\",\"urlTemplate\":\"https:\/\/www.suno.com.br\/noticias\/?s={search_term_string}\"},\"query-input\":{\"@type\":\"PropertyValueSpecification\",\"valueRequired\":true,\"valueName\":\"search_term_string\"}}],\"inLanguage\":\"pt-BR\"},{\"@type\":\"Organization\",\"@id\":\"https:\/\/www.suno.com.br\/noticias\/#organization\",\"name\":\"Suno Not\u00edcias\",\"url\":\"https:\/\/www.suno.com.br\/noticias\/\",\"logo\":{\"@type\":\"ImageObject\",\"inLanguage\":\"pt-BR\",\"@id\":\"https:\/\/www.suno.com.br\/noticias\/#\/schema\/logo\/image\/\",\"url\":\"https:\/\/files.sunoresearch.com.br\/n\/uploads\/2021\/09\/suno-logo.png\",\"contentUrl\":\"https:\/\/files.sunoresearch.com.br\/n\/uploads\/2021\/09\/suno-logo.png\",\"width\":180,\"height\":180,\"caption\":\"Suno Not\u00edcias\"},\"image\":{\"@id\":\"https:\/\/www.suno.com.br\/noticias\/#\/schema\/logo\/image\/\"},\"sameAs\":[\"https:\/\/facebook.com\/sunoresearch\",\"https:\/\/x.com\/sunoresearch\",\"https:\/\/www.instagram.com\/suno\",\"https:\/\/www.linkedin.com\/company\/suno-research\/\",\"https:\/\/www.youtube.com\/c\/sunoresearch\"]},{\"@type\":\"Person\",\"@id\":\"https:\/\/www.suno.com.br\/noticias\/#\/schema\/person\/e67f665add014bf99f644028de070cc3\",\"name\":\"Beatriz Oliveira\",\"image\":{\"@type\":\"ImageObject\",\"inLanguage\":\"pt-BR\",\"@id\":\"https:\/\/www.suno.com.br\/noticias\/#\/schema\/person\/image\/\",\"url\":\"https:\/\/secure.gravatar.com\/avatar\/c9aa6a0aaecc598d257d5d5bd349157d?s=96&r=g\",\"contentUrl\":\"https:\/\/secure.gravatar.com\/avatar\/c9aa6a0aaecc598d257d5d5bd349157d?s=96&r=g\",\"caption\":\"Beatriz Oliveira\"},\"description\":\"Formada em Jornalismo pela Faculdade Paulus de Tecnologia e Comunica\u00e7\u00e3o, Beatriz Oliveira escreve para o portal de not\u00edcias Suno Research. Antes, passou pelas reda\u00e7\u00f5es da Revista EXAME e da Rede Bandeirantes.\",\"url\":\"https:\/\/www.suno.com.br\/noticias\/author\/beatriz\/\"}]}<\/script>\n<!-- \/ Yoast SEO plugin. -->","yoast_head_json":{"title":"Confian\u00e7a da Ind\u00fastria recua em maio, aponta pr\u00e9via da FGV","description":"O \u00cdndice de Confian\u00e7a da Ind\u00fastria foi puxado por quedas tanto na confian\u00e7a com a atual situa\u00e7\u00e3o quanto na expectativa nos pr\u00f3ximos meses.","robots":{"index":"index","follow":"follow","max-snippet":"max-snippet:-1","max-image-preview":"max-image-preview:large","max-video-preview":"max-video-preview:-1"},"canonical":"https:\/\/www.suno.com.br\/noticias\/confianca-da-industria-recua-em-maio\/","og_locale":"pt_BR","og_type":"article","og_title":"Confian\u00e7a da Ind\u00fastria recua em maio, aponta pr\u00e9via da FGV","og_description":"O \u00cdndice de Confian\u00e7a da Ind\u00fastria foi puxado por quedas tanto na confian\u00e7a com a atual situa\u00e7\u00e3o quanto na expectativa nos pr\u00f3ximos meses.","og_url":"https:\/\/www.suno.com.br\/noticias\/confianca-da-industria-recua-em-maio\/","og_site_name":"Suno Not\u00edcias","article_publisher":"https:\/\/facebook.com\/sunoresearch","og_image":[{"width":744,"height":531,"url":"https:\/\/files.sunoresearch.com.br\/n\/uploads\/2019\/05\/cf9d4698-confian\u00e7a-da-ind\u00fastria.jpg","type":"image\/jpeg"}],"author":"Beatriz Oliveira","twitter_card":"summary_large_image","twitter_creator":"@sunoresearch","twitter_site":"@sunoresearch","twitter_misc":{"Escrito por":"Beatriz Oliveira","Est. tempo de leitura":"2 minutos"},"schema":{"@context":"https:\/\/schema.org","@graph":[{"@type":"NewsArticle","@id":"https:\/\/www.suno.com.br\/noticias\/confianca-da-industria-recua-em-maio\/#article","isPartOf":{"@id":"https:\/\/www.suno.com.br\/noticias\/confianca-da-industria-recua-em-maio\/"},"author":{"name":"Beatriz Oliveira","@id":"https:\/\/www.suno.com.br\/noticias\/#\/schema\/person\/e67f665add014bf99f644028de070cc3"},"headline":"Confian\u00e7a da Ind\u00fastria recua em maio, aponta pr\u00e9via da FGV","datePublished":"2019-05-21T12:50:05+00:00","mainEntityOfPage":{"@id":"https:\/\/www.suno.com.br\/noticias\/confianca-da-industria-recua-em-maio\/"},"wordCount":368,"publisher":{"@id":"https:\/\/www.suno.com.br\/noticias\/#organization"},"image":{"@id":"https:\/\/www.suno.com.br\/noticias\/confianca-da-industria-recua-em-maio\/#primaryimage"},"thumbnailUrl":"https:\/\/files.sunoresearch.com.br\/n\/uploads\/2019\/05\/cf9d4698-confian\u00e7a-da-ind\u00fastria-jpg.webp","keywords":["Economia","FGV"],"articleSection":["Economia"],"inLanguage":"pt-BR"},{"@type":"WebPage","@id":"https:\/\/www.suno.com.br\/noticias\/confianca-da-industria-recua-em-maio\/","url":"https:\/\/www.suno.com.br\/noticias\/confianca-da-industria-recua-em-maio\/","name":"Confian\u00e7a da Ind\u00fastria recua em maio, aponta pr\u00e9via da FGV","isPartOf":{"@id":"https:\/\/www.suno.com.br\/noticias\/#website"},"primaryImageOfPage":{"@id":"https:\/\/www.suno.com.br\/noticias\/confianca-da-industria-recua-em-maio\/#primaryimage"},"image":{"@id":"https:\/\/www.suno.com.br\/noticias\/confianca-da-industria-recua-em-maio\/#primaryimage"},"thumbnailUrl":"https:\/\/files.sunoresearch.com.br\/n\/uploads\/2019\/05\/cf9d4698-confian\u00e7a-da-ind\u00fastria-jpg.webp","datePublished":"2019-05-21T12:50:05+00:00","description":"O \u00cdndice de Confian\u00e7a da Ind\u00fastria foi puxado por quedas tanto na confian\u00e7a com a atual situa\u00e7\u00e3o quanto na expectativa nos pr\u00f3ximos meses.","breadcrumb":{"@id":"https:\/\/www.suno.com.br\/noticias\/confianca-da-industria-recua-em-maio\/#breadcrumb"},"inLanguage":"pt-BR","potentialAction":[{"@type":"ReadAction","target":["https:\/\/www.suno.com.br\/noticias\/confianca-da-industria-recua-em-maio\/"]}]},{"@type":"ImageObject","inLanguage":"pt-BR","@id":"https:\/\/www.suno.com.br\/noticias\/confianca-da-industria-recua-em-maio\/#primaryimage","url":"https:\/\/files.sunoresearch.com.br\/n\/uploads\/2019\/05\/cf9d4698-confian\u00e7a-da-ind\u00fastria-jpg.webp","contentUrl":"https:\/\/files.sunoresearch.com.br\/n\/uploads\/2019\/05\/cf9d4698-confian\u00e7a-da-ind\u00fastria-jpg.webp","width":744,"height":531,"caption":"Confian\u00e7a da Ind\u00fastria"},{"@type":"BreadcrumbList","@id":"https:\/\/www.suno.com.br\/noticias\/confianca-da-industria-recua-em-maio\/#breadcrumb","itemListElement":[{"@type":"ListItem","position":1,"name":"Not\u00edcias","item":"https:\/\/www.suno.com.br\/noticias\/"},{"@type":"ListItem","position":2,"name":"Economia","item":"https:\/\/www.suno.com.br\/noticias\/economia\/"},{"@type":"ListItem","position":3,"name":"Confian\u00e7a da Ind\u00fastria recua em maio, aponta pr\u00e9via da FGV"}]},{"@type":"WebSite","@id":"https:\/\/www.suno.com.br\/noticias\/#website","url":"https:\/\/www.suno.com.br\/noticias\/","name":"Suno Not\u00edcias","description":"Seu portal de informa\u00e7\u00e3o sobre o mundo dos investimentos","publisher":{"@id":"https:\/\/www.suno.com.br\/noticias\/#organization"},"potentialAction":[{"@type":"SearchAction","target":{"@type":"EntryPoint","urlTemplate":"https:\/\/www.suno.com.br\/noticias\/?s={search_term_string}"},"query-input":{"@type":"PropertyValueSpecification","valueRequired":true,"valueName":"search_term_string"}}],"inLanguage":"pt-BR"},{"@type":"Organization","@id":"https:\/\/www.suno.com.br\/noticias\/#organization","name":"Suno Not\u00edcias","url":"https:\/\/www.suno.com.br\/noticias\/","logo":{"@type":"ImageObject","inLanguage":"pt-BR","@id":"https:\/\/www.suno.com.br\/noticias\/#\/schema\/logo\/image\/","url":"https:\/\/files.sunoresearch.com.br\/n\/uploads\/2021\/09\/suno-logo.png","contentUrl":"https:\/\/files.sunoresearch.com.br\/n\/uploads\/2021\/09\/suno-logo.png","width":180,"height":180,"caption":"Suno Not\u00edcias"},"image":{"@id":"https:\/\/www.suno.com.br\/noticias\/#\/schema\/logo\/image\/"},"sameAs":["https:\/\/facebook.com\/sunoresearch","https:\/\/x.com\/sunoresearch","https:\/\/www.instagram.com\/suno","https:\/\/www.linkedin.com\/company\/suno-research\/","https:\/\/www.youtube.com\/c\/sunoresearch"]},{"@type":"Person","@id":"https:\/\/www.suno.com.br\/noticias\/#\/schema\/person\/e67f665add014bf99f644028de070cc3","name":"Beatriz Oliveira","image":{"@type":"ImageObject","inLanguage":"pt-BR","@id":"https:\/\/www.suno.com.br\/noticias\/#\/schema\/person\/image\/","url":"https:\/\/secure.gravatar.com\/avatar\/c9aa6a0aaecc598d257d5d5bd349157d?s=96&r=g","contentUrl":"https:\/\/secure.gravatar.com\/avatar\/c9aa6a0aaecc598d257d5d5bd349157d?s=96&r=g","caption":"Beatriz Oliveira"},"description":"Formada em Jornalismo pela Faculdade Paulus de Tecnologia e Comunica\u00e7\u00e3o, Beatriz Oliveira escreve para o portal de not\u00edcias Suno Research. Antes, passou pelas reda\u00e7\u00f5es da Revista EXAME e da Rede Bandeirantes.","url":"https:\/\/www.suno.com.br\/noticias\/author\/beatriz\/"}]}},"default_loop_html":"<div class=\"cardsPage__listCard__boxs\"><div class=\"cardsPage__listCard__boxs__img\"><a href=\"https:\/\/www.suno.com.br\/noticias\/confianca-da-industria-recua-em-maio\/\"><img class=\"mask\" src=\"https:\/\/www.suno.com.br\/noticias\/wp-content\/themes\/suno\/resources\/images\/spotlight\/spotlight1img\/bg-mask.png\" alt=\"Image Mask\"\/><img src=\"https:\/\/files.sunoresearch.com.br\/n\/uploads\/2019\/05\/cf9d4698-confian\u00e7a-da-ind\u00fastria-400x200.webp\" alt=\"Confian\u00e7a da Ind\u00fastria recua em maio, aponta pr\u00e9via da FGV\"\/><\/a><span class=\"spotlightCategory\"><a href=\"https:\/\/www.suno.com.br\/noticias\/economia\/\">Economia<\/a><\/span><\/div><div class=\"cardsPage__listCard__boxs__content\"><a href=\"https:\/\/www.suno.com.br\/noticias\/confianca-da-industria-recua-em-maio\/\"><h2 class=\"content__title\">Confian\u00e7a da Ind\u00fastria recua em maio, aponta pr\u00e9via da FGV<\/h2><\/a><div class=\"newsContent__article__meta\"><div class=\"newsContent__article__meta__authorBox\"><a href=\"https:\/\/www.suno.com.br\/noticias\/author\/beatriz\/\" class=\"authorBox__avatar noMobi\"><img src=\"https:\/\/secure.gravatar.com\/avatar\/c9aa6a0aaecc598d257d5d5bd349157d?s=96&#038;r=g\" alt=\"Beatriz Oliveira\"><\/a><div class=\"authorBox__name\"><span>por\n\t\t\t<a href=\"https:\/\/www.suno.com.br\/noticias\/author\/beatriz\/\"><span itemprop=\"author\">Beatriz Oliveira<\/span><\/a><\/span><time datetime=\"2019-05-21T09:50:05-03:00\" itemprop=\"datePublished\">21\/05\/2019 09:50<\/time><\/div><\/div><\/div><\/div><\/div>","single_layout":"posts","amp_enabled":true,"_links":{"self":[{"href":"https:\/\/www.suno.com.br\/noticias\/wp-json\/wp\/v2\/posts\/25344"}],"collection":[{"href":"https:\/\/www.suno.com.br\/noticias\/wp-json\/wp\/v2\/posts"}],"about":[{"href":"https:\/\/www.suno.com.br\/noticias\/wp-json\/wp\/v2\/types\/post"}],"author":[{"embeddable":true,"href":"https:\/\/www.suno.com.br\/noticias\/wp-json\/wp\/v2\/users\/16"}],"replies":[{"embeddable":true,"href":"https:\/\/www.suno.com.br\/noticias\/wp-json\/wp\/v2\/comments?post=25344"}],"version-history":[{"count":0,"href":"https:\/\/www.suno.com.br\/noticias\/wp-json\/wp\/v2\/posts\/25344\/revisions"}],"wp:featuredmedia":[{"embeddable":true,"href":"https:\/\/www.suno.com.br\/noticias\/wp-json\/wp\/v2\/media\/25346"}],"wp:attachment":[{"href":"https:\/\/www.suno.com.br\/noticias\/wp-json\/wp\/v2\/media?parent=25344"}],"wp:term":[{"taxonomy":"category","embeddable":true,"href":"https:\/\/www.suno.com.br\/noticias\/wp-json\/wp\/v2\/categories?post=25344"},{"taxonomy":"post_tag","embeddable":true,"href":"https:\/\/www.suno.com.br\/noticias\/wp-json\/wp\/v2\/tags?post=25344"},{"taxonomy":"suno_strategy","embeddable":true,"href":"https:\/\/www.suno.com.br\/noticias\/wp-json\/wp\/v2\/suno_strategy?post=25344"}],"curies":[{"name":"wp","href":"https:\/\/api.w.org\/{rel}","templated":true}]}}