{"id":253281,"date":"2022-04-25T08:08:02","date_gmt":"2022-04-25T11:08:02","guid":{"rendered":"https:\/\/www.suno.com.br\/noticias\/?p=253281"},"modified":"2022-04-26T15:54:14","modified_gmt":"2022-04-26T18:54:14","slug":"covid-19-xangai-china-governo-recorde-mortes-lockdown","status":"publish","type":"post","link":"https:\/\/www.suno.com.br\/noticias\/covid-19-xangai-china-governo-recorde-mortes-lockdown\/","title":{"rendered":"Covid-19: Novo recorde de mortes em meio a lockdown em Xangai e Pequim cria &#8216;situa\u00e7\u00e3o dif\u00edcil&#8217; para autoridades"},"content":{"rendered":"<p>Em novo agravamento da crise de <strong>Covid<\/strong>-19 na China, o governo v\u00ea novos recordes sendo quebrados com 39 mortes <a href=\"https:\/\/www.suno.com.br\/noticias\/colunas\/gian\/pandemia-covid-19-risco\/\">por conta do v\u00edrus durante o domingo (24)<\/a> em Xangai &#8211; onde o governo da na\u00e7\u00e3o asi\u00e1tica concentra for\u00e7as para conter o surto de casos di\u00e1rios.<\/p><div class=\"videoFull \">\n\t\t\t<div class=\"videoWrapper yt-lazyload center\"\n\t\t\t\tdata-width=\"960\"\n\t\t\t\tdata-height=\"540\"\n\t\t\t\tdata-id=\"vd5hOCpyPvI\"\n\t\t\t\tdata-alt=\"V\u00eddeo do YouTube - clique para reproduzir\"\n\t\t\t\tdata-logo=\"3\"\n\t\t\t\tdata-imagequality=\"maxres\">\n\t\t\t<\/div>\n\t\t<\/div><script type=\"application\/ld+json\">{\"@context\":\"https:\/\/schema.org\",\"@type\":\"VideoObject\",\"name\":\"Xangai derrubando as bolsas? #Shorts\",\"description\":\"#XANGAI #COVID #LOCKDOWN #Shorts - Xangai derrubando as bolsas? \ud83d\udc47 \ud835\udc12\ud835\udc22\ud835\udc20\ud835\udc1a \ud835\udc27\ud835\udc28\ud835\udc2c\ud835\udc2c\ud835\udc1a\ud835\udc2c \ud835\udc2b\ud835\udc1e\ud835\udc1d\ud835\udc1e\ud835\udc2c \ud835\udc2c\ud835\udc28\ud835\udc1c\ud835\udc22\ud835\udc1a\ud835\udc22\ud835\udc2c: Portal Suno Not\u00edcias: https:\/\/www.suno.com.br\/noticias\/ Twitter: https:\/\/twitter.com\/sunonoticias Instagram: https:\/\/www.instagram.com\/sunonoticias\/ Telegram: https:\/\/t.me\/sunonoticias\",\"duration\":\"PT44S\",\"embedUrl\":\"https:\/\/www.youtube.com\/embed\/vd5hOCpyPvI\",\"regionsAllowed\":\"pt-BR\",\"interactionStatistic\":{\"@type\":\"InteractionCounter\",\"interactionType\":{\"@type\":\"WatchAction\"},\"userInteractionCount\":301},\"thumbnailUrl\":\"https:\/\/i.ytimg.com\/vi\/vd5hOCpyPvI\/default.jpg\",\"uploadDate\":\"2022-04-25T16:42:13Z\"}<\/script>\n\n\t<p>\n\t\t<a href=\"\" target=\"_blank\" data-element=\"shortcode-suno-banner\" title=\"Banner SUNO, clique e saiba mais\">\n\t\t\t<picture>\n\t\t\t\t<source media=\"(max-width: 500px)\" srcset=\"\">\n\t\t\t\t<img class=\"newsContent__article__imgCapa newsContent__article__imgCapa--banner\"\n\t\t\t\t\tsrc=\"\"\n\t\t\t\t\tdata-promo-id=\"240038\"\t\t\t\t\t\t\t\t\t\t\t\t\t\t\talt=\"\"\n\t\t\t\t>\n\t\t\t<\/picture>\n\t\t<\/a>\n\t<\/p>\n\n\n<p>O n\u00famero de <strong>mortes pela Covid-19<\/strong> em Xangai, desta forma, \u00e9 o mais alto desde o in\u00edcio do <a href=\"https:\/\/www.suno.com.br\/noticias\/china-xangai-lockdown-covid-19-coronvirus\/\">confinamento que se iniciou h\u00e1 semanas<\/a>. O governo passou a adotar medidas ainda mais restritivas na regi\u00e3o, que \u00e9 considerada o cora\u00e7\u00e3o financeiro do drag\u00e3o asi\u00e1tico.<\/p>\n<p>J\u00e1 na Capital da <strong>China<\/strong>, Pequim, o governo local v\u00ea uma &#8216;situa\u00e7\u00e3o dif\u00edcil&#8217; por conta do <a href=\"https:\/\/www.suno.com.br\/noticias\/covid-19-variante-xe-mais-contagiosa-dado-inicial-oms\/\">aumento dr\u00e1stico de infec\u00e7\u00f5es<\/a> pela Covid-19.<\/p>\n<p>Apesar da conten\u00e7\u00e3o, <strong>Xangai<\/strong> registrou suas primeiras mortes &#8211; nesta nova onda &#8211; no dia 18 de abril. Com a nova leva de \u00f3bitos, o total de mortes por conta do v\u00edrus foi de 87 na cidade, que j\u00e1 somou cerca de 22 mil novas infec\u00e7\u00f5es por coronav\u00edrus.<\/p>\n\n\t<div data-element=\"shortcode-read-more\" class=\"readToo\">\n\t\t\t\t<span class=\"readToo__title\">Leia mais<\/span>\n\t\t\t\t<ul class=\"readToo__list\">\n\t\t\t<li><a href=\"https:\/\/www.suno.com.br\/noticias\/macron-presidente-franca-eleicoes\/\">Elei\u00e7\u00f5es na Fran\u00e7a: Proje\u00e7\u00f5es indicam que Emmanuel Macron \u00e9 novo presidente<\/a><\/li><li><a href=\"https:\/\/www.suno.com.br\/noticias\/banco-mundial-choque-energia-2023\/\">Choque de energia pode persistir at\u00e9 2023, diz presidente do Banco Mundial<\/a><\/li>\t\t<\/ul>\n\t<\/div>\n\n\n<p>Em um comunicado ainda mais recentes, desta segunda (25), <a href=\"http:\/\/www.gov.cn\/xinwen\/2022-04\/25\/content_5686998.htm\">o site oficial do governo chin\u00eas<\/a> informa que foram registradas 2.666 casos de infec\u00e7\u00f5es por transmiss\u00e3o local de um montante de 2.680 novos casos confirmados em todo o pa\u00eds, sendo somente 14 casos &#8216;importados&#8217;.<\/p>\n<p>Desse montante de 2.666 casos, foram 2.472 confirma\u00e7\u00f5es somente em Xangai. Nas demais prov\u00edncias as infec\u00e7\u00f5es s\u00e3o drasticamente menores &#8211;\u00a0 79 casos em Jilin, 13 casos em Zhejiang, 26 casos em Heilongjiang.<\/p>\n<p>Pequim, por sua vez, divulgou que teve somente 22 novas infec\u00e7\u00f5es por meio da <strong>Covid-19<\/strong>, <a href=\"https:\/\/www.suno.com.br\/noticias\/china-xi-jinping-guerra-russia\/\">ap\u00f3s falas de um alto funcion\u00e1rio da capital alegando que a cidade deve tomar medidas urgentes<\/a>, segundo a ag\u00eancia de not\u00edcias AFP.<\/p>\n<p>Pang Xinghuo disse que, com as informa\u00e7\u00f5es que as autoridades possuem, h\u00e1 como concluir que a Covid-19 \u201cse espalhou de forma invis\u00edvel\u201d por uma semana, afetando \u201cescolas, grupos de turismo e muitas fam\u00edlias\u201d.<\/p>\n<p>\u201cO risco de transmiss\u00e3o cont\u00ednua e oculta \u00e9 alto e a situa\u00e7\u00e3o \u00e9 dif\u00edcil\u201d, disse Tian Wei, funcion\u00e1rio da prefeitura de Pequim, em coletiva. \u201cA cidade inteira deve agir imediatamente\u201d, acrescentou.<\/p>\n\t<p>\n\t\t<a href=\"https:\/\/lp.suno.com.br\/planilha-controle-gastos\/\" target=\"_blank\" data-element=\"shortcode-suno-banner\" title=\"Banner SUNO, clique e saiba mais\">\n\t\t\t<picture>\n\t\t\t\t<source media=\"(max-width: 500px)\" srcset=\"https:\/\/files.sunoresearch.com.br\/n\/uploads\/2023\/03\/400x300-Planilha-controle-de-gastos.png\">\n\t\t\t\t<img class=\"newsContent__article__imgCapa newsContent__article__imgCapa--banner\"\n\t\t\t\t\tsrc=\"https:\/\/files.sunoresearch.com.br\/n\/uploads\/2023\/03\/1420x240-Planilha-controle-de-gastos.png\"\n\t\t\t\t\tdata-promo-id=\"101751\"\t\t\t\t\t\t\t\t\t\twidth='1420' height='240'\t\t\t\t\talt=\"https:\/\/files.sunoresearch.com.br\/n\/uploads\/2023\/03\/1420x240-Planilha-controle-de-gastos.png\"\n\t\t\t\t>\n\t\t\t<\/picture>\n\t\t<\/a>\n\t<\/p>\n\n\n<h2>Alta de Covid-19 e medidas de restri\u00e7\u00e3o apertam o cerco<\/h2>\n<p>O <strong>lockdown<\/strong> total em <a href=\"https:\/\/www.suno.com.br\/noticias\/bolsas-asia-nikkei-xangai-hang-seng-kospi\/\">Xangai<\/a> come\u00e7ou no in\u00edcio de abril e j\u00e1 causa revolta em alguns cidad\u00e3os da cidade.\u00a0Nas redes sociais, alguns internautas lutaram contra os censores durante a noite para compartilhar um v\u00eddeo de seis minutos intitulado \u201cA Voz de Abril\u201d, uma montagem de vozes gravadas ao longo do surto de Xangai.<\/p>\n<p>O v\u00eddeo mostra moradores reclamando da falta de comida e rem\u00e9dios e tamb\u00e9m das estrat\u00e9gias atuais utilizadas pelo governo chin\u00eas como forma de conter o avan\u00e7o da pandemia.<\/p>\n\t<p>\n\t\t<a href=\"https:\/\/lp.suno.com.br\/planilha-da-vida-financeira\/\" target=\"_blank\" data-element=\"shortcode-suno-banner\" title=\"Banner SUNO, clique e saiba mais\">\n\t\t\t<picture>\n\t\t\t\t<source media=\"(max-width: 500px)\" srcset=\"https:\/\/files.sunoresearch.com.br\/n\/uploads\/2023\/04\/400x300-Planilha-vida-financeira-true.png\">\n\t\t\t\t<img class=\"newsContent__article__imgCapa newsContent__article__imgCapa--banner\"\n\t\t\t\t\tsrc=\"https:\/\/files.sunoresearch.com.br\/n\/uploads\/2023\/04\/1420x240-Planilha-vida-financeira-true.png\"\n\t\t\t\t\tdata-promo-id=\"106682\"\t\t\t\t\t\t\t\t\t\twidth='1420' height='240'\t\t\t\t\talt=\"https:\/\/files.sunoresearch.com.br\/n\/uploads\/2023\/04\/1420x240-Planilha-vida-financeira-true.png\"\n\t\t\t\t>\n\t\t\t<\/picture>\n\t\t<\/a>\n\t<\/p>\n\n\n<p>Todas as refer\u00eancias diretas ao v\u00eddeo foram removidas da rede social Weibo &#8211; uma das maiores da China, com 445 milh\u00f5es de usu\u00e1rios &#8211; na manh\u00e3 de s\u00e1bado (23), embora alguns coment\u00e1rios criticando a censura tenham permanecido na rede.<\/p>\n<p>\u201cS\u00f3 posso dizer que se voc\u00ea n\u00e3o quiser ouvir apenas uma pequena quantidade de vozes reais, ent\u00e3o \u00e9 realmente in\u00fatil\u201d, disse um deles.<\/p>\n<p>\u201cDr. Li, depois de dois anos nada mudou\u201d, disse outro usu\u00e1rio do Weibo. \u201cAinda n\u00e3o conseguimos abrir a boca, ainda n\u00e3o conseguimos falar.\u201d<\/p>\n<h2>Como funciona o lockdown em Xangai<\/h2>\n<p>As medidas de conten\u00e7\u00e3o \u00e0 pandemia foram divulgadas no fim de mar\u00e7o, conforme reportado pelo Suno Not\u00edcias. \u00c0 \u00e9poca, foram reportados 2.631 novos casos de <strong>coronav\u00edrus<\/strong>, volume que correspondia a 60% das novas infec\u00e7\u00f5es sem sintomas registradas no mesmo dia em todo o pa\u00eds.<\/p>\n<p>Por conta de ser um\u00a0<a href=\"https:\/\/www.suno.com.br\/artigos\/bolsas-asiaticas\/\">centro financeiro de uma das maiores economias<\/a>, at\u00e9 ent\u00e3o as autoridades resistiam \u00e0 ideia de um\u00a0<strong>lockdown em Xangai<\/strong>.<\/p>\n<p>As novas medidas incluem\u00a0 suspens\u00e3o do transporte p\u00fablico, segundo informe do governo da cidade em sua conta oficial do WeChat. Al\u00e9m disso, \u2018ve\u00edculos n\u00e3o aprovados\u2019 n\u00e3o s\u00e3o permitidos nas estradas.<\/p>\n\t<p>\n\t\t<a href=\"https:\/\/lp.suno.com.br\/ebook-como-analisar-uma-acao\/\" target=\"_blank\" data-element=\"shortcode-suno-banner\" title=\"Banner SUNO, clique e saiba mais\">\n\t\t\t<picture>\n\t\t\t\t<source media=\"(max-width: 500px)\" srcset=\"https:\/\/files.sunoresearch.com.br\/n\/uploads\/2023\/03\/Ebook-Acoes-Mobile-1.jpg\">\n\t\t\t\t<img class=\"newsContent__article__imgCapa newsContent__article__imgCapa--banner\"\n\t\t\t\t\tsrc=\"https:\/\/files.sunoresearch.com.br\/n\/uploads\/2023\/03\/Ebook-Acoes-Desktop-1.jpg\"\n\t\t\t\t\tdata-promo-id=\"171998\"\t\t\t\t\t\t\t\t\t\twidth='1420' height='286'\t\t\t\t\talt=\"https:\/\/files.sunoresearch.com.br\/n\/uploads\/2023\/03\/Ebook-Acoes-Desktop-1.jpg\"\n\t\t\t\t>\n\t\t\t<\/picture>\n\t\t<\/a>\n\t<\/p>\n\n\n<p>As autoridades tamb\u00e9m afirmaram que todas as empresas e f\u00e1bricas suspenderam a manufatura ou trabalhar de forma remota durante o lockdown.<\/p>\n<p>A exce\u00e7\u00e3o s\u00e3o as que est\u00e3o rotuladas como essenciais pelo\u00a0<strong>governo da China<\/strong> \u2013 de servi\u00e7os p\u00fablicos ou que atuem no fornecimento de alimentos.<\/p>\n<p>\u201cPedimos ao p\u00fablico que apoie, compreenda e coopere com o trabalho de preven\u00e7\u00e3o e controle da epidemia da cidade e participe dos testes de maneira ordenada\u201d,\u00a0<a href=\"https:\/\/www.gov.cn\/english\/\">disse o governo<\/a> da China sobre as medidas adotadas em Xangai, \u00e0 \u00e9poca.<\/p>\n<p>At\u00e9 ent\u00e3o, as autoridades governamentais tinham restri\u00e7\u00f5es que eram baseadas na triagem por bairros.\u00a0Contudo,\u00a0Xangai\u00a0se tornou um dos principais campos de testes diante da estrat\u00e9gia de \u201cCovid zero\u201d na China.<\/p>\n<p>Com o avan\u00e7o das variantes, residentes questionaram a efic\u00e1cia do modelo sanit\u00e1rio, j\u00e1 que os ciclos de testes eram considerados \u201cintermin\u00e1veis\u201d.<\/p>\n<p>Em outras cidades da\u00a0China, milh\u00f5es de pessoas haviam sido submetidas a lockdowns e duras medidas restritivas mesmo com poucos casos da <strong>Covid<\/strong>-19.<\/p>\n\t<p>\n\t\t<a href=\"https:\/\/lp.suno.com.br\/planilha-de-controle-de-investimentos\/\" target=\"_blank\" data-element=\"shortcode-suno-banner\" title=\"Banner SUNO, clique e saiba mais\">\n\t\t\t<picture>\n\t\t\t\t<source media=\"(max-width: 500px)\" srcset=\"https:\/\/files.sunoresearch.com.br\/n\/uploads\/2023\/03\/400x300-Controle-de-Investimentos.png\">\n\t\t\t\t<img class=\"newsContent__article__imgCapa newsContent__article__imgCapa--banner\"\n\t\t\t\t\tsrc=\"https:\/\/files.sunoresearch.com.br\/n\/uploads\/2023\/03\/1420x240-Controle-de-Investimentos.png\"\n\t\t\t\t\tdata-promo-id=\"75934\"\t\t\t\t\t\t\t\t\t\twidth='1420' height='240'\t\t\t\t\talt=\"https:\/\/files.sunoresearch.com.br\/n\/uploads\/2023\/03\/1420x240-Controle-de-Investimentos.png\"\n\t\t\t\t>\n\t\t\t<\/picture>\n\t\t<\/a>\n\t<\/p>\n\n\n","protected":false},"excerpt":{"rendered":"<p>Em novo agravamento da crise de Covid-19 na China, o governo v\u00ea novos recordes sendo quebrados com 39 mortes por conta do v\u00edrus durante o domingo (24) em Xangai &#8211; onde o governo da na\u00e7\u00e3o asi\u00e1tica concentra for\u00e7as para conter o surto de casos di\u00e1rios. Energia el\u00e9trica. Taesa &#8211; Foto Pixabay O n\u00famero de mortes [&hellip;]<\/p>\n","protected":false},"author":73,"featured_media":209127,"comment_status":"closed","ping_status":"closed","sticky":false,"template":"","format":"standard","meta":[],"categories":[63],"tags":[711,2487,5255],"suno_strategy":[],"class_list":["post-253281","post","type-post","status-publish","format-standard","has-post-thumbnail","hentry","category-internacional","tag-china","tag-coronavirus","tag-covid-19"],"yoast_head":"<!-- This site is optimized with the Yoast SEO plugin v24.4 - https:\/\/yoast.com\/wordpress\/plugins\/seo\/ -->\n<title>Covid-19: Xangai tem novo recorde de mortes em com &#039;lockdown extremo&#039;<\/title>\n<meta name=\"description\" content=\"Ainda que o governo da China tenha adotado um lockdown em Xangai para frear avan\u00e7o da Covid-19, infe\u00e7\u00f5es em alta preocupam. Clique e confira.\" \/>\n<meta name=\"robots\" content=\"index, follow, max-snippet:-1, max-image-preview:large, max-video-preview:-1\" \/>\n<link rel=\"canonical\" href=\"https:\/\/www.suno.com.br\/noticias\/covid-19-xangai-china-governo-recorde-mortes-lockdown\/\" \/>\n<meta property=\"og:locale\" content=\"pt_BR\" \/>\n<meta property=\"og:type\" content=\"article\" \/>\n<meta property=\"og:title\" content=\"Covid-19: Xangai tem novo recorde de mortes em com &#039;lockdown extremo&#039;\" \/>\n<meta property=\"og:description\" content=\"Ainda que o governo da China tenha adotado um lockdown em Xangai para frear avan\u00e7o da Covid-19, infe\u00e7\u00f5es em alta preocupam. Clique e confira.\" \/>\n<meta property=\"og:url\" content=\"https:\/\/www.suno.com.br\/noticias\/covid-19-xangai-china-governo-recorde-mortes-lockdown\/\" \/>\n<meta property=\"og:site_name\" content=\"Suno Not\u00edcias\" \/>\n<meta property=\"article:publisher\" content=\"https:\/\/facebook.com\/sunoresearch\" \/>\n<meta property=\"og:image\" content=\"https:\/\/files.sunoresearch.com.br\/n\/uploads\/2021\/11\/person-g915b8c2cb_1920.jpg\" \/>\n\t<meta property=\"og:image:width\" content=\"1920\" \/>\n\t<meta property=\"og:image:height\" content=\"1280\" \/>\n\t<meta property=\"og:image:type\" content=\"image\/jpeg\" \/>\n<meta name=\"author\" content=\"Eduardo Vargas\" \/>\n<meta name=\"twitter:card\" content=\"summary_large_image\" \/>\n<meta name=\"twitter:creator\" content=\"@sunoresearch\" \/>\n<meta name=\"twitter:site\" content=\"@sunoresearch\" \/>\n<meta name=\"twitter:label1\" content=\"Escrito por\" \/>\n\t<meta name=\"twitter:data1\" content=\"Eduardo Vargas\" \/>\n\t<meta name=\"twitter:label2\" content=\"Est. tempo de leitura\" \/>\n\t<meta name=\"twitter:data2\" content=\"4 minutos\" \/>\n<script type=\"application\/ld+json\" class=\"yoast-schema-graph\">{\"@context\":\"https:\/\/schema.org\",\"@graph\":[{\"@type\":\"NewsArticle\",\"@id\":\"https:\/\/www.suno.com.br\/noticias\/covid-19-xangai-china-governo-recorde-mortes-lockdown\/#article\",\"isPartOf\":{\"@id\":\"https:\/\/www.suno.com.br\/noticias\/covid-19-xangai-china-governo-recorde-mortes-lockdown\/\"},\"author\":{\"name\":\"Eduardo Vargas\",\"@id\":\"https:\/\/www.suno.com.br\/noticias\/#\/schema\/person\/7f4d362bf3518e76090143ae77bb49a5\"},\"headline\":\"Covid-19: Novo recorde de mortes em meio a lockdown em Xangai e Pequim cria &#8216;situa\u00e7\u00e3o dif\u00edcil&#8217; para autoridades\",\"datePublished\":\"2022-04-25T11:08:02+00:00\",\"dateModified\":\"2022-04-26T18:54:14+00:00\",\"mainEntityOfPage\":{\"@id\":\"https:\/\/www.suno.com.br\/noticias\/covid-19-xangai-china-governo-recorde-mortes-lockdown\/\"},\"wordCount\":883,\"publisher\":{\"@id\":\"https:\/\/www.suno.com.br\/noticias\/#organization\"},\"image\":{\"@id\":\"https:\/\/www.suno.com.br\/noticias\/covid-19-xangai-china-governo-recorde-mortes-lockdown\/#primaryimage\"},\"thumbnailUrl\":\"https:\/\/files.sunoresearch.com.br\/n\/uploads\/2021\/11\/person-g915b8c2cb_1920.jpg\",\"keywords\":[\"China\",\"coronav\u00edrus\",\"covid-19\"],\"articleSection\":[\"Internacional\"],\"inLanguage\":\"pt-BR\"},{\"@type\":\"WebPage\",\"@id\":\"https:\/\/www.suno.com.br\/noticias\/covid-19-xangai-china-governo-recorde-mortes-lockdown\/\",\"url\":\"https:\/\/www.suno.com.br\/noticias\/covid-19-xangai-china-governo-recorde-mortes-lockdown\/\",\"name\":\"Covid-19: Xangai tem novo recorde de mortes em com 'lockdown extremo'\",\"isPartOf\":{\"@id\":\"https:\/\/www.suno.com.br\/noticias\/#website\"},\"primaryImageOfPage\":{\"@id\":\"https:\/\/www.suno.com.br\/noticias\/covid-19-xangai-china-governo-recorde-mortes-lockdown\/#primaryimage\"},\"image\":{\"@id\":\"https:\/\/www.suno.com.br\/noticias\/covid-19-xangai-china-governo-recorde-mortes-lockdown\/#primaryimage\"},\"thumbnailUrl\":\"https:\/\/files.sunoresearch.com.br\/n\/uploads\/2021\/11\/person-g915b8c2cb_1920.jpg\",\"datePublished\":\"2022-04-25T11:08:02+00:00\",\"dateModified\":\"2022-04-26T18:54:14+00:00\",\"description\":\"Ainda que o governo da China tenha adotado um lockdown em Xangai para frear avan\u00e7o da Covid-19, infe\u00e7\u00f5es em alta preocupam. Clique e confira.\",\"breadcrumb\":{\"@id\":\"https:\/\/www.suno.com.br\/noticias\/covid-19-xangai-china-governo-recorde-mortes-lockdown\/#breadcrumb\"},\"inLanguage\":\"pt-BR\",\"potentialAction\":[{\"@type\":\"ReadAction\",\"target\":[\"https:\/\/www.suno.com.br\/noticias\/covid-19-xangai-china-governo-recorde-mortes-lockdown\/\"]}]},{\"@type\":\"ImageObject\",\"inLanguage\":\"pt-BR\",\"@id\":\"https:\/\/www.suno.com.br\/noticias\/covid-19-xangai-china-governo-recorde-mortes-lockdown\/#primaryimage\",\"url\":\"https:\/\/files.sunoresearch.com.br\/n\/uploads\/2021\/11\/person-g915b8c2cb_1920.jpg\",\"contentUrl\":\"https:\/\/files.sunoresearch.com.br\/n\/uploads\/2021\/11\/person-g915b8c2cb_1920.jpg\",\"width\":1920,\"height\":1280,\"caption\":\"Com alta de casos da Covid-19, China aumenta press\u00e3o em Xangai e Pequim - Foto: Pixabay\"},{\"@type\":\"BreadcrumbList\",\"@id\":\"https:\/\/www.suno.com.br\/noticias\/covid-19-xangai-china-governo-recorde-mortes-lockdown\/#breadcrumb\",\"itemListElement\":[{\"@type\":\"ListItem\",\"position\":1,\"name\":\"Not\u00edcias\",\"item\":\"https:\/\/www.suno.com.br\/noticias\/\"},{\"@type\":\"ListItem\",\"position\":2,\"name\":\"Internacional\",\"item\":\"https:\/\/www.suno.com.br\/noticias\/internacional\/\"},{\"@type\":\"ListItem\",\"position\":3,\"name\":\"Covid-19: Novo recorde de mortes em meio a lockdown em Xangai e Pequim cria &#8216;situa\u00e7\u00e3o dif\u00edcil&#8217; para autoridades\"}]},{\"@type\":\"WebSite\",\"@id\":\"https:\/\/www.suno.com.br\/noticias\/#website\",\"url\":\"https:\/\/www.suno.com.br\/noticias\/\",\"name\":\"Suno Not\u00edcias\",\"description\":\"Seu portal de informa\u00e7\u00e3o sobre o mundo dos investimentos\",\"publisher\":{\"@id\":\"https:\/\/www.suno.com.br\/noticias\/#organization\"},\"potentialAction\":[{\"@type\":\"SearchAction\",\"target\":{\"@type\":\"EntryPoint\",\"urlTemplate\":\"https:\/\/www.suno.com.br\/noticias\/?s={search_term_string}\"},\"query-input\":{\"@type\":\"PropertyValueSpecification\",\"valueRequired\":true,\"valueName\":\"search_term_string\"}}],\"inLanguage\":\"pt-BR\"},{\"@type\":\"Organization\",\"@id\":\"https:\/\/www.suno.com.br\/noticias\/#organization\",\"name\":\"Suno Not\u00edcias\",\"url\":\"https:\/\/www.suno.com.br\/noticias\/\",\"logo\":{\"@type\":\"ImageObject\",\"inLanguage\":\"pt-BR\",\"@id\":\"https:\/\/www.suno.com.br\/noticias\/#\/schema\/logo\/image\/\",\"url\":\"https:\/\/files.sunoresearch.com.br\/n\/uploads\/2021\/09\/suno-logo.png\",\"contentUrl\":\"https:\/\/files.sunoresearch.com.br\/n\/uploads\/2021\/09\/suno-logo.png\",\"width\":180,\"height\":180,\"caption\":\"Suno Not\u00edcias\"},\"image\":{\"@id\":\"https:\/\/www.suno.com.br\/noticias\/#\/schema\/logo\/image\/\"},\"sameAs\":[\"https:\/\/facebook.com\/sunoresearch\",\"https:\/\/x.com\/sunoresearch\",\"https:\/\/www.instagram.com\/suno\",\"https:\/\/www.linkedin.com\/company\/suno-research\/\",\"https:\/\/www.youtube.com\/c\/sunoresearch\"]},{\"@type\":\"Person\",\"@id\":\"https:\/\/www.suno.com.br\/noticias\/#\/schema\/person\/7f4d362bf3518e76090143ae77bb49a5\",\"name\":\"Eduardo Vargas\",\"image\":{\"@type\":\"ImageObject\",\"inLanguage\":\"pt-BR\",\"@id\":\"https:\/\/www.suno.com.br\/noticias\/#\/schema\/person\/image\/\",\"url\":\"https:\/\/secure.gravatar.com\/avatar\/dac340933427a22924c9f99d1eb2e3f2?s=96&r=g\",\"contentUrl\":\"https:\/\/secure.gravatar.com\/avatar\/dac340933427a22924c9f99d1eb2e3f2?s=96&r=g\",\"caption\":\"Eduardo Vargas\"},\"description\":\"Jornalista formado pela UFSC, cobre macroeconomia, neg\u00f3cios e startups para o Suno Not\u00edcias, escrevendo principalmente not\u00edcias sobre o mercado financeiro e a bolsa de valores. No YouTube e no Instagram, \u00e9 respons\u00e1vel pela produ\u00e7\u00e3o de Reels e Shorts do Suno Not\u00edcias. Anteriormente, trabalhou cobrindo economia e cotidiano no ND+ e para o ND, maior jornal impresso de Santa Catarina. Cursou um semestre letivo de Estudos de M\u00eddia na Universidad de Buenos Aires.\",\"url\":\"https:\/\/www.suno.com.br\/noticias\/author\/eduardo-vargas\/\"}]}<\/script>\n<!-- \/ Yoast SEO plugin. -->","yoast_head_json":{"title":"Covid-19: Xangai tem novo recorde de mortes em com 'lockdown extremo'","description":"Ainda que o governo da China tenha adotado um lockdown em Xangai para frear avan\u00e7o da Covid-19, infe\u00e7\u00f5es em alta preocupam. Clique e confira.","robots":{"index":"index","follow":"follow","max-snippet":"max-snippet:-1","max-image-preview":"max-image-preview:large","max-video-preview":"max-video-preview:-1"},"canonical":"https:\/\/www.suno.com.br\/noticias\/covid-19-xangai-china-governo-recorde-mortes-lockdown\/","og_locale":"pt_BR","og_type":"article","og_title":"Covid-19: Xangai tem novo recorde de mortes em com 'lockdown extremo'","og_description":"Ainda que o governo da China tenha adotado um lockdown em Xangai para frear avan\u00e7o da Covid-19, infe\u00e7\u00f5es em alta preocupam. Clique e confira.","og_url":"https:\/\/www.suno.com.br\/noticias\/covid-19-xangai-china-governo-recorde-mortes-lockdown\/","og_site_name":"Suno Not\u00edcias","article_publisher":"https:\/\/facebook.com\/sunoresearch","og_image":[{"width":1920,"height":1280,"url":"https:\/\/files.sunoresearch.com.br\/n\/uploads\/2021\/11\/person-g915b8c2cb_1920.jpg","type":"image\/jpeg"}],"author":"Eduardo Vargas","twitter_card":"summary_large_image","twitter_creator":"@sunoresearch","twitter_site":"@sunoresearch","twitter_misc":{"Escrito por":"Eduardo Vargas","Est. tempo de leitura":"4 minutos"},"schema":{"@context":"https:\/\/schema.org","@graph":[{"@type":"NewsArticle","@id":"https:\/\/www.suno.com.br\/noticias\/covid-19-xangai-china-governo-recorde-mortes-lockdown\/#article","isPartOf":{"@id":"https:\/\/www.suno.com.br\/noticias\/covid-19-xangai-china-governo-recorde-mortes-lockdown\/"},"author":{"name":"Eduardo Vargas","@id":"https:\/\/www.suno.com.br\/noticias\/#\/schema\/person\/7f4d362bf3518e76090143ae77bb49a5"},"headline":"Covid-19: Novo recorde de mortes em meio a lockdown em Xangai e Pequim cria &#8216;situa\u00e7\u00e3o dif\u00edcil&#8217; para autoridades","datePublished":"2022-04-25T11:08:02+00:00","dateModified":"2022-04-26T18:54:14+00:00","mainEntityOfPage":{"@id":"https:\/\/www.suno.com.br\/noticias\/covid-19-xangai-china-governo-recorde-mortes-lockdown\/"},"wordCount":883,"publisher":{"@id":"https:\/\/www.suno.com.br\/noticias\/#organization"},"image":{"@id":"https:\/\/www.suno.com.br\/noticias\/covid-19-xangai-china-governo-recorde-mortes-lockdown\/#primaryimage"},"thumbnailUrl":"https:\/\/files.sunoresearch.com.br\/n\/uploads\/2021\/11\/person-g915b8c2cb_1920.jpg","keywords":["China","coronav\u00edrus","covid-19"],"articleSection":["Internacional"],"inLanguage":"pt-BR"},{"@type":"WebPage","@id":"https:\/\/www.suno.com.br\/noticias\/covid-19-xangai-china-governo-recorde-mortes-lockdown\/","url":"https:\/\/www.suno.com.br\/noticias\/covid-19-xangai-china-governo-recorde-mortes-lockdown\/","name":"Covid-19: Xangai tem novo recorde de mortes em com 'lockdown extremo'","isPartOf":{"@id":"https:\/\/www.suno.com.br\/noticias\/#website"},"primaryImageOfPage":{"@id":"https:\/\/www.suno.com.br\/noticias\/covid-19-xangai-china-governo-recorde-mortes-lockdown\/#primaryimage"},"image":{"@id":"https:\/\/www.suno.com.br\/noticias\/covid-19-xangai-china-governo-recorde-mortes-lockdown\/#primaryimage"},"thumbnailUrl":"https:\/\/files.sunoresearch.com.br\/n\/uploads\/2021\/11\/person-g915b8c2cb_1920.jpg","datePublished":"2022-04-25T11:08:02+00:00","dateModified":"2022-04-26T18:54:14+00:00","description":"Ainda que o governo da China tenha adotado um lockdown em Xangai para frear avan\u00e7o da Covid-19, infe\u00e7\u00f5es em alta preocupam. Clique e confira.","breadcrumb":{"@id":"https:\/\/www.suno.com.br\/noticias\/covid-19-xangai-china-governo-recorde-mortes-lockdown\/#breadcrumb"},"inLanguage":"pt-BR","potentialAction":[{"@type":"ReadAction","target":["https:\/\/www.suno.com.br\/noticias\/covid-19-xangai-china-governo-recorde-mortes-lockdown\/"]}]},{"@type":"ImageObject","inLanguage":"pt-BR","@id":"https:\/\/www.suno.com.br\/noticias\/covid-19-xangai-china-governo-recorde-mortes-lockdown\/#primaryimage","url":"https:\/\/files.sunoresearch.com.br\/n\/uploads\/2021\/11\/person-g915b8c2cb_1920.jpg","contentUrl":"https:\/\/files.sunoresearch.com.br\/n\/uploads\/2021\/11\/person-g915b8c2cb_1920.jpg","width":1920,"height":1280,"caption":"Com alta de casos da Covid-19, China aumenta press\u00e3o em Xangai e Pequim - Foto: Pixabay"},{"@type":"BreadcrumbList","@id":"https:\/\/www.suno.com.br\/noticias\/covid-19-xangai-china-governo-recorde-mortes-lockdown\/#breadcrumb","itemListElement":[{"@type":"ListItem","position":1,"name":"Not\u00edcias","item":"https:\/\/www.suno.com.br\/noticias\/"},{"@type":"ListItem","position":2,"name":"Internacional","item":"https:\/\/www.suno.com.br\/noticias\/internacional\/"},{"@type":"ListItem","position":3,"name":"Covid-19: Novo recorde de mortes em meio a lockdown em Xangai e Pequim cria &#8216;situa\u00e7\u00e3o dif\u00edcil&#8217; para autoridades"}]},{"@type":"WebSite","@id":"https:\/\/www.suno.com.br\/noticias\/#website","url":"https:\/\/www.suno.com.br\/noticias\/","name":"Suno Not\u00edcias","description":"Seu portal de informa\u00e7\u00e3o sobre o mundo dos investimentos","publisher":{"@id":"https:\/\/www.suno.com.br\/noticias\/#organization"},"potentialAction":[{"@type":"SearchAction","target":{"@type":"EntryPoint","urlTemplate":"https:\/\/www.suno.com.br\/noticias\/?s={search_term_string}"},"query-input":{"@type":"PropertyValueSpecification","valueRequired":true,"valueName":"search_term_string"}}],"inLanguage":"pt-BR"},{"@type":"Organization","@id":"https:\/\/www.suno.com.br\/noticias\/#organization","name":"Suno Not\u00edcias","url":"https:\/\/www.suno.com.br\/noticias\/","logo":{"@type":"ImageObject","inLanguage":"pt-BR","@id":"https:\/\/www.suno.com.br\/noticias\/#\/schema\/logo\/image\/","url":"https:\/\/files.sunoresearch.com.br\/n\/uploads\/2021\/09\/suno-logo.png","contentUrl":"https:\/\/files.sunoresearch.com.br\/n\/uploads\/2021\/09\/suno-logo.png","width":180,"height":180,"caption":"Suno Not\u00edcias"},"image":{"@id":"https:\/\/www.suno.com.br\/noticias\/#\/schema\/logo\/image\/"},"sameAs":["https:\/\/facebook.com\/sunoresearch","https:\/\/x.com\/sunoresearch","https:\/\/www.instagram.com\/suno","https:\/\/www.linkedin.com\/company\/suno-research\/","https:\/\/www.youtube.com\/c\/sunoresearch"]},{"@type":"Person","@id":"https:\/\/www.suno.com.br\/noticias\/#\/schema\/person\/7f4d362bf3518e76090143ae77bb49a5","name":"Eduardo Vargas","image":{"@type":"ImageObject","inLanguage":"pt-BR","@id":"https:\/\/www.suno.com.br\/noticias\/#\/schema\/person\/image\/","url":"https:\/\/secure.gravatar.com\/avatar\/dac340933427a22924c9f99d1eb2e3f2?s=96&r=g","contentUrl":"https:\/\/secure.gravatar.com\/avatar\/dac340933427a22924c9f99d1eb2e3f2?s=96&r=g","caption":"Eduardo Vargas"},"description":"Jornalista formado pela UFSC, cobre macroeconomia, neg\u00f3cios e startups para o Suno Not\u00edcias, escrevendo principalmente not\u00edcias sobre o mercado financeiro e a bolsa de valores. No YouTube e no Instagram, \u00e9 respons\u00e1vel pela produ\u00e7\u00e3o de Reels e Shorts do Suno Not\u00edcias. Anteriormente, trabalhou cobrindo economia e cotidiano no ND+ e para o ND, maior jornal impresso de Santa Catarina. Cursou um semestre letivo de Estudos de M\u00eddia na Universidad de Buenos Aires.","url":"https:\/\/www.suno.com.br\/noticias\/author\/eduardo-vargas\/"}]}},"default_loop_html":"<div class=\"cardsPage__listCard__boxs\"><div class=\"cardsPage__listCard__boxs__img\"><a href=\"https:\/\/www.suno.com.br\/noticias\/banco-mundial-choque-energia-2023\/\"><img class=\"mask\" src=\"https:\/\/www.suno.com.br\/noticias\/wp-content\/themes\/suno\/resources\/images\/spotlight\/spotlight1img\/bg-mask.png\" alt=\"Image Mask\"\/><img src=\"https:\/\/files.sunoresearch.com.br\/n\/uploads\/2022\/01\/light-bulb-4514505_1920-400x200.jpg\" alt=\"Choque de energia pode persistir at\u00e9 2023, diz presidente do Banco Mundial\"\/><\/a><span class=\"spotlightCategory\"><a href=\"https:\/\/www.suno.com.br\/noticias\/internacional\/\">Internacional<\/a><\/span><\/div><div class=\"cardsPage__listCard__boxs__content\"><a href=\"https:\/\/www.suno.com.br\/noticias\/banco-mundial-choque-energia-2023\/\"><h2 class=\"content__title\">Choque de energia pode persistir at\u00e9 2023, diz presidente do Banco Mundial<\/h2><\/a><div class=\"newsContent__article__meta\"><div class=\"newsContent__article__meta__authorBox\"><a href=\"https:\/\/www.suno.com.br\/noticias\/author\/redacao-suno\/\" class=\"authorBox__avatar noMobi\"><img src=\"https:\/\/files.sunoresearch.com.br\/n\/uploads\/2020\/08\/0ace682d-redacao-1-150x150.webp\" alt=\"Reda\u00e7\u00e3o Suno Not\u00edcias\"><\/a><div class=\"authorBox__name\"><span>por\n\t\t\t<a href=\"https:\/\/www.suno.com.br\/noticias\/author\/redacao-suno\/\"><span itemprop=\"author\">Reda\u00e7\u00e3o Suno Not\u00edcias<\/span><\/a><\/span><time datetime=\"2022-04-24T09:48:33-03:00\" itemprop=\"datePublished\">24\/04\/2022 09:48<\/time><\/div><\/div><\/div><\/div><\/div>","single_layout":"posts","amp_enabled":true,"_links":{"self":[{"href":"https:\/\/www.suno.com.br\/noticias\/wp-json\/wp\/v2\/posts\/253281"}],"collection":[{"href":"https:\/\/www.suno.com.br\/noticias\/wp-json\/wp\/v2\/posts"}],"about":[{"href":"https:\/\/www.suno.com.br\/noticias\/wp-json\/wp\/v2\/types\/post"}],"author":[{"embeddable":true,"href":"https:\/\/www.suno.com.br\/noticias\/wp-json\/wp\/v2\/users\/73"}],"replies":[{"embeddable":true,"href":"https:\/\/www.suno.com.br\/noticias\/wp-json\/wp\/v2\/comments?post=253281"}],"version-history":[{"count":4,"href":"https:\/\/www.suno.com.br\/noticias\/wp-json\/wp\/v2\/posts\/253281\/revisions"}],"predecessor-version":[{"id":253315,"href":"https:\/\/www.suno.com.br\/noticias\/wp-json\/wp\/v2\/posts\/253281\/revisions\/253315"}],"wp:featuredmedia":[{"embeddable":true,"href":"https:\/\/www.suno.com.br\/noticias\/wp-json\/wp\/v2\/media\/209127"}],"wp:attachment":[{"href":"https:\/\/www.suno.com.br\/noticias\/wp-json\/wp\/v2\/media?parent=253281"}],"wp:term":[{"taxonomy":"category","embeddable":true,"href":"https:\/\/www.suno.com.br\/noticias\/wp-json\/wp\/v2\/categories?post=253281"},{"taxonomy":"post_tag","embeddable":true,"href":"https:\/\/www.suno.com.br\/noticias\/wp-json\/wp\/v2\/tags?post=253281"},{"taxonomy":"suno_strategy","embeddable":true,"href":"https:\/\/www.suno.com.br\/noticias\/wp-json\/wp\/v2\/suno_strategy?post=253281"}],"curies":[{"name":"wp","href":"https:\/\/api.w.org\/{rel}","templated":true}]}}