{"id":25320,"date":"2019-05-21T08:11:28","date_gmt":"2019-05-21T11:11:28","guid":{"rendered":"https:\/\/www.suno.com.br\/noticias\/?p=25320"},"modified":"2019-05-21T10:36:50","modified_gmt":"2019-05-21T13:36:50","slug":"avianca-gol-proposta-azul","status":"publish","type":"post","link":"https:\/\/www.suno.com.br\/noticias\/avianca-gol-proposta-azul\/","title":{"rendered":"Avianca: Gol pede \u00e0 Justi\u00e7a que proposta da Azul n\u00e3o seja levada adiante"},"content":{"rendered":"<p>A Gol pediu \u00e0 Justi\u00e7a que n\u00e3o leve adiante a proposta da Azul de comprar parte dos ativos da Avianca Brasil, que passa por uma recupera\u00e7\u00e3o judicial desde dezembro do ano anterior.<\/p>\t<div class=\"wrapper-featured-image\">\n\t\t<figure class=\"spotlightImg\">\n\n\t\t\t<picture>\n\t\t\t\t<source media=\"(max-width: 768px)\" srcset=\"https:\/\/files.sunoresearch.com.br\/n\/uploads\/2019\/04\/avianca-400x200.webp\">\n\t\t\t\t<img loading=\"lazy\" decoding=\"async\" class=\"newsContent__article__imgCapa lazyloadDisabled newsContent__article__imgCapa--noCaption\" src=\"https:\/\/files.sunoresearch.com.br\/n\/uploads\/2019\/04\/avianca-800x450.webp\" width=\"800\" height=\"450\" alt=\"Avianca: Gol pede \u00e0 Justi\u00e7a que proposta da Azul n\u00e3o seja levada adiante\" fetchpriority=high \/>\n\t\t\t<\/picture>\n\n\t\t\t<figcaption class=\"wp-caption-text wp-caption-text--hide\">Leil\u00e3o da Avianca Brasil deve ocorrer em 10 de julho. (divulga\u00e7\u00e3o)<\/figcaption>\n\t\t<\/figure>\n\t<\/div>\n\n\n<p>A proposta foi realizada na \u00faltima semana. Nela, a <strong>Azul<\/strong> oferece US$ 145 milh\u00f5es para uma Unidade Produtiva Isolada (UPI) da <strong>Avianca<\/strong>.<\/p>\n\t<p>\n\t\t<a href=\"https:\/\/lp.suno.com.br\/minicurso-contabilidade\/\" target=\"_blank\" data-element=\"shortcode-suno-banner\" title=\"Banner SUNO, clique e saiba mais\">\n\t\t\t<picture>\n\t\t\t\t<source media=\"(max-width: 500px)\" srcset=\"https:\/\/files.sunoresearch.com.br\/n\/uploads\/2023\/03\/400x300-Minicurso-Contabilidade.png\">\n\t\t\t\t<img class=\"newsContent__article__imgCapa newsContent__article__imgCapa--banner\"\n\t\t\t\t\tsrc=\"https:\/\/files.sunoresearch.com.br\/n\/uploads\/2023\/03\/1420x240-Minicurso-Contabilidade.png\"\n\t\t\t\t\tdata-promo-id=\"383158\"\t\t\t\t\t\t\t\t\t\twidth='1420' height='240'\t\t\t\t\talt=\"https:\/\/files.sunoresearch.com.br\/n\/uploads\/2023\/03\/1420x240-Minicurso-Contabilidade.png\"\n\t\t\t\t>\n\t\t\t<\/picture>\n\t\t<\/a>\n\t<\/p>\n\n\n<h2>Proposta da Azul para a Avianca<\/h2>\n<p>A nova oferta da Azul faz com que ela retorne a disputa pelos ativos da <strong>Avianca<\/strong>. Em abril a empresa anunciou sua desist\u00eancia, ap\u00f3s realizar uma oferta de US$ 105 milh\u00f5es para adquirir os ativos da Avianca. Na \u00e9poca, a companhia afirmou que a <strong>Gol<\/strong> e a <strong>Latam<\/strong> agiram para evitar a concorr\u00eancia da ponte a\u00e9rea S\u00e3o Paulo-Rio de Janeiro.<\/p>\n<p>De acordo com o documento enviado pela Gol \u00e0 Justi\u00e7a, a nova proposta da Azul n\u00e3o tem legitimidade. &#8220;A proposta da Azul n\u00e3o observa os procedimentos estipulados em lei para altera\u00e7\u00e3o do plano de <strong>recupera\u00e7\u00e3o<\/strong> <strong>judicial<\/strong>&#8220;.<\/p>\n<p>&#8220;Nesse contexto, nunca \u00e9 demais destacar que a Azul tem total liberdade e poder\u00e1 comparecer ao leil\u00e3o das 7 UPIs, apresentar lances para todas elas e sagrar vencedora, adquirindo, assim, todas as UPIs&#8221;, concluiu a <strong>Gol<\/strong>.<\/p>\n<p><a href=\"https:\/\/www.suno.com.br\/noticias\/avianca-promessa-funcionarios\/\">Avianca n\u00e3o cumpre promessa e funcion\u00e1rios n\u00e3o s\u00e3o pagos<\/a><\/p>\n<p>A recupera\u00e7\u00e3o judicial da Avianca j\u00e1 foi aprovada pelos seus <strong>credores<\/strong>. Dessa forma, se for adiante, a proposta prev\u00ea que a companhia seja dividida em sete UPIs.<\/p>\n<p>Inicialmente marcado para 7 de maio, o leil\u00e3o dos ativos da Avianca foi suspenso por uma determina\u00e7\u00e3o da Justi\u00e7a. No entanto, a companhia a\u00e9rea recorreu da decis\u00e3o.<\/p>\n<h2>\u00daltimos voos cancelados<\/h2>\n<p>A Avianca Brasil cancelou mais 596 voos entre o \u00faltimo s\u00e1bado (18) e a \u00faltima segunda-feira (20). A empresa que passa por recupera\u00e7\u00e3o judicial desde dezembro de 2018 sofreu com a greve de seus funcion\u00e1rios e operou com apenas 60% de sua capacidade.<\/p>\n<p><a href=\"htps:\/\/www.suno.com.br\/noticias\/crise-avianca-cancela-voos-segunda\/\">Saiba mais:\u00a0Crise aumenta e Avianca cancela cerca de 600 voos at\u00e9 segunda-feira<\/a><\/p>\n<p>A <strong>Avianca<\/strong> j\u00e1 cancelou a maioria de seus voos desde a metade do m\u00eas de abril. A companhia a\u00e9rea vem perdendo suas <strong>aeronaves<\/strong> na <strong>Justi\u00e7a<\/strong> para as empresas de &#8216;leasing&#8217; devido a <strong>inadimpl\u00eancia<\/strong>. Com a redu\u00e7\u00e3o da frota, a empresa foi obrigada a cancelar parte da demanda de voos.<\/p>\n","protected":false},"excerpt":{"rendered":"<p>A Gol pediu \u00e0 Justi\u00e7a que n\u00e3o leve adiante a proposta da Azul de comprar parte dos ativos da Avianca Brasil, que passa por uma recupera\u00e7\u00e3o judicial desde dezembro do ano anterior. Leil\u00e3o da Avianca Brasil deve ocorrer em 10 de julho. (divulga\u00e7\u00e3o) A proposta foi realizada na \u00faltima semana. Nela, a Azul oferece US$ [&hellip;]<\/p>\n","protected":false},"author":11,"featured_media":22212,"comment_status":"closed","ping_status":"closed","sticky":false,"template":"","format":"standard","meta":[],"categories":[64],"tags":[840],"suno_strategy":[],"class_list":["post-25320","post","type-post","status-publish","format-standard","has-post-thumbnail","hentry","category-negocios","tag-avianca"],"yoast_head":"<!-- This site is optimized with the Yoast SEO plugin v24.4 - https:\/\/yoast.com\/wordpress\/plugins\/seo\/ -->\n<title>Avianca: Gol pede \u00e0 Justi\u00e7a que proposta da Azul n\u00e3o seja levada adiante<\/title>\n<meta name=\"description\" content=\"A azul fez uma proposta de US$ 145 milh\u00f5es para adquirir os ativos da Avianca em uma \u00fanica Unidade Produtiva Isolada. Clique e saiba mais.\" \/>\n<meta name=\"robots\" content=\"index, follow, max-snippet:-1, max-image-preview:large, max-video-preview:-1\" \/>\n<link rel=\"canonical\" href=\"https:\/\/www.suno.com.br\/noticias\/avianca-gol-proposta-azul\/\" \/>\n<meta property=\"og:locale\" content=\"pt_BR\" \/>\n<meta property=\"og:type\" content=\"article\" \/>\n<meta property=\"og:title\" content=\"Avianca: Gol pede \u00e0 Justi\u00e7a que proposta da Azul n\u00e3o seja levada adiante\" \/>\n<meta property=\"og:description\" content=\"A azul fez uma proposta de US$ 145 milh\u00f5es para adquirir os ativos da Avianca em uma \u00fanica Unidade Produtiva Isolada. Clique e saiba mais.\" \/>\n<meta property=\"og:url\" content=\"https:\/\/www.suno.com.br\/noticias\/avianca-gol-proposta-azul\/\" \/>\n<meta property=\"og:site_name\" content=\"Suno Not\u00edcias\" \/>\n<meta property=\"article:publisher\" content=\"https:\/\/facebook.com\/sunoresearch\" \/>\n<meta property=\"og:image\" content=\"https:\/\/files.sunoresearch.com.br\/n\/uploads\/2019\/04\/avianca.jpg\" \/>\n\t<meta property=\"og:image:width\" content=\"1306\" \/>\n\t<meta property=\"og:image:height\" content=\"980\" \/>\n\t<meta property=\"og:image:type\" content=\"image\/jpeg\" \/>\n<meta name=\"author\" content=\"Renan Bandeira\" \/>\n<meta name=\"twitter:card\" content=\"summary_large_image\" \/>\n<meta name=\"twitter:creator\" content=\"@sunoresearch\" \/>\n<meta name=\"twitter:site\" content=\"@sunoresearch\" \/>\n<meta name=\"twitter:label1\" content=\"Escrito por\" \/>\n\t<meta name=\"twitter:data1\" content=\"Renan Bandeira\" \/>\n\t<meta name=\"twitter:label2\" content=\"Est. tempo de leitura\" \/>\n\t<meta name=\"twitter:data2\" content=\"2 minutos\" \/>\n<script type=\"application\/ld+json\" class=\"yoast-schema-graph\">{\"@context\":\"https:\/\/schema.org\",\"@graph\":[{\"@type\":\"NewsArticle\",\"@id\":\"https:\/\/www.suno.com.br\/noticias\/avianca-gol-proposta-azul\/#article\",\"isPartOf\":{\"@id\":\"https:\/\/www.suno.com.br\/noticias\/avianca-gol-proposta-azul\/\"},\"author\":{\"name\":\"Renan Bandeira\",\"@id\":\"https:\/\/www.suno.com.br\/noticias\/#\/schema\/person\/fc144a1c6108bd1dcd43784e88a3c138\"},\"headline\":\"Avianca: Gol pede \u00e0 Justi\u00e7a que proposta da Azul n\u00e3o seja levada adiante\",\"datePublished\":\"2019-05-21T11:11:28+00:00\",\"dateModified\":\"2019-05-21T13:36:50+00:00\",\"mainEntityOfPage\":{\"@id\":\"https:\/\/www.suno.com.br\/noticias\/avianca-gol-proposta-azul\/\"},\"wordCount\":401,\"publisher\":{\"@id\":\"https:\/\/www.suno.com.br\/noticias\/#organization\"},\"image\":{\"@id\":\"https:\/\/www.suno.com.br\/noticias\/avianca-gol-proposta-azul\/#primaryimage\"},\"thumbnailUrl\":\"https:\/\/files.sunoresearch.com.br\/n\/uploads\/2019\/04\/avianca-jpg.webp\",\"keywords\":[\"Avianca\"],\"articleSection\":[\"Neg\u00f3cios\"],\"inLanguage\":\"pt-BR\"},{\"@type\":\"WebPage\",\"@id\":\"https:\/\/www.suno.com.br\/noticias\/avianca-gol-proposta-azul\/\",\"url\":\"https:\/\/www.suno.com.br\/noticias\/avianca-gol-proposta-azul\/\",\"name\":\"Avianca: Gol pede \u00e0 Justi\u00e7a que proposta da Azul n\u00e3o seja levada adiante\",\"isPartOf\":{\"@id\":\"https:\/\/www.suno.com.br\/noticias\/#website\"},\"primaryImageOfPage\":{\"@id\":\"https:\/\/www.suno.com.br\/noticias\/avianca-gol-proposta-azul\/#primaryimage\"},\"image\":{\"@id\":\"https:\/\/www.suno.com.br\/noticias\/avianca-gol-proposta-azul\/#primaryimage\"},\"thumbnailUrl\":\"https:\/\/files.sunoresearch.com.br\/n\/uploads\/2019\/04\/avianca-jpg.webp\",\"datePublished\":\"2019-05-21T11:11:28+00:00\",\"dateModified\":\"2019-05-21T13:36:50+00:00\",\"description\":\"A azul fez uma proposta de US$ 145 milh\u00f5es para adquirir os ativos da Avianca em uma \u00fanica Unidade Produtiva Isolada. Clique e saiba mais.\",\"breadcrumb\":{\"@id\":\"https:\/\/www.suno.com.br\/noticias\/avianca-gol-proposta-azul\/#breadcrumb\"},\"inLanguage\":\"pt-BR\",\"potentialAction\":[{\"@type\":\"ReadAction\",\"target\":[\"https:\/\/www.suno.com.br\/noticias\/avianca-gol-proposta-azul\/\"]}]},{\"@type\":\"ImageObject\",\"inLanguage\":\"pt-BR\",\"@id\":\"https:\/\/www.suno.com.br\/noticias\/avianca-gol-proposta-azul\/#primaryimage\",\"url\":\"https:\/\/files.sunoresearch.com.br\/n\/uploads\/2019\/04\/avianca-jpg.webp\",\"contentUrl\":\"https:\/\/files.sunoresearch.com.br\/n\/uploads\/2019\/04\/avianca-jpg.webp\",\"width\":1306,\"height\":980,\"caption\":\"Leil\u00e3o da Avianca Brasil deve ocorrer em 10 de julho. (divulga\u00e7\u00e3o)\"},{\"@type\":\"BreadcrumbList\",\"@id\":\"https:\/\/www.suno.com.br\/noticias\/avianca-gol-proposta-azul\/#breadcrumb\",\"itemListElement\":[{\"@type\":\"ListItem\",\"position\":1,\"name\":\"Not\u00edcias\",\"item\":\"https:\/\/www.suno.com.br\/noticias\/\"},{\"@type\":\"ListItem\",\"position\":2,\"name\":\"Neg\u00f3cios\",\"item\":\"https:\/\/www.suno.com.br\/noticias\/negocios\/\"},{\"@type\":\"ListItem\",\"position\":3,\"name\":\"Avianca: Gol pede \u00e0 Justi\u00e7a que proposta da Azul n\u00e3o seja levada adiante\"}]},{\"@type\":\"WebSite\",\"@id\":\"https:\/\/www.suno.com.br\/noticias\/#website\",\"url\":\"https:\/\/www.suno.com.br\/noticias\/\",\"name\":\"Suno Not\u00edcias\",\"description\":\"Seu portal de informa\u00e7\u00e3o sobre o mundo dos investimentos\",\"publisher\":{\"@id\":\"https:\/\/www.suno.com.br\/noticias\/#organization\"},\"potentialAction\":[{\"@type\":\"SearchAction\",\"target\":{\"@type\":\"EntryPoint\",\"urlTemplate\":\"https:\/\/www.suno.com.br\/noticias\/?s={search_term_string}\"},\"query-input\":{\"@type\":\"PropertyValueSpecification\",\"valueRequired\":true,\"valueName\":\"search_term_string\"}}],\"inLanguage\":\"pt-BR\"},{\"@type\":\"Organization\",\"@id\":\"https:\/\/www.suno.com.br\/noticias\/#organization\",\"name\":\"Suno Not\u00edcias\",\"url\":\"https:\/\/www.suno.com.br\/noticias\/\",\"logo\":{\"@type\":\"ImageObject\",\"inLanguage\":\"pt-BR\",\"@id\":\"https:\/\/www.suno.com.br\/noticias\/#\/schema\/logo\/image\/\",\"url\":\"https:\/\/files.sunoresearch.com.br\/n\/uploads\/2021\/09\/suno-logo.png\",\"contentUrl\":\"https:\/\/files.sunoresearch.com.br\/n\/uploads\/2021\/09\/suno-logo.png\",\"width\":180,\"height\":180,\"caption\":\"Suno Not\u00edcias\"},\"image\":{\"@id\":\"https:\/\/www.suno.com.br\/noticias\/#\/schema\/logo\/image\/\"},\"sameAs\":[\"https:\/\/facebook.com\/sunoresearch\",\"https:\/\/x.com\/sunoresearch\",\"https:\/\/www.instagram.com\/suno\",\"https:\/\/www.linkedin.com\/company\/suno-research\/\",\"https:\/\/www.youtube.com\/c\/sunoresearch\"]},{\"@type\":\"Person\",\"@id\":\"https:\/\/www.suno.com.br\/noticias\/#\/schema\/person\/fc144a1c6108bd1dcd43784e88a3c138\",\"name\":\"Renan Bandeira\",\"image\":{\"@type\":\"ImageObject\",\"inLanguage\":\"pt-BR\",\"@id\":\"https:\/\/www.suno.com.br\/noticias\/#\/schema\/person\/image\/\",\"url\":\"https:\/\/secure.gravatar.com\/avatar\/68359cdb608f14f11bbefcb78f3fc747?s=96&r=g\",\"contentUrl\":\"https:\/\/secure.gravatar.com\/avatar\/68359cdb608f14f11bbefcb78f3fc747?s=96&r=g\",\"caption\":\"Renan Bandeira\"},\"description\":\"Renan Bandeira escreve sobre pol\u00edtica e economia para o portal da Suno Research. Antes da Suno, trabalhou em uma rede de televis\u00e3o, onde fazia reportagens sobre os mesmos temas. Estuda na Universidade Metodista de S\u00e3o Paulo.\",\"url\":\"https:\/\/www.suno.com.br\/noticias\/author\/renan-bandeira\/\"}]}<\/script>\n<!-- \/ Yoast SEO plugin. -->","yoast_head_json":{"title":"Avianca: Gol pede \u00e0 Justi\u00e7a que proposta da Azul n\u00e3o seja levada adiante","description":"A azul fez uma proposta de US$ 145 milh\u00f5es para adquirir os ativos da Avianca em uma \u00fanica Unidade Produtiva Isolada. Clique e saiba mais.","robots":{"index":"index","follow":"follow","max-snippet":"max-snippet:-1","max-image-preview":"max-image-preview:large","max-video-preview":"max-video-preview:-1"},"canonical":"https:\/\/www.suno.com.br\/noticias\/avianca-gol-proposta-azul\/","og_locale":"pt_BR","og_type":"article","og_title":"Avianca: Gol pede \u00e0 Justi\u00e7a que proposta da Azul n\u00e3o seja levada adiante","og_description":"A azul fez uma proposta de US$ 145 milh\u00f5es para adquirir os ativos da Avianca em uma \u00fanica Unidade Produtiva Isolada. Clique e saiba mais.","og_url":"https:\/\/www.suno.com.br\/noticias\/avianca-gol-proposta-azul\/","og_site_name":"Suno Not\u00edcias","article_publisher":"https:\/\/facebook.com\/sunoresearch","og_image":[{"width":1306,"height":980,"url":"https:\/\/files.sunoresearch.com.br\/n\/uploads\/2019\/04\/avianca.jpg","type":"image\/jpeg"}],"author":"Renan Bandeira","twitter_card":"summary_large_image","twitter_creator":"@sunoresearch","twitter_site":"@sunoresearch","twitter_misc":{"Escrito por":"Renan Bandeira","Est. tempo de leitura":"2 minutos"},"schema":{"@context":"https:\/\/schema.org","@graph":[{"@type":"NewsArticle","@id":"https:\/\/www.suno.com.br\/noticias\/avianca-gol-proposta-azul\/#article","isPartOf":{"@id":"https:\/\/www.suno.com.br\/noticias\/avianca-gol-proposta-azul\/"},"author":{"name":"Renan Bandeira","@id":"https:\/\/www.suno.com.br\/noticias\/#\/schema\/person\/fc144a1c6108bd1dcd43784e88a3c138"},"headline":"Avianca: Gol pede \u00e0 Justi\u00e7a que proposta da Azul n\u00e3o seja levada adiante","datePublished":"2019-05-21T11:11:28+00:00","dateModified":"2019-05-21T13:36:50+00:00","mainEntityOfPage":{"@id":"https:\/\/www.suno.com.br\/noticias\/avianca-gol-proposta-azul\/"},"wordCount":401,"publisher":{"@id":"https:\/\/www.suno.com.br\/noticias\/#organization"},"image":{"@id":"https:\/\/www.suno.com.br\/noticias\/avianca-gol-proposta-azul\/#primaryimage"},"thumbnailUrl":"https:\/\/files.sunoresearch.com.br\/n\/uploads\/2019\/04\/avianca-jpg.webp","keywords":["Avianca"],"articleSection":["Neg\u00f3cios"],"inLanguage":"pt-BR"},{"@type":"WebPage","@id":"https:\/\/www.suno.com.br\/noticias\/avianca-gol-proposta-azul\/","url":"https:\/\/www.suno.com.br\/noticias\/avianca-gol-proposta-azul\/","name":"Avianca: Gol pede \u00e0 Justi\u00e7a que proposta da Azul n\u00e3o seja levada adiante","isPartOf":{"@id":"https:\/\/www.suno.com.br\/noticias\/#website"},"primaryImageOfPage":{"@id":"https:\/\/www.suno.com.br\/noticias\/avianca-gol-proposta-azul\/#primaryimage"},"image":{"@id":"https:\/\/www.suno.com.br\/noticias\/avianca-gol-proposta-azul\/#primaryimage"},"thumbnailUrl":"https:\/\/files.sunoresearch.com.br\/n\/uploads\/2019\/04\/avianca-jpg.webp","datePublished":"2019-05-21T11:11:28+00:00","dateModified":"2019-05-21T13:36:50+00:00","description":"A azul fez uma proposta de US$ 145 milh\u00f5es para adquirir os ativos da Avianca em uma \u00fanica Unidade Produtiva Isolada. Clique e saiba mais.","breadcrumb":{"@id":"https:\/\/www.suno.com.br\/noticias\/avianca-gol-proposta-azul\/#breadcrumb"},"inLanguage":"pt-BR","potentialAction":[{"@type":"ReadAction","target":["https:\/\/www.suno.com.br\/noticias\/avianca-gol-proposta-azul\/"]}]},{"@type":"ImageObject","inLanguage":"pt-BR","@id":"https:\/\/www.suno.com.br\/noticias\/avianca-gol-proposta-azul\/#primaryimage","url":"https:\/\/files.sunoresearch.com.br\/n\/uploads\/2019\/04\/avianca-jpg.webp","contentUrl":"https:\/\/files.sunoresearch.com.br\/n\/uploads\/2019\/04\/avianca-jpg.webp","width":1306,"height":980,"caption":"Leil\u00e3o da Avianca Brasil deve ocorrer em 10 de julho. (divulga\u00e7\u00e3o)"},{"@type":"BreadcrumbList","@id":"https:\/\/www.suno.com.br\/noticias\/avianca-gol-proposta-azul\/#breadcrumb","itemListElement":[{"@type":"ListItem","position":1,"name":"Not\u00edcias","item":"https:\/\/www.suno.com.br\/noticias\/"},{"@type":"ListItem","position":2,"name":"Neg\u00f3cios","item":"https:\/\/www.suno.com.br\/noticias\/negocios\/"},{"@type":"ListItem","position":3,"name":"Avianca: Gol pede \u00e0 Justi\u00e7a que proposta da Azul n\u00e3o seja levada adiante"}]},{"@type":"WebSite","@id":"https:\/\/www.suno.com.br\/noticias\/#website","url":"https:\/\/www.suno.com.br\/noticias\/","name":"Suno Not\u00edcias","description":"Seu portal de informa\u00e7\u00e3o sobre o mundo dos investimentos","publisher":{"@id":"https:\/\/www.suno.com.br\/noticias\/#organization"},"potentialAction":[{"@type":"SearchAction","target":{"@type":"EntryPoint","urlTemplate":"https:\/\/www.suno.com.br\/noticias\/?s={search_term_string}"},"query-input":{"@type":"PropertyValueSpecification","valueRequired":true,"valueName":"search_term_string"}}],"inLanguage":"pt-BR"},{"@type":"Organization","@id":"https:\/\/www.suno.com.br\/noticias\/#organization","name":"Suno Not\u00edcias","url":"https:\/\/www.suno.com.br\/noticias\/","logo":{"@type":"ImageObject","inLanguage":"pt-BR","@id":"https:\/\/www.suno.com.br\/noticias\/#\/schema\/logo\/image\/","url":"https:\/\/files.sunoresearch.com.br\/n\/uploads\/2021\/09\/suno-logo.png","contentUrl":"https:\/\/files.sunoresearch.com.br\/n\/uploads\/2021\/09\/suno-logo.png","width":180,"height":180,"caption":"Suno Not\u00edcias"},"image":{"@id":"https:\/\/www.suno.com.br\/noticias\/#\/schema\/logo\/image\/"},"sameAs":["https:\/\/facebook.com\/sunoresearch","https:\/\/x.com\/sunoresearch","https:\/\/www.instagram.com\/suno","https:\/\/www.linkedin.com\/company\/suno-research\/","https:\/\/www.youtube.com\/c\/sunoresearch"]},{"@type":"Person","@id":"https:\/\/www.suno.com.br\/noticias\/#\/schema\/person\/fc144a1c6108bd1dcd43784e88a3c138","name":"Renan Bandeira","image":{"@type":"ImageObject","inLanguage":"pt-BR","@id":"https:\/\/www.suno.com.br\/noticias\/#\/schema\/person\/image\/","url":"https:\/\/secure.gravatar.com\/avatar\/68359cdb608f14f11bbefcb78f3fc747?s=96&r=g","contentUrl":"https:\/\/secure.gravatar.com\/avatar\/68359cdb608f14f11bbefcb78f3fc747?s=96&r=g","caption":"Renan Bandeira"},"description":"Renan Bandeira escreve sobre pol\u00edtica e economia para o portal da Suno Research. Antes da Suno, trabalhou em uma rede de televis\u00e3o, onde fazia reportagens sobre os mesmos temas. Estuda na Universidade Metodista de S\u00e3o Paulo.","url":"https:\/\/www.suno.com.br\/noticias\/author\/renan-bandeira\/"}]}},"default_loop_html":"<div class=\"cardsPage__listCard__boxs\"><div class=\"cardsPage__listCard__boxs__img\"><a href=\"https:\/\/www.suno.com.br\/noticias\/avianca-gol-proposta-azul\/\"><img class=\"mask\" src=\"https:\/\/www.suno.com.br\/noticias\/wp-content\/themes\/suno\/resources\/images\/spotlight\/spotlight1img\/bg-mask.png\" alt=\"Image Mask\"\/><img src=\"https:\/\/files.sunoresearch.com.br\/n\/uploads\/2019\/04\/avianca-400x200.webp\" alt=\"Avianca: Gol pede \u00e0 Justi\u00e7a que proposta da Azul n\u00e3o seja levada adiante\"\/><\/a><span class=\"spotlightCategory\"><a href=\"https:\/\/www.suno.com.br\/noticias\/negocios\/\">Neg\u00f3cios<\/a><\/span><\/div><div class=\"cardsPage__listCard__boxs__content\"><a href=\"https:\/\/www.suno.com.br\/noticias\/avianca-gol-proposta-azul\/\"><h2 class=\"content__title\">Avianca: Gol pede \u00e0 Justi\u00e7a que proposta da Azul n\u00e3o seja levada adiante<\/h2><\/a><div class=\"newsContent__article__meta\"><div class=\"newsContent__article__meta__authorBox\"><a href=\"https:\/\/www.suno.com.br\/noticias\/author\/renan-bandeira\/\" class=\"authorBox__avatar noMobi\"><img src=\"https:\/\/secure.gravatar.com\/avatar\/68359cdb608f14f11bbefcb78f3fc747?s=96&#038;r=g\" alt=\"Renan Bandeira\"><\/a><div class=\"authorBox__name\"><span>por\n\t\t\t<a href=\"https:\/\/www.suno.com.br\/noticias\/author\/renan-bandeira\/\"><span itemprop=\"author\">Renan Bandeira<\/span><\/a><\/span><time datetime=\"2019-05-21T08:11:28-03:00\" itemprop=\"datePublished\">21\/05\/2019 08:11<\/time><\/div><\/div><\/div><\/div><\/div>","single_layout":"posts","amp_enabled":true,"_links":{"self":[{"href":"https:\/\/www.suno.com.br\/noticias\/wp-json\/wp\/v2\/posts\/25320"}],"collection":[{"href":"https:\/\/www.suno.com.br\/noticias\/wp-json\/wp\/v2\/posts"}],"about":[{"href":"https:\/\/www.suno.com.br\/noticias\/wp-json\/wp\/v2\/types\/post"}],"author":[{"embeddable":true,"href":"https:\/\/www.suno.com.br\/noticias\/wp-json\/wp\/v2\/users\/11"}],"replies":[{"embeddable":true,"href":"https:\/\/www.suno.com.br\/noticias\/wp-json\/wp\/v2\/comments?post=25320"}],"version-history":[{"count":0,"href":"https:\/\/www.suno.com.br\/noticias\/wp-json\/wp\/v2\/posts\/25320\/revisions"}],"wp:featuredmedia":[{"embeddable":true,"href":"https:\/\/www.suno.com.br\/noticias\/wp-json\/wp\/v2\/media\/22212"}],"wp:attachment":[{"href":"https:\/\/www.suno.com.br\/noticias\/wp-json\/wp\/v2\/media?parent=25320"}],"wp:term":[{"taxonomy":"category","embeddable":true,"href":"https:\/\/www.suno.com.br\/noticias\/wp-json\/wp\/v2\/categories?post=25320"},{"taxonomy":"post_tag","embeddable":true,"href":"https:\/\/www.suno.com.br\/noticias\/wp-json\/wp\/v2\/tags?post=25320"},{"taxonomy":"suno_strategy","embeddable":true,"href":"https:\/\/www.suno.com.br\/noticias\/wp-json\/wp\/v2\/suno_strategy?post=25320"}],"curies":[{"name":"wp","href":"https:\/\/api.w.org\/{rel}","templated":true}]}}