{"id":25288,"date":"2019-05-20T18:02:06","date_gmt":"2019-05-20T21:02:06","guid":{"rendered":"https:\/\/www.suno.com.br\/noticias\/?p=25288"},"modified":"2019-05-20T18:11:39","modified_gmt":"2019-05-20T21:11:39","slug":"ibovespa-fechamento-20052019","status":"publish","type":"post","link":"https:\/\/www.suno.com.br\/noticias\/ibovespa-fechamento-20052019\/","title":{"rendered":"Ibovespa cresce 2%, com otimismo sobre Previd\u00eancia; Braskem sobe 10%"},"content":{"rendered":"<p>O Ibovespa obteve crescimento de 2,17%, na sess\u00e3o desta segunda-feira (20). Com\u00a091.946,19 pontos, o avan\u00e7o do \u00edndice acion\u00e1rio foi estimulado pela valoriza\u00e7\u00e3o dos papeis da <strong>Braskem<\/strong>.<\/p>\t<div class=\"wrapper-featured-image\">\n\t\t<figure class=\"spotlightImg\">\n\n\t\t\t<picture>\n\t\t\t\t<source media=\"(max-width: 768px)\" srcset=\"https:\/\/files.sunoresearch.com.br\/n\/uploads\/2018\/12\/22a35ec4-ibovespa-400x200.webp\">\n\t\t\t\t<img loading=\"lazy\" decoding=\"async\" class=\"newsContent__article__imgCapa lazyloadDisabled newsContent__article__imgCapa--noCaption\" src=\"https:\/\/files.sunoresearch.com.br\/n\/uploads\/2018\/12\/22a35ec4-ibovespa-800x450.webp\" width=\"800\" height=\"450\" alt=\"Ibovespa cresce 2%, com otimismo sobre Previd\u00eancia; Braskem sobe 10%\" fetchpriority=high \/>\n\t\t\t<\/picture>\n\n\t\t\t<figcaption class=\"wp-caption-text wp-caption-text--hide\">Ibovespa fecha em alta de 2,03%, a 95.735,35 pontos<\/figcaption>\n\t\t<\/figure>\n\t<\/div>\n\n\n<p>Al\u00e9m disso, o otimismo sobre a <strong>reforma da Previd\u00eancia<\/strong> tamb\u00e9m alavancou o <strong>Ibovespa<\/strong>. A melhora na percep\u00e7\u00e3o do mercado diante da proposta deve-se ao encontro entre o ministro da Economia, <a href=\"https:\/\/www.suno.com.br\/tudo-sobre\/paulo-guedes\/\">Paulo <strong>Guedes<\/strong><\/a>, e o <strong>relator<\/strong> da <strong>comiss\u00e3o especial<\/strong> da C\u00e2mara, Samuel Moreira (PSDB).<\/p>\n<p>O Ibovespa apresentou pontua\u00e7\u00e3o m\u00ednima de\u00a089.822,25 pontos e m\u00e1xima de\u00a092.116,51 pontos.<\/p>\n\t<p>\n\t\t<a href=\"https:\/\/lp.suno.com.br\/ebook-como-analisar-uma-acao\/\" target=\"_blank\" data-element=\"shortcode-suno-banner\" title=\"Banner SUNO, clique e saiba mais\">\n\t\t\t<picture>\n\t\t\t\t<source media=\"(max-width: 500px)\" srcset=\"https:\/\/files.sunoresearch.com.br\/n\/uploads\/2023\/03\/Ebook-Acoes-Mobile.jpg\">\n\t\t\t\t<img class=\"newsContent__article__imgCapa newsContent__article__imgCapa--banner\"\n\t\t\t\t\tsrc=\"https:\/\/files.sunoresearch.com.br\/n\/uploads\/2023\/03\/Ebook-Acoes-Desktop.jpg\"\n\t\t\t\t\tdata-promo-id=\"378302\"\t\t\t\t\t\t\t\t\t\twidth='1420' height='286'\t\t\t\t\talt=\"https:\/\/files.sunoresearch.com.br\/n\/uploads\/2023\/03\/Ebook-Acoes-Desktop.jpg\"\n\t\t\t\t>\n\t\t\t<\/picture>\n\t\t<\/a>\n\t<\/p>\n\n\n<h2>Paulo Guedes e relator da comiss\u00e3o especial tem reuni\u00e3o<\/h2>\n<p>Na tarde desta segunda-feira, reuniram-se:<\/p>\n<ul>\n<li>o ministro da Economia, Paulo <strong>Guedes<\/strong>;<\/li>\n<li>o secret\u00e1rio especial de <strong>Previd\u00eancia<\/strong> do Minist\u00e9rio da Economia,\u00a0Rog\u00e9rio Marinho;<\/li>\n<li>e\u00a0o relator da <strong>comiss\u00e3o especial<\/strong> da C\u00e2mara, Samuel Moreira (PSDB).<\/li>\n<\/ul>\n<p>Ap\u00f3s finalizada a reuni\u00e3o, o secret\u00e1rio afirmou que n\u00e3o h\u00e1 outra proposta de texto alternativo ao do governo, referente \u00e0 <strong>reforma da Previd\u00eancia<\/strong>, a ser apresentada por parlamentares.<\/p>\n<p>&#8220;N\u00e3o h\u00e1 dificuldade, o que houve foi um <strong>ru\u00eddo<\/strong> de comunica\u00e7\u00e3o. O pr\u00f3prio presidente [da comiss\u00e3o especial da reforma da Previd\u00eancia], Marcelo Ramos, deu uma segunda declara\u00e7\u00e3o nesse sentido, para toda a imprensa, dizendo que as altera\u00e7\u00f5es que poder\u00e3o ocorrer ser\u00e3o em cima do projeto apresentado pelo governo, como sempre foi no parlamento&#8221;, declarou Marinho \u00e0 Imprensa.<\/p>\n<p><a href=\"https:\/\/www.suno.com.br\/noticias\/reforma-previdencia-bolsonaro-congresso\/\">Saiba mais &#8211;\u00a0Bolsonaro: \u201cse Congresso tem projeto de Previd\u00eancia melhor, que vote\u201d<\/a><\/p>\n<p>Por sua vez, Guedes informou ap\u00f3s a reuni\u00e3o que os tr\u00eas estavam\u00a0<span style=\"font-size: 1.21429rem;\">&#8220;otimistas quanto ao compromisso de aprovar a reforma com a pot\u00eancia fiscal necess\u00e1ria para desbloquear o horizonte de <strong>investimentos<\/strong> no Brasil nos pr\u00f3ximos 10, 15 anos e o <strong>Brasil<\/strong> retomar o crescimento e conseguir estabilidade fiscal, que \u00e9 o grande objetivo&#8221;.<\/span><\/p>\n<p>O relator da <strong>comiss\u00e3o especial<\/strong> reafirmou que o parecer da reforma da Previd\u00eancia deve ficar pronto at\u00e9 <strong>15 de junho<\/strong>. Al\u00e9m disso, Moreira defendeu a economia de <strong>R$ 1 trilh\u00e3o<\/strong>, prevista pela equipe econ\u00f4mica antes de pontos serem retirados do texto no parecer da Comiss\u00e3o de Constitui\u00e7\u00e3o de Justi\u00e7a e Cidadania (<strong>CCJ<\/strong>) da <strong>C\u00e2mara<\/strong>.<\/p>\n<p>As falas agradaram ao mercado, e o <strong>Ibovespa<\/strong> apresentou expans\u00e3o neste in\u00edcio de semana.<\/p>\n<h2>Braskem pode sair do Alagos<\/h2>\n<p>A <strong>Braskem<\/strong> poder\u00e1 deixar as opera\u00e7\u00f5es em <strong>Macei\u00f3<\/strong> (AL). As mesmas j\u00e1 est\u00e3o paralisadas desde o \u00faltimo dia 9, devido a um relat\u00f3rio geol\u00f3gico que aponta que a extra\u00e7\u00e3o de sal-gema feita pela empresa est\u00e1 sendo prejudicial para o solo dos bairros entorno.<\/p>\n<p>De acordo com o portal &#8220;Gazeta Web&#8221;, caso as atividades n\u00e3o retornem \u00e0 normalidade, a <strong>Braskem<\/strong> poder\u00e1 retirar-se do estado em at\u00e9 seis meses.<\/p>\n<p>Confira abaixo as opera\u00e7\u00f5es da companhia no <strong>Alagoas<\/strong>:<\/p>\n<ul>\n<li>a <strong>minera\u00e7\u00e3o<\/strong> de sal-gema da jazida de Macei\u00f3, tamb\u00e9m considerada uma das maiores na Am\u00e9rica Latina;<\/li>\n<li>a <strong>produ\u00e7\u00e3o<\/strong> de <strong>dicloroetano<\/strong> (base para produ\u00e7\u00e3o de PVC) e soda-c\u00e1ustica;<\/li>\n<li>e a <strong>ind\u00fastria<\/strong> de <strong>PVC<\/strong> que fornece mat\u00e9ria-prima para ind\u00fastrias de segunda e terceira gera\u00e7\u00e3o da cadeia de pl\u00e1sticos no Pa\u00eds.<\/li>\n<\/ul>\n<p><a href=\"https:\/\/www.suno.com.br\/noticias\/braskem-fim-alagoas-acoes-sobem\/\">Saiba mais &#8211;\u00a0Braskem pode deixar opera\u00e7\u00f5es no Alagoas; cota\u00e7\u00e3o das a\u00e7\u00f5es sobe 10%<\/a><\/p>\n<h2>Vale \u00e9 destaque negativo devido \u00e0 risco iminente de rompimento de talude<\/h2>\n<p>O risco \u00e9 iminente do <strong>talude<\/strong> norte da cava mina do<strong> Gongo Soco<\/strong>, em Bar\u00e3o de Cocais (MG), se <strong>romper<\/strong>. De acordo com os c\u00e1lculos da Vale (VALE3), o fato vir\u00e1 a se concretizar ainda nesta semana. As informa\u00e7\u00f5es s\u00e3o do &#8220;UOL&#8221;.<\/p>\n<p>Segundo o chefe da divis\u00e3o de seguran\u00e7a de barragens de minera\u00e7\u00e3o de Minas Gerais da <strong>Ag\u00eancia Nacional de Minera\u00e7\u00e3o<\/strong> (ANM), Wagner Nascimento, o talude da <strong>Vale<\/strong> tem se movimentado a uma velocidade m\u00e9dia de <strong>7\u00a0<\/strong>cm por dia.<\/p>\n<p>A ag\u00eancia tem d\u00favidas se o <strong>rompimento<\/strong> ocorrer\u00e1 de forma abrupta, ou se o processo se dar\u00e1 de forma lenta. E, caso, o rompimento ocorra de forma repentina, h\u00e1 a possibilidade de uma nova barragem de rejeitos tamb\u00e9m sofrer ruptura.<\/p>\n<p><a href=\"https:\/\/www.suno.com.br\/noticias\/talude-da-vale-em-barao-dos-cocais-deve-se-romper-nesta-semana\/\">Saiba mais &#8211;\u00a0Talude da mina da Vale em Bar\u00e3o dos Cocais deve se romper nesta semana<\/a><\/p>\n<h2>Bolsas internacionais<\/h2>\n<ul>\n<li>Nasdaq (Estados Unidos): queda de\u00a01,46%<\/li>\n<li>FTSE 100 (Reino Unido): queda de 0,51%<\/li>\n<li>Nikkei (Jap\u00e3o): alta de 0,24%<\/li>\n<li>CAC40 (Fran\u00e7a): queda de 1,46%<\/li>\n<\/ul>\n<h2>Maiores altas do Ibovespa<\/h2>\n<ul>\n<li>BRKM5 alta de 10,11% (R$ 40,40)<\/li>\n<li>CYRE3 alta de 6,88% (R$ 16,31)<\/li>\n<li>MULT3 alta de 6,4% (R$ 22,95)<\/li>\n<li>MRFG3 alta de 6,37% (R$ 7,18)<\/li>\n<li>CMIG4 alta de 5,68% (R$ 13,20)<\/li>\n<\/ul>\n<h2>Maiores quedas do Ibovespa<\/h2>\n<ul>\n<li>VALE3 queda de 2,03% (R$ 46,75)<\/li>\n<li>SUZB3 queda de 1,92%(R$ 37,27)<\/li>\n<li>FLRY3 queda de 0,42% (R$ 19,02)<\/li>\n<li>BRAP4 queda de 0,27% (R$ 29,29)<\/li>\n<li>CSNA3 queda de 0% (R$ 15,39)<\/li>\n<\/ul>\n","protected":false},"excerpt":{"rendered":"<p>O Ibovespa obteve crescimento de 2,17%, na sess\u00e3o desta segunda-feira (20). Com\u00a091.946,19 pontos, o avan\u00e7o do \u00edndice acion\u00e1rio foi estimulado pela valoriza\u00e7\u00e3o dos papeis da Braskem. Ibovespa fecha em alta de 2,03%, a 95.735,35 pontos Al\u00e9m disso, o otimismo sobre a reforma da Previd\u00eancia tamb\u00e9m alavancou o Ibovespa. A melhora na percep\u00e7\u00e3o do mercado diante [&hellip;]<\/p>\n","protected":false},"author":12,"featured_media":8246,"comment_status":"closed","ping_status":"closed","sticky":false,"template":"","format":"standard","meta":[],"categories":[60],"tags":[395,721,940,676],"suno_strategy":[],"class_list":["post-25288","post","type-post","status-publish","format-standard","has-post-thumbnail","hentry","category-mercado","tag-braskem-brkm3-brkm5-brkm6","tag-ibovespa","tag-reforma-da-previdencia","tag-vale-vale3"],"yoast_head":"<!-- This site is optimized with the Yoast SEO plugin v24.4 - https:\/\/yoast.com\/wordpress\/plugins\/seo\/ -->\n<title>Ibovespa cresce 2%, com otimismo sobre Previd\u00eancia; Braskem sobe 10%<\/title>\n<meta name=\"description\" content=\"O Ibovespa apresentou alta, devido ao otimismo sobre a reforma da Previd\u00eancia; Braskem foi destaque positivo. Clique para saber mais.\" \/>\n<meta name=\"robots\" content=\"index, follow, max-snippet:-1, max-image-preview:large, max-video-preview:-1\" \/>\n<link rel=\"canonical\" href=\"https:\/\/www.suno.com.br\/noticias\/ibovespa-fechamento-20052019\/\" \/>\n<meta property=\"og:locale\" content=\"pt_BR\" \/>\n<meta property=\"og:type\" content=\"article\" \/>\n<meta property=\"og:title\" content=\"Ibovespa cresce 2%, com otimismo sobre Previd\u00eancia; Braskem sobe 10%\" \/>\n<meta property=\"og:description\" content=\"O Ibovespa apresentou alta, devido ao otimismo sobre a reforma da Previd\u00eancia; Braskem foi destaque positivo. Clique para saber mais.\" \/>\n<meta property=\"og:url\" content=\"https:\/\/www.suno.com.br\/noticias\/ibovespa-fechamento-20052019\/\" \/>\n<meta property=\"og:site_name\" content=\"Suno Not\u00edcias\" \/>\n<meta property=\"article:publisher\" content=\"https:\/\/facebook.com\/sunoresearch\" \/>\n<meta property=\"og:image\" content=\"https:\/\/files.sunoresearch.com.br\/n\/uploads\/2018\/12\/22a35ec4-ibovespa.jpg\" \/>\n\t<meta property=\"og:image:width\" content=\"1280\" \/>\n\t<meta property=\"og:image:height\" content=\"902\" \/>\n\t<meta property=\"og:image:type\" content=\"image\/jpeg\" \/>\n<meta name=\"author\" content=\"Amanda Gushiken\" \/>\n<meta name=\"twitter:card\" content=\"summary_large_image\" \/>\n<meta name=\"twitter:creator\" content=\"@sunoresearch\" \/>\n<meta name=\"twitter:site\" content=\"@sunoresearch\" \/>\n<meta name=\"twitter:label1\" content=\"Escrito por\" \/>\n\t<meta name=\"twitter:data1\" content=\"Amanda Gushiken\" \/>\n\t<meta name=\"twitter:label2\" content=\"Est. tempo de leitura\" \/>\n\t<meta name=\"twitter:data2\" content=\"4 minutos\" \/>\n<script type=\"application\/ld+json\" class=\"yoast-schema-graph\">{\"@context\":\"https:\/\/schema.org\",\"@graph\":[{\"@type\":\"NewsArticle\",\"@id\":\"https:\/\/www.suno.com.br\/noticias\/ibovespa-fechamento-20052019\/#article\",\"isPartOf\":{\"@id\":\"https:\/\/www.suno.com.br\/noticias\/ibovespa-fechamento-20052019\/\"},\"author\":{\"name\":\"Amanda Gushiken\",\"@id\":\"https:\/\/www.suno.com.br\/noticias\/#\/schema\/person\/a5b06fa4e879d8e8e119c6ed3cd630d1\"},\"headline\":\"Ibovespa cresce 2%, com otimismo sobre Previd\u00eancia; Braskem sobe 10%\",\"datePublished\":\"2019-05-20T21:02:06+00:00\",\"dateModified\":\"2019-05-20T21:11:39+00:00\",\"mainEntityOfPage\":{\"@id\":\"https:\/\/www.suno.com.br\/noticias\/ibovespa-fechamento-20052019\/\"},\"wordCount\":788,\"publisher\":{\"@id\":\"https:\/\/www.suno.com.br\/noticias\/#organization\"},\"image\":{\"@id\":\"https:\/\/www.suno.com.br\/noticias\/ibovespa-fechamento-20052019\/#primaryimage\"},\"thumbnailUrl\":\"https:\/\/files.sunoresearch.com.br\/n\/uploads\/2018\/12\/22a35ec4-ibovespa-jpg.webp\",\"keywords\":[\"Braskem (BRKM3\/BRKM5\/BRKM6)\",\"Ibovespa\",\"Reforma da Previd\u00eancia\",\"Vale (VALE3)\"],\"articleSection\":[\"Mercado\"],\"inLanguage\":\"pt-BR\"},{\"@type\":\"WebPage\",\"@id\":\"https:\/\/www.suno.com.br\/noticias\/ibovespa-fechamento-20052019\/\",\"url\":\"https:\/\/www.suno.com.br\/noticias\/ibovespa-fechamento-20052019\/\",\"name\":\"Ibovespa cresce 2%, com otimismo sobre Previd\u00eancia; Braskem sobe 10%\",\"isPartOf\":{\"@id\":\"https:\/\/www.suno.com.br\/noticias\/#website\"},\"primaryImageOfPage\":{\"@id\":\"https:\/\/www.suno.com.br\/noticias\/ibovespa-fechamento-20052019\/#primaryimage\"},\"image\":{\"@id\":\"https:\/\/www.suno.com.br\/noticias\/ibovespa-fechamento-20052019\/#primaryimage\"},\"thumbnailUrl\":\"https:\/\/files.sunoresearch.com.br\/n\/uploads\/2018\/12\/22a35ec4-ibovespa-jpg.webp\",\"datePublished\":\"2019-05-20T21:02:06+00:00\",\"dateModified\":\"2019-05-20T21:11:39+00:00\",\"description\":\"O Ibovespa apresentou alta, devido ao otimismo sobre a reforma da Previd\u00eancia; Braskem foi destaque positivo. Clique para saber mais.\",\"breadcrumb\":{\"@id\":\"https:\/\/www.suno.com.br\/noticias\/ibovespa-fechamento-20052019\/#breadcrumb\"},\"inLanguage\":\"pt-BR\",\"potentialAction\":[{\"@type\":\"ReadAction\",\"target\":[\"https:\/\/www.suno.com.br\/noticias\/ibovespa-fechamento-20052019\/\"]}]},{\"@type\":\"ImageObject\",\"inLanguage\":\"pt-BR\",\"@id\":\"https:\/\/www.suno.com.br\/noticias\/ibovespa-fechamento-20052019\/#primaryimage\",\"url\":\"https:\/\/files.sunoresearch.com.br\/n\/uploads\/2018\/12\/22a35ec4-ibovespa-jpg.webp\",\"contentUrl\":\"https:\/\/files.sunoresearch.com.br\/n\/uploads\/2018\/12\/22a35ec4-ibovespa-jpg.webp\",\"width\":1280,\"height\":902,\"caption\":\"Ibovespa fecha em alta de 2,03%, a 95.735,35 pontos\"},{\"@type\":\"BreadcrumbList\",\"@id\":\"https:\/\/www.suno.com.br\/noticias\/ibovespa-fechamento-20052019\/#breadcrumb\",\"itemListElement\":[{\"@type\":\"ListItem\",\"position\":1,\"name\":\"Not\u00edcias\",\"item\":\"https:\/\/www.suno.com.br\/noticias\/\"},{\"@type\":\"ListItem\",\"position\":2,\"name\":\"Mercado\",\"item\":\"https:\/\/www.suno.com.br\/noticias\/mercado\/\"},{\"@type\":\"ListItem\",\"position\":3,\"name\":\"Ibovespa cresce 2%, com otimismo sobre Previd\u00eancia; Braskem sobe 10%\"}]},{\"@type\":\"WebSite\",\"@id\":\"https:\/\/www.suno.com.br\/noticias\/#website\",\"url\":\"https:\/\/www.suno.com.br\/noticias\/\",\"name\":\"Suno Not\u00edcias\",\"description\":\"Seu portal de informa\u00e7\u00e3o sobre o mundo dos investimentos\",\"publisher\":{\"@id\":\"https:\/\/www.suno.com.br\/noticias\/#organization\"},\"potentialAction\":[{\"@type\":\"SearchAction\",\"target\":{\"@type\":\"EntryPoint\",\"urlTemplate\":\"https:\/\/www.suno.com.br\/noticias\/?s={search_term_string}\"},\"query-input\":{\"@type\":\"PropertyValueSpecification\",\"valueRequired\":true,\"valueName\":\"search_term_string\"}}],\"inLanguage\":\"pt-BR\"},{\"@type\":\"Organization\",\"@id\":\"https:\/\/www.suno.com.br\/noticias\/#organization\",\"name\":\"Suno Not\u00edcias\",\"url\":\"https:\/\/www.suno.com.br\/noticias\/\",\"logo\":{\"@type\":\"ImageObject\",\"inLanguage\":\"pt-BR\",\"@id\":\"https:\/\/www.suno.com.br\/noticias\/#\/schema\/logo\/image\/\",\"url\":\"https:\/\/files.sunoresearch.com.br\/n\/uploads\/2021\/09\/suno-logo.png\",\"contentUrl\":\"https:\/\/files.sunoresearch.com.br\/n\/uploads\/2021\/09\/suno-logo.png\",\"width\":180,\"height\":180,\"caption\":\"Suno Not\u00edcias\"},\"image\":{\"@id\":\"https:\/\/www.suno.com.br\/noticias\/#\/schema\/logo\/image\/\"},\"sameAs\":[\"https:\/\/facebook.com\/sunoresearch\",\"https:\/\/x.com\/sunoresearch\",\"https:\/\/www.instagram.com\/suno\",\"https:\/\/www.linkedin.com\/company\/suno-research\/\",\"https:\/\/www.youtube.com\/c\/sunoresearch\"]},{\"@type\":\"Person\",\"@id\":\"https:\/\/www.suno.com.br\/noticias\/#\/schema\/person\/a5b06fa4e879d8e8e119c6ed3cd630d1\",\"name\":\"Amanda Gushiken\",\"image\":{\"@type\":\"ImageObject\",\"inLanguage\":\"pt-BR\",\"@id\":\"https:\/\/www.suno.com.br\/noticias\/#\/schema\/person\/image\/\",\"url\":\"https:\/\/secure.gravatar.com\/avatar\/ecd84705e6b65e3685ae80d725501fbe?s=96&r=g\",\"contentUrl\":\"https:\/\/secure.gravatar.com\/avatar\/ecd84705e6b65e3685ae80d725501fbe?s=96&r=g\",\"caption\":\"Amanda Gushiken\"},\"description\":\"Amanda Sayuri Gushiken escreve sobre finan\u00e7as e neg\u00f3cios para o portal Suno Not\u00edcias. Antes, trabalhou selecionando not\u00edcias da imprensa para clientes do mercado financeiro. Tamb\u00e9m desenvolveu pesquisa acad\u00eamica pela Universidade Anhembi Morumbi na \u00e1rea de Teorias da Comunica\u00e7\u00e3o e \u00e9 fot\u00f3grafa nas horas vagas.\",\"url\":\"https:\/\/www.suno.com.br\/noticias\/author\/amanda\/\"}]}<\/script>\n<!-- \/ Yoast SEO plugin. -->","yoast_head_json":{"title":"Ibovespa cresce 2%, com otimismo sobre Previd\u00eancia; Braskem sobe 10%","description":"O Ibovespa apresentou alta, devido ao otimismo sobre a reforma da Previd\u00eancia; Braskem foi destaque positivo. Clique para saber mais.","robots":{"index":"index","follow":"follow","max-snippet":"max-snippet:-1","max-image-preview":"max-image-preview:large","max-video-preview":"max-video-preview:-1"},"canonical":"https:\/\/www.suno.com.br\/noticias\/ibovespa-fechamento-20052019\/","og_locale":"pt_BR","og_type":"article","og_title":"Ibovespa cresce 2%, com otimismo sobre Previd\u00eancia; Braskem sobe 10%","og_description":"O Ibovespa apresentou alta, devido ao otimismo sobre a reforma da Previd\u00eancia; Braskem foi destaque positivo. Clique para saber mais.","og_url":"https:\/\/www.suno.com.br\/noticias\/ibovespa-fechamento-20052019\/","og_site_name":"Suno Not\u00edcias","article_publisher":"https:\/\/facebook.com\/sunoresearch","og_image":[{"width":1280,"height":902,"url":"https:\/\/files.sunoresearch.com.br\/n\/uploads\/2018\/12\/22a35ec4-ibovespa.jpg","type":"image\/jpeg"}],"author":"Amanda Gushiken","twitter_card":"summary_large_image","twitter_creator":"@sunoresearch","twitter_site":"@sunoresearch","twitter_misc":{"Escrito por":"Amanda Gushiken","Est. tempo de leitura":"4 minutos"},"schema":{"@context":"https:\/\/schema.org","@graph":[{"@type":"NewsArticle","@id":"https:\/\/www.suno.com.br\/noticias\/ibovespa-fechamento-20052019\/#article","isPartOf":{"@id":"https:\/\/www.suno.com.br\/noticias\/ibovespa-fechamento-20052019\/"},"author":{"name":"Amanda Gushiken","@id":"https:\/\/www.suno.com.br\/noticias\/#\/schema\/person\/a5b06fa4e879d8e8e119c6ed3cd630d1"},"headline":"Ibovespa cresce 2%, com otimismo sobre Previd\u00eancia; Braskem sobe 10%","datePublished":"2019-05-20T21:02:06+00:00","dateModified":"2019-05-20T21:11:39+00:00","mainEntityOfPage":{"@id":"https:\/\/www.suno.com.br\/noticias\/ibovespa-fechamento-20052019\/"},"wordCount":788,"publisher":{"@id":"https:\/\/www.suno.com.br\/noticias\/#organization"},"image":{"@id":"https:\/\/www.suno.com.br\/noticias\/ibovespa-fechamento-20052019\/#primaryimage"},"thumbnailUrl":"https:\/\/files.sunoresearch.com.br\/n\/uploads\/2018\/12\/22a35ec4-ibovespa-jpg.webp","keywords":["Braskem (BRKM3\/BRKM5\/BRKM6)","Ibovespa","Reforma da Previd\u00eancia","Vale (VALE3)"],"articleSection":["Mercado"],"inLanguage":"pt-BR"},{"@type":"WebPage","@id":"https:\/\/www.suno.com.br\/noticias\/ibovespa-fechamento-20052019\/","url":"https:\/\/www.suno.com.br\/noticias\/ibovespa-fechamento-20052019\/","name":"Ibovespa cresce 2%, com otimismo sobre Previd\u00eancia; Braskem sobe 10%","isPartOf":{"@id":"https:\/\/www.suno.com.br\/noticias\/#website"},"primaryImageOfPage":{"@id":"https:\/\/www.suno.com.br\/noticias\/ibovespa-fechamento-20052019\/#primaryimage"},"image":{"@id":"https:\/\/www.suno.com.br\/noticias\/ibovespa-fechamento-20052019\/#primaryimage"},"thumbnailUrl":"https:\/\/files.sunoresearch.com.br\/n\/uploads\/2018\/12\/22a35ec4-ibovespa-jpg.webp","datePublished":"2019-05-20T21:02:06+00:00","dateModified":"2019-05-20T21:11:39+00:00","description":"O Ibovespa apresentou alta, devido ao otimismo sobre a reforma da Previd\u00eancia; Braskem foi destaque positivo. Clique para saber mais.","breadcrumb":{"@id":"https:\/\/www.suno.com.br\/noticias\/ibovespa-fechamento-20052019\/#breadcrumb"},"inLanguage":"pt-BR","potentialAction":[{"@type":"ReadAction","target":["https:\/\/www.suno.com.br\/noticias\/ibovespa-fechamento-20052019\/"]}]},{"@type":"ImageObject","inLanguage":"pt-BR","@id":"https:\/\/www.suno.com.br\/noticias\/ibovespa-fechamento-20052019\/#primaryimage","url":"https:\/\/files.sunoresearch.com.br\/n\/uploads\/2018\/12\/22a35ec4-ibovespa-jpg.webp","contentUrl":"https:\/\/files.sunoresearch.com.br\/n\/uploads\/2018\/12\/22a35ec4-ibovespa-jpg.webp","width":1280,"height":902,"caption":"Ibovespa fecha em alta de 2,03%, a 95.735,35 pontos"},{"@type":"BreadcrumbList","@id":"https:\/\/www.suno.com.br\/noticias\/ibovespa-fechamento-20052019\/#breadcrumb","itemListElement":[{"@type":"ListItem","position":1,"name":"Not\u00edcias","item":"https:\/\/www.suno.com.br\/noticias\/"},{"@type":"ListItem","position":2,"name":"Mercado","item":"https:\/\/www.suno.com.br\/noticias\/mercado\/"},{"@type":"ListItem","position":3,"name":"Ibovespa cresce 2%, com otimismo sobre Previd\u00eancia; Braskem sobe 10%"}]},{"@type":"WebSite","@id":"https:\/\/www.suno.com.br\/noticias\/#website","url":"https:\/\/www.suno.com.br\/noticias\/","name":"Suno Not\u00edcias","description":"Seu portal de informa\u00e7\u00e3o sobre o mundo dos investimentos","publisher":{"@id":"https:\/\/www.suno.com.br\/noticias\/#organization"},"potentialAction":[{"@type":"SearchAction","target":{"@type":"EntryPoint","urlTemplate":"https:\/\/www.suno.com.br\/noticias\/?s={search_term_string}"},"query-input":{"@type":"PropertyValueSpecification","valueRequired":true,"valueName":"search_term_string"}}],"inLanguage":"pt-BR"},{"@type":"Organization","@id":"https:\/\/www.suno.com.br\/noticias\/#organization","name":"Suno Not\u00edcias","url":"https:\/\/www.suno.com.br\/noticias\/","logo":{"@type":"ImageObject","inLanguage":"pt-BR","@id":"https:\/\/www.suno.com.br\/noticias\/#\/schema\/logo\/image\/","url":"https:\/\/files.sunoresearch.com.br\/n\/uploads\/2021\/09\/suno-logo.png","contentUrl":"https:\/\/files.sunoresearch.com.br\/n\/uploads\/2021\/09\/suno-logo.png","width":180,"height":180,"caption":"Suno Not\u00edcias"},"image":{"@id":"https:\/\/www.suno.com.br\/noticias\/#\/schema\/logo\/image\/"},"sameAs":["https:\/\/facebook.com\/sunoresearch","https:\/\/x.com\/sunoresearch","https:\/\/www.instagram.com\/suno","https:\/\/www.linkedin.com\/company\/suno-research\/","https:\/\/www.youtube.com\/c\/sunoresearch"]},{"@type":"Person","@id":"https:\/\/www.suno.com.br\/noticias\/#\/schema\/person\/a5b06fa4e879d8e8e119c6ed3cd630d1","name":"Amanda Gushiken","image":{"@type":"ImageObject","inLanguage":"pt-BR","@id":"https:\/\/www.suno.com.br\/noticias\/#\/schema\/person\/image\/","url":"https:\/\/secure.gravatar.com\/avatar\/ecd84705e6b65e3685ae80d725501fbe?s=96&r=g","contentUrl":"https:\/\/secure.gravatar.com\/avatar\/ecd84705e6b65e3685ae80d725501fbe?s=96&r=g","caption":"Amanda Gushiken"},"description":"Amanda Sayuri Gushiken escreve sobre finan\u00e7as e neg\u00f3cios para o portal Suno Not\u00edcias. Antes, trabalhou selecionando not\u00edcias da imprensa para clientes do mercado financeiro. Tamb\u00e9m desenvolveu pesquisa acad\u00eamica pela Universidade Anhembi Morumbi na \u00e1rea de Teorias da Comunica\u00e7\u00e3o e \u00e9 fot\u00f3grafa nas horas vagas.","url":"https:\/\/www.suno.com.br\/noticias\/author\/amanda\/"}]}},"default_loop_html":"<div class=\"cardsPage__listCard__boxs\"><div class=\"cardsPage__listCard__boxs__img\"><a href=\"https:\/\/www.suno.com.br\/noticias\/ibovespa-fechamento-20052019\/\"><img class=\"mask\" src=\"https:\/\/www.suno.com.br\/noticias\/wp-content\/themes\/suno\/resources\/images\/spotlight\/spotlight1img\/bg-mask.png\" alt=\"Image Mask\"\/><img src=\"https:\/\/files.sunoresearch.com.br\/n\/uploads\/2018\/12\/22a35ec4-ibovespa-400x200.webp\" alt=\"Ibovespa cresce 2%, com otimismo sobre Previd\u00eancia; Braskem sobe 10%\"\/><\/a><span class=\"spotlightCategory\"><a href=\"https:\/\/www.suno.com.br\/noticias\/mercado\/\">Mercado<\/a><\/span><\/div><div class=\"cardsPage__listCard__boxs__content\"><a href=\"https:\/\/www.suno.com.br\/noticias\/ibovespa-fechamento-20052019\/\"><h2 class=\"content__title\">Ibovespa cresce 2%, com otimismo sobre Previd\u00eancia; Braskem sobe 10%<\/h2><\/a><div class=\"newsContent__article__meta\"><div class=\"newsContent__article__meta__authorBox\"><a href=\"https:\/\/www.suno.com.br\/noticias\/author\/amanda\/\" class=\"authorBox__avatar noMobi\"><img src=\"https:\/\/files.sunoresearch.com.br\/n\/uploads\/2018\/11\/c6ad30be-amanda-150x150.webp\" alt=\"Amanda Gushiken\"><\/a><div class=\"authorBox__name\"><span>por\n\t\t\t<a href=\"https:\/\/www.suno.com.br\/noticias\/author\/amanda\/\"><span itemprop=\"author\">Amanda Gushiken<\/span><\/a><\/span><time datetime=\"2019-05-20T18:02:06-03:00\" itemprop=\"datePublished\">20\/05\/2019 18:02<\/time><\/div><\/div><\/div><\/div><\/div>","single_layout":"posts","amp_enabled":true,"_links":{"self":[{"href":"https:\/\/www.suno.com.br\/noticias\/wp-json\/wp\/v2\/posts\/25288"}],"collection":[{"href":"https:\/\/www.suno.com.br\/noticias\/wp-json\/wp\/v2\/posts"}],"about":[{"href":"https:\/\/www.suno.com.br\/noticias\/wp-json\/wp\/v2\/types\/post"}],"author":[{"embeddable":true,"href":"https:\/\/www.suno.com.br\/noticias\/wp-json\/wp\/v2\/users\/12"}],"replies":[{"embeddable":true,"href":"https:\/\/www.suno.com.br\/noticias\/wp-json\/wp\/v2\/comments?post=25288"}],"version-history":[{"count":0,"href":"https:\/\/www.suno.com.br\/noticias\/wp-json\/wp\/v2\/posts\/25288\/revisions"}],"wp:featuredmedia":[{"embeddable":true,"href":"https:\/\/www.suno.com.br\/noticias\/wp-json\/wp\/v2\/media\/8246"}],"wp:attachment":[{"href":"https:\/\/www.suno.com.br\/noticias\/wp-json\/wp\/v2\/media?parent=25288"}],"wp:term":[{"taxonomy":"category","embeddable":true,"href":"https:\/\/www.suno.com.br\/noticias\/wp-json\/wp\/v2\/categories?post=25288"},{"taxonomy":"post_tag","embeddable":true,"href":"https:\/\/www.suno.com.br\/noticias\/wp-json\/wp\/v2\/tags?post=25288"},{"taxonomy":"suno_strategy","embeddable":true,"href":"https:\/\/www.suno.com.br\/noticias\/wp-json\/wp\/v2\/suno_strategy?post=25288"}],"curies":[{"name":"wp","href":"https:\/\/api.w.org\/{rel}","templated":true}]}}