{"id":25271,"date":"2019-05-20T15:50:08","date_gmt":"2019-05-20T18:50:08","guid":{"rendered":"https:\/\/www.suno.com.br\/noticias\/?p=25271"},"modified":"2019-05-20T15:50:08","modified_gmt":"2019-05-20T18:50:08","slug":"confianca-do-empresario-queda-seguida","status":"publish","type":"post","link":"https:\/\/www.suno.com.br\/noticias\/confianca-do-empresario-queda-seguida\/","title":{"rendered":"Confian\u00e7a do empres\u00e1rio registra 4\u00ba queda seguida em maio, diz CNI"},"content":{"rendered":"<p>O \u00cdndice de Confian\u00e7a do Empres\u00e1rio Industrial (ICEI) registrou a quarta queda seguida em maio. O \u00edndice caiu 1,9 ponto, de 58,4 pontos para 56,5 pontos. A informa\u00e7\u00e3o foi divulgado nesta segunda-feira (20) pela Confedera\u00e7\u00e3o Nacional da Ind\u00fastria (CNI).<\/p>\t<div class=\"wrapper-featured-image\">\n\t\t<figure class=\"spotlightImg\">\n\n\t\t\t<picture>\n\t\t\t\t<source media=\"(max-width: 768px)\" srcset=\"https:\/\/files.sunoresearch.com.br\/n\/uploads\/2019\/01\/45f0bf98-confian\u00e7a-dos-empres\u00e1rios-400x200.webp\">\n\t\t\t\t<img loading=\"lazy\" decoding=\"async\" class=\"newsContent__article__imgCapa lazyloadDisabled newsContent__article__imgCapa--noCaption\" src=\"https:\/\/files.sunoresearch.com.br\/n\/uploads\/2019\/01\/45f0bf98-confian\u00e7a-dos-empres\u00e1rios-800x450.webp\" width=\"800\" height=\"450\" alt=\"Confian\u00e7a do empres\u00e1rio registra 4\u00ba queda seguida em maio, diz CNI\" fetchpriority=high \/>\n\t\t\t<\/picture>\n\n\t\t\t<figcaption class=\"wp-caption-text wp-caption-text--hide\">Confian\u00e7a dos empres\u00e1rios atinge maior n\u00edvel desde mar\u00e7o de 2014, diz FGV<\/figcaption>\n\t\t<\/figure>\n\t<\/div>\n\n\n<p>Esse foi o quarto m\u00eas seguido de queda no \u00edndice, que totaliza uma redu\u00e7\u00e3o de 8,2 pontos no per\u00edodo. Ao todo, foram consultadas 2.404 empresas do Pa\u00eds, entre os dias 2 e 13 de maio. Mesmo assim, a <strong>confian\u00e7a do empres\u00e1rio<\/strong> continua otimista. Isso porque o patamar foi superior a 50, que \u00e9 o limite entre o otimismo e o pessimismo.<\/p>\n<p><a href=\"https:\/\/www.suno.com.br\/noticias\/confianca-empresario-menor-nivel\/\">Saiba mais:\u00a0Confian\u00e7a do empres\u00e1rio atinge o menor n\u00edvel desde outubro, diz CNI<\/a><\/p>\n<p>&#8220;Apesar dessa sequ\u00eancia de quedas, a confian\u00e7a do empres\u00e1rio ainda pode ser considerada elevada. O Icei permanece distante da linha divis\u00f3ria de 50 pontos, 1,0 ponto acima do registrado em maio de 2018 e 2,0 pontos acima da m\u00e9dia hist\u00f3rica do indicador&#8221;, avaliou a <strong>CNI<\/strong> no documento.<\/p>\n\t<p>\n\t\t<a href=\"https:\/\/lp.suno.com.br\/ebook-investindo-em-fiis\/\" target=\"_blank\" data-element=\"shortcode-suno-banner\" title=\"Banner SUNO, clique e saiba mais\">\n\t\t\t<picture>\n\t\t\t\t<source media=\"(max-width: 500px)\" srcset=\"https:\/\/files.sunoresearch.com.br\/n\/uploads\/2023\/07\/Ebook-Fundos-Imobiliarios-Mobile.jpg\">\n\t\t\t\t<img class=\"newsContent__article__imgCapa newsContent__article__imgCapa--banner\"\n\t\t\t\t\tsrc=\"https:\/\/files.sunoresearch.com.br\/n\/uploads\/2023\/07\/Ebook-Fundos-Imobiliarios-Desktop.jpg\"\n\t\t\t\t\tdata-promo-id=\"378301\"\t\t\t\t\t\t\t\t\t\twidth='1420' height='286'\t\t\t\t\talt=\"https:\/\/files.sunoresearch.com.br\/n\/uploads\/2023\/07\/Ebook-Fundos-Imobiliarios-Desktop.jpg\"\n\t\t\t\t>\n\t\t\t<\/picture>\n\t\t<\/a>\n\t<\/p>\n\n\n<p>De acordo com o economista da <strong>CNI<\/strong> Marcelo Azevedo, o <strong>ICEI<\/strong> sofre uma eleva\u00e7\u00e3o mais acentuada na passagem de dezembro para janeiro, principalmente quanto h\u00e1 troca de <strong>governo<\/strong>.\u00a0\u201cAgora passamos por um momento de reavalia\u00e7\u00e3o, j\u00e1 que os empres\u00e1rios est\u00e3o percebendo mais dificuldades nesse in\u00edcio de ano em rela\u00e7\u00e3o \u00e0 avalia\u00e7\u00e3o feita no fim de ano\u201d, destaca.<\/p>\n<p>Para o economista, a<strong> reforma da Previd\u00eancia<\/strong> \u00e9 essencial para melhorar o otimismo dos empres\u00e1rios. &#8220;Uma queda na incerteza melhoraria o \u00edndice. O andamento da reforma da Previd\u00eancia seria muito importante para uma recupera\u00e7\u00e3o da confian\u00e7a e poderia sinalizar o andamento de outras reformas tamb\u00e9m importantes, como a tribut\u00e1ria, que teria efeitos mais imediatos na <strong>economia<\/strong>.\u201d<\/p>\n<h2>Queda da confian\u00e7a<\/h2>\n<p>Segundo a <strong>CNI<\/strong>, O que motivou a queda foi a piora em rela\u00e7\u00e3o as <strong>condi\u00e7\u00f5es atuais da economia<\/strong>, que caiu 2 pontos, chegando a 47,8 pontos.<\/p>\n<p>&#8220;Ao se afastar da linha divis\u00f3ria, o \u00edndice revela que o empres\u00e1rio passou a perceber piora das condi\u00e7\u00f5es de neg\u00f3cio \u2013 em <strong>abril<\/strong>, o \u00edndice estava ainda muito pr\u00f3ximo dos 50 pontos. Na compara\u00e7\u00e3o com maio de 2018, o <strong>\u00cdndice de Condi\u00e7\u00f5es Atuais<\/strong> recua 2,3 pontos&#8221;, informou a entidade.<\/p>\n<p><a href=\"https:\/\/www.suno.com.br\/noticias\/confianca-do-empresario-do-comercio-alcanca-menor-nivel-em-um-ano-diz-cnc\/\">Saiba mais:\u00a0Confian\u00e7a do empres\u00e1rio do com\u00e9rcio alcan\u00e7a menor n\u00edvel em um ano, diz CNC<\/a><\/p>\n<p>Al\u00e9m disso, a <strong>CNI<\/strong>\u00a0ressaltou que o <strong>\u00cdndice de Expectativas<\/strong> da <strong>confian\u00e7a do empres\u00e1rio<\/strong>\u00a0das empresas industriais recuou 1,8 ponto, para 60,8 pontos.\u00a0 &#8220;Mesmo com a sequ\u00eancia de baixas, o \u00edndice permanece longe da linha divis\u00f3ria dos 50 pontos, sendo 2,6 pontos superior ao registrado em maio de 2018&#8221;, informou.<\/p>\n","protected":false},"excerpt":{"rendered":"<p>O \u00cdndice de Confian\u00e7a do Empres\u00e1rio Industrial (ICEI) registrou a quarta queda seguida em maio. O \u00edndice caiu 1,9 ponto, de 58,4 pontos para 56,5 pontos. A informa\u00e7\u00e3o foi divulgado nesta segunda-feira (20) pela Confedera\u00e7\u00e3o Nacional da Ind\u00fastria (CNI). Confian\u00e7a dos empres\u00e1rios atinge maior n\u00edvel desde mar\u00e7o de 2014, diz FGV Esse foi o quarto [&hellip;]<\/p>\n","protected":false},"author":14,"featured_media":10157,"comment_status":"closed","ping_status":"closed","sticky":false,"template":"","format":"standard","meta":[],"categories":[62],"tags":[878,940],"suno_strategy":[],"class_list":["post-25271","post","type-post","status-publish","format-standard","has-post-thumbnail","hentry","category-economia","tag-cni","tag-reforma-da-previdencia"],"yoast_head":"<!-- This site is optimized with the Yoast SEO plugin v24.4 - https:\/\/yoast.com\/wordpress\/plugins\/seo\/ -->\n<title>Confian\u00e7a do empres\u00e1rio registra 4\u00ba queda seguida em maio, diz CNI<\/title>\n<meta name=\"description\" content=\"Mesmo assim, a confian\u00e7a do empres\u00e1rio continua otimista. Isso porque o patamar foi superior a 50. Clique aqui e saiba mais.\" \/>\n<meta name=\"robots\" content=\"index, follow, max-snippet:-1, max-image-preview:large, max-video-preview:-1\" \/>\n<link rel=\"canonical\" href=\"https:\/\/www.suno.com.br\/noticias\/confianca-do-empresario-queda-seguida\/\" \/>\n<meta property=\"og:locale\" content=\"pt_BR\" \/>\n<meta property=\"og:type\" content=\"article\" \/>\n<meta property=\"og:title\" content=\"Confian\u00e7a do empres\u00e1rio registra 4\u00ba queda seguida em maio, diz CNI\" \/>\n<meta property=\"og:description\" content=\"Mesmo assim, a confian\u00e7a do empres\u00e1rio continua otimista. Isso porque o patamar foi superior a 50. Clique aqui e saiba mais.\" \/>\n<meta property=\"og:url\" content=\"https:\/\/www.suno.com.br\/noticias\/confianca-do-empresario-queda-seguida\/\" \/>\n<meta property=\"og:site_name\" content=\"Suno Not\u00edcias\" \/>\n<meta property=\"article:publisher\" content=\"https:\/\/facebook.com\/sunoresearch\" \/>\n<meta property=\"og:image\" content=\"https:\/\/files.sunoresearch.com.br\/n\/uploads\/2019\/01\/45f0bf98-confian\u00e7a-dos-empres\u00e1rios.jpeg\" \/>\n\t<meta property=\"og:image:width\" content=\"1140\" \/>\n\t<meta property=\"og:image:height\" content=\"760\" \/>\n\t<meta property=\"og:image:type\" content=\"image\/jpeg\" \/>\n<meta name=\"author\" content=\"Renan Dantas\" \/>\n<meta name=\"twitter:card\" content=\"summary_large_image\" \/>\n<meta name=\"twitter:creator\" content=\"@sunoresearch\" \/>\n<meta name=\"twitter:site\" content=\"@sunoresearch\" \/>\n<meta name=\"twitter:label1\" content=\"Escrito por\" \/>\n\t<meta name=\"twitter:data1\" content=\"Renan Dantas\" \/>\n\t<meta name=\"twitter:label2\" content=\"Est. tempo de leitura\" \/>\n\t<meta name=\"twitter:data2\" content=\"2 minutos\" \/>\n<script type=\"application\/ld+json\" class=\"yoast-schema-graph\">{\"@context\":\"https:\/\/schema.org\",\"@graph\":[{\"@type\":\"NewsArticle\",\"@id\":\"https:\/\/www.suno.com.br\/noticias\/confianca-do-empresario-queda-seguida\/#article\",\"isPartOf\":{\"@id\":\"https:\/\/www.suno.com.br\/noticias\/confianca-do-empresario-queda-seguida\/\"},\"author\":{\"name\":\"Renan Dantas\",\"@id\":\"https:\/\/www.suno.com.br\/noticias\/#\/schema\/person\/3f7693d5795a3f6d5ce15309ee785699\"},\"headline\":\"Confian\u00e7a do empres\u00e1rio registra 4\u00ba queda seguida em maio, diz CNI\",\"datePublished\":\"2019-05-20T18:50:08+00:00\",\"mainEntityOfPage\":{\"@id\":\"https:\/\/www.suno.com.br\/noticias\/confianca-do-empresario-queda-seguida\/\"},\"wordCount\":458,\"publisher\":{\"@id\":\"https:\/\/www.suno.com.br\/noticias\/#organization\"},\"image\":{\"@id\":\"https:\/\/www.suno.com.br\/noticias\/confianca-do-empresario-queda-seguida\/#primaryimage\"},\"thumbnailUrl\":\"https:\/\/files.sunoresearch.com.br\/n\/uploads\/2019\/01\/45f0bf98-confian\u00e7a-dos-empres\u00e1rios-jpeg.webp\",\"keywords\":[\"CNI\",\"Reforma da Previd\u00eancia\"],\"articleSection\":[\"Economia\"],\"inLanguage\":\"pt-BR\"},{\"@type\":\"WebPage\",\"@id\":\"https:\/\/www.suno.com.br\/noticias\/confianca-do-empresario-queda-seguida\/\",\"url\":\"https:\/\/www.suno.com.br\/noticias\/confianca-do-empresario-queda-seguida\/\",\"name\":\"Confian\u00e7a do empres\u00e1rio registra 4\u00ba queda seguida em maio, diz CNI\",\"isPartOf\":{\"@id\":\"https:\/\/www.suno.com.br\/noticias\/#website\"},\"primaryImageOfPage\":{\"@id\":\"https:\/\/www.suno.com.br\/noticias\/confianca-do-empresario-queda-seguida\/#primaryimage\"},\"image\":{\"@id\":\"https:\/\/www.suno.com.br\/noticias\/confianca-do-empresario-queda-seguida\/#primaryimage\"},\"thumbnailUrl\":\"https:\/\/files.sunoresearch.com.br\/n\/uploads\/2019\/01\/45f0bf98-confian\u00e7a-dos-empres\u00e1rios-jpeg.webp\",\"datePublished\":\"2019-05-20T18:50:08+00:00\",\"description\":\"Mesmo assim, a confian\u00e7a do empres\u00e1rio continua otimista. Isso porque o patamar foi superior a 50. Clique aqui e saiba mais.\",\"breadcrumb\":{\"@id\":\"https:\/\/www.suno.com.br\/noticias\/confianca-do-empresario-queda-seguida\/#breadcrumb\"},\"inLanguage\":\"pt-BR\",\"potentialAction\":[{\"@type\":\"ReadAction\",\"target\":[\"https:\/\/www.suno.com.br\/noticias\/confianca-do-empresario-queda-seguida\/\"]}]},{\"@type\":\"ImageObject\",\"inLanguage\":\"pt-BR\",\"@id\":\"https:\/\/www.suno.com.br\/noticias\/confianca-do-empresario-queda-seguida\/#primaryimage\",\"url\":\"https:\/\/files.sunoresearch.com.br\/n\/uploads\/2019\/01\/45f0bf98-confian\u00e7a-dos-empres\u00e1rios-jpeg.webp\",\"contentUrl\":\"https:\/\/files.sunoresearch.com.br\/n\/uploads\/2019\/01\/45f0bf98-confian\u00e7a-dos-empres\u00e1rios-jpeg.webp\",\"width\":1140,\"height\":760,\"caption\":\"Confian\u00e7a dos empres\u00e1rios atinge maior n\u00edvel desde mar\u00e7o de 2014, diz FGV\"},{\"@type\":\"BreadcrumbList\",\"@id\":\"https:\/\/www.suno.com.br\/noticias\/confianca-do-empresario-queda-seguida\/#breadcrumb\",\"itemListElement\":[{\"@type\":\"ListItem\",\"position\":1,\"name\":\"Not\u00edcias\",\"item\":\"https:\/\/www.suno.com.br\/noticias\/\"},{\"@type\":\"ListItem\",\"position\":2,\"name\":\"Economia\",\"item\":\"https:\/\/www.suno.com.br\/noticias\/economia\/\"},{\"@type\":\"ListItem\",\"position\":3,\"name\":\"Confian\u00e7a do empres\u00e1rio registra 4\u00ba queda seguida em maio, diz CNI\"}]},{\"@type\":\"WebSite\",\"@id\":\"https:\/\/www.suno.com.br\/noticias\/#website\",\"url\":\"https:\/\/www.suno.com.br\/noticias\/\",\"name\":\"Suno Not\u00edcias\",\"description\":\"Seu portal de informa\u00e7\u00e3o sobre o mundo dos investimentos\",\"publisher\":{\"@id\":\"https:\/\/www.suno.com.br\/noticias\/#organization\"},\"potentialAction\":[{\"@type\":\"SearchAction\",\"target\":{\"@type\":\"EntryPoint\",\"urlTemplate\":\"https:\/\/www.suno.com.br\/noticias\/?s={search_term_string}\"},\"query-input\":{\"@type\":\"PropertyValueSpecification\",\"valueRequired\":true,\"valueName\":\"search_term_string\"}}],\"inLanguage\":\"pt-BR\"},{\"@type\":\"Organization\",\"@id\":\"https:\/\/www.suno.com.br\/noticias\/#organization\",\"name\":\"Suno Not\u00edcias\",\"url\":\"https:\/\/www.suno.com.br\/noticias\/\",\"logo\":{\"@type\":\"ImageObject\",\"inLanguage\":\"pt-BR\",\"@id\":\"https:\/\/www.suno.com.br\/noticias\/#\/schema\/logo\/image\/\",\"url\":\"https:\/\/files.sunoresearch.com.br\/n\/uploads\/2021\/09\/suno-logo.png\",\"contentUrl\":\"https:\/\/files.sunoresearch.com.br\/n\/uploads\/2021\/09\/suno-logo.png\",\"width\":180,\"height\":180,\"caption\":\"Suno Not\u00edcias\"},\"image\":{\"@id\":\"https:\/\/www.suno.com.br\/noticias\/#\/schema\/logo\/image\/\"},\"sameAs\":[\"https:\/\/facebook.com\/sunoresearch\",\"https:\/\/x.com\/sunoresearch\",\"https:\/\/www.instagram.com\/suno\",\"https:\/\/www.linkedin.com\/company\/suno-research\/\",\"https:\/\/www.youtube.com\/c\/sunoresearch\"]},{\"@type\":\"Person\",\"@id\":\"https:\/\/www.suno.com.br\/noticias\/#\/schema\/person\/3f7693d5795a3f6d5ce15309ee785699\",\"name\":\"Renan Dantas\",\"image\":{\"@type\":\"ImageObject\",\"inLanguage\":\"pt-BR\",\"@id\":\"https:\/\/www.suno.com.br\/noticias\/#\/schema\/person\/image\/\",\"url\":\"https:\/\/secure.gravatar.com\/avatar\/1787b83e7484a08e51d62ac8b41c8396?s=96&r=g\",\"contentUrl\":\"https:\/\/secure.gravatar.com\/avatar\/1787b83e7484a08e51d62ac8b41c8396?s=96&r=g\",\"caption\":\"Renan Dantas\"},\"description\":\"Escreve sobre pol\u00edtica e mercado financeiro para o portal Suno Not\u00edcias. Antes, atuou na assessoria de comunica\u00e7\u00e3o do Minist\u00e9rio P\u00fablico do Trabalho e na R\u00e1dio Mackenzie, onde apresentava e produzia um programa sobre artistas da m\u00fasica brasileira. \u00c9 estudante na Universidade Presbiteriana Mackenzie.\",\"url\":\"https:\/\/www.suno.com.br\/noticias\/author\/renan-dantas\/\"}]}<\/script>\n<!-- \/ Yoast SEO plugin. -->","yoast_head_json":{"title":"Confian\u00e7a do empres\u00e1rio registra 4\u00ba queda seguida em maio, diz CNI","description":"Mesmo assim, a confian\u00e7a do empres\u00e1rio continua otimista. Isso porque o patamar foi superior a 50. Clique aqui e saiba mais.","robots":{"index":"index","follow":"follow","max-snippet":"max-snippet:-1","max-image-preview":"max-image-preview:large","max-video-preview":"max-video-preview:-1"},"canonical":"https:\/\/www.suno.com.br\/noticias\/confianca-do-empresario-queda-seguida\/","og_locale":"pt_BR","og_type":"article","og_title":"Confian\u00e7a do empres\u00e1rio registra 4\u00ba queda seguida em maio, diz CNI","og_description":"Mesmo assim, a confian\u00e7a do empres\u00e1rio continua otimista. Isso porque o patamar foi superior a 50. Clique aqui e saiba mais.","og_url":"https:\/\/www.suno.com.br\/noticias\/confianca-do-empresario-queda-seguida\/","og_site_name":"Suno Not\u00edcias","article_publisher":"https:\/\/facebook.com\/sunoresearch","og_image":[{"width":1140,"height":760,"url":"https:\/\/files.sunoresearch.com.br\/n\/uploads\/2019\/01\/45f0bf98-confian\u00e7a-dos-empres\u00e1rios.jpeg","type":"image\/jpeg"}],"author":"Renan Dantas","twitter_card":"summary_large_image","twitter_creator":"@sunoresearch","twitter_site":"@sunoresearch","twitter_misc":{"Escrito por":"Renan Dantas","Est. tempo de leitura":"2 minutos"},"schema":{"@context":"https:\/\/schema.org","@graph":[{"@type":"NewsArticle","@id":"https:\/\/www.suno.com.br\/noticias\/confianca-do-empresario-queda-seguida\/#article","isPartOf":{"@id":"https:\/\/www.suno.com.br\/noticias\/confianca-do-empresario-queda-seguida\/"},"author":{"name":"Renan Dantas","@id":"https:\/\/www.suno.com.br\/noticias\/#\/schema\/person\/3f7693d5795a3f6d5ce15309ee785699"},"headline":"Confian\u00e7a do empres\u00e1rio registra 4\u00ba queda seguida em maio, diz CNI","datePublished":"2019-05-20T18:50:08+00:00","mainEntityOfPage":{"@id":"https:\/\/www.suno.com.br\/noticias\/confianca-do-empresario-queda-seguida\/"},"wordCount":458,"publisher":{"@id":"https:\/\/www.suno.com.br\/noticias\/#organization"},"image":{"@id":"https:\/\/www.suno.com.br\/noticias\/confianca-do-empresario-queda-seguida\/#primaryimage"},"thumbnailUrl":"https:\/\/files.sunoresearch.com.br\/n\/uploads\/2019\/01\/45f0bf98-confian\u00e7a-dos-empres\u00e1rios-jpeg.webp","keywords":["CNI","Reforma da Previd\u00eancia"],"articleSection":["Economia"],"inLanguage":"pt-BR"},{"@type":"WebPage","@id":"https:\/\/www.suno.com.br\/noticias\/confianca-do-empresario-queda-seguida\/","url":"https:\/\/www.suno.com.br\/noticias\/confianca-do-empresario-queda-seguida\/","name":"Confian\u00e7a do empres\u00e1rio registra 4\u00ba queda seguida em maio, diz CNI","isPartOf":{"@id":"https:\/\/www.suno.com.br\/noticias\/#website"},"primaryImageOfPage":{"@id":"https:\/\/www.suno.com.br\/noticias\/confianca-do-empresario-queda-seguida\/#primaryimage"},"image":{"@id":"https:\/\/www.suno.com.br\/noticias\/confianca-do-empresario-queda-seguida\/#primaryimage"},"thumbnailUrl":"https:\/\/files.sunoresearch.com.br\/n\/uploads\/2019\/01\/45f0bf98-confian\u00e7a-dos-empres\u00e1rios-jpeg.webp","datePublished":"2019-05-20T18:50:08+00:00","description":"Mesmo assim, a confian\u00e7a do empres\u00e1rio continua otimista. Isso porque o patamar foi superior a 50. Clique aqui e saiba mais.","breadcrumb":{"@id":"https:\/\/www.suno.com.br\/noticias\/confianca-do-empresario-queda-seguida\/#breadcrumb"},"inLanguage":"pt-BR","potentialAction":[{"@type":"ReadAction","target":["https:\/\/www.suno.com.br\/noticias\/confianca-do-empresario-queda-seguida\/"]}]},{"@type":"ImageObject","inLanguage":"pt-BR","@id":"https:\/\/www.suno.com.br\/noticias\/confianca-do-empresario-queda-seguida\/#primaryimage","url":"https:\/\/files.sunoresearch.com.br\/n\/uploads\/2019\/01\/45f0bf98-confian\u00e7a-dos-empres\u00e1rios-jpeg.webp","contentUrl":"https:\/\/files.sunoresearch.com.br\/n\/uploads\/2019\/01\/45f0bf98-confian\u00e7a-dos-empres\u00e1rios-jpeg.webp","width":1140,"height":760,"caption":"Confian\u00e7a dos empres\u00e1rios atinge maior n\u00edvel desde mar\u00e7o de 2014, diz FGV"},{"@type":"BreadcrumbList","@id":"https:\/\/www.suno.com.br\/noticias\/confianca-do-empresario-queda-seguida\/#breadcrumb","itemListElement":[{"@type":"ListItem","position":1,"name":"Not\u00edcias","item":"https:\/\/www.suno.com.br\/noticias\/"},{"@type":"ListItem","position":2,"name":"Economia","item":"https:\/\/www.suno.com.br\/noticias\/economia\/"},{"@type":"ListItem","position":3,"name":"Confian\u00e7a do empres\u00e1rio registra 4\u00ba queda seguida em maio, diz CNI"}]},{"@type":"WebSite","@id":"https:\/\/www.suno.com.br\/noticias\/#website","url":"https:\/\/www.suno.com.br\/noticias\/","name":"Suno Not\u00edcias","description":"Seu portal de informa\u00e7\u00e3o sobre o mundo dos investimentos","publisher":{"@id":"https:\/\/www.suno.com.br\/noticias\/#organization"},"potentialAction":[{"@type":"SearchAction","target":{"@type":"EntryPoint","urlTemplate":"https:\/\/www.suno.com.br\/noticias\/?s={search_term_string}"},"query-input":{"@type":"PropertyValueSpecification","valueRequired":true,"valueName":"search_term_string"}}],"inLanguage":"pt-BR"},{"@type":"Organization","@id":"https:\/\/www.suno.com.br\/noticias\/#organization","name":"Suno Not\u00edcias","url":"https:\/\/www.suno.com.br\/noticias\/","logo":{"@type":"ImageObject","inLanguage":"pt-BR","@id":"https:\/\/www.suno.com.br\/noticias\/#\/schema\/logo\/image\/","url":"https:\/\/files.sunoresearch.com.br\/n\/uploads\/2021\/09\/suno-logo.png","contentUrl":"https:\/\/files.sunoresearch.com.br\/n\/uploads\/2021\/09\/suno-logo.png","width":180,"height":180,"caption":"Suno Not\u00edcias"},"image":{"@id":"https:\/\/www.suno.com.br\/noticias\/#\/schema\/logo\/image\/"},"sameAs":["https:\/\/facebook.com\/sunoresearch","https:\/\/x.com\/sunoresearch","https:\/\/www.instagram.com\/suno","https:\/\/www.linkedin.com\/company\/suno-research\/","https:\/\/www.youtube.com\/c\/sunoresearch"]},{"@type":"Person","@id":"https:\/\/www.suno.com.br\/noticias\/#\/schema\/person\/3f7693d5795a3f6d5ce15309ee785699","name":"Renan Dantas","image":{"@type":"ImageObject","inLanguage":"pt-BR","@id":"https:\/\/www.suno.com.br\/noticias\/#\/schema\/person\/image\/","url":"https:\/\/secure.gravatar.com\/avatar\/1787b83e7484a08e51d62ac8b41c8396?s=96&r=g","contentUrl":"https:\/\/secure.gravatar.com\/avatar\/1787b83e7484a08e51d62ac8b41c8396?s=96&r=g","caption":"Renan Dantas"},"description":"Escreve sobre pol\u00edtica e mercado financeiro para o portal Suno Not\u00edcias. Antes, atuou na assessoria de comunica\u00e7\u00e3o do Minist\u00e9rio P\u00fablico do Trabalho e na R\u00e1dio Mackenzie, onde apresentava e produzia um programa sobre artistas da m\u00fasica brasileira. \u00c9 estudante na Universidade Presbiteriana Mackenzie.","url":"https:\/\/www.suno.com.br\/noticias\/author\/renan-dantas\/"}]}},"default_loop_html":"<div class=\"cardsPage__listCard__boxs\"><div class=\"cardsPage__listCard__boxs__img\"><a href=\"https:\/\/www.suno.com.br\/noticias\/confianca-do-empresario-queda-seguida\/\"><img class=\"mask\" src=\"https:\/\/www.suno.com.br\/noticias\/wp-content\/themes\/suno\/resources\/images\/spotlight\/spotlight1img\/bg-mask.png\" alt=\"Image Mask\"\/><img src=\"https:\/\/files.sunoresearch.com.br\/n\/uploads\/2019\/01\/45f0bf98-confian\u00e7a-dos-empres\u00e1rios-400x200.webp\" alt=\"Confian\u00e7a do empres\u00e1rio registra 4\u00ba queda seguida em maio, diz CNI\"\/><\/a><span class=\"spotlightCategory\"><a href=\"https:\/\/www.suno.com.br\/noticias\/economia\/\">Economia<\/a><\/span><\/div><div class=\"cardsPage__listCard__boxs__content\"><a href=\"https:\/\/www.suno.com.br\/noticias\/confianca-do-empresario-queda-seguida\/\"><h2 class=\"content__title\">Confian\u00e7a do empres\u00e1rio registra 4\u00ba queda seguida em maio, diz CNI<\/h2><\/a><div class=\"newsContent__article__meta\"><div class=\"newsContent__article__meta__authorBox\"><a href=\"https:\/\/www.suno.com.br\/noticias\/author\/renan-dantas\/\" class=\"authorBox__avatar noMobi\"><img src=\"https:\/\/secure.gravatar.com\/avatar\/1787b83e7484a08e51d62ac8b41c8396?s=96&#038;r=g\" alt=\"Renan Dantas\"><\/a><div class=\"authorBox__name\"><span>por\n\t\t\t<a href=\"https:\/\/www.suno.com.br\/noticias\/author\/renan-dantas\/\"><span itemprop=\"author\">Renan Dantas<\/span><\/a><\/span><time datetime=\"2019-05-20T15:50:08-03:00\" itemprop=\"datePublished\">20\/05\/2019 15:50<\/time><\/div><\/div><\/div><\/div><\/div>","single_layout":"posts","amp_enabled":true,"_links":{"self":[{"href":"https:\/\/www.suno.com.br\/noticias\/wp-json\/wp\/v2\/posts\/25271"}],"collection":[{"href":"https:\/\/www.suno.com.br\/noticias\/wp-json\/wp\/v2\/posts"}],"about":[{"href":"https:\/\/www.suno.com.br\/noticias\/wp-json\/wp\/v2\/types\/post"}],"author":[{"embeddable":true,"href":"https:\/\/www.suno.com.br\/noticias\/wp-json\/wp\/v2\/users\/14"}],"replies":[{"embeddable":true,"href":"https:\/\/www.suno.com.br\/noticias\/wp-json\/wp\/v2\/comments?post=25271"}],"version-history":[{"count":0,"href":"https:\/\/www.suno.com.br\/noticias\/wp-json\/wp\/v2\/posts\/25271\/revisions"}],"wp:featuredmedia":[{"embeddable":true,"href":"https:\/\/www.suno.com.br\/noticias\/wp-json\/wp\/v2\/media\/10157"}],"wp:attachment":[{"href":"https:\/\/www.suno.com.br\/noticias\/wp-json\/wp\/v2\/media?parent=25271"}],"wp:term":[{"taxonomy":"category","embeddable":true,"href":"https:\/\/www.suno.com.br\/noticias\/wp-json\/wp\/v2\/categories?post=25271"},{"taxonomy":"post_tag","embeddable":true,"href":"https:\/\/www.suno.com.br\/noticias\/wp-json\/wp\/v2\/tags?post=25271"},{"taxonomy":"suno_strategy","embeddable":true,"href":"https:\/\/www.suno.com.br\/noticias\/wp-json\/wp\/v2\/suno_strategy?post=25271"}],"curies":[{"name":"wp","href":"https:\/\/api.w.org\/{rel}","templated":true}]}}