{"id":252638,"date":"2022-04-21T11:04:13","date_gmt":"2022-04-21T14:04:13","guid":{"rendered":"https:\/\/www.suno.com.br\/noticias\/?p=252638"},"modified":"2022-04-21T11:04:13","modified_gmt":"2022-04-21T14:04:13","slug":"clientes-oi-oibr3-quem-vai-para-claro-vivo-vivt3-e-tim-tim3","status":"publish","type":"post","link":"https:\/\/www.suno.com.br\/noticias\/clientes-oi-oibr3-quem-vai-para-claro-vivo-vivt3-e-tim-tim3\/","title":{"rendered":"Migra\u00e7\u00e3o de clientes da Oi (OIBR3): quem vai para Claro, Vivo (VIVT3) e TIM (TIM3)?"},"content":{"rendered":"<p>Com a conclus\u00e3o da venda dos ativos m\u00f3veis da <a class=\"suno-keyword\" href=\"https:\/\/www.suno.com.br\/acoes\/OIBR3\/\" target=\"_blank\" rel=\"noopener\" data-force=\"yes\" data-priority=\"2\"><strong>Oi<\/strong> (OIBR3)<\/a> para as concorrentes <a class=\"suno-keyword\" href=\"https:\/\/www.suno.com.br\/acoes\/TIMS3\/\" target=\"_blank\" rel=\"noopener\" data-force=\"yes\" data-priority=\"2\">TIM (TIMS3)<\/a>, <a class=\"suno-keyword\" href=\"https:\/\/www.suno.com.br\/acoes\/VIVT3\/\" target=\"_blank\" rel=\"noopener\" data-force=\"yes\" data-priority=\"2\">Vivo (VIVT3)<\/a> e Claro na \u00faltima quarta-feira (20), come\u00e7a o processo de incorpora\u00e7\u00e3o e transi\u00e7\u00e3o das redes e sistemas pelas empresas compradoras.<\/p>\t<div class=\"wrapper-featured-image\">\n\t\t<figure class=\"spotlightImg\">\n\n\t\t\t<picture>\n\t\t\t\t<source media=\"(max-width: 768px)\" srcset=\"https:\/\/files.sunoresearch.com.br\/n\/uploads\/2021\/08\/bb1cedf7-loja-oi1-400x200.jpg\">\n\t\t\t\t<img loading=\"lazy\" decoding=\"async\" class=\"newsContent__article__imgCapa lazyloadDisabled \" src=\"https:\/\/files.sunoresearch.com.br\/n\/uploads\/2021\/08\/bb1cedf7-loja-oi1-800x450.jpg\" width=\"800\" height=\"450\" alt=\"Migra\u00e7\u00e3o de clientes da Oi (OIBR3): quem vai para Claro, Vivo (VIVT3) e TIM (TIM3)?\" fetchpriority=high \/>\n\t\t\t<\/picture>\n\n\t\t\t<figcaption class=\"wp-caption-text wp-caption-text--show\">Oi. Foto: Divulga\u00e7\u00e3o<\/figcaption>\n\t\t<\/figure>\n\t<\/div>\n\n\n\t<p>\n\t\t<a href=\"\" target=\"_blank\" data-element=\"shortcode-suno-banner\" title=\"Banner SUNO, clique e saiba mais\">\n\t\t\t<picture>\n\t\t\t\t<source media=\"(max-width: 500px)\" srcset=\"\">\n\t\t\t\t<img class=\"newsContent__article__imgCapa newsContent__article__imgCapa--banner\"\n\t\t\t\t\tsrc=\"\"\n\t\t\t\t\tdata-promo-id=\"250705\"\t\t\t\t\t\t\t\t\t\t\t\t\t\t\talt=\"\"\n\t\t\t\t>\n\t\t\t<\/picture>\n\t\t<\/a>\n\t<\/p>\n\n\n<p>A Claro se pronunciou sobre esse processo e explicou como dever\u00e1 ser os pr\u00f3ximos meses. Segundo a empresa, nesta primeira etapa de integra\u00e7\u00e3o, n\u00e3o haver\u00e1 qualquer mudan\u00e7a para quem utiliza os <strong>servi\u00e7os da Oi<\/strong>. Planos, n\u00fameros e canais de atendimento permanecem os mesmos.<\/p>\n<p>A pr\u00f3pria Oi foi contratada pela Claro, por R$ 187,7 milh\u00f5es, para prestar servi\u00e7os \u00e0 empresa durante o per\u00edodo de transi\u00e7\u00e3o. A expectativa \u00e9 que o processo de integra\u00e7\u00e3o das redes e sistemas <strong>leve at\u00e9 12 meses<\/strong>, a depender do tipo de plano e regi\u00e3o do Pa\u00eds.<\/p>\n<p>Durante todo esse per\u00edodo inicial o atendimento ao cliente segue igual, sendo efetuado pelo mesmo <strong>aplicativo da Oi M\u00f3vel<\/strong>. Em caso de atendimento presencial, para uma troca de chip ou outro motivo, os <strong>clientes da Oi<\/strong> poder\u00e3o se direcionar \u00e0s lojas f\u00edsicas ou da <a class=\"suno-keyword\" href=\"https:\/\/www.suno.com.br\/acoes\/CEAB3\/\" target=\"_blank\" rel=\"noopener\" data-force=\"yes\" data-priority=\"2\">C&amp;A (CEAB3)<\/a> &#8211; rede de varejo parceira da Oi.<\/p>\n\t<p>\n\t\t<a href=\"https:\/\/lp.suno.com.br\/planilha-controle-gastos\/\" target=\"_blank\" data-element=\"shortcode-suno-banner\" title=\"Banner SUNO, clique e saiba mais\">\n\t\t\t<picture>\n\t\t\t\t<source media=\"(max-width: 500px)\" srcset=\"https:\/\/files.sunoresearch.com.br\/n\/uploads\/2023\/03\/400x300-Planilha-controle-de-gastos.png\">\n\t\t\t\t<img class=\"newsContent__article__imgCapa newsContent__article__imgCapa--banner\"\n\t\t\t\t\tsrc=\"https:\/\/files.sunoresearch.com.br\/n\/uploads\/2023\/03\/1420x240-Planilha-controle-de-gastos.png\"\n\t\t\t\t\tdata-promo-id=\"101751\"\t\t\t\t\t\t\t\t\t\twidth='1420' height='240'\t\t\t\t\talt=\"https:\/\/files.sunoresearch.com.br\/n\/uploads\/2023\/03\/1420x240-Planilha-controle-de-gastos.png\"\n\t\t\t\t>\n\t\t\t<\/picture>\n\t\t<\/a>\n\t<\/p>\n\n\n<h2>Segunda fase de integra\u00e7\u00e3o<\/h2>\n<p>\u201cAp\u00f3s esta primeira etapa, os clientes ser\u00e3o comunicados a cada altera\u00e7\u00e3o necess\u00e1ria na presta\u00e7\u00e3o de servi\u00e7o\u201d, informou a Claro. O objetivo, segundo a empresa, \u00e9 que a integra\u00e7\u00e3o seja gradativa, autom\u00e1tica e transparente para os clientes.<\/p>\n<p>A base de usu\u00e1rios que corresponde a empresa \u00e9 de 12,9 milh\u00f5es de clientes. A Claro informa que se o cliente quiser <strong>antecipar a sua migra\u00e7\u00e3o<\/strong> de n\u00famero e plano, \u00e9 s\u00f3 procurar uma loja pr\u00f3pria e efetuar a transfer\u00eancia, sem preju\u00edzos.<\/p>\n<blockquote><p>&#8220;Os clientes ter\u00e3o todos os seus direitos preservados e ganhar\u00e3o planos similares ou at\u00e9 com mais benef\u00edcios ap\u00f3s terem seu servi\u00e7o transferido para a Claro.&#8221;<\/p><\/blockquote>\n<p>A empresa ressalta que, ap\u00f3s a conclus\u00e3o da integra\u00e7\u00e3o, a pr\u00f3pria Claro ganhar\u00e1 mais cobertura e qualidade de sinal. Onde n\u00e3o havia alcance antes, a empresa ir\u00e1 chegar com a <strong>rede adquirida da Oi<\/strong> e o contr\u00e1rio tamb\u00e9m \u00e9 verdadeiro, com a rede da Claro.<\/p>\n\t<p>\n\t\t<a href=\"https:\/\/lp.suno.com.br\/planilha-da-vida-financeira\/\" target=\"_blank\" data-element=\"shortcode-suno-banner\" title=\"Banner SUNO, clique e saiba mais\">\n\t\t\t<picture>\n\t\t\t\t<source media=\"(max-width: 500px)\" srcset=\"https:\/\/files.sunoresearch.com.br\/n\/uploads\/2023\/04\/400x300-Planilha-vida-financeira-true.png\">\n\t\t\t\t<img class=\"newsContent__article__imgCapa newsContent__article__imgCapa--banner\"\n\t\t\t\t\tsrc=\"https:\/\/files.sunoresearch.com.br\/n\/uploads\/2023\/04\/1420x240-Planilha-vida-financeira-true.png\"\n\t\t\t\t\tdata-promo-id=\"106682\"\t\t\t\t\t\t\t\t\t\twidth='1420' height='240'\t\t\t\t\talt=\"https:\/\/files.sunoresearch.com.br\/n\/uploads\/2023\/04\/1420x240-Planilha-vida-financeira-true.png\"\n\t\t\t\t>\n\t\t\t<\/picture>\n\t\t<\/a>\n\t<\/p>\n\n\n<h2>Migra\u00e7\u00e3o dos clientes da Oi<\/h2>\n<h3>Quem vai para a Claro?<\/h3>\n<p>Clientes dos DDDs 13, 14, 15, 17, 18, 27, 28, 31, 33, 34, 35, 37, 38, 43, 44, 45, 46, 47, 48, 49, 71, 74, 77, 79, 87, 91, 92<\/p>\n<h3>Quem vai para a Vivo?<\/h3>\n<p>Clientes dos DDDs 12, 41, 42, 81, 82, 83, 84, 85, 86, 88, 98<\/p>\n<h3>Quem vai para a TIM?<\/h3>\n<p>Clientes dos DDDs 11, 16, 19, 21, 22, 24, 32, 51, 53, 54, 55, 61, 62, 63, 64, 65, 66, 67, 68, 69, 73, 75, 89, 93, 94, 95, 96, 97, 99<\/p>\n\t<p>\n\t\t<a href=\"https:\/\/lp.suno.com.br\/planilha-de-controle-de-investimentos\/\" target=\"_blank\" data-element=\"shortcode-suno-banner\" title=\"Banner SUNO, clique e saiba mais\">\n\t\t\t<picture>\n\t\t\t\t<source media=\"(max-width: 500px)\" srcset=\"https:\/\/files.sunoresearch.com.br\/n\/uploads\/2023\/03\/400x300-Controle-de-Investimentos.png\">\n\t\t\t\t<img class=\"newsContent__article__imgCapa newsContent__article__imgCapa--banner\"\n\t\t\t\t\tsrc=\"https:\/\/files.sunoresearch.com.br\/n\/uploads\/2023\/03\/1420x240-Controle-de-Investimentos.png\"\n\t\t\t\t\tdata-promo-id=\"75934\"\t\t\t\t\t\t\t\t\t\twidth='1420' height='240'\t\t\t\t\talt=\"https:\/\/files.sunoresearch.com.br\/n\/uploads\/2023\/03\/1420x240-Controle-de-Investimentos.png\"\n\t\t\t\t>\n\t\t\t<\/picture>\n\t\t<\/a>\n\t<\/p>\n\n\n","protected":false},"excerpt":{"rendered":"<p>Com a conclus\u00e3o da venda dos ativos m\u00f3veis da Oi (OIBR3) para as concorrentes TIM (TIMS3), Vivo (VIVT3) e Claro na \u00faltima quarta-feira (20), come\u00e7a o processo de incorpora\u00e7\u00e3o e transi\u00e7\u00e3o das redes e sistemas pelas empresas compradoras. Oi. Foto: Divulga\u00e7\u00e3o A Claro se pronunciou sobre esse processo e explicou como dever\u00e1 ser os pr\u00f3ximos [&hellip;]<\/p>\n","protected":false},"author":102,"featured_media":177304,"comment_status":"closed","ping_status":"closed","sticky":false,"template":"","format":"standard","meta":[],"categories":[64],"tags":[584,3544],"suno_strategy":[],"class_list":["post-252638","post","type-post","status-publish","format-standard","has-post-thumbnail","hentry","category-negocios","tag-oi-oibr3-oibr4","tag-oi-movel"],"yoast_head":"<!-- This site is optimized with the Yoast SEO plugin v24.4 - https:\/\/yoast.com\/wordpress\/plugins\/seo\/ -->\n<title>Clientes da Oi (OIBR3): quem vai para Claro, Vivo (VIVT3) e TIM (TIM3)?<\/title>\n<meta name=\"description\" content=\"Ap\u00f3s a conclus\u00e3o da venda da Oi M\u00f3vel (OIBR3), como fica a transi\u00e7\u00e3o dos clientes? Veja aqui quem vai para Claro, Vivo e TIM!\" \/>\n<meta name=\"robots\" content=\"index, follow, max-snippet:-1, max-image-preview:large, max-video-preview:-1\" \/>\n<link rel=\"canonical\" href=\"https:\/\/www.suno.com.br\/noticias\/clientes-oi-oibr3-quem-vai-para-claro-vivo-vivt3-e-tim-tim3\/\" \/>\n<meta property=\"og:locale\" content=\"pt_BR\" \/>\n<meta property=\"og:type\" content=\"article\" \/>\n<meta property=\"og:title\" content=\"Clientes da Oi (OIBR3): quem vai para Claro, Vivo (VIVT3) e TIM (TIM3)?\" \/>\n<meta property=\"og:description\" content=\"Ap\u00f3s a conclus\u00e3o da venda da Oi M\u00f3vel (OIBR3), como fica a transi\u00e7\u00e3o dos clientes? Veja aqui quem vai para Claro, Vivo e TIM!\" \/>\n<meta property=\"og:url\" content=\"https:\/\/www.suno.com.br\/noticias\/clientes-oi-oibr3-quem-vai-para-claro-vivo-vivt3-e-tim-tim3\/\" \/>\n<meta property=\"og:site_name\" content=\"Suno Not\u00edcias\" \/>\n<meta property=\"article:publisher\" content=\"https:\/\/facebook.com\/sunoresearch\" \/>\n<meta property=\"og:image\" content=\"https:\/\/files.sunoresearch.com.br\/n\/uploads\/2021\/08\/bb1cedf7-loja-oi1.jpg\" \/>\n\t<meta property=\"og:image:width\" content=\"2000\" \/>\n\t<meta property=\"og:image:height\" content=\"1335\" \/>\n\t<meta property=\"og:image:type\" content=\"image\/jpeg\" \/>\n<meta name=\"author\" content=\"Monique Lima\" \/>\n<meta name=\"twitter:card\" content=\"summary_large_image\" \/>\n<meta name=\"twitter:creator\" content=\"@sunoresearch\" \/>\n<meta name=\"twitter:site\" content=\"@sunoresearch\" \/>\n<meta name=\"twitter:label1\" content=\"Escrito por\" \/>\n\t<meta name=\"twitter:data1\" content=\"Monique Lima\" \/>\n\t<meta name=\"twitter:label2\" content=\"Est. tempo de leitura\" \/>\n\t<meta name=\"twitter:data2\" content=\"2 minutos\" \/>\n<script type=\"application\/ld+json\" class=\"yoast-schema-graph\">{\"@context\":\"https:\/\/schema.org\",\"@graph\":[{\"@type\":\"NewsArticle\",\"@id\":\"https:\/\/www.suno.com.br\/noticias\/clientes-oi-oibr3-quem-vai-para-claro-vivo-vivt3-e-tim-tim3\/#article\",\"isPartOf\":{\"@id\":\"https:\/\/www.suno.com.br\/noticias\/clientes-oi-oibr3-quem-vai-para-claro-vivo-vivt3-e-tim-tim3\/\"},\"author\":{\"name\":\"Monique Lima\",\"@id\":\"https:\/\/www.suno.com.br\/noticias\/#\/schema\/person\/d712329319cc9b10f254d02d654cb36a\"},\"headline\":\"Migra\u00e7\u00e3o de clientes da Oi (OIBR3): quem vai para Claro, Vivo (VIVT3) e TIM (TIM3)?\",\"datePublished\":\"2022-04-21T14:04:13+00:00\",\"mainEntityOfPage\":{\"@id\":\"https:\/\/www.suno.com.br\/noticias\/clientes-oi-oibr3-quem-vai-para-claro-vivo-vivt3-e-tim-tim3\/\"},\"wordCount\":434,\"publisher\":{\"@id\":\"https:\/\/www.suno.com.br\/noticias\/#organization\"},\"image\":{\"@id\":\"https:\/\/www.suno.com.br\/noticias\/clientes-oi-oibr3-quem-vai-para-claro-vivo-vivt3-e-tim-tim3\/#primaryimage\"},\"thumbnailUrl\":\"https:\/\/files.sunoresearch.com.br\/n\/uploads\/2021\/08\/bb1cedf7-loja-oi1.jpg\",\"keywords\":[\"Oi (OIBR3\/OIBR4)\",\"Oi M\u00f3vel\"],\"articleSection\":[\"Neg\u00f3cios\"],\"inLanguage\":\"pt-BR\"},{\"@type\":\"WebPage\",\"@id\":\"https:\/\/www.suno.com.br\/noticias\/clientes-oi-oibr3-quem-vai-para-claro-vivo-vivt3-e-tim-tim3\/\",\"url\":\"https:\/\/www.suno.com.br\/noticias\/clientes-oi-oibr3-quem-vai-para-claro-vivo-vivt3-e-tim-tim3\/\",\"name\":\"Clientes da Oi (OIBR3): quem vai para Claro, Vivo (VIVT3) e TIM (TIM3)?\",\"isPartOf\":{\"@id\":\"https:\/\/www.suno.com.br\/noticias\/#website\"},\"primaryImageOfPage\":{\"@id\":\"https:\/\/www.suno.com.br\/noticias\/clientes-oi-oibr3-quem-vai-para-claro-vivo-vivt3-e-tim-tim3\/#primaryimage\"},\"image\":{\"@id\":\"https:\/\/www.suno.com.br\/noticias\/clientes-oi-oibr3-quem-vai-para-claro-vivo-vivt3-e-tim-tim3\/#primaryimage\"},\"thumbnailUrl\":\"https:\/\/files.sunoresearch.com.br\/n\/uploads\/2021\/08\/bb1cedf7-loja-oi1.jpg\",\"datePublished\":\"2022-04-21T14:04:13+00:00\",\"description\":\"Ap\u00f3s a conclus\u00e3o da venda da Oi M\u00f3vel (OIBR3), como fica a transi\u00e7\u00e3o dos clientes? Veja aqui quem vai para Claro, Vivo e TIM!\",\"breadcrumb\":{\"@id\":\"https:\/\/www.suno.com.br\/noticias\/clientes-oi-oibr3-quem-vai-para-claro-vivo-vivt3-e-tim-tim3\/#breadcrumb\"},\"inLanguage\":\"pt-BR\",\"potentialAction\":[{\"@type\":\"ReadAction\",\"target\":[\"https:\/\/www.suno.com.br\/noticias\/clientes-oi-oibr3-quem-vai-para-claro-vivo-vivt3-e-tim-tim3\/\"]}]},{\"@type\":\"ImageObject\",\"inLanguage\":\"pt-BR\",\"@id\":\"https:\/\/www.suno.com.br\/noticias\/clientes-oi-oibr3-quem-vai-para-claro-vivo-vivt3-e-tim-tim3\/#primaryimage\",\"url\":\"https:\/\/files.sunoresearch.com.br\/n\/uploads\/2021\/08\/bb1cedf7-loja-oi1.jpg\",\"contentUrl\":\"https:\/\/files.sunoresearch.com.br\/n\/uploads\/2021\/08\/bb1cedf7-loja-oi1.jpg\",\"width\":2000,\"height\":1335,\"caption\":\"Oi. Foto: Divulga\u00e7\u00e3o\"},{\"@type\":\"BreadcrumbList\",\"@id\":\"https:\/\/www.suno.com.br\/noticias\/clientes-oi-oibr3-quem-vai-para-claro-vivo-vivt3-e-tim-tim3\/#breadcrumb\",\"itemListElement\":[{\"@type\":\"ListItem\",\"position\":1,\"name\":\"Not\u00edcias\",\"item\":\"https:\/\/www.suno.com.br\/noticias\/\"},{\"@type\":\"ListItem\",\"position\":2,\"name\":\"Neg\u00f3cios\",\"item\":\"https:\/\/www.suno.com.br\/noticias\/negocios\/\"},{\"@type\":\"ListItem\",\"position\":3,\"name\":\"Migra\u00e7\u00e3o de clientes da Oi (OIBR3): quem vai para Claro, Vivo (VIVT3) e TIM (TIM3)?\"}]},{\"@type\":\"WebSite\",\"@id\":\"https:\/\/www.suno.com.br\/noticias\/#website\",\"url\":\"https:\/\/www.suno.com.br\/noticias\/\",\"name\":\"Suno Not\u00edcias\",\"description\":\"Seu portal de informa\u00e7\u00e3o sobre o mundo dos investimentos\",\"publisher\":{\"@id\":\"https:\/\/www.suno.com.br\/noticias\/#organization\"},\"potentialAction\":[{\"@type\":\"SearchAction\",\"target\":{\"@type\":\"EntryPoint\",\"urlTemplate\":\"https:\/\/www.suno.com.br\/noticias\/?s={search_term_string}\"},\"query-input\":{\"@type\":\"PropertyValueSpecification\",\"valueRequired\":true,\"valueName\":\"search_term_string\"}}],\"inLanguage\":\"pt-BR\"},{\"@type\":\"Organization\",\"@id\":\"https:\/\/www.suno.com.br\/noticias\/#organization\",\"name\":\"Suno Not\u00edcias\",\"url\":\"https:\/\/www.suno.com.br\/noticias\/\",\"logo\":{\"@type\":\"ImageObject\",\"inLanguage\":\"pt-BR\",\"@id\":\"https:\/\/www.suno.com.br\/noticias\/#\/schema\/logo\/image\/\",\"url\":\"https:\/\/files.sunoresearch.com.br\/n\/uploads\/2021\/09\/suno-logo.png\",\"contentUrl\":\"https:\/\/files.sunoresearch.com.br\/n\/uploads\/2021\/09\/suno-logo.png\",\"width\":180,\"height\":180,\"caption\":\"Suno Not\u00edcias\"},\"image\":{\"@id\":\"https:\/\/www.suno.com.br\/noticias\/#\/schema\/logo\/image\/\"},\"sameAs\":[\"https:\/\/facebook.com\/sunoresearch\",\"https:\/\/x.com\/sunoresearch\",\"https:\/\/www.instagram.com\/suno\",\"https:\/\/www.linkedin.com\/company\/suno-research\/\",\"https:\/\/www.youtube.com\/c\/sunoresearch\"]},{\"@type\":\"Person\",\"@id\":\"https:\/\/www.suno.com.br\/noticias\/#\/schema\/person\/d712329319cc9b10f254d02d654cb36a\",\"name\":\"Monique Lima\",\"image\":{\"@type\":\"ImageObject\",\"inLanguage\":\"pt-BR\",\"@id\":\"https:\/\/www.suno.com.br\/noticias\/#\/schema\/person\/image\/\",\"url\":\"https:\/\/secure.gravatar.com\/avatar\/daee7f16d906c2e9ffed236206ca2c30?s=96&r=g\",\"contentUrl\":\"https:\/\/secure.gravatar.com\/avatar\/daee7f16d906c2e9ffed236206ca2c30?s=96&r=g\",\"caption\":\"Monique Lima\"},\"description\":\"Rep\u00f3rter de Mercado no Suno Not\u00edcias, \u00e9 jornalista com experi\u00eancia na cobertura de economia, empreendedorismo, finan\u00e7as pessoais, mercado financeiro, carreira e recursos humanos. Formada em Jornalismo pela Universidade Paulista, teve experi\u00eancias em ve\u00edculos de comunica\u00e7\u00e3o como a Ag\u00eancia TradeMap, Revista Voc\u00ea S\/A e Revista Voc\u00ea RH, as duas \u00faltimas publica\u00e7\u00f5es da Editora Abril. No Suno Not\u00edcias, fala sobre as principais not\u00edcias de Fundos Imobili\u00e1rios, Fiagro, Startups e empresas listadas na Bolsa.\",\"url\":\"https:\/\/www.suno.com.br\/noticias\/author\/monique-lima\/\"}]}<\/script>\n<!-- \/ Yoast SEO plugin. -->","yoast_head_json":{"title":"Clientes da Oi (OIBR3): quem vai para Claro, Vivo (VIVT3) e TIM (TIM3)?","description":"Ap\u00f3s a conclus\u00e3o da venda da Oi M\u00f3vel (OIBR3), como fica a transi\u00e7\u00e3o dos clientes? Veja aqui quem vai para Claro, Vivo e TIM!","robots":{"index":"index","follow":"follow","max-snippet":"max-snippet:-1","max-image-preview":"max-image-preview:large","max-video-preview":"max-video-preview:-1"},"canonical":"https:\/\/www.suno.com.br\/noticias\/clientes-oi-oibr3-quem-vai-para-claro-vivo-vivt3-e-tim-tim3\/","og_locale":"pt_BR","og_type":"article","og_title":"Clientes da Oi (OIBR3): quem vai para Claro, Vivo (VIVT3) e TIM (TIM3)?","og_description":"Ap\u00f3s a conclus\u00e3o da venda da Oi M\u00f3vel (OIBR3), como fica a transi\u00e7\u00e3o dos clientes? Veja aqui quem vai para Claro, Vivo e TIM!","og_url":"https:\/\/www.suno.com.br\/noticias\/clientes-oi-oibr3-quem-vai-para-claro-vivo-vivt3-e-tim-tim3\/","og_site_name":"Suno Not\u00edcias","article_publisher":"https:\/\/facebook.com\/sunoresearch","og_image":[{"width":2000,"height":1335,"url":"https:\/\/files.sunoresearch.com.br\/n\/uploads\/2021\/08\/bb1cedf7-loja-oi1.jpg","type":"image\/jpeg"}],"author":"Monique Lima","twitter_card":"summary_large_image","twitter_creator":"@sunoresearch","twitter_site":"@sunoresearch","twitter_misc":{"Escrito por":"Monique Lima","Est. tempo de leitura":"2 minutos"},"schema":{"@context":"https:\/\/schema.org","@graph":[{"@type":"NewsArticle","@id":"https:\/\/www.suno.com.br\/noticias\/clientes-oi-oibr3-quem-vai-para-claro-vivo-vivt3-e-tim-tim3\/#article","isPartOf":{"@id":"https:\/\/www.suno.com.br\/noticias\/clientes-oi-oibr3-quem-vai-para-claro-vivo-vivt3-e-tim-tim3\/"},"author":{"name":"Monique Lima","@id":"https:\/\/www.suno.com.br\/noticias\/#\/schema\/person\/d712329319cc9b10f254d02d654cb36a"},"headline":"Migra\u00e7\u00e3o de clientes da Oi (OIBR3): quem vai para Claro, Vivo (VIVT3) e TIM (TIM3)?","datePublished":"2022-04-21T14:04:13+00:00","mainEntityOfPage":{"@id":"https:\/\/www.suno.com.br\/noticias\/clientes-oi-oibr3-quem-vai-para-claro-vivo-vivt3-e-tim-tim3\/"},"wordCount":434,"publisher":{"@id":"https:\/\/www.suno.com.br\/noticias\/#organization"},"image":{"@id":"https:\/\/www.suno.com.br\/noticias\/clientes-oi-oibr3-quem-vai-para-claro-vivo-vivt3-e-tim-tim3\/#primaryimage"},"thumbnailUrl":"https:\/\/files.sunoresearch.com.br\/n\/uploads\/2021\/08\/bb1cedf7-loja-oi1.jpg","keywords":["Oi (OIBR3\/OIBR4)","Oi M\u00f3vel"],"articleSection":["Neg\u00f3cios"],"inLanguage":"pt-BR"},{"@type":"WebPage","@id":"https:\/\/www.suno.com.br\/noticias\/clientes-oi-oibr3-quem-vai-para-claro-vivo-vivt3-e-tim-tim3\/","url":"https:\/\/www.suno.com.br\/noticias\/clientes-oi-oibr3-quem-vai-para-claro-vivo-vivt3-e-tim-tim3\/","name":"Clientes da Oi (OIBR3): quem vai para Claro, Vivo (VIVT3) e TIM (TIM3)?","isPartOf":{"@id":"https:\/\/www.suno.com.br\/noticias\/#website"},"primaryImageOfPage":{"@id":"https:\/\/www.suno.com.br\/noticias\/clientes-oi-oibr3-quem-vai-para-claro-vivo-vivt3-e-tim-tim3\/#primaryimage"},"image":{"@id":"https:\/\/www.suno.com.br\/noticias\/clientes-oi-oibr3-quem-vai-para-claro-vivo-vivt3-e-tim-tim3\/#primaryimage"},"thumbnailUrl":"https:\/\/files.sunoresearch.com.br\/n\/uploads\/2021\/08\/bb1cedf7-loja-oi1.jpg","datePublished":"2022-04-21T14:04:13+00:00","description":"Ap\u00f3s a conclus\u00e3o da venda da Oi M\u00f3vel (OIBR3), como fica a transi\u00e7\u00e3o dos clientes? Veja aqui quem vai para Claro, Vivo e TIM!","breadcrumb":{"@id":"https:\/\/www.suno.com.br\/noticias\/clientes-oi-oibr3-quem-vai-para-claro-vivo-vivt3-e-tim-tim3\/#breadcrumb"},"inLanguage":"pt-BR","potentialAction":[{"@type":"ReadAction","target":["https:\/\/www.suno.com.br\/noticias\/clientes-oi-oibr3-quem-vai-para-claro-vivo-vivt3-e-tim-tim3\/"]}]},{"@type":"ImageObject","inLanguage":"pt-BR","@id":"https:\/\/www.suno.com.br\/noticias\/clientes-oi-oibr3-quem-vai-para-claro-vivo-vivt3-e-tim-tim3\/#primaryimage","url":"https:\/\/files.sunoresearch.com.br\/n\/uploads\/2021\/08\/bb1cedf7-loja-oi1.jpg","contentUrl":"https:\/\/files.sunoresearch.com.br\/n\/uploads\/2021\/08\/bb1cedf7-loja-oi1.jpg","width":2000,"height":1335,"caption":"Oi. Foto: Divulga\u00e7\u00e3o"},{"@type":"BreadcrumbList","@id":"https:\/\/www.suno.com.br\/noticias\/clientes-oi-oibr3-quem-vai-para-claro-vivo-vivt3-e-tim-tim3\/#breadcrumb","itemListElement":[{"@type":"ListItem","position":1,"name":"Not\u00edcias","item":"https:\/\/www.suno.com.br\/noticias\/"},{"@type":"ListItem","position":2,"name":"Neg\u00f3cios","item":"https:\/\/www.suno.com.br\/noticias\/negocios\/"},{"@type":"ListItem","position":3,"name":"Migra\u00e7\u00e3o de clientes da Oi (OIBR3): quem vai para Claro, Vivo (VIVT3) e TIM (TIM3)?"}]},{"@type":"WebSite","@id":"https:\/\/www.suno.com.br\/noticias\/#website","url":"https:\/\/www.suno.com.br\/noticias\/","name":"Suno Not\u00edcias","description":"Seu portal de informa\u00e7\u00e3o sobre o mundo dos investimentos","publisher":{"@id":"https:\/\/www.suno.com.br\/noticias\/#organization"},"potentialAction":[{"@type":"SearchAction","target":{"@type":"EntryPoint","urlTemplate":"https:\/\/www.suno.com.br\/noticias\/?s={search_term_string}"},"query-input":{"@type":"PropertyValueSpecification","valueRequired":true,"valueName":"search_term_string"}}],"inLanguage":"pt-BR"},{"@type":"Organization","@id":"https:\/\/www.suno.com.br\/noticias\/#organization","name":"Suno Not\u00edcias","url":"https:\/\/www.suno.com.br\/noticias\/","logo":{"@type":"ImageObject","inLanguage":"pt-BR","@id":"https:\/\/www.suno.com.br\/noticias\/#\/schema\/logo\/image\/","url":"https:\/\/files.sunoresearch.com.br\/n\/uploads\/2021\/09\/suno-logo.png","contentUrl":"https:\/\/files.sunoresearch.com.br\/n\/uploads\/2021\/09\/suno-logo.png","width":180,"height":180,"caption":"Suno Not\u00edcias"},"image":{"@id":"https:\/\/www.suno.com.br\/noticias\/#\/schema\/logo\/image\/"},"sameAs":["https:\/\/facebook.com\/sunoresearch","https:\/\/x.com\/sunoresearch","https:\/\/www.instagram.com\/suno","https:\/\/www.linkedin.com\/company\/suno-research\/","https:\/\/www.youtube.com\/c\/sunoresearch"]},{"@type":"Person","@id":"https:\/\/www.suno.com.br\/noticias\/#\/schema\/person\/d712329319cc9b10f254d02d654cb36a","name":"Monique Lima","image":{"@type":"ImageObject","inLanguage":"pt-BR","@id":"https:\/\/www.suno.com.br\/noticias\/#\/schema\/person\/image\/","url":"https:\/\/secure.gravatar.com\/avatar\/daee7f16d906c2e9ffed236206ca2c30?s=96&r=g","contentUrl":"https:\/\/secure.gravatar.com\/avatar\/daee7f16d906c2e9ffed236206ca2c30?s=96&r=g","caption":"Monique Lima"},"description":"Rep\u00f3rter de Mercado no Suno Not\u00edcias, \u00e9 jornalista com experi\u00eancia na cobertura de economia, empreendedorismo, finan\u00e7as pessoais, mercado financeiro, carreira e recursos humanos. Formada em Jornalismo pela Universidade Paulista, teve experi\u00eancias em ve\u00edculos de comunica\u00e7\u00e3o como a Ag\u00eancia TradeMap, Revista Voc\u00ea S\/A e Revista Voc\u00ea RH, as duas \u00faltimas publica\u00e7\u00f5es da Editora Abril. No Suno Not\u00edcias, fala sobre as principais not\u00edcias de Fundos Imobili\u00e1rios, Fiagro, Startups e empresas listadas na Bolsa.","url":"https:\/\/www.suno.com.br\/noticias\/author\/monique-lima\/"}]}},"default_loop_html":"<div class=\"cardsPage__listCard__boxs\"><div class=\"cardsPage__listCard__boxs__img\"><a href=\"https:\/\/www.suno.com.br\/noticias\/clientes-oi-oibr3-quem-vai-para-claro-vivo-vivt3-e-tim-tim3\/\"><img class=\"mask\" src=\"https:\/\/www.suno.com.br\/noticias\/wp-content\/themes\/suno\/resources\/images\/spotlight\/spotlight1img\/bg-mask.png\" alt=\"Image Mask\"\/><img src=\"https:\/\/files.sunoresearch.com.br\/n\/uploads\/2021\/08\/bb1cedf7-loja-oi1-400x200.jpg\" alt=\"Migra\u00e7\u00e3o de clientes da Oi (OIBR3): quem vai para Claro, Vivo (VIVT3) e TIM (TIM3)?\"\/><\/a><span class=\"spotlightCategory\"><a href=\"https:\/\/www.suno.com.br\/noticias\/negocios\/\">Neg\u00f3cios<\/a><\/span><\/div><div class=\"cardsPage__listCard__boxs__content\"><a href=\"https:\/\/www.suno.com.br\/noticias\/clientes-oi-oibr3-quem-vai-para-claro-vivo-vivt3-e-tim-tim3\/\"><h2 class=\"content__title\">Migra\u00e7\u00e3o de clientes da Oi (OIBR3): quem vai para Claro, Vivo (VIVT3) e TIM (TIM3)?<\/h2><\/a><div class=\"newsContent__article__meta\"><div class=\"newsContent__article__meta__authorBox\"><a href=\"https:\/\/www.suno.com.br\/noticias\/author\/monique-lima\/\" class=\"authorBox__avatar noMobi\"><img src=\"https:\/\/secure.gravatar.com\/avatar\/daee7f16d906c2e9ffed236206ca2c30?s=96&#038;r=g\" alt=\"Monique Lima\"><\/a><div class=\"authorBox__name\"><span>por\n\t\t\t<a href=\"https:\/\/www.suno.com.br\/noticias\/author\/monique-lima\/\"><span itemprop=\"author\">Monique Lima<\/span><\/a><\/span><time datetime=\"2022-04-21T11:04:13-03:00\" itemprop=\"datePublished\">21\/04\/2022 11:04<\/time><\/div><\/div><\/div><\/div><\/div>","single_layout":"posts","amp_enabled":false,"_links":{"self":[{"href":"https:\/\/www.suno.com.br\/noticias\/wp-json\/wp\/v2\/posts\/252638"}],"collection":[{"href":"https:\/\/www.suno.com.br\/noticias\/wp-json\/wp\/v2\/posts"}],"about":[{"href":"https:\/\/www.suno.com.br\/noticias\/wp-json\/wp\/v2\/types\/post"}],"author":[{"embeddable":true,"href":"https:\/\/www.suno.com.br\/noticias\/wp-json\/wp\/v2\/users\/102"}],"replies":[{"embeddable":true,"href":"https:\/\/www.suno.com.br\/noticias\/wp-json\/wp\/v2\/comments?post=252638"}],"version-history":[{"count":1,"href":"https:\/\/www.suno.com.br\/noticias\/wp-json\/wp\/v2\/posts\/252638\/revisions"}],"predecessor-version":[{"id":252641,"href":"https:\/\/www.suno.com.br\/noticias\/wp-json\/wp\/v2\/posts\/252638\/revisions\/252641"}],"wp:featuredmedia":[{"embeddable":true,"href":"https:\/\/www.suno.com.br\/noticias\/wp-json\/wp\/v2\/media\/177304"}],"wp:attachment":[{"href":"https:\/\/www.suno.com.br\/noticias\/wp-json\/wp\/v2\/media?parent=252638"}],"wp:term":[{"taxonomy":"category","embeddable":true,"href":"https:\/\/www.suno.com.br\/noticias\/wp-json\/wp\/v2\/categories?post=252638"},{"taxonomy":"post_tag","embeddable":true,"href":"https:\/\/www.suno.com.br\/noticias\/wp-json\/wp\/v2\/tags?post=252638"},{"taxonomy":"suno_strategy","embeddable":true,"href":"https:\/\/www.suno.com.br\/noticias\/wp-json\/wp\/v2\/suno_strategy?post=252638"}],"curies":[{"name":"wp","href":"https:\/\/api.w.org\/{rel}","templated":true}]}}