{"id":252590,"date":"2022-04-20T21:29:18","date_gmt":"2022-04-21T00:29:18","guid":{"rendered":"https:\/\/www.suno.com.br\/noticias\/?p=252590"},"modified":"2022-04-20T21:29:18","modified_gmt":"2022-04-21T00:29:18","slug":"radar-eletrobras-elet3-oi-oibr3-unipar-unip6","status":"publish","type":"post","link":"https:\/\/www.suno.com.br\/noticias\/radar-eletrobras-elet3-oi-oibr3-unipar-unip6\/","title":{"rendered":"Radar: decis\u00e3o sobre privatiza\u00e7\u00e3o da Eletrobras (ELET3) \u00e9 adiada, Oi (OIBR3) vende ativos m\u00f3veis, Unipar (UNIP6) pagar\u00e1 R$ 250 mi em dividendos"},"content":{"rendered":"<p>O ministro do Tribunal de Contas da Uni\u00e3o (<strong>TCU<\/strong>) Vital do R\u00eago Barros pediu, nesta quarta (2o), vistas do julgamento que analisa a privatiza\u00e7\u00e3o da <a href=\"https:\/\/www.suno.com.br\/acoes\/elet3\/\"><strong>Eletrobras<\/strong>\u00a0(ELET3)<\/a>, como previsto. Havia a expectativa de que o ministro do TCU, que \u00e9 contr\u00e1rio \u00e0 privatiza\u00e7\u00e3o, pediria 60 dias como prazo para finalizar sua an\u00e1lise. Durante o julgamento, no entanto, ele cedeu ao apelo dos demais ministros e aceitou reduzir o prazo para, no m\u00e1ximo, 20 dias.<\/p>\t<div class=\"wrapper-featured-image\">\n\t\t<figure class=\"spotlightImg\">\n\n\t\t\t<picture>\n\t\t\t\t<source media=\"(max-width: 768px)\" srcset=\"https:\/\/files.sunoresearch.com.br\/n\/uploads\/2018\/09\/08ccc764-eletrobras-400x200.webp\">\n\t\t\t\t<img loading=\"lazy\" decoding=\"async\" class=\"newsContent__article__imgCapa lazyloadDisabled \" src=\"https:\/\/files.sunoresearch.com.br\/n\/uploads\/2018\/09\/08ccc764-eletrobras-800x450.webp\" width=\"800\" height=\"450\" alt=\"Radar: decis\u00e3o sobre privatiza\u00e7\u00e3o da Eletrobras (ELET3) \u00e9 adiada, Oi (OIBR3) vende ativos m\u00f3veis, Unipar (UNIP6) pagar\u00e1 R$ 250 mi em dividendos\" fetchpriority=high \/>\n\t\t\t<\/picture>\n\n\t\t\t<figcaption class=\"wp-caption-text wp-caption-text--show\">Eletrobras (ELET3)<\/figcaption>\n\t\t<\/figure>\n\t<\/div>\n\n\n\t<p>\n\t\t<a href=\"\" target=\"_blank\" data-element=\"shortcode-suno-banner\" title=\"Banner SUNO, clique e saiba mais\">\n\t\t\t<picture>\n\t\t\t\t<source media=\"(max-width: 500px)\" srcset=\"\">\n\t\t\t\t<img class=\"newsContent__article__imgCapa newsContent__article__imgCapa--banner\"\n\t\t\t\t\tsrc=\"\"\n\t\t\t\t\tdata-promo-id=\"138420\"\t\t\t\t\t\t\t\t\t\t\t\t\t\t\talt=\"\"\n\t\t\t\t>\n\t\t\t<\/picture>\n\t\t<\/a>\n\t<\/p>\n\n\n<p>Com a decis\u00e3o, o <strong>processo de privatiza\u00e7\u00e3o<\/strong>\u00a0s\u00f3 deve voltar \u00e0 pauta no dia 11 de maio, o que inviabiliza os planos do governo de realizar a opera\u00e7\u00e3o at\u00e9 13 de maio.<\/p>\n<p>Mesmo com o recuo do\u00a0<strong>ministro do TCU<\/strong>, n\u00e3o ser\u00e1 poss\u00edvel que o governo realize a opera\u00e7\u00e3o no pr\u00f3ximo m\u00eas. Para concluir a\u00a0<strong>venda da estatal<\/strong>\u00a0dentro do cronograma, o pedido de vista n\u00e3o poderia ser superior a sete dias, o que n\u00e3o foi poss\u00edvel, mesmo com a press\u00e3o do governo. O ministro\u00a0<strong>Jorge Oliveira<\/strong>, que foi indicado por Bolsonaro ao TCU, sugeriu reduzir para sete, como queria o governo, mas houve questionamentos sobre o regimento do \u00f3rg\u00e3o.<\/p>\n<p>O Executivo avaliava que havia uma janela de oportunidade para vender a empresa at\u00e9 o dia 13 de maio. Passado esse per\u00edodo, membros do governo dizem que a opera\u00e7\u00e3o ficaria inviabilizada, dada a proximidade do per\u00edodo eleitoral, que poderia contaminar a desestatiza\u00e7\u00e3o. Esse argumento foi recha\u00e7ado por alguns ministros do TCU, que o consideraram \u201cfalacioso\u201d.<\/p>\n<p>\u201cO investidor aceitaria\u00a0<strong>comprar a Eletrobras<\/strong>\u00a0na primeira semana de junho e n\u00e3o na \u00faltima de julho? Parece um argumento tra\u00e7ado para jogar sobre o Tribunal o peso da opini\u00e3o p\u00fablica\u201d, questionou o ministro Bruno Dantas, que afirmou poucas vezes ter sentido uma \u201ctentativa de pressionar o Tribunal de forma t\u00e3o avassaladora\u201d.<\/p>\n<p>O julgamento come\u00e7ou com a apresenta\u00e7\u00e3o do voto do ministro-relator, Aroldo Cedraz, o \u00fanico que analisou o m\u00e9rito do processo. Ele identificou inconsist\u00eancias na segunda etapa da privatiza\u00e7\u00e3o, que analisa a modelagem e o novo modelo societ\u00e1rio da empresa. Ele prop\u00f4s que a \u00e1rea t\u00e9cnica do \u00f3rg\u00e3o avalie os impactos futuros de venda de pot\u00eancia de energia pela Eletrobras<\/p>\n<p>Cedraz tamb\u00e9m votou para que o Banco Nacional de Desenvolvimento Econ\u00f4mico e Social (BNDES), respons\u00e1vel pela\u00a0<strong>modelagem da privatiza\u00e7\u00e3o<\/strong>, revise as premissas de receitas da empresa. Ele afirmou que os estudos apresentados pela institui\u00e7\u00e3o financeira sobre as receitas operacionais da estatal do setor el\u00e9trico \u201cn\u00e3o t\u00eam sustenta\u00e7\u00e3o\u201d.<\/p>\n<p>At\u00e9 o momento, o Minist\u00e9rio da Economia e o Minist\u00e9rio de Minas e Energia n\u00e3o se manifestaram sobre o adiamento do julgamento pelo TCU.<\/p>\n<p>De acordo com Vital do R\u00eago, h\u00e1 uma s\u00e9rie de inconsist\u00eancias e erros nos estudos elaborados que servem de base para a\u00a0<strong>privatiza\u00e7\u00e3o da Eletrobras<\/strong>. O ministro disse que h\u00e1 uma contradi\u00e7\u00e3o no discurso dos ministros Paulo Guedes e Bento Albuquerque e os n\u00fameros levados \u00e0 Corte de Contas pelo BNDES.<\/p>\n<p>\u201cPreciso de tempo para conversar com o\u00a0<strong>presidente da Eletrobras,<\/strong>\u00a0preciso de tempo para conversar com o\u00a0<strong>BNDES<\/strong>, preciso de tempo para conversar com o ministro de Minas e Energia e com o ministro da Economia\u201d, disse durante a sess\u00e3o.<\/p>\n<p>O ministro do TCU alegou ainda em seu voto que os fluxos de caixa apresentados pelo BNDES, nos \u00faltimos dez anos do per\u00edodo utilizado, que vai at\u00e9 2051, registram redu\u00e7\u00e3o de investimentos at\u00e9 atingir o valor nulo.<\/p>\n<p>Mais cedo, o ministro Vital do R\u00eago havia confirmado em entrevista exclusiva ao Broadcast (sistema de not\u00edcias em tempo real do Grupo Estado) que iria pedir vista (mais tempo para analisar o processo) de 60 dias da\u00a0<strong>privatiza\u00e7\u00e3o da Eletrobras<\/strong>. \u201c\u00c9 minha obriga\u00e7\u00e3o n\u00e3o deixar que o patrim\u00f4nio p\u00fablico seja liquidado. Est\u00e3o fazendo liquida\u00e7\u00e3o\u201d, criticou o ministro na entrevista.<\/p>\n<p>Vital do R\u00eago disse que cabe a ele, como ministro do TCU, \u201cfiscalizar cada centavo\u201d da\u00a0<strong>privatiza\u00e7\u00e3o da estatal<\/strong>, a mais aguardada pelo governo Jair Bolsonaro.<\/p>\n<p>\u201cDa forma como est\u00e1, n\u00e3o est\u00e3o privatizando, est\u00e3o liquidando, e caber\u00e1 ao TCU atestar ou n\u00e3o\u201d, repetiu o ministro do TCU. Ele tamb\u00e9m afirmou que n\u00e3o est\u00e1 analisando o m\u00e9rito da\u00a0<strong>venda da empresa<\/strong>. \u201cEssa \u00e9 uma decis\u00e3o de governo\u201d, frisou o ministro.<\/p>\n<p>Na ter\u00e7a-feira, o Broadcast mostrou que, nos bastidores, um grupo de\u00a0<strong>ministros da Corte<\/strong>\u00a0recebeu informa\u00e7\u00f5es de que, por tr\u00e1s da press\u00e3o para acelerar a an\u00e1lise da opera\u00e7\u00e3o, h\u00e1 um movimento para baratear o\u00a0<strong>pre\u00e7o da a\u00e7\u00e3o<\/strong>.<\/p>\n<p>O governo alega que para aproveitar a janela do mercado e realizar a opera\u00e7\u00e3o no dia 13 de maio ser\u00e1 preciso que o sinal verde do TCU ocorra no m\u00e1ximo at\u00e9 o dia 27 de abril. Nesse caso, o pedido de vista n\u00e3o poderia passar de sete dias.<\/p>\n<p>Al\u00e9m da\u00a0<strong>Eletrobras<\/strong>, confira outros destaques desta quarta-feira:<\/p>\n<h2>Oi (OIBR3) conclui a venda dos ativos m\u00f3veis por R$ 15,9 bi para TIM (TIMS3), Vivo (VIVT3) e Claro<\/h2>\n<ul>\n<li>A venda dos ativos m\u00f3veis da<a href=\"https:\/\/www.suno.com.br\/acoes\/OIBR3\/\"><strong>\u00a0Oi<\/strong>\u00a0(OIBR3)<\/a>\u00a0para as concorrentes\u00a0<a href=\"https:\/\/www.suno.com.br\/acoes\/TIMS3\/\">TIM (TIMS3)<\/a>,\u00a0<a href=\"https:\/\/www.suno.com.br\/acoes\/VIVT3\/\">Vivo (VIVT3)<\/a>\u00a0e Claro foi\u00a0 finalizada nesta quarta-feira (20). A operadora vendeu a Oi M\u00f3vel para o cons\u00f3rcio no valor R$ 16,5 bilh\u00f5es, durante um leil\u00e3o que aconteceu em dezembro do ano passado. Mas, segundo a tele, foram acrescidos ajustes positivos \u2014 assim,o o valor ficou em R$ 15,92 bilh\u00f5es.<\/li>\n<li>Conforme o fato relevante, com o fechamento da opera\u00e7\u00e3o, as compradoras realizaram hoje o pagamento em dinheiro de R$ 14,5 bilh\u00f5es para a compra da <strong>Oi M\u00f3vel<\/strong>. As operadoras tamb\u00e9m pagaram, nesta data, R$ 586 milh\u00f5es, referentes aos servi\u00e7os de transi\u00e7\u00e3o a serem prestados pela Oi, que j\u00e1 refletem o acordo entre a tele e as compradoras para a retirada de determinados custos relacionados aos servi\u00e7os de transi\u00e7\u00e3o do escopo dos contratos.<\/li>\n<li>Al\u00e9m disso, foram assinados os Contratos de Fornecimento de Capacidade de Transmiss\u00e3o de Sinais de Telecomunica\u00e7\u00f5es em Regime de Explora\u00e7\u00e3o Industrial relacionados aos servi\u00e7os de capacidade de transmiss\u00e3o de dados na modalidade <em>take or pay<\/em>\u00a0com valor presente l\u00edquido de R$ 819 milh\u00f5es, a ser pago em parcelas mensais pelas Compradoras durante um per\u00edodo de at\u00e9 10 anos.<\/li>\n<li>O processo de <strong>venda dos ativos m\u00f3veis da Oi<\/strong>\u00a0faz parte do processo de recupera\u00e7\u00e3o judicial. A aprova\u00e7\u00e3o do\u00a0<a href=\"https:\/\/www.suno.com.br\/artigos\/cade\/\">Conselho Administrativo de Defesa Econ\u00f4mica (Cade)<\/a>\u00a0e da Ag\u00eancia Nacional de Telecomunica\u00e7\u00f5es (Anatel) levou mais tempo do que era esperado.<\/li>\n<li>A aprova\u00e7\u00e3o foi condicionada ao cumprimento de medidas que diminu\u00edssem os riscos concorrenciais, em um Acordo em Controle de Concentra\u00e7\u00f5es. A Oi vendeu a rede m\u00f3vel em 2020 para pagar d\u00edvidas e a transa\u00e7\u00e3o precisava de confirma\u00e7\u00e3o pelo \u00f3rg\u00e3o antitruste.<\/li>\n<li>Veja como ficou a divis\u00e3o dos DDDs entre as operadoras:<\/li>\n<li>Claro (27 DDDs): 13, 14, 15, 17, 18, 27, 28, 31, 33, 34, 35, 37, 38, 43, 44, 45, 46, 47, 48, 49, 71, 74, 77, 79, 87, 91 e 92.<\/li>\n<li>Vivo (11 DDDs): 12, 41, 42, 81, 82, 83, 84, 85, 86, 88 e 98.<\/li>\n<li>Tim (29 DDDs): 11, 16, 19, 21, 22, 24, 32, 51, 53, 54, 55, 61, 62, 63, 64, 65, 66, 67, 68, 69, 73, 75, 89, 93, 94, 95, 96, 98 e 99<\/li>\n<li>O fim do neg\u00f3cio de<strong>\u00a0venda da Oi<\/strong>\u00a0n\u00e3o significa que todos os clientes ser\u00e3o transferidos para a operadora compradora imediatamente. As companhias t\u00eam 18 meses para a migra\u00e7\u00e3o completa.<\/li>\n<li>At\u00e9 o momento, a TIM \u00e9 a \u00fanica operadora que j\u00e1 detalhou o processo de transi\u00e7\u00e3o. Em at\u00e9 3 meses ap\u00f3s a oficializa\u00e7\u00e3o do neg\u00f3cio, os<strong>\u00a0clientes da Oi<\/strong>\u00a0devem migrar para a TIM.<\/li>\n<li>Com a conclus\u00e3o da opera\u00e7\u00e3o de <strong>venda da sua rede m\u00f3vel<\/strong>\u00a0para as rivais TIM, Vivo e Claro, a Oi iniciar\u00e1, a partir de agora, uma fase de presta\u00e7\u00e3o de servi\u00e7os para as compradoras, em que cuidar\u00e1 da migra\u00e7\u00e3o da base de 40,7 milh\u00f5es de clientes.<\/li>\n<li>Esse processo de migra\u00e7\u00e3o deve durar cerca de 12 meses e ocorrer\u00e1 em fases, sendo comunicado com anteced\u00eancia aos clientes, informou a Oi.<\/li>\n<li>No come\u00e7o, os clientes da <strong>base m\u00f3vel da Oi<\/strong>\u00a0passar\u00e3o tamb\u00e9m a ter acesso \u00e0s redes m\u00f3veis das respectivas operadoras compradoras.<\/li>\n<li>A defini\u00e7\u00e3o de qual ser\u00e1 a operadora de destino para cada usu\u00e1rio se dar\u00e1 pelo seu c\u00f3digo de numera\u00e7\u00e3o. Gradualmente, os clientes ser\u00e3o migrados tamb\u00e9m para os sistemas de cada operadora.<\/li>\n<li>Nesse meio tempo, a Oi continuar a fazer o atendimento dos clientes para evitar ao eventuais impactos nas opera\u00e7\u00f5es, explicou a companhia, acrescentando que atuar\u00e1 em conjunto com cada uma das rivais para garantir uma transi\u00e7\u00e3o transparente para toda a sua base.<\/li>\n<\/ul>\n\t<p>\n\t\t<a href=\"https:\/\/lp.suno.com.br\/planilha-controle-gastos\/\" target=\"_blank\" data-element=\"shortcode-suno-banner\" title=\"Banner SUNO, clique e saiba mais\">\n\t\t\t<picture>\n\t\t\t\t<source media=\"(max-width: 500px)\" srcset=\"https:\/\/files.sunoresearch.com.br\/n\/uploads\/2023\/03\/400x300-Planilha-controle-de-gastos.png\">\n\t\t\t\t<img class=\"newsContent__article__imgCapa newsContent__article__imgCapa--banner\"\n\t\t\t\t\tsrc=\"https:\/\/files.sunoresearch.com.br\/n\/uploads\/2023\/03\/1420x240-Planilha-controle-de-gastos.png\"\n\t\t\t\t\tdata-promo-id=\"101751\"\t\t\t\t\t\t\t\t\t\twidth='1420' height='240'\t\t\t\t\talt=\"https:\/\/files.sunoresearch.com.br\/n\/uploads\/2023\/03\/1420x240-Planilha-controle-de-gastos.png\"\n\t\t\t\t>\n\t\t\t<\/picture>\n\t\t<\/a>\n\t<\/p>\n\n\n<h2>Tesla (TSLA34): lucro no 1T22 chega a US$ 3,32 bi e supera o consenso<\/h2>\n<ul>\n<li>A <strong>Tesla (<a class=\"suno-keyword\" href=\"https:\/\/www.suno.com.br\/bdrs\/tsla34\/\" target=\"_blank\" rel=\"noopener\" data-force=\"yes\" data-priority=\"2\">TSLA34<\/a>)<\/strong>\u00a0registrou\u00a0<strong><a class=\"suno-keyword\" href=\"https:\/\/www.suno.com.br\/artigos\/lucro-liquido\/\" target=\"_blank\" rel=\"noopener\" data-force=\"no\" data-priority=\"1\">lucro l\u00edquido<\/a><\/strong>\u00a0de US$ 3,32 bilh\u00f5es no primeiro trimestre, ou US$ 2,86 por a\u00e7\u00e3o, acima dos US$ 438 milh\u00f5es, ou US$ 0,39 por a\u00e7\u00e3o, de igual per\u00edodo de 2021. O resultado superou a previs\u00e3o de US$ 2,26 dos analistas ouvidos pelo\u00a0<i>Wall Street Journal<\/i>. \u00c0s 20h (de Bras\u00edlia), a a\u00e7\u00e3o subia 4,91% no after hours em Nova York.<\/li>\n<li>A receita da <strong>empresa de Elon Musk<\/strong>\u00a0ficou em US$ 18,756 bilh\u00f5es no primeiro trimestre deste ano, ante US$ 10,389 bilh\u00f5es em igual per\u00edodo do ano passado. A receita com autom\u00f3veis teve alta de 87% na mesma compara\u00e7\u00e3o anual, a US$ 16,861 bilh\u00f5es.<\/li>\n<li>A companhia comenta que sua produ\u00e7\u00e3o semanal em Xangai foi \u201cforte\u201d no primeiro trimestre, mas aponta que um salto nos casos de covid-19 na cidade da China levou a uma paralisa\u00e7\u00e3o tempor\u00e1ria de sua f\u00e1brica, bem como de partes de sua cadeia de fornecedores. \u201cAinda que uma produ\u00e7\u00e3o limitada tenha recome\u00e7ado recentemente, continuamos a monitorar a situa\u00e7\u00e3o de perto\u201d, afirma.<\/li>\n<li>\u201cEsse foi o melhor resultado da historia da empresa, superando a margem obtida no ultimo trimestre (que ficou em 31,3%), mesmo em um ambiente de infla\u00e7\u00e3o global de insumos, resultado tanto de um aumento no <a class=\"suno-keyword\" href=\"https:\/\/www.suno.com.br\/artigos\/preco-medio\/\" target=\"_blank\" rel=\"noopener\" data-force=\"no\" data-priority=\"1\">pre\u00e7o m\u00e9dio<\/a>\u00a0quanto por um controle de custos melhor que o esperado\u201d, diz Natan Epstein, s\u00f3cio da Catarina Capital.<\/li>\n<li>O lucro liquido registrado pela companhia veio quase 30% acima do estimado pelos analistas, em US$ 2,5 bilh\u00f5es.<\/li>\n<li>\u201cAlguns riscos de execu\u00e7\u00e3o sa\u00edram do horizonte nos \u00faltimos meses, especialmente as d\u00favidas sobre o inicio de produ\u00e7\u00e3o das fabricas de Austin e Berlim, recentemente inauguradas. Outros, entretanto, se mantiveram: o recente lockdown na China afetou a produ\u00e7\u00e3o no final de mar\u00e7o e dever\u00e1 impactar o resultado do segundo trimestre, tanto em termos de volume quanto de margem\u201d, observa Natan. \u201cA fabrica de Shangai \u00e9 capaz de produzir 450 mil ve\u00edculos\/ano, pouco menos da metade da capacidade total estimada da empresa para 2022.\u201d<\/li>\n<li>A fabrica de Berlim, lembra o s\u00f3cio da Catarina Capital, deve ajudar a melhorar as <strong>margens da empresa<\/strong>, uma vez que a produ\u00e7\u00e3o destinada \u00e0 Europa poder\u00e1 ser feita localmente, enquanto que a planta de Austin \u00e9 um passo na dire\u00e7\u00e3o do plano da\u00a0<strong>Tesla<\/strong>\u00a0de verticalizar a sua cadeia produtiva nos EUA, uma vez que ser\u00e1 um dos principais vetores para a produ\u00e7\u00e3o de baterias.\u201d<\/li>\n<\/ul>\n\t<p>\n\t\t<a href=\"https:\/\/lp.suno.com.br\/planilha-da-vida-financeira\/\" target=\"_blank\" data-element=\"shortcode-suno-banner\" title=\"Banner SUNO, clique e saiba mais\">\n\t\t\t<picture>\n\t\t\t\t<source media=\"(max-width: 500px)\" srcset=\"https:\/\/files.sunoresearch.com.br\/n\/uploads\/2023\/04\/400x300-Planilha-vida-financeira-true.png\">\n\t\t\t\t<img class=\"newsContent__article__imgCapa newsContent__article__imgCapa--banner\"\n\t\t\t\t\tsrc=\"https:\/\/files.sunoresearch.com.br\/n\/uploads\/2023\/04\/1420x240-Planilha-vida-financeira-true.png\"\n\t\t\t\t\tdata-promo-id=\"106682\"\t\t\t\t\t\t\t\t\t\twidth='1420' height='240'\t\t\t\t\talt=\"https:\/\/files.sunoresearch.com.br\/n\/uploads\/2023\/04\/1420x240-Planilha-vida-financeira-true.png\"\n\t\t\t\t>\n\t\t\t<\/picture>\n\t\t<\/a>\n\t<\/p>\n\n\n<h2>Vale (VALE3) cai 2,1% com produ\u00e7\u00e3o e vendas abaixo do esperado; guidance segue firme<\/h2>\n<ul>\n<li>A produ\u00e7\u00e3o e as vendas da <a class=\"suno-keyword\" href=\"https:\/\/www.suno.com.br\/acoes\/VALE3\/\" target=\"_blank\" rel=\"noopener\" data-force=\"yes\" data-priority=\"2\"><strong>Vale<\/strong>\u00a0(VALE3)<\/a>\u00a0no primeiro trimestre de 2022 (1T22) vieram abaixo do esperado pelos analistas. Segundo relat\u00f3rio divulgado pela mineradora na noite de ter\u00e7a (19), a produ\u00e7\u00e3o de min\u00e9rio de ferro totalizou 63,9 milh\u00f5es de toneladas (-22,5% T\/T, -6,0% A\/A), enquanto as vendas somaram 53,6 milh\u00f5es de toneladas no 1T22 (-35,5% T\/T, -9,6% A\/A).<\/li>\n<li>Com isso, as<strong>\u00a0a\u00e7\u00f5es da Vale<\/strong>\u00a0operam em queda na Bolsa nesta quarta (20). Por volta das 14h20 (hor\u00e1rio de Bras\u00edlia), os pap\u00e9is\u00a0<strong>VALE3<\/strong>\u00a0recuavam 2,11%, para R$ 85,83.<\/li>\n<li>Segundo a an\u00e1lise da Genial, o desempenho ruim da mineradora entre janeiro e mar\u00e7o deste ano foi uma quest\u00e3o de sazonalidade. Houve interrup\u00e7\u00f5es nos processos da empresa devido \u00e0s fortes chuvas no per\u00edodo. Al\u00e9m disso, a corretora destaca atrasos na obten\u00e7\u00e3o de licen\u00e7as e desempenho abaixo do esperado nas opera\u00e7\u00f5es em S11D e Sossego.<\/li>\n<li>\u201cApesar das quedas dos principais n\u00edveis de produ\u00e7\u00e3o e vendas de forma geral impactarem negativamente os n\u00fameros da companhia, o <strong>resultado do 1T22<\/strong>\u00a0deve se beneficiar dos elevados pre\u00e7os tanto do min\u00e9rio de ferro quanto do n\u00edquel e cobre\u201d, escreve\u00a0<strong>Gabriel Tinem<\/strong>, em relat\u00f3rio da Genial.<\/li>\n<li>A Genial tem <strong>recomenda\u00e7\u00e3o de compra<\/strong>\u00a0para as a\u00e7\u00f5es da Vale, com\u00a0<a class=\"suno-keyword\" href=\"https:\/\/www.suno.com.br\/artigos\/preco-alvo\/\" target=\"_blank\" rel=\"noopener\" data-force=\"no\" data-priority=\"1\">pre\u00e7o-alvo<\/a>\u00a0de R$ 115,00, equivalente a uma alta de 31,16% em rela\u00e7\u00e3o ao fechamento anterior (R$ 87,68).<\/li>\n<li>O <strong>relat\u00f3rio da XP<\/strong>\u00a0Investimentos destaca os pr\u00eamios sobre os pre\u00e7os dos produtos comercializados pela Vale. As vendas de min\u00e9rio de ferro e pelotas tiveram um<strong>\u00a0pr\u00eamio de US$ 9,0<\/strong>\u00a0por tonelada no per\u00edodo frente os US$ 4,7 no 1T21), sendo o maior desde o 2T19.<\/li>\n<li>\u201cAcreditamos que esses resultados ainda demonstram o mantra da Vale de \u201cvalor sobre volumes\u201d, pois optou por vender mais pelotas e menos <strong>min\u00e9rio de ferro<\/strong>\u00a0no trimestre. Essa estrat\u00e9gia contribui para agregar valor \u00e0s vendas, mantendo o mercado de min\u00e9rio de ferro apertado\u201d, indicam os analistas da XP.<\/li>\n<li>Ainda assim, a corretora destaca que considerou os n\u00famero ligeiramente negativos, uma vez que a produ\u00e7\u00e3o ficou abaixo da esperada. \u201cNo entanto, chuvas e outras paralisa\u00e7\u00f5es devem deixar de afetar a <strong>produ\u00e7\u00e3o da Vale<\/strong>\u00a0ao longo do ano, da\u00ed a manuten\u00e7\u00e3o do\u00a0<strong>guidance<\/strong>\u00a0<strong>de produ\u00e7\u00e3o<\/strong>\u00a0pela empresa\u201d, indicam em relat\u00f3rio.<\/li>\n<li>Os analistas tamb\u00e9m abordam que, embora a produ\u00e7\u00e3o tenha come\u00e7ado t\u00edmida neste in\u00edcio de 2022, menos produto no mercado contribui para um <strong>pre\u00e7o de min\u00e9rio de ferro<\/strong>\u00a0mais elevado \u2013 o que melhora os pr\u00eamios.<\/li>\n<li>A XP mant\u00e9m sua recomenda\u00e7\u00e3o de compra para as a\u00e7\u00f5es da Vale, com pre\u00e7o-alvo de R$ 97,1, equivalente a um upside de 10,75% frente ao fechamento anterior.<\/li>\n<li>A <strong>Vale<\/strong>\u00a0reiterou seu guidance para 2022, mantendo as previs\u00f5es dadas durante o Vale Day. S\u00e3o elas:<\/li>\n<li>Min\u00e9rio de Ferro: 320 a 335 Mt<\/li>\n<li>Pelotas: 34 a 38 Mt<\/li>\n<li>N\u00edquel: 175 a 190 Kt<\/li>\n<li>Cobre: 330 a 355 Kt<\/li>\n<\/ul>\n\t<p>\n\t\t<a href=\"https:\/\/lp.suno.com.br\/ebook-como-analisar-uma-acao\/\" target=\"_blank\" data-element=\"shortcode-suno-banner\" title=\"Banner SUNO, clique e saiba mais\">\n\t\t\t<picture>\n\t\t\t\t<source media=\"(max-width: 500px)\" srcset=\"https:\/\/files.sunoresearch.com.br\/n\/uploads\/2023\/03\/Ebook-Acoes-Mobile-1.jpg\">\n\t\t\t\t<img class=\"newsContent__article__imgCapa newsContent__article__imgCapa--banner\"\n\t\t\t\t\tsrc=\"https:\/\/files.sunoresearch.com.br\/n\/uploads\/2023\/03\/Ebook-Acoes-Desktop-1.jpg\"\n\t\t\t\t\tdata-promo-id=\"171998\"\t\t\t\t\t\t\t\t\t\twidth='1420' height='286'\t\t\t\t\talt=\"https:\/\/files.sunoresearch.com.br\/n\/uploads\/2023\/03\/Ebook-Acoes-Desktop-1.jpg\"\n\t\t\t\t>\n\t\t\t<\/picture>\n\t\t<\/a>\n\t<\/p>\n\n\n<h2>Parceria: Shopee passa a integrar a PicPay Store, com cashback; descontos chegam a 50%<\/h2>\n<ul>\n<li>A varejista <strong>Shopee<\/strong>, de Singapura, \u00e9 a mais nova parceira do\u00a0<i>marketplace<\/i>\u00a0do\u00a0<strong>PicPay<\/strong>. A parceria foi anunciada na \u00faltima ter\u00e7a-feira (19).<\/li>\n<li>De acordo com a plataforma financeira, o <strong>cashback\u00a0<\/strong>em compras na Shopee pode chegar a at\u00e9 6%, a depender da campanha promocional.<\/li>\n<li>A <strong>PicPay Store<\/strong>, uma das apostas de crescimento da carteira digital, tem mais de 330 parceiros. Para comprar na Shopee a partir do aplicativo, o usu\u00e1rio deve selecionar a loja na plataforma, e ser\u00e1 direcionado ao app da varejista para escolher os itens que deseja comprar e finalizar a transa\u00e7\u00e3o.<\/li>\n<li>O <i>cashback<\/i>\u00a0\u00e9 creditado diretamente na conta do PicPay, no prazo estabelecido pelo parceiro.<\/li>\n<li>As empresas tamb\u00e9m destacaram que clientes PicPay com uma nova conta na Shopee ter\u00e3o cupons com at\u00e9 50% de desconto e prazo de at\u00e9 30 dias.<\/li>\n<li>Com mais de 65 milh\u00f5es de usu\u00e1rios, o PicPay tem buscado avenidas de neg\u00f3cio para ganhar tra\u00e7\u00e3o al\u00e9m das transfer\u00eancias instant\u00e2neas de dinheiro. A Shopee, que desembarcou no Brasil em 2019, \u00e9 uma das varejistas virtuais que mais cresce no Pa\u00eds.<\/li>\n<\/ul>\n<h2>Unipar (UNIP6) pagar\u00e1 R$ 250 milh\u00f5es em dividendos; veja valor por a\u00e7\u00e3o<\/h2>\n<ul>\n<li>A <strong>Unipar\u00a0<\/strong>(UNIP6) comunicou nesta quarta-feira (20) que durante a\u00a0<strong><a class=\"suno-keyword\" href=\"https:\/\/www.suno.com.br\/artigos\/assembleia-geral-ordinaria\/\" target=\"_blank\" rel=\"noopener\" data-force=\"no\" data-priority=\"1\">Assembleia Geral Ordin\u00e1ria<\/a><\/strong>\u00a0(AGO) foi aprovado o pagamento de R$ 250 milh\u00f5es em\u00a0<a class=\"suno-keyword\" href=\"https:\/\/www.suno.com.br\/guias\/dividendos\/\" target=\"_blank\" rel=\"noopener\" data-force=\"no\" data-priority=\"1\">dividendos<\/a>\u00a0complementares.<\/li>\n<li>O valor dos proventos por a\u00e7\u00e3o ser\u00e1 dividido da seguinte forma:<\/li>\n<li>R$ 82 milh\u00f5es ser\u00e3o destinados \u00e0s\u00a0<a class=\"suno-keyword\" href=\"https:\/\/www.suno.com.br\/artigos\/o-que-sao-acoes-ordinarias-preferenciais-e-units\/\" target=\"_blank\" rel=\"noopener\" data-force=\"no\" data-priority=\"1\">a\u00e7\u00f5es ordin\u00e1rias<\/a>, correspondente a um dividendo de R$ 2,4865 por a\u00e7\u00e3o ordin\u00e1ria;<\/li>\n<li>R$ 5,5 milh\u00f5es s\u00e3o\u00a0<a class=\"suno-keyword\" href=\"https:\/\/www.suno.com.br\/artigos\/acoes-preferenciais\/\" target=\"_blank\" rel=\"noopener\" data-force=\"no\" data-priority=\"1\">a\u00e7\u00f5es preferenciais<\/a>\u00a0classe \u201cA\u201d, correspondente a um dividendo de R$ 2,7351 por a\u00e7\u00e3o preferencial classe \u201cA\u201d;<\/li>\n<li>R$ 162,3 milh\u00f5es para as a\u00e7\u00f5es preferenciais classe \u201cB\u201d, correspondente a um dividendo de R$ 2,7351 por a\u00e7\u00e3o preferencial classe \u201cB\u201d.<\/li>\n<li>Apenas os investidores com <strong>a\u00e7\u00f5es da Unipar\u00a0<\/strong>hoje, dia 20, ter\u00e3o direito de receber os rendimentos. A partir do dia 22 de abril, as a\u00e7\u00f5es ser\u00e3o negociadas sem direito aos dividendos.<\/li>\n<li>Os <strong>dividendos da Unipar\u00a0<\/strong>ser\u00e3o pagos no dia 04 de maio.<\/li>\n<li>Segundo <a class=\"suno-keyword\" href=\"https:\/\/www.suno.com.br\/artigos\/fato-relevante\/\" target=\"_blank\" rel=\"noopener\" data-force=\"no\" data-priority=\"1\">fato relevante<\/a>\u00a0arquivado na\u00a0<strong>Comiss\u00e3o de Valores Mobili\u00e1rios<\/strong>\u00a0(CVM), esses proventos fazem parte dos dividendos do exerc\u00edcio de 2021.<\/li>\n<li>Al\u00e9m de informar sobre os dividendos complementares, a Unipar tamb\u00e9m anunciou que o <a class=\"suno-keyword\" href=\"https:\/\/www.suno.com.br\/artigos\/conselho-administracao\/\" target=\"_blank\" rel=\"noopener\" data-force=\"no\" data-priority=\"1\">Conselho de Administra\u00e7\u00e3o<\/a>\u00a0aprovou, durante a AGO, o\u00a0<strong>aumento do capital social<\/strong>\u00a0da companhia.<\/li>\n<li>O montante total passou de R$ 699 milh\u00f5es para R$ 927,8 milh\u00f5es, um aumento total de R$ 228,8 milh\u00f5es.<\/li>\n<li>A Unipar vai emitir 9,4 milh\u00f5es de <a class=\"suno-keyword\" href=\"https:\/\/www.suno.com.br\/artigos\/acoes-nominativas\/\" target=\"_blank\" rel=\"noopener\" data-force=\"no\" data-priority=\"1\">a\u00e7\u00f5es nominativas<\/a>, sendo 3,3 milh\u00f5es de a\u00e7\u00f5es ordin\u00e1rias, 205,5 mil a\u00e7\u00f5es preferenciais classe \u201cA\u201d e 5,9 milh\u00f5es de a\u00e7\u00f5es preferenciais classe \u201cB\u201d.<\/li>\n<li>A partir da emiss\u00e3o, ser\u00e3o atribu\u00eddas aos detentores de a\u00e7\u00f5es, a t\u00edtulo de bonifica\u00e7\u00e3o, na propor\u00e7\u00e3o de 1 nova a\u00e7\u00e3o de cada esp\u00e9cie para cada 10 a\u00e7\u00f5es detidas da mesma esp\u00e9cie, ou seja, \u00e0 raz\u00e3o de 10%, sendo que as a\u00e7\u00f5es mantidas em tesouraria tamb\u00e9m ser\u00e3o bonificadas na mesma propor\u00e7\u00e3o.<\/li>\n<li>As novas a\u00e7\u00f5es emitidas ser\u00e3o distribu\u00eddas de forma gratuita e beneficiar\u00e3o os acionistas proporcionalmente \u00e0 participa\u00e7\u00e3o acion\u00e1ria na data de hoje. A partir de 22 de abril de 2022, as a\u00e7\u00f5es de emiss\u00e3o da companhia passar\u00e3o a ser negociadas ex\u2010bonifica\u00e7\u00e3o.<\/li>\n<li>No dia 26 de abril, as a\u00e7\u00f5es ser\u00e3o creditadas \u00e0 posi\u00e7\u00e3o dos acionistas.<\/li>\n<\/ul>\n<p>Da\u00a0<b>Eletrobras <\/b>a Unipar, essas foram as empresas que se destacaram hoje. Para ler todas as mat\u00e9rias <b data-stringify-type=\"bold\"><a class=\"c-link\" tabindex=\"-1\" href=\"https:\/\/www.suno.com.br\/noticias\/\" target=\"_blank\" rel=\"noopener noreferrer\" data-stringify-link=\"https:\/\/www.suno.com.br\/noticias\/\" data-sk=\"tooltip_parent\" data-remove-tab-index=\"true\">clique aqui<\/a><\/b>.<\/p>\n\t<p>\n\t\t<a href=\"https:\/\/lp.suno.com.br\/planilha-de-controle-de-investimentos\/\" target=\"_blank\" data-element=\"shortcode-suno-banner\" title=\"Banner SUNO, clique e saiba mais\">\n\t\t\t<picture>\n\t\t\t\t<source media=\"(max-width: 500px)\" srcset=\"https:\/\/files.sunoresearch.com.br\/n\/uploads\/2023\/03\/400x300-Controle-de-Investimentos.png\">\n\t\t\t\t<img class=\"newsContent__article__imgCapa newsContent__article__imgCapa--banner\"\n\t\t\t\t\tsrc=\"https:\/\/files.sunoresearch.com.br\/n\/uploads\/2023\/03\/1420x240-Controle-de-Investimentos.png\"\n\t\t\t\t\tdata-promo-id=\"75934\"\t\t\t\t\t\t\t\t\t\twidth='1420' height='240'\t\t\t\t\talt=\"https:\/\/files.sunoresearch.com.br\/n\/uploads\/2023\/03\/1420x240-Controle-de-Investimentos.png\"\n\t\t\t\t>\n\t\t\t<\/picture>\n\t\t<\/a>\n\t<\/p>\n\n\n","protected":false},"excerpt":{"rendered":"<p>O ministro do Tribunal de Contas da Uni\u00e3o (TCU) Vital do R\u00eago Barros pediu, nesta quarta (2o), vistas do julgamento que analisa a privatiza\u00e7\u00e3o da Eletrobras\u00a0(ELET3), como previsto. Havia a expectativa de que o ministro do TCU, que \u00e9 contr\u00e1rio \u00e0 privatiza\u00e7\u00e3o, pediria 60 dias como prazo para finalizar sua an\u00e1lise. Durante o julgamento, no [&hellip;]<\/p>\n","protected":false},"author":146,"featured_media":4292,"comment_status":"closed","ping_status":"closed","sticky":false,"template":"","format":"standard","meta":[],"categories":[64],"tags":[455,584,3544,2499,727,673,676],"suno_strategy":[],"class_list":["post-252590","post","type-post","status-publish","format-standard","has-post-thumbnail","hentry","category-negocios","tag-eletrobras-elet3-elet5-elet6","tag-oi-oibr3-oibr4","tag-oi-movel","tag-picpay","tag-tesla-tsla34","tag-unipar-unip3-unip5-unip6","tag-vale-vale3"],"yoast_head":"<!-- This site is optimized with the Yoast SEO plugin v24.4 - https:\/\/yoast.com\/wordpress\/plugins\/seo\/ -->\n<title>Radar: decis\u00e3o sobre privatiza\u00e7\u00e3o da Eletrobras (ELET3) \u00e9 adiada, Oi (OIBR3) vende ativos m\u00f3veis, Unipar (UNIP6) pagar\u00e1 R$ 250 mi em dividendos<\/title>\n<meta name=\"description\" content=\"O ministro Vital do R\u00eago Barros pediu vistas do julgamento que analisa a privatiza\u00e7\u00e3o da Eletrobras\u00a0(ELET3). Veja essa e mais not\u00edcias aqui\" \/>\n<meta name=\"robots\" content=\"index, follow, max-snippet:-1, max-image-preview:large, max-video-preview:-1\" \/>\n<link rel=\"canonical\" href=\"https:\/\/www.suno.com.br\/noticias\/radar-eletrobras-elet3-oi-oibr3-unipar-unip6\/\" \/>\n<meta property=\"og:locale\" content=\"pt_BR\" \/>\n<meta property=\"og:type\" content=\"article\" \/>\n<meta property=\"og:title\" content=\"Radar: decis\u00e3o sobre privatiza\u00e7\u00e3o da Eletrobras (ELET3) \u00e9 adiada, Oi (OIBR3) vende ativos m\u00f3veis, Unipar (UNIP6) pagar\u00e1 R$ 250 mi em dividendos\" \/>\n<meta property=\"og:description\" content=\"O ministro Vital do R\u00eago Barros pediu vistas do julgamento que analisa a privatiza\u00e7\u00e3o da Eletrobras\u00a0(ELET3). Veja essa e mais not\u00edcias aqui\" \/>\n<meta property=\"og:url\" content=\"https:\/\/www.suno.com.br\/noticias\/radar-eletrobras-elet3-oi-oibr3-unipar-unip6\/\" \/>\n<meta property=\"og:site_name\" content=\"Suno Not\u00edcias\" \/>\n<meta property=\"article:publisher\" content=\"https:\/\/facebook.com\/sunoresearch\" \/>\n<meta property=\"og:image\" content=\"https:\/\/files.sunoresearch.com.br\/n\/uploads\/2018\/09\/08ccc764-eletrobras.jpg\" \/>\n\t<meta property=\"og:image:width\" content=\"1380\" \/>\n\t<meta property=\"og:image:height\" content=\"920\" \/>\n\t<meta property=\"og:image:type\" content=\"image\/jpeg\" \/>\n<meta name=\"author\" content=\"Vict\u00f3ria Anhesini\" \/>\n<meta name=\"twitter:card\" content=\"summary_large_image\" \/>\n<meta name=\"twitter:creator\" content=\"@sunoresearch\" \/>\n<meta name=\"twitter:site\" content=\"@sunoresearch\" \/>\n<meta name=\"twitter:label1\" content=\"Escrito por\" \/>\n\t<meta name=\"twitter:data1\" content=\"Vict\u00f3ria Anhesini\" \/>\n\t<meta name=\"twitter:label2\" content=\"Est. tempo de leitura\" \/>\n\t<meta name=\"twitter:data2\" content=\"13 minutos\" \/>\n<script type=\"application\/ld+json\" class=\"yoast-schema-graph\">{\"@context\":\"https:\/\/schema.org\",\"@graph\":[{\"@type\":\"NewsArticle\",\"@id\":\"https:\/\/www.suno.com.br\/noticias\/radar-eletrobras-elet3-oi-oibr3-unipar-unip6\/#article\",\"isPartOf\":{\"@id\":\"https:\/\/www.suno.com.br\/noticias\/radar-eletrobras-elet3-oi-oibr3-unipar-unip6\/\"},\"author\":{\"name\":\"Vict\u00f3ria Anhesini\",\"@id\":\"https:\/\/www.suno.com.br\/noticias\/#\/schema\/person\/46d847cb19ad53fde0857adca989c23f\"},\"headline\":\"Radar: decis\u00e3o sobre privatiza\u00e7\u00e3o da Eletrobras (ELET3) \u00e9 adiada, Oi (OIBR3) vende ativos m\u00f3veis, Unipar (UNIP6) pagar\u00e1 R$ 250 mi em dividendos\",\"datePublished\":\"2022-04-21T00:29:18+00:00\",\"mainEntityOfPage\":{\"@id\":\"https:\/\/www.suno.com.br\/noticias\/radar-eletrobras-elet3-oi-oibr3-unipar-unip6\/\"},\"wordCount\":3016,\"publisher\":{\"@id\":\"https:\/\/www.suno.com.br\/noticias\/#organization\"},\"image\":{\"@id\":\"https:\/\/www.suno.com.br\/noticias\/radar-eletrobras-elet3-oi-oibr3-unipar-unip6\/#primaryimage\"},\"thumbnailUrl\":\"https:\/\/files.sunoresearch.com.br\/n\/uploads\/2018\/09\/08ccc764-eletrobras-jpg.webp\",\"keywords\":[\"Eletrobras (ELET3\/ELET5\/ELET6)\",\"Oi (OIBR3\/OIBR4)\",\"Oi M\u00f3vel\",\"PicPay\",\"Tesla (TSLA34)\",\"Unipar (UNIP3\/UNIP5\/UNIP6)\",\"Vale (VALE3)\"],\"articleSection\":[\"Neg\u00f3cios\"],\"inLanguage\":\"pt-BR\"},{\"@type\":\"WebPage\",\"@id\":\"https:\/\/www.suno.com.br\/noticias\/radar-eletrobras-elet3-oi-oibr3-unipar-unip6\/\",\"url\":\"https:\/\/www.suno.com.br\/noticias\/radar-eletrobras-elet3-oi-oibr3-unipar-unip6\/\",\"name\":\"Radar: decis\u00e3o sobre privatiza\u00e7\u00e3o da Eletrobras (ELET3) \u00e9 adiada, Oi (OIBR3) vende ativos m\u00f3veis, Unipar (UNIP6) pagar\u00e1 R$ 250 mi em dividendos\",\"isPartOf\":{\"@id\":\"https:\/\/www.suno.com.br\/noticias\/#website\"},\"primaryImageOfPage\":{\"@id\":\"https:\/\/www.suno.com.br\/noticias\/radar-eletrobras-elet3-oi-oibr3-unipar-unip6\/#primaryimage\"},\"image\":{\"@id\":\"https:\/\/www.suno.com.br\/noticias\/radar-eletrobras-elet3-oi-oibr3-unipar-unip6\/#primaryimage\"},\"thumbnailUrl\":\"https:\/\/files.sunoresearch.com.br\/n\/uploads\/2018\/09\/08ccc764-eletrobras-jpg.webp\",\"datePublished\":\"2022-04-21T00:29:18+00:00\",\"description\":\"O ministro Vital do R\u00eago Barros pediu vistas do julgamento que analisa a privatiza\u00e7\u00e3o da Eletrobras\u00a0(ELET3). Veja essa e mais not\u00edcias aqui\",\"breadcrumb\":{\"@id\":\"https:\/\/www.suno.com.br\/noticias\/radar-eletrobras-elet3-oi-oibr3-unipar-unip6\/#breadcrumb\"},\"inLanguage\":\"pt-BR\",\"potentialAction\":[{\"@type\":\"ReadAction\",\"target\":[\"https:\/\/www.suno.com.br\/noticias\/radar-eletrobras-elet3-oi-oibr3-unipar-unip6\/\"]}]},{\"@type\":\"ImageObject\",\"inLanguage\":\"pt-BR\",\"@id\":\"https:\/\/www.suno.com.br\/noticias\/radar-eletrobras-elet3-oi-oibr3-unipar-unip6\/#primaryimage\",\"url\":\"https:\/\/files.sunoresearch.com.br\/n\/uploads\/2018\/09\/08ccc764-eletrobras-jpg.webp\",\"contentUrl\":\"https:\/\/files.sunoresearch.com.br\/n\/uploads\/2018\/09\/08ccc764-eletrobras-jpg.webp\",\"width\":1380,\"height\":920,\"caption\":\"Eletrobras (ELET3)\"},{\"@type\":\"BreadcrumbList\",\"@id\":\"https:\/\/www.suno.com.br\/noticias\/radar-eletrobras-elet3-oi-oibr3-unipar-unip6\/#breadcrumb\",\"itemListElement\":[{\"@type\":\"ListItem\",\"position\":1,\"name\":\"Not\u00edcias\",\"item\":\"https:\/\/www.suno.com.br\/noticias\/\"},{\"@type\":\"ListItem\",\"position\":2,\"name\":\"Neg\u00f3cios\",\"item\":\"https:\/\/www.suno.com.br\/noticias\/negocios\/\"},{\"@type\":\"ListItem\",\"position\":3,\"name\":\"Radar: decis\u00e3o sobre privatiza\u00e7\u00e3o da Eletrobras (ELET3) \u00e9 adiada, Oi (OIBR3) vende ativos m\u00f3veis, Unipar (UNIP6) pagar\u00e1 R$ 250 mi em dividendos\"}]},{\"@type\":\"WebSite\",\"@id\":\"https:\/\/www.suno.com.br\/noticias\/#website\",\"url\":\"https:\/\/www.suno.com.br\/noticias\/\",\"name\":\"Suno Not\u00edcias\",\"description\":\"Seu portal de informa\u00e7\u00e3o sobre o mundo dos investimentos\",\"publisher\":{\"@id\":\"https:\/\/www.suno.com.br\/noticias\/#organization\"},\"potentialAction\":[{\"@type\":\"SearchAction\",\"target\":{\"@type\":\"EntryPoint\",\"urlTemplate\":\"https:\/\/www.suno.com.br\/noticias\/?s={search_term_string}\"},\"query-input\":{\"@type\":\"PropertyValueSpecification\",\"valueRequired\":true,\"valueName\":\"search_term_string\"}}],\"inLanguage\":\"pt-BR\"},{\"@type\":\"Organization\",\"@id\":\"https:\/\/www.suno.com.br\/noticias\/#organization\",\"name\":\"Suno Not\u00edcias\",\"url\":\"https:\/\/www.suno.com.br\/noticias\/\",\"logo\":{\"@type\":\"ImageObject\",\"inLanguage\":\"pt-BR\",\"@id\":\"https:\/\/www.suno.com.br\/noticias\/#\/schema\/logo\/image\/\",\"url\":\"https:\/\/files.sunoresearch.com.br\/n\/uploads\/2021\/09\/suno-logo.png\",\"contentUrl\":\"https:\/\/files.sunoresearch.com.br\/n\/uploads\/2021\/09\/suno-logo.png\",\"width\":180,\"height\":180,\"caption\":\"Suno Not\u00edcias\"},\"image\":{\"@id\":\"https:\/\/www.suno.com.br\/noticias\/#\/schema\/logo\/image\/\"},\"sameAs\":[\"https:\/\/facebook.com\/sunoresearch\",\"https:\/\/x.com\/sunoresearch\",\"https:\/\/www.instagram.com\/suno\",\"https:\/\/www.linkedin.com\/company\/suno-research\/\",\"https:\/\/www.youtube.com\/c\/sunoresearch\"]},{\"@type\":\"Person\",\"@id\":\"https:\/\/www.suno.com.br\/noticias\/#\/schema\/person\/46d847cb19ad53fde0857adca989c23f\",\"name\":\"Vict\u00f3ria Anhesini\",\"image\":{\"@type\":\"ImageObject\",\"inLanguage\":\"pt-BR\",\"@id\":\"https:\/\/www.suno.com.br\/noticias\/#\/schema\/person\/image\/\",\"url\":\"https:\/\/secure.gravatar.com\/avatar\/0172bdfcd9129dd9dd68794804304e6e?s=96&r=g\",\"contentUrl\":\"https:\/\/secure.gravatar.com\/avatar\/0172bdfcd9129dd9dd68794804304e6e?s=96&r=g\",\"caption\":\"Vict\u00f3ria Anhesini\"},\"description\":\"Rep\u00f3rter no Suno Not\u00edcias, cobre mercados, neg\u00f3cios e economia, escrevendo majoritariamente sobre movimentos das empresas, cobertura de balan\u00e7os trimestrais e Bolsa de Valores. Formada em jornalismo pela Universidade Presbiteriana Mackenzie em 2019, passou pelo portal de economia e finan\u00e7as EuQueroInvestir como rep\u00f3rter e anteriormente, trabalhou na assessoria de imprensa PinePR, onde liderou com startups de inova\u00e7\u00e3o, tecnologia e finan\u00e7as. Em seu tempo livre, fala sobre m\u00fasica para ambos os sites do selo ForMusic, Wikimetal e Mad Sound, e faz trabalho volunt\u00e1rio no programa Escreve Cartas do Poupatempo.\",\"sameAs\":[\"https:\/\/www.linkedin.com\/in\/victoria-anhesini\/\"],\"url\":\"https:\/\/www.suno.com.br\/noticias\/author\/victoria\/\"}]}<\/script>\n<!-- \/ Yoast SEO plugin. -->","yoast_head_json":{"title":"Radar: decis\u00e3o sobre privatiza\u00e7\u00e3o da Eletrobras (ELET3) \u00e9 adiada, Oi (OIBR3) vende ativos m\u00f3veis, Unipar (UNIP6) pagar\u00e1 R$ 250 mi em dividendos","description":"O ministro Vital do R\u00eago Barros pediu vistas do julgamento que analisa a privatiza\u00e7\u00e3o da Eletrobras\u00a0(ELET3). Veja essa e mais not\u00edcias aqui","robots":{"index":"index","follow":"follow","max-snippet":"max-snippet:-1","max-image-preview":"max-image-preview:large","max-video-preview":"max-video-preview:-1"},"canonical":"https:\/\/www.suno.com.br\/noticias\/radar-eletrobras-elet3-oi-oibr3-unipar-unip6\/","og_locale":"pt_BR","og_type":"article","og_title":"Radar: decis\u00e3o sobre privatiza\u00e7\u00e3o da Eletrobras (ELET3) \u00e9 adiada, Oi (OIBR3) vende ativos m\u00f3veis, Unipar (UNIP6) pagar\u00e1 R$ 250 mi em dividendos","og_description":"O ministro Vital do R\u00eago Barros pediu vistas do julgamento que analisa a privatiza\u00e7\u00e3o da Eletrobras\u00a0(ELET3). Veja essa e mais not\u00edcias aqui","og_url":"https:\/\/www.suno.com.br\/noticias\/radar-eletrobras-elet3-oi-oibr3-unipar-unip6\/","og_site_name":"Suno Not\u00edcias","article_publisher":"https:\/\/facebook.com\/sunoresearch","og_image":[{"width":1380,"height":920,"url":"https:\/\/files.sunoresearch.com.br\/n\/uploads\/2018\/09\/08ccc764-eletrobras.jpg","type":"image\/jpeg"}],"author":"Vict\u00f3ria Anhesini","twitter_card":"summary_large_image","twitter_creator":"@sunoresearch","twitter_site":"@sunoresearch","twitter_misc":{"Escrito por":"Vict\u00f3ria Anhesini","Est. tempo de leitura":"13 minutos"},"schema":{"@context":"https:\/\/schema.org","@graph":[{"@type":"NewsArticle","@id":"https:\/\/www.suno.com.br\/noticias\/radar-eletrobras-elet3-oi-oibr3-unipar-unip6\/#article","isPartOf":{"@id":"https:\/\/www.suno.com.br\/noticias\/radar-eletrobras-elet3-oi-oibr3-unipar-unip6\/"},"author":{"name":"Vict\u00f3ria Anhesini","@id":"https:\/\/www.suno.com.br\/noticias\/#\/schema\/person\/46d847cb19ad53fde0857adca989c23f"},"headline":"Radar: decis\u00e3o sobre privatiza\u00e7\u00e3o da Eletrobras (ELET3) \u00e9 adiada, Oi (OIBR3) vende ativos m\u00f3veis, Unipar (UNIP6) pagar\u00e1 R$ 250 mi em dividendos","datePublished":"2022-04-21T00:29:18+00:00","mainEntityOfPage":{"@id":"https:\/\/www.suno.com.br\/noticias\/radar-eletrobras-elet3-oi-oibr3-unipar-unip6\/"},"wordCount":3016,"publisher":{"@id":"https:\/\/www.suno.com.br\/noticias\/#organization"},"image":{"@id":"https:\/\/www.suno.com.br\/noticias\/radar-eletrobras-elet3-oi-oibr3-unipar-unip6\/#primaryimage"},"thumbnailUrl":"https:\/\/files.sunoresearch.com.br\/n\/uploads\/2018\/09\/08ccc764-eletrobras-jpg.webp","keywords":["Eletrobras (ELET3\/ELET5\/ELET6)","Oi (OIBR3\/OIBR4)","Oi M\u00f3vel","PicPay","Tesla (TSLA34)","Unipar (UNIP3\/UNIP5\/UNIP6)","Vale (VALE3)"],"articleSection":["Neg\u00f3cios"],"inLanguage":"pt-BR"},{"@type":"WebPage","@id":"https:\/\/www.suno.com.br\/noticias\/radar-eletrobras-elet3-oi-oibr3-unipar-unip6\/","url":"https:\/\/www.suno.com.br\/noticias\/radar-eletrobras-elet3-oi-oibr3-unipar-unip6\/","name":"Radar: decis\u00e3o sobre privatiza\u00e7\u00e3o da Eletrobras (ELET3) \u00e9 adiada, Oi (OIBR3) vende ativos m\u00f3veis, Unipar (UNIP6) pagar\u00e1 R$ 250 mi em dividendos","isPartOf":{"@id":"https:\/\/www.suno.com.br\/noticias\/#website"},"primaryImageOfPage":{"@id":"https:\/\/www.suno.com.br\/noticias\/radar-eletrobras-elet3-oi-oibr3-unipar-unip6\/#primaryimage"},"image":{"@id":"https:\/\/www.suno.com.br\/noticias\/radar-eletrobras-elet3-oi-oibr3-unipar-unip6\/#primaryimage"},"thumbnailUrl":"https:\/\/files.sunoresearch.com.br\/n\/uploads\/2018\/09\/08ccc764-eletrobras-jpg.webp","datePublished":"2022-04-21T00:29:18+00:00","description":"O ministro Vital do R\u00eago Barros pediu vistas do julgamento que analisa a privatiza\u00e7\u00e3o da Eletrobras\u00a0(ELET3). Veja essa e mais not\u00edcias aqui","breadcrumb":{"@id":"https:\/\/www.suno.com.br\/noticias\/radar-eletrobras-elet3-oi-oibr3-unipar-unip6\/#breadcrumb"},"inLanguage":"pt-BR","potentialAction":[{"@type":"ReadAction","target":["https:\/\/www.suno.com.br\/noticias\/radar-eletrobras-elet3-oi-oibr3-unipar-unip6\/"]}]},{"@type":"ImageObject","inLanguage":"pt-BR","@id":"https:\/\/www.suno.com.br\/noticias\/radar-eletrobras-elet3-oi-oibr3-unipar-unip6\/#primaryimage","url":"https:\/\/files.sunoresearch.com.br\/n\/uploads\/2018\/09\/08ccc764-eletrobras-jpg.webp","contentUrl":"https:\/\/files.sunoresearch.com.br\/n\/uploads\/2018\/09\/08ccc764-eletrobras-jpg.webp","width":1380,"height":920,"caption":"Eletrobras (ELET3)"},{"@type":"BreadcrumbList","@id":"https:\/\/www.suno.com.br\/noticias\/radar-eletrobras-elet3-oi-oibr3-unipar-unip6\/#breadcrumb","itemListElement":[{"@type":"ListItem","position":1,"name":"Not\u00edcias","item":"https:\/\/www.suno.com.br\/noticias\/"},{"@type":"ListItem","position":2,"name":"Neg\u00f3cios","item":"https:\/\/www.suno.com.br\/noticias\/negocios\/"},{"@type":"ListItem","position":3,"name":"Radar: decis\u00e3o sobre privatiza\u00e7\u00e3o da Eletrobras (ELET3) \u00e9 adiada, Oi (OIBR3) vende ativos m\u00f3veis, Unipar (UNIP6) pagar\u00e1 R$ 250 mi em dividendos"}]},{"@type":"WebSite","@id":"https:\/\/www.suno.com.br\/noticias\/#website","url":"https:\/\/www.suno.com.br\/noticias\/","name":"Suno Not\u00edcias","description":"Seu portal de informa\u00e7\u00e3o sobre o mundo dos investimentos","publisher":{"@id":"https:\/\/www.suno.com.br\/noticias\/#organization"},"potentialAction":[{"@type":"SearchAction","target":{"@type":"EntryPoint","urlTemplate":"https:\/\/www.suno.com.br\/noticias\/?s={search_term_string}"},"query-input":{"@type":"PropertyValueSpecification","valueRequired":true,"valueName":"search_term_string"}}],"inLanguage":"pt-BR"},{"@type":"Organization","@id":"https:\/\/www.suno.com.br\/noticias\/#organization","name":"Suno Not\u00edcias","url":"https:\/\/www.suno.com.br\/noticias\/","logo":{"@type":"ImageObject","inLanguage":"pt-BR","@id":"https:\/\/www.suno.com.br\/noticias\/#\/schema\/logo\/image\/","url":"https:\/\/files.sunoresearch.com.br\/n\/uploads\/2021\/09\/suno-logo.png","contentUrl":"https:\/\/files.sunoresearch.com.br\/n\/uploads\/2021\/09\/suno-logo.png","width":180,"height":180,"caption":"Suno Not\u00edcias"},"image":{"@id":"https:\/\/www.suno.com.br\/noticias\/#\/schema\/logo\/image\/"},"sameAs":["https:\/\/facebook.com\/sunoresearch","https:\/\/x.com\/sunoresearch","https:\/\/www.instagram.com\/suno","https:\/\/www.linkedin.com\/company\/suno-research\/","https:\/\/www.youtube.com\/c\/sunoresearch"]},{"@type":"Person","@id":"https:\/\/www.suno.com.br\/noticias\/#\/schema\/person\/46d847cb19ad53fde0857adca989c23f","name":"Vict\u00f3ria Anhesini","image":{"@type":"ImageObject","inLanguage":"pt-BR","@id":"https:\/\/www.suno.com.br\/noticias\/#\/schema\/person\/image\/","url":"https:\/\/secure.gravatar.com\/avatar\/0172bdfcd9129dd9dd68794804304e6e?s=96&r=g","contentUrl":"https:\/\/secure.gravatar.com\/avatar\/0172bdfcd9129dd9dd68794804304e6e?s=96&r=g","caption":"Vict\u00f3ria Anhesini"},"description":"Rep\u00f3rter no Suno Not\u00edcias, cobre mercados, neg\u00f3cios e economia, escrevendo majoritariamente sobre movimentos das empresas, cobertura de balan\u00e7os trimestrais e Bolsa de Valores. Formada em jornalismo pela Universidade Presbiteriana Mackenzie em 2019, passou pelo portal de economia e finan\u00e7as EuQueroInvestir como rep\u00f3rter e anteriormente, trabalhou na assessoria de imprensa PinePR, onde liderou com startups de inova\u00e7\u00e3o, tecnologia e finan\u00e7as. Em seu tempo livre, fala sobre m\u00fasica para ambos os sites do selo ForMusic, Wikimetal e Mad Sound, e faz trabalho volunt\u00e1rio no programa Escreve Cartas do Poupatempo.","sameAs":["https:\/\/www.linkedin.com\/in\/victoria-anhesini\/"],"url":"https:\/\/www.suno.com.br\/noticias\/author\/victoria\/"}]}},"default_loop_html":"<div class=\"cardsPage__listCard__boxs\"><div class=\"cardsPage__listCard__boxs__img\"><a href=\"https:\/\/www.suno.com.br\/noticias\/radar-eletrobras-elet3-oi-oibr3-unipar-unip6\/\"><img class=\"mask\" src=\"https:\/\/www.suno.com.br\/noticias\/wp-content\/themes\/suno\/resources\/images\/spotlight\/spotlight1img\/bg-mask.png\" alt=\"Image Mask\"\/><img src=\"https:\/\/files.sunoresearch.com.br\/n\/uploads\/2018\/09\/08ccc764-eletrobras-400x200.webp\" alt=\"Radar: decis\u00e3o sobre privatiza\u00e7\u00e3o da Eletrobras (ELET3) \u00e9 adiada, Oi (OIBR3) vende ativos m\u00f3veis, Unipar (UNIP6) pagar\u00e1 R$ 250 mi em dividendos\"\/><\/a><span class=\"spotlightCategory\"><a href=\"https:\/\/www.suno.com.br\/noticias\/negocios\/\">Neg\u00f3cios<\/a><\/span><\/div><div class=\"cardsPage__listCard__boxs__content\"><a href=\"https:\/\/www.suno.com.br\/noticias\/radar-eletrobras-elet3-oi-oibr3-unipar-unip6\/\"><h2 class=\"content__title\">Radar: decis\u00e3o sobre privatiza\u00e7\u00e3o da Eletrobras (ELET3) \u00e9 adiada, Oi (OIBR3) vende ativos m\u00f3veis, Unipar (UNIP6) pagar\u00e1 R$ 250 mi em dividendos<\/h2><\/a><div class=\"newsContent__article__meta\"><div class=\"newsContent__article__meta__authorBox\"><a href=\"https:\/\/www.suno.com.br\/noticias\/author\/victoria\/\" class=\"authorBox__avatar noMobi\"><img src=\"https:\/\/files.sunoresearch.com.br\/n\/uploads\/2021\/12\/20190129VickyPINEAPPLE01-1-150x150.jpg\" alt=\"Vict\u00f3ria Anhesini\"><\/a><div class=\"authorBox__name\"><span>por\n\t\t\t<a href=\"https:\/\/www.suno.com.br\/noticias\/author\/victoria\/\"><span itemprop=\"author\">Vict\u00f3ria Anhesini<\/span><\/a><\/span><time datetime=\"2022-04-20T21:29:18-03:00\" itemprop=\"datePublished\">20\/04\/2022 21:29<\/time><\/div><\/div><\/div><\/div><\/div>","single_layout":"posts","amp_enabled":true,"_links":{"self":[{"href":"https:\/\/www.suno.com.br\/noticias\/wp-json\/wp\/v2\/posts\/252590"}],"collection":[{"href":"https:\/\/www.suno.com.br\/noticias\/wp-json\/wp\/v2\/posts"}],"about":[{"href":"https:\/\/www.suno.com.br\/noticias\/wp-json\/wp\/v2\/types\/post"}],"author":[{"embeddable":true,"href":"https:\/\/www.suno.com.br\/noticias\/wp-json\/wp\/v2\/users\/146"}],"replies":[{"embeddable":true,"href":"https:\/\/www.suno.com.br\/noticias\/wp-json\/wp\/v2\/comments?post=252590"}],"version-history":[{"count":3,"href":"https:\/\/www.suno.com.br\/noticias\/wp-json\/wp\/v2\/posts\/252590\/revisions"}],"predecessor-version":[{"id":252596,"href":"https:\/\/www.suno.com.br\/noticias\/wp-json\/wp\/v2\/posts\/252590\/revisions\/252596"}],"wp:featuredmedia":[{"embeddable":true,"href":"https:\/\/www.suno.com.br\/noticias\/wp-json\/wp\/v2\/media\/4292"}],"wp:attachment":[{"href":"https:\/\/www.suno.com.br\/noticias\/wp-json\/wp\/v2\/media?parent=252590"}],"wp:term":[{"taxonomy":"category","embeddable":true,"href":"https:\/\/www.suno.com.br\/noticias\/wp-json\/wp\/v2\/categories?post=252590"},{"taxonomy":"post_tag","embeddable":true,"href":"https:\/\/www.suno.com.br\/noticias\/wp-json\/wp\/v2\/tags?post=252590"},{"taxonomy":"suno_strategy","embeddable":true,"href":"https:\/\/www.suno.com.br\/noticias\/wp-json\/wp\/v2\/suno_strategy?post=252590"}],"curies":[{"name":"wp","href":"https:\/\/api.w.org\/{rel}","templated":true}]}}