{"id":252221,"date":"2022-04-19T21:21:44","date_gmt":"2022-04-20T00:21:44","guid":{"rendered":"https:\/\/www.suno.com.br\/noticias\/?p=252221"},"modified":"2022-04-19T21:23:34","modified_gmt":"2022-04-20T00:23:34","slug":"braskem-brkm5-dividendos-complementares-pagamento","status":"publish","type":"post","link":"https:\/\/www.suno.com.br\/noticias\/braskem-brkm5-dividendos-complementares-pagamento\/","title":{"rendered":"Braskem (BRKM5) aprova pagamento de R$ 1,35 bi em dividendos complementares"},"content":{"rendered":"<p>A <a class=\"suno-keyword\" href=\"https:\/\/www.suno.com.br\/acoes\/BRKM5\/\" target=\"_blank\" rel=\"noopener\" data-force=\"yes\" data-priority=\"2\"><strong>Braskem<\/strong>\u00a0(BRKM5)<\/a> far\u00e1 a partir de 2 de maio o pagamento de R$ 1,35 bilh\u00e3o em <a class=\"suno-keyword\" href=\"https:\/\/www.suno.com.br\/guias\/dividendos\/\" target=\"_blank\" rel=\"noopener\" data-force=\"no\" data-priority=\"1\">dividendos<\/a> complementares, aprovados em Assembleia Geral e Ordin\u00e1ria nesta ter\u00e7a (19). Os proventos tinham sido anunciados no documento que acompanhava o balan\u00e7o do quatro trimestre de 2021, divulgado em mar\u00e7o \u00faltimo.<\/p>\t<div class=\"wrapper-featured-image\">\n\t\t<figure class=\"spotlightImg\">\n\n\t\t\t<picture>\n\t\t\t\t<source media=\"(max-width: 768px)\" srcset=\"https:\/\/files.sunoresearch.com.br\/n\/uploads\/2021\/04\/f01831c0-whatsapp-image-2021-04-15-at-19.53.57-400x200.webp\">\n\t\t\t\t<img loading=\"lazy\" decoding=\"async\" class=\"newsContent__article__imgCapa lazyloadDisabled \" src=\"https:\/\/files.sunoresearch.com.br\/n\/uploads\/2021\/04\/f01831c0-whatsapp-image-2021-04-15-at-19.53.57-800x450.webp\" width=\"800\" height=\"450\" alt=\"Braskem (BRKM5) aprova pagamento de R$ 1,35 bi em dividendos complementares\" fetchpriority=high \/>\n\t\t\t<\/picture>\n\n\t\t\t<figcaption class=\"wp-caption-text wp-caption-text--show\">Braskem (BRKM5). Foto: Reprodu\u00e7\u00e3o Instagram<\/figcaption>\n\t\t<\/figure>\n\t<\/div>\n\n\n\t<p>\n\t\t<a href=\"\" target=\"_blank\" data-element=\"shortcode-suno-banner\" title=\"Banner SUNO, clique e saiba mais\">\n\t\t\t<picture>\n\t\t\t\t<source media=\"(max-width: 500px)\" srcset=\"\">\n\t\t\t\t<img class=\"newsContent__article__imgCapa newsContent__article__imgCapa--banner\"\n\t\t\t\t\tsrc=\"\"\n\t\t\t\t\tdata-promo-id=\"138420\"\t\t\t\t\t\t\t\t\t\t\t\t\t\t\talt=\"\"\n\t\t\t\t>\n\t\t\t<\/picture>\n\t\t<\/a>\n\t<\/p>\n\n\n<p>Os <strong>dividendos da Braskem<\/strong> foram divididos em R$ 766.187.593,13, que equivalem a R$ 1,696348838321 por a\u00e7\u00e3o ordin\u00e1ria, e R$ 583.812.406,87, correspondentes a R$ 1,696348838321 por a\u00e7\u00e3o preferencial classe \u201cA\u201d.<\/p>\n<p>A Braskem j\u00e1 tinha aprovado R$ 6 bilh\u00f5es como <strong>antecipa\u00e7\u00e3o dos dividendos<\/strong>, em rela\u00e7\u00e3o ao <strong>lucro l\u00edquido<\/strong> apurado entre 1\u00ba de janeiro e 30 de setembro de 2021, de acordo com o que foi aprovado pelo <a class=\"suno-keyword\" href=\"https:\/\/www.suno.com.br\/artigos\/conselho-administracao\/\" target=\"_blank\" rel=\"noopener\" data-force=\"no\" data-priority=\"1\">Conselho de Administra\u00e7\u00e3o<\/a> da companhia em 2 de dezembro de 2021.<\/p>\n<p>Esse montante bilion\u00e1rio foi pago em 20 de dezembro de 2021, sendo R$ 3.405.152.005,20 , ou R$ 7,539048791898 por a\u00e7\u00e3o ordin\u00e1ria, e R$ 2.594.544.839,34, correspondentes a R$ 7,539048791898 por a\u00e7\u00e3o preferencial classe \u201cA\u201d &#8212; al\u00e9m de R$ 303.155,46, equivalentes a R$ 0,606032140100 por a\u00e7\u00e3o preferencial classe \u201cB\u201d.<\/p>\n\t<p>\n\t\t<a href=\"https:\/\/lp.suno.com.br\/planilha-controle-gastos\/\" target=\"_blank\" data-element=\"shortcode-suno-banner\" title=\"Banner SUNO, clique e saiba mais\">\n\t\t\t<picture>\n\t\t\t\t<source media=\"(max-width: 500px)\" srcset=\"https:\/\/files.sunoresearch.com.br\/n\/uploads\/2023\/03\/400x300-Planilha-controle-de-gastos.png\">\n\t\t\t\t<img class=\"newsContent__article__imgCapa newsContent__article__imgCapa--banner\"\n\t\t\t\t\tsrc=\"https:\/\/files.sunoresearch.com.br\/n\/uploads\/2023\/03\/1420x240-Planilha-controle-de-gastos.png\"\n\t\t\t\t\tdata-promo-id=\"101751\"\t\t\t\t\t\t\t\t\t\twidth='1420' height='240'\t\t\t\t\talt=\"https:\/\/files.sunoresearch.com.br\/n\/uploads\/2023\/03\/1420x240-Planilha-controle-de-gastos.png\"\n\t\t\t\t>\n\t\t\t<\/picture>\n\t\t<\/a>\n\t<\/p>\n\n\n<p>No total, a empresa totalizou <strong>R$ 7,350 bilh\u00f5es em dividendos<\/strong>, relativos a 77,5% do \u00a0<a class=\"suno-keyword\" href=\"https:\/\/www.suno.com.br\/artigos\/lucro-liquido\/\" target=\"_blank\" rel=\"noopener\" data-force=\"no\" data-priority=\"1\">lucro l\u00edquido<\/a> ajustado do exerc\u00edcio.<\/p>\n<p>O <strong>pagamento dos dividendos complementares<\/strong>, que ser\u00e1 realizado a partir de 2 de maio de 2022, valem para quem tem posi\u00e7\u00e3o acion\u00e1ria at\u00e9 o final do preg\u00e3o deste 19 de abril. As <a class=\"suno-keyword\" href=\"https:\/\/www.suno.com.br\/artigos\/o-que-sao-acoes-ordinarias-preferenciais-e-units\/\" target=\"_blank\" rel=\"noopener\" data-force=\"no\" data-priority=\"1\">a\u00e7\u00f5es ordin\u00e1rias<\/a> e preferenciais de emiss\u00e3o da companhia passar\u00e3o a ser negociadas \u201cex-dividendos\u201d (sem direito aos dividendos) a partir de 20 de abril de 2022.<\/p>\n\t<p>\n\t\t<a href=\"https:\/\/lp.suno.com.br\/ebook-como-analisar-uma-acao\/\" target=\"_blank\" data-element=\"shortcode-suno-banner\" title=\"Banner SUNO, clique e saiba mais\">\n\t\t\t<picture>\n\t\t\t\t<source media=\"(max-width: 500px)\" srcset=\"https:\/\/files.sunoresearch.com.br\/n\/uploads\/2023\/03\/Ebook-Acoes-Mobile-1.jpg\">\n\t\t\t\t<img class=\"newsContent__article__imgCapa newsContent__article__imgCapa--banner\"\n\t\t\t\t\tsrc=\"https:\/\/files.sunoresearch.com.br\/n\/uploads\/2023\/03\/Ebook-Acoes-Desktop-1.jpg\"\n\t\t\t\t\tdata-promo-id=\"171998\"\t\t\t\t\t\t\t\t\t\twidth='1420' height='286'\t\t\t\t\talt=\"https:\/\/files.sunoresearch.com.br\/n\/uploads\/2023\/03\/Ebook-Acoes-Desktop-1.jpg\"\n\t\t\t\t>\n\t\t\t<\/picture>\n\t\t<\/a>\n\t<\/p>\n\n\n<h2 class=\"newsContent__article__title\">Braskem: lucro caiu 37% no 4T21<\/h2>\n<p>A\u00a0<strong>Braskem<\/strong>\u00a0encerrou o quarto trimestre com um\u00a0lucro l\u00edquido\u00a0de R$ 530 milh\u00f5es, representando uma queda de 37% frente ao mesmo intervalo de 2020 e 85% abaixo do terceiro trimestre. No ano de 2021, o resultado consolidado da petroqu\u00edmica foi de R$13,98 bilh\u00f5es, revertendo um preju\u00edzo de R$ 6,69 bilh\u00f5es em 2020.<\/p>\n<p>A companhia informou ainda que o<strong>\u00a0resultado operacional recorrente da Braskem<\/strong>\u00a0ficou em R$ 6,31 bilh\u00f5es no quarto trimestre do ano passado, alta de 40% frente ao mesmo trimestre de 2020 e 18% abaixo do terceiro trimestre. As varia\u00e7\u00f5es refletem deprecia\u00e7\u00e3o do real frente ao d\u00f3lar de 3,5% e 6,8%, respectivamente.<\/p>\n<p>No ano, a Braskem registrou resultado operacional recorrente recorde de R$ 30,32 bilh\u00f5es, 176% superior ao de 2020. A contra\u00e7\u00e3o no lucro l\u00edquido em rela\u00e7\u00e3o ao terceiro trimestre reflete os menores spreads internacionais com qu\u00edmicos, polietileno (PE) e polipropileno (PP) no\u00a0<strong>Brasil<\/strong>, PP nos\u00a0<strong>Estados Unidos<\/strong>\u00a0e na\u00a0<strong>Europa<\/strong>, e PE no\u00a0<strong>M\u00e9xico<\/strong>.<\/p>\n\t<p>\n\t\t<a href=\"https:\/\/lp.suno.com.br\/planilha-da-vida-financeira\/\" target=\"_blank\" data-element=\"shortcode-suno-banner\" title=\"Banner SUNO, clique e saiba mais\">\n\t\t\t<picture>\n\t\t\t\t<source media=\"(max-width: 500px)\" srcset=\"https:\/\/files.sunoresearch.com.br\/n\/uploads\/2023\/04\/400x300-Planilha-vida-financeira-true.png\">\n\t\t\t\t<img class=\"newsContent__article__imgCapa newsContent__article__imgCapa--banner\"\n\t\t\t\t\tsrc=\"https:\/\/files.sunoresearch.com.br\/n\/uploads\/2023\/04\/1420x240-Planilha-vida-financeira-true.png\"\n\t\t\t\t\tdata-promo-id=\"106682\"\t\t\t\t\t\t\t\t\t\twidth='1420' height='240'\t\t\t\t\talt=\"https:\/\/files.sunoresearch.com.br\/n\/uploads\/2023\/04\/1420x240-Planilha-vida-financeira-true.png\"\n\t\t\t\t>\n\t\t\t<\/picture>\n\t\t<\/a>\n\t<\/p>\n\n\n<p>A Braskem acrescentou que os spreads ainda assim se mantiveram acima da m\u00e9dia hist\u00f3rica dos \u00faltimos 10 anos. Segundo a Braskem, as vendas de PP ca\u00edram no Brasil, nos Estados Unidos e Europa, por conta de fatores sazonais, tamb\u00e9m contribuindo para pressionar o resultado.<\/p>\n<p>Em d\u00f3lar, o\u00a0<strong>lucro l\u00edquido do 4T21 da Braskem<\/strong>\u00a0caiu 23% frente ao terceiro trimestre e subiu 36% na compara\u00e7\u00e3o com o mesmo intervalo de 2020, por conta de melhora nos spreads e aumento de vendas na compara\u00e7\u00e3o anual.<\/p>\n<p>A\u00a0<strong><a class=\"suno-keyword\" href=\"https:\/\/www.suno.com.br\/artigos\/o-que-receita-liquida\/\" target=\"_blank\" rel=\"noopener\" data-force=\"no\" data-priority=\"1\">receita l\u00edquida<\/a>\u00a0de vendas da Braskem<\/strong>\u00a0entre setembro e dezembro de 2021 atingiu R$ 28,21 bilh\u00f5es, avan\u00e7o de 51% em rela\u00e7\u00e3o ao mesmo per\u00edodo do ano passado e est\u00e1vel frente ao terceiro trimestre.<\/p>\n\t<p>\n\t\t<a href=\"https:\/\/lp.suno.com.br\/planilha-de-controle-de-investimentos\/\" target=\"_blank\" data-element=\"shortcode-suno-banner\" title=\"Banner SUNO, clique e saiba mais\">\n\t\t\t<picture>\n\t\t\t\t<source media=\"(max-width: 500px)\" srcset=\"https:\/\/files.sunoresearch.com.br\/n\/uploads\/2023\/03\/400x300-Controle-de-Investimentos.png\">\n\t\t\t\t<img class=\"newsContent__article__imgCapa newsContent__article__imgCapa--banner\"\n\t\t\t\t\tsrc=\"https:\/\/files.sunoresearch.com.br\/n\/uploads\/2023\/03\/1420x240-Controle-de-Investimentos.png\"\n\t\t\t\t\tdata-promo-id=\"75934\"\t\t\t\t\t\t\t\t\t\twidth='1420' height='240'\t\t\t\t\talt=\"https:\/\/files.sunoresearch.com.br\/n\/uploads\/2023\/03\/1420x240-Controle-de-Investimentos.png\"\n\t\t\t\t>\n\t\t\t<\/picture>\n\t\t<\/a>\n\t<\/p>\n\n\n","protected":false},"excerpt":{"rendered":"<p>A Braskem\u00a0(BRKM5) far\u00e1 a partir de 2 de maio o pagamento de R$ 1,35 bilh\u00e3o em dividendos complementares, aprovados em Assembleia Geral e Ordin\u00e1ria nesta ter\u00e7a (19). Os proventos tinham sido anunciados no documento que acompanhava o balan\u00e7o do quatro trimestre de 2021, divulgado em mar\u00e7o \u00faltimo. Braskem (BRKM5). Foto: Reprodu\u00e7\u00e3o Instagram Os dividendos da [&hellip;]<\/p>\n","protected":false},"author":98,"featured_media":139978,"comment_status":"closed","ping_status":"closed","sticky":false,"template":"","format":"standard","meta":[],"categories":[64],"tags":[395,295],"suno_strategy":[],"class_list":["post-252221","post","type-post","status-publish","format-standard","has-post-thumbnail","hentry","category-negocios","tag-braskem-brkm3-brkm5-brkm6","tag-dividendos"],"yoast_head":"<!-- This site is optimized with the Yoast SEO plugin v24.4 - https:\/\/yoast.com\/wordpress\/plugins\/seo\/ -->\n<title>Braskem (BRKM5) pagar\u00e1 R$ 1,35 bi em dividendos complementares<\/title>\n<meta name=\"description\" content=\"A Braskem\u00a0(BRKM5) far\u00e1 a partir de 2 de maio o pagamento de R$ 1,35 bilh\u00e3o em dividendos, aprovados em assembleia nesta ter\u00e7a (19)\" \/>\n<meta name=\"robots\" content=\"index, follow, max-snippet:-1, max-image-preview:large, max-video-preview:-1\" \/>\n<link rel=\"canonical\" href=\"https:\/\/www.suno.com.br\/noticias\/braskem-brkm5-dividendos-complementares-pagamento\/\" \/>\n<meta property=\"og:locale\" content=\"pt_BR\" \/>\n<meta property=\"og:type\" content=\"article\" \/>\n<meta property=\"og:title\" content=\"Braskem (BRKM5) pagar\u00e1 R$ 1,35 bi em dividendos complementares\" \/>\n<meta property=\"og:description\" content=\"A Braskem\u00a0(BRKM5) far\u00e1 a partir de 2 de maio o pagamento de R$ 1,35 bilh\u00e3o em dividendos, aprovados em assembleia nesta ter\u00e7a (19)\" \/>\n<meta property=\"og:url\" content=\"https:\/\/www.suno.com.br\/noticias\/braskem-brkm5-dividendos-complementares-pagamento\/\" \/>\n<meta property=\"og:site_name\" content=\"Suno Not\u00edcias\" \/>\n<meta property=\"article:publisher\" content=\"https:\/\/facebook.com\/sunoresearch\" \/>\n<meta property=\"og:image\" content=\"https:\/\/files.sunoresearch.com.br\/n\/uploads\/2021\/04\/f01831c0-whatsapp-image-2021-04-15-at-19.53.57.jpg\" \/>\n\t<meta property=\"og:image:width\" content=\"1200\" \/>\n\t<meta property=\"og:image:height\" content=\"790\" \/>\n\t<meta property=\"og:image:type\" content=\"image\/jpeg\" \/>\n<meta name=\"author\" content=\"Marco Ant\u00f4nio Lopes\" \/>\n<meta name=\"twitter:card\" content=\"summary_large_image\" \/>\n<meta name=\"twitter:creator\" content=\"@sunoresearch\" \/>\n<meta name=\"twitter:site\" content=\"@sunoresearch\" \/>\n<meta name=\"twitter:label1\" content=\"Escrito por\" \/>\n\t<meta name=\"twitter:data1\" content=\"Marco Ant\u00f4nio Lopes\" \/>\n\t<meta name=\"twitter:label2\" content=\"Est. tempo de leitura\" \/>\n\t<meta name=\"twitter:data2\" content=\"3 minutos\" \/>\n<script type=\"application\/ld+json\" class=\"yoast-schema-graph\">{\"@context\":\"https:\/\/schema.org\",\"@graph\":[{\"@type\":\"NewsArticle\",\"@id\":\"https:\/\/www.suno.com.br\/noticias\/braskem-brkm5-dividendos-complementares-pagamento\/#article\",\"isPartOf\":{\"@id\":\"https:\/\/www.suno.com.br\/noticias\/braskem-brkm5-dividendos-complementares-pagamento\/\"},\"author\":{\"name\":\"Marco Ant\u00f4nio Lopes\",\"@id\":\"https:\/\/www.suno.com.br\/noticias\/#\/schema\/person\/829bbe8d57f84333b966b96229c6bf5f\"},\"headline\":\"Braskem (BRKM5) aprova pagamento de R$ 1,35 bi em dividendos complementares\",\"datePublished\":\"2022-04-20T00:21:44+00:00\",\"dateModified\":\"2022-04-20T00:23:34+00:00\",\"mainEntityOfPage\":{\"@id\":\"https:\/\/www.suno.com.br\/noticias\/braskem-brkm5-dividendos-complementares-pagamento\/\"},\"wordCount\":557,\"publisher\":{\"@id\":\"https:\/\/www.suno.com.br\/noticias\/#organization\"},\"image\":{\"@id\":\"https:\/\/www.suno.com.br\/noticias\/braskem-brkm5-dividendos-complementares-pagamento\/#primaryimage\"},\"thumbnailUrl\":\"https:\/\/files.sunoresearch.com.br\/n\/uploads\/2021\/04\/f01831c0-whatsapp-image-2021-04-15-at-19.53.57-jpg.webp\",\"keywords\":[\"Braskem (BRKM3\/BRKM5\/BRKM6)\",\"dividendos\"],\"articleSection\":[\"Neg\u00f3cios\"],\"inLanguage\":\"pt-BR\"},{\"@type\":\"WebPage\",\"@id\":\"https:\/\/www.suno.com.br\/noticias\/braskem-brkm5-dividendos-complementares-pagamento\/\",\"url\":\"https:\/\/www.suno.com.br\/noticias\/braskem-brkm5-dividendos-complementares-pagamento\/\",\"name\":\"Braskem (BRKM5) pagar\u00e1 R$ 1,35 bi em dividendos complementares\",\"isPartOf\":{\"@id\":\"https:\/\/www.suno.com.br\/noticias\/#website\"},\"primaryImageOfPage\":{\"@id\":\"https:\/\/www.suno.com.br\/noticias\/braskem-brkm5-dividendos-complementares-pagamento\/#primaryimage\"},\"image\":{\"@id\":\"https:\/\/www.suno.com.br\/noticias\/braskem-brkm5-dividendos-complementares-pagamento\/#primaryimage\"},\"thumbnailUrl\":\"https:\/\/files.sunoresearch.com.br\/n\/uploads\/2021\/04\/f01831c0-whatsapp-image-2021-04-15-at-19.53.57-jpg.webp\",\"datePublished\":\"2022-04-20T00:21:44+00:00\",\"dateModified\":\"2022-04-20T00:23:34+00:00\",\"description\":\"A Braskem\u00a0(BRKM5) far\u00e1 a partir de 2 de maio o pagamento de R$ 1,35 bilh\u00e3o em dividendos, aprovados em assembleia nesta ter\u00e7a (19)\",\"breadcrumb\":{\"@id\":\"https:\/\/www.suno.com.br\/noticias\/braskem-brkm5-dividendos-complementares-pagamento\/#breadcrumb\"},\"inLanguage\":\"pt-BR\",\"potentialAction\":[{\"@type\":\"ReadAction\",\"target\":[\"https:\/\/www.suno.com.br\/noticias\/braskem-brkm5-dividendos-complementares-pagamento\/\"]}]},{\"@type\":\"ImageObject\",\"inLanguage\":\"pt-BR\",\"@id\":\"https:\/\/www.suno.com.br\/noticias\/braskem-brkm5-dividendos-complementares-pagamento\/#primaryimage\",\"url\":\"https:\/\/files.sunoresearch.com.br\/n\/uploads\/2021\/04\/f01831c0-whatsapp-image-2021-04-15-at-19.53.57-jpg.webp\",\"contentUrl\":\"https:\/\/files.sunoresearch.com.br\/n\/uploads\/2021\/04\/f01831c0-whatsapp-image-2021-04-15-at-19.53.57-jpg.webp\",\"width\":1200,\"height\":790,\"caption\":\"Braskem (BRKM5). Foto: Reprodu\u00e7\u00e3o Instagram\"},{\"@type\":\"BreadcrumbList\",\"@id\":\"https:\/\/www.suno.com.br\/noticias\/braskem-brkm5-dividendos-complementares-pagamento\/#breadcrumb\",\"itemListElement\":[{\"@type\":\"ListItem\",\"position\":1,\"name\":\"Not\u00edcias\",\"item\":\"https:\/\/www.suno.com.br\/noticias\/\"},{\"@type\":\"ListItem\",\"position\":2,\"name\":\"Neg\u00f3cios\",\"item\":\"https:\/\/www.suno.com.br\/noticias\/negocios\/\"},{\"@type\":\"ListItem\",\"position\":3,\"name\":\"Braskem (BRKM5) aprova pagamento de R$ 1,35 bi em dividendos complementares\"}]},{\"@type\":\"WebSite\",\"@id\":\"https:\/\/www.suno.com.br\/noticias\/#website\",\"url\":\"https:\/\/www.suno.com.br\/noticias\/\",\"name\":\"Suno Not\u00edcias\",\"description\":\"Seu portal de informa\u00e7\u00e3o sobre o mundo dos investimentos\",\"publisher\":{\"@id\":\"https:\/\/www.suno.com.br\/noticias\/#organization\"},\"potentialAction\":[{\"@type\":\"SearchAction\",\"target\":{\"@type\":\"EntryPoint\",\"urlTemplate\":\"https:\/\/www.suno.com.br\/noticias\/?s={search_term_string}\"},\"query-input\":{\"@type\":\"PropertyValueSpecification\",\"valueRequired\":true,\"valueName\":\"search_term_string\"}}],\"inLanguage\":\"pt-BR\"},{\"@type\":\"Organization\",\"@id\":\"https:\/\/www.suno.com.br\/noticias\/#organization\",\"name\":\"Suno Not\u00edcias\",\"url\":\"https:\/\/www.suno.com.br\/noticias\/\",\"logo\":{\"@type\":\"ImageObject\",\"inLanguage\":\"pt-BR\",\"@id\":\"https:\/\/www.suno.com.br\/noticias\/#\/schema\/logo\/image\/\",\"url\":\"https:\/\/files.sunoresearch.com.br\/n\/uploads\/2021\/09\/suno-logo.png\",\"contentUrl\":\"https:\/\/files.sunoresearch.com.br\/n\/uploads\/2021\/09\/suno-logo.png\",\"width\":180,\"height\":180,\"caption\":\"Suno Not\u00edcias\"},\"image\":{\"@id\":\"https:\/\/www.suno.com.br\/noticias\/#\/schema\/logo\/image\/\"},\"sameAs\":[\"https:\/\/facebook.com\/sunoresearch\",\"https:\/\/x.com\/sunoresearch\",\"https:\/\/www.instagram.com\/suno\",\"https:\/\/www.linkedin.com\/company\/suno-research\/\",\"https:\/\/www.youtube.com\/c\/sunoresearch\"]},{\"@type\":\"Person\",\"@id\":\"https:\/\/www.suno.com.br\/noticias\/#\/schema\/person\/829bbe8d57f84333b966b96229c6bf5f\",\"name\":\"Marco Ant\u00f4nio Lopes\",\"image\":{\"@type\":\"ImageObject\",\"inLanguage\":\"pt-BR\",\"@id\":\"https:\/\/www.suno.com.br\/noticias\/#\/schema\/person\/image\/\",\"url\":\"https:\/\/secure.gravatar.com\/avatar\/385167b012fbc1cde32c5446ee253313?s=96&r=g\",\"contentUrl\":\"https:\/\/secure.gravatar.com\/avatar\/385167b012fbc1cde32c5446ee253313?s=96&r=g\",\"caption\":\"Marco Ant\u00f4nio Lopes\"},\"description\":\"Jornalista, \u00e9 editor no Suno Not\u00edcias. Trabalhou nas revistas Playboy, Super, Veja Comer &amp; Beber, Homem Vogue e Universo Masculino, al\u00e9m dos portais Abril.com, R7, nas editorias de Home, Esportes, Hora 7, Entretenimento e Geral, e Eu Quero Investir. Autor do livro Bruce Lee: Definitivo (Editora Conrad). Colaborou nas revistas Nova, Veja SP, Grandes Guerras, Placar, Bizz, Casa Claudia e Quatro Rodas.\",\"url\":\"https:\/\/www.suno.com.br\/noticias\/author\/marco-lopes\/\"}]}<\/script>\n<!-- \/ Yoast SEO plugin. -->","yoast_head_json":{"title":"Braskem (BRKM5) pagar\u00e1 R$ 1,35 bi em dividendos complementares","description":"A Braskem\u00a0(BRKM5) far\u00e1 a partir de 2 de maio o pagamento de R$ 1,35 bilh\u00e3o em dividendos, aprovados em assembleia nesta ter\u00e7a (19)","robots":{"index":"index","follow":"follow","max-snippet":"max-snippet:-1","max-image-preview":"max-image-preview:large","max-video-preview":"max-video-preview:-1"},"canonical":"https:\/\/www.suno.com.br\/noticias\/braskem-brkm5-dividendos-complementares-pagamento\/","og_locale":"pt_BR","og_type":"article","og_title":"Braskem (BRKM5) pagar\u00e1 R$ 1,35 bi em dividendos complementares","og_description":"A Braskem\u00a0(BRKM5) far\u00e1 a partir de 2 de maio o pagamento de R$ 1,35 bilh\u00e3o em dividendos, aprovados em assembleia nesta ter\u00e7a (19)","og_url":"https:\/\/www.suno.com.br\/noticias\/braskem-brkm5-dividendos-complementares-pagamento\/","og_site_name":"Suno Not\u00edcias","article_publisher":"https:\/\/facebook.com\/sunoresearch","og_image":[{"width":1200,"height":790,"url":"https:\/\/files.sunoresearch.com.br\/n\/uploads\/2021\/04\/f01831c0-whatsapp-image-2021-04-15-at-19.53.57.jpg","type":"image\/jpeg"}],"author":"Marco Ant\u00f4nio Lopes","twitter_card":"summary_large_image","twitter_creator":"@sunoresearch","twitter_site":"@sunoresearch","twitter_misc":{"Escrito por":"Marco Ant\u00f4nio Lopes","Est. tempo de leitura":"3 minutos"},"schema":{"@context":"https:\/\/schema.org","@graph":[{"@type":"NewsArticle","@id":"https:\/\/www.suno.com.br\/noticias\/braskem-brkm5-dividendos-complementares-pagamento\/#article","isPartOf":{"@id":"https:\/\/www.suno.com.br\/noticias\/braskem-brkm5-dividendos-complementares-pagamento\/"},"author":{"name":"Marco Ant\u00f4nio Lopes","@id":"https:\/\/www.suno.com.br\/noticias\/#\/schema\/person\/829bbe8d57f84333b966b96229c6bf5f"},"headline":"Braskem (BRKM5) aprova pagamento de R$ 1,35 bi em dividendos complementares","datePublished":"2022-04-20T00:21:44+00:00","dateModified":"2022-04-20T00:23:34+00:00","mainEntityOfPage":{"@id":"https:\/\/www.suno.com.br\/noticias\/braskem-brkm5-dividendos-complementares-pagamento\/"},"wordCount":557,"publisher":{"@id":"https:\/\/www.suno.com.br\/noticias\/#organization"},"image":{"@id":"https:\/\/www.suno.com.br\/noticias\/braskem-brkm5-dividendos-complementares-pagamento\/#primaryimage"},"thumbnailUrl":"https:\/\/files.sunoresearch.com.br\/n\/uploads\/2021\/04\/f01831c0-whatsapp-image-2021-04-15-at-19.53.57-jpg.webp","keywords":["Braskem (BRKM3\/BRKM5\/BRKM6)","dividendos"],"articleSection":["Neg\u00f3cios"],"inLanguage":"pt-BR"},{"@type":"WebPage","@id":"https:\/\/www.suno.com.br\/noticias\/braskem-brkm5-dividendos-complementares-pagamento\/","url":"https:\/\/www.suno.com.br\/noticias\/braskem-brkm5-dividendos-complementares-pagamento\/","name":"Braskem (BRKM5) pagar\u00e1 R$ 1,35 bi em dividendos complementares","isPartOf":{"@id":"https:\/\/www.suno.com.br\/noticias\/#website"},"primaryImageOfPage":{"@id":"https:\/\/www.suno.com.br\/noticias\/braskem-brkm5-dividendos-complementares-pagamento\/#primaryimage"},"image":{"@id":"https:\/\/www.suno.com.br\/noticias\/braskem-brkm5-dividendos-complementares-pagamento\/#primaryimage"},"thumbnailUrl":"https:\/\/files.sunoresearch.com.br\/n\/uploads\/2021\/04\/f01831c0-whatsapp-image-2021-04-15-at-19.53.57-jpg.webp","datePublished":"2022-04-20T00:21:44+00:00","dateModified":"2022-04-20T00:23:34+00:00","description":"A Braskem\u00a0(BRKM5) far\u00e1 a partir de 2 de maio o pagamento de R$ 1,35 bilh\u00e3o em dividendos, aprovados em assembleia nesta ter\u00e7a (19)","breadcrumb":{"@id":"https:\/\/www.suno.com.br\/noticias\/braskem-brkm5-dividendos-complementares-pagamento\/#breadcrumb"},"inLanguage":"pt-BR","potentialAction":[{"@type":"ReadAction","target":["https:\/\/www.suno.com.br\/noticias\/braskem-brkm5-dividendos-complementares-pagamento\/"]}]},{"@type":"ImageObject","inLanguage":"pt-BR","@id":"https:\/\/www.suno.com.br\/noticias\/braskem-brkm5-dividendos-complementares-pagamento\/#primaryimage","url":"https:\/\/files.sunoresearch.com.br\/n\/uploads\/2021\/04\/f01831c0-whatsapp-image-2021-04-15-at-19.53.57-jpg.webp","contentUrl":"https:\/\/files.sunoresearch.com.br\/n\/uploads\/2021\/04\/f01831c0-whatsapp-image-2021-04-15-at-19.53.57-jpg.webp","width":1200,"height":790,"caption":"Braskem (BRKM5). Foto: Reprodu\u00e7\u00e3o Instagram"},{"@type":"BreadcrumbList","@id":"https:\/\/www.suno.com.br\/noticias\/braskem-brkm5-dividendos-complementares-pagamento\/#breadcrumb","itemListElement":[{"@type":"ListItem","position":1,"name":"Not\u00edcias","item":"https:\/\/www.suno.com.br\/noticias\/"},{"@type":"ListItem","position":2,"name":"Neg\u00f3cios","item":"https:\/\/www.suno.com.br\/noticias\/negocios\/"},{"@type":"ListItem","position":3,"name":"Braskem (BRKM5) aprova pagamento de R$ 1,35 bi em dividendos complementares"}]},{"@type":"WebSite","@id":"https:\/\/www.suno.com.br\/noticias\/#website","url":"https:\/\/www.suno.com.br\/noticias\/","name":"Suno Not\u00edcias","description":"Seu portal de informa\u00e7\u00e3o sobre o mundo dos investimentos","publisher":{"@id":"https:\/\/www.suno.com.br\/noticias\/#organization"},"potentialAction":[{"@type":"SearchAction","target":{"@type":"EntryPoint","urlTemplate":"https:\/\/www.suno.com.br\/noticias\/?s={search_term_string}"},"query-input":{"@type":"PropertyValueSpecification","valueRequired":true,"valueName":"search_term_string"}}],"inLanguage":"pt-BR"},{"@type":"Organization","@id":"https:\/\/www.suno.com.br\/noticias\/#organization","name":"Suno Not\u00edcias","url":"https:\/\/www.suno.com.br\/noticias\/","logo":{"@type":"ImageObject","inLanguage":"pt-BR","@id":"https:\/\/www.suno.com.br\/noticias\/#\/schema\/logo\/image\/","url":"https:\/\/files.sunoresearch.com.br\/n\/uploads\/2021\/09\/suno-logo.png","contentUrl":"https:\/\/files.sunoresearch.com.br\/n\/uploads\/2021\/09\/suno-logo.png","width":180,"height":180,"caption":"Suno Not\u00edcias"},"image":{"@id":"https:\/\/www.suno.com.br\/noticias\/#\/schema\/logo\/image\/"},"sameAs":["https:\/\/facebook.com\/sunoresearch","https:\/\/x.com\/sunoresearch","https:\/\/www.instagram.com\/suno","https:\/\/www.linkedin.com\/company\/suno-research\/","https:\/\/www.youtube.com\/c\/sunoresearch"]},{"@type":"Person","@id":"https:\/\/www.suno.com.br\/noticias\/#\/schema\/person\/829bbe8d57f84333b966b96229c6bf5f","name":"Marco Ant\u00f4nio Lopes","image":{"@type":"ImageObject","inLanguage":"pt-BR","@id":"https:\/\/www.suno.com.br\/noticias\/#\/schema\/person\/image\/","url":"https:\/\/secure.gravatar.com\/avatar\/385167b012fbc1cde32c5446ee253313?s=96&r=g","contentUrl":"https:\/\/secure.gravatar.com\/avatar\/385167b012fbc1cde32c5446ee253313?s=96&r=g","caption":"Marco Ant\u00f4nio Lopes"},"description":"Jornalista, \u00e9 editor no Suno Not\u00edcias. Trabalhou nas revistas Playboy, Super, Veja Comer &amp; Beber, Homem Vogue e Universo Masculino, al\u00e9m dos portais Abril.com, R7, nas editorias de Home, Esportes, Hora 7, Entretenimento e Geral, e Eu Quero Investir. Autor do livro Bruce Lee: Definitivo (Editora Conrad). Colaborou nas revistas Nova, Veja SP, Grandes Guerras, Placar, Bizz, Casa Claudia e Quatro Rodas.","url":"https:\/\/www.suno.com.br\/noticias\/author\/marco-lopes\/"}]}},"default_loop_html":"<div class=\"cardsPage__listCard__boxs\"><div class=\"cardsPage__listCard__boxs__img\"><a href=\"https:\/\/www.suno.com.br\/noticias\/braskem-brkm5-dividendos-complementares-pagamento\/\"><img class=\"mask\" src=\"https:\/\/www.suno.com.br\/noticias\/wp-content\/themes\/suno\/resources\/images\/spotlight\/spotlight1img\/bg-mask.png\" alt=\"Image Mask\"\/><img src=\"https:\/\/files.sunoresearch.com.br\/n\/uploads\/2021\/04\/f01831c0-whatsapp-image-2021-04-15-at-19.53.57-400x200.webp\" alt=\"Braskem (BRKM5) aprova pagamento de R$ 1,35 bi em dividendos complementares\"\/><\/a><span class=\"spotlightCategory\"><a href=\"https:\/\/www.suno.com.br\/noticias\/negocios\/\">Neg\u00f3cios<\/a><\/span><\/div><div class=\"cardsPage__listCard__boxs__content\"><a href=\"https:\/\/www.suno.com.br\/noticias\/braskem-brkm5-dividendos-complementares-pagamento\/\"><h2 class=\"content__title\">Braskem (BRKM5) aprova pagamento de R$ 1,35 bi em dividendos complementares<\/h2><\/a><div class=\"newsContent__article__meta\"><div class=\"newsContent__article__meta__authorBox\"><a href=\"https:\/\/www.suno.com.br\/noticias\/author\/marco-lopes\/\" class=\"authorBox__avatar noMobi\"><img src=\"https:\/\/secure.gravatar.com\/avatar\/385167b012fbc1cde32c5446ee253313?s=96&#038;r=g\" alt=\"Marco Ant\u00f4nio Lopes\"><\/a><div class=\"authorBox__name\"><span>por\n\t\t\t<a href=\"https:\/\/www.suno.com.br\/noticias\/author\/marco-lopes\/\"><span itemprop=\"author\">Marco Ant\u00f4nio Lopes<\/span><\/a><\/span><time datetime=\"2022-04-19T21:21:44-03:00\" itemprop=\"datePublished\">19\/04\/2022 21:21<\/time><\/div><\/div><\/div><\/div><\/div>","single_layout":"posts","amp_enabled":true,"_links":{"self":[{"href":"https:\/\/www.suno.com.br\/noticias\/wp-json\/wp\/v2\/posts\/252221"}],"collection":[{"href":"https:\/\/www.suno.com.br\/noticias\/wp-json\/wp\/v2\/posts"}],"about":[{"href":"https:\/\/www.suno.com.br\/noticias\/wp-json\/wp\/v2\/types\/post"}],"author":[{"embeddable":true,"href":"https:\/\/www.suno.com.br\/noticias\/wp-json\/wp\/v2\/users\/98"}],"replies":[{"embeddable":true,"href":"https:\/\/www.suno.com.br\/noticias\/wp-json\/wp\/v2\/comments?post=252221"}],"version-history":[{"count":3,"href":"https:\/\/www.suno.com.br\/noticias\/wp-json\/wp\/v2\/posts\/252221\/revisions"}],"predecessor-version":[{"id":252239,"href":"https:\/\/www.suno.com.br\/noticias\/wp-json\/wp\/v2\/posts\/252221\/revisions\/252239"}],"wp:featuredmedia":[{"embeddable":true,"href":"https:\/\/www.suno.com.br\/noticias\/wp-json\/wp\/v2\/media\/139978"}],"wp:attachment":[{"href":"https:\/\/www.suno.com.br\/noticias\/wp-json\/wp\/v2\/media?parent=252221"}],"wp:term":[{"taxonomy":"category","embeddable":true,"href":"https:\/\/www.suno.com.br\/noticias\/wp-json\/wp\/v2\/categories?post=252221"},{"taxonomy":"post_tag","embeddable":true,"href":"https:\/\/www.suno.com.br\/noticias\/wp-json\/wp\/v2\/tags?post=252221"},{"taxonomy":"suno_strategy","embeddable":true,"href":"https:\/\/www.suno.com.br\/noticias\/wp-json\/wp\/v2\/suno_strategy?post=252221"}],"curies":[{"name":"wp","href":"https:\/\/api.w.org\/{rel}","templated":true}]}}