{"id":252208,"date":"2022-04-19T21:52:20","date_gmt":"2022-04-20T00:52:20","guid":{"rendered":"https:\/\/www.suno.com.br\/noticias\/?p=252208"},"modified":"2022-04-19T21:57:29","modified_gmt":"2022-04-20T00:57:29","slug":"radar-vale-vale3-netflix-nflx34-mercado-livre-meli34","status":"publish","type":"post","link":"https:\/\/www.suno.com.br\/noticias\/radar-vale-vale3-netflix-nflx34-mercado-livre-meli34\/","title":{"rendered":"Radar: queda de produ\u00e7\u00e3o da Vale (VALE3), Netflix (NFLX34) perde 200 mil assinantes, parceria do Mercado Livre (MELI34) com a Gol (GOLL4)"},"content":{"rendered":"<p>A produ\u00e7\u00e3o de min\u00e9rio de ferro da\u00a0<a class=\"suno-keyword\" href=\"https:\/\/www.suno.com.br\/acoes\/VALE3\/\" target=\"_blank\" rel=\"noopener\" data-force=\"yes\" data-priority=\"2\"><strong>Vale<\/strong>\u00a0(VALE3)<\/a>\u00a0totalizou 63,9 milh\u00f5es de toneladas no primeiro trimestre de 2022, o equivalente a uma queda de 6% na compara\u00e7\u00e3o anual e baixa de 22,5% ante o \u00faltimo trimestre de 2021, de acordo com relat\u00f3rio divulgado nesta ter\u00e7a-feira (19).<\/p>\t<div class=\"wrapper-featured-image\">\n\t\t<figure class=\"spotlightImg\">\n\n\t\t\t<picture>\n\t\t\t\t<source media=\"(max-width: 768px)\" srcset=\"https:\/\/files.sunoresearch.com.br\/n\/uploads\/2021\/02\/aff09bff-c0100329-vale-400x200.webp\">\n\t\t\t\t<img loading=\"lazy\" decoding=\"async\" class=\"newsContent__article__imgCapa lazyloadDisabled \" src=\"https:\/\/files.sunoresearch.com.br\/n\/uploads\/2021\/02\/aff09bff-c0100329-vale-800x450.webp\" width=\"800\" height=\"450\" alt=\"Radar: queda de produ\u00e7\u00e3o da Vale (VALE3), Netflix (NFLX34) perde 200 mil assinantes, parceria do Mercado Livre (MELI34) com a Gol (GOLL4)\" fetchpriority=high \/>\n\t\t\t<\/picture>\n\n\t\t\t<figcaption class=\"wp-caption-text wp-caption-text--show\">Vale (VALE3). Foto: Divulga\u00e7\u00e3o.<\/figcaption>\n\t\t<\/figure>\n\t<\/div>\n\n\n\t<p>\n\t\t<a href=\"\" target=\"_blank\" data-element=\"shortcode-suno-banner\" title=\"Banner SUNO, clique e saiba mais\">\n\t\t\t<picture>\n\t\t\t\t<source media=\"(max-width: 500px)\" srcset=\"\">\n\t\t\t\t<img class=\"newsContent__article__imgCapa newsContent__article__imgCapa--banner\"\n\t\t\t\t\tsrc=\"\"\n\t\t\t\t\tdata-promo-id=\"138420\"\t\t\t\t\t\t\t\t\t\t\t\t\t\t\talt=\"\"\n\t\t\t\t>\n\t\t\t<\/picture>\n\t\t<\/a>\n\t<\/p>\n\n\n<p>A Vale tamb\u00e9m informou que a\u00a0<strong>comercializa\u00e7\u00e3o do min\u00e9rio<\/strong>\u00a0foi de 53,6 milh\u00f5es de toneladas no 1T22, baixa de 9,6% ante o mesmo per\u00edodo de 2021 e -35,5% na compara\u00e7\u00e3o com o trimestre imediatamente anterior.<\/p>\n<p>No relat\u00f3rio de\u00a0<strong>produ\u00e7\u00e3o da Vale<\/strong>, a companhia destaca que o fraco desempenho comparativo anual \u00e9 resultado de uma combina\u00e7\u00e3o de fatores, como:<\/p>\n<ul>\n<li>as fortes chuvas que atingiram Minas Gerais em janeiro deste ano<\/li>\n<li>a interrup\u00e7\u00e3o de quatro dias da Estrada de Ferro de Caraj\u00e1s por causa das chuvas de mar\u00e7o<\/li>\n<li>atrasos de licenciamento na Serra Norte<\/li>\n<li>a piora da rela\u00e7\u00e3o entre est\u00e9ril e min\u00e9rio no mina S11D, em Cana\u00e3 dos Caraj\u00e1s, no Par\u00e1.<\/li>\n<\/ul>\n<p>Segundo a empresa, esses pontos negativos foram parcialmente compensados pela\u00a0<strong>melhoria da capacidade de produ\u00e7\u00e3o<\/strong>\u00a0dos Sistemas Sul e Sudeste, ap\u00f3s o comissionamento e retomada de v\u00e1rios ativos ao longo de 2021.<\/p>\n<p>\u201cEssas quest\u00f5es foram parcialmente compensadas pela melhoria da capacidade de produ\u00e7\u00e3o dos Sistemas Sul e Sudeste, ap\u00f3s o comissionamento e retomada de v\u00e1rios ativos ao longo de 2021\u201d, afirma o relat\u00f3rio da companhia.<\/p>\n<p>As grandes manuten\u00e7\u00f5es do trimestre, por\u00e9m, devem beneficiar a produ\u00e7\u00e3o no ano. Desta forma, a Vale tende a continuar seguindo o\u00a0<strong>guidance de produ\u00e7\u00e3o anual<\/strong> de min\u00e9rio de ferro previsto para 320-335 Mt.<\/p>\n<p>Al\u00e9m da <strong>Vale<\/strong>, confira outros destaques desta ter\u00e7a-feira:<\/p>\n<h2>Netflix (NFLX34): lucro cai e empresa perde 200 mil assinantes no 1T22; a\u00e7\u00f5es t\u00eam queda de 24%<\/h2>\n<ul>\n<li>A<strong>\u00a0Netflix<\/strong>\u00a0(NFLX34) divulgou nesta ter\u00e7a (19) seu desempenho operacional no primeiro trimestre de 2022. A companhia de streaming apurou lucro de US$ 1,6 bilh\u00e3o, recuo ante US$ 1,707 bilh\u00e3o em igual per\u00edodo do ano passado. O lucro l\u00edquido dilu\u00eddo por a\u00e7\u00e3o ficou em US$ 3,53, de US$ 3,75 anteriormente. Analistas ouvidos pelo FactSet previam US$ 2,90.<\/li>\n<li>Mas o n\u00famero que chamou a aten\u00e7\u00e3o dos investidores foi outro: o n\u00famero l\u00edquido de assinantes pagos do <strong>servi\u00e7o de streaming<\/strong> teve queda de 200 mil e a empresa projeta que esse componente tenha recuo de 2 milh\u00f5es no segundo trimestre \u2014 a primeira vez em que isso aconteceu em dez anos. Isso fez com que as\u00a0<strong>a\u00e7\u00f5es do Netflix<\/strong>\u00a0desabassem no after hours: 24,15%.<\/li>\n<li>A empresa projetava adicionar 2,2 milh\u00f5es de assinantes a sua base trimestral entre janeiro e mar\u00e7o \u2014 enquanto o mercado estimava 2,7 milh\u00f5es de novas assinaturas.<\/li>\n<li>A <strong>receita da Netflix<\/strong>\u00a0foi de US$ 7,868 bilh\u00f5es no primeiro trimestre de 2022, de US$ 7,163 bilh\u00f5es em igual per\u00edodo de 2021.<\/li>\n<li>Segundo ela, a interrup\u00e7\u00e3o do fornecimento na R\u00fassia, no contexto da guerra na Ucr\u00e2nia, provocou a perda de 700 mil assinantes l\u00edquidos.<\/li>\n<li>Em comunicado, a Netflix afirma que o <strong>crescimento de sua receita<\/strong>\u00a0\u201ctem desacelerado de modo consider\u00e1vel\u201d. A empresa diz que a penetra\u00e7\u00e3o j\u00e1 grande dela entre o p\u00fablico e a maior concorr\u00eancia t\u00eam pressionado seus resultados, criando ventos contr\u00e1rios para o crescimento da receita.<\/li>\n<li>Os executivos da empresa admitiram que a concorr\u00eancia de outras <strong>plataformas de streaming<\/strong>\u00a0teve um impacto negativo no resultado do primeiro trimestre de 2022.<\/li>\n<li>A <strong>Netflix<\/strong>\u00a0informou que os gastos com conte\u00fado, principalmente s\u00e9ries e filmes originais, aumentaram, num cen\u00e1rio de concorr\u00eancia acentuada no setor de streaming. Por isso a companhia elevou os pre\u00e7os de seu servi\u00e7o.<\/li>\n<li>A empresa de streaming registrou eleva\u00e7\u00e3o de at\u00e9 22% no pre\u00e7o das assinaturas no Brasil. O plano mais barato sai por R$ 25,90 e o o mais alto, chamado premium, custa R$ 55,90. Nos Estados Unidos, o plano foi de\u00a0 US$ 1 para US$ 9,99. O premium teve alta de US$ 2, de US$ 17,99 para US$ 19,99.<\/li>\n<\/ul>\n\t<p>\n\t\t<a href=\"https:\/\/lp.suno.com.br\/planilha-controle-gastos\/\" target=\"_blank\" data-element=\"shortcode-suno-banner\" title=\"Banner SUNO, clique e saiba mais\">\n\t\t\t<picture>\n\t\t\t\t<source media=\"(max-width: 500px)\" srcset=\"https:\/\/files.sunoresearch.com.br\/n\/uploads\/2023\/03\/400x300-Planilha-controle-de-gastos.png\">\n\t\t\t\t<img class=\"newsContent__article__imgCapa newsContent__article__imgCapa--banner\"\n\t\t\t\t\tsrc=\"https:\/\/files.sunoresearch.com.br\/n\/uploads\/2023\/03\/1420x240-Planilha-controle-de-gastos.png\"\n\t\t\t\t\tdata-promo-id=\"101751\"\t\t\t\t\t\t\t\t\t\twidth='1420' height='240'\t\t\t\t\talt=\"https:\/\/files.sunoresearch.com.br\/n\/uploads\/2023\/03\/1420x240-Planilha-controle-de-gastos.png\"\n\t\t\t\t>\n\t\t\t<\/picture>\n\t\t<\/a>\n\t<\/p>\n\n\n<h2>Eletrobras (ELET3): PT entra com a\u00e7\u00e3o contra a privatiza\u00e7\u00e3o da estatal<\/h2>\n<ul>\n<li>O Partido dos Trabalhadores (<strong>PT<\/strong>) entrou com a\u00e7\u00e3o popular contra a venda da\u00a0<a href=\"https:\/\/www.suno.com.br\/acoes\/elet3\/\"><strong>Eletrobras<\/strong>\u00a0(ELET3)<\/a>\u00a0na Justi\u00e7a Federal de Bras\u00edlia nesta ter\u00e7a-feira (19).<\/li>\n<li>A a\u00e7\u00e3o se baseia na subavalia\u00e7\u00e3o da <strong>descotiza\u00e7\u00e3o<\/strong>\u00a0das hidrel\u00e9tricas da estatal, o que foi reconhecido pelo ministro do Tribunal de Contas da Uni\u00e3o (<strong>TCU<\/strong>), Vital do R\u00eago. De acordo com o ministro, a Eletrobras deveria ser vendida pelo\u00a0<strong>dobro<\/strong>\u00a0do que est\u00e1 sendo avaliada.<\/li>\n<li>A presidente do Partido dos Trabalhadores, Gleisi Hoffmann, o ex-ministro e deputado Patrus Ananias e senador Jean-Paul Prates s\u00e3o alguns dos nomes de maior destaque do partido que assinaram a carta.<\/li>\n<li>A a\u00e7\u00e3o pede a \u201cnulidade das medidas CME (<a class=\"suno-keyword\" href=\"https:\/\/www.suno.com.br\/artigos\/custo-marginal\/\" target=\"_blank\" rel=\"noopener\" data-force=\"no\" data-priority=\"1\">Custo Marginal<\/a>\u00a0de Expans\u00e3o) empregadas no c\u00e1lculo do valor adicionado aos novos contratos de gera\u00e7\u00e3o de energia da Eletrobras em raz\u00e3o do desprezo do CME \u2013 Pot\u00eancia na medida do CME, ocasionando uma subavalia\u00e7\u00e3o de R$ 46 bilh\u00f5es no valor de privatiza\u00e7\u00e3o\u201d.<\/li>\n<li>Esta \u00e9 mais uma tentativa do partido de travar a privatiza\u00e7\u00e3o da Eletrobras, que, de acordo com o candidato l\u00edder das pesquisas \u00e0 Presid\u00eancia da Rep\u00fablica, Luiz In\u00e1cio Lula da Silva, ter\u00e1 sua venda revertida no caso da sua vit\u00f3ria.<\/li>\n<li>Apesar da a\u00e7\u00e3o por parte do PT, o que preocupa o mercado e os analistas \u00e9 a possibilidade de uma vista longa pedida pelo ministro, totalizando 20 dias. Ilan Arbetman, analista de Research da Ativa Investimentos, afirma que o mercado j\u00e1 prev\u00ea e trabalha com o <strong>pedido de<\/strong>\u00a0<strong>vista<\/strong>, mas espera uma negocia\u00e7\u00e3o a respeito do prazo.<\/li>\n<li>\u201cO mercado j\u00e1 trabalha com um novo pedido de vista\u201d, disse Ilan. \u201cO grande ponto agora se d\u00e1 sobre a negocia\u00e7\u00e3o pelo qual esse tempo de vista vai durar, pois \u00e9 poss\u00edvel pedir vista por 20 dias, e a\u00ed tem-se o direto de aplicar mais dois per\u00edodos de 20 dias. Ent\u00e3o, no m\u00e1ximo, pode chegar a 60 dias de vista\u201d.<\/li>\n<li>O analista destaca que a negocia\u00e7\u00e3o diminua o per\u00edodo de 20 para apenas sete dias. \u201cIsso possibilitaria que isso fosse julgado at\u00e9 dia 13 de maio, data limite para o processo de capitaliza\u00e7\u00e3o fosse feito\u201d, afirmou. Conforme for o acordo entre os ministros, o resultado pode levar <strong>volatilidade para os pap\u00e9is da Eletrobras<\/strong>, seja para cima ou para baixo.<\/li>\n<li>Ilan ainda explica que, caso n\u00e3o seja poss\u00edvel uma negocia\u00e7\u00e3o, haveria a possibilidade de privatizar a Eletrobras numa pr\u00f3xima janela, entre julho e agosto. \u201cMas \u00e9 uma janela que tende a ser muito mais contaminada por quest\u00f5es pol\u00edticas, at\u00e9 pela proximidade com as elei\u00e7\u00f5es. Ent\u00e3o, eu diria que esse prazo pelo qual a vista vai ser feita, esse sim \u00e9 o ponto principal, que vai definir se a gente vai ficar mais perto da capitaliza\u00e7\u00e3o ou n\u00e3o\u201d, finalizou.<\/li>\n<li>\u00c9 na pr\u00f3xima quarta-feira (20) a previs\u00e3o da avalia\u00e7\u00e3o da segunda etapa da privatiza\u00e7\u00e3o da companhia pelo TCU. Por\u00e9m, a expectativa \u00e9 de que o ministro Vital do R\u00eago pe\u00e7a vista do processo, o que pode atrasar a opera\u00e7\u00e3o pretendida pelo governo Bolsonaro.<\/li>\n<li>\u201cDesprezar o importante <a class=\"suno-keyword\" href=\"https:\/\/www.suno.com.br\/artigos\/ativo-financeiro\/\" target=\"_blank\" rel=\"noopener\" data-force=\"no\" data-priority=\"1\">ativo financeiro<\/a>\u00a0que \u00e9 a reserva de pot\u00eancia das hidrel\u00e9tricas \u00e9 o mesmo que desprezar todo patrim\u00f4nio financeiro que as hidrel\u00e9tricas podem gerar ao longo dos 30 anos dos novos contratos de gera\u00e7\u00e3o de energia\u201d, argumenta o PT na a\u00e7\u00e3o.<\/li>\n<li>A descotiza\u00e7\u00e3o consiste em desfazer os atuais contratos de fornecimento de energia el\u00e9trica, atualmente firmados entre as usinas hidrel\u00e9tricas e as distribuidoras de energia, operantes em regime de cotas, para que as hidrel\u00e9tricas passem a dispor da energia como produtor independente de energia.<\/li>\n<\/ul>\n\t<p>\n\t\t<a href=\"https:\/\/lp.suno.com.br\/planilha-da-vida-financeira\/\" target=\"_blank\" data-element=\"shortcode-suno-banner\" title=\"Banner SUNO, clique e saiba mais\">\n\t\t\t<picture>\n\t\t\t\t<source media=\"(max-width: 500px)\" srcset=\"https:\/\/files.sunoresearch.com.br\/n\/uploads\/2023\/04\/400x300-Planilha-vida-financeira-true.png\">\n\t\t\t\t<img class=\"newsContent__article__imgCapa newsContent__article__imgCapa--banner\"\n\t\t\t\t\tsrc=\"https:\/\/files.sunoresearch.com.br\/n\/uploads\/2023\/04\/1420x240-Planilha-vida-financeira-true.png\"\n\t\t\t\t\tdata-promo-id=\"106682\"\t\t\t\t\t\t\t\t\t\twidth='1420' height='240'\t\t\t\t\talt=\"https:\/\/files.sunoresearch.com.br\/n\/uploads\/2023\/04\/1420x240-Planilha-vida-financeira-true.png\"\n\t\t\t\t>\n\t\t\t<\/picture>\n\t\t<\/a>\n\t<\/p>\n\n\n<h2 class=\"newsContent__article__title\">Braskem (BRKM5) aprova pagamento de R$ 1,35 bi em dividendos complementares<\/h2>\n<ul>\n<li>A <a class=\"suno-keyword\" href=\"https:\/\/www.suno.com.br\/acoes\/BRKM5\/\" target=\"_blank\" rel=\"noopener\" data-force=\"yes\" data-priority=\"2\"><strong>Braskem<\/strong>\u00a0(BRKM5)<\/a>\u00a0far\u00e1 a partir de 2 de maio o pagamento de R$ 1,35 bilh\u00e3o em\u00a0<a class=\"suno-keyword\" href=\"https:\/\/www.suno.com.br\/guias\/dividendos\/\" target=\"_blank\" rel=\"noopener\" data-force=\"no\" data-priority=\"1\">dividendos<\/a> complementares, aprovados em Assembleia Geral e Ordin\u00e1ria nesta ter\u00e7a (19). Os proventos tinham sido anunciados no documento que acompanhava o balan\u00e7o do quatro trimestre de 2021, divulgado em mar\u00e7o \u00faltimo.<\/li>\n<li>Os\u00a0<strong>dividendos da Braskem<\/strong> foram divididos em R$ 766.187.593,13, que equivalem a R$ 1,696348838321 por a\u00e7\u00e3o ordin\u00e1ria, e R$ 583.812.406,87, correspondentes a R$ 1,696348838321 por a\u00e7\u00e3o preferencial classe \u201cA\u201d.<\/li>\n<li>A Braskem j\u00e1 tinha aprovado R$ 6 bilh\u00f5es como\u00a0<strong>antecipa\u00e7\u00e3o dos dividendos<\/strong>, em rela\u00e7\u00e3o ao\u00a0<strong>lucro l\u00edquido<\/strong>\u00a0apurado entre 1\u00ba de janeiro e 30 de setembro de 2021, de acordo com o que foi aprovado pelo\u00a0<a class=\"suno-keyword\" href=\"https:\/\/www.suno.com.br\/artigos\/conselho-administracao\/\" target=\"_blank\" rel=\"noopener\" data-force=\"no\" data-priority=\"1\">Conselho de Administra\u00e7\u00e3o<\/a> da companhia em 2 de dezembro de 2021.<\/li>\n<li>Esse montante bilion\u00e1rio foi pago em 20 de dezembro de 2021, sendo R$ 3.405.152.005,20 , ou R$ 7,539048791898 por a\u00e7\u00e3o ordin\u00e1ria, e R$ 2.594.544.839,34, correspondentes a R$ 7,539048791898 por a\u00e7\u00e3o preferencial classe \u201cA\u201d \u2014 al\u00e9m de R$ 303.155,46, equivalentes a R$ 0,606032140100 por a\u00e7\u00e3o preferencial classe \u201cB\u201d.<\/li>\n<li>No total, a empresa totalizou <strong>R$ 7,350 bilh\u00f5es em dividendos<\/strong>, relativos a 77,5% do \u00a0<a class=\"suno-keyword\" href=\"https:\/\/www.suno.com.br\/artigos\/lucro-liquido\/\" target=\"_blank\" rel=\"noopener\" data-force=\"no\" data-priority=\"1\">lucro l\u00edquido<\/a> ajustado do exerc\u00edcio.<\/li>\n<li>O\u00a0<strong>pagamento dos dividendos complementares<\/strong>, que ser\u00e1 realizado a partir de 2 de maio de 2022, valem para quem tem posi\u00e7\u00e3o acion\u00e1ria at\u00e9 o final do preg\u00e3o deste 19 de abril. As\u00a0<a class=\"suno-keyword\" href=\"https:\/\/www.suno.com.br\/artigos\/o-que-sao-acoes-ordinarias-preferenciais-e-units\/\" target=\"_blank\" rel=\"noopener\" data-force=\"no\" data-priority=\"1\">a\u00e7\u00f5es ordin\u00e1rias<\/a>\u00a0e preferenciais de emiss\u00e3o da companhia passar\u00e3o a ser negociadas \u201cex-dividendos\u201d (sem direito aos dividendos) a partir de 20 de abril de 2022.<\/li>\n<\/ul>\n<h2>Carrefour (CRFB3): vendas sobem 14,5% no 1T22 e chegam a R$ 20,8 bilh\u00f5es<\/h2>\n<ul>\n<li>O <a class=\"suno-keyword\" href=\"https:\/\/www.suno.com.br\/acoes\/CRFB3\/\" target=\"_blank\" rel=\"noopener\" data-force=\"yes\" data-priority=\"2\">Carrefour (CRFB3)<\/a>\u00a0apurou R$ 20,8 bilh\u00f5es em vendas brutas consolidadas no primeiro trimestre de 2022, o que representa um crescimento de 14,5% em rela\u00e7\u00e3o ao mesmo per\u00edodo do ano passado. Desse montante total, R$ 15 bilh\u00f5es vieram do Atacad\u00e3o, representando alta de 18,6% na mesma base comparativa. Os R$ 5,8 bilh\u00f5es restantes foram reportados pelo Carrefour Varejo, que registrou avan\u00e7o anual de 4,8%,de acordo com as pr\u00e9vias divulgadas h\u00e1 pouco pela empresa.<\/li>\n<li>As <strong>vendas consolidadas do Carrefour<\/strong>\u00a0foram impulsionadas principalmente pelo \u201cs\u00f3lido crescimento observado na categoria alimentar em todos os segmentos\u201d, segundo a empresa.<\/li>\n<li>As vendas brutas mesmas lojas do Grupo subiram 8,5% ante os tr\u00eas primeiros meses de 2021. No caso do Atacad\u00e3o, a alta chegou a 9,2% na compara\u00e7\u00e3o anual e 20,8% em rela\u00e7\u00e3o ao mesmo per\u00edodo de 2019. O <strong>Carrefour Varejo<\/strong>, por sua vez, registrou crescimento de 7% entre janeiro e mar\u00e7o desse ano ante o primeiro trimestre de 2021.<\/li>\n<li>O <strong>GMV total do Carrefour<\/strong>\u00a0atingiu R$ 1,1 bilh\u00e3o no primeiro trimestre de 2022, crescendo 50,8% em rela\u00e7\u00e3o ao mesmo per\u00edodo do ano anterior e 10,4% na compara\u00e7\u00e3o trimestral. O crescimento de alimentos foi forte nos\u00a0<strong>canais f\u00edsico e digital<\/strong>\u00a0da companhia, com este \u00faltimo crescendo 2,5 vezes, impulsionado pela escalabilidade do Atacad\u00e3o e pela recente iniciativa de picking in store do Varejo.<\/li>\n<li>O Grupo Carrefour Brasil inaugurou duas lojas Cash &amp; Carry, totalizando 252 lojas at\u00e9 o final de mar\u00e7o. O Atacad\u00e3o abriu 37 lojas e 3 Atacados nos \u00faltimos 12 meses, o que contribuiu com 9,7% para o crescimento do faturamento no per\u00edodo. H\u00e1 7 unidades no pipeline da companhia a serem inauguradas em breve.<\/li>\n<li>O <strong>faturamento bruto do Banco Carrefour<\/strong>\u00a0atingiu R$ 12,0 bilh\u00f5es entre janeiro e mar\u00e7o de 2022, crescimento de 10,6% ano a ano. A alta foi apoiada pelos cart\u00f5es de cr\u00e9dito Carrefour (+7,8%) e Atacad\u00e3o (+15,0%), informa a companhia.<\/li>\n<li>O desempenho tamb\u00e9m foi positivo em cross-sell e novos produtos do <strong>Carrefour<\/strong>, que contribu\u00edram com 38,2%, beneficiados pela acelera\u00e7\u00e3o dos empr\u00e9stimos pessoais.<\/li>\n<\/ul>\n\t<p>\n\t\t<a href=\"https:\/\/lp.suno.com.br\/ebook-como-analisar-uma-acao\/\" target=\"_blank\" data-element=\"shortcode-suno-banner\" title=\"Banner SUNO, clique e saiba mais\">\n\t\t\t<picture>\n\t\t\t\t<source media=\"(max-width: 500px)\" srcset=\"https:\/\/files.sunoresearch.com.br\/n\/uploads\/2023\/03\/Ebook-Acoes-Mobile-1.jpg\">\n\t\t\t\t<img class=\"newsContent__article__imgCapa newsContent__article__imgCapa--banner\"\n\t\t\t\t\tsrc=\"https:\/\/files.sunoresearch.com.br\/n\/uploads\/2023\/03\/Ebook-Acoes-Desktop-1.jpg\"\n\t\t\t\t\tdata-promo-id=\"171998\"\t\t\t\t\t\t\t\t\t\twidth='1420' height='286'\t\t\t\t\talt=\"https:\/\/files.sunoresearch.com.br\/n\/uploads\/2023\/03\/Ebook-Acoes-Desktop-1.jpg\"\n\t\t\t\t>\n\t\t\t<\/picture>\n\t\t<\/a>\n\t<\/p>\n\n\n<h2>Mercado Livre (MELI34) e Gol (GOLL4) fecham parceria para servi\u00e7os de log\u00edstica<\/h2>\n<ul>\n<li>O <strong>Mercado Livre<\/strong>\u00a0(<a class=\"suno-keyword\" href=\"https:\/\/www.suno.com.br\/bdrs\/meli34\/\" target=\"_blank\" rel=\"noopener\" data-force=\"yes\" data-priority=\"2\">MELI34<\/a>) e a\u00a0<a class=\"suno-keyword\" href=\"https:\/\/www.suno.com.br\/acoes\/GOLL4\/\" target=\"_blank\" rel=\"noopener\" data-force=\"yes\" data-priority=\"2\">Gol (GOLL4)<\/a>\u00a0fecharam uma parceria de dez anos para a opera\u00e7\u00e3o de servi\u00e7os log\u00edsticos por meio da companhia a\u00e9rea brasileira.<\/li>\n<li>Segundo o contrato, a <strong>Gol<\/strong>\u00a0vai converter seis de suas aeronaves de passageiros modelo Boeing 737-800 para cargueiros de uso exclusivo pelo Mercado Livre, informa\u00a0<a class=\"suno-keyword\" href=\"https:\/\/www.suno.com.br\/artigos\/fato-relevante\/\" target=\"_blank\" rel=\"noopener\" data-force=\"no\" data-priority=\"1\">fato relevante<\/a>\u00a0desta ter\u00e7a-feira (19).<\/li>\n<li>O neg\u00f3cio de log\u00edstica da Gol, <strong>GOLLOG<\/strong>, dever\u00e1 come\u00e7ar a opera\u00e7\u00e3o em parceria com o e-commerce argentino a partir de junho, com tr\u00eas avi\u00f5es. Outras tr\u00eas aeronaves entrar\u00e3o no neg\u00f3cio em 2023 e o Mercado Livre ainda poder\u00e1 aumentar a opera\u00e7\u00e3o em mais seis jatos at\u00e9 2025.<\/li>\n<li>A companhia a\u00e9rea diz que o acordo dever\u00e1 viabilizar uma economia de R$ 25 milh\u00f5es em 2022 e de R$ 75 milh\u00f5es em 2023, como indicou o presidente-executivo da Gol, <strong>Paulo Kakinoff<\/strong>. Al\u00e9m disso, a mudan\u00e7a nas aeronaves \u201cpermitir\u00e1 maior dilui\u00e7\u00e3o dos custos fixos e gerar\u00e1 novas oportunidades de receitas auxiliares\u201d, conforme o fato relevante.<\/li>\n<li>A a\u00e9rea prev\u00ea ainda que seu bra\u00e7o de <strong>log\u00edstica<\/strong>\u00a0ter\u00e1 uma receita adicional de R$ 100 milh\u00f5es em 2022 e de R$ 1 bilh\u00e3o ao longo de cinco anos. A GOLLOG opera servi\u00e7os de carga para 52 aeroportos e mais de 3.900 destinos no Brasil.<\/li>\n<li>J\u00e1 o Mercado Livre estima elevar seu volume de encomendas transportadas por via a\u00e9rea de 10 milh\u00f5es para 40 milh\u00f5es por ano no Brasil.<\/li>\n<li>\u201cCom essa parceria, ampliaremos o n\u00famero de voos diretos de S\u00e3o Paulo para as Regi\u00f5es Norte e Nordeste, reduzindo o tempo de entrega em at\u00e9 80%\u201d, disse <strong>Fernando Yunes<\/strong>, vice-presidente s\u00eanior do Mercado Livre no Brasil.<\/li>\n<li>Segundo Yunes, o prazo de entrega para Manaus ser\u00e1 de apenas um dia, em compara\u00e7\u00e3o com os atuais nove dias, enquanto destinos no Nordeste ter\u00e3o o prazo reduzido de quatro para um dia. Outras capitais, como Goi\u00e2nia e Cuiab\u00e1, passar\u00e3o a receber suas encomendas no dia seguinte.<\/li>\n<li>\u201cEstamos muito otimistas em rela\u00e7\u00e3o ao nosso acordo com a GOL e vemos isso como fundamental para o fortalecimento de nossa rota de crescimento no e-commerce e na nossa estrat\u00e9gia de expans\u00e3o regional\u201d, afirma o <strong>VP do Mercado Livre<\/strong>.<\/li>\n<\/ul>\n<p>Da <b>Vale <\/b>ao Mercado Livre, essas foram as empresas que se destacaram hoje. Para ler todas as mat\u00e9rias <b data-stringify-type=\"bold\"><a class=\"c-link\" tabindex=\"-1\" href=\"https:\/\/www.suno.com.br\/noticias\/\" target=\"_blank\" rel=\"noopener noreferrer\" data-stringify-link=\"https:\/\/www.suno.com.br\/noticias\/\" data-sk=\"tooltip_parent\" data-remove-tab-index=\"true\">clique aqui<\/a><\/b>.<\/p>\n\t<p>\n\t\t<a href=\"https:\/\/lp.suno.com.br\/planilha-de-controle-de-investimentos\/\" target=\"_blank\" data-element=\"shortcode-suno-banner\" title=\"Banner SUNO, clique e saiba mais\">\n\t\t\t<picture>\n\t\t\t\t<source media=\"(max-width: 500px)\" srcset=\"https:\/\/files.sunoresearch.com.br\/n\/uploads\/2023\/03\/400x300-Controle-de-Investimentos.png\">\n\t\t\t\t<img class=\"newsContent__article__imgCapa newsContent__article__imgCapa--banner\"\n\t\t\t\t\tsrc=\"https:\/\/files.sunoresearch.com.br\/n\/uploads\/2023\/03\/1420x240-Controle-de-Investimentos.png\"\n\t\t\t\t\tdata-promo-id=\"75934\"\t\t\t\t\t\t\t\t\t\twidth='1420' height='240'\t\t\t\t\talt=\"https:\/\/files.sunoresearch.com.br\/n\/uploads\/2023\/03\/1420x240-Controle-de-Investimentos.png\"\n\t\t\t\t>\n\t\t\t<\/picture>\n\t\t<\/a>\n\t<\/p>\n\n\n","protected":false},"excerpt":{"rendered":"<p>A produ\u00e7\u00e3o de min\u00e9rio de ferro da\u00a0Vale\u00a0(VALE3)\u00a0totalizou 63,9 milh\u00f5es de toneladas no primeiro trimestre de 2022, o equivalente a uma queda de 6% na compara\u00e7\u00e3o anual e baixa de 22,5% ante o \u00faltimo trimestre de 2021, de acordo com relat\u00f3rio divulgado nesta ter\u00e7a-feira (19). Vale (VALE3). Foto: Divulga\u00e7\u00e3o. A Vale tamb\u00e9m informou que a\u00a0comercializa\u00e7\u00e3o do [&hellip;]<\/p>\n","protected":false},"author":146,"featured_media":126963,"comment_status":"closed","ping_status":"closed","sticky":false,"template":"","format":"standard","meta":[],"categories":[64],"tags":[405,455,489,1235,1080,676],"suno_strategy":[],"class_list":["post-252208","post","type-post","status-publish","format-standard","has-post-thumbnail","hentry","category-negocios","tag-carrefour-crfb3","tag-eletrobras-elet3-elet5-elet6","tag-gol-linhas-aereas-goll11-goll4","tag-mercado-livre-meli34","tag-netflix-nflx34","tag-vale-vale3"],"yoast_head":"<!-- This site is optimized with the Yoast SEO plugin v24.4 - https:\/\/yoast.com\/wordpress\/plugins\/seo\/ -->\n<title>Radar: produ\u00e7\u00e3o de min\u00e9rio da Vale (VALE3), Netflix (NFLX34) perde 200 mil assinantes<\/title>\n<meta name=\"description\" content=\"A produ\u00e7\u00e3o de min\u00e9rio de ferro da\u00a0Vale\u00a0(VALE3)\u00a0totalizou 63,9 mi de toneladas no 1T22, uma queda de 6% no ano a ano. Veja mais not\u00edcias.\" \/>\n<meta name=\"robots\" content=\"index, follow, max-snippet:-1, max-image-preview:large, max-video-preview:-1\" \/>\n<link rel=\"canonical\" href=\"https:\/\/www.suno.com.br\/noticias\/radar-vale-vale3-netflix-nflx34-mercado-livre-meli34\/\" \/>\n<meta property=\"og:locale\" content=\"pt_BR\" \/>\n<meta property=\"og:type\" content=\"article\" \/>\n<meta property=\"og:title\" content=\"Radar: produ\u00e7\u00e3o de min\u00e9rio da Vale (VALE3), Netflix (NFLX34) perde 200 mil assinantes\" \/>\n<meta property=\"og:description\" content=\"A produ\u00e7\u00e3o de min\u00e9rio de ferro da\u00a0Vale\u00a0(VALE3)\u00a0totalizou 63,9 mi de toneladas no 1T22, uma queda de 6% no ano a ano. Veja mais not\u00edcias.\" \/>\n<meta property=\"og:url\" content=\"https:\/\/www.suno.com.br\/noticias\/radar-vale-vale3-netflix-nflx34-mercado-livre-meli34\/\" \/>\n<meta property=\"og:site_name\" content=\"Suno Not\u00edcias\" \/>\n<meta property=\"article:publisher\" content=\"https:\/\/facebook.com\/sunoresearch\" \/>\n<meta property=\"og:image\" content=\"https:\/\/files.sunoresearch.com.br\/n\/uploads\/2021\/02\/aff09bff-c0100329-vale.jpg\" \/>\n\t<meta property=\"og:image:width\" content=\"1380\" \/>\n\t<meta property=\"og:image:height\" content=\"937\" \/>\n\t<meta property=\"og:image:type\" content=\"image\/jpeg\" \/>\n<meta name=\"author\" content=\"Vict\u00f3ria Anhesini\" \/>\n<meta name=\"twitter:card\" content=\"summary_large_image\" \/>\n<meta name=\"twitter:creator\" content=\"@sunoresearch\" \/>\n<meta name=\"twitter:site\" content=\"@sunoresearch\" \/>\n<meta name=\"twitter:label1\" content=\"Escrito por\" \/>\n\t<meta name=\"twitter:data1\" content=\"Vict\u00f3ria Anhesini\" \/>\n\t<meta name=\"twitter:label2\" content=\"Est. tempo de leitura\" \/>\n\t<meta name=\"twitter:data2\" content=\"10 minutos\" \/>\n<script type=\"application\/ld+json\" class=\"yoast-schema-graph\">{\"@context\":\"https:\/\/schema.org\",\"@graph\":[{\"@type\":\"NewsArticle\",\"@id\":\"https:\/\/www.suno.com.br\/noticias\/radar-vale-vale3-netflix-nflx34-mercado-livre-meli34\/#article\",\"isPartOf\":{\"@id\":\"https:\/\/www.suno.com.br\/noticias\/radar-vale-vale3-netflix-nflx34-mercado-livre-meli34\/\"},\"author\":{\"name\":\"Vict\u00f3ria Anhesini\",\"@id\":\"https:\/\/www.suno.com.br\/noticias\/#\/schema\/person\/46d847cb19ad53fde0857adca989c23f\"},\"headline\":\"Radar: queda de produ\u00e7\u00e3o da Vale (VALE3), Netflix (NFLX34) perde 200 mil assinantes, parceria do Mercado Livre (MELI34) com a Gol (GOLL4)\",\"datePublished\":\"2022-04-20T00:52:20+00:00\",\"dateModified\":\"2022-04-20T00:57:29+00:00\",\"mainEntityOfPage\":{\"@id\":\"https:\/\/www.suno.com.br\/noticias\/radar-vale-vale3-netflix-nflx34-mercado-livre-meli34\/\"},\"wordCount\":2345,\"publisher\":{\"@id\":\"https:\/\/www.suno.com.br\/noticias\/#organization\"},\"image\":{\"@id\":\"https:\/\/www.suno.com.br\/noticias\/radar-vale-vale3-netflix-nflx34-mercado-livre-meli34\/#primaryimage\"},\"thumbnailUrl\":\"https:\/\/files.sunoresearch.com.br\/n\/uploads\/2021\/02\/aff09bff-c0100329-vale-jpg.webp\",\"keywords\":[\"Carrefour (CRFB3)\",\"Eletrobras (ELET3\/ELET5\/ELET6)\",\"Gol Linhas A\u00e9reas (GOLL11\/GOLL4)\",\"Mercado Livre (MELI34)\",\"Netflix (NFLX34)\",\"Vale (VALE3)\"],\"articleSection\":[\"Neg\u00f3cios\"],\"inLanguage\":\"pt-BR\"},{\"@type\":\"WebPage\",\"@id\":\"https:\/\/www.suno.com.br\/noticias\/radar-vale-vale3-netflix-nflx34-mercado-livre-meli34\/\",\"url\":\"https:\/\/www.suno.com.br\/noticias\/radar-vale-vale3-netflix-nflx34-mercado-livre-meli34\/\",\"name\":\"Radar: produ\u00e7\u00e3o de min\u00e9rio da Vale (VALE3), Netflix (NFLX34) perde 200 mil assinantes\",\"isPartOf\":{\"@id\":\"https:\/\/www.suno.com.br\/noticias\/#website\"},\"primaryImageOfPage\":{\"@id\":\"https:\/\/www.suno.com.br\/noticias\/radar-vale-vale3-netflix-nflx34-mercado-livre-meli34\/#primaryimage\"},\"image\":{\"@id\":\"https:\/\/www.suno.com.br\/noticias\/radar-vale-vale3-netflix-nflx34-mercado-livre-meli34\/#primaryimage\"},\"thumbnailUrl\":\"https:\/\/files.sunoresearch.com.br\/n\/uploads\/2021\/02\/aff09bff-c0100329-vale-jpg.webp\",\"datePublished\":\"2022-04-20T00:52:20+00:00\",\"dateModified\":\"2022-04-20T00:57:29+00:00\",\"description\":\"A produ\u00e7\u00e3o de min\u00e9rio de ferro da\u00a0Vale\u00a0(VALE3)\u00a0totalizou 63,9 mi de toneladas no 1T22, uma queda de 6% no ano a ano. Veja mais not\u00edcias.\",\"breadcrumb\":{\"@id\":\"https:\/\/www.suno.com.br\/noticias\/radar-vale-vale3-netflix-nflx34-mercado-livre-meli34\/#breadcrumb\"},\"inLanguage\":\"pt-BR\",\"potentialAction\":[{\"@type\":\"ReadAction\",\"target\":[\"https:\/\/www.suno.com.br\/noticias\/radar-vale-vale3-netflix-nflx34-mercado-livre-meli34\/\"]}]},{\"@type\":\"ImageObject\",\"inLanguage\":\"pt-BR\",\"@id\":\"https:\/\/www.suno.com.br\/noticias\/radar-vale-vale3-netflix-nflx34-mercado-livre-meli34\/#primaryimage\",\"url\":\"https:\/\/files.sunoresearch.com.br\/n\/uploads\/2021\/02\/aff09bff-c0100329-vale-jpg.webp\",\"contentUrl\":\"https:\/\/files.sunoresearch.com.br\/n\/uploads\/2021\/02\/aff09bff-c0100329-vale-jpg.webp\",\"width\":1380,\"height\":937,\"caption\":\"Vale (VALE3). Foto: Divulga\u00e7\u00e3o.\"},{\"@type\":\"BreadcrumbList\",\"@id\":\"https:\/\/www.suno.com.br\/noticias\/radar-vale-vale3-netflix-nflx34-mercado-livre-meli34\/#breadcrumb\",\"itemListElement\":[{\"@type\":\"ListItem\",\"position\":1,\"name\":\"Not\u00edcias\",\"item\":\"https:\/\/www.suno.com.br\/noticias\/\"},{\"@type\":\"ListItem\",\"position\":2,\"name\":\"Neg\u00f3cios\",\"item\":\"https:\/\/www.suno.com.br\/noticias\/negocios\/\"},{\"@type\":\"ListItem\",\"position\":3,\"name\":\"Radar: queda de produ\u00e7\u00e3o da Vale (VALE3), Netflix (NFLX34) perde 200 mil assinantes, parceria do Mercado Livre (MELI34) com a Gol (GOLL4)\"}]},{\"@type\":\"WebSite\",\"@id\":\"https:\/\/www.suno.com.br\/noticias\/#website\",\"url\":\"https:\/\/www.suno.com.br\/noticias\/\",\"name\":\"Suno Not\u00edcias\",\"description\":\"Seu portal de informa\u00e7\u00e3o sobre o mundo dos investimentos\",\"publisher\":{\"@id\":\"https:\/\/www.suno.com.br\/noticias\/#organization\"},\"potentialAction\":[{\"@type\":\"SearchAction\",\"target\":{\"@type\":\"EntryPoint\",\"urlTemplate\":\"https:\/\/www.suno.com.br\/noticias\/?s={search_term_string}\"},\"query-input\":{\"@type\":\"PropertyValueSpecification\",\"valueRequired\":true,\"valueName\":\"search_term_string\"}}],\"inLanguage\":\"pt-BR\"},{\"@type\":\"Organization\",\"@id\":\"https:\/\/www.suno.com.br\/noticias\/#organization\",\"name\":\"Suno Not\u00edcias\",\"url\":\"https:\/\/www.suno.com.br\/noticias\/\",\"logo\":{\"@type\":\"ImageObject\",\"inLanguage\":\"pt-BR\",\"@id\":\"https:\/\/www.suno.com.br\/noticias\/#\/schema\/logo\/image\/\",\"url\":\"https:\/\/files.sunoresearch.com.br\/n\/uploads\/2021\/09\/suno-logo.png\",\"contentUrl\":\"https:\/\/files.sunoresearch.com.br\/n\/uploads\/2021\/09\/suno-logo.png\",\"width\":180,\"height\":180,\"caption\":\"Suno Not\u00edcias\"},\"image\":{\"@id\":\"https:\/\/www.suno.com.br\/noticias\/#\/schema\/logo\/image\/\"},\"sameAs\":[\"https:\/\/facebook.com\/sunoresearch\",\"https:\/\/x.com\/sunoresearch\",\"https:\/\/www.instagram.com\/suno\",\"https:\/\/www.linkedin.com\/company\/suno-research\/\",\"https:\/\/www.youtube.com\/c\/sunoresearch\"]},{\"@type\":\"Person\",\"@id\":\"https:\/\/www.suno.com.br\/noticias\/#\/schema\/person\/46d847cb19ad53fde0857adca989c23f\",\"name\":\"Vict\u00f3ria Anhesini\",\"image\":{\"@type\":\"ImageObject\",\"inLanguage\":\"pt-BR\",\"@id\":\"https:\/\/www.suno.com.br\/noticias\/#\/schema\/person\/image\/\",\"url\":\"https:\/\/secure.gravatar.com\/avatar\/0172bdfcd9129dd9dd68794804304e6e?s=96&r=g\",\"contentUrl\":\"https:\/\/secure.gravatar.com\/avatar\/0172bdfcd9129dd9dd68794804304e6e?s=96&r=g\",\"caption\":\"Vict\u00f3ria Anhesini\"},\"description\":\"Rep\u00f3rter no Suno Not\u00edcias, cobre mercados, neg\u00f3cios e economia, escrevendo majoritariamente sobre movimentos das empresas, cobertura de balan\u00e7os trimestrais e Bolsa de Valores. Formada em jornalismo pela Universidade Presbiteriana Mackenzie em 2019, passou pelo portal de economia e finan\u00e7as EuQueroInvestir como rep\u00f3rter e anteriormente, trabalhou na assessoria de imprensa PinePR, onde liderou com startups de inova\u00e7\u00e3o, tecnologia e finan\u00e7as. Em seu tempo livre, fala sobre m\u00fasica para ambos os sites do selo ForMusic, Wikimetal e Mad Sound, e faz trabalho volunt\u00e1rio no programa Escreve Cartas do Poupatempo.\",\"sameAs\":[\"https:\/\/www.linkedin.com\/in\/victoria-anhesini\/\"],\"url\":\"https:\/\/www.suno.com.br\/noticias\/author\/victoria\/\"}]}<\/script>\n<!-- \/ Yoast SEO plugin. -->","yoast_head_json":{"title":"Radar: produ\u00e7\u00e3o de min\u00e9rio da Vale (VALE3), Netflix (NFLX34) perde 200 mil assinantes","description":"A produ\u00e7\u00e3o de min\u00e9rio de ferro da\u00a0Vale\u00a0(VALE3)\u00a0totalizou 63,9 mi de toneladas no 1T22, uma queda de 6% no ano a ano. Veja mais not\u00edcias.","robots":{"index":"index","follow":"follow","max-snippet":"max-snippet:-1","max-image-preview":"max-image-preview:large","max-video-preview":"max-video-preview:-1"},"canonical":"https:\/\/www.suno.com.br\/noticias\/radar-vale-vale3-netflix-nflx34-mercado-livre-meli34\/","og_locale":"pt_BR","og_type":"article","og_title":"Radar: produ\u00e7\u00e3o de min\u00e9rio da Vale (VALE3), Netflix (NFLX34) perde 200 mil assinantes","og_description":"A produ\u00e7\u00e3o de min\u00e9rio de ferro da\u00a0Vale\u00a0(VALE3)\u00a0totalizou 63,9 mi de toneladas no 1T22, uma queda de 6% no ano a ano. Veja mais not\u00edcias.","og_url":"https:\/\/www.suno.com.br\/noticias\/radar-vale-vale3-netflix-nflx34-mercado-livre-meli34\/","og_site_name":"Suno Not\u00edcias","article_publisher":"https:\/\/facebook.com\/sunoresearch","og_image":[{"width":1380,"height":937,"url":"https:\/\/files.sunoresearch.com.br\/n\/uploads\/2021\/02\/aff09bff-c0100329-vale.jpg","type":"image\/jpeg"}],"author":"Vict\u00f3ria Anhesini","twitter_card":"summary_large_image","twitter_creator":"@sunoresearch","twitter_site":"@sunoresearch","twitter_misc":{"Escrito por":"Vict\u00f3ria Anhesini","Est. tempo de leitura":"10 minutos"},"schema":{"@context":"https:\/\/schema.org","@graph":[{"@type":"NewsArticle","@id":"https:\/\/www.suno.com.br\/noticias\/radar-vale-vale3-netflix-nflx34-mercado-livre-meli34\/#article","isPartOf":{"@id":"https:\/\/www.suno.com.br\/noticias\/radar-vale-vale3-netflix-nflx34-mercado-livre-meli34\/"},"author":{"name":"Vict\u00f3ria Anhesini","@id":"https:\/\/www.suno.com.br\/noticias\/#\/schema\/person\/46d847cb19ad53fde0857adca989c23f"},"headline":"Radar: queda de produ\u00e7\u00e3o da Vale (VALE3), Netflix (NFLX34) perde 200 mil assinantes, parceria do Mercado Livre (MELI34) com a Gol (GOLL4)","datePublished":"2022-04-20T00:52:20+00:00","dateModified":"2022-04-20T00:57:29+00:00","mainEntityOfPage":{"@id":"https:\/\/www.suno.com.br\/noticias\/radar-vale-vale3-netflix-nflx34-mercado-livre-meli34\/"},"wordCount":2345,"publisher":{"@id":"https:\/\/www.suno.com.br\/noticias\/#organization"},"image":{"@id":"https:\/\/www.suno.com.br\/noticias\/radar-vale-vale3-netflix-nflx34-mercado-livre-meli34\/#primaryimage"},"thumbnailUrl":"https:\/\/files.sunoresearch.com.br\/n\/uploads\/2021\/02\/aff09bff-c0100329-vale-jpg.webp","keywords":["Carrefour (CRFB3)","Eletrobras (ELET3\/ELET5\/ELET6)","Gol Linhas A\u00e9reas (GOLL11\/GOLL4)","Mercado Livre (MELI34)","Netflix (NFLX34)","Vale (VALE3)"],"articleSection":["Neg\u00f3cios"],"inLanguage":"pt-BR"},{"@type":"WebPage","@id":"https:\/\/www.suno.com.br\/noticias\/radar-vale-vale3-netflix-nflx34-mercado-livre-meli34\/","url":"https:\/\/www.suno.com.br\/noticias\/radar-vale-vale3-netflix-nflx34-mercado-livre-meli34\/","name":"Radar: produ\u00e7\u00e3o de min\u00e9rio da Vale (VALE3), Netflix (NFLX34) perde 200 mil assinantes","isPartOf":{"@id":"https:\/\/www.suno.com.br\/noticias\/#website"},"primaryImageOfPage":{"@id":"https:\/\/www.suno.com.br\/noticias\/radar-vale-vale3-netflix-nflx34-mercado-livre-meli34\/#primaryimage"},"image":{"@id":"https:\/\/www.suno.com.br\/noticias\/radar-vale-vale3-netflix-nflx34-mercado-livre-meli34\/#primaryimage"},"thumbnailUrl":"https:\/\/files.sunoresearch.com.br\/n\/uploads\/2021\/02\/aff09bff-c0100329-vale-jpg.webp","datePublished":"2022-04-20T00:52:20+00:00","dateModified":"2022-04-20T00:57:29+00:00","description":"A produ\u00e7\u00e3o de min\u00e9rio de ferro da\u00a0Vale\u00a0(VALE3)\u00a0totalizou 63,9 mi de toneladas no 1T22, uma queda de 6% no ano a ano. Veja mais not\u00edcias.","breadcrumb":{"@id":"https:\/\/www.suno.com.br\/noticias\/radar-vale-vale3-netflix-nflx34-mercado-livre-meli34\/#breadcrumb"},"inLanguage":"pt-BR","potentialAction":[{"@type":"ReadAction","target":["https:\/\/www.suno.com.br\/noticias\/radar-vale-vale3-netflix-nflx34-mercado-livre-meli34\/"]}]},{"@type":"ImageObject","inLanguage":"pt-BR","@id":"https:\/\/www.suno.com.br\/noticias\/radar-vale-vale3-netflix-nflx34-mercado-livre-meli34\/#primaryimage","url":"https:\/\/files.sunoresearch.com.br\/n\/uploads\/2021\/02\/aff09bff-c0100329-vale-jpg.webp","contentUrl":"https:\/\/files.sunoresearch.com.br\/n\/uploads\/2021\/02\/aff09bff-c0100329-vale-jpg.webp","width":1380,"height":937,"caption":"Vale (VALE3). Foto: Divulga\u00e7\u00e3o."},{"@type":"BreadcrumbList","@id":"https:\/\/www.suno.com.br\/noticias\/radar-vale-vale3-netflix-nflx34-mercado-livre-meli34\/#breadcrumb","itemListElement":[{"@type":"ListItem","position":1,"name":"Not\u00edcias","item":"https:\/\/www.suno.com.br\/noticias\/"},{"@type":"ListItem","position":2,"name":"Neg\u00f3cios","item":"https:\/\/www.suno.com.br\/noticias\/negocios\/"},{"@type":"ListItem","position":3,"name":"Radar: queda de produ\u00e7\u00e3o da Vale (VALE3), Netflix (NFLX34) perde 200 mil assinantes, parceria do Mercado Livre (MELI34) com a Gol (GOLL4)"}]},{"@type":"WebSite","@id":"https:\/\/www.suno.com.br\/noticias\/#website","url":"https:\/\/www.suno.com.br\/noticias\/","name":"Suno Not\u00edcias","description":"Seu portal de informa\u00e7\u00e3o sobre o mundo dos investimentos","publisher":{"@id":"https:\/\/www.suno.com.br\/noticias\/#organization"},"potentialAction":[{"@type":"SearchAction","target":{"@type":"EntryPoint","urlTemplate":"https:\/\/www.suno.com.br\/noticias\/?s={search_term_string}"},"query-input":{"@type":"PropertyValueSpecification","valueRequired":true,"valueName":"search_term_string"}}],"inLanguage":"pt-BR"},{"@type":"Organization","@id":"https:\/\/www.suno.com.br\/noticias\/#organization","name":"Suno Not\u00edcias","url":"https:\/\/www.suno.com.br\/noticias\/","logo":{"@type":"ImageObject","inLanguage":"pt-BR","@id":"https:\/\/www.suno.com.br\/noticias\/#\/schema\/logo\/image\/","url":"https:\/\/files.sunoresearch.com.br\/n\/uploads\/2021\/09\/suno-logo.png","contentUrl":"https:\/\/files.sunoresearch.com.br\/n\/uploads\/2021\/09\/suno-logo.png","width":180,"height":180,"caption":"Suno Not\u00edcias"},"image":{"@id":"https:\/\/www.suno.com.br\/noticias\/#\/schema\/logo\/image\/"},"sameAs":["https:\/\/facebook.com\/sunoresearch","https:\/\/x.com\/sunoresearch","https:\/\/www.instagram.com\/suno","https:\/\/www.linkedin.com\/company\/suno-research\/","https:\/\/www.youtube.com\/c\/sunoresearch"]},{"@type":"Person","@id":"https:\/\/www.suno.com.br\/noticias\/#\/schema\/person\/46d847cb19ad53fde0857adca989c23f","name":"Vict\u00f3ria Anhesini","image":{"@type":"ImageObject","inLanguage":"pt-BR","@id":"https:\/\/www.suno.com.br\/noticias\/#\/schema\/person\/image\/","url":"https:\/\/secure.gravatar.com\/avatar\/0172bdfcd9129dd9dd68794804304e6e?s=96&r=g","contentUrl":"https:\/\/secure.gravatar.com\/avatar\/0172bdfcd9129dd9dd68794804304e6e?s=96&r=g","caption":"Vict\u00f3ria Anhesini"},"description":"Rep\u00f3rter no Suno Not\u00edcias, cobre mercados, neg\u00f3cios e economia, escrevendo majoritariamente sobre movimentos das empresas, cobertura de balan\u00e7os trimestrais e Bolsa de Valores. Formada em jornalismo pela Universidade Presbiteriana Mackenzie em 2019, passou pelo portal de economia e finan\u00e7as EuQueroInvestir como rep\u00f3rter e anteriormente, trabalhou na assessoria de imprensa PinePR, onde liderou com startups de inova\u00e7\u00e3o, tecnologia e finan\u00e7as. Em seu tempo livre, fala sobre m\u00fasica para ambos os sites do selo ForMusic, Wikimetal e Mad Sound, e faz trabalho volunt\u00e1rio no programa Escreve Cartas do Poupatempo.","sameAs":["https:\/\/www.linkedin.com\/in\/victoria-anhesini\/"],"url":"https:\/\/www.suno.com.br\/noticias\/author\/victoria\/"}]}},"default_loop_html":"<div class=\"cardsPage__listCard__boxs\"><div class=\"cardsPage__listCard__boxs__img\"><a href=\"https:\/\/www.suno.com.br\/noticias\/radar-vale-vale3-netflix-nflx34-mercado-livre-meli34\/\"><img class=\"mask\" src=\"https:\/\/www.suno.com.br\/noticias\/wp-content\/themes\/suno\/resources\/images\/spotlight\/spotlight1img\/bg-mask.png\" alt=\"Image Mask\"\/><img src=\"https:\/\/files.sunoresearch.com.br\/n\/uploads\/2021\/02\/aff09bff-c0100329-vale-400x200.webp\" alt=\"Radar: queda de produ\u00e7\u00e3o da Vale (VALE3), Netflix (NFLX34) perde 200 mil assinantes, parceria do Mercado Livre (MELI34) com a Gol (GOLL4)\"\/><\/a><span class=\"spotlightCategory\"><a href=\"https:\/\/www.suno.com.br\/noticias\/negocios\/\">Neg\u00f3cios<\/a><\/span><\/div><div class=\"cardsPage__listCard__boxs__content\"><a href=\"https:\/\/www.suno.com.br\/noticias\/radar-vale-vale3-netflix-nflx34-mercado-livre-meli34\/\"><h2 class=\"content__title\">Radar: queda de produ\u00e7\u00e3o da Vale (VALE3), Netflix (NFLX34) perde 200 mil assinantes, parceria do Mercado Livre (MELI34) com a Gol (GOLL4)<\/h2><\/a><div class=\"newsContent__article__meta\"><div class=\"newsContent__article__meta__authorBox\"><a href=\"https:\/\/www.suno.com.br\/noticias\/author\/victoria\/\" class=\"authorBox__avatar noMobi\"><img src=\"https:\/\/files.sunoresearch.com.br\/n\/uploads\/2021\/12\/20190129VickyPINEAPPLE01-1-150x150.jpg\" alt=\"Vict\u00f3ria Anhesini\"><\/a><div class=\"authorBox__name\"><span>por\n\t\t\t<a href=\"https:\/\/www.suno.com.br\/noticias\/author\/victoria\/\"><span itemprop=\"author\">Vict\u00f3ria Anhesini<\/span><\/a><\/span><time datetime=\"2022-04-19T21:52:20-03:00\" itemprop=\"datePublished\">19\/04\/2022 21:52<\/time><\/div><\/div><\/div><\/div><\/div>","single_layout":"posts","amp_enabled":true,"_links":{"self":[{"href":"https:\/\/www.suno.com.br\/noticias\/wp-json\/wp\/v2\/posts\/252208"}],"collection":[{"href":"https:\/\/www.suno.com.br\/noticias\/wp-json\/wp\/v2\/posts"}],"about":[{"href":"https:\/\/www.suno.com.br\/noticias\/wp-json\/wp\/v2\/types\/post"}],"author":[{"embeddable":true,"href":"https:\/\/www.suno.com.br\/noticias\/wp-json\/wp\/v2\/users\/146"}],"replies":[{"embeddable":true,"href":"https:\/\/www.suno.com.br\/noticias\/wp-json\/wp\/v2\/comments?post=252208"}],"version-history":[{"count":3,"href":"https:\/\/www.suno.com.br\/noticias\/wp-json\/wp\/v2\/posts\/252208\/revisions"}],"predecessor-version":[{"id":252255,"href":"https:\/\/www.suno.com.br\/noticias\/wp-json\/wp\/v2\/posts\/252208\/revisions\/252255"}],"wp:featuredmedia":[{"embeddable":true,"href":"https:\/\/www.suno.com.br\/noticias\/wp-json\/wp\/v2\/media\/126963"}],"wp:attachment":[{"href":"https:\/\/www.suno.com.br\/noticias\/wp-json\/wp\/v2\/media?parent=252208"}],"wp:term":[{"taxonomy":"category","embeddable":true,"href":"https:\/\/www.suno.com.br\/noticias\/wp-json\/wp\/v2\/categories?post=252208"},{"taxonomy":"post_tag","embeddable":true,"href":"https:\/\/www.suno.com.br\/noticias\/wp-json\/wp\/v2\/tags?post=252208"},{"taxonomy":"suno_strategy","embeddable":true,"href":"https:\/\/www.suno.com.br\/noticias\/wp-json\/wp\/v2\/suno_strategy?post=252208"}],"curies":[{"name":"wp","href":"https:\/\/api.w.org\/{rel}","templated":true}]}}