{"id":252076,"date":"2022-04-19T14:44:34","date_gmt":"2022-04-19T17:44:34","guid":{"rendered":"https:\/\/www.suno.com.br\/noticias\/?p=252076"},"modified":"2022-04-19T19:09:13","modified_gmt":"2022-04-19T22:09:13","slug":"warren-mercado-emissoes-renda-fixa","status":"publish","type":"post","link":"https:\/\/www.suno.com.br\/noticias\/warren-mercado-emissoes-renda-fixa\/","title":{"rendered":"Warren quer entrar no mercado de emiss\u00f5es de renda fixa, diz site"},"content":{"rendered":"<p>A <strong>Warren<\/strong>, plataforma de investimentos, discute entrar no mercado de emiss\u00f5es de <a class=\"suno-keyword\" href=\"https:\/\/www.suno.com.br\/guias\/investimento-renda-fixa\/\" target=\"_blank\" rel=\"noopener\" data-force=\"no\" data-priority=\"2\">renda fixa<\/a>, segundo apura\u00e7\u00e3o do Pipeline.<\/p>\t<div class=\"wrapper-featured-image\">\n\t\t<figure class=\"spotlightImg\">\n\n\t\t\t<picture>\n\t\t\t\t<source media=\"(max-width: 768px)\" srcset=\"https:\/\/files.sunoresearch.com.br\/n\/uploads\/2022\/04\/Marcelo-Maisonnave-Tito-Gusmao-Kelly-GusmaoRodrigo-Grundig-Andre-Gusmao_v2-scaled-1-400x200.jpg\">\n\t\t\t\t<img loading=\"lazy\" decoding=\"async\" class=\"newsContent__article__imgCapa lazyloadDisabled \" src=\"https:\/\/files.sunoresearch.com.br\/n\/uploads\/2022\/04\/Marcelo-Maisonnave-Tito-Gusmao-Kelly-GusmaoRodrigo-Grundig-Andre-Gusmao_v2-scaled-1-800x450.jpg\" width=\"800\" height=\"450\" alt=\"Warren quer entrar no mercado de emiss\u00f5es de renda fixa, diz site\" fetchpriority=high \/>\n\t\t\t<\/picture>\n\n\t\t\t<figcaption class=\"wp-caption-text wp-caption-text--show\">Bra\u00e7o de mercado de capitais foi citado pela Warren como grande potencial em \u00faltima rodada de investimento - Foto: Divulga\u00e7\u00e3o<\/figcaption>\n\t\t<\/figure>\n\t<\/div>\n\n\n\t<p>\n\t\t<a href=\"\" target=\"_blank\" data-element=\"shortcode-suno-banner\" title=\"Banner SUNO, clique e saiba mais\">\n\t\t\t<picture>\n\t\t\t\t<source media=\"(max-width: 500px)\" srcset=\"\">\n\t\t\t\t<img class=\"newsContent__article__imgCapa newsContent__article__imgCapa--banner\"\n\t\t\t\t\tsrc=\"\"\n\t\t\t\t\tdata-promo-id=\"240038\"\t\t\t\t\t\t\t\t\t\t\t\t\t\t\talt=\"\"\n\t\t\t\t>\n\t\t\t<\/picture>\n\t\t<\/a>\n\t<\/p>\n\n\n<p>A companhia, j\u00e1 no fim de 2021, discutia a possibilidade de passar a atuar no mercado de\u00a0<strong>renda fixa<\/strong> &#8211; que agora ganha mais volume com os juros em alta. Atualmente a Warren opera na distribui\u00e7\u00e3o e estrutura\u00e7\u00e3o, movendo R$ 1,5 bilh\u00e3o em 2021.<\/p>\n<p>Apesar de a cifra ser pequena em rela\u00e7\u00e3o aos grandes players, a companhia de\u00a0<strong>investimentos<\/strong> quer triplicar esse volume em 2022.<\/p>\n<p>\u201cA \u00e1rea de <a class=\"suno-keyword\" href=\"https:\/\/www.suno.com.br\/artigos\/mercado-de-capitais-conceito\/\" target=\"_blank\" rel=\"noopener\" data-force=\"no\" data-priority=\"1\">mercado de capitais<\/a> complementa nosso eixo institucional, de atender nosso cliente que \u00e9 empres\u00e1rio e quer solu\u00e7\u00f5es de capta\u00e7\u00e3o e no eixo do cliente <a class=\"suno-keyword\" href=\"https:\/\/www.suno.com.br\/artigos\/pessoa-fisica\/\" target=\"_blank\" rel=\"noopener\" data-force=\"no\" data-priority=\"1\">pessoa f\u00edsica<\/a>, que busca boas op\u00e7\u00f5es de investimento\u201d, disse Gustavo Ruiz, agora diretor de mercado de capitais, ao Pipeline.<\/p>\n<p>Atualmente a companhia j\u00e1 possui uma demanda aquecida de clientes que o procuram para a estrutura\u00e7\u00e3o, mas que levam o projeto \u00e0 concorr\u00eancia quando se trata de emiss\u00e3o &#8211; panorama que a Warren pretender reverter.<\/p>\n\t<p>\n\t\t<a href=\"https:\/\/lp.suno.com.br\/planilha-controle-gastos\/\" target=\"_blank\" data-element=\"shortcode-suno-banner\" title=\"Banner SUNO, clique e saiba mais\">\n\t\t\t<picture>\n\t\t\t\t<source media=\"(max-width: 500px)\" srcset=\"https:\/\/files.sunoresearch.com.br\/n\/uploads\/2023\/03\/400x300-Planilha-controle-de-gastos.png\">\n\t\t\t\t<img class=\"newsContent__article__imgCapa newsContent__article__imgCapa--banner\"\n\t\t\t\t\tsrc=\"https:\/\/files.sunoresearch.com.br\/n\/uploads\/2023\/03\/1420x240-Planilha-controle-de-gastos.png\"\n\t\t\t\t\tdata-promo-id=\"101751\"\t\t\t\t\t\t\t\t\t\twidth='1420' height='240'\t\t\t\t\talt=\"https:\/\/files.sunoresearch.com.br\/n\/uploads\/2023\/03\/1420x240-Planilha-controle-de-gastos.png\"\n\t\t\t\t>\n\t\t\t<\/picture>\n\t\t<\/a>\n\t<\/p>\n\n\n<p>J\u00e1 no ano passado ela passou a atuar como coordenadora de ofertas, como a emiss\u00e3o de um CRI de R$ 37 milh\u00f5es para Astir (incorporadora do RS) e a estrutura\u00e7\u00e3o de um FII de R$ 500 milh\u00f5es para a Hectare.<\/p>\n<p>\u201cNossa miss\u00e3o \u00e9 buscar neg\u00f3cios fora da Faria Lima, onde a disputa j\u00e1 \u00e9 ombro a ombro. Queremos usar nossa capilaridade para transformar nossos parceiros em originadores de neg\u00f3cios e ganhar escala\u201d, acrescentou Ruiz.<\/p>\n<h2>Warren quer estrutura enxuta sem AAIs<\/h2>\n<p>Sem Agentes de Aut\u00f4nomos de Investimento (AAI), a companhia prev\u00ea uma estrutura com custos menores &#8211; saindo de 6%-8% para 3%-4% por esse motivo.<\/p>\n\t<p>\n\t\t<a href=\"https:\/\/lp.suno.com.br\/planilha-da-vida-financeira\/\" target=\"_blank\" data-element=\"shortcode-suno-banner\" title=\"Banner SUNO, clique e saiba mais\">\n\t\t\t<picture>\n\t\t\t\t<source media=\"(max-width: 500px)\" srcset=\"https:\/\/files.sunoresearch.com.br\/n\/uploads\/2023\/04\/400x300-Planilha-vida-financeira-true.png\">\n\t\t\t\t<img class=\"newsContent__article__imgCapa newsContent__article__imgCapa--banner\"\n\t\t\t\t\tsrc=\"https:\/\/files.sunoresearch.com.br\/n\/uploads\/2023\/04\/1420x240-Planilha-vida-financeira-true.png\"\n\t\t\t\t\tdata-promo-id=\"106682\"\t\t\t\t\t\t\t\t\t\twidth='1420' height='240'\t\t\t\t\talt=\"https:\/\/files.sunoresearch.com.br\/n\/uploads\/2023\/04\/1420x240-Planilha-vida-financeira-true.png\"\n\t\t\t\t>\n\t\t\t<\/picture>\n\t\t<\/a>\n\t<\/p>\n\n\n<p>Nesse cen\u00e1rio, as margens s\u00e3o menores, mas a ideia da Warren \u00e9 ganhar volume no <a class=\"suno-keyword\" href=\"https:\/\/www.suno.com.br\/artigos\/curto-prazo\/\" target=\"_blank\" rel=\"noopener\" data-force=\"no\" data-priority=\"1\">curto prazo<\/a> e atingir seu universo de 300 mil clientes com um total R$ 25 bilh\u00f5es sob cust\u00f3dia na plataforma.<\/p>\n<p>Al\u00e9m disso, na <a class=\"suno-keyword\" href=\"https:\/\/www.suno.com.br\/artigos\/gestao-de-investimentos\/\" target=\"_blank\" rel=\"noopener\" data-force=\"no\" data-priority=\"1\">gest\u00e3o de investimentos<\/a>, a Warren cobra fee anual do cliente, devolvendo os rebates que recebe na distribui\u00e7\u00e3o de produto.<\/p>\n<p>\u201cA gente estrutura o que tiver apetite no varejo para comprar. N\u00e3o \u00e9 um modelo de moer salsicha, que vamos empilhando mandato e obrigando o varejo a tomar\u201d, disse Ruiz, ao Pipeline.<\/p>\n<p>A ideia \u00e9 que a companhia cres\u00e7a cada vez mais seu bra\u00e7o no mercado de capitais &#8211; \u00e1rea que foi apresentada ao <a class=\"suno-keyword\" href=\"https:\/\/www.suno.com.br\/artigos\/fundo-soberano\/\" target=\"_blank\" rel=\"noopener\" data-force=\"no\" data-priority=\"1\">fundo soberano<\/a> de Cingapura como potencial da startup em uma rodada s\u00e9rie C. Na ocasi\u00e3o, a <strong>Warren<\/strong> captou R$ 300 milh\u00f5es.<\/p>\n\t<p>\n\t\t<a href=\"https:\/\/lp.suno.com.br\/ebook-como-analisar-uma-acao\/\" target=\"_blank\" data-element=\"shortcode-suno-banner\" title=\"Banner SUNO, clique e saiba mais\">\n\t\t\t<picture>\n\t\t\t\t<source media=\"(max-width: 500px)\" srcset=\"https:\/\/files.sunoresearch.com.br\/n\/uploads\/2023\/03\/Ebook-Acoes-Mobile-1.jpg\">\n\t\t\t\t<img class=\"newsContent__article__imgCapa newsContent__article__imgCapa--banner\"\n\t\t\t\t\tsrc=\"https:\/\/files.sunoresearch.com.br\/n\/uploads\/2023\/03\/Ebook-Acoes-Desktop-1.jpg\"\n\t\t\t\t\tdata-promo-id=\"171998\"\t\t\t\t\t\t\t\t\t\twidth='1420' height='286'\t\t\t\t\talt=\"https:\/\/files.sunoresearch.com.br\/n\/uploads\/2023\/03\/Ebook-Acoes-Desktop-1.jpg\"\n\t\t\t\t>\n\t\t\t<\/picture>\n\t\t<\/a>\n\t<\/p>\n\n\n","protected":false},"excerpt":{"rendered":"<p>A Warren, plataforma de investimentos, discute entrar no mercado de emiss\u00f5es de renda fixa, segundo apura\u00e7\u00e3o do Pipeline. Bra\u00e7o de mercado de capitais foi citado pela Warren como grande potencial em \u00faltima rodada de investimento &#8211; Foto: Divulga\u00e7\u00e3o A companhia, j\u00e1 no fim de 2021, discutia a possibilidade de passar a atuar no mercado de\u00a0renda [&hellip;]<\/p>\n","protected":false},"author":73,"featured_media":252091,"comment_status":"closed","ping_status":"closed","sticky":false,"template":"","format":"standard","meta":[],"categories":[64],"tags":[308,106246],"suno_strategy":[],"class_list":["post-252076","post","type-post","status-publish","format-standard","has-post-thumbnail","hentry","category-negocios","tag-renda-fixa","tag-warren"],"yoast_head":"<!-- This site is optimized with the Yoast SEO plugin v24.4 - https:\/\/yoast.com\/wordpress\/plugins\/seo\/ -->\n<title>Warren quer entrar no mercado de emiss\u00f5es de renda fixa, diz site<\/title>\n<meta name=\"description\" content=\"Ampliando seu bra\u00e7o no mercado de capitais, Warren quer deixar de atuar somente na distribui\u00e7\u00e3o de renda fixa. Clique aqui e leia mais.\" \/>\n<meta name=\"robots\" content=\"index, follow, max-snippet:-1, max-image-preview:large, max-video-preview:-1\" \/>\n<link rel=\"canonical\" href=\"https:\/\/www.suno.com.br\/noticias\/warren-mercado-emissoes-renda-fixa\/\" \/>\n<meta property=\"og:locale\" content=\"pt_BR\" \/>\n<meta property=\"og:type\" content=\"article\" \/>\n<meta property=\"og:title\" content=\"Warren quer entrar no mercado de emiss\u00f5es de renda fixa, diz site\" \/>\n<meta property=\"og:description\" content=\"Ampliando seu bra\u00e7o no mercado de capitais, Warren quer deixar de atuar somente na distribui\u00e7\u00e3o de renda fixa. Clique aqui e leia mais.\" \/>\n<meta property=\"og:url\" content=\"https:\/\/www.suno.com.br\/noticias\/warren-mercado-emissoes-renda-fixa\/\" \/>\n<meta property=\"og:site_name\" content=\"Suno Not\u00edcias\" \/>\n<meta property=\"article:publisher\" content=\"https:\/\/facebook.com\/sunoresearch\" \/>\n<meta property=\"og:image\" content=\"https:\/\/files.sunoresearch.com.br\/n\/uploads\/2022\/04\/Marcelo-Maisonnave-Tito-Gusmao-Kelly-GusmaoRodrigo-Grundig-Andre-Gusmao_v2-scaled-1.jpg\" \/>\n\t<meta property=\"og:image:width\" content=\"2560\" \/>\n\t<meta property=\"og:image:height\" content=\"1596\" \/>\n\t<meta property=\"og:image:type\" content=\"image\/jpeg\" \/>\n<meta name=\"author\" content=\"Eduardo Vargas\" \/>\n<meta name=\"twitter:card\" content=\"summary_large_image\" \/>\n<meta name=\"twitter:creator\" content=\"@sunoresearch\" \/>\n<meta name=\"twitter:site\" content=\"@sunoresearch\" \/>\n<meta name=\"twitter:label1\" content=\"Escrito por\" \/>\n\t<meta name=\"twitter:data1\" content=\"Eduardo Vargas\" \/>\n\t<meta name=\"twitter:label2\" content=\"Est. tempo de leitura\" \/>\n\t<meta name=\"twitter:data2\" content=\"2 minutos\" \/>\n<script type=\"application\/ld+json\" class=\"yoast-schema-graph\">{\"@context\":\"https:\/\/schema.org\",\"@graph\":[{\"@type\":\"NewsArticle\",\"@id\":\"https:\/\/www.suno.com.br\/noticias\/warren-mercado-emissoes-renda-fixa\/#article\",\"isPartOf\":{\"@id\":\"https:\/\/www.suno.com.br\/noticias\/warren-mercado-emissoes-renda-fixa\/\"},\"author\":{\"name\":\"Eduardo Vargas\",\"@id\":\"https:\/\/www.suno.com.br\/noticias\/#\/schema\/person\/7f4d362bf3518e76090143ae77bb49a5\"},\"headline\":\"Warren quer entrar no mercado de emiss\u00f5es de renda fixa, diz site\",\"datePublished\":\"2022-04-19T17:44:34+00:00\",\"dateModified\":\"2022-04-19T22:09:13+00:00\",\"mainEntityOfPage\":{\"@id\":\"https:\/\/www.suno.com.br\/noticias\/warren-mercado-emissoes-renda-fixa\/\"},\"wordCount\":444,\"publisher\":{\"@id\":\"https:\/\/www.suno.com.br\/noticias\/#organization\"},\"image\":{\"@id\":\"https:\/\/www.suno.com.br\/noticias\/warren-mercado-emissoes-renda-fixa\/#primaryimage\"},\"thumbnailUrl\":\"https:\/\/files.sunoresearch.com.br\/n\/uploads\/2022\/04\/Marcelo-Maisonnave-Tito-Gusmao-Kelly-GusmaoRodrigo-Grundig-Andre-Gusmao_v2-scaled-1.jpg\",\"keywords\":[\"Renda Fixa\",\"Warren\"],\"articleSection\":[\"Neg\u00f3cios\"],\"inLanguage\":\"pt-BR\"},{\"@type\":\"WebPage\",\"@id\":\"https:\/\/www.suno.com.br\/noticias\/warren-mercado-emissoes-renda-fixa\/\",\"url\":\"https:\/\/www.suno.com.br\/noticias\/warren-mercado-emissoes-renda-fixa\/\",\"name\":\"Warren quer entrar no mercado de emiss\u00f5es de renda fixa, diz site\",\"isPartOf\":{\"@id\":\"https:\/\/www.suno.com.br\/noticias\/#website\"},\"primaryImageOfPage\":{\"@id\":\"https:\/\/www.suno.com.br\/noticias\/warren-mercado-emissoes-renda-fixa\/#primaryimage\"},\"image\":{\"@id\":\"https:\/\/www.suno.com.br\/noticias\/warren-mercado-emissoes-renda-fixa\/#primaryimage\"},\"thumbnailUrl\":\"https:\/\/files.sunoresearch.com.br\/n\/uploads\/2022\/04\/Marcelo-Maisonnave-Tito-Gusmao-Kelly-GusmaoRodrigo-Grundig-Andre-Gusmao_v2-scaled-1.jpg\",\"datePublished\":\"2022-04-19T17:44:34+00:00\",\"dateModified\":\"2022-04-19T22:09:13+00:00\",\"description\":\"Ampliando seu bra\u00e7o no mercado de capitais, Warren quer deixar de atuar somente na distribui\u00e7\u00e3o de renda fixa. Clique aqui e leia mais.\",\"breadcrumb\":{\"@id\":\"https:\/\/www.suno.com.br\/noticias\/warren-mercado-emissoes-renda-fixa\/#breadcrumb\"},\"inLanguage\":\"pt-BR\",\"potentialAction\":[{\"@type\":\"ReadAction\",\"target\":[\"https:\/\/www.suno.com.br\/noticias\/warren-mercado-emissoes-renda-fixa\/\"]}]},{\"@type\":\"ImageObject\",\"inLanguage\":\"pt-BR\",\"@id\":\"https:\/\/www.suno.com.br\/noticias\/warren-mercado-emissoes-renda-fixa\/#primaryimage\",\"url\":\"https:\/\/files.sunoresearch.com.br\/n\/uploads\/2022\/04\/Marcelo-Maisonnave-Tito-Gusmao-Kelly-GusmaoRodrigo-Grundig-Andre-Gusmao_v2-scaled-1.jpg\",\"contentUrl\":\"https:\/\/files.sunoresearch.com.br\/n\/uploads\/2022\/04\/Marcelo-Maisonnave-Tito-Gusmao-Kelly-GusmaoRodrigo-Grundig-Andre-Gusmao_v2-scaled-1.jpg\",\"width\":2560,\"height\":1596,\"caption\":\"Bra\u00e7o de mercado de capitais foi citado pela Warren como grande potencial em \u00faltima rodada de investimento - Foto: Divulga\u00e7\u00e3o\"},{\"@type\":\"BreadcrumbList\",\"@id\":\"https:\/\/www.suno.com.br\/noticias\/warren-mercado-emissoes-renda-fixa\/#breadcrumb\",\"itemListElement\":[{\"@type\":\"ListItem\",\"position\":1,\"name\":\"Not\u00edcias\",\"item\":\"https:\/\/www.suno.com.br\/noticias\/\"},{\"@type\":\"ListItem\",\"position\":2,\"name\":\"Neg\u00f3cios\",\"item\":\"https:\/\/www.suno.com.br\/noticias\/negocios\/\"},{\"@type\":\"ListItem\",\"position\":3,\"name\":\"Warren quer entrar no mercado de emiss\u00f5es de renda fixa, diz site\"}]},{\"@type\":\"WebSite\",\"@id\":\"https:\/\/www.suno.com.br\/noticias\/#website\",\"url\":\"https:\/\/www.suno.com.br\/noticias\/\",\"name\":\"Suno Not\u00edcias\",\"description\":\"Seu portal de informa\u00e7\u00e3o sobre o mundo dos investimentos\",\"publisher\":{\"@id\":\"https:\/\/www.suno.com.br\/noticias\/#organization\"},\"potentialAction\":[{\"@type\":\"SearchAction\",\"target\":{\"@type\":\"EntryPoint\",\"urlTemplate\":\"https:\/\/www.suno.com.br\/noticias\/?s={search_term_string}\"},\"query-input\":{\"@type\":\"PropertyValueSpecification\",\"valueRequired\":true,\"valueName\":\"search_term_string\"}}],\"inLanguage\":\"pt-BR\"},{\"@type\":\"Organization\",\"@id\":\"https:\/\/www.suno.com.br\/noticias\/#organization\",\"name\":\"Suno Not\u00edcias\",\"url\":\"https:\/\/www.suno.com.br\/noticias\/\",\"logo\":{\"@type\":\"ImageObject\",\"inLanguage\":\"pt-BR\",\"@id\":\"https:\/\/www.suno.com.br\/noticias\/#\/schema\/logo\/image\/\",\"url\":\"https:\/\/files.sunoresearch.com.br\/n\/uploads\/2021\/09\/suno-logo.png\",\"contentUrl\":\"https:\/\/files.sunoresearch.com.br\/n\/uploads\/2021\/09\/suno-logo.png\",\"width\":180,\"height\":180,\"caption\":\"Suno Not\u00edcias\"},\"image\":{\"@id\":\"https:\/\/www.suno.com.br\/noticias\/#\/schema\/logo\/image\/\"},\"sameAs\":[\"https:\/\/facebook.com\/sunoresearch\",\"https:\/\/x.com\/sunoresearch\",\"https:\/\/www.instagram.com\/suno\",\"https:\/\/www.linkedin.com\/company\/suno-research\/\",\"https:\/\/www.youtube.com\/c\/sunoresearch\"]},{\"@type\":\"Person\",\"@id\":\"https:\/\/www.suno.com.br\/noticias\/#\/schema\/person\/7f4d362bf3518e76090143ae77bb49a5\",\"name\":\"Eduardo Vargas\",\"image\":{\"@type\":\"ImageObject\",\"inLanguage\":\"pt-BR\",\"@id\":\"https:\/\/www.suno.com.br\/noticias\/#\/schema\/person\/image\/\",\"url\":\"https:\/\/secure.gravatar.com\/avatar\/dac340933427a22924c9f99d1eb2e3f2?s=96&r=g\",\"contentUrl\":\"https:\/\/secure.gravatar.com\/avatar\/dac340933427a22924c9f99d1eb2e3f2?s=96&r=g\",\"caption\":\"Eduardo Vargas\"},\"description\":\"Jornalista formado pela UFSC, cobre macroeconomia, neg\u00f3cios e startups para o Suno Not\u00edcias, escrevendo principalmente not\u00edcias sobre o mercado financeiro e a bolsa de valores. No YouTube e no Instagram, \u00e9 respons\u00e1vel pela produ\u00e7\u00e3o de Reels e Shorts do Suno Not\u00edcias. Anteriormente, trabalhou cobrindo economia e cotidiano no ND+ e para o ND, maior jornal impresso de Santa Catarina. Cursou um semestre letivo de Estudos de M\u00eddia na Universidad de Buenos Aires.\",\"url\":\"https:\/\/www.suno.com.br\/noticias\/author\/eduardo-vargas\/\"}]}<\/script>\n<!-- \/ Yoast SEO plugin. -->","yoast_head_json":{"title":"Warren quer entrar no mercado de emiss\u00f5es de renda fixa, diz site","description":"Ampliando seu bra\u00e7o no mercado de capitais, Warren quer deixar de atuar somente na distribui\u00e7\u00e3o de renda fixa. Clique aqui e leia mais.","robots":{"index":"index","follow":"follow","max-snippet":"max-snippet:-1","max-image-preview":"max-image-preview:large","max-video-preview":"max-video-preview:-1"},"canonical":"https:\/\/www.suno.com.br\/noticias\/warren-mercado-emissoes-renda-fixa\/","og_locale":"pt_BR","og_type":"article","og_title":"Warren quer entrar no mercado de emiss\u00f5es de renda fixa, diz site","og_description":"Ampliando seu bra\u00e7o no mercado de capitais, Warren quer deixar de atuar somente na distribui\u00e7\u00e3o de renda fixa. Clique aqui e leia mais.","og_url":"https:\/\/www.suno.com.br\/noticias\/warren-mercado-emissoes-renda-fixa\/","og_site_name":"Suno Not\u00edcias","article_publisher":"https:\/\/facebook.com\/sunoresearch","og_image":[{"width":2560,"height":1596,"url":"https:\/\/files.sunoresearch.com.br\/n\/uploads\/2022\/04\/Marcelo-Maisonnave-Tito-Gusmao-Kelly-GusmaoRodrigo-Grundig-Andre-Gusmao_v2-scaled-1.jpg","type":"image\/jpeg"}],"author":"Eduardo Vargas","twitter_card":"summary_large_image","twitter_creator":"@sunoresearch","twitter_site":"@sunoresearch","twitter_misc":{"Escrito por":"Eduardo Vargas","Est. tempo de leitura":"2 minutos"},"schema":{"@context":"https:\/\/schema.org","@graph":[{"@type":"NewsArticle","@id":"https:\/\/www.suno.com.br\/noticias\/warren-mercado-emissoes-renda-fixa\/#article","isPartOf":{"@id":"https:\/\/www.suno.com.br\/noticias\/warren-mercado-emissoes-renda-fixa\/"},"author":{"name":"Eduardo Vargas","@id":"https:\/\/www.suno.com.br\/noticias\/#\/schema\/person\/7f4d362bf3518e76090143ae77bb49a5"},"headline":"Warren quer entrar no mercado de emiss\u00f5es de renda fixa, diz site","datePublished":"2022-04-19T17:44:34+00:00","dateModified":"2022-04-19T22:09:13+00:00","mainEntityOfPage":{"@id":"https:\/\/www.suno.com.br\/noticias\/warren-mercado-emissoes-renda-fixa\/"},"wordCount":444,"publisher":{"@id":"https:\/\/www.suno.com.br\/noticias\/#organization"},"image":{"@id":"https:\/\/www.suno.com.br\/noticias\/warren-mercado-emissoes-renda-fixa\/#primaryimage"},"thumbnailUrl":"https:\/\/files.sunoresearch.com.br\/n\/uploads\/2022\/04\/Marcelo-Maisonnave-Tito-Gusmao-Kelly-GusmaoRodrigo-Grundig-Andre-Gusmao_v2-scaled-1.jpg","keywords":["Renda Fixa","Warren"],"articleSection":["Neg\u00f3cios"],"inLanguage":"pt-BR"},{"@type":"WebPage","@id":"https:\/\/www.suno.com.br\/noticias\/warren-mercado-emissoes-renda-fixa\/","url":"https:\/\/www.suno.com.br\/noticias\/warren-mercado-emissoes-renda-fixa\/","name":"Warren quer entrar no mercado de emiss\u00f5es de renda fixa, diz site","isPartOf":{"@id":"https:\/\/www.suno.com.br\/noticias\/#website"},"primaryImageOfPage":{"@id":"https:\/\/www.suno.com.br\/noticias\/warren-mercado-emissoes-renda-fixa\/#primaryimage"},"image":{"@id":"https:\/\/www.suno.com.br\/noticias\/warren-mercado-emissoes-renda-fixa\/#primaryimage"},"thumbnailUrl":"https:\/\/files.sunoresearch.com.br\/n\/uploads\/2022\/04\/Marcelo-Maisonnave-Tito-Gusmao-Kelly-GusmaoRodrigo-Grundig-Andre-Gusmao_v2-scaled-1.jpg","datePublished":"2022-04-19T17:44:34+00:00","dateModified":"2022-04-19T22:09:13+00:00","description":"Ampliando seu bra\u00e7o no mercado de capitais, Warren quer deixar de atuar somente na distribui\u00e7\u00e3o de renda fixa. Clique aqui e leia mais.","breadcrumb":{"@id":"https:\/\/www.suno.com.br\/noticias\/warren-mercado-emissoes-renda-fixa\/#breadcrumb"},"inLanguage":"pt-BR","potentialAction":[{"@type":"ReadAction","target":["https:\/\/www.suno.com.br\/noticias\/warren-mercado-emissoes-renda-fixa\/"]}]},{"@type":"ImageObject","inLanguage":"pt-BR","@id":"https:\/\/www.suno.com.br\/noticias\/warren-mercado-emissoes-renda-fixa\/#primaryimage","url":"https:\/\/files.sunoresearch.com.br\/n\/uploads\/2022\/04\/Marcelo-Maisonnave-Tito-Gusmao-Kelly-GusmaoRodrigo-Grundig-Andre-Gusmao_v2-scaled-1.jpg","contentUrl":"https:\/\/files.sunoresearch.com.br\/n\/uploads\/2022\/04\/Marcelo-Maisonnave-Tito-Gusmao-Kelly-GusmaoRodrigo-Grundig-Andre-Gusmao_v2-scaled-1.jpg","width":2560,"height":1596,"caption":"Bra\u00e7o de mercado de capitais foi citado pela Warren como grande potencial em \u00faltima rodada de investimento - Foto: Divulga\u00e7\u00e3o"},{"@type":"BreadcrumbList","@id":"https:\/\/www.suno.com.br\/noticias\/warren-mercado-emissoes-renda-fixa\/#breadcrumb","itemListElement":[{"@type":"ListItem","position":1,"name":"Not\u00edcias","item":"https:\/\/www.suno.com.br\/noticias\/"},{"@type":"ListItem","position":2,"name":"Neg\u00f3cios","item":"https:\/\/www.suno.com.br\/noticias\/negocios\/"},{"@type":"ListItem","position":3,"name":"Warren quer entrar no mercado de emiss\u00f5es de renda fixa, diz site"}]},{"@type":"WebSite","@id":"https:\/\/www.suno.com.br\/noticias\/#website","url":"https:\/\/www.suno.com.br\/noticias\/","name":"Suno Not\u00edcias","description":"Seu portal de informa\u00e7\u00e3o sobre o mundo dos investimentos","publisher":{"@id":"https:\/\/www.suno.com.br\/noticias\/#organization"},"potentialAction":[{"@type":"SearchAction","target":{"@type":"EntryPoint","urlTemplate":"https:\/\/www.suno.com.br\/noticias\/?s={search_term_string}"},"query-input":{"@type":"PropertyValueSpecification","valueRequired":true,"valueName":"search_term_string"}}],"inLanguage":"pt-BR"},{"@type":"Organization","@id":"https:\/\/www.suno.com.br\/noticias\/#organization","name":"Suno Not\u00edcias","url":"https:\/\/www.suno.com.br\/noticias\/","logo":{"@type":"ImageObject","inLanguage":"pt-BR","@id":"https:\/\/www.suno.com.br\/noticias\/#\/schema\/logo\/image\/","url":"https:\/\/files.sunoresearch.com.br\/n\/uploads\/2021\/09\/suno-logo.png","contentUrl":"https:\/\/files.sunoresearch.com.br\/n\/uploads\/2021\/09\/suno-logo.png","width":180,"height":180,"caption":"Suno Not\u00edcias"},"image":{"@id":"https:\/\/www.suno.com.br\/noticias\/#\/schema\/logo\/image\/"},"sameAs":["https:\/\/facebook.com\/sunoresearch","https:\/\/x.com\/sunoresearch","https:\/\/www.instagram.com\/suno","https:\/\/www.linkedin.com\/company\/suno-research\/","https:\/\/www.youtube.com\/c\/sunoresearch"]},{"@type":"Person","@id":"https:\/\/www.suno.com.br\/noticias\/#\/schema\/person\/7f4d362bf3518e76090143ae77bb49a5","name":"Eduardo Vargas","image":{"@type":"ImageObject","inLanguage":"pt-BR","@id":"https:\/\/www.suno.com.br\/noticias\/#\/schema\/person\/image\/","url":"https:\/\/secure.gravatar.com\/avatar\/dac340933427a22924c9f99d1eb2e3f2?s=96&r=g","contentUrl":"https:\/\/secure.gravatar.com\/avatar\/dac340933427a22924c9f99d1eb2e3f2?s=96&r=g","caption":"Eduardo Vargas"},"description":"Jornalista formado pela UFSC, cobre macroeconomia, neg\u00f3cios e startups para o Suno Not\u00edcias, escrevendo principalmente not\u00edcias sobre o mercado financeiro e a bolsa de valores. No YouTube e no Instagram, \u00e9 respons\u00e1vel pela produ\u00e7\u00e3o de Reels e Shorts do Suno Not\u00edcias. Anteriormente, trabalhou cobrindo economia e cotidiano no ND+ e para o ND, maior jornal impresso de Santa Catarina. Cursou um semestre letivo de Estudos de M\u00eddia na Universidad de Buenos Aires.","url":"https:\/\/www.suno.com.br\/noticias\/author\/eduardo-vargas\/"}]}},"default_loop_html":"<div class=\"cardsPage__listCard__boxs\"><div class=\"cardsPage__listCard__boxs__img\"><a href=\"https:\/\/www.suno.com.br\/noticias\/warren-mercado-emissoes-renda-fixa\/\"><img class=\"mask\" src=\"https:\/\/www.suno.com.br\/noticias\/wp-content\/themes\/suno\/resources\/images\/spotlight\/spotlight1img\/bg-mask.png\" alt=\"Image Mask\"\/><img src=\"https:\/\/files.sunoresearch.com.br\/n\/uploads\/2022\/04\/Marcelo-Maisonnave-Tito-Gusmao-Kelly-GusmaoRodrigo-Grundig-Andre-Gusmao_v2-scaled-1-400x200.jpg\" alt=\"Warren quer entrar no mercado de emiss\u00f5es de renda fixa, diz site\"\/><\/a><span class=\"spotlightCategory\"><a href=\"https:\/\/www.suno.com.br\/noticias\/negocios\/\">Neg\u00f3cios<\/a><\/span><\/div><div class=\"cardsPage__listCard__boxs__content\"><a href=\"https:\/\/www.suno.com.br\/noticias\/warren-mercado-emissoes-renda-fixa\/\"><h2 class=\"content__title\">Warren quer entrar no mercado de emiss\u00f5es de renda fixa, diz site<\/h2><\/a><div class=\"newsContent__article__meta\"><div class=\"newsContent__article__meta__authorBox\"><a href=\"https:\/\/www.suno.com.br\/noticias\/author\/eduardo-vargas\/\" class=\"authorBox__avatar noMobi\"><img src=\"https:\/\/secure.gravatar.com\/avatar\/dac340933427a22924c9f99d1eb2e3f2?s=96&#038;r=g\" alt=\"Eduardo Vargas\"><\/a><div class=\"authorBox__name\"><span>por\n\t\t\t<a href=\"https:\/\/www.suno.com.br\/noticias\/author\/eduardo-vargas\/\"><span itemprop=\"author\">Eduardo Vargas<\/span><\/a><\/span><time datetime=\"2022-04-19T14:44:34-03:00\" itemprop=\"datePublished\">19\/04\/2022 14:44<\/time><\/div><\/div><\/div><\/div><\/div>","single_layout":"posts","amp_enabled":true,"_links":{"self":[{"href":"https:\/\/www.suno.com.br\/noticias\/wp-json\/wp\/v2\/posts\/252076"}],"collection":[{"href":"https:\/\/www.suno.com.br\/noticias\/wp-json\/wp\/v2\/posts"}],"about":[{"href":"https:\/\/www.suno.com.br\/noticias\/wp-json\/wp\/v2\/types\/post"}],"author":[{"embeddable":true,"href":"https:\/\/www.suno.com.br\/noticias\/wp-json\/wp\/v2\/users\/73"}],"replies":[{"embeddable":true,"href":"https:\/\/www.suno.com.br\/noticias\/wp-json\/wp\/v2\/comments?post=252076"}],"version-history":[{"count":3,"href":"https:\/\/www.suno.com.br\/noticias\/wp-json\/wp\/v2\/posts\/252076\/revisions"}],"predecessor-version":[{"id":252188,"href":"https:\/\/www.suno.com.br\/noticias\/wp-json\/wp\/v2\/posts\/252076\/revisions\/252188"}],"wp:featuredmedia":[{"embeddable":true,"href":"https:\/\/www.suno.com.br\/noticias\/wp-json\/wp\/v2\/media\/252091"}],"wp:attachment":[{"href":"https:\/\/www.suno.com.br\/noticias\/wp-json\/wp\/v2\/media?parent=252076"}],"wp:term":[{"taxonomy":"category","embeddable":true,"href":"https:\/\/www.suno.com.br\/noticias\/wp-json\/wp\/v2\/categories?post=252076"},{"taxonomy":"post_tag","embeddable":true,"href":"https:\/\/www.suno.com.br\/noticias\/wp-json\/wp\/v2\/tags?post=252076"},{"taxonomy":"suno_strategy","embeddable":true,"href":"https:\/\/www.suno.com.br\/noticias\/wp-json\/wp\/v2\/suno_strategy?post=252076"}],"curies":[{"name":"wp","href":"https:\/\/api.w.org\/{rel}","templated":true}]}}