{"id":25202,"date":"2019-05-20T10:17:59","date_gmt":"2019-05-20T13:17:59","guid":{"rendered":"https:\/\/www.suno.com.br\/noticias\/?p=25202"},"modified":"2019-05-20T10:17:59","modified_gmt":"2019-05-20T13:17:59","slug":"igp-m-desacelera-058-previa-maio","status":"publish","type":"post","link":"https:\/\/www.suno.com.br\/noticias\/igp-m-desacelera-058-previa-maio\/","title":{"rendered":"IGP-M sobe 0,58% na segunda pr\u00e9via de maio, diz FGV"},"content":{"rendered":"<p>O <strong>\u00cdndice Geral de Pre\u00e7os<\/strong> &#8211; <strong>Mercado<\/strong> (IGP-M) avan\u00e7ou 0,58% na segunda pr\u00e9via de maio. Assim, o resultado apresentado pela <strong>Funda\u00e7\u00e3o Get\u00falio Vargas<\/strong> nesta segunda-feira (20) aponta uma <strong>desacelera\u00e7\u00e3o<\/strong> do indicador. Em abril, o registrado foi de uma alta de 0,78%.<\/p>\t<div class=\"wrapper-featured-image\">\n\t\t<figure class=\"spotlightImg\">\n\n\t\t\t<picture>\n\t\t\t\t<source media=\"(max-width: 768px)\" srcset=\"https:\/\/files.sunoresearch.com.br\/n\/uploads\/2019\/04\/56b6b603-boletim-focus-400x200.webp\">\n\t\t\t\t<img loading=\"lazy\" decoding=\"async\" class=\"newsContent__article__imgCapa lazyloadDisabled newsContent__article__imgCapa--noCaption\" src=\"https:\/\/files.sunoresearch.com.br\/n\/uploads\/2019\/04\/56b6b603-boletim-focus-800x450.webp\" width=\"800\" height=\"450\" alt=\"IGP-M sobe 0,58% na segunda pr\u00e9via de maio, diz FGV\" fetchpriority=high \/>\n\t\t\t<\/picture>\n\n\t\t\t<figcaption class=\"wp-caption-text wp-caption-text--hide\">Boletim Focus <\/figcaption>\n\t\t<\/figure>\n\t<\/div>\n\n\n<p>No acumulado do ano de 2019, a alta do <strong>IGP-M<\/strong> \u00e9 de 3,69%. No mesmo sentido, nos \u00faltimos 12 meses, o avan\u00e7o do \u00edndice \u00e9 de 7,78%. Enquanto isso, o <strong>\u00cdndice de Pre\u00e7o ao Consumidor (IPC)<\/strong> avan\u00e7ou 0,4%. Na segunda pr\u00e9via de abril, o resultado foi de 0,66%. No IPC, o destaque foi para o grupo de <strong>Alimenta\u00e7\u00e3o.<\/strong> Isso porque o componente apresentou um avan\u00e7o de 0,77%. No mesmo per\u00edodo de abril, o registrado foi de 0,07%.<\/p>\n\t<p>\n\t\t<a href=\"https:\/\/lp.suno.com.br\/nossas-assinaturas\/?utm_campaign=_SNC8166F3A4_\" target=\"_blank\" data-element=\"shortcode-suno-banner\" title=\"Banner SUNO, clique e saiba mais\">\n\t\t\t<picture>\n\t\t\t\t<source media=\"(max-width: 500px)\" srcset=\"https:\/\/files.sunoresearch.com.br\/n\/uploads\/2025\/08\/Artigos-e-Noticias-Banner-Materias-01-Mobile_-400x300-1-png.webp\">\n\t\t\t\t<img class=\"newsContent__article__imgCapa newsContent__article__imgCapa--banner\"\n\t\t\t\t\tsrc=\"https:\/\/files.sunoresearch.com.br\/n\/uploads\/2025\/08\/Artigos-e-Noticias-Banner-Materias-01-Desktop_-1420x240-4-png.webp\"\n\t\t\t\t\tdata-promo-id=\"620371\"\t\t\t\t\t\t\t\t\t\twidth='1420' height='240'\t\t\t\t\talt=\"https:\/\/files.sunoresearch.com.br\/n\/uploads\/2025\/08\/Artigos-e-Noticias-Banner-Materias-01-Desktop_-1420x240-4-png.webp\"\n\t\t\t\t>\n\t\t\t<\/picture>\n\t\t<\/a>\n\t<\/p>\n\n\n<p>J\u00e1 o <strong>\u00cdndice de Pre\u00e7os ao Produtor Amplo,<\/strong> o <strong>IPA,<\/strong> aumentou 0,72% na pr\u00e9via de maio. No mesmo indicador de abril, o resultado foi de uma alta de 0,89%. Assim, dentro do \u00edndice registrou-se:<\/p>\n<p><a href=\"https:\/\/www.suno.com.br\/noticias\/boletim-focus-reduz-previsao-crescimento-pib-para-124\/\">Saiba Mais: Boletim Focus: previs\u00e3o de crescimento do PIB cai para 1,24%; infla\u00e7\u00e3o sobe<\/a><\/p>\n<ul>\n<li>Bens Finais: alta de 0,26%;<\/li>\n<li>Mat\u00e9rias-Primas Brutas: alta de 0,97%;<\/li>\n<li>Bens Intermedi\u00e1rios: alta de 0,97%.<\/li>\n<\/ul>\n<p>J\u00e1 nos resultado parciais de abril esses mesmos \u00edndices registraram:<\/p>\n<ul>\n<li>Bens Finais: alta de 0,89%;<\/li>\n<li>Mat\u00e9rias-Primas Brutas: alta de 1,45%;<\/li>\n<li>Bens Intermedi\u00e1rios: alta de 0,42%.<\/li>\n<\/ul>\n<p>&#8220;O destaque coube ao subgrupo combust\u00edveis e lubrificantes para a produ\u00e7\u00e3o, cuja taxa passou de 0,64% para 4,07%&#8221;, informou a <strong>FGV,<\/strong> em nota. O <strong>IPA industrial<\/strong> acelerou a alta e avan\u00e7ou 1,58% contra 1% na segunda pr\u00e9via de abril. No entanto, o <strong>IPA agr\u00edcola<\/strong> caiu 1,85% depois de ter subido 0,54% no mesmo per\u00edodo do m\u00eas passado.<\/p>\n<h2>Desacelera\u00e7\u00e3o do INCC<\/h2>\n<p>A alta tamb\u00e9m foi registrada no <strong>\u00cdndice Nacional de Custo da Constru\u00e7\u00e3o<\/strong> (INCC). Isso porque o indicador avan\u00e7ou 0,06% na segunda pr\u00e9via de maio. Entretanto, a alta sofreu uma desacelera\u00e7\u00e3o, porque no m\u00eas anterior o resultado subiu 0,39%. Assim, dentro do <strong>INCC,<\/strong> os resultados foram:<\/p>\n<p><a href=\"https:\/\/www.suno.com.br\/noticias\/governo-novos-bloqueios-orcamento-quarta\/\">Saiba Mais: Governo deve anunciar novos bloqueios no Or\u00e7amento na pr\u00f3xima quarta<\/a><\/p>\n<ul>\n<li>materiais: alta de 0,13% contra avan\u00e7o de 0,59% registrado na segunda pr\u00e9via do m\u00eas de abril;<\/li>\n<li>equipamentos: alta de 0,13% contra avan\u00e7o de 0,59% registrado na segunda pr\u00e9via do m\u00eas de abril;<\/li>\n<li>servi\u00e7os: alta de 0,13% contra avan\u00e7o de 0,59% registrado na segunda pr\u00e9via do m\u00eas de abril;<\/li>\n<li>m\u00e3o de obra:\u00a0alta de 0,01% contra avan\u00e7o de 0,22% registrado na segunda pr\u00e9via do m\u00eas de abril.<\/li>\n<\/ul>\n","protected":false},"excerpt":{"rendered":"<p>O \u00cdndice Geral de Pre\u00e7os &#8211; Mercado (IGP-M) avan\u00e7ou 0,58% na segunda pr\u00e9via de maio. Assim, o resultado apresentado pela Funda\u00e7\u00e3o Get\u00falio Vargas nesta segunda-feira (20) aponta uma desacelera\u00e7\u00e3o do indicador. Em abril, o registrado foi de uma alta de 0,78%. Boletim Focus No acumulado do ano de 2019, a alta do IGP-M \u00e9 de [&hellip;]<\/p>\n","protected":false},"author":16,"featured_media":20249,"comment_status":"closed","ping_status":"closed","sticky":false,"template":"","format":"standard","meta":[],"categories":[62],"tags":[740,1045],"suno_strategy":[],"class_list":["post-25202","post","type-post","status-publish","format-standard","has-post-thumbnail","hentry","category-economia","tag-economia","tag-igp-m"],"yoast_head":"<!-- This site is optimized with the Yoast SEO plugin v24.4 - https:\/\/yoast.com\/wordpress\/plugins\/seo\/ -->\n<title>IGP-M desacelera e fica em 0,58% na segunda pr\u00e9via de maio, diz FGV<\/title>\n<meta name=\"description\" content=\"A alta do IGP-M apresentou uma desacelera\u00e7\u00e3o em rela\u00e7\u00e3o ao avan\u00e7o registrado na segunda pr\u00e9via do m\u00eas de abril. Clique aqui e confira.\" \/>\n<meta name=\"robots\" content=\"index, follow, max-snippet:-1, max-image-preview:large, max-video-preview:-1\" \/>\n<link rel=\"canonical\" href=\"https:\/\/www.suno.com.br\/noticias\/igp-m-desacelera-058-previa-maio\/\" \/>\n<meta property=\"og:locale\" content=\"pt_BR\" \/>\n<meta property=\"og:type\" content=\"article\" \/>\n<meta property=\"og:title\" content=\"IGP-M desacelera e fica em 0,58% na segunda pr\u00e9via de maio, diz FGV\" \/>\n<meta property=\"og:description\" content=\"A alta do IGP-M apresentou uma desacelera\u00e7\u00e3o em rela\u00e7\u00e3o ao avan\u00e7o registrado na segunda pr\u00e9via do m\u00eas de abril. Clique aqui e confira.\" \/>\n<meta property=\"og:url\" content=\"https:\/\/www.suno.com.br\/noticias\/igp-m-desacelera-058-previa-maio\/\" \/>\n<meta property=\"og:site_name\" content=\"Suno Not\u00edcias\" \/>\n<meta property=\"article:publisher\" content=\"https:\/\/facebook.com\/sunoresearch\" \/>\n<meta property=\"og:image\" content=\"https:\/\/files.sunoresearch.com.br\/n\/uploads\/2019\/04\/56b6b603-boletim-focus.jpg\" \/>\n\t<meta property=\"og:image:width\" content=\"850\" \/>\n\t<meta property=\"og:image:height\" content=\"566\" \/>\n\t<meta property=\"og:image:type\" content=\"image\/jpeg\" \/>\n<meta name=\"author\" content=\"Beatriz Oliveira\" \/>\n<meta name=\"twitter:card\" content=\"summary_large_image\" \/>\n<meta name=\"twitter:creator\" content=\"@sunoresearch\" \/>\n<meta name=\"twitter:site\" content=\"@sunoresearch\" \/>\n<meta name=\"twitter:label1\" content=\"Escrito por\" \/>\n\t<meta name=\"twitter:data1\" content=\"Beatriz Oliveira\" \/>\n\t<meta name=\"twitter:label2\" content=\"Est. tempo de leitura\" \/>\n\t<meta name=\"twitter:data2\" content=\"2 minutos\" \/>\n<script type=\"application\/ld+json\" class=\"yoast-schema-graph\">{\"@context\":\"https:\/\/schema.org\",\"@graph\":[{\"@type\":\"NewsArticle\",\"@id\":\"https:\/\/www.suno.com.br\/noticias\/igp-m-desacelera-058-previa-maio\/#article\",\"isPartOf\":{\"@id\":\"https:\/\/www.suno.com.br\/noticias\/igp-m-desacelera-058-previa-maio\/\"},\"author\":{\"name\":\"Beatriz Oliveira\",\"@id\":\"https:\/\/www.suno.com.br\/noticias\/#\/schema\/person\/e67f665add014bf99f644028de070cc3\"},\"headline\":\"IGP-M sobe 0,58% na segunda pr\u00e9via de maio, diz FGV\",\"datePublished\":\"2019-05-20T13:17:59+00:00\",\"mainEntityOfPage\":{\"@id\":\"https:\/\/www.suno.com.br\/noticias\/igp-m-desacelera-058-previa-maio\/\"},\"wordCount\":415,\"publisher\":{\"@id\":\"https:\/\/www.suno.com.br\/noticias\/#organization\"},\"image\":{\"@id\":\"https:\/\/www.suno.com.br\/noticias\/igp-m-desacelera-058-previa-maio\/#primaryimage\"},\"thumbnailUrl\":\"https:\/\/files.sunoresearch.com.br\/n\/uploads\/2019\/04\/56b6b603-boletim-focus-jpg.webp\",\"keywords\":[\"Economia\",\"IGP-M\"],\"articleSection\":[\"Economia\"],\"inLanguage\":\"pt-BR\"},{\"@type\":\"WebPage\",\"@id\":\"https:\/\/www.suno.com.br\/noticias\/igp-m-desacelera-058-previa-maio\/\",\"url\":\"https:\/\/www.suno.com.br\/noticias\/igp-m-desacelera-058-previa-maio\/\",\"name\":\"IGP-M desacelera e fica em 0,58% na segunda pr\u00e9via de maio, diz FGV\",\"isPartOf\":{\"@id\":\"https:\/\/www.suno.com.br\/noticias\/#website\"},\"primaryImageOfPage\":{\"@id\":\"https:\/\/www.suno.com.br\/noticias\/igp-m-desacelera-058-previa-maio\/#primaryimage\"},\"image\":{\"@id\":\"https:\/\/www.suno.com.br\/noticias\/igp-m-desacelera-058-previa-maio\/#primaryimage\"},\"thumbnailUrl\":\"https:\/\/files.sunoresearch.com.br\/n\/uploads\/2019\/04\/56b6b603-boletim-focus-jpg.webp\",\"datePublished\":\"2019-05-20T13:17:59+00:00\",\"description\":\"A alta do IGP-M apresentou uma desacelera\u00e7\u00e3o em rela\u00e7\u00e3o ao avan\u00e7o registrado na segunda pr\u00e9via do m\u00eas de abril. Clique aqui e confira.\",\"breadcrumb\":{\"@id\":\"https:\/\/www.suno.com.br\/noticias\/igp-m-desacelera-058-previa-maio\/#breadcrumb\"},\"inLanguage\":\"pt-BR\",\"potentialAction\":[{\"@type\":\"ReadAction\",\"target\":[\"https:\/\/www.suno.com.br\/noticias\/igp-m-desacelera-058-previa-maio\/\"]}]},{\"@type\":\"ImageObject\",\"inLanguage\":\"pt-BR\",\"@id\":\"https:\/\/www.suno.com.br\/noticias\/igp-m-desacelera-058-previa-maio\/#primaryimage\",\"url\":\"https:\/\/files.sunoresearch.com.br\/n\/uploads\/2019\/04\/56b6b603-boletim-focus-jpg.webp\",\"contentUrl\":\"https:\/\/files.sunoresearch.com.br\/n\/uploads\/2019\/04\/56b6b603-boletim-focus-jpg.webp\",\"width\":850,\"height\":566,\"caption\":\"Boletim Focus\"},{\"@type\":\"BreadcrumbList\",\"@id\":\"https:\/\/www.suno.com.br\/noticias\/igp-m-desacelera-058-previa-maio\/#breadcrumb\",\"itemListElement\":[{\"@type\":\"ListItem\",\"position\":1,\"name\":\"Not\u00edcias\",\"item\":\"https:\/\/www.suno.com.br\/noticias\/\"},{\"@type\":\"ListItem\",\"position\":2,\"name\":\"Economia\",\"item\":\"https:\/\/www.suno.com.br\/noticias\/economia\/\"},{\"@type\":\"ListItem\",\"position\":3,\"name\":\"IGP-M sobe 0,58% na segunda pr\u00e9via de maio, diz FGV\"}]},{\"@type\":\"WebSite\",\"@id\":\"https:\/\/www.suno.com.br\/noticias\/#website\",\"url\":\"https:\/\/www.suno.com.br\/noticias\/\",\"name\":\"Suno Not\u00edcias\",\"description\":\"Seu portal de informa\u00e7\u00e3o sobre o mundo dos investimentos\",\"publisher\":{\"@id\":\"https:\/\/www.suno.com.br\/noticias\/#organization\"},\"potentialAction\":[{\"@type\":\"SearchAction\",\"target\":{\"@type\":\"EntryPoint\",\"urlTemplate\":\"https:\/\/www.suno.com.br\/noticias\/?s={search_term_string}\"},\"query-input\":{\"@type\":\"PropertyValueSpecification\",\"valueRequired\":true,\"valueName\":\"search_term_string\"}}],\"inLanguage\":\"pt-BR\"},{\"@type\":\"Organization\",\"@id\":\"https:\/\/www.suno.com.br\/noticias\/#organization\",\"name\":\"Suno Not\u00edcias\",\"url\":\"https:\/\/www.suno.com.br\/noticias\/\",\"logo\":{\"@type\":\"ImageObject\",\"inLanguage\":\"pt-BR\",\"@id\":\"https:\/\/www.suno.com.br\/noticias\/#\/schema\/logo\/image\/\",\"url\":\"https:\/\/files.sunoresearch.com.br\/n\/uploads\/2021\/09\/suno-logo.png\",\"contentUrl\":\"https:\/\/files.sunoresearch.com.br\/n\/uploads\/2021\/09\/suno-logo.png\",\"width\":180,\"height\":180,\"caption\":\"Suno Not\u00edcias\"},\"image\":{\"@id\":\"https:\/\/www.suno.com.br\/noticias\/#\/schema\/logo\/image\/\"},\"sameAs\":[\"https:\/\/facebook.com\/sunoresearch\",\"https:\/\/x.com\/sunoresearch\",\"https:\/\/www.instagram.com\/suno\",\"https:\/\/www.linkedin.com\/company\/suno-research\/\",\"https:\/\/www.youtube.com\/c\/sunoresearch\"]},{\"@type\":\"Person\",\"@id\":\"https:\/\/www.suno.com.br\/noticias\/#\/schema\/person\/e67f665add014bf99f644028de070cc3\",\"name\":\"Beatriz Oliveira\",\"image\":{\"@type\":\"ImageObject\",\"inLanguage\":\"pt-BR\",\"@id\":\"https:\/\/www.suno.com.br\/noticias\/#\/schema\/person\/image\/\",\"url\":\"https:\/\/secure.gravatar.com\/avatar\/c9aa6a0aaecc598d257d5d5bd349157d?s=96&r=g\",\"contentUrl\":\"https:\/\/secure.gravatar.com\/avatar\/c9aa6a0aaecc598d257d5d5bd349157d?s=96&r=g\",\"caption\":\"Beatriz Oliveira\"},\"description\":\"Formada em Jornalismo pela Faculdade Paulus de Tecnologia e Comunica\u00e7\u00e3o, Beatriz Oliveira escreve para o portal de not\u00edcias Suno Research. Antes, passou pelas reda\u00e7\u00f5es da Revista EXAME e da Rede Bandeirantes.\",\"url\":\"https:\/\/www.suno.com.br\/noticias\/author\/beatriz\/\"}]}<\/script>\n<!-- \/ Yoast SEO plugin. -->","yoast_head_json":{"title":"IGP-M desacelera e fica em 0,58% na segunda pr\u00e9via de maio, diz FGV","description":"A alta do IGP-M apresentou uma desacelera\u00e7\u00e3o em rela\u00e7\u00e3o ao avan\u00e7o registrado na segunda pr\u00e9via do m\u00eas de abril. Clique aqui e confira.","robots":{"index":"index","follow":"follow","max-snippet":"max-snippet:-1","max-image-preview":"max-image-preview:large","max-video-preview":"max-video-preview:-1"},"canonical":"https:\/\/www.suno.com.br\/noticias\/igp-m-desacelera-058-previa-maio\/","og_locale":"pt_BR","og_type":"article","og_title":"IGP-M desacelera e fica em 0,58% na segunda pr\u00e9via de maio, diz FGV","og_description":"A alta do IGP-M apresentou uma desacelera\u00e7\u00e3o em rela\u00e7\u00e3o ao avan\u00e7o registrado na segunda pr\u00e9via do m\u00eas de abril. Clique aqui e confira.","og_url":"https:\/\/www.suno.com.br\/noticias\/igp-m-desacelera-058-previa-maio\/","og_site_name":"Suno Not\u00edcias","article_publisher":"https:\/\/facebook.com\/sunoresearch","og_image":[{"width":850,"height":566,"url":"https:\/\/files.sunoresearch.com.br\/n\/uploads\/2019\/04\/56b6b603-boletim-focus.jpg","type":"image\/jpeg"}],"author":"Beatriz Oliveira","twitter_card":"summary_large_image","twitter_creator":"@sunoresearch","twitter_site":"@sunoresearch","twitter_misc":{"Escrito por":"Beatriz Oliveira","Est. tempo de leitura":"2 minutos"},"schema":{"@context":"https:\/\/schema.org","@graph":[{"@type":"NewsArticle","@id":"https:\/\/www.suno.com.br\/noticias\/igp-m-desacelera-058-previa-maio\/#article","isPartOf":{"@id":"https:\/\/www.suno.com.br\/noticias\/igp-m-desacelera-058-previa-maio\/"},"author":{"name":"Beatriz Oliveira","@id":"https:\/\/www.suno.com.br\/noticias\/#\/schema\/person\/e67f665add014bf99f644028de070cc3"},"headline":"IGP-M sobe 0,58% na segunda pr\u00e9via de maio, diz FGV","datePublished":"2019-05-20T13:17:59+00:00","mainEntityOfPage":{"@id":"https:\/\/www.suno.com.br\/noticias\/igp-m-desacelera-058-previa-maio\/"},"wordCount":415,"publisher":{"@id":"https:\/\/www.suno.com.br\/noticias\/#organization"},"image":{"@id":"https:\/\/www.suno.com.br\/noticias\/igp-m-desacelera-058-previa-maio\/#primaryimage"},"thumbnailUrl":"https:\/\/files.sunoresearch.com.br\/n\/uploads\/2019\/04\/56b6b603-boletim-focus-jpg.webp","keywords":["Economia","IGP-M"],"articleSection":["Economia"],"inLanguage":"pt-BR"},{"@type":"WebPage","@id":"https:\/\/www.suno.com.br\/noticias\/igp-m-desacelera-058-previa-maio\/","url":"https:\/\/www.suno.com.br\/noticias\/igp-m-desacelera-058-previa-maio\/","name":"IGP-M desacelera e fica em 0,58% na segunda pr\u00e9via de maio, diz FGV","isPartOf":{"@id":"https:\/\/www.suno.com.br\/noticias\/#website"},"primaryImageOfPage":{"@id":"https:\/\/www.suno.com.br\/noticias\/igp-m-desacelera-058-previa-maio\/#primaryimage"},"image":{"@id":"https:\/\/www.suno.com.br\/noticias\/igp-m-desacelera-058-previa-maio\/#primaryimage"},"thumbnailUrl":"https:\/\/files.sunoresearch.com.br\/n\/uploads\/2019\/04\/56b6b603-boletim-focus-jpg.webp","datePublished":"2019-05-20T13:17:59+00:00","description":"A alta do IGP-M apresentou uma desacelera\u00e7\u00e3o em rela\u00e7\u00e3o ao avan\u00e7o registrado na segunda pr\u00e9via do m\u00eas de abril. Clique aqui e confira.","breadcrumb":{"@id":"https:\/\/www.suno.com.br\/noticias\/igp-m-desacelera-058-previa-maio\/#breadcrumb"},"inLanguage":"pt-BR","potentialAction":[{"@type":"ReadAction","target":["https:\/\/www.suno.com.br\/noticias\/igp-m-desacelera-058-previa-maio\/"]}]},{"@type":"ImageObject","inLanguage":"pt-BR","@id":"https:\/\/www.suno.com.br\/noticias\/igp-m-desacelera-058-previa-maio\/#primaryimage","url":"https:\/\/files.sunoresearch.com.br\/n\/uploads\/2019\/04\/56b6b603-boletim-focus-jpg.webp","contentUrl":"https:\/\/files.sunoresearch.com.br\/n\/uploads\/2019\/04\/56b6b603-boletim-focus-jpg.webp","width":850,"height":566,"caption":"Boletim Focus"},{"@type":"BreadcrumbList","@id":"https:\/\/www.suno.com.br\/noticias\/igp-m-desacelera-058-previa-maio\/#breadcrumb","itemListElement":[{"@type":"ListItem","position":1,"name":"Not\u00edcias","item":"https:\/\/www.suno.com.br\/noticias\/"},{"@type":"ListItem","position":2,"name":"Economia","item":"https:\/\/www.suno.com.br\/noticias\/economia\/"},{"@type":"ListItem","position":3,"name":"IGP-M sobe 0,58% na segunda pr\u00e9via de maio, diz FGV"}]},{"@type":"WebSite","@id":"https:\/\/www.suno.com.br\/noticias\/#website","url":"https:\/\/www.suno.com.br\/noticias\/","name":"Suno Not\u00edcias","description":"Seu portal de informa\u00e7\u00e3o sobre o mundo dos investimentos","publisher":{"@id":"https:\/\/www.suno.com.br\/noticias\/#organization"},"potentialAction":[{"@type":"SearchAction","target":{"@type":"EntryPoint","urlTemplate":"https:\/\/www.suno.com.br\/noticias\/?s={search_term_string}"},"query-input":{"@type":"PropertyValueSpecification","valueRequired":true,"valueName":"search_term_string"}}],"inLanguage":"pt-BR"},{"@type":"Organization","@id":"https:\/\/www.suno.com.br\/noticias\/#organization","name":"Suno Not\u00edcias","url":"https:\/\/www.suno.com.br\/noticias\/","logo":{"@type":"ImageObject","inLanguage":"pt-BR","@id":"https:\/\/www.suno.com.br\/noticias\/#\/schema\/logo\/image\/","url":"https:\/\/files.sunoresearch.com.br\/n\/uploads\/2021\/09\/suno-logo.png","contentUrl":"https:\/\/files.sunoresearch.com.br\/n\/uploads\/2021\/09\/suno-logo.png","width":180,"height":180,"caption":"Suno Not\u00edcias"},"image":{"@id":"https:\/\/www.suno.com.br\/noticias\/#\/schema\/logo\/image\/"},"sameAs":["https:\/\/facebook.com\/sunoresearch","https:\/\/x.com\/sunoresearch","https:\/\/www.instagram.com\/suno","https:\/\/www.linkedin.com\/company\/suno-research\/","https:\/\/www.youtube.com\/c\/sunoresearch"]},{"@type":"Person","@id":"https:\/\/www.suno.com.br\/noticias\/#\/schema\/person\/e67f665add014bf99f644028de070cc3","name":"Beatriz Oliveira","image":{"@type":"ImageObject","inLanguage":"pt-BR","@id":"https:\/\/www.suno.com.br\/noticias\/#\/schema\/person\/image\/","url":"https:\/\/secure.gravatar.com\/avatar\/c9aa6a0aaecc598d257d5d5bd349157d?s=96&r=g","contentUrl":"https:\/\/secure.gravatar.com\/avatar\/c9aa6a0aaecc598d257d5d5bd349157d?s=96&r=g","caption":"Beatriz Oliveira"},"description":"Formada em Jornalismo pela Faculdade Paulus de Tecnologia e Comunica\u00e7\u00e3o, Beatriz Oliveira escreve para o portal de not\u00edcias Suno Research. Antes, passou pelas reda\u00e7\u00f5es da Revista EXAME e da Rede Bandeirantes.","url":"https:\/\/www.suno.com.br\/noticias\/author\/beatriz\/"}]}},"default_loop_html":"<div class=\"cardsPage__listCard__boxs\"><div class=\"cardsPage__listCard__boxs__img\"><a href=\"https:\/\/www.suno.com.br\/noticias\/igp-m-desacelera-058-previa-maio\/\"><img class=\"mask\" src=\"https:\/\/www.suno.com.br\/noticias\/wp-content\/themes\/suno\/resources\/images\/spotlight\/spotlight1img\/bg-mask.png\" alt=\"Image Mask\"\/><img src=\"https:\/\/files.sunoresearch.com.br\/n\/uploads\/2019\/04\/56b6b603-boletim-focus-400x200.webp\" alt=\"IGP-M sobe 0,58% na segunda pr\u00e9via de maio, diz FGV\"\/><\/a><span class=\"spotlightCategory\"><a href=\"https:\/\/www.suno.com.br\/noticias\/economia\/\">Economia<\/a><\/span><\/div><div class=\"cardsPage__listCard__boxs__content\"><a href=\"https:\/\/www.suno.com.br\/noticias\/igp-m-desacelera-058-previa-maio\/\"><h2 class=\"content__title\">IGP-M sobe 0,58% na segunda pr\u00e9via de maio, diz FGV<\/h2><\/a><div class=\"newsContent__article__meta\"><div class=\"newsContent__article__meta__authorBox\"><a href=\"https:\/\/www.suno.com.br\/noticias\/author\/beatriz\/\" class=\"authorBox__avatar noMobi\"><img src=\"https:\/\/secure.gravatar.com\/avatar\/c9aa6a0aaecc598d257d5d5bd349157d?s=96&#038;r=g\" alt=\"Beatriz Oliveira\"><\/a><div class=\"authorBox__name\"><span>por\n\t\t\t<a href=\"https:\/\/www.suno.com.br\/noticias\/author\/beatriz\/\"><span itemprop=\"author\">Beatriz Oliveira<\/span><\/a><\/span><time datetime=\"2019-05-20T10:17:59-03:00\" itemprop=\"datePublished\">20\/05\/2019 10:17<\/time><\/div><\/div><\/div><\/div><\/div>","single_layout":"posts","amp_enabled":true,"_links":{"self":[{"href":"https:\/\/www.suno.com.br\/noticias\/wp-json\/wp\/v2\/posts\/25202"}],"collection":[{"href":"https:\/\/www.suno.com.br\/noticias\/wp-json\/wp\/v2\/posts"}],"about":[{"href":"https:\/\/www.suno.com.br\/noticias\/wp-json\/wp\/v2\/types\/post"}],"author":[{"embeddable":true,"href":"https:\/\/www.suno.com.br\/noticias\/wp-json\/wp\/v2\/users\/16"}],"replies":[{"embeddable":true,"href":"https:\/\/www.suno.com.br\/noticias\/wp-json\/wp\/v2\/comments?post=25202"}],"version-history":[{"count":0,"href":"https:\/\/www.suno.com.br\/noticias\/wp-json\/wp\/v2\/posts\/25202\/revisions"}],"wp:featuredmedia":[{"embeddable":true,"href":"https:\/\/www.suno.com.br\/noticias\/wp-json\/wp\/v2\/media\/20249"}],"wp:attachment":[{"href":"https:\/\/www.suno.com.br\/noticias\/wp-json\/wp\/v2\/media?parent=25202"}],"wp:term":[{"taxonomy":"category","embeddable":true,"href":"https:\/\/www.suno.com.br\/noticias\/wp-json\/wp\/v2\/categories?post=25202"},{"taxonomy":"post_tag","embeddable":true,"href":"https:\/\/www.suno.com.br\/noticias\/wp-json\/wp\/v2\/tags?post=25202"},{"taxonomy":"suno_strategy","embeddable":true,"href":"https:\/\/www.suno.com.br\/noticias\/wp-json\/wp\/v2\/suno_strategy?post=25202"}],"curies":[{"name":"wp","href":"https:\/\/api.w.org\/{rel}","templated":true}]}}