{"id":251924,"date":"2022-04-19T09:28:09","date_gmt":"2022-04-19T12:28:09","guid":{"rendered":"https:\/\/www.suno.com.br\/noticias\/?p=251924"},"modified":"2022-04-19T21:58:25","modified_gmt":"2022-04-20T00:58:25","slug":"ibovespa-hoje-19042022","status":"publish","type":"post","link":"https:\/\/www.suno.com.br\/noticias\/ibovespa-hoje-19042022\/","title":{"rendered":"Ibovespa fecha com recuo de 0,55%, em dia de queda forte da Vale (VALE3)"},"content":{"rendered":"<p>O\u00a0<strong>Ibovespa<\/strong> fechou a ter\u00e7a-feira (19) em queda de 0,55%, aos 115.056,66 pontos, entre m\u00ednima de 114.277,16 e m\u00e1xima de 115.686,95 pontos, saindo de abertura aos 115.686,95.<\/p>\n<p>Moderado, embora superior ao da segunda-feira, o giro financeiro ficou em R$ 26,2 bilh\u00f5es na sess\u00e3o. Na semana, o Ibovespa cede 0,97% e, no m\u00eas, 4,12%, emendando nesta ter\u00e7a a terceira perda di\u00e1ria &#8211; no ano, a alta \u00e9 de 9,76%.<\/p>\n<p>Mesmo com ganhos de at\u00e9 2,15% (Nasdaq) no fechamento de Nova York nesta ter\u00e7a-feira, o <strong>\u00edndice Bovespa<\/strong> encerrou o dia no menor n\u00edvel desde 17 de mar\u00e7o, mas conseguindo se sustentar acima dos 115 mil pontos, ap\u00f3s ter operado abaixo deste limiar em boa parte da sess\u00e3o.<\/p>\n<p>A revis\u00e3o da expectativa de crescimento global pelo Fundo Monet\u00e1rio Internacional (FMI) para 2022, de 4,4% para 3,6%, resultou em forte ajuste do petr\u00f3leo nesta ter\u00e7a, ap\u00f3s sequ\u00eancia de recupera\u00e7\u00e3o vista em ambas as refer\u00eancias.<\/p>\n<p>Apesar da corre\u00e7\u00e3o, o avan\u00e7o de Petrobras (PETR4) acentuado no fim da tarde, contribuiu para mitigar os efeitos de Vale VALE3), que divulgar\u00e1 dados de produ\u00e7\u00e3o ainda hoje, e da realiza\u00e7\u00e3o de lucros nas a\u00e7\u00f5es de grandes bancos, parte dos quais ainda conserva ganhos bem acima do Ibovespa no ano.<\/p>\n<p>&#8220;A atualiza\u00e7\u00e3o na estimativa de crescimento global do FMI para o ano ajuda a entender a corre\u00e7\u00e3o da Vale, a\u00e7\u00e3o muito correlacionada \u00e0 economia mundial e, em particular, \u00e0 demanda da China, que tem sofrido com os lockdowns. No quadro dom\u00e9stico, pesam tamb\u00e9m as press\u00f5es do funcionalismo por aumento salarial. Uma combina\u00e7\u00e3o que produz efeito sobre o d\u00f3lar, em alta na sess\u00e3o frente ao real, e tamb\u00e9m na curva de juros, que deu uma puxada, na ponta curta como na longa&#8221;, diz Antonio Pontes, especialista em renda vari\u00e1vel da Blue3.<\/p>\n<p>Na segunda-feira, o Ibovespa havia fechado na regi\u00e3o de 115,7 mil pontos, ap\u00f3s ter testado &#8220;a importante regi\u00e3o de suporte em 115,3 mil pontos&#8221;, observam em nota de an\u00e1lise gr\u00e1fica F\u00e1bio Perina e Lucas Piza, do Ita\u00fa BBA.<\/p>\n<p>Na segunda-feira, &#8220;o \u00edndice foi capaz de manter o vi\u00e9s positivo&#8221;, mantendo-se ent\u00e3o acima desta regi\u00e3o, o \u00faltimo suporte para manuten\u00e7\u00e3o da tend\u00eancia de alta, acrescentam os analistas. Em sentido contr\u00e1rio, eventual &#8220;supera\u00e7\u00e3o dos 117,4 mil pontos sinalizar\u00e1 que o mercado retomou o movimento de acelera\u00e7\u00e3o em busca dos 119,3 mil pontos, antes de buscar a regi\u00e3o dos 121,6 mil pontos&#8221;.<\/p>\n<p>Por outro lado, os pre\u00e7os dos ativos tendem a continuar reagindo \u00e0 infla\u00e7\u00e3o global.\u00a0&#8220;A infla\u00e7\u00e3o est\u00e1 mais espalhada, chegando ao setor de servi\u00e7os, e alimentando a indexa\u00e7\u00e3o de pre\u00e7os e sal\u00e1rios, o que se reflete tamb\u00e9m em abertura de curva de juros, nos Estados Unidos especialmente. O mercado ainda n\u00e3o encontrou patamar de juros nominal que vai brecar essa infla\u00e7\u00e3o&#8221;, diz Daniel Miraglia, economista-chefe do Integral Group.<\/p>\n<p>Ele prev\u00ea delibera\u00e7\u00e3o &#8220;mais forte do que o mercado espera&#8221; na pr\u00f3xima reuni\u00e3o de pol\u00edtica monet\u00e1ria do Federal Reserve, em maio, com alta de at\u00e9 0,75 ponto porcentual na taxa de juros americana. &#8220;Os BCs precisar\u00e3o ser mais duros (na Europa e nos EUA), e isso trar\u00e1 commodities para baixo, principalmente petr\u00f3leo, ainda bastante esticado pela guerra (no Leste Europeu).&#8221;<\/p>\n<p>As Bolsas de Nova York tiveram dia de recupera\u00e7\u00e3o.<\/p>\n<ul>\n<li><strong><a class=\"suno-keyword\" href=\"https:\/\/www.suno.com.br\/artigos\/indice-dow-jones-djia\/\" target=\"_blank\" rel=\"noopener\" data-force=\"no\" data-priority=\"2\">Dow Jones<\/a><\/strong> sobe 1,48% (34.920,30 pontos);<\/li>\n<li><strong>S&amp;P 500<\/strong> avan\u00e7a 1,61% (4.462,48 pontos);<\/li>\n<li><strong>Nasdaq<\/strong> ganha 2,15% (13.619,66 pontos).<\/li>\n<\/ul>\n<p>O\u00a0<strong>d\u00f3lar<\/strong> \u00e0 vista fecha em alta de 0,43%, a R$ 4,6682, depois de oscilar entre R$ 4,6408 e R$ 4,6857.<\/p>\n<p>Os <strong>ativos do petr\u00f3leo<\/strong> ca\u00edram no <a class=\"suno-keyword\" href=\"https:\/\/www.suno.com.br\/artigos\/contrato-futuro\/\" target=\"_blank\" rel=\"noopener\" data-force=\"no\" data-priority=\"1\">mercado futuro<\/a>, diante das revis\u00f5es de proje\u00e7\u00f5es sobre crescimento global. O destaque ficou para os ajustes do Fundo Monet\u00e1rio Internacional (FMI). Al\u00e9m disso, ap\u00f3s quatro sess\u00f5es da commodity em alta, operadores fazem a realiza\u00e7\u00e3o de lucros.<\/p>\n<p>O <strong><a class=\"suno-keyword\" href=\"https:\/\/www.suno.com.br\/artigos\/wti\/\" target=\"_blank\" rel=\"noopener\" data-force=\"no\" data-priority=\"1\">petr\u00f3leo WTI<\/a><\/strong> para junho fechou em queda de 5,17% (US$ 5,56), a US$ 102,05 o barril, na <a class=\"suno-keyword\" href=\"https:\/\/www.suno.com.br\/artigos\/nymex\/\" target=\"_blank\" rel=\"noopener\" data-force=\"no\" data-priority=\"1\">New York Mercantile Exchange (Nymex)<\/a>, e o Brent para junho caiu 5,22% (US$ 5,91), a US$ 107,25 o barril, na Intercontinental Exchange (ICE).<\/p>\n<p>O contrato mais l\u00edquido do <strong>ouro<\/strong> fechou em baixa nesta ter\u00e7a-feira, ap\u00f3s uma s\u00e9rie de avan\u00e7os do metal, com investidores buscando realiza\u00e7\u00e3o de lucros. Al\u00e9m disso, a alta dos rendimentos dos Treasuries e do d\u00f3lar, moeda na qual a commodity \u00e9 cotada, pressiona o ouro. O movimento ocorre em grande parte devido \u00e0 postura do Federal Reserve (Fed, o banco central norte-americano), com dirigentes indicando uma aperto monet\u00e1rio mais forte diante do quadro de alta da infla\u00e7\u00e3o.<\/p>\n<p>O ouro para junho encerrou a sess\u00e3o com desvaloriza\u00e7\u00e3o de 1,38%, a US$ 1.959,00 a on\u00e7a-troy, na Comex, divis\u00e3o de metais da New York Mercantile Exchange (Nymex).<\/p>\n<p>No\u00a0<strong>Ibovespa hoje<\/strong>, indo na contram\u00e3o da queda do petr\u00f3leo, a\u00a0<strong>Petrobras<\/strong> (PETR3, PETR4) segurou o \u00edndice de cair ainda mais, com altas de 1,73% e 3,03%, respectivamente. Na ponta oposta, a\u00a0<strong>Vale<\/strong> (VALE3) acabou fechando o dia com -3,19%.<\/p>\n<p>O setor banc\u00e1rio tamb\u00e9m contribuiu para fechar a sess\u00e3o do dia no negativo, com\u00a0<strong>Banco do Brasil<\/strong> (BBAS3) caindo 3,53%,\u00a0<strong>Bradesco<\/strong> (BBDC3, BBDC4) recuando 1,83% e 1,31%, respectivamente,\u00a0<strong>Ita\u00fa<\/strong> (ITUB4) registrou -1,77% e\u00a0<strong>Santander<\/strong> (SANB11) cedeu 0,45%.<\/p>\n<p>Outro setor que n\u00e3o desempenhou bem nesta ter\u00e7a foi o de el\u00e9tricas, que entraram no ranking das maiores perdas.\u00a0<strong>Cemig\u00a0<\/strong>(CMIG4) teve baixa de 5,84%, liderando a lista, seguida por\u00a0<strong>Eletrobras<\/strong> (ELET3, ELET6) com -4,40% e -3,33%, respectivamente.<\/p>\n<p>Entre as maiores altas,\u00a0<strong>Banco Inter<\/strong> (BIDI11) liderou a lista pela segunda vez consecutiva, com ganhos de 9,15%, acompanhado de\u00a0<strong>BR Malls\u00a0<\/strong>(BRML3) que subiu 7,66% e\u00a0<strong>Grupo Soma<\/strong> (SOMA3) que teve alta de 6,92%.<\/p>\n<p><strong>Maiores altas do Ibovespa:<\/strong><\/p>\n<ul>\n<li><a href=\"https:\/\/www.suno.com.br\/acoes\/bidi11\">Banco Inter (BIDI11)<\/a>: +9,15% \/\/ R$ 18,84<\/li>\n<li><a href=\"https:\/\/www.suno.com.br\/acoes\/brml3\">BR Malls (BRML3)<\/a>: +7,66% \/\/ R$ 9,42<\/li>\n<li><a href=\"https:\/\/www.suno.com.br\/acoes\/soma3\">Grupo Soma (SOMA3)<\/a>: +6,92% \/\/ R$ 14,36<\/li>\n<li><a href=\"https:\/\/www.suno.com.br\/acoes\/jhsf3\">JHSF (JHSF3)<\/a>: +6,21% \/\/ R$ 6,67<\/li>\n<li><a href=\"https:\/\/www.suno.com.br\/acoes\/tots3\">Totvs (TOTS3)<\/a>: +5,54% \/\/ R$ 36,01<\/li>\n<\/ul>\n<h3>Maiores baixas do Ibovespa:<\/h3>\n<ul>\n<li><a href=\"https:\/\/www.suno.com.br\/acoes\/cmig4\">Cemig (CMIG4)<\/a>: -5,84% \/\/ R$ 14,67<\/li>\n<li><a href=\"https:\/\/www.suno.com.br\/acoes\/elet3\">Eletrobras (ELET3)<\/a>: -4,40% \/\/ R$ 40,60<\/li>\n<li><a href=\"https:\/\/www.suno.com.br\/acoes\/crfb3\">Carrefour (CRFB3)<\/a>: -4,30% \/\/ R$ 22,06<\/li>\n<li><a href=\"https:\/\/www.suno.com.br\/acoes\/sbsp3\">Sabesp (SBSP3)<\/a>: -3,84% \/\/ R$ 48,28<\/li>\n<li><a href=\"https:\/\/www.suno.com.br\/acoes\/bbas3\">Banco do Brasil (BBAS3)<\/a>: -3,53 % \/\/ R$ 35,21<\/li>\n<\/ul>\n<h3>Outras not\u00edcias que movimentaram a bolsa de valores<\/h3>\n<ul>\n<li>Mercado Livre (MELI34) e Gol (GOLL4) fecham parceria para servi\u00e7os de log\u00edstica<\/li>\n<li>Eletrobras (ELET3): PT entra com a\u00e7\u00e3o contra a privatiza\u00e7\u00e3o da estatal<\/li>\n<\/ul>\n<h3>Mercado Livre (MELI34) e Gol (GOLL4) fecham parceria para servi\u00e7os de log\u00edstica<\/h3>\n<p>O\u00a0<strong>Mercado Livre<\/strong>\u00a0(<a class=\"suno-keyword\" href=\"https:\/\/www.suno.com.br\/bdrs\/meli34\/\" target=\"_blank\" rel=\"noopener\" data-force=\"yes\" data-priority=\"2\">MELI34<\/a>) e a\u00a0<a class=\"suno-keyword\" href=\"https:\/\/www.suno.com.br\/acoes\/GOLL4\/\" target=\"_blank\" rel=\"noopener\" data-force=\"yes\" data-priority=\"2\">Gol (GOLL4)<\/a>\u00a0fecharam uma parceria de dez anos para a opera\u00e7\u00e3o de servi\u00e7os log\u00edsticos por meio da companhia a\u00e9rea brasileira.<\/p>\n<p>Segundo o contrato, a\u00a0<strong>Gol<\/strong>\u00a0vai converter seis de suas aeronaves de passageiros modelo Boeing 737-800 para cargueiros de uso exclusivo pelo Mercado Livre, informa\u00a0<a class=\"suno-keyword\" href=\"https:\/\/www.suno.com.br\/artigos\/fato-relevante\/\" target=\"_blank\" rel=\"noopener\" data-force=\"no\" data-priority=\"1\">fato relevante<\/a>\u00a0desta ter\u00e7a-feira (19).<\/p>\n<p>O neg\u00f3cio de log\u00edstica da Gol,\u00a0<strong>GOLLOG<\/strong>, dever\u00e1 come\u00e7ar a opera\u00e7\u00e3o em parceria com o e-commerce argentino a partir de junho, com tr\u00eas avi\u00f5es. Outras tr\u00eas aeronaves entrar\u00e3o no neg\u00f3cio em 2023 e o Mercado Livre ainda poder\u00e1 aumentar a opera\u00e7\u00e3o em mais seis jatos at\u00e9 2025.<\/p>\n<p>A companhia a\u00e9rea diz que o acordo dever\u00e1 viabilizar uma economia de R$ 25 milh\u00f5es em 2022 e de R$ 75 milh\u00f5es em 2023, como indicou o presidente-executivo da Gol,\u00a0<strong>Paulo Kakinoff<\/strong>. Al\u00e9m disso, a mudan\u00e7a nas aeronaves \u201cpermitir\u00e1 maior dilui\u00e7\u00e3o dos custos fixos e gerar\u00e1 novas oportunidades de receitas auxiliares\u201d, conforme o fato relevante.<\/p>\n<p>A a\u00e9rea prev\u00ea ainda que seu bra\u00e7o de\u00a0<strong>log\u00edstica<\/strong>\u00a0ter\u00e1 uma receita adicional de R$ 100 milh\u00f5es em 2022 e de R$ 1 bilh\u00e3o ao longo de cinco anos. A GOLLOG opera servi\u00e7os de carga para 52 aeroportos e mais de 3.900 destinos no Brasil.<\/p>\n<p>J\u00e1 o Mercado Livre estima elevar seu volume de encomendas transportadas por via a\u00e9rea de 10 milh\u00f5es para 40 milh\u00f5es por ano no Brasil.<\/p>\n<p>\u201cCom essa parceria, ampliaremos o n\u00famero de voos diretos de S\u00e3o Paulo para as Regi\u00f5es Norte e Nordeste, reduzindo o tempo de entrega em at\u00e9 80%\u201d, disse\u00a0<strong>Fernando Yunes<\/strong>, vice-presidente s\u00eanior do Mercado Livre no Brasil.<\/p>\n<p>Segundo Yunes, o prazo de entrega para Manaus ser\u00e1 de apenas um dia, em compara\u00e7\u00e3o com os atuais nove dias, enquanto destinos no Nordeste ter\u00e3o o prazo reduzido de quatro para um dia. Outras capitais, como Goi\u00e2nia e Cuiab\u00e1, passar\u00e3o a receber suas encomendas no dia seguinte.<\/p>\n<p>\u201cEstamos muito otimistas em rela\u00e7\u00e3o ao nosso acordo com a GOL e vemos isso como fundamental para o fortalecimento de nossa rota de crescimento no e-commerce e na nossa estrat\u00e9gia de expans\u00e3o regional\u201d, afirma o\u00a0<strong>VP do Mercado Livre<\/strong>.<\/p>\n<h3>Eletrobras (ELET3): PT entra com a\u00e7\u00e3o contra a privatiza\u00e7\u00e3o da estatal<\/h3>\n<p>O Partido dos Trabalhadores (<strong>PT<\/strong>) entrou com a\u00e7\u00e3o popular contra a venda da\u00a0<a href=\"https:\/\/www.suno.com.br\/acoes\/elet3\/\"><strong>Eletrobras<\/strong>\u00a0(ELET3)<\/a>\u00a0na Justi\u00e7a Federal de Bras\u00edlia nesta ter\u00e7a-feira (19).<\/p>\n<p>A a\u00e7\u00e3o se baseia na subavalia\u00e7\u00e3o da\u00a0<strong>descotiza\u00e7\u00e3o<\/strong>\u00a0das hidrel\u00e9tricas da estatal, o que foi reconhecido pelo ministro do Tribunal de Contas da Uni\u00e3o (<strong>TCU<\/strong>), Vital do R\u00eago. De acordo com o ministro, a Eletrobras deveria ser vendida pelo\u00a0<strong>dobro<\/strong>\u00a0do que est\u00e1 sendo avaliada.<\/p>\n<p>A presidente do Partido dos Trabalhadores, Gleisi Hoffmann, o ex-ministro e deputado Patrus Ananias e senador Jean-Paul Prates s\u00e3o alguns dos nomes de maior destaque do partido que assinaram a carta.<\/p>\n<p>A a\u00e7\u00e3o pede a \u201cnulidade das medidas CME (<a class=\"suno-keyword\" href=\"https:\/\/www.suno.com.br\/artigos\/custo-marginal\/\" target=\"_blank\" rel=\"noopener\" data-force=\"no\" data-priority=\"1\">Custo Marginal<\/a>\u00a0de Expans\u00e3o) empregadas no c\u00e1lculo do valor adicionado aos novos contratos de gera\u00e7\u00e3o de energia da Eletrobras em raz\u00e3o do desprezo do CME \u2013 Pot\u00eancia na medida do CME, ocasionando uma subavalia\u00e7\u00e3o de R$ 46 bilh\u00f5es no valor de privatiza\u00e7\u00e3o\u201d.<\/p>\n<p>Esta \u00e9 mais uma tentativa do partido de travar a privatiza\u00e7\u00e3o da Eletrobras, que, de acordo com o candidato l\u00edder das pesquisas \u00e0 Presid\u00eancia da Rep\u00fablica, Luiz In\u00e1cio Lula da Silva, ter\u00e1 sua venda revertida no caso da sua vit\u00f3ria.<\/p>\n<p>Apesar da a\u00e7\u00e3o por parte do PT, o que preocupa o mercado e os analistas \u00e9 a possibilidade de uma vista longa pedida pelo ministro, totalizando 20 dias. Ilan Arbetman, analista de Research da Ativa Investimentos, afirma que o mercado j\u00e1 prev\u00ea e trabalha com o\u00a0<strong>pedido de<\/strong>\u00a0<strong>vista<\/strong>, mas espera uma negocia\u00e7\u00e3o a respeito do prazo.<\/p>\n<p>\u201cO mercado j\u00e1 trabalha com um novo pedido de vista\u201d, disse Ilan. \u201cO grande ponto agora se d\u00e1 sobre a negocia\u00e7\u00e3o pelo qual esse tempo de vista vai durar, pois \u00e9 poss\u00edvel pedir vista por 20 dias, e a\u00ed tem-se o direto de aplicar mais dois per\u00edodos de 20 dias. Ent\u00e3o, no m\u00e1ximo, pode chegar a 60 dias de vista\u201d.<\/p>\n<p>O analista destaca que a negocia\u00e7\u00e3o diminua o per\u00edodo de 20 para apenas sete dias. \u201cIsso possibilitaria que isso fosse julgado at\u00e9 dia 13 de maio, data limite para o processo de capitaliza\u00e7\u00e3o fosse feito\u201d, afirmou. Conforme for o acordo entre os ministros, o resultado pode levar\u00a0<strong>volatilidade para os pap\u00e9is da Eletrobras<\/strong>, seja para cima ou para baixo.<\/p>\n<p>Ilan ainda explica que, caso n\u00e3o seja poss\u00edvel uma negocia\u00e7\u00e3o, haveria a possibilidade de privatizar a Eletrobras numa pr\u00f3xima janela, entre julho e agosto. \u201cMas \u00e9 uma janela que tende a ser muito mais contaminada por quest\u00f5es pol\u00edticas, at\u00e9 pela proximidade com as elei\u00e7\u00f5es. Ent\u00e3o, eu diria que esse prazo pelo qual a vista vai ser feita, esse sim \u00e9 o ponto principal, que vai definir se a gente vai ficar mais perto da capitaliza\u00e7\u00e3o ou n\u00e3o\u201d, finalizou.<\/p>\n<p><a href=\"https:\/\/lp.suno.com.br\/ebook-investindo-em-fiis\/\" target=\"_blank\" rel=\"noopener\" data-element=\"shortcode-suno-banner\" data-parameter=\"banner-mat-1-https:\/\/lp.suno.com.br\/ebook-investindo-em-fiis\/\"><picture><source srcset=\"https:\/\/files.sunoresearch.com.br\/n\/uploads\/2022\/02\/Banner-MOBILE-15-400x300.jpg\" media=\"(max-width: 500px)\" \/><\/picture><\/a><\/p>\n<h3>Desempenho dos principais \u00edndices<\/h3>\n<p>Al\u00e9m do Ibovespa, confira o fechamento dos principais \u00edndices da bolsa hoje:<\/p>\n<ul>\n<li>Ibovespa hoje: -0,55%<\/li>\n<li>IFIX hoje: +0,12%<\/li>\n<li>IBRX hoje: -0,62%<\/li>\n<li>SMLL hoje: +0,75%<\/li>\n<li>IDIV hoje: -1,58%<\/li>\n<\/ul>\n<h3>Cota\u00e7\u00e3o do Ibovespa nesta segunda (18)<\/h3>\n<p>O\u00a0<strong>Ibovespa<\/strong> fechou o preg\u00e3o da \u00faltima segunda-feira (18) em queda de 0,43%, aos 115.687,25 pontos.<\/p>\n<p><em>(Com informa\u00e7\u00f5es do Estad\u00e3o Conte\u00fado)<\/em><\/p>\n","protected":false},"excerpt":{"rendered":"<p>O\u00a0Ibovespa fechou a ter\u00e7a-feira (19) em queda de 0,55%, aos 115.056,66 pontos, entre m\u00ednima de 114.277,16 e m\u00e1xima de 115.686,95 pontos, saindo de abertura aos 115.686,95. Moderado, embora superior ao da segunda-feira, o giro financeiro ficou em R$ 26,2 bilh\u00f5es na sess\u00e3o. Na semana, o Ibovespa cede 0,97% e, no m\u00eas, 4,12%, emendando nesta ter\u00e7a [&hellip;]<\/p>\n","protected":false},"author":146,"featured_media":203009,"comment_status":"closed","ping_status":"closed","sticky":false,"template":"","format":"standard","meta":[],"categories":[60],"tags":[721,104690],"suno_strategy":[],"class_list":["post-251924","post","type-post","status-publish","format-standard","has-post-thumbnail","hentry","category-mercado","tag-ibovespa","tag-ibovespa-futuro"],"yoast_head":"<!-- This site is optimized with the Yoast SEO plugin v24.4 - https:\/\/yoast.com\/wordpress\/plugins\/seo\/ -->\n<title>Ibovespa fecha com recuo de 0,55%, em dia de queda forte da Vale (VALE3)<\/title>\n<meta name=\"description\" content=\"Clique aqui e acompanhe a movimenta\u00e7\u00e3o do Ibovespa, com as principais not\u00edcias das empresas do mercado financeiro.\" \/>\n<meta name=\"robots\" content=\"index, follow, max-snippet:-1, max-image-preview:large, max-video-preview:-1\" \/>\n<link rel=\"canonical\" href=\"https:\/\/www.suno.com.br\/noticias\/ibovespa-hoje-19042022\/\" \/>\n<meta property=\"og:locale\" content=\"pt_BR\" \/>\n<meta property=\"og:type\" content=\"article\" \/>\n<meta property=\"og:title\" content=\"Ibovespa fecha com recuo de 0,55%, em dia de queda forte da Vale (VALE3)\" \/>\n<meta property=\"og:description\" content=\"Clique aqui e acompanhe a movimenta\u00e7\u00e3o do Ibovespa, com as principais not\u00edcias das empresas do mercado financeiro.\" \/>\n<meta property=\"og:url\" content=\"https:\/\/www.suno.com.br\/noticias\/ibovespa-hoje-19042022\/\" \/>\n<meta property=\"og:site_name\" content=\"Suno Not\u00edcias\" \/>\n<meta property=\"article:publisher\" content=\"https:\/\/facebook.com\/sunoresearch\" \/>\n<meta property=\"og:image\" content=\"https:\/\/files.sunoresearch.com.br\/n\/uploads\/2021\/11\/IbovespaUnsplash-10-scaled.jpg\" \/>\n\t<meta property=\"og:image:width\" content=\"2560\" \/>\n\t<meta property=\"og:image:height\" content=\"1707\" \/>\n\t<meta property=\"og:image:type\" content=\"image\/jpeg\" \/>\n<meta name=\"author\" content=\"Vict\u00f3ria Anhesini\" \/>\n<meta name=\"twitter:card\" content=\"summary_large_image\" \/>\n<meta name=\"twitter:creator\" content=\"@sunoresearch\" \/>\n<meta name=\"twitter:site\" content=\"@sunoresearch\" \/>\n<meta name=\"twitter:label1\" content=\"Escrito por\" \/>\n\t<meta name=\"twitter:data1\" content=\"Vict\u00f3ria Anhesini\" \/>\n\t<meta name=\"twitter:label2\" content=\"Est. tempo de leitura\" \/>\n\t<meta name=\"twitter:data2\" content=\"9 minutos\" \/>\n<script type=\"application\/ld+json\" class=\"yoast-schema-graph\">{\"@context\":\"https:\/\/schema.org\",\"@graph\":[{\"@type\":\"NewsArticle\",\"@id\":\"https:\/\/www.suno.com.br\/noticias\/ibovespa-hoje-19042022\/#article\",\"isPartOf\":{\"@id\":\"https:\/\/www.suno.com.br\/noticias\/ibovespa-hoje-19042022\/\"},\"author\":{\"name\":\"Vict\u00f3ria Anhesini\",\"@id\":\"https:\/\/www.suno.com.br\/noticias\/#\/schema\/person\/46d847cb19ad53fde0857adca989c23f\"},\"headline\":\"Ibovespa fecha com recuo de 0,55%, em dia de queda forte da Vale (VALE3)\",\"datePublished\":\"2022-04-19T12:28:09+00:00\",\"dateModified\":\"2022-04-20T00:58:25+00:00\",\"mainEntityOfPage\":{\"@id\":\"https:\/\/www.suno.com.br\/noticias\/ibovespa-hoje-19042022\/\"},\"wordCount\":1981,\"publisher\":{\"@id\":\"https:\/\/www.suno.com.br\/noticias\/#organization\"},\"image\":{\"@id\":\"https:\/\/www.suno.com.br\/noticias\/ibovespa-hoje-19042022\/#primaryimage\"},\"thumbnailUrl\":\"https:\/\/files.sunoresearch.com.br\/n\/uploads\/2021\/11\/IbovespaUnsplash-10-scaled.jpg\",\"keywords\":[\"Ibovespa\",\"Ibovespa futuro\"],\"articleSection\":[\"Mercado\"],\"inLanguage\":\"pt-BR\"},{\"@type\":\"WebPage\",\"@id\":\"https:\/\/www.suno.com.br\/noticias\/ibovespa-hoje-19042022\/\",\"url\":\"https:\/\/www.suno.com.br\/noticias\/ibovespa-hoje-19042022\/\",\"name\":\"Ibovespa fecha com recuo de 0,55%, em dia de queda forte da Vale (VALE3)\",\"isPartOf\":{\"@id\":\"https:\/\/www.suno.com.br\/noticias\/#website\"},\"primaryImageOfPage\":{\"@id\":\"https:\/\/www.suno.com.br\/noticias\/ibovespa-hoje-19042022\/#primaryimage\"},\"image\":{\"@id\":\"https:\/\/www.suno.com.br\/noticias\/ibovespa-hoje-19042022\/#primaryimage\"},\"thumbnailUrl\":\"https:\/\/files.sunoresearch.com.br\/n\/uploads\/2021\/11\/IbovespaUnsplash-10-scaled.jpg\",\"datePublished\":\"2022-04-19T12:28:09+00:00\",\"dateModified\":\"2022-04-20T00:58:25+00:00\",\"description\":\"Clique aqui e acompanhe a movimenta\u00e7\u00e3o do Ibovespa, com as principais not\u00edcias das empresas do mercado financeiro.\",\"breadcrumb\":{\"@id\":\"https:\/\/www.suno.com.br\/noticias\/ibovespa-hoje-19042022\/#breadcrumb\"},\"inLanguage\":\"pt-BR\",\"potentialAction\":[{\"@type\":\"ReadAction\",\"target\":[\"https:\/\/www.suno.com.br\/noticias\/ibovespa-hoje-19042022\/\"]}]},{\"@type\":\"ImageObject\",\"inLanguage\":\"pt-BR\",\"@id\":\"https:\/\/www.suno.com.br\/noticias\/ibovespa-hoje-19042022\/#primaryimage\",\"url\":\"https:\/\/files.sunoresearch.com.br\/n\/uploads\/2021\/11\/IbovespaUnsplash-10-scaled.jpg\",\"contentUrl\":\"https:\/\/files.sunoresearch.com.br\/n\/uploads\/2021\/11\/IbovespaUnsplash-10-scaled.jpg\",\"width\":2560,\"height\":1707,\"caption\":\"Ibovespa hoje - Foto: Unsplash\"},{\"@type\":\"BreadcrumbList\",\"@id\":\"https:\/\/www.suno.com.br\/noticias\/ibovespa-hoje-19042022\/#breadcrumb\",\"itemListElement\":[{\"@type\":\"ListItem\",\"position\":1,\"name\":\"Not\u00edcias\",\"item\":\"https:\/\/www.suno.com.br\/noticias\/\"},{\"@type\":\"ListItem\",\"position\":2,\"name\":\"Mercado\",\"item\":\"https:\/\/www.suno.com.br\/noticias\/mercado\/\"},{\"@type\":\"ListItem\",\"position\":3,\"name\":\"Ibovespa fecha com recuo de 0,55%, em dia de queda forte da Vale (VALE3)\"}]},{\"@type\":\"WebSite\",\"@id\":\"https:\/\/www.suno.com.br\/noticias\/#website\",\"url\":\"https:\/\/www.suno.com.br\/noticias\/\",\"name\":\"Suno Not\u00edcias\",\"description\":\"Seu portal de informa\u00e7\u00e3o sobre o mundo dos investimentos\",\"publisher\":{\"@id\":\"https:\/\/www.suno.com.br\/noticias\/#organization\"},\"potentialAction\":[{\"@type\":\"SearchAction\",\"target\":{\"@type\":\"EntryPoint\",\"urlTemplate\":\"https:\/\/www.suno.com.br\/noticias\/?s={search_term_string}\"},\"query-input\":{\"@type\":\"PropertyValueSpecification\",\"valueRequired\":true,\"valueName\":\"search_term_string\"}}],\"inLanguage\":\"pt-BR\"},{\"@type\":\"Organization\",\"@id\":\"https:\/\/www.suno.com.br\/noticias\/#organization\",\"name\":\"Suno Not\u00edcias\",\"url\":\"https:\/\/www.suno.com.br\/noticias\/\",\"logo\":{\"@type\":\"ImageObject\",\"inLanguage\":\"pt-BR\",\"@id\":\"https:\/\/www.suno.com.br\/noticias\/#\/schema\/logo\/image\/\",\"url\":\"https:\/\/files.sunoresearch.com.br\/n\/uploads\/2021\/09\/suno-logo.png\",\"contentUrl\":\"https:\/\/files.sunoresearch.com.br\/n\/uploads\/2021\/09\/suno-logo.png\",\"width\":180,\"height\":180,\"caption\":\"Suno Not\u00edcias\"},\"image\":{\"@id\":\"https:\/\/www.suno.com.br\/noticias\/#\/schema\/logo\/image\/\"},\"sameAs\":[\"https:\/\/facebook.com\/sunoresearch\",\"https:\/\/x.com\/sunoresearch\",\"https:\/\/www.instagram.com\/suno\",\"https:\/\/www.linkedin.com\/company\/suno-research\/\",\"https:\/\/www.youtube.com\/c\/sunoresearch\"]},{\"@type\":\"Person\",\"@id\":\"https:\/\/www.suno.com.br\/noticias\/#\/schema\/person\/46d847cb19ad53fde0857adca989c23f\",\"name\":\"Vict\u00f3ria Anhesini\",\"image\":{\"@type\":\"ImageObject\",\"inLanguage\":\"pt-BR\",\"@id\":\"https:\/\/www.suno.com.br\/noticias\/#\/schema\/person\/image\/\",\"url\":\"https:\/\/secure.gravatar.com\/avatar\/0172bdfcd9129dd9dd68794804304e6e?s=96&r=g\",\"contentUrl\":\"https:\/\/secure.gravatar.com\/avatar\/0172bdfcd9129dd9dd68794804304e6e?s=96&r=g\",\"caption\":\"Vict\u00f3ria Anhesini\"},\"description\":\"Rep\u00f3rter no Suno Not\u00edcias, cobre mercados, neg\u00f3cios e economia, escrevendo majoritariamente sobre movimentos das empresas, cobertura de balan\u00e7os trimestrais e Bolsa de Valores. Formada em jornalismo pela Universidade Presbiteriana Mackenzie em 2019, passou pelo portal de economia e finan\u00e7as EuQueroInvestir como rep\u00f3rter e anteriormente, trabalhou na assessoria de imprensa PinePR, onde liderou com startups de inova\u00e7\u00e3o, tecnologia e finan\u00e7as. Em seu tempo livre, fala sobre m\u00fasica para ambos os sites do selo ForMusic, Wikimetal e Mad Sound, e faz trabalho volunt\u00e1rio no programa Escreve Cartas do Poupatempo.\",\"sameAs\":[\"https:\/\/www.linkedin.com\/in\/victoria-anhesini\/\"],\"url\":\"https:\/\/www.suno.com.br\/noticias\/author\/victoria\/\"}]}<\/script>\n<!-- \/ Yoast SEO plugin. -->","yoast_head_json":{"title":"Ibovespa fecha com recuo de 0,55%, em dia de queda forte da Vale (VALE3)","description":"Clique aqui e acompanhe a movimenta\u00e7\u00e3o do Ibovespa, com as principais not\u00edcias das empresas do mercado financeiro.","robots":{"index":"index","follow":"follow","max-snippet":"max-snippet:-1","max-image-preview":"max-image-preview:large","max-video-preview":"max-video-preview:-1"},"canonical":"https:\/\/www.suno.com.br\/noticias\/ibovespa-hoje-19042022\/","og_locale":"pt_BR","og_type":"article","og_title":"Ibovespa fecha com recuo de 0,55%, em dia de queda forte da Vale (VALE3)","og_description":"Clique aqui e acompanhe a movimenta\u00e7\u00e3o do Ibovespa, com as principais not\u00edcias das empresas do mercado financeiro.","og_url":"https:\/\/www.suno.com.br\/noticias\/ibovespa-hoje-19042022\/","og_site_name":"Suno Not\u00edcias","article_publisher":"https:\/\/facebook.com\/sunoresearch","og_image":[{"width":2560,"height":1707,"url":"https:\/\/files.sunoresearch.com.br\/n\/uploads\/2021\/11\/IbovespaUnsplash-10-scaled.jpg","type":"image\/jpeg"}],"author":"Vict\u00f3ria Anhesini","twitter_card":"summary_large_image","twitter_creator":"@sunoresearch","twitter_site":"@sunoresearch","twitter_misc":{"Escrito por":"Vict\u00f3ria Anhesini","Est. tempo de leitura":"9 minutos"},"schema":{"@context":"https:\/\/schema.org","@graph":[{"@type":"NewsArticle","@id":"https:\/\/www.suno.com.br\/noticias\/ibovespa-hoje-19042022\/#article","isPartOf":{"@id":"https:\/\/www.suno.com.br\/noticias\/ibovespa-hoje-19042022\/"},"author":{"name":"Vict\u00f3ria Anhesini","@id":"https:\/\/www.suno.com.br\/noticias\/#\/schema\/person\/46d847cb19ad53fde0857adca989c23f"},"headline":"Ibovespa fecha com recuo de 0,55%, em dia de queda forte da Vale (VALE3)","datePublished":"2022-04-19T12:28:09+00:00","dateModified":"2022-04-20T00:58:25+00:00","mainEntityOfPage":{"@id":"https:\/\/www.suno.com.br\/noticias\/ibovespa-hoje-19042022\/"},"wordCount":1981,"publisher":{"@id":"https:\/\/www.suno.com.br\/noticias\/#organization"},"image":{"@id":"https:\/\/www.suno.com.br\/noticias\/ibovespa-hoje-19042022\/#primaryimage"},"thumbnailUrl":"https:\/\/files.sunoresearch.com.br\/n\/uploads\/2021\/11\/IbovespaUnsplash-10-scaled.jpg","keywords":["Ibovespa","Ibovespa futuro"],"articleSection":["Mercado"],"inLanguage":"pt-BR"},{"@type":"WebPage","@id":"https:\/\/www.suno.com.br\/noticias\/ibovespa-hoje-19042022\/","url":"https:\/\/www.suno.com.br\/noticias\/ibovespa-hoje-19042022\/","name":"Ibovespa fecha com recuo de 0,55%, em dia de queda forte da Vale (VALE3)","isPartOf":{"@id":"https:\/\/www.suno.com.br\/noticias\/#website"},"primaryImageOfPage":{"@id":"https:\/\/www.suno.com.br\/noticias\/ibovespa-hoje-19042022\/#primaryimage"},"image":{"@id":"https:\/\/www.suno.com.br\/noticias\/ibovespa-hoje-19042022\/#primaryimage"},"thumbnailUrl":"https:\/\/files.sunoresearch.com.br\/n\/uploads\/2021\/11\/IbovespaUnsplash-10-scaled.jpg","datePublished":"2022-04-19T12:28:09+00:00","dateModified":"2022-04-20T00:58:25+00:00","description":"Clique aqui e acompanhe a movimenta\u00e7\u00e3o do Ibovespa, com as principais not\u00edcias das empresas do mercado financeiro.","breadcrumb":{"@id":"https:\/\/www.suno.com.br\/noticias\/ibovespa-hoje-19042022\/#breadcrumb"},"inLanguage":"pt-BR","potentialAction":[{"@type":"ReadAction","target":["https:\/\/www.suno.com.br\/noticias\/ibovespa-hoje-19042022\/"]}]},{"@type":"ImageObject","inLanguage":"pt-BR","@id":"https:\/\/www.suno.com.br\/noticias\/ibovespa-hoje-19042022\/#primaryimage","url":"https:\/\/files.sunoresearch.com.br\/n\/uploads\/2021\/11\/IbovespaUnsplash-10-scaled.jpg","contentUrl":"https:\/\/files.sunoresearch.com.br\/n\/uploads\/2021\/11\/IbovespaUnsplash-10-scaled.jpg","width":2560,"height":1707,"caption":"Ibovespa hoje - Foto: Unsplash"},{"@type":"BreadcrumbList","@id":"https:\/\/www.suno.com.br\/noticias\/ibovespa-hoje-19042022\/#breadcrumb","itemListElement":[{"@type":"ListItem","position":1,"name":"Not\u00edcias","item":"https:\/\/www.suno.com.br\/noticias\/"},{"@type":"ListItem","position":2,"name":"Mercado","item":"https:\/\/www.suno.com.br\/noticias\/mercado\/"},{"@type":"ListItem","position":3,"name":"Ibovespa fecha com recuo de 0,55%, em dia de queda forte da Vale (VALE3)"}]},{"@type":"WebSite","@id":"https:\/\/www.suno.com.br\/noticias\/#website","url":"https:\/\/www.suno.com.br\/noticias\/","name":"Suno Not\u00edcias","description":"Seu portal de informa\u00e7\u00e3o sobre o mundo dos investimentos","publisher":{"@id":"https:\/\/www.suno.com.br\/noticias\/#organization"},"potentialAction":[{"@type":"SearchAction","target":{"@type":"EntryPoint","urlTemplate":"https:\/\/www.suno.com.br\/noticias\/?s={search_term_string}"},"query-input":{"@type":"PropertyValueSpecification","valueRequired":true,"valueName":"search_term_string"}}],"inLanguage":"pt-BR"},{"@type":"Organization","@id":"https:\/\/www.suno.com.br\/noticias\/#organization","name":"Suno Not\u00edcias","url":"https:\/\/www.suno.com.br\/noticias\/","logo":{"@type":"ImageObject","inLanguage":"pt-BR","@id":"https:\/\/www.suno.com.br\/noticias\/#\/schema\/logo\/image\/","url":"https:\/\/files.sunoresearch.com.br\/n\/uploads\/2021\/09\/suno-logo.png","contentUrl":"https:\/\/files.sunoresearch.com.br\/n\/uploads\/2021\/09\/suno-logo.png","width":180,"height":180,"caption":"Suno Not\u00edcias"},"image":{"@id":"https:\/\/www.suno.com.br\/noticias\/#\/schema\/logo\/image\/"},"sameAs":["https:\/\/facebook.com\/sunoresearch","https:\/\/x.com\/sunoresearch","https:\/\/www.instagram.com\/suno","https:\/\/www.linkedin.com\/company\/suno-research\/","https:\/\/www.youtube.com\/c\/sunoresearch"]},{"@type":"Person","@id":"https:\/\/www.suno.com.br\/noticias\/#\/schema\/person\/46d847cb19ad53fde0857adca989c23f","name":"Vict\u00f3ria Anhesini","image":{"@type":"ImageObject","inLanguage":"pt-BR","@id":"https:\/\/www.suno.com.br\/noticias\/#\/schema\/person\/image\/","url":"https:\/\/secure.gravatar.com\/avatar\/0172bdfcd9129dd9dd68794804304e6e?s=96&r=g","contentUrl":"https:\/\/secure.gravatar.com\/avatar\/0172bdfcd9129dd9dd68794804304e6e?s=96&r=g","caption":"Vict\u00f3ria Anhesini"},"description":"Rep\u00f3rter no Suno Not\u00edcias, cobre mercados, neg\u00f3cios e economia, escrevendo majoritariamente sobre movimentos das empresas, cobertura de balan\u00e7os trimestrais e Bolsa de Valores. Formada em jornalismo pela Universidade Presbiteriana Mackenzie em 2019, passou pelo portal de economia e finan\u00e7as EuQueroInvestir como rep\u00f3rter e anteriormente, trabalhou na assessoria de imprensa PinePR, onde liderou com startups de inova\u00e7\u00e3o, tecnologia e finan\u00e7as. Em seu tempo livre, fala sobre m\u00fasica para ambos os sites do selo ForMusic, Wikimetal e Mad Sound, e faz trabalho volunt\u00e1rio no programa Escreve Cartas do Poupatempo.","sameAs":["https:\/\/www.linkedin.com\/in\/victoria-anhesini\/"],"url":"https:\/\/www.suno.com.br\/noticias\/author\/victoria\/"}]}},"default_loop_html":"<div class=\"cardsPage__listCard__boxs\"><div class=\"cardsPage__listCard__boxs__img\"><a href=\"https:\/\/www.suno.com.br\/noticias\/ibovespa-hoje-19042022\/\"><img class=\"mask\" src=\"https:\/\/www.suno.com.br\/noticias\/wp-content\/themes\/suno\/resources\/images\/spotlight\/spotlight1img\/bg-mask.png\" alt=\"Image Mask\"\/><img src=\"https:\/\/files.sunoresearch.com.br\/n\/uploads\/2021\/11\/IbovespaUnsplash-10-400x200.jpg\" alt=\"Ibovespa fecha com recuo de 0,55%, em dia de queda forte da Vale (VALE3)\"\/><\/a><span class=\"spotlightCategory\"><a href=\"https:\/\/www.suno.com.br\/noticias\/mercado\/\">Mercado<\/a><\/span><\/div><div class=\"cardsPage__listCard__boxs__content\"><a href=\"https:\/\/www.suno.com.br\/noticias\/ibovespa-hoje-19042022\/\"><h2 class=\"content__title\">Ibovespa fecha com recuo de 0,55%, em dia de queda forte da Vale (VALE3)<\/h2><\/a><div class=\"newsContent__article__meta\"><div class=\"newsContent__article__meta__authorBox\"><a href=\"https:\/\/www.suno.com.br\/noticias\/author\/victoria\/\" class=\"authorBox__avatar noMobi\"><img src=\"https:\/\/files.sunoresearch.com.br\/n\/uploads\/2021\/12\/20190129VickyPINEAPPLE01-1-150x150.jpg\" alt=\"Vict\u00f3ria Anhesini\"><\/a><div class=\"authorBox__name\"><span>por\n\t\t\t<a href=\"https:\/\/www.suno.com.br\/noticias\/author\/victoria\/\"><span itemprop=\"author\">Vict\u00f3ria Anhesini<\/span><\/a><\/span><time datetime=\"2022-04-19T09:28:09-03:00\" itemprop=\"datePublished\">19\/04\/2022 09:28<\/time><\/div><\/div><\/div><\/div><\/div>","single_layout":"live","amp_enabled":false,"_links":{"self":[{"href":"https:\/\/www.suno.com.br\/noticias\/wp-json\/wp\/v2\/posts\/251924"}],"collection":[{"href":"https:\/\/www.suno.com.br\/noticias\/wp-json\/wp\/v2\/posts"}],"about":[{"href":"https:\/\/www.suno.com.br\/noticias\/wp-json\/wp\/v2\/types\/post"}],"author":[{"embeddable":true,"href":"https:\/\/www.suno.com.br\/noticias\/wp-json\/wp\/v2\/users\/146"}],"replies":[{"embeddable":true,"href":"https:\/\/www.suno.com.br\/noticias\/wp-json\/wp\/v2\/comments?post=251924"}],"version-history":[{"count":5,"href":"https:\/\/www.suno.com.br\/noticias\/wp-json\/wp\/v2\/posts\/251924\/revisions"}],"predecessor-version":[{"id":252183,"href":"https:\/\/www.suno.com.br\/noticias\/wp-json\/wp\/v2\/posts\/251924\/revisions\/252183"}],"wp:featuredmedia":[{"embeddable":true,"href":"https:\/\/www.suno.com.br\/noticias\/wp-json\/wp\/v2\/media\/203009"}],"wp:attachment":[{"href":"https:\/\/www.suno.com.br\/noticias\/wp-json\/wp\/v2\/media?parent=251924"}],"wp:term":[{"taxonomy":"category","embeddable":true,"href":"https:\/\/www.suno.com.br\/noticias\/wp-json\/wp\/v2\/categories?post=251924"},{"taxonomy":"post_tag","embeddable":true,"href":"https:\/\/www.suno.com.br\/noticias\/wp-json\/wp\/v2\/tags?post=251924"},{"taxonomy":"suno_strategy","embeddable":true,"href":"https:\/\/www.suno.com.br\/noticias\/wp-json\/wp\/v2\/suno_strategy?post=251924"}],"curies":[{"name":"wp","href":"https:\/\/api.w.org\/{rel}","templated":true}]}}