{"id":25158,"date":"2019-05-19T16:11:53","date_gmt":"2019-05-19T19:11:53","guid":{"rendered":"https:\/\/www.suno.com.br\/noticias\/?p=25158"},"modified":"2021-06-13T23:45:00","modified_gmt":"2021-06-14T02:45:00","slug":"petroleo-ministro-saudita-corte-estoques","status":"publish","type":"post","link":"https:\/\/www.suno.com.br\/noticias\/petroleo-ministro-saudita-corte-estoques\/","title":{"rendered":"Petr\u00f3leo: ministro saudita recomenda corte dos estoques"},"content":{"rendered":"<p>O ministro de Energia da Ar\u00e1bia Saudita,\u00a0Khalid al-Falih, disse neste domingo (19) que recomendou a diminui\u00e7\u00e3o dos estoques de petr\u00f3leo com o objetivo de abaixar a oferta.<\/p>\t<div class=\"wrapper-featured-image\">\n\t\t<figure class=\"spotlightImg\">\n\n\t\t\t<picture>\n\t\t\t\t<source media=\"(max-width: 768px)\" srcset=\"https:\/\/files.sunoresearch.com.br\/n\/uploads\/2019\/02\/ee02bf9b-petr\u00f3leo-400x200.webp\">\n\t\t\t\t<img loading=\"lazy\" decoding=\"async\" class=\"newsContent__article__imgCapa lazyloadDisabled newsContent__article__imgCapa--noCaption\" src=\"https:\/\/files.sunoresearch.com.br\/n\/uploads\/2019\/02\/ee02bf9b-petr\u00f3leo-jpg.webp\" width=\"800\" height=\"450\" alt=\"Petr\u00f3leo: ministro saudita recomenda corte dos estoques\" fetchpriority=high \/>\n\t\t\t<\/picture>\n\n\t\t\t<figcaption class=\"wp-caption-text wp-caption-text--hide\">Pre\u00e7o do petr\u00f3leo atinge US$ 70 o barril com tens\u00e3o entre EUA e Ir\u00e3<\/figcaption>\n\t\t<\/figure>\n\t<\/div>\n\n\n<p>Antes de uma reuni\u00e3o ministerial com os principais produtores da <strong>Organiza\u00e7\u00e3o dos Pa\u00edses Exportadores de Petr\u00f3leo (Opep)<\/strong>, o ministro declarou que\u00a0&#8220;no geral, o mercado est\u00e1 em uma situa\u00e7\u00e3o delicada&#8221;. Al\u00e9m disso, ele afirmou que a <strong>Opep<\/strong>, cujo o l\u00edder \u00e9 a <strong>Ar\u00e1bia Saudita<\/strong>, apresentar\u00e1 mais dados na pr\u00f3xima reuni\u00e3o, marcada para junho.<\/p>\n<p>Al\u00e9m da <strong>Opep<\/strong>, a <strong>R\u00fassia<\/strong> e outros pa\u00edses produtores de <strong>petr\u00f3leo<\/strong> decidiram reduzir a produ\u00e7\u00e3o em 1,2 milh\u00e3o de barris por dia. A medida entrou em vigor no dia 1\u00ba de janeiro e \u00e9 v\u00e1lida por seis meses.<\/p>\n<p><a href=\"https:\/\/www.suno.com.br\/noticias\/producao-de-petroleo-cresce-anp\/\">Saiba mais:\u00a0Produ\u00e7\u00e3o de petr\u00f3leo cresce 2,8% entre fevereiro e mar\u00e7o, diz ANP<\/a><\/p>\n<p>J\u00e1 o ministro de Energia da <strong>R\u00fassia<\/strong>,\u00a0Alexander Novak, afirmou que h\u00e1 v\u00e1rias possibilidades sendo estudadas, inclusive uma eleva\u00e7\u00e3o na produ\u00e7\u00e3o do petr\u00f3leo segundo semestre do ano.<\/p>\n\t<p>\n\t\t<a href=\"https:\/\/lp.suno.com.br\/lm\/simulador-de-renda-passiva\/\" target=\"_blank\" data-element=\"shortcode-suno-banner\" title=\"Banner SUNO, clique e saiba mais\">\n\t\t\t<picture>\n\t\t\t\t<source media=\"(max-width: 500px)\" srcset=\"https:\/\/files.sunoresearch.com.br\/n\/uploads\/2024\/04\/Lead-Magnet-400x300-1.png\">\n\t\t\t\t<img class=\"newsContent__article__imgCapa newsContent__article__imgCapa--banner\"\n\t\t\t\t\tsrc=\"https:\/\/files.sunoresearch.com.br\/n\/uploads\/2024\/04\/Lead-Magnet-1420x240-1.png\"\n\t\t\t\t\tdata-promo-id=\"543552\"\t\t\t\t\t\t\t\t\t\twidth='1420' height='240'\t\t\t\t\talt=\"https:\/\/files.sunoresearch.com.br\/n\/uploads\/2024\/04\/Lead-Magnet-1420x240-1.png\"\n\t\t\t\t>\n\t\t\t<\/picture>\n\t\t<\/a>\n\t<\/p>\n\n\n<p>Por outro lado, o ministro de Energia dos\u00a0 <strong>Emirados \u00c1rabes<\/strong> <strong>Unidos<\/strong>, Suhail al-Mazrouei, afirmou que diminuir os cortes n\u00e3o \u00e9\u00a0&#8220;a decis\u00e3o certa&#8221;.\u00a0Mazrouei completou dizendo que os Emirados n\u00e3o desejam um<strong> colapso de pre\u00e7os<\/strong> provocado pelo aumento da oferta.<\/p>\n<p>Al\u00e9m disso, a <strong>Ar\u00e1bia Saudita<\/strong> tamb\u00e9m reafirmou que n\u00e3o v\u00ea necessidade de elevar a produ\u00e7\u00e3o de <strong>petr\u00f3leo<\/strong> neste momento. Atualmente, a commoditie est\u00e1 em torno de 70 d\u00f3lares o barril. O pa\u00eds teme que o aumento da produ\u00e7\u00e3o eleve os estoques, provocando uma diminui\u00e7\u00e3o dos pre\u00e7os.<\/p>\n<p>Os<strong> Estados Unidos<\/strong>, por sua vez, desejam que o grupo aumente a produ\u00e7\u00e3o para reduzir os pre\u00e7os. Os americanos s\u00e3o aliados da <strong>Ar\u00e1bia Saudita<\/strong>.<\/p>\n<h2>Reuni\u00e3o da Opep<\/h2>\n<p>Os principais membros da <strong>Opep<\/strong>, juntamente com outros pa\u00edses e a R\u00fassia se re\u00fanem neste domingo (19) na Ar\u00e1bia Saudita para discutirem o mercado de <strong>petr\u00f3leo<\/strong>. Al\u00e9m disso, a reuni\u00e3o pretende abordar as tens\u00f5es entre os pa\u00edses do <strong>Golfo<\/strong>.<\/p>\n<p>Apesar de ser membro da <strong>Opep<\/strong>, o Ir\u00e3 n\u00e3o participar\u00e1 das tratativas. Rebeldes iemenitas apoiados por <strong>Teer\u00e3<\/strong> atacaram um oleoduto saudita. Em retalia\u00e7\u00e3o, houve sabotagens aos navios do Golfo.<\/p>\n\t<p>\n\t\t<a href=\"https:\/\/lp.suno.com.br\/ao\/sessao-estrategica-consultoria-c\/?utm_source=suno-noticias&#038;utm_medium=banner&#038;utm_campaing=dolar-cair-juros\" target=\"_blank\" data-element=\"shortcode-suno-banner\" title=\"Banner SUNO, clique e saiba mais\">\n\t\t\t<picture>\n\t\t\t\t<source media=\"(max-width: 500px)\" srcset=\"https:\/\/files.sunoresearch.com.br\/n\/uploads\/2025\/09\/300x400.webp\">\n\t\t\t\t<img class=\"newsContent__article__imgCapa newsContent__article__imgCapa--banner\"\n\t\t\t\t\tsrc=\"https:\/\/files.sunoresearch.com.br\/n\/uploads\/2025\/09\/SN-DT-1420x240-1.webp\"\n\t\t\t\t\tdata-promo-id=\"624946\"\t\t\t\t\t\t\t\t\t\twidth='1420' height='240'\t\t\t\t\talt=\"https:\/\/files.sunoresearch.com.br\/n\/uploads\/2025\/09\/SN-DT-1420x240-1.webp\"\n\t\t\t\t>\n\t\t\t<\/picture>\n\t\t<\/a>\n\t<\/p>\n\n\n<p>Al\u00e9m disso, as exporta\u00e7\u00f5es de <strong>petr\u00f3leo<\/strong> iraniano ca\u00edram por conta das san\u00e7\u00f5es americanas . De acordo com <strong>Opep<\/strong> e a\u00a0<strong>Ag\u00eancia Internacional de Energia (AIE)<\/strong>, houve uma queda na demanda por petr\u00f3leo em abril devido a intensifica\u00e7\u00e3o das restri\u00e7\u00f5es dos <strong>Estados Unidos<\/strong> ao <strong>Ir\u00e3<\/strong>.<\/p>\n<p><a href=\"https:\/\/www.suno.com.br\/noticias\/crise-venezuela-petroleo-preco\/\">Saiba mais:\u00a0Crise na Venezuela repercute na cota\u00e7\u00e3o do pre\u00e7o do petr\u00f3leo no mercado<\/a><\/p>\n<p>Apesar disso, nenhuma decis\u00e3o sobre a situa\u00e7\u00e3o no <strong>Ir\u00e3<\/strong> dever\u00e1 ser tomada pela <strong>Opep <\/strong>neste encontro. S\u00f3 devem ser decididos o cumprimento dos compromissos assumidos no ano passado sobre uma queda de produ\u00e7\u00e3o do <strong>petr\u00f3leo<\/strong>. Ademais, dever\u00e1 ser feito uma recomenda\u00e7\u00e3o para uma a pr\u00f3xima reuni\u00e3o, que ocorrer\u00e1 em junho e contar\u00e1 com a presen\u00e7a dos iranianos.<\/p>\n","protected":false},"excerpt":{"rendered":"<p>O ministro de Energia da Ar\u00e1bia Saudita,\u00a0Khalid al-Falih, disse neste domingo (19) que recomendou a diminui\u00e7\u00e3o dos estoques de petr\u00f3leo com o objetivo de abaixar a oferta. Pre\u00e7o do petr\u00f3leo atinge US$ 70 o barril com tens\u00e3o entre EUA e Ir\u00e3 Antes de uma reuni\u00e3o ministerial com os principais produtores da Organiza\u00e7\u00e3o dos Pa\u00edses Exportadores [&hellip;]<\/p>\n","protected":false},"author":14,"featured_media":14481,"comment_status":"closed","ping_status":"closed","sticky":false,"template":"","format":"standard","meta":[],"categories":[63],"tags":[960,793,811,766,866],"suno_strategy":[],"class_list":["post-25158","post","type-post","status-publish","format-standard","has-post-thumbnail","hentry","category-internacional","tag-arabia-saudita","tag-estados-unidos-eua","tag-opep","tag-petroleo","tag-russia"],"yoast_head":"<!-- This site is optimized with the Yoast SEO plugin v24.4 - https:\/\/yoast.com\/wordpress\/plugins\/seo\/ -->\n<title>Petr\u00f3leo: ministro saudita recomenda corte dos estoques<\/title>\n<meta name=\"description\" content=\"Al\u00e9m da Opep, a R\u00fassia e outros pa\u00edses produtores de petr\u00f3leo decidiram reduzir a produ\u00e7\u00e3o em 1,2 milh\u00e3o de barris por dia Clique para ler mais.\" \/>\n<meta name=\"robots\" content=\"index, follow, max-snippet:-1, max-image-preview:large, max-video-preview:-1\" \/>\n<link rel=\"canonical\" href=\"https:\/\/www.suno.com.br\/noticias\/petroleo-ministro-saudita-corte-estoques\/\" \/>\n<meta property=\"og:locale\" content=\"pt_BR\" \/>\n<meta property=\"og:type\" content=\"article\" \/>\n<meta property=\"og:title\" content=\"Petr\u00f3leo: ministro saudita recomenda corte dos estoques\" \/>\n<meta property=\"og:description\" content=\"Al\u00e9m da Opep, a R\u00fassia e outros pa\u00edses produtores de petr\u00f3leo decidiram reduzir a produ\u00e7\u00e3o em 1,2 milh\u00e3o de barris por dia Clique para ler mais.\" \/>\n<meta property=\"og:url\" content=\"https:\/\/www.suno.com.br\/noticias\/petroleo-ministro-saudita-corte-estoques\/\" \/>\n<meta property=\"og:site_name\" content=\"Suno Not\u00edcias\" \/>\n<meta property=\"article:publisher\" content=\"https:\/\/facebook.com\/sunoresearch\" \/>\n<meta property=\"og:image\" content=\"https:\/\/files.sunoresearch.com.br\/n\/uploads\/2019\/02\/ee02bf9b-petr\u00f3leo.jpg\" \/>\n\t<meta property=\"og:image:width\" content=\"712\" \/>\n\t<meta property=\"og:image:height\" content=\"475\" \/>\n\t<meta property=\"og:image:type\" content=\"image\/jpeg\" \/>\n<meta name=\"author\" content=\"Renan Dantas\" \/>\n<meta name=\"twitter:card\" content=\"summary_large_image\" \/>\n<meta name=\"twitter:creator\" content=\"@sunoresearch\" \/>\n<meta name=\"twitter:site\" content=\"@sunoresearch\" \/>\n<meta name=\"twitter:label1\" content=\"Escrito por\" \/>\n\t<meta name=\"twitter:data1\" content=\"Renan Dantas\" \/>\n\t<meta name=\"twitter:label2\" content=\"Est. tempo de leitura\" \/>\n\t<meta name=\"twitter:data2\" content=\"3 minutos\" \/>\n<script type=\"application\/ld+json\" class=\"yoast-schema-graph\">{\"@context\":\"https:\/\/schema.org\",\"@graph\":[{\"@type\":\"NewsArticle\",\"@id\":\"https:\/\/www.suno.com.br\/noticias\/petroleo-ministro-saudita-corte-estoques\/#article\",\"isPartOf\":{\"@id\":\"https:\/\/www.suno.com.br\/noticias\/petroleo-ministro-saudita-corte-estoques\/\"},\"author\":{\"name\":\"Renan Dantas\",\"@id\":\"https:\/\/www.suno.com.br\/noticias\/#\/schema\/person\/3f7693d5795a3f6d5ce15309ee785699\"},\"headline\":\"Petr\u00f3leo: ministro saudita recomenda corte dos estoques\",\"datePublished\":\"2019-05-19T19:11:53+00:00\",\"dateModified\":\"2021-06-14T02:45:00+00:00\",\"mainEntityOfPage\":{\"@id\":\"https:\/\/www.suno.com.br\/noticias\/petroleo-ministro-saudita-corte-estoques\/\"},\"wordCount\":538,\"publisher\":{\"@id\":\"https:\/\/www.suno.com.br\/noticias\/#organization\"},\"image\":{\"@id\":\"https:\/\/www.suno.com.br\/noticias\/petroleo-ministro-saudita-corte-estoques\/#primaryimage\"},\"thumbnailUrl\":\"https:\/\/files.sunoresearch.com.br\/n\/uploads\/2019\/02\/ee02bf9b-petr\u00f3leo-jpg.webp\",\"keywords\":[\"Ar\u00e1bia Saudita\",\"Estados Unidos (EUA)\",\"OPEP\",\"Petr\u00f3leo\",\"R\u00fassia\"],\"articleSection\":[\"Internacional\"],\"inLanguage\":\"pt-BR\"},{\"@type\":\"WebPage\",\"@id\":\"https:\/\/www.suno.com.br\/noticias\/petroleo-ministro-saudita-corte-estoques\/\",\"url\":\"https:\/\/www.suno.com.br\/noticias\/petroleo-ministro-saudita-corte-estoques\/\",\"name\":\"Petr\u00f3leo: ministro saudita recomenda corte dos estoques\",\"isPartOf\":{\"@id\":\"https:\/\/www.suno.com.br\/noticias\/#website\"},\"primaryImageOfPage\":{\"@id\":\"https:\/\/www.suno.com.br\/noticias\/petroleo-ministro-saudita-corte-estoques\/#primaryimage\"},\"image\":{\"@id\":\"https:\/\/www.suno.com.br\/noticias\/petroleo-ministro-saudita-corte-estoques\/#primaryimage\"},\"thumbnailUrl\":\"https:\/\/files.sunoresearch.com.br\/n\/uploads\/2019\/02\/ee02bf9b-petr\u00f3leo-jpg.webp\",\"datePublished\":\"2019-05-19T19:11:53+00:00\",\"dateModified\":\"2021-06-14T02:45:00+00:00\",\"description\":\"Al\u00e9m da Opep, a R\u00fassia e outros pa\u00edses produtores de petr\u00f3leo decidiram reduzir a produ\u00e7\u00e3o em 1,2 milh\u00e3o de barris por dia Clique para ler mais.\",\"breadcrumb\":{\"@id\":\"https:\/\/www.suno.com.br\/noticias\/petroleo-ministro-saudita-corte-estoques\/#breadcrumb\"},\"inLanguage\":\"pt-BR\",\"potentialAction\":[{\"@type\":\"ReadAction\",\"target\":[\"https:\/\/www.suno.com.br\/noticias\/petroleo-ministro-saudita-corte-estoques\/\"]}]},{\"@type\":\"ImageObject\",\"inLanguage\":\"pt-BR\",\"@id\":\"https:\/\/www.suno.com.br\/noticias\/petroleo-ministro-saudita-corte-estoques\/#primaryimage\",\"url\":\"https:\/\/files.sunoresearch.com.br\/n\/uploads\/2019\/02\/ee02bf9b-petr\u00f3leo-jpg.webp\",\"contentUrl\":\"https:\/\/files.sunoresearch.com.br\/n\/uploads\/2019\/02\/ee02bf9b-petr\u00f3leo-jpg.webp\",\"width\":712,\"height\":475,\"caption\":\"Pre\u00e7o do petr\u00f3leo atinge US$ 70 o barril com tens\u00e3o entre EUA e Ir\u00e3\"},{\"@type\":\"BreadcrumbList\",\"@id\":\"https:\/\/www.suno.com.br\/noticias\/petroleo-ministro-saudita-corte-estoques\/#breadcrumb\",\"itemListElement\":[{\"@type\":\"ListItem\",\"position\":1,\"name\":\"Not\u00edcias\",\"item\":\"https:\/\/www.suno.com.br\/noticias\/\"},{\"@type\":\"ListItem\",\"position\":2,\"name\":\"Internacional\",\"item\":\"https:\/\/www.suno.com.br\/noticias\/internacional\/\"},{\"@type\":\"ListItem\",\"position\":3,\"name\":\"Petr\u00f3leo: ministro saudita recomenda corte dos estoques\"}]},{\"@type\":\"WebSite\",\"@id\":\"https:\/\/www.suno.com.br\/noticias\/#website\",\"url\":\"https:\/\/www.suno.com.br\/noticias\/\",\"name\":\"Suno Not\u00edcias\",\"description\":\"Seu portal de informa\u00e7\u00e3o sobre o mundo dos investimentos\",\"publisher\":{\"@id\":\"https:\/\/www.suno.com.br\/noticias\/#organization\"},\"potentialAction\":[{\"@type\":\"SearchAction\",\"target\":{\"@type\":\"EntryPoint\",\"urlTemplate\":\"https:\/\/www.suno.com.br\/noticias\/?s={search_term_string}\"},\"query-input\":{\"@type\":\"PropertyValueSpecification\",\"valueRequired\":true,\"valueName\":\"search_term_string\"}}],\"inLanguage\":\"pt-BR\"},{\"@type\":\"Organization\",\"@id\":\"https:\/\/www.suno.com.br\/noticias\/#organization\",\"name\":\"Suno Not\u00edcias\",\"url\":\"https:\/\/www.suno.com.br\/noticias\/\",\"logo\":{\"@type\":\"ImageObject\",\"inLanguage\":\"pt-BR\",\"@id\":\"https:\/\/www.suno.com.br\/noticias\/#\/schema\/logo\/image\/\",\"url\":\"https:\/\/files.sunoresearch.com.br\/n\/uploads\/2021\/09\/suno-logo.png\",\"contentUrl\":\"https:\/\/files.sunoresearch.com.br\/n\/uploads\/2021\/09\/suno-logo.png\",\"width\":180,\"height\":180,\"caption\":\"Suno Not\u00edcias\"},\"image\":{\"@id\":\"https:\/\/www.suno.com.br\/noticias\/#\/schema\/logo\/image\/\"},\"sameAs\":[\"https:\/\/facebook.com\/sunoresearch\",\"https:\/\/x.com\/sunoresearch\",\"https:\/\/www.instagram.com\/suno\",\"https:\/\/www.linkedin.com\/company\/suno-research\/\",\"https:\/\/www.youtube.com\/c\/sunoresearch\"]},{\"@type\":\"Person\",\"@id\":\"https:\/\/www.suno.com.br\/noticias\/#\/schema\/person\/3f7693d5795a3f6d5ce15309ee785699\",\"name\":\"Renan Dantas\",\"image\":{\"@type\":\"ImageObject\",\"inLanguage\":\"pt-BR\",\"@id\":\"https:\/\/www.suno.com.br\/noticias\/#\/schema\/person\/image\/\",\"url\":\"https:\/\/secure.gravatar.com\/avatar\/1787b83e7484a08e51d62ac8b41c8396?s=96&r=g\",\"contentUrl\":\"https:\/\/secure.gravatar.com\/avatar\/1787b83e7484a08e51d62ac8b41c8396?s=96&r=g\",\"caption\":\"Renan Dantas\"},\"description\":\"Escreve sobre pol\u00edtica e mercado financeiro para o portal Suno Not\u00edcias. Antes, atuou na assessoria de comunica\u00e7\u00e3o do Minist\u00e9rio P\u00fablico do Trabalho e na R\u00e1dio Mackenzie, onde apresentava e produzia um programa sobre artistas da m\u00fasica brasileira. \u00c9 estudante na Universidade Presbiteriana Mackenzie.\",\"url\":\"https:\/\/www.suno.com.br\/noticias\/author\/renan-dantas\/\"}]}<\/script>\n<!-- \/ Yoast SEO plugin. -->","yoast_head_json":{"title":"Petr\u00f3leo: ministro saudita recomenda corte dos estoques","description":"Al\u00e9m da Opep, a R\u00fassia e outros pa\u00edses produtores de petr\u00f3leo decidiram reduzir a produ\u00e7\u00e3o em 1,2 milh\u00e3o de barris por dia Clique para ler mais.","robots":{"index":"index","follow":"follow","max-snippet":"max-snippet:-1","max-image-preview":"max-image-preview:large","max-video-preview":"max-video-preview:-1"},"canonical":"https:\/\/www.suno.com.br\/noticias\/petroleo-ministro-saudita-corte-estoques\/","og_locale":"pt_BR","og_type":"article","og_title":"Petr\u00f3leo: ministro saudita recomenda corte dos estoques","og_description":"Al\u00e9m da Opep, a R\u00fassia e outros pa\u00edses produtores de petr\u00f3leo decidiram reduzir a produ\u00e7\u00e3o em 1,2 milh\u00e3o de barris por dia Clique para ler mais.","og_url":"https:\/\/www.suno.com.br\/noticias\/petroleo-ministro-saudita-corte-estoques\/","og_site_name":"Suno Not\u00edcias","article_publisher":"https:\/\/facebook.com\/sunoresearch","og_image":[{"width":712,"height":475,"url":"https:\/\/files.sunoresearch.com.br\/n\/uploads\/2019\/02\/ee02bf9b-petr\u00f3leo.jpg","type":"image\/jpeg"}],"author":"Renan Dantas","twitter_card":"summary_large_image","twitter_creator":"@sunoresearch","twitter_site":"@sunoresearch","twitter_misc":{"Escrito por":"Renan Dantas","Est. tempo de leitura":"3 minutos"},"schema":{"@context":"https:\/\/schema.org","@graph":[{"@type":"NewsArticle","@id":"https:\/\/www.suno.com.br\/noticias\/petroleo-ministro-saudita-corte-estoques\/#article","isPartOf":{"@id":"https:\/\/www.suno.com.br\/noticias\/petroleo-ministro-saudita-corte-estoques\/"},"author":{"name":"Renan Dantas","@id":"https:\/\/www.suno.com.br\/noticias\/#\/schema\/person\/3f7693d5795a3f6d5ce15309ee785699"},"headline":"Petr\u00f3leo: ministro saudita recomenda corte dos estoques","datePublished":"2019-05-19T19:11:53+00:00","dateModified":"2021-06-14T02:45:00+00:00","mainEntityOfPage":{"@id":"https:\/\/www.suno.com.br\/noticias\/petroleo-ministro-saudita-corte-estoques\/"},"wordCount":538,"publisher":{"@id":"https:\/\/www.suno.com.br\/noticias\/#organization"},"image":{"@id":"https:\/\/www.suno.com.br\/noticias\/petroleo-ministro-saudita-corte-estoques\/#primaryimage"},"thumbnailUrl":"https:\/\/files.sunoresearch.com.br\/n\/uploads\/2019\/02\/ee02bf9b-petr\u00f3leo-jpg.webp","keywords":["Ar\u00e1bia Saudita","Estados Unidos (EUA)","OPEP","Petr\u00f3leo","R\u00fassia"],"articleSection":["Internacional"],"inLanguage":"pt-BR"},{"@type":"WebPage","@id":"https:\/\/www.suno.com.br\/noticias\/petroleo-ministro-saudita-corte-estoques\/","url":"https:\/\/www.suno.com.br\/noticias\/petroleo-ministro-saudita-corte-estoques\/","name":"Petr\u00f3leo: ministro saudita recomenda corte dos estoques","isPartOf":{"@id":"https:\/\/www.suno.com.br\/noticias\/#website"},"primaryImageOfPage":{"@id":"https:\/\/www.suno.com.br\/noticias\/petroleo-ministro-saudita-corte-estoques\/#primaryimage"},"image":{"@id":"https:\/\/www.suno.com.br\/noticias\/petroleo-ministro-saudita-corte-estoques\/#primaryimage"},"thumbnailUrl":"https:\/\/files.sunoresearch.com.br\/n\/uploads\/2019\/02\/ee02bf9b-petr\u00f3leo-jpg.webp","datePublished":"2019-05-19T19:11:53+00:00","dateModified":"2021-06-14T02:45:00+00:00","description":"Al\u00e9m da Opep, a R\u00fassia e outros pa\u00edses produtores de petr\u00f3leo decidiram reduzir a produ\u00e7\u00e3o em 1,2 milh\u00e3o de barris por dia Clique para ler mais.","breadcrumb":{"@id":"https:\/\/www.suno.com.br\/noticias\/petroleo-ministro-saudita-corte-estoques\/#breadcrumb"},"inLanguage":"pt-BR","potentialAction":[{"@type":"ReadAction","target":["https:\/\/www.suno.com.br\/noticias\/petroleo-ministro-saudita-corte-estoques\/"]}]},{"@type":"ImageObject","inLanguage":"pt-BR","@id":"https:\/\/www.suno.com.br\/noticias\/petroleo-ministro-saudita-corte-estoques\/#primaryimage","url":"https:\/\/files.sunoresearch.com.br\/n\/uploads\/2019\/02\/ee02bf9b-petr\u00f3leo-jpg.webp","contentUrl":"https:\/\/files.sunoresearch.com.br\/n\/uploads\/2019\/02\/ee02bf9b-petr\u00f3leo-jpg.webp","width":712,"height":475,"caption":"Pre\u00e7o do petr\u00f3leo atinge US$ 70 o barril com tens\u00e3o entre EUA e Ir\u00e3"},{"@type":"BreadcrumbList","@id":"https:\/\/www.suno.com.br\/noticias\/petroleo-ministro-saudita-corte-estoques\/#breadcrumb","itemListElement":[{"@type":"ListItem","position":1,"name":"Not\u00edcias","item":"https:\/\/www.suno.com.br\/noticias\/"},{"@type":"ListItem","position":2,"name":"Internacional","item":"https:\/\/www.suno.com.br\/noticias\/internacional\/"},{"@type":"ListItem","position":3,"name":"Petr\u00f3leo: ministro saudita recomenda corte dos estoques"}]},{"@type":"WebSite","@id":"https:\/\/www.suno.com.br\/noticias\/#website","url":"https:\/\/www.suno.com.br\/noticias\/","name":"Suno Not\u00edcias","description":"Seu portal de informa\u00e7\u00e3o sobre o mundo dos investimentos","publisher":{"@id":"https:\/\/www.suno.com.br\/noticias\/#organization"},"potentialAction":[{"@type":"SearchAction","target":{"@type":"EntryPoint","urlTemplate":"https:\/\/www.suno.com.br\/noticias\/?s={search_term_string}"},"query-input":{"@type":"PropertyValueSpecification","valueRequired":true,"valueName":"search_term_string"}}],"inLanguage":"pt-BR"},{"@type":"Organization","@id":"https:\/\/www.suno.com.br\/noticias\/#organization","name":"Suno Not\u00edcias","url":"https:\/\/www.suno.com.br\/noticias\/","logo":{"@type":"ImageObject","inLanguage":"pt-BR","@id":"https:\/\/www.suno.com.br\/noticias\/#\/schema\/logo\/image\/","url":"https:\/\/files.sunoresearch.com.br\/n\/uploads\/2021\/09\/suno-logo.png","contentUrl":"https:\/\/files.sunoresearch.com.br\/n\/uploads\/2021\/09\/suno-logo.png","width":180,"height":180,"caption":"Suno Not\u00edcias"},"image":{"@id":"https:\/\/www.suno.com.br\/noticias\/#\/schema\/logo\/image\/"},"sameAs":["https:\/\/facebook.com\/sunoresearch","https:\/\/x.com\/sunoresearch","https:\/\/www.instagram.com\/suno","https:\/\/www.linkedin.com\/company\/suno-research\/","https:\/\/www.youtube.com\/c\/sunoresearch"]},{"@type":"Person","@id":"https:\/\/www.suno.com.br\/noticias\/#\/schema\/person\/3f7693d5795a3f6d5ce15309ee785699","name":"Renan Dantas","image":{"@type":"ImageObject","inLanguage":"pt-BR","@id":"https:\/\/www.suno.com.br\/noticias\/#\/schema\/person\/image\/","url":"https:\/\/secure.gravatar.com\/avatar\/1787b83e7484a08e51d62ac8b41c8396?s=96&r=g","contentUrl":"https:\/\/secure.gravatar.com\/avatar\/1787b83e7484a08e51d62ac8b41c8396?s=96&r=g","caption":"Renan Dantas"},"description":"Escreve sobre pol\u00edtica e mercado financeiro para o portal Suno Not\u00edcias. Antes, atuou na assessoria de comunica\u00e7\u00e3o do Minist\u00e9rio P\u00fablico do Trabalho e na R\u00e1dio Mackenzie, onde apresentava e produzia um programa sobre artistas da m\u00fasica brasileira. \u00c9 estudante na Universidade Presbiteriana Mackenzie.","url":"https:\/\/www.suno.com.br\/noticias\/author\/renan-dantas\/"}]}},"default_loop_html":"<div class=\"cardsPage__listCard__boxs\"><div class=\"cardsPage__listCard__boxs__img\"><a href=\"https:\/\/www.suno.com.br\/noticias\/petroleo-ministro-saudita-corte-estoques\/\"><img class=\"mask\" src=\"https:\/\/www.suno.com.br\/noticias\/wp-content\/themes\/suno\/resources\/images\/spotlight\/spotlight1img\/bg-mask.png\" alt=\"Image Mask\"\/><img src=\"https:\/\/files.sunoresearch.com.br\/n\/uploads\/2019\/02\/ee02bf9b-petr\u00f3leo-400x200.webp\" alt=\"Petr\u00f3leo: ministro saudita recomenda corte dos estoques\"\/><\/a><span class=\"spotlightCategory\"><a href=\"https:\/\/www.suno.com.br\/noticias\/internacional\/\">Internacional<\/a><\/span><\/div><div class=\"cardsPage__listCard__boxs__content\"><a href=\"https:\/\/www.suno.com.br\/noticias\/petroleo-ministro-saudita-corte-estoques\/\"><h2 class=\"content__title\">Petr\u00f3leo: ministro saudita recomenda corte dos estoques<\/h2><\/a><div class=\"newsContent__article__meta\"><div class=\"newsContent__article__meta__authorBox\"><a href=\"https:\/\/www.suno.com.br\/noticias\/author\/renan-dantas\/\" class=\"authorBox__avatar noMobi\"><img src=\"https:\/\/secure.gravatar.com\/avatar\/1787b83e7484a08e51d62ac8b41c8396?s=96&#038;r=g\" alt=\"Renan Dantas\"><\/a><div class=\"authorBox__name\"><span>por\n\t\t\t<a href=\"https:\/\/www.suno.com.br\/noticias\/author\/renan-dantas\/\"><span itemprop=\"author\">Renan Dantas<\/span><\/a><\/span><time datetime=\"2019-05-19T16:11:53-03:00\" itemprop=\"datePublished\">19\/05\/2019 16:11<\/time><\/div><\/div><\/div><\/div><\/div>","single_layout":"posts","amp_enabled":true,"_links":{"self":[{"href":"https:\/\/www.suno.com.br\/noticias\/wp-json\/wp\/v2\/posts\/25158"}],"collection":[{"href":"https:\/\/www.suno.com.br\/noticias\/wp-json\/wp\/v2\/posts"}],"about":[{"href":"https:\/\/www.suno.com.br\/noticias\/wp-json\/wp\/v2\/types\/post"}],"author":[{"embeddable":true,"href":"https:\/\/www.suno.com.br\/noticias\/wp-json\/wp\/v2\/users\/14"}],"replies":[{"embeddable":true,"href":"https:\/\/www.suno.com.br\/noticias\/wp-json\/wp\/v2\/comments?post=25158"}],"version-history":[{"count":2,"href":"https:\/\/www.suno.com.br\/noticias\/wp-json\/wp\/v2\/posts\/25158\/revisions"}],"predecessor-version":[{"id":157374,"href":"https:\/\/www.suno.com.br\/noticias\/wp-json\/wp\/v2\/posts\/25158\/revisions\/157374"}],"wp:featuredmedia":[{"embeddable":true,"href":"https:\/\/www.suno.com.br\/noticias\/wp-json\/wp\/v2\/media\/14481"}],"wp:attachment":[{"href":"https:\/\/www.suno.com.br\/noticias\/wp-json\/wp\/v2\/media?parent=25158"}],"wp:term":[{"taxonomy":"category","embeddable":true,"href":"https:\/\/www.suno.com.br\/noticias\/wp-json\/wp\/v2\/categories?post=25158"},{"taxonomy":"post_tag","embeddable":true,"href":"https:\/\/www.suno.com.br\/noticias\/wp-json\/wp\/v2\/tags?post=25158"},{"taxonomy":"suno_strategy","embeddable":true,"href":"https:\/\/www.suno.com.br\/noticias\/wp-json\/wp\/v2\/suno_strategy?post=25158"}],"curies":[{"name":"wp","href":"https:\/\/api.w.org\/{rel}","templated":true}]}}