{"id":25117,"date":"2019-05-18T12:03:34","date_gmt":"2019-05-18T15:03:34","guid":{"rendered":"https:\/\/www.suno.com.br\/noticias\/?p=25117"},"modified":"2019-05-18T12:23:06","modified_gmt":"2019-05-18T15:23:06","slug":"cristina-kirchner-presidencia-argentina","status":"publish","type":"post","link":"https:\/\/www.suno.com.br\/noticias\/cristina-kirchner-presidencia-argentina\/","title":{"rendered":"Cristina Kirchner anuncia sua candidatura \u00e0 vice-presid\u00eancia da Argentina"},"content":{"rendered":"<p><span style=\"font-size: 1.21429rem;\">A <strong>ex-presidente da Argentina<\/strong>, Cristina Kirchner anunciou sua candidatura \u00e0 vice-presid\u00eancia do Pa\u00eds nas elei\u00e7\u00f5es de outubro. Kirchner far\u00e1 parte da chapa de seu ex-chefe de gabinete, Alberto Fernandez, candidato \u00e0 Presid\u00eancia. O an\u00fancio foi feito na manh\u00e3 deste s\u00e1bado (18).<\/span><\/p>\t<div class=\"wrapper-featured-image\">\n\t\t<figure class=\"spotlightImg\">\n\n\t\t\t<picture>\n\t\t\t\t<source media=\"(max-width: 768px)\" srcset=\"https:\/\/files.sunoresearch.com.br\/n\/uploads\/2019\/05\/a9b9d6bd-cristina-kirchner-400x200.webp\">\n\t\t\t\t<img loading=\"lazy\" decoding=\"async\" class=\"newsContent__article__imgCapa lazyloadDisabled newsContent__article__imgCapa--noCaption\" src=\"https:\/\/files.sunoresearch.com.br\/n\/uploads\/2019\/05\/a9b9d6bd-cristina-kirchner-jpg.webp\" width=\"800\" height=\"450\" alt=\"Cristina Kirchner anuncia sua candidatura \u00e0 vice-presid\u00eancia da Argentina\" fetchpriority=high \/>\n\t\t\t<\/picture>\n\n\t\t\t<figcaption class=\"wp-caption-text wp-caption-text--hide\">Cristina Kirchner anuncia sua candidatura \u00e0 vice-presid\u00eancia da Argentina<\/figcaption>\n\t\t<\/figure>\n\t<\/div>\n\n\n<p>&#8220;Pedi a <strong>Alberto Fernandez<\/strong> que chefie a chapa que vamos integrar: ele como candidato a presidente e eu como candidata a vice das pr\u00f3ximas elei\u00e7\u00f5es prim\u00e1rias, abertas, simult\u00e2neas e obrigat\u00f3rias&#8221;, disse <strong>Cristina Kirchner<\/strong>, em v\u00eddeo divulgado nas redes sociais.<\/p>\n\t<p>\n\t\t<a href=\"https:\/\/lp.suno.com.br\/ao\/cadastro-whatsapp\/\" target=\"_blank\" data-element=\"shortcode-suno-banner\" title=\"Banner SUNO, clique e saiba mais\">\n\t\t\t<picture>\n\t\t\t\t<source media=\"(max-width: 500px)\" srcset=\"https:\/\/files.sunoresearch.com.br\/n\/uploads\/2024\/03\/400x300-whatsapp-Suno.png\">\n\t\t\t\t<img class=\"newsContent__article__imgCapa newsContent__article__imgCapa--banner\"\n\t\t\t\t\tsrc=\"https:\/\/files.sunoresearch.com.br\/n\/uploads\/2024\/03\/1420x240-whatsapp-Suno.png\"\n\t\t\t\t\tdata-promo-id=\"101743\"\t\t\t\t\t\t\t\t\t\twidth='1420' height='240'\t\t\t\t\talt=\"https:\/\/files.sunoresearch.com.br\/n\/uploads\/2024\/03\/1420x240-whatsapp-Suno.png\"\n\t\t\t\t>\n\t\t\t<\/picture>\n\t\t<\/a>\n\t<\/p>\n\n\n<h2>Elei\u00e7\u00f5es na Argentina<\/h2>\n<p>As elei\u00e7\u00f5es argentinas acontecer\u00e3o no segundo semestre deste ano. Uma disputa entre o atual presidente Mauricio Macri e Cristina Kirchner era esperada pelo mercado, tendo em vista que o governo atual passa por uma recess\u00e3o aguda e pressionado por uma infla\u00e7\u00e3o crescente conta o n\u00facleo forte de seguidores da antiga presidente do Pa\u00eds, embora ainda haja cautela sobre a volta de Kirchner ao comando da Argentina.<\/p>\n<p><a href=\"https:\/\/www.suno.com.br\/noticias\/argentina-intervir-mercado-de-cambio\/\">Saiba mais:\u00a0Banco central da Argentina decide intervir no mercado de c\u00e2mbio<\/a><\/p>\n<p>Em seu Twitter, Kirchner divulgou um v\u00eddeo dizendo que \u00e9 a chapa que melhor expressa as necessidades atuais do pa\u00eds.<\/p>\n<p>&#8220;A Argentina precisa convocar os mais amplos setores sociais, pol\u00edticas e econ\u00f4micos, n\u00e3o para ganhar uma elei\u00e7\u00e3o, mas para governar&#8221;, afirmou a candidata a vice-presidente.<\/p>\n<p class=\"twitter-tweet\" data-lang=\"pt\">\n<p dir=\"ltr\" lang=\"es\">En la Semana de Mayo, reflexiones y decisiones. Sinceramente Cristina.<a href=\"https:\/\/t.co\/UWoQq5CDH9\">https:\/\/t.co\/UWoQq5CDH9<\/a><\/p>\n<p>\u2014 Cristina Kirchner (@CFKArgentina) <a href=\"https:\/\/twitter.com\/CFKArgentina\/status\/1129718940911980544?ref_src=twsrc%5Etfw\">18 de maio de 2019<\/a><\/p>\n<p><script async src=\"https:\/\/platform.twitter.com\/widgets.js\" charset=\"utf-8\"><\/script><\/p>\n<h3>Kirchner e Fenandez<\/h3>\n<p>Cristina Kirchner \u00e9 vi\u00fava do ex-presidente <strong>Nestor Kirchner<\/strong> que comandou a Casa Rosada entre 2003 e 2007. No entanto, a atual candidata \u00e0 vice-presid\u00eancia tamb\u00e9m j\u00e1 foi presidente da Argentina, governando o pa\u00eds entre 2007 e 2015.<\/p>\n<p>O l\u00edder da chapa, candidato \u00e0 Presid\u00eancia, Alberto Fernandez, foi chefe de gabinete do ex-presidente Nestor Kirchner e depois seguiu por alguns meses no cargo ap\u00f3s Cristina Kirchner assumiu, em seu primeiro mandato.<\/p>\n\t<p>\n\t\t<a href=\"https:\/\/lp.suno.com.br\/ao\/cadastro-whatsapp\/\" target=\"_blank\" data-element=\"shortcode-suno-banner\" title=\"Banner SUNO, clique e saiba mais\">\n\t\t\t<picture>\n\t\t\t\t<source media=\"(max-width: 500px)\" srcset=\"https:\/\/files.sunoresearch.com.br\/n\/uploads\/2024\/02\/400x300-Mobile-Artigos-7.png\">\n\t\t\t\t<img class=\"newsContent__article__imgCapa newsContent__article__imgCapa--banner\"\n\t\t\t\t\tsrc=\"https:\/\/files.sunoresearch.com.br\/n\/uploads\/2024\/01\/1420x240-Banner-Artigos-1-_-Banner-Materias-8.png\"\n\t\t\t\t\tdata-promo-id=\"517344\"\t\t\t\t\t\t\t\t\t\twidth='1420' height='240'\t\t\t\t\talt=\"https:\/\/files.sunoresearch.com.br\/n\/uploads\/2024\/01\/1420x240-Banner-Artigos-1-_-Banner-Materias-8.png\"\n\t\t\t\t>\n\t\t\t<\/picture>\n\t\t<\/a>\n\t<\/p>\n\n\n<p>Atualmente, <strong>Cristina Kirchner<\/strong> \u00e9 senador. Seu nome j\u00e1 era cotado para concorrer a presid\u00eancia contra o atual comandante, Mauricio Macri. De acordo com uma pesquisa realizada pela &#8220;Synopsis Consultores&#8221;, ela detinha cinco pontos percentuais a frente de Macri e liderava a corrida eleitoral.<\/p>\n","protected":false},"excerpt":{"rendered":"<p>A ex-presidente da Argentina, Cristina Kirchner anunciou sua candidatura \u00e0 vice-presid\u00eancia do Pa\u00eds nas elei\u00e7\u00f5es de outubro. Kirchner far\u00e1 parte da chapa de seu ex-chefe de gabinete, Alberto Fernandez, candidato \u00e0 Presid\u00eancia. O an\u00fancio foi feito na manh\u00e3 deste s\u00e1bado (18). Cristina Kirchner anuncia sua candidatura \u00e0 vice-presid\u00eancia da Argentina &#8220;Pedi a Alberto Fernandez que [&hellip;]<\/p>\n","protected":false},"author":11,"featured_media":25118,"comment_status":"closed","ping_status":"closed","sticky":false,"template":"","format":"standard","meta":[],"categories":[63],"tags":[699],"suno_strategy":[],"class_list":["post-25117","post","type-post","status-publish","format-standard","has-post-thumbnail","hentry","category-internacional","tag-argentina"],"yoast_head":"<!-- This site is optimized with the Yoast SEO plugin v24.4 - https:\/\/yoast.com\/wordpress\/plugins\/seo\/ -->\n<title>Cristina Kirchner anuncia sua candidatura \u00e0 vice-presid\u00eancia da Argentina<\/title>\n<meta name=\"description\" content=\"Cristina Kirchner foi presidente da Argentina entre 2007 e 2015; Agora, concorre ao lado de Alberto Fernandez. Clique para saber mais.\" \/>\n<meta name=\"robots\" content=\"index, follow, max-snippet:-1, max-image-preview:large, max-video-preview:-1\" \/>\n<link rel=\"canonical\" href=\"https:\/\/www.suno.com.br\/noticias\/cristina-kirchner-presidencia-argentina\/\" \/>\n<meta property=\"og:locale\" content=\"pt_BR\" \/>\n<meta property=\"og:type\" content=\"article\" \/>\n<meta property=\"og:title\" content=\"Cristina Kirchner anuncia sua candidatura \u00e0 vice-presid\u00eancia da Argentina\" \/>\n<meta property=\"og:description\" content=\"Cristina Kirchner foi presidente da Argentina entre 2007 e 2015; Agora, concorre ao lado de Alberto Fernandez. Clique para saber mais.\" \/>\n<meta property=\"og:url\" content=\"https:\/\/www.suno.com.br\/noticias\/cristina-kirchner-presidencia-argentina\/\" \/>\n<meta property=\"og:site_name\" content=\"Suno Not\u00edcias\" \/>\n<meta property=\"article:publisher\" content=\"https:\/\/facebook.com\/sunoresearch\" \/>\n<meta property=\"og:image\" content=\"https:\/\/files.sunoresearch.com.br\/n\/uploads\/2019\/05\/a9b9d6bd-cristina-kirchner.jpg\" \/>\n\t<meta property=\"og:image:width\" content=\"600\" \/>\n\t<meta property=\"og:image:height\" content=\"400\" \/>\n\t<meta property=\"og:image:type\" content=\"image\/jpeg\" \/>\n<meta name=\"author\" content=\"Renan Bandeira\" \/>\n<meta name=\"twitter:card\" content=\"summary_large_image\" \/>\n<meta name=\"twitter:creator\" content=\"@sunoresearch\" \/>\n<meta name=\"twitter:site\" content=\"@sunoresearch\" \/>\n<meta name=\"twitter:label1\" content=\"Escrito por\" \/>\n\t<meta name=\"twitter:data1\" content=\"Renan Bandeira\" \/>\n\t<meta name=\"twitter:label2\" content=\"Est. tempo de leitura\" \/>\n\t<meta name=\"twitter:data2\" content=\"2 minutos\" \/>\n<script type=\"application\/ld+json\" class=\"yoast-schema-graph\">{\"@context\":\"https:\/\/schema.org\",\"@graph\":[{\"@type\":\"NewsArticle\",\"@id\":\"https:\/\/www.suno.com.br\/noticias\/cristina-kirchner-presidencia-argentina\/#article\",\"isPartOf\":{\"@id\":\"https:\/\/www.suno.com.br\/noticias\/cristina-kirchner-presidencia-argentina\/\"},\"author\":{\"name\":\"Renan Bandeira\",\"@id\":\"https:\/\/www.suno.com.br\/noticias\/#\/schema\/person\/fc144a1c6108bd1dcd43784e88a3c138\"},\"headline\":\"Cristina Kirchner anuncia sua candidatura \u00e0 vice-presid\u00eancia da Argentina\",\"datePublished\":\"2019-05-18T15:03:34+00:00\",\"dateModified\":\"2019-05-18T15:23:06+00:00\",\"mainEntityOfPage\":{\"@id\":\"https:\/\/www.suno.com.br\/noticias\/cristina-kirchner-presidencia-argentina\/\"},\"wordCount\":380,\"publisher\":{\"@id\":\"https:\/\/www.suno.com.br\/noticias\/#organization\"},\"image\":{\"@id\":\"https:\/\/www.suno.com.br\/noticias\/cristina-kirchner-presidencia-argentina\/#primaryimage\"},\"thumbnailUrl\":\"https:\/\/files.sunoresearch.com.br\/n\/uploads\/2019\/05\/a9b9d6bd-cristina-kirchner-jpg.webp\",\"keywords\":[\"Argentina\"],\"articleSection\":[\"Internacional\"],\"inLanguage\":\"pt-BR\"},{\"@type\":\"WebPage\",\"@id\":\"https:\/\/www.suno.com.br\/noticias\/cristina-kirchner-presidencia-argentina\/\",\"url\":\"https:\/\/www.suno.com.br\/noticias\/cristina-kirchner-presidencia-argentina\/\",\"name\":\"Cristina Kirchner anuncia sua candidatura \u00e0 vice-presid\u00eancia da Argentina\",\"isPartOf\":{\"@id\":\"https:\/\/www.suno.com.br\/noticias\/#website\"},\"primaryImageOfPage\":{\"@id\":\"https:\/\/www.suno.com.br\/noticias\/cristina-kirchner-presidencia-argentina\/#primaryimage\"},\"image\":{\"@id\":\"https:\/\/www.suno.com.br\/noticias\/cristina-kirchner-presidencia-argentina\/#primaryimage\"},\"thumbnailUrl\":\"https:\/\/files.sunoresearch.com.br\/n\/uploads\/2019\/05\/a9b9d6bd-cristina-kirchner-jpg.webp\",\"datePublished\":\"2019-05-18T15:03:34+00:00\",\"dateModified\":\"2019-05-18T15:23:06+00:00\",\"description\":\"Cristina Kirchner foi presidente da Argentina entre 2007 e 2015; Agora, concorre ao lado de Alberto Fernandez. Clique para saber mais.\",\"breadcrumb\":{\"@id\":\"https:\/\/www.suno.com.br\/noticias\/cristina-kirchner-presidencia-argentina\/#breadcrumb\"},\"inLanguage\":\"pt-BR\",\"potentialAction\":[{\"@type\":\"ReadAction\",\"target\":[\"https:\/\/www.suno.com.br\/noticias\/cristina-kirchner-presidencia-argentina\/\"]}]},{\"@type\":\"ImageObject\",\"inLanguage\":\"pt-BR\",\"@id\":\"https:\/\/www.suno.com.br\/noticias\/cristina-kirchner-presidencia-argentina\/#primaryimage\",\"url\":\"https:\/\/files.sunoresearch.com.br\/n\/uploads\/2019\/05\/a9b9d6bd-cristina-kirchner-jpg.webp\",\"contentUrl\":\"https:\/\/files.sunoresearch.com.br\/n\/uploads\/2019\/05\/a9b9d6bd-cristina-kirchner-jpg.webp\",\"width\":600,\"height\":400,\"caption\":\"Cristina Kirchner anuncia sua candidatura \u00e0 vice-presid\u00eancia da Argentina\"},{\"@type\":\"BreadcrumbList\",\"@id\":\"https:\/\/www.suno.com.br\/noticias\/cristina-kirchner-presidencia-argentina\/#breadcrumb\",\"itemListElement\":[{\"@type\":\"ListItem\",\"position\":1,\"name\":\"Not\u00edcias\",\"item\":\"https:\/\/www.suno.com.br\/noticias\/\"},{\"@type\":\"ListItem\",\"position\":2,\"name\":\"Internacional\",\"item\":\"https:\/\/www.suno.com.br\/noticias\/internacional\/\"},{\"@type\":\"ListItem\",\"position\":3,\"name\":\"Cristina Kirchner anuncia sua candidatura \u00e0 vice-presid\u00eancia da Argentina\"}]},{\"@type\":\"WebSite\",\"@id\":\"https:\/\/www.suno.com.br\/noticias\/#website\",\"url\":\"https:\/\/www.suno.com.br\/noticias\/\",\"name\":\"Suno Not\u00edcias\",\"description\":\"Seu portal de informa\u00e7\u00e3o sobre o mundo dos investimentos\",\"publisher\":{\"@id\":\"https:\/\/www.suno.com.br\/noticias\/#organization\"},\"potentialAction\":[{\"@type\":\"SearchAction\",\"target\":{\"@type\":\"EntryPoint\",\"urlTemplate\":\"https:\/\/www.suno.com.br\/noticias\/?s={search_term_string}\"},\"query-input\":{\"@type\":\"PropertyValueSpecification\",\"valueRequired\":true,\"valueName\":\"search_term_string\"}}],\"inLanguage\":\"pt-BR\"},{\"@type\":\"Organization\",\"@id\":\"https:\/\/www.suno.com.br\/noticias\/#organization\",\"name\":\"Suno Not\u00edcias\",\"url\":\"https:\/\/www.suno.com.br\/noticias\/\",\"logo\":{\"@type\":\"ImageObject\",\"inLanguage\":\"pt-BR\",\"@id\":\"https:\/\/www.suno.com.br\/noticias\/#\/schema\/logo\/image\/\",\"url\":\"https:\/\/files.sunoresearch.com.br\/n\/uploads\/2021\/09\/suno-logo.png\",\"contentUrl\":\"https:\/\/files.sunoresearch.com.br\/n\/uploads\/2021\/09\/suno-logo.png\",\"width\":180,\"height\":180,\"caption\":\"Suno Not\u00edcias\"},\"image\":{\"@id\":\"https:\/\/www.suno.com.br\/noticias\/#\/schema\/logo\/image\/\"},\"sameAs\":[\"https:\/\/facebook.com\/sunoresearch\",\"https:\/\/x.com\/sunoresearch\",\"https:\/\/www.instagram.com\/suno\",\"https:\/\/www.linkedin.com\/company\/suno-research\/\",\"https:\/\/www.youtube.com\/c\/sunoresearch\"]},{\"@type\":\"Person\",\"@id\":\"https:\/\/www.suno.com.br\/noticias\/#\/schema\/person\/fc144a1c6108bd1dcd43784e88a3c138\",\"name\":\"Renan Bandeira\",\"image\":{\"@type\":\"ImageObject\",\"inLanguage\":\"pt-BR\",\"@id\":\"https:\/\/www.suno.com.br\/noticias\/#\/schema\/person\/image\/\",\"url\":\"https:\/\/secure.gravatar.com\/avatar\/68359cdb608f14f11bbefcb78f3fc747?s=96&r=g\",\"contentUrl\":\"https:\/\/secure.gravatar.com\/avatar\/68359cdb608f14f11bbefcb78f3fc747?s=96&r=g\",\"caption\":\"Renan Bandeira\"},\"description\":\"Renan Bandeira escreve sobre pol\u00edtica e economia para o portal da Suno Research. Antes da Suno, trabalhou em uma rede de televis\u00e3o, onde fazia reportagens sobre os mesmos temas. Estuda na Universidade Metodista de S\u00e3o Paulo.\",\"url\":\"https:\/\/www.suno.com.br\/noticias\/author\/renan-bandeira\/\"}]}<\/script>\n<!-- \/ Yoast SEO plugin. -->","yoast_head_json":{"title":"Cristina Kirchner anuncia sua candidatura \u00e0 vice-presid\u00eancia da Argentina","description":"Cristina Kirchner foi presidente da Argentina entre 2007 e 2015; Agora, concorre ao lado de Alberto Fernandez. Clique para saber mais.","robots":{"index":"index","follow":"follow","max-snippet":"max-snippet:-1","max-image-preview":"max-image-preview:large","max-video-preview":"max-video-preview:-1"},"canonical":"https:\/\/www.suno.com.br\/noticias\/cristina-kirchner-presidencia-argentina\/","og_locale":"pt_BR","og_type":"article","og_title":"Cristina Kirchner anuncia sua candidatura \u00e0 vice-presid\u00eancia da Argentina","og_description":"Cristina Kirchner foi presidente da Argentina entre 2007 e 2015; Agora, concorre ao lado de Alberto Fernandez. Clique para saber mais.","og_url":"https:\/\/www.suno.com.br\/noticias\/cristina-kirchner-presidencia-argentina\/","og_site_name":"Suno Not\u00edcias","article_publisher":"https:\/\/facebook.com\/sunoresearch","og_image":[{"width":600,"height":400,"url":"https:\/\/files.sunoresearch.com.br\/n\/uploads\/2019\/05\/a9b9d6bd-cristina-kirchner.jpg","type":"image\/jpeg"}],"author":"Renan Bandeira","twitter_card":"summary_large_image","twitter_creator":"@sunoresearch","twitter_site":"@sunoresearch","twitter_misc":{"Escrito por":"Renan Bandeira","Est. tempo de leitura":"2 minutos"},"schema":{"@context":"https:\/\/schema.org","@graph":[{"@type":"NewsArticle","@id":"https:\/\/www.suno.com.br\/noticias\/cristina-kirchner-presidencia-argentina\/#article","isPartOf":{"@id":"https:\/\/www.suno.com.br\/noticias\/cristina-kirchner-presidencia-argentina\/"},"author":{"name":"Renan Bandeira","@id":"https:\/\/www.suno.com.br\/noticias\/#\/schema\/person\/fc144a1c6108bd1dcd43784e88a3c138"},"headline":"Cristina Kirchner anuncia sua candidatura \u00e0 vice-presid\u00eancia da Argentina","datePublished":"2019-05-18T15:03:34+00:00","dateModified":"2019-05-18T15:23:06+00:00","mainEntityOfPage":{"@id":"https:\/\/www.suno.com.br\/noticias\/cristina-kirchner-presidencia-argentina\/"},"wordCount":380,"publisher":{"@id":"https:\/\/www.suno.com.br\/noticias\/#organization"},"image":{"@id":"https:\/\/www.suno.com.br\/noticias\/cristina-kirchner-presidencia-argentina\/#primaryimage"},"thumbnailUrl":"https:\/\/files.sunoresearch.com.br\/n\/uploads\/2019\/05\/a9b9d6bd-cristina-kirchner-jpg.webp","keywords":["Argentina"],"articleSection":["Internacional"],"inLanguage":"pt-BR"},{"@type":"WebPage","@id":"https:\/\/www.suno.com.br\/noticias\/cristina-kirchner-presidencia-argentina\/","url":"https:\/\/www.suno.com.br\/noticias\/cristina-kirchner-presidencia-argentina\/","name":"Cristina Kirchner anuncia sua candidatura \u00e0 vice-presid\u00eancia da Argentina","isPartOf":{"@id":"https:\/\/www.suno.com.br\/noticias\/#website"},"primaryImageOfPage":{"@id":"https:\/\/www.suno.com.br\/noticias\/cristina-kirchner-presidencia-argentina\/#primaryimage"},"image":{"@id":"https:\/\/www.suno.com.br\/noticias\/cristina-kirchner-presidencia-argentina\/#primaryimage"},"thumbnailUrl":"https:\/\/files.sunoresearch.com.br\/n\/uploads\/2019\/05\/a9b9d6bd-cristina-kirchner-jpg.webp","datePublished":"2019-05-18T15:03:34+00:00","dateModified":"2019-05-18T15:23:06+00:00","description":"Cristina Kirchner foi presidente da Argentina entre 2007 e 2015; Agora, concorre ao lado de Alberto Fernandez. Clique para saber mais.","breadcrumb":{"@id":"https:\/\/www.suno.com.br\/noticias\/cristina-kirchner-presidencia-argentina\/#breadcrumb"},"inLanguage":"pt-BR","potentialAction":[{"@type":"ReadAction","target":["https:\/\/www.suno.com.br\/noticias\/cristina-kirchner-presidencia-argentina\/"]}]},{"@type":"ImageObject","inLanguage":"pt-BR","@id":"https:\/\/www.suno.com.br\/noticias\/cristina-kirchner-presidencia-argentina\/#primaryimage","url":"https:\/\/files.sunoresearch.com.br\/n\/uploads\/2019\/05\/a9b9d6bd-cristina-kirchner-jpg.webp","contentUrl":"https:\/\/files.sunoresearch.com.br\/n\/uploads\/2019\/05\/a9b9d6bd-cristina-kirchner-jpg.webp","width":600,"height":400,"caption":"Cristina Kirchner anuncia sua candidatura \u00e0 vice-presid\u00eancia da Argentina"},{"@type":"BreadcrumbList","@id":"https:\/\/www.suno.com.br\/noticias\/cristina-kirchner-presidencia-argentina\/#breadcrumb","itemListElement":[{"@type":"ListItem","position":1,"name":"Not\u00edcias","item":"https:\/\/www.suno.com.br\/noticias\/"},{"@type":"ListItem","position":2,"name":"Internacional","item":"https:\/\/www.suno.com.br\/noticias\/internacional\/"},{"@type":"ListItem","position":3,"name":"Cristina Kirchner anuncia sua candidatura \u00e0 vice-presid\u00eancia da Argentina"}]},{"@type":"WebSite","@id":"https:\/\/www.suno.com.br\/noticias\/#website","url":"https:\/\/www.suno.com.br\/noticias\/","name":"Suno Not\u00edcias","description":"Seu portal de informa\u00e7\u00e3o sobre o mundo dos investimentos","publisher":{"@id":"https:\/\/www.suno.com.br\/noticias\/#organization"},"potentialAction":[{"@type":"SearchAction","target":{"@type":"EntryPoint","urlTemplate":"https:\/\/www.suno.com.br\/noticias\/?s={search_term_string}"},"query-input":{"@type":"PropertyValueSpecification","valueRequired":true,"valueName":"search_term_string"}}],"inLanguage":"pt-BR"},{"@type":"Organization","@id":"https:\/\/www.suno.com.br\/noticias\/#organization","name":"Suno Not\u00edcias","url":"https:\/\/www.suno.com.br\/noticias\/","logo":{"@type":"ImageObject","inLanguage":"pt-BR","@id":"https:\/\/www.suno.com.br\/noticias\/#\/schema\/logo\/image\/","url":"https:\/\/files.sunoresearch.com.br\/n\/uploads\/2021\/09\/suno-logo.png","contentUrl":"https:\/\/files.sunoresearch.com.br\/n\/uploads\/2021\/09\/suno-logo.png","width":180,"height":180,"caption":"Suno Not\u00edcias"},"image":{"@id":"https:\/\/www.suno.com.br\/noticias\/#\/schema\/logo\/image\/"},"sameAs":["https:\/\/facebook.com\/sunoresearch","https:\/\/x.com\/sunoresearch","https:\/\/www.instagram.com\/suno","https:\/\/www.linkedin.com\/company\/suno-research\/","https:\/\/www.youtube.com\/c\/sunoresearch"]},{"@type":"Person","@id":"https:\/\/www.suno.com.br\/noticias\/#\/schema\/person\/fc144a1c6108bd1dcd43784e88a3c138","name":"Renan Bandeira","image":{"@type":"ImageObject","inLanguage":"pt-BR","@id":"https:\/\/www.suno.com.br\/noticias\/#\/schema\/person\/image\/","url":"https:\/\/secure.gravatar.com\/avatar\/68359cdb608f14f11bbefcb78f3fc747?s=96&r=g","contentUrl":"https:\/\/secure.gravatar.com\/avatar\/68359cdb608f14f11bbefcb78f3fc747?s=96&r=g","caption":"Renan Bandeira"},"description":"Renan Bandeira escreve sobre pol\u00edtica e economia para o portal da Suno Research. Antes da Suno, trabalhou em uma rede de televis\u00e3o, onde fazia reportagens sobre os mesmos temas. Estuda na Universidade Metodista de S\u00e3o Paulo.","url":"https:\/\/www.suno.com.br\/noticias\/author\/renan-bandeira\/"}]}},"default_loop_html":"<div class=\"cardsPage__listCard__boxs\"><div class=\"cardsPage__listCard__boxs__img\"><a href=\"https:\/\/www.suno.com.br\/noticias\/cristina-kirchner-presidencia-argentina\/\"><img class=\"mask\" src=\"https:\/\/www.suno.com.br\/noticias\/wp-content\/themes\/suno\/resources\/images\/spotlight\/spotlight1img\/bg-mask.png\" alt=\"Image Mask\"\/><img src=\"https:\/\/files.sunoresearch.com.br\/n\/uploads\/2019\/05\/a9b9d6bd-cristina-kirchner-400x200.webp\" alt=\"Cristina Kirchner anuncia sua candidatura \u00e0 vice-presid\u00eancia da Argentina\"\/><\/a><span class=\"spotlightCategory\"><a href=\"https:\/\/www.suno.com.br\/noticias\/internacional\/\">Internacional<\/a><\/span><\/div><div class=\"cardsPage__listCard__boxs__content\"><a href=\"https:\/\/www.suno.com.br\/noticias\/cristina-kirchner-presidencia-argentina\/\"><h2 class=\"content__title\">Cristina Kirchner anuncia sua candidatura \u00e0 vice-presid\u00eancia da Argentina<\/h2><\/a><div class=\"newsContent__article__meta\"><div class=\"newsContent__article__meta__authorBox\"><a href=\"https:\/\/www.suno.com.br\/noticias\/author\/renan-bandeira\/\" class=\"authorBox__avatar noMobi\"><img src=\"https:\/\/secure.gravatar.com\/avatar\/68359cdb608f14f11bbefcb78f3fc747?s=96&#038;r=g\" alt=\"Renan Bandeira\"><\/a><div class=\"authorBox__name\"><span>por\n\t\t\t<a href=\"https:\/\/www.suno.com.br\/noticias\/author\/renan-bandeira\/\"><span itemprop=\"author\">Renan Bandeira<\/span><\/a><\/span><time datetime=\"2019-05-18T12:03:34-03:00\" itemprop=\"datePublished\">18\/05\/2019 12:03<\/time><\/div><\/div><\/div><\/div><\/div>","single_layout":"posts","amp_enabled":true,"_links":{"self":[{"href":"https:\/\/www.suno.com.br\/noticias\/wp-json\/wp\/v2\/posts\/25117"}],"collection":[{"href":"https:\/\/www.suno.com.br\/noticias\/wp-json\/wp\/v2\/posts"}],"about":[{"href":"https:\/\/www.suno.com.br\/noticias\/wp-json\/wp\/v2\/types\/post"}],"author":[{"embeddable":true,"href":"https:\/\/www.suno.com.br\/noticias\/wp-json\/wp\/v2\/users\/11"}],"replies":[{"embeddable":true,"href":"https:\/\/www.suno.com.br\/noticias\/wp-json\/wp\/v2\/comments?post=25117"}],"version-history":[{"count":0,"href":"https:\/\/www.suno.com.br\/noticias\/wp-json\/wp\/v2\/posts\/25117\/revisions"}],"wp:featuredmedia":[{"embeddable":true,"href":"https:\/\/www.suno.com.br\/noticias\/wp-json\/wp\/v2\/media\/25118"}],"wp:attachment":[{"href":"https:\/\/www.suno.com.br\/noticias\/wp-json\/wp\/v2\/media?parent=25117"}],"wp:term":[{"taxonomy":"category","embeddable":true,"href":"https:\/\/www.suno.com.br\/noticias\/wp-json\/wp\/v2\/categories?post=25117"},{"taxonomy":"post_tag","embeddable":true,"href":"https:\/\/www.suno.com.br\/noticias\/wp-json\/wp\/v2\/tags?post=25117"},{"taxonomy":"suno_strategy","embeddable":true,"href":"https:\/\/www.suno.com.br\/noticias\/wp-json\/wp\/v2\/suno_strategy?post=25117"}],"curies":[{"name":"wp","href":"https:\/\/api.w.org\/{rel}","templated":true}]}}