{"id":25109,"date":"2019-05-18T10:28:47","date_gmt":"2019-05-18T13:28:47","guid":{"rendered":"https:\/\/www.suno.com.br\/noticias\/?p=25109"},"modified":"2019-05-18T10:28:47","modified_gmt":"2019-05-18T13:28:47","slug":"air-europa-autorizacao-operar-rotas","status":"publish","type":"post","link":"https:\/\/www.suno.com.br\/noticias\/air-europa-autorizacao-operar-rotas\/","title":{"rendered":"Air Europa pediu autoriza\u00e7\u00e3o para operar rotas dom\u00e9sticas"},"content":{"rendered":"<p>A companhia a\u00e9rea espanhola Air Europa entregou um pedido para operar voos dom\u00e9sticos no Brasil \u00e0 junta Comercial do Estado de S\u00e3o Paulo.<\/p>\t<div class=\"wrapper-featured-image\">\n\t\t<figure class=\"spotlightImg\">\n\n\t\t\t<picture>\n\t\t\t\t<source media=\"(max-width: 768px)\" srcset=\"https:\/\/files.sunoresearch.com.br\/n\/uploads\/2019\/05\/50eadc4f-air-europa-400x200.webp\">\n\t\t\t\t<img loading=\"lazy\" decoding=\"async\" class=\"newsContent__article__imgCapa lazyloadDisabled newsContent__article__imgCapa--noCaption\" src=\"https:\/\/files.sunoresearch.com.br\/n\/uploads\/2019\/05\/50eadc4f-air-europa-jpg.webp\" width=\"800\" height=\"450\" alt=\"Air Europa pediu autoriza\u00e7\u00e3o para operar rotas dom\u00e9sticas\" fetchpriority=high \/>\n\t\t\t<\/picture>\n\n\t\t\t<figcaption class=\"wp-caption-text wp-caption-text--hide\">Air Europa pediu autoriza\u00e7\u00e3o para operar rotas dom\u00e9sticas<\/figcaption>\n\t\t<\/figure>\n\t<\/div>\n\n\n<p>A <strong>Air<\/strong> <strong>Europa<\/strong> j\u00e1 realiza <strong>voos<\/strong> no Brasil, mas somente rotas internacionais que ligando a capital da Espanha, Madrid, a cidades do Nordeste e do Sudeste.<\/p>\n\t<p>\n\t\t<a href=\"https:\/\/lp.suno.com.br\/ao\/sessao-estrategica-consultoria-c\/?utm_source=suno-noticias&#038;utm_medium=banner&#038;utm_campaing=dividendos-taxacao-pl\" target=\"_blank\" data-element=\"shortcode-suno-banner\" title=\"Banner SUNO, clique e saiba mais\">\n\t\t\t<picture>\n\t\t\t\t<source media=\"(max-width: 500px)\" srcset=\"https:\/\/files.sunoresearch.com.br\/n\/uploads\/2025\/09\/300x400.webp\">\n\t\t\t\t<img class=\"newsContent__article__imgCapa newsContent__article__imgCapa--banner\"\n\t\t\t\t\tsrc=\"https:\/\/files.sunoresearch.com.br\/n\/uploads\/2025\/09\/SN-DT-1420x240-1.webp\"\n\t\t\t\t\tdata-promo-id=\"628283\"\t\t\t\t\t\t\t\t\t\twidth='1420' height='240'\t\t\t\t\talt=\"https:\/\/files.sunoresearch.com.br\/n\/uploads\/2025\/09\/SN-DT-1420x240-1.webp\"\n\t\t\t\t>\n\t\t\t<\/picture>\n\t\t<\/a>\n\t<\/p>\n\n\n<p>Em dezembro do \u00faltimo ano, o ent\u00e3o presidente <strong>Michel<\/strong> <strong>Temer<\/strong> havia editado uma medida provis\u00f3ria que liberava 100% de capital estrangeiro nas companhias a\u00e9reas brasileiras.<\/p>\n<p>Para que uma companhia seja considerada brasileira, ela deve possuir uma sede no Pa\u00eds e tem que seguir as leis brasileiras, mesmo que o capital seja estrangeiro.<\/p>\n<p>A medida editada por Temer perde validade na pr\u00f3xima semana. No entanto, o <strong>Congresso<\/strong> <strong>Nacional<\/strong> vem discutindo um projeto com objetivo semelhante.<\/p>\n<p><a href=\"https:\/\/www.suno.com.br\/noticias\/norwegian-planeja-rota-rio-buenos\/\">Saiba mais:\u00a0Norwegian planeja rota para ligar Rio de Janeiro a Buenos Aires<\/a><\/p>\n<h2>Anac e Air Europa<\/h2>\n<p>De acordo com a <strong>Ag\u00eancia Nacional de Avia\u00e7\u00e3o Civil (Anac)<\/strong>, ainda n\u00e3o foi recebido nenhum pedido oficial por parte da companhia a\u00e9rea, no entanto, a entrega do documento para a junta comercial faz parte da constitui\u00e7\u00e3o jur\u00eddica da companhia \u00e9 uma das fases necess\u00e1rias no processo de outorga.<\/p>\n<p>&#8220;Ao se constituir no Brasil, e ap\u00f3s a autoriza\u00e7\u00e3o da Anac, a empresa poder\u00e1 operar rotas dom\u00e9sticas e seguir\u00e1 a legisla\u00e7\u00e3o brasileira, que inclui obrigatoriedade de ter tripula\u00e7\u00e3o brasileira, al\u00e9m do recolhimento de tributos&#8221;, informou a Anac.<\/p>\n<p>O mercado brasileiro \u00e9 um dos maiores em n\u00famero de passageiros transportados. No entanto, \u00e9 explorado por apenas quatro empresas. Sendo elas:<\/p>\n<ol>\n<li><strong>Gol<\/strong><\/li>\n<li><strong>Latam<\/strong><\/li>\n<li><strong>Azul<\/strong><\/li>\n<li><strong>Avianca<\/strong><\/li>\n<\/ol>\n<p><a href=\"https:\/\/www.suno.com.br\/noticias\/avianca-brasil-demite-900-funcionarios\/\">Saiba mais:\u00a0Avianca Brasil demite 900 funcion\u00e1rios depois de atrasar sal\u00e1rios, diz SNA<\/a><\/p>\n<p>Caso o plano da <strong>Air<\/strong> <strong>Europa<\/strong> siga adiante, ela ser\u00e1 a primeira companhia estrangeira a operar trechos dom\u00e9sticos. Isso porque as empresas <strong>Norwegian<\/strong> (da Noruega) e a <strong>Sky<\/strong> (do Chile) s\u00f3 operam rotas entre o Brasil e o exterior.<\/p>\n","protected":false},"excerpt":{"rendered":"<p>A companhia a\u00e9rea espanhola Air Europa entregou um pedido para operar voos dom\u00e9sticos no Brasil \u00e0 junta Comercial do Estado de S\u00e3o Paulo. Air Europa pediu autoriza\u00e7\u00e3o para operar rotas dom\u00e9sticas A Air Europa j\u00e1 realiza voos no Brasil, mas somente rotas internacionais que ligando a capital da Espanha, Madrid, a cidades do Nordeste e [&hellip;]<\/p>\n","protected":false},"author":11,"featured_media":25110,"comment_status":"closed","ping_status":"closed","sticky":false,"template":"","format":"standard","meta":[],"categories":[63],"tags":[],"suno_strategy":[],"class_list":["post-25109","post","type-post","status-publish","format-standard","has-post-thumbnail","hentry","category-internacional"],"yoast_head":"<!-- This site is optimized with the Yoast SEO plugin v24.4 - https:\/\/yoast.com\/wordpress\/plugins\/seo\/ -->\n<title>Air Europa pediu autoriza\u00e7\u00e3o para operar rotas dom\u00e9sticas<\/title>\n<meta name=\"description\" content=\"A Air Europa j\u00e1 realiza voos no Brasil, mas somente rotas internacionais ligando o Brasil \u00e0 Espanha. Clique para saber mais.\" \/>\n<meta name=\"robots\" content=\"index, follow, max-snippet:-1, max-image-preview:large, max-video-preview:-1\" \/>\n<link rel=\"canonical\" href=\"https:\/\/www.suno.com.br\/noticias\/air-europa-autorizacao-operar-rotas\/\" \/>\n<meta property=\"og:locale\" content=\"pt_BR\" \/>\n<meta property=\"og:type\" content=\"article\" \/>\n<meta property=\"og:title\" content=\"Air Europa pediu autoriza\u00e7\u00e3o para operar rotas dom\u00e9sticas\" \/>\n<meta property=\"og:description\" content=\"A Air Europa j\u00e1 realiza voos no Brasil, mas somente rotas internacionais ligando o Brasil \u00e0 Espanha. Clique para saber mais.\" \/>\n<meta property=\"og:url\" content=\"https:\/\/www.suno.com.br\/noticias\/air-europa-autorizacao-operar-rotas\/\" \/>\n<meta property=\"og:site_name\" content=\"Suno Not\u00edcias\" \/>\n<meta property=\"article:publisher\" content=\"https:\/\/facebook.com\/sunoresearch\" \/>\n<meta property=\"og:image\" content=\"https:\/\/files.sunoresearch.com.br\/n\/uploads\/2019\/05\/50eadc4f-air-europa.jpg\" \/>\n\t<meta property=\"og:image:width\" content=\"692\" \/>\n\t<meta property=\"og:image:height\" content=\"475\" \/>\n\t<meta property=\"og:image:type\" content=\"image\/jpeg\" \/>\n<meta name=\"author\" content=\"Renan Bandeira\" \/>\n<meta name=\"twitter:card\" content=\"summary_large_image\" \/>\n<meta name=\"twitter:creator\" content=\"@sunoresearch\" \/>\n<meta name=\"twitter:site\" content=\"@sunoresearch\" \/>\n<meta name=\"twitter:label1\" content=\"Escrito por\" \/>\n\t<meta name=\"twitter:data1\" content=\"Renan Bandeira\" \/>\n\t<meta name=\"twitter:label2\" content=\"Est. tempo de leitura\" \/>\n\t<meta name=\"twitter:data2\" content=\"2 minutos\" \/>\n<script type=\"application\/ld+json\" class=\"yoast-schema-graph\">{\"@context\":\"https:\/\/schema.org\",\"@graph\":[{\"@type\":\"NewsArticle\",\"@id\":\"https:\/\/www.suno.com.br\/noticias\/air-europa-autorizacao-operar-rotas\/#article\",\"isPartOf\":{\"@id\":\"https:\/\/www.suno.com.br\/noticias\/air-europa-autorizacao-operar-rotas\/\"},\"author\":{\"name\":\"Renan Bandeira\",\"@id\":\"https:\/\/www.suno.com.br\/noticias\/#\/schema\/person\/fc144a1c6108bd1dcd43784e88a3c138\"},\"headline\":\"Air Europa pediu autoriza\u00e7\u00e3o para operar rotas dom\u00e9sticas\",\"datePublished\":\"2019-05-18T13:28:47+00:00\",\"mainEntityOfPage\":{\"@id\":\"https:\/\/www.suno.com.br\/noticias\/air-europa-autorizacao-operar-rotas\/\"},\"wordCount\":335,\"publisher\":{\"@id\":\"https:\/\/www.suno.com.br\/noticias\/#organization\"},\"image\":{\"@id\":\"https:\/\/www.suno.com.br\/noticias\/air-europa-autorizacao-operar-rotas\/#primaryimage\"},\"thumbnailUrl\":\"https:\/\/files.sunoresearch.com.br\/n\/uploads\/2019\/05\/50eadc4f-air-europa-jpg.webp\",\"articleSection\":[\"Internacional\"],\"inLanguage\":\"pt-BR\"},{\"@type\":\"WebPage\",\"@id\":\"https:\/\/www.suno.com.br\/noticias\/air-europa-autorizacao-operar-rotas\/\",\"url\":\"https:\/\/www.suno.com.br\/noticias\/air-europa-autorizacao-operar-rotas\/\",\"name\":\"Air Europa pediu autoriza\u00e7\u00e3o para operar rotas dom\u00e9sticas\",\"isPartOf\":{\"@id\":\"https:\/\/www.suno.com.br\/noticias\/#website\"},\"primaryImageOfPage\":{\"@id\":\"https:\/\/www.suno.com.br\/noticias\/air-europa-autorizacao-operar-rotas\/#primaryimage\"},\"image\":{\"@id\":\"https:\/\/www.suno.com.br\/noticias\/air-europa-autorizacao-operar-rotas\/#primaryimage\"},\"thumbnailUrl\":\"https:\/\/files.sunoresearch.com.br\/n\/uploads\/2019\/05\/50eadc4f-air-europa-jpg.webp\",\"datePublished\":\"2019-05-18T13:28:47+00:00\",\"description\":\"A Air Europa j\u00e1 realiza voos no Brasil, mas somente rotas internacionais ligando o Brasil \u00e0 Espanha. Clique para saber mais.\",\"breadcrumb\":{\"@id\":\"https:\/\/www.suno.com.br\/noticias\/air-europa-autorizacao-operar-rotas\/#breadcrumb\"},\"inLanguage\":\"pt-BR\",\"potentialAction\":[{\"@type\":\"ReadAction\",\"target\":[\"https:\/\/www.suno.com.br\/noticias\/air-europa-autorizacao-operar-rotas\/\"]}]},{\"@type\":\"ImageObject\",\"inLanguage\":\"pt-BR\",\"@id\":\"https:\/\/www.suno.com.br\/noticias\/air-europa-autorizacao-operar-rotas\/#primaryimage\",\"url\":\"https:\/\/files.sunoresearch.com.br\/n\/uploads\/2019\/05\/50eadc4f-air-europa-jpg.webp\",\"contentUrl\":\"https:\/\/files.sunoresearch.com.br\/n\/uploads\/2019\/05\/50eadc4f-air-europa-jpg.webp\",\"width\":692,\"height\":475,\"caption\":\"Air Europa pediu autoriza\u00e7\u00e3o para operar rotas dom\u00e9sticas\"},{\"@type\":\"BreadcrumbList\",\"@id\":\"https:\/\/www.suno.com.br\/noticias\/air-europa-autorizacao-operar-rotas\/#breadcrumb\",\"itemListElement\":[{\"@type\":\"ListItem\",\"position\":1,\"name\":\"Not\u00edcias\",\"item\":\"https:\/\/www.suno.com.br\/noticias\/\"},{\"@type\":\"ListItem\",\"position\":2,\"name\":\"Internacional\",\"item\":\"https:\/\/www.suno.com.br\/noticias\/internacional\/\"},{\"@type\":\"ListItem\",\"position\":3,\"name\":\"Air Europa pediu autoriza\u00e7\u00e3o para operar rotas dom\u00e9sticas\"}]},{\"@type\":\"WebSite\",\"@id\":\"https:\/\/www.suno.com.br\/noticias\/#website\",\"url\":\"https:\/\/www.suno.com.br\/noticias\/\",\"name\":\"Suno Not\u00edcias\",\"description\":\"Seu portal de informa\u00e7\u00e3o sobre o mundo dos investimentos\",\"publisher\":{\"@id\":\"https:\/\/www.suno.com.br\/noticias\/#organization\"},\"potentialAction\":[{\"@type\":\"SearchAction\",\"target\":{\"@type\":\"EntryPoint\",\"urlTemplate\":\"https:\/\/www.suno.com.br\/noticias\/?s={search_term_string}\"},\"query-input\":{\"@type\":\"PropertyValueSpecification\",\"valueRequired\":true,\"valueName\":\"search_term_string\"}}],\"inLanguage\":\"pt-BR\"},{\"@type\":\"Organization\",\"@id\":\"https:\/\/www.suno.com.br\/noticias\/#organization\",\"name\":\"Suno Not\u00edcias\",\"url\":\"https:\/\/www.suno.com.br\/noticias\/\",\"logo\":{\"@type\":\"ImageObject\",\"inLanguage\":\"pt-BR\",\"@id\":\"https:\/\/www.suno.com.br\/noticias\/#\/schema\/logo\/image\/\",\"url\":\"https:\/\/files.sunoresearch.com.br\/n\/uploads\/2021\/09\/suno-logo.png\",\"contentUrl\":\"https:\/\/files.sunoresearch.com.br\/n\/uploads\/2021\/09\/suno-logo.png\",\"width\":180,\"height\":180,\"caption\":\"Suno Not\u00edcias\"},\"image\":{\"@id\":\"https:\/\/www.suno.com.br\/noticias\/#\/schema\/logo\/image\/\"},\"sameAs\":[\"https:\/\/facebook.com\/sunoresearch\",\"https:\/\/x.com\/sunoresearch\",\"https:\/\/www.instagram.com\/suno\",\"https:\/\/www.linkedin.com\/company\/suno-research\/\",\"https:\/\/www.youtube.com\/c\/sunoresearch\"]},{\"@type\":\"Person\",\"@id\":\"https:\/\/www.suno.com.br\/noticias\/#\/schema\/person\/fc144a1c6108bd1dcd43784e88a3c138\",\"name\":\"Renan Bandeira\",\"image\":{\"@type\":\"ImageObject\",\"inLanguage\":\"pt-BR\",\"@id\":\"https:\/\/www.suno.com.br\/noticias\/#\/schema\/person\/image\/\",\"url\":\"https:\/\/secure.gravatar.com\/avatar\/68359cdb608f14f11bbefcb78f3fc747?s=96&r=g\",\"contentUrl\":\"https:\/\/secure.gravatar.com\/avatar\/68359cdb608f14f11bbefcb78f3fc747?s=96&r=g\",\"caption\":\"Renan Bandeira\"},\"description\":\"Renan Bandeira escreve sobre pol\u00edtica e economia para o portal da Suno Research. Antes da Suno, trabalhou em uma rede de televis\u00e3o, onde fazia reportagens sobre os mesmos temas. Estuda na Universidade Metodista de S\u00e3o Paulo.\",\"url\":\"https:\/\/www.suno.com.br\/noticias\/author\/renan-bandeira\/\"}]}<\/script>\n<!-- \/ Yoast SEO plugin. -->","yoast_head_json":{"title":"Air Europa pediu autoriza\u00e7\u00e3o para operar rotas dom\u00e9sticas","description":"A Air Europa j\u00e1 realiza voos no Brasil, mas somente rotas internacionais ligando o Brasil \u00e0 Espanha. Clique para saber mais.","robots":{"index":"index","follow":"follow","max-snippet":"max-snippet:-1","max-image-preview":"max-image-preview:large","max-video-preview":"max-video-preview:-1"},"canonical":"https:\/\/www.suno.com.br\/noticias\/air-europa-autorizacao-operar-rotas\/","og_locale":"pt_BR","og_type":"article","og_title":"Air Europa pediu autoriza\u00e7\u00e3o para operar rotas dom\u00e9sticas","og_description":"A Air Europa j\u00e1 realiza voos no Brasil, mas somente rotas internacionais ligando o Brasil \u00e0 Espanha. Clique para saber mais.","og_url":"https:\/\/www.suno.com.br\/noticias\/air-europa-autorizacao-operar-rotas\/","og_site_name":"Suno Not\u00edcias","article_publisher":"https:\/\/facebook.com\/sunoresearch","og_image":[{"width":692,"height":475,"url":"https:\/\/files.sunoresearch.com.br\/n\/uploads\/2019\/05\/50eadc4f-air-europa.jpg","type":"image\/jpeg"}],"author":"Renan Bandeira","twitter_card":"summary_large_image","twitter_creator":"@sunoresearch","twitter_site":"@sunoresearch","twitter_misc":{"Escrito por":"Renan Bandeira","Est. tempo de leitura":"2 minutos"},"schema":{"@context":"https:\/\/schema.org","@graph":[{"@type":"NewsArticle","@id":"https:\/\/www.suno.com.br\/noticias\/air-europa-autorizacao-operar-rotas\/#article","isPartOf":{"@id":"https:\/\/www.suno.com.br\/noticias\/air-europa-autorizacao-operar-rotas\/"},"author":{"name":"Renan Bandeira","@id":"https:\/\/www.suno.com.br\/noticias\/#\/schema\/person\/fc144a1c6108bd1dcd43784e88a3c138"},"headline":"Air Europa pediu autoriza\u00e7\u00e3o para operar rotas dom\u00e9sticas","datePublished":"2019-05-18T13:28:47+00:00","mainEntityOfPage":{"@id":"https:\/\/www.suno.com.br\/noticias\/air-europa-autorizacao-operar-rotas\/"},"wordCount":335,"publisher":{"@id":"https:\/\/www.suno.com.br\/noticias\/#organization"},"image":{"@id":"https:\/\/www.suno.com.br\/noticias\/air-europa-autorizacao-operar-rotas\/#primaryimage"},"thumbnailUrl":"https:\/\/files.sunoresearch.com.br\/n\/uploads\/2019\/05\/50eadc4f-air-europa-jpg.webp","articleSection":["Internacional"],"inLanguage":"pt-BR"},{"@type":"WebPage","@id":"https:\/\/www.suno.com.br\/noticias\/air-europa-autorizacao-operar-rotas\/","url":"https:\/\/www.suno.com.br\/noticias\/air-europa-autorizacao-operar-rotas\/","name":"Air Europa pediu autoriza\u00e7\u00e3o para operar rotas dom\u00e9sticas","isPartOf":{"@id":"https:\/\/www.suno.com.br\/noticias\/#website"},"primaryImageOfPage":{"@id":"https:\/\/www.suno.com.br\/noticias\/air-europa-autorizacao-operar-rotas\/#primaryimage"},"image":{"@id":"https:\/\/www.suno.com.br\/noticias\/air-europa-autorizacao-operar-rotas\/#primaryimage"},"thumbnailUrl":"https:\/\/files.sunoresearch.com.br\/n\/uploads\/2019\/05\/50eadc4f-air-europa-jpg.webp","datePublished":"2019-05-18T13:28:47+00:00","description":"A Air Europa j\u00e1 realiza voos no Brasil, mas somente rotas internacionais ligando o Brasil \u00e0 Espanha. Clique para saber mais.","breadcrumb":{"@id":"https:\/\/www.suno.com.br\/noticias\/air-europa-autorizacao-operar-rotas\/#breadcrumb"},"inLanguage":"pt-BR","potentialAction":[{"@type":"ReadAction","target":["https:\/\/www.suno.com.br\/noticias\/air-europa-autorizacao-operar-rotas\/"]}]},{"@type":"ImageObject","inLanguage":"pt-BR","@id":"https:\/\/www.suno.com.br\/noticias\/air-europa-autorizacao-operar-rotas\/#primaryimage","url":"https:\/\/files.sunoresearch.com.br\/n\/uploads\/2019\/05\/50eadc4f-air-europa-jpg.webp","contentUrl":"https:\/\/files.sunoresearch.com.br\/n\/uploads\/2019\/05\/50eadc4f-air-europa-jpg.webp","width":692,"height":475,"caption":"Air Europa pediu autoriza\u00e7\u00e3o para operar rotas dom\u00e9sticas"},{"@type":"BreadcrumbList","@id":"https:\/\/www.suno.com.br\/noticias\/air-europa-autorizacao-operar-rotas\/#breadcrumb","itemListElement":[{"@type":"ListItem","position":1,"name":"Not\u00edcias","item":"https:\/\/www.suno.com.br\/noticias\/"},{"@type":"ListItem","position":2,"name":"Internacional","item":"https:\/\/www.suno.com.br\/noticias\/internacional\/"},{"@type":"ListItem","position":3,"name":"Air Europa pediu autoriza\u00e7\u00e3o para operar rotas dom\u00e9sticas"}]},{"@type":"WebSite","@id":"https:\/\/www.suno.com.br\/noticias\/#website","url":"https:\/\/www.suno.com.br\/noticias\/","name":"Suno Not\u00edcias","description":"Seu portal de informa\u00e7\u00e3o sobre o mundo dos investimentos","publisher":{"@id":"https:\/\/www.suno.com.br\/noticias\/#organization"},"potentialAction":[{"@type":"SearchAction","target":{"@type":"EntryPoint","urlTemplate":"https:\/\/www.suno.com.br\/noticias\/?s={search_term_string}"},"query-input":{"@type":"PropertyValueSpecification","valueRequired":true,"valueName":"search_term_string"}}],"inLanguage":"pt-BR"},{"@type":"Organization","@id":"https:\/\/www.suno.com.br\/noticias\/#organization","name":"Suno Not\u00edcias","url":"https:\/\/www.suno.com.br\/noticias\/","logo":{"@type":"ImageObject","inLanguage":"pt-BR","@id":"https:\/\/www.suno.com.br\/noticias\/#\/schema\/logo\/image\/","url":"https:\/\/files.sunoresearch.com.br\/n\/uploads\/2021\/09\/suno-logo.png","contentUrl":"https:\/\/files.sunoresearch.com.br\/n\/uploads\/2021\/09\/suno-logo.png","width":180,"height":180,"caption":"Suno Not\u00edcias"},"image":{"@id":"https:\/\/www.suno.com.br\/noticias\/#\/schema\/logo\/image\/"},"sameAs":["https:\/\/facebook.com\/sunoresearch","https:\/\/x.com\/sunoresearch","https:\/\/www.instagram.com\/suno","https:\/\/www.linkedin.com\/company\/suno-research\/","https:\/\/www.youtube.com\/c\/sunoresearch"]},{"@type":"Person","@id":"https:\/\/www.suno.com.br\/noticias\/#\/schema\/person\/fc144a1c6108bd1dcd43784e88a3c138","name":"Renan Bandeira","image":{"@type":"ImageObject","inLanguage":"pt-BR","@id":"https:\/\/www.suno.com.br\/noticias\/#\/schema\/person\/image\/","url":"https:\/\/secure.gravatar.com\/avatar\/68359cdb608f14f11bbefcb78f3fc747?s=96&r=g","contentUrl":"https:\/\/secure.gravatar.com\/avatar\/68359cdb608f14f11bbefcb78f3fc747?s=96&r=g","caption":"Renan Bandeira"},"description":"Renan Bandeira escreve sobre pol\u00edtica e economia para o portal da Suno Research. Antes da Suno, trabalhou em uma rede de televis\u00e3o, onde fazia reportagens sobre os mesmos temas. Estuda na Universidade Metodista de S\u00e3o Paulo.","url":"https:\/\/www.suno.com.br\/noticias\/author\/renan-bandeira\/"}]}},"default_loop_html":"<div class=\"cardsPage__listCard__boxs\"><div class=\"cardsPage__listCard__boxs__img\"><a href=\"https:\/\/www.suno.com.br\/noticias\/air-europa-autorizacao-operar-rotas\/\"><img class=\"mask\" src=\"https:\/\/www.suno.com.br\/noticias\/wp-content\/themes\/suno\/resources\/images\/spotlight\/spotlight1img\/bg-mask.png\" alt=\"Image Mask\"\/><img src=\"https:\/\/files.sunoresearch.com.br\/n\/uploads\/2019\/05\/50eadc4f-air-europa-400x200.webp\" alt=\"Air Europa pediu autoriza\u00e7\u00e3o para operar rotas dom\u00e9sticas\"\/><\/a><span class=\"spotlightCategory\"><a href=\"https:\/\/www.suno.com.br\/noticias\/internacional\/\">Internacional<\/a><\/span><\/div><div class=\"cardsPage__listCard__boxs__content\"><a href=\"https:\/\/www.suno.com.br\/noticias\/air-europa-autorizacao-operar-rotas\/\"><h2 class=\"content__title\">Air Europa pediu autoriza\u00e7\u00e3o para operar rotas dom\u00e9sticas<\/h2><\/a><div class=\"newsContent__article__meta\"><div class=\"newsContent__article__meta__authorBox\"><a href=\"https:\/\/www.suno.com.br\/noticias\/author\/renan-bandeira\/\" class=\"authorBox__avatar noMobi\"><img src=\"https:\/\/secure.gravatar.com\/avatar\/68359cdb608f14f11bbefcb78f3fc747?s=96&#038;r=g\" alt=\"Renan Bandeira\"><\/a><div class=\"authorBox__name\"><span>por\n\t\t\t<a href=\"https:\/\/www.suno.com.br\/noticias\/author\/renan-bandeira\/\"><span itemprop=\"author\">Renan Bandeira<\/span><\/a><\/span><time datetime=\"2019-05-18T10:28:47-03:00\" itemprop=\"datePublished\">18\/05\/2019 10:28<\/time><\/div><\/div><\/div><\/div><\/div>","single_layout":"posts","amp_enabled":true,"_links":{"self":[{"href":"https:\/\/www.suno.com.br\/noticias\/wp-json\/wp\/v2\/posts\/25109"}],"collection":[{"href":"https:\/\/www.suno.com.br\/noticias\/wp-json\/wp\/v2\/posts"}],"about":[{"href":"https:\/\/www.suno.com.br\/noticias\/wp-json\/wp\/v2\/types\/post"}],"author":[{"embeddable":true,"href":"https:\/\/www.suno.com.br\/noticias\/wp-json\/wp\/v2\/users\/11"}],"replies":[{"embeddable":true,"href":"https:\/\/www.suno.com.br\/noticias\/wp-json\/wp\/v2\/comments?post=25109"}],"version-history":[{"count":0,"href":"https:\/\/www.suno.com.br\/noticias\/wp-json\/wp\/v2\/posts\/25109\/revisions"}],"wp:featuredmedia":[{"embeddable":true,"href":"https:\/\/www.suno.com.br\/noticias\/wp-json\/wp\/v2\/media\/25110"}],"wp:attachment":[{"href":"https:\/\/www.suno.com.br\/noticias\/wp-json\/wp\/v2\/media?parent=25109"}],"wp:term":[{"taxonomy":"category","embeddable":true,"href":"https:\/\/www.suno.com.br\/noticias\/wp-json\/wp\/v2\/categories?post=25109"},{"taxonomy":"post_tag","embeddable":true,"href":"https:\/\/www.suno.com.br\/noticias\/wp-json\/wp\/v2\/tags?post=25109"},{"taxonomy":"suno_strategy","embeddable":true,"href":"https:\/\/www.suno.com.br\/noticias\/wp-json\/wp\/v2\/suno_strategy?post=25109"}],"curies":[{"name":"wp","href":"https:\/\/api.w.org\/{rel}","templated":true}]}}