{"id":25098,"date":"2019-05-17T20:56:16","date_gmt":"2019-05-17T23:56:16","guid":{"rendered":"https:\/\/www.suno.com.br\/noticias\/?p=25098"},"modified":"2021-02-17T22:32:31","modified_gmt":"2021-02-18T01:32:31","slug":"caixa-lucro-privatiza-paulo-guedes","status":"publish","type":"post","link":"https:\/\/www.suno.com.br\/noticias\/caixa-lucro-privatiza-paulo-guedes\/","title":{"rendered":"Se \u00e9 para Caixa dar lucro, privatiza logo, diz Paulo Guedes"},"content":{"rendered":"<p>O ministro da Economia, Paulo Guedes, disse nesta sexta-feira (17) que para a Caixa ter &#8220;lucro m\u00e1ximo&#8221;, ser\u00e1 preciso privatizar a estatal. A declara\u00e7\u00e3o ocorreu em evento no Rio de Janeiro.<\/p>\t<div class=\"wrapper-featured-image\">\n\t\t<figure class=\"spotlightImg\">\n\n\t\t\t<picture>\n\t\t\t\t<source media=\"(max-width: 768px)\" srcset=\"https:\/\/files.sunoresearch.com.br\/n\/uploads\/2018\/09\/4da754e1-1024px-ag\u00eanciacaixa-400x200.webp\">\n\t\t\t\t<img loading=\"lazy\" decoding=\"async\" class=\"newsContent__article__imgCapa lazyloadDisabled newsContent__article__imgCapa--noCaption\" src=\"https:\/\/files.sunoresearch.com.br\/n\/uploads\/2018\/09\/4da754e1-1024px-ag\u00eanciacaixa-800x450.webp\" width=\"800\" height=\"450\" alt=\"Se \u00e9 para Caixa dar lucro, privatiza logo, diz Paulo Guedes\" fetchpriority=high \/>\n\t\t\t<\/picture>\n\n\t\t\t<figcaption class=\"wp-caption-text wp-caption-text--hide\">Coronavoucher: Caixa paga novo lote da 1\u00b0 parcela <\/figcaption>\n\t\t<\/figure>\n\t<\/div>\n\n\n<p>\u201cPara que eu vou ter um banco (<strong>Caixa<\/strong>) com 21 mil ag\u00eancias no Brasil todo para dar lucro m\u00e1ximo? Se for para isso, privatiza, vende, funde com o <strong>Banco do Brasil<\/strong>. Se \u00e9 pra fazer um neg\u00f3cio grande, vamos fazer um neg\u00f3cio grande. Se \u00e9 pra dar lucro, ent\u00e3o \u00e9 isso\u201d, disse ele.<\/p>\n<p><a href=\"https:\/\/www.suno.com.br\/noticias\/caixa-petrobras-acoes-sec\/\">Saiba mais:\u00a0Caixa poder\u00e1 vender R$ 7 bilh\u00f5es em a\u00e7\u00f5es da Petrobras<\/a><\/p>\n<p><strong>Guedes<\/strong>, por\u00e9m, n\u00e3o deixou claro se a fala era um brincadeira ou se havia estudos concretos sobre a possibilidade de privatizar o banco. O ministro afirmou ainda que a demanda por<strong> cr\u00e9ditos imobili\u00e1rios<\/strong> aumentaria se caso o custo de financiamento fosse calculado com base no <a href=\"https:\/\/www.suno.com.br\/artigos\/ipca\/\"><strong>IPCA<\/strong> <\/a>mais 2% ao ano.<\/p>\n<p>\u201cAcho que (a taxa de capta\u00e7\u00e3o) pode subir um pouquinho para o poupador, baixa um pouco para o tomador, que n\u00e3o seja para duas ou tr\u00eas grandes, mas para todo mundo, e deixa o <strong>Pedro<\/strong> [presidente da Caixa] fazer o lucrinho dele para fazer bonito tamb\u00e9m\u201d, disse.<\/p>\n<p><a href=\"https:\/\/www.suno.com.br\/noticias\/caixa-preve-desligamentos-funcionarios\/\">Saiba mais: Caixa prev\u00ea 3,5 mil desligamentos de funcion\u00e1rios em novo PDV<\/a><\/p>\n<h2>Programa de demiss\u00e3o volunt\u00e1ria da Caixa<\/h2>\n<p>Mais cedo, o\u00a0presidente da <strong>Caixa<\/strong>, Pedro Guimar\u00e3es, informou\u00a0que o banco far\u00e1 um PDV (Programa de Demiss\u00e3o Volunt\u00e1ria). O objetivo \u00e9 reduzir 3,5 mil postos de trabalho.<\/p>\n\t<p>\n\t\t<a href=\"https:\/\/lp.statusinvest.com.br\/cl\/carteira-automatizada\/\" target=\"_blank\" data-element=\"shortcode-suno-banner\" title=\"Banner SUNO, clique e saiba mais\">\n\t\t\t<picture>\n\t\t\t\t<source media=\"(max-width: 500px)\" srcset=\"https:\/\/files.sunoresearch.com.br\/n\/uploads\/2024\/02\/400x300-Mobile.png\">\n\t\t\t\t<img class=\"newsContent__article__imgCapa newsContent__article__imgCapa--banner\"\n\t\t\t\t\tsrc=\"https:\/\/files.sunoresearch.com.br\/n\/uploads\/2024\/02\/1420x240-Desktop.png\"\n\t\t\t\t\tdata-promo-id=\"518879\"\t\t\t\t\t\t\t\t\t\twidth='1420' height='240'\t\t\t\t\talt=\"https:\/\/files.sunoresearch.com.br\/n\/uploads\/2024\/02\/1420x240-Desktop.png\"\n\t\t\t\t>\n\t\t\t<\/picture>\n\t\t<\/a>\n\t<\/p>\n\n\n<p>De acordo com o banco, a medida deve atingir 28 mil funcion\u00e1rios que trabalham em escrit\u00f3rios regionais e na matriz. O PRV come\u00e7a na pr\u00f3xima segunda-feira (20) e termina no come\u00e7o de junho.<\/p>\n<p><a href=\"https:\/\/www.suno.com.br\/noticias\/caixa-listar-subsidiarias-b3-bolsa-de-nova-york\/\">Saiba mais:\u00a0Caixa decide listar subsidi\u00e1rias na B3 e na Bolsa de Nova York<\/a><\/p>\n<p>Por outro lado, a <strong>Caixa<\/strong>\u00a0declarou que ir\u00e1 convocar novos funcion\u00e1rios. \u201cSimultaneamente, o banco vai chamar aprovados em concurso em 2014\u201d.<\/p>\n","protected":false},"excerpt":{"rendered":"<p>O ministro da Economia, Paulo Guedes, disse nesta sexta-feira (17) que para a Caixa ter &#8220;lucro m\u00e1ximo&#8221;, ser\u00e1 preciso privatizar a estatal. A declara\u00e7\u00e3o ocorreu em evento no Rio de Janeiro. Coronavoucher: Caixa paga novo lote da 1\u00b0 parcela \u201cPara que eu vou ter um banco (Caixa) com 21 mil ag\u00eancias no Brasil todo para [&hellip;]<\/p>\n","protected":false},"author":14,"featured_media":3960,"comment_status":"closed","ping_status":"closed","sticky":false,"template":"","format":"standard","meta":[],"categories":[64],"tags":[732,1199,966,796],"suno_strategy":[],"class_list":["post-25098","post","type-post","status-publish","format-standard","has-post-thumbnail","hentry","category-negocios","tag-banco-do-brasil-bbas3","tag-caixa-economica-federal-cef","tag-ipca","tag-paulo-guedes"],"yoast_head":"<!-- This site is optimized with the Yoast SEO plugin v24.4 - https:\/\/yoast.com\/wordpress\/plugins\/seo\/ -->\n<title>&quot;Se \u00e9 para Caixa dar lucro, privatiza logo&quot;, diz Paulo Guedes<\/title>\n<meta name=\"description\" content=\"Guedes n\u00e3o deixou claro se a fala era um brincadeira ou se havia estudos concretos a privatiza\u00e7\u00e3o da Caixa. Clique para saber mais.\" \/>\n<meta name=\"robots\" content=\"index, follow, max-snippet:-1, max-image-preview:large, max-video-preview:-1\" \/>\n<link rel=\"canonical\" href=\"https:\/\/www.suno.com.br\/noticias\/caixa-lucro-privatiza-paulo-guedes\/\" \/>\n<meta property=\"og:locale\" content=\"pt_BR\" \/>\n<meta property=\"og:type\" content=\"article\" \/>\n<meta property=\"og:title\" content=\"&quot;Se \u00e9 para Caixa dar lucro, privatiza logo&quot;, diz Paulo Guedes\" \/>\n<meta property=\"og:description\" content=\"Guedes n\u00e3o deixou claro se a fala era um brincadeira ou se havia estudos concretos a privatiza\u00e7\u00e3o da Caixa. Clique para saber mais.\" \/>\n<meta property=\"og:url\" content=\"https:\/\/www.suno.com.br\/noticias\/caixa-lucro-privatiza-paulo-guedes\/\" \/>\n<meta property=\"og:site_name\" content=\"Suno Not\u00edcias\" \/>\n<meta property=\"article:publisher\" content=\"https:\/\/facebook.com\/sunoresearch\" \/>\n<meta property=\"og:image\" content=\"https:\/\/files.sunoresearch.com.br\/n\/uploads\/2018\/09\/4da754e1-1024px-ag\u00eanciacaixa.jpg\" \/>\n\t<meta property=\"og:image:width\" content=\"1024\" \/>\n\t<meta property=\"og:image:height\" content=\"768\" \/>\n\t<meta property=\"og:image:type\" content=\"image\/jpeg\" \/>\n<meta name=\"author\" content=\"Renan Dantas\" \/>\n<meta name=\"twitter:card\" content=\"summary_large_image\" \/>\n<meta name=\"twitter:creator\" content=\"@sunoresearch\" \/>\n<meta name=\"twitter:site\" content=\"@sunoresearch\" \/>\n<meta name=\"twitter:label1\" content=\"Escrito por\" \/>\n\t<meta name=\"twitter:data1\" content=\"Renan Dantas\" \/>\n\t<meta name=\"twitter:label2\" content=\"Est. tempo de leitura\" \/>\n\t<meta name=\"twitter:data2\" content=\"2 minutos\" \/>\n<script type=\"application\/ld+json\" class=\"yoast-schema-graph\">{\"@context\":\"https:\/\/schema.org\",\"@graph\":[{\"@type\":\"NewsArticle\",\"@id\":\"https:\/\/www.suno.com.br\/noticias\/caixa-lucro-privatiza-paulo-guedes\/#article\",\"isPartOf\":{\"@id\":\"https:\/\/www.suno.com.br\/noticias\/caixa-lucro-privatiza-paulo-guedes\/\"},\"author\":{\"name\":\"Renan Dantas\",\"@id\":\"https:\/\/www.suno.com.br\/noticias\/#\/schema\/person\/3f7693d5795a3f6d5ce15309ee785699\"},\"headline\":\"Se \u00e9 para Caixa dar lucro, privatiza logo, diz Paulo Guedes\",\"datePublished\":\"2019-05-17T23:56:16+00:00\",\"dateModified\":\"2021-02-18T01:32:31+00:00\",\"mainEntityOfPage\":{\"@id\":\"https:\/\/www.suno.com.br\/noticias\/caixa-lucro-privatiza-paulo-guedes\/\"},\"wordCount\":337,\"publisher\":{\"@id\":\"https:\/\/www.suno.com.br\/noticias\/#organization\"},\"image\":{\"@id\":\"https:\/\/www.suno.com.br\/noticias\/caixa-lucro-privatiza-paulo-guedes\/#primaryimage\"},\"thumbnailUrl\":\"https:\/\/files.sunoresearch.com.br\/n\/uploads\/2018\/09\/4da754e1-1024px-ag\u00eanciacaixa-jpg.webp\",\"keywords\":[\"Banco do Brasil (BBAS3)\",\"Caixa Econ\u00f4mica Federal (CEF)\",\"IPCA\",\"Paulo Guedes\"],\"articleSection\":[\"Neg\u00f3cios\"],\"inLanguage\":\"pt-BR\"},{\"@type\":\"WebPage\",\"@id\":\"https:\/\/www.suno.com.br\/noticias\/caixa-lucro-privatiza-paulo-guedes\/\",\"url\":\"https:\/\/www.suno.com.br\/noticias\/caixa-lucro-privatiza-paulo-guedes\/\",\"name\":\"\\\"Se \u00e9 para Caixa dar lucro, privatiza logo\\\", diz Paulo Guedes\",\"isPartOf\":{\"@id\":\"https:\/\/www.suno.com.br\/noticias\/#website\"},\"primaryImageOfPage\":{\"@id\":\"https:\/\/www.suno.com.br\/noticias\/caixa-lucro-privatiza-paulo-guedes\/#primaryimage\"},\"image\":{\"@id\":\"https:\/\/www.suno.com.br\/noticias\/caixa-lucro-privatiza-paulo-guedes\/#primaryimage\"},\"thumbnailUrl\":\"https:\/\/files.sunoresearch.com.br\/n\/uploads\/2018\/09\/4da754e1-1024px-ag\u00eanciacaixa-jpg.webp\",\"datePublished\":\"2019-05-17T23:56:16+00:00\",\"dateModified\":\"2021-02-18T01:32:31+00:00\",\"description\":\"Guedes n\u00e3o deixou claro se a fala era um brincadeira ou se havia estudos concretos a privatiza\u00e7\u00e3o da Caixa. Clique para saber mais.\",\"breadcrumb\":{\"@id\":\"https:\/\/www.suno.com.br\/noticias\/caixa-lucro-privatiza-paulo-guedes\/#breadcrumb\"},\"inLanguage\":\"pt-BR\",\"potentialAction\":[{\"@type\":\"ReadAction\",\"target\":[\"https:\/\/www.suno.com.br\/noticias\/caixa-lucro-privatiza-paulo-guedes\/\"]}]},{\"@type\":\"ImageObject\",\"inLanguage\":\"pt-BR\",\"@id\":\"https:\/\/www.suno.com.br\/noticias\/caixa-lucro-privatiza-paulo-guedes\/#primaryimage\",\"url\":\"https:\/\/files.sunoresearch.com.br\/n\/uploads\/2018\/09\/4da754e1-1024px-ag\u00eanciacaixa-jpg.webp\",\"contentUrl\":\"https:\/\/files.sunoresearch.com.br\/n\/uploads\/2018\/09\/4da754e1-1024px-ag\u00eanciacaixa-jpg.webp\",\"width\":1024,\"height\":768,\"caption\":\"Coronavoucher: Caixa paga novo lote da 1\u00b0 parcela\"},{\"@type\":\"BreadcrumbList\",\"@id\":\"https:\/\/www.suno.com.br\/noticias\/caixa-lucro-privatiza-paulo-guedes\/#breadcrumb\",\"itemListElement\":[{\"@type\":\"ListItem\",\"position\":1,\"name\":\"Not\u00edcias\",\"item\":\"https:\/\/www.suno.com.br\/noticias\/\"},{\"@type\":\"ListItem\",\"position\":2,\"name\":\"Neg\u00f3cios\",\"item\":\"https:\/\/www.suno.com.br\/noticias\/negocios\/\"},{\"@type\":\"ListItem\",\"position\":3,\"name\":\"Se \u00e9 para Caixa dar lucro, privatiza logo, diz Paulo Guedes\"}]},{\"@type\":\"WebSite\",\"@id\":\"https:\/\/www.suno.com.br\/noticias\/#website\",\"url\":\"https:\/\/www.suno.com.br\/noticias\/\",\"name\":\"Suno Not\u00edcias\",\"description\":\"Seu portal de informa\u00e7\u00e3o sobre o mundo dos investimentos\",\"publisher\":{\"@id\":\"https:\/\/www.suno.com.br\/noticias\/#organization\"},\"potentialAction\":[{\"@type\":\"SearchAction\",\"target\":{\"@type\":\"EntryPoint\",\"urlTemplate\":\"https:\/\/www.suno.com.br\/noticias\/?s={search_term_string}\"},\"query-input\":{\"@type\":\"PropertyValueSpecification\",\"valueRequired\":true,\"valueName\":\"search_term_string\"}}],\"inLanguage\":\"pt-BR\"},{\"@type\":\"Organization\",\"@id\":\"https:\/\/www.suno.com.br\/noticias\/#organization\",\"name\":\"Suno Not\u00edcias\",\"url\":\"https:\/\/www.suno.com.br\/noticias\/\",\"logo\":{\"@type\":\"ImageObject\",\"inLanguage\":\"pt-BR\",\"@id\":\"https:\/\/www.suno.com.br\/noticias\/#\/schema\/logo\/image\/\",\"url\":\"https:\/\/files.sunoresearch.com.br\/n\/uploads\/2021\/09\/suno-logo.png\",\"contentUrl\":\"https:\/\/files.sunoresearch.com.br\/n\/uploads\/2021\/09\/suno-logo.png\",\"width\":180,\"height\":180,\"caption\":\"Suno Not\u00edcias\"},\"image\":{\"@id\":\"https:\/\/www.suno.com.br\/noticias\/#\/schema\/logo\/image\/\"},\"sameAs\":[\"https:\/\/facebook.com\/sunoresearch\",\"https:\/\/x.com\/sunoresearch\",\"https:\/\/www.instagram.com\/suno\",\"https:\/\/www.linkedin.com\/company\/suno-research\/\",\"https:\/\/www.youtube.com\/c\/sunoresearch\"]},{\"@type\":\"Person\",\"@id\":\"https:\/\/www.suno.com.br\/noticias\/#\/schema\/person\/3f7693d5795a3f6d5ce15309ee785699\",\"name\":\"Renan Dantas\",\"image\":{\"@type\":\"ImageObject\",\"inLanguage\":\"pt-BR\",\"@id\":\"https:\/\/www.suno.com.br\/noticias\/#\/schema\/person\/image\/\",\"url\":\"https:\/\/secure.gravatar.com\/avatar\/1787b83e7484a08e51d62ac8b41c8396?s=96&r=g\",\"contentUrl\":\"https:\/\/secure.gravatar.com\/avatar\/1787b83e7484a08e51d62ac8b41c8396?s=96&r=g\",\"caption\":\"Renan Dantas\"},\"description\":\"Escreve sobre pol\u00edtica e mercado financeiro para o portal Suno Not\u00edcias. Antes, atuou na assessoria de comunica\u00e7\u00e3o do Minist\u00e9rio P\u00fablico do Trabalho e na R\u00e1dio Mackenzie, onde apresentava e produzia um programa sobre artistas da m\u00fasica brasileira. \u00c9 estudante na Universidade Presbiteriana Mackenzie.\",\"url\":\"https:\/\/www.suno.com.br\/noticias\/author\/renan-dantas\/\"}]}<\/script>\n<!-- \/ Yoast SEO plugin. -->","yoast_head_json":{"title":"\"Se \u00e9 para Caixa dar lucro, privatiza logo\", diz Paulo Guedes","description":"Guedes n\u00e3o deixou claro se a fala era um brincadeira ou se havia estudos concretos a privatiza\u00e7\u00e3o da Caixa. Clique para saber mais.","robots":{"index":"index","follow":"follow","max-snippet":"max-snippet:-1","max-image-preview":"max-image-preview:large","max-video-preview":"max-video-preview:-1"},"canonical":"https:\/\/www.suno.com.br\/noticias\/caixa-lucro-privatiza-paulo-guedes\/","og_locale":"pt_BR","og_type":"article","og_title":"\"Se \u00e9 para Caixa dar lucro, privatiza logo\", diz Paulo Guedes","og_description":"Guedes n\u00e3o deixou claro se a fala era um brincadeira ou se havia estudos concretos a privatiza\u00e7\u00e3o da Caixa. Clique para saber mais.","og_url":"https:\/\/www.suno.com.br\/noticias\/caixa-lucro-privatiza-paulo-guedes\/","og_site_name":"Suno Not\u00edcias","article_publisher":"https:\/\/facebook.com\/sunoresearch","og_image":[{"width":1024,"height":768,"url":"https:\/\/files.sunoresearch.com.br\/n\/uploads\/2018\/09\/4da754e1-1024px-ag\u00eanciacaixa.jpg","type":"image\/jpeg"}],"author":"Renan Dantas","twitter_card":"summary_large_image","twitter_creator":"@sunoresearch","twitter_site":"@sunoresearch","twitter_misc":{"Escrito por":"Renan Dantas","Est. tempo de leitura":"2 minutos"},"schema":{"@context":"https:\/\/schema.org","@graph":[{"@type":"NewsArticle","@id":"https:\/\/www.suno.com.br\/noticias\/caixa-lucro-privatiza-paulo-guedes\/#article","isPartOf":{"@id":"https:\/\/www.suno.com.br\/noticias\/caixa-lucro-privatiza-paulo-guedes\/"},"author":{"name":"Renan Dantas","@id":"https:\/\/www.suno.com.br\/noticias\/#\/schema\/person\/3f7693d5795a3f6d5ce15309ee785699"},"headline":"Se \u00e9 para Caixa dar lucro, privatiza logo, diz Paulo Guedes","datePublished":"2019-05-17T23:56:16+00:00","dateModified":"2021-02-18T01:32:31+00:00","mainEntityOfPage":{"@id":"https:\/\/www.suno.com.br\/noticias\/caixa-lucro-privatiza-paulo-guedes\/"},"wordCount":337,"publisher":{"@id":"https:\/\/www.suno.com.br\/noticias\/#organization"},"image":{"@id":"https:\/\/www.suno.com.br\/noticias\/caixa-lucro-privatiza-paulo-guedes\/#primaryimage"},"thumbnailUrl":"https:\/\/files.sunoresearch.com.br\/n\/uploads\/2018\/09\/4da754e1-1024px-ag\u00eanciacaixa-jpg.webp","keywords":["Banco do Brasil (BBAS3)","Caixa Econ\u00f4mica Federal (CEF)","IPCA","Paulo Guedes"],"articleSection":["Neg\u00f3cios"],"inLanguage":"pt-BR"},{"@type":"WebPage","@id":"https:\/\/www.suno.com.br\/noticias\/caixa-lucro-privatiza-paulo-guedes\/","url":"https:\/\/www.suno.com.br\/noticias\/caixa-lucro-privatiza-paulo-guedes\/","name":"\"Se \u00e9 para Caixa dar lucro, privatiza logo\", diz Paulo Guedes","isPartOf":{"@id":"https:\/\/www.suno.com.br\/noticias\/#website"},"primaryImageOfPage":{"@id":"https:\/\/www.suno.com.br\/noticias\/caixa-lucro-privatiza-paulo-guedes\/#primaryimage"},"image":{"@id":"https:\/\/www.suno.com.br\/noticias\/caixa-lucro-privatiza-paulo-guedes\/#primaryimage"},"thumbnailUrl":"https:\/\/files.sunoresearch.com.br\/n\/uploads\/2018\/09\/4da754e1-1024px-ag\u00eanciacaixa-jpg.webp","datePublished":"2019-05-17T23:56:16+00:00","dateModified":"2021-02-18T01:32:31+00:00","description":"Guedes n\u00e3o deixou claro se a fala era um brincadeira ou se havia estudos concretos a privatiza\u00e7\u00e3o da Caixa. Clique para saber mais.","breadcrumb":{"@id":"https:\/\/www.suno.com.br\/noticias\/caixa-lucro-privatiza-paulo-guedes\/#breadcrumb"},"inLanguage":"pt-BR","potentialAction":[{"@type":"ReadAction","target":["https:\/\/www.suno.com.br\/noticias\/caixa-lucro-privatiza-paulo-guedes\/"]}]},{"@type":"ImageObject","inLanguage":"pt-BR","@id":"https:\/\/www.suno.com.br\/noticias\/caixa-lucro-privatiza-paulo-guedes\/#primaryimage","url":"https:\/\/files.sunoresearch.com.br\/n\/uploads\/2018\/09\/4da754e1-1024px-ag\u00eanciacaixa-jpg.webp","contentUrl":"https:\/\/files.sunoresearch.com.br\/n\/uploads\/2018\/09\/4da754e1-1024px-ag\u00eanciacaixa-jpg.webp","width":1024,"height":768,"caption":"Coronavoucher: Caixa paga novo lote da 1\u00b0 parcela"},{"@type":"BreadcrumbList","@id":"https:\/\/www.suno.com.br\/noticias\/caixa-lucro-privatiza-paulo-guedes\/#breadcrumb","itemListElement":[{"@type":"ListItem","position":1,"name":"Not\u00edcias","item":"https:\/\/www.suno.com.br\/noticias\/"},{"@type":"ListItem","position":2,"name":"Neg\u00f3cios","item":"https:\/\/www.suno.com.br\/noticias\/negocios\/"},{"@type":"ListItem","position":3,"name":"Se \u00e9 para Caixa dar lucro, privatiza logo, diz Paulo Guedes"}]},{"@type":"WebSite","@id":"https:\/\/www.suno.com.br\/noticias\/#website","url":"https:\/\/www.suno.com.br\/noticias\/","name":"Suno Not\u00edcias","description":"Seu portal de informa\u00e7\u00e3o sobre o mundo dos investimentos","publisher":{"@id":"https:\/\/www.suno.com.br\/noticias\/#organization"},"potentialAction":[{"@type":"SearchAction","target":{"@type":"EntryPoint","urlTemplate":"https:\/\/www.suno.com.br\/noticias\/?s={search_term_string}"},"query-input":{"@type":"PropertyValueSpecification","valueRequired":true,"valueName":"search_term_string"}}],"inLanguage":"pt-BR"},{"@type":"Organization","@id":"https:\/\/www.suno.com.br\/noticias\/#organization","name":"Suno Not\u00edcias","url":"https:\/\/www.suno.com.br\/noticias\/","logo":{"@type":"ImageObject","inLanguage":"pt-BR","@id":"https:\/\/www.suno.com.br\/noticias\/#\/schema\/logo\/image\/","url":"https:\/\/files.sunoresearch.com.br\/n\/uploads\/2021\/09\/suno-logo.png","contentUrl":"https:\/\/files.sunoresearch.com.br\/n\/uploads\/2021\/09\/suno-logo.png","width":180,"height":180,"caption":"Suno Not\u00edcias"},"image":{"@id":"https:\/\/www.suno.com.br\/noticias\/#\/schema\/logo\/image\/"},"sameAs":["https:\/\/facebook.com\/sunoresearch","https:\/\/x.com\/sunoresearch","https:\/\/www.instagram.com\/suno","https:\/\/www.linkedin.com\/company\/suno-research\/","https:\/\/www.youtube.com\/c\/sunoresearch"]},{"@type":"Person","@id":"https:\/\/www.suno.com.br\/noticias\/#\/schema\/person\/3f7693d5795a3f6d5ce15309ee785699","name":"Renan Dantas","image":{"@type":"ImageObject","inLanguage":"pt-BR","@id":"https:\/\/www.suno.com.br\/noticias\/#\/schema\/person\/image\/","url":"https:\/\/secure.gravatar.com\/avatar\/1787b83e7484a08e51d62ac8b41c8396?s=96&r=g","contentUrl":"https:\/\/secure.gravatar.com\/avatar\/1787b83e7484a08e51d62ac8b41c8396?s=96&r=g","caption":"Renan Dantas"},"description":"Escreve sobre pol\u00edtica e mercado financeiro para o portal Suno Not\u00edcias. Antes, atuou na assessoria de comunica\u00e7\u00e3o do Minist\u00e9rio P\u00fablico do Trabalho e na R\u00e1dio Mackenzie, onde apresentava e produzia um programa sobre artistas da m\u00fasica brasileira. \u00c9 estudante na Universidade Presbiteriana Mackenzie.","url":"https:\/\/www.suno.com.br\/noticias\/author\/renan-dantas\/"}]}},"default_loop_html":"<div class=\"cardsPage__listCard__boxs\"><div class=\"cardsPage__listCard__boxs__img\"><a href=\"https:\/\/www.suno.com.br\/noticias\/caixa-lucro-privatiza-paulo-guedes\/\"><img class=\"mask\" src=\"https:\/\/www.suno.com.br\/noticias\/wp-content\/themes\/suno\/resources\/images\/spotlight\/spotlight1img\/bg-mask.png\" alt=\"Image Mask\"\/><img src=\"https:\/\/files.sunoresearch.com.br\/n\/uploads\/2018\/09\/4da754e1-1024px-ag\u00eanciacaixa-400x200.webp\" alt=\"Se \u00e9 para Caixa dar lucro, privatiza logo, diz Paulo Guedes\"\/><\/a><span class=\"spotlightCategory\"><a href=\"https:\/\/www.suno.com.br\/noticias\/negocios\/\">Neg\u00f3cios<\/a><\/span><\/div><div class=\"cardsPage__listCard__boxs__content\"><a href=\"https:\/\/www.suno.com.br\/noticias\/caixa-lucro-privatiza-paulo-guedes\/\"><h2 class=\"content__title\">Se \u00e9 para Caixa dar lucro, privatiza logo, diz Paulo Guedes<\/h2><\/a><div class=\"newsContent__article__meta\"><div class=\"newsContent__article__meta__authorBox\"><a href=\"https:\/\/www.suno.com.br\/noticias\/author\/renan-dantas\/\" class=\"authorBox__avatar noMobi\"><img src=\"https:\/\/secure.gravatar.com\/avatar\/1787b83e7484a08e51d62ac8b41c8396?s=96&#038;r=g\" alt=\"Renan Dantas\"><\/a><div class=\"authorBox__name\"><span>por\n\t\t\t<a href=\"https:\/\/www.suno.com.br\/noticias\/author\/renan-dantas\/\"><span itemprop=\"author\">Renan Dantas<\/span><\/a><\/span><time datetime=\"2019-05-17T20:56:16-03:00\" itemprop=\"datePublished\">17\/05\/2019 20:56<\/time><\/div><\/div><\/div><\/div><\/div>","single_layout":"posts","amp_enabled":true,"_links":{"self":[{"href":"https:\/\/www.suno.com.br\/noticias\/wp-json\/wp\/v2\/posts\/25098"}],"collection":[{"href":"https:\/\/www.suno.com.br\/noticias\/wp-json\/wp\/v2\/posts"}],"about":[{"href":"https:\/\/www.suno.com.br\/noticias\/wp-json\/wp\/v2\/types\/post"}],"author":[{"embeddable":true,"href":"https:\/\/www.suno.com.br\/noticias\/wp-json\/wp\/v2\/users\/14"}],"replies":[{"embeddable":true,"href":"https:\/\/www.suno.com.br\/noticias\/wp-json\/wp\/v2\/comments?post=25098"}],"version-history":[{"count":0,"href":"https:\/\/www.suno.com.br\/noticias\/wp-json\/wp\/v2\/posts\/25098\/revisions"}],"wp:featuredmedia":[{"embeddable":true,"href":"https:\/\/www.suno.com.br\/noticias\/wp-json\/wp\/v2\/media\/3960"}],"wp:attachment":[{"href":"https:\/\/www.suno.com.br\/noticias\/wp-json\/wp\/v2\/media?parent=25098"}],"wp:term":[{"taxonomy":"category","embeddable":true,"href":"https:\/\/www.suno.com.br\/noticias\/wp-json\/wp\/v2\/categories?post=25098"},{"taxonomy":"post_tag","embeddable":true,"href":"https:\/\/www.suno.com.br\/noticias\/wp-json\/wp\/v2\/tags?post=25098"},{"taxonomy":"suno_strategy","embeddable":true,"href":"https:\/\/www.suno.com.br\/noticias\/wp-json\/wp\/v2\/suno_strategy?post=25098"}],"curies":[{"name":"wp","href":"https:\/\/api.w.org\/{rel}","templated":true}]}}