{"id":25092,"date":"2019-05-17T20:12:34","date_gmt":"2019-05-17T23:12:34","guid":{"rendered":"https:\/\/www.suno.com.br\/noticias\/?p=25092"},"modified":"2019-05-17T20:12:34","modified_gmt":"2019-05-17T23:12:34","slug":"bradesco-elevacao-pib-trimestre","status":"publish","type":"post","link":"https:\/\/www.suno.com.br\/noticias\/bradesco-elevacao-pib-trimestre\/","title":{"rendered":"PIB: Bradesco projeta eleva\u00e7\u00e3o de 0,3% para o 2\u00ba trimestre"},"content":{"rendered":"<p>O Bradesco projetou para o segundo trimestre um crescimento de 0,3% do Produto Interno Bruto (PIB) em compara\u00e7\u00e3o com os tr\u00eas primeiros meses do ano.<\/p>\t<div class=\"wrapper-featured-image\">\n\t\t<figure class=\"spotlightImg\">\n\n\t\t\t<picture>\n\t\t\t\t<source media=\"(max-width: 768px)\" srcset=\"https:\/\/files.sunoresearch.com.br\/n\/uploads\/2018\/11\/966b2168-pib-de-2016-400x200.webp\">\n\t\t\t\t<img loading=\"lazy\" decoding=\"async\" class=\"newsContent__article__imgCapa lazyloadDisabled newsContent__article__imgCapa--noCaption\" src=\"https:\/\/files.sunoresearch.com.br\/n\/uploads\/2018\/11\/966b2168-pib-de-2016-800x450.webp\" width=\"800\" height=\"450\" alt=\"PIB: Bradesco projeta eleva\u00e7\u00e3o de 0,3% para o 2\u00ba trimestre\" fetchpriority=high \/>\n\t\t\t<\/picture>\n\n\t\t\t<figcaption class=\"wp-caption-text wp-caption-text--hide\">Goldman se mostrou mais otimista com o PIB brasileiro<\/figcaption>\n\t\t<\/figure>\n\t<\/div>\n\n\n<p>No primeiro trimestre, o banco tra\u00e7ou uma perspectiva de queda de 0,2%\u00a0 para o\u00a0<strong>PIB<\/strong>.\u00a0\u201cAs expectativas de crescimento para 2019 continuam sendo reavaliadas para baixo\u201d, lembra a equipe do <strong>Bradesco<\/strong>, em relat\u00f3rio.<\/p>\n<p><a href=\"https:\/\/www.suno.com.br\/noticias\/pib-ifi-reducao-2019\/\">PIB: al\u00e9m de Ita\u00fa e Guedes, IFI tamb\u00e9m reduz proje\u00e7\u00e3o de crescimento<\/a><\/p>\n<h2>Copom<\/h2>\n<p>No \u00faltimo dia 15, o\u00a0<strong>Comit\u00ea de Pol\u00edtica Monet\u00e1ria<\/strong> (Copom) do <strong>Banco Central<\/strong> (BC) divulgou um relat\u00f3rio que afirma que a economia brasileira est\u00e1 crescendo abaixo do esperado.<\/p>\n<p><a href=\"https:\/\/www.suno.com.br\/noticias\/copom-ata-economia-pib-inflacao\/\">Saiba mais:\u00a0Em ata Copom afirma que economia brasileira avan\u00e7a abaixo do esperado<\/a><\/p>\n<p>&#8220;O<strong> Copom<\/strong> julga importante observar o comportamento da economia brasileira ao longo do tempo. Livre dos efeitos remanescente dos diversos choque a que foi submetido no ano passado. Em especial, com a redu\u00e7\u00e3o do grau de incerteza a que a economia brasileira continua exposta&#8221;, afirma o texto.<\/p>\n<p>O comit\u00ea informou ainda que o <strong>PIB<\/strong> do primeiro trimestre pode registrar uma recess\u00e3o.\u00a0&#8220;Os indicadores dispon\u00edveis sugerem probabilidade relevante de que o <strong>Produto Interno Bruto<\/strong> tenha recuado ligeiramente no primeiro trimestre do ano, na compara\u00e7\u00e3o com o trimestre anterior, ap\u00f3s considerados os padr\u00f5es sazonais&#8221;, informa a ata.<\/p>\n\t<p>\n\t\t<a href=\"https:\/\/lp.suno.com.br\/asset\/fundos\/suno-fic-fia\/\" target=\"_blank\" data-element=\"shortcode-suno-banner\" title=\"Banner SUNO, clique e saiba mais\">\n\t\t\t<picture>\n\t\t\t\t<source media=\"(max-width: 500px)\" srcset=\"https:\/\/files.sunoresearch.com.br\/n\/uploads\/2023\/10\/SUNO-FIC-FIA-400x300-Mobile-Artigos-5.png\">\n\t\t\t\t<img class=\"newsContent__article__imgCapa newsContent__article__imgCapa--banner\"\n\t\t\t\t\tsrc=\"https:\/\/files.sunoresearch.com.br\/n\/uploads\/2023\/10\/SUNO-FIC-FIA-1420x240-Banner-Artigos-1-_-Banner-Materias-4.png\"\n\t\t\t\t\tdata-promo-id=\"478742\"\t\t\t\t\t\t\t\t\t\twidth='2840' height='480'\t\t\t\t\talt=\"https:\/\/files.sunoresearch.com.br\/n\/uploads\/2023\/10\/SUNO-FIC-FIA-1420x240-Banner-Artigos-1-_-Banner-Materias-4.png\"\n\t\t\t\t>\n\t\t\t<\/picture>\n\t\t<\/a>\n\t<\/p>\n\n\n<p>No\u00a0<strong>Boletim Focus<\/strong>\u00a0divulgado na \u00faltima segunda-feira (13), os economistas entrevistados pelo BC\u00a0reduziram pela 11\u00aa vez a previs\u00e3o de crescimento do\u00a0<strong>PIB<\/strong>\u00a0em 2019. A expans\u00e3o da<strong> economia brasileira<\/strong> para este ano est\u00e1 prevista em 1,45%.<\/p>\n<h2>Paulo Guedes<\/h2>\n<p>No mesmo dia, o ministro <strong>Paulo Guedes<\/strong> tamb\u00e9m diminuiu as expectativas de crescimento de 2,0% para 1,5% para este ano.<\/p>\n<p>&#8220;Voc\u00eas v\u00e3o ver que o crescimento, que era de 2% quando eles fizeram as primeiras simula\u00e7\u00f5es, j\u00e1 caiu para 1,5%. Quando cai para 1,5%, as receitas s\u00e3o menores ainda, e a\u00ed j\u00e1 come\u00e7am os planejamentos de contingenciamentos de verbas. J\u00e1 come\u00e7am as trajet\u00f3rias futuras de despesas a serem apertadas&#8221;, disse <strong>Guedes<\/strong>.<\/p>\n<p><a href=\"https:\/\/www.suno.com.br\/noticias\/ibovespa-15052019\/\">Saiba mais:\u00a0Retra\u00e7\u00e3o do PIB derruba Ibovespa, que v\u00ea d\u00f3lar operar acima dos R$4<\/a><\/p>\n<p>Os dados oficiais do <strong>PIB<\/strong> devem ser divulgados pelo<strong> Instituto Brasileiro de Geografia e Estat\u00edsticas (IBGE)<\/strong>\u00a0no pr\u00f3ximo dia 30.<\/p>\n","protected":false},"excerpt":{"rendered":"<p>O Bradesco projetou para o segundo trimestre um crescimento de 0,3% do Produto Interno Bruto (PIB) em compara\u00e7\u00e3o com os tr\u00eas primeiros meses do ano. Goldman se mostrou mais otimista com o PIB brasileiro No primeiro trimestre, o banco tra\u00e7ou uma perspectiva de queda de 0,2%\u00a0 para o\u00a0PIB.\u00a0\u201cAs expectativas de crescimento para 2019 continuam sendo [&hellip;]<\/p>\n","protected":false},"author":14,"featured_media":6397,"comment_status":"closed","ping_status":"closed","sticky":false,"template":"","format":"standard","meta":[],"categories":[62],"tags":[796,807,940],"suno_strategy":[],"class_list":["post-25092","post","type-post","status-publish","format-standard","has-post-thumbnail","hentry","category-economia","tag-paulo-guedes","tag-produto-interno-bruto-pib","tag-reforma-da-previdencia"],"yoast_head":"<!-- This site is optimized with the Yoast SEO plugin v24.4 - https:\/\/yoast.com\/wordpress\/plugins\/seo\/ -->\n<title>PIB: Bradesco projeta eleva\u00e7\u00e3o de 0,3% para o 2\u00ba trimestre<\/title>\n<meta name=\"description\" content=\"No primeiro trimestre, o banco tra\u00e7ou uma perspectiva de queda de 0,2%\u00a0para o\u00a0PIB; outros indicadores tamb\u00e9m dimu\u00edram o indicador. Veja mais\" \/>\n<meta name=\"robots\" content=\"index, follow, max-snippet:-1, max-image-preview:large, max-video-preview:-1\" \/>\n<link rel=\"canonical\" href=\"https:\/\/www.suno.com.br\/noticias\/bradesco-elevacao-pib-trimestre\/\" \/>\n<meta property=\"og:locale\" content=\"pt_BR\" \/>\n<meta property=\"og:type\" content=\"article\" \/>\n<meta property=\"og:title\" content=\"PIB: Bradesco projeta eleva\u00e7\u00e3o de 0,3% para o 2\u00ba trimestre\" \/>\n<meta property=\"og:description\" content=\"No primeiro trimestre, o banco tra\u00e7ou uma perspectiva de queda de 0,2%\u00a0para o\u00a0PIB; outros indicadores tamb\u00e9m dimu\u00edram o indicador. Veja mais\" \/>\n<meta property=\"og:url\" content=\"https:\/\/www.suno.com.br\/noticias\/bradesco-elevacao-pib-trimestre\/\" \/>\n<meta property=\"og:site_name\" content=\"Suno Not\u00edcias\" \/>\n<meta property=\"article:publisher\" content=\"https:\/\/facebook.com\/sunoresearch\" \/>\n<meta property=\"og:image\" content=\"https:\/\/files.sunoresearch.com.br\/n\/uploads\/2018\/11\/966b2168-pib-de-2016.jpg\" \/>\n\t<meta property=\"og:image:width\" content=\"1920\" \/>\n\t<meta property=\"og:image:height\" content=\"1280\" \/>\n\t<meta property=\"og:image:type\" content=\"image\/jpeg\" \/>\n<meta name=\"author\" content=\"Renan Dantas\" \/>\n<meta name=\"twitter:card\" content=\"summary_large_image\" \/>\n<meta name=\"twitter:creator\" content=\"@sunoresearch\" \/>\n<meta name=\"twitter:site\" content=\"@sunoresearch\" \/>\n<meta name=\"twitter:label1\" content=\"Escrito por\" \/>\n\t<meta name=\"twitter:data1\" content=\"Renan Dantas\" \/>\n\t<meta name=\"twitter:label2\" content=\"Est. tempo de leitura\" \/>\n\t<meta name=\"twitter:data2\" content=\"2 minutos\" \/>\n<script type=\"application\/ld+json\" class=\"yoast-schema-graph\">{\"@context\":\"https:\/\/schema.org\",\"@graph\":[{\"@type\":\"NewsArticle\",\"@id\":\"https:\/\/www.suno.com.br\/noticias\/bradesco-elevacao-pib-trimestre\/#article\",\"isPartOf\":{\"@id\":\"https:\/\/www.suno.com.br\/noticias\/bradesco-elevacao-pib-trimestre\/\"},\"author\":{\"name\":\"Renan Dantas\",\"@id\":\"https:\/\/www.suno.com.br\/noticias\/#\/schema\/person\/3f7693d5795a3f6d5ce15309ee785699\"},\"headline\":\"PIB: Bradesco projeta eleva\u00e7\u00e3o de 0,3% para o 2\u00ba trimestre\",\"datePublished\":\"2019-05-17T23:12:34+00:00\",\"mainEntityOfPage\":{\"@id\":\"https:\/\/www.suno.com.br\/noticias\/bradesco-elevacao-pib-trimestre\/\"},\"wordCount\":380,\"publisher\":{\"@id\":\"https:\/\/www.suno.com.br\/noticias\/#organization\"},\"image\":{\"@id\":\"https:\/\/www.suno.com.br\/noticias\/bradesco-elevacao-pib-trimestre\/#primaryimage\"},\"thumbnailUrl\":\"https:\/\/files.sunoresearch.com.br\/n\/uploads\/2018\/11\/966b2168-pib-de-2016-jpg.webp\",\"keywords\":[\"Paulo Guedes\",\"Produto Interno Bruto (PIB)\",\"Reforma da Previd\u00eancia\"],\"articleSection\":[\"Economia\"],\"inLanguage\":\"pt-BR\"},{\"@type\":\"WebPage\",\"@id\":\"https:\/\/www.suno.com.br\/noticias\/bradesco-elevacao-pib-trimestre\/\",\"url\":\"https:\/\/www.suno.com.br\/noticias\/bradesco-elevacao-pib-trimestre\/\",\"name\":\"PIB: Bradesco projeta eleva\u00e7\u00e3o de 0,3% para o 2\u00ba trimestre\",\"isPartOf\":{\"@id\":\"https:\/\/www.suno.com.br\/noticias\/#website\"},\"primaryImageOfPage\":{\"@id\":\"https:\/\/www.suno.com.br\/noticias\/bradesco-elevacao-pib-trimestre\/#primaryimage\"},\"image\":{\"@id\":\"https:\/\/www.suno.com.br\/noticias\/bradesco-elevacao-pib-trimestre\/#primaryimage\"},\"thumbnailUrl\":\"https:\/\/files.sunoresearch.com.br\/n\/uploads\/2018\/11\/966b2168-pib-de-2016-jpg.webp\",\"datePublished\":\"2019-05-17T23:12:34+00:00\",\"description\":\"No primeiro trimestre, o banco tra\u00e7ou uma perspectiva de queda de 0,2%\u00a0para o\u00a0PIB; outros indicadores tamb\u00e9m dimu\u00edram o indicador. Veja mais\",\"breadcrumb\":{\"@id\":\"https:\/\/www.suno.com.br\/noticias\/bradesco-elevacao-pib-trimestre\/#breadcrumb\"},\"inLanguage\":\"pt-BR\",\"potentialAction\":[{\"@type\":\"ReadAction\",\"target\":[\"https:\/\/www.suno.com.br\/noticias\/bradesco-elevacao-pib-trimestre\/\"]}]},{\"@type\":\"ImageObject\",\"inLanguage\":\"pt-BR\",\"@id\":\"https:\/\/www.suno.com.br\/noticias\/bradesco-elevacao-pib-trimestre\/#primaryimage\",\"url\":\"https:\/\/files.sunoresearch.com.br\/n\/uploads\/2018\/11\/966b2168-pib-de-2016-jpg.webp\",\"contentUrl\":\"https:\/\/files.sunoresearch.com.br\/n\/uploads\/2018\/11\/966b2168-pib-de-2016-jpg.webp\",\"width\":1920,\"height\":1280,\"caption\":\"Goldman se mostrou mais otimista com o PIB brasileiro\"},{\"@type\":\"BreadcrumbList\",\"@id\":\"https:\/\/www.suno.com.br\/noticias\/bradesco-elevacao-pib-trimestre\/#breadcrumb\",\"itemListElement\":[{\"@type\":\"ListItem\",\"position\":1,\"name\":\"Not\u00edcias\",\"item\":\"https:\/\/www.suno.com.br\/noticias\/\"},{\"@type\":\"ListItem\",\"position\":2,\"name\":\"Economia\",\"item\":\"https:\/\/www.suno.com.br\/noticias\/economia\/\"},{\"@type\":\"ListItem\",\"position\":3,\"name\":\"PIB: Bradesco projeta eleva\u00e7\u00e3o de 0,3% para o 2\u00ba trimestre\"}]},{\"@type\":\"WebSite\",\"@id\":\"https:\/\/www.suno.com.br\/noticias\/#website\",\"url\":\"https:\/\/www.suno.com.br\/noticias\/\",\"name\":\"Suno Not\u00edcias\",\"description\":\"Seu portal de informa\u00e7\u00e3o sobre o mundo dos investimentos\",\"publisher\":{\"@id\":\"https:\/\/www.suno.com.br\/noticias\/#organization\"},\"potentialAction\":[{\"@type\":\"SearchAction\",\"target\":{\"@type\":\"EntryPoint\",\"urlTemplate\":\"https:\/\/www.suno.com.br\/noticias\/?s={search_term_string}\"},\"query-input\":{\"@type\":\"PropertyValueSpecification\",\"valueRequired\":true,\"valueName\":\"search_term_string\"}}],\"inLanguage\":\"pt-BR\"},{\"@type\":\"Organization\",\"@id\":\"https:\/\/www.suno.com.br\/noticias\/#organization\",\"name\":\"Suno Not\u00edcias\",\"url\":\"https:\/\/www.suno.com.br\/noticias\/\",\"logo\":{\"@type\":\"ImageObject\",\"inLanguage\":\"pt-BR\",\"@id\":\"https:\/\/www.suno.com.br\/noticias\/#\/schema\/logo\/image\/\",\"url\":\"https:\/\/files.sunoresearch.com.br\/n\/uploads\/2021\/09\/suno-logo.png\",\"contentUrl\":\"https:\/\/files.sunoresearch.com.br\/n\/uploads\/2021\/09\/suno-logo.png\",\"width\":180,\"height\":180,\"caption\":\"Suno Not\u00edcias\"},\"image\":{\"@id\":\"https:\/\/www.suno.com.br\/noticias\/#\/schema\/logo\/image\/\"},\"sameAs\":[\"https:\/\/facebook.com\/sunoresearch\",\"https:\/\/x.com\/sunoresearch\",\"https:\/\/www.instagram.com\/suno\",\"https:\/\/www.linkedin.com\/company\/suno-research\/\",\"https:\/\/www.youtube.com\/c\/sunoresearch\"]},{\"@type\":\"Person\",\"@id\":\"https:\/\/www.suno.com.br\/noticias\/#\/schema\/person\/3f7693d5795a3f6d5ce15309ee785699\",\"name\":\"Renan Dantas\",\"image\":{\"@type\":\"ImageObject\",\"inLanguage\":\"pt-BR\",\"@id\":\"https:\/\/www.suno.com.br\/noticias\/#\/schema\/person\/image\/\",\"url\":\"https:\/\/secure.gravatar.com\/avatar\/1787b83e7484a08e51d62ac8b41c8396?s=96&r=g\",\"contentUrl\":\"https:\/\/secure.gravatar.com\/avatar\/1787b83e7484a08e51d62ac8b41c8396?s=96&r=g\",\"caption\":\"Renan Dantas\"},\"description\":\"Escreve sobre pol\u00edtica e mercado financeiro para o portal Suno Not\u00edcias. Antes, atuou na assessoria de comunica\u00e7\u00e3o do Minist\u00e9rio P\u00fablico do Trabalho e na R\u00e1dio Mackenzie, onde apresentava e produzia um programa sobre artistas da m\u00fasica brasileira. \u00c9 estudante na Universidade Presbiteriana Mackenzie.\",\"url\":\"https:\/\/www.suno.com.br\/noticias\/author\/renan-dantas\/\"}]}<\/script>\n<!-- \/ Yoast SEO plugin. -->","yoast_head_json":{"title":"PIB: Bradesco projeta eleva\u00e7\u00e3o de 0,3% para o 2\u00ba trimestre","description":"No primeiro trimestre, o banco tra\u00e7ou uma perspectiva de queda de 0,2%\u00a0para o\u00a0PIB; outros indicadores tamb\u00e9m dimu\u00edram o indicador. Veja mais","robots":{"index":"index","follow":"follow","max-snippet":"max-snippet:-1","max-image-preview":"max-image-preview:large","max-video-preview":"max-video-preview:-1"},"canonical":"https:\/\/www.suno.com.br\/noticias\/bradesco-elevacao-pib-trimestre\/","og_locale":"pt_BR","og_type":"article","og_title":"PIB: Bradesco projeta eleva\u00e7\u00e3o de 0,3% para o 2\u00ba trimestre","og_description":"No primeiro trimestre, o banco tra\u00e7ou uma perspectiva de queda de 0,2%\u00a0para o\u00a0PIB; outros indicadores tamb\u00e9m dimu\u00edram o indicador. Veja mais","og_url":"https:\/\/www.suno.com.br\/noticias\/bradesco-elevacao-pib-trimestre\/","og_site_name":"Suno Not\u00edcias","article_publisher":"https:\/\/facebook.com\/sunoresearch","og_image":[{"width":1920,"height":1280,"url":"https:\/\/files.sunoresearch.com.br\/n\/uploads\/2018\/11\/966b2168-pib-de-2016.jpg","type":"image\/jpeg"}],"author":"Renan Dantas","twitter_card":"summary_large_image","twitter_creator":"@sunoresearch","twitter_site":"@sunoresearch","twitter_misc":{"Escrito por":"Renan Dantas","Est. tempo de leitura":"2 minutos"},"schema":{"@context":"https:\/\/schema.org","@graph":[{"@type":"NewsArticle","@id":"https:\/\/www.suno.com.br\/noticias\/bradesco-elevacao-pib-trimestre\/#article","isPartOf":{"@id":"https:\/\/www.suno.com.br\/noticias\/bradesco-elevacao-pib-trimestre\/"},"author":{"name":"Renan Dantas","@id":"https:\/\/www.suno.com.br\/noticias\/#\/schema\/person\/3f7693d5795a3f6d5ce15309ee785699"},"headline":"PIB: Bradesco projeta eleva\u00e7\u00e3o de 0,3% para o 2\u00ba trimestre","datePublished":"2019-05-17T23:12:34+00:00","mainEntityOfPage":{"@id":"https:\/\/www.suno.com.br\/noticias\/bradesco-elevacao-pib-trimestre\/"},"wordCount":380,"publisher":{"@id":"https:\/\/www.suno.com.br\/noticias\/#organization"},"image":{"@id":"https:\/\/www.suno.com.br\/noticias\/bradesco-elevacao-pib-trimestre\/#primaryimage"},"thumbnailUrl":"https:\/\/files.sunoresearch.com.br\/n\/uploads\/2018\/11\/966b2168-pib-de-2016-jpg.webp","keywords":["Paulo Guedes","Produto Interno Bruto (PIB)","Reforma da Previd\u00eancia"],"articleSection":["Economia"],"inLanguage":"pt-BR"},{"@type":"WebPage","@id":"https:\/\/www.suno.com.br\/noticias\/bradesco-elevacao-pib-trimestre\/","url":"https:\/\/www.suno.com.br\/noticias\/bradesco-elevacao-pib-trimestre\/","name":"PIB: Bradesco projeta eleva\u00e7\u00e3o de 0,3% para o 2\u00ba trimestre","isPartOf":{"@id":"https:\/\/www.suno.com.br\/noticias\/#website"},"primaryImageOfPage":{"@id":"https:\/\/www.suno.com.br\/noticias\/bradesco-elevacao-pib-trimestre\/#primaryimage"},"image":{"@id":"https:\/\/www.suno.com.br\/noticias\/bradesco-elevacao-pib-trimestre\/#primaryimage"},"thumbnailUrl":"https:\/\/files.sunoresearch.com.br\/n\/uploads\/2018\/11\/966b2168-pib-de-2016-jpg.webp","datePublished":"2019-05-17T23:12:34+00:00","description":"No primeiro trimestre, o banco tra\u00e7ou uma perspectiva de queda de 0,2%\u00a0para o\u00a0PIB; outros indicadores tamb\u00e9m dimu\u00edram o indicador. Veja mais","breadcrumb":{"@id":"https:\/\/www.suno.com.br\/noticias\/bradesco-elevacao-pib-trimestre\/#breadcrumb"},"inLanguage":"pt-BR","potentialAction":[{"@type":"ReadAction","target":["https:\/\/www.suno.com.br\/noticias\/bradesco-elevacao-pib-trimestre\/"]}]},{"@type":"ImageObject","inLanguage":"pt-BR","@id":"https:\/\/www.suno.com.br\/noticias\/bradesco-elevacao-pib-trimestre\/#primaryimage","url":"https:\/\/files.sunoresearch.com.br\/n\/uploads\/2018\/11\/966b2168-pib-de-2016-jpg.webp","contentUrl":"https:\/\/files.sunoresearch.com.br\/n\/uploads\/2018\/11\/966b2168-pib-de-2016-jpg.webp","width":1920,"height":1280,"caption":"Goldman se mostrou mais otimista com o PIB brasileiro"},{"@type":"BreadcrumbList","@id":"https:\/\/www.suno.com.br\/noticias\/bradesco-elevacao-pib-trimestre\/#breadcrumb","itemListElement":[{"@type":"ListItem","position":1,"name":"Not\u00edcias","item":"https:\/\/www.suno.com.br\/noticias\/"},{"@type":"ListItem","position":2,"name":"Economia","item":"https:\/\/www.suno.com.br\/noticias\/economia\/"},{"@type":"ListItem","position":3,"name":"PIB: Bradesco projeta eleva\u00e7\u00e3o de 0,3% para o 2\u00ba trimestre"}]},{"@type":"WebSite","@id":"https:\/\/www.suno.com.br\/noticias\/#website","url":"https:\/\/www.suno.com.br\/noticias\/","name":"Suno Not\u00edcias","description":"Seu portal de informa\u00e7\u00e3o sobre o mundo dos investimentos","publisher":{"@id":"https:\/\/www.suno.com.br\/noticias\/#organization"},"potentialAction":[{"@type":"SearchAction","target":{"@type":"EntryPoint","urlTemplate":"https:\/\/www.suno.com.br\/noticias\/?s={search_term_string}"},"query-input":{"@type":"PropertyValueSpecification","valueRequired":true,"valueName":"search_term_string"}}],"inLanguage":"pt-BR"},{"@type":"Organization","@id":"https:\/\/www.suno.com.br\/noticias\/#organization","name":"Suno Not\u00edcias","url":"https:\/\/www.suno.com.br\/noticias\/","logo":{"@type":"ImageObject","inLanguage":"pt-BR","@id":"https:\/\/www.suno.com.br\/noticias\/#\/schema\/logo\/image\/","url":"https:\/\/files.sunoresearch.com.br\/n\/uploads\/2021\/09\/suno-logo.png","contentUrl":"https:\/\/files.sunoresearch.com.br\/n\/uploads\/2021\/09\/suno-logo.png","width":180,"height":180,"caption":"Suno Not\u00edcias"},"image":{"@id":"https:\/\/www.suno.com.br\/noticias\/#\/schema\/logo\/image\/"},"sameAs":["https:\/\/facebook.com\/sunoresearch","https:\/\/x.com\/sunoresearch","https:\/\/www.instagram.com\/suno","https:\/\/www.linkedin.com\/company\/suno-research\/","https:\/\/www.youtube.com\/c\/sunoresearch"]},{"@type":"Person","@id":"https:\/\/www.suno.com.br\/noticias\/#\/schema\/person\/3f7693d5795a3f6d5ce15309ee785699","name":"Renan Dantas","image":{"@type":"ImageObject","inLanguage":"pt-BR","@id":"https:\/\/www.suno.com.br\/noticias\/#\/schema\/person\/image\/","url":"https:\/\/secure.gravatar.com\/avatar\/1787b83e7484a08e51d62ac8b41c8396?s=96&r=g","contentUrl":"https:\/\/secure.gravatar.com\/avatar\/1787b83e7484a08e51d62ac8b41c8396?s=96&r=g","caption":"Renan Dantas"},"description":"Escreve sobre pol\u00edtica e mercado financeiro para o portal Suno Not\u00edcias. Antes, atuou na assessoria de comunica\u00e7\u00e3o do Minist\u00e9rio P\u00fablico do Trabalho e na R\u00e1dio Mackenzie, onde apresentava e produzia um programa sobre artistas da m\u00fasica brasileira. \u00c9 estudante na Universidade Presbiteriana Mackenzie.","url":"https:\/\/www.suno.com.br\/noticias\/author\/renan-dantas\/"}]}},"default_loop_html":"<div class=\"cardsPage__listCard__boxs\"><div class=\"cardsPage__listCard__boxs__img\"><a href=\"https:\/\/www.suno.com.br\/noticias\/bradesco-elevacao-pib-trimestre\/\"><img class=\"mask\" src=\"https:\/\/www.suno.com.br\/noticias\/wp-content\/themes\/suno\/resources\/images\/spotlight\/spotlight1img\/bg-mask.png\" alt=\"Image Mask\"\/><img src=\"https:\/\/files.sunoresearch.com.br\/n\/uploads\/2018\/11\/966b2168-pib-de-2016-400x200.webp\" alt=\"PIB: Bradesco projeta eleva\u00e7\u00e3o de 0,3% para o 2\u00ba trimestre\"\/><\/a><span class=\"spotlightCategory\"><a href=\"https:\/\/www.suno.com.br\/noticias\/economia\/\">Economia<\/a><\/span><\/div><div class=\"cardsPage__listCard__boxs__content\"><a href=\"https:\/\/www.suno.com.br\/noticias\/bradesco-elevacao-pib-trimestre\/\"><h2 class=\"content__title\">PIB: Bradesco projeta eleva\u00e7\u00e3o de 0,3% para o 2\u00ba trimestre<\/h2><\/a><div class=\"newsContent__article__meta\"><div class=\"newsContent__article__meta__authorBox\"><a href=\"https:\/\/www.suno.com.br\/noticias\/author\/renan-dantas\/\" class=\"authorBox__avatar noMobi\"><img src=\"https:\/\/secure.gravatar.com\/avatar\/1787b83e7484a08e51d62ac8b41c8396?s=96&#038;r=g\" alt=\"Renan Dantas\"><\/a><div class=\"authorBox__name\"><span>por\n\t\t\t<a href=\"https:\/\/www.suno.com.br\/noticias\/author\/renan-dantas\/\"><span itemprop=\"author\">Renan Dantas<\/span><\/a><\/span><time datetime=\"2019-05-17T20:12:34-03:00\" itemprop=\"datePublished\">17\/05\/2019 20:12<\/time><\/div><\/div><\/div><\/div><\/div>","single_layout":"posts","amp_enabled":true,"_links":{"self":[{"href":"https:\/\/www.suno.com.br\/noticias\/wp-json\/wp\/v2\/posts\/25092"}],"collection":[{"href":"https:\/\/www.suno.com.br\/noticias\/wp-json\/wp\/v2\/posts"}],"about":[{"href":"https:\/\/www.suno.com.br\/noticias\/wp-json\/wp\/v2\/types\/post"}],"author":[{"embeddable":true,"href":"https:\/\/www.suno.com.br\/noticias\/wp-json\/wp\/v2\/users\/14"}],"replies":[{"embeddable":true,"href":"https:\/\/www.suno.com.br\/noticias\/wp-json\/wp\/v2\/comments?post=25092"}],"version-history":[{"count":0,"href":"https:\/\/www.suno.com.br\/noticias\/wp-json\/wp\/v2\/posts\/25092\/revisions"}],"wp:featuredmedia":[{"embeddable":true,"href":"https:\/\/www.suno.com.br\/noticias\/wp-json\/wp\/v2\/media\/6397"}],"wp:attachment":[{"href":"https:\/\/www.suno.com.br\/noticias\/wp-json\/wp\/v2\/media?parent=25092"}],"wp:term":[{"taxonomy":"category","embeddable":true,"href":"https:\/\/www.suno.com.br\/noticias\/wp-json\/wp\/v2\/categories?post=25092"},{"taxonomy":"post_tag","embeddable":true,"href":"https:\/\/www.suno.com.br\/noticias\/wp-json\/wp\/v2\/tags?post=25092"},{"taxonomy":"suno_strategy","embeddable":true,"href":"https:\/\/www.suno.com.br\/noticias\/wp-json\/wp\/v2\/suno_strategy?post=25092"}],"curies":[{"name":"wp","href":"https:\/\/api.w.org\/{rel}","templated":true}]}}