{"id":250840,"date":"2022-04-14T07:48:16","date_gmt":"2022-04-14T10:48:16","guid":{"rendered":"https:\/\/www.suno.com.br\/noticias\/?p=250840"},"modified":"2022-04-14T07:50:08","modified_gmt":"2022-04-14T10:50:08","slug":"petrobras-petr4-maior-empresa-brasil-america-latina-bolsa","status":"publish","type":"post","link":"https:\/\/www.suno.com.br\/noticias\/petrobras-petr4-maior-empresa-brasil-america-latina-bolsa\/","title":{"rendered":"Petrobras (PETR4) volta a ser a maior empresa da Am\u00e9rica Latina, valendo R$ 462 bilh\u00f5es"},"content":{"rendered":"<p>A <strong>Petrobras<\/strong> (<a href=\"https:\/\/www.suno.com.br\/acoes\/petr4\/\">PETR4<\/a>) ultrapassou a <a class=\"suno-keyword\" href=\"https:\/\/www.suno.com.br\/acoes\/VALE3\/\" target=\"_blank\" rel=\"noopener\" data-force=\"yes\" data-priority=\"2\">Vale (VALE3)<\/a> em termos de <a class=\"suno-keyword\" href=\"https:\/\/www.suno.com.br\/artigos\/valor-de-mercado\/\" target=\"_blank\" rel=\"noopener\" data-force=\"no\" data-priority=\"1\">valor de mercado<\/a> e agora \u00e9 a companhia mais &#8216;valiosa&#8217; de toda a bolsa brasileira, e tamb\u00e9m de toda a Am\u00e9rica Latina. Isso ocorre pela alta de 9,2% nas a\u00e7\u00f5es da companhia durante o preg\u00e3o da quarta (13), dia marcado pela Assembleia, que aprovou Jos\u00e9 Mauro Coelho como novo presidente.<\/p><div class=\"videoFull \">\n\t\t\t<div class=\"videoWrapper yt-lazyload center\"\n\t\t\t\tdata-width=\"960\"\n\t\t\t\tdata-height=\"540\"\n\t\t\t\tdata-id=\"0NPs2iOSttY\"\n\t\t\t\tdata-alt=\"V\u00eddeo do YouTube - clique para reproduzir\"\n\t\t\t\tdata-logo=\"3\"\n\t\t\t\tdata-imagequality=\"maxres\">\n\t\t\t<\/div>\n\t\t<\/div><script type=\"application\/ld+json\">{\"@context\":\"https:\/\/schema.org\",\"@type\":\"VideoObject\",\"name\":\"ELETROBRAS (ELET6) E PETROBRAS (PETR4) SOBEM FIRME | Bolsonaro d\u00e1 reajuste a todos os servidores\",\"description\":\"\u2728 \ud83d\udcb0 \ud835\uddd7\ud835\uddf2\ud835\ude00\ud835\uddee\ud835\uddf3\ud835\uddf6\ud835\uddfc \ud835\uddf1\ud835\uddee \ud835\udde5\ud835\uddf2\ud835\uddfb\ud835\uddf1\ud835\uddee \ud835\uddf2\ud835\ude05\ud835\ude01\ud835\uddff\ud835\uddee | \ud835\uddd6\ud835\uddfc\ud835\uddfa\ud835\uddf2\ud835\uddf0\ud835\uddf2 \ud835\uddee \ud835\uddff\ud835\uddf2\ud835\uddf0\ud835\uddf2\ud835\uddef\ud835\uddf2\ud835\uddff \ud835\uddee\ud835\uddf9\ud835\ude02\ud835\uddf4\ud835\ude02\u00e9\ud835\uddf6\ud835\ude00 \ud835\uddfa\ud835\uddf2\ud835\uddfb\ud835\ude00\ud835\uddee\ud835\uddf6\ud835\ude00 \ud835\uddf1\ud835\uddf2 \ud835\ude03\u00e1\ud835\uddff\ud835\uddf6\ud835\uddfc\ud835\ude00 \ud835\uddf6\ud835\uddfa\u00f3\ud835\ude03\ud835\uddf2\ud835\uddf6\ud835\ude00\ud83d\udc49 https:\/\/lp.suno.com.br\/pv\/semana-desafio-da-renda-extra\/?utm_source=youtube.noticias&utm_medium=video&utm_campaign=RS.DRE22.ns.20220427 \u2728 [\ud835\uddd6\ud835\uddfc\ud835\uddfa\ud835\uddef\ud835\uddfc \ud835\udddc\ud835\uddfb\ud835\ude03\ud835\uddf2\ud835\ude00\ud835\ude01\ud835\uddf6\ud835\uddf1\ud835\uddfc\ud835\uddff \ud835\udddc\ud835\uddfb\ud835\ude01\ud835\uddf2\ud835\uddf9\ud835\uddf6\ud835\uddf4\ud835\uddf2\ud835\uddfb\ud835\ude01\ud835\uddf2] - \ud835\uddd6\ud835\ude02\ud835\uddff\ud835\ude00\ud835\uddfc \ud835\udde5\ud835\uddf2\ud835\uddfb\ud835\uddf1\ud835\uddee \ud835\uddd9\ud835\uddf6\ud835\ude05\ud835\uddee + \ud835\udde6\ud835\ude02\ud835\uddfb\ud835\uddfc \ud835\udde3\ud835\uddff\ud835\uddf2\ud835\uddfa\ud835\uddf6\ud835\ude02\ud835\uddfa \ud83e\udd11 https:\/\/lp.suno.com.br\/pv\/combo-investidor-inteligente\/?utm_source=youtube.noticias&utm_medium=video&utm_campaign=RS.RFP22.ns.20220412 \ud83d\udcca \ud835\udc00\ud835\udc29\ud835\udc2b\ud835\udc1e\ud835\udc27\ud835\udc1d\ud835\udc1a \ud835\udc1c\ud835\udc28\ud835\udc26\ud835\udc28 \ud835\udc1a\ud835\udc27\ud835\udc1a\ud835\udc25\ud835\udc22\ud835\udc2c\ud835\udc1a\ud835\udc2b \ud835\udc2e\ud835\udc26\ud835\udc1a \ud835\udc1a\u00e7\u00e3\ud835\udc28 [\ud835\udc04\ud835\udc01\ud835\udc0e\ud835\udc0e\ud835\udc0a \ud835\udc06\ud835\udc11\ud835\udc00\ud835\udc13\ud835\udc14\ud835\udc08\ud835\udc13\ud835\udc0e] \ud83d\udc49 https:\/\/lp.suno.com.br\/ebook-como-analisar-uma-acao\/?utm_source=youtube.noticias&utm_medium=video&utm_campaign=ebookcomoanalisarumaacao.20220307&utm_content= #Eletrobras #Petrobras #Bolsonaro #ELET6 #PETR4 #PETR3 #Google #GOGL34 #Livedas19h #Suno #SunoNot\u00edcias Suno Not\u00edcias - 13\/04\/2022: Eletrobras\u2026\",\"duration\":\"PT26M9S\",\"embedUrl\":\"https:\/\/www.youtube.com\/embed\/0NPs2iOSttY\",\"regionsAllowed\":\"pt-BR\",\"interactionStatistic\":{\"@type\":\"InteractionCounter\",\"interactionType\":{\"@type\":\"WatchAction\"},\"userInteractionCount\":1934},\"thumbnailUrl\":\"https:\/\/i.ytimg.com\/vi\/0NPs2iOSttY\/default.jpg\",\"uploadDate\":\"2022-04-13T22:28:25Z\"}<\/script>\n\n\t<p>\n\t\t<a href=\"\" target=\"_blank\" data-element=\"shortcode-suno-banner\" title=\"Banner SUNO, clique e saiba mais\">\n\t\t\t<picture>\n\t\t\t\t<source media=\"(max-width: 500px)\" srcset=\"\">\n\t\t\t\t<img class=\"newsContent__article__imgCapa newsContent__article__imgCapa--banner\"\n\t\t\t\t\tsrc=\"\"\n\t\t\t\t\tdata-promo-id=\"138420\"\t\t\t\t\t\t\t\t\t\t\t\t\t\t\talt=\"\"\n\t\t\t\t>\n\t\t\t<\/picture>\n\t\t<\/a>\n\t<\/p>\n\n\n<p>Segundo levantamento da Economatica, divulgado nesta ter\u00e7a-feira (13), o\u00a0<strong>valor da Petrobras<\/strong> \u00e9 de R$ 462 bilh\u00f5es &#8211; cifra que supera os R$ 452 bilh\u00f5es da <strong>Vale<\/strong>, que j\u00e1 chegou a ser a companhia com maior valor de mercado de toda a Am\u00e9rica Latina, posto que agora \u00e9 ocupado pela estatal.<\/p>\n<p>A \u00faltima vez em que a companhia foi a mais valiosa do Brasil foi em outubro de 2014, quando valia R$ 254,4 bilh\u00f5es.<\/p>\n<p>Veja o ranking das <strong>maiores empresas da bolsa<\/strong>:<\/p>\n<ol>\n<li>Petrobras &#8211; R$ 462 bilh\u00f5es<\/li>\n<li><a href=\"https:\/\/statusinvest.com.br\/acoes\/vale3\">Vale &#8211; R$ 452 bilh\u00f5es<\/a><\/li>\n<li><a class=\"suno-keyword\" href=\"https:\/\/www.suno.com.br\/acoes\/ABEV3\/\" target=\"_blank\" rel=\"noopener\" data-force=\"yes\" data-priority=\"2\">Ambev (ABEV3)<\/a>&#8211; R$ 237 bilh\u00f5es<\/li>\n<li><a class=\"suno-keyword\" href=\"https:\/\/www.suno.com.br\/acoes\/ITUB4\/\" target=\"_blank\" rel=\"noopener\" data-force=\"yes\" data-priority=\"2\">Ita\u00fa Unibanco (ITUB4)<\/a> &#8211; R$ 237 bilh\u00f5es<\/li>\n<li><a class=\"suno-keyword\" href=\"https:\/\/www.suno.com.br\/acoes\/BBDC4\/\" target=\"_blank\" rel=\"noopener\" data-force=\"yes\" data-priority=\"2\">Bradesco (BBDC4)<\/a> &#8211; R$ 188 bilh\u00f5es<\/li>\n<li><a class=\"suno-keyword\" href=\"https:\/\/www.suno.com.br\/acoes\/WEGE3\/\" target=\"_blank\" rel=\"noopener\" data-force=\"yes\" data-priority=\"2\">Weg (WEGE3)<\/a> &#8211; R$ 136 bilh\u00f5es<\/li>\n<li><a class=\"suno-keyword\" href=\"https:\/\/www.suno.com.br\/acoes\/SANB11\/\" target=\"_blank\" rel=\"noopener\" data-force=\"yes\" data-priority=\"2\">Santander (SANB11)<\/a> &#8211; R$ 131 bilh\u00f5es<\/li>\n<li><a class=\"suno-keyword\" href=\"https:\/\/www.suno.com.br\/acoes\/BPAC11\/\" target=\"_blank\" rel=\"noopener\" data-force=\"yes\" data-priority=\"2\">BTG Pactual (BPAC11)<\/a> &#8211; R$ 129 bilh\u00f5es<\/li>\n<li><a class=\"suno-keyword\" href=\"https:\/\/www.suno.com.br\/acoes\/BBAS3\/\" target=\"_blank\" rel=\"noopener\" data-force=\"yes\" data-priority=\"2\">Banco do Brasil (BBAS3)<\/a> &#8211; R$ 100 bilh\u00f5es<\/li>\n<li><a class=\"suno-keyword\" href=\"https:\/\/www.suno.com.br\/acoes\/VIVT3\/\" target=\"_blank\" rel=\"noopener\" data-force=\"yes\" data-priority=\"2\">Telef\u00f4nica Brasil (VIVT3)<\/a>&#8211; R$ 89 bilh\u00f5es<\/li>\n<\/ol>\n<p>Segundo o estudo da Economatica, o <strong>valor de mercado da Petrobras<\/strong> em meados de 2017 era de R$ 358,8 bilh\u00f5es, sendo a segunda maior empresa da bolsa &#8211; e consequentemente a segunda <strong>maior empresa do Brasil<\/strong>.<\/p>\n\n\t<div data-element=\"shortcode-read-more\" class=\"readToo\">\n\t\t\t\t<span class=\"readToo__title\">Leia mais<\/span>\n\t\t\t\t<ul class=\"readToo__list\">\n\t\t\t<li><a href=\"https:\/\/www.suno.com.br\/noticias\/petrobras-petr4-jose-mauro-coelho-aprovado-conselho\/\">Petrobras (PETR4): confirmado no conselho, Jos\u00e9 Mauro Coelho deve assumir presid\u00eancia hoje<\/a><\/li><li><a href=\"https:\/\/www.suno.com.br\/noticias\/petrobras-petr4-corrige-valor-dividendos-complementares\/\">Petrobras (PETR4) atualiza valor por a\u00e7\u00e3o de dividendos complementares<\/a><\/li><li><a href=\"https:\/\/www.suno.com.br\/noticias\/petrobras-petr4-novela-assembleia\/\">Entenda a &#8216;novela&#8217; sobre o novo CEO da Petrobras (PETR4), que deve terminar nesta quarta (13)<\/a><\/li>\t\t<\/ul>\n\t<\/div>\n\n\n<p>\u00c0 \u00e9poca, a estatal de petr\u00f3leo ficava no p\u00e1reo com a Ambev, e cresceu seu <a href=\"https:\/\/www.suno.com.br\/artigos\/valuation\"><strong>valuation<\/strong> <\/a>vertiginosamente no ano, fechando dezembro com R$ 216 bilh\u00f5es, o que significa <a href=\"https:\/\/www.suno.com.br\/artigos\/cagr\/\">crescimento<\/a> de R$ 142,8 bilh\u00f5es no per\u00edodo.<\/p>\n<figure id=\"attachment_250844\" aria-describedby=\"caption-attachment-250844\" style=\"width: 1273px\" class=\"wp-caption aligncenter\"><img loading=\"lazy\" decoding=\"async\" class=\"size-full wp-image-250844\" src=\"https:\/\/files.sunoresearch.com.br\/n\/uploads\/2022\/04\/petr4.jpg\" alt=\"Cota\u00e7\u00e3o das a\u00e7\u00f5es da Petrobras nos \u00faltimos 30 dias - Foto: Reprodu\u00e7\u00e3o\/Status Invest\" width=\"1273\" height=\"661\" srcset=\"https:\/\/files.sunoresearch.com.br\/n\/uploads\/2022\/04\/petr4.jpg 1273w, https:\/\/files.sunoresearch.com.br\/n\/uploads\/2022\/04\/petr4-300x156.jpg 300w, https:\/\/files.sunoresearch.com.br\/n\/uploads\/2022\/04\/petr4-1024x532.jpg 1024w, https:\/\/files.sunoresearch.com.br\/n\/uploads\/2022\/04\/petr4-768x399.jpg 768w, https:\/\/files.sunoresearch.com.br\/n\/uploads\/2022\/04\/petr4-150x78.jpg 150w\" sizes=\"(max-width: 1273px) 100vw, 1273px\" \/><figcaption id=\"caption-attachment-250844\" class=\"wp-caption-text\">Cota\u00e7\u00e3o das a\u00e7\u00f5es da Petrobras nos \u00faltimos 30 dias &#8211; Foto: Reprodu\u00e7\u00e3o\/Status Invest<\/figcaption><\/figure>\n<p>Apesar disso, no seu<em> All Time High<\/em> &#8211; quando as a\u00e7\u00f5es est\u00e3o no seu topo hist\u00f3rico &#8211; a companhia chegou a valer muito mais. Em 21 de maio de 2008 com R$ 510,3 bilh\u00f5es, considerando a cota\u00e7\u00e3o das\u00a0<strong>a\u00e7\u00f5es da Petrobras<\/strong> na bolsa, a companhia valia R$ 510,3 bilh\u00f5es.<\/p>\n<p>J\u00e1 o fundo do po\u00e7o foi em fevereiro de 2016, quando a empresa valia, baseado na cota\u00e7\u00e3o dos pap\u00e9is da bolsa, R$ 67,6 bilh\u00f5es. O crescimento do valor de mercado da empresa do pior momento em 2016 at\u00e9 o dia 10 de maio de 2018 \u00e9 de R$ 291,2 bilh\u00f5es, segundo a Economatica.<\/p>\n\t<p>\n\t\t<a href=\"https:\/\/lp.suno.com.br\/planilha-controle-gastos\/\" target=\"_blank\" data-element=\"shortcode-suno-banner\" title=\"Banner SUNO, clique e saiba mais\">\n\t\t\t<picture>\n\t\t\t\t<source media=\"(max-width: 500px)\" srcset=\"https:\/\/files.sunoresearch.com.br\/n\/uploads\/2023\/03\/400x300-Planilha-controle-de-gastos.png\">\n\t\t\t\t<img class=\"newsContent__article__imgCapa newsContent__article__imgCapa--banner\"\n\t\t\t\t\tsrc=\"https:\/\/files.sunoresearch.com.br\/n\/uploads\/2023\/03\/1420x240-Planilha-controle-de-gastos.png\"\n\t\t\t\t\tdata-promo-id=\"101751\"\t\t\t\t\t\t\t\t\t\twidth='1420' height='240'\t\t\t\t\talt=\"https:\/\/files.sunoresearch.com.br\/n\/uploads\/2023\/03\/1420x240-Planilha-controle-de-gastos.png\"\n\t\t\t\t>\n\t\t\t<\/picture>\n\t\t<\/a>\n\t<\/p>\n\n\n<p>Esse c\u00e1lculo de valuation, vale lembrar, leva em considera\u00e7\u00e3o o pre\u00e7o das a\u00e7\u00f5es de bolsa o que \u00e9 chamado de <a class=\"suno-keyword\" href=\"https:\/\/www.suno.com.br\/artigos\/capital-circulante\/\" target=\"_blank\" rel=\"noopener\" data-force=\"no\" data-priority=\"1\">capital circulante<\/a>. Ou seja, \u00e9 feita uma regra de tr\u00eas para definir quando vale todo o <a href=\"https:\/\/www.suno.com.br\/artigos\/capital-social\/\">capital social da empresa<\/a> baseado no pre\u00e7o dos pap\u00e9is p\u00fablicos, negociados em bolsa.<\/p>\n<h2>No topo, Petrobras passa por &#8216;dan\u00e7a das cadeiras&#8217;<\/h2>\n<p>Ap\u00f3s acabar a sua <a class=\"suno-keyword\" href=\"https:\/\/www.suno.com.br\/artigos\/assembleia-geral-ordinaria\/\" target=\"_blank\" rel=\"noopener\" data-force=\"no\" data-priority=\"1\">Assembleia Geral Ordin\u00e1ria<\/a>, a estatal passa a ser comandada por Jos\u00e9 Mauro Coelho, indicado para a presid\u00eancia da companhia <a href=\"https:\/\/www.suno.com.br\/noticias\/petrobras-petr4-novela-assembleia\/\">ap\u00f3s um imbr\u00f3glio nas \u00faltimas semanas<\/a>.<\/p>\n<p>A aprova\u00e7\u00e3o dos acionistas deixa Jos\u00e9 Mauro \u2013 indicado pelo governo para substituir o general Joaquim Silva e Luna na presid\u00eancia da estatal \u2013 mais perto de ocupar o cargo.<\/p>\n\t<p>\n\t\t<a href=\"https:\/\/lp.suno.com.br\/planilha-da-vida-financeira\/\" target=\"_blank\" data-element=\"shortcode-suno-banner\" title=\"Banner SUNO, clique e saiba mais\">\n\t\t\t<picture>\n\t\t\t\t<source media=\"(max-width: 500px)\" srcset=\"https:\/\/files.sunoresearch.com.br\/n\/uploads\/2023\/04\/400x300-Planilha-vida-financeira-true.png\">\n\t\t\t\t<img class=\"newsContent__article__imgCapa newsContent__article__imgCapa--banner\"\n\t\t\t\t\tsrc=\"https:\/\/files.sunoresearch.com.br\/n\/uploads\/2023\/04\/1420x240-Planilha-vida-financeira-true.png\"\n\t\t\t\t\tdata-promo-id=\"106682\"\t\t\t\t\t\t\t\t\t\twidth='1420' height='240'\t\t\t\t\talt=\"https:\/\/files.sunoresearch.com.br\/n\/uploads\/2023\/04\/1420x240-Planilha-vida-financeira-true.png\"\n\t\t\t\t>\n\t\t\t<\/picture>\n\t\t<\/a>\n\t<\/p>\n\n\n<p>O aval do conselho \u00e9 etapa fundamental para conduzir o nome do executivo \u00e0 presid\u00eancia da empresa nesta quinta (14).<\/p>\n<p>Com a indica\u00e7\u00e3o ao cargo, o Conselho de Administra\u00e7\u00e3o aprecia na manh\u00e3 de quinta (14) o nome de Coelho para a presid\u00eancia da estatal. Se for eleito pelo conselho, Jos\u00e9 Mauro Coelho toma posse na presid\u00eancia da Petrobras, na tarde de quinta, na sede da companhia, no centro do Rio de Janeiro.<\/p>\n<p>A assembleia de quarta tamb\u00e9m elegeu o engenheiro Marcio Weber para a presid\u00eancia do conselho de administra\u00e7\u00e3o\u00a0da <strong>Petrobras<\/strong>.<\/p>\n\t<p>\n\t\t<a href=\"https:\/\/lp.suno.com.br\/ebook-como-analisar-uma-acao\/\" target=\"_blank\" data-element=\"shortcode-suno-banner\" title=\"Banner SUNO, clique e saiba mais\">\n\t\t\t<picture>\n\t\t\t\t<source media=\"(max-width: 500px)\" srcset=\"https:\/\/files.sunoresearch.com.br\/n\/uploads\/2023\/03\/Ebook-Acoes-Mobile-1.jpg\">\n\t\t\t\t<img class=\"newsContent__article__imgCapa newsContent__article__imgCapa--banner\"\n\t\t\t\t\tsrc=\"https:\/\/files.sunoresearch.com.br\/n\/uploads\/2023\/03\/Ebook-Acoes-Desktop-1.jpg\"\n\t\t\t\t\tdata-promo-id=\"171998\"\t\t\t\t\t\t\t\t\t\twidth='1420' height='286'\t\t\t\t\talt=\"https:\/\/files.sunoresearch.com.br\/n\/uploads\/2023\/03\/Ebook-Acoes-Desktop-1.jpg\"\n\t\t\t\t>\n\t\t\t<\/picture>\n\t\t<\/a>\n\t<\/p>\n\n\n<p><a href=\"https:\/\/lp.suno.com.br\/ebook-gratuito-economia-investidores\/\" target=\"_blank\" rel=\"noopener\" data-element=\"shortcode-suno-banner\" data-parameter=\"banner-mat-0-https:\/\/lp.suno.com.br\/ebook-gratuito-economia-investidores\/\"><picture><source srcset=\"https:\/\/files.sunoresearch.com.br\/n\/uploads\/2022\/03\/Ebook-Investindo-para-a-Aposentadoria-mobile-1-400x300.jpg\" media=\"(max-width: 500px)\" \/><\/picture><\/a><\/p>\n","protected":false},"excerpt":{"rendered":"<p>A Petrobras (PETR4) ultrapassou a Vale (VALE3) em termos de valor de mercado e agora \u00e9 a companhia mais &#8216;valiosa&#8217; de toda a bolsa brasileira, e tamb\u00e9m de toda a Am\u00e9rica Latina. Isso ocorre pela alta de 9,2% nas a\u00e7\u00f5es da companhia durante o preg\u00e3o da quarta (13), dia marcado pela Assembleia, que aprovou Jos\u00e9 [&hellip;]<\/p>\n","protected":false},"author":73,"featured_media":250634,"comment_status":"closed","ping_status":"closed","sticky":false,"template":"","format":"standard","meta":[],"categories":[64],"tags":[6450,105816,595],"suno_strategy":[],"class_list":["post-250840","post","type-post","status-publish","format-standard","has-post-thumbnail","hentry","category-negocios","tag-economatica","tag-especialistas","tag-petrobras-petr4"],"yoast_head":"<!-- This site is optimized with the Yoast SEO plugin v24.4 - https:\/\/yoast.com\/wordpress\/plugins\/seo\/ -->\n<title>Petrobras (PETR4) volta a ser a maior empresa da Am\u00e9rica Latina<\/title>\n<meta name=\"description\" content=\"Segundo levantamento da Economatica, a Petrobras voltou ao posto ap\u00f3s uma alta de 9,2% nas a\u00e7\u00f5es da bolsa. Clique aqui e leia mais.\" \/>\n<meta name=\"robots\" content=\"index, follow, max-snippet:-1, max-image-preview:large, max-video-preview:-1\" \/>\n<link rel=\"canonical\" href=\"https:\/\/www.suno.com.br\/noticias\/petrobras-petr4-maior-empresa-brasil-america-latina-bolsa\/\" \/>\n<meta property=\"og:locale\" content=\"pt_BR\" \/>\n<meta property=\"og:type\" content=\"article\" \/>\n<meta property=\"og:title\" content=\"Petrobras (PETR4) volta a ser a maior empresa da Am\u00e9rica Latina\" \/>\n<meta property=\"og:description\" content=\"Segundo levantamento da Economatica, a Petrobras voltou ao posto ap\u00f3s uma alta de 9,2% nas a\u00e7\u00f5es da bolsa. Clique aqui e leia mais.\" \/>\n<meta property=\"og:url\" content=\"https:\/\/www.suno.com.br\/noticias\/petrobras-petr4-maior-empresa-brasil-america-latina-bolsa\/\" \/>\n<meta property=\"og:site_name\" content=\"Suno Not\u00edcias\" \/>\n<meta property=\"article:publisher\" content=\"https:\/\/facebook.com\/sunoresearch\" \/>\n<meta property=\"og:image\" content=\"https:\/\/files.sunoresearch.com.br\/n\/uploads\/2022\/04\/petrobras-1.jpg\" \/>\n\t<meta property=\"og:image:width\" content=\"1350\" \/>\n\t<meta property=\"og:image:height\" content=\"808\" \/>\n\t<meta property=\"og:image:type\" content=\"image\/jpeg\" \/>\n<meta name=\"author\" content=\"Eduardo Vargas\" \/>\n<meta name=\"twitter:card\" content=\"summary_large_image\" \/>\n<meta name=\"twitter:creator\" content=\"@sunoresearch\" \/>\n<meta name=\"twitter:site\" content=\"@sunoresearch\" \/>\n<meta name=\"twitter:label1\" content=\"Escrito por\" \/>\n\t<meta name=\"twitter:data1\" content=\"Eduardo Vargas\" \/>\n\t<meta name=\"twitter:label2\" content=\"Est. tempo de leitura\" \/>\n\t<meta name=\"twitter:data2\" content=\"3 minutos\" \/>\n<script type=\"application\/ld+json\" class=\"yoast-schema-graph\">{\"@context\":\"https:\/\/schema.org\",\"@graph\":[{\"@type\":\"NewsArticle\",\"@id\":\"https:\/\/www.suno.com.br\/noticias\/petrobras-petr4-maior-empresa-brasil-america-latina-bolsa\/#article\",\"isPartOf\":{\"@id\":\"https:\/\/www.suno.com.br\/noticias\/petrobras-petr4-maior-empresa-brasil-america-latina-bolsa\/\"},\"author\":{\"name\":\"Eduardo Vargas\",\"@id\":\"https:\/\/www.suno.com.br\/noticias\/#\/schema\/person\/7f4d362bf3518e76090143ae77bb49a5\"},\"headline\":\"Petrobras (PETR4) volta a ser a maior empresa da Am\u00e9rica Latina, valendo R$ 462 bilh\u00f5es\",\"datePublished\":\"2022-04-14T10:48:16+00:00\",\"dateModified\":\"2022-04-14T10:50:08+00:00\",\"mainEntityOfPage\":{\"@id\":\"https:\/\/www.suno.com.br\/noticias\/petrobras-petr4-maior-empresa-brasil-america-latina-bolsa\/\"},\"wordCount\":661,\"publisher\":{\"@id\":\"https:\/\/www.suno.com.br\/noticias\/#organization\"},\"image\":{\"@id\":\"https:\/\/www.suno.com.br\/noticias\/petrobras-petr4-maior-empresa-brasil-america-latina-bolsa\/#primaryimage\"},\"thumbnailUrl\":\"https:\/\/files.sunoresearch.com.br\/n\/uploads\/2022\/04\/petrobras-1.jpg\",\"keywords\":[\"Econom\u00e1tica\",\"Especialistas\",\"Petrobras (PETR4)\"],\"articleSection\":[\"Neg\u00f3cios\"],\"inLanguage\":\"pt-BR\"},{\"@type\":\"WebPage\",\"@id\":\"https:\/\/www.suno.com.br\/noticias\/petrobras-petr4-maior-empresa-brasil-america-latina-bolsa\/\",\"url\":\"https:\/\/www.suno.com.br\/noticias\/petrobras-petr4-maior-empresa-brasil-america-latina-bolsa\/\",\"name\":\"Petrobras (PETR4) volta a ser a maior empresa da Am\u00e9rica Latina\",\"isPartOf\":{\"@id\":\"https:\/\/www.suno.com.br\/noticias\/#website\"},\"primaryImageOfPage\":{\"@id\":\"https:\/\/www.suno.com.br\/noticias\/petrobras-petr4-maior-empresa-brasil-america-latina-bolsa\/#primaryimage\"},\"image\":{\"@id\":\"https:\/\/www.suno.com.br\/noticias\/petrobras-petr4-maior-empresa-brasil-america-latina-bolsa\/#primaryimage\"},\"thumbnailUrl\":\"https:\/\/files.sunoresearch.com.br\/n\/uploads\/2022\/04\/petrobras-1.jpg\",\"datePublished\":\"2022-04-14T10:48:16+00:00\",\"dateModified\":\"2022-04-14T10:50:08+00:00\",\"description\":\"Segundo levantamento da Economatica, a Petrobras voltou ao posto ap\u00f3s uma alta de 9,2% nas a\u00e7\u00f5es da bolsa. Clique aqui e leia mais.\",\"breadcrumb\":{\"@id\":\"https:\/\/www.suno.com.br\/noticias\/petrobras-petr4-maior-empresa-brasil-america-latina-bolsa\/#breadcrumb\"},\"inLanguage\":\"pt-BR\",\"potentialAction\":[{\"@type\":\"ReadAction\",\"target\":[\"https:\/\/www.suno.com.br\/noticias\/petrobras-petr4-maior-empresa-brasil-america-latina-bolsa\/\"]}]},{\"@type\":\"ImageObject\",\"inLanguage\":\"pt-BR\",\"@id\":\"https:\/\/www.suno.com.br\/noticias\/petrobras-petr4-maior-empresa-brasil-america-latina-bolsa\/#primaryimage\",\"url\":\"https:\/\/files.sunoresearch.com.br\/n\/uploads\/2022\/04\/petrobras-1.jpg\",\"contentUrl\":\"https:\/\/files.sunoresearch.com.br\/n\/uploads\/2022\/04\/petrobras-1.jpg\",\"width\":1350,\"height\":808,\"caption\":\"Petrobras (PETR4) Foto: Geraldo Falc\u00e3o\/Ag\u00eancia Petrobras\"},{\"@type\":\"BreadcrumbList\",\"@id\":\"https:\/\/www.suno.com.br\/noticias\/petrobras-petr4-maior-empresa-brasil-america-latina-bolsa\/#breadcrumb\",\"itemListElement\":[{\"@type\":\"ListItem\",\"position\":1,\"name\":\"Not\u00edcias\",\"item\":\"https:\/\/www.suno.com.br\/noticias\/\"},{\"@type\":\"ListItem\",\"position\":2,\"name\":\"Neg\u00f3cios\",\"item\":\"https:\/\/www.suno.com.br\/noticias\/negocios\/\"},{\"@type\":\"ListItem\",\"position\":3,\"name\":\"Petrobras (PETR4) volta a ser a maior empresa da Am\u00e9rica Latina, valendo R$ 462 bilh\u00f5es\"}]},{\"@type\":\"WebSite\",\"@id\":\"https:\/\/www.suno.com.br\/noticias\/#website\",\"url\":\"https:\/\/www.suno.com.br\/noticias\/\",\"name\":\"Suno Not\u00edcias\",\"description\":\"Seu portal de informa\u00e7\u00e3o sobre o mundo dos investimentos\",\"publisher\":{\"@id\":\"https:\/\/www.suno.com.br\/noticias\/#organization\"},\"potentialAction\":[{\"@type\":\"SearchAction\",\"target\":{\"@type\":\"EntryPoint\",\"urlTemplate\":\"https:\/\/www.suno.com.br\/noticias\/?s={search_term_string}\"},\"query-input\":{\"@type\":\"PropertyValueSpecification\",\"valueRequired\":true,\"valueName\":\"search_term_string\"}}],\"inLanguage\":\"pt-BR\"},{\"@type\":\"Organization\",\"@id\":\"https:\/\/www.suno.com.br\/noticias\/#organization\",\"name\":\"Suno Not\u00edcias\",\"url\":\"https:\/\/www.suno.com.br\/noticias\/\",\"logo\":{\"@type\":\"ImageObject\",\"inLanguage\":\"pt-BR\",\"@id\":\"https:\/\/www.suno.com.br\/noticias\/#\/schema\/logo\/image\/\",\"url\":\"https:\/\/files.sunoresearch.com.br\/n\/uploads\/2021\/09\/suno-logo.png\",\"contentUrl\":\"https:\/\/files.sunoresearch.com.br\/n\/uploads\/2021\/09\/suno-logo.png\",\"width\":180,\"height\":180,\"caption\":\"Suno Not\u00edcias\"},\"image\":{\"@id\":\"https:\/\/www.suno.com.br\/noticias\/#\/schema\/logo\/image\/\"},\"sameAs\":[\"https:\/\/facebook.com\/sunoresearch\",\"https:\/\/x.com\/sunoresearch\",\"https:\/\/www.instagram.com\/suno\",\"https:\/\/www.linkedin.com\/company\/suno-research\/\",\"https:\/\/www.youtube.com\/c\/sunoresearch\"]},{\"@type\":\"Person\",\"@id\":\"https:\/\/www.suno.com.br\/noticias\/#\/schema\/person\/7f4d362bf3518e76090143ae77bb49a5\",\"name\":\"Eduardo Vargas\",\"image\":{\"@type\":\"ImageObject\",\"inLanguage\":\"pt-BR\",\"@id\":\"https:\/\/www.suno.com.br\/noticias\/#\/schema\/person\/image\/\",\"url\":\"https:\/\/secure.gravatar.com\/avatar\/dac340933427a22924c9f99d1eb2e3f2?s=96&r=g\",\"contentUrl\":\"https:\/\/secure.gravatar.com\/avatar\/dac340933427a22924c9f99d1eb2e3f2?s=96&r=g\",\"caption\":\"Eduardo Vargas\"},\"description\":\"Jornalista formado pela UFSC, cobre macroeconomia, neg\u00f3cios e startups para o Suno Not\u00edcias, escrevendo principalmente not\u00edcias sobre o mercado financeiro e a bolsa de valores. No YouTube e no Instagram, \u00e9 respons\u00e1vel pela produ\u00e7\u00e3o de Reels e Shorts do Suno Not\u00edcias. Anteriormente, trabalhou cobrindo economia e cotidiano no ND+ e para o ND, maior jornal impresso de Santa Catarina. Cursou um semestre letivo de Estudos de M\u00eddia na Universidad de Buenos Aires.\",\"url\":\"https:\/\/www.suno.com.br\/noticias\/author\/eduardo-vargas\/\"}]}<\/script>\n<!-- \/ Yoast SEO plugin. -->","yoast_head_json":{"title":"Petrobras (PETR4) volta a ser a maior empresa da Am\u00e9rica Latina","description":"Segundo levantamento da Economatica, a Petrobras voltou ao posto ap\u00f3s uma alta de 9,2% nas a\u00e7\u00f5es da bolsa. Clique aqui e leia mais.","robots":{"index":"index","follow":"follow","max-snippet":"max-snippet:-1","max-image-preview":"max-image-preview:large","max-video-preview":"max-video-preview:-1"},"canonical":"https:\/\/www.suno.com.br\/noticias\/petrobras-petr4-maior-empresa-brasil-america-latina-bolsa\/","og_locale":"pt_BR","og_type":"article","og_title":"Petrobras (PETR4) volta a ser a maior empresa da Am\u00e9rica Latina","og_description":"Segundo levantamento da Economatica, a Petrobras voltou ao posto ap\u00f3s uma alta de 9,2% nas a\u00e7\u00f5es da bolsa. Clique aqui e leia mais.","og_url":"https:\/\/www.suno.com.br\/noticias\/petrobras-petr4-maior-empresa-brasil-america-latina-bolsa\/","og_site_name":"Suno Not\u00edcias","article_publisher":"https:\/\/facebook.com\/sunoresearch","og_image":[{"width":1350,"height":808,"url":"https:\/\/files.sunoresearch.com.br\/n\/uploads\/2022\/04\/petrobras-1.jpg","type":"image\/jpeg"}],"author":"Eduardo Vargas","twitter_card":"summary_large_image","twitter_creator":"@sunoresearch","twitter_site":"@sunoresearch","twitter_misc":{"Escrito por":"Eduardo Vargas","Est. tempo de leitura":"3 minutos"},"schema":{"@context":"https:\/\/schema.org","@graph":[{"@type":"NewsArticle","@id":"https:\/\/www.suno.com.br\/noticias\/petrobras-petr4-maior-empresa-brasil-america-latina-bolsa\/#article","isPartOf":{"@id":"https:\/\/www.suno.com.br\/noticias\/petrobras-petr4-maior-empresa-brasil-america-latina-bolsa\/"},"author":{"name":"Eduardo Vargas","@id":"https:\/\/www.suno.com.br\/noticias\/#\/schema\/person\/7f4d362bf3518e76090143ae77bb49a5"},"headline":"Petrobras (PETR4) volta a ser a maior empresa da Am\u00e9rica Latina, valendo R$ 462 bilh\u00f5es","datePublished":"2022-04-14T10:48:16+00:00","dateModified":"2022-04-14T10:50:08+00:00","mainEntityOfPage":{"@id":"https:\/\/www.suno.com.br\/noticias\/petrobras-petr4-maior-empresa-brasil-america-latina-bolsa\/"},"wordCount":661,"publisher":{"@id":"https:\/\/www.suno.com.br\/noticias\/#organization"},"image":{"@id":"https:\/\/www.suno.com.br\/noticias\/petrobras-petr4-maior-empresa-brasil-america-latina-bolsa\/#primaryimage"},"thumbnailUrl":"https:\/\/files.sunoresearch.com.br\/n\/uploads\/2022\/04\/petrobras-1.jpg","keywords":["Econom\u00e1tica","Especialistas","Petrobras (PETR4)"],"articleSection":["Neg\u00f3cios"],"inLanguage":"pt-BR"},{"@type":"WebPage","@id":"https:\/\/www.suno.com.br\/noticias\/petrobras-petr4-maior-empresa-brasil-america-latina-bolsa\/","url":"https:\/\/www.suno.com.br\/noticias\/petrobras-petr4-maior-empresa-brasil-america-latina-bolsa\/","name":"Petrobras (PETR4) volta a ser a maior empresa da Am\u00e9rica Latina","isPartOf":{"@id":"https:\/\/www.suno.com.br\/noticias\/#website"},"primaryImageOfPage":{"@id":"https:\/\/www.suno.com.br\/noticias\/petrobras-petr4-maior-empresa-brasil-america-latina-bolsa\/#primaryimage"},"image":{"@id":"https:\/\/www.suno.com.br\/noticias\/petrobras-petr4-maior-empresa-brasil-america-latina-bolsa\/#primaryimage"},"thumbnailUrl":"https:\/\/files.sunoresearch.com.br\/n\/uploads\/2022\/04\/petrobras-1.jpg","datePublished":"2022-04-14T10:48:16+00:00","dateModified":"2022-04-14T10:50:08+00:00","description":"Segundo levantamento da Economatica, a Petrobras voltou ao posto ap\u00f3s uma alta de 9,2% nas a\u00e7\u00f5es da bolsa. Clique aqui e leia mais.","breadcrumb":{"@id":"https:\/\/www.suno.com.br\/noticias\/petrobras-petr4-maior-empresa-brasil-america-latina-bolsa\/#breadcrumb"},"inLanguage":"pt-BR","potentialAction":[{"@type":"ReadAction","target":["https:\/\/www.suno.com.br\/noticias\/petrobras-petr4-maior-empresa-brasil-america-latina-bolsa\/"]}]},{"@type":"ImageObject","inLanguage":"pt-BR","@id":"https:\/\/www.suno.com.br\/noticias\/petrobras-petr4-maior-empresa-brasil-america-latina-bolsa\/#primaryimage","url":"https:\/\/files.sunoresearch.com.br\/n\/uploads\/2022\/04\/petrobras-1.jpg","contentUrl":"https:\/\/files.sunoresearch.com.br\/n\/uploads\/2022\/04\/petrobras-1.jpg","width":1350,"height":808,"caption":"Petrobras (PETR4) Foto: Geraldo Falc\u00e3o\/Ag\u00eancia Petrobras"},{"@type":"BreadcrumbList","@id":"https:\/\/www.suno.com.br\/noticias\/petrobras-petr4-maior-empresa-brasil-america-latina-bolsa\/#breadcrumb","itemListElement":[{"@type":"ListItem","position":1,"name":"Not\u00edcias","item":"https:\/\/www.suno.com.br\/noticias\/"},{"@type":"ListItem","position":2,"name":"Neg\u00f3cios","item":"https:\/\/www.suno.com.br\/noticias\/negocios\/"},{"@type":"ListItem","position":3,"name":"Petrobras (PETR4) volta a ser a maior empresa da Am\u00e9rica Latina, valendo R$ 462 bilh\u00f5es"}]},{"@type":"WebSite","@id":"https:\/\/www.suno.com.br\/noticias\/#website","url":"https:\/\/www.suno.com.br\/noticias\/","name":"Suno Not\u00edcias","description":"Seu portal de informa\u00e7\u00e3o sobre o mundo dos investimentos","publisher":{"@id":"https:\/\/www.suno.com.br\/noticias\/#organization"},"potentialAction":[{"@type":"SearchAction","target":{"@type":"EntryPoint","urlTemplate":"https:\/\/www.suno.com.br\/noticias\/?s={search_term_string}"},"query-input":{"@type":"PropertyValueSpecification","valueRequired":true,"valueName":"search_term_string"}}],"inLanguage":"pt-BR"},{"@type":"Organization","@id":"https:\/\/www.suno.com.br\/noticias\/#organization","name":"Suno Not\u00edcias","url":"https:\/\/www.suno.com.br\/noticias\/","logo":{"@type":"ImageObject","inLanguage":"pt-BR","@id":"https:\/\/www.suno.com.br\/noticias\/#\/schema\/logo\/image\/","url":"https:\/\/files.sunoresearch.com.br\/n\/uploads\/2021\/09\/suno-logo.png","contentUrl":"https:\/\/files.sunoresearch.com.br\/n\/uploads\/2021\/09\/suno-logo.png","width":180,"height":180,"caption":"Suno Not\u00edcias"},"image":{"@id":"https:\/\/www.suno.com.br\/noticias\/#\/schema\/logo\/image\/"},"sameAs":["https:\/\/facebook.com\/sunoresearch","https:\/\/x.com\/sunoresearch","https:\/\/www.instagram.com\/suno","https:\/\/www.linkedin.com\/company\/suno-research\/","https:\/\/www.youtube.com\/c\/sunoresearch"]},{"@type":"Person","@id":"https:\/\/www.suno.com.br\/noticias\/#\/schema\/person\/7f4d362bf3518e76090143ae77bb49a5","name":"Eduardo Vargas","image":{"@type":"ImageObject","inLanguage":"pt-BR","@id":"https:\/\/www.suno.com.br\/noticias\/#\/schema\/person\/image\/","url":"https:\/\/secure.gravatar.com\/avatar\/dac340933427a22924c9f99d1eb2e3f2?s=96&r=g","contentUrl":"https:\/\/secure.gravatar.com\/avatar\/dac340933427a22924c9f99d1eb2e3f2?s=96&r=g","caption":"Eduardo Vargas"},"description":"Jornalista formado pela UFSC, cobre macroeconomia, neg\u00f3cios e startups para o Suno Not\u00edcias, escrevendo principalmente not\u00edcias sobre o mercado financeiro e a bolsa de valores. No YouTube e no Instagram, \u00e9 respons\u00e1vel pela produ\u00e7\u00e3o de Reels e Shorts do Suno Not\u00edcias. Anteriormente, trabalhou cobrindo economia e cotidiano no ND+ e para o ND, maior jornal impresso de Santa Catarina. Cursou um semestre letivo de Estudos de M\u00eddia na Universidad de Buenos Aires.","url":"https:\/\/www.suno.com.br\/noticias\/author\/eduardo-vargas\/"}]}},"default_loop_html":"<div class=\"cardsPage__listCard__boxs\"><div class=\"cardsPage__listCard__boxs__img\"><a href=\"https:\/\/www.suno.com.br\/noticias\/petrobras-petr4-novela-assembleia\/\"><img class=\"mask\" src=\"https:\/\/www.suno.com.br\/noticias\/wp-content\/themes\/suno\/resources\/images\/spotlight\/spotlight1img\/bg-mask.png\" alt=\"Image Mask\"\/><img src=\"https:\/\/files.sunoresearch.com.br\/n\/uploads\/2021\/01\/0df35185-32809478493_db012a3da5_z_easy-resize.com_-400x200.webp\" alt=\"Entenda a &#8216;novela&#8217; sobre o novo CEO da Petrobras (PETR4), que deve terminar nesta quarta (13)\"\/><\/a><span class=\"spotlightCategory\"><a href=\"https:\/\/www.suno.com.br\/noticias\/negocios\/\">Neg\u00f3cios<\/a><\/span><\/div><div class=\"cardsPage__listCard__boxs__content\"><a href=\"https:\/\/www.suno.com.br\/noticias\/petrobras-petr4-novela-assembleia\/\"><h2 class=\"content__title\">Entenda a &#8216;novela&#8217; sobre o novo CEO da Petrobras (PETR4), que deve terminar nesta quarta (13)<\/h2><\/a><div class=\"newsContent__article__meta\"><div class=\"newsContent__article__meta__authorBox\"><a href=\"https:\/\/www.suno.com.br\/noticias\/author\/eduardo-vargas\/\" class=\"authorBox__avatar noMobi\"><img src=\"https:\/\/secure.gravatar.com\/avatar\/dac340933427a22924c9f99d1eb2e3f2?s=96&#038;r=g\" alt=\"Eduardo Vargas\"><\/a><div class=\"authorBox__name\"><span>por\n\t\t\t<a href=\"https:\/\/www.suno.com.br\/noticias\/author\/eduardo-vargas\/\"><span itemprop=\"author\">Eduardo Vargas<\/span><\/a><\/span><time datetime=\"2022-04-13T07:00:44-03:00\" itemprop=\"datePublished\">13\/04\/2022 07:00<\/time><\/div><\/div><\/div><\/div><\/div>","single_layout":"posts","amp_enabled":true,"_links":{"self":[{"href":"https:\/\/www.suno.com.br\/noticias\/wp-json\/wp\/v2\/posts\/250840"}],"collection":[{"href":"https:\/\/www.suno.com.br\/noticias\/wp-json\/wp\/v2\/posts"}],"about":[{"href":"https:\/\/www.suno.com.br\/noticias\/wp-json\/wp\/v2\/types\/post"}],"author":[{"embeddable":true,"href":"https:\/\/www.suno.com.br\/noticias\/wp-json\/wp\/v2\/users\/73"}],"replies":[{"embeddable":true,"href":"https:\/\/www.suno.com.br\/noticias\/wp-json\/wp\/v2\/comments?post=250840"}],"version-history":[{"count":4,"href":"https:\/\/www.suno.com.br\/noticias\/wp-json\/wp\/v2\/posts\/250840\/revisions"}],"predecessor-version":[{"id":250961,"href":"https:\/\/www.suno.com.br\/noticias\/wp-json\/wp\/v2\/posts\/250840\/revisions\/250961"}],"wp:featuredmedia":[{"embeddable":true,"href":"https:\/\/www.suno.com.br\/noticias\/wp-json\/wp\/v2\/media\/250634"}],"wp:attachment":[{"href":"https:\/\/www.suno.com.br\/noticias\/wp-json\/wp\/v2\/media?parent=250840"}],"wp:term":[{"taxonomy":"category","embeddable":true,"href":"https:\/\/www.suno.com.br\/noticias\/wp-json\/wp\/v2\/categories?post=250840"},{"taxonomy":"post_tag","embeddable":true,"href":"https:\/\/www.suno.com.br\/noticias\/wp-json\/wp\/v2\/tags?post=250840"},{"taxonomy":"suno_strategy","embeddable":true,"href":"https:\/\/www.suno.com.br\/noticias\/wp-json\/wp\/v2\/suno_strategy?post=250840"}],"curies":[{"name":"wp","href":"https:\/\/api.w.org\/{rel}","templated":true}]}}