{"id":250813,"date":"2022-04-13T23:28:48","date_gmt":"2022-04-14T02:28:48","guid":{"rendered":"https:\/\/www.suno.com.br\/noticias\/?p=250813"},"modified":"2022-04-14T04:55:55","modified_gmt":"2022-04-14T07:55:55","slug":"petrobras-petr4-jose-mauro-coelho-aprovado-conselho","status":"publish","type":"post","link":"https:\/\/www.suno.com.br\/noticias\/petrobras-petr4-jose-mauro-coelho-aprovado-conselho\/","title":{"rendered":"Petrobras (PETR4): confirmado no conselho, Jos\u00e9 Mauro Coelho deve assumir presid\u00eancia hoje"},"content":{"rendered":"<p>A <a class=\"suno-keyword\" href=\"https:\/\/www.suno.com.br\/artigos\/assembleia-geral-ordinaria\/\" target=\"_blank\" rel=\"noopener\" data-force=\"no\" data-priority=\"1\">Assembleia Geral Ordin\u00e1ria<\/a>\u00a0da Petrobras <a class=\"suno-keyword\" href=\"https:\/\/www.suno.com.br\/acoes\/PETR4\/\" target=\"_blank\" rel=\"noopener\" data-force=\"yes\" data-priority=\"2\"><strong>Petrobras<\/strong> (PETR4)<\/a> confirmou nesta quarta (13) o executivo Jos\u00e9 Mauro Coelho como integrante do <a class=\"suno-keyword\" href=\"https:\/\/www.suno.com.br\/artigos\/conselho-administracao\/\" target=\"_blank\" rel=\"noopener\" data-force=\"no\" data-priority=\"1\">Conselho de Administra\u00e7\u00e3o<\/a> da companhia. A aprova\u00e7\u00e3o dos acionistas deixa Jos\u00e9 Mauro &#8211; indicado pelo governo para substituir o general Joaquim Silva e Luna na presid\u00eancia da estatal &#8211; mais perto de ocupar o cargo. O aval do conselho \u00e9 etapa fundamental para conduzir o nome do executivo \u00e0 presid\u00eancia da empresa nesta quinta (14).<\/p>\t<div class=\"wrapper-featured-image\">\n\t\t<figure class=\"spotlightImg\">\n\n\t\t\t<picture>\n\t\t\t\t<source media=\"(max-width: 768px)\" srcset=\"https:\/\/files.sunoresearch.com.br\/n\/uploads\/2022\/04\/Jose-Mauro-Coelho-petrobras-400x200.jpg\">\n\t\t\t\t<img loading=\"lazy\" decoding=\"async\" class=\"newsContent__article__imgCapa lazyloadDisabled \" src=\"https:\/\/files.sunoresearch.com.br\/n\/uploads\/2022\/04\/Jose-Mauro-Coelho-petrobras-800x450.jpg\" width=\"800\" height=\"450\" alt=\"Petrobras (PETR4): confirmado no conselho, Jos\u00e9 Mauro Coelho deve assumir presid\u00eancia hoje\" fetchpriority=high \/>\n\t\t\t<\/picture>\n\n\t\t\t<figcaption class=\"wp-caption-text wp-caption-text--show\">Petrobras: Jos\u00e9 Mauro Coelho \u00e9 confirmado no Conselho de Administra\u00e7\u00e3o da estatal. Foto: Reprodu\u00e7\u00e3o<\/figcaption>\n\t\t<\/figure>\n\t<\/div>\n\n\n\t<p>\n\t\t<a href=\"\" target=\"_blank\" data-element=\"shortcode-suno-banner\" title=\"Banner SUNO, clique e saiba mais\">\n\t\t\t<picture>\n\t\t\t\t<source media=\"(max-width: 500px)\" srcset=\"\">\n\t\t\t\t<img class=\"newsContent__article__imgCapa newsContent__article__imgCapa--banner\"\n\t\t\t\t\tsrc=\"\"\n\t\t\t\t\tdata-promo-id=\"240038\"\t\t\t\t\t\t\t\t\t\t\t\t\t\t\talt=\"\"\n\t\t\t\t>\n\t\t\t<\/picture>\n\t\t<\/a>\n\t<\/p>\n\n\n<p>Com a indica\u00e7\u00e3o ao cargo, o Conselho de Administra\u00e7\u00e3o aprecia na manh\u00e3 de quinta-feira (14) o nome de Coelho para a presid\u00eancia da estatal. Se for eleito pelo conselho, Jos\u00e9 Mauro Coelho toma posse na presid\u00eancia da Petrobras, na tarde desta quinta-feira, na sede da companhia, no centro do Rio<\/p>\n<p>A assembleia desta quarta tamb\u00e9m elegeu o engenheiro Marcio Weber para a <strong>presid\u00eancia do conselho de administra\u00e7\u00e3o<\/strong> da Petrobras.<\/p>\n<p>Os <strong>acionistas da Petrobras<\/strong> elegeram ainda os novos membros do Conselho de Administra\u00e7\u00e3o da estatal. Al\u00e9m de Coelho e Weber, foram eleitos Sonia Julia Sulzbeck Villalobos, Luiz Henrique Caroli, Ruy Flaks Schneider e Murilo Marroquim. Os acionistas minorit\u00e1rios conseguiram emplacar Marcelo Gasparino e Jos\u00e9 Abdalla. Eduardo Karrer, Carlos Eduardo Lessa Brand\u00e3o e Rodrigo Mesquita n\u00e3o foram eleitos.<\/p>\n\n\t<div data-element=\"shortcode-read-more\" class=\"readToo\">\n\t\t\t\t<span class=\"readToo__title\">Leia mais<\/span>\n\t\t\t\t<ul class=\"readToo__list\">\n\t\t\t<li><a href=\"https:\/\/www.suno.com.br\/noticias\/petrobras-petr4-novela-assembleia\/\">Entenda a &#8216;novela&#8217; sobre o novo CEO da Petrobras (PETR4), que deve terminar nesta quarta (13)<\/a><\/li><li><a href=\"https:\/\/www.suno.com.br\/noticias\/petrobras-petr4-minoritario-risco-judicial-abuso-poder\/\">Petrobras (PETR4): minorit\u00e1rio aponta risco judicial por abuso de poder de Bolsonaro<\/a><\/li><li><a href=\"https:\/\/www.suno.com.br\/noticias\/petrobras-petr4-presidente-ceo-coelho\/\">Novo presidente da Petrobras (PETR4) tem experi\u00eancia e n\u00e3o far\u00e1 interven\u00e7\u00f5es, analisa Goldman Sachs<\/a><\/li>\t\t<\/ul>\n\t<\/div>\n\n\n<p>Esse conselho composto por oito nomes \u00e9 que vai eleger Jos\u00e9 Mauro como <strong>novo presidente da estatal<\/strong>.<\/p>\n\t<p>\n\t\t<a href=\"https:\/\/lp.suno.com.br\/ebook-como-analisar-uma-acao\/\" target=\"_blank\" data-element=\"shortcode-suno-banner\" title=\"Banner SUNO, clique e saiba mais\">\n\t\t\t<picture>\n\t\t\t\t<source media=\"(max-width: 500px)\" srcset=\"https:\/\/files.sunoresearch.com.br\/n\/uploads\/2023\/03\/Ebook-Acoes-Mobile-1.jpg\">\n\t\t\t\t<img class=\"newsContent__article__imgCapa newsContent__article__imgCapa--banner\"\n\t\t\t\t\tsrc=\"https:\/\/files.sunoresearch.com.br\/n\/uploads\/2023\/03\/Ebook-Acoes-Desktop-1.jpg\"\n\t\t\t\t\tdata-promo-id=\"171998\"\t\t\t\t\t\t\t\t\t\twidth='1420' height='286'\t\t\t\t\talt=\"https:\/\/files.sunoresearch.com.br\/n\/uploads\/2023\/03\/Ebook-Acoes-Desktop-1.jpg\"\n\t\t\t\t>\n\t\t\t<\/picture>\n\t\t<\/a>\n\t<\/p>\n\n\n<h2>Assembleia da Petrobras \u00e9 marcada por erros<\/h2>\n<p>A <strong>assembleia da Petrobras<\/strong> foi marcada por erros t\u00e9cnicos. Primeiro foi o c\u00e1lculo do n\u00famero de votos m\u00ednimos necess\u00e1rios para elei\u00e7\u00e3o do Conselho de Administra\u00e7\u00e3o, elaborado abaixo do correto. Pelas contas da mesa da assembleia, o m\u00ednimo deveria ser de 4.746.364.553 votos para entrar no Conselho, o que levou o presidente da assembleia a parabenizar os conselheiros Marcelo Gasparino e Jos\u00e9 Abdalla, indicados pelos minorit\u00e1rios, que j\u00e1 teriam sido eleitos na contagem que depois foi revisada. Refeitas as contas, o m\u00ednimo necess\u00e1rio subiu para 5.031.760.257, uma diferen\u00e7a de cerca de 300 mil votos.<\/p>\n\t<p>\n\t\t<a href=\"https:\/\/lp.suno.com.br\/planilha-da-vida-financeira\/\" target=\"_blank\" data-element=\"shortcode-suno-banner\" title=\"Banner SUNO, clique e saiba mais\">\n\t\t\t<picture>\n\t\t\t\t<source media=\"(max-width: 500px)\" srcset=\"https:\/\/files.sunoresearch.com.br\/n\/uploads\/2023\/04\/400x300-Planilha-vida-financeira-true.png\">\n\t\t\t\t<img class=\"newsContent__article__imgCapa newsContent__article__imgCapa--banner\"\n\t\t\t\t\tsrc=\"https:\/\/files.sunoresearch.com.br\/n\/uploads\/2023\/04\/1420x240-Planilha-vida-financeira-true.png\"\n\t\t\t\t\tdata-promo-id=\"106682\"\t\t\t\t\t\t\t\t\t\twidth='1420' height='240'\t\t\t\t\talt=\"https:\/\/files.sunoresearch.com.br\/n\/uploads\/2023\/04\/1420x240-Planilha-vida-financeira-true.png\"\n\t\t\t\t>\n\t\t\t<\/picture>\n\t\t<\/a>\n\t<\/p>\n\n\n<p>Em seguida, a mesa voltou a informar que havia erro na contagem dos votos para eleger os oito membros do Conselho, a fase mais esperada da assembleia. Por quase duas horas, os <strong>t\u00e9cnicos da Petrobras<\/strong> se desdobraram para arrumar a situa\u00e7\u00e3o, anunciando o resultado da elei\u00e7\u00e3o \u00e0s 22 horas.<\/p>\n<p>De acordo com o diretor Financeiro e de Rela\u00e7\u00f5es com os Investidores da Petrobras, Rodrigo Ara\u00fajo, o erro no c\u00e1lculo do qu\u00f3rum da assembleia atrapalhou todo o processo de vota\u00e7\u00e3o. Ele garantiu, no entanto, que o erro n\u00e3o iria prejudicar o <strong>resultado final da elei\u00e7\u00e3o<\/strong>.<\/p>\n<p>&#8220;O que houve \u00e9 que esse qu\u00f3rum foi calculado incorretamente em fun\u00e7\u00e3o do n\u00famero de ADRs que votaram em voto separado, foi duplicado&#8221;, informou. &#8220;Vamos refazer o processo do voto m\u00faltiplo para assegurar a lisura do processo, mas o resultado ser\u00e1 o mesmo do que ap\u00f3s o refazimento&#8221;, completou.<\/p>\n\t<p>\n\t\t<a href=\"https:\/\/lp.suno.com.br\/planilha-controle-gastos\/\" target=\"_blank\" data-element=\"shortcode-suno-banner\" title=\"Banner SUNO, clique e saiba mais\">\n\t\t\t<picture>\n\t\t\t\t<source media=\"(max-width: 500px)\" srcset=\"https:\/\/files.sunoresearch.com.br\/n\/uploads\/2023\/03\/400x300-Planilha-controle-de-gastos.png\">\n\t\t\t\t<img class=\"newsContent__article__imgCapa newsContent__article__imgCapa--banner\"\n\t\t\t\t\tsrc=\"https:\/\/files.sunoresearch.com.br\/n\/uploads\/2023\/03\/1420x240-Planilha-controle-de-gastos.png\"\n\t\t\t\t\tdata-promo-id=\"101751\"\t\t\t\t\t\t\t\t\t\twidth='1420' height='240'\t\t\t\t\talt=\"https:\/\/files.sunoresearch.com.br\/n\/uploads\/2023\/03\/1420x240-Planilha-controle-de-gastos.png\"\n\t\t\t\t>\n\t\t\t<\/picture>\n\t\t<\/a>\n\t<\/p>\n\n\n<figure id=\"attachment_250825\" aria-describedby=\"caption-attachment-250825\" style=\"width: 1024px\" class=\"wp-caption alignnone\"><img loading=\"lazy\" decoding=\"async\" class=\"wp-image-250825 size-large\" src=\"https:\/\/files.sunoresearch.com.br\/n\/uploads\/2022\/04\/jose-mauro-coelho-petrobras-reproducao-1024x674.jpg\" alt=\"Petrobras: Jos\u00e9 Mauro Coelho \u00e9 confirmado no Conselho de Administra\u00e7\u00e3o da estatal. Foto: Reprodu\u00e7\u00e3o\/Instagram\" width=\"1024\" height=\"674\" srcset=\"https:\/\/files.sunoresearch.com.br\/n\/uploads\/2022\/04\/jose-mauro-coelho-petrobras-reproducao-1024x674.jpg 1024w, https:\/\/files.sunoresearch.com.br\/n\/uploads\/2022\/04\/jose-mauro-coelho-petrobras-reproducao-300x198.jpg 300w, https:\/\/files.sunoresearch.com.br\/n\/uploads\/2022\/04\/jose-mauro-coelho-petrobras-reproducao-768x506.jpg 768w, https:\/\/files.sunoresearch.com.br\/n\/uploads\/2022\/04\/jose-mauro-coelho-petrobras-reproducao-150x99.jpg 150w, https:\/\/files.sunoresearch.com.br\/n\/uploads\/2022\/04\/jose-mauro-coelho-petrobras-reproducao.jpg 1230w\" sizes=\"(max-width: 1024px) 100vw, 1024px\" \/><figcaption id=\"caption-attachment-250825\" class=\"wp-caption-text\">Jos\u00e9 Mauro &#8211; graduado em qu\u00edmica industrial e mestre em engenharia &#8211; foi indicado para assumir o posto de CEO da Petrobras na \u00faltima semana. Foto: Reprodu\u00e7\u00e3o\/Instagram<\/figcaption><\/figure>\n<h2>Jos\u00e9 Mauro: indicado do governo para a presid\u00eancia foi aprovado pelo Comit\u00ea de Pessoas<\/h2>\n<p>Ex-oficial de Artilharia do Ex\u00e9rcito, o executivo indicado pelo governo para assumir a<strong> presid\u00eancia da Petrobras<\/strong> j\u00e1 foi Secret\u00e1rio de Petr\u00f3leo, G\u00e1s Natural e Biocombust\u00edveis do Minist\u00e9rio de Minas e Energia. Atualmente preside o conselho de administra\u00e7\u00e3o da estatal Pr\u00e9-Sal Petr\u00f3leo S.A. Tamb\u00e9m j\u00e1 ocupou a diretoria da Empresa de Pesquisa Energ\u00e9tica e, ao longo de 15 anos, trabalhou na Ag\u00eancia Nacional do Petr\u00f3leo (ANP).<\/p>\n<p>Jos\u00e9 Mauro &#8211; graduado em qu\u00edmica industrial e mestre em engenharia &#8211; foi indicado para assumir o posto de <strong>CEO da<\/strong> <strong>Petrobras<\/strong> na \u00faltima semana, depois que Adriano Pires, inicialmente indicado para o lugar de Luna e Silva, declinou do cargo.<\/p>\n\t<div data-element=\"shortcode-read-more\" class=\"knowMore\">\n\t\t\t\t<span class=\"knowMore__title\">Leia mais<\/span>\n\t\t\t\t<a class=\"knowMore__link\" href=\"https:\/\/www.suno.com.br\/noticias\/petrobras-petr4-governo-indica-jose-mauro-coelho-presidencia\/\">\n\t\t\tPetrobras (PETR4): governo indica ex-secret\u00e1rio Jos\u00e9 Mauro Coelho para CEO\t\t<\/a>\n\t<\/div>\n\n\n<p>Nesta ter\u00e7a, o Comit\u00ea de Pessoas da <strong>Petrobras<\/strong> considerou que Jos\u00e9 Mauro Ferreira Coelho preenche todos os requisitos para ocupar a presid\u00eancia da empresa. O grupo avaliou que n\u00e3o h\u00e1 nada que impediria a elei\u00e7\u00e3o dele na assembleia de acionistas desta quarta.<\/p>\n<p><em>Com informa\u00e7\u00f5es do Estad\u00e3o Conte\u00fado<\/em><\/p>\n<p><img decoding=\"async\" src=\"https:\/\/agenciabrasil.ebc.com.br\/ebc.png?id=1453526&amp;o=rss\" \/><img decoding=\"async\" src=\"https:\/\/agenciabrasil.ebc.com.br\/ebc.gif?id=1453526&amp;o=rss\" \/>\t<p>\n\t\t<a href=\"https:\/\/lp.suno.com.br\/planilha-de-controle-de-investimentos\/\" target=\"_blank\" data-element=\"shortcode-suno-banner\" title=\"Banner SUNO, clique e saiba mais\">\n\t\t\t<picture>\n\t\t\t\t<source media=\"(max-width: 500px)\" srcset=\"https:\/\/files.sunoresearch.com.br\/n\/uploads\/2023\/03\/400x300-Controle-de-Investimentos.png\">\n\t\t\t\t<img class=\"newsContent__article__imgCapa newsContent__article__imgCapa--banner\"\n\t\t\t\t\tsrc=\"https:\/\/files.sunoresearch.com.br\/n\/uploads\/2023\/03\/1420x240-Controle-de-Investimentos.png\"\n\t\t\t\t\tdata-promo-id=\"75934\"\t\t\t\t\t\t\t\t\t\twidth='1420' height='240'\t\t\t\t\talt=\"https:\/\/files.sunoresearch.com.br\/n\/uploads\/2023\/03\/1420x240-Controle-de-Investimentos.png\"\n\t\t\t\t>\n\t\t\t<\/picture>\n\t\t<\/a>\n\t<\/p>\n\n<\/p>\n<p><a href=\"https:\/\/lp.suno.com.br\/newsletter-noticias\/\" target=\"_blank\" rel=\"noopener\" data-element=\"shortcode-suno-banner\" data-parameter=\"banner-mat-0-https:\/\/lp.suno.com.br\/newsletter-noticias\/\"><picture><source srcset=\"https:\/\/files.sunoresearch.com.br\/n\/uploads\/2022\/03\/Banner-MOBILE-16.webp\" media=\"(max-width: 500px)\" \/><\/picture><\/a><\/p>\n","protected":false},"excerpt":{"rendered":"<p>A Assembleia Geral Ordin\u00e1ria\u00a0da Petrobras Petrobras (PETR4) confirmou nesta quarta (13) o executivo Jos\u00e9 Mauro Coelho como integrante do Conselho de Administra\u00e7\u00e3o da companhia. A aprova\u00e7\u00e3o dos acionistas deixa Jos\u00e9 Mauro &#8211; indicado pelo governo para substituir o general Joaquim Silva e Luna na presid\u00eancia da estatal &#8211; mais perto de ocupar o cargo. O [&hellip;]<\/p>\n","protected":false},"author":98,"featured_media":250819,"comment_status":"closed","ping_status":"closed","sticky":false,"template":"","format":"standard","meta":[],"categories":[61],"tags":[595],"suno_strategy":[],"class_list":["post-250813","post","type-post","status-publish","format-standard","has-post-thumbnail","hentry","category-politica","tag-petrobras-petr4"],"yoast_head":"<!-- This site is optimized with the Yoast SEO plugin v24.4 - https:\/\/yoast.com\/wordpress\/plugins\/seo\/ -->\n<title>Petrobras (PETR4): Jos\u00e9 Mauro Coelho \u00e9 aprovado para o conselho<\/title>\n<meta name=\"description\" content=\"Assembleia da Petrobras (PETR4) confirmou o executivo no Conselho de Administra\u00e7\u00e3o, abrindo caminho para Jos\u00e9 Mauro ocupar a presid\u00eancia\" \/>\n<meta name=\"robots\" content=\"index, follow, max-snippet:-1, max-image-preview:large, max-video-preview:-1\" \/>\n<link rel=\"canonical\" href=\"https:\/\/www.suno.com.br\/noticias\/petrobras-petr4-jose-mauro-coelho-aprovado-conselho\/\" \/>\n<meta property=\"og:locale\" content=\"pt_BR\" \/>\n<meta property=\"og:type\" content=\"article\" \/>\n<meta property=\"og:title\" content=\"Petrobras (PETR4): Jos\u00e9 Mauro Coelho \u00e9 aprovado para o conselho\" \/>\n<meta property=\"og:description\" content=\"Assembleia da Petrobras (PETR4) confirmou o executivo no Conselho de Administra\u00e7\u00e3o, abrindo caminho para Jos\u00e9 Mauro ocupar a presid\u00eancia\" \/>\n<meta property=\"og:url\" content=\"https:\/\/www.suno.com.br\/noticias\/petrobras-petr4-jose-mauro-coelho-aprovado-conselho\/\" \/>\n<meta property=\"og:site_name\" content=\"Suno Not\u00edcias\" \/>\n<meta property=\"article:publisher\" content=\"https:\/\/facebook.com\/sunoresearch\" \/>\n<meta property=\"og:image\" content=\"https:\/\/files.sunoresearch.com.br\/n\/uploads\/2022\/04\/Jose-Mauro-Coelho-petrobras.jpg\" \/>\n\t<meta property=\"og:image:width\" content=\"1200\" \/>\n\t<meta property=\"og:image:height\" content=\"800\" \/>\n\t<meta property=\"og:image:type\" content=\"image\/jpeg\" \/>\n<meta name=\"author\" content=\"Marco Ant\u00f4nio Lopes\" \/>\n<meta name=\"twitter:card\" content=\"summary_large_image\" \/>\n<meta name=\"twitter:creator\" content=\"@sunoresearch\" \/>\n<meta name=\"twitter:site\" content=\"@sunoresearch\" \/>\n<meta name=\"twitter:label1\" content=\"Escrito por\" \/>\n\t<meta name=\"twitter:data1\" content=\"Marco Ant\u00f4nio Lopes\" \/>\n\t<meta name=\"twitter:label2\" content=\"Est. tempo de leitura\" \/>\n\t<meta name=\"twitter:data2\" content=\"4 minutos\" \/>\n<script type=\"application\/ld+json\" class=\"yoast-schema-graph\">{\"@context\":\"https:\/\/schema.org\",\"@graph\":[{\"@type\":\"NewsArticle\",\"@id\":\"https:\/\/www.suno.com.br\/noticias\/petrobras-petr4-jose-mauro-coelho-aprovado-conselho\/#article\",\"isPartOf\":{\"@id\":\"https:\/\/www.suno.com.br\/noticias\/petrobras-petr4-jose-mauro-coelho-aprovado-conselho\/\"},\"author\":{\"name\":\"Marco Ant\u00f4nio Lopes\",\"@id\":\"https:\/\/www.suno.com.br\/noticias\/#\/schema\/person\/829bbe8d57f84333b966b96229c6bf5f\"},\"headline\":\"Petrobras (PETR4): confirmado no conselho, Jos\u00e9 Mauro Coelho deve assumir presid\u00eancia hoje\",\"datePublished\":\"2022-04-14T02:28:48+00:00\",\"dateModified\":\"2022-04-14T07:55:55+00:00\",\"mainEntityOfPage\":{\"@id\":\"https:\/\/www.suno.com.br\/noticias\/petrobras-petr4-jose-mauro-coelho-aprovado-conselho\/\"},\"wordCount\":762,\"publisher\":{\"@id\":\"https:\/\/www.suno.com.br\/noticias\/#organization\"},\"image\":{\"@id\":\"https:\/\/www.suno.com.br\/noticias\/petrobras-petr4-jose-mauro-coelho-aprovado-conselho\/#primaryimage\"},\"thumbnailUrl\":\"https:\/\/files.sunoresearch.com.br\/n\/uploads\/2022\/04\/Jose-Mauro-Coelho-petrobras.jpg\",\"keywords\":[\"Petrobras (PETR4)\"],\"articleSection\":[\"Pol\u00edtica\"],\"inLanguage\":\"pt-BR\"},{\"@type\":\"WebPage\",\"@id\":\"https:\/\/www.suno.com.br\/noticias\/petrobras-petr4-jose-mauro-coelho-aprovado-conselho\/\",\"url\":\"https:\/\/www.suno.com.br\/noticias\/petrobras-petr4-jose-mauro-coelho-aprovado-conselho\/\",\"name\":\"Petrobras (PETR4): Jos\u00e9 Mauro Coelho \u00e9 aprovado para o conselho\",\"isPartOf\":{\"@id\":\"https:\/\/www.suno.com.br\/noticias\/#website\"},\"primaryImageOfPage\":{\"@id\":\"https:\/\/www.suno.com.br\/noticias\/petrobras-petr4-jose-mauro-coelho-aprovado-conselho\/#primaryimage\"},\"image\":{\"@id\":\"https:\/\/www.suno.com.br\/noticias\/petrobras-petr4-jose-mauro-coelho-aprovado-conselho\/#primaryimage\"},\"thumbnailUrl\":\"https:\/\/files.sunoresearch.com.br\/n\/uploads\/2022\/04\/Jose-Mauro-Coelho-petrobras.jpg\",\"datePublished\":\"2022-04-14T02:28:48+00:00\",\"dateModified\":\"2022-04-14T07:55:55+00:00\",\"description\":\"Assembleia da Petrobras (PETR4) confirmou o executivo no Conselho de Administra\u00e7\u00e3o, abrindo caminho para Jos\u00e9 Mauro ocupar a presid\u00eancia\",\"breadcrumb\":{\"@id\":\"https:\/\/www.suno.com.br\/noticias\/petrobras-petr4-jose-mauro-coelho-aprovado-conselho\/#breadcrumb\"},\"inLanguage\":\"pt-BR\",\"potentialAction\":[{\"@type\":\"ReadAction\",\"target\":[\"https:\/\/www.suno.com.br\/noticias\/petrobras-petr4-jose-mauro-coelho-aprovado-conselho\/\"]}]},{\"@type\":\"ImageObject\",\"inLanguage\":\"pt-BR\",\"@id\":\"https:\/\/www.suno.com.br\/noticias\/petrobras-petr4-jose-mauro-coelho-aprovado-conselho\/#primaryimage\",\"url\":\"https:\/\/files.sunoresearch.com.br\/n\/uploads\/2022\/04\/Jose-Mauro-Coelho-petrobras.jpg\",\"contentUrl\":\"https:\/\/files.sunoresearch.com.br\/n\/uploads\/2022\/04\/Jose-Mauro-Coelho-petrobras.jpg\",\"width\":1200,\"height\":800,\"caption\":\"Petrobras: Jos\u00e9 Mauro Coelho \u00e9 confirmado no Conselho de Administra\u00e7\u00e3o da estatal. Foto: Reprodu\u00e7\u00e3o\"},{\"@type\":\"BreadcrumbList\",\"@id\":\"https:\/\/www.suno.com.br\/noticias\/petrobras-petr4-jose-mauro-coelho-aprovado-conselho\/#breadcrumb\",\"itemListElement\":[{\"@type\":\"ListItem\",\"position\":1,\"name\":\"Not\u00edcias\",\"item\":\"https:\/\/www.suno.com.br\/noticias\/\"},{\"@type\":\"ListItem\",\"position\":2,\"name\":\"Pol\u00edtica\",\"item\":\"https:\/\/www.suno.com.br\/noticias\/politica\/\"},{\"@type\":\"ListItem\",\"position\":3,\"name\":\"Petrobras (PETR4): confirmado no conselho, Jos\u00e9 Mauro Coelho deve assumir presid\u00eancia hoje\"}]},{\"@type\":\"WebSite\",\"@id\":\"https:\/\/www.suno.com.br\/noticias\/#website\",\"url\":\"https:\/\/www.suno.com.br\/noticias\/\",\"name\":\"Suno Not\u00edcias\",\"description\":\"Seu portal de informa\u00e7\u00e3o sobre o mundo dos investimentos\",\"publisher\":{\"@id\":\"https:\/\/www.suno.com.br\/noticias\/#organization\"},\"potentialAction\":[{\"@type\":\"SearchAction\",\"target\":{\"@type\":\"EntryPoint\",\"urlTemplate\":\"https:\/\/www.suno.com.br\/noticias\/?s={search_term_string}\"},\"query-input\":{\"@type\":\"PropertyValueSpecification\",\"valueRequired\":true,\"valueName\":\"search_term_string\"}}],\"inLanguage\":\"pt-BR\"},{\"@type\":\"Organization\",\"@id\":\"https:\/\/www.suno.com.br\/noticias\/#organization\",\"name\":\"Suno Not\u00edcias\",\"url\":\"https:\/\/www.suno.com.br\/noticias\/\",\"logo\":{\"@type\":\"ImageObject\",\"inLanguage\":\"pt-BR\",\"@id\":\"https:\/\/www.suno.com.br\/noticias\/#\/schema\/logo\/image\/\",\"url\":\"https:\/\/files.sunoresearch.com.br\/n\/uploads\/2021\/09\/suno-logo.png\",\"contentUrl\":\"https:\/\/files.sunoresearch.com.br\/n\/uploads\/2021\/09\/suno-logo.png\",\"width\":180,\"height\":180,\"caption\":\"Suno Not\u00edcias\"},\"image\":{\"@id\":\"https:\/\/www.suno.com.br\/noticias\/#\/schema\/logo\/image\/\"},\"sameAs\":[\"https:\/\/facebook.com\/sunoresearch\",\"https:\/\/x.com\/sunoresearch\",\"https:\/\/www.instagram.com\/suno\",\"https:\/\/www.linkedin.com\/company\/suno-research\/\",\"https:\/\/www.youtube.com\/c\/sunoresearch\"]},{\"@type\":\"Person\",\"@id\":\"https:\/\/www.suno.com.br\/noticias\/#\/schema\/person\/829bbe8d57f84333b966b96229c6bf5f\",\"name\":\"Marco Ant\u00f4nio Lopes\",\"image\":{\"@type\":\"ImageObject\",\"inLanguage\":\"pt-BR\",\"@id\":\"https:\/\/www.suno.com.br\/noticias\/#\/schema\/person\/image\/\",\"url\":\"https:\/\/secure.gravatar.com\/avatar\/385167b012fbc1cde32c5446ee253313?s=96&r=g\",\"contentUrl\":\"https:\/\/secure.gravatar.com\/avatar\/385167b012fbc1cde32c5446ee253313?s=96&r=g\",\"caption\":\"Marco Ant\u00f4nio Lopes\"},\"description\":\"Jornalista, \u00e9 editor no Suno Not\u00edcias. Trabalhou nas revistas Playboy, Super, Veja Comer &amp; Beber, Homem Vogue e Universo Masculino, al\u00e9m dos portais Abril.com, R7, nas editorias de Home, Esportes, Hora 7, Entretenimento e Geral, e Eu Quero Investir. Autor do livro Bruce Lee: Definitivo (Editora Conrad). Colaborou nas revistas Nova, Veja SP, Grandes Guerras, Placar, Bizz, Casa Claudia e Quatro Rodas.\",\"url\":\"https:\/\/www.suno.com.br\/noticias\/author\/marco-lopes\/\"}]}<\/script>\n<!-- \/ Yoast SEO plugin. -->","yoast_head_json":{"title":"Petrobras (PETR4): Jos\u00e9 Mauro Coelho \u00e9 aprovado para o conselho","description":"Assembleia da Petrobras (PETR4) confirmou o executivo no Conselho de Administra\u00e7\u00e3o, abrindo caminho para Jos\u00e9 Mauro ocupar a presid\u00eancia","robots":{"index":"index","follow":"follow","max-snippet":"max-snippet:-1","max-image-preview":"max-image-preview:large","max-video-preview":"max-video-preview:-1"},"canonical":"https:\/\/www.suno.com.br\/noticias\/petrobras-petr4-jose-mauro-coelho-aprovado-conselho\/","og_locale":"pt_BR","og_type":"article","og_title":"Petrobras (PETR4): Jos\u00e9 Mauro Coelho \u00e9 aprovado para o conselho","og_description":"Assembleia da Petrobras (PETR4) confirmou o executivo no Conselho de Administra\u00e7\u00e3o, abrindo caminho para Jos\u00e9 Mauro ocupar a presid\u00eancia","og_url":"https:\/\/www.suno.com.br\/noticias\/petrobras-petr4-jose-mauro-coelho-aprovado-conselho\/","og_site_name":"Suno Not\u00edcias","article_publisher":"https:\/\/facebook.com\/sunoresearch","og_image":[{"width":1200,"height":800,"url":"https:\/\/files.sunoresearch.com.br\/n\/uploads\/2022\/04\/Jose-Mauro-Coelho-petrobras.jpg","type":"image\/jpeg"}],"author":"Marco Ant\u00f4nio Lopes","twitter_card":"summary_large_image","twitter_creator":"@sunoresearch","twitter_site":"@sunoresearch","twitter_misc":{"Escrito por":"Marco Ant\u00f4nio Lopes","Est. tempo de leitura":"4 minutos"},"schema":{"@context":"https:\/\/schema.org","@graph":[{"@type":"NewsArticle","@id":"https:\/\/www.suno.com.br\/noticias\/petrobras-petr4-jose-mauro-coelho-aprovado-conselho\/#article","isPartOf":{"@id":"https:\/\/www.suno.com.br\/noticias\/petrobras-petr4-jose-mauro-coelho-aprovado-conselho\/"},"author":{"name":"Marco Ant\u00f4nio Lopes","@id":"https:\/\/www.suno.com.br\/noticias\/#\/schema\/person\/829bbe8d57f84333b966b96229c6bf5f"},"headline":"Petrobras (PETR4): confirmado no conselho, Jos\u00e9 Mauro Coelho deve assumir presid\u00eancia hoje","datePublished":"2022-04-14T02:28:48+00:00","dateModified":"2022-04-14T07:55:55+00:00","mainEntityOfPage":{"@id":"https:\/\/www.suno.com.br\/noticias\/petrobras-petr4-jose-mauro-coelho-aprovado-conselho\/"},"wordCount":762,"publisher":{"@id":"https:\/\/www.suno.com.br\/noticias\/#organization"},"image":{"@id":"https:\/\/www.suno.com.br\/noticias\/petrobras-petr4-jose-mauro-coelho-aprovado-conselho\/#primaryimage"},"thumbnailUrl":"https:\/\/files.sunoresearch.com.br\/n\/uploads\/2022\/04\/Jose-Mauro-Coelho-petrobras.jpg","keywords":["Petrobras (PETR4)"],"articleSection":["Pol\u00edtica"],"inLanguage":"pt-BR"},{"@type":"WebPage","@id":"https:\/\/www.suno.com.br\/noticias\/petrobras-petr4-jose-mauro-coelho-aprovado-conselho\/","url":"https:\/\/www.suno.com.br\/noticias\/petrobras-petr4-jose-mauro-coelho-aprovado-conselho\/","name":"Petrobras (PETR4): Jos\u00e9 Mauro Coelho \u00e9 aprovado para o conselho","isPartOf":{"@id":"https:\/\/www.suno.com.br\/noticias\/#website"},"primaryImageOfPage":{"@id":"https:\/\/www.suno.com.br\/noticias\/petrobras-petr4-jose-mauro-coelho-aprovado-conselho\/#primaryimage"},"image":{"@id":"https:\/\/www.suno.com.br\/noticias\/petrobras-petr4-jose-mauro-coelho-aprovado-conselho\/#primaryimage"},"thumbnailUrl":"https:\/\/files.sunoresearch.com.br\/n\/uploads\/2022\/04\/Jose-Mauro-Coelho-petrobras.jpg","datePublished":"2022-04-14T02:28:48+00:00","dateModified":"2022-04-14T07:55:55+00:00","description":"Assembleia da Petrobras (PETR4) confirmou o executivo no Conselho de Administra\u00e7\u00e3o, abrindo caminho para Jos\u00e9 Mauro ocupar a presid\u00eancia","breadcrumb":{"@id":"https:\/\/www.suno.com.br\/noticias\/petrobras-petr4-jose-mauro-coelho-aprovado-conselho\/#breadcrumb"},"inLanguage":"pt-BR","potentialAction":[{"@type":"ReadAction","target":["https:\/\/www.suno.com.br\/noticias\/petrobras-petr4-jose-mauro-coelho-aprovado-conselho\/"]}]},{"@type":"ImageObject","inLanguage":"pt-BR","@id":"https:\/\/www.suno.com.br\/noticias\/petrobras-petr4-jose-mauro-coelho-aprovado-conselho\/#primaryimage","url":"https:\/\/files.sunoresearch.com.br\/n\/uploads\/2022\/04\/Jose-Mauro-Coelho-petrobras.jpg","contentUrl":"https:\/\/files.sunoresearch.com.br\/n\/uploads\/2022\/04\/Jose-Mauro-Coelho-petrobras.jpg","width":1200,"height":800,"caption":"Petrobras: Jos\u00e9 Mauro Coelho \u00e9 confirmado no Conselho de Administra\u00e7\u00e3o da estatal. Foto: Reprodu\u00e7\u00e3o"},{"@type":"BreadcrumbList","@id":"https:\/\/www.suno.com.br\/noticias\/petrobras-petr4-jose-mauro-coelho-aprovado-conselho\/#breadcrumb","itemListElement":[{"@type":"ListItem","position":1,"name":"Not\u00edcias","item":"https:\/\/www.suno.com.br\/noticias\/"},{"@type":"ListItem","position":2,"name":"Pol\u00edtica","item":"https:\/\/www.suno.com.br\/noticias\/politica\/"},{"@type":"ListItem","position":3,"name":"Petrobras (PETR4): confirmado no conselho, Jos\u00e9 Mauro Coelho deve assumir presid\u00eancia hoje"}]},{"@type":"WebSite","@id":"https:\/\/www.suno.com.br\/noticias\/#website","url":"https:\/\/www.suno.com.br\/noticias\/","name":"Suno Not\u00edcias","description":"Seu portal de informa\u00e7\u00e3o sobre o mundo dos investimentos","publisher":{"@id":"https:\/\/www.suno.com.br\/noticias\/#organization"},"potentialAction":[{"@type":"SearchAction","target":{"@type":"EntryPoint","urlTemplate":"https:\/\/www.suno.com.br\/noticias\/?s={search_term_string}"},"query-input":{"@type":"PropertyValueSpecification","valueRequired":true,"valueName":"search_term_string"}}],"inLanguage":"pt-BR"},{"@type":"Organization","@id":"https:\/\/www.suno.com.br\/noticias\/#organization","name":"Suno Not\u00edcias","url":"https:\/\/www.suno.com.br\/noticias\/","logo":{"@type":"ImageObject","inLanguage":"pt-BR","@id":"https:\/\/www.suno.com.br\/noticias\/#\/schema\/logo\/image\/","url":"https:\/\/files.sunoresearch.com.br\/n\/uploads\/2021\/09\/suno-logo.png","contentUrl":"https:\/\/files.sunoresearch.com.br\/n\/uploads\/2021\/09\/suno-logo.png","width":180,"height":180,"caption":"Suno Not\u00edcias"},"image":{"@id":"https:\/\/www.suno.com.br\/noticias\/#\/schema\/logo\/image\/"},"sameAs":["https:\/\/facebook.com\/sunoresearch","https:\/\/x.com\/sunoresearch","https:\/\/www.instagram.com\/suno","https:\/\/www.linkedin.com\/company\/suno-research\/","https:\/\/www.youtube.com\/c\/sunoresearch"]},{"@type":"Person","@id":"https:\/\/www.suno.com.br\/noticias\/#\/schema\/person\/829bbe8d57f84333b966b96229c6bf5f","name":"Marco Ant\u00f4nio Lopes","image":{"@type":"ImageObject","inLanguage":"pt-BR","@id":"https:\/\/www.suno.com.br\/noticias\/#\/schema\/person\/image\/","url":"https:\/\/secure.gravatar.com\/avatar\/385167b012fbc1cde32c5446ee253313?s=96&r=g","contentUrl":"https:\/\/secure.gravatar.com\/avatar\/385167b012fbc1cde32c5446ee253313?s=96&r=g","caption":"Marco Ant\u00f4nio Lopes"},"description":"Jornalista, \u00e9 editor no Suno Not\u00edcias. Trabalhou nas revistas Playboy, Super, Veja Comer &amp; Beber, Homem Vogue e Universo Masculino, al\u00e9m dos portais Abril.com, R7, nas editorias de Home, Esportes, Hora 7, Entretenimento e Geral, e Eu Quero Investir. Autor do livro Bruce Lee: Definitivo (Editora Conrad). Colaborou nas revistas Nova, Veja SP, Grandes Guerras, Placar, Bizz, Casa Claudia e Quatro Rodas.","url":"https:\/\/www.suno.com.br\/noticias\/author\/marco-lopes\/"}]}},"default_loop_html":"<div class=\"cardsPage__listCard__boxs\"><div class=\"cardsPage__listCard__boxs__img\"><a href=\"https:\/\/www.suno.com.br\/noticias\/petrobras-petr4-presidente-ceo-coelho\/\"><img class=\"mask\" src=\"https:\/\/www.suno.com.br\/noticias\/wp-content\/themes\/suno\/resources\/images\/spotlight\/spotlight1img\/bg-mask.png\" alt=\"Image Mask\"\/><img src=\"https:\/\/files.sunoresearch.com.br\/n\/uploads\/2022\/04\/coelho-petro-1-400x200.jpg\" alt=\"Novo presidente da Petrobras (PETR4) tem experi\u00eancia e n\u00e3o far\u00e1 interven\u00e7\u00f5es, analisa Goldman Sachs\"\/><\/a><span class=\"spotlightCategory\"><a href=\"https:\/\/www.suno.com.br\/noticias\/negocios\/\">Neg\u00f3cios<\/a><\/span><\/div><div class=\"cardsPage__listCard__boxs__content\"><a href=\"https:\/\/www.suno.com.br\/noticias\/petrobras-petr4-presidente-ceo-coelho\/\"><h2 class=\"content__title\">Novo presidente da Petrobras (PETR4) tem experi\u00eancia e n\u00e3o far\u00e1 interven\u00e7\u00f5es, analisa Goldman Sachs<\/h2><\/a><div class=\"newsContent__article__meta\"><div class=\"newsContent__article__meta__authorBox\"><a href=\"https:\/\/www.suno.com.br\/noticias\/author\/eduardo-vargas\/\" class=\"authorBox__avatar noMobi\"><img src=\"https:\/\/secure.gravatar.com\/avatar\/dac340933427a22924c9f99d1eb2e3f2?s=96&#038;r=g\" alt=\"Eduardo Vargas\"><\/a><div class=\"authorBox__name\"><span>por\n\t\t\t<a href=\"https:\/\/www.suno.com.br\/noticias\/author\/eduardo-vargas\/\"><span itemprop=\"author\">Eduardo Vargas<\/span><\/a><\/span><time datetime=\"2022-04-07T16:45:47-03:00\" itemprop=\"datePublished\">07\/04\/2022 16:45<\/time><\/div><\/div><\/div><\/div><\/div>","single_layout":"posts","amp_enabled":true,"_links":{"self":[{"href":"https:\/\/www.suno.com.br\/noticias\/wp-json\/wp\/v2\/posts\/250813"}],"collection":[{"href":"https:\/\/www.suno.com.br\/noticias\/wp-json\/wp\/v2\/posts"}],"about":[{"href":"https:\/\/www.suno.com.br\/noticias\/wp-json\/wp\/v2\/types\/post"}],"author":[{"embeddable":true,"href":"https:\/\/www.suno.com.br\/noticias\/wp-json\/wp\/v2\/users\/98"}],"replies":[{"embeddable":true,"href":"https:\/\/www.suno.com.br\/noticias\/wp-json\/wp\/v2\/comments?post=250813"}],"version-history":[{"count":4,"href":"https:\/\/www.suno.com.br\/noticias\/wp-json\/wp\/v2\/posts\/250813\/revisions"}],"predecessor-version":[{"id":250838,"href":"https:\/\/www.suno.com.br\/noticias\/wp-json\/wp\/v2\/posts\/250813\/revisions\/250838"}],"wp:featuredmedia":[{"embeddable":true,"href":"https:\/\/www.suno.com.br\/noticias\/wp-json\/wp\/v2\/media\/250819"}],"wp:attachment":[{"href":"https:\/\/www.suno.com.br\/noticias\/wp-json\/wp\/v2\/media?parent=250813"}],"wp:term":[{"taxonomy":"category","embeddable":true,"href":"https:\/\/www.suno.com.br\/noticias\/wp-json\/wp\/v2\/categories?post=250813"},{"taxonomy":"post_tag","embeddable":true,"href":"https:\/\/www.suno.com.br\/noticias\/wp-json\/wp\/v2\/tags?post=250813"},{"taxonomy":"suno_strategy","embeddable":true,"href":"https:\/\/www.suno.com.br\/noticias\/wp-json\/wp\/v2\/suno_strategy?post=250813"}],"curies":[{"name":"wp","href":"https:\/\/api.w.org\/{rel}","templated":true}]}}