{"id":250795,"date":"2022-04-13T21:10:57","date_gmt":"2022-04-14T00:10:57","guid":{"rendered":"https:\/\/www.suno.com.br\/noticias\/?p=250795"},"modified":"2022-04-13T21:10:57","modified_gmt":"2022-04-14T00:10:57","slug":"radar-telefonica-vivt3-petrobras-petr4-iguatemi-igti11","status":"publish","type":"post","link":"https:\/\/www.suno.com.br\/noticias\/radar-telefonica-vivt3-petrobras-petr4-iguatemi-igti11\/","title":{"rendered":"Radar: Telef\u00f4nica (VIVT3) vai pagar R$ 150 mi em JCP, Petrobras (PETR4) atualiza dividendos, vendas da Iguatemi (IGTI11) no 1T22"},"content":{"rendered":"<p>A\u00a0<a href=\"https:\/\/www.suno.com.br\/acoes\/vivt3\/\"><strong>Telef\u00f4nica<\/strong>\u00a0(VIVT3)<\/a>\u00a0vai pagar R$ 150 milh\u00f5es em\u00a0<a class=\"suno-keyword\" href=\"https:\/\/www.suno.com.br\/artigos\/entenda-o-jcp\/\" target=\"_blank\" rel=\"noopener\" data-force=\"no\" data-priority=\"1\">Juros Sobre Capital Pr\u00f3prio<\/a>\u00a0(<strong>JCP<\/strong>) aos seus acionistas, segundo\u00a0<a class=\"suno-keyword\" href=\"https:\/\/www.suno.com.br\/artigos\/fato-relevante\/\" target=\"_blank\" rel=\"noopener\" data-force=\"no\" data-priority=\"1\">fato relevante<\/a>\u00a0divulgado nesta quarta-feira (13).<\/p>\t<div class=\"wrapper-featured-image\">\n\t\t<figure class=\"spotlightImg\">\n\n\t\t\t<picture>\n\t\t\t\t<source media=\"(max-width: 768px)\" srcset=\"https:\/\/files.sunoresearch.com.br\/n\/uploads\/2019\/09\/804d60e4-telef\u00f3nica-400x200.webp\">\n\t\t\t\t<img loading=\"lazy\" decoding=\"async\" class=\"newsContent__article__imgCapa lazyloadDisabled \" src=\"https:\/\/files.sunoresearch.com.br\/n\/uploads\/2019\/09\/804d60e4-telef\u00f3nica-800x450.webp\" width=\"800\" height=\"450\" alt=\"Radar: Telef\u00f4nica (VIVT3) vai pagar R$ 150 mi em JCP, Petrobras (PETR4) atualiza dividendos, vendas da Iguatemi (IGTI11) no 1T22\" fetchpriority=high \/>\n\t\t\t<\/picture>\n\n\t\t\t<figcaption class=\"wp-caption-text wp-caption-text--show\">Telef\u00f4nica (VIVT3). Foto: Divulga\u00e7\u00e3o<\/figcaption>\n\t\t<\/figure>\n\t<\/div>\n\n\n\t<p>\n\t\t<a href=\"\" target=\"_blank\" data-element=\"shortcode-suno-banner\" title=\"Banner SUNO, clique e saiba mais\">\n\t\t\t<picture>\n\t\t\t\t<source media=\"(max-width: 500px)\" srcset=\"\">\n\t\t\t\t<img class=\"newsContent__article__imgCapa newsContent__article__imgCapa--banner\"\n\t\t\t\t\tsrc=\"\"\n\t\t\t\t\tdata-promo-id=\"138420\"\t\t\t\t\t\t\t\t\t\t\t\t\t\t\talt=\"\"\n\t\t\t\t>\n\t\t\t<\/picture>\n\t\t<\/a>\n\t<\/p>\n\n\n<p>O valor dos proventos por a\u00e7\u00e3o ser\u00e1 de R$ 0,0896, que ser\u00e3o pagos at\u00e9 31 de julho de 2023.<\/p>\n<p>Apenas os investidores com\u00a0<strong>a\u00e7\u00f5es da Telef\u00f4nica<\/strong>\u00a0no dia 29 de abril de 2022 ter\u00e3o direito de receber os rendimentos. A partir do dia 2 de maio, as a\u00e7\u00f5es ser\u00e3o negociadas sem direito aos\u00a0<a class=\"suno-keyword\" href=\"https:\/\/www.suno.com.br\/guias\/dividendos\/\" target=\"_blank\" rel=\"noopener\" data-force=\"no\" data-priority=\"1\">dividendos<\/a>.<\/p>\n<p>Conforme documento arquivado na\u00a0<strong>Comiss\u00e3o de Valores Mobili\u00e1rios<\/strong>\u00a0(CVM), esses proventos fazem parte dos dividendos obrigat\u00f3rios do exerc\u00edcio de 2022.<\/p>\n<p>O valor dos JCP ter\u00e1 reten\u00e7\u00e3o do imposto de renda na fonte, com al\u00edquota de 15%, resultando em aproximadamente R$ 0,07617\u00a0por a\u00e7\u00e3o, totalizando JCP de R$ 127,5 milh\u00f5es.<\/p>\n<ul>\n<li>Valor total: R$ 150 milh\u00f5es<\/li>\n<li>Valor por a\u00e7\u00e3o: R$ 0,0896<\/li>\n<li>Data de corte: 29 de abril<\/li>\n<li>Data do pagamento: at\u00e9 31 de julho de 2023<\/li>\n<li>Rendimento (dividend yield): 6,5%<\/li>\n<\/ul>\n<p>Al\u00e9m de\u00a0<strong>Telef\u00f4nica<\/strong>, confira outros destaques desta quarta-feira:<\/p>\n<h2>Petrobras (PETR4) atualiza valor por a\u00e7\u00e3o de dividendos complementares<\/h2>\n<ul>\n<li>A <strong>Petrobras<\/strong>\u00a0(PETR4) aprovou, em Assembleia Geral Ordin\u00e1ria, o pagamento de\u00a0<a class=\"suno-keyword\" href=\"https:\/\/www.suno.com.br\/guias\/dividendos\/\" target=\"_blank\" rel=\"noopener\" data-force=\"no\" data-priority=\"1\">dividendos<\/a>\u00a0complementares aos seus acionistas, conforme\u00a0<a class=\"suno-keyword\" href=\"https:\/\/www.suno.com.br\/artigos\/fato-relevante\/\" target=\"_blank\" rel=\"noopener\" data-force=\"no\" data-priority=\"1\">fato relevante<\/a>\u00a0divulgado nesta quarta-feira (13). O valor dos dividendos ser\u00e1 de R$ 2,942, por a\u00e7\u00e3o ordin\u00e1ria (PETR3) ou preferencial (PETR4) em circula\u00e7\u00e3o.<\/li>\n<li>Com isso, a remunera\u00e7\u00e3o total aos<strong>\u00a0acionistas da Petrobras<\/strong>, referente ao\u00a0<a class=\"suno-keyword\" href=\"https:\/\/www.suno.com.br\/artigos\/exercicio-social\/\" target=\"_blank\" rel=\"noopener\" data-force=\"no\" data-priority=\"1\">exerc\u00edcio social<\/a>\u00a0de 2021, ser\u00e1 de R$ 7,7732 por a\u00e7\u00e3o ON e PN, com rendimento de 27%. O valor considera as antecipa\u00e7\u00f5es j\u00e1 realizadas ao longo de 2021.<\/li>\n<li>A Petrobras destaca que, com a atualiza\u00e7\u00e3o monet\u00e1ria pela taxa b\u00e1sica de juros, a <strong>Selic<\/strong>, do \u00faltimo dia de dezembro de 2021 at\u00e9 hoje, o valor tem um acr\u00e9scimo de R$ 0,0811879 por a\u00e7\u00e3o. Portanto, o valor total bruto a ser distribu\u00eddo aos acionistas, com a atualiza\u00e7\u00e3o monet\u00e1ria, \u00e9 equivalente a R$ 2,9422641 por a\u00e7\u00e3o \u2013 o original era de R$ 2,861.<\/li>\n<li>O pagamento dos <strong>dividendos da Petrobras<\/strong>\u00a0ser\u00e1 em parcela \u00fanica, no dia 16 de maio de 2022 para os acionistas dos pap\u00e9is negociados na\u00a0<a class=\"suno-keyword\" href=\"https:\/\/www.suno.com.br\/acoes\/B3SA3\/\" target=\"_blank\" rel=\"noopener\" data-force=\"yes\" data-priority=\"2\">B3 (B3SA3)<\/a>. J\u00e1 para os acionistas dos recibos de a\u00e7\u00f5es (ADRs) da Petrobras listadas em Nova York, a data de pagamento ser\u00e1 o dia 23 de maio de 2022.<\/li>\n<li>Apenas os investidores com posi\u00e7\u00e3o comprada em a\u00e7\u00f5es negociadas na B3 ao final do preg\u00e3o de <strong>hoje<\/strong>, 13 de abril de 2022, ter\u00e3o direito a receber os dividendos da Petrobras. J\u00e1 para as ADRs, a data-base para os dividendos \u00e9 o dia 18 de abril de 2022.<\/li>\n<li>As <strong>a\u00e7\u00f5es da petroleira<\/strong>\u00a0tanto na B3 como em Nova York passam a ser negociadas \u201c<strong>ex-dividendos<\/strong>\u201c, ou seja, sem direito aos proventos, ser\u00e1 dia 14 de abril de 2022.<\/li>\n<li>Segundo documento arquivado na <a class=\"suno-keyword\" href=\"https:\/\/www.suno.com.br\/artigos\/cvm\/\" target=\"_blank\" rel=\"noopener\" data-force=\"no\" data-priority=\"2\">Comiss\u00e3o de Valores Mobili\u00e1rios (CVM)<\/a>, os\u00a0<strong>dividendos complementares<\/strong>\u00a0da Petrobras s\u00e3o relativos ao exerc\u00edcio social que se encerrou em 31 de dezembro de 2021.<\/li>\n<\/ul>\n\t<p>\n\t\t<a href=\"https:\/\/lp.suno.com.br\/planilha-controle-gastos\/\" target=\"_blank\" data-element=\"shortcode-suno-banner\" title=\"Banner SUNO, clique e saiba mais\">\n\t\t\t<picture>\n\t\t\t\t<source media=\"(max-width: 500px)\" srcset=\"https:\/\/files.sunoresearch.com.br\/n\/uploads\/2023\/03\/400x300-Planilha-controle-de-gastos.png\">\n\t\t\t\t<img class=\"newsContent__article__imgCapa newsContent__article__imgCapa--banner\"\n\t\t\t\t\tsrc=\"https:\/\/files.sunoresearch.com.br\/n\/uploads\/2023\/03\/1420x240-Planilha-controle-de-gastos.png\"\n\t\t\t\t\tdata-promo-id=\"101751\"\t\t\t\t\t\t\t\t\t\twidth='1420' height='240'\t\t\t\t\talt=\"https:\/\/files.sunoresearch.com.br\/n\/uploads\/2023\/03\/1420x240-Planilha-controle-de-gastos.png\"\n\t\t\t\t>\n\t\t\t<\/picture>\n\t\t<\/a>\n\t<\/p>\n\n\n<h2>Tegma (TGMA3) pagar\u00e1 R$ 22,3 milh\u00f5es em dividendos; veja valores<\/h2>\n<ul>\n<li>A <strong>Tegma\u00a0<\/strong>(TGMA3) vai pagar R$ 22,3 milh\u00f5es em proventos aos seus acionistas, ap\u00f3s aprova\u00e7\u00e3o em\u00a0<a class=\"suno-keyword\" href=\"https:\/\/www.suno.com.br\/artigos\/assembleia-geral-ordinaria\/\" target=\"_blank\" rel=\"noopener\" data-force=\"no\" data-priority=\"1\">Assembleia Geral Ordin\u00e1ria<\/a>\u00a0(AGO) pelo\u00a0<a class=\"suno-keyword\" href=\"https:\/\/www.suno.com.br\/artigos\/conselho-administracao\/\" target=\"_blank\" rel=\"noopener\" data-force=\"no\" data-priority=\"1\">Conselho de Administra\u00e7\u00e3o<\/a>\u00a0nesta quarta-feira (13).<\/li>\n<li>A empresa destaca que do valor total R$ 16,7 milh\u00f5es ser\u00e3o pagos como <strong><a class=\"suno-keyword\" href=\"https:\/\/www.suno.com.br\/guias\/dividendos\/\" target=\"_blank\" rel=\"noopener\" data-force=\"no\" data-priority=\"1\">dividendos<\/a><\/strong>\u00a0e o restante, de R$ 5,5 milh\u00f5es, em\u00a0<a class=\"suno-keyword\" href=\"https:\/\/www.suno.com.br\/artigos\/entenda-o-jcp\/\" target=\"_blank\" rel=\"noopener\" data-force=\"no\" data-priority=\"1\">Juros Sobre Capital Pr\u00f3prio<\/a>\u00a0(<strong>JCP<\/strong>).<\/li>\n<li>O valor dos proventos por a\u00e7\u00e3o ser\u00e1 de R$ 0,33877, que ser\u00e3o pagos em 27 de abril de 2024.<\/li>\n<li>Apenas os investidores com <strong>a\u00e7\u00f5es da Tegma<\/strong>\u00a0no dia de hoje, 13 de abril, ter\u00e3o direito de receber os rendimentos. A partir do dia 14 de abril, as a\u00e7\u00f5es ser\u00e3o negociadas sem direito aos dividendos.<\/li>\n<li>Segundo documento arquivado na <strong>Comiss\u00e3o de Valores Mobili\u00e1rios (CVM)<\/strong>, esses proventos fazem parte dos dividendos obrigat\u00f3rios do exerc\u00edcio de 2022.<\/li>\n<li>Valor total: R$ 22.338.139,13<\/li>\n<li>Valor por a\u00e7\u00e3o: R$ 0,3387760680<\/li>\n<li>Data de corte: 13 de abril<\/li>\n<li>Data do pagamento: 27 de abril de 2024<\/li>\n<li>Rendimento (dividend yield): 5,43%<\/li>\n<\/ul>\n\t<p>\n\t\t<a href=\"https:\/\/lp.suno.com.br\/planilha-da-vida-financeira\/\" target=\"_blank\" data-element=\"shortcode-suno-banner\" title=\"Banner SUNO, clique e saiba mais\">\n\t\t\t<picture>\n\t\t\t\t<source media=\"(max-width: 500px)\" srcset=\"https:\/\/files.sunoresearch.com.br\/n\/uploads\/2023\/04\/400x300-Planilha-vida-financeira-true.png\">\n\t\t\t\t<img class=\"newsContent__article__imgCapa newsContent__article__imgCapa--banner\"\n\t\t\t\t\tsrc=\"https:\/\/files.sunoresearch.com.br\/n\/uploads\/2023\/04\/1420x240-Planilha-vida-financeira-true.png\"\n\t\t\t\t\tdata-promo-id=\"106682\"\t\t\t\t\t\t\t\t\t\twidth='1420' height='240'\t\t\t\t\talt=\"https:\/\/files.sunoresearch.com.br\/n\/uploads\/2023\/04\/1420x240-Planilha-vida-financeira-true.png\"\n\t\t\t\t>\n\t\t\t<\/picture>\n\t\t<\/a>\n\t<\/p>\n\n\n<h2>Empresa abre not\u00edcia-crime contra Tanure no processo de compra da Alliar (AALR3), diz jornal<\/h2>\n<ul>\n<li>O empres\u00e1rio <strong><a class=\"suno-keyword\" href=\"https:\/\/www.suno.com.br\/tudo-sobre\/nelson-tanure\/\" target=\"_blank\" rel=\"noopener\" data-force=\"no\" data-priority=\"2\">Nelson Tanure<\/a><\/strong>\u00a0pode ser investigado por uma not\u00edcia-crime no Minist\u00e9rio P\u00fablico de S\u00e3o Paulo no processo de compra da \u00a0<a class=\"suno-keyword\" href=\"https:\/\/www.suno.com.br\/acoes\/AALR3\/\" target=\"_blank\" rel=\"noopener\" data-force=\"yes\" data-priority=\"2\">Alliar (AALR3)<\/a>, empresa de medicina diagn\u00f3stica controlada hoje por ele. As informa\u00e7\u00f5es s\u00e3o do colunista Lauro Jardim, de O Globo. A gestora Esh Capital abriu a queixa contra Tanure acusando-o de\u00a0<em><a class=\"suno-keyword\" href=\"https:\/\/www.suno.com.br\/artigos\/insider-trading\/\" target=\"_blank\" rel=\"noopener\" data-force=\"no\" data-priority=\"1\">insider trading<\/a><\/em>, pr\u00e1tica que utiliza irregularmente dados privilegiados do mercado para conseguir lucro.<\/li>\n<li>De acordo com Jardim, a Esh, do <strong>gestor Vladimir Timerman<\/strong>, quer que o MP apure se Tanure recebeu essas informa\u00e7\u00f5es, lesando s\u00f3cios e\u00a0<strong>minorit\u00e1rios da Alliar<\/strong>, e que ele seja ouvido em depoimento. O colunista de O Globo diz que Timerman considera que os promotores deveriam suspender o empres\u00e1rio de transa\u00e7\u00f5es financeiras.<\/li>\n<li>Na \u00faltima segunda-feira, a Alliar se pronunciou dizendo que a <strong>opera\u00e7\u00e3o com Tanure<\/strong>\u00a0n\u00e3o tem ilegalidades e ser\u00e1 efetivada. \u201cForam cumpridas e satisfeitas todas as condi\u00e7\u00f5es suspensivas estabelecidas no contrato de compra e venda da Alliar e o fechamento da opera\u00e7\u00e3o deve ocorrer em at\u00e9 5 dias \u00fateis contados desde 8 de abril de 2022\u201d, comunicou a companhia.<\/li>\n<li>Em 30 de mar\u00e7o, a <a class=\"suno-keyword\" href=\"https:\/\/www.suno.com.br\/artigos\/cvm\/\" target=\"_blank\" rel=\"noopener\" data-force=\"no\" data-priority=\"2\">Comiss\u00e3o de Valores Mobili\u00e1rios (CVM)<\/a>\u00a0divulgou que iria investigar den\u00fancia feita tamb\u00e9m pela Esh Capital, que apontava o uso de informa\u00e7\u00f5es privilegiadas pelos\u00a0<strong>fundos ligados a Tanure<\/strong>\u00a0na aquisi\u00e7\u00e3o do controle da\u00a0Alliar.<\/li>\n<li>Segundo o portal Pipeline, a <strong>CVM<\/strong>\u00a0considerou que a reclama\u00e7\u00e3o da Esh \u201cparece se configurar leg\u00edtima\u201d e merecia uma apura\u00e7\u00e3o mais detalhada por parte da autarquia.<\/li>\n<li>O <em>insider trading<\/em>\u00a0teria acontecido no fim do ano passado, de acordo com o Pipeline, quando Nelson Tanure negociava a\u00a0<a class=\"suno-keyword\" href=\"https:\/\/www.suno.com.br\/artigos\/compra-de-acoes\/\" target=\"_blank\" rel=\"noopener\" data-force=\"no\" data-priority=\"1\">compra de a\u00e7\u00f5es<\/a>\u00a0do bloco de<strong>\u00a0controle da Alliar<\/strong>. Na \u00e9poca, saiu na m\u00eddia que os pap\u00e9is seriam adquiridos pelo pre\u00e7o de R$ 20,50.<\/li>\n<li>Por\u00e9m, a cota\u00e7\u00e3o estava muito abaixo desse valor, em torno de R$ 13,00, e as a\u00e7\u00f5es dispararam na Bolsa, visto que os acionistas minorit\u00e1rios esperavam uma <a class=\"suno-keyword\" href=\"https:\/\/www.suno.com.br\/artigos\/oferta-publica-aquisicao\/\" target=\"_blank\" rel=\"noopener\" data-force=\"no\" data-priority=\"1\">oferta p\u00fablica de aquisi\u00e7\u00e3o<\/a>\u00a0(<strong>OPA<\/strong>), por se tratar do controle da Alliar, e correram para \u201ccorrigir\u201d o valor da a\u00e7\u00e3o.<\/li>\n<li>\u201cEnquanto os minorit\u00e1rios compravam, esperando a OPA, os <strong>fundos de Tanure<\/strong>\u00a0vendiam, realizando lucro daquela alta\u201d, diz a mat\u00e9ria do Pipeline.<\/li>\n<\/ul>\n<p><a href=\"https:\/\/lp.suno.com.br\/ebook-como-analisar-uma-acao\/\" target=\"_blank\" rel=\"noopener\" data-element=\"shortcode-suno-banner\" data-parameter=\"banner-mat-3-https:\/\/lp.suno.com.br\/ebook-como-analisar-uma-acao\/\"><picture><source srcset=\"https:\/\/files.sunoresearch.com.br\/n\/uploads\/2021\/10\/Banner-MOBILEebook-acoes-400x300.jpg\" media=\"(max-width: 500px)\" \/><\/picture><\/a><\/p>\n\t<p>\n\t\t<a href=\"https:\/\/lp.suno.com.br\/ebook-como-analisar-uma-acao\/\" target=\"_blank\" data-element=\"shortcode-suno-banner\" title=\"Banner SUNO, clique e saiba mais\">\n\t\t\t<picture>\n\t\t\t\t<source media=\"(max-width: 500px)\" srcset=\"https:\/\/files.sunoresearch.com.br\/n\/uploads\/2023\/03\/Ebook-Acoes-Mobile-1.jpg\">\n\t\t\t\t<img class=\"newsContent__article__imgCapa newsContent__article__imgCapa--banner\"\n\t\t\t\t\tsrc=\"https:\/\/files.sunoresearch.com.br\/n\/uploads\/2023\/03\/Ebook-Acoes-Desktop-1.jpg\"\n\t\t\t\t\tdata-promo-id=\"171998\"\t\t\t\t\t\t\t\t\t\twidth='1420' height='286'\t\t\t\t\talt=\"https:\/\/files.sunoresearch.com.br\/n\/uploads\/2023\/03\/Ebook-Acoes-Desktop-1.jpg\"\n\t\t\t\t>\n\t\t\t<\/picture>\n\t\t<\/a>\n\t<\/p>\n\n\n<h2>Google (GOGL34) \u00e9 a marca mais influente do Brasil, segundo a Ipsos; veja o ranking completo<\/h2>\n<ul>\n<li>Em sua nona edi\u00e7\u00e3o, o estudo \u201c<em>The Most Influential Brands<\/em>\u201d no Brasil, realizado pela Ipsos, um dos maiores institutos de pesquisa de mercado do mundo, apontou quais s\u00e3o as marcas mais influentes para os brasileiros. O\u00a0<strong>Google<\/strong>\u00a0(<a class=\"suno-keyword\" href=\"https:\/\/www.suno.com.br\/bdrs\/gogl34\/\" target=\"_blank\" rel=\"noopener\" data-force=\"yes\" data-priority=\"2\">GOGL34<\/a>) se consagrou bicampe\u00e3o e encabe\u00e7ou a lista pelo segundo ano consecutivo.<\/li>\n<li>As empresas de tecnologia refor\u00e7aram a sua relev\u00e2ncia no cotidiano do Pa\u00eds e levaram oito das dez primeiras posi\u00e7\u00f5es do ranking. Depois do Google, o top 3 \u00e9 composto por <strong>Samsung<\/strong>\u00a0e\u00a0<strong>YouTube<\/strong>\u00a0\u2013 que tamb\u00e9m figuraram em 2020, na terceira e segunda posi\u00e7\u00e3o, respectivamente.<\/li>\n<li>A <strong>Ipsos<\/strong>\u00a0analisou seis dimens\u00f5es para avaliar a influ\u00eancia das marcas: Inova\u00e7\u00e3o, Confian\u00e7a, Presen\u00e7a, Responsabilidade social, Engajamento Online e o desempenho de cada uma durante a pandemia por meio de uma dimens\u00e3o denominada Covid.<\/li>\n<li><strong>Marcos Calliari<\/strong>, CEO da Ipsos no Brasil, destaca que o objetivo da pesquisa n\u00e3o \u00e9 indicar posi\u00e7\u00f5es de marcas no mercado, mas entender a real influ\u00eancia que essas empresas t\u00eam na vida dos brasileiros. Segundo ele, marcas influentes s\u00e3o vistas e ouvidas \u2013 por\u00e9m, ser vista tamb\u00e9m \u00e9 influenciar, inspirar e estimular o engajamento do seu consumidor.<\/li>\n<li>\u201cEstas marcas n\u00e3o vendem apenas servi\u00e7os ou produtos, mas, tamb\u00e9m, formam opini\u00e3o e estabelecem modelos de comportamento a serem seguidos\u201d, diz Calliari.<\/li>\n<li>Top 10 marcas mais influentes no Brasil:<\/li>\n<li>Google<\/li>\n<li>Samsung<\/li>\n<li>YouTube<\/li>\n<li>Netflix<\/li>\n<li>Americanas<\/li>\n<li>Amazon<\/li>\n<li>Facebook (Meta) e Mastercard (empatadas)<\/li>\n<li>Natura e Nestl\u00e9 (empatadas)<\/li>\n<li>Mercado Livre<\/li>\n<li>Microsoft<\/li>\n<li>Neste ano, o ranking \u00e9 composto por dois nomes nacionais por fortes motivos: a <a href=\"https:\/\/www.suno.com.br\/acoes\/AMER3\/\" target=\"_blank\" rel=\"noopener\"><strong>Americanas<\/strong>\u00a0(AMER3)<\/a>\u00a0foi um dos maiores destaques na dimens\u00e3o de Engajamento Online e a\u00a0<a class=\"suno-keyword\" href=\"https:\/\/www.suno.com.br\/acoes\/NTCO3\/\" target=\"_blank\" rel=\"noopener\" data-force=\"yes\" data-priority=\"2\"><strong>Natura<\/strong>\u00a0(NTCO3)<\/a>, a marca mais associada \u00e0 Responsabilidade Social, entre todas as analisadas na pesquisa.<\/li>\n<li>Enquanto <strong>Google<\/strong>, Samsung e YouTube revezam o top 3 pelo segundo ano, o Botic\u00e1rio e Colgate, que estavam na \u00faltima pesquisa, perderam espa\u00e7o em 2022.<\/li>\n<\/ul>\n<h2>Iguatemi (IGTI11): vendas no 1T22 superam n\u00edveis pr\u00e9-pandemia<\/h2>\n<ul>\n<li>O <a href=\"https:\/\/www.suno.com.br\/acoes\/igti11\/\"><strong>Iguatemi<\/strong>\u00a0(IGTI11)<\/a>\u00a0divulgou nesta quarta-feira (13) que as\u00a0<strong>vendas totais do primeiro trimestre de 2022<\/strong>\u00a0(1T22) totalizaram R$ 3,3 bilh\u00f5es. No total, houve um aumento de 14,8% em rela\u00e7\u00e3o ao mesmo per\u00edodo de 2019, considerado um recorde no per\u00edodo. O resultado, portanto, supera n\u00edveis pr\u00e9-pandemia.<\/li>\n<li>Os n\u00fameros individuais de vendas de janeiro, fevereiro e mar\u00e7o foram de 6%, 15% e 23,3% acima do mesmo per\u00edodo de 2019. Ou seja, os resultados gradualmente evolu\u00edram e mostram uma perspectiva otimista para a <strong>recupera\u00e7\u00e3o p\u00f3s pandemia<\/strong>.<\/li>\n<li>O Iguatemi ressaltou que os dois primeiros meses de 2022 ainda sofreram impacto pela variante \u00d4micron do Covid-19, enquanto mar\u00e7o foi marcado pelo fim da obrigatoriedade do uso de m\u00e1scaras.<\/li>\n<li>Mesmo com as vendas acima da base de compara\u00e7\u00e3o pr\u00e9 pandemia, a taxa de ocupa\u00e7\u00e3o e o fluxo de ve\u00edculos ainda continuam abaixo da m\u00e9dia de igual per\u00edodo.<\/li>\n<li>Em <strong>vendas de mesmas lojas<\/strong>\u00a0(SSS, em ingl\u00eas), o Iguatemi registrou uma alta de 14,6% sobre o 1T19, com a \u00fanica exce\u00e7\u00e3o individual em mar\u00e7o, com o mesmo valor de 2022: 23%.<\/li>\n<li>Outros destaques da compara\u00e7\u00e3o sobre o per\u00edodo pr\u00e9-pandemia foram as \u00e1reas de moda, cal\u00e7ados, artigos de couro (+31,6%) e artigos diversos, sa\u00fade &amp; beleza e joalherias (+20,5%). Mas o SSS apontou retra\u00e7\u00e3o em artigos para o lar, livraria e papelaria e info (-11,2%) e servi\u00e7os, entretenimento e outros (-11,6%).<\/li>\n<li>Mais: os SSS dos lojistas \u00e2ncora e outros lojistas cresceram +5,5% e +16,8%, respectivamente, em rela\u00e7\u00e3o a 2019.<\/li>\n<li>J\u00e1 sobre o primeiro trimestre de 2021, o SSS consolidado cresceu 70,8%. Por categorias, os destaques ficam com os segmentos de moda, cal\u00e7ados, artigos de couro (+96,4%), alimenta\u00e7\u00e3o (+88%), artigos para o lar, livraria e papelaria (+44,1%), artigos diversos, sa\u00fade % beleza e joalherias (+52%) e servi\u00e7os e entretenimento (+36%).<\/li>\n<li>Em relat\u00f3rio divulgado pela <strong>XP Investimentos<\/strong>, os\u00a0<strong>resultados do Iguatemi<\/strong>\u00a0s\u00e3o vistos positivamente. Na opini\u00e3o dos analistas, apesar da taxa m\u00e9dia de ocupa\u00e7\u00e3o e fluxo de ve\u00edculos do 1\u00ba trimestre de 2022 ainda estarem abaixo do n\u00edvel pr\u00e9-pandemia, \u201cdeixam espa\u00e7o para crescimento futuro\u201d.<\/li>\n<li>Al\u00e9m disso, o relat\u00f3rio aponta que v\u00ea um upside interessante para as a\u00e7\u00f5es por causa da reabertura, que est\u00e1 acelerando rapidamente e al\u00e9m do esperado para o Iguatemi, \u201cimpulsionada pelo posicionamento da empresa no segmento de alto padr\u00e3o e pela resili\u00eancia do desempenho do portf\u00f3lio em rela\u00e7\u00e3o \u00e0 ind\u00fastria\u201d, afirma o texto.<\/li>\n<li>\u201cA Iguatemi apresentou s\u00f3lida pr\u00e9via de vendas no 1T22, com o recorde de vendas do primeiro trimestre atingindo R$ 3,3 bilh\u00f5es (+14,8% vs. 1T19). Mar\u00e7o de 2022 foi o principal destaque, com vendas aumentando 23,3% em rela\u00e7\u00e3o a mar\u00e7o de 2019, puxadas pelo al\u00edvio de restri\u00e7\u00f5es e maior exposi\u00e7\u00e3o no segmento de alto padr\u00e3o, que vemos como mais resiliente na recupera\u00e7\u00e3o p\u00f3s-pandemia\u201d, diz o analista da XP, Ygor Altero, que assinou o texto.<\/li>\n<li>A XP reitera a recomenda\u00e7\u00e3o de <strong>compra das a\u00e7\u00f5es do Iguatemi<\/strong>, ao\u00a0<a class=\"suno-keyword\" href=\"https:\/\/www.suno.com.br\/artigos\/preco-alvo\/\" target=\"_blank\" rel=\"noopener\" data-force=\"no\" data-priority=\"1\">pre\u00e7o alvo<\/a>\u00a0de R$ 28,00\/a\u00e7\u00e3o.<\/li>\n<\/ul>\n<p>Da\u00a0<b>Telef\u00f4nica <\/b>ao Iguatemi, essas foram as empresas que se destacaram hoje. Para ler todas as mat\u00e9rias <b data-stringify-type=\"bold\"><a class=\"c-link\" tabindex=\"-1\" href=\"https:\/\/www.suno.com.br\/noticias\/\" target=\"_blank\" rel=\"noopener noreferrer\" data-stringify-link=\"https:\/\/www.suno.com.br\/noticias\/\" data-sk=\"tooltip_parent\" data-remove-tab-index=\"true\">clique aqui<\/a><\/b>.<\/p>\n\t<p>\n\t\t<a href=\"https:\/\/lp.suno.com.br\/planilha-de-controle-de-investimentos\/\" target=\"_blank\" data-element=\"shortcode-suno-banner\" title=\"Banner SUNO, clique e saiba mais\">\n\t\t\t<picture>\n\t\t\t\t<source media=\"(max-width: 500px)\" srcset=\"https:\/\/files.sunoresearch.com.br\/n\/uploads\/2023\/03\/400x300-Controle-de-Investimentos.png\">\n\t\t\t\t<img class=\"newsContent__article__imgCapa newsContent__article__imgCapa--banner\"\n\t\t\t\t\tsrc=\"https:\/\/files.sunoresearch.com.br\/n\/uploads\/2023\/03\/1420x240-Controle-de-Investimentos.png\"\n\t\t\t\t\tdata-promo-id=\"75934\"\t\t\t\t\t\t\t\t\t\twidth='1420' height='240'\t\t\t\t\talt=\"https:\/\/files.sunoresearch.com.br\/n\/uploads\/2023\/03\/1420x240-Controle-de-Investimentos.png\"\n\t\t\t\t>\n\t\t\t<\/picture>\n\t\t<\/a>\n\t<\/p>\n\n\n","protected":false},"excerpt":{"rendered":"<p>A\u00a0Telef\u00f4nica\u00a0(VIVT3)\u00a0vai pagar R$ 150 milh\u00f5es em\u00a0Juros Sobre Capital Pr\u00f3prio\u00a0(JCP) aos seus acionistas, segundo\u00a0fato relevante\u00a0divulgado nesta quarta-feira (13). Telef\u00f4nica (VIVT3). Foto: Divulga\u00e7\u00e3o O valor dos proventos por a\u00e7\u00e3o ser\u00e1 de R$ 0,0896, que ser\u00e3o pagos at\u00e9 31 de julho de 2023. Apenas os investidores com\u00a0a\u00e7\u00f5es da Telef\u00f4nica\u00a0no dia 29 de abril de 2022 ter\u00e3o direito de [&hellip;]<\/p>\n","protected":false},"author":146,"featured_media":38053,"comment_status":"closed","ping_status":"closed","sticky":false,"template":"","format":"standard","meta":[],"categories":[64],"tags":[92617,701,106934,595,655,659],"suno_strategy":[],"class_list":["post-250795","post","type-post","status-publish","format-standard","has-post-thumbnail","hentry","category-negocios","tag-alliar-aalr3","tag-google","tag-iguatemi-igti3","tag-petrobras-petr4","tag-tegma-tgma3","tag-telefonica-vivt3"],"yoast_head":"<!-- This site is optimized with the Yoast SEO plugin v24.4 - https:\/\/yoast.com\/wordpress\/plugins\/seo\/ -->\n<title>Radar: Telef\u00f4nica (VIVT3) pagar\u00e1 R$ 150 mi em JCP, Petrobras (PETR4) atualiza dividendos<\/title>\n<meta name=\"description\" content=\"A\u00a0Telef\u00f4nica\u00a0(VIVT3)\u00a0vai pagar R$ 150 milh\u00f5es em\u00a0Juros Sobre Capital Pr\u00f3prio\u00a0(JCP) aos seus acionistas. Veja esta e mais not\u00edcias aqui.\" \/>\n<meta name=\"robots\" content=\"index, follow, max-snippet:-1, max-image-preview:large, max-video-preview:-1\" \/>\n<link rel=\"canonical\" href=\"https:\/\/www.suno.com.br\/noticias\/radar-telefonica-vivt3-petrobras-petr4-iguatemi-igti11\/\" \/>\n<meta property=\"og:locale\" content=\"pt_BR\" \/>\n<meta property=\"og:type\" content=\"article\" \/>\n<meta property=\"og:title\" content=\"Radar: Telef\u00f4nica (VIVT3) pagar\u00e1 R$ 150 mi em JCP, Petrobras (PETR4) atualiza dividendos\" \/>\n<meta property=\"og:description\" content=\"A\u00a0Telef\u00f4nica\u00a0(VIVT3)\u00a0vai pagar R$ 150 milh\u00f5es em\u00a0Juros Sobre Capital Pr\u00f3prio\u00a0(JCP) aos seus acionistas. Veja esta e mais not\u00edcias aqui.\" \/>\n<meta property=\"og:url\" content=\"https:\/\/www.suno.com.br\/noticias\/radar-telefonica-vivt3-petrobras-petr4-iguatemi-igti11\/\" \/>\n<meta property=\"og:site_name\" content=\"Suno Not\u00edcias\" \/>\n<meta property=\"article:publisher\" content=\"https:\/\/facebook.com\/sunoresearch\" \/>\n<meta property=\"og:image\" content=\"https:\/\/files.sunoresearch.com.br\/n\/uploads\/2019\/09\/804d60e4-telef\u00f3nica.jpg\" \/>\n\t<meta property=\"og:image:width\" content=\"4288\" \/>\n\t<meta property=\"og:image:height\" content=\"2079\" \/>\n\t<meta property=\"og:image:type\" content=\"image\/jpeg\" \/>\n<meta name=\"author\" content=\"Vict\u00f3ria Anhesini\" \/>\n<meta name=\"twitter:card\" content=\"summary_large_image\" \/>\n<meta name=\"twitter:creator\" content=\"@sunoresearch\" \/>\n<meta name=\"twitter:site\" content=\"@sunoresearch\" \/>\n<meta name=\"twitter:label1\" content=\"Escrito por\" \/>\n\t<meta name=\"twitter:data1\" content=\"Vict\u00f3ria Anhesini\" \/>\n\t<meta name=\"twitter:label2\" content=\"Est. tempo de leitura\" \/>\n\t<meta name=\"twitter:data2\" content=\"9 minutos\" \/>\n<script type=\"application\/ld+json\" class=\"yoast-schema-graph\">{\"@context\":\"https:\/\/schema.org\",\"@graph\":[{\"@type\":\"NewsArticle\",\"@id\":\"https:\/\/www.suno.com.br\/noticias\/radar-telefonica-vivt3-petrobras-petr4-iguatemi-igti11\/#article\",\"isPartOf\":{\"@id\":\"https:\/\/www.suno.com.br\/noticias\/radar-telefonica-vivt3-petrobras-petr4-iguatemi-igti11\/\"},\"author\":{\"name\":\"Vict\u00f3ria Anhesini\",\"@id\":\"https:\/\/www.suno.com.br\/noticias\/#\/schema\/person\/46d847cb19ad53fde0857adca989c23f\"},\"headline\":\"Radar: Telef\u00f4nica (VIVT3) vai pagar R$ 150 mi em JCP, Petrobras (PETR4) atualiza dividendos, vendas da Iguatemi (IGTI11) no 1T22\",\"datePublished\":\"2022-04-14T00:10:57+00:00\",\"mainEntityOfPage\":{\"@id\":\"https:\/\/www.suno.com.br\/noticias\/radar-telefonica-vivt3-petrobras-petr4-iguatemi-igti11\/\"},\"wordCount\":1958,\"publisher\":{\"@id\":\"https:\/\/www.suno.com.br\/noticias\/#organization\"},\"image\":{\"@id\":\"https:\/\/www.suno.com.br\/noticias\/radar-telefonica-vivt3-petrobras-petr4-iguatemi-igti11\/#primaryimage\"},\"thumbnailUrl\":\"https:\/\/files.sunoresearch.com.br\/n\/uploads\/2019\/09\/804d60e4-telef\u00f3nica-scaled.webp\",\"keywords\":[\"Alliar (AALR3)\",\"Google\",\"Iguatemi (IGTI3)\",\"Petrobras (PETR4)\",\"Tegma (TGMA3)\",\"Telef\u00f4nica (VIVT3)\"],\"articleSection\":[\"Neg\u00f3cios\"],\"inLanguage\":\"pt-BR\"},{\"@type\":\"WebPage\",\"@id\":\"https:\/\/www.suno.com.br\/noticias\/radar-telefonica-vivt3-petrobras-petr4-iguatemi-igti11\/\",\"url\":\"https:\/\/www.suno.com.br\/noticias\/radar-telefonica-vivt3-petrobras-petr4-iguatemi-igti11\/\",\"name\":\"Radar: Telef\u00f4nica (VIVT3) pagar\u00e1 R$ 150 mi em JCP, Petrobras (PETR4) atualiza dividendos\",\"isPartOf\":{\"@id\":\"https:\/\/www.suno.com.br\/noticias\/#website\"},\"primaryImageOfPage\":{\"@id\":\"https:\/\/www.suno.com.br\/noticias\/radar-telefonica-vivt3-petrobras-petr4-iguatemi-igti11\/#primaryimage\"},\"image\":{\"@id\":\"https:\/\/www.suno.com.br\/noticias\/radar-telefonica-vivt3-petrobras-petr4-iguatemi-igti11\/#primaryimage\"},\"thumbnailUrl\":\"https:\/\/files.sunoresearch.com.br\/n\/uploads\/2019\/09\/804d60e4-telef\u00f3nica-scaled.webp\",\"datePublished\":\"2022-04-14T00:10:57+00:00\",\"description\":\"A\u00a0Telef\u00f4nica\u00a0(VIVT3)\u00a0vai pagar R$ 150 milh\u00f5es em\u00a0Juros Sobre Capital Pr\u00f3prio\u00a0(JCP) aos seus acionistas. Veja esta e mais not\u00edcias aqui.\",\"breadcrumb\":{\"@id\":\"https:\/\/www.suno.com.br\/noticias\/radar-telefonica-vivt3-petrobras-petr4-iguatemi-igti11\/#breadcrumb\"},\"inLanguage\":\"pt-BR\",\"potentialAction\":[{\"@type\":\"ReadAction\",\"target\":[\"https:\/\/www.suno.com.br\/noticias\/radar-telefonica-vivt3-petrobras-petr4-iguatemi-igti11\/\"]}]},{\"@type\":\"ImageObject\",\"inLanguage\":\"pt-BR\",\"@id\":\"https:\/\/www.suno.com.br\/noticias\/radar-telefonica-vivt3-petrobras-petr4-iguatemi-igti11\/#primaryimage\",\"url\":\"https:\/\/files.sunoresearch.com.br\/n\/uploads\/2019\/09\/804d60e4-telef\u00f3nica-scaled.webp\",\"contentUrl\":\"https:\/\/files.sunoresearch.com.br\/n\/uploads\/2019\/09\/804d60e4-telef\u00f3nica-scaled.webp\",\"width\":2560,\"height\":1241,\"caption\":\"Telef\u00f4nica (VIVT3). Foto: Divulga\u00e7\u00e3o\"},{\"@type\":\"BreadcrumbList\",\"@id\":\"https:\/\/www.suno.com.br\/noticias\/radar-telefonica-vivt3-petrobras-petr4-iguatemi-igti11\/#breadcrumb\",\"itemListElement\":[{\"@type\":\"ListItem\",\"position\":1,\"name\":\"Not\u00edcias\",\"item\":\"https:\/\/www.suno.com.br\/noticias\/\"},{\"@type\":\"ListItem\",\"position\":2,\"name\":\"Neg\u00f3cios\",\"item\":\"https:\/\/www.suno.com.br\/noticias\/negocios\/\"},{\"@type\":\"ListItem\",\"position\":3,\"name\":\"Radar: Telef\u00f4nica (VIVT3) vai pagar R$ 150 mi em JCP, Petrobras (PETR4) atualiza dividendos, vendas da Iguatemi (IGTI11) no 1T22\"}]},{\"@type\":\"WebSite\",\"@id\":\"https:\/\/www.suno.com.br\/noticias\/#website\",\"url\":\"https:\/\/www.suno.com.br\/noticias\/\",\"name\":\"Suno Not\u00edcias\",\"description\":\"Seu portal de informa\u00e7\u00e3o sobre o mundo dos investimentos\",\"publisher\":{\"@id\":\"https:\/\/www.suno.com.br\/noticias\/#organization\"},\"potentialAction\":[{\"@type\":\"SearchAction\",\"target\":{\"@type\":\"EntryPoint\",\"urlTemplate\":\"https:\/\/www.suno.com.br\/noticias\/?s={search_term_string}\"},\"query-input\":{\"@type\":\"PropertyValueSpecification\",\"valueRequired\":true,\"valueName\":\"search_term_string\"}}],\"inLanguage\":\"pt-BR\"},{\"@type\":\"Organization\",\"@id\":\"https:\/\/www.suno.com.br\/noticias\/#organization\",\"name\":\"Suno Not\u00edcias\",\"url\":\"https:\/\/www.suno.com.br\/noticias\/\",\"logo\":{\"@type\":\"ImageObject\",\"inLanguage\":\"pt-BR\",\"@id\":\"https:\/\/www.suno.com.br\/noticias\/#\/schema\/logo\/image\/\",\"url\":\"https:\/\/files.sunoresearch.com.br\/n\/uploads\/2021\/09\/suno-logo.png\",\"contentUrl\":\"https:\/\/files.sunoresearch.com.br\/n\/uploads\/2021\/09\/suno-logo.png\",\"width\":180,\"height\":180,\"caption\":\"Suno Not\u00edcias\"},\"image\":{\"@id\":\"https:\/\/www.suno.com.br\/noticias\/#\/schema\/logo\/image\/\"},\"sameAs\":[\"https:\/\/facebook.com\/sunoresearch\",\"https:\/\/x.com\/sunoresearch\",\"https:\/\/www.instagram.com\/suno\",\"https:\/\/www.linkedin.com\/company\/suno-research\/\",\"https:\/\/www.youtube.com\/c\/sunoresearch\"]},{\"@type\":\"Person\",\"@id\":\"https:\/\/www.suno.com.br\/noticias\/#\/schema\/person\/46d847cb19ad53fde0857adca989c23f\",\"name\":\"Vict\u00f3ria Anhesini\",\"image\":{\"@type\":\"ImageObject\",\"inLanguage\":\"pt-BR\",\"@id\":\"https:\/\/www.suno.com.br\/noticias\/#\/schema\/person\/image\/\",\"url\":\"https:\/\/secure.gravatar.com\/avatar\/0172bdfcd9129dd9dd68794804304e6e?s=96&r=g\",\"contentUrl\":\"https:\/\/secure.gravatar.com\/avatar\/0172bdfcd9129dd9dd68794804304e6e?s=96&r=g\",\"caption\":\"Vict\u00f3ria Anhesini\"},\"description\":\"Rep\u00f3rter no Suno Not\u00edcias, cobre mercados, neg\u00f3cios e economia, escrevendo majoritariamente sobre movimentos das empresas, cobertura de balan\u00e7os trimestrais e Bolsa de Valores. Formada em jornalismo pela Universidade Presbiteriana Mackenzie em 2019, passou pelo portal de economia e finan\u00e7as EuQueroInvestir como rep\u00f3rter e anteriormente, trabalhou na assessoria de imprensa PinePR, onde liderou com startups de inova\u00e7\u00e3o, tecnologia e finan\u00e7as. Em seu tempo livre, fala sobre m\u00fasica para ambos os sites do selo ForMusic, Wikimetal e Mad Sound, e faz trabalho volunt\u00e1rio no programa Escreve Cartas do Poupatempo.\",\"sameAs\":[\"https:\/\/www.linkedin.com\/in\/victoria-anhesini\/\"],\"url\":\"https:\/\/www.suno.com.br\/noticias\/author\/victoria\/\"}]}<\/script>\n<!-- \/ Yoast SEO plugin. -->","yoast_head_json":{"title":"Radar: Telef\u00f4nica (VIVT3) pagar\u00e1 R$ 150 mi em JCP, Petrobras (PETR4) atualiza dividendos","description":"A\u00a0Telef\u00f4nica\u00a0(VIVT3)\u00a0vai pagar R$ 150 milh\u00f5es em\u00a0Juros Sobre Capital Pr\u00f3prio\u00a0(JCP) aos seus acionistas. Veja esta e mais not\u00edcias aqui.","robots":{"index":"index","follow":"follow","max-snippet":"max-snippet:-1","max-image-preview":"max-image-preview:large","max-video-preview":"max-video-preview:-1"},"canonical":"https:\/\/www.suno.com.br\/noticias\/radar-telefonica-vivt3-petrobras-petr4-iguatemi-igti11\/","og_locale":"pt_BR","og_type":"article","og_title":"Radar: Telef\u00f4nica (VIVT3) pagar\u00e1 R$ 150 mi em JCP, Petrobras (PETR4) atualiza dividendos","og_description":"A\u00a0Telef\u00f4nica\u00a0(VIVT3)\u00a0vai pagar R$ 150 milh\u00f5es em\u00a0Juros Sobre Capital Pr\u00f3prio\u00a0(JCP) aos seus acionistas. Veja esta e mais not\u00edcias aqui.","og_url":"https:\/\/www.suno.com.br\/noticias\/radar-telefonica-vivt3-petrobras-petr4-iguatemi-igti11\/","og_site_name":"Suno Not\u00edcias","article_publisher":"https:\/\/facebook.com\/sunoresearch","og_image":[{"width":4288,"height":2079,"url":"https:\/\/files.sunoresearch.com.br\/n\/uploads\/2019\/09\/804d60e4-telef\u00f3nica.jpg","type":"image\/jpeg"}],"author":"Vict\u00f3ria Anhesini","twitter_card":"summary_large_image","twitter_creator":"@sunoresearch","twitter_site":"@sunoresearch","twitter_misc":{"Escrito por":"Vict\u00f3ria Anhesini","Est. tempo de leitura":"9 minutos"},"schema":{"@context":"https:\/\/schema.org","@graph":[{"@type":"NewsArticle","@id":"https:\/\/www.suno.com.br\/noticias\/radar-telefonica-vivt3-petrobras-petr4-iguatemi-igti11\/#article","isPartOf":{"@id":"https:\/\/www.suno.com.br\/noticias\/radar-telefonica-vivt3-petrobras-petr4-iguatemi-igti11\/"},"author":{"name":"Vict\u00f3ria Anhesini","@id":"https:\/\/www.suno.com.br\/noticias\/#\/schema\/person\/46d847cb19ad53fde0857adca989c23f"},"headline":"Radar: Telef\u00f4nica (VIVT3) vai pagar R$ 150 mi em JCP, Petrobras (PETR4) atualiza dividendos, vendas da Iguatemi (IGTI11) no 1T22","datePublished":"2022-04-14T00:10:57+00:00","mainEntityOfPage":{"@id":"https:\/\/www.suno.com.br\/noticias\/radar-telefonica-vivt3-petrobras-petr4-iguatemi-igti11\/"},"wordCount":1958,"publisher":{"@id":"https:\/\/www.suno.com.br\/noticias\/#organization"},"image":{"@id":"https:\/\/www.suno.com.br\/noticias\/radar-telefonica-vivt3-petrobras-petr4-iguatemi-igti11\/#primaryimage"},"thumbnailUrl":"https:\/\/files.sunoresearch.com.br\/n\/uploads\/2019\/09\/804d60e4-telef\u00f3nica-scaled.webp","keywords":["Alliar (AALR3)","Google","Iguatemi (IGTI3)","Petrobras (PETR4)","Tegma (TGMA3)","Telef\u00f4nica (VIVT3)"],"articleSection":["Neg\u00f3cios"],"inLanguage":"pt-BR"},{"@type":"WebPage","@id":"https:\/\/www.suno.com.br\/noticias\/radar-telefonica-vivt3-petrobras-petr4-iguatemi-igti11\/","url":"https:\/\/www.suno.com.br\/noticias\/radar-telefonica-vivt3-petrobras-petr4-iguatemi-igti11\/","name":"Radar: Telef\u00f4nica (VIVT3) pagar\u00e1 R$ 150 mi em JCP, Petrobras (PETR4) atualiza dividendos","isPartOf":{"@id":"https:\/\/www.suno.com.br\/noticias\/#website"},"primaryImageOfPage":{"@id":"https:\/\/www.suno.com.br\/noticias\/radar-telefonica-vivt3-petrobras-petr4-iguatemi-igti11\/#primaryimage"},"image":{"@id":"https:\/\/www.suno.com.br\/noticias\/radar-telefonica-vivt3-petrobras-petr4-iguatemi-igti11\/#primaryimage"},"thumbnailUrl":"https:\/\/files.sunoresearch.com.br\/n\/uploads\/2019\/09\/804d60e4-telef\u00f3nica-scaled.webp","datePublished":"2022-04-14T00:10:57+00:00","description":"A\u00a0Telef\u00f4nica\u00a0(VIVT3)\u00a0vai pagar R$ 150 milh\u00f5es em\u00a0Juros Sobre Capital Pr\u00f3prio\u00a0(JCP) aos seus acionistas. Veja esta e mais not\u00edcias aqui.","breadcrumb":{"@id":"https:\/\/www.suno.com.br\/noticias\/radar-telefonica-vivt3-petrobras-petr4-iguatemi-igti11\/#breadcrumb"},"inLanguage":"pt-BR","potentialAction":[{"@type":"ReadAction","target":["https:\/\/www.suno.com.br\/noticias\/radar-telefonica-vivt3-petrobras-petr4-iguatemi-igti11\/"]}]},{"@type":"ImageObject","inLanguage":"pt-BR","@id":"https:\/\/www.suno.com.br\/noticias\/radar-telefonica-vivt3-petrobras-petr4-iguatemi-igti11\/#primaryimage","url":"https:\/\/files.sunoresearch.com.br\/n\/uploads\/2019\/09\/804d60e4-telef\u00f3nica-scaled.webp","contentUrl":"https:\/\/files.sunoresearch.com.br\/n\/uploads\/2019\/09\/804d60e4-telef\u00f3nica-scaled.webp","width":2560,"height":1241,"caption":"Telef\u00f4nica (VIVT3). Foto: Divulga\u00e7\u00e3o"},{"@type":"BreadcrumbList","@id":"https:\/\/www.suno.com.br\/noticias\/radar-telefonica-vivt3-petrobras-petr4-iguatemi-igti11\/#breadcrumb","itemListElement":[{"@type":"ListItem","position":1,"name":"Not\u00edcias","item":"https:\/\/www.suno.com.br\/noticias\/"},{"@type":"ListItem","position":2,"name":"Neg\u00f3cios","item":"https:\/\/www.suno.com.br\/noticias\/negocios\/"},{"@type":"ListItem","position":3,"name":"Radar: Telef\u00f4nica (VIVT3) vai pagar R$ 150 mi em JCP, Petrobras (PETR4) atualiza dividendos, vendas da Iguatemi (IGTI11) no 1T22"}]},{"@type":"WebSite","@id":"https:\/\/www.suno.com.br\/noticias\/#website","url":"https:\/\/www.suno.com.br\/noticias\/","name":"Suno Not\u00edcias","description":"Seu portal de informa\u00e7\u00e3o sobre o mundo dos investimentos","publisher":{"@id":"https:\/\/www.suno.com.br\/noticias\/#organization"},"potentialAction":[{"@type":"SearchAction","target":{"@type":"EntryPoint","urlTemplate":"https:\/\/www.suno.com.br\/noticias\/?s={search_term_string}"},"query-input":{"@type":"PropertyValueSpecification","valueRequired":true,"valueName":"search_term_string"}}],"inLanguage":"pt-BR"},{"@type":"Organization","@id":"https:\/\/www.suno.com.br\/noticias\/#organization","name":"Suno Not\u00edcias","url":"https:\/\/www.suno.com.br\/noticias\/","logo":{"@type":"ImageObject","inLanguage":"pt-BR","@id":"https:\/\/www.suno.com.br\/noticias\/#\/schema\/logo\/image\/","url":"https:\/\/files.sunoresearch.com.br\/n\/uploads\/2021\/09\/suno-logo.png","contentUrl":"https:\/\/files.sunoresearch.com.br\/n\/uploads\/2021\/09\/suno-logo.png","width":180,"height":180,"caption":"Suno Not\u00edcias"},"image":{"@id":"https:\/\/www.suno.com.br\/noticias\/#\/schema\/logo\/image\/"},"sameAs":["https:\/\/facebook.com\/sunoresearch","https:\/\/x.com\/sunoresearch","https:\/\/www.instagram.com\/suno","https:\/\/www.linkedin.com\/company\/suno-research\/","https:\/\/www.youtube.com\/c\/sunoresearch"]},{"@type":"Person","@id":"https:\/\/www.suno.com.br\/noticias\/#\/schema\/person\/46d847cb19ad53fde0857adca989c23f","name":"Vict\u00f3ria Anhesini","image":{"@type":"ImageObject","inLanguage":"pt-BR","@id":"https:\/\/www.suno.com.br\/noticias\/#\/schema\/person\/image\/","url":"https:\/\/secure.gravatar.com\/avatar\/0172bdfcd9129dd9dd68794804304e6e?s=96&r=g","contentUrl":"https:\/\/secure.gravatar.com\/avatar\/0172bdfcd9129dd9dd68794804304e6e?s=96&r=g","caption":"Vict\u00f3ria Anhesini"},"description":"Rep\u00f3rter no Suno Not\u00edcias, cobre mercados, neg\u00f3cios e economia, escrevendo majoritariamente sobre movimentos das empresas, cobertura de balan\u00e7os trimestrais e Bolsa de Valores. Formada em jornalismo pela Universidade Presbiteriana Mackenzie em 2019, passou pelo portal de economia e finan\u00e7as EuQueroInvestir como rep\u00f3rter e anteriormente, trabalhou na assessoria de imprensa PinePR, onde liderou com startups de inova\u00e7\u00e3o, tecnologia e finan\u00e7as. Em seu tempo livre, fala sobre m\u00fasica para ambos os sites do selo ForMusic, Wikimetal e Mad Sound, e faz trabalho volunt\u00e1rio no programa Escreve Cartas do Poupatempo.","sameAs":["https:\/\/www.linkedin.com\/in\/victoria-anhesini\/"],"url":"https:\/\/www.suno.com.br\/noticias\/author\/victoria\/"}]}},"default_loop_html":"<div class=\"cardsPage__listCard__boxs\"><div class=\"cardsPage__listCard__boxs__img\"><a href=\"https:\/\/www.suno.com.br\/noticias\/radar-telefonica-vivt3-petrobras-petr4-iguatemi-igti11\/\"><img class=\"mask\" src=\"https:\/\/www.suno.com.br\/noticias\/wp-content\/themes\/suno\/resources\/images\/spotlight\/spotlight1img\/bg-mask.png\" alt=\"Image Mask\"\/><img src=\"https:\/\/files.sunoresearch.com.br\/n\/uploads\/2019\/09\/804d60e4-telef\u00f3nica-400x200.webp\" alt=\"Radar: Telef\u00f4nica (VIVT3) vai pagar R$ 150 mi em JCP, Petrobras (PETR4) atualiza dividendos, vendas da Iguatemi (IGTI11) no 1T22\"\/><\/a><span class=\"spotlightCategory\"><a href=\"https:\/\/www.suno.com.br\/noticias\/negocios\/\">Neg\u00f3cios<\/a><\/span><\/div><div class=\"cardsPage__listCard__boxs__content\"><a href=\"https:\/\/www.suno.com.br\/noticias\/radar-telefonica-vivt3-petrobras-petr4-iguatemi-igti11\/\"><h2 class=\"content__title\">Radar: Telef\u00f4nica (VIVT3) vai pagar R$ 150 mi em JCP, Petrobras (PETR4) atualiza dividendos, vendas da Iguatemi (IGTI11) no 1T22<\/h2><\/a><div class=\"newsContent__article__meta\"><div class=\"newsContent__article__meta__authorBox\"><a href=\"https:\/\/www.suno.com.br\/noticias\/author\/victoria\/\" class=\"authorBox__avatar noMobi\"><img src=\"https:\/\/files.sunoresearch.com.br\/n\/uploads\/2021\/12\/20190129VickyPINEAPPLE01-1-150x150.jpg\" alt=\"Vict\u00f3ria Anhesini\"><\/a><div class=\"authorBox__name\"><span>por\n\t\t\t<a href=\"https:\/\/www.suno.com.br\/noticias\/author\/victoria\/\"><span itemprop=\"author\">Vict\u00f3ria Anhesini<\/span><\/a><\/span><time datetime=\"2022-04-13T21:10:57-03:00\" itemprop=\"datePublished\">13\/04\/2022 21:10<\/time><\/div><\/div><\/div><\/div><\/div>","single_layout":"posts","amp_enabled":true,"_links":{"self":[{"href":"https:\/\/www.suno.com.br\/noticias\/wp-json\/wp\/v2\/posts\/250795"}],"collection":[{"href":"https:\/\/www.suno.com.br\/noticias\/wp-json\/wp\/v2\/posts"}],"about":[{"href":"https:\/\/www.suno.com.br\/noticias\/wp-json\/wp\/v2\/types\/post"}],"author":[{"embeddable":true,"href":"https:\/\/www.suno.com.br\/noticias\/wp-json\/wp\/v2\/users\/146"}],"replies":[{"embeddable":true,"href":"https:\/\/www.suno.com.br\/noticias\/wp-json\/wp\/v2\/comments?post=250795"}],"version-history":[{"count":3,"href":"https:\/\/www.suno.com.br\/noticias\/wp-json\/wp\/v2\/posts\/250795\/revisions"}],"predecessor-version":[{"id":250801,"href":"https:\/\/www.suno.com.br\/noticias\/wp-json\/wp\/v2\/posts\/250795\/revisions\/250801"}],"wp:featuredmedia":[{"embeddable":true,"href":"https:\/\/www.suno.com.br\/noticias\/wp-json\/wp\/v2\/media\/38053"}],"wp:attachment":[{"href":"https:\/\/www.suno.com.br\/noticias\/wp-json\/wp\/v2\/media?parent=250795"}],"wp:term":[{"taxonomy":"category","embeddable":true,"href":"https:\/\/www.suno.com.br\/noticias\/wp-json\/wp\/v2\/categories?post=250795"},{"taxonomy":"post_tag","embeddable":true,"href":"https:\/\/www.suno.com.br\/noticias\/wp-json\/wp\/v2\/tags?post=250795"},{"taxonomy":"suno_strategy","embeddable":true,"href":"https:\/\/www.suno.com.br\/noticias\/wp-json\/wp\/v2\/suno_strategy?post=250795"}],"curies":[{"name":"wp","href":"https:\/\/api.w.org\/{rel}","templated":true}]}}