{"id":25042,"date":"2019-05-17T16:53:22","date_gmt":"2019-05-17T19:53:22","guid":{"rendered":"https:\/\/www.suno.com.br\/noticias\/?p=25042"},"modified":"2021-02-17T22:48:54","modified_gmt":"2021-02-18T01:48:54","slug":"dolar-410-entenda-motivos","status":"publish","type":"post","link":"https:\/\/www.suno.com.br\/noticias\/dolar-410-entenda-motivos\/","title":{"rendered":"D\u00f3lar bate R$ 4,10: entenda os oito motivos para a valoriza\u00e7\u00e3o da moeda"},"content":{"rendered":"<p>O <strong>d\u00f3lar<\/strong> encerrou a R$ 4,1019 nesta feira (17), com alta de 1,618%. A moeda-norte americana persiste numa trajet\u00f3ria de <strong>alta<\/strong>, desde que as incertezas econ\u00f4micas cresceram entorno do governo do presidente da Rep\u00fablica, Jair <strong>Bolsonaro<\/strong>.<\/p>\t<div class=\"wrapper-featured-image\">\n\t\t<figure class=\"spotlightImg\">\n\n\t\t\t<picture>\n\t\t\t\t<source media=\"(max-width: 768px)\" srcset=\"https:\/\/files.sunoresearch.com.br\/n\/uploads\/2019\/01\/b465278b-bolsonaro-e1547139826271-400x200.webp\">\n\t\t\t\t<img loading=\"lazy\" decoding=\"async\" class=\"newsContent__article__imgCapa lazyloadDisabled newsContent__article__imgCapa--noCaption\" src=\"https:\/\/files.sunoresearch.com.br\/n\/uploads\/2019\/01\/b465278b-bolsonaro-e1547139826271-jpg.webp\" width=\"800\" height=\"450\" alt=\"D\u00f3lar bate R$ 4,10: entenda os oito motivos para a valoriza\u00e7\u00e3o da moeda\" fetchpriority=high \/>\n\t\t\t<\/picture>\n\n\t\t\t<figcaption class=\"wp-caption-text wp-caption-text--hide\">D\u00f3lar bate R$ 4,10 no governo Bolsonaro. (divulga\u00e7\u00e3o)<\/figcaption>\n\t\t<\/figure>\n\t<\/div>\n\n\n<p>Confira os oito principais fatos que alavancaram o <strong>d\u00f3lar<\/strong> nas \u00faltimas semanas:<\/p>\n<ol>\n<li><strong>Novos cortes nas proje\u00e7\u00f5es para o PIB de 2019;<\/strong><\/li>\n<li><strong>Estudantes universit\u00e1rios x Bolsonaro;<\/strong><\/li>\n<li><strong>Fl\u00e1vio Bolsonaro e suspeita de lavagem de dinheiro;<\/strong><\/li>\n<li><strong>Desemprego no Brasil no primeiro trimestre;<\/strong><\/li>\n<li><strong>Presidente do Banco Central comenta incertezas econ\u00f4micas no Brasil;<\/strong><\/li>\n<li><strong>Ainda h\u00e1 risco de greve dos caminhoneiros;<\/strong><\/li>\n<li><strong>Governo \u00e9 principal inimigo da Reforma da Previd\u00eancia;<\/strong><\/li>\n<li><strong>Guerra comercial: China x EUA.<\/strong><\/li>\n<\/ol>\n<h2>Novos cortes nas proje\u00e7\u00f5es para o PIB de 2019 auxiliam alta do d\u00f3lar<\/h2>\n<p>O <strong>\u00cdndice de Atividade Econ\u00f4mica<\/strong> (IBC-BR) obteve retra\u00e7\u00e3o de 0,68% no primeiro trimestre deste ano. O indicador \u00e9 calculado pelo <a href=\"https:\/\/www.suno.com.br\/artigos\/bacen\/\">Banco Central<\/a> (BC) e funciona como uma \u201cpr\u00e9via do <a href=\"https:\/\/www.suno.com.br\/artigos\/pib-produto-interno-bruto\/\">Produto Interno Bruto<\/a> (<strong>PIB<\/strong>)\u201d. O dado foi divulgado pelo <strong>BC<\/strong> no \u00faltimo dia 15.<\/p>\n<p>Al\u00e9m disso, quatro entidades importantes cortaram as proje\u00e7\u00f5es de crescimento do <strong>PIB<\/strong> do Brasil em 2019:<\/p>\n<ul>\n<li>segunda-feira (13): o <strong><a href=\"https:\/\/www.suno.com.br\/artigos\/relatorio-focus\/\">Boletim Focus<\/a><\/strong>, compilado pelo (BC) semanalmente, reduziu a proje\u00e7\u00e3o de crescimento do <strong>PIB<\/strong> de 1,49% para <strong>1,45%<\/strong> em 2019.<\/li>\n<li>segunda-feira (13): o <strong>Ita\u00fa Unibanco<\/strong> (ITUB4) tamb\u00e9m divulgou relat\u00f3rio com atualiza\u00e7\u00e3o de proje\u00e7\u00e3o de expans\u00e3o do PIB. O banco, por sua vez, diminuiu a estimativa de 1,3% para<strong> 1%<\/strong> no fim deste ano.<\/li>\n<li>ter\u00e7a-feira (14): o ministro da Economia, <a href=\"https:\/\/www.suno.com.br\/tudo-sobre\/paulo-guedes\/\"><strong>Paulo Guedes<\/strong><\/a>, cortou a previs\u00e3o de avan\u00e7o do <strong>PIB<\/strong> brasileiro. Contra os 2% previstos durante a gest\u00e3o do ex-presidente da Rep\u00fablica, Michel Temer (MDB), o crescimento foi contra\u00eddo a<strong> 1,5%<\/strong>.<\/li>\n<li>quarta-feira (15): a<strong> Institui\u00e7\u00e3o Fiscal Independente<\/strong> (IFI) do Senado Federal diminuiu a estimativa de crescimento da economia brasileira, de 2,3% para <strong>1,8%<\/strong> neste ano.<\/li>\n<\/ul>\n\t<p>\n\t\t<a href=\"https:\/\/lp.suno.com.br\/4-emissao-snel11\/\" target=\"_blank\" data-element=\"shortcode-suno-banner\" title=\"Banner SUNO, clique e saiba mais\">\n\t\t\t<picture>\n\t\t\t\t<source media=\"(max-width: 500px)\" srcset=\"https:\/\/files.sunoresearch.com.br\/n\/uploads\/2025\/07\/400x300-Mobile-Artigos-7.webp\">\n\t\t\t\t<img class=\"newsContent__article__imgCapa newsContent__article__imgCapa--banner\"\n\t\t\t\t\tsrc=\"https:\/\/files.sunoresearch.com.br\/n\/uploads\/2025\/07\/1420x240-Banner-Artigos-1-_-Banner-Materias-5.webp\"\n\t\t\t\t\tdata-promo-id=\"364417\"\t\t\t\t\t\t\t\t\t\twidth='1420' height='240'\t\t\t\t\talt=\"https:\/\/files.sunoresearch.com.br\/n\/uploads\/2025\/07\/1420x240-Banner-Artigos-1-_-Banner-Materias-5.webp\"\n\t\t\t\t>\n\t\t\t<\/picture>\n\t\t<\/a>\n\t<\/p>\n\n\n<h2>Desemprego no Brasil no primeiro trimestre<\/h2>\n<p>O <strong>desemprego<\/strong> no Brasil cresceu em 14 unidades da federa\u00e7\u00e3o no primeiro trimestre. Os dados foram divulgados na Pesquisa Nacional por Amostra de Domic\u00edlios Cont\u00ednua (<strong>Pnad Cont\u00ednua<\/strong>), na v\u00e9spera, pelo <strong>Instituto Brasileiro de Geografia e Estat\u00edstica<\/strong> (IBGE).<\/p>\n<p>No total, a <strong>taxa de desemprego<\/strong> no Brasil no primeiro trimestre de 2019 foi de 12,7%. No quarto trimestre do ano passado, a porcentagem de pessoas que procuravam emprego era de 11,6%.<\/p>\n<p>Confira abaixo os principais dados da <strong>Pnad Cont\u00ednua<\/strong>:<\/p>\n<ul>\n<li><strong>desemprego:<\/strong>\u00a01,2 milh\u00e3o de pessoas.<\/li>\n<li><strong>popula\u00e7\u00e3o subempregada:\u00a0<\/strong>28,3 milh\u00f5es de pessoas.<\/li>\n<li><strong>brasileiros procurando emprego:<\/strong>\u00a013,387 milh\u00f5es.<\/li>\n<\/ul>\n<p>De acordo com o <a href=\"https:\/\/www.suno.com.br\/artigos\/banco-mundial\/\">Banco Mundial<\/a>, em 2017, a popula\u00e7\u00e3o total do Brasil somava 209,3 milh\u00f5es. Com\u00a012,7% da popula\u00e7\u00e3o total desempregada, os investidores recuam do Brasil e o <strong>d\u00f3lar<\/strong> \u00e9 valorizado.<\/p>\n<p><a href=\"https:\/\/www.suno.com.br\/noticias\/ibc-br-previa-pib-retracao-1-trimestre\/\">Saiba mais &#8211;\u00a0IBC-Br: pr\u00e9via do PIB indica retra\u00e7\u00e3o de 0,68% no 1\u00ba trimestre de 2019<\/a><\/p>\n<h2>Estudantes universit\u00e1rios x Bolsonaro<\/h2>\n<p>Em 20 de dezembro de 2018, a <strong>Lei Or\u00e7ament\u00e1ria Anual<\/strong> (LOA) foi aprovada com previs\u00e3o de avan\u00e7o do <strong>PIB<\/strong> de 2,5% em 2019.\u00a0Contudo, o crescimento do <strong>PIB<\/strong>\u00a0do Brasil neste ano est\u00e1 abaixo do esperado. Assim, o governo realizou um <strong>contingenciamento<\/strong> de R$ 30 bilh\u00f5es do <strong>or\u00e7amento<\/strong>.<\/p>\n<p>O contingenciamento foi de\u00a0R$ 1,7 bilh\u00e3o na <strong>educa\u00e7\u00e3o<\/strong>, abrangendo os gastos n\u00e3o obrigat\u00f3rios (discricion\u00e1rios). O <strong>or\u00e7amento<\/strong>\u00a0total aprovado para este ano para a educa\u00e7\u00e3o \u00e9 de\u00a0R$ 49,621 bilh\u00f5es para as 63 universidades federais. Deste valor, R$ 42,3 bilh\u00f5es (85,34%) s\u00e3o direcionados para pagamento de sal\u00e1rios.<\/p>\n<p>Desta forma, do total de R$ 6,9 bilh\u00f5es (13,83%) direcionados \u00e0s despesas discricion\u00e1rias, o montante de\u00a0R$ 1,7 bilh\u00e3o equivale a 24,84%.<\/p>\n<p>A decis\u00e3o de contingenciamento do <strong>Minist\u00e9rio da Economia<\/strong> provocou manifesta\u00e7\u00f5es em pelo menos 200 cidades brasileiras, na \u00faltima quarta-feira (15). O presidente da Rep\u00fablica, Jair Bolsonaro (PSL), comentou as manifesta\u00e7\u00f5es \u00e0 Imprensa.<\/p>\n<p>\u201cS\u00e3o uns <strong>idiotas \u00fateis<\/strong> que est\u00e3o sendo usados como <strong>massa de manobra<\/strong> de uma minoria espertalhona que comp\u00f5e o n\u00facleo das universidades federais\u201d, opinou Bolsonaro.<\/p>\n<p>As manifesta\u00e7\u00f5es de n\u00edvel nacional assustam o mercado financeiro, devido \u00e0 quantidade populacional movida contra as decis\u00f5es do governo. Isto demonstra <strong>fragilidade<\/strong> da gest\u00e3o <strong>Bolsonaro<\/strong>, e o <strong>d\u00f3lar<\/strong> cresce.<\/p>\n\t<p>\n\t\t<a href=\"https:\/\/lp.suno.com.br\/ao\/servico-especializado-suno-tf\/?utm_source=adwords&#038;utm_medium=search&#038;utm_campaign=search.servico.funilconsultoria&#038;utm_content=1147_responsivo-a&#038;hsa_acc=2326072784&#038;hsa_cam=18022897917&#038;hsa_grp=141470255993&#038;hsa_ad=616145467912&#038;hsa_src=g&#038;hsa_tgt=kwd-303658942458&#038;hsa_kw=gestora+de+investimentos&#038;hsa_mt=b&#038;hsa_net=adwords&#038;hsa_ver=3&#038;gad_source=1&#038;gclid=CjwKCAjw1emzBhB8EiwAHwZZxQMvA3xJVRzLGZ70LmuSzR55X-KvxijSay8c5Hm88Sznnq97j8XbORoC-sMQAvD_BwE\" target=\"_blank\" data-element=\"shortcode-suno-banner\" title=\"Banner SUNO, clique e saiba mais\">\n\t\t\t<picture>\n\t\t\t\t<source media=\"(max-width: 500px)\" srcset=\"https:\/\/files.sunoresearch.com.br\/n\/uploads\/2024\/06\/400x300-Mobile-Artigos-5.png\">\n\t\t\t\t<img class=\"newsContent__article__imgCapa newsContent__article__imgCapa--banner\"\n\t\t\t\t\tsrc=\"https:\/\/files.sunoresearch.com.br\/n\/uploads\/2024\/06\/1420x240-Banner-Artigos-1-_-Banner-Materias-3.png\"\n\t\t\t\t\tdata-promo-id=\"563605\"\t\t\t\t\t\t\t\t\t\twidth='1420' height='240'\t\t\t\t\talt=\"https:\/\/files.sunoresearch.com.br\/n\/uploads\/2024\/06\/1420x240-Banner-Artigos-1-_-Banner-Materias-3.png\"\n\t\t\t\t>\n\t\t\t<\/picture>\n\t\t<\/a>\n\t<\/p>\n\n\n<h2>Fl\u00e1vio Bolsonaro e suspeita de lavagem de dinheiro<\/h2>\n<p>Um relat\u00f3rio do <strong>Minist\u00e9rio P\u00fablico do Rio de Janeiro<\/strong> (MPRJ) apontou que h\u00e1 ind\u00edcios de que o senador <strong>Fl\u00e1vio Bolsonaro<\/strong> (PSL) comprou e vendeu im\u00f3veis em um esquema de <strong>lavagem de dinheiro<\/strong>. Fl\u00e1vio \u00e9 filho do Presidente da Rep\u00fablica, Jair. O relat\u00f3rio sigiloso foi obtido pela revista &#8220;Veja&#8221;, que divulgou as informa\u00e7\u00f5es no \u00faltimo dia 15.<\/p>\n<p>O texto foi usado pelo MPRJ como justificativa \u00e0 <strong>Justi\u00e7a<\/strong> para o pedido de quebra do sigilo banc\u00e1rio e fiscal de 95 pessoas e empresas vinculadas \u00e0 <strong>Fl\u00e1vio Bolsonaro<\/strong>.<\/p>\n<p>Fl\u00e1vio teria investido R$ 9,4 milh\u00f5es na compra de <strong>19 im\u00f3veis<\/strong> na Zona Sul do Rio Janeiro, e na Barra da Tijuca, Zona Oeste da cidade. O investimento teria sido realizado entre 2010 e 2017, enquanto ocupava o cargo de <strong>deputado<\/strong>.<\/p>\n<p>De acordo com os promotores, os lucros de <strong>Fl\u00e1vio<\/strong> nos &#8220;empreendimentos&#8221; teriam sido superiores a R$ 3 milh\u00f5es, com as negocia\u00e7\u00f5es.<\/p>\n<p>Confira abaixo tr\u00eas casos identificados pela revista, dentre o total de 19 im\u00f3veis apurados at\u00e9 o momento:<\/p>\n<ul>\n<li>Fl\u00e1vio teria comprado um im\u00f3vel em 2012 por R$ 140 mil, e revendido 15 meses depois, em 2014, por R$ 550 mil. O lucro teria sido de <strong>292%<\/strong>. Contudo, a valoriza\u00e7\u00e3o de im\u00f3veis no bairro ficou em <strong>11%<\/strong>, no per\u00edodo.<\/li>\n<li>Outro im\u00f3vel, adquirido tamb\u00e9m em 2012, pelo valor de R$ 170 mil, foi renegociado um ano depois. Vendido por R$ 573 mil, o lucro de Fl\u00e1vio foi de <strong>237%<\/strong>. No per\u00edodo, o \u00edndice de valoriza\u00e7\u00e3o de im\u00f3veis ficou em <strong>9%<\/strong> para o bairro.<\/li>\n<li>O MPRJ tamb\u00e9m identificou que, entre 2008 e 2010, Fl\u00e1vio Bolsonaro comprou dez salas comerciais na Barra da Tijuca, por R$ 2,66 milh\u00f5es. Meses ap\u00f3s a compra, todos os im\u00f3veis foram vendidos para uma empresa de exporta\u00e7\u00e3o por R$ 3,16 milh\u00f5es.<\/li>\n<\/ul>\n<p><a href=\"https:\/\/www.suno.com.br\/noticias\/mp-flavio-bolsonaro-imoveis-milhoes\/\">Saiba mais &#8211;\u00a0MP: Fl\u00e1vio Bolsonaro teria comprado 19 im\u00f3veis por R$ 9 milh\u00f5es<\/a><\/p>\n<h2>Presidente do Banco Central comenta incertezas econ\u00f4micas no Brasil que alavancam d\u00f3lar<\/h2>\n<p>O presidente do BC,<strong> Roberto Campos Neto<\/strong>, afirmou na \u00faltima quinta-feira (16) que o Brasil ainda vivencia um per\u00edodo de<strong> incertezas econ\u00f4micas<\/strong>.<\/p>\n<p>Segundo Campos Neto, tais incertezas adiam as decis\u00f5es de investimento no Pa\u00eds. A fala foi dita em audi\u00eancia na <strong>comiss\u00e3o mista do Or\u00e7amento<\/strong>, no Congresso Nacional.<\/p>\n<p>O chefe do <strong>Banco Central<\/strong> explicou que ap\u00f3s a elei\u00e7\u00e3o de Jair <strong>Bolsonaro<\/strong> (PSL) houve um princ\u00edpio de <strong>otimismo<\/strong> com a economia. Entretanto, os investidores perceberam que o Brasil n\u00e3o tinha uma <strong><a href=\"https:\/\/www.suno.com.br\/artigos\/politica-fiscal\/\">pol\u00edtica fiscal<\/a> <\/strong>compat\u00edvel.<\/p>\n<p>\u201cN\u00e3o existe pa\u00eds com <a href=\"https:\/\/www.suno.com.br\/artigos\/tag\/inflacao\/\">infla\u00e7\u00e3o<\/a> baixa, juros baixos e infla\u00e7\u00e3o ancorada com fiscal ruim\u201d, disse Campos Neto.<\/p>\n<p>\u201cViemos de um mundo de grandes incertezas no passado, mas n\u00e3o conseguimos nos livrar das incertezas. As <strong>incertezas continuam<\/strong> no ar. E acho que isso explica um pouco esse adiamento da decis\u00e3o de investir\u201d, declarou Campos Neto.<\/p>\n<p>\u201cAcho que, quanto mais n\u00f3s formos capazes de sinalizar aos investidores que estamos falando s\u00e9rio sobre a <strong>disciplina fiscal<\/strong>, e que vamos resolver esse problema, mais r\u00e1pido eles sentem confian\u00e7a para investir\u201d.<\/p>\n<p>Conforme a avalia\u00e7\u00e3o de <strong>Campos Neto<\/strong>, esta confian\u00e7a dos investidores ser\u00e1 acordada quando o governo conseguir aprovar e implementar as reformas fiscais. Em espec\u00edfico, a <strong>reforma da Previd\u00eancia<\/strong> e a reforma tribut\u00e1ria.<\/p>\n<p>\u201cFrustra\u00e7\u00e3o das expectativas sobre a continuidade das reformas, e ajustes necess\u00e1rios na economia brasileira podem afetar pr\u00eamios de risco e elevar a trajet\u00f3ria de infla\u00e7\u00e3o num horizonte relevante para a <a href=\"https:\/\/www.suno.com.br\/artigos\/politica-monetaria\/\">pol\u00edtica monet\u00e1ria<\/a>\u201d, disse.<\/p>\n<p><a href=\"https:\/\/www.suno.com.br\/noticias\/banco-central-investimentos-presidente-incertezas\/\">Saiba mais &#8211;\u00a0Banco Central: investimentos s\u00e3o adiados devido as incertezas econ\u00f4micas<\/a><\/p>\n<h2>Ainda h\u00e1 risco de greve dos caminhoneiros<\/h2>\n<p>Jair Bolsonaro afirmou na v\u00e9spera que poder\u00e1 rever a <strong>pol\u00edtica de pre\u00e7os<\/strong> da <strong>Petrobras<\/strong> (PETR3), caso a revis\u00e3o n\u00e3o traga preju\u00edzos para a empresa estatal. A declara\u00e7\u00e3o foi feita na &#8220;live&#8221; semanal, transmitida por sua p\u00e1gina no Facebook.\u00a0O presidente da Rep\u00fablica ainda estava em Dallas.<\/p>\n<p>\u201cO pessoal reclama do pre\u00e7o da gasolina a R$ 5 e me culpa, atira para cima de mim o tempo todo. O <strong>pre\u00e7o<\/strong> do combust\u00edvel \u00e9 feito l\u00e1 pela <strong>Petrobras<\/strong>. Leva em conta o pre\u00e7o do barril de <strong>petr\u00f3leo<\/strong> l\u00e1 fora, bem como a varia\u00e7\u00e3o do <strong>d\u00f3lar<\/strong>. L\u00f3gico que se a gente puder rever isso a\u00ed sem preju\u00edzo para a empresa, sem problema nenhum, \u00e0s vezes a pol\u00edtica pode ter algum equ\u00edvoco\u201d, disse o presidente.<\/p>\n<p>Ap\u00f3s diversas amea\u00e7as de uma nova greve dos caminhoneiros, o presidente <strong>Bolsonaro<\/strong> interferiu na <strong>pol\u00edtica de pre\u00e7os<\/strong> da <strong>Petrobras<\/strong>. Em 11 de abril, a petroleira decidiu reajustar o pre\u00e7o do \u00f3leo <strong>diesel<\/strong> 5,7%. Contudo, o pol\u00edtico do PSL ordenou que a medida fosse cancelada pela empresa.<\/p>\n<p>Ap\u00f3s uma reuni\u00e3o entre o ministro\u00a0da Infraestrutura, Tarc\u00edsio Gomes de Freitas e integrantes da\u00a0<strong>Confedera\u00e7\u00e3o Nacional dos Transportes Aut\u00f4nomos<\/strong> (CNTA), os planos de uma nova <strong>greve de caminhoneiros<\/strong> foram cessados.<\/p>\n<p>O reajuste do \u00f3leo <strong>diesel<\/strong> s\u00f3 ocorreu de fato em 17 de abril, com alta de\u00a04,84%. No mesmo dia, a Petrobras anunciou que reajustaria a regra para fazer os c\u00e1lculos do pre\u00e7o do diesel.<\/p>\n<p>Sem informar,\u00a0as modifica\u00e7\u00f5es exatas, a <strong>Petrobras<\/strong> garantiu que as mudan\u00e7as n\u00e3o ocorreriam em per\u00edodo inferior a 15 dias. O mercado ainda tem receio de novas interfer\u00eancias pol\u00edticas, al\u00e9m da poss\u00edvel falha do governo em conter uma <strong>greve dos caminhoneiros.\u00a0<\/strong>Assim, o <strong>d\u00f3lar<\/strong> aumenta.<\/p>\n<p><a href=\"https:\/\/www.suno.com.br\/noticias\/bolsonora-politica-precos-gasolina-petrobras\/\">Saiba mais &#8211;\u00a0Bolsonaro afirma que pol\u00edtica de pre\u00e7os da Petrobras pode ser revista<\/a><\/p>\n<h2>Governo \u00e9 principal inimigo da Reforma da Previd\u00eancia e d\u00f3lar sobe<\/h2>\n<p>A lenta tramita\u00e7\u00e3o da Proposta de Emenda Constitucional (PEC) da <strong>reforma da Previd\u00eancia<\/strong> deixa o mercado com avers\u00e3o a risco.<\/p>\n<p>Depois de a Comiss\u00e3o de Constitui\u00e7\u00e3o de Justi\u00e7a (<strong>CCJ<\/strong>) da <strong>C\u00e2mara<\/strong> Federal aprovar a admissibilidade constitucional do texto da Reforma da Previd\u00eancia, em 24 de abril, a comiss\u00e3o especial da Casa foi formada.<\/p>\n<p>O presidente da comiss\u00e3o especial, Marcelos Ramos (PR), afirmou que\u00a0\u201choje, o <strong>maior inimigo<\/strong> da reforma [da Previd\u00eancia] \u00e9 o pr\u00f3prio <strong>governo<\/strong>\u201d. O deputado fez a afirma\u00e7\u00e3o em evento da Funda\u00e7\u00e3o Getulio Vargas (FGV), na \u00faltima sexta-feira (10).<\/p>\n<p>A opini\u00e3o \u00e9 compartilhada por Rodrigo Maia (DEM), chefe dos deputados. Nesta semana,\u00a0<strong>Maia<\/strong>, contou que avisou o presidente do Senado, Davi Alcolumbre (DEM), que ambos far\u00e3o a reforma da Previd\u00eancia \u201ccom o <strong>governo ajudando ou atrapalhando<\/strong>, com ou sem redes sociais\u201d.<\/p>\n<p>De acordo com apura\u00e7\u00e3o do &#8220;Valor Econ\u00f4mico&#8221;, no in\u00edcio de maio a\u00a0<strong>reforma da Previd\u00eancia<\/strong> tinha o apoio integral de 100 deputados na C\u00e2mara Federal. Outros 112 parlamentares apoiavam parcialmente a PEC.<\/p>\n<p>Do total de 513 deputados, s\u00e3o necess\u00e1rios 308 votos favor\u00e1veis ao texto para que a <strong>tramita\u00e7\u00e3o<\/strong> no Senado continue.<\/p>\n<p>Quanto ao <strong>cronograma<\/strong>, Ramos afirmou que n\u00e3o h\u00e1 como projetar quando o parecer ser\u00e1 votado na C\u00e2mara. \u201cTudo depende do n\u00famero de emendas que teremos. Uma coisa \u00e9 analisar 10 emendas, outra \u00e9 analisar 100\u201d, disse o deputado em 7 de abril.<\/p>\n<p>Entretanto, anteriormente, o presidente da <strong>comiss\u00e3o especial<\/strong> havia declarado que esperava que o parecer da reforma da Previd\u00eancia fosse votado em junho. Isto, pois, Rodrigo <strong>Maia<\/strong> desejava votar o texto em plen\u00e1rio em julho.<\/p>\n\t<p>\n\t\t<a href=\"https:\/\/lp.suno.com.br\/ao\/cadastro-whatsapp\/?utm_source=sunoresearch&#038;utm_medium=banner.sidebar&#038;utm_campaign=_SNC1787C4C9_\" target=\"_blank\" data-element=\"shortcode-suno-banner\" title=\"Banner SUNO, clique e saiba mais\">\n\t\t\t<picture>\n\t\t\t\t<source media=\"(max-width: 500px)\" srcset=\"https:\/\/files.sunoresearch.com.br\/n\/uploads\/2024\/09\/wpp-suno.png\">\n\t\t\t\t<img class=\"newsContent__article__imgCapa newsContent__article__imgCapa--banner\"\n\t\t\t\t\tsrc=\"https:\/\/files.sunoresearch.com.br\/n\/uploads\/2024\/09\/wpp-suno.png\"\n\t\t\t\t\tdata-promo-id=\"574195\"\t\t\t\t\t\t\t\t\t\twidth='360' height='98'\t\t\t\t\talt=\"https:\/\/files.sunoresearch.com.br\/n\/uploads\/2024\/09\/wpp-suno.png\"\n\t\t\t\t>\n\t\t\t<\/picture>\n\t\t<\/a>\n\t<\/p>\n\n\n<h2>Guerra comercial: China x EUA<\/h2>\n<p>O \u00faltimo motivo, mas n\u00e3o menos importante, para a ascens\u00e3o do <strong>d\u00f3lar<\/strong>, \u00e9 referente \u00e0 continuidade da <strong>guerra comercial<\/strong>.<\/p>\n<p>A <strong>China<\/strong> anunciou na \u00faltima segunda-feira (13) que iria aumentar as tarifas sobre US$ 60 bilh\u00f5es de produtos norte-americanos. A medida ocorreu como retalia\u00e7\u00e3o aos Estados Unidos da Am\u00e9rica (<strong>EUA<\/strong>), por elevarem as taxas sobre importa\u00e7\u00f5es de produtos chineses.<\/p>\n<p>O aumento das <strong>tarifas alfandeg\u00e1rias<\/strong> da China ser\u00e1 aplicado a 5.140 produtos norte-americanos a partir de 1 de junho.<\/p>\n<p>Em 10 de maio, o governo presidente dos <strong>Estados Unidos<\/strong>, Donald Trump, aumentou as tarifas alfandeg\u00e1rias sobre produtos importados chineses.<\/p>\n<p>A medida de <strong>Trump<\/strong> foi tomada pois a <strong>China<\/strong> teria descumprido parte de acordos entre os pa\u00edses. Dessa forma, as taxas sobre <strong>importa\u00e7\u00e3o<\/strong> passaram de 10% a 25% sobre US$ 200 milh\u00f5es em produtos.<\/p>\n<p>A<strong> <a href=\"https:\/\/www.suno.com.br\/artigos\/guerra-comercial\/\">guerra comercial<\/a><\/strong>, no in\u00edcio do ano, havia dado ind\u00edcios de calmaria, com os pa\u00edses participando de rodadas de negocia\u00e7\u00f5es para chegar a um acordo comercial.<\/p>\n<p>Contudo, em maio, a <strong>guerra comercial<\/strong> obteve um novo cap\u00edtulo, e com todos estes fatos ocorrendo em paralelo, o <strong>d\u00f3lar<\/strong> \u00e9 valorizado no Brasil, e opera acima dos R$ 4,10.<\/p>\n","protected":false},"excerpt":{"rendered":"<p>O d\u00f3lar encerrou a R$ 4,1019 nesta feira (17), com alta de 1,618%. A moeda-norte americana persiste numa trajet\u00f3ria de alta, desde que as incertezas econ\u00f4micas cresceram entorno do governo do presidente da Rep\u00fablica, Jair Bolsonaro. D\u00f3lar bate R$ 4,10 no governo Bolsonaro. (divulga\u00e7\u00e3o) Confira os oito principais fatos que alavancaram o d\u00f3lar nas \u00faltimas [&hellip;]<\/p>\n","protected":false},"author":12,"featured_media":11166,"comment_status":"closed","ping_status":"closed","sticky":false,"template":"","format":"standard","meta":[],"categories":[60],"tags":[1842,1296,326,833,875,719,796,595,807,940,1113,892],"suno_strategy":[],"class_list":["post-25042","post","type-post","status-publish","format-standard","has-post-thumbnail","hentry","category-mercado","tag-banco-central-bc","tag-desemprego","tag-dolar","tag-greve-dos-caminhoneiros","tag-ibc-br","tag-jair-bolsonaro","tag-paulo-guedes","tag-petrobras-petr4","tag-produto-interno-bruto-pib","tag-reforma-da-previdencia","tag-roberto-campos-neto","tag-rodrigo-maia"],"yoast_head":"<!-- This site is optimized with the Yoast SEO plugin v24.4 - https:\/\/yoast.com\/wordpress\/plugins\/seo\/ -->\n<title>D\u00f3lar bate R$ 4,10: entenda os oito motivos para a valoriza\u00e7\u00e3o da moeda<\/title>\n<meta name=\"description\" content=\"O d\u00f3lar bateu R$ 4,10 nesta sexta-feira (17); entenda os oito principais motivos para a ascens\u00e3o da moeda americana. Clique para saber mais.\" \/>\n<meta name=\"robots\" content=\"index, follow, max-snippet:-1, max-image-preview:large, max-video-preview:-1\" \/>\n<link rel=\"canonical\" href=\"https:\/\/www.suno.com.br\/noticias\/dolar-410-entenda-motivos\/\" \/>\n<meta property=\"og:locale\" content=\"pt_BR\" \/>\n<meta property=\"og:type\" content=\"article\" \/>\n<meta property=\"og:title\" content=\"D\u00f3lar bate R$ 4,10: entenda os oito motivos para a valoriza\u00e7\u00e3o da moeda\" \/>\n<meta property=\"og:description\" content=\"O d\u00f3lar bateu R$ 4,10 nesta sexta-feira (17); entenda os oito principais motivos para a ascens\u00e3o da moeda americana. Clique para saber mais.\" \/>\n<meta property=\"og:url\" content=\"https:\/\/www.suno.com.br\/noticias\/dolar-410-entenda-motivos\/\" \/>\n<meta property=\"og:site_name\" content=\"Suno Not\u00edcias\" \/>\n<meta property=\"article:publisher\" content=\"https:\/\/facebook.com\/sunoresearch\" \/>\n<meta property=\"og:image\" content=\"https:\/\/files.sunoresearch.com.br\/n\/uploads\/2019\/01\/b465278b-bolsonaro-e1547139826271.jpg\" \/>\n\t<meta property=\"og:image:width\" content=\"400\" \/>\n\t<meta property=\"og:image:height\" content=\"400\" \/>\n\t<meta property=\"og:image:type\" content=\"image\/jpeg\" \/>\n<meta name=\"author\" content=\"Amanda Gushiken\" \/>\n<meta name=\"twitter:card\" content=\"summary_large_image\" \/>\n<meta name=\"twitter:creator\" content=\"@sunoresearch\" \/>\n<meta name=\"twitter:site\" content=\"@sunoresearch\" \/>\n<meta name=\"twitter:label1\" content=\"Escrito por\" \/>\n\t<meta name=\"twitter:data1\" content=\"Amanda Gushiken\" \/>\n\t<meta name=\"twitter:label2\" content=\"Est. tempo de leitura\" \/>\n\t<meta name=\"twitter:data2\" content=\"11 minutos\" \/>\n<script type=\"application\/ld+json\" class=\"yoast-schema-graph\">{\"@context\":\"https:\/\/schema.org\",\"@graph\":[{\"@type\":\"NewsArticle\",\"@id\":\"https:\/\/www.suno.com.br\/noticias\/dolar-410-entenda-motivos\/#article\",\"isPartOf\":{\"@id\":\"https:\/\/www.suno.com.br\/noticias\/dolar-410-entenda-motivos\/\"},\"author\":{\"name\":\"Amanda Gushiken\",\"@id\":\"https:\/\/www.suno.com.br\/noticias\/#\/schema\/person\/a5b06fa4e879d8e8e119c6ed3cd630d1\"},\"headline\":\"D\u00f3lar bate R$ 4,10: entenda os oito motivos para a valoriza\u00e7\u00e3o da moeda\",\"datePublished\":\"2019-05-17T19:53:22+00:00\",\"dateModified\":\"2021-02-18T01:48:54+00:00\",\"mainEntityOfPage\":{\"@id\":\"https:\/\/www.suno.com.br\/noticias\/dolar-410-entenda-motivos\/\"},\"wordCount\":2138,\"publisher\":{\"@id\":\"https:\/\/www.suno.com.br\/noticias\/#organization\"},\"image\":{\"@id\":\"https:\/\/www.suno.com.br\/noticias\/dolar-410-entenda-motivos\/#primaryimage\"},\"thumbnailUrl\":\"https:\/\/files.sunoresearch.com.br\/n\/uploads\/2019\/01\/b465278b-bolsonaro-e1547139826271-jpg.webp\",\"keywords\":[\"Banco Central (BC)\",\"Desemprego\",\"d\u00f3lar\",\"greve dos caminhoneiros\",\"IBC-Br\",\"Jair Bolsonaro\",\"Paulo Guedes\",\"Petrobras (PETR4)\",\"Produto Interno Bruto (PIB)\",\"Reforma da Previd\u00eancia\",\"Roberto Campos Neto\",\"Rodrigo Maia\"],\"articleSection\":[\"Mercado\"],\"inLanguage\":\"pt-BR\"},{\"@type\":\"WebPage\",\"@id\":\"https:\/\/www.suno.com.br\/noticias\/dolar-410-entenda-motivos\/\",\"url\":\"https:\/\/www.suno.com.br\/noticias\/dolar-410-entenda-motivos\/\",\"name\":\"D\u00f3lar bate R$ 4,10: entenda os oito motivos para a valoriza\u00e7\u00e3o da moeda\",\"isPartOf\":{\"@id\":\"https:\/\/www.suno.com.br\/noticias\/#website\"},\"primaryImageOfPage\":{\"@id\":\"https:\/\/www.suno.com.br\/noticias\/dolar-410-entenda-motivos\/#primaryimage\"},\"image\":{\"@id\":\"https:\/\/www.suno.com.br\/noticias\/dolar-410-entenda-motivos\/#primaryimage\"},\"thumbnailUrl\":\"https:\/\/files.sunoresearch.com.br\/n\/uploads\/2019\/01\/b465278b-bolsonaro-e1547139826271-jpg.webp\",\"datePublished\":\"2019-05-17T19:53:22+00:00\",\"dateModified\":\"2021-02-18T01:48:54+00:00\",\"description\":\"O d\u00f3lar bateu R$ 4,10 nesta sexta-feira (17); entenda os oito principais motivos para a ascens\u00e3o da moeda americana. Clique para saber mais.\",\"breadcrumb\":{\"@id\":\"https:\/\/www.suno.com.br\/noticias\/dolar-410-entenda-motivos\/#breadcrumb\"},\"inLanguage\":\"pt-BR\",\"potentialAction\":[{\"@type\":\"ReadAction\",\"target\":[\"https:\/\/www.suno.com.br\/noticias\/dolar-410-entenda-motivos\/\"]}]},{\"@type\":\"ImageObject\",\"inLanguage\":\"pt-BR\",\"@id\":\"https:\/\/www.suno.com.br\/noticias\/dolar-410-entenda-motivos\/#primaryimage\",\"url\":\"https:\/\/files.sunoresearch.com.br\/n\/uploads\/2019\/01\/b465278b-bolsonaro-e1547139826271-jpg.webp\",\"contentUrl\":\"https:\/\/files.sunoresearch.com.br\/n\/uploads\/2019\/01\/b465278b-bolsonaro-e1547139826271-jpg.webp\",\"width\":400,\"height\":400,\"caption\":\"D\u00f3lar bate R$ 4,10 no governo Bolsonaro. (divulga\u00e7\u00e3o)\"},{\"@type\":\"BreadcrumbList\",\"@id\":\"https:\/\/www.suno.com.br\/noticias\/dolar-410-entenda-motivos\/#breadcrumb\",\"itemListElement\":[{\"@type\":\"ListItem\",\"position\":1,\"name\":\"Not\u00edcias\",\"item\":\"https:\/\/www.suno.com.br\/noticias\/\"},{\"@type\":\"ListItem\",\"position\":2,\"name\":\"Mercado\",\"item\":\"https:\/\/www.suno.com.br\/noticias\/mercado\/\"},{\"@type\":\"ListItem\",\"position\":3,\"name\":\"D\u00f3lar bate R$ 4,10: entenda os oito motivos para a valoriza\u00e7\u00e3o da moeda\"}]},{\"@type\":\"WebSite\",\"@id\":\"https:\/\/www.suno.com.br\/noticias\/#website\",\"url\":\"https:\/\/www.suno.com.br\/noticias\/\",\"name\":\"Suno Not\u00edcias\",\"description\":\"Seu portal de informa\u00e7\u00e3o sobre o mundo dos investimentos\",\"publisher\":{\"@id\":\"https:\/\/www.suno.com.br\/noticias\/#organization\"},\"potentialAction\":[{\"@type\":\"SearchAction\",\"target\":{\"@type\":\"EntryPoint\",\"urlTemplate\":\"https:\/\/www.suno.com.br\/noticias\/?s={search_term_string}\"},\"query-input\":{\"@type\":\"PropertyValueSpecification\",\"valueRequired\":true,\"valueName\":\"search_term_string\"}}],\"inLanguage\":\"pt-BR\"},{\"@type\":\"Organization\",\"@id\":\"https:\/\/www.suno.com.br\/noticias\/#organization\",\"name\":\"Suno Not\u00edcias\",\"url\":\"https:\/\/www.suno.com.br\/noticias\/\",\"logo\":{\"@type\":\"ImageObject\",\"inLanguage\":\"pt-BR\",\"@id\":\"https:\/\/www.suno.com.br\/noticias\/#\/schema\/logo\/image\/\",\"url\":\"https:\/\/files.sunoresearch.com.br\/n\/uploads\/2021\/09\/suno-logo.png\",\"contentUrl\":\"https:\/\/files.sunoresearch.com.br\/n\/uploads\/2021\/09\/suno-logo.png\",\"width\":180,\"height\":180,\"caption\":\"Suno Not\u00edcias\"},\"image\":{\"@id\":\"https:\/\/www.suno.com.br\/noticias\/#\/schema\/logo\/image\/\"},\"sameAs\":[\"https:\/\/facebook.com\/sunoresearch\",\"https:\/\/x.com\/sunoresearch\",\"https:\/\/www.instagram.com\/suno\",\"https:\/\/www.linkedin.com\/company\/suno-research\/\",\"https:\/\/www.youtube.com\/c\/sunoresearch\"]},{\"@type\":\"Person\",\"@id\":\"https:\/\/www.suno.com.br\/noticias\/#\/schema\/person\/a5b06fa4e879d8e8e119c6ed3cd630d1\",\"name\":\"Amanda Gushiken\",\"image\":{\"@type\":\"ImageObject\",\"inLanguage\":\"pt-BR\",\"@id\":\"https:\/\/www.suno.com.br\/noticias\/#\/schema\/person\/image\/\",\"url\":\"https:\/\/secure.gravatar.com\/avatar\/ecd84705e6b65e3685ae80d725501fbe?s=96&r=g\",\"contentUrl\":\"https:\/\/secure.gravatar.com\/avatar\/ecd84705e6b65e3685ae80d725501fbe?s=96&r=g\",\"caption\":\"Amanda Gushiken\"},\"description\":\"Amanda Sayuri Gushiken escreve sobre finan\u00e7as e neg\u00f3cios para o portal Suno Not\u00edcias. Antes, trabalhou selecionando not\u00edcias da imprensa para clientes do mercado financeiro. Tamb\u00e9m desenvolveu pesquisa acad\u00eamica pela Universidade Anhembi Morumbi na \u00e1rea de Teorias da Comunica\u00e7\u00e3o e \u00e9 fot\u00f3grafa nas horas vagas.\",\"url\":\"https:\/\/www.suno.com.br\/noticias\/author\/amanda\/\"}]}<\/script>\n<!-- \/ Yoast SEO plugin. -->","yoast_head_json":{"title":"D\u00f3lar bate R$ 4,10: entenda os oito motivos para a valoriza\u00e7\u00e3o da moeda","description":"O d\u00f3lar bateu R$ 4,10 nesta sexta-feira (17); entenda os oito principais motivos para a ascens\u00e3o da moeda americana. Clique para saber mais.","robots":{"index":"index","follow":"follow","max-snippet":"max-snippet:-1","max-image-preview":"max-image-preview:large","max-video-preview":"max-video-preview:-1"},"canonical":"https:\/\/www.suno.com.br\/noticias\/dolar-410-entenda-motivos\/","og_locale":"pt_BR","og_type":"article","og_title":"D\u00f3lar bate R$ 4,10: entenda os oito motivos para a valoriza\u00e7\u00e3o da moeda","og_description":"O d\u00f3lar bateu R$ 4,10 nesta sexta-feira (17); entenda os oito principais motivos para a ascens\u00e3o da moeda americana. Clique para saber mais.","og_url":"https:\/\/www.suno.com.br\/noticias\/dolar-410-entenda-motivos\/","og_site_name":"Suno Not\u00edcias","article_publisher":"https:\/\/facebook.com\/sunoresearch","og_image":[{"width":400,"height":400,"url":"https:\/\/files.sunoresearch.com.br\/n\/uploads\/2019\/01\/b465278b-bolsonaro-e1547139826271.jpg","type":"image\/jpeg"}],"author":"Amanda Gushiken","twitter_card":"summary_large_image","twitter_creator":"@sunoresearch","twitter_site":"@sunoresearch","twitter_misc":{"Escrito por":"Amanda Gushiken","Est. tempo de leitura":"11 minutos"},"schema":{"@context":"https:\/\/schema.org","@graph":[{"@type":"NewsArticle","@id":"https:\/\/www.suno.com.br\/noticias\/dolar-410-entenda-motivos\/#article","isPartOf":{"@id":"https:\/\/www.suno.com.br\/noticias\/dolar-410-entenda-motivos\/"},"author":{"name":"Amanda Gushiken","@id":"https:\/\/www.suno.com.br\/noticias\/#\/schema\/person\/a5b06fa4e879d8e8e119c6ed3cd630d1"},"headline":"D\u00f3lar bate R$ 4,10: entenda os oito motivos para a valoriza\u00e7\u00e3o da moeda","datePublished":"2019-05-17T19:53:22+00:00","dateModified":"2021-02-18T01:48:54+00:00","mainEntityOfPage":{"@id":"https:\/\/www.suno.com.br\/noticias\/dolar-410-entenda-motivos\/"},"wordCount":2138,"publisher":{"@id":"https:\/\/www.suno.com.br\/noticias\/#organization"},"image":{"@id":"https:\/\/www.suno.com.br\/noticias\/dolar-410-entenda-motivos\/#primaryimage"},"thumbnailUrl":"https:\/\/files.sunoresearch.com.br\/n\/uploads\/2019\/01\/b465278b-bolsonaro-e1547139826271-jpg.webp","keywords":["Banco Central (BC)","Desemprego","d\u00f3lar","greve dos caminhoneiros","IBC-Br","Jair Bolsonaro","Paulo Guedes","Petrobras (PETR4)","Produto Interno Bruto (PIB)","Reforma da Previd\u00eancia","Roberto Campos Neto","Rodrigo Maia"],"articleSection":["Mercado"],"inLanguage":"pt-BR"},{"@type":"WebPage","@id":"https:\/\/www.suno.com.br\/noticias\/dolar-410-entenda-motivos\/","url":"https:\/\/www.suno.com.br\/noticias\/dolar-410-entenda-motivos\/","name":"D\u00f3lar bate R$ 4,10: entenda os oito motivos para a valoriza\u00e7\u00e3o da moeda","isPartOf":{"@id":"https:\/\/www.suno.com.br\/noticias\/#website"},"primaryImageOfPage":{"@id":"https:\/\/www.suno.com.br\/noticias\/dolar-410-entenda-motivos\/#primaryimage"},"image":{"@id":"https:\/\/www.suno.com.br\/noticias\/dolar-410-entenda-motivos\/#primaryimage"},"thumbnailUrl":"https:\/\/files.sunoresearch.com.br\/n\/uploads\/2019\/01\/b465278b-bolsonaro-e1547139826271-jpg.webp","datePublished":"2019-05-17T19:53:22+00:00","dateModified":"2021-02-18T01:48:54+00:00","description":"O d\u00f3lar bateu R$ 4,10 nesta sexta-feira (17); entenda os oito principais motivos para a ascens\u00e3o da moeda americana. Clique para saber mais.","breadcrumb":{"@id":"https:\/\/www.suno.com.br\/noticias\/dolar-410-entenda-motivos\/#breadcrumb"},"inLanguage":"pt-BR","potentialAction":[{"@type":"ReadAction","target":["https:\/\/www.suno.com.br\/noticias\/dolar-410-entenda-motivos\/"]}]},{"@type":"ImageObject","inLanguage":"pt-BR","@id":"https:\/\/www.suno.com.br\/noticias\/dolar-410-entenda-motivos\/#primaryimage","url":"https:\/\/files.sunoresearch.com.br\/n\/uploads\/2019\/01\/b465278b-bolsonaro-e1547139826271-jpg.webp","contentUrl":"https:\/\/files.sunoresearch.com.br\/n\/uploads\/2019\/01\/b465278b-bolsonaro-e1547139826271-jpg.webp","width":400,"height":400,"caption":"D\u00f3lar bate R$ 4,10 no governo Bolsonaro. (divulga\u00e7\u00e3o)"},{"@type":"BreadcrumbList","@id":"https:\/\/www.suno.com.br\/noticias\/dolar-410-entenda-motivos\/#breadcrumb","itemListElement":[{"@type":"ListItem","position":1,"name":"Not\u00edcias","item":"https:\/\/www.suno.com.br\/noticias\/"},{"@type":"ListItem","position":2,"name":"Mercado","item":"https:\/\/www.suno.com.br\/noticias\/mercado\/"},{"@type":"ListItem","position":3,"name":"D\u00f3lar bate R$ 4,10: entenda os oito motivos para a valoriza\u00e7\u00e3o da moeda"}]},{"@type":"WebSite","@id":"https:\/\/www.suno.com.br\/noticias\/#website","url":"https:\/\/www.suno.com.br\/noticias\/","name":"Suno Not\u00edcias","description":"Seu portal de informa\u00e7\u00e3o sobre o mundo dos investimentos","publisher":{"@id":"https:\/\/www.suno.com.br\/noticias\/#organization"},"potentialAction":[{"@type":"SearchAction","target":{"@type":"EntryPoint","urlTemplate":"https:\/\/www.suno.com.br\/noticias\/?s={search_term_string}"},"query-input":{"@type":"PropertyValueSpecification","valueRequired":true,"valueName":"search_term_string"}}],"inLanguage":"pt-BR"},{"@type":"Organization","@id":"https:\/\/www.suno.com.br\/noticias\/#organization","name":"Suno Not\u00edcias","url":"https:\/\/www.suno.com.br\/noticias\/","logo":{"@type":"ImageObject","inLanguage":"pt-BR","@id":"https:\/\/www.suno.com.br\/noticias\/#\/schema\/logo\/image\/","url":"https:\/\/files.sunoresearch.com.br\/n\/uploads\/2021\/09\/suno-logo.png","contentUrl":"https:\/\/files.sunoresearch.com.br\/n\/uploads\/2021\/09\/suno-logo.png","width":180,"height":180,"caption":"Suno Not\u00edcias"},"image":{"@id":"https:\/\/www.suno.com.br\/noticias\/#\/schema\/logo\/image\/"},"sameAs":["https:\/\/facebook.com\/sunoresearch","https:\/\/x.com\/sunoresearch","https:\/\/www.instagram.com\/suno","https:\/\/www.linkedin.com\/company\/suno-research\/","https:\/\/www.youtube.com\/c\/sunoresearch"]},{"@type":"Person","@id":"https:\/\/www.suno.com.br\/noticias\/#\/schema\/person\/a5b06fa4e879d8e8e119c6ed3cd630d1","name":"Amanda Gushiken","image":{"@type":"ImageObject","inLanguage":"pt-BR","@id":"https:\/\/www.suno.com.br\/noticias\/#\/schema\/person\/image\/","url":"https:\/\/secure.gravatar.com\/avatar\/ecd84705e6b65e3685ae80d725501fbe?s=96&r=g","contentUrl":"https:\/\/secure.gravatar.com\/avatar\/ecd84705e6b65e3685ae80d725501fbe?s=96&r=g","caption":"Amanda Gushiken"},"description":"Amanda Sayuri Gushiken escreve sobre finan\u00e7as e neg\u00f3cios para o portal Suno Not\u00edcias. Antes, trabalhou selecionando not\u00edcias da imprensa para clientes do mercado financeiro. Tamb\u00e9m desenvolveu pesquisa acad\u00eamica pela Universidade Anhembi Morumbi na \u00e1rea de Teorias da Comunica\u00e7\u00e3o e \u00e9 fot\u00f3grafa nas horas vagas.","url":"https:\/\/www.suno.com.br\/noticias\/author\/amanda\/"}]}},"default_loop_html":"<div class=\"cardsPage__listCard__boxs\"><div class=\"cardsPage__listCard__boxs__img\"><a href=\"https:\/\/www.suno.com.br\/noticias\/dolar-410-entenda-motivos\/\"><img class=\"mask\" src=\"https:\/\/www.suno.com.br\/noticias\/wp-content\/themes\/suno\/resources\/images\/spotlight\/spotlight1img\/bg-mask.png\" alt=\"Image Mask\"\/><img src=\"https:\/\/files.sunoresearch.com.br\/n\/uploads\/2019\/01\/b465278b-bolsonaro-e1547139826271-400x200.webp\" alt=\"D\u00f3lar bate R$ 4,10: entenda os oito motivos para a valoriza\u00e7\u00e3o da moeda\"\/><\/a><span class=\"spotlightCategory\"><a href=\"https:\/\/www.suno.com.br\/noticias\/mercado\/\">Mercado<\/a><\/span><\/div><div class=\"cardsPage__listCard__boxs__content\"><a href=\"https:\/\/www.suno.com.br\/noticias\/dolar-410-entenda-motivos\/\"><h2 class=\"content__title\">D\u00f3lar bate R$ 4,10: entenda os oito motivos para a valoriza\u00e7\u00e3o da moeda<\/h2><\/a><div class=\"newsContent__article__meta\"><div class=\"newsContent__article__meta__authorBox\"><a href=\"https:\/\/www.suno.com.br\/noticias\/author\/amanda\/\" class=\"authorBox__avatar noMobi\"><img src=\"https:\/\/files.sunoresearch.com.br\/n\/uploads\/2018\/11\/c6ad30be-amanda-150x150.webp\" alt=\"Amanda Gushiken\"><\/a><div class=\"authorBox__name\"><span>por\n\t\t\t<a href=\"https:\/\/www.suno.com.br\/noticias\/author\/amanda\/\"><span itemprop=\"author\">Amanda Gushiken<\/span><\/a><\/span><time datetime=\"2019-05-17T16:53:22-03:00\" itemprop=\"datePublished\">17\/05\/2019 16:53<\/time><\/div><\/div><\/div><\/div><\/div>","single_layout":"posts","amp_enabled":true,"_links":{"self":[{"href":"https:\/\/www.suno.com.br\/noticias\/wp-json\/wp\/v2\/posts\/25042"}],"collection":[{"href":"https:\/\/www.suno.com.br\/noticias\/wp-json\/wp\/v2\/posts"}],"about":[{"href":"https:\/\/www.suno.com.br\/noticias\/wp-json\/wp\/v2\/types\/post"}],"author":[{"embeddable":true,"href":"https:\/\/www.suno.com.br\/noticias\/wp-json\/wp\/v2\/users\/12"}],"replies":[{"embeddable":true,"href":"https:\/\/www.suno.com.br\/noticias\/wp-json\/wp\/v2\/comments?post=25042"}],"version-history":[{"count":0,"href":"https:\/\/www.suno.com.br\/noticias\/wp-json\/wp\/v2\/posts\/25042\/revisions"}],"wp:featuredmedia":[{"embeddable":true,"href":"https:\/\/www.suno.com.br\/noticias\/wp-json\/wp\/v2\/media\/11166"}],"wp:attachment":[{"href":"https:\/\/www.suno.com.br\/noticias\/wp-json\/wp\/v2\/media?parent=25042"}],"wp:term":[{"taxonomy":"category","embeddable":true,"href":"https:\/\/www.suno.com.br\/noticias\/wp-json\/wp\/v2\/categories?post=25042"},{"taxonomy":"post_tag","embeddable":true,"href":"https:\/\/www.suno.com.br\/noticias\/wp-json\/wp\/v2\/tags?post=25042"},{"taxonomy":"suno_strategy","embeddable":true,"href":"https:\/\/www.suno.com.br\/noticias\/wp-json\/wp\/v2\/suno_strategy?post=25042"}],"curies":[{"name":"wp","href":"https:\/\/api.w.org\/{rel}","templated":true}]}}