{"id":250245,"date":"2022-04-13T07:00:44","date_gmt":"2022-04-13T10:00:44","guid":{"rendered":"https:\/\/www.suno.com.br\/noticias\/?p=250245"},"modified":"2022-04-12T17:43:14","modified_gmt":"2022-04-12T20:43:14","slug":"petrobras-petr4-novela-assembleia","status":"publish","type":"post","link":"https:\/\/www.suno.com.br\/noticias\/petrobras-petr4-novela-assembleia\/","title":{"rendered":"Entenda a &#8216;novela&#8217; sobre o novo CEO da Petrobras (PETR4), que deve terminar nesta quarta (13)"},"content":{"rendered":"<p>Com uma s\u00e9rie de intemp\u00e9ries, pagamento de <a class=\"suno-keyword\" href=\"https:\/\/www.suno.com.br\/guias\/dividendos\/\" target=\"_blank\" rel=\"noopener\" data-force=\"no\" data-priority=\"1\">dividendos<\/a> polpudos e demiss\u00f5es em ano de elei\u00e7\u00e3o, a <strong>Petrobras<\/strong> (<a href=\"https:\/\/www.suno.com.br\/acoes\/petr4\/\">PETR4<\/a>) foi o grande destaque do trimestre. Uma sucess\u00e3o de mudan\u00e7as bruscas no corpo administrativo da estatal se iniciou com uma insatisfa\u00e7\u00e3o do Pal\u00e1cio do Planalto se arrastou por todo o m\u00eas de mar\u00e7o e, ao que tudo indica, acaba nesta quarta-feira (13) com a ratifica\u00e7\u00e3o do novo presidente da empresa e do comando do Conselho de Administra\u00e7\u00e3o.<\/p>\t<div class=\"wrapper-featured-image\">\n\t\t<figure class=\"spotlightImg\">\n\n\t\t\t<picture>\n\t\t\t\t<source media=\"(max-width: 768px)\" srcset=\"https:\/\/files.sunoresearch.com.br\/n\/uploads\/2021\/01\/0df35185-32809478493_db012a3da5_z_easy-resize.com_-400x200.webp\">\n\t\t\t\t<img loading=\"lazy\" decoding=\"async\" class=\"newsContent__article__imgCapa lazyloadDisabled \" src=\"https:\/\/files.sunoresearch.com.br\/n\/uploads\/2021\/01\/0df35185-32809478493_db012a3da5_z_easy-resize.com_-800x450.webp\" width=\"800\" height=\"450\" alt=\"Entenda a &#8216;novela&#8217; sobre o novo CEO da Petrobras (PETR4), que deve terminar nesta quarta (13)\" fetchpriority=high \/>\n\t\t\t<\/picture>\n\n\t\t\t<figcaption class=\"wp-caption-text wp-caption-text--show\">Petrobras teve imbr\u00f3glio iniciado com reajuste na gasolina ap\u00f3s 50 dias de pre\u00e7os &#039;congelados&#039; em meio \u00e0 alta do petr\u00f3leo Brent - Foto: Reprodu\u00e7\u00e3o<\/figcaption>\n\t\t<\/figure>\n\t<\/div>\n\n\n\t<p>\n\t\t<a href=\"\" target=\"_blank\" data-element=\"shortcode-suno-banner\" title=\"Banner SUNO, clique e saiba mais\">\n\t\t\t<picture>\n\t\t\t\t<source media=\"(max-width: 500px)\" srcset=\"\">\n\t\t\t\t<img class=\"newsContent__article__imgCapa newsContent__article__imgCapa--banner\"\n\t\t\t\t\tsrc=\"\"\n\t\t\t\t\tdata-promo-id=\"138420\"\t\t\t\t\t\t\t\t\t\t\t\t\t\t\talt=\"\"\n\t\t\t\t>\n\t\t\t<\/picture>\n\t\t<\/a>\n\t<\/p>\n\n\n<p>A hist\u00f3ria da sucess\u00e3o no alto escal\u00e3o da Petrobras come\u00e7ou quando, em consequ\u00eancia da guerra da Ucr\u00e2nia e das san\u00e7\u00f5es econ\u00f4micas ao governo russo, os pre\u00e7os do barril de petr\u00f3leo dispararam. Sem reajustar o <strong>pre\u00e7o da gasolina <\/strong>havia 50 dias, a Petrobras se viu na necessidade de ter de mudar a cobran\u00e7a \u00e0s refinarias.<\/p>\n<p>Com o barril do Brent chegando a beirar US$ 140, a estatal anunciou o reajuste &#8212; a alta foi de 19% na gasolina e de 25% no diesel, maior aumento em duas d\u00e9cadas.<\/p>\n<p>A gasolina j\u00e1 era um dos vil\u00f5es da infla\u00e7\u00e3o, acima de R$ 6 na maioria dos estados. \u00c0 \u00e9poca, diversas pesquisas j\u00e1 apontavam a defasagem gigantesca em rela\u00e7\u00e3o aos pre\u00e7os internacionais &#8211; que norteiam a <strong>pol\u00edtica de pre\u00e7os da Petrobras<\/strong> desde o governo Michel Temer, baseando as cobran\u00e7as no que \u00e9 chamada de paridade internacional.<\/p>\n<p><strong>Gasolina<\/strong> cara em tempos de elei\u00e7\u00e3o, indiscutivelmente, \u00e9 sin\u00f4nimo de perda de capital pol\u00edtico.<\/p>\n<p>Com memes inundando as redes sociais, cr\u00edticas de analistas e pol\u00edticos, mais o anseio grande no Planalto para amenizar a situa\u00e7\u00e3o, o presidente Jair <strong>Bolsonaro<\/strong> (PL) rotulou o pre\u00e7o da gasolina como &#8220;crime contra o povo&#8221; e fez diversas declara\u00e7\u00f5es negativas sobre a Petrobras &#8211; ainda que com algumas ressalvas de que n\u00e3o faria interfer\u00eancias na pol\u00edtica de pre\u00e7os, um dos maiores temores do mercado.<\/p>\n<p>Em um primeiro momento, em um arrefecimento da <a class=\"suno-keyword\" href=\"https:\/\/www.suno.com.br\/artigos\/cotacao-do-petroleo\/\" target=\"_blank\" rel=\"noopener\" data-force=\"no\" data-priority=\"1\">cota\u00e7\u00e3o do petr\u00f3leo<\/a>, ainda acima de US$ 100, <strong>Bolsonaro<\/strong> disse que, diante da queda no pre\u00e7o do<a href=\"https:\/\/www.suno.com.br\/noticias\/petroleo-volta-abaixo-100\/\">\u00a0barril do petr\u00f3leo<\/a> no mercado internacional, \u201ctudo indicava\u201d que os combust\u00edveis ficariam mais baratos no Brasil.<\/p>\n\n\t<div data-element=\"shortcode-read-more\" class=\"readToo\">\n\t\t\t\t<span class=\"readToo__title\">Leia mais<\/span>\n\t\t\t\t<ul class=\"readToo__list\">\n\t\t\t<li><a href=\"https:\/\/www.suno.com.br\/noticias\/dividendos-petrobras-petr4-vale-vale3-recorde-2021\/\">Petrobras (PETR4) e Vale (VALE3) pagaram mais dividendos do que todas as empresas da Bolsa<\/a><\/li><li><a href=\"https:\/\/www.suno.com.br\/noticias\/gas-cozinha-petrobras-petr4-reducao-glp\/\">Petrobras (PETR4) anuncia redu\u00e7\u00e3o de 5,5% para pre\u00e7o do g\u00e1s de cozinha a partir de amanh\u00e3<\/a><\/li><li><a href=\"https:\/\/www.suno.com.br\/noticias\/petrobras-petr4-presidente-ceo-coelho\/\">Novo presidente da Petrobras (PETR4) tem experi\u00eancia e n\u00e3o far\u00e1 interven\u00e7\u00f5es, analisa Goldman Sachs<\/a><\/li>\t\t<\/ul>\n\t<\/div>\n\n\n<p>\u201cAo que tudo indica, os n\u00fameros l\u00e1 fora, sobretudo o\u00a0<strong>pre\u00e7o do barril de petr\u00f3leo<\/strong>, sinalizam para uma normalidade no mundo. Espero que assim seja. E espero que a nossa querida Petrobras, que teve muita sensibilidade ao n\u00e3o nos dar um dia, retorne aos n\u00edveis da semana passada os pre\u00e7os dos combust\u00edveis no Brasil\u201d, disse, em cr\u00edtica velada.<\/p>\n<p>No dia seguinte, o presidente sancionou uma lei que unificou o <strong>valor do ICMS<\/strong>\u00a0dos combust\u00edveis. Segundo ele, isso traria um desconto de R$ 0,60 por litro de diesel. Como o reajuste da Petrobras deixou o litro do combust\u00edvel R$ 0,90 mais caro, a queda no pre\u00e7o foi menor e ainda n\u00e3o chegou aos postos, disse.<\/p>\n<p>Na ocasi\u00e3o, aos solavancos, Bolsonaro reclamou de um suposto &#8216;adiantamento&#8217; no reajuste.<\/p>\n<p>\u201cSe a empresa tivesse esperado um dia a mais, poder\u00edamos, ao anunciar o <strong>reajuste da Petrobras<\/strong>, que n\u00e3o \u00e9 de responsabilidade nossa, \u00e9 exclusiva da companhia, de 90 centavos no litro do diesel. Poderia ter anunciado tamb\u00e9m a diminui\u00e7\u00e3o de 60 centavos no litro do diesel &#8211; o reajuste seria de 30 centavos\u201d, declarou.<\/p>\n<p>Iniciou-se ent\u00e3o um processo de mudan\u00e7as no tabuleiro.<\/p>\n<h2>A fritura de Silva e Luna na Petrobras<\/h2>\n<p>O general Joaquim <strong>Silva e Luna<\/strong> teve uma das entradas mais conturbadas da hist\u00f3ria da Petrobras. Mudan\u00e7as de executivos da estatal, quase que tradicionalmente, aumentam muito a volatilidade dos pap\u00e9is &#8211; dado o ceticismo dos investidores quanto \u00e0 capacidade de governan\u00e7a do Governo Federal, <a class=\"suno-keyword\" href=\"https:\/\/www.suno.com.br\/artigos\/acionista-majoritario\/\" target=\"_blank\" rel=\"noopener\" data-force=\"no\" data-priority=\"1\">acionista majorit\u00e1rio<\/a> da companhia. Foi indicado pelo governo para substituir Roberto Castello Branco &#8212; que permaneceu no cargo de CEO por dois anos e tr\u00eas meses &#8211;, tamb\u00e9m em meio a cr\u00edticas sobre reajustes de combust\u00edveis.<\/p>\n<p>Com entrada em meados de abril de 2021 e ficando cerca de um ano \u00e0 frente da companhia, o general come\u00e7ou a enfrentar algumas cr\u00edticas e boatos.<\/p>\n<p>Em entrevista \u00e0 TV Ponta Negra, afiliada do SBT no Rio Grande do Norte, Bolsonaro disse que todo mundo pode ser substitu\u00eddo se n\u00e3o estiver fazendo seu trabalho da melhor forma.<\/p>\n\t<p>\n\t\t<a href=\"https:\/\/lp.suno.com.br\/planilha-controle-gastos\/\" target=\"_blank\" data-element=\"shortcode-suno-banner\" title=\"Banner SUNO, clique e saiba mais\">\n\t\t\t<picture>\n\t\t\t\t<source media=\"(max-width: 500px)\" srcset=\"https:\/\/files.sunoresearch.com.br\/n\/uploads\/2023\/03\/400x300-Planilha-controle-de-gastos.png\">\n\t\t\t\t<img class=\"newsContent__article__imgCapa newsContent__article__imgCapa--banner\"\n\t\t\t\t\tsrc=\"https:\/\/files.sunoresearch.com.br\/n\/uploads\/2023\/03\/1420x240-Planilha-controle-de-gastos.png\"\n\t\t\t\t\tdata-promo-id=\"101751\"\t\t\t\t\t\t\t\t\t\twidth='1420' height='240'\t\t\t\t\talt=\"https:\/\/files.sunoresearch.com.br\/n\/uploads\/2023\/03\/1420x240-Planilha-controle-de-gastos.png\"\n\t\t\t\t>\n\t\t\t<\/picture>\n\t\t<\/a>\n\t<\/p>\n\n\n<p>\u201cExiste a possibilidade, todo mundo pode ser substitu\u00eddo se n\u00e3o estiver fazendo trabalho a contento. (\u2026) Todos podem ser trocados por falha ou omiss\u00e3o\u201d, declarou Jair Bolsonaro, em entrevista.<\/p>\n<p>\u201cPara mim, \u00e9 uma empresa que poderia ser privatizada hoje\u201d, acrescentou Bolsonaro, reassumindo a tentativa de livrar o governo do \u00f4nus pol\u00edtico do reajuste. \u201cN\u00e3o posso interferir. Se pudesse, as decis\u00f5es seriam outras&#8221;, disse, em outra ocasi\u00e3o.<\/p>\n<p>A imprensa divulgou que o presidente Jair Bolsonaro avaliava a demiss\u00e3o de 2 a 3 <strong>diretores da Petrobras<\/strong>, mas que o general ficaria no encargo da presid\u00eancia da estatal.<\/p>\n<p>No fim de mar\u00e7o, no dia 28, contudo, Silva e Luna foi comunicado que seria substitu\u00eddo no cargo.<\/p>\n<h2>O imbr\u00f3glio e a busca por um novo nome<\/h2>\n<p>Em meio a falas de que que iria interferir na pol\u00edtica de pre\u00e7os e culpando a corrup\u00e7\u00e3o na estatal pela alta no pre\u00e7o dos combust\u00edveis, Bolsonaro nomeou Adriano Pires para assumir a Petrobras.<\/p>\n<p>O Minist\u00e9rio das Minas e Energia confirmou a indica\u00e7\u00e3o do economista de 64 anos, do CBIE, o Centro Brasileiro de Infraestrutura, especialista no setor de \u00f3leo e g\u00e1s, para a presid\u00eancia da estatal.<\/p>\n<p>Na mesma toada, o presidente do Flamengo Rodolfo Landim foi indicado para a presid\u00eancia do conselho de Administra\u00e7\u00e3o da estatal.<\/p>\n<p>Em entrevistas como representante do CBIE, Pires contrap\u00f5e vis\u00f5es do liberal\u00a0<strong><a class=\"suno-keyword\" href=\"https:\/\/www.suno.com.br\/tudo-sobre\/paulo-guedes\/\" target=\"_blank\" rel=\"noopener\" data-force=\"no\" data-priority=\"2\">Paulo Guedes<\/a><\/strong>, ministro da Economia brasileiro. Ao G1,\u00a0<strong>Adriano Pires<\/strong>\u00a0defendeu a cria\u00e7\u00e3o de\u00a0<strong>fundo de estabiliza\u00e7\u00e3o<\/strong>\u00a0para evitar repasses pela Petrobras da volatilidade no\u00a0<a class=\"suno-keyword\" href=\"https:\/\/www.suno.com.br\/artigos\/preco-do-petroleo\/\" target=\"_blank\" rel=\"noopener\" data-force=\"no\" data-priority=\"1\">pre\u00e7o do petr\u00f3leo<\/a>\u00a0aos consumidores.<\/p>\n<p>Segundo o BTG, a nomea\u00e7\u00e3o de Pires refor\u00e7ava \u201cas preocupa\u00e7\u00f5es sociais do governo federal e as tentativas de reduzir as press\u00f5es inflacion\u00e1rias devido \u00e0 disparada dos pre\u00e7os dos combust\u00edveis e em meio a expectativas de crescimento econ\u00f4mico mais baixas\u201d, especialmente em ano eleitoral.<\/p>\n\t<p>\n\t\t<a href=\"https:\/\/lp.suno.com.br\/planilha-da-vida-financeira\/\" target=\"_blank\" data-element=\"shortcode-suno-banner\" title=\"Banner SUNO, clique e saiba mais\">\n\t\t\t<picture>\n\t\t\t\t<source media=\"(max-width: 500px)\" srcset=\"https:\/\/files.sunoresearch.com.br\/n\/uploads\/2023\/04\/400x300-Planilha-vida-financeira-true.png\">\n\t\t\t\t<img class=\"newsContent__article__imgCapa newsContent__article__imgCapa--banner\"\n\t\t\t\t\tsrc=\"https:\/\/files.sunoresearch.com.br\/n\/uploads\/2023\/04\/1420x240-Planilha-vida-financeira-true.png\"\n\t\t\t\t\tdata-promo-id=\"106682\"\t\t\t\t\t\t\t\t\t\twidth='1420' height='240'\t\t\t\t\talt=\"https:\/\/files.sunoresearch.com.br\/n\/uploads\/2023\/04\/1420x240-Planilha-vida-financeira-true.png\"\n\t\t\t\t>\n\t\t\t<\/picture>\n\t\t<\/a>\n\t<\/p>\n\n\n<p>O jogo mudou quanto come\u00e7aram a aparecer obst\u00e1culos por seu cargo na CBIE &#8211; que acarretaria conflito de interesses.<\/p>\n<p>O Minist\u00e9rio P\u00fablico, junto ao Tribunal de Contas da Uni\u00e3o (TCU), chegou a ingressar com pedido para que Pires n\u00e3o assumisse a presid\u00eancia da Petrobras antes de uma investiga\u00e7\u00e3o do governo e da estatal sobre eventual conflito de interesse.<\/p>\n<p>O subprocurador-geral do MP-TCU Lucas Rocha Furtado disse, \u00e0 \u00e9poca, ter identificado o conflito de Adriano Pires \u201ctendo em vista sua atua\u00e7\u00e3o na <a class=\"suno-keyword\" href=\"https:\/\/www.suno.com.br\/artigos\/iniciativa-privada\/\" target=\"_blank\" rel=\"noopener\" data-force=\"no\" data-priority=\"1\">iniciativa privada<\/a>, a lan\u00e7ar d\u00favidas sobre a possibilidade \u00e9tica e legal de vir a assumir a presid\u00eancia da Petrobras\u201d.<\/p>\n<p>Muito provavelmente tendo que abrir m\u00e3o da empresa, fechando-a ou vendendo-a, Pires desistiu de assumir o cargo.<\/p>\n<p>Pires atende, entre os clientes, o empres\u00e1rio e s\u00f3cio de distribuidoras de g\u00e1s Carlos Suarez, que \u00e9 tamb\u00e9m amigo de d\u00e9cadas de Rodolfo Landim. O indicado do governo para a\u00a0<strong>presid\u00eancia<\/strong>\u00a0da estatal tamb\u00e9m atende a Abeg\u00e1s, associa\u00e7\u00e3o do setor, e a Compass, concession\u00e1ria de g\u00e1s do empres\u00e1rio Rubens Ometto, e de diversas outras empresas do setor.<\/p>\n<p>No documento, Pires agradeceu a indica\u00e7\u00e3o e reafirmou o \u201ccompromisso de continuar nessa luta\u201d pelo desenvolvimento do mercado de \u00f3leo e g\u00e1s. Disse que n\u00e3o poderia conciliar o cargo com as atividades de consultoria que j\u00e1 desempenha, atualmente, para empresas do setor.<\/p>\n<p>Um dia antes, o\u00a0presidente do Flamengo,\u00a0<strong>Rodolfo Landim<\/strong>, desistiu de concorrer \u00e0 presid\u00eancia do Conselho de Administra\u00e7\u00e3o da companhia.<\/p>\n<p>Em nota publicada no site do\u00a0<strong>Flamengo<\/strong> ap\u00f3s o time perder a final do Campeonato Carioca para o Fluminense, Landim afirmou que, \u201capesar do tamanho e da import\u00e2ncia da Petrobras para o nosso pa\u00eds, e da enorme honra para mim em exercer este cargo, [\u2026] resolvi abrir m\u00e3o desta indica\u00e7\u00e3o, concentrando todo meu tempo e dedica\u00e7\u00e3o para o ainda maior fortalecimento do nosso Flamengo.\u201d<\/p>\n<h2>Secret\u00e1rio de Guedes passa a ser cotado<\/h2>\n<p>Com a desist\u00eancia de Adriano Pires para assumir o comando ap\u00f3s a demiss\u00e3o de Silva e Luna, o nome de Caio Mario Paes de Andrade, secret\u00e1rio especial de Desburocratiza\u00e7\u00e3o, Gest\u00e3o e Governo Digital do <a class=\"suno-keyword\" href=\"https:\/\/www.suno.com.br\/artigos\/ministerio-da-economia\/\" target=\"_blank\" rel=\"noopener\" data-force=\"no\" data-priority=\"3\">Minist\u00e9rio da Economia<\/a>, voltou a ser cotado para o cargo.<\/p>\n<p>Quando Silva e Luna foi demitido, em 28 de mar\u00e7o, Paes j\u00e1 estava entre os cotados para ser <strong>Presidente da Petrobras<\/strong>, tendo sido entrevistado por Bento Albuquerque, Ministro de Minas e Energia.<\/p>\n<p>O secret\u00e1rio \u00e9 um dos funcion\u00e1rios de\u00a0<strong>Guedes<\/strong> mais bem avaliados na pasta com a implementa\u00e7\u00e3o do \u201c<a href=\"https:\/\/acesso.gov.br\/\">gov.br<\/a>\u201d, a plataforma pela qual a maioria dos servi\u00e7os do governo \u00e9 utilizada no meio digital.<\/p>\n<div class=\"readToo\" data-element=\"shortcode-read-more\">\n<p><strong>Caio Mario Paes de Andrade<\/strong>\u00a0tem forma\u00e7\u00e3o em Comunica\u00e7\u00e3o Social pela Universidade Paulista, p\u00f3s-gradua\u00e7\u00e3o em Administra\u00e7\u00e3o e Gest\u00e3o pela Harvard University e Mestre em Administra\u00e7\u00e3o de Empresas pela Duke University.<\/p>\n<p>Guedes j\u00e1 havia indicado seu nome para o comando da Petrobras,\u00a0<a href=\"https:\/\/www.suno.com.br\/noticias\/privatizacao-petrobras-petr4-paulo-guedes\/\">mas Paes afirmava \u2018que n\u00e3o queria se envolver no assunto\u2019<\/a>.<\/p>\n<p>O\u00a0<strong>secret\u00e1rio de Guedes<\/strong> foi presidente do Serpro (estatal de dados do governo), o que o tornava mais \u2018vi\u00e1vel\u2019 ao cargo, desvinculado do investimento e da participa\u00e7\u00e3o em empresas \u2013 um dos motivos pelos quais <strong>Adriano Pires<\/strong>\u00a0desistiu do cargo.<\/p>\n<p>Seu nome, contudo, teve alguma rejei\u00e7\u00e3o.<\/p>\n\t<p>\n\t\t<a href=\"https:\/\/lp.suno.com.br\/ebook-como-analisar-uma-acao\/\" target=\"_blank\" data-element=\"shortcode-suno-banner\" title=\"Banner SUNO, clique e saiba mais\">\n\t\t\t<picture>\n\t\t\t\t<source media=\"(max-width: 500px)\" srcset=\"https:\/\/files.sunoresearch.com.br\/n\/uploads\/2023\/03\/Ebook-Acoes-Mobile-1.jpg\">\n\t\t\t\t<img class=\"newsContent__article__imgCapa newsContent__article__imgCapa--banner\"\n\t\t\t\t\tsrc=\"https:\/\/files.sunoresearch.com.br\/n\/uploads\/2023\/03\/Ebook-Acoes-Desktop-1.jpg\"\n\t\t\t\t\tdata-promo-id=\"171998\"\t\t\t\t\t\t\t\t\t\twidth='1420' height='286'\t\t\t\t\talt=\"https:\/\/files.sunoresearch.com.br\/n\/uploads\/2023\/03\/Ebook-Acoes-Desktop-1.jpg\"\n\t\t\t\t>\n\t\t\t<\/picture>\n\t\t<\/a>\n\t<\/p>\n\n\n<p>A principal oposi\u00e7\u00e3o foi de lideran\u00e7as do setor de \u00f3leo e g\u00e1s, segundo um empres\u00e1rio ouvido pela <b>Bloomberg L\u00ednea<\/b>\u00a0sob a condi\u00e7\u00e3o de n\u00e3o ser identificado.<\/p>\n<p>A fonte participou de um encontro entre empres\u00e1rios e executivos do setor no Rio de Janeiro e um dos problemas apontados foi a falta de\u00a0<strong>experi\u00eancia de Paes de Andrade<\/strong>\u00a0na \u00e1rea. Alguns dos presentes na reuni\u00e3o questionaram o fato de Paes de Andrade nunca ter trabalhado em nenhuma\u00a0<strong>empresa de \u00f3leo e g\u00e1s<\/strong>\u00a0e n\u00e3o ter comandado uma companhia de grande porte, com milhares de funcion\u00e1rios e uma rotina de contratos bilion\u00e1rios.<\/p>\n<p>A fonte disse que a <strong>indica\u00e7\u00e3o de Paes de Andrade<\/strong> estava sendo encarada como um remendo pol\u00edtico at\u00e9 terminar o mandato, no fim do ano. Para pessoas pr\u00f3ximas \u00e0 gest\u00e3o da companhia, o receio era de que a indica\u00e7\u00e3o de Paes de Andrade se tornasse &#8216;muni\u00e7\u00e3o contra a empresa&#8217;.<\/p>\n<p>Na mesma \u00e9poca, o jornal O Estado de S. Paulo apurou que ganhava tra\u00e7\u00e3o a indica\u00e7\u00e3o do conselheiro da empresa M\u00e1rcio Weber para a presid\u00eancia da Petrobras e de Sonia Villalobos para o Conselho de Administra\u00e7\u00e3o.<\/p>\n<p>Os dois j\u00e1 s\u00e3o conselheiros e passaram pelo teste de\u00a0<strong>governan\u00e7a da estatal<\/strong>, que na pr\u00e1tica acabou inviabilizando os nomes de Adriano Pires e\u00a0<a href=\"https:\/\/www.suno.com.br\/noticias\/petrobras-petr4-rodolfo-landim-flamengo-desiste-de-presidir-conselho-administracao\/\">Rodolfo Landim<\/a>, presidente do Flamengo que recusou a indica\u00e7\u00e3o.<\/p>\n<p><strong>M\u00e1rcio Weber<\/strong>\u00a0\u00e9 atual conselheiro da empresa. Foi membro da Diretoria de Servi\u00e7os da Petrobras Internacional (Braspetro) e diretor da Petroserv S.A.<\/p>\n<p>Um a um, os nomes foram derrubados, apesar de ventilados nos corretores do Pal\u00e1cio do Planalto.<\/p>\n<h2>Assembleia da Petrobras pode definir \u00faltimo presidente<\/h2>\n<p>Faltando menos de um ano do fim do seu mandato, Bolsonaro ter\u00e1 enfim o nome do novo <strong>presidente da Petrobras<\/strong> nesta quarta-feira (12), em assembleia geral extraordin\u00e1ria. A indica\u00e7\u00e3o, ap\u00f3s a derrubada dos nomes citados, foi de Jos\u00e9 Mauro Ferreira Coelho, que preside o\u00a0<a class=\"suno-keyword\" href=\"https:\/\/www.suno.com.br\/artigos\/conselho-administracao\/\" target=\"_blank\" rel=\"noopener\" data-force=\"no\" data-priority=\"1\">Conselho de Administra\u00e7\u00e3o<\/a>\u00a0da PPSA (estatal respons\u00e1vel pela explora\u00e7\u00e3o do pr\u00e9-sal) e foi secret\u00e1rio de Petr\u00f3leo e G\u00e1s do MME.<\/p>\n<p>Ex-militar, Coelho \u00e9 nome de confian\u00e7a do\u00a0<strong>ministro Bento Albuquerque<\/strong>. \u00c9 t\u00e9cnico da \u00e1rea e executivo ligado ao\u00a0<strong>setor de petr\u00f3leo<\/strong>. O nome dele ainda precisa passar pelo crivo dos acionistas na\u00a0<a class=\"suno-keyword\" href=\"https:\/\/www.suno.com.br\/artigos\/assembleia-geral-ordinaria\/\" target=\"_blank\" rel=\"noopener\" data-force=\"no\" data-priority=\"1\">Assembleia Geral Ordin\u00e1ria<\/a>\u00a0e Extraordin\u00e1ria, no pr\u00f3ximo dia 13 de abril.<\/p>\n<p>O minist\u00e9rio das Minas e Energia tamb\u00e9m anunciou a<strong>\u00a0indica\u00e7\u00e3o de M\u00e1rcio Weber\u00a0<\/strong>\u00e0 Presid\u00eancia do\u00a0<strong>Conselho de Administra\u00e7\u00e3o\u00a0da Petrobras<\/strong>. Weber \u00e9 atual conselheiro da empresa. Foi membro da Diretoria de Servi\u00e7os da Petrobras Internacional (Braspetro) e diretor da Petroserv S.A. Ele chegou a ser cotado para indica\u00e7\u00e3o a CEO da companhia.<\/p>\n<p>Os demais nomes indicados para serem votados na pr\u00f3xima Assembleia Geral Ordin\u00e1ria (AGO) no dia 13 de abril permanecem os mesmo da primeira lista, com a inclus\u00e3o dos novos indicados: Marcio Andrade Weber; Jose Mauro Ferreira Coelho; Sonia Julia Sulzbeck Villalobos; Ruy Flaks Schneider; Luiz Henrique Caroli; Murilo Marroquim de Souza; Carlos Eduardo Lessa Brand\u00e3o e Eduardo Karrer.<\/p>\n<p>Abaixo, a nota do Minist\u00e9rio das Minas e Energia sobre a indica\u00e7\u00e3o:<\/p>\n<p>\u201c<em>O Minist\u00e9rio de Minas e Energia informa que consolidou a rela\u00e7\u00e3o de indicados do Acionista Controlador\u00a0 para compor o Conselho de Administra\u00e7\u00e3o da Petr\u00f3leo Brasileiro S.A. \u2013 Petrobras, a ter efeito a partir da confirma\u00e7\u00e3o pela Assembleia Geral Ordin\u00e1ria, que ocorrer\u00e1 em 13 de abril de 2022.<\/em><\/p>\n<p><em>A rela\u00e7\u00e3o apresenta o Sr. Marcio Andrade Weber para o exerc\u00edcio da Presid\u00eancia do Conselho de Administra\u00e7\u00e3o e o Sr. Jos\u00e9 Mauro Ferreira Coelho para o exerc\u00edcio da Presid\u00eancia da Empresa.<\/em><\/p>\n<p><em>O Governo renova o seu compromisso de respeito a s\u00f3lida governan\u00e7a da Petrobras, mantendo a observ\u00e2ncia dos preceitos normativos e legais que regem a Empresa.&#8221;<\/em><\/p>\n<\/div>\n<p>Segundo o parecer do Goldman Sachs sobre a nomea\u00e7\u00e3o do novo CEO da\u00a0Petrobras,<a href=\"https:\/\/www.suno.com.br\/noticias\/petrobras-petr4-eletrobras-elet3-e-vale-vale3-destaques\/\">a escolha \u00e9 boa e deve manter a estatal alinhada<\/a> com o ritmo de crescimento visto nos \u00faltimos meses.<\/p>\n<p>O mercado, da mesma forma, parece ter avaliado bem o nome \u2013 j\u00e1 que as\u00a0<strong>a\u00e7\u00f5es da Petrobras<\/strong> sobem 4,82% no intradia, na dire\u00e7\u00e3o contr\u00e1ria dos preg\u00f5es em que os investidores temiam uma interven\u00e7\u00e3o na pol\u00edtica de pre\u00e7os da estatal.<\/p>\n<p>A expectativa \u00e9 de que Coelho passe pela vota\u00e7\u00e3o de acionistas e fa\u00e7a bem para a\u00a0<a class=\"suno-keyword\" href=\"https:\/\/www.suno.com.br\/artigos\/saude-financeira\/\" target=\"_blank\" rel=\"noopener\" data-force=\"no\" data-priority=\"1\">sa\u00fade financeira<\/a>\u00a0da companhia, segundo o Goldman Sachs.<\/p>\n<div class=\"readToo\" data-element=\"shortcode-read-more\">\n<p>\u201cA experi\u00eancia anterior do Sr. Ferreira Coelho no sector da energia inclui ter foi Secret\u00e1rio de Petr\u00f3leo, G\u00e1s Natural e Biocombust\u00edveis do\u00a0<a href=\"https:\/\/www.gov.br\/mme\/pt-br\">Minist\u00e9rio de Minas e Energia (MME)<\/a>\u00a0entre 2020 e 2021. Acreditamos que este an\u00fancio deve agora reduzir a volatilidade em torno do estoque ap\u00f3s a recusa de Adriano Pires em aceitar o papel e o fluxo de not\u00edcias sobre o incerteza de quem seria o novo CEO da empresa\u201d, diz o banco de investimento,<\/p>\n<p>Al\u00e9m disso, o GS acredita que, no\u00a0<a class=\"suno-keyword\" href=\"https:\/\/www.suno.com.br\/artigos\/curto-prazo\/\" target=\"_blank\" rel=\"noopener\" data-force=\"no\" data-priority=\"1\">curto prazo<\/a>, os estatutos da Petrobras e a lei brasileira reduzam a probabilidade de interven\u00e7\u00e3o do governo nas pol\u00edticas da empresa.<\/p>\n<p>O banco segue com recomenda\u00e7\u00e3o de compra, mirando um pre\u00e7o-alvo de R$ 36,90 nas preferenciais da Pertrobras.<\/p>\n<p>\u201cPermanecemos com rating de compra na Petrobras, pois, apesar do fluxo de not\u00edcias anterior em torno do a\u00e7\u00f5es, vemos uma atraente continua\u00e7\u00e3o do ritmo de crescimento, com um dividend yield previsto de cerca de 35% em rela\u00e7\u00e3o a 2022 com espa\u00e7o limitado para interven\u00e7\u00e3o do governo nas pol\u00edtica da empresa em um per\u00edodo de curto prazo\u201d, dizem os analistas Bruno Amorim (CFA), Joao Frizo (CFA) e Guilherme Costa Martins.<\/p>\n<h2>No meio da tormenta, PETR4 sobe<\/h2>\n<p>Como uma das a\u00e7\u00f5es mais l\u00edquidas da bolsa, os pap\u00e9is <a href=\"https:\/\/statusinvest.com.br\/acoes\/petr4\"><strong>PETR4<\/strong> <\/a>tiveram alta de 6,7% nos \u00faltimos 30 dias, considerando uma janela que contempla semanas anteriores \u00e0 demiss\u00e3o de Silva e Luna.<\/p>\n<p>Desde o in\u00edcio do ano as\u00a0a\u00e7\u00f5es subiram 16%, estando cotadas a R$ 34.<\/p>\n<p>Apesar da alta, um dos maiores atrativos s\u00e3o os\u00a0<strong>dividendos da Petrobras<\/strong>. No ano passado, os<strong>\u00a0dividendos da Petrobras<\/strong> somaram R$ 72,72 bilh\u00f5es.<\/p>\n<p>A companhia foi a segunda maior pagadora de dividendos do ano e, segundo levantamento da Economatica, junto coma a <a class=\"suno-keyword\" href=\"https:\/\/statusinvest.com.br\/acoes\/vale3\" target=\"_blank\" rel=\"noopener\" data-force=\"yes\" data-priority=\"2\">Vale (VALE3)<\/a>, a empresa distribuiu R$ 146,01 bilh\u00f5es em dividendos &#8211; cifra maior do que todos os proventos de todas as demais empresas da bolsa juntas.<\/p>\n<p>Para chegar a esse n\u00famero, o levantamento considerou todas as empresas de capital aberto com dados dispon\u00edveis entre 2010 e 2021. A amostra contou com 226 empresas listadas.<\/p>\n<p>A <strong>Petrobras<\/strong> e a Vale chegaram a esse patamar, enquanto as demais 226 empresas listadas, juntas, retornaram R$ 145 bilh\u00f5es aos seus acionistas.<\/p>\n\t<p>\n\t\t<a href=\"https:\/\/lp.suno.com.br\/planilha-de-controle-de-investimentos\/\" target=\"_blank\" data-element=\"shortcode-suno-banner\" title=\"Banner SUNO, clique e saiba mais\">\n\t\t\t<picture>\n\t\t\t\t<source media=\"(max-width: 500px)\" srcset=\"https:\/\/files.sunoresearch.com.br\/n\/uploads\/2023\/03\/400x300-Controle-de-Investimentos.png\">\n\t\t\t\t<img class=\"newsContent__article__imgCapa newsContent__article__imgCapa--banner\"\n\t\t\t\t\tsrc=\"https:\/\/files.sunoresearch.com.br\/n\/uploads\/2023\/03\/1420x240-Controle-de-Investimentos.png\"\n\t\t\t\t\tdata-promo-id=\"75934\"\t\t\t\t\t\t\t\t\t\twidth='1420' height='240'\t\t\t\t\talt=\"https:\/\/files.sunoresearch.com.br\/n\/uploads\/2023\/03\/1420x240-Controle-de-Investimentos.png\"\n\t\t\t\t>\n\t\t\t<\/picture>\n\t\t<\/a>\n\t<\/p>\n\n\n<\/div>\n","protected":false},"excerpt":{"rendered":"<p>Com uma s\u00e9rie de intemp\u00e9ries, pagamento de dividendos polpudos e demiss\u00f5es em ano de elei\u00e7\u00e3o, a Petrobras (PETR4) foi o grande destaque do trimestre. Uma sucess\u00e3o de mudan\u00e7as bruscas no corpo administrativo da estatal se iniciou com uma insatisfa\u00e7\u00e3o do Pal\u00e1cio do Planalto se arrastou por todo o m\u00eas de mar\u00e7o e, ao que tudo [&hellip;]<\/p>\n","protected":false},"author":73,"featured_media":114616,"comment_status":"closed","ping_status":"closed","sticky":false,"template":"","format":"standard","meta":[],"categories":[64],"tags":[105815,719,105988,595],"suno_strategy":[],"class_list":["post-250245","post","type-post","status-publish","format-standard","has-post-thumbnail","hentry","category-negocios","tag-especial","tag-jair-bolsonaro","tag-joaquim-silva-e-luna","tag-petrobras-petr4"],"yoast_head":"<!-- This site is optimized with the Yoast SEO plugin v24.4 - https:\/\/yoast.com\/wordpress\/plugins\/seo\/ -->\n<title>Entenda a &#039;novela&#039; da Petrobras (PETR4) que deve terminar hoje (13)<\/title>\n<meta name=\"description\" content=\"Com reajuste de pre\u00e7o da gasolina, Petrobras passou por uma tempestade durante a mudan\u00e7a na sua administra\u00e7\u00e3o. Clique aqui e leia mais.\" \/>\n<meta name=\"robots\" content=\"index, follow, max-snippet:-1, max-image-preview:large, max-video-preview:-1\" \/>\n<link rel=\"canonical\" href=\"https:\/\/www.suno.com.br\/noticias\/petrobras-petr4-novela-assembleia\/\" \/>\n<meta property=\"og:locale\" content=\"pt_BR\" \/>\n<meta property=\"og:type\" content=\"article\" \/>\n<meta property=\"og:title\" content=\"Entenda a &#039;novela&#039; da Petrobras (PETR4) que deve terminar hoje (13)\" \/>\n<meta property=\"og:description\" content=\"Com reajuste de pre\u00e7o da gasolina, Petrobras passou por uma tempestade durante a mudan\u00e7a na sua administra\u00e7\u00e3o. Clique aqui e leia mais.\" \/>\n<meta property=\"og:url\" content=\"https:\/\/www.suno.com.br\/noticias\/petrobras-petr4-novela-assembleia\/\" \/>\n<meta property=\"og:site_name\" content=\"Suno Not\u00edcias\" \/>\n<meta property=\"article:publisher\" content=\"https:\/\/facebook.com\/sunoresearch\" \/>\n<meta property=\"og:image\" content=\"https:\/\/files.sunoresearch.com.br\/n\/uploads\/2021\/01\/0df35185-32809478493_db012a3da5_z_easy-resize.com_.jpg\" \/>\n\t<meta property=\"og:image:width\" content=\"1280\" \/>\n\t<meta property=\"og:image:height\" content=\"838\" \/>\n\t<meta property=\"og:image:type\" content=\"image\/jpeg\" \/>\n<meta name=\"author\" content=\"Eduardo Vargas\" \/>\n<meta name=\"twitter:card\" content=\"summary_large_image\" \/>\n<meta name=\"twitter:creator\" content=\"@sunoresearch\" \/>\n<meta name=\"twitter:site\" content=\"@sunoresearch\" \/>\n<meta name=\"twitter:label1\" content=\"Escrito por\" \/>\n\t<meta name=\"twitter:data1\" content=\"Eduardo Vargas\" \/>\n\t<meta name=\"twitter:label2\" content=\"Est. tempo de leitura\" \/>\n\t<meta name=\"twitter:data2\" content=\"14 minutos\" \/>\n<script type=\"application\/ld+json\" class=\"yoast-schema-graph\">{\"@context\":\"https:\/\/schema.org\",\"@graph\":[{\"@type\":\"NewsArticle\",\"@id\":\"https:\/\/www.suno.com.br\/noticias\/petrobras-petr4-novela-assembleia\/#article\",\"isPartOf\":{\"@id\":\"https:\/\/www.suno.com.br\/noticias\/petrobras-petr4-novela-assembleia\/\"},\"author\":{\"name\":\"Eduardo Vargas\",\"@id\":\"https:\/\/www.suno.com.br\/noticias\/#\/schema\/person\/7f4d362bf3518e76090143ae77bb49a5\"},\"headline\":\"Entenda a &#8216;novela&#8217; sobre o novo CEO da Petrobras (PETR4), que deve terminar nesta quarta (13)\",\"datePublished\":\"2022-04-13T10:00:44+00:00\",\"mainEntityOfPage\":{\"@id\":\"https:\/\/www.suno.com.br\/noticias\/petrobras-petr4-novela-assembleia\/\"},\"wordCount\":2802,\"publisher\":{\"@id\":\"https:\/\/www.suno.com.br\/noticias\/#organization\"},\"image\":{\"@id\":\"https:\/\/www.suno.com.br\/noticias\/petrobras-petr4-novela-assembleia\/#primaryimage\"},\"thumbnailUrl\":\"https:\/\/files.sunoresearch.com.br\/n\/uploads\/2021\/01\/0df35185-32809478493_db012a3da5_z_easy-resize.com_-jpg.webp\",\"keywords\":[\"Especiais\",\"Jair Bolsonaro\",\"Joaquim Silva e Luna\",\"Petrobras (PETR4)\"],\"articleSection\":[\"Neg\u00f3cios\"],\"inLanguage\":\"pt-BR\"},{\"@type\":\"WebPage\",\"@id\":\"https:\/\/www.suno.com.br\/noticias\/petrobras-petr4-novela-assembleia\/\",\"url\":\"https:\/\/www.suno.com.br\/noticias\/petrobras-petr4-novela-assembleia\/\",\"name\":\"Entenda a 'novela' da Petrobras (PETR4) que deve terminar hoje (13)\",\"isPartOf\":{\"@id\":\"https:\/\/www.suno.com.br\/noticias\/#website\"},\"primaryImageOfPage\":{\"@id\":\"https:\/\/www.suno.com.br\/noticias\/petrobras-petr4-novela-assembleia\/#primaryimage\"},\"image\":{\"@id\":\"https:\/\/www.suno.com.br\/noticias\/petrobras-petr4-novela-assembleia\/#primaryimage\"},\"thumbnailUrl\":\"https:\/\/files.sunoresearch.com.br\/n\/uploads\/2021\/01\/0df35185-32809478493_db012a3da5_z_easy-resize.com_-jpg.webp\",\"datePublished\":\"2022-04-13T10:00:44+00:00\",\"description\":\"Com reajuste de pre\u00e7o da gasolina, Petrobras passou por uma tempestade durante a mudan\u00e7a na sua administra\u00e7\u00e3o. Clique aqui e leia mais.\",\"breadcrumb\":{\"@id\":\"https:\/\/www.suno.com.br\/noticias\/petrobras-petr4-novela-assembleia\/#breadcrumb\"},\"inLanguage\":\"pt-BR\",\"potentialAction\":[{\"@type\":\"ReadAction\",\"target\":[\"https:\/\/www.suno.com.br\/noticias\/petrobras-petr4-novela-assembleia\/\"]}]},{\"@type\":\"ImageObject\",\"inLanguage\":\"pt-BR\",\"@id\":\"https:\/\/www.suno.com.br\/noticias\/petrobras-petr4-novela-assembleia\/#primaryimage\",\"url\":\"https:\/\/files.sunoresearch.com.br\/n\/uploads\/2021\/01\/0df35185-32809478493_db012a3da5_z_easy-resize.com_-jpg.webp\",\"contentUrl\":\"https:\/\/files.sunoresearch.com.br\/n\/uploads\/2021\/01\/0df35185-32809478493_db012a3da5_z_easy-resize.com_-jpg.webp\",\"width\":1280,\"height\":838,\"caption\":\"Petrobras teve imbr\u00f3glio iniciado com reajuste na gasolina ap\u00f3s 50 dias de pre\u00e7os 'congelados' em meio \u00e0 alta do petr\u00f3leo Brent - Foto: Reprodu\u00e7\u00e3o\"},{\"@type\":\"BreadcrumbList\",\"@id\":\"https:\/\/www.suno.com.br\/noticias\/petrobras-petr4-novela-assembleia\/#breadcrumb\",\"itemListElement\":[{\"@type\":\"ListItem\",\"position\":1,\"name\":\"Not\u00edcias\",\"item\":\"https:\/\/www.suno.com.br\/noticias\/\"},{\"@type\":\"ListItem\",\"position\":2,\"name\":\"Neg\u00f3cios\",\"item\":\"https:\/\/www.suno.com.br\/noticias\/negocios\/\"},{\"@type\":\"ListItem\",\"position\":3,\"name\":\"Entenda a &#8216;novela&#8217; sobre o novo CEO da Petrobras (PETR4), que deve terminar nesta quarta (13)\"}]},{\"@type\":\"WebSite\",\"@id\":\"https:\/\/www.suno.com.br\/noticias\/#website\",\"url\":\"https:\/\/www.suno.com.br\/noticias\/\",\"name\":\"Suno Not\u00edcias\",\"description\":\"Seu portal de informa\u00e7\u00e3o sobre o mundo dos investimentos\",\"publisher\":{\"@id\":\"https:\/\/www.suno.com.br\/noticias\/#organization\"},\"potentialAction\":[{\"@type\":\"SearchAction\",\"target\":{\"@type\":\"EntryPoint\",\"urlTemplate\":\"https:\/\/www.suno.com.br\/noticias\/?s={search_term_string}\"},\"query-input\":{\"@type\":\"PropertyValueSpecification\",\"valueRequired\":true,\"valueName\":\"search_term_string\"}}],\"inLanguage\":\"pt-BR\"},{\"@type\":\"Organization\",\"@id\":\"https:\/\/www.suno.com.br\/noticias\/#organization\",\"name\":\"Suno Not\u00edcias\",\"url\":\"https:\/\/www.suno.com.br\/noticias\/\",\"logo\":{\"@type\":\"ImageObject\",\"inLanguage\":\"pt-BR\",\"@id\":\"https:\/\/www.suno.com.br\/noticias\/#\/schema\/logo\/image\/\",\"url\":\"https:\/\/files.sunoresearch.com.br\/n\/uploads\/2021\/09\/suno-logo.png\",\"contentUrl\":\"https:\/\/files.sunoresearch.com.br\/n\/uploads\/2021\/09\/suno-logo.png\",\"width\":180,\"height\":180,\"caption\":\"Suno Not\u00edcias\"},\"image\":{\"@id\":\"https:\/\/www.suno.com.br\/noticias\/#\/schema\/logo\/image\/\"},\"sameAs\":[\"https:\/\/facebook.com\/sunoresearch\",\"https:\/\/x.com\/sunoresearch\",\"https:\/\/www.instagram.com\/suno\",\"https:\/\/www.linkedin.com\/company\/suno-research\/\",\"https:\/\/www.youtube.com\/c\/sunoresearch\"]},{\"@type\":\"Person\",\"@id\":\"https:\/\/www.suno.com.br\/noticias\/#\/schema\/person\/7f4d362bf3518e76090143ae77bb49a5\",\"name\":\"Eduardo Vargas\",\"image\":{\"@type\":\"ImageObject\",\"inLanguage\":\"pt-BR\",\"@id\":\"https:\/\/www.suno.com.br\/noticias\/#\/schema\/person\/image\/\",\"url\":\"https:\/\/secure.gravatar.com\/avatar\/dac340933427a22924c9f99d1eb2e3f2?s=96&r=g\",\"contentUrl\":\"https:\/\/secure.gravatar.com\/avatar\/dac340933427a22924c9f99d1eb2e3f2?s=96&r=g\",\"caption\":\"Eduardo Vargas\"},\"description\":\"Jornalista formado pela UFSC, cobre macroeconomia, neg\u00f3cios e startups para o Suno Not\u00edcias, escrevendo principalmente not\u00edcias sobre o mercado financeiro e a bolsa de valores. No YouTube e no Instagram, \u00e9 respons\u00e1vel pela produ\u00e7\u00e3o de Reels e Shorts do Suno Not\u00edcias. Anteriormente, trabalhou cobrindo economia e cotidiano no ND+ e para o ND, maior jornal impresso de Santa Catarina. Cursou um semestre letivo de Estudos de M\u00eddia na Universidad de Buenos Aires.\",\"url\":\"https:\/\/www.suno.com.br\/noticias\/author\/eduardo-vargas\/\"}]}<\/script>\n<!-- \/ Yoast SEO plugin. -->","yoast_head_json":{"title":"Entenda a 'novela' da Petrobras (PETR4) que deve terminar hoje (13)","description":"Com reajuste de pre\u00e7o da gasolina, Petrobras passou por uma tempestade durante a mudan\u00e7a na sua administra\u00e7\u00e3o. Clique aqui e leia mais.","robots":{"index":"index","follow":"follow","max-snippet":"max-snippet:-1","max-image-preview":"max-image-preview:large","max-video-preview":"max-video-preview:-1"},"canonical":"https:\/\/www.suno.com.br\/noticias\/petrobras-petr4-novela-assembleia\/","og_locale":"pt_BR","og_type":"article","og_title":"Entenda a 'novela' da Petrobras (PETR4) que deve terminar hoje (13)","og_description":"Com reajuste de pre\u00e7o da gasolina, Petrobras passou por uma tempestade durante a mudan\u00e7a na sua administra\u00e7\u00e3o. Clique aqui e leia mais.","og_url":"https:\/\/www.suno.com.br\/noticias\/petrobras-petr4-novela-assembleia\/","og_site_name":"Suno Not\u00edcias","article_publisher":"https:\/\/facebook.com\/sunoresearch","og_image":[{"width":1280,"height":838,"url":"https:\/\/files.sunoresearch.com.br\/n\/uploads\/2021\/01\/0df35185-32809478493_db012a3da5_z_easy-resize.com_.jpg","type":"image\/jpeg"}],"author":"Eduardo Vargas","twitter_card":"summary_large_image","twitter_creator":"@sunoresearch","twitter_site":"@sunoresearch","twitter_misc":{"Escrito por":"Eduardo Vargas","Est. tempo de leitura":"14 minutos"},"schema":{"@context":"https:\/\/schema.org","@graph":[{"@type":"NewsArticle","@id":"https:\/\/www.suno.com.br\/noticias\/petrobras-petr4-novela-assembleia\/#article","isPartOf":{"@id":"https:\/\/www.suno.com.br\/noticias\/petrobras-petr4-novela-assembleia\/"},"author":{"name":"Eduardo Vargas","@id":"https:\/\/www.suno.com.br\/noticias\/#\/schema\/person\/7f4d362bf3518e76090143ae77bb49a5"},"headline":"Entenda a &#8216;novela&#8217; sobre o novo CEO da Petrobras (PETR4), que deve terminar nesta quarta (13)","datePublished":"2022-04-13T10:00:44+00:00","mainEntityOfPage":{"@id":"https:\/\/www.suno.com.br\/noticias\/petrobras-petr4-novela-assembleia\/"},"wordCount":2802,"publisher":{"@id":"https:\/\/www.suno.com.br\/noticias\/#organization"},"image":{"@id":"https:\/\/www.suno.com.br\/noticias\/petrobras-petr4-novela-assembleia\/#primaryimage"},"thumbnailUrl":"https:\/\/files.sunoresearch.com.br\/n\/uploads\/2021\/01\/0df35185-32809478493_db012a3da5_z_easy-resize.com_-jpg.webp","keywords":["Especiais","Jair Bolsonaro","Joaquim Silva e Luna","Petrobras (PETR4)"],"articleSection":["Neg\u00f3cios"],"inLanguage":"pt-BR"},{"@type":"WebPage","@id":"https:\/\/www.suno.com.br\/noticias\/petrobras-petr4-novela-assembleia\/","url":"https:\/\/www.suno.com.br\/noticias\/petrobras-petr4-novela-assembleia\/","name":"Entenda a 'novela' da Petrobras (PETR4) que deve terminar hoje (13)","isPartOf":{"@id":"https:\/\/www.suno.com.br\/noticias\/#website"},"primaryImageOfPage":{"@id":"https:\/\/www.suno.com.br\/noticias\/petrobras-petr4-novela-assembleia\/#primaryimage"},"image":{"@id":"https:\/\/www.suno.com.br\/noticias\/petrobras-petr4-novela-assembleia\/#primaryimage"},"thumbnailUrl":"https:\/\/files.sunoresearch.com.br\/n\/uploads\/2021\/01\/0df35185-32809478493_db012a3da5_z_easy-resize.com_-jpg.webp","datePublished":"2022-04-13T10:00:44+00:00","description":"Com reajuste de pre\u00e7o da gasolina, Petrobras passou por uma tempestade durante a mudan\u00e7a na sua administra\u00e7\u00e3o. Clique aqui e leia mais.","breadcrumb":{"@id":"https:\/\/www.suno.com.br\/noticias\/petrobras-petr4-novela-assembleia\/#breadcrumb"},"inLanguage":"pt-BR","potentialAction":[{"@type":"ReadAction","target":["https:\/\/www.suno.com.br\/noticias\/petrobras-petr4-novela-assembleia\/"]}]},{"@type":"ImageObject","inLanguage":"pt-BR","@id":"https:\/\/www.suno.com.br\/noticias\/petrobras-petr4-novela-assembleia\/#primaryimage","url":"https:\/\/files.sunoresearch.com.br\/n\/uploads\/2021\/01\/0df35185-32809478493_db012a3da5_z_easy-resize.com_-jpg.webp","contentUrl":"https:\/\/files.sunoresearch.com.br\/n\/uploads\/2021\/01\/0df35185-32809478493_db012a3da5_z_easy-resize.com_-jpg.webp","width":1280,"height":838,"caption":"Petrobras teve imbr\u00f3glio iniciado com reajuste na gasolina ap\u00f3s 50 dias de pre\u00e7os 'congelados' em meio \u00e0 alta do petr\u00f3leo Brent - Foto: Reprodu\u00e7\u00e3o"},{"@type":"BreadcrumbList","@id":"https:\/\/www.suno.com.br\/noticias\/petrobras-petr4-novela-assembleia\/#breadcrumb","itemListElement":[{"@type":"ListItem","position":1,"name":"Not\u00edcias","item":"https:\/\/www.suno.com.br\/noticias\/"},{"@type":"ListItem","position":2,"name":"Neg\u00f3cios","item":"https:\/\/www.suno.com.br\/noticias\/negocios\/"},{"@type":"ListItem","position":3,"name":"Entenda a &#8216;novela&#8217; sobre o novo CEO da Petrobras (PETR4), que deve terminar nesta quarta (13)"}]},{"@type":"WebSite","@id":"https:\/\/www.suno.com.br\/noticias\/#website","url":"https:\/\/www.suno.com.br\/noticias\/","name":"Suno Not\u00edcias","description":"Seu portal de informa\u00e7\u00e3o sobre o mundo dos investimentos","publisher":{"@id":"https:\/\/www.suno.com.br\/noticias\/#organization"},"potentialAction":[{"@type":"SearchAction","target":{"@type":"EntryPoint","urlTemplate":"https:\/\/www.suno.com.br\/noticias\/?s={search_term_string}"},"query-input":{"@type":"PropertyValueSpecification","valueRequired":true,"valueName":"search_term_string"}}],"inLanguage":"pt-BR"},{"@type":"Organization","@id":"https:\/\/www.suno.com.br\/noticias\/#organization","name":"Suno Not\u00edcias","url":"https:\/\/www.suno.com.br\/noticias\/","logo":{"@type":"ImageObject","inLanguage":"pt-BR","@id":"https:\/\/www.suno.com.br\/noticias\/#\/schema\/logo\/image\/","url":"https:\/\/files.sunoresearch.com.br\/n\/uploads\/2021\/09\/suno-logo.png","contentUrl":"https:\/\/files.sunoresearch.com.br\/n\/uploads\/2021\/09\/suno-logo.png","width":180,"height":180,"caption":"Suno Not\u00edcias"},"image":{"@id":"https:\/\/www.suno.com.br\/noticias\/#\/schema\/logo\/image\/"},"sameAs":["https:\/\/facebook.com\/sunoresearch","https:\/\/x.com\/sunoresearch","https:\/\/www.instagram.com\/suno","https:\/\/www.linkedin.com\/company\/suno-research\/","https:\/\/www.youtube.com\/c\/sunoresearch"]},{"@type":"Person","@id":"https:\/\/www.suno.com.br\/noticias\/#\/schema\/person\/7f4d362bf3518e76090143ae77bb49a5","name":"Eduardo Vargas","image":{"@type":"ImageObject","inLanguage":"pt-BR","@id":"https:\/\/www.suno.com.br\/noticias\/#\/schema\/person\/image\/","url":"https:\/\/secure.gravatar.com\/avatar\/dac340933427a22924c9f99d1eb2e3f2?s=96&r=g","contentUrl":"https:\/\/secure.gravatar.com\/avatar\/dac340933427a22924c9f99d1eb2e3f2?s=96&r=g","caption":"Eduardo Vargas"},"description":"Jornalista formado pela UFSC, cobre macroeconomia, neg\u00f3cios e startups para o Suno Not\u00edcias, escrevendo principalmente not\u00edcias sobre o mercado financeiro e a bolsa de valores. No YouTube e no Instagram, \u00e9 respons\u00e1vel pela produ\u00e7\u00e3o de Reels e Shorts do Suno Not\u00edcias. Anteriormente, trabalhou cobrindo economia e cotidiano no ND+ e para o ND, maior jornal impresso de Santa Catarina. Cursou um semestre letivo de Estudos de M\u00eddia na Universidad de Buenos Aires.","url":"https:\/\/www.suno.com.br\/noticias\/author\/eduardo-vargas\/"}]}},"default_loop_html":"<div class=\"cardsPage__listCard__boxs\"><div class=\"cardsPage__listCard__boxs__img\"><a href=\"https:\/\/www.suno.com.br\/noticias\/petrobras-petr4-presidente-ceo-coelho\/\"><img class=\"mask\" src=\"https:\/\/www.suno.com.br\/noticias\/wp-content\/themes\/suno\/resources\/images\/spotlight\/spotlight1img\/bg-mask.png\" alt=\"Image Mask\"\/><img src=\"https:\/\/files.sunoresearch.com.br\/n\/uploads\/2022\/04\/coelho-petro-1-400x200.jpg\" alt=\"Novo presidente da Petrobras (PETR4) tem experi\u00eancia e n\u00e3o far\u00e1 interven\u00e7\u00f5es, analisa Goldman Sachs\"\/><\/a><span class=\"spotlightCategory\"><a href=\"https:\/\/www.suno.com.br\/noticias\/negocios\/\">Neg\u00f3cios<\/a><\/span><\/div><div class=\"cardsPage__listCard__boxs__content\"><a href=\"https:\/\/www.suno.com.br\/noticias\/petrobras-petr4-presidente-ceo-coelho\/\"><h2 class=\"content__title\">Novo presidente da Petrobras (PETR4) tem experi\u00eancia e n\u00e3o far\u00e1 interven\u00e7\u00f5es, analisa Goldman Sachs<\/h2><\/a><div class=\"newsContent__article__meta\"><div class=\"newsContent__article__meta__authorBox\"><a href=\"https:\/\/www.suno.com.br\/noticias\/author\/eduardo-vargas\/\" class=\"authorBox__avatar noMobi\"><img src=\"https:\/\/secure.gravatar.com\/avatar\/dac340933427a22924c9f99d1eb2e3f2?s=96&#038;r=g\" alt=\"Eduardo Vargas\"><\/a><div class=\"authorBox__name\"><span>por\n\t\t\t<a href=\"https:\/\/www.suno.com.br\/noticias\/author\/eduardo-vargas\/\"><span itemprop=\"author\">Eduardo Vargas<\/span><\/a><\/span><time datetime=\"2022-04-07T16:45:47-03:00\" itemprop=\"datePublished\">07\/04\/2022 16:45<\/time><\/div><\/div><\/div><\/div><\/div>","single_layout":"posts","amp_enabled":true,"_links":{"self":[{"href":"https:\/\/www.suno.com.br\/noticias\/wp-json\/wp\/v2\/posts\/250245"}],"collection":[{"href":"https:\/\/www.suno.com.br\/noticias\/wp-json\/wp\/v2\/posts"}],"about":[{"href":"https:\/\/www.suno.com.br\/noticias\/wp-json\/wp\/v2\/types\/post"}],"author":[{"embeddable":true,"href":"https:\/\/www.suno.com.br\/noticias\/wp-json\/wp\/v2\/users\/73"}],"replies":[{"embeddable":true,"href":"https:\/\/www.suno.com.br\/noticias\/wp-json\/wp\/v2\/comments?post=250245"}],"version-history":[{"count":3,"href":"https:\/\/www.suno.com.br\/noticias\/wp-json\/wp\/v2\/posts\/250245\/revisions"}],"predecessor-version":[{"id":250347,"href":"https:\/\/www.suno.com.br\/noticias\/wp-json\/wp\/v2\/posts\/250245\/revisions\/250347"}],"wp:featuredmedia":[{"embeddable":true,"href":"https:\/\/www.suno.com.br\/noticias\/wp-json\/wp\/v2\/media\/114616"}],"wp:attachment":[{"href":"https:\/\/www.suno.com.br\/noticias\/wp-json\/wp\/v2\/media?parent=250245"}],"wp:term":[{"taxonomy":"category","embeddable":true,"href":"https:\/\/www.suno.com.br\/noticias\/wp-json\/wp\/v2\/categories?post=250245"},{"taxonomy":"post_tag","embeddable":true,"href":"https:\/\/www.suno.com.br\/noticias\/wp-json\/wp\/v2\/tags?post=250245"},{"taxonomy":"suno_strategy","embeddable":true,"href":"https:\/\/www.suno.com.br\/noticias\/wp-json\/wp\/v2\/suno_strategy?post=250245"}],"curies":[{"name":"wp","href":"https:\/\/api.w.org\/{rel}","templated":true}]}}