{"id":250169,"date":"2022-04-12T10:17:23","date_gmt":"2022-04-12T13:17:23","guid":{"rendered":"https:\/\/www.suno.com.br\/noticias\/?p=250169"},"modified":"2022-04-12T10:17:23","modified_gmt":"2022-04-12T13:17:23","slug":"braskem-brkm5-1-5-bilhao-compra-gas-natural","status":"publish","type":"post","link":"https:\/\/www.suno.com.br\/noticias\/braskem-brkm5-1-5-bilhao-compra-gas-natural\/","title":{"rendered":"Braskem (BRKM5) assina acordo de R$ 1,5 bilh\u00e3o para compra de g\u00e1s natural"},"content":{"rendered":"<p>A <a class=\"suno-keyword\" href=\"https:\/\/www.suno.com.br\/acoes\/BRKM5\/\" target=\"_blank\" rel=\"noopener\" data-force=\"yes\" data-priority=\"2\"><strong>Braskem<\/strong> (BRKM5)<\/a> assinou o contrato de fornecimento de g\u00e1s pela Alg\u00e1s no valor de R$ 1,5 bilh\u00e3o.<\/p>\t<div class=\"wrapper-featured-image\">\n\t\t<figure class=\"spotlightImg\">\n\n\t\t\t<picture>\n\t\t\t\t<source media=\"(max-width: 768px)\" srcset=\"https:\/\/files.sunoresearch.com.br\/n\/uploads\/2021\/04\/f01831c0-whatsapp-image-2021-04-15-at-19.53.57-400x200.webp\">\n\t\t\t\t<img loading=\"lazy\" decoding=\"async\" class=\"newsContent__article__imgCapa lazyloadDisabled \" src=\"https:\/\/files.sunoresearch.com.br\/n\/uploads\/2021\/04\/f01831c0-whatsapp-image-2021-04-15-at-19.53.57-800x450.webp\" width=\"800\" height=\"450\" alt=\"Braskem (BRKM5) assina acordo de R$ 1,5 bilh\u00e3o para compra de g\u00e1s natural\" fetchpriority=high \/>\n\t\t\t<\/picture>\n\n\t\t\t<figcaption class=\"wp-caption-text wp-caption-text--show\">Braskem (BRKM5). Foto: Reprodu\u00e7\u00e3o Instagram<\/figcaption>\n\t\t<\/figure>\n\t<\/div>\n\n\n\t<p>\n\t\t<a href=\"https:\/\/lp.suno.com.br\/planilha-controle-gastos\/\" target=\"_blank\" data-element=\"shortcode-suno-banner\" title=\"Banner SUNO, clique e saiba mais\">\n\t\t\t<picture>\n\t\t\t\t<source media=\"(max-width: 500px)\" srcset=\"https:\/\/files.sunoresearch.com.br\/n\/uploads\/2023\/03\/400x300-Planilha-controle-de-gastos.png\">\n\t\t\t\t<img class=\"newsContent__article__imgCapa newsContent__article__imgCapa--banner\"\n\t\t\t\t\tsrc=\"https:\/\/files.sunoresearch.com.br\/n\/uploads\/2023\/03\/1420x240-Planilha-controle-de-gastos.png\"\n\t\t\t\t\tdata-promo-id=\"101751\"\t\t\t\t\t\t\t\t\t\twidth='1420' height='240'\t\t\t\t\talt=\"https:\/\/files.sunoresearch.com.br\/n\/uploads\/2023\/03\/1420x240-Planilha-controle-de-gastos.png\"\n\t\t\t\t>\n\t\t\t<\/picture>\n\t\t<\/a>\n\t<\/p>\n\n\n<p>Segundo o <a class=\"suno-keyword\" href=\"https:\/\/www.suno.com.br\/artigos\/fato-relevante\/\" target=\"_blank\" rel=\"noopener\" data-force=\"no\" data-priority=\"1\">fato relevante<\/a>, o fornecimento pela <strong>Alg\u00e1s<\/strong> de g\u00e1s natural ser\u00e1 canalizado para as unidades da Braskem no Estado de Alagoas, com uma quantidade di\u00e1ria contratada de 490.000 m\u00b3\/dia. O contrato tem a vig\u00eancia at\u00e9 o dia 31 de dezembro de 2024.<\/p>\n<p>A companhia tamb\u00e9m informou a assinatura de aditivo ao contrato que regula o fornecimento de g\u00e1s natural pela Sulg\u00e1s \u00e0 Braskem, via gasoduto de distribui\u00e7\u00e3o de g\u00e1s local.\u00a0No contrato, a <strong>Sulg\u00e1s<\/strong> se compromete a fornecer g\u00e1s para a unidade da Braskem no Estado do Rio Grande do Sul, com uma quantidade di\u00e1ria de 200.000 m\u00b3\/dia .<\/p>\n<p>O valor do contrato \u00e9 de 270 milh\u00f5es de reais e a vig\u00eancia \u00e9 at\u00e9 dia 30 de junho de 2023.<\/p>\n\t<p>\n\t\t<a href=\"\" target=\"_blank\" data-element=\"shortcode-suno-banner\" title=\"Banner SUNO, clique e saiba mais\">\n\t\t\t<picture>\n\t\t\t\t<source media=\"(max-width: 500px)\" srcset=\"\">\n\t\t\t\t<img class=\"newsContent__article__imgCapa newsContent__article__imgCapa--banner\"\n\t\t\t\t\tsrc=\"\"\n\t\t\t\t\tdata-promo-id=\"138420\"\t\t\t\t\t\t\t\t\t\t\t\t\t\t\talt=\"\"\n\t\t\t\t>\n\t\t\t<\/picture>\n\t\t<\/a>\n\t<\/p>\n\n\n<p><em><strong>Veja Tamb\u00e9m:\u00a0<\/strong><\/em><\/p>\n<h2>Braskem planeja cis\u00e3o e IPO do seu &#8216;bra\u00e7o ESG&#8217;<\/h2>\n<p>A <strong>Braskem<\/strong> planeja uma mudan\u00e7a na sua estrutura de neg\u00f3cios, com uma cis\u00e3o da sua divis\u00e3o que lida com os biopol\u00edmeros &#8211; conhecidos como pl\u00e1stico verde. A informa\u00e7\u00e3o foi apurada com fontes que est\u00e3o a par do neg\u00f3cio pelo Valor Econ\u00f4mico.<\/p>\n<p>Este bra\u00e7o da Braskem \u00e9 avaliado em cerca de US$ 2 bilh\u00f5es, e atualmente a companhia busca investidores estrat\u00e9gicos. O Citi j\u00e1 foi contatado como poss\u00edvel assessor para que seja levantado capital.<\/p>\n<p>A inten\u00e7\u00e3o da Braskem, <a href=\"https:\/\/www.suno.com.br\/artigos\/controladoria\/\">ainda controlada<\/a> pela <strong>Novonor<\/strong> (ex-Odebrecht) \u00e9 de levantar uma cifra de US$ 500 milh\u00f5es. Contudo, os meios para que isso ocorra ainda n\u00e3o foram definidos.<\/p>\n\t<div data-element=\"shortcode-read-more\" class=\"knowMore\">\n\t\t\t\t<span class=\"knowMore__title\">Saiba Mais<\/span>\n\t\t\t\t<a class=\"knowMore__link\" href=\"https:\/\/www.suno.com.br\/noticias\/braskem-brkm5-cisao-ipo-esg\/\">\n\t\t\tBraskem (BRKM5) planeja cis\u00e3o e IPO do seu &#039;bra\u00e7o ESG&#039;, diz jornal\t\t<\/a>\n\t<\/div>\n\n\n<p>A estimativa \u00e9 de que nos pr\u00f3ximos dois ou tr\u00eas meses a <strong>petroqu\u00edmica<\/strong> tenha a defini\u00e7\u00e3o de qual opera\u00e7\u00e3o dever\u00e1 ser feita para que o capital possa ser levantado. Atualmente s\u00e3o sondados diversos investidores em potencial, <a href=\"https:\/\/www.suno.com.br\/artigos\/private-equity\/\">como o fundo Advent<\/a> &#8211; que chegou a recusar a entrada por conta da fatia minorit\u00e1ria que deteria com o neg\u00f3cio.<\/p>\n<p>Al\u00e9m disso, a companhia n\u00e3o descarta uma oferta via Special purpose acquisition company (SPAC) &#8211; termo para descrever as empresas com prop\u00f3sito espec\u00edfico de aquisi\u00e7\u00e3o. Em suma, trata-se de um neg\u00f3cio que \u00e9 criado com listagem em bolsa, mas sem ativos.<\/p>\n<p>Ap\u00f3s a veicula\u00e7\u00e3o da not\u00edcia sobre a cis\u00e3o na m\u00eddia, a Braskem veio a p\u00fablico se pronunciar sobre as informa\u00e7\u00f5es.<\/p>\n<p>&#8220;A Companhia esclarece que analisa constantemente o seu portf\u00f3lio de ativos, mas que n\u00e3o existe, at\u00e9 o momento, qualquer compromisso ou obriga\u00e7\u00e3o, ainda que preliminar, sobre qualquer transa\u00e7\u00e3o em\u00a0 rela\u00e7\u00e3o a eventual cis\u00e3o e IPO ou qualquer outra transa\u00e7\u00e3o envolvendo o neg\u00f3cio de biopol\u00edmero&#8221;, diz a <strong>Braskem<\/strong>.<\/p>\n\t<p>\n\t\t<a href=\"https:\/\/lp.suno.com.br\/planilha-de-controle-de-investimentos\/\" target=\"_blank\" data-element=\"shortcode-suno-banner\" title=\"Banner SUNO, clique e saiba mais\">\n\t\t\t<picture>\n\t\t\t\t<source media=\"(max-width: 500px)\" srcset=\"https:\/\/files.sunoresearch.com.br\/n\/uploads\/2023\/03\/400x300-Controle-de-Investimentos.png\">\n\t\t\t\t<img class=\"newsContent__article__imgCapa newsContent__article__imgCapa--banner\"\n\t\t\t\t\tsrc=\"https:\/\/files.sunoresearch.com.br\/n\/uploads\/2023\/03\/1420x240-Controle-de-Investimentos.png\"\n\t\t\t\t\tdata-promo-id=\"75934\"\t\t\t\t\t\t\t\t\t\twidth='1420' height='240'\t\t\t\t\talt=\"https:\/\/files.sunoresearch.com.br\/n\/uploads\/2023\/03\/1420x240-Controle-de-Investimentos.png\"\n\t\t\t\t>\n\t\t\t<\/picture>\n\t\t<\/a>\n\t<\/p>\n\n\n","protected":false},"excerpt":{"rendered":"<p>A Braskem (BRKM5) assinou o contrato de fornecimento de g\u00e1s pela Alg\u00e1s no valor de R$ 1,5 bilh\u00e3o. Braskem (BRKM5). Foto: Reprodu\u00e7\u00e3o Instagram Segundo o fato relevante, o fornecimento pela Alg\u00e1s de g\u00e1s natural ser\u00e1 canalizado para as unidades da Braskem no Estado de Alagoas, com uma quantidade di\u00e1ria contratada de 490.000 m\u00b3\/dia. O contrato [&hellip;]<\/p>\n","protected":false},"author":15,"featured_media":139978,"comment_status":"closed","ping_status":"closed","sticky":false,"template":"","format":"standard","meta":[],"categories":[64],"tags":[395],"suno_strategy":[],"class_list":["post-250169","post","type-post","status-publish","format-standard","has-post-thumbnail","hentry","category-negocios","tag-braskem-brkm3-brkm5-brkm6"],"yoast_head":"<!-- This site is optimized with the Yoast SEO plugin v24.4 - https:\/\/yoast.com\/wordpress\/plugins\/seo\/ -->\n<title>Braskem (BRKM5) assina acordo de R$ 1,5 bi para compra de g\u00e1s natural<\/title>\n<meta name=\"description\" content=\"A Braskem (BRKM5) assinou o contrato de fornecimento de g\u00e1s pela Alg\u00e1s no valor de R$ 1,5 bilh\u00e3o. Para saber mais clique aqui e veja\" \/>\n<meta name=\"robots\" content=\"index, follow, max-snippet:-1, max-image-preview:large, max-video-preview:-1\" \/>\n<link rel=\"canonical\" href=\"https:\/\/www.suno.com.br\/noticias\/braskem-brkm5-1-5-bilhao-compra-gas-natural\/\" \/>\n<meta property=\"og:locale\" content=\"pt_BR\" \/>\n<meta property=\"og:type\" content=\"article\" \/>\n<meta property=\"og:title\" content=\"Braskem (BRKM5) assina acordo de R$ 1,5 bi para compra de g\u00e1s natural\" \/>\n<meta property=\"og:description\" content=\"A Braskem (BRKM5) assinou o contrato de fornecimento de g\u00e1s pela Alg\u00e1s no valor de R$ 1,5 bilh\u00e3o. Para saber mais clique aqui e veja\" \/>\n<meta property=\"og:url\" content=\"https:\/\/www.suno.com.br\/noticias\/braskem-brkm5-1-5-bilhao-compra-gas-natural\/\" \/>\n<meta property=\"og:site_name\" content=\"Suno Not\u00edcias\" \/>\n<meta property=\"article:publisher\" content=\"https:\/\/facebook.com\/sunoresearch\" \/>\n<meta property=\"og:image\" content=\"https:\/\/files.sunoresearch.com.br\/n\/uploads\/2021\/04\/f01831c0-whatsapp-image-2021-04-15-at-19.53.57.jpg\" \/>\n\t<meta property=\"og:image:width\" content=\"1200\" \/>\n\t<meta property=\"og:image:height\" content=\"790\" \/>\n\t<meta property=\"og:image:type\" content=\"image\/jpeg\" \/>\n<meta name=\"author\" content=\"Poliana Santos\" \/>\n<meta name=\"twitter:card\" content=\"summary_large_image\" \/>\n<meta name=\"twitter:creator\" content=\"@sunoresearch\" \/>\n<meta name=\"twitter:site\" content=\"@sunoresearch\" \/>\n<meta name=\"twitter:label1\" content=\"Escrito por\" \/>\n\t<meta name=\"twitter:data1\" content=\"Poliana Santos\" \/>\n\t<meta name=\"twitter:label2\" content=\"Est. tempo de leitura\" \/>\n\t<meta name=\"twitter:data2\" content=\"2 minutos\" \/>\n<script type=\"application\/ld+json\" class=\"yoast-schema-graph\">{\"@context\":\"https:\/\/schema.org\",\"@graph\":[{\"@type\":\"NewsArticle\",\"@id\":\"https:\/\/www.suno.com.br\/noticias\/braskem-brkm5-1-5-bilhao-compra-gas-natural\/#article\",\"isPartOf\":{\"@id\":\"https:\/\/www.suno.com.br\/noticias\/braskem-brkm5-1-5-bilhao-compra-gas-natural\/\"},\"author\":{\"name\":\"Poliana Santos\",\"@id\":\"https:\/\/www.suno.com.br\/noticias\/#\/schema\/person\/02ec1f752758247878a2bf4abee1aeda\"},\"headline\":\"Braskem (BRKM5) assina acordo de R$ 1,5 bilh\u00e3o para compra de g\u00e1s natural\",\"datePublished\":\"2022-04-12T13:17:23+00:00\",\"mainEntityOfPage\":{\"@id\":\"https:\/\/www.suno.com.br\/noticias\/braskem-brkm5-1-5-bilhao-compra-gas-natural\/\"},\"wordCount\":498,\"publisher\":{\"@id\":\"https:\/\/www.suno.com.br\/noticias\/#organization\"},\"image\":{\"@id\":\"https:\/\/www.suno.com.br\/noticias\/braskem-brkm5-1-5-bilhao-compra-gas-natural\/#primaryimage\"},\"thumbnailUrl\":\"https:\/\/files.sunoresearch.com.br\/n\/uploads\/2021\/04\/f01831c0-whatsapp-image-2021-04-15-at-19.53.57-jpg.webp\",\"keywords\":[\"Braskem (BRKM3\/BRKM5\/BRKM6)\"],\"articleSection\":[\"Neg\u00f3cios\"],\"inLanguage\":\"pt-BR\"},{\"@type\":\"WebPage\",\"@id\":\"https:\/\/www.suno.com.br\/noticias\/braskem-brkm5-1-5-bilhao-compra-gas-natural\/\",\"url\":\"https:\/\/www.suno.com.br\/noticias\/braskem-brkm5-1-5-bilhao-compra-gas-natural\/\",\"name\":\"Braskem (BRKM5) assina acordo de R$ 1,5 bi para compra de g\u00e1s natural\",\"isPartOf\":{\"@id\":\"https:\/\/www.suno.com.br\/noticias\/#website\"},\"primaryImageOfPage\":{\"@id\":\"https:\/\/www.suno.com.br\/noticias\/braskem-brkm5-1-5-bilhao-compra-gas-natural\/#primaryimage\"},\"image\":{\"@id\":\"https:\/\/www.suno.com.br\/noticias\/braskem-brkm5-1-5-bilhao-compra-gas-natural\/#primaryimage\"},\"thumbnailUrl\":\"https:\/\/files.sunoresearch.com.br\/n\/uploads\/2021\/04\/f01831c0-whatsapp-image-2021-04-15-at-19.53.57-jpg.webp\",\"datePublished\":\"2022-04-12T13:17:23+00:00\",\"description\":\"A Braskem (BRKM5) assinou o contrato de fornecimento de g\u00e1s pela Alg\u00e1s no valor de R$ 1,5 bilh\u00e3o. Para saber mais clique aqui e veja\",\"breadcrumb\":{\"@id\":\"https:\/\/www.suno.com.br\/noticias\/braskem-brkm5-1-5-bilhao-compra-gas-natural\/#breadcrumb\"},\"inLanguage\":\"pt-BR\",\"potentialAction\":[{\"@type\":\"ReadAction\",\"target\":[\"https:\/\/www.suno.com.br\/noticias\/braskem-brkm5-1-5-bilhao-compra-gas-natural\/\"]}]},{\"@type\":\"ImageObject\",\"inLanguage\":\"pt-BR\",\"@id\":\"https:\/\/www.suno.com.br\/noticias\/braskem-brkm5-1-5-bilhao-compra-gas-natural\/#primaryimage\",\"url\":\"https:\/\/files.sunoresearch.com.br\/n\/uploads\/2021\/04\/f01831c0-whatsapp-image-2021-04-15-at-19.53.57-jpg.webp\",\"contentUrl\":\"https:\/\/files.sunoresearch.com.br\/n\/uploads\/2021\/04\/f01831c0-whatsapp-image-2021-04-15-at-19.53.57-jpg.webp\",\"width\":1200,\"height\":790,\"caption\":\"Braskem (BRKM5). Foto: Reprodu\u00e7\u00e3o Instagram\"},{\"@type\":\"BreadcrumbList\",\"@id\":\"https:\/\/www.suno.com.br\/noticias\/braskem-brkm5-1-5-bilhao-compra-gas-natural\/#breadcrumb\",\"itemListElement\":[{\"@type\":\"ListItem\",\"position\":1,\"name\":\"Not\u00edcias\",\"item\":\"https:\/\/www.suno.com.br\/noticias\/\"},{\"@type\":\"ListItem\",\"position\":2,\"name\":\"Neg\u00f3cios\",\"item\":\"https:\/\/www.suno.com.br\/noticias\/negocios\/\"},{\"@type\":\"ListItem\",\"position\":3,\"name\":\"Braskem (BRKM5) assina acordo de R$ 1,5 bilh\u00e3o para compra de g\u00e1s natural\"}]},{\"@type\":\"WebSite\",\"@id\":\"https:\/\/www.suno.com.br\/noticias\/#website\",\"url\":\"https:\/\/www.suno.com.br\/noticias\/\",\"name\":\"Suno Not\u00edcias\",\"description\":\"Seu portal de informa\u00e7\u00e3o sobre o mundo dos investimentos\",\"publisher\":{\"@id\":\"https:\/\/www.suno.com.br\/noticias\/#organization\"},\"potentialAction\":[{\"@type\":\"SearchAction\",\"target\":{\"@type\":\"EntryPoint\",\"urlTemplate\":\"https:\/\/www.suno.com.br\/noticias\/?s={search_term_string}\"},\"query-input\":{\"@type\":\"PropertyValueSpecification\",\"valueRequired\":true,\"valueName\":\"search_term_string\"}}],\"inLanguage\":\"pt-BR\"},{\"@type\":\"Organization\",\"@id\":\"https:\/\/www.suno.com.br\/noticias\/#organization\",\"name\":\"Suno Not\u00edcias\",\"url\":\"https:\/\/www.suno.com.br\/noticias\/\",\"logo\":{\"@type\":\"ImageObject\",\"inLanguage\":\"pt-BR\",\"@id\":\"https:\/\/www.suno.com.br\/noticias\/#\/schema\/logo\/image\/\",\"url\":\"https:\/\/files.sunoresearch.com.br\/n\/uploads\/2021\/09\/suno-logo.png\",\"contentUrl\":\"https:\/\/files.sunoresearch.com.br\/n\/uploads\/2021\/09\/suno-logo.png\",\"width\":180,\"height\":180,\"caption\":\"Suno Not\u00edcias\"},\"image\":{\"@id\":\"https:\/\/www.suno.com.br\/noticias\/#\/schema\/logo\/image\/\"},\"sameAs\":[\"https:\/\/facebook.com\/sunoresearch\",\"https:\/\/x.com\/sunoresearch\",\"https:\/\/www.instagram.com\/suno\",\"https:\/\/www.linkedin.com\/company\/suno-research\/\",\"https:\/\/www.youtube.com\/c\/sunoresearch\"]},{\"@type\":\"Person\",\"@id\":\"https:\/\/www.suno.com.br\/noticias\/#\/schema\/person\/02ec1f752758247878a2bf4abee1aeda\",\"name\":\"Poliana Santos\",\"image\":{\"@type\":\"ImageObject\",\"inLanguage\":\"pt-BR\",\"@id\":\"https:\/\/www.suno.com.br\/noticias\/#\/schema\/person\/image\/\",\"url\":\"https:\/\/secure.gravatar.com\/avatar\/0645bd32f23d87b2130f2b2dff1d3f8d?s=96&r=g\",\"contentUrl\":\"https:\/\/secure.gravatar.com\/avatar\/0645bd32f23d87b2130f2b2dff1d3f8d?s=96&r=g\",\"caption\":\"Poliana Santos\"},\"description\":\"Rep\u00f3rter no Suno Not\u00edcias, com cobertura em mercado financeiro, economia, finan\u00e7as pessoais, renda fixa e varejo. Jornalista formada pela Faculdade C\u00e1sper L\u00edbero e possui passagem na R\u00e1dio Gazeta AM com a produ\u00e7\u00e3o de conte\u00fado sobre economia, pol\u00edtica, sa\u00fade, moda e m\u00fasica. Possui certificado de conclus\u00e3o do curso de An\u00e1lise de Balan\u00e7os pela Funda\u00e7\u00e3o Bradesco, Agenda Brasil pela FAAP, Educa\u00e7\u00e3o Pol\u00edtica por Alexandre Garcia e do Tesouro Direto e Mercado de A\u00e7\u00f5es pela B3.\",\"url\":\"https:\/\/www.suno.com.br\/noticias\/author\/poliana-santos\/\"}]}<\/script>\n<!-- \/ Yoast SEO plugin. -->","yoast_head_json":{"title":"Braskem (BRKM5) assina acordo de R$ 1,5 bi para compra de g\u00e1s natural","description":"A Braskem (BRKM5) assinou o contrato de fornecimento de g\u00e1s pela Alg\u00e1s no valor de R$ 1,5 bilh\u00e3o. Para saber mais clique aqui e veja","robots":{"index":"index","follow":"follow","max-snippet":"max-snippet:-1","max-image-preview":"max-image-preview:large","max-video-preview":"max-video-preview:-1"},"canonical":"https:\/\/www.suno.com.br\/noticias\/braskem-brkm5-1-5-bilhao-compra-gas-natural\/","og_locale":"pt_BR","og_type":"article","og_title":"Braskem (BRKM5) assina acordo de R$ 1,5 bi para compra de g\u00e1s natural","og_description":"A Braskem (BRKM5) assinou o contrato de fornecimento de g\u00e1s pela Alg\u00e1s no valor de R$ 1,5 bilh\u00e3o. Para saber mais clique aqui e veja","og_url":"https:\/\/www.suno.com.br\/noticias\/braskem-brkm5-1-5-bilhao-compra-gas-natural\/","og_site_name":"Suno Not\u00edcias","article_publisher":"https:\/\/facebook.com\/sunoresearch","og_image":[{"width":1200,"height":790,"url":"https:\/\/files.sunoresearch.com.br\/n\/uploads\/2021\/04\/f01831c0-whatsapp-image-2021-04-15-at-19.53.57.jpg","type":"image\/jpeg"}],"author":"Poliana Santos","twitter_card":"summary_large_image","twitter_creator":"@sunoresearch","twitter_site":"@sunoresearch","twitter_misc":{"Escrito por":"Poliana Santos","Est. tempo de leitura":"2 minutos"},"schema":{"@context":"https:\/\/schema.org","@graph":[{"@type":"NewsArticle","@id":"https:\/\/www.suno.com.br\/noticias\/braskem-brkm5-1-5-bilhao-compra-gas-natural\/#article","isPartOf":{"@id":"https:\/\/www.suno.com.br\/noticias\/braskem-brkm5-1-5-bilhao-compra-gas-natural\/"},"author":{"name":"Poliana Santos","@id":"https:\/\/www.suno.com.br\/noticias\/#\/schema\/person\/02ec1f752758247878a2bf4abee1aeda"},"headline":"Braskem (BRKM5) assina acordo de R$ 1,5 bilh\u00e3o para compra de g\u00e1s natural","datePublished":"2022-04-12T13:17:23+00:00","mainEntityOfPage":{"@id":"https:\/\/www.suno.com.br\/noticias\/braskem-brkm5-1-5-bilhao-compra-gas-natural\/"},"wordCount":498,"publisher":{"@id":"https:\/\/www.suno.com.br\/noticias\/#organization"},"image":{"@id":"https:\/\/www.suno.com.br\/noticias\/braskem-brkm5-1-5-bilhao-compra-gas-natural\/#primaryimage"},"thumbnailUrl":"https:\/\/files.sunoresearch.com.br\/n\/uploads\/2021\/04\/f01831c0-whatsapp-image-2021-04-15-at-19.53.57-jpg.webp","keywords":["Braskem (BRKM3\/BRKM5\/BRKM6)"],"articleSection":["Neg\u00f3cios"],"inLanguage":"pt-BR"},{"@type":"WebPage","@id":"https:\/\/www.suno.com.br\/noticias\/braskem-brkm5-1-5-bilhao-compra-gas-natural\/","url":"https:\/\/www.suno.com.br\/noticias\/braskem-brkm5-1-5-bilhao-compra-gas-natural\/","name":"Braskem (BRKM5) assina acordo de R$ 1,5 bi para compra de g\u00e1s natural","isPartOf":{"@id":"https:\/\/www.suno.com.br\/noticias\/#website"},"primaryImageOfPage":{"@id":"https:\/\/www.suno.com.br\/noticias\/braskem-brkm5-1-5-bilhao-compra-gas-natural\/#primaryimage"},"image":{"@id":"https:\/\/www.suno.com.br\/noticias\/braskem-brkm5-1-5-bilhao-compra-gas-natural\/#primaryimage"},"thumbnailUrl":"https:\/\/files.sunoresearch.com.br\/n\/uploads\/2021\/04\/f01831c0-whatsapp-image-2021-04-15-at-19.53.57-jpg.webp","datePublished":"2022-04-12T13:17:23+00:00","description":"A Braskem (BRKM5) assinou o contrato de fornecimento de g\u00e1s pela Alg\u00e1s no valor de R$ 1,5 bilh\u00e3o. Para saber mais clique aqui e veja","breadcrumb":{"@id":"https:\/\/www.suno.com.br\/noticias\/braskem-brkm5-1-5-bilhao-compra-gas-natural\/#breadcrumb"},"inLanguage":"pt-BR","potentialAction":[{"@type":"ReadAction","target":["https:\/\/www.suno.com.br\/noticias\/braskem-brkm5-1-5-bilhao-compra-gas-natural\/"]}]},{"@type":"ImageObject","inLanguage":"pt-BR","@id":"https:\/\/www.suno.com.br\/noticias\/braskem-brkm5-1-5-bilhao-compra-gas-natural\/#primaryimage","url":"https:\/\/files.sunoresearch.com.br\/n\/uploads\/2021\/04\/f01831c0-whatsapp-image-2021-04-15-at-19.53.57-jpg.webp","contentUrl":"https:\/\/files.sunoresearch.com.br\/n\/uploads\/2021\/04\/f01831c0-whatsapp-image-2021-04-15-at-19.53.57-jpg.webp","width":1200,"height":790,"caption":"Braskem (BRKM5). Foto: Reprodu\u00e7\u00e3o Instagram"},{"@type":"BreadcrumbList","@id":"https:\/\/www.suno.com.br\/noticias\/braskem-brkm5-1-5-bilhao-compra-gas-natural\/#breadcrumb","itemListElement":[{"@type":"ListItem","position":1,"name":"Not\u00edcias","item":"https:\/\/www.suno.com.br\/noticias\/"},{"@type":"ListItem","position":2,"name":"Neg\u00f3cios","item":"https:\/\/www.suno.com.br\/noticias\/negocios\/"},{"@type":"ListItem","position":3,"name":"Braskem (BRKM5) assina acordo de R$ 1,5 bilh\u00e3o para compra de g\u00e1s natural"}]},{"@type":"WebSite","@id":"https:\/\/www.suno.com.br\/noticias\/#website","url":"https:\/\/www.suno.com.br\/noticias\/","name":"Suno Not\u00edcias","description":"Seu portal de informa\u00e7\u00e3o sobre o mundo dos investimentos","publisher":{"@id":"https:\/\/www.suno.com.br\/noticias\/#organization"},"potentialAction":[{"@type":"SearchAction","target":{"@type":"EntryPoint","urlTemplate":"https:\/\/www.suno.com.br\/noticias\/?s={search_term_string}"},"query-input":{"@type":"PropertyValueSpecification","valueRequired":true,"valueName":"search_term_string"}}],"inLanguage":"pt-BR"},{"@type":"Organization","@id":"https:\/\/www.suno.com.br\/noticias\/#organization","name":"Suno Not\u00edcias","url":"https:\/\/www.suno.com.br\/noticias\/","logo":{"@type":"ImageObject","inLanguage":"pt-BR","@id":"https:\/\/www.suno.com.br\/noticias\/#\/schema\/logo\/image\/","url":"https:\/\/files.sunoresearch.com.br\/n\/uploads\/2021\/09\/suno-logo.png","contentUrl":"https:\/\/files.sunoresearch.com.br\/n\/uploads\/2021\/09\/suno-logo.png","width":180,"height":180,"caption":"Suno Not\u00edcias"},"image":{"@id":"https:\/\/www.suno.com.br\/noticias\/#\/schema\/logo\/image\/"},"sameAs":["https:\/\/facebook.com\/sunoresearch","https:\/\/x.com\/sunoresearch","https:\/\/www.instagram.com\/suno","https:\/\/www.linkedin.com\/company\/suno-research\/","https:\/\/www.youtube.com\/c\/sunoresearch"]},{"@type":"Person","@id":"https:\/\/www.suno.com.br\/noticias\/#\/schema\/person\/02ec1f752758247878a2bf4abee1aeda","name":"Poliana Santos","image":{"@type":"ImageObject","inLanguage":"pt-BR","@id":"https:\/\/www.suno.com.br\/noticias\/#\/schema\/person\/image\/","url":"https:\/\/secure.gravatar.com\/avatar\/0645bd32f23d87b2130f2b2dff1d3f8d?s=96&r=g","contentUrl":"https:\/\/secure.gravatar.com\/avatar\/0645bd32f23d87b2130f2b2dff1d3f8d?s=96&r=g","caption":"Poliana Santos"},"description":"Rep\u00f3rter no Suno Not\u00edcias, com cobertura em mercado financeiro, economia, finan\u00e7as pessoais, renda fixa e varejo. Jornalista formada pela Faculdade C\u00e1sper L\u00edbero e possui passagem na R\u00e1dio Gazeta AM com a produ\u00e7\u00e3o de conte\u00fado sobre economia, pol\u00edtica, sa\u00fade, moda e m\u00fasica. Possui certificado de conclus\u00e3o do curso de An\u00e1lise de Balan\u00e7os pela Funda\u00e7\u00e3o Bradesco, Agenda Brasil pela FAAP, Educa\u00e7\u00e3o Pol\u00edtica por Alexandre Garcia e do Tesouro Direto e Mercado de A\u00e7\u00f5es pela B3.","url":"https:\/\/www.suno.com.br\/noticias\/author\/poliana-santos\/"}]}},"default_loop_html":"<div class=\"cardsPage__listCard__boxs\"><div class=\"cardsPage__listCard__boxs__img\"><a href=\"https:\/\/www.suno.com.br\/noticias\/braskem-brkm5-1-5-bilhao-compra-gas-natural\/\"><img class=\"mask\" src=\"https:\/\/www.suno.com.br\/noticias\/wp-content\/themes\/suno\/resources\/images\/spotlight\/spotlight1img\/bg-mask.png\" alt=\"Image Mask\"\/><img src=\"https:\/\/files.sunoresearch.com.br\/n\/uploads\/2021\/04\/f01831c0-whatsapp-image-2021-04-15-at-19.53.57-400x200.webp\" alt=\"Braskem (BRKM5) assina acordo de R$ 1,5 bilh\u00e3o para compra de g\u00e1s natural\"\/><\/a><span class=\"spotlightCategory\"><a href=\"https:\/\/www.suno.com.br\/noticias\/negocios\/\">Neg\u00f3cios<\/a><\/span><\/div><div class=\"cardsPage__listCard__boxs__content\"><a href=\"https:\/\/www.suno.com.br\/noticias\/braskem-brkm5-1-5-bilhao-compra-gas-natural\/\"><h2 class=\"content__title\">Braskem (BRKM5) assina acordo de R$ 1,5 bilh\u00e3o para compra de g\u00e1s natural<\/h2><\/a><div class=\"newsContent__article__meta\"><div class=\"newsContent__article__meta__authorBox\"><a href=\"https:\/\/www.suno.com.br\/noticias\/author\/poliana-santos\/\" class=\"authorBox__avatar noMobi\"><img src=\"https:\/\/files.sunoresearch.com.br\/n\/uploads\/2020\/08\/7ef34026-whatsapp-image-2020-08-03-at-12.37.57-150x150.webp\" alt=\"Poliana Santos\"><\/a><div class=\"authorBox__name\"><span>por\n\t\t\t<a href=\"https:\/\/www.suno.com.br\/noticias\/author\/poliana-santos\/\"><span itemprop=\"author\">Poliana Santos<\/span><\/a><\/span><time datetime=\"2022-04-12T10:17:23-03:00\" itemprop=\"datePublished\">12\/04\/2022 10:17<\/time><\/div><\/div><\/div><\/div><\/div>","single_layout":"posts","amp_enabled":true,"_links":{"self":[{"href":"https:\/\/www.suno.com.br\/noticias\/wp-json\/wp\/v2\/posts\/250169"}],"collection":[{"href":"https:\/\/www.suno.com.br\/noticias\/wp-json\/wp\/v2\/posts"}],"about":[{"href":"https:\/\/www.suno.com.br\/noticias\/wp-json\/wp\/v2\/types\/post"}],"author":[{"embeddable":true,"href":"https:\/\/www.suno.com.br\/noticias\/wp-json\/wp\/v2\/users\/15"}],"replies":[{"embeddable":true,"href":"https:\/\/www.suno.com.br\/noticias\/wp-json\/wp\/v2\/comments?post=250169"}],"version-history":[{"count":3,"href":"https:\/\/www.suno.com.br\/noticias\/wp-json\/wp\/v2\/posts\/250169\/revisions"}],"predecessor-version":[{"id":250185,"href":"https:\/\/www.suno.com.br\/noticias\/wp-json\/wp\/v2\/posts\/250169\/revisions\/250185"}],"wp:featuredmedia":[{"embeddable":true,"href":"https:\/\/www.suno.com.br\/noticias\/wp-json\/wp\/v2\/media\/139978"}],"wp:attachment":[{"href":"https:\/\/www.suno.com.br\/noticias\/wp-json\/wp\/v2\/media?parent=250169"}],"wp:term":[{"taxonomy":"category","embeddable":true,"href":"https:\/\/www.suno.com.br\/noticias\/wp-json\/wp\/v2\/categories?post=250169"},{"taxonomy":"post_tag","embeddable":true,"href":"https:\/\/www.suno.com.br\/noticias\/wp-json\/wp\/v2\/tags?post=250169"},{"taxonomy":"suno_strategy","embeddable":true,"href":"https:\/\/www.suno.com.br\/noticias\/wp-json\/wp\/v2\/suno_strategy?post=250169"}],"curies":[{"name":"wp","href":"https:\/\/api.w.org\/{rel}","templated":true}]}}