{"id":25014,"date":"2019-05-17T12:51:51","date_gmt":"2019-05-17T15:51:51","guid":{"rendered":"https:\/\/www.suno.com.br\/noticias\/?p=25014"},"modified":"2019-05-17T13:01:04","modified_gmt":"2019-05-17T16:01:04","slug":"ibovespa-supera-queda","status":"publish","type":"post","link":"https:\/\/www.suno.com.br\/noticias\/ibovespa-supera-queda\/","title":{"rendered":"Ibovespa reverte baixa da abertura e opera em alta nesta sexta"},"content":{"rendered":"<p>Ibovespa reverte a abertura do mercado e opera em alta pr\u00f3ximo das 13h desta sexta-feira (17). Por volta das 12h45 o \u00edndice registrava um avan\u00e7o de <span class=\"ng-binding\">0,89<\/span>\u00a0% somando 90.824,83 pontos.<\/p>\t<div class=\"wrapper-featured-image\">\n\t\t<figure class=\"spotlightImg\">\n\n\t\t\t<picture>\n\t\t\t\t<source media=\"(max-width: 768px)\" srcset=\"https:\/\/files.sunoresearch.com.br\/n\/uploads\/2018\/10\/7ae388cb-ibovespa-2-400x200.webp\">\n\t\t\t\t<img loading=\"lazy\" decoding=\"async\" class=\"newsContent__article__imgCapa lazyloadDisabled newsContent__article__imgCapa--noCaption\" src=\"https:\/\/files.sunoresearch.com.br\/n\/uploads\/2018\/10\/7ae388cb-ibovespa-2-800x450.webp\" width=\"800\" height=\"450\" alt=\"Ibovespa reverte baixa da abertura e opera em alta nesta sexta\" fetchpriority=high \/>\n\t\t\t<\/picture>\n\n\t\t\t<figcaption class=\"wp-caption-text wp-caption-text--hide\">O Ibovespa <\/figcaption>\n\t\t<\/figure>\n\t<\/div>\n\n\n<p>No mesmo ritmo do <strong>Ibovespa<\/strong>, o <strong>d\u00f3lar<\/strong> tamb\u00e9m opera em alta. A moeda norte-americana est\u00e1 valorizando desde o in\u00edcio do dia. Por volta das 12h45, o d\u00f3lar registrava uma alta de +1,31% sendo negociado a R$ 4,0879 na venda.<\/p>\n\t<p>\n\t\t<a href=\"https:\/\/lps.suno.com.br\/asset\/newsletter\/\" target=\"_blank\" data-element=\"shortcode-suno-banner\" title=\"Banner SUNO, clique e saiba mais\">\n\t\t\t<picture>\n\t\t\t\t<source media=\"(max-width: 500px)\" srcset=\"https:\/\/files.sunoresearch.com.br\/n\/uploads\/2023\/04\/400x300-Mobile-Artigos-4.jpg\">\n\t\t\t\t<img class=\"newsContent__article__imgCapa newsContent__article__imgCapa--banner\"\n\t\t\t\t\tsrc=\"https:\/\/files.sunoresearch.com.br\/n\/uploads\/2023\/04\/1420x240-Banner-Artigos-1-_-Banner-Materias-1.jpg\"\n\t\t\t\t\tdata-promo-id=\"386700\"\t\t\t\t\t\t\t\t\t\twidth='1420' height='240'\t\t\t\t\talt=\"https:\/\/files.sunoresearch.com.br\/n\/uploads\/2023\/04\/1420x240-Banner-Artigos-1-_-Banner-Materias-1.jpg\"\n\t\t\t\t>\n\t\t\t<\/picture>\n\t\t<\/a>\n\t<\/p>\n\n\n<h2>Ibovespa<\/h2>\n<p>A <strong>Bolsa de Valores de S\u00e3o Paulo<\/strong> sofreu forte impacto na \u00faltima sess\u00e3o, na quinta-feira (16). O \u00edndice foi impactado pela retra\u00e7\u00e3o das estimativas do <strong>Produto Interno Bruto (PIB)<\/strong> e tamb\u00e9m pelo aumento do desemprego. Al\u00e9m disso, o cen\u00e1rio pol\u00edtico atual gerou cautela nos investidores, fazendo com que o <strong>Ibovespa<\/strong> registrasse uma queda acentuada de -1,75% ficando com 90.024,47 pontos.<\/p>\n<p><a href=\"https:\/\/www.suno.com.br\/noticias\/ibovespa-17052019\/\">Saiba mais:\u00a0Ibovespa inicia em queda com governo gerando inseguran\u00e7a no mercado<\/a><\/p>\n<p>No entanto, a <strong>recupera\u00e7\u00e3o<\/strong> <strong>da<\/strong> <strong>bolsa<\/strong> se deve \u00e0s negocia\u00e7\u00f5es de pap\u00e9is ap\u00f3s o \u00edndice atingir a m\u00ednima do ano. Al\u00e9m disso, empresas do setor de min\u00e9rio de ferro operam em alta ap\u00f3s os dados do pre\u00e7o do min\u00e9rio de ferro da China atingirem valor recorde, sendo impulsionadas pelas perspectivas da demanda sider\u00fargica.<\/p>\n<p>O contrato de <strong>min\u00e9rio<\/strong> <strong>de<\/strong> <strong>ferro<\/strong> mais ativo da <strong>China<\/strong>, com entrega em setembro, registrou uma alta de 5,8% sendo avaliando em US$ 102,87 por tonelada, na Bolsa de Mercadorias de Dalian.<\/p>\n<p>Com isso, as mineradoras passaram a operar em alta e por volts das 12h45 registravam os seguintes resultados:<\/p>\n<ul>\n<li><strong>Companhia Sider\u00fargica Nacional (CSNA3):<\/strong> alta de +3,87% sendo negociada em 15,57.<\/li>\n<li><strong>Usiminas (USIM3):<\/strong> alta de 1,64% sendo negociada a R$ 9,90.<\/li>\n<li><strong>Vale (VALE3):<\/strong> alta de +0,97% sendo negociada a R$ 46,85.<\/li>\n<\/ul>\n\t<p>\n\t\t<a href=\"https:\/\/lp.suno.com.br\/ebook-como-analisar-uma-acao\/\" target=\"_blank\" data-element=\"shortcode-suno-banner\" title=\"Banner SUNO, clique e saiba mais\">\n\t\t\t<picture>\n\t\t\t\t<source media=\"(max-width: 500px)\" srcset=\"https:\/\/files.sunoresearch.com.br\/n\/uploads\/2023\/03\/Ebook-Acoes-Mobile-1.jpg\">\n\t\t\t\t<img class=\"newsContent__article__imgCapa newsContent__article__imgCapa--banner\"\n\t\t\t\t\tsrc=\"https:\/\/files.sunoresearch.com.br\/n\/uploads\/2023\/03\/Ebook-Acoes-Desktop-1.jpg\"\n\t\t\t\t\tdata-promo-id=\"171998\"\t\t\t\t\t\t\t\t\t\twidth='1420' height='286'\t\t\t\t\talt=\"https:\/\/files.sunoresearch.com.br\/n\/uploads\/2023\/03\/Ebook-Acoes-Desktop-1.jpg\"\n\t\t\t\t>\n\t\t\t<\/picture>\n\t\t<\/a>\n\t<\/p>\n\n\n<h2>D\u00f3lar<\/h2>\n<p>O <strong>d\u00f3lar<\/strong> segue no mesmo ritmo desta manh\u00e3. No in\u00edcio do preg\u00e3o a moeda noete-americana operava em alta e por volta das 9h15 registrou uma varia\u00e7\u00e3o positiva de 0,495% sendo negociada a R$ 4,0561.<\/p>\n<p>A moeda norte-americana se valoriza frente ao real, devido retra\u00e7\u00e3o do <strong>Produto Interno Bruto (PIB)<\/strong> e tamb\u00e9m do aumento do desemprego.<\/p>\n<p>De acordo com os dados divulgados pela Pesquisa Nacional por Amostra de Domic\u00edlios Cont\u00ednua (Pnad Cont\u00ednua), na \u00faltima quinta-feira (16), pelo Instituto Brasileiro de Geografia e Estat\u00edstica (IBGE), o n\u00famero de <strong>desemprego<\/strong> <strong>cresceu<\/strong> em 14 unidades da federa\u00e7\u00e3o no Brasil, durante o 1\u00ba trimestre.<\/p>\n<p><a href=\"https:\/\/www.suno.com.br\/noticias\/dolar-alta-inep-educacao-guerra-comercial\/\">Saiba mais:\u00a0D\u00f3lar opera em alta devido a turbul\u00eancia na pol\u00edtica nacional<\/a><\/p>\n<p>Al\u00e9m disso, o estudo divulgado nesta sexta pela Funda\u00e7\u00e3o Get\u00falio Vargas (FGV) aponta que no primeiro trimestre deste ano a <strong>economia<\/strong> <strong>brasileira<\/strong> teve um <strong>recuo<\/strong> de 0,1%.<\/p>\n<p>No entanto, os dados seguiram as estimativas de redu\u00e7\u00e3o do \u00cdndice de Atividade Econ\u00f4mica <strong>(IBC-Br)<\/strong>, da Institui\u00e7\u00e3o Fiscal Independente <strong>(IFI)<\/strong> e do ministro da Economia, <strong>Paulo Guedes<\/strong>, que afirmou que a economia brasileira est\u00e1 no &#8216;fundo do po\u00e7o&#8217;.<\/p>\n\t<p>\n\t\t<a href=\"https:\/\/lp.suno.com.br\/ao\/servico-especializado-suno-tf\/?utm_source=adwords&#038;utm_medium=search&#038;utm_campaign=search.servico.funilconsultoria&#038;utm_content=1147_responsivo-a&#038;hsa_acc=2326072784&#038;hsa_cam=18022897917&#038;hsa_grp=141470255993&#038;hsa_ad=616145467912&#038;hsa_src=g&#038;hsa_tgt=kwd-303658942458&#038;hsa_kw=gestora+de+investimentos&#038;hsa_mt=b&#038;hsa_net=adwords&#038;hsa_ver=3&#038;gad_source=1&#038;gclid=CjwKCAjw1emzBhB8EiwAHwZZxQMvA3xJVRzLGZ70LmuSzR55X-KvxijSay8c5Hm88Sznnq97j8XbORoC-sMQAvD_BwE\" target=\"_blank\" data-element=\"shortcode-suno-banner\" title=\"Banner SUNO, clique e saiba mais\">\n\t\t\t<picture>\n\t\t\t\t<source media=\"(max-width: 500px)\" srcset=\"https:\/\/files.sunoresearch.com.br\/n\/uploads\/2024\/06\/400x300-Mobile-Artigos-4-1.png\">\n\t\t\t\t<img class=\"newsContent__article__imgCapa newsContent__article__imgCapa--banner\"\n\t\t\t\t\tsrc=\"https:\/\/files.sunoresearch.com.br\/n\/uploads\/2024\/06\/1420x240-Banner-Artigos-1-_-Banner-Materias-2-1.png\"\n\t\t\t\t\tdata-promo-id=\"563609\"\t\t\t\t\t\t\t\t\t\twidth='1420' height='240'\t\t\t\t\talt=\"https:\/\/files.sunoresearch.com.br\/n\/uploads\/2024\/06\/1420x240-Banner-Artigos-1-_-Banner-Materias-2-1.png\"\n\t\t\t\t>\n\t\t\t<\/picture>\n\t\t<\/a>\n\t<\/p>\n\n\n<p>Mesmo em alta, o <strong>Ibovespa<\/strong> continua sendo impactado\u00a0pelas movimenta\u00e7\u00f5es internas do governo e a resposta da popula\u00e7\u00e3o. <strong>Investidores<\/strong> seguem cautelosos principalmente com as investiga\u00e7\u00f5es sobre a <strong>fam\u00edlia<\/strong> <strong>Bolsonaro<\/strong>. Al\u00e9m disso, os dados divulgados referente ao n\u00famero de desempregados e o ritmo lento de recupera\u00e7\u00e3o da <strong>economia<\/strong> tamb\u00e9m freiam uma maior expans\u00e3o do \u00edndice.<\/p>\n","protected":false},"excerpt":{"rendered":"<p>Ibovespa reverte a abertura do mercado e opera em alta pr\u00f3ximo das 13h desta sexta-feira (17). Por volta das 12h45 o \u00edndice registrava um avan\u00e7o de 0,89\u00a0% somando 90.824,83 pontos. O Ibovespa No mesmo ritmo do Ibovespa, o d\u00f3lar tamb\u00e9m opera em alta. A moeda norte-americana est\u00e1 valorizando desde o in\u00edcio do dia. Por volta [&hellip;]<\/p>\n","protected":false},"author":11,"featured_media":4749,"comment_status":"closed","ping_status":"closed","sticky":false,"template":"","format":"standard","meta":[],"categories":[60],"tags":[721],"suno_strategy":[],"class_list":["post-25014","post","type-post","status-publish","format-standard","has-post-thumbnail","hentry","category-mercado","tag-ibovespa"],"yoast_head":"<!-- This site is optimized with the Yoast SEO plugin v24.4 - https:\/\/yoast.com\/wordpress\/plugins\/seo\/ -->\n<title>Ibovespa reverte baixa da abertura e opera em alta nesta sexta<\/title>\n<meta name=\"description\" content=\"Ibovespa assim como o d\u00f3lar; \u00edndice \u00e9 puxado pela valoriza\u00e7\u00e3o das mineradoras ap\u00f3s dados divulgados pela China. Clique e saiba mais.\" \/>\n<meta name=\"robots\" content=\"index, follow, max-snippet:-1, max-image-preview:large, max-video-preview:-1\" \/>\n<link rel=\"canonical\" href=\"https:\/\/www.suno.com.br\/noticias\/ibovespa-supera-queda\/\" \/>\n<meta property=\"og:locale\" content=\"pt_BR\" \/>\n<meta property=\"og:type\" content=\"article\" \/>\n<meta property=\"og:title\" content=\"Ibovespa reverte baixa da abertura e opera em alta nesta sexta\" \/>\n<meta property=\"og:description\" content=\"Ibovespa assim como o d\u00f3lar; \u00edndice \u00e9 puxado pela valoriza\u00e7\u00e3o das mineradoras ap\u00f3s dados divulgados pela China. Clique e saiba mais.\" \/>\n<meta property=\"og:url\" content=\"https:\/\/www.suno.com.br\/noticias\/ibovespa-supera-queda\/\" \/>\n<meta property=\"og:site_name\" content=\"Suno Not\u00edcias\" \/>\n<meta property=\"article:publisher\" content=\"https:\/\/facebook.com\/sunoresearch\" \/>\n<meta property=\"og:image\" content=\"https:\/\/files.sunoresearch.com.br\/n\/uploads\/2018\/10\/7ae388cb-ibovespa-2.jpg\" \/>\n\t<meta property=\"og:image:width\" content=\"1920\" \/>\n\t<meta property=\"og:image:height\" content=\"1078\" \/>\n\t<meta property=\"og:image:type\" content=\"image\/jpeg\" \/>\n<meta name=\"author\" content=\"Renan Bandeira\" \/>\n<meta name=\"twitter:card\" content=\"summary_large_image\" \/>\n<meta name=\"twitter:creator\" content=\"@sunoresearch\" \/>\n<meta name=\"twitter:site\" content=\"@sunoresearch\" \/>\n<meta name=\"twitter:label1\" content=\"Escrito por\" \/>\n\t<meta name=\"twitter:data1\" content=\"Renan Bandeira\" \/>\n\t<meta name=\"twitter:label2\" content=\"Est. tempo de leitura\" \/>\n\t<meta name=\"twitter:data2\" content=\"3 minutos\" \/>\n<script type=\"application\/ld+json\" class=\"yoast-schema-graph\">{\"@context\":\"https:\/\/schema.org\",\"@graph\":[{\"@type\":\"NewsArticle\",\"@id\":\"https:\/\/www.suno.com.br\/noticias\/ibovespa-supera-queda\/#article\",\"isPartOf\":{\"@id\":\"https:\/\/www.suno.com.br\/noticias\/ibovespa-supera-queda\/\"},\"author\":{\"name\":\"Renan Bandeira\",\"@id\":\"https:\/\/www.suno.com.br\/noticias\/#\/schema\/person\/fc144a1c6108bd1dcd43784e88a3c138\"},\"headline\":\"Ibovespa reverte baixa da abertura e opera em alta nesta sexta\",\"datePublished\":\"2019-05-17T15:51:51+00:00\",\"dateModified\":\"2019-05-17T16:01:04+00:00\",\"mainEntityOfPage\":{\"@id\":\"https:\/\/www.suno.com.br\/noticias\/ibovespa-supera-queda\/\"},\"wordCount\":565,\"publisher\":{\"@id\":\"https:\/\/www.suno.com.br\/noticias\/#organization\"},\"image\":{\"@id\":\"https:\/\/www.suno.com.br\/noticias\/ibovespa-supera-queda\/#primaryimage\"},\"thumbnailUrl\":\"https:\/\/files.sunoresearch.com.br\/n\/uploads\/2018\/10\/7ae388cb-ibovespa-2-jpg.webp\",\"keywords\":[\"Ibovespa\"],\"articleSection\":[\"Mercado\"],\"inLanguage\":\"pt-BR\"},{\"@type\":\"WebPage\",\"@id\":\"https:\/\/www.suno.com.br\/noticias\/ibovespa-supera-queda\/\",\"url\":\"https:\/\/www.suno.com.br\/noticias\/ibovespa-supera-queda\/\",\"name\":\"Ibovespa reverte baixa da abertura e opera em alta nesta sexta\",\"isPartOf\":{\"@id\":\"https:\/\/www.suno.com.br\/noticias\/#website\"},\"primaryImageOfPage\":{\"@id\":\"https:\/\/www.suno.com.br\/noticias\/ibovespa-supera-queda\/#primaryimage\"},\"image\":{\"@id\":\"https:\/\/www.suno.com.br\/noticias\/ibovespa-supera-queda\/#primaryimage\"},\"thumbnailUrl\":\"https:\/\/files.sunoresearch.com.br\/n\/uploads\/2018\/10\/7ae388cb-ibovespa-2-jpg.webp\",\"datePublished\":\"2019-05-17T15:51:51+00:00\",\"dateModified\":\"2019-05-17T16:01:04+00:00\",\"description\":\"Ibovespa assim como o d\u00f3lar; \u00edndice \u00e9 puxado pela valoriza\u00e7\u00e3o das mineradoras ap\u00f3s dados divulgados pela China. Clique e saiba mais.\",\"breadcrumb\":{\"@id\":\"https:\/\/www.suno.com.br\/noticias\/ibovespa-supera-queda\/#breadcrumb\"},\"inLanguage\":\"pt-BR\",\"potentialAction\":[{\"@type\":\"ReadAction\",\"target\":[\"https:\/\/www.suno.com.br\/noticias\/ibovespa-supera-queda\/\"]}]},{\"@type\":\"ImageObject\",\"inLanguage\":\"pt-BR\",\"@id\":\"https:\/\/www.suno.com.br\/noticias\/ibovespa-supera-queda\/#primaryimage\",\"url\":\"https:\/\/files.sunoresearch.com.br\/n\/uploads\/2018\/10\/7ae388cb-ibovespa-2-jpg.webp\",\"contentUrl\":\"https:\/\/files.sunoresearch.com.br\/n\/uploads\/2018\/10\/7ae388cb-ibovespa-2-jpg.webp\",\"width\":1920,\"height\":1078,\"caption\":\"O Ibovespa\"},{\"@type\":\"BreadcrumbList\",\"@id\":\"https:\/\/www.suno.com.br\/noticias\/ibovespa-supera-queda\/#breadcrumb\",\"itemListElement\":[{\"@type\":\"ListItem\",\"position\":1,\"name\":\"Not\u00edcias\",\"item\":\"https:\/\/www.suno.com.br\/noticias\/\"},{\"@type\":\"ListItem\",\"position\":2,\"name\":\"Mercado\",\"item\":\"https:\/\/www.suno.com.br\/noticias\/mercado\/\"},{\"@type\":\"ListItem\",\"position\":3,\"name\":\"Ibovespa reverte baixa da abertura e opera em alta nesta sexta\"}]},{\"@type\":\"WebSite\",\"@id\":\"https:\/\/www.suno.com.br\/noticias\/#website\",\"url\":\"https:\/\/www.suno.com.br\/noticias\/\",\"name\":\"Suno Not\u00edcias\",\"description\":\"Seu portal de informa\u00e7\u00e3o sobre o mundo dos investimentos\",\"publisher\":{\"@id\":\"https:\/\/www.suno.com.br\/noticias\/#organization\"},\"potentialAction\":[{\"@type\":\"SearchAction\",\"target\":{\"@type\":\"EntryPoint\",\"urlTemplate\":\"https:\/\/www.suno.com.br\/noticias\/?s={search_term_string}\"},\"query-input\":{\"@type\":\"PropertyValueSpecification\",\"valueRequired\":true,\"valueName\":\"search_term_string\"}}],\"inLanguage\":\"pt-BR\"},{\"@type\":\"Organization\",\"@id\":\"https:\/\/www.suno.com.br\/noticias\/#organization\",\"name\":\"Suno Not\u00edcias\",\"url\":\"https:\/\/www.suno.com.br\/noticias\/\",\"logo\":{\"@type\":\"ImageObject\",\"inLanguage\":\"pt-BR\",\"@id\":\"https:\/\/www.suno.com.br\/noticias\/#\/schema\/logo\/image\/\",\"url\":\"https:\/\/files.sunoresearch.com.br\/n\/uploads\/2021\/09\/suno-logo.png\",\"contentUrl\":\"https:\/\/files.sunoresearch.com.br\/n\/uploads\/2021\/09\/suno-logo.png\",\"width\":180,\"height\":180,\"caption\":\"Suno Not\u00edcias\"},\"image\":{\"@id\":\"https:\/\/www.suno.com.br\/noticias\/#\/schema\/logo\/image\/\"},\"sameAs\":[\"https:\/\/facebook.com\/sunoresearch\",\"https:\/\/x.com\/sunoresearch\",\"https:\/\/www.instagram.com\/suno\",\"https:\/\/www.linkedin.com\/company\/suno-research\/\",\"https:\/\/www.youtube.com\/c\/sunoresearch\"]},{\"@type\":\"Person\",\"@id\":\"https:\/\/www.suno.com.br\/noticias\/#\/schema\/person\/fc144a1c6108bd1dcd43784e88a3c138\",\"name\":\"Renan Bandeira\",\"image\":{\"@type\":\"ImageObject\",\"inLanguage\":\"pt-BR\",\"@id\":\"https:\/\/www.suno.com.br\/noticias\/#\/schema\/person\/image\/\",\"url\":\"https:\/\/secure.gravatar.com\/avatar\/68359cdb608f14f11bbefcb78f3fc747?s=96&r=g\",\"contentUrl\":\"https:\/\/secure.gravatar.com\/avatar\/68359cdb608f14f11bbefcb78f3fc747?s=96&r=g\",\"caption\":\"Renan Bandeira\"},\"description\":\"Renan Bandeira escreve sobre pol\u00edtica e economia para o portal da Suno Research. Antes da Suno, trabalhou em uma rede de televis\u00e3o, onde fazia reportagens sobre os mesmos temas. Estuda na Universidade Metodista de S\u00e3o Paulo.\",\"url\":\"https:\/\/www.suno.com.br\/noticias\/author\/renan-bandeira\/\"}]}<\/script>\n<!-- \/ Yoast SEO plugin. -->","yoast_head_json":{"title":"Ibovespa reverte baixa da abertura e opera em alta nesta sexta","description":"Ibovespa assim como o d\u00f3lar; \u00edndice \u00e9 puxado pela valoriza\u00e7\u00e3o das mineradoras ap\u00f3s dados divulgados pela China. Clique e saiba mais.","robots":{"index":"index","follow":"follow","max-snippet":"max-snippet:-1","max-image-preview":"max-image-preview:large","max-video-preview":"max-video-preview:-1"},"canonical":"https:\/\/www.suno.com.br\/noticias\/ibovespa-supera-queda\/","og_locale":"pt_BR","og_type":"article","og_title":"Ibovespa reverte baixa da abertura e opera em alta nesta sexta","og_description":"Ibovespa assim como o d\u00f3lar; \u00edndice \u00e9 puxado pela valoriza\u00e7\u00e3o das mineradoras ap\u00f3s dados divulgados pela China. Clique e saiba mais.","og_url":"https:\/\/www.suno.com.br\/noticias\/ibovespa-supera-queda\/","og_site_name":"Suno Not\u00edcias","article_publisher":"https:\/\/facebook.com\/sunoresearch","og_image":[{"width":1920,"height":1078,"url":"https:\/\/files.sunoresearch.com.br\/n\/uploads\/2018\/10\/7ae388cb-ibovespa-2.jpg","type":"image\/jpeg"}],"author":"Renan Bandeira","twitter_card":"summary_large_image","twitter_creator":"@sunoresearch","twitter_site":"@sunoresearch","twitter_misc":{"Escrito por":"Renan Bandeira","Est. tempo de leitura":"3 minutos"},"schema":{"@context":"https:\/\/schema.org","@graph":[{"@type":"NewsArticle","@id":"https:\/\/www.suno.com.br\/noticias\/ibovespa-supera-queda\/#article","isPartOf":{"@id":"https:\/\/www.suno.com.br\/noticias\/ibovespa-supera-queda\/"},"author":{"name":"Renan Bandeira","@id":"https:\/\/www.suno.com.br\/noticias\/#\/schema\/person\/fc144a1c6108bd1dcd43784e88a3c138"},"headline":"Ibovespa reverte baixa da abertura e opera em alta nesta sexta","datePublished":"2019-05-17T15:51:51+00:00","dateModified":"2019-05-17T16:01:04+00:00","mainEntityOfPage":{"@id":"https:\/\/www.suno.com.br\/noticias\/ibovespa-supera-queda\/"},"wordCount":565,"publisher":{"@id":"https:\/\/www.suno.com.br\/noticias\/#organization"},"image":{"@id":"https:\/\/www.suno.com.br\/noticias\/ibovespa-supera-queda\/#primaryimage"},"thumbnailUrl":"https:\/\/files.sunoresearch.com.br\/n\/uploads\/2018\/10\/7ae388cb-ibovespa-2-jpg.webp","keywords":["Ibovespa"],"articleSection":["Mercado"],"inLanguage":"pt-BR"},{"@type":"WebPage","@id":"https:\/\/www.suno.com.br\/noticias\/ibovespa-supera-queda\/","url":"https:\/\/www.suno.com.br\/noticias\/ibovespa-supera-queda\/","name":"Ibovespa reverte baixa da abertura e opera em alta nesta sexta","isPartOf":{"@id":"https:\/\/www.suno.com.br\/noticias\/#website"},"primaryImageOfPage":{"@id":"https:\/\/www.suno.com.br\/noticias\/ibovespa-supera-queda\/#primaryimage"},"image":{"@id":"https:\/\/www.suno.com.br\/noticias\/ibovespa-supera-queda\/#primaryimage"},"thumbnailUrl":"https:\/\/files.sunoresearch.com.br\/n\/uploads\/2018\/10\/7ae388cb-ibovespa-2-jpg.webp","datePublished":"2019-05-17T15:51:51+00:00","dateModified":"2019-05-17T16:01:04+00:00","description":"Ibovespa assim como o d\u00f3lar; \u00edndice \u00e9 puxado pela valoriza\u00e7\u00e3o das mineradoras ap\u00f3s dados divulgados pela China. Clique e saiba mais.","breadcrumb":{"@id":"https:\/\/www.suno.com.br\/noticias\/ibovespa-supera-queda\/#breadcrumb"},"inLanguage":"pt-BR","potentialAction":[{"@type":"ReadAction","target":["https:\/\/www.suno.com.br\/noticias\/ibovespa-supera-queda\/"]}]},{"@type":"ImageObject","inLanguage":"pt-BR","@id":"https:\/\/www.suno.com.br\/noticias\/ibovespa-supera-queda\/#primaryimage","url":"https:\/\/files.sunoresearch.com.br\/n\/uploads\/2018\/10\/7ae388cb-ibovespa-2-jpg.webp","contentUrl":"https:\/\/files.sunoresearch.com.br\/n\/uploads\/2018\/10\/7ae388cb-ibovespa-2-jpg.webp","width":1920,"height":1078,"caption":"O Ibovespa"},{"@type":"BreadcrumbList","@id":"https:\/\/www.suno.com.br\/noticias\/ibovespa-supera-queda\/#breadcrumb","itemListElement":[{"@type":"ListItem","position":1,"name":"Not\u00edcias","item":"https:\/\/www.suno.com.br\/noticias\/"},{"@type":"ListItem","position":2,"name":"Mercado","item":"https:\/\/www.suno.com.br\/noticias\/mercado\/"},{"@type":"ListItem","position":3,"name":"Ibovespa reverte baixa da abertura e opera em alta nesta sexta"}]},{"@type":"WebSite","@id":"https:\/\/www.suno.com.br\/noticias\/#website","url":"https:\/\/www.suno.com.br\/noticias\/","name":"Suno Not\u00edcias","description":"Seu portal de informa\u00e7\u00e3o sobre o mundo dos investimentos","publisher":{"@id":"https:\/\/www.suno.com.br\/noticias\/#organization"},"potentialAction":[{"@type":"SearchAction","target":{"@type":"EntryPoint","urlTemplate":"https:\/\/www.suno.com.br\/noticias\/?s={search_term_string}"},"query-input":{"@type":"PropertyValueSpecification","valueRequired":true,"valueName":"search_term_string"}}],"inLanguage":"pt-BR"},{"@type":"Organization","@id":"https:\/\/www.suno.com.br\/noticias\/#organization","name":"Suno Not\u00edcias","url":"https:\/\/www.suno.com.br\/noticias\/","logo":{"@type":"ImageObject","inLanguage":"pt-BR","@id":"https:\/\/www.suno.com.br\/noticias\/#\/schema\/logo\/image\/","url":"https:\/\/files.sunoresearch.com.br\/n\/uploads\/2021\/09\/suno-logo.png","contentUrl":"https:\/\/files.sunoresearch.com.br\/n\/uploads\/2021\/09\/suno-logo.png","width":180,"height":180,"caption":"Suno Not\u00edcias"},"image":{"@id":"https:\/\/www.suno.com.br\/noticias\/#\/schema\/logo\/image\/"},"sameAs":["https:\/\/facebook.com\/sunoresearch","https:\/\/x.com\/sunoresearch","https:\/\/www.instagram.com\/suno","https:\/\/www.linkedin.com\/company\/suno-research\/","https:\/\/www.youtube.com\/c\/sunoresearch"]},{"@type":"Person","@id":"https:\/\/www.suno.com.br\/noticias\/#\/schema\/person\/fc144a1c6108bd1dcd43784e88a3c138","name":"Renan Bandeira","image":{"@type":"ImageObject","inLanguage":"pt-BR","@id":"https:\/\/www.suno.com.br\/noticias\/#\/schema\/person\/image\/","url":"https:\/\/secure.gravatar.com\/avatar\/68359cdb608f14f11bbefcb78f3fc747?s=96&r=g","contentUrl":"https:\/\/secure.gravatar.com\/avatar\/68359cdb608f14f11bbefcb78f3fc747?s=96&r=g","caption":"Renan Bandeira"},"description":"Renan Bandeira escreve sobre pol\u00edtica e economia para o portal da Suno Research. Antes da Suno, trabalhou em uma rede de televis\u00e3o, onde fazia reportagens sobre os mesmos temas. Estuda na Universidade Metodista de S\u00e3o Paulo.","url":"https:\/\/www.suno.com.br\/noticias\/author\/renan-bandeira\/"}]}},"default_loop_html":"<div class=\"cardsPage__listCard__boxs\"><div class=\"cardsPage__listCard__boxs__img\"><a href=\"https:\/\/www.suno.com.br\/noticias\/ibovespa-supera-queda\/\"><img class=\"mask\" src=\"https:\/\/www.suno.com.br\/noticias\/wp-content\/themes\/suno\/resources\/images\/spotlight\/spotlight1img\/bg-mask.png\" alt=\"Image Mask\"\/><img src=\"https:\/\/files.sunoresearch.com.br\/n\/uploads\/2018\/10\/7ae388cb-ibovespa-2-400x200.webp\" alt=\"Ibovespa reverte baixa da abertura e opera em alta nesta sexta\"\/><\/a><span class=\"spotlightCategory\"><a href=\"https:\/\/www.suno.com.br\/noticias\/mercado\/\">Mercado<\/a><\/span><\/div><div class=\"cardsPage__listCard__boxs__content\"><a href=\"https:\/\/www.suno.com.br\/noticias\/ibovespa-supera-queda\/\"><h2 class=\"content__title\">Ibovespa reverte baixa da abertura e opera em alta nesta sexta<\/h2><\/a><div class=\"newsContent__article__meta\"><div class=\"newsContent__article__meta__authorBox\"><a href=\"https:\/\/www.suno.com.br\/noticias\/author\/renan-bandeira\/\" class=\"authorBox__avatar noMobi\"><img src=\"https:\/\/secure.gravatar.com\/avatar\/68359cdb608f14f11bbefcb78f3fc747?s=96&#038;r=g\" alt=\"Renan Bandeira\"><\/a><div class=\"authorBox__name\"><span>por\n\t\t\t<a href=\"https:\/\/www.suno.com.br\/noticias\/author\/renan-bandeira\/\"><span itemprop=\"author\">Renan Bandeira<\/span><\/a><\/span><time datetime=\"2019-05-17T12:51:51-03:00\" itemprop=\"datePublished\">17\/05\/2019 12:51<\/time><\/div><\/div><\/div><\/div><\/div>","single_layout":"posts","amp_enabled":true,"_links":{"self":[{"href":"https:\/\/www.suno.com.br\/noticias\/wp-json\/wp\/v2\/posts\/25014"}],"collection":[{"href":"https:\/\/www.suno.com.br\/noticias\/wp-json\/wp\/v2\/posts"}],"about":[{"href":"https:\/\/www.suno.com.br\/noticias\/wp-json\/wp\/v2\/types\/post"}],"author":[{"embeddable":true,"href":"https:\/\/www.suno.com.br\/noticias\/wp-json\/wp\/v2\/users\/11"}],"replies":[{"embeddable":true,"href":"https:\/\/www.suno.com.br\/noticias\/wp-json\/wp\/v2\/comments?post=25014"}],"version-history":[{"count":0,"href":"https:\/\/www.suno.com.br\/noticias\/wp-json\/wp\/v2\/posts\/25014\/revisions"}],"wp:featuredmedia":[{"embeddable":true,"href":"https:\/\/www.suno.com.br\/noticias\/wp-json\/wp\/v2\/media\/4749"}],"wp:attachment":[{"href":"https:\/\/www.suno.com.br\/noticias\/wp-json\/wp\/v2\/media?parent=25014"}],"wp:term":[{"taxonomy":"category","embeddable":true,"href":"https:\/\/www.suno.com.br\/noticias\/wp-json\/wp\/v2\/categories?post=25014"},{"taxonomy":"post_tag","embeddable":true,"href":"https:\/\/www.suno.com.br\/noticias\/wp-json\/wp\/v2\/tags?post=25014"},{"taxonomy":"suno_strategy","embeddable":true,"href":"https:\/\/www.suno.com.br\/noticias\/wp-json\/wp\/v2\/suno_strategy?post=25014"}],"curies":[{"name":"wp","href":"https:\/\/api.w.org\/{rel}","templated":true}]}}