{"id":250133,"date":"2022-04-12T08:38:47","date_gmt":"2022-04-12T11:38:47","guid":{"rendered":"https:\/\/www.suno.com.br\/noticias\/?p=250133"},"modified":"2022-04-12T08:38:47","modified_gmt":"2022-04-12T11:38:47","slug":"governo-divida-trilhao-tese-do-seculo","status":"publish","type":"post","link":"https:\/\/www.suno.com.br\/noticias\/governo-divida-trilhao-tese-do-seculo\/","title":{"rendered":"Governo pode ter d\u00edvida de R$ 1 trilh\u00e3o ap\u00f3s &#8216;tese do s\u00e9culo&#8217; e &#8216;meteoro dos precat\u00f3rios&#8217;"},"content":{"rendered":"<p>As d\u00edvidas do <strong>Governo<\/strong> Federal chegaram, pela primeira vez, \u00e0 casa do trilh\u00e3o. Segundo dados mais recentes do <a class=\"suno-keyword\" href=\"https:\/\/www.suno.com.br\/artigos\/ministerio-da-economia\/\" target=\"_blank\" rel=\"noopener\" data-force=\"no\" data-priority=\"3\">Minist\u00e9rio da Economia<\/a>, o impacto das futuras perdas prov\u00e1veis por conta de processos judiciais devem ter impacto de pouco mais de R$ 1 trilh\u00e3o nas contas p\u00fablicas.<\/p>\t<div class=\"wrapper-featured-image\">\n\t\t<figure class=\"spotlightImg\">\n\n\t\t\t<picture>\n\t\t\t\t<source media=\"(max-width: 768px)\" srcset=\"https:\/\/files.sunoresearch.com.br\/n\/uploads\/2021\/05\/aed6caaf-ch-stf-20150910-4-400x200.webp\">\n\t\t\t\t<img loading=\"lazy\" decoding=\"async\" class=\"newsContent__article__imgCapa lazyloadDisabled \" src=\"https:\/\/files.sunoresearch.com.br\/n\/uploads\/2021\/05\/aed6caaf-ch-stf-20150910-4-800x450.webp\" width=\"800\" height=\"450\" alt=\"Governo pode ter d\u00edvida de R$ 1 trilh\u00e3o ap\u00f3s &#8216;tese do s\u00e9culo&#8217; e &#8216;meteoro dos precat\u00f3rios&#8217;\" fetchpriority=high \/>\n\t\t\t<\/picture>\n\n\t\t\t<figcaption class=\"wp-caption-text wp-caption-text--show\">Supremo Tribunal Federal (STF) - Foto: Reprodu\u00e7\u00e3o Fotos P\u00fablicas<\/figcaption>\n\t\t<\/figure>\n\t<\/div>\n\n\n\t<p>\n\t\t<a href=\"\" target=\"_blank\" data-element=\"shortcode-suno-banner\" title=\"Banner SUNO, clique e saiba mais\">\n\t\t\t<picture>\n\t\t\t\t<source media=\"(max-width: 500px)\" srcset=\"\">\n\t\t\t\t<img class=\"newsContent__article__imgCapa newsContent__article__imgCapa--banner\"\n\t\t\t\t\tsrc=\"\"\n\t\t\t\t\tdata-promo-id=\"240038\"\t\t\t\t\t\t\t\t\t\t\t\t\t\t\talt=\"\"\n\t\t\t\t>\n\t\t\t<\/picture>\n\t\t<\/a>\n\t<\/p>\n\n\n<p>Os processos s\u00e3o classificados pelo governo em duas categorias: perda prov\u00e1vel e poss\u00edvel. Eles envolvem tanto casos com potencial para resultar em pagamentos diretos pela Uni\u00e3o (<strong>precat\u00f3rios<\/strong>) quanto processos nos quais o governo n\u00e3o pode mais cobrar imposto.<\/p>\n<p>Um processo \u00e9 classificado como perda prov\u00e1vel quando abrange a\u00e7\u00f5es nas quais j\u00e1 houve alguma decis\u00e3o colegiada desfavor\u00e1vel \u00e0 Uni\u00e3o no <a href=\"https:\/\/www.suno.com.br\/noticias\/ipi-corte-imposto-jair-bolsonaro\/\">Supremo Tribunal Federal (<strong>STF<\/strong>)<\/a>, no Superior Tribunal de Justi\u00e7a (STJ) ou no Tribunal Superior do Trabalho (TST).<\/p>\n<p>No ano passado, o ministro da Economia, <strong>Paulo Guedes<\/strong>, classificou o montante como um &#8220;meteoro&#8221; e alegou existir uma &#8220;ind\u00fastria de precat\u00f3rios&#8221; no Pa\u00eds.<\/p>\n<h2>D\u00edvida trilion\u00e1ria do governo tem forte impacto da &#8216;tese do s\u00e9culo&#8217;<\/h2>\n<p>Do R$ 1 <strong>trilh\u00e3o<\/strong> que a Uni\u00e3o prev\u00ea perder, mais da metade se refere a julgamento do <a href=\"http:\/\/www.stf.jus.br\/\">Supremo Tribunal Federal (STF)<\/a> estabelecendo que o <a href=\"https:\/\/www.suno.com.br\/noticias\/aliquota-unica-icms-preco-diesel\/\">ICMS<\/a> n\u00e3o comp\u00f5e a base de c\u00e1lculo do PIS e da Cofins, que ganhou a alcunha de &#8216;<strong>tese do s\u00e9culo<\/strong>&#8216;.<\/p>\n\t<p>\n\t\t<a href=\"https:\/\/lp.suno.com.br\/planilha-controle-gastos\/\" target=\"_blank\" data-element=\"shortcode-suno-banner\" title=\"Banner SUNO, clique e saiba mais\">\n\t\t\t<picture>\n\t\t\t\t<source media=\"(max-width: 500px)\" srcset=\"https:\/\/files.sunoresearch.com.br\/n\/uploads\/2023\/03\/400x300-Planilha-controle-de-gastos.png\">\n\t\t\t\t<img class=\"newsContent__article__imgCapa newsContent__article__imgCapa--banner\"\n\t\t\t\t\tsrc=\"https:\/\/files.sunoresearch.com.br\/n\/uploads\/2023\/03\/1420x240-Planilha-controle-de-gastos.png\"\n\t\t\t\t\tdata-promo-id=\"101751\"\t\t\t\t\t\t\t\t\t\twidth='1420' height='240'\t\t\t\t\talt=\"https:\/\/files.sunoresearch.com.br\/n\/uploads\/2023\/03\/1420x240-Planilha-controle-de-gastos.png\"\n\t\t\t\t>\n\t\t\t<\/picture>\n\t\t<\/a>\n\t<\/p>\n\n\n<p>O processo foi classificado assim por conta do impacto extremamente volumoso tanto para o governo, que deixaria de arrecadar cifras bilion\u00e1rias, quanto para as empresas, que pagariam menos impostos com o regramento atualizado retroativamente.<\/p>\n<p>O subsecret\u00e1rio de Contabilidade P\u00fablica do <a class=\"suno-keyword\" href=\"https:\/\/www.suno.com.br\/artigos\/tesouro-nacional\/\" target=\"_blank\" rel=\"noopener\" data-force=\"no\" data-priority=\"2\">Tesouro Nacional<\/a>, Heriberto Henrique Vilela do Nascimento, disse, em entrevista, que os n\u00fameros atuais preocupam e muito.<\/p>\n\t<p>\n\t\t<a href=\"https:\/\/lp.suno.com.br\/planilha-da-vida-financeira\/\" target=\"_blank\" data-element=\"shortcode-suno-banner\" title=\"Banner SUNO, clique e saiba mais\">\n\t\t\t<picture>\n\t\t\t\t<source media=\"(max-width: 500px)\" srcset=\"https:\/\/files.sunoresearch.com.br\/n\/uploads\/2023\/04\/400x300-Planilha-vida-financeira-true.png\">\n\t\t\t\t<img class=\"newsContent__article__imgCapa newsContent__article__imgCapa--banner\"\n\t\t\t\t\tsrc=\"https:\/\/files.sunoresearch.com.br\/n\/uploads\/2023\/04\/1420x240-Planilha-vida-financeira-true.png\"\n\t\t\t\t\tdata-promo-id=\"106682\"\t\t\t\t\t\t\t\t\t\twidth='1420' height='240'\t\t\t\t\talt=\"https:\/\/files.sunoresearch.com.br\/n\/uploads\/2023\/04\/1420x240-Planilha-vida-financeira-true.png\"\n\t\t\t\t>\n\t\t\t<\/picture>\n\t\t<\/a>\n\t<\/p>\n\n\n<p>&#8220;Os riscos fiscais que decis\u00f5es judiciais podem provocar nas finan\u00e7as p\u00fablicas \u00e9 um assunto extremamente relevante&#8221;, disse, sobre a poss\u00edvel\u00a0<strong>d\u00edvida<\/strong>.<\/p>\n<p>A economista Juliana Damasceno, pesquisadora do Instituto Brasileiro de Economia da Funda\u00e7\u00e3o Get\u00falio Vargas (Ibre\/FGV), afirma que os n\u00fameros das contas p\u00fablicas s\u00e3o &#8220;alarmantes&#8221;, mas observa que, desta vez, a gest\u00e3o n\u00e3o pode classific\u00e1-los como um &#8220;meteoro&#8221;, j\u00e1 que est\u00e3o cada vez mais explicitados em documentos oficiais.<\/p>\n<p>&#8220;\u00c9 preciso vis\u00e3o de <a class=\"suno-keyword\" href=\"https:\/\/www.suno.com.br\/artigos\/longo-prazo\/\" target=\"_blank\" rel=\"noopener\" data-force=\"no\" data-priority=\"1\">longo prazo<\/a> e uma governan\u00e7a equilibrada, algo que est\u00e1 em falta por aqui&#8221;, diz a especialista, sobre a d\u00edvida do <strong>governo<\/strong>.<\/p>\n<p class=\"newsProviderSignature\">Com Estad\u00e3o Conte\u00fado<\/p>\n\t<p>\n\t\t<a href=\"https:\/\/lp.suno.com.br\/ebook-como-analisar-uma-acao\/\" target=\"_blank\" data-element=\"shortcode-suno-banner\" title=\"Banner SUNO, clique e saiba mais\">\n\t\t\t<picture>\n\t\t\t\t<source media=\"(max-width: 500px)\" srcset=\"https:\/\/files.sunoresearch.com.br\/n\/uploads\/2023\/03\/Ebook-Acoes-Mobile-1.jpg\">\n\t\t\t\t<img class=\"newsContent__article__imgCapa newsContent__article__imgCapa--banner\"\n\t\t\t\t\tsrc=\"https:\/\/files.sunoresearch.com.br\/n\/uploads\/2023\/03\/Ebook-Acoes-Desktop-1.jpg\"\n\t\t\t\t\tdata-promo-id=\"171998\"\t\t\t\t\t\t\t\t\t\twidth='1420' height='286'\t\t\t\t\talt=\"https:\/\/files.sunoresearch.com.br\/n\/uploads\/2023\/03\/Ebook-Acoes-Desktop-1.jpg\"\n\t\t\t\t>\n\t\t\t<\/picture>\n\t\t<\/a>\n\t<\/p>\n\n\n","protected":false},"excerpt":{"rendered":"<p>As d\u00edvidas do Governo Federal chegaram, pela primeira vez, \u00e0 casa do trilh\u00e3o. Segundo dados mais recentes do Minist\u00e9rio da Economia, o impacto das futuras perdas prov\u00e1veis por conta de processos judiciais devem ter impacto de pouco mais de R$ 1 trilh\u00e3o nas contas p\u00fablicas. Supremo Tribunal Federal (STF) &#8211; Foto: Reprodu\u00e7\u00e3o Fotos P\u00fablicas Os [&hellip;]<\/p>\n","protected":false},"author":73,"featured_media":148337,"comment_status":"closed","ping_status":"closed","sticky":false,"template":"","format":"standard","meta":[],"categories":[61],"tags":[105816,1556,1086,704,909,785],"suno_strategy":[],"class_list":["post-250133","post","type-post","status-publish","format-standard","has-post-thumbnail","hentry","category-politica","tag-especialistas","tag-governo-federal","tag-icms","tag-impostos","tag-ministerio-da-economia","tag-supremo-tribunal-federal-stf"],"yoast_head":"<!-- This site is optimized with the Yoast SEO plugin v24.4 - https:\/\/yoast.com\/wordpress\/plugins\/seo\/ -->\n<title>Governo admite d\u00edvida de R$ 1 trilh\u00e3o ap\u00f3s &#039;tese do s\u00e9culo&#039;; entenda<\/title>\n<meta name=\"description\" content=\"Com forte impacto do julgamento do ICMS no c\u00e1lculo da base do PIS e Cofins, o Governo Federal chega \u00e0 casa do trilh\u00e3o em d\u00edvidas. Confira!\" \/>\n<meta name=\"robots\" content=\"index, follow, max-snippet:-1, max-image-preview:large, max-video-preview:-1\" \/>\n<link rel=\"canonical\" href=\"https:\/\/www.suno.com.br\/noticias\/governo-divida-trilhao-tese-do-seculo\/\" \/>\n<meta property=\"og:locale\" content=\"pt_BR\" \/>\n<meta property=\"og:type\" content=\"article\" \/>\n<meta property=\"og:title\" content=\"Governo admite d\u00edvida de R$ 1 trilh\u00e3o ap\u00f3s &#039;tese do s\u00e9culo&#039;; entenda\" \/>\n<meta property=\"og:description\" content=\"Com forte impacto do julgamento do ICMS no c\u00e1lculo da base do PIS e Cofins, o Governo Federal chega \u00e0 casa do trilh\u00e3o em d\u00edvidas. Confira!\" \/>\n<meta property=\"og:url\" content=\"https:\/\/www.suno.com.br\/noticias\/governo-divida-trilhao-tese-do-seculo\/\" \/>\n<meta property=\"og:site_name\" content=\"Suno Not\u00edcias\" \/>\n<meta property=\"article:publisher\" content=\"https:\/\/facebook.com\/sunoresearch\" \/>\n<meta property=\"og:image\" content=\"https:\/\/files.sunoresearch.com.br\/n\/uploads\/2021\/05\/aed6caaf-ch-stf-20150910-4-1024x590.jpg\" \/>\n\t<meta property=\"og:image:width\" content=\"1024\" \/>\n\t<meta property=\"og:image:height\" content=\"590\" \/>\n\t<meta property=\"og:image:type\" content=\"image\/jpeg\" \/>\n<meta name=\"author\" content=\"Eduardo Vargas\" \/>\n<meta name=\"twitter:card\" content=\"summary_large_image\" \/>\n<meta name=\"twitter:creator\" content=\"@sunoresearch\" \/>\n<meta name=\"twitter:site\" content=\"@sunoresearch\" \/>\n<meta name=\"twitter:label1\" content=\"Escrito por\" \/>\n\t<meta name=\"twitter:data1\" content=\"Eduardo Vargas\" \/>\n\t<meta name=\"twitter:label2\" content=\"Est. tempo de leitura\" \/>\n\t<meta name=\"twitter:data2\" content=\"2 minutos\" \/>\n<script type=\"application\/ld+json\" class=\"yoast-schema-graph\">{\"@context\":\"https:\/\/schema.org\",\"@graph\":[{\"@type\":\"NewsArticle\",\"@id\":\"https:\/\/www.suno.com.br\/noticias\/governo-divida-trilhao-tese-do-seculo\/#article\",\"isPartOf\":{\"@id\":\"https:\/\/www.suno.com.br\/noticias\/governo-divida-trilhao-tese-do-seculo\/\"},\"author\":{\"name\":\"Eduardo Vargas\",\"@id\":\"https:\/\/www.suno.com.br\/noticias\/#\/schema\/person\/7f4d362bf3518e76090143ae77bb49a5\"},\"headline\":\"Governo pode ter d\u00edvida de R$ 1 trilh\u00e3o ap\u00f3s &#8216;tese do s\u00e9culo&#8217; e &#8216;meteoro dos precat\u00f3rios&#8217;\",\"datePublished\":\"2022-04-12T11:38:47+00:00\",\"mainEntityOfPage\":{\"@id\":\"https:\/\/www.suno.com.br\/noticias\/governo-divida-trilhao-tese-do-seculo\/\"},\"wordCount\":432,\"publisher\":{\"@id\":\"https:\/\/www.suno.com.br\/noticias\/#organization\"},\"image\":{\"@id\":\"https:\/\/www.suno.com.br\/noticias\/governo-divida-trilhao-tese-do-seculo\/#primaryimage\"},\"thumbnailUrl\":\"https:\/\/files.sunoresearch.com.br\/n\/uploads\/2021\/05\/aed6caaf-ch-stf-20150910-4-jpg.webp\",\"keywords\":[\"Especialistas\",\"governo federal\",\"ICMS\",\"impostos\",\"Minist\u00e9rio da Economia\",\"Supremo Tribunal Federal (STF)\"],\"articleSection\":[\"Pol\u00edtica\"],\"inLanguage\":\"pt-BR\"},{\"@type\":\"WebPage\",\"@id\":\"https:\/\/www.suno.com.br\/noticias\/governo-divida-trilhao-tese-do-seculo\/\",\"url\":\"https:\/\/www.suno.com.br\/noticias\/governo-divida-trilhao-tese-do-seculo\/\",\"name\":\"Governo admite d\u00edvida de R$ 1 trilh\u00e3o ap\u00f3s 'tese do s\u00e9culo'; entenda\",\"isPartOf\":{\"@id\":\"https:\/\/www.suno.com.br\/noticias\/#website\"},\"primaryImageOfPage\":{\"@id\":\"https:\/\/www.suno.com.br\/noticias\/governo-divida-trilhao-tese-do-seculo\/#primaryimage\"},\"image\":{\"@id\":\"https:\/\/www.suno.com.br\/noticias\/governo-divida-trilhao-tese-do-seculo\/#primaryimage\"},\"thumbnailUrl\":\"https:\/\/files.sunoresearch.com.br\/n\/uploads\/2021\/05\/aed6caaf-ch-stf-20150910-4-jpg.webp\",\"datePublished\":\"2022-04-12T11:38:47+00:00\",\"description\":\"Com forte impacto do julgamento do ICMS no c\u00e1lculo da base do PIS e Cofins, o Governo Federal chega \u00e0 casa do trilh\u00e3o em d\u00edvidas. Confira!\",\"breadcrumb\":{\"@id\":\"https:\/\/www.suno.com.br\/noticias\/governo-divida-trilhao-tese-do-seculo\/#breadcrumb\"},\"inLanguage\":\"pt-BR\",\"potentialAction\":[{\"@type\":\"ReadAction\",\"target\":[\"https:\/\/www.suno.com.br\/noticias\/governo-divida-trilhao-tese-do-seculo\/\"]}]},{\"@type\":\"ImageObject\",\"inLanguage\":\"pt-BR\",\"@id\":\"https:\/\/www.suno.com.br\/noticias\/governo-divida-trilhao-tese-do-seculo\/#primaryimage\",\"url\":\"https:\/\/files.sunoresearch.com.br\/n\/uploads\/2021\/05\/aed6caaf-ch-stf-20150910-4-jpg.webp\",\"contentUrl\":\"https:\/\/files.sunoresearch.com.br\/n\/uploads\/2021\/05\/aed6caaf-ch-stf-20150910-4-jpg.webp\",\"width\":2000,\"height\":1152,\"caption\":\"Supremo Tribunal Federal (STF) - Foto: Reprodu\u00e7\u00e3o Fotos P\u00fablicas\"},{\"@type\":\"BreadcrumbList\",\"@id\":\"https:\/\/www.suno.com.br\/noticias\/governo-divida-trilhao-tese-do-seculo\/#breadcrumb\",\"itemListElement\":[{\"@type\":\"ListItem\",\"position\":1,\"name\":\"Not\u00edcias\",\"item\":\"https:\/\/www.suno.com.br\/noticias\/\"},{\"@type\":\"ListItem\",\"position\":2,\"name\":\"Pol\u00edtica\",\"item\":\"https:\/\/www.suno.com.br\/noticias\/politica\/\"},{\"@type\":\"ListItem\",\"position\":3,\"name\":\"Governo pode ter d\u00edvida de R$ 1 trilh\u00e3o ap\u00f3s &#8216;tese do s\u00e9culo&#8217; e &#8216;meteoro dos precat\u00f3rios&#8217;\"}]},{\"@type\":\"WebSite\",\"@id\":\"https:\/\/www.suno.com.br\/noticias\/#website\",\"url\":\"https:\/\/www.suno.com.br\/noticias\/\",\"name\":\"Suno Not\u00edcias\",\"description\":\"Seu portal de informa\u00e7\u00e3o sobre o mundo dos investimentos\",\"publisher\":{\"@id\":\"https:\/\/www.suno.com.br\/noticias\/#organization\"},\"potentialAction\":[{\"@type\":\"SearchAction\",\"target\":{\"@type\":\"EntryPoint\",\"urlTemplate\":\"https:\/\/www.suno.com.br\/noticias\/?s={search_term_string}\"},\"query-input\":{\"@type\":\"PropertyValueSpecification\",\"valueRequired\":true,\"valueName\":\"search_term_string\"}}],\"inLanguage\":\"pt-BR\"},{\"@type\":\"Organization\",\"@id\":\"https:\/\/www.suno.com.br\/noticias\/#organization\",\"name\":\"Suno Not\u00edcias\",\"url\":\"https:\/\/www.suno.com.br\/noticias\/\",\"logo\":{\"@type\":\"ImageObject\",\"inLanguage\":\"pt-BR\",\"@id\":\"https:\/\/www.suno.com.br\/noticias\/#\/schema\/logo\/image\/\",\"url\":\"https:\/\/files.sunoresearch.com.br\/n\/uploads\/2021\/09\/suno-logo.png\",\"contentUrl\":\"https:\/\/files.sunoresearch.com.br\/n\/uploads\/2021\/09\/suno-logo.png\",\"width\":180,\"height\":180,\"caption\":\"Suno Not\u00edcias\"},\"image\":{\"@id\":\"https:\/\/www.suno.com.br\/noticias\/#\/schema\/logo\/image\/\"},\"sameAs\":[\"https:\/\/facebook.com\/sunoresearch\",\"https:\/\/x.com\/sunoresearch\",\"https:\/\/www.instagram.com\/suno\",\"https:\/\/www.linkedin.com\/company\/suno-research\/\",\"https:\/\/www.youtube.com\/c\/sunoresearch\"]},{\"@type\":\"Person\",\"@id\":\"https:\/\/www.suno.com.br\/noticias\/#\/schema\/person\/7f4d362bf3518e76090143ae77bb49a5\",\"name\":\"Eduardo Vargas\",\"image\":{\"@type\":\"ImageObject\",\"inLanguage\":\"pt-BR\",\"@id\":\"https:\/\/www.suno.com.br\/noticias\/#\/schema\/person\/image\/\",\"url\":\"https:\/\/secure.gravatar.com\/avatar\/dac340933427a22924c9f99d1eb2e3f2?s=96&r=g\",\"contentUrl\":\"https:\/\/secure.gravatar.com\/avatar\/dac340933427a22924c9f99d1eb2e3f2?s=96&r=g\",\"caption\":\"Eduardo Vargas\"},\"description\":\"Jornalista formado pela UFSC, cobre macroeconomia, neg\u00f3cios e startups para o Suno Not\u00edcias, escrevendo principalmente not\u00edcias sobre o mercado financeiro e a bolsa de valores. No YouTube e no Instagram, \u00e9 respons\u00e1vel pela produ\u00e7\u00e3o de Reels e Shorts do Suno Not\u00edcias. Anteriormente, trabalhou cobrindo economia e cotidiano no ND+ e para o ND, maior jornal impresso de Santa Catarina. Cursou um semestre letivo de Estudos de M\u00eddia na Universidad de Buenos Aires.\",\"url\":\"https:\/\/www.suno.com.br\/noticias\/author\/eduardo-vargas\/\"}]}<\/script>\n<!-- \/ Yoast SEO plugin. -->","yoast_head_json":{"title":"Governo admite d\u00edvida de R$ 1 trilh\u00e3o ap\u00f3s 'tese do s\u00e9culo'; entenda","description":"Com forte impacto do julgamento do ICMS no c\u00e1lculo da base do PIS e Cofins, o Governo Federal chega \u00e0 casa do trilh\u00e3o em d\u00edvidas. Confira!","robots":{"index":"index","follow":"follow","max-snippet":"max-snippet:-1","max-image-preview":"max-image-preview:large","max-video-preview":"max-video-preview:-1"},"canonical":"https:\/\/www.suno.com.br\/noticias\/governo-divida-trilhao-tese-do-seculo\/","og_locale":"pt_BR","og_type":"article","og_title":"Governo admite d\u00edvida de R$ 1 trilh\u00e3o ap\u00f3s 'tese do s\u00e9culo'; entenda","og_description":"Com forte impacto do julgamento do ICMS no c\u00e1lculo da base do PIS e Cofins, o Governo Federal chega \u00e0 casa do trilh\u00e3o em d\u00edvidas. Confira!","og_url":"https:\/\/www.suno.com.br\/noticias\/governo-divida-trilhao-tese-do-seculo\/","og_site_name":"Suno Not\u00edcias","article_publisher":"https:\/\/facebook.com\/sunoresearch","og_image":[{"width":1024,"height":590,"url":"https:\/\/files.sunoresearch.com.br\/n\/uploads\/2021\/05\/aed6caaf-ch-stf-20150910-4-1024x590.jpg","type":"image\/jpeg"}],"author":"Eduardo Vargas","twitter_card":"summary_large_image","twitter_creator":"@sunoresearch","twitter_site":"@sunoresearch","twitter_misc":{"Escrito por":"Eduardo Vargas","Est. tempo de leitura":"2 minutos"},"schema":{"@context":"https:\/\/schema.org","@graph":[{"@type":"NewsArticle","@id":"https:\/\/www.suno.com.br\/noticias\/governo-divida-trilhao-tese-do-seculo\/#article","isPartOf":{"@id":"https:\/\/www.suno.com.br\/noticias\/governo-divida-trilhao-tese-do-seculo\/"},"author":{"name":"Eduardo Vargas","@id":"https:\/\/www.suno.com.br\/noticias\/#\/schema\/person\/7f4d362bf3518e76090143ae77bb49a5"},"headline":"Governo pode ter d\u00edvida de R$ 1 trilh\u00e3o ap\u00f3s &#8216;tese do s\u00e9culo&#8217; e &#8216;meteoro dos precat\u00f3rios&#8217;","datePublished":"2022-04-12T11:38:47+00:00","mainEntityOfPage":{"@id":"https:\/\/www.suno.com.br\/noticias\/governo-divida-trilhao-tese-do-seculo\/"},"wordCount":432,"publisher":{"@id":"https:\/\/www.suno.com.br\/noticias\/#organization"},"image":{"@id":"https:\/\/www.suno.com.br\/noticias\/governo-divida-trilhao-tese-do-seculo\/#primaryimage"},"thumbnailUrl":"https:\/\/files.sunoresearch.com.br\/n\/uploads\/2021\/05\/aed6caaf-ch-stf-20150910-4-jpg.webp","keywords":["Especialistas","governo federal","ICMS","impostos","Minist\u00e9rio da Economia","Supremo Tribunal Federal (STF)"],"articleSection":["Pol\u00edtica"],"inLanguage":"pt-BR"},{"@type":"WebPage","@id":"https:\/\/www.suno.com.br\/noticias\/governo-divida-trilhao-tese-do-seculo\/","url":"https:\/\/www.suno.com.br\/noticias\/governo-divida-trilhao-tese-do-seculo\/","name":"Governo admite d\u00edvida de R$ 1 trilh\u00e3o ap\u00f3s 'tese do s\u00e9culo'; entenda","isPartOf":{"@id":"https:\/\/www.suno.com.br\/noticias\/#website"},"primaryImageOfPage":{"@id":"https:\/\/www.suno.com.br\/noticias\/governo-divida-trilhao-tese-do-seculo\/#primaryimage"},"image":{"@id":"https:\/\/www.suno.com.br\/noticias\/governo-divida-trilhao-tese-do-seculo\/#primaryimage"},"thumbnailUrl":"https:\/\/files.sunoresearch.com.br\/n\/uploads\/2021\/05\/aed6caaf-ch-stf-20150910-4-jpg.webp","datePublished":"2022-04-12T11:38:47+00:00","description":"Com forte impacto do julgamento do ICMS no c\u00e1lculo da base do PIS e Cofins, o Governo Federal chega \u00e0 casa do trilh\u00e3o em d\u00edvidas. Confira!","breadcrumb":{"@id":"https:\/\/www.suno.com.br\/noticias\/governo-divida-trilhao-tese-do-seculo\/#breadcrumb"},"inLanguage":"pt-BR","potentialAction":[{"@type":"ReadAction","target":["https:\/\/www.suno.com.br\/noticias\/governo-divida-trilhao-tese-do-seculo\/"]}]},{"@type":"ImageObject","inLanguage":"pt-BR","@id":"https:\/\/www.suno.com.br\/noticias\/governo-divida-trilhao-tese-do-seculo\/#primaryimage","url":"https:\/\/files.sunoresearch.com.br\/n\/uploads\/2021\/05\/aed6caaf-ch-stf-20150910-4-jpg.webp","contentUrl":"https:\/\/files.sunoresearch.com.br\/n\/uploads\/2021\/05\/aed6caaf-ch-stf-20150910-4-jpg.webp","width":2000,"height":1152,"caption":"Supremo Tribunal Federal (STF) - Foto: Reprodu\u00e7\u00e3o Fotos P\u00fablicas"},{"@type":"BreadcrumbList","@id":"https:\/\/www.suno.com.br\/noticias\/governo-divida-trilhao-tese-do-seculo\/#breadcrumb","itemListElement":[{"@type":"ListItem","position":1,"name":"Not\u00edcias","item":"https:\/\/www.suno.com.br\/noticias\/"},{"@type":"ListItem","position":2,"name":"Pol\u00edtica","item":"https:\/\/www.suno.com.br\/noticias\/politica\/"},{"@type":"ListItem","position":3,"name":"Governo pode ter d\u00edvida de R$ 1 trilh\u00e3o ap\u00f3s &#8216;tese do s\u00e9culo&#8217; e &#8216;meteoro dos precat\u00f3rios&#8217;"}]},{"@type":"WebSite","@id":"https:\/\/www.suno.com.br\/noticias\/#website","url":"https:\/\/www.suno.com.br\/noticias\/","name":"Suno Not\u00edcias","description":"Seu portal de informa\u00e7\u00e3o sobre o mundo dos investimentos","publisher":{"@id":"https:\/\/www.suno.com.br\/noticias\/#organization"},"potentialAction":[{"@type":"SearchAction","target":{"@type":"EntryPoint","urlTemplate":"https:\/\/www.suno.com.br\/noticias\/?s={search_term_string}"},"query-input":{"@type":"PropertyValueSpecification","valueRequired":true,"valueName":"search_term_string"}}],"inLanguage":"pt-BR"},{"@type":"Organization","@id":"https:\/\/www.suno.com.br\/noticias\/#organization","name":"Suno Not\u00edcias","url":"https:\/\/www.suno.com.br\/noticias\/","logo":{"@type":"ImageObject","inLanguage":"pt-BR","@id":"https:\/\/www.suno.com.br\/noticias\/#\/schema\/logo\/image\/","url":"https:\/\/files.sunoresearch.com.br\/n\/uploads\/2021\/09\/suno-logo.png","contentUrl":"https:\/\/files.sunoresearch.com.br\/n\/uploads\/2021\/09\/suno-logo.png","width":180,"height":180,"caption":"Suno Not\u00edcias"},"image":{"@id":"https:\/\/www.suno.com.br\/noticias\/#\/schema\/logo\/image\/"},"sameAs":["https:\/\/facebook.com\/sunoresearch","https:\/\/x.com\/sunoresearch","https:\/\/www.instagram.com\/suno","https:\/\/www.linkedin.com\/company\/suno-research\/","https:\/\/www.youtube.com\/c\/sunoresearch"]},{"@type":"Person","@id":"https:\/\/www.suno.com.br\/noticias\/#\/schema\/person\/7f4d362bf3518e76090143ae77bb49a5","name":"Eduardo Vargas","image":{"@type":"ImageObject","inLanguage":"pt-BR","@id":"https:\/\/www.suno.com.br\/noticias\/#\/schema\/person\/image\/","url":"https:\/\/secure.gravatar.com\/avatar\/dac340933427a22924c9f99d1eb2e3f2?s=96&r=g","contentUrl":"https:\/\/secure.gravatar.com\/avatar\/dac340933427a22924c9f99d1eb2e3f2?s=96&r=g","caption":"Eduardo Vargas"},"description":"Jornalista formado pela UFSC, cobre macroeconomia, neg\u00f3cios e startups para o Suno Not\u00edcias, escrevendo principalmente not\u00edcias sobre o mercado financeiro e a bolsa de valores. No YouTube e no Instagram, \u00e9 respons\u00e1vel pela produ\u00e7\u00e3o de Reels e Shorts do Suno Not\u00edcias. Anteriormente, trabalhou cobrindo economia e cotidiano no ND+ e para o ND, maior jornal impresso de Santa Catarina. Cursou um semestre letivo de Estudos de M\u00eddia na Universidad de Buenos Aires.","url":"https:\/\/www.suno.com.br\/noticias\/author\/eduardo-vargas\/"}]}},"default_loop_html":"<div class=\"cardsPage__listCard__boxs\"><div class=\"cardsPage__listCard__boxs__img\"><a href=\"https:\/\/www.suno.com.br\/noticias\/governo-divida-trilhao-tese-do-seculo\/\"><img class=\"mask\" src=\"https:\/\/www.suno.com.br\/noticias\/wp-content\/themes\/suno\/resources\/images\/spotlight\/spotlight1img\/bg-mask.png\" alt=\"Image Mask\"\/><img src=\"https:\/\/files.sunoresearch.com.br\/n\/uploads\/2021\/05\/aed6caaf-ch-stf-20150910-4-400x200.webp\" alt=\"Governo pode ter d\u00edvida de R$ 1 trilh\u00e3o ap\u00f3s &#8216;tese do s\u00e9culo&#8217; e &#8216;meteoro dos precat\u00f3rios&#8217;\"\/><\/a><span class=\"spotlightCategory\"><a href=\"https:\/\/www.suno.com.br\/noticias\/politica\/\">Pol\u00edtica<\/a><\/span><\/div><div class=\"cardsPage__listCard__boxs__content\"><a href=\"https:\/\/www.suno.com.br\/noticias\/governo-divida-trilhao-tese-do-seculo\/\"><h2 class=\"content__title\">Governo pode ter d\u00edvida de R$ 1 trilh\u00e3o ap\u00f3s &#8216;tese do s\u00e9culo&#8217; e &#8216;meteoro dos precat\u00f3rios&#8217;<\/h2><\/a><div class=\"newsContent__article__meta\"><div class=\"newsContent__article__meta__authorBox\"><a href=\"https:\/\/www.suno.com.br\/noticias\/author\/eduardo-vargas\/\" class=\"authorBox__avatar noMobi\"><img src=\"https:\/\/secure.gravatar.com\/avatar\/dac340933427a22924c9f99d1eb2e3f2?s=96&#038;r=g\" alt=\"Eduardo Vargas\"><\/a><div class=\"authorBox__name\"><span>por\n\t\t\t<a href=\"https:\/\/www.suno.com.br\/noticias\/author\/eduardo-vargas\/\"><span itemprop=\"author\">Eduardo Vargas<\/span><\/a><\/span><time datetime=\"2022-04-12T08:38:47-03:00\" itemprop=\"datePublished\">12\/04\/2022 08:38<\/time><\/div><\/div><\/div><\/div><\/div>","single_layout":"posts","amp_enabled":true,"_links":{"self":[{"href":"https:\/\/www.suno.com.br\/noticias\/wp-json\/wp\/v2\/posts\/250133"}],"collection":[{"href":"https:\/\/www.suno.com.br\/noticias\/wp-json\/wp\/v2\/posts"}],"about":[{"href":"https:\/\/www.suno.com.br\/noticias\/wp-json\/wp\/v2\/types\/post"}],"author":[{"embeddable":true,"href":"https:\/\/www.suno.com.br\/noticias\/wp-json\/wp\/v2\/users\/73"}],"replies":[{"embeddable":true,"href":"https:\/\/www.suno.com.br\/noticias\/wp-json\/wp\/v2\/comments?post=250133"}],"version-history":[{"count":3,"href":"https:\/\/www.suno.com.br\/noticias\/wp-json\/wp\/v2\/posts\/250133\/revisions"}],"predecessor-version":[{"id":250144,"href":"https:\/\/www.suno.com.br\/noticias\/wp-json\/wp\/v2\/posts\/250133\/revisions\/250144"}],"wp:featuredmedia":[{"embeddable":true,"href":"https:\/\/www.suno.com.br\/noticias\/wp-json\/wp\/v2\/media\/148337"}],"wp:attachment":[{"href":"https:\/\/www.suno.com.br\/noticias\/wp-json\/wp\/v2\/media?parent=250133"}],"wp:term":[{"taxonomy":"category","embeddable":true,"href":"https:\/\/www.suno.com.br\/noticias\/wp-json\/wp\/v2\/categories?post=250133"},{"taxonomy":"post_tag","embeddable":true,"href":"https:\/\/www.suno.com.br\/noticias\/wp-json\/wp\/v2\/tags?post=250133"},{"taxonomy":"suno_strategy","embeddable":true,"href":"https:\/\/www.suno.com.br\/noticias\/wp-json\/wp\/v2\/suno_strategy?post=250133"}],"curies":[{"name":"wp","href":"https:\/\/api.w.org\/{rel}","templated":true}]}}