{"id":250052,"date":"2022-04-11T20:26:01","date_gmt":"2022-04-11T23:26:01","guid":{"rendered":"https:\/\/www.suno.com.br\/noticias\/?p=250052"},"modified":"2022-04-11T20:26:01","modified_gmt":"2022-04-11T23:26:01","slug":"infracommerce-ifcm3-despenca-entenda-motivos","status":"publish","type":"post","link":"https:\/\/www.suno.com.br\/noticias\/infracommerce-ifcm3-despenca-entenda-motivos\/","title":{"rendered":"A\u00e7\u00f5es da Infracommerce (IFCM3) caem 8% no dia; veja os motivos"},"content":{"rendered":"<p>As a\u00e7\u00f5es do\u00a0<strong>Infracommerce<\/strong> (IFCM3) ca\u00edram 8,18%, para R$ 10,22, nesta segunda-feira (11). A rea\u00e7\u00e3o do mercado vem ap\u00f3s a divulga\u00e7\u00e3o de um novo plano de <a class=\"suno-keyword\" href=\"https:\/\/www.suno.com.br\/artigos\/opcoes-de-acoes\/\" target=\"_blank\" rel=\"noopener\" data-force=\"no\" data-priority=\"1\">op\u00e7\u00f5es de a\u00e7\u00f5es<\/a> e remunera\u00e7\u00e3o dos s\u00f3cios.<\/p>\t<div class=\"wrapper-featured-image\">\n\t\t<figure class=\"spotlightImg\">\n\n\t\t\t<picture>\n\t\t\t\t<source media=\"(max-width: 768px)\" srcset=\"https:\/\/files.sunoresearch.com.br\/n\/uploads\/2022\/01\/infracommerce-1-400x200.jpg\">\n\t\t\t\t<img loading=\"lazy\" decoding=\"async\" class=\"newsContent__article__imgCapa lazyloadDisabled \" src=\"https:\/\/files.sunoresearch.com.br\/n\/uploads\/2022\/01\/infracommerce-1-800x450.jpg\" width=\"800\" height=\"450\" alt=\"A\u00e7\u00f5es da Infracommerce (IFCM3) caem 8% no dia; veja os motivos\" fetchpriority=high \/>\n\t\t\t<\/picture>\n\n\t\t\t<figcaption class=\"wp-caption-text wp-caption-text--show\">Infracommerce (IFCM3) anuncia que pretende realizar follow-on. Cr\u00e9ditos: Divulga\u00e7\u00e3o<\/figcaption>\n\t\t<\/figure>\n\t<\/div>\n\n\n\t<p>\n\t\t<a href=\"\" target=\"_blank\" data-element=\"shortcode-suno-banner\" title=\"Banner SUNO, clique e saiba mais\">\n\t\t\t<picture>\n\t\t\t\t<source media=\"(max-width: 500px)\" srcset=\"\">\n\t\t\t\t<img class=\"newsContent__article__imgCapa newsContent__article__imgCapa--banner\"\n\t\t\t\t\tsrc=\"\"\n\t\t\t\t\tdata-promo-id=\"138420\"\t\t\t\t\t\t\t\t\t\t\t\t\t\t\talt=\"\"\n\t\t\t\t>\n\t\t\t<\/picture>\n\t\t<\/a>\n\t<\/p>\n\n\n<p>Em edital para uma assembleia de acionistas que ser\u00e1 feita em 28 de abril, a Infracommerce adicionou a delibera\u00e7\u00e3o sobre um novo <strong>plano de op\u00e7\u00f5es de a\u00e7\u00f5es<\/strong>. Apesar de ser praxe no mercado financeiro, a pauta acendeu alerta a investidores e analistas.<\/p>\n<p>O <a class=\"suno-keyword\" href=\"https:\/\/www.suno.com.br\/acoes\/BPAC11\/\" target=\"_blank\" rel=\"noopener\" data-force=\"yes\" data-priority=\"2\"><strong>BTG Pactual<\/strong> (BPAC11)<\/a> divulgou nesta segunda um relat\u00f3rio comentando os <strong>planos da Infracommerce. <\/strong>O texto afirma que a decis\u00e3o foi um \u201cchoque\u201d para os investidores, afetando o desempenho recente das a\u00e7\u00f5es &#8212; que acumulam queda de 28,03% nos \u00faltimos cinco dias.<\/p>\n<h2>O plano original da Infracommerce<\/h2>\n<p>O plano de <strong>op\u00e7\u00f5es de a\u00e7\u00f5es<\/strong> original do Infracommerce j\u00e1 havia gerado discuss\u00e3o na \u00e9poca do <strong>IPO<\/strong>. Antes da <strong>oferta inicial na Bolsa<\/strong>, a empresa havia divulgado um plano de op\u00e7\u00f5es de a\u00e7\u00f5es que previa a emiss\u00e3o de at\u00e9 37.576.261 op\u00e7\u00f5es, representando 20,5% do total de a\u00e7\u00f5es pr\u00e9-money da empresa. Ao pre\u00e7o de IPO de R$ 16, o plano somaria R$ 603 milh\u00f5es.<\/p>\n\t<p>\n\t\t<a href=\"https:\/\/lp.suno.com.br\/planilha-controle-gastos\/\" target=\"_blank\" data-element=\"shortcode-suno-banner\" title=\"Banner SUNO, clique e saiba mais\">\n\t\t\t<picture>\n\t\t\t\t<source media=\"(max-width: 500px)\" srcset=\"https:\/\/files.sunoresearch.com.br\/n\/uploads\/2023\/03\/400x300-Planilha-controle-de-gastos.png\">\n\t\t\t\t<img class=\"newsContent__article__imgCapa newsContent__article__imgCapa--banner\"\n\t\t\t\t\tsrc=\"https:\/\/files.sunoresearch.com.br\/n\/uploads\/2023\/03\/1420x240-Planilha-controle-de-gastos.png\"\n\t\t\t\t\tdata-promo-id=\"101751\"\t\t\t\t\t\t\t\t\t\twidth='1420' height='240'\t\t\t\t\talt=\"https:\/\/files.sunoresearch.com.br\/n\/uploads\/2023\/03\/1420x240-Planilha-controle-de-gastos.png\"\n\t\t\t\t>\n\t\t\t<\/picture>\n\t\t<\/a>\n\t<\/p>\n\n\n<p>A estrat\u00e9gia inicialmente anunciada pela companhia trazia uma grande dilui\u00e7\u00e3o impl\u00edcita, de acordo com analistas do banco de investimentos. Com a maioria das op\u00e7\u00f5es sendo adquirida de forma relativamente r\u00e1pida, em conjunto ao pre\u00e7o variando entre R$ 0,43 e R$ 1,44, claramente inferior ao pre\u00e7o do IPO (R$ 16), a maioria dos investidores e analistas escolheu construir modelos de contagem de a\u00e7\u00f5es totalmente dilu\u00eddas, incluindo o BTG.<\/p>\n<p>\u201cDesde o IPO, que ocorreu em maio de 2021, 16,7 milh\u00f5es das 37,6 milh\u00f5es de op\u00e7\u00f5es (44%) foram exercidas. Ainda h\u00e1 uma dilui\u00e7\u00e3o potencial adicional de 20,9 milh\u00f5es de a\u00e7\u00f5es, com praticamente todas essas op\u00e7\u00f5es sendo adquiridas nos pr\u00f3ximos 23 meses. Esse volume de 20,9 milh\u00f5es de a\u00e7\u00f5es representa 7,4% da atual contagem de a\u00e7\u00f5es da empresa. Mais uma vez, \u00e9 importante destacar que j\u00e1 se trabalha com um modelo totalmente dilu\u00eddo\u201d, afirma o relat\u00f3rio.<\/p>\n<h2>Momento atual da empresa<\/h2>\n<p>Samuel Sampaio, <a class=\"suno-keyword\" href=\"https:\/\/www.suno.com.br\/artigos\/assessor-de-investimentos\/\" target=\"_blank\" rel=\"noopener\" data-force=\"no\" data-priority=\"1\">assessor de investimentos<\/a> da <strong>3A Investimentos<\/strong>, afirma que, durante o per\u00edodo de IPO da empresa na bolsa, a escolha foi partir para uma estrat\u00e9gia de crescimento muito agressiva: comprando concorrentes, empresas que agregariam para o ecossistema digital da Infracommerce, aumentaria-se a sinergia dentro do ambiente de nicho dentro da atua\u00e7\u00e3o deles.<\/p>\n\t<p>\n\t\t<a href=\"https:\/\/lp.suno.com.br\/planilha-da-vida-financeira\/\" target=\"_blank\" data-element=\"shortcode-suno-banner\" title=\"Banner SUNO, clique e saiba mais\">\n\t\t\t<picture>\n\t\t\t\t<source media=\"(max-width: 500px)\" srcset=\"https:\/\/files.sunoresearch.com.br\/n\/uploads\/2023\/04\/400x300-Planilha-vida-financeira-true.png\">\n\t\t\t\t<img class=\"newsContent__article__imgCapa newsContent__article__imgCapa--banner\"\n\t\t\t\t\tsrc=\"https:\/\/files.sunoresearch.com.br\/n\/uploads\/2023\/04\/1420x240-Planilha-vida-financeira-true.png\"\n\t\t\t\t\tdata-promo-id=\"106682\"\t\t\t\t\t\t\t\t\t\twidth='1420' height='240'\t\t\t\t\talt=\"https:\/\/files.sunoresearch.com.br\/n\/uploads\/2023\/04\/1420x240-Planilha-vida-financeira-true.png\"\n\t\t\t\t>\n\t\t\t<\/picture>\n\t\t<\/a>\n\t<\/p>\n\n\n<p>&#8220;O plano de remunera\u00e7\u00e3o dos s\u00f3cios j\u00e1 era considerado muito arrojado na \u00e9poca do IPO, mas passou batido, at\u00e9 mesmo pelo contexto do primeiro semestre de 2021, com horizonte mais limpo, mais evidenciado&#8221;, disse o assessor. Sampaio destaca ainda que a empresa estava capitalizada, portanto n\u00e3o levantava tantos alertas assim.<\/p>\n<p>Agora, a alta dos juros, em curva longa, &#8220;j\u00e1 traz um impacto muito grande nessas empresas que t\u00eam no seu <em>valuation<\/em> muita perpetuidade&#8221;, afirmou o assessor. Ele ressalta que qualquer desconto nas taxas j\u00e1 impacta muito e qualquer <a class=\"suno-keyword\" href=\"https:\/\/www.suno.com.br\/artigos\/custo-de-capital\/\" target=\"_blank\" rel=\"noopener\" data-force=\"no\" data-priority=\"1\">custo de capital<\/a> \u00e9 muito s\u00e9rio para empresas desse tipo, principalmente na hora da an\u00e1lise formal do <a class=\"suno-keyword\" href=\"https:\/\/www.suno.com.br\/artigos\/fluxo-de-caixa-descontado\/\" target=\"_blank\" rel=\"noopener\" data-force=\"no\" data-priority=\"1\">fluxo de caixa descontado<\/a>.<\/p>\n\t<p>\n\t\t<a href=\"https:\/\/lp.suno.com.br\/ebook-como-analisar-uma-acao\/\" target=\"_blank\" data-element=\"shortcode-suno-banner\" title=\"Banner SUNO, clique e saiba mais\">\n\t\t\t<picture>\n\t\t\t\t<source media=\"(max-width: 500px)\" srcset=\"https:\/\/files.sunoresearch.com.br\/n\/uploads\/2023\/03\/Ebook-Acoes-Mobile-1.jpg\">\n\t\t\t\t<img class=\"newsContent__article__imgCapa newsContent__article__imgCapa--banner\"\n\t\t\t\t\tsrc=\"https:\/\/files.sunoresearch.com.br\/n\/uploads\/2023\/03\/Ebook-Acoes-Desktop-1.jpg\"\n\t\t\t\t\tdata-promo-id=\"171998\"\t\t\t\t\t\t\t\t\t\twidth='1420' height='286'\t\t\t\t\talt=\"https:\/\/files.sunoresearch.com.br\/n\/uploads\/2023\/03\/Ebook-Acoes-Desktop-1.jpg\"\n\t\t\t\t>\n\t\t\t<\/picture>\n\t\t<\/a>\n\t<\/p>\n\n\n<p>&#8220;Essa not\u00edcia foi um gatilho, ao levantar um sinal amarelo na governan\u00e7a, o que pode complicar o que vier agora em uma companhia que est\u00e1 gastando muito e n\u00e3o deveria estar fazendo isso com os pr\u00f3prios s\u00f3cios nesse momento. A estrat\u00e9gia de expans\u00e3o adotada consome muito capital, comprando outras empresas&#8221;, explicou Samuel.<\/p>\n<p>O novo plano estabelece um n\u00famero m\u00e1ximo de a\u00e7\u00f5es, caso sejam exercidas todas as op\u00e7\u00f5es outorgadas, de 15.732.677 (5,6% da atual contagem de a\u00e7\u00f5es). O pre\u00e7o de exerc\u00edcio ser\u00e1 decidido pelo Conselho de Administra\u00e7\u00e3o e ter\u00e1 base no pre\u00e7o m\u00e9dio das <strong>a\u00e7\u00f5es da Infracommerce<\/strong>, em prazo determinado, com desconto de at\u00e9 20%. O objetivo \u00e9 usar o novo plano para atrair novos investidores e reter executivos atuais. Se o novo plano for aprovado, o total de dilui\u00e7\u00e3o potencial seria de 36,7 milh\u00f5es de a\u00e7\u00f5es (13% da atual contagem de a\u00e7\u00f5es).<\/p>\n\t<p>\n\t\t<a href=\"https:\/\/lp.suno.com.br\/planilha-de-controle-de-investimentos\/\" target=\"_blank\" data-element=\"shortcode-suno-banner\" title=\"Banner SUNO, clique e saiba mais\">\n\t\t\t<picture>\n\t\t\t\t<source media=\"(max-width: 500px)\" srcset=\"https:\/\/files.sunoresearch.com.br\/n\/uploads\/2023\/03\/400x300-Controle-de-Investimentos.png\">\n\t\t\t\t<img class=\"newsContent__article__imgCapa newsContent__article__imgCapa--banner\"\n\t\t\t\t\tsrc=\"https:\/\/files.sunoresearch.com.br\/n\/uploads\/2023\/03\/1420x240-Controle-de-Investimentos.png\"\n\t\t\t\t\tdata-promo-id=\"75934\"\t\t\t\t\t\t\t\t\t\twidth='1420' height='240'\t\t\t\t\talt=\"https:\/\/files.sunoresearch.com.br\/n\/uploads\/2023\/03\/1420x240-Controle-de-Investimentos.png\"\n\t\t\t\t>\n\t\t\t<\/picture>\n\t\t<\/a>\n\t<\/p>\n\n\n","protected":false},"excerpt":{"rendered":"<p>As a\u00e7\u00f5es do\u00a0Infracommerce (IFCM3) ca\u00edram 8,18%, para R$ 10,22, nesta segunda-feira (11). A rea\u00e7\u00e3o do mercado vem ap\u00f3s a divulga\u00e7\u00e3o de um novo plano de op\u00e7\u00f5es de a\u00e7\u00f5es e remunera\u00e7\u00e3o dos s\u00f3cios. Infracommerce (IFCM3) anuncia que pretende realizar follow-on. Cr\u00e9ditos: Divulga\u00e7\u00e3o Em edital para uma assembleia de acionistas que ser\u00e1 feita em 28 de abril, [&hellip;]<\/p>\n","protected":false},"author":146,"featured_media":227041,"comment_status":"closed","ping_status":"closed","sticky":false,"template":"","format":"standard","meta":[],"categories":[64],"tags":[399,105816,106169,39619],"suno_strategy":[],"class_list":["post-250052","post","type-post","status-publish","format-standard","has-post-thumbnail","hentry","category-negocios","tag-btg-pactual-bpac11-bpac3-bpac5","tag-especialistas","tag-infracommerce-ifcm3","tag-opcoes"],"yoast_head":"<!-- This site is optimized with the Yoast SEO plugin v24.4 - https:\/\/yoast.com\/wordpress\/plugins\/seo\/ -->\n<title>Infracommerce (IFCM3): a\u00e7\u00f5es caem 8% no dia; veja os motivos<\/title>\n<meta name=\"description\" content=\"As a\u00e7\u00f5es do\u00a0Infracommerce (IFCM3) ca\u00edram 8,18% nesta segunda-feira (11). A rea\u00e7\u00e3o vem ap\u00f3s a divulga\u00e7\u00e3o de um novo plano de op\u00e7\u00f5es de a\u00e7\u00f5es.\" \/>\n<meta name=\"robots\" content=\"index, follow, max-snippet:-1, max-image-preview:large, max-video-preview:-1\" \/>\n<link rel=\"canonical\" href=\"https:\/\/www.suno.com.br\/noticias\/infracommerce-ifcm3-despenca-entenda-motivos\/\" \/>\n<meta property=\"og:locale\" content=\"pt_BR\" \/>\n<meta property=\"og:type\" content=\"article\" \/>\n<meta property=\"og:title\" content=\"Infracommerce (IFCM3): a\u00e7\u00f5es caem 8% no dia; veja os motivos\" \/>\n<meta property=\"og:description\" content=\"As a\u00e7\u00f5es do\u00a0Infracommerce (IFCM3) ca\u00edram 8,18% nesta segunda-feira (11). A rea\u00e7\u00e3o vem ap\u00f3s a divulga\u00e7\u00e3o de um novo plano de op\u00e7\u00f5es de a\u00e7\u00f5es.\" \/>\n<meta property=\"og:url\" content=\"https:\/\/www.suno.com.br\/noticias\/infracommerce-ifcm3-despenca-entenda-motivos\/\" \/>\n<meta property=\"og:site_name\" content=\"Suno Not\u00edcias\" \/>\n<meta property=\"article:publisher\" content=\"https:\/\/facebook.com\/sunoresearch\" \/>\n<meta property=\"og:image\" content=\"https:\/\/files.sunoresearch.com.br\/n\/uploads\/2022\/01\/infracommerce-1.jpg\" \/>\n\t<meta property=\"og:image:width\" content=\"1296\" \/>\n\t<meta property=\"og:image:height\" content=\"864\" \/>\n\t<meta property=\"og:image:type\" content=\"image\/jpeg\" \/>\n<meta name=\"author\" content=\"Vict\u00f3ria Anhesini\" \/>\n<meta name=\"twitter:card\" content=\"summary_large_image\" \/>\n<meta name=\"twitter:creator\" content=\"@sunoresearch\" \/>\n<meta name=\"twitter:site\" content=\"@sunoresearch\" \/>\n<meta name=\"twitter:label1\" content=\"Escrito por\" \/>\n\t<meta name=\"twitter:data1\" content=\"Vict\u00f3ria Anhesini\" \/>\n\t<meta name=\"twitter:label2\" content=\"Est. tempo de leitura\" \/>\n\t<meta name=\"twitter:data2\" content=\"3 minutos\" \/>\n<script type=\"application\/ld+json\" class=\"yoast-schema-graph\">{\"@context\":\"https:\/\/schema.org\",\"@graph\":[{\"@type\":\"NewsArticle\",\"@id\":\"https:\/\/www.suno.com.br\/noticias\/infracommerce-ifcm3-despenca-entenda-motivos\/#article\",\"isPartOf\":{\"@id\":\"https:\/\/www.suno.com.br\/noticias\/infracommerce-ifcm3-despenca-entenda-motivos\/\"},\"author\":{\"name\":\"Vict\u00f3ria Anhesini\",\"@id\":\"https:\/\/www.suno.com.br\/noticias\/#\/schema\/person\/46d847cb19ad53fde0857adca989c23f\"},\"headline\":\"A\u00e7\u00f5es da Infracommerce (IFCM3) caem 8% no dia; veja os motivos\",\"datePublished\":\"2022-04-11T23:26:01+00:00\",\"mainEntityOfPage\":{\"@id\":\"https:\/\/www.suno.com.br\/noticias\/infracommerce-ifcm3-despenca-entenda-motivos\/\"},\"wordCount\":711,\"publisher\":{\"@id\":\"https:\/\/www.suno.com.br\/noticias\/#organization\"},\"image\":{\"@id\":\"https:\/\/www.suno.com.br\/noticias\/infracommerce-ifcm3-despenca-entenda-motivos\/#primaryimage\"},\"thumbnailUrl\":\"https:\/\/files.sunoresearch.com.br\/n\/uploads\/2022\/01\/infracommerce-1.jpg\",\"keywords\":[\"BTG Pactual (BPAC11\/BPAC3\/BPAC5)\",\"Especialistas\",\"Infracommerce (IFCM3)\",\"op\u00e7\u00f5es\"],\"articleSection\":[\"Neg\u00f3cios\"],\"inLanguage\":\"pt-BR\"},{\"@type\":\"WebPage\",\"@id\":\"https:\/\/www.suno.com.br\/noticias\/infracommerce-ifcm3-despenca-entenda-motivos\/\",\"url\":\"https:\/\/www.suno.com.br\/noticias\/infracommerce-ifcm3-despenca-entenda-motivos\/\",\"name\":\"Infracommerce (IFCM3): a\u00e7\u00f5es caem 8% no dia; veja os motivos\",\"isPartOf\":{\"@id\":\"https:\/\/www.suno.com.br\/noticias\/#website\"},\"primaryImageOfPage\":{\"@id\":\"https:\/\/www.suno.com.br\/noticias\/infracommerce-ifcm3-despenca-entenda-motivos\/#primaryimage\"},\"image\":{\"@id\":\"https:\/\/www.suno.com.br\/noticias\/infracommerce-ifcm3-despenca-entenda-motivos\/#primaryimage\"},\"thumbnailUrl\":\"https:\/\/files.sunoresearch.com.br\/n\/uploads\/2022\/01\/infracommerce-1.jpg\",\"datePublished\":\"2022-04-11T23:26:01+00:00\",\"description\":\"As a\u00e7\u00f5es do\u00a0Infracommerce (IFCM3) ca\u00edram 8,18% nesta segunda-feira (11). A rea\u00e7\u00e3o vem ap\u00f3s a divulga\u00e7\u00e3o de um novo plano de op\u00e7\u00f5es de a\u00e7\u00f5es.\",\"breadcrumb\":{\"@id\":\"https:\/\/www.suno.com.br\/noticias\/infracommerce-ifcm3-despenca-entenda-motivos\/#breadcrumb\"},\"inLanguage\":\"pt-BR\",\"potentialAction\":[{\"@type\":\"ReadAction\",\"target\":[\"https:\/\/www.suno.com.br\/noticias\/infracommerce-ifcm3-despenca-entenda-motivos\/\"]}]},{\"@type\":\"ImageObject\",\"inLanguage\":\"pt-BR\",\"@id\":\"https:\/\/www.suno.com.br\/noticias\/infracommerce-ifcm3-despenca-entenda-motivos\/#primaryimage\",\"url\":\"https:\/\/files.sunoresearch.com.br\/n\/uploads\/2022\/01\/infracommerce-1.jpg\",\"contentUrl\":\"https:\/\/files.sunoresearch.com.br\/n\/uploads\/2022\/01\/infracommerce-1.jpg\",\"width\":1296,\"height\":864,\"caption\":\"Infracommerce (IFCM3) anuncia que pretende realizar follow-on. Cr\u00e9ditos: Divulga\u00e7\u00e3o\"},{\"@type\":\"BreadcrumbList\",\"@id\":\"https:\/\/www.suno.com.br\/noticias\/infracommerce-ifcm3-despenca-entenda-motivos\/#breadcrumb\",\"itemListElement\":[{\"@type\":\"ListItem\",\"position\":1,\"name\":\"Not\u00edcias\",\"item\":\"https:\/\/www.suno.com.br\/noticias\/\"},{\"@type\":\"ListItem\",\"position\":2,\"name\":\"Neg\u00f3cios\",\"item\":\"https:\/\/www.suno.com.br\/noticias\/negocios\/\"},{\"@type\":\"ListItem\",\"position\":3,\"name\":\"A\u00e7\u00f5es da Infracommerce (IFCM3) caem 8% no dia; veja os motivos\"}]},{\"@type\":\"WebSite\",\"@id\":\"https:\/\/www.suno.com.br\/noticias\/#website\",\"url\":\"https:\/\/www.suno.com.br\/noticias\/\",\"name\":\"Suno Not\u00edcias\",\"description\":\"Seu portal de informa\u00e7\u00e3o sobre o mundo dos investimentos\",\"publisher\":{\"@id\":\"https:\/\/www.suno.com.br\/noticias\/#organization\"},\"potentialAction\":[{\"@type\":\"SearchAction\",\"target\":{\"@type\":\"EntryPoint\",\"urlTemplate\":\"https:\/\/www.suno.com.br\/noticias\/?s={search_term_string}\"},\"query-input\":{\"@type\":\"PropertyValueSpecification\",\"valueRequired\":true,\"valueName\":\"search_term_string\"}}],\"inLanguage\":\"pt-BR\"},{\"@type\":\"Organization\",\"@id\":\"https:\/\/www.suno.com.br\/noticias\/#organization\",\"name\":\"Suno Not\u00edcias\",\"url\":\"https:\/\/www.suno.com.br\/noticias\/\",\"logo\":{\"@type\":\"ImageObject\",\"inLanguage\":\"pt-BR\",\"@id\":\"https:\/\/www.suno.com.br\/noticias\/#\/schema\/logo\/image\/\",\"url\":\"https:\/\/files.sunoresearch.com.br\/n\/uploads\/2021\/09\/suno-logo.png\",\"contentUrl\":\"https:\/\/files.sunoresearch.com.br\/n\/uploads\/2021\/09\/suno-logo.png\",\"width\":180,\"height\":180,\"caption\":\"Suno Not\u00edcias\"},\"image\":{\"@id\":\"https:\/\/www.suno.com.br\/noticias\/#\/schema\/logo\/image\/\"},\"sameAs\":[\"https:\/\/facebook.com\/sunoresearch\",\"https:\/\/x.com\/sunoresearch\",\"https:\/\/www.instagram.com\/suno\",\"https:\/\/www.linkedin.com\/company\/suno-research\/\",\"https:\/\/www.youtube.com\/c\/sunoresearch\"]},{\"@type\":\"Person\",\"@id\":\"https:\/\/www.suno.com.br\/noticias\/#\/schema\/person\/46d847cb19ad53fde0857adca989c23f\",\"name\":\"Vict\u00f3ria Anhesini\",\"image\":{\"@type\":\"ImageObject\",\"inLanguage\":\"pt-BR\",\"@id\":\"https:\/\/www.suno.com.br\/noticias\/#\/schema\/person\/image\/\",\"url\":\"https:\/\/secure.gravatar.com\/avatar\/0172bdfcd9129dd9dd68794804304e6e?s=96&r=g\",\"contentUrl\":\"https:\/\/secure.gravatar.com\/avatar\/0172bdfcd9129dd9dd68794804304e6e?s=96&r=g\",\"caption\":\"Vict\u00f3ria Anhesini\"},\"description\":\"Rep\u00f3rter no Suno Not\u00edcias, cobre mercados, neg\u00f3cios e economia, escrevendo majoritariamente sobre movimentos das empresas, cobertura de balan\u00e7os trimestrais e Bolsa de Valores. Formada em jornalismo pela Universidade Presbiteriana Mackenzie em 2019, passou pelo portal de economia e finan\u00e7as EuQueroInvestir como rep\u00f3rter e anteriormente, trabalhou na assessoria de imprensa PinePR, onde liderou com startups de inova\u00e7\u00e3o, tecnologia e finan\u00e7as. Em seu tempo livre, fala sobre m\u00fasica para ambos os sites do selo ForMusic, Wikimetal e Mad Sound, e faz trabalho volunt\u00e1rio no programa Escreve Cartas do Poupatempo.\",\"sameAs\":[\"https:\/\/www.linkedin.com\/in\/victoria-anhesini\/\"],\"url\":\"https:\/\/www.suno.com.br\/noticias\/author\/victoria\/\"}]}<\/script>\n<!-- \/ Yoast SEO plugin. -->","yoast_head_json":{"title":"Infracommerce (IFCM3): a\u00e7\u00f5es caem 8% no dia; veja os motivos","description":"As a\u00e7\u00f5es do\u00a0Infracommerce (IFCM3) ca\u00edram 8,18% nesta segunda-feira (11). A rea\u00e7\u00e3o vem ap\u00f3s a divulga\u00e7\u00e3o de um novo plano de op\u00e7\u00f5es de a\u00e7\u00f5es.","robots":{"index":"index","follow":"follow","max-snippet":"max-snippet:-1","max-image-preview":"max-image-preview:large","max-video-preview":"max-video-preview:-1"},"canonical":"https:\/\/www.suno.com.br\/noticias\/infracommerce-ifcm3-despenca-entenda-motivos\/","og_locale":"pt_BR","og_type":"article","og_title":"Infracommerce (IFCM3): a\u00e7\u00f5es caem 8% no dia; veja os motivos","og_description":"As a\u00e7\u00f5es do\u00a0Infracommerce (IFCM3) ca\u00edram 8,18% nesta segunda-feira (11). A rea\u00e7\u00e3o vem ap\u00f3s a divulga\u00e7\u00e3o de um novo plano de op\u00e7\u00f5es de a\u00e7\u00f5es.","og_url":"https:\/\/www.suno.com.br\/noticias\/infracommerce-ifcm3-despenca-entenda-motivos\/","og_site_name":"Suno Not\u00edcias","article_publisher":"https:\/\/facebook.com\/sunoresearch","og_image":[{"width":1296,"height":864,"url":"https:\/\/files.sunoresearch.com.br\/n\/uploads\/2022\/01\/infracommerce-1.jpg","type":"image\/jpeg"}],"author":"Vict\u00f3ria Anhesini","twitter_card":"summary_large_image","twitter_creator":"@sunoresearch","twitter_site":"@sunoresearch","twitter_misc":{"Escrito por":"Vict\u00f3ria Anhesini","Est. tempo de leitura":"3 minutos"},"schema":{"@context":"https:\/\/schema.org","@graph":[{"@type":"NewsArticle","@id":"https:\/\/www.suno.com.br\/noticias\/infracommerce-ifcm3-despenca-entenda-motivos\/#article","isPartOf":{"@id":"https:\/\/www.suno.com.br\/noticias\/infracommerce-ifcm3-despenca-entenda-motivos\/"},"author":{"name":"Vict\u00f3ria Anhesini","@id":"https:\/\/www.suno.com.br\/noticias\/#\/schema\/person\/46d847cb19ad53fde0857adca989c23f"},"headline":"A\u00e7\u00f5es da Infracommerce (IFCM3) caem 8% no dia; veja os motivos","datePublished":"2022-04-11T23:26:01+00:00","mainEntityOfPage":{"@id":"https:\/\/www.suno.com.br\/noticias\/infracommerce-ifcm3-despenca-entenda-motivos\/"},"wordCount":711,"publisher":{"@id":"https:\/\/www.suno.com.br\/noticias\/#organization"},"image":{"@id":"https:\/\/www.suno.com.br\/noticias\/infracommerce-ifcm3-despenca-entenda-motivos\/#primaryimage"},"thumbnailUrl":"https:\/\/files.sunoresearch.com.br\/n\/uploads\/2022\/01\/infracommerce-1.jpg","keywords":["BTG Pactual (BPAC11\/BPAC3\/BPAC5)","Especialistas","Infracommerce (IFCM3)","op\u00e7\u00f5es"],"articleSection":["Neg\u00f3cios"],"inLanguage":"pt-BR"},{"@type":"WebPage","@id":"https:\/\/www.suno.com.br\/noticias\/infracommerce-ifcm3-despenca-entenda-motivos\/","url":"https:\/\/www.suno.com.br\/noticias\/infracommerce-ifcm3-despenca-entenda-motivos\/","name":"Infracommerce (IFCM3): a\u00e7\u00f5es caem 8% no dia; veja os motivos","isPartOf":{"@id":"https:\/\/www.suno.com.br\/noticias\/#website"},"primaryImageOfPage":{"@id":"https:\/\/www.suno.com.br\/noticias\/infracommerce-ifcm3-despenca-entenda-motivos\/#primaryimage"},"image":{"@id":"https:\/\/www.suno.com.br\/noticias\/infracommerce-ifcm3-despenca-entenda-motivos\/#primaryimage"},"thumbnailUrl":"https:\/\/files.sunoresearch.com.br\/n\/uploads\/2022\/01\/infracommerce-1.jpg","datePublished":"2022-04-11T23:26:01+00:00","description":"As a\u00e7\u00f5es do\u00a0Infracommerce (IFCM3) ca\u00edram 8,18% nesta segunda-feira (11). A rea\u00e7\u00e3o vem ap\u00f3s a divulga\u00e7\u00e3o de um novo plano de op\u00e7\u00f5es de a\u00e7\u00f5es.","breadcrumb":{"@id":"https:\/\/www.suno.com.br\/noticias\/infracommerce-ifcm3-despenca-entenda-motivos\/#breadcrumb"},"inLanguage":"pt-BR","potentialAction":[{"@type":"ReadAction","target":["https:\/\/www.suno.com.br\/noticias\/infracommerce-ifcm3-despenca-entenda-motivos\/"]}]},{"@type":"ImageObject","inLanguage":"pt-BR","@id":"https:\/\/www.suno.com.br\/noticias\/infracommerce-ifcm3-despenca-entenda-motivos\/#primaryimage","url":"https:\/\/files.sunoresearch.com.br\/n\/uploads\/2022\/01\/infracommerce-1.jpg","contentUrl":"https:\/\/files.sunoresearch.com.br\/n\/uploads\/2022\/01\/infracommerce-1.jpg","width":1296,"height":864,"caption":"Infracommerce (IFCM3) anuncia que pretende realizar follow-on. Cr\u00e9ditos: Divulga\u00e7\u00e3o"},{"@type":"BreadcrumbList","@id":"https:\/\/www.suno.com.br\/noticias\/infracommerce-ifcm3-despenca-entenda-motivos\/#breadcrumb","itemListElement":[{"@type":"ListItem","position":1,"name":"Not\u00edcias","item":"https:\/\/www.suno.com.br\/noticias\/"},{"@type":"ListItem","position":2,"name":"Neg\u00f3cios","item":"https:\/\/www.suno.com.br\/noticias\/negocios\/"},{"@type":"ListItem","position":3,"name":"A\u00e7\u00f5es da Infracommerce (IFCM3) caem 8% no dia; veja os motivos"}]},{"@type":"WebSite","@id":"https:\/\/www.suno.com.br\/noticias\/#website","url":"https:\/\/www.suno.com.br\/noticias\/","name":"Suno Not\u00edcias","description":"Seu portal de informa\u00e7\u00e3o sobre o mundo dos investimentos","publisher":{"@id":"https:\/\/www.suno.com.br\/noticias\/#organization"},"potentialAction":[{"@type":"SearchAction","target":{"@type":"EntryPoint","urlTemplate":"https:\/\/www.suno.com.br\/noticias\/?s={search_term_string}"},"query-input":{"@type":"PropertyValueSpecification","valueRequired":true,"valueName":"search_term_string"}}],"inLanguage":"pt-BR"},{"@type":"Organization","@id":"https:\/\/www.suno.com.br\/noticias\/#organization","name":"Suno Not\u00edcias","url":"https:\/\/www.suno.com.br\/noticias\/","logo":{"@type":"ImageObject","inLanguage":"pt-BR","@id":"https:\/\/www.suno.com.br\/noticias\/#\/schema\/logo\/image\/","url":"https:\/\/files.sunoresearch.com.br\/n\/uploads\/2021\/09\/suno-logo.png","contentUrl":"https:\/\/files.sunoresearch.com.br\/n\/uploads\/2021\/09\/suno-logo.png","width":180,"height":180,"caption":"Suno Not\u00edcias"},"image":{"@id":"https:\/\/www.suno.com.br\/noticias\/#\/schema\/logo\/image\/"},"sameAs":["https:\/\/facebook.com\/sunoresearch","https:\/\/x.com\/sunoresearch","https:\/\/www.instagram.com\/suno","https:\/\/www.linkedin.com\/company\/suno-research\/","https:\/\/www.youtube.com\/c\/sunoresearch"]},{"@type":"Person","@id":"https:\/\/www.suno.com.br\/noticias\/#\/schema\/person\/46d847cb19ad53fde0857adca989c23f","name":"Vict\u00f3ria Anhesini","image":{"@type":"ImageObject","inLanguage":"pt-BR","@id":"https:\/\/www.suno.com.br\/noticias\/#\/schema\/person\/image\/","url":"https:\/\/secure.gravatar.com\/avatar\/0172bdfcd9129dd9dd68794804304e6e?s=96&r=g","contentUrl":"https:\/\/secure.gravatar.com\/avatar\/0172bdfcd9129dd9dd68794804304e6e?s=96&r=g","caption":"Vict\u00f3ria Anhesini"},"description":"Rep\u00f3rter no Suno Not\u00edcias, cobre mercados, neg\u00f3cios e economia, escrevendo majoritariamente sobre movimentos das empresas, cobertura de balan\u00e7os trimestrais e Bolsa de Valores. Formada em jornalismo pela Universidade Presbiteriana Mackenzie em 2019, passou pelo portal de economia e finan\u00e7as EuQueroInvestir como rep\u00f3rter e anteriormente, trabalhou na assessoria de imprensa PinePR, onde liderou com startups de inova\u00e7\u00e3o, tecnologia e finan\u00e7as. Em seu tempo livre, fala sobre m\u00fasica para ambos os sites do selo ForMusic, Wikimetal e Mad Sound, e faz trabalho volunt\u00e1rio no programa Escreve Cartas do Poupatempo.","sameAs":["https:\/\/www.linkedin.com\/in\/victoria-anhesini\/"],"url":"https:\/\/www.suno.com.br\/noticias\/author\/victoria\/"}]}},"default_loop_html":"<div class=\"cardsPage__listCard__boxs\"><div class=\"cardsPage__listCard__boxs__img\"><a href=\"https:\/\/www.suno.com.br\/noticias\/infracommerce-ifcm3-despenca-entenda-motivos\/\"><img class=\"mask\" src=\"https:\/\/www.suno.com.br\/noticias\/wp-content\/themes\/suno\/resources\/images\/spotlight\/spotlight1img\/bg-mask.png\" alt=\"Image Mask\"\/><img src=\"https:\/\/files.sunoresearch.com.br\/n\/uploads\/2022\/01\/infracommerce-1-400x200.jpg\" alt=\"A\u00e7\u00f5es da Infracommerce (IFCM3) caem 8% no dia; veja os motivos\"\/><\/a><span class=\"spotlightCategory\"><a href=\"https:\/\/www.suno.com.br\/noticias\/negocios\/\">Neg\u00f3cios<\/a><\/span><\/div><div class=\"cardsPage__listCard__boxs__content\"><a href=\"https:\/\/www.suno.com.br\/noticias\/infracommerce-ifcm3-despenca-entenda-motivos\/\"><h2 class=\"content__title\">A\u00e7\u00f5es da Infracommerce (IFCM3) caem 8% no dia; veja os motivos<\/h2><\/a><div class=\"newsContent__article__meta\"><div class=\"newsContent__article__meta__authorBox\"><a href=\"https:\/\/www.suno.com.br\/noticias\/author\/victoria\/\" class=\"authorBox__avatar noMobi\"><img src=\"https:\/\/files.sunoresearch.com.br\/n\/uploads\/2021\/12\/20190129VickyPINEAPPLE01-1-150x150.jpg\" alt=\"Vict\u00f3ria Anhesini\"><\/a><div class=\"authorBox__name\"><span>por\n\t\t\t<a href=\"https:\/\/www.suno.com.br\/noticias\/author\/victoria\/\"><span itemprop=\"author\">Vict\u00f3ria Anhesini<\/span><\/a><\/span><time datetime=\"2022-04-11T20:26:01-03:00\" itemprop=\"datePublished\">11\/04\/2022 20:26<\/time><\/div><\/div><\/div><\/div><\/div>","single_layout":"posts","amp_enabled":true,"_links":{"self":[{"href":"https:\/\/www.suno.com.br\/noticias\/wp-json\/wp\/v2\/posts\/250052"}],"collection":[{"href":"https:\/\/www.suno.com.br\/noticias\/wp-json\/wp\/v2\/posts"}],"about":[{"href":"https:\/\/www.suno.com.br\/noticias\/wp-json\/wp\/v2\/types\/post"}],"author":[{"embeddable":true,"href":"https:\/\/www.suno.com.br\/noticias\/wp-json\/wp\/v2\/users\/146"}],"replies":[{"embeddable":true,"href":"https:\/\/www.suno.com.br\/noticias\/wp-json\/wp\/v2\/comments?post=250052"}],"version-history":[{"count":3,"href":"https:\/\/www.suno.com.br\/noticias\/wp-json\/wp\/v2\/posts\/250052\/revisions"}],"predecessor-version":[{"id":250084,"href":"https:\/\/www.suno.com.br\/noticias\/wp-json\/wp\/v2\/posts\/250052\/revisions\/250084"}],"wp:featuredmedia":[{"embeddable":true,"href":"https:\/\/www.suno.com.br\/noticias\/wp-json\/wp\/v2\/media\/227041"}],"wp:attachment":[{"href":"https:\/\/www.suno.com.br\/noticias\/wp-json\/wp\/v2\/media?parent=250052"}],"wp:term":[{"taxonomy":"category","embeddable":true,"href":"https:\/\/www.suno.com.br\/noticias\/wp-json\/wp\/v2\/categories?post=250052"},{"taxonomy":"post_tag","embeddable":true,"href":"https:\/\/www.suno.com.br\/noticias\/wp-json\/wp\/v2\/tags?post=250052"},{"taxonomy":"suno_strategy","embeddable":true,"href":"https:\/\/www.suno.com.br\/noticias\/wp-json\/wp\/v2\/suno_strategy?post=250052"}],"curies":[{"name":"wp","href":"https:\/\/api.w.org\/{rel}","templated":true}]}}