{"id":24954,"date":"2019-05-17T11:16:48","date_gmt":"2019-05-17T14:16:48","guid":{"rendered":"https:\/\/www.suno.com.br\/noticias\/?p=24954"},"modified":"2019-05-17T11:16:48","modified_gmt":"2019-05-17T14:16:48","slug":"uniao-investimento-publico-cortes","status":"publish","type":"post","link":"https:\/\/www.suno.com.br\/noticias\/uniao-investimento-publico-cortes\/","title":{"rendered":"Uni\u00e3o registra o menor patamar de investimento no 1\u00b0 trimestre de 2019"},"content":{"rendered":"<p>No primeiro trimestre deste ano a Uni\u00e3o registrou o menor patamar de investimentos da hist\u00f3ria. O valor de janeiro a mar\u00e7o, corresponde a 0,35% do <strong>Produto Interno Bruto<\/strong> (PIB).<\/p>\t<div class=\"wrapper-featured-image\">\n\t\t<figure class=\"spotlightImg\">\n\n\t\t\t<picture>\n\t\t\t\t<source media=\"(max-width: 768px)\" srcset=\"https:\/\/files.sunoresearch.com.br\/n\/uploads\/2019\/05\/b4f66da3-fiscal-dinheiro-400x200.webp\">\n\t\t\t\t<img loading=\"lazy\" decoding=\"async\" class=\"newsContent__article__imgCapa lazyloadDisabled newsContent__article__imgCapa--noCaption\" src=\"https:\/\/files.sunoresearch.com.br\/n\/uploads\/2019\/05\/b4f66da3-fiscal-dinheiro-jpg.webp\" width=\"800\" height=\"450\" alt=\"Uni\u00e3o registra o menor patamar de investimento no 1\u00b0 trimestre de 2019\" fetchpriority=high \/>\n\t\t\t<\/picture>\n\n\t\t\t<figcaption class=\"wp-caption-text wp-caption-text--hide\">O preg\u00e3o das taxas do Tesouro Direto funciona das 9h30 \u00e0s 18h.<\/figcaption>\n\t\t<\/figure>\n\t<\/div>\n\n\n<p>De acordo com a<strong> Uni\u00e3o<\/strong> esse resultado \u00e9 devido ao controle de gastos do governo que enfrenta uma dificuldade em cumprir a <strong>meta fiscal<\/strong> do ano.<\/p>\n<p>Conforme o jornal &#8220;Valor Econ\u00f4mico&#8221; as informa\u00e7\u00f5es s\u00e3o baseadas nos dados recentes de investimentos divulgados pelo <strong>Tesouro Nacional<\/strong>. Juntamente, com os dados preliminares do <strong>PIB<\/strong> analisados pelo do <strong>Banco Central<\/strong> (BC).<\/p>\n\t<p>\n\t\t<a href=\"https:\/\/lp.suno.com.br\/asset\/suno-fundo-de-fundos-snff11\/\" target=\"_blank\" data-element=\"shortcode-suno-banner\" title=\"Banner SUNO, clique e saiba mais\">\n\t\t\t<picture>\n\t\t\t\t<source media=\"(max-width: 500px)\" srcset=\"https:\/\/files.sunoresearch.com.br\/n\/uploads\/2024\/01\/400x300-Mobile-Artigos-3-SNFF-AO.png\">\n\t\t\t\t<img class=\"newsContent__article__imgCapa newsContent__article__imgCapa--banner\"\n\t\t\t\t\tsrc=\"https:\/\/files.sunoresearch.com.br\/n\/uploads\/2024\/01\/1420x240-Banner-Artigos-1-_-Banner-Materias-1-SNFF-AO.png\"\n\t\t\t\t\tdata-promo-id=\"364418\"\t\t\t\t\t\t\t\t\t\twidth='1420' height='240'\t\t\t\t\talt=\"https:\/\/files.sunoresearch.com.br\/n\/uploads\/2024\/01\/1420x240-Banner-Artigos-1-_-Banner-Materias-1-SNFF-AO.png\"\n\t\t\t\t>\n\t\t\t<\/picture>\n\t\t<\/a>\n\t<\/p>\n\n\n<h2>Investimentos<\/h2>\n<p>Pela defini\u00e7\u00e3o do <strong>Tesouro<\/strong>, \u00e9 reconhecido como investimentos, despesas que contribuem para a produ\u00e7\u00e3o ou gera\u00e7\u00e3o de bens que ser\u00e3o parte do patrim\u00f4nio p\u00fablico, como:<\/p>\n<ul>\n<li>obras;<\/li>\n<li>instala\u00e7\u00f5es;<\/li>\n<li>compras de maquinas e equipamentos.<\/li>\n<\/ul>\n<p>O valor de R$ 6,2 bilh\u00f5es aplicados nos tr\u00eas primeiros meses corresponde a um recuo de 30% quando comparado com o mesmo per\u00edodo no ano de 2018.<\/p>\n<p><a href=\"https:\/\/www.suno.com.br\/noticias\/ibc-br-previa-pib-retracao-1-trimestre\/\">Saiba Mais: IBC-Br: pr\u00e9via do PIB indica retra\u00e7\u00e3o de 0,68% no 1\u00ba trimestre de 2019<\/a><\/p>\n<p>As despesas correntes de custeio tiveram uma queda de 7%, totalizando R$ 43,7 bilh\u00f5es. \u00c9 reconhecido como despesas correntes de custeio, gastos ligados ao funcionamento cotidiano da m\u00e1quina p\u00fablico, como<\/p>\n<ul>\n<li>\u00e1gua;<\/li>\n<li>luz;<\/li>\n<li>e despesas di\u00e1rias.<\/li>\n<\/ul>\n<h2>Restri\u00e7\u00e3o or\u00e7ament\u00e1ria<\/h2>\n<p>De acordo com o secret\u00e1rio do <strong>Tesouro Nacional<\/strong>, <strong>Manuseto Almeida<\/strong>, os n\u00edveis baixo de investimentos \u00e9 por causa da dificuldade do governo em cumprir a<strong> meta fiscal<\/strong>.<\/p>\n<p>&#8220;Estamos indo de fato para um n\u00edvel muito baixo de <strong>investimento p\u00fablico<\/strong>. Entre outras coisas porque neste ano tivemos que fazer um contingenciamento muito grande para cumprir a meta de prim\u00e1rio&#8221;, disse Almeida.<\/p>\n<p><a href=\"https:\/\/www.suno.com.br\/noticias\/banco-central-investimentos-presidente-incertezas\/\">Saiba Mais: Banco Central: investimentos s\u00e3o adiados devido as incertezas econ\u00f4micas<\/a><\/p>\n<p>&#8220;A despesa que mais tem sido sacrificada \u00e9 o <strong>investimento p\u00fablico<\/strong>, que j\u00e1 \u00e9 muito baixo dado o tamanho da carga tribut\u00e1ria. J\u00e1 est\u00e1 chegando num n\u00edvel muito cr\u00edtico&#8221;, completa o secret\u00e1rio.<\/p>\n<h2>Cortes em investimentos n\u00e3o contribui<\/h2>\n<p>Para o <strong>ex-secret\u00e1rio<\/strong>\u00a0<strong>do Minist\u00e9rio da Fazenda<\/strong>, <strong>Manoel Pires<\/strong>, os cortes em investimentos n\u00e3o contribui. Pelo contr\u00e1rio, Pires acredita que pode agravar o<strong> cen\u00e1rio econ\u00f4mico<\/strong>.<\/p>\n<p>&#8220;Claramente n\u00e3o ajuda o cen\u00e1rio de atividade. Soma-se a isso o que acontece nos Estados, que tamb\u00e9m est\u00e3o retraindo bastante as despesas&#8221;, afirma o ex-secret\u00e1rio.<\/p>\n<p>Pires tem duas sugest\u00f5es de sa\u00eddas enquanto a <strong>reforma da Previd\u00eancia<\/strong> n\u00e3o \u00e9 aprovada.<\/p>\n<ol>\n<li>ganho com receitas extraordin\u00e1rias;<\/li>\n<li>ou revisar meta de resultado prim\u00e1rio do ano.<\/li>\n<\/ol>\n<p>De acordo com a<strong> Institui\u00e7\u00e3o Fiscal Independente<\/strong> (IFI), o governo est\u00e1 perdendo a capacidade de promover investimentos diante do avan\u00e7o das outras despesas.<\/p>\n<p>&#8220;Ser\u00e1 dif\u00edcil para o Estado retomar a capacidade de ampliar despesas de capital enquanto a din\u00e2mica do <strong>gasto obrigat\u00f3rio<\/strong> continuar a exercer press\u00e3o&#8221;, afirma o IFI.<\/p>\n<p>Al\u00e9m disso para \u00f3rg\u00e3o, o <strong>ajuste fiscal<\/strong> continuar\u00e1 penalizando os <strong>investimentos da Uni\u00e3o<\/strong>. Isso se a trajet\u00f3ria das despesas obrigat\u00f3rias n\u00e3o forem revistas.<\/p>\n","protected":false},"excerpt":{"rendered":"<p>No primeiro trimestre deste ano a Uni\u00e3o registrou o menor patamar de investimentos da hist\u00f3ria. O valor de janeiro a mar\u00e7o, corresponde a 0,35% do Produto Interno Bruto (PIB). O preg\u00e3o das taxas do Tesouro Direto funciona das 9h30 \u00e0s 18h. De acordo com a Uni\u00e3o esse resultado \u00e9 devido ao controle de gastos do [&hellip;]<\/p>\n","protected":false},"author":15,"featured_media":24993,"comment_status":"closed","ping_status":"closed","sticky":false,"template":"","format":"standard","meta":[],"categories":[62],"tags":[],"suno_strategy":[],"class_list":["post-24954","post","type-post","status-publish","format-standard","has-post-thumbnail","hentry","category-economia"],"yoast_head":"<!-- This site is optimized with the Yoast SEO plugin v24.4 - https:\/\/yoast.com\/wordpress\/plugins\/seo\/ -->\n<title>Uni\u00e3o registra o menor patamar de investimento no 1\u00b0 trimestre de 2019<\/title>\n<meta name=\"description\" content=\"A Uni\u00e3o registrou no primeiro trimestre o valor 0,35% do PIB. Esse \u00e9 o menor patamar da s\u00e9rie hist\u00f3rica. Clique aqui e saiba mais.\" \/>\n<meta name=\"robots\" content=\"index, follow, max-snippet:-1, max-image-preview:large, max-video-preview:-1\" \/>\n<link rel=\"canonical\" href=\"https:\/\/www.suno.com.br\/noticias\/uniao-investimento-publico-cortes\/\" \/>\n<meta property=\"og:locale\" content=\"pt_BR\" \/>\n<meta property=\"og:type\" content=\"article\" \/>\n<meta property=\"og:title\" content=\"Uni\u00e3o registra o menor patamar de investimento no 1\u00b0 trimestre de 2019\" \/>\n<meta property=\"og:description\" content=\"A Uni\u00e3o registrou no primeiro trimestre o valor 0,35% do PIB. Esse \u00e9 o menor patamar da s\u00e9rie hist\u00f3rica. Clique aqui e saiba mais.\" \/>\n<meta property=\"og:url\" content=\"https:\/\/www.suno.com.br\/noticias\/uniao-investimento-publico-cortes\/\" \/>\n<meta property=\"og:site_name\" content=\"Suno Not\u00edcias\" \/>\n<meta property=\"article:publisher\" content=\"https:\/\/facebook.com\/sunoresearch\" \/>\n<meta property=\"og:image\" content=\"https:\/\/files.sunoresearch.com.br\/n\/uploads\/2019\/05\/b4f66da3-fiscal-dinheiro.jpg\" \/>\n\t<meta property=\"og:image:width\" content=\"600\" \/>\n\t<meta property=\"og:image:height\" content=\"320\" \/>\n\t<meta property=\"og:image:type\" content=\"image\/jpeg\" \/>\n<meta name=\"author\" content=\"Poliana Santos\" \/>\n<meta name=\"twitter:card\" content=\"summary_large_image\" \/>\n<meta name=\"twitter:creator\" content=\"@sunoresearch\" \/>\n<meta name=\"twitter:site\" content=\"@sunoresearch\" \/>\n<meta name=\"twitter:label1\" content=\"Escrito por\" \/>\n\t<meta name=\"twitter:data1\" content=\"Poliana Santos\" \/>\n\t<meta name=\"twitter:label2\" content=\"Est. tempo de leitura\" \/>\n\t<meta name=\"twitter:data2\" content=\"3 minutos\" \/>\n<script type=\"application\/ld+json\" class=\"yoast-schema-graph\">{\"@context\":\"https:\/\/schema.org\",\"@graph\":[{\"@type\":\"NewsArticle\",\"@id\":\"https:\/\/www.suno.com.br\/noticias\/uniao-investimento-publico-cortes\/#article\",\"isPartOf\":{\"@id\":\"https:\/\/www.suno.com.br\/noticias\/uniao-investimento-publico-cortes\/\"},\"author\":{\"name\":\"Poliana Santos\",\"@id\":\"https:\/\/www.suno.com.br\/noticias\/#\/schema\/person\/02ec1f752758247878a2bf4abee1aeda\"},\"headline\":\"Uni\u00e3o registra o menor patamar de investimento no 1\u00b0 trimestre de 2019\",\"datePublished\":\"2019-05-17T14:16:48+00:00\",\"mainEntityOfPage\":{\"@id\":\"https:\/\/www.suno.com.br\/noticias\/uniao-investimento-publico-cortes\/\"},\"wordCount\":520,\"publisher\":{\"@id\":\"https:\/\/www.suno.com.br\/noticias\/#organization\"},\"image\":{\"@id\":\"https:\/\/www.suno.com.br\/noticias\/uniao-investimento-publico-cortes\/#primaryimage\"},\"thumbnailUrl\":\"https:\/\/files.sunoresearch.com.br\/n\/uploads\/2019\/05\/b4f66da3-fiscal-dinheiro-jpg.webp\",\"articleSection\":[\"Economia\"],\"inLanguage\":\"pt-BR\"},{\"@type\":\"WebPage\",\"@id\":\"https:\/\/www.suno.com.br\/noticias\/uniao-investimento-publico-cortes\/\",\"url\":\"https:\/\/www.suno.com.br\/noticias\/uniao-investimento-publico-cortes\/\",\"name\":\"Uni\u00e3o registra o menor patamar de investimento no 1\u00b0 trimestre de 2019\",\"isPartOf\":{\"@id\":\"https:\/\/www.suno.com.br\/noticias\/#website\"},\"primaryImageOfPage\":{\"@id\":\"https:\/\/www.suno.com.br\/noticias\/uniao-investimento-publico-cortes\/#primaryimage\"},\"image\":{\"@id\":\"https:\/\/www.suno.com.br\/noticias\/uniao-investimento-publico-cortes\/#primaryimage\"},\"thumbnailUrl\":\"https:\/\/files.sunoresearch.com.br\/n\/uploads\/2019\/05\/b4f66da3-fiscal-dinheiro-jpg.webp\",\"datePublished\":\"2019-05-17T14:16:48+00:00\",\"description\":\"A Uni\u00e3o registrou no primeiro trimestre o valor 0,35% do PIB. Esse \u00e9 o menor patamar da s\u00e9rie hist\u00f3rica. Clique aqui e saiba mais.\",\"breadcrumb\":{\"@id\":\"https:\/\/www.suno.com.br\/noticias\/uniao-investimento-publico-cortes\/#breadcrumb\"},\"inLanguage\":\"pt-BR\",\"potentialAction\":[{\"@type\":\"ReadAction\",\"target\":[\"https:\/\/www.suno.com.br\/noticias\/uniao-investimento-publico-cortes\/\"]}]},{\"@type\":\"ImageObject\",\"inLanguage\":\"pt-BR\",\"@id\":\"https:\/\/www.suno.com.br\/noticias\/uniao-investimento-publico-cortes\/#primaryimage\",\"url\":\"https:\/\/files.sunoresearch.com.br\/n\/uploads\/2019\/05\/b4f66da3-fiscal-dinheiro-jpg.webp\",\"contentUrl\":\"https:\/\/files.sunoresearch.com.br\/n\/uploads\/2019\/05\/b4f66da3-fiscal-dinheiro-jpg.webp\",\"width\":600,\"height\":320,\"caption\":\"O preg\u00e3o das taxas do Tesouro Direto funciona das 9h30 \u00e0s 18h.\"},{\"@type\":\"BreadcrumbList\",\"@id\":\"https:\/\/www.suno.com.br\/noticias\/uniao-investimento-publico-cortes\/#breadcrumb\",\"itemListElement\":[{\"@type\":\"ListItem\",\"position\":1,\"name\":\"Not\u00edcias\",\"item\":\"https:\/\/www.suno.com.br\/noticias\/\"},{\"@type\":\"ListItem\",\"position\":2,\"name\":\"Economia\",\"item\":\"https:\/\/www.suno.com.br\/noticias\/economia\/\"},{\"@type\":\"ListItem\",\"position\":3,\"name\":\"Uni\u00e3o registra o menor patamar de investimento no 1\u00b0 trimestre de 2019\"}]},{\"@type\":\"WebSite\",\"@id\":\"https:\/\/www.suno.com.br\/noticias\/#website\",\"url\":\"https:\/\/www.suno.com.br\/noticias\/\",\"name\":\"Suno Not\u00edcias\",\"description\":\"Seu portal de informa\u00e7\u00e3o sobre o mundo dos investimentos\",\"publisher\":{\"@id\":\"https:\/\/www.suno.com.br\/noticias\/#organization\"},\"potentialAction\":[{\"@type\":\"SearchAction\",\"target\":{\"@type\":\"EntryPoint\",\"urlTemplate\":\"https:\/\/www.suno.com.br\/noticias\/?s={search_term_string}\"},\"query-input\":{\"@type\":\"PropertyValueSpecification\",\"valueRequired\":true,\"valueName\":\"search_term_string\"}}],\"inLanguage\":\"pt-BR\"},{\"@type\":\"Organization\",\"@id\":\"https:\/\/www.suno.com.br\/noticias\/#organization\",\"name\":\"Suno Not\u00edcias\",\"url\":\"https:\/\/www.suno.com.br\/noticias\/\",\"logo\":{\"@type\":\"ImageObject\",\"inLanguage\":\"pt-BR\",\"@id\":\"https:\/\/www.suno.com.br\/noticias\/#\/schema\/logo\/image\/\",\"url\":\"https:\/\/files.sunoresearch.com.br\/n\/uploads\/2021\/09\/suno-logo.png\",\"contentUrl\":\"https:\/\/files.sunoresearch.com.br\/n\/uploads\/2021\/09\/suno-logo.png\",\"width\":180,\"height\":180,\"caption\":\"Suno Not\u00edcias\"},\"image\":{\"@id\":\"https:\/\/www.suno.com.br\/noticias\/#\/schema\/logo\/image\/\"},\"sameAs\":[\"https:\/\/facebook.com\/sunoresearch\",\"https:\/\/x.com\/sunoresearch\",\"https:\/\/www.instagram.com\/suno\",\"https:\/\/www.linkedin.com\/company\/suno-research\/\",\"https:\/\/www.youtube.com\/c\/sunoresearch\"]},{\"@type\":\"Person\",\"@id\":\"https:\/\/www.suno.com.br\/noticias\/#\/schema\/person\/02ec1f752758247878a2bf4abee1aeda\",\"name\":\"Poliana Santos\",\"image\":{\"@type\":\"ImageObject\",\"inLanguage\":\"pt-BR\",\"@id\":\"https:\/\/www.suno.com.br\/noticias\/#\/schema\/person\/image\/\",\"url\":\"https:\/\/secure.gravatar.com\/avatar\/0645bd32f23d87b2130f2b2dff1d3f8d?s=96&r=g\",\"contentUrl\":\"https:\/\/secure.gravatar.com\/avatar\/0645bd32f23d87b2130f2b2dff1d3f8d?s=96&r=g\",\"caption\":\"Poliana Santos\"},\"description\":\"Rep\u00f3rter no Suno Not\u00edcias, com cobertura em mercado financeiro, economia, finan\u00e7as pessoais, renda fixa e varejo. Jornalista formada pela Faculdade C\u00e1sper L\u00edbero e possui passagem na R\u00e1dio Gazeta AM com a produ\u00e7\u00e3o de conte\u00fado sobre economia, pol\u00edtica, sa\u00fade, moda e m\u00fasica. Possui certificado de conclus\u00e3o do curso de An\u00e1lise de Balan\u00e7os pela Funda\u00e7\u00e3o Bradesco, Agenda Brasil pela FAAP, Educa\u00e7\u00e3o Pol\u00edtica por Alexandre Garcia e do Tesouro Direto e Mercado de A\u00e7\u00f5es pela B3.\",\"url\":\"https:\/\/www.suno.com.br\/noticias\/author\/poliana-santos\/\"}]}<\/script>\n<!-- \/ Yoast SEO plugin. -->","yoast_head_json":{"title":"Uni\u00e3o registra o menor patamar de investimento no 1\u00b0 trimestre de 2019","description":"A Uni\u00e3o registrou no primeiro trimestre o valor 0,35% do PIB. Esse \u00e9 o menor patamar da s\u00e9rie hist\u00f3rica. Clique aqui e saiba mais.","robots":{"index":"index","follow":"follow","max-snippet":"max-snippet:-1","max-image-preview":"max-image-preview:large","max-video-preview":"max-video-preview:-1"},"canonical":"https:\/\/www.suno.com.br\/noticias\/uniao-investimento-publico-cortes\/","og_locale":"pt_BR","og_type":"article","og_title":"Uni\u00e3o registra o menor patamar de investimento no 1\u00b0 trimestre de 2019","og_description":"A Uni\u00e3o registrou no primeiro trimestre o valor 0,35% do PIB. Esse \u00e9 o menor patamar da s\u00e9rie hist\u00f3rica. Clique aqui e saiba mais.","og_url":"https:\/\/www.suno.com.br\/noticias\/uniao-investimento-publico-cortes\/","og_site_name":"Suno Not\u00edcias","article_publisher":"https:\/\/facebook.com\/sunoresearch","og_image":[{"width":600,"height":320,"url":"https:\/\/files.sunoresearch.com.br\/n\/uploads\/2019\/05\/b4f66da3-fiscal-dinheiro.jpg","type":"image\/jpeg"}],"author":"Poliana Santos","twitter_card":"summary_large_image","twitter_creator":"@sunoresearch","twitter_site":"@sunoresearch","twitter_misc":{"Escrito por":"Poliana Santos","Est. tempo de leitura":"3 minutos"},"schema":{"@context":"https:\/\/schema.org","@graph":[{"@type":"NewsArticle","@id":"https:\/\/www.suno.com.br\/noticias\/uniao-investimento-publico-cortes\/#article","isPartOf":{"@id":"https:\/\/www.suno.com.br\/noticias\/uniao-investimento-publico-cortes\/"},"author":{"name":"Poliana Santos","@id":"https:\/\/www.suno.com.br\/noticias\/#\/schema\/person\/02ec1f752758247878a2bf4abee1aeda"},"headline":"Uni\u00e3o registra o menor patamar de investimento no 1\u00b0 trimestre de 2019","datePublished":"2019-05-17T14:16:48+00:00","mainEntityOfPage":{"@id":"https:\/\/www.suno.com.br\/noticias\/uniao-investimento-publico-cortes\/"},"wordCount":520,"publisher":{"@id":"https:\/\/www.suno.com.br\/noticias\/#organization"},"image":{"@id":"https:\/\/www.suno.com.br\/noticias\/uniao-investimento-publico-cortes\/#primaryimage"},"thumbnailUrl":"https:\/\/files.sunoresearch.com.br\/n\/uploads\/2019\/05\/b4f66da3-fiscal-dinheiro-jpg.webp","articleSection":["Economia"],"inLanguage":"pt-BR"},{"@type":"WebPage","@id":"https:\/\/www.suno.com.br\/noticias\/uniao-investimento-publico-cortes\/","url":"https:\/\/www.suno.com.br\/noticias\/uniao-investimento-publico-cortes\/","name":"Uni\u00e3o registra o menor patamar de investimento no 1\u00b0 trimestre de 2019","isPartOf":{"@id":"https:\/\/www.suno.com.br\/noticias\/#website"},"primaryImageOfPage":{"@id":"https:\/\/www.suno.com.br\/noticias\/uniao-investimento-publico-cortes\/#primaryimage"},"image":{"@id":"https:\/\/www.suno.com.br\/noticias\/uniao-investimento-publico-cortes\/#primaryimage"},"thumbnailUrl":"https:\/\/files.sunoresearch.com.br\/n\/uploads\/2019\/05\/b4f66da3-fiscal-dinheiro-jpg.webp","datePublished":"2019-05-17T14:16:48+00:00","description":"A Uni\u00e3o registrou no primeiro trimestre o valor 0,35% do PIB. Esse \u00e9 o menor patamar da s\u00e9rie hist\u00f3rica. Clique aqui e saiba mais.","breadcrumb":{"@id":"https:\/\/www.suno.com.br\/noticias\/uniao-investimento-publico-cortes\/#breadcrumb"},"inLanguage":"pt-BR","potentialAction":[{"@type":"ReadAction","target":["https:\/\/www.suno.com.br\/noticias\/uniao-investimento-publico-cortes\/"]}]},{"@type":"ImageObject","inLanguage":"pt-BR","@id":"https:\/\/www.suno.com.br\/noticias\/uniao-investimento-publico-cortes\/#primaryimage","url":"https:\/\/files.sunoresearch.com.br\/n\/uploads\/2019\/05\/b4f66da3-fiscal-dinheiro-jpg.webp","contentUrl":"https:\/\/files.sunoresearch.com.br\/n\/uploads\/2019\/05\/b4f66da3-fiscal-dinheiro-jpg.webp","width":600,"height":320,"caption":"O preg\u00e3o das taxas do Tesouro Direto funciona das 9h30 \u00e0s 18h."},{"@type":"BreadcrumbList","@id":"https:\/\/www.suno.com.br\/noticias\/uniao-investimento-publico-cortes\/#breadcrumb","itemListElement":[{"@type":"ListItem","position":1,"name":"Not\u00edcias","item":"https:\/\/www.suno.com.br\/noticias\/"},{"@type":"ListItem","position":2,"name":"Economia","item":"https:\/\/www.suno.com.br\/noticias\/economia\/"},{"@type":"ListItem","position":3,"name":"Uni\u00e3o registra o menor patamar de investimento no 1\u00b0 trimestre de 2019"}]},{"@type":"WebSite","@id":"https:\/\/www.suno.com.br\/noticias\/#website","url":"https:\/\/www.suno.com.br\/noticias\/","name":"Suno Not\u00edcias","description":"Seu portal de informa\u00e7\u00e3o sobre o mundo dos investimentos","publisher":{"@id":"https:\/\/www.suno.com.br\/noticias\/#organization"},"potentialAction":[{"@type":"SearchAction","target":{"@type":"EntryPoint","urlTemplate":"https:\/\/www.suno.com.br\/noticias\/?s={search_term_string}"},"query-input":{"@type":"PropertyValueSpecification","valueRequired":true,"valueName":"search_term_string"}}],"inLanguage":"pt-BR"},{"@type":"Organization","@id":"https:\/\/www.suno.com.br\/noticias\/#organization","name":"Suno Not\u00edcias","url":"https:\/\/www.suno.com.br\/noticias\/","logo":{"@type":"ImageObject","inLanguage":"pt-BR","@id":"https:\/\/www.suno.com.br\/noticias\/#\/schema\/logo\/image\/","url":"https:\/\/files.sunoresearch.com.br\/n\/uploads\/2021\/09\/suno-logo.png","contentUrl":"https:\/\/files.sunoresearch.com.br\/n\/uploads\/2021\/09\/suno-logo.png","width":180,"height":180,"caption":"Suno Not\u00edcias"},"image":{"@id":"https:\/\/www.suno.com.br\/noticias\/#\/schema\/logo\/image\/"},"sameAs":["https:\/\/facebook.com\/sunoresearch","https:\/\/x.com\/sunoresearch","https:\/\/www.instagram.com\/suno","https:\/\/www.linkedin.com\/company\/suno-research\/","https:\/\/www.youtube.com\/c\/sunoresearch"]},{"@type":"Person","@id":"https:\/\/www.suno.com.br\/noticias\/#\/schema\/person\/02ec1f752758247878a2bf4abee1aeda","name":"Poliana Santos","image":{"@type":"ImageObject","inLanguage":"pt-BR","@id":"https:\/\/www.suno.com.br\/noticias\/#\/schema\/person\/image\/","url":"https:\/\/secure.gravatar.com\/avatar\/0645bd32f23d87b2130f2b2dff1d3f8d?s=96&r=g","contentUrl":"https:\/\/secure.gravatar.com\/avatar\/0645bd32f23d87b2130f2b2dff1d3f8d?s=96&r=g","caption":"Poliana Santos"},"description":"Rep\u00f3rter no Suno Not\u00edcias, com cobertura em mercado financeiro, economia, finan\u00e7as pessoais, renda fixa e varejo. Jornalista formada pela Faculdade C\u00e1sper L\u00edbero e possui passagem na R\u00e1dio Gazeta AM com a produ\u00e7\u00e3o de conte\u00fado sobre economia, pol\u00edtica, sa\u00fade, moda e m\u00fasica. Possui certificado de conclus\u00e3o do curso de An\u00e1lise de Balan\u00e7os pela Funda\u00e7\u00e3o Bradesco, Agenda Brasil pela FAAP, Educa\u00e7\u00e3o Pol\u00edtica por Alexandre Garcia e do Tesouro Direto e Mercado de A\u00e7\u00f5es pela B3.","url":"https:\/\/www.suno.com.br\/noticias\/author\/poliana-santos\/"}]}},"default_loop_html":"<div class=\"cardsPage__listCard__boxs\"><div class=\"cardsPage__listCard__boxs__img\"><a href=\"https:\/\/www.suno.com.br\/noticias\/uniao-investimento-publico-cortes\/\"><img class=\"mask\" src=\"https:\/\/www.suno.com.br\/noticias\/wp-content\/themes\/suno\/resources\/images\/spotlight\/spotlight1img\/bg-mask.png\" alt=\"Image Mask\"\/><img src=\"https:\/\/files.sunoresearch.com.br\/n\/uploads\/2019\/05\/b4f66da3-fiscal-dinheiro-400x200.webp\" alt=\"Uni\u00e3o registra o menor patamar de investimento no 1\u00b0 trimestre de 2019\"\/><\/a><span class=\"spotlightCategory\"><a href=\"https:\/\/www.suno.com.br\/noticias\/economia\/\">Economia<\/a><\/span><\/div><div class=\"cardsPage__listCard__boxs__content\"><a href=\"https:\/\/www.suno.com.br\/noticias\/uniao-investimento-publico-cortes\/\"><h2 class=\"content__title\">Uni\u00e3o registra o menor patamar de investimento no 1\u00b0 trimestre de 2019<\/h2><\/a><div class=\"newsContent__article__meta\"><div class=\"newsContent__article__meta__authorBox\"><a href=\"https:\/\/www.suno.com.br\/noticias\/author\/poliana-santos\/\" class=\"authorBox__avatar noMobi\"><img src=\"https:\/\/files.sunoresearch.com.br\/n\/uploads\/2020\/08\/7ef34026-whatsapp-image-2020-08-03-at-12.37.57-150x150.webp\" alt=\"Poliana Santos\"><\/a><div class=\"authorBox__name\"><span>por\n\t\t\t<a href=\"https:\/\/www.suno.com.br\/noticias\/author\/poliana-santos\/\"><span itemprop=\"author\">Poliana Santos<\/span><\/a><\/span><time datetime=\"2019-05-17T11:16:48-03:00\" itemprop=\"datePublished\">17\/05\/2019 11:16<\/time><\/div><\/div><\/div><\/div><\/div>","single_layout":"posts","amp_enabled":true,"_links":{"self":[{"href":"https:\/\/www.suno.com.br\/noticias\/wp-json\/wp\/v2\/posts\/24954"}],"collection":[{"href":"https:\/\/www.suno.com.br\/noticias\/wp-json\/wp\/v2\/posts"}],"about":[{"href":"https:\/\/www.suno.com.br\/noticias\/wp-json\/wp\/v2\/types\/post"}],"author":[{"embeddable":true,"href":"https:\/\/www.suno.com.br\/noticias\/wp-json\/wp\/v2\/users\/15"}],"replies":[{"embeddable":true,"href":"https:\/\/www.suno.com.br\/noticias\/wp-json\/wp\/v2\/comments?post=24954"}],"version-history":[{"count":0,"href":"https:\/\/www.suno.com.br\/noticias\/wp-json\/wp\/v2\/posts\/24954\/revisions"}],"wp:featuredmedia":[{"embeddable":true,"href":"https:\/\/www.suno.com.br\/noticias\/wp-json\/wp\/v2\/media\/24993"}],"wp:attachment":[{"href":"https:\/\/www.suno.com.br\/noticias\/wp-json\/wp\/v2\/media?parent=24954"}],"wp:term":[{"taxonomy":"category","embeddable":true,"href":"https:\/\/www.suno.com.br\/noticias\/wp-json\/wp\/v2\/categories?post=24954"},{"taxonomy":"post_tag","embeddable":true,"href":"https:\/\/www.suno.com.br\/noticias\/wp-json\/wp\/v2\/tags?post=24954"},{"taxonomy":"suno_strategy","embeddable":true,"href":"https:\/\/www.suno.com.br\/noticias\/wp-json\/wp\/v2\/suno_strategy?post=24954"}],"curies":[{"name":"wp","href":"https:\/\/api.w.org\/{rel}","templated":true}]}}