{"id":249513,"date":"2022-04-09T12:54:29","date_gmt":"2022-04-09T15:54:29","guid":{"rendered":"https:\/\/www.suno.com.br\/noticias\/?p=249513"},"modified":"2022-04-09T12:54:29","modified_gmt":"2022-04-09T15:54:29","slug":"petrobras-petr4-minoritario-risco-judicial-abuso-poder","status":"publish","type":"post","link":"https:\/\/www.suno.com.br\/noticias\/petrobras-petr4-minoritario-risco-judicial-abuso-poder\/","title":{"rendered":"Petrobras (PETR4): minorit\u00e1rio aponta risco judicial por abuso de poder de Bolsonaro"},"content":{"rendered":"<p>Declara\u00e7\u00f5es do presidente Jair Bolsonaro (PL) contra a <strong>pol\u00edtica de pre\u00e7os da <a class=\"suno-keyword\" href=\"https:\/\/www.suno.com.br\/acoes\/PETR4\/\" target=\"_blank\" rel=\"noopener\" data-force=\"yes\" data-priority=\"2\">Petrobras (PETR4)<\/a><\/strong> e a maneira como a Uni\u00e3o decidiu substituir <a href=\"https:\/\/www.suno.com.br\/noticias\/petrobras-petr4-governo-indica-jose-mauro-coelho-presidencia\/\">Joaquim Silva e Luna<\/a> da presid\u00eancia da companhia podem configurar abuso de poder pelo <a class=\"suno-keyword\" href=\"https:\/\/www.suno.com.br\/artigos\/acionista-controlador\/\" target=\"_blank\" rel=\"noopener\" data-force=\"no\" data-priority=\"1\">acionista controlador<\/a>, que \u00e9 a Uni\u00e3o. A an\u00e1lise \u00e9 do economista e advogado Francisco Petros, ex-conselheiro e ex-diretor de pessoas da estatal e especialista em Direito Societ\u00e1rio. Petros foi indicado para compor o <strong><a class=\"suno-keyword\" href=\"https:\/\/www.suno.com.br\/artigos\/conselho-administracao\/\" target=\"_blank\" rel=\"noopener\" data-force=\"no\" data-priority=\"1\">conselho de administra\u00e7\u00e3o<\/a><\/strong> e aguarda vota\u00e7\u00e3o pela assembleia geral, que acontece no dia 13 de abril. Seu nome foi levado \u00e0 empresa pelos minorit\u00e1rios.<\/p>\t<div class=\"wrapper-featured-image\">\n\t\t<figure class=\"spotlightImg\">\n\n\t\t\t<picture>\n\t\t\t\t<source media=\"(max-width: 768px)\" srcset=\"https:\/\/files.sunoresearch.com.br\/n\/uploads\/2022\/03\/Sede2-400x200.jpg\">\n\t\t\t\t<img loading=\"lazy\" decoding=\"async\" class=\"newsContent__article__imgCapa lazyloadDisabled \" src=\"https:\/\/files.sunoresearch.com.br\/n\/uploads\/2022\/03\/Sede2-800x450.jpg\" width=\"800\" height=\"450\" alt=\"Petrobras (PETR4): minorit\u00e1rio aponta risco judicial por abuso de poder de Bolsonaro\" fetchpriority=high \/>\n\t\t\t<\/picture>\n\n\t\t\t<figcaption class=\"wp-caption-text wp-caption-text--show\">Petrobras (PETR4). Foto: Fernando Fraz\u00e3o\/Ag\u00eancia Brasil<\/figcaption>\n\t\t<\/figure>\n\t<\/div>\n\n\n\t<p>\n\t\t<a href=\"\" target=\"_blank\" data-element=\"shortcode-suno-banner\" title=\"Banner SUNO, clique e saiba mais\">\n\t\t\t<picture>\n\t\t\t\t<source media=\"(max-width: 500px)\" srcset=\"\">\n\t\t\t\t<img class=\"newsContent__article__imgCapa newsContent__article__imgCapa--banner\"\n\t\t\t\t\tsrc=\"\"\n\t\t\t\t\tdata-promo-id=\"138420\"\t\t\t\t\t\t\t\t\t\t\t\t\t\t\talt=\"\"\n\t\t\t\t>\n\t\t\t<\/picture>\n\t\t<\/a>\n\t<\/p>\n\n\n<p>\u201cS\u00e3o temas que dependem de uma constru\u00e7\u00e3o jur\u00eddica mais concreta, mas que podem levar a empresa a responder a\u00e7\u00f5es coletivas e de responsabiliza\u00e7\u00e3o civil ou a enfrentar um processo de arbitragem\u201d, afirma, em entrevista \u00e0 <b>Bloomberg L\u00ednea<\/b>.<\/p>\n<p>O advogado explica que a Lei das Sociedades por A\u00e7\u00f5es, ou Lei da S.A., considera <strong>abuso de poder<\/strong> do controlador atos que o beneficiem ou que sejam considerados prejudiciais \u00e0 empresa.<\/p>\n<p>\u201cOu seja, o que temos \u00e9 o seguinte: a lei diz quais s\u00e3o as obriga\u00e7\u00f5es e prerrogativas do controlador e diz que se ele incorrer nas situa\u00e7\u00f5es descritas como abuso ou se exceder em seus poderes, est\u00e1 pass\u00edvel de ser processado\u201d, afirma Petros. Ele chama aten\u00e7\u00e3o ainda para o artigo 159, que autoriza a pr\u00f3pria empresa a ajuizar uma a\u00e7\u00e3o de responsabiliza\u00e7\u00e3o (ou a\u00e7\u00e3o por danos morais e materiais) contra o controlador.<\/p>\n<p>Um exemplo do que Petros descreve seria mudar a pol\u00edtica de pre\u00e7os da empresa para baixar o <strong>custo do petr\u00f3leo<\/strong> em detrimento dos direitos dos acionistas. Outro seria a nomea\u00e7\u00e3o de um presidente que tenha se comprometido a agir para reduzir o <a class=\"suno-keyword\" href=\"https:\/\/www.suno.com.br\/artigos\/preco-do-petroleo\/\" target=\"_blank\" rel=\"noopener\" data-force=\"no\" data-priority=\"1\">pre\u00e7o do petr\u00f3leo<\/a> em detrimento da <a class=\"suno-keyword\" href=\"https:\/\/www.suno.com.br\/artigos\/margem-de-lucro\/\" target=\"_blank\" rel=\"noopener\" data-force=\"no\" data-priority=\"1\">margem de lucro<\/a> da companhia, afirma.<\/p>\n<p>Bolsonaro vem desde o in\u00edcio do ano reclamando da pol\u00edtica de <strong>pre\u00e7os da Petrobras<\/strong>. Em mar\u00e7o, a empresa anunciou reajuste de 18,7% na gasolina e 24.9% para o diesel.<\/p>\n<p>Uma semana depois, Bolsonaro disse que a Petrobras \u201cn\u00e3o \u00e9 o que eu gostaria, n\u00e3o\u201d. \u201cN\u00e3o mando na Petrobras, n\u00e3o tenho inger\u00eancia sobre ela, mas o que a gente puder fazer, a gente faz\u201d, disse a apoiadores na entrada do Pal\u00e1cio da Alvorada.<\/p>\n\t<p>\n\t\t<a href=\"https:\/\/lp.suno.com.br\/ebook-como-analisar-uma-acao\/\" target=\"_blank\" data-element=\"shortcode-suno-banner\" title=\"Banner SUNO, clique e saiba mais\">\n\t\t\t<picture>\n\t\t\t\t<source media=\"(max-width: 500px)\" srcset=\"https:\/\/files.sunoresearch.com.br\/n\/uploads\/2023\/03\/Ebook-Acoes-Mobile-1.jpg\">\n\t\t\t\t<img class=\"newsContent__article__imgCapa newsContent__article__imgCapa--banner\"\n\t\t\t\t\tsrc=\"https:\/\/files.sunoresearch.com.br\/n\/uploads\/2023\/03\/Ebook-Acoes-Desktop-1.jpg\"\n\t\t\t\t\tdata-promo-id=\"171998\"\t\t\t\t\t\t\t\t\t\twidth='1420' height='286'\t\t\t\t\talt=\"https:\/\/files.sunoresearch.com.br\/n\/uploads\/2023\/03\/Ebook-Acoes-Desktop-1.jpg\"\n\t\t\t\t>\n\t\t\t<\/picture>\n\t\t<\/a>\n\t<\/p>\n\n\n<p>Na semana passada, o governo enviou sua <strong>lista de indicados<\/strong> para compor o conselho de administra\u00e7\u00e3o da companhia e n\u00e3o reconduziu o presidente, o general Joaquim Silva e Luna. Para o lugar dele, indicou o economista Adriano Pires. Para a <strong>presid\u00eancia do conselho de administra\u00e7\u00e3o<\/strong>, o indicado foi o presidente do Flamengo, Rodolfo Landim.<\/p>\n<p>Ambos depois desistiram de aceitar o convite do governo para os cargos. Alegaram que n\u00e3o poderiam continuar em suas atividades empresariais e entrar na Petrobras sem incorrer em conflito de interesses.<\/p>\n\t<p>\n\t\t<a href=\"https:\/\/lp.suno.com.br\/planilha-controle-gastos\/\" target=\"_blank\" data-element=\"shortcode-suno-banner\" title=\"Banner SUNO, clique e saiba mais\">\n\t\t\t<picture>\n\t\t\t\t<source media=\"(max-width: 500px)\" srcset=\"https:\/\/files.sunoresearch.com.br\/n\/uploads\/2023\/03\/400x300-Planilha-controle-de-gastos.png\">\n\t\t\t\t<img class=\"newsContent__article__imgCapa newsContent__article__imgCapa--banner\"\n\t\t\t\t\tsrc=\"https:\/\/files.sunoresearch.com.br\/n\/uploads\/2023\/03\/1420x240-Planilha-controle-de-gastos.png\"\n\t\t\t\t\tdata-promo-id=\"101751\"\t\t\t\t\t\t\t\t\t\twidth='1420' height='240'\t\t\t\t\talt=\"https:\/\/files.sunoresearch.com.br\/n\/uploads\/2023\/03\/1420x240-Planilha-controle-de-gastos.png\"\n\t\t\t\t>\n\t\t\t<\/picture>\n\t\t<\/a>\n\t<\/p>\n\n\n<p>Na quarta-feira (6), o governo indicou <strong>Jos\u00e9 Mauro Coelho<\/strong>, ex-secret\u00e1rio de Petr\u00f3leo, G\u00e1s Natural e Biocombust\u00edveis do Minist\u00e9rio de Minas e Energia para presidir a estatal. Ele \u00e9 pr\u00f3ximo do <strong>ministro de Minas e Energia<\/strong>, Bento Albuquerque, e ficou na pasta at\u00e9 outubro de 2020, quando se demitiu no mesmo dia em que diversos secret\u00e1rios do <a class=\"suno-keyword\" href=\"https:\/\/www.suno.com.br\/artigos\/ministerio-da-economia\/\" target=\"_blank\" rel=\"noopener\" data-force=\"no\" data-priority=\"3\">Minist\u00e9rio da Economia<\/a> deixaram seus cargos.<\/p>\n<p>Enquanto n\u00e3o indicava Coelho, no entanto, o governo enviou sinais confusos sobre a Petrobras. Chegou circular no mercado a informa\u00e7\u00e3o de que Silva e Luna seria mantido no cargo, mas o general negou o boato, dizendo-se insatisfeito com as interfer\u00eancias pol\u00edticas em seu trabalho.<\/p>\n<p>Antes da indica\u00e7\u00e3o definitiva do <strong>ex-secret\u00e1rio do MME<\/strong>, um dos cotados para presidir a Petrobras foi o secret\u00e1rio de Desburocratiza\u00e7\u00e3o do Minist\u00e9rio da Economia, Caio Paes de Andrade. Ele \u00e9 pr\u00f3ximo do ministro Paulo Guedes, mas \u00e9 mal visto por n\u00e3o ter experi\u00eancia no <strong>setor de \u00f3leo e g\u00e1s <\/strong>e ser considerado um remendo pol\u00edtico para o ano eleitoral.<\/p>\n\t<p>\n\t\t<a href=\"https:\/\/lp.suno.com.br\/planilha-da-vida-financeira\/\" target=\"_blank\" data-element=\"shortcode-suno-banner\" title=\"Banner SUNO, clique e saiba mais\">\n\t\t\t<picture>\n\t\t\t\t<source media=\"(max-width: 500px)\" srcset=\"https:\/\/files.sunoresearch.com.br\/n\/uploads\/2023\/04\/400x300-Planilha-vida-financeira-true.png\">\n\t\t\t\t<img class=\"newsContent__article__imgCapa newsContent__article__imgCapa--banner\"\n\t\t\t\t\tsrc=\"https:\/\/files.sunoresearch.com.br\/n\/uploads\/2023\/04\/1420x240-Planilha-vida-financeira-true.png\"\n\t\t\t\t\tdata-promo-id=\"106682\"\t\t\t\t\t\t\t\t\t\twidth='1420' height='240'\t\t\t\t\talt=\"https:\/\/files.sunoresearch.com.br\/n\/uploads\/2023\/04\/1420x240-Planilha-vida-financeira-true.png\"\n\t\t\t\t>\n\t\t\t<\/picture>\n\t\t<\/a>\n\t<\/p>\n\n\n<h2>Petrobras: Maioria de minorit\u00e1rios<\/h2>\n<p>Prov\u00e1vel representante dos minorit\u00e1rios no pr\u00f3ximo conselho, Francisco Petros n\u00e3o gosta do termo para designar os acionistas privados da companhia. \u201cHoje, 64% das a\u00e7\u00f5es da Petrobras est\u00e3o nas m\u00e3os dos \u2018minorit\u00e1rios\u2019. A Uni\u00e3o \u00e9 a acionista controladora, mas n\u00e3o det\u00e9m a<strong> maioria do capital<\/strong>\u201d, afirma.<\/p>\n<p>\u201cPortanto, uma a\u00e7\u00e3o adotada com o objetivo de reduzir a margem de lucro \u00e9 uma a\u00e7\u00e3o contra 64% do capital da companhia. Isso pode, sim, ser entendido como abuso de autoridade por parte do controlador.\u201d<\/p>\n<p>E resume: \u201cSe uma coisa \u00e9 prejudicial \u00e0 empresa, mas \u00e9 feita mesmo assim e por ordem do controlador, \u00e9 abusivo. E \u00e9 indeniz\u00e1vel porque retira dinheiro e direitos dos acionistas\u201d.<\/p>\n<h2>Cad\u00e1veres da Lava Jato<\/h2>\n<p>Petros foi <strong>membro do conselho<\/strong> de administra\u00e7\u00e3o da Petrobras entre 2015 e 2018. Ele foi um dos respons\u00e1veis pela <strong>reestrutura\u00e7\u00e3o da empresa<\/strong> logo depois da Lava Jato, com a cria\u00e7\u00e3o de um programa de <a class=\"suno-keyword\" href=\"https:\/\/www.suno.com.br\/artigos\/governanca-corporativa\/\" target=\"_blank\" rel=\"noopener\" data-force=\"no\" data-priority=\"2\">governan\u00e7a corporativa<\/a> e de altera\u00e7\u00f5es no estatuto para impedir que a companhia voltasse a ser v\u00edtima de indica\u00e7\u00f5es pol\u00edticas com fins escusos, conforme foi descoberto pelas investiga\u00e7\u00f5es da Lava Jato.<\/p>\n<p>Uma de suas contribui\u00e7\u00f5es foi o artigo 23 da atual vers\u00e3o do <strong><a class=\"suno-keyword\" href=\"https:\/\/www.suno.com.br\/artigos\/estatuto-social\/\" target=\"_blank\" rel=\"noopener\" data-force=\"no\" data-priority=\"1\">Estatuto Social<\/a> da Petrobras<\/strong>. O artigo diz que \u201cos membros do conselho de administra\u00e7\u00e3o e da diretoria executiva responder\u00e3o, nos termos do artigo 158, da Lei 6.404, de 1976 [<i>Lei das S.A<\/i>], individual e solidariamente, pelos atos que praticarem e pelos preju\u00edzos que deles decorram para a companhia\u201d.<\/p>\n<p>\u201cO que estamos vendo \u00e9 mais um dos cad\u00e1veres da Lava Jato. A opera\u00e7\u00e3o acabou e algumas coisas voltam a acontecer: o presidente da Rep\u00fablica decide demitir o presidente da companhia porque n\u00e3o concorda com a pol\u00edtica de pre\u00e7os, e a\u00ed n\u00e3o consegue encontrar algu\u00e9m qualificado para o lugar. \u00c9 inacredit\u00e1vel que isso ainda aconte\u00e7a\u201d, diz Petros, em entrevista \u00e0 Bloomberg L\u00ednea.<\/p>\n<p>Segundo ele, as indica\u00e7\u00f5es pol\u00edticas est\u00e3o na raiz dos problemas que a Petrobras enfrentou anos atr\u00e1s.<\/p>\n<p>Paulo Roberto Costa, ex-diretor de Abastecimento da estatal, por exemplo, era uma indica\u00e7\u00e3o do PP, que fazia parte da base dos governos petistas no Congresso &#8211; e tamb\u00e9m faz parte da base do <strong>governo Bolsonaro<\/strong>. J\u00e1 a Diretoria Internacional era da cota de indica\u00e7\u00f5es do MDB (na \u00e9poca, PMDB).<\/p>\n<p>Costa foi o respons\u00e1vel pela principal dela\u00e7\u00e3o premiada usada pelo Minist\u00e9rio P\u00fablico Federal para construir as den\u00fancias apresentadas \u00e0 Justi\u00e7a. Segundo o ex-diretor, a Petrobras era parte de um esquema de superfaturamento de contratos com grandes construtoras, que subornavam diretores da estatal e doavam parte dos lucros com esses contratos ao sistema pol\u00edtico.<\/p>\n<p>As revela\u00e7\u00f5es tamb\u00e9m foram usadas por um grupo de<strong> acionistas da Petrobras<\/strong> nos Estados Unidos. Numa a\u00e7\u00e3o coletiva, eles acusaram a empresa de descuidar de seus processos internos e expor os investidores e acionistas a situa\u00e7\u00f5es de corrup\u00e7\u00e3o e improbidade administrativa.<\/p>\n<p>Esse processo resultou no pagamento de uma multa de US$ 3 bilh\u00f5es pela Petrobras \u00e0 SEC (Securities and Exchange Commission, \u00f3rg\u00e3o regulador do <a class=\"suno-keyword\" href=\"https:\/\/www.suno.com.br\/artigos\/mercado-de-capitais-conceito\/\" target=\"_blank\" rel=\"noopener\" data-force=\"no\" data-priority=\"1\">mercado de capitais<\/a> dos EUA). Petros foi um dos respons\u00e1veis por negociar o valor com as autoridades norte-americanas e foi um dos pontos de contato da estatal com a comiss\u00e3o externa de investiga\u00e7\u00e3o nomeada para apurar os desvios na empresa.<\/p>\n<p>\u201cA diferen\u00e7a do que acontece hoje para o que aconteceu naquela \u00e9poca \u00e9 que hoje a empresa tem ferramentas jur\u00eddicas para se defender. Se o governo quer mexer no pre\u00e7o dos combust\u00edveis, que o fa\u00e7a por meio de uma pol\u00edtica p\u00fablica, e n\u00e3o intervindo na <strong>Petrobras<\/strong>\u201d, conclui o advogado.<\/p>\n<p><a class=\"sponsored-link\" href=\"https:\/\/www.bloomberglinea.com.br\/\" rel=\"sponsored\">Ver mais em Bloomberg L\u00ednea Brasil<\/a><\/p>\n\t<p>\n\t\t<a href=\"https:\/\/lp.suno.com.br\/planilha-de-controle-de-investimentos\/\" target=\"_blank\" data-element=\"shortcode-suno-banner\" title=\"Banner SUNO, clique e saiba mais\">\n\t\t\t<picture>\n\t\t\t\t<source media=\"(max-width: 500px)\" srcset=\"https:\/\/files.sunoresearch.com.br\/n\/uploads\/2023\/03\/400x300-Controle-de-Investimentos.png\">\n\t\t\t\t<img class=\"newsContent__article__imgCapa newsContent__article__imgCapa--banner\"\n\t\t\t\t\tsrc=\"https:\/\/files.sunoresearch.com.br\/n\/uploads\/2023\/03\/1420x240-Controle-de-Investimentos.png\"\n\t\t\t\t\tdata-promo-id=\"75934\"\t\t\t\t\t\t\t\t\t\twidth='1420' height='240'\t\t\t\t\talt=\"https:\/\/files.sunoresearch.com.br\/n\/uploads\/2023\/03\/1420x240-Controle-de-Investimentos.png\"\n\t\t\t\t>\n\t\t\t<\/picture>\n\t\t<\/a>\n\t<\/p>\n\n\n","protected":false},"excerpt":{"rendered":"<p>Declara\u00e7\u00f5es do presidente Jair Bolsonaro (PL) contra a pol\u00edtica de pre\u00e7os da Petrobras (PETR4) e a maneira como a Uni\u00e3o decidiu substituir Joaquim Silva e Luna da presid\u00eancia da companhia podem configurar abuso de poder pelo acionista controlador, que \u00e9 a Uni\u00e3o. A an\u00e1lise \u00e9 do economista e advogado Francisco Petros, ex-conselheiro e ex-diretor de [&hellip;]<\/p>\n","protected":false},"author":151,"featured_media":242986,"comment_status":"closed","ping_status":"closed","sticky":false,"template":"","format":"standard","meta":[],"categories":[64],"tags":[595],"suno_strategy":[],"class_list":["post-249513","post","type-post","status-publish","format-standard","has-post-thumbnail","hentry","category-negocios","tag-petrobras-petr4"],"yoast_head":"<!-- This site is optimized with the Yoast SEO plugin v24.4 - https:\/\/yoast.com\/wordpress\/plugins\/seo\/ -->\n<title>Petrobras (PETR4): minorit\u00e1rio aponta risco judicial por abuso de poder<\/title>\n<meta name=\"description\" content=\"Maneira como a Uni\u00e3o substituiu presidente da Petrobras pode configurar abuso de poder pelo acionista controlador, diz minorit\u00e1rio\" \/>\n<meta name=\"robots\" content=\"index, follow, max-snippet:-1, max-image-preview:large, max-video-preview:-1\" \/>\n<link rel=\"canonical\" href=\"https:\/\/www.suno.com.br\/noticias\/petrobras-petr4-minoritario-risco-judicial-abuso-poder\/\" \/>\n<meta property=\"og:locale\" content=\"pt_BR\" \/>\n<meta property=\"og:type\" content=\"article\" \/>\n<meta property=\"og:title\" content=\"Petrobras (PETR4): minorit\u00e1rio aponta risco judicial por abuso de poder\" \/>\n<meta property=\"og:description\" content=\"Maneira como a Uni\u00e3o substituiu presidente da Petrobras pode configurar abuso de poder pelo acionista controlador, diz minorit\u00e1rio\" \/>\n<meta property=\"og:url\" content=\"https:\/\/www.suno.com.br\/noticias\/petrobras-petr4-minoritario-risco-judicial-abuso-poder\/\" \/>\n<meta property=\"og:site_name\" content=\"Suno Not\u00edcias\" \/>\n<meta property=\"article:publisher\" content=\"https:\/\/facebook.com\/sunoresearch\" \/>\n<meta property=\"og:image\" content=\"https:\/\/files.sunoresearch.com.br\/n\/uploads\/2022\/03\/Sede2-scaled.jpg\" \/>\n\t<meta property=\"og:image:width\" content=\"2560\" \/>\n\t<meta property=\"og:image:height\" content=\"1707\" \/>\n\t<meta property=\"og:image:type\" content=\"image\/jpeg\" \/>\n<meta name=\"author\" content=\"Bloomberg L\u00ednea\" \/>\n<meta name=\"twitter:card\" content=\"summary_large_image\" \/>\n<meta name=\"twitter:creator\" content=\"@sunoresearch\" \/>\n<meta name=\"twitter:site\" content=\"@sunoresearch\" \/>\n<meta name=\"twitter:label1\" content=\"Escrito por\" \/>\n\t<meta name=\"twitter:data1\" content=\"Bloomberg L\u00ednea\" \/>\n\t<meta name=\"twitter:label2\" content=\"Est. tempo de leitura\" \/>\n\t<meta name=\"twitter:data2\" content=\"6 minutos\" \/>\n<script type=\"application\/ld+json\" class=\"yoast-schema-graph\">{\"@context\":\"https:\/\/schema.org\",\"@graph\":[{\"@type\":\"NewsArticle\",\"@id\":\"https:\/\/www.suno.com.br\/noticias\/petrobras-petr4-minoritario-risco-judicial-abuso-poder\/#article\",\"isPartOf\":{\"@id\":\"https:\/\/www.suno.com.br\/noticias\/petrobras-petr4-minoritario-risco-judicial-abuso-poder\/\"},\"author\":{\"name\":\"Bloomberg L\u00ednea\",\"@id\":\"https:\/\/www.suno.com.br\/noticias\/#\/schema\/person\/8fa6a71abbb0279bb07df70186cee9bc\"},\"headline\":\"Petrobras (PETR4): minorit\u00e1rio aponta risco judicial por abuso de poder de Bolsonaro\",\"datePublished\":\"2022-04-09T15:54:29+00:00\",\"mainEntityOfPage\":{\"@id\":\"https:\/\/www.suno.com.br\/noticias\/petrobras-petr4-minoritario-risco-judicial-abuso-poder\/\"},\"wordCount\":1328,\"publisher\":{\"@id\":\"https:\/\/www.suno.com.br\/noticias\/#organization\"},\"image\":{\"@id\":\"https:\/\/www.suno.com.br\/noticias\/petrobras-petr4-minoritario-risco-judicial-abuso-poder\/#primaryimage\"},\"thumbnailUrl\":\"https:\/\/files.sunoresearch.com.br\/n\/uploads\/2022\/03\/Sede2-scaled.jpg\",\"keywords\":[\"Petrobras (PETR4)\"],\"articleSection\":[\"Neg\u00f3cios\"],\"inLanguage\":\"pt-BR\"},{\"@type\":\"WebPage\",\"@id\":\"https:\/\/www.suno.com.br\/noticias\/petrobras-petr4-minoritario-risco-judicial-abuso-poder\/\",\"url\":\"https:\/\/www.suno.com.br\/noticias\/petrobras-petr4-minoritario-risco-judicial-abuso-poder\/\",\"name\":\"Petrobras (PETR4): minorit\u00e1rio aponta risco judicial por abuso de poder\",\"isPartOf\":{\"@id\":\"https:\/\/www.suno.com.br\/noticias\/#website\"},\"primaryImageOfPage\":{\"@id\":\"https:\/\/www.suno.com.br\/noticias\/petrobras-petr4-minoritario-risco-judicial-abuso-poder\/#primaryimage\"},\"image\":{\"@id\":\"https:\/\/www.suno.com.br\/noticias\/petrobras-petr4-minoritario-risco-judicial-abuso-poder\/#primaryimage\"},\"thumbnailUrl\":\"https:\/\/files.sunoresearch.com.br\/n\/uploads\/2022\/03\/Sede2-scaled.jpg\",\"datePublished\":\"2022-04-09T15:54:29+00:00\",\"description\":\"Maneira como a Uni\u00e3o substituiu presidente da Petrobras pode configurar abuso de poder pelo acionista controlador, diz minorit\u00e1rio\",\"breadcrumb\":{\"@id\":\"https:\/\/www.suno.com.br\/noticias\/petrobras-petr4-minoritario-risco-judicial-abuso-poder\/#breadcrumb\"},\"inLanguage\":\"pt-BR\",\"potentialAction\":[{\"@type\":\"ReadAction\",\"target\":[\"https:\/\/www.suno.com.br\/noticias\/petrobras-petr4-minoritario-risco-judicial-abuso-poder\/\"]}]},{\"@type\":\"ImageObject\",\"inLanguage\":\"pt-BR\",\"@id\":\"https:\/\/www.suno.com.br\/noticias\/petrobras-petr4-minoritario-risco-judicial-abuso-poder\/#primaryimage\",\"url\":\"https:\/\/files.sunoresearch.com.br\/n\/uploads\/2022\/03\/Sede2-scaled.jpg\",\"contentUrl\":\"https:\/\/files.sunoresearch.com.br\/n\/uploads\/2022\/03\/Sede2-scaled.jpg\",\"width\":2560,\"height\":1707,\"caption\":\"Petrobras (PETR4). Foto: Fernando Fraz\u00e3o\/Ag\u00eancia Brasil\"},{\"@type\":\"BreadcrumbList\",\"@id\":\"https:\/\/www.suno.com.br\/noticias\/petrobras-petr4-minoritario-risco-judicial-abuso-poder\/#breadcrumb\",\"itemListElement\":[{\"@type\":\"ListItem\",\"position\":1,\"name\":\"Not\u00edcias\",\"item\":\"https:\/\/www.suno.com.br\/noticias\/\"},{\"@type\":\"ListItem\",\"position\":2,\"name\":\"Neg\u00f3cios\",\"item\":\"https:\/\/www.suno.com.br\/noticias\/negocios\/\"},{\"@type\":\"ListItem\",\"position\":3,\"name\":\"Petrobras (PETR4): minorit\u00e1rio aponta risco judicial por abuso de poder de Bolsonaro\"}]},{\"@type\":\"WebSite\",\"@id\":\"https:\/\/www.suno.com.br\/noticias\/#website\",\"url\":\"https:\/\/www.suno.com.br\/noticias\/\",\"name\":\"Suno Not\u00edcias\",\"description\":\"Seu portal de informa\u00e7\u00e3o sobre o mundo dos investimentos\",\"publisher\":{\"@id\":\"https:\/\/www.suno.com.br\/noticias\/#organization\"},\"potentialAction\":[{\"@type\":\"SearchAction\",\"target\":{\"@type\":\"EntryPoint\",\"urlTemplate\":\"https:\/\/www.suno.com.br\/noticias\/?s={search_term_string}\"},\"query-input\":{\"@type\":\"PropertyValueSpecification\",\"valueRequired\":true,\"valueName\":\"search_term_string\"}}],\"inLanguage\":\"pt-BR\"},{\"@type\":\"Organization\",\"@id\":\"https:\/\/www.suno.com.br\/noticias\/#organization\",\"name\":\"Suno Not\u00edcias\",\"url\":\"https:\/\/www.suno.com.br\/noticias\/\",\"logo\":{\"@type\":\"ImageObject\",\"inLanguage\":\"pt-BR\",\"@id\":\"https:\/\/www.suno.com.br\/noticias\/#\/schema\/logo\/image\/\",\"url\":\"https:\/\/files.sunoresearch.com.br\/n\/uploads\/2021\/09\/suno-logo.png\",\"contentUrl\":\"https:\/\/files.sunoresearch.com.br\/n\/uploads\/2021\/09\/suno-logo.png\",\"width\":180,\"height\":180,\"caption\":\"Suno Not\u00edcias\"},\"image\":{\"@id\":\"https:\/\/www.suno.com.br\/noticias\/#\/schema\/logo\/image\/\"},\"sameAs\":[\"https:\/\/facebook.com\/sunoresearch\",\"https:\/\/x.com\/sunoresearch\",\"https:\/\/www.instagram.com\/suno\",\"https:\/\/www.linkedin.com\/company\/suno-research\/\",\"https:\/\/www.youtube.com\/c\/sunoresearch\"]},{\"@type\":\"Person\",\"@id\":\"https:\/\/www.suno.com.br\/noticias\/#\/schema\/person\/8fa6a71abbb0279bb07df70186cee9bc\",\"name\":\"Bloomberg L\u00ednea\",\"image\":{\"@type\":\"ImageObject\",\"inLanguage\":\"pt-BR\",\"@id\":\"https:\/\/www.suno.com.br\/noticias\/#\/schema\/person\/image\/\",\"url\":\"https:\/\/secure.gravatar.com\/avatar\/cbb2eb58d29ff3df4d293b09aaa2db33?s=96&r=g\",\"contentUrl\":\"https:\/\/secure.gravatar.com\/avatar\/cbb2eb58d29ff3df4d293b09aaa2db33?s=96&r=g\",\"caption\":\"Bloomberg L\u00ednea\"},\"description\":\"A Bloomberg L\u00ednea uma marca multiplataforma de not\u00edcias de neg\u00f3cios na Am\u00e9rica Latina e no Caribe. Lan\u00e7ada em 2021, a Bloomberg L\u00ednea fornece ao p\u00fablico um conjunto incompar\u00e1vel de produtos digitais que atendem ao p\u00fablico de finan\u00e7as e neg\u00f3cios\",\"sameAs\":[\"http:\/\/www.bloomberglinea.com.br\"],\"url\":\"https:\/\/www.suno.com.br\/noticias\/author\/bloomberg-linea\/\"}]}<\/script>\n<!-- \/ Yoast SEO plugin. -->","yoast_head_json":{"title":"Petrobras (PETR4): minorit\u00e1rio aponta risco judicial por abuso de poder","description":"Maneira como a Uni\u00e3o substituiu presidente da Petrobras pode configurar abuso de poder pelo acionista controlador, diz minorit\u00e1rio","robots":{"index":"index","follow":"follow","max-snippet":"max-snippet:-1","max-image-preview":"max-image-preview:large","max-video-preview":"max-video-preview:-1"},"canonical":"https:\/\/www.suno.com.br\/noticias\/petrobras-petr4-minoritario-risco-judicial-abuso-poder\/","og_locale":"pt_BR","og_type":"article","og_title":"Petrobras (PETR4): minorit\u00e1rio aponta risco judicial por abuso de poder","og_description":"Maneira como a Uni\u00e3o substituiu presidente da Petrobras pode configurar abuso de poder pelo acionista controlador, diz minorit\u00e1rio","og_url":"https:\/\/www.suno.com.br\/noticias\/petrobras-petr4-minoritario-risco-judicial-abuso-poder\/","og_site_name":"Suno Not\u00edcias","article_publisher":"https:\/\/facebook.com\/sunoresearch","og_image":[{"width":2560,"height":1707,"url":"https:\/\/files.sunoresearch.com.br\/n\/uploads\/2022\/03\/Sede2-scaled.jpg","type":"image\/jpeg"}],"author":"Bloomberg L\u00ednea","twitter_card":"summary_large_image","twitter_creator":"@sunoresearch","twitter_site":"@sunoresearch","twitter_misc":{"Escrito por":"Bloomberg L\u00ednea","Est. tempo de leitura":"6 minutos"},"schema":{"@context":"https:\/\/schema.org","@graph":[{"@type":"NewsArticle","@id":"https:\/\/www.suno.com.br\/noticias\/petrobras-petr4-minoritario-risco-judicial-abuso-poder\/#article","isPartOf":{"@id":"https:\/\/www.suno.com.br\/noticias\/petrobras-petr4-minoritario-risco-judicial-abuso-poder\/"},"author":{"name":"Bloomberg L\u00ednea","@id":"https:\/\/www.suno.com.br\/noticias\/#\/schema\/person\/8fa6a71abbb0279bb07df70186cee9bc"},"headline":"Petrobras (PETR4): minorit\u00e1rio aponta risco judicial por abuso de poder de Bolsonaro","datePublished":"2022-04-09T15:54:29+00:00","mainEntityOfPage":{"@id":"https:\/\/www.suno.com.br\/noticias\/petrobras-petr4-minoritario-risco-judicial-abuso-poder\/"},"wordCount":1328,"publisher":{"@id":"https:\/\/www.suno.com.br\/noticias\/#organization"},"image":{"@id":"https:\/\/www.suno.com.br\/noticias\/petrobras-petr4-minoritario-risco-judicial-abuso-poder\/#primaryimage"},"thumbnailUrl":"https:\/\/files.sunoresearch.com.br\/n\/uploads\/2022\/03\/Sede2-scaled.jpg","keywords":["Petrobras (PETR4)"],"articleSection":["Neg\u00f3cios"],"inLanguage":"pt-BR"},{"@type":"WebPage","@id":"https:\/\/www.suno.com.br\/noticias\/petrobras-petr4-minoritario-risco-judicial-abuso-poder\/","url":"https:\/\/www.suno.com.br\/noticias\/petrobras-petr4-minoritario-risco-judicial-abuso-poder\/","name":"Petrobras (PETR4): minorit\u00e1rio aponta risco judicial por abuso de poder","isPartOf":{"@id":"https:\/\/www.suno.com.br\/noticias\/#website"},"primaryImageOfPage":{"@id":"https:\/\/www.suno.com.br\/noticias\/petrobras-petr4-minoritario-risco-judicial-abuso-poder\/#primaryimage"},"image":{"@id":"https:\/\/www.suno.com.br\/noticias\/petrobras-petr4-minoritario-risco-judicial-abuso-poder\/#primaryimage"},"thumbnailUrl":"https:\/\/files.sunoresearch.com.br\/n\/uploads\/2022\/03\/Sede2-scaled.jpg","datePublished":"2022-04-09T15:54:29+00:00","description":"Maneira como a Uni\u00e3o substituiu presidente da Petrobras pode configurar abuso de poder pelo acionista controlador, diz minorit\u00e1rio","breadcrumb":{"@id":"https:\/\/www.suno.com.br\/noticias\/petrobras-petr4-minoritario-risco-judicial-abuso-poder\/#breadcrumb"},"inLanguage":"pt-BR","potentialAction":[{"@type":"ReadAction","target":["https:\/\/www.suno.com.br\/noticias\/petrobras-petr4-minoritario-risco-judicial-abuso-poder\/"]}]},{"@type":"ImageObject","inLanguage":"pt-BR","@id":"https:\/\/www.suno.com.br\/noticias\/petrobras-petr4-minoritario-risco-judicial-abuso-poder\/#primaryimage","url":"https:\/\/files.sunoresearch.com.br\/n\/uploads\/2022\/03\/Sede2-scaled.jpg","contentUrl":"https:\/\/files.sunoresearch.com.br\/n\/uploads\/2022\/03\/Sede2-scaled.jpg","width":2560,"height":1707,"caption":"Petrobras (PETR4). Foto: Fernando Fraz\u00e3o\/Ag\u00eancia Brasil"},{"@type":"BreadcrumbList","@id":"https:\/\/www.suno.com.br\/noticias\/petrobras-petr4-minoritario-risco-judicial-abuso-poder\/#breadcrumb","itemListElement":[{"@type":"ListItem","position":1,"name":"Not\u00edcias","item":"https:\/\/www.suno.com.br\/noticias\/"},{"@type":"ListItem","position":2,"name":"Neg\u00f3cios","item":"https:\/\/www.suno.com.br\/noticias\/negocios\/"},{"@type":"ListItem","position":3,"name":"Petrobras (PETR4): minorit\u00e1rio aponta risco judicial por abuso de poder de Bolsonaro"}]},{"@type":"WebSite","@id":"https:\/\/www.suno.com.br\/noticias\/#website","url":"https:\/\/www.suno.com.br\/noticias\/","name":"Suno Not\u00edcias","description":"Seu portal de informa\u00e7\u00e3o sobre o mundo dos investimentos","publisher":{"@id":"https:\/\/www.suno.com.br\/noticias\/#organization"},"potentialAction":[{"@type":"SearchAction","target":{"@type":"EntryPoint","urlTemplate":"https:\/\/www.suno.com.br\/noticias\/?s={search_term_string}"},"query-input":{"@type":"PropertyValueSpecification","valueRequired":true,"valueName":"search_term_string"}}],"inLanguage":"pt-BR"},{"@type":"Organization","@id":"https:\/\/www.suno.com.br\/noticias\/#organization","name":"Suno Not\u00edcias","url":"https:\/\/www.suno.com.br\/noticias\/","logo":{"@type":"ImageObject","inLanguage":"pt-BR","@id":"https:\/\/www.suno.com.br\/noticias\/#\/schema\/logo\/image\/","url":"https:\/\/files.sunoresearch.com.br\/n\/uploads\/2021\/09\/suno-logo.png","contentUrl":"https:\/\/files.sunoresearch.com.br\/n\/uploads\/2021\/09\/suno-logo.png","width":180,"height":180,"caption":"Suno Not\u00edcias"},"image":{"@id":"https:\/\/www.suno.com.br\/noticias\/#\/schema\/logo\/image\/"},"sameAs":["https:\/\/facebook.com\/sunoresearch","https:\/\/x.com\/sunoresearch","https:\/\/www.instagram.com\/suno","https:\/\/www.linkedin.com\/company\/suno-research\/","https:\/\/www.youtube.com\/c\/sunoresearch"]},{"@type":"Person","@id":"https:\/\/www.suno.com.br\/noticias\/#\/schema\/person\/8fa6a71abbb0279bb07df70186cee9bc","name":"Bloomberg L\u00ednea","image":{"@type":"ImageObject","inLanguage":"pt-BR","@id":"https:\/\/www.suno.com.br\/noticias\/#\/schema\/person\/image\/","url":"https:\/\/secure.gravatar.com\/avatar\/cbb2eb58d29ff3df4d293b09aaa2db33?s=96&r=g","contentUrl":"https:\/\/secure.gravatar.com\/avatar\/cbb2eb58d29ff3df4d293b09aaa2db33?s=96&r=g","caption":"Bloomberg L\u00ednea"},"description":"A Bloomberg L\u00ednea uma marca multiplataforma de not\u00edcias de neg\u00f3cios na Am\u00e9rica Latina e no Caribe. Lan\u00e7ada em 2021, a Bloomberg L\u00ednea fornece ao p\u00fablico um conjunto incompar\u00e1vel de produtos digitais que atendem ao p\u00fablico de finan\u00e7as e neg\u00f3cios","sameAs":["http:\/\/www.bloomberglinea.com.br"],"url":"https:\/\/www.suno.com.br\/noticias\/author\/bloomberg-linea\/"}]}},"default_loop_html":"<div class=\"cardsPage__listCard__boxs\"><div class=\"cardsPage__listCard__boxs__img\"><a href=\"https:\/\/www.suno.com.br\/noticias\/petrobras-petr4-minoritario-risco-judicial-abuso-poder\/\"><img class=\"mask\" src=\"https:\/\/www.suno.com.br\/noticias\/wp-content\/themes\/suno\/resources\/images\/spotlight\/spotlight1img\/bg-mask.png\" alt=\"Image Mask\"\/><img src=\"https:\/\/files.sunoresearch.com.br\/n\/uploads\/2022\/03\/Sede2-400x200.jpg\" alt=\"Petrobras (PETR4): minorit\u00e1rio aponta risco judicial por abuso de poder de Bolsonaro\"\/><\/a><span class=\"spotlightCategory\"><a href=\"https:\/\/www.suno.com.br\/noticias\/negocios\/\">Neg\u00f3cios<\/a><\/span><\/div><div class=\"cardsPage__listCard__boxs__content\"><a href=\"https:\/\/www.suno.com.br\/noticias\/petrobras-petr4-minoritario-risco-judicial-abuso-poder\/\"><h2 class=\"content__title\">Petrobras (PETR4): minorit\u00e1rio aponta risco judicial por abuso de poder de Bolsonaro<\/h2><\/a><div class=\"newsContent__article__meta\"><div class=\"newsContent__article__meta__authorBox\"><a href=\"https:\/\/www.suno.com.br\/noticias\/author\/bloomberg-linea\/\" class=\"authorBox__avatar noMobi\"><img src=\"https:\/\/files.sunoresearch.com.br\/n\/uploads\/2022\/01\/Bloomberg-Infogram_Black-TwoLines-150x150.png\" alt=\"Bloomberg L\u00ednea\"><\/a><div class=\"authorBox__name\"><span>por\n\t\t\t<a href=\"https:\/\/www.suno.com.br\/noticias\/author\/bloomberg-linea\/\"><span itemprop=\"author\">Bloomberg L\u00ednea<\/span><\/a><\/span><time datetime=\"2022-04-09T12:54:29-03:00\" itemprop=\"datePublished\">09\/04\/2022 12:54<\/time><\/div><\/div><\/div><\/div><\/div>","single_layout":"posts","amp_enabled":true,"_links":{"self":[{"href":"https:\/\/www.suno.com.br\/noticias\/wp-json\/wp\/v2\/posts\/249513"}],"collection":[{"href":"https:\/\/www.suno.com.br\/noticias\/wp-json\/wp\/v2\/posts"}],"about":[{"href":"https:\/\/www.suno.com.br\/noticias\/wp-json\/wp\/v2\/types\/post"}],"author":[{"embeddable":true,"href":"https:\/\/www.suno.com.br\/noticias\/wp-json\/wp\/v2\/users\/151"}],"replies":[{"embeddable":true,"href":"https:\/\/www.suno.com.br\/noticias\/wp-json\/wp\/v2\/comments?post=249513"}],"version-history":[{"count":2,"href":"https:\/\/www.suno.com.br\/noticias\/wp-json\/wp\/v2\/posts\/249513\/revisions"}],"predecessor-version":[{"id":249529,"href":"https:\/\/www.suno.com.br\/noticias\/wp-json\/wp\/v2\/posts\/249513\/revisions\/249529"}],"wp:featuredmedia":[{"embeddable":true,"href":"https:\/\/www.suno.com.br\/noticias\/wp-json\/wp\/v2\/media\/242986"}],"wp:attachment":[{"href":"https:\/\/www.suno.com.br\/noticias\/wp-json\/wp\/v2\/media?parent=249513"}],"wp:term":[{"taxonomy":"category","embeddable":true,"href":"https:\/\/www.suno.com.br\/noticias\/wp-json\/wp\/v2\/categories?post=249513"},{"taxonomy":"post_tag","embeddable":true,"href":"https:\/\/www.suno.com.br\/noticias\/wp-json\/wp\/v2\/tags?post=249513"},{"taxonomy":"suno_strategy","embeddable":true,"href":"https:\/\/www.suno.com.br\/noticias\/wp-json\/wp\/v2\/suno_strategy?post=249513"}],"curies":[{"name":"wp","href":"https:\/\/api.w.org\/{rel}","templated":true}]}}