{"id":24946,"date":"2019-05-17T10:27:33","date_gmt":"2019-05-17T13:27:33","guid":{"rendered":"https:\/\/www.suno.com.br\/noticias\/?p=24946"},"modified":"2019-05-17T12:58:05","modified_gmt":"2019-05-17T15:58:05","slug":"ibovespa-17052019","status":"publish","type":"post","link":"https:\/\/www.suno.com.br\/noticias\/ibovespa-17052019\/","title":{"rendered":"Ibovespa inicia em queda com governo gerando inseguran\u00e7a no mercado"},"content":{"rendered":"<p>O Ibovespa abre o mercado nesta sexta-feira (17) em queda, assim como fechou na \u00faltima quinta-feira (16). Por volta das 10h10, o \u00edndice registrava uma queda de 0,27% registrando seu pior patamar no ano com 89.781 pontos.<\/p>\t<div class=\"wrapper-featured-image\">\n\t\t<figure class=\"spotlightImg\">\n\n\t\t\t<picture>\n\t\t\t\t<source media=\"(max-width: 768px)\" srcset=\"https:\/\/files.sunoresearch.com.br\/n\/uploads\/2019\/05\/3aa2f996-ibovespa-400x200.webp\">\n\t\t\t\t<img loading=\"lazy\" decoding=\"async\" class=\"newsContent__article__imgCapa lazyloadDisabled newsContent__article__imgCapa--noCaption\" src=\"https:\/\/files.sunoresearch.com.br\/n\/uploads\/2019\/05\/3aa2f996-ibovespa-800x450.webp\" width=\"800\" height=\"450\" alt=\"Ibovespa inicia em queda com governo gerando inseguran\u00e7a no mercado\" fetchpriority=high \/>\n\t\t\t<\/picture>\n\n\t\t\t<figcaption class=\"wp-caption-text wp-caption-text--hide\">Ibovespa inicia em queda com governo gerando inseguran\u00e7a no mercado<\/figcaption>\n\t\t<\/figure>\n\t<\/div>\n\n\n<p>O <strong>Ibovespa<\/strong> continua sofrendo impactos das movimenta\u00e7\u00f5es internas do governo e a resposta da popula\u00e7\u00e3o. Investidores seguem cautelosos principalmente com as investiga\u00e7\u00f5es sobre a <strong>fam\u00edlia<\/strong> <strong>Bolsonaro<\/strong>.<\/p>\n\t<p>\n\t\t<a href=\"https:\/\/lp.suno.com.br\/ebook-como-analisar-uma-acao\/\" target=\"_blank\" data-element=\"shortcode-suno-banner\" title=\"Banner SUNO, clique e saiba mais\">\n\t\t\t<picture>\n\t\t\t\t<source media=\"(max-width: 500px)\" srcset=\"https:\/\/files.sunoresearch.com.br\/n\/uploads\/2023\/12\/Ebook-Acoes-Mobile.jpg\">\n\t\t\t\t<img class=\"newsContent__article__imgCapa newsContent__article__imgCapa--banner\"\n\t\t\t\t\tsrc=\"https:\/\/files.sunoresearch.com.br\/n\/uploads\/2023\/12\/Ebook-Acoes-Desktop.webp\"\n\t\t\t\t\tdata-promo-id=\"311260\"\t\t\t\t\t\t\t\t\t\twidth='1420' height='286'\t\t\t\t\talt=\"https:\/\/files.sunoresearch.com.br\/n\/uploads\/2023\/12\/Ebook-Acoes-Desktop.webp\"\n\t\t\t\t>\n\t\t\t<\/picture>\n\t\t<\/a>\n\t<\/p>\n\n\n<p>Al\u00e9m disso, os dados divulgados referente ao n\u00famero de desempregados e o ritmo lento de recupera\u00e7\u00e3o da <strong>economia<\/strong> tamb\u00e9m prejudicam o \u00edndice. No exterior, a <strong>guerra<\/strong> <strong>comercial<\/strong> entre <strong>Estados<\/strong> <strong>Unidos<\/strong> e <strong>China<\/strong>, segue como principal fator.<\/p>\n<h2>Incertezas sobre o governo<\/h2>\n<p>O mercado segue cauteloso em rela\u00e7\u00e3o ao <strong>governo<\/strong> <strong>Bolsonaro<\/strong>. Esta semana foi movimentada desfavoravelmente ao presidente e seu governo, devido a investiga\u00e7\u00e3o de pessoa pr\u00f3ximas ao presidente e manifesta\u00e7\u00f5es em todo o Brasil contra o corte de verbas para a educa\u00e7\u00e3o.<\/p>\n<h3>Acusa\u00e7\u00e3o contro o filho de Bolsonaro<\/h3>\n<p>No \u00faltima quarta-feira (15), o Minist\u00e9rio P\u00fablico do Rio de Janeiro informou que o senador e filho do presidente<strong> Jair Bolsonaro<\/strong>, Fl\u00e1vio Bolsonaro (PSL-RJ) comprou 19 im\u00f3veis por R$ 9 milh\u00f5es. De acordo com procuradores a frente da pasta, as opera\u00e7\u00f5es indicam s\u00e9rios ind\u00edcios de lavagem de dinheiro.<\/p>\n<p>Segundo eles, os apontamentos da pr\u00e1tica ilegal se tornaram evidentes por conta da lucratividade dos bens, que foi muito maior que os rendimentos obtidos de quanto ele ainda era deputado estadual.<\/p>\n<p>De acordo com a &#8220;Veja&#8221;, foi pedido a quebra de sigilo banc\u00e1rio e fiscal de 95 pessoas e empresas relacionadas ao senador. A quebra de sigilo foi pedida pelo Minist\u00e9rio P\u00fablico do Rio \u00e0 Justi\u00e7a, no entanto, foi concedida pelo juiz da 27\u00aa Vara Criminal do Rio, Fl\u00e1vio Itabaiana Nicolau.<\/p>\n<p><a href=\"https:\/\/www.suno.com.br\/noticias\/mp-flavio-bolsonaro-imoveis-milhoes\/\">Saiba mais:\u00a0MP: Fl\u00e1vio Bolsonaro teria comprado 19 im\u00f3veis por R$ 9 milh\u00f5es<\/a><\/p>\n<p>Os documentos apontam que Fl\u00e1vio Bolsonaro teria lucrado R$ 3,089 milh\u00f5es em transa\u00e7\u00f5es imobili\u00e1rias, com suspeitas de &#8220;subfaturamento nas compras e superfaturamentos nas vendas&#8221; entre 2010 e 2017, segundo os promotores.<\/p>\n<p>No entanto, a fraude poderia estar sendo realizada para &#8220;simular ganhos de capital fict\u00edcios&#8221; que encobririam &#8220;o enriquecimento il\u00edcito decorrente dos desvios de recursos&#8221; da <strong>Assembleia<\/strong> <strong>Legislativa<\/strong> <strong>do<\/strong> <strong>Rio (Alerj)<\/strong>.<\/p>\n<h3>Cortes na educa\u00e7\u00e3o e manifesta\u00e7\u00f5es<\/h3>\n<p>Os cortes, estipulados pelo <strong>ministro da Educa\u00e7\u00e3o<\/strong>, Abraham Weintraub, correspondem a 30% das despesas discricion\u00e1rias das universidades, fez com que milhares de pessoas sa\u00edram \u00e0s ruas em 172 cidades para manifestarem contra os <strong>cortes na educa\u00e7\u00e3o,\u00a0<\/strong>desde a \u00faltima quarta-feira (15).<\/p>\n<p>Segundo a pasta, as despesas est\u00e3o relacionadas a: luz, \u00e1gua, gastos com empresas terceirizadas de seguran\u00e7a e limpeza.<\/p>\n<p><a href=\"https:\/\/www.suno.com.br\/noticias\/camara-convoca-ministro-explicar-cortes-educacao\/\">Saiba mais:\u00a0C\u00e2mara convoca ministro para explicar cortes na Educa\u00e7\u00e3o nesta quarta<\/a><\/p>\n<p>De acordo com o governo, a conta que inclui <strong>sal\u00e1rios de funcion\u00e1rios e professores<\/strong> ter\u00e3o corte de apenas 3,4%.<\/p>\n<p>Nos Estados Unidos, o <strong>presidente Jair Bolsonaro<\/strong>, afirmou que os estudantes eram &#8220;imbecis&#8221;.<\/p>\n<p><a href=\"https:\/\/www.suno.com.br\/noticias\/camara-convoca-ministro-explicar-cortes-educacao\/\">Saiba mais: C\u00e2mara convoca ministro para explicar cortes na Educa\u00e7\u00e3o nesta quarta<\/a><\/p>\n<p>Questionado sobre os manifestantes, Bolsonaro afirmou que &#8220;s\u00e3o uns idiotas \u00fateis, uns imbecis, que est\u00e3o sendo usados como massa de manobra de uma maioria espertalhona que comp\u00f5e o n\u00facleo de muitas universidade federais no<strong> Brasil<\/strong>&#8220;.<\/p>\n<p>No entanto, as manifesta\u00e7\u00f5es seguidas das declara\u00e7\u00f5es do presidente, cria um cen\u00e1rio de preocupa\u00e7\u00e3o aos investidores, devido a impopularidade do governo e a <strong>falta de articula\u00e7\u00e3o<\/strong>\u00a0para aprova\u00e7\u00e3o de projetos considerados essenciais.<\/p>\n\t<p>\n\t\t<a href=\"https:\/\/lp.suno.com.br\/asset\/suno-fundo-infra-estrutura-snid11\/\" target=\"_blank\" data-element=\"shortcode-suno-banner\" title=\"Banner SUNO, clique e saiba mais\">\n\t\t\t<picture>\n\t\t\t\t<source media=\"(max-width: 500px)\" srcset=\"https:\/\/files.sunoresearch.com.br\/n\/uploads\/2024\/01\/400x300-Banner-Home-1-SNID-AO.png\">\n\t\t\t\t<img class=\"newsContent__article__imgCapa newsContent__article__imgCapa--banner\"\n\t\t\t\t\tsrc=\"https:\/\/files.sunoresearch.com.br\/n\/uploads\/2024\/01\/1420x240-Banner-Home-1-SNID-AO.png\"\n\t\t\t\t\tdata-promo-id=\"364419\"\t\t\t\t\t\t\t\t\t\twidth='1420' height='240'\t\t\t\t\talt=\"https:\/\/files.sunoresearch.com.br\/n\/uploads\/2024\/01\/1420x240-Banner-Home-1-SNID-AO.png\"\n\t\t\t\t>\n\t\t\t<\/picture>\n\t\t<\/a>\n\t<\/p>\n\n\n<h4>Inep troca novamente o comando<\/h4>\n<p>O Minist\u00e9rio da Educa\u00e7\u00e3o (MEC) confirmou que Alexandre Ribeiro Pereira Lopes ser\u00e1 o novo presidente do Instituto Nacional de Estudos e Pesquisas Educacionais An\u00edsio Teixeira (Inep).\u00a0O novo comandante foi escolhido na manh\u00e3 desta sexta-feira (17).<\/p>\n<p>Lopes assume como <strong>presidente do Inep<\/strong> no lugar de <strong>Elmer<\/strong> <strong>Vicenzi<\/strong>, que pediu demiss\u00e3o na \u00faltima na quinta-feira (16). Ele ser\u00e1 o quarto presidente do Instituto neste ano.<\/p>\n<p><a href=\"https:\/\/www.suno.com.br\/noticias\/novo-presidente-inep\/\">Saiba mais:\u00a0Alexandre Ribeiro Pereira Lopes ser\u00e1 o novo presidente do Inep<\/a><\/p>\n<p>J\u00e1 passaram pela lideran\u00e7a:<\/p>\n<ol>\n<li><strong>Marcus Vinicius Rodrigues<\/strong> &#8211; ocupou o cargo de 22 de janeiro a 26 de mar\u00e7o; foi demitido ap\u00f3s suspender avalia\u00e7\u00e3o da alfabetiza\u00e7\u00e3o;<\/li>\n<li><strong>Maria In\u00eas Fini<\/strong> &#8211; nomeada por Temer em 2016, foi demitida em 14 de janeiro.<\/li>\n<li><strong>Elmer Coelho Vicenzi<\/strong> &#8211; assumiu em 15 de abril, indicado por Weintraub.<\/li>\n<\/ol>\n<h2>Desemprego cresce no Brasil<\/h2>\n<p>De acordo com os dados divulgados pela Pesquisa Nacional por Amostra de Domic\u00edlios Cont\u00ednua (Pnad Cont\u00ednua), na \u00faltima quinta-feira (16), pelo Instituto Brasileiro de Geografia e Estat\u00edstica (IBGE), o n\u00famero de desemprego cresceu em 14 unidades da federa\u00e7\u00e3o no Brasil, durante o 1\u00ba trimestre.<\/p>\n<p><a href=\"https:\/\/www.suno.com.br\/noticias\/desemprego-cresce-14-estados-1-tri\/\">Saiba mais:\u00a0Desemprego cresce em 14 estados do Brasil no 1\u00ba trimestre<\/a><\/p>\n<p>A taxa de <strong>desemprego<\/strong> no <strong>Brasil<\/strong> no primeiro trimestre de 2019 foi de 12,7%. No quarto trimestre do ano passado, a porcentagem de pessoas que procuravam emprego era de 11,6%.<\/p>\n<h2>Redu\u00e7\u00e3o do PIB<\/h2>\n<p>Estudo divulgado nesta sexta pela Funda\u00e7\u00e3o Get\u00falio Vargas (FGV) aponta que no primeiro trimestre deste ano a economia brasileira teve um recuo de 0,1%.<\/p>\n<p>Al\u00e9m disso,\u00a0entre fevereiro e mar\u00e7o deste ano a <strong>economia<\/strong> <strong>brasileira<\/strong> registrou uma queda de 0,4%. O indicador se junta a outros que apontam uma previs\u00e3o de queda do <strong>Produto Interno Bruto (PIB)\u00a0<\/strong>nos primeiros tr\u00eas meses deste ano.<\/p>\n<p><a href=\"https:\/\/www.suno.com.br\/noticias\/economia-brasileira-recuo-fgv\/\">Saiba mais:\u00a0Economia brasileira registra recuo de 0,1% no primeiro trimestre, diz FGV<\/a><\/p>\n<p>Nesta semana,\u00a0o \u00cdndice de Atividade Econ\u00f4mica (IBC-Br), divulgado pelo Banco Central, estimou que o\u00a0<strong><a href=\"https:\/\/www.suno.com.br\/artigos\/pib\">Produto Interno Bruto (PIB)<\/a><\/strong> vai ter uma retra\u00e7\u00e3o de 0,68% no primeiro trimestre de 2019.<\/p>\n<p>J\u00e1 a\u00a0<strong>Institui\u00e7\u00e3o Fiscal Independente<\/strong> (IFI) do Senado Federal estimou que o\u00a0<a href=\"https:\/\/www.suno.com.br\/artigos\/pib-produto-interno-bruto\/\">Produto Interno Bruto<\/a> (PIB) deve crescer 1,8% neste ano e n\u00e3o mais 2,3% avaliados no \u00faltimo estudo.<\/p>\n<p>Refor\u00e7ando as incertezas\u00a0o ministro da Economia, <strong>Paulo Guedes<\/strong>, afirmou na \u00faltima ter\u00e7a-feira (14) que a economia est\u00e1 no &#8216;fundo do po\u00e7o&#8217; e que o <strong>PIB<\/strong> dever\u00e1 ficar em 1,5% neste ano.<\/p>\n\t<p>\n\t\t<a href=\"https:\/\/lp.suno.com.br\/cl\/webinario-suno-black-2024\/\" target=\"_blank\" data-element=\"shortcode-suno-banner\" title=\"Banner SUNO, clique e saiba mais\">\n\t\t\t<picture>\n\t\t\t\t<source media=\"(max-width: 500px)\" srcset=\"https:\/\/files.sunoresearch.com.br\/n\/uploads\/2024\/04\/400x300-Banner-Home-1.png\">\n\t\t\t\t<img class=\"newsContent__article__imgCapa newsContent__article__imgCapa--banner\"\n\t\t\t\t\tsrc=\"https:\/\/files.sunoresearch.com.br\/n\/uploads\/2024\/04\/400x300-Banner-Home-1.png\"\n\t\t\t\t\tdata-promo-id=\"102411\"\t\t\t\t\t\t\t\t\t\twidth='401' height='300'\t\t\t\t\talt=\"https:\/\/files.sunoresearch.com.br\/n\/uploads\/2024\/04\/400x300-Banner-Home-1.png\"\n\t\t\t\t>\n\t\t\t<\/picture>\n\t\t<\/a>\n\t<\/p>\n\n\n<h2>Guerra comercial<\/h2>\n<p>Travando uma nova disputa, em meio a guerra comercial, a China\u00a0reagiu \u00e0 a\u00e7\u00e3o dos <strong>Estados Unidos<\/strong> sobre a <strong>Huawei<\/strong> prendendo dois canadenses que estavam em seu territ\u00f3rio.<\/p>\n<p><a href=\"https:\/\/www.suno.com.br\/noticias\/china-reage-eua-huawei-prendendo-canadenses\/\">Saiba mais:\u00a0China reage \u00e0 a\u00e7\u00e3o dos EUA sobre Huawei prendendo dois canadenses<\/a><\/p>\n<p>Os dois foram detidos em dezembro sob acusa\u00e7\u00f5es de espionagem. Os canadenses foram presos dias depois que o Canad\u00e1 deteve a diretora financeira da <strong>Huawei,<\/strong>\u00a0Meng Wanzhou, a pedido dos <strong>EUA.<\/strong><\/p>\n<p>O governo da <strong>China<\/strong> nega que a medida tenha sido uma repres\u00e1lia \u00e0 pris\u00e3o de Wanzhou. Assim, as autoridades argumentaram ser o &#8220;estado de direito&#8221;.<\/p>\n<h2>\u00daltima cota\u00e7\u00e3o<\/h2>\n<p>Na \u00faltima sess\u00e3o, na quinta-feira (16) o <strong>Ibovespa<\/strong> registrou sua pior marca neste ano. O \u00edndice recuou de -1,75% ficando com 90.024,47 pontos.<\/p>\n\t<p>\n\t\t<a href=\"https:\/\/lp.suno.com.br\/ebook-investindo-em-dividendos\/\" target=\"_blank\" data-element=\"shortcode-suno-banner\" title=\"Banner SUNO, clique e saiba mais\">\n\t\t\t<picture>\n\t\t\t\t<source media=\"(max-width: 500px)\" srcset=\"https:\/\/files.sunoresearch.com.br\/n\/uploads\/2023\/03\/400x300-Dividendos.png\">\n\t\t\t\t<img class=\"newsContent__article__imgCapa newsContent__article__imgCapa--banner\"\n\t\t\t\t\tsrc=\"https:\/\/files.sunoresearch.com.br\/n\/uploads\/2023\/03\/1420x240-Dividendos.png\"\n\t\t\t\t\tdata-promo-id=\"383163\"\t\t\t\t\t\t\t\t\t\twidth='1420' height='240'\t\t\t\t\talt=\"https:\/\/files.sunoresearch.com.br\/n\/uploads\/2023\/03\/1420x240-Dividendos.png\"\n\t\t\t\t>\n\t\t\t<\/picture>\n\t\t<\/a>\n\t<\/p>\n\n\n","protected":false},"excerpt":{"rendered":"<p>O Ibovespa abre o mercado nesta sexta-feira (17) em queda, assim como fechou na \u00faltima quinta-feira (16). Por volta das 10h10, o \u00edndice registrava uma queda de 0,27% registrando seu pior patamar no ano com 89.781 pontos. Ibovespa inicia em queda com governo gerando inseguran\u00e7a no mercado O Ibovespa continua sofrendo impactos das movimenta\u00e7\u00f5es internas [&hellip;]<\/p>\n","protected":false},"author":11,"featured_media":24970,"comment_status":"closed","ping_status":"closed","sticky":false,"template":"","format":"standard","meta":[],"categories":[60],"tags":[721],"suno_strategy":[],"class_list":["post-24946","post","type-post","status-publish","format-standard","has-post-thumbnail","hentry","category-mercado","tag-ibovespa"],"yoast_head":"<!-- This site is optimized with the Yoast SEO plugin v24.4 - https:\/\/yoast.com\/wordpress\/plugins\/seo\/ -->\n<title>Ibovespa inicia em queda com governo gerando inseguran\u00e7a no mercado<\/title>\n<meta name=\"description\" content=\"O Ibovespa est\u00e1 sendo impactado cen\u00e1rio interno, corte na educa\u00e7\u00e3o e investiga\u00e7\u00e3o de Fl\u00e1vio Bolsonaro. Clique para saber mais.\" \/>\n<meta name=\"robots\" content=\"index, follow, max-snippet:-1, max-image-preview:large, max-video-preview:-1\" \/>\n<link rel=\"canonical\" href=\"https:\/\/www.suno.com.br\/noticias\/ibovespa-17052019\/\" \/>\n<meta property=\"og:locale\" content=\"pt_BR\" \/>\n<meta property=\"og:type\" content=\"article\" \/>\n<meta property=\"og:title\" content=\"Ibovespa inicia em queda com governo gerando inseguran\u00e7a no mercado\" \/>\n<meta property=\"og:description\" content=\"O Ibovespa est\u00e1 sendo impactado cen\u00e1rio interno, corte na educa\u00e7\u00e3o e investiga\u00e7\u00e3o de Fl\u00e1vio Bolsonaro. Clique para saber mais.\" \/>\n<meta property=\"og:url\" content=\"https:\/\/www.suno.com.br\/noticias\/ibovespa-17052019\/\" \/>\n<meta property=\"og:site_name\" content=\"Suno Not\u00edcias\" \/>\n<meta property=\"article:publisher\" content=\"https:\/\/facebook.com\/sunoresearch\" \/>\n<meta property=\"og:image\" content=\"https:\/\/files.sunoresearch.com.br\/n\/uploads\/2019\/05\/3aa2f996-ibovespa.jpg\" \/>\n\t<meta property=\"og:image:width\" content=\"1140\" \/>\n\t<meta property=\"og:image:height\" content=\"760\" \/>\n\t<meta property=\"og:image:type\" content=\"image\/jpeg\" \/>\n<meta name=\"author\" content=\"Renan Bandeira\" \/>\n<meta name=\"twitter:card\" content=\"summary_large_image\" \/>\n<meta name=\"twitter:creator\" content=\"@sunoresearch\" \/>\n<meta name=\"twitter:site\" content=\"@sunoresearch\" \/>\n<meta name=\"twitter:label1\" content=\"Escrito por\" \/>\n\t<meta name=\"twitter:data1\" content=\"Renan Bandeira\" \/>\n\t<meta name=\"twitter:label2\" content=\"Est. tempo de leitura\" \/>\n\t<meta name=\"twitter:data2\" content=\"6 minutos\" \/>\n<script type=\"application\/ld+json\" class=\"yoast-schema-graph\">{\"@context\":\"https:\/\/schema.org\",\"@graph\":[{\"@type\":\"NewsArticle\",\"@id\":\"https:\/\/www.suno.com.br\/noticias\/ibovespa-17052019\/#article\",\"isPartOf\":{\"@id\":\"https:\/\/www.suno.com.br\/noticias\/ibovespa-17052019\/\"},\"author\":{\"name\":\"Renan Bandeira\",\"@id\":\"https:\/\/www.suno.com.br\/noticias\/#\/schema\/person\/fc144a1c6108bd1dcd43784e88a3c138\"},\"headline\":\"Ibovespa inicia em queda com governo gerando inseguran\u00e7a no mercado\",\"datePublished\":\"2019-05-17T13:27:33+00:00\",\"dateModified\":\"2019-05-17T15:58:05+00:00\",\"mainEntityOfPage\":{\"@id\":\"https:\/\/www.suno.com.br\/noticias\/ibovespa-17052019\/\"},\"wordCount\":1133,\"publisher\":{\"@id\":\"https:\/\/www.suno.com.br\/noticias\/#organization\"},\"image\":{\"@id\":\"https:\/\/www.suno.com.br\/noticias\/ibovespa-17052019\/#primaryimage\"},\"thumbnailUrl\":\"https:\/\/files.sunoresearch.com.br\/n\/uploads\/2019\/05\/3aa2f996-ibovespa-jpg.webp\",\"keywords\":[\"Ibovespa\"],\"articleSection\":[\"Mercado\"],\"inLanguage\":\"pt-BR\"},{\"@type\":\"WebPage\",\"@id\":\"https:\/\/www.suno.com.br\/noticias\/ibovespa-17052019\/\",\"url\":\"https:\/\/www.suno.com.br\/noticias\/ibovespa-17052019\/\",\"name\":\"Ibovespa inicia em queda com governo gerando inseguran\u00e7a no mercado\",\"isPartOf\":{\"@id\":\"https:\/\/www.suno.com.br\/noticias\/#website\"},\"primaryImageOfPage\":{\"@id\":\"https:\/\/www.suno.com.br\/noticias\/ibovespa-17052019\/#primaryimage\"},\"image\":{\"@id\":\"https:\/\/www.suno.com.br\/noticias\/ibovespa-17052019\/#primaryimage\"},\"thumbnailUrl\":\"https:\/\/files.sunoresearch.com.br\/n\/uploads\/2019\/05\/3aa2f996-ibovespa-jpg.webp\",\"datePublished\":\"2019-05-17T13:27:33+00:00\",\"dateModified\":\"2019-05-17T15:58:05+00:00\",\"description\":\"O Ibovespa est\u00e1 sendo impactado cen\u00e1rio interno, corte na educa\u00e7\u00e3o e investiga\u00e7\u00e3o de Fl\u00e1vio Bolsonaro. Clique para saber mais.\",\"breadcrumb\":{\"@id\":\"https:\/\/www.suno.com.br\/noticias\/ibovespa-17052019\/#breadcrumb\"},\"inLanguage\":\"pt-BR\",\"potentialAction\":[{\"@type\":\"ReadAction\",\"target\":[\"https:\/\/www.suno.com.br\/noticias\/ibovespa-17052019\/\"]}]},{\"@type\":\"ImageObject\",\"inLanguage\":\"pt-BR\",\"@id\":\"https:\/\/www.suno.com.br\/noticias\/ibovespa-17052019\/#primaryimage\",\"url\":\"https:\/\/files.sunoresearch.com.br\/n\/uploads\/2019\/05\/3aa2f996-ibovespa-jpg.webp\",\"contentUrl\":\"https:\/\/files.sunoresearch.com.br\/n\/uploads\/2019\/05\/3aa2f996-ibovespa-jpg.webp\",\"width\":1140,\"height\":760,\"caption\":\"Ibovespa inicia em queda com governo gerando inseguran\u00e7a no mercado\"},{\"@type\":\"BreadcrumbList\",\"@id\":\"https:\/\/www.suno.com.br\/noticias\/ibovespa-17052019\/#breadcrumb\",\"itemListElement\":[{\"@type\":\"ListItem\",\"position\":1,\"name\":\"Not\u00edcias\",\"item\":\"https:\/\/www.suno.com.br\/noticias\/\"},{\"@type\":\"ListItem\",\"position\":2,\"name\":\"Mercado\",\"item\":\"https:\/\/www.suno.com.br\/noticias\/mercado\/\"},{\"@type\":\"ListItem\",\"position\":3,\"name\":\"Ibovespa inicia em queda com governo gerando inseguran\u00e7a no mercado\"}]},{\"@type\":\"WebSite\",\"@id\":\"https:\/\/www.suno.com.br\/noticias\/#website\",\"url\":\"https:\/\/www.suno.com.br\/noticias\/\",\"name\":\"Suno Not\u00edcias\",\"description\":\"Seu portal de informa\u00e7\u00e3o sobre o mundo dos investimentos\",\"publisher\":{\"@id\":\"https:\/\/www.suno.com.br\/noticias\/#organization\"},\"potentialAction\":[{\"@type\":\"SearchAction\",\"target\":{\"@type\":\"EntryPoint\",\"urlTemplate\":\"https:\/\/www.suno.com.br\/noticias\/?s={search_term_string}\"},\"query-input\":{\"@type\":\"PropertyValueSpecification\",\"valueRequired\":true,\"valueName\":\"search_term_string\"}}],\"inLanguage\":\"pt-BR\"},{\"@type\":\"Organization\",\"@id\":\"https:\/\/www.suno.com.br\/noticias\/#organization\",\"name\":\"Suno Not\u00edcias\",\"url\":\"https:\/\/www.suno.com.br\/noticias\/\",\"logo\":{\"@type\":\"ImageObject\",\"inLanguage\":\"pt-BR\",\"@id\":\"https:\/\/www.suno.com.br\/noticias\/#\/schema\/logo\/image\/\",\"url\":\"https:\/\/files.sunoresearch.com.br\/n\/uploads\/2021\/09\/suno-logo.png\",\"contentUrl\":\"https:\/\/files.sunoresearch.com.br\/n\/uploads\/2021\/09\/suno-logo.png\",\"width\":180,\"height\":180,\"caption\":\"Suno Not\u00edcias\"},\"image\":{\"@id\":\"https:\/\/www.suno.com.br\/noticias\/#\/schema\/logo\/image\/\"},\"sameAs\":[\"https:\/\/facebook.com\/sunoresearch\",\"https:\/\/x.com\/sunoresearch\",\"https:\/\/www.instagram.com\/suno\",\"https:\/\/www.linkedin.com\/company\/suno-research\/\",\"https:\/\/www.youtube.com\/c\/sunoresearch\"]},{\"@type\":\"Person\",\"@id\":\"https:\/\/www.suno.com.br\/noticias\/#\/schema\/person\/fc144a1c6108bd1dcd43784e88a3c138\",\"name\":\"Renan Bandeira\",\"image\":{\"@type\":\"ImageObject\",\"inLanguage\":\"pt-BR\",\"@id\":\"https:\/\/www.suno.com.br\/noticias\/#\/schema\/person\/image\/\",\"url\":\"https:\/\/secure.gravatar.com\/avatar\/68359cdb608f14f11bbefcb78f3fc747?s=96&r=g\",\"contentUrl\":\"https:\/\/secure.gravatar.com\/avatar\/68359cdb608f14f11bbefcb78f3fc747?s=96&r=g\",\"caption\":\"Renan Bandeira\"},\"description\":\"Renan Bandeira escreve sobre pol\u00edtica e economia para o portal da Suno Research. Antes da Suno, trabalhou em uma rede de televis\u00e3o, onde fazia reportagens sobre os mesmos temas. Estuda na Universidade Metodista de S\u00e3o Paulo.\",\"url\":\"https:\/\/www.suno.com.br\/noticias\/author\/renan-bandeira\/\"}]}<\/script>\n<!-- \/ Yoast SEO plugin. -->","yoast_head_json":{"title":"Ibovespa inicia em queda com governo gerando inseguran\u00e7a no mercado","description":"O Ibovespa est\u00e1 sendo impactado cen\u00e1rio interno, corte na educa\u00e7\u00e3o e investiga\u00e7\u00e3o de Fl\u00e1vio Bolsonaro. Clique para saber mais.","robots":{"index":"index","follow":"follow","max-snippet":"max-snippet:-1","max-image-preview":"max-image-preview:large","max-video-preview":"max-video-preview:-1"},"canonical":"https:\/\/www.suno.com.br\/noticias\/ibovespa-17052019\/","og_locale":"pt_BR","og_type":"article","og_title":"Ibovespa inicia em queda com governo gerando inseguran\u00e7a no mercado","og_description":"O Ibovespa est\u00e1 sendo impactado cen\u00e1rio interno, corte na educa\u00e7\u00e3o e investiga\u00e7\u00e3o de Fl\u00e1vio Bolsonaro. Clique para saber mais.","og_url":"https:\/\/www.suno.com.br\/noticias\/ibovespa-17052019\/","og_site_name":"Suno Not\u00edcias","article_publisher":"https:\/\/facebook.com\/sunoresearch","og_image":[{"width":1140,"height":760,"url":"https:\/\/files.sunoresearch.com.br\/n\/uploads\/2019\/05\/3aa2f996-ibovespa.jpg","type":"image\/jpeg"}],"author":"Renan Bandeira","twitter_card":"summary_large_image","twitter_creator":"@sunoresearch","twitter_site":"@sunoresearch","twitter_misc":{"Escrito por":"Renan Bandeira","Est. tempo de leitura":"6 minutos"},"schema":{"@context":"https:\/\/schema.org","@graph":[{"@type":"NewsArticle","@id":"https:\/\/www.suno.com.br\/noticias\/ibovespa-17052019\/#article","isPartOf":{"@id":"https:\/\/www.suno.com.br\/noticias\/ibovespa-17052019\/"},"author":{"name":"Renan Bandeira","@id":"https:\/\/www.suno.com.br\/noticias\/#\/schema\/person\/fc144a1c6108bd1dcd43784e88a3c138"},"headline":"Ibovespa inicia em queda com governo gerando inseguran\u00e7a no mercado","datePublished":"2019-05-17T13:27:33+00:00","dateModified":"2019-05-17T15:58:05+00:00","mainEntityOfPage":{"@id":"https:\/\/www.suno.com.br\/noticias\/ibovespa-17052019\/"},"wordCount":1133,"publisher":{"@id":"https:\/\/www.suno.com.br\/noticias\/#organization"},"image":{"@id":"https:\/\/www.suno.com.br\/noticias\/ibovespa-17052019\/#primaryimage"},"thumbnailUrl":"https:\/\/files.sunoresearch.com.br\/n\/uploads\/2019\/05\/3aa2f996-ibovespa-jpg.webp","keywords":["Ibovespa"],"articleSection":["Mercado"],"inLanguage":"pt-BR"},{"@type":"WebPage","@id":"https:\/\/www.suno.com.br\/noticias\/ibovespa-17052019\/","url":"https:\/\/www.suno.com.br\/noticias\/ibovespa-17052019\/","name":"Ibovespa inicia em queda com governo gerando inseguran\u00e7a no mercado","isPartOf":{"@id":"https:\/\/www.suno.com.br\/noticias\/#website"},"primaryImageOfPage":{"@id":"https:\/\/www.suno.com.br\/noticias\/ibovespa-17052019\/#primaryimage"},"image":{"@id":"https:\/\/www.suno.com.br\/noticias\/ibovespa-17052019\/#primaryimage"},"thumbnailUrl":"https:\/\/files.sunoresearch.com.br\/n\/uploads\/2019\/05\/3aa2f996-ibovespa-jpg.webp","datePublished":"2019-05-17T13:27:33+00:00","dateModified":"2019-05-17T15:58:05+00:00","description":"O Ibovespa est\u00e1 sendo impactado cen\u00e1rio interno, corte na educa\u00e7\u00e3o e investiga\u00e7\u00e3o de Fl\u00e1vio Bolsonaro. Clique para saber mais.","breadcrumb":{"@id":"https:\/\/www.suno.com.br\/noticias\/ibovespa-17052019\/#breadcrumb"},"inLanguage":"pt-BR","potentialAction":[{"@type":"ReadAction","target":["https:\/\/www.suno.com.br\/noticias\/ibovespa-17052019\/"]}]},{"@type":"ImageObject","inLanguage":"pt-BR","@id":"https:\/\/www.suno.com.br\/noticias\/ibovespa-17052019\/#primaryimage","url":"https:\/\/files.sunoresearch.com.br\/n\/uploads\/2019\/05\/3aa2f996-ibovespa-jpg.webp","contentUrl":"https:\/\/files.sunoresearch.com.br\/n\/uploads\/2019\/05\/3aa2f996-ibovespa-jpg.webp","width":1140,"height":760,"caption":"Ibovespa inicia em queda com governo gerando inseguran\u00e7a no mercado"},{"@type":"BreadcrumbList","@id":"https:\/\/www.suno.com.br\/noticias\/ibovespa-17052019\/#breadcrumb","itemListElement":[{"@type":"ListItem","position":1,"name":"Not\u00edcias","item":"https:\/\/www.suno.com.br\/noticias\/"},{"@type":"ListItem","position":2,"name":"Mercado","item":"https:\/\/www.suno.com.br\/noticias\/mercado\/"},{"@type":"ListItem","position":3,"name":"Ibovespa inicia em queda com governo gerando inseguran\u00e7a no mercado"}]},{"@type":"WebSite","@id":"https:\/\/www.suno.com.br\/noticias\/#website","url":"https:\/\/www.suno.com.br\/noticias\/","name":"Suno Not\u00edcias","description":"Seu portal de informa\u00e7\u00e3o sobre o mundo dos investimentos","publisher":{"@id":"https:\/\/www.suno.com.br\/noticias\/#organization"},"potentialAction":[{"@type":"SearchAction","target":{"@type":"EntryPoint","urlTemplate":"https:\/\/www.suno.com.br\/noticias\/?s={search_term_string}"},"query-input":{"@type":"PropertyValueSpecification","valueRequired":true,"valueName":"search_term_string"}}],"inLanguage":"pt-BR"},{"@type":"Organization","@id":"https:\/\/www.suno.com.br\/noticias\/#organization","name":"Suno Not\u00edcias","url":"https:\/\/www.suno.com.br\/noticias\/","logo":{"@type":"ImageObject","inLanguage":"pt-BR","@id":"https:\/\/www.suno.com.br\/noticias\/#\/schema\/logo\/image\/","url":"https:\/\/files.sunoresearch.com.br\/n\/uploads\/2021\/09\/suno-logo.png","contentUrl":"https:\/\/files.sunoresearch.com.br\/n\/uploads\/2021\/09\/suno-logo.png","width":180,"height":180,"caption":"Suno Not\u00edcias"},"image":{"@id":"https:\/\/www.suno.com.br\/noticias\/#\/schema\/logo\/image\/"},"sameAs":["https:\/\/facebook.com\/sunoresearch","https:\/\/x.com\/sunoresearch","https:\/\/www.instagram.com\/suno","https:\/\/www.linkedin.com\/company\/suno-research\/","https:\/\/www.youtube.com\/c\/sunoresearch"]},{"@type":"Person","@id":"https:\/\/www.suno.com.br\/noticias\/#\/schema\/person\/fc144a1c6108bd1dcd43784e88a3c138","name":"Renan Bandeira","image":{"@type":"ImageObject","inLanguage":"pt-BR","@id":"https:\/\/www.suno.com.br\/noticias\/#\/schema\/person\/image\/","url":"https:\/\/secure.gravatar.com\/avatar\/68359cdb608f14f11bbefcb78f3fc747?s=96&r=g","contentUrl":"https:\/\/secure.gravatar.com\/avatar\/68359cdb608f14f11bbefcb78f3fc747?s=96&r=g","caption":"Renan Bandeira"},"description":"Renan Bandeira escreve sobre pol\u00edtica e economia para o portal da Suno Research. Antes da Suno, trabalhou em uma rede de televis\u00e3o, onde fazia reportagens sobre os mesmos temas. Estuda na Universidade Metodista de S\u00e3o Paulo.","url":"https:\/\/www.suno.com.br\/noticias\/author\/renan-bandeira\/"}]}},"default_loop_html":"<div class=\"cardsPage__listCard__boxs\"><div class=\"cardsPage__listCard__boxs__img\"><a href=\"https:\/\/www.suno.com.br\/noticias\/ibovespa-17052019\/\"><img class=\"mask\" src=\"https:\/\/www.suno.com.br\/noticias\/wp-content\/themes\/suno\/resources\/images\/spotlight\/spotlight1img\/bg-mask.png\" alt=\"Image Mask\"\/><img src=\"https:\/\/files.sunoresearch.com.br\/n\/uploads\/2019\/05\/3aa2f996-ibovespa-400x200.webp\" alt=\"Ibovespa inicia em queda com governo gerando inseguran\u00e7a no mercado\"\/><\/a><span class=\"spotlightCategory\"><a href=\"https:\/\/www.suno.com.br\/noticias\/mercado\/\">Mercado<\/a><\/span><\/div><div class=\"cardsPage__listCard__boxs__content\"><a href=\"https:\/\/www.suno.com.br\/noticias\/ibovespa-17052019\/\"><h2 class=\"content__title\">Ibovespa inicia em queda com governo gerando inseguran\u00e7a no mercado<\/h2><\/a><div class=\"newsContent__article__meta\"><div class=\"newsContent__article__meta__authorBox\"><a href=\"https:\/\/www.suno.com.br\/noticias\/author\/renan-bandeira\/\" class=\"authorBox__avatar noMobi\"><img src=\"https:\/\/secure.gravatar.com\/avatar\/68359cdb608f14f11bbefcb78f3fc747?s=96&#038;r=g\" alt=\"Renan Bandeira\"><\/a><div class=\"authorBox__name\"><span>por\n\t\t\t<a href=\"https:\/\/www.suno.com.br\/noticias\/author\/renan-bandeira\/\"><span itemprop=\"author\">Renan Bandeira<\/span><\/a><\/span><time datetime=\"2019-05-17T10:27:33-03:00\" itemprop=\"datePublished\">17\/05\/2019 10:27<\/time><\/div><\/div><\/div><\/div><\/div>","single_layout":"posts","amp_enabled":true,"_links":{"self":[{"href":"https:\/\/www.suno.com.br\/noticias\/wp-json\/wp\/v2\/posts\/24946"}],"collection":[{"href":"https:\/\/www.suno.com.br\/noticias\/wp-json\/wp\/v2\/posts"}],"about":[{"href":"https:\/\/www.suno.com.br\/noticias\/wp-json\/wp\/v2\/types\/post"}],"author":[{"embeddable":true,"href":"https:\/\/www.suno.com.br\/noticias\/wp-json\/wp\/v2\/users\/11"}],"replies":[{"embeddable":true,"href":"https:\/\/www.suno.com.br\/noticias\/wp-json\/wp\/v2\/comments?post=24946"}],"version-history":[{"count":0,"href":"https:\/\/www.suno.com.br\/noticias\/wp-json\/wp\/v2\/posts\/24946\/revisions"}],"wp:featuredmedia":[{"embeddable":true,"href":"https:\/\/www.suno.com.br\/noticias\/wp-json\/wp\/v2\/media\/24970"}],"wp:attachment":[{"href":"https:\/\/www.suno.com.br\/noticias\/wp-json\/wp\/v2\/media?parent=24946"}],"wp:term":[{"taxonomy":"category","embeddable":true,"href":"https:\/\/www.suno.com.br\/noticias\/wp-json\/wp\/v2\/categories?post=24946"},{"taxonomy":"post_tag","embeddable":true,"href":"https:\/\/www.suno.com.br\/noticias\/wp-json\/wp\/v2\/tags?post=24946"},{"taxonomy":"suno_strategy","embeddable":true,"href":"https:\/\/www.suno.com.br\/noticias\/wp-json\/wp\/v2\/suno_strategy?post=24946"}],"curies":[{"name":"wp","href":"https:\/\/api.w.org\/{rel}","templated":true}]}}