{"id":249311,"date":"2022-04-08T13:21:36","date_gmt":"2022-04-08T16:21:36","guid":{"rendered":"https:\/\/www.suno.com.br\/noticias\/?p=249311"},"modified":"2022-04-08T18:07:06","modified_gmt":"2022-04-08T21:07:06","slug":"magazine-luiza-mglu3-via-viia3-varejistas-despencam-susto-inflacao","status":"publish","type":"post","link":"https:\/\/www.suno.com.br\/noticias\/magazine-luiza-mglu3-via-viia3-varejistas-despencam-susto-inflacao\/","title":{"rendered":"Magazine Luiza (MGLU3) e Via (VIIA3): varejistas desabam com susto da infla\u00e7\u00e3o"},"content":{"rendered":"<p>As companhias varejistas do Ibovespa &#8211; como <a href=\"https:\/\/www.suno.com.br\/acoes\/mglu3\/\"><strong>Magazine Luiza<\/strong> (MGLU3)<\/a>, <a href=\"https:\/\/www.suno.com.br\/acoes\/viia3\/\">Via (VIIA3)<\/a> e <a href=\"https:\/\/www.suno.com.br\/acoes\/amer3\/\">Americanas (AMER3)<\/a> &#8211; tiveram um dia dif\u00edcil, ap\u00f3s divulga\u00e7\u00e3o do \u00edndice de infla\u00e7\u00e3o para mar\u00e7o, o maior do m\u00eas desde 1994. As <strong>a\u00e7\u00f5es das varejistas<\/strong> ca\u00edram desde o in\u00edcio do preg\u00e3o e fecharam em forte queda &#8212; entre 6,5% e quase 8%.<\/p>\t<div class=\"wrapper-featured-image\">\n\t\t<figure class=\"spotlightImg\">\n\n\t\t\t<picture>\n\t\t\t\t<source media=\"(max-width: 768px)\" srcset=\"https:\/\/files.sunoresearch.com.br\/n\/uploads\/2022\/04\/pexels-andrea-piacquadio-3760778-400x200.jpg\">\n\t\t\t\t<img loading=\"lazy\" decoding=\"async\" class=\"newsContent__article__imgCapa lazyloadDisabled \" src=\"https:\/\/files.sunoresearch.com.br\/n\/uploads\/2022\/04\/pexels-andrea-piacquadio-3760778-800x450.jpg\" width=\"800\" height=\"450\" alt=\"Magazine Luiza (MGLU3) e Via (VIIA3): varejistas desabam com susto da infla\u00e7\u00e3o\" fetchpriority=high \/>\n\t\t\t<\/picture>\n\n\t\t\t<figcaption class=\"wp-caption-text wp-caption-text--show\">Magazine Luiza (MGLU3) e Via (VIIA3): Varejistas desabam com susto da infla\u00e7\u00e3o. Foto: Pexels.<\/figcaption>\n\t\t<\/figure>\n\t<\/div>\n\n\n\t<p>\n\t\t<a href=\"\" target=\"_blank\" data-element=\"shortcode-suno-banner\" title=\"Banner SUNO, clique e saiba mais\">\n\t\t\t<picture>\n\t\t\t\t<source media=\"(max-width: 500px)\" srcset=\"\">\n\t\t\t\t<img class=\"newsContent__article__imgCapa newsContent__article__imgCapa--banner\"\n\t\t\t\t\tsrc=\"\"\n\t\t\t\t\tdata-promo-id=\"138420\"\t\t\t\t\t\t\t\t\t\t\t\t\t\t\talt=\"\"\n\t\t\t\t>\n\t\t\t<\/picture>\n\t\t<\/a>\n\t<\/p>\n\n\n<p>Segundo o <strong>IPCA<\/strong>, os pre\u00e7os subiram em m\u00e9dia 1,62% em mar\u00e7o e acumulam alta de 11,30% nos \u00faltimos 12 meses, uma acelera\u00e7\u00e3o em rela\u00e7\u00e3o ao acumulado de dezembro de 2021, em 10,06%.<\/p>\n<p>Especialistas apontam que o avan\u00e7o de pre\u00e7os \u00e9 prejudicial, direta ou indiretamente, para o desempenho das <strong>empresas de varejo<\/strong>.<\/p>\n<p>Al\u00e9m dos pre\u00e7os altos desencorajarem o consumo, a acelera\u00e7\u00e3o do ritmo inflacion\u00e1rio deve disparar uma resposta do Banco Central, neste caso sob a forma de aumento da <a class=\"suno-keyword\" href=\"https:\/\/www.suno.com.br\/artigos\/taxa-de-juros\/\" target=\"_blank\" rel=\"noopener\" data-force=\"no\" data-priority=\"1\">taxa b\u00e1sica de juros<\/a>, que aumenta ainda mais os incentivos para <strong>redu\u00e7\u00e3o do consumo<\/strong> e de investimentos.<\/p>\n<p>Em rea\u00e7\u00e3o ao novo cen\u00e1rio, as a\u00e7\u00f5es das principais empresas do setor, como o Magazine Luiza, acumulam perdas superiores a 5%.<\/p>\n<p>Para Fabiano Braun, s\u00f3cio da Matriz Capital, a infla\u00e7\u00e3o subiu acima do esperado e surpreendeu o mercado. &#8220;O que deve gerar uma maior press\u00e3o para o aumento da taxa de juros. Atualmente, a Selic est\u00e1 em 11,75% e o \u00faltimo boletim Focus previa os juros fechando <em>[o ano]<\/em> em 13% a.a.&#8221;, afirmou.<\/p>\n<p>De acordo com o especialista, &#8220;o setor de varejo j\u00e1 est\u00e1 sofrendo bastante com a taxa de juros alta. E a perspectiva de um aumento ainda maior pressiona a cota\u00e7\u00e3o das principais a\u00e7\u00f5es de varejo na Bolsa&#8221;.<\/p>\n<p>&#8220;Hoje a queda \u00e9 generalizada no segmento. Com os <strong>juros altos<\/strong>, a popula\u00e7\u00e3o destina seus recursos para itens b\u00e1sicos, deixando de lado, no momento, outros produtos&#8221;, completou.<\/p>\n\t<p>\n\t\t<a href=\"https:\/\/lp.suno.com.br\/planilha-controle-gastos\/\" target=\"_blank\" data-element=\"shortcode-suno-banner\" title=\"Banner SUNO, clique e saiba mais\">\n\t\t\t<picture>\n\t\t\t\t<source media=\"(max-width: 500px)\" srcset=\"https:\/\/files.sunoresearch.com.br\/n\/uploads\/2023\/03\/400x300-Planilha-controle-de-gastos.png\">\n\t\t\t\t<img class=\"newsContent__article__imgCapa newsContent__article__imgCapa--banner\"\n\t\t\t\t\tsrc=\"https:\/\/files.sunoresearch.com.br\/n\/uploads\/2023\/03\/1420x240-Planilha-controle-de-gastos.png\"\n\t\t\t\t\tdata-promo-id=\"101751\"\t\t\t\t\t\t\t\t\t\twidth='1420' height='240'\t\t\t\t\talt=\"https:\/\/files.sunoresearch.com.br\/n\/uploads\/2023\/03\/1420x240-Planilha-controle-de-gastos.png\"\n\t\t\t\t>\n\t\t\t<\/picture>\n\t\t<\/a>\n\t<\/p>\n\n\n<p>Segundo o levantamento do IBGE, a maior alta foi constatada no setor de transportes, de 3,02% em mar\u00e7o, que sofre influ\u00eancia da alta dos combust\u00edveis. Para as <strong>empresas<\/strong> <strong>varejistas<\/strong>, o aumento de pre\u00e7o da gasolina e do diesel devem encarecer o frete e reduzir a atratividade das compras, tanto online, quanto presenciais.<\/p>\n<p>Na sequ\u00eancia est\u00e3o o setor de alimenta\u00e7\u00e3o e bebidas, alta de 2,42% em mar\u00e7o, e de vestu\u00e1rio, 1,82%.<\/p>\n<p>Para o presidente do Magazine Luiza, Frederico Trajano, em teleconfer\u00eancia de resultados h\u00e1 duas semanas, a infla\u00e7\u00e3o e a alta de juros foram os principais culpados pelo desempenho aqu\u00e9m da empresa no quarto trimestre de 2021.<\/p>\n<p>Braun, entretanto, destaca que o cen\u00e1rio \u00e0 frente n\u00e3o \u00e9 todo negativo e que h\u00e1 a expectativa de uma redu\u00e7\u00e3o na conta de luz &#8211; segundo o ministro <a class=\"suno-keyword\" href=\"https:\/\/www.suno.com.br\/tudo-sobre\/paulo-guedes\/\" target=\"_blank\" rel=\"noopener\" data-force=\"no\" data-priority=\"2\">Paulo Guedes<\/a>, de 18% &#8211; sem \u201ccanetada\u201d e sem impor <a class=\"suno-keyword\" href=\"https:\/\/www.suno.com.br\/artigos\/riscos-financeiros\/\" target=\"_blank\" rel=\"noopener\" data-force=\"no\" data-priority=\"1\">riscos financeiros<\/a> \u00e0s empresas do setor.<\/p>\n<h2>Perspectivas para a infla\u00e7\u00e3o<\/h2>\n<p>Segundo relat\u00f3rio do banco Goldman Sachs, o cen\u00e1rio aponta uma infla\u00e7\u00e3o n\u00e3o s\u00f3 &#8220;muito alta&#8221;, mas tamb\u00e9m disseminada pelas diversas categorias analisadas.<\/p>\n<p>&#8220;O choque generalizado e, provavelmente, duradouro no pre\u00e7o das commodities e outros custos log\u00edsticos deve manter a infla\u00e7\u00e3o dos pre\u00e7os ao consumidor alta no <a class=\"suno-keyword\" href=\"https:\/\/www.suno.com.br\/artigos\/curto-prazo\/\" target=\"_blank\" rel=\"noopener\" data-force=\"no\" data-priority=\"1\">curto prazo<\/a>, compensada apenas parcialmente pela redu\u00e7\u00e3o nos custos energ\u00e9ticos&#8221;, refor\u00e7a.<\/p>\n<p>Para o Bank of America, apesar da surpresa, a infla\u00e7\u00e3o deve continuar subindo e atingir a m\u00e1xima neste m\u00eas, com um acumulado de 11,5% em 12 meses em abril. Assim, o Banco Central brasileiro n\u00e3o ser\u00e1 capaz de cumprir a previs\u00e3o nem deve encerrar o ciclo de alta dos juros em maio.<\/p>\n\t<p>\n\t\t<a href=\"https:\/\/lp.suno.com.br\/planilha-da-vida-financeira\/\" target=\"_blank\" data-element=\"shortcode-suno-banner\" title=\"Banner SUNO, clique e saiba mais\">\n\t\t\t<picture>\n\t\t\t\t<source media=\"(max-width: 500px)\" srcset=\"https:\/\/files.sunoresearch.com.br\/n\/uploads\/2023\/04\/400x300-Planilha-vida-financeira-true.png\">\n\t\t\t\t<img class=\"newsContent__article__imgCapa newsContent__article__imgCapa--banner\"\n\t\t\t\t\tsrc=\"https:\/\/files.sunoresearch.com.br\/n\/uploads\/2023\/04\/1420x240-Planilha-vida-financeira-true.png\"\n\t\t\t\t\tdata-promo-id=\"106682\"\t\t\t\t\t\t\t\t\t\twidth='1420' height='240'\t\t\t\t\talt=\"https:\/\/files.sunoresearch.com.br\/n\/uploads\/2023\/04\/1420x240-Planilha-vida-financeira-true.png\"\n\t\t\t\t>\n\t\t\t<\/picture>\n\t\t<\/a>\n\t<\/p>\n\n\n<h2>Magazine Luiza e setor varejista despencam<\/h2>\n<p>No fechamento, as varejistas ficaram entre as maiores perdas do Ibovespa, pressionadas tamb\u00e9m pela estimativa de juros mais altos ap\u00f3s o IPCA acima do aguardado. A Via (VIIA3) desabou 7,93%, a R$ 3,60, liderando as maiores perdas. Americana (AMER3) caiu 7,72%, para R$ 28,58, e o Magazine Luiza (MGLU3) perdeu 6,55%, cotada a R$ 6,13.<\/p>\n","protected":false},"excerpt":{"rendered":"<p>As companhias varejistas do Ibovespa &#8211; como Magazine Luiza (MGLU3), Via (VIIA3) e Americanas (AMER3) &#8211; tiveram um dia dif\u00edcil, ap\u00f3s divulga\u00e7\u00e3o do \u00edndice de infla\u00e7\u00e3o para mar\u00e7o, o maior do m\u00eas desde 1994. As a\u00e7\u00f5es das varejistas ca\u00edram desde o in\u00edcio do preg\u00e3o e fecharam em forte queda &#8212; entre 6,5% e quase 8%. [&hellip;]<\/p>\n","protected":false},"author":145,"featured_media":249347,"comment_status":"closed","ping_status":"closed","sticky":false,"template":"","format":"standard","meta":[],"categories":[60],"tags":[105816,105991,548,803,106935],"suno_strategy":[],"class_list":["post-249311","post","type-post","status-publish","format-standard","has-post-thumbnail","hentry","category-mercado","tag-especialistas","tag-lojas-amerianas","tag-magazine-luiza-mglu3","tag-varejo","tag-via-viia3"],"yoast_head":"<!-- This site is optimized with the Yoast SEO plugin v24.4 - https:\/\/yoast.com\/wordpress\/plugins\/seo\/ -->\n<title>Magazine Luiza (MGLU3) e Via (VIIA3): varejistas desabam com susto da infla\u00e7\u00e3o<\/title>\n<meta name=\"description\" content=\"Ap\u00f3s os n\u00fameros da infla\u00e7\u00e3o de mar\u00e7o virem acima do esperado, as a\u00e7\u00f5es de varejistas como Magazine Luiza e Via despencaram. Confira!\" \/>\n<meta name=\"robots\" content=\"index, follow, max-snippet:-1, max-image-preview:large, max-video-preview:-1\" \/>\n<link rel=\"canonical\" href=\"https:\/\/www.suno.com.br\/noticias\/magazine-luiza-mglu3-via-viia3-varejistas-despencam-susto-inflacao\/\" \/>\n<meta property=\"og:locale\" content=\"pt_BR\" \/>\n<meta property=\"og:type\" content=\"article\" \/>\n<meta property=\"og:title\" content=\"Magazine Luiza (MGLU3) e Via (VIIA3): varejistas desabam com susto da infla\u00e7\u00e3o\" \/>\n<meta property=\"og:description\" content=\"Ap\u00f3s os n\u00fameros da infla\u00e7\u00e3o de mar\u00e7o virem acima do esperado, as a\u00e7\u00f5es de varejistas como Magazine Luiza e Via despencaram. Confira!\" \/>\n<meta property=\"og:url\" content=\"https:\/\/www.suno.com.br\/noticias\/magazine-luiza-mglu3-via-viia3-varejistas-despencam-susto-inflacao\/\" \/>\n<meta property=\"og:site_name\" content=\"Suno Not\u00edcias\" \/>\n<meta property=\"article:publisher\" content=\"https:\/\/facebook.com\/sunoresearch\" \/>\n<meta property=\"og:image\" content=\"https:\/\/files.sunoresearch.com.br\/n\/uploads\/2022\/04\/pexels-andrea-piacquadio-3760778-scaled.jpg\" \/>\n\t<meta property=\"og:image:width\" content=\"2560\" \/>\n\t<meta property=\"og:image:height\" content=\"1706\" \/>\n\t<meta property=\"og:image:type\" content=\"image\/jpeg\" \/>\n<meta name=\"author\" content=\"Pedro Caramuru\" \/>\n<meta name=\"twitter:card\" content=\"summary_large_image\" \/>\n<meta name=\"twitter:creator\" content=\"@sunoresearch\" \/>\n<meta name=\"twitter:site\" content=\"@sunoresearch\" \/>\n<meta name=\"twitter:label1\" content=\"Escrito por\" \/>\n\t<meta name=\"twitter:data1\" content=\"Pedro Caramuru\" \/>\n\t<meta name=\"twitter:label2\" content=\"Est. tempo de leitura\" \/>\n\t<meta name=\"twitter:data2\" content=\"3 minutos\" \/>\n<script type=\"application\/ld+json\" class=\"yoast-schema-graph\">{\"@context\":\"https:\/\/schema.org\",\"@graph\":[{\"@type\":\"NewsArticle\",\"@id\":\"https:\/\/www.suno.com.br\/noticias\/magazine-luiza-mglu3-via-viia3-varejistas-despencam-susto-inflacao\/#article\",\"isPartOf\":{\"@id\":\"https:\/\/www.suno.com.br\/noticias\/magazine-luiza-mglu3-via-viia3-varejistas-despencam-susto-inflacao\/\"},\"author\":{\"name\":\"Pedro Caramuru\",\"@id\":\"https:\/\/www.suno.com.br\/noticias\/#\/schema\/person\/8d020643938f12a823508eb0e5fda407\"},\"headline\":\"Magazine Luiza (MGLU3) e Via (VIIA3): varejistas desabam com susto da infla\u00e7\u00e3o\",\"datePublished\":\"2022-04-08T16:21:36+00:00\",\"dateModified\":\"2022-04-08T21:07:06+00:00\",\"mainEntityOfPage\":{\"@id\":\"https:\/\/www.suno.com.br\/noticias\/magazine-luiza-mglu3-via-viia3-varejistas-despencam-susto-inflacao\/\"},\"wordCount\":674,\"publisher\":{\"@id\":\"https:\/\/www.suno.com.br\/noticias\/#organization\"},\"image\":{\"@id\":\"https:\/\/www.suno.com.br\/noticias\/magazine-luiza-mglu3-via-viia3-varejistas-despencam-susto-inflacao\/#primaryimage\"},\"thumbnailUrl\":\"https:\/\/files.sunoresearch.com.br\/n\/uploads\/2022\/04\/pexels-andrea-piacquadio-3760778-scaled.jpg\",\"keywords\":[\"Especialistas\",\"Lojas Amerianas\",\"Magazine Luiza (MGLU3)\",\"varejo\",\"Via (VIIA3)\"],\"articleSection\":[\"Mercado\"],\"inLanguage\":\"pt-BR\"},{\"@type\":\"WebPage\",\"@id\":\"https:\/\/www.suno.com.br\/noticias\/magazine-luiza-mglu3-via-viia3-varejistas-despencam-susto-inflacao\/\",\"url\":\"https:\/\/www.suno.com.br\/noticias\/magazine-luiza-mglu3-via-viia3-varejistas-despencam-susto-inflacao\/\",\"name\":\"Magazine Luiza (MGLU3) e Via (VIIA3): varejistas desabam com susto da infla\u00e7\u00e3o\",\"isPartOf\":{\"@id\":\"https:\/\/www.suno.com.br\/noticias\/#website\"},\"primaryImageOfPage\":{\"@id\":\"https:\/\/www.suno.com.br\/noticias\/magazine-luiza-mglu3-via-viia3-varejistas-despencam-susto-inflacao\/#primaryimage\"},\"image\":{\"@id\":\"https:\/\/www.suno.com.br\/noticias\/magazine-luiza-mglu3-via-viia3-varejistas-despencam-susto-inflacao\/#primaryimage\"},\"thumbnailUrl\":\"https:\/\/files.sunoresearch.com.br\/n\/uploads\/2022\/04\/pexels-andrea-piacquadio-3760778-scaled.jpg\",\"datePublished\":\"2022-04-08T16:21:36+00:00\",\"dateModified\":\"2022-04-08T21:07:06+00:00\",\"description\":\"Ap\u00f3s os n\u00fameros da infla\u00e7\u00e3o de mar\u00e7o virem acima do esperado, as a\u00e7\u00f5es de varejistas como Magazine Luiza e Via despencaram. Confira!\",\"breadcrumb\":{\"@id\":\"https:\/\/www.suno.com.br\/noticias\/magazine-luiza-mglu3-via-viia3-varejistas-despencam-susto-inflacao\/#breadcrumb\"},\"inLanguage\":\"pt-BR\",\"potentialAction\":[{\"@type\":\"ReadAction\",\"target\":[\"https:\/\/www.suno.com.br\/noticias\/magazine-luiza-mglu3-via-viia3-varejistas-despencam-susto-inflacao\/\"]}]},{\"@type\":\"ImageObject\",\"inLanguage\":\"pt-BR\",\"@id\":\"https:\/\/www.suno.com.br\/noticias\/magazine-luiza-mglu3-via-viia3-varejistas-despencam-susto-inflacao\/#primaryimage\",\"url\":\"https:\/\/files.sunoresearch.com.br\/n\/uploads\/2022\/04\/pexels-andrea-piacquadio-3760778-scaled.jpg\",\"contentUrl\":\"https:\/\/files.sunoresearch.com.br\/n\/uploads\/2022\/04\/pexels-andrea-piacquadio-3760778-scaled.jpg\",\"width\":2560,\"height\":1706,\"caption\":\"Magazine Luiza (MGLU3) e Via (VIIA3): Varejistas desabam com susto da infla\u00e7\u00e3o. Foto: Pexels.\"},{\"@type\":\"BreadcrumbList\",\"@id\":\"https:\/\/www.suno.com.br\/noticias\/magazine-luiza-mglu3-via-viia3-varejistas-despencam-susto-inflacao\/#breadcrumb\",\"itemListElement\":[{\"@type\":\"ListItem\",\"position\":1,\"name\":\"Not\u00edcias\",\"item\":\"https:\/\/www.suno.com.br\/noticias\/\"},{\"@type\":\"ListItem\",\"position\":2,\"name\":\"Mercado\",\"item\":\"https:\/\/www.suno.com.br\/noticias\/mercado\/\"},{\"@type\":\"ListItem\",\"position\":3,\"name\":\"Magazine Luiza (MGLU3) e Via (VIIA3): varejistas desabam com susto da infla\u00e7\u00e3o\"}]},{\"@type\":\"WebSite\",\"@id\":\"https:\/\/www.suno.com.br\/noticias\/#website\",\"url\":\"https:\/\/www.suno.com.br\/noticias\/\",\"name\":\"Suno Not\u00edcias\",\"description\":\"Seu portal de informa\u00e7\u00e3o sobre o mundo dos investimentos\",\"publisher\":{\"@id\":\"https:\/\/www.suno.com.br\/noticias\/#organization\"},\"potentialAction\":[{\"@type\":\"SearchAction\",\"target\":{\"@type\":\"EntryPoint\",\"urlTemplate\":\"https:\/\/www.suno.com.br\/noticias\/?s={search_term_string}\"},\"query-input\":{\"@type\":\"PropertyValueSpecification\",\"valueRequired\":true,\"valueName\":\"search_term_string\"}}],\"inLanguage\":\"pt-BR\"},{\"@type\":\"Organization\",\"@id\":\"https:\/\/www.suno.com.br\/noticias\/#organization\",\"name\":\"Suno Not\u00edcias\",\"url\":\"https:\/\/www.suno.com.br\/noticias\/\",\"logo\":{\"@type\":\"ImageObject\",\"inLanguage\":\"pt-BR\",\"@id\":\"https:\/\/www.suno.com.br\/noticias\/#\/schema\/logo\/image\/\",\"url\":\"https:\/\/files.sunoresearch.com.br\/n\/uploads\/2021\/09\/suno-logo.png\",\"contentUrl\":\"https:\/\/files.sunoresearch.com.br\/n\/uploads\/2021\/09\/suno-logo.png\",\"width\":180,\"height\":180,\"caption\":\"Suno Not\u00edcias\"},\"image\":{\"@id\":\"https:\/\/www.suno.com.br\/noticias\/#\/schema\/logo\/image\/\"},\"sameAs\":[\"https:\/\/facebook.com\/sunoresearch\",\"https:\/\/x.com\/sunoresearch\",\"https:\/\/www.instagram.com\/suno\",\"https:\/\/www.linkedin.com\/company\/suno-research\/\",\"https:\/\/www.youtube.com\/c\/sunoresearch\"]},{\"@type\":\"Person\",\"@id\":\"https:\/\/www.suno.com.br\/noticias\/#\/schema\/person\/8d020643938f12a823508eb0e5fda407\",\"name\":\"Pedro Caramuru\",\"image\":{\"@type\":\"ImageObject\",\"inLanguage\":\"pt-BR\",\"@id\":\"https:\/\/www.suno.com.br\/noticias\/#\/schema\/person\/image\/\",\"url\":\"https:\/\/secure.gravatar.com\/avatar\/1a3f15d3553507ae7a2debc6ea0ad87b?s=96&r=g\",\"contentUrl\":\"https:\/\/secure.gravatar.com\/avatar\/1a3f15d3553507ae7a2debc6ea0ad87b?s=96&r=g\",\"caption\":\"Pedro Caramuru\"},\"description\":\"Rep\u00f3rter de economia, mercado e pol\u00edtica brasileira para o Suno Not\u00edcias. Formado em jornalismo. J\u00e1 escreveu sobre pol\u00edtica e mercados internacionais para o Broadcast e Estad\u00e3o.\",\"url\":\"https:\/\/www.suno.com.br\/noticias\/author\/pedro-caramurusuno-com-br\/\"}]}<\/script>\n<!-- \/ Yoast SEO plugin. -->","yoast_head_json":{"title":"Magazine Luiza (MGLU3) e Via (VIIA3): varejistas desabam com susto da infla\u00e7\u00e3o","description":"Ap\u00f3s os n\u00fameros da infla\u00e7\u00e3o de mar\u00e7o virem acima do esperado, as a\u00e7\u00f5es de varejistas como Magazine Luiza e Via despencaram. Confira!","robots":{"index":"index","follow":"follow","max-snippet":"max-snippet:-1","max-image-preview":"max-image-preview:large","max-video-preview":"max-video-preview:-1"},"canonical":"https:\/\/www.suno.com.br\/noticias\/magazine-luiza-mglu3-via-viia3-varejistas-despencam-susto-inflacao\/","og_locale":"pt_BR","og_type":"article","og_title":"Magazine Luiza (MGLU3) e Via (VIIA3): varejistas desabam com susto da infla\u00e7\u00e3o","og_description":"Ap\u00f3s os n\u00fameros da infla\u00e7\u00e3o de mar\u00e7o virem acima do esperado, as a\u00e7\u00f5es de varejistas como Magazine Luiza e Via despencaram. Confira!","og_url":"https:\/\/www.suno.com.br\/noticias\/magazine-luiza-mglu3-via-viia3-varejistas-despencam-susto-inflacao\/","og_site_name":"Suno Not\u00edcias","article_publisher":"https:\/\/facebook.com\/sunoresearch","og_image":[{"width":2560,"height":1706,"url":"https:\/\/files.sunoresearch.com.br\/n\/uploads\/2022\/04\/pexels-andrea-piacquadio-3760778-scaled.jpg","type":"image\/jpeg"}],"author":"Pedro Caramuru","twitter_card":"summary_large_image","twitter_creator":"@sunoresearch","twitter_site":"@sunoresearch","twitter_misc":{"Escrito por":"Pedro Caramuru","Est. tempo de leitura":"3 minutos"},"schema":{"@context":"https:\/\/schema.org","@graph":[{"@type":"NewsArticle","@id":"https:\/\/www.suno.com.br\/noticias\/magazine-luiza-mglu3-via-viia3-varejistas-despencam-susto-inflacao\/#article","isPartOf":{"@id":"https:\/\/www.suno.com.br\/noticias\/magazine-luiza-mglu3-via-viia3-varejistas-despencam-susto-inflacao\/"},"author":{"name":"Pedro Caramuru","@id":"https:\/\/www.suno.com.br\/noticias\/#\/schema\/person\/8d020643938f12a823508eb0e5fda407"},"headline":"Magazine Luiza (MGLU3) e Via (VIIA3): varejistas desabam com susto da infla\u00e7\u00e3o","datePublished":"2022-04-08T16:21:36+00:00","dateModified":"2022-04-08T21:07:06+00:00","mainEntityOfPage":{"@id":"https:\/\/www.suno.com.br\/noticias\/magazine-luiza-mglu3-via-viia3-varejistas-despencam-susto-inflacao\/"},"wordCount":674,"publisher":{"@id":"https:\/\/www.suno.com.br\/noticias\/#organization"},"image":{"@id":"https:\/\/www.suno.com.br\/noticias\/magazine-luiza-mglu3-via-viia3-varejistas-despencam-susto-inflacao\/#primaryimage"},"thumbnailUrl":"https:\/\/files.sunoresearch.com.br\/n\/uploads\/2022\/04\/pexels-andrea-piacquadio-3760778-scaled.jpg","keywords":["Especialistas","Lojas Amerianas","Magazine Luiza (MGLU3)","varejo","Via (VIIA3)"],"articleSection":["Mercado"],"inLanguage":"pt-BR"},{"@type":"WebPage","@id":"https:\/\/www.suno.com.br\/noticias\/magazine-luiza-mglu3-via-viia3-varejistas-despencam-susto-inflacao\/","url":"https:\/\/www.suno.com.br\/noticias\/magazine-luiza-mglu3-via-viia3-varejistas-despencam-susto-inflacao\/","name":"Magazine Luiza (MGLU3) e Via (VIIA3): varejistas desabam com susto da infla\u00e7\u00e3o","isPartOf":{"@id":"https:\/\/www.suno.com.br\/noticias\/#website"},"primaryImageOfPage":{"@id":"https:\/\/www.suno.com.br\/noticias\/magazine-luiza-mglu3-via-viia3-varejistas-despencam-susto-inflacao\/#primaryimage"},"image":{"@id":"https:\/\/www.suno.com.br\/noticias\/magazine-luiza-mglu3-via-viia3-varejistas-despencam-susto-inflacao\/#primaryimage"},"thumbnailUrl":"https:\/\/files.sunoresearch.com.br\/n\/uploads\/2022\/04\/pexels-andrea-piacquadio-3760778-scaled.jpg","datePublished":"2022-04-08T16:21:36+00:00","dateModified":"2022-04-08T21:07:06+00:00","description":"Ap\u00f3s os n\u00fameros da infla\u00e7\u00e3o de mar\u00e7o virem acima do esperado, as a\u00e7\u00f5es de varejistas como Magazine Luiza e Via despencaram. Confira!","breadcrumb":{"@id":"https:\/\/www.suno.com.br\/noticias\/magazine-luiza-mglu3-via-viia3-varejistas-despencam-susto-inflacao\/#breadcrumb"},"inLanguage":"pt-BR","potentialAction":[{"@type":"ReadAction","target":["https:\/\/www.suno.com.br\/noticias\/magazine-luiza-mglu3-via-viia3-varejistas-despencam-susto-inflacao\/"]}]},{"@type":"ImageObject","inLanguage":"pt-BR","@id":"https:\/\/www.suno.com.br\/noticias\/magazine-luiza-mglu3-via-viia3-varejistas-despencam-susto-inflacao\/#primaryimage","url":"https:\/\/files.sunoresearch.com.br\/n\/uploads\/2022\/04\/pexels-andrea-piacquadio-3760778-scaled.jpg","contentUrl":"https:\/\/files.sunoresearch.com.br\/n\/uploads\/2022\/04\/pexels-andrea-piacquadio-3760778-scaled.jpg","width":2560,"height":1706,"caption":"Magazine Luiza (MGLU3) e Via (VIIA3): Varejistas desabam com susto da infla\u00e7\u00e3o. Foto: Pexels."},{"@type":"BreadcrumbList","@id":"https:\/\/www.suno.com.br\/noticias\/magazine-luiza-mglu3-via-viia3-varejistas-despencam-susto-inflacao\/#breadcrumb","itemListElement":[{"@type":"ListItem","position":1,"name":"Not\u00edcias","item":"https:\/\/www.suno.com.br\/noticias\/"},{"@type":"ListItem","position":2,"name":"Mercado","item":"https:\/\/www.suno.com.br\/noticias\/mercado\/"},{"@type":"ListItem","position":3,"name":"Magazine Luiza (MGLU3) e Via (VIIA3): varejistas desabam com susto da infla\u00e7\u00e3o"}]},{"@type":"WebSite","@id":"https:\/\/www.suno.com.br\/noticias\/#website","url":"https:\/\/www.suno.com.br\/noticias\/","name":"Suno Not\u00edcias","description":"Seu portal de informa\u00e7\u00e3o sobre o mundo dos investimentos","publisher":{"@id":"https:\/\/www.suno.com.br\/noticias\/#organization"},"potentialAction":[{"@type":"SearchAction","target":{"@type":"EntryPoint","urlTemplate":"https:\/\/www.suno.com.br\/noticias\/?s={search_term_string}"},"query-input":{"@type":"PropertyValueSpecification","valueRequired":true,"valueName":"search_term_string"}}],"inLanguage":"pt-BR"},{"@type":"Organization","@id":"https:\/\/www.suno.com.br\/noticias\/#organization","name":"Suno Not\u00edcias","url":"https:\/\/www.suno.com.br\/noticias\/","logo":{"@type":"ImageObject","inLanguage":"pt-BR","@id":"https:\/\/www.suno.com.br\/noticias\/#\/schema\/logo\/image\/","url":"https:\/\/files.sunoresearch.com.br\/n\/uploads\/2021\/09\/suno-logo.png","contentUrl":"https:\/\/files.sunoresearch.com.br\/n\/uploads\/2021\/09\/suno-logo.png","width":180,"height":180,"caption":"Suno Not\u00edcias"},"image":{"@id":"https:\/\/www.suno.com.br\/noticias\/#\/schema\/logo\/image\/"},"sameAs":["https:\/\/facebook.com\/sunoresearch","https:\/\/x.com\/sunoresearch","https:\/\/www.instagram.com\/suno","https:\/\/www.linkedin.com\/company\/suno-research\/","https:\/\/www.youtube.com\/c\/sunoresearch"]},{"@type":"Person","@id":"https:\/\/www.suno.com.br\/noticias\/#\/schema\/person\/8d020643938f12a823508eb0e5fda407","name":"Pedro Caramuru","image":{"@type":"ImageObject","inLanguage":"pt-BR","@id":"https:\/\/www.suno.com.br\/noticias\/#\/schema\/person\/image\/","url":"https:\/\/secure.gravatar.com\/avatar\/1a3f15d3553507ae7a2debc6ea0ad87b?s=96&r=g","contentUrl":"https:\/\/secure.gravatar.com\/avatar\/1a3f15d3553507ae7a2debc6ea0ad87b?s=96&r=g","caption":"Pedro Caramuru"},"description":"Rep\u00f3rter de economia, mercado e pol\u00edtica brasileira para o Suno Not\u00edcias. Formado em jornalismo. J\u00e1 escreveu sobre pol\u00edtica e mercados internacionais para o Broadcast e Estad\u00e3o.","url":"https:\/\/www.suno.com.br\/noticias\/author\/pedro-caramurusuno-com-br\/"}]}},"default_loop_html":"<div class=\"cardsPage__listCard__boxs\"><div class=\"cardsPage__listCard__boxs__img\"><a href=\"https:\/\/www.suno.com.br\/noticias\/magazine-luiza-mglu3-via-viia3-varejistas-despencam-susto-inflacao\/\"><img class=\"mask\" src=\"https:\/\/www.suno.com.br\/noticias\/wp-content\/themes\/suno\/resources\/images\/spotlight\/spotlight1img\/bg-mask.png\" alt=\"Image Mask\"\/><img src=\"https:\/\/files.sunoresearch.com.br\/n\/uploads\/2022\/04\/pexels-andrea-piacquadio-3760778-400x200.jpg\" alt=\"Magazine Luiza (MGLU3) e Via (VIIA3): varejistas desabam com susto da infla\u00e7\u00e3o\"\/><\/a><span class=\"spotlightCategory\"><a href=\"https:\/\/www.suno.com.br\/noticias\/mercado\/\">Mercado<\/a><\/span><\/div><div class=\"cardsPage__listCard__boxs__content\"><a href=\"https:\/\/www.suno.com.br\/noticias\/magazine-luiza-mglu3-via-viia3-varejistas-despencam-susto-inflacao\/\"><h2 class=\"content__title\">Magazine Luiza (MGLU3) e Via (VIIA3): varejistas desabam com susto da infla\u00e7\u00e3o<\/h2><\/a><div class=\"newsContent__article__meta\"><div class=\"newsContent__article__meta__authorBox\"><a href=\"https:\/\/www.suno.com.br\/noticias\/author\/pedro-caramurusuno-com-br\/\" class=\"authorBox__avatar noMobi\"><img src=\"https:\/\/secure.gravatar.com\/avatar\/1a3f15d3553507ae7a2debc6ea0ad87b?s=96&#038;r=g\" alt=\"Pedro Caramuru\"><\/a><div class=\"authorBox__name\"><span>por\n\t\t\t<a href=\"https:\/\/www.suno.com.br\/noticias\/author\/pedro-caramurusuno-com-br\/\"><span itemprop=\"author\">Pedro Caramuru<\/span><\/a><\/span><time datetime=\"2022-04-08T13:21:36-03:00\" itemprop=\"datePublished\">08\/04\/2022 13:21<\/time><\/div><\/div><\/div><\/div><\/div>","single_layout":"posts","amp_enabled":true,"_links":{"self":[{"href":"https:\/\/www.suno.com.br\/noticias\/wp-json\/wp\/v2\/posts\/249311"}],"collection":[{"href":"https:\/\/www.suno.com.br\/noticias\/wp-json\/wp\/v2\/posts"}],"about":[{"href":"https:\/\/www.suno.com.br\/noticias\/wp-json\/wp\/v2\/types\/post"}],"author":[{"embeddable":true,"href":"https:\/\/www.suno.com.br\/noticias\/wp-json\/wp\/v2\/users\/145"}],"replies":[{"embeddable":true,"href":"https:\/\/www.suno.com.br\/noticias\/wp-json\/wp\/v2\/comments?post=249311"}],"version-history":[{"count":4,"href":"https:\/\/www.suno.com.br\/noticias\/wp-json\/wp\/v2\/posts\/249311\/revisions"}],"predecessor-version":[{"id":249473,"href":"https:\/\/www.suno.com.br\/noticias\/wp-json\/wp\/v2\/posts\/249311\/revisions\/249473"}],"wp:featuredmedia":[{"embeddable":true,"href":"https:\/\/www.suno.com.br\/noticias\/wp-json\/wp\/v2\/media\/249347"}],"wp:attachment":[{"href":"https:\/\/www.suno.com.br\/noticias\/wp-json\/wp\/v2\/media?parent=249311"}],"wp:term":[{"taxonomy":"category","embeddable":true,"href":"https:\/\/www.suno.com.br\/noticias\/wp-json\/wp\/v2\/categories?post=249311"},{"taxonomy":"post_tag","embeddable":true,"href":"https:\/\/www.suno.com.br\/noticias\/wp-json\/wp\/v2\/tags?post=249311"},{"taxonomy":"suno_strategy","embeddable":true,"href":"https:\/\/www.suno.com.br\/noticias\/wp-json\/wp\/v2\/suno_strategy?post=249311"}],"curies":[{"name":"wp","href":"https:\/\/api.w.org\/{rel}","templated":true}]}}