{"id":24923,"date":"2019-05-17T09:22:38","date_gmt":"2019-05-17T12:22:38","guid":{"rendered":"https:\/\/www.suno.com.br\/noticias\/?p=24923"},"modified":"2019-05-17T09:29:41","modified_gmt":"2019-05-17T12:29:41","slug":"novo-presidente-inep","status":"publish","type":"post","link":"https:\/\/www.suno.com.br\/noticias\/novo-presidente-inep\/","title":{"rendered":"Alexandre Ribeiro Pereira Lopes ser\u00e1 o novo presidente do Inep"},"content":{"rendered":"<p>O Minist\u00e9rio da Educa\u00e7\u00e3o (MEC) confirmou que Alexandre Ribeiro Pereira Lopes ser\u00e1 o novo presidente do Instituto Nacional de Estudos e Pesquisas Educacionais An\u00edsio Teixeira (Inep), \u00f3rg\u00e3o respons\u00e1vel pelo <strong>Enem<\/strong>. O novo comandante foi escolhido na manh\u00e3 desta sexta-feira (17).<\/p>\t<div class=\"wrapper-featured-image\">\n\t\t<figure class=\"spotlightImg\">\n\n\t\t\t<picture>\n\t\t\t\t<source media=\"(max-width: 768px)\" srcset=\"https:\/\/files.sunoresearch.com.br\/n\/uploads\/2019\/05\/9f8d2ea8-presidente-do-inep-400x200.webp\">\n\t\t\t\t<img loading=\"lazy\" decoding=\"async\" class=\"newsContent__article__imgCapa lazyloadDisabled newsContent__article__imgCapa--noCaption\" src=\"https:\/\/files.sunoresearch.com.br\/n\/uploads\/2019\/05\/9f8d2ea8-presidente-do-inep-jpg.webp\" width=\"800\" height=\"450\" alt=\"Alexandre Ribeiro Pereira Lopes ser\u00e1 o novo presidente do Inep\" fetchpriority=high \/>\n\t\t\t<\/picture>\n\n\t\t\t<figcaption class=\"wp-caption-text wp-caption-text--hide\">Alexandre Ribeiro Pereira Lopes ser\u00e1 o novo presidente do Inep<\/figcaption>\n\t\t<\/figure>\n\t<\/div>\n\n\n<p>Lopes assume como <strong>presidente do Inep<\/strong> no lugar de <strong>Elmer<\/strong> <strong>Vicenzi<\/strong>, que pediu demiss\u00e3o na \u00faltima na quinta-feira (16). Essa \u00e9 a primeira baixa da gest\u00e3o do novo ministro da Educa\u00e7\u00e3o, <strong>Abraham<\/strong> <strong>Weintraub<\/strong>.<\/p>\n<p><a href=\"https:\/\/www.suno.com.br\/noticias\/presidente-inep-pede-demissao\/\">Presidente do Inep pede demiss\u00e3o; \u00e9 a primeira baixa na gest\u00e3o de Weintraub<\/a><\/p>\n<p>Vicenzi \u00e9 o terceiro a deixar a presid\u00eancia do Inep em 2019. Dessa forma, j\u00e1 passaram pela lideran\u00e7a do instituto:<\/p>\n<p><strong>Marcus Vinicius Rodrigues<\/strong> &#8211; ocupou o cargo de 22 de janeiro a 26 de mar\u00e7o; foi demitido ap\u00f3s suspender avalia\u00e7\u00e3o da alfabetiza\u00e7\u00e3o;<\/p>\n<p><strong>Maria In\u00eas Fini<\/strong> &#8211; nomeada por Temer em 2016, foi demitida em 14 de janeiro.<\/p>\n<p><strong>Elmer Coelho Vicenzi<\/strong> &#8211; assumiu em 15 de abril, indicado por Weintraub.<\/p>\n<p>A baixa no Inep ocorre em um momento delicado para o governo em se tratando da Educa\u00e7\u00e3o. Nesta semana, o ministro da pasta foi convocado a prestar esclarecimentos sobre cortes no Or\u00e7amento \u00e0 C\u00e2mara.\u00a0Weintraub\u00a0foi o primeiro ministro do governo Bolsonaro a ser convocado por uma das casas do Congresso a prestar esclarecimentos.<\/p>\n<h2>Crise na pasta<\/h2>\n<p>Os cortes, estipulados pelo <strong>ministro da Educa\u00e7\u00e3o<\/strong>, Abraham Weintraub, correspondem a 30% das despesas discricion\u00e1rias das universidades, fez com que milhares de pessoas sa\u00edram \u00e0s ruas em 172 cidades para manifestarem contra os <strong>cortes na educa\u00e7\u00e3o,\u00a0<\/strong>na \u00faltima quarta-feira (15).<\/p>\n<p>Segundo a pasta, as despesas est\u00e3o relacionadas a: luz, \u00e1gua, gastos com empresas terceirizadas de seguran\u00e7a e limpeza.<\/p>\n<p><a href=\"https:\/\/www.suno.com.br\/noticias\/camara-convoca-ministro-explicar-cortes-educacao\/\">Saiba mais:\u00a0C\u00e2mara convoca ministro para explicar cortes na Educa\u00e7\u00e3o nesta quarta<\/a><\/p>\n<p>De acordo com o governo, a conta que inclui <strong>sal\u00e1rios de funcion\u00e1rios e professores<\/strong> ter\u00e3o corte de apenas 3,4%.<\/p>\n<p>Nos Estados Unidos, o <strong>presidente Jair Bolsonaro<\/strong>, afirmou que os estudantes eram &#8220;imbecis&#8221;.<\/p>\n<p>Questionado sobre os manifestantes, Bolsonaro afirmou que &#8220;s\u00e3o uns idiotas \u00fateis, uns imbecis, que est\u00e3o sendo usados como massa de manobra de uma maioria espertalhona que comp\u00f5e o n\u00facleo de muitas universidade federais no<strong> Brasil<\/strong>&#8220;.<\/p>\n<p>No entanto, as manifesta\u00e7\u00f5es seguidas das declara\u00e7\u00f5es do presidente, cria um cen\u00e1rio de preocupa\u00e7\u00e3o aos investidores, devido a impopularidade do governo e a <strong>falta de articula\u00e7\u00e3o<\/strong>\u00a0para aprova\u00e7\u00e3o de projetos considerados essenciais.<\/p>\n\t<p>\n\t\t<a href=\"https:\/\/lp.suno.com.br\/planilha-da-vida-financeira\/\" target=\"_blank\" data-element=\"shortcode-suno-banner\" title=\"Banner SUNO, clique e saiba mais\">\n\t\t\t<picture>\n\t\t\t\t<source media=\"(max-width: 500px)\" srcset=\"https:\/\/files.sunoresearch.com.br\/n\/uploads\/2023\/04\/400x300-Planilha-vida-financeira-true.png\">\n\t\t\t\t<img class=\"newsContent__article__imgCapa newsContent__article__imgCapa--banner\"\n\t\t\t\t\tsrc=\"https:\/\/files.sunoresearch.com.br\/n\/uploads\/2023\/04\/1420x240-Planilha-vida-financeira-true.png\"\n\t\t\t\t\tdata-promo-id=\"106682\"\t\t\t\t\t\t\t\t\t\twidth='1420' height='240'\t\t\t\t\talt=\"https:\/\/files.sunoresearch.com.br\/n\/uploads\/2023\/04\/1420x240-Planilha-vida-financeira-true.png\"\n\t\t\t\t>\n\t\t\t<\/picture>\n\t\t<\/a>\n\t<\/p>\n\n\n<h2>Novo presidente<\/h2>\n<p>O novo <strong>presidente do Inep<\/strong>, Alexandre Ribeiro Pereira Lopes, era diretor legislativo na Secretaria Executiva da Casa Civil da Presid\u00eancia da Rep\u00fablica. Ele \u00e9 servidor p\u00fablico de carreira na \u00e1rea de com\u00e9rcio exterior, formado em Engenharia Qu\u00edmica pela Universidade Federal do Rio de Janeiro (UFJR) e Direito pela Universidade de Bras\u00edlia (UnB).<\/p>\n","protected":false},"excerpt":{"rendered":"<p>O Minist\u00e9rio da Educa\u00e7\u00e3o (MEC) confirmou que Alexandre Ribeiro Pereira Lopes ser\u00e1 o novo presidente do Instituto Nacional de Estudos e Pesquisas Educacionais An\u00edsio Teixeira (Inep), \u00f3rg\u00e3o respons\u00e1vel pelo Enem. O novo comandante foi escolhido na manh\u00e3 desta sexta-feira (17). Alexandre Ribeiro Pereira Lopes ser\u00e1 o novo presidente do Inep Lopes assume como presidente do [&hellip;]<\/p>\n","protected":false},"author":11,"featured_media":24944,"comment_status":"closed","ping_status":"closed","sticky":false,"template":"","format":"standard","meta":[],"categories":[61],"tags":[],"suno_strategy":[],"class_list":["post-24923","post","type-post","status-publish","format-standard","has-post-thumbnail","hentry","category-politica"],"yoast_head":"<!-- This site is optimized with the Yoast SEO plugin v24.4 - https:\/\/yoast.com\/wordpress\/plugins\/seo\/ -->\n<title>Alexandre Ribeiro Pereira Lopes ser\u00e1 o novo presidente do Inep<\/title>\n<meta name=\"description\" content=\"O novo presidente do Inep foi confirmado na manh\u00e3 desta sexta-feira (17), pelo Minist\u00e9rio da Educa\u00e7\u00e3o (MEC). Clique para saber mais.\" \/>\n<meta name=\"robots\" content=\"index, follow, max-snippet:-1, max-image-preview:large, max-video-preview:-1\" \/>\n<link rel=\"canonical\" href=\"https:\/\/www.suno.com.br\/noticias\/novo-presidente-inep\/\" \/>\n<meta property=\"og:locale\" content=\"pt_BR\" \/>\n<meta property=\"og:type\" content=\"article\" \/>\n<meta property=\"og:title\" content=\"Alexandre Ribeiro Pereira Lopes ser\u00e1 o novo presidente do Inep\" \/>\n<meta property=\"og:description\" content=\"O novo presidente do Inep foi confirmado na manh\u00e3 desta sexta-feira (17), pelo Minist\u00e9rio da Educa\u00e7\u00e3o (MEC). Clique para saber mais.\" \/>\n<meta property=\"og:url\" content=\"https:\/\/www.suno.com.br\/noticias\/novo-presidente-inep\/\" \/>\n<meta property=\"og:site_name\" content=\"Suno Not\u00edcias\" \/>\n<meta property=\"article:publisher\" content=\"https:\/\/facebook.com\/sunoresearch\" \/>\n<meta property=\"og:image\" content=\"https:\/\/files.sunoresearch.com.br\/n\/uploads\/2019\/05\/9f8d2ea8-presidente-do-inep.jpg\" \/>\n\t<meta property=\"og:image:width\" content=\"1100\" \/>\n\t<meta property=\"og:image:height\" content=\"370\" \/>\n\t<meta property=\"og:image:type\" content=\"image\/jpeg\" \/>\n<meta name=\"author\" content=\"Renan Bandeira\" \/>\n<meta name=\"twitter:card\" content=\"summary_large_image\" \/>\n<meta name=\"twitter:creator\" content=\"@sunoresearch\" \/>\n<meta name=\"twitter:site\" content=\"@sunoresearch\" \/>\n<meta name=\"twitter:label1\" content=\"Escrito por\" \/>\n\t<meta name=\"twitter:data1\" content=\"Renan Bandeira\" \/>\n\t<meta name=\"twitter:label2\" content=\"Est. tempo de leitura\" \/>\n\t<meta name=\"twitter:data2\" content=\"2 minutos\" \/>\n<script type=\"application\/ld+json\" class=\"yoast-schema-graph\">{\"@context\":\"https:\/\/schema.org\",\"@graph\":[{\"@type\":\"NewsArticle\",\"@id\":\"https:\/\/www.suno.com.br\/noticias\/novo-presidente-inep\/#article\",\"isPartOf\":{\"@id\":\"https:\/\/www.suno.com.br\/noticias\/novo-presidente-inep\/\"},\"author\":{\"name\":\"Renan Bandeira\",\"@id\":\"https:\/\/www.suno.com.br\/noticias\/#\/schema\/person\/fc144a1c6108bd1dcd43784e88a3c138\"},\"headline\":\"Alexandre Ribeiro Pereira Lopes ser\u00e1 o novo presidente do Inep\",\"datePublished\":\"2019-05-17T12:22:38+00:00\",\"dateModified\":\"2019-05-17T12:29:41+00:00\",\"mainEntityOfPage\":{\"@id\":\"https:\/\/www.suno.com.br\/noticias\/novo-presidente-inep\/\"},\"wordCount\":478,\"publisher\":{\"@id\":\"https:\/\/www.suno.com.br\/noticias\/#organization\"},\"image\":{\"@id\":\"https:\/\/www.suno.com.br\/noticias\/novo-presidente-inep\/#primaryimage\"},\"thumbnailUrl\":\"https:\/\/files.sunoresearch.com.br\/n\/uploads\/2019\/05\/9f8d2ea8-presidente-do-inep-jpg.webp\",\"articleSection\":[\"Pol\u00edtica\"],\"inLanguage\":\"pt-BR\"},{\"@type\":\"WebPage\",\"@id\":\"https:\/\/www.suno.com.br\/noticias\/novo-presidente-inep\/\",\"url\":\"https:\/\/www.suno.com.br\/noticias\/novo-presidente-inep\/\",\"name\":\"Alexandre Ribeiro Pereira Lopes ser\u00e1 o novo presidente do Inep\",\"isPartOf\":{\"@id\":\"https:\/\/www.suno.com.br\/noticias\/#website\"},\"primaryImageOfPage\":{\"@id\":\"https:\/\/www.suno.com.br\/noticias\/novo-presidente-inep\/#primaryimage\"},\"image\":{\"@id\":\"https:\/\/www.suno.com.br\/noticias\/novo-presidente-inep\/#primaryimage\"},\"thumbnailUrl\":\"https:\/\/files.sunoresearch.com.br\/n\/uploads\/2019\/05\/9f8d2ea8-presidente-do-inep-jpg.webp\",\"datePublished\":\"2019-05-17T12:22:38+00:00\",\"dateModified\":\"2019-05-17T12:29:41+00:00\",\"description\":\"O novo presidente do Inep foi confirmado na manh\u00e3 desta sexta-feira (17), pelo Minist\u00e9rio da Educa\u00e7\u00e3o (MEC). Clique para saber mais.\",\"breadcrumb\":{\"@id\":\"https:\/\/www.suno.com.br\/noticias\/novo-presidente-inep\/#breadcrumb\"},\"inLanguage\":\"pt-BR\",\"potentialAction\":[{\"@type\":\"ReadAction\",\"target\":[\"https:\/\/www.suno.com.br\/noticias\/novo-presidente-inep\/\"]}]},{\"@type\":\"ImageObject\",\"inLanguage\":\"pt-BR\",\"@id\":\"https:\/\/www.suno.com.br\/noticias\/novo-presidente-inep\/#primaryimage\",\"url\":\"https:\/\/files.sunoresearch.com.br\/n\/uploads\/2019\/05\/9f8d2ea8-presidente-do-inep-jpg.webp\",\"contentUrl\":\"https:\/\/files.sunoresearch.com.br\/n\/uploads\/2019\/05\/9f8d2ea8-presidente-do-inep-jpg.webp\",\"width\":1100,\"height\":370,\"caption\":\"Alexandre Ribeiro Pereira Lopes ser\u00e1 o novo presidente do Inep\"},{\"@type\":\"BreadcrumbList\",\"@id\":\"https:\/\/www.suno.com.br\/noticias\/novo-presidente-inep\/#breadcrumb\",\"itemListElement\":[{\"@type\":\"ListItem\",\"position\":1,\"name\":\"Not\u00edcias\",\"item\":\"https:\/\/www.suno.com.br\/noticias\/\"},{\"@type\":\"ListItem\",\"position\":2,\"name\":\"Pol\u00edtica\",\"item\":\"https:\/\/www.suno.com.br\/noticias\/politica\/\"},{\"@type\":\"ListItem\",\"position\":3,\"name\":\"Alexandre Ribeiro Pereira Lopes ser\u00e1 o novo presidente do Inep\"}]},{\"@type\":\"WebSite\",\"@id\":\"https:\/\/www.suno.com.br\/noticias\/#website\",\"url\":\"https:\/\/www.suno.com.br\/noticias\/\",\"name\":\"Suno Not\u00edcias\",\"description\":\"Seu portal de informa\u00e7\u00e3o sobre o mundo dos investimentos\",\"publisher\":{\"@id\":\"https:\/\/www.suno.com.br\/noticias\/#organization\"},\"potentialAction\":[{\"@type\":\"SearchAction\",\"target\":{\"@type\":\"EntryPoint\",\"urlTemplate\":\"https:\/\/www.suno.com.br\/noticias\/?s={search_term_string}\"},\"query-input\":{\"@type\":\"PropertyValueSpecification\",\"valueRequired\":true,\"valueName\":\"search_term_string\"}}],\"inLanguage\":\"pt-BR\"},{\"@type\":\"Organization\",\"@id\":\"https:\/\/www.suno.com.br\/noticias\/#organization\",\"name\":\"Suno Not\u00edcias\",\"url\":\"https:\/\/www.suno.com.br\/noticias\/\",\"logo\":{\"@type\":\"ImageObject\",\"inLanguage\":\"pt-BR\",\"@id\":\"https:\/\/www.suno.com.br\/noticias\/#\/schema\/logo\/image\/\",\"url\":\"https:\/\/files.sunoresearch.com.br\/n\/uploads\/2021\/09\/suno-logo.png\",\"contentUrl\":\"https:\/\/files.sunoresearch.com.br\/n\/uploads\/2021\/09\/suno-logo.png\",\"width\":180,\"height\":180,\"caption\":\"Suno Not\u00edcias\"},\"image\":{\"@id\":\"https:\/\/www.suno.com.br\/noticias\/#\/schema\/logo\/image\/\"},\"sameAs\":[\"https:\/\/facebook.com\/sunoresearch\",\"https:\/\/x.com\/sunoresearch\",\"https:\/\/www.instagram.com\/suno\",\"https:\/\/www.linkedin.com\/company\/suno-research\/\",\"https:\/\/www.youtube.com\/c\/sunoresearch\"]},{\"@type\":\"Person\",\"@id\":\"https:\/\/www.suno.com.br\/noticias\/#\/schema\/person\/fc144a1c6108bd1dcd43784e88a3c138\",\"name\":\"Renan Bandeira\",\"image\":{\"@type\":\"ImageObject\",\"inLanguage\":\"pt-BR\",\"@id\":\"https:\/\/www.suno.com.br\/noticias\/#\/schema\/person\/image\/\",\"url\":\"https:\/\/secure.gravatar.com\/avatar\/68359cdb608f14f11bbefcb78f3fc747?s=96&r=g\",\"contentUrl\":\"https:\/\/secure.gravatar.com\/avatar\/68359cdb608f14f11bbefcb78f3fc747?s=96&r=g\",\"caption\":\"Renan Bandeira\"},\"description\":\"Renan Bandeira escreve sobre pol\u00edtica e economia para o portal da Suno Research. Antes da Suno, trabalhou em uma rede de televis\u00e3o, onde fazia reportagens sobre os mesmos temas. Estuda na Universidade Metodista de S\u00e3o Paulo.\",\"url\":\"https:\/\/www.suno.com.br\/noticias\/author\/renan-bandeira\/\"}]}<\/script>\n<!-- \/ Yoast SEO plugin. -->","yoast_head_json":{"title":"Alexandre Ribeiro Pereira Lopes ser\u00e1 o novo presidente do Inep","description":"O novo presidente do Inep foi confirmado na manh\u00e3 desta sexta-feira (17), pelo Minist\u00e9rio da Educa\u00e7\u00e3o (MEC). Clique para saber mais.","robots":{"index":"index","follow":"follow","max-snippet":"max-snippet:-1","max-image-preview":"max-image-preview:large","max-video-preview":"max-video-preview:-1"},"canonical":"https:\/\/www.suno.com.br\/noticias\/novo-presidente-inep\/","og_locale":"pt_BR","og_type":"article","og_title":"Alexandre Ribeiro Pereira Lopes ser\u00e1 o novo presidente do Inep","og_description":"O novo presidente do Inep foi confirmado na manh\u00e3 desta sexta-feira (17), pelo Minist\u00e9rio da Educa\u00e7\u00e3o (MEC). Clique para saber mais.","og_url":"https:\/\/www.suno.com.br\/noticias\/novo-presidente-inep\/","og_site_name":"Suno Not\u00edcias","article_publisher":"https:\/\/facebook.com\/sunoresearch","og_image":[{"width":1100,"height":370,"url":"https:\/\/files.sunoresearch.com.br\/n\/uploads\/2019\/05\/9f8d2ea8-presidente-do-inep.jpg","type":"image\/jpeg"}],"author":"Renan Bandeira","twitter_card":"summary_large_image","twitter_creator":"@sunoresearch","twitter_site":"@sunoresearch","twitter_misc":{"Escrito por":"Renan Bandeira","Est. tempo de leitura":"2 minutos"},"schema":{"@context":"https:\/\/schema.org","@graph":[{"@type":"NewsArticle","@id":"https:\/\/www.suno.com.br\/noticias\/novo-presidente-inep\/#article","isPartOf":{"@id":"https:\/\/www.suno.com.br\/noticias\/novo-presidente-inep\/"},"author":{"name":"Renan Bandeira","@id":"https:\/\/www.suno.com.br\/noticias\/#\/schema\/person\/fc144a1c6108bd1dcd43784e88a3c138"},"headline":"Alexandre Ribeiro Pereira Lopes ser\u00e1 o novo presidente do Inep","datePublished":"2019-05-17T12:22:38+00:00","dateModified":"2019-05-17T12:29:41+00:00","mainEntityOfPage":{"@id":"https:\/\/www.suno.com.br\/noticias\/novo-presidente-inep\/"},"wordCount":478,"publisher":{"@id":"https:\/\/www.suno.com.br\/noticias\/#organization"},"image":{"@id":"https:\/\/www.suno.com.br\/noticias\/novo-presidente-inep\/#primaryimage"},"thumbnailUrl":"https:\/\/files.sunoresearch.com.br\/n\/uploads\/2019\/05\/9f8d2ea8-presidente-do-inep-jpg.webp","articleSection":["Pol\u00edtica"],"inLanguage":"pt-BR"},{"@type":"WebPage","@id":"https:\/\/www.suno.com.br\/noticias\/novo-presidente-inep\/","url":"https:\/\/www.suno.com.br\/noticias\/novo-presidente-inep\/","name":"Alexandre Ribeiro Pereira Lopes ser\u00e1 o novo presidente do Inep","isPartOf":{"@id":"https:\/\/www.suno.com.br\/noticias\/#website"},"primaryImageOfPage":{"@id":"https:\/\/www.suno.com.br\/noticias\/novo-presidente-inep\/#primaryimage"},"image":{"@id":"https:\/\/www.suno.com.br\/noticias\/novo-presidente-inep\/#primaryimage"},"thumbnailUrl":"https:\/\/files.sunoresearch.com.br\/n\/uploads\/2019\/05\/9f8d2ea8-presidente-do-inep-jpg.webp","datePublished":"2019-05-17T12:22:38+00:00","dateModified":"2019-05-17T12:29:41+00:00","description":"O novo presidente do Inep foi confirmado na manh\u00e3 desta sexta-feira (17), pelo Minist\u00e9rio da Educa\u00e7\u00e3o (MEC). Clique para saber mais.","breadcrumb":{"@id":"https:\/\/www.suno.com.br\/noticias\/novo-presidente-inep\/#breadcrumb"},"inLanguage":"pt-BR","potentialAction":[{"@type":"ReadAction","target":["https:\/\/www.suno.com.br\/noticias\/novo-presidente-inep\/"]}]},{"@type":"ImageObject","inLanguage":"pt-BR","@id":"https:\/\/www.suno.com.br\/noticias\/novo-presidente-inep\/#primaryimage","url":"https:\/\/files.sunoresearch.com.br\/n\/uploads\/2019\/05\/9f8d2ea8-presidente-do-inep-jpg.webp","contentUrl":"https:\/\/files.sunoresearch.com.br\/n\/uploads\/2019\/05\/9f8d2ea8-presidente-do-inep-jpg.webp","width":1100,"height":370,"caption":"Alexandre Ribeiro Pereira Lopes ser\u00e1 o novo presidente do Inep"},{"@type":"BreadcrumbList","@id":"https:\/\/www.suno.com.br\/noticias\/novo-presidente-inep\/#breadcrumb","itemListElement":[{"@type":"ListItem","position":1,"name":"Not\u00edcias","item":"https:\/\/www.suno.com.br\/noticias\/"},{"@type":"ListItem","position":2,"name":"Pol\u00edtica","item":"https:\/\/www.suno.com.br\/noticias\/politica\/"},{"@type":"ListItem","position":3,"name":"Alexandre Ribeiro Pereira Lopes ser\u00e1 o novo presidente do Inep"}]},{"@type":"WebSite","@id":"https:\/\/www.suno.com.br\/noticias\/#website","url":"https:\/\/www.suno.com.br\/noticias\/","name":"Suno Not\u00edcias","description":"Seu portal de informa\u00e7\u00e3o sobre o mundo dos investimentos","publisher":{"@id":"https:\/\/www.suno.com.br\/noticias\/#organization"},"potentialAction":[{"@type":"SearchAction","target":{"@type":"EntryPoint","urlTemplate":"https:\/\/www.suno.com.br\/noticias\/?s={search_term_string}"},"query-input":{"@type":"PropertyValueSpecification","valueRequired":true,"valueName":"search_term_string"}}],"inLanguage":"pt-BR"},{"@type":"Organization","@id":"https:\/\/www.suno.com.br\/noticias\/#organization","name":"Suno Not\u00edcias","url":"https:\/\/www.suno.com.br\/noticias\/","logo":{"@type":"ImageObject","inLanguage":"pt-BR","@id":"https:\/\/www.suno.com.br\/noticias\/#\/schema\/logo\/image\/","url":"https:\/\/files.sunoresearch.com.br\/n\/uploads\/2021\/09\/suno-logo.png","contentUrl":"https:\/\/files.sunoresearch.com.br\/n\/uploads\/2021\/09\/suno-logo.png","width":180,"height":180,"caption":"Suno Not\u00edcias"},"image":{"@id":"https:\/\/www.suno.com.br\/noticias\/#\/schema\/logo\/image\/"},"sameAs":["https:\/\/facebook.com\/sunoresearch","https:\/\/x.com\/sunoresearch","https:\/\/www.instagram.com\/suno","https:\/\/www.linkedin.com\/company\/suno-research\/","https:\/\/www.youtube.com\/c\/sunoresearch"]},{"@type":"Person","@id":"https:\/\/www.suno.com.br\/noticias\/#\/schema\/person\/fc144a1c6108bd1dcd43784e88a3c138","name":"Renan Bandeira","image":{"@type":"ImageObject","inLanguage":"pt-BR","@id":"https:\/\/www.suno.com.br\/noticias\/#\/schema\/person\/image\/","url":"https:\/\/secure.gravatar.com\/avatar\/68359cdb608f14f11bbefcb78f3fc747?s=96&r=g","contentUrl":"https:\/\/secure.gravatar.com\/avatar\/68359cdb608f14f11bbefcb78f3fc747?s=96&r=g","caption":"Renan Bandeira"},"description":"Renan Bandeira escreve sobre pol\u00edtica e economia para o portal da Suno Research. Antes da Suno, trabalhou em uma rede de televis\u00e3o, onde fazia reportagens sobre os mesmos temas. Estuda na Universidade Metodista de S\u00e3o Paulo.","url":"https:\/\/www.suno.com.br\/noticias\/author\/renan-bandeira\/"}]}},"default_loop_html":"<div class=\"cardsPage__listCard__boxs\"><div class=\"cardsPage__listCard__boxs__img\"><a href=\"https:\/\/www.suno.com.br\/noticias\/novo-presidente-inep\/\"><img class=\"mask\" src=\"https:\/\/www.suno.com.br\/noticias\/wp-content\/themes\/suno\/resources\/images\/spotlight\/spotlight1img\/bg-mask.png\" alt=\"Image Mask\"\/><img src=\"https:\/\/files.sunoresearch.com.br\/n\/uploads\/2019\/05\/9f8d2ea8-presidente-do-inep-400x200.webp\" alt=\"Alexandre Ribeiro Pereira Lopes ser\u00e1 o novo presidente do Inep\"\/><\/a><span class=\"spotlightCategory\"><a href=\"https:\/\/www.suno.com.br\/noticias\/politica\/\">Pol\u00edtica<\/a><\/span><\/div><div class=\"cardsPage__listCard__boxs__content\"><a href=\"https:\/\/www.suno.com.br\/noticias\/novo-presidente-inep\/\"><h2 class=\"content__title\">Alexandre Ribeiro Pereira Lopes ser\u00e1 o novo presidente do Inep<\/h2><\/a><div class=\"newsContent__article__meta\"><div class=\"newsContent__article__meta__authorBox\"><a href=\"https:\/\/www.suno.com.br\/noticias\/author\/renan-bandeira\/\" class=\"authorBox__avatar noMobi\"><img src=\"https:\/\/secure.gravatar.com\/avatar\/68359cdb608f14f11bbefcb78f3fc747?s=96&#038;r=g\" alt=\"Renan Bandeira\"><\/a><div class=\"authorBox__name\"><span>por\n\t\t\t<a href=\"https:\/\/www.suno.com.br\/noticias\/author\/renan-bandeira\/\"><span itemprop=\"author\">Renan Bandeira<\/span><\/a><\/span><time datetime=\"2019-05-17T09:22:38-03:00\" itemprop=\"datePublished\">17\/05\/2019 09:22<\/time><\/div><\/div><\/div><\/div><\/div>","single_layout":"posts","amp_enabled":true,"_links":{"self":[{"href":"https:\/\/www.suno.com.br\/noticias\/wp-json\/wp\/v2\/posts\/24923"}],"collection":[{"href":"https:\/\/www.suno.com.br\/noticias\/wp-json\/wp\/v2\/posts"}],"about":[{"href":"https:\/\/www.suno.com.br\/noticias\/wp-json\/wp\/v2\/types\/post"}],"author":[{"embeddable":true,"href":"https:\/\/www.suno.com.br\/noticias\/wp-json\/wp\/v2\/users\/11"}],"replies":[{"embeddable":true,"href":"https:\/\/www.suno.com.br\/noticias\/wp-json\/wp\/v2\/comments?post=24923"}],"version-history":[{"count":0,"href":"https:\/\/www.suno.com.br\/noticias\/wp-json\/wp\/v2\/posts\/24923\/revisions"}],"wp:featuredmedia":[{"embeddable":true,"href":"https:\/\/www.suno.com.br\/noticias\/wp-json\/wp\/v2\/media\/24944"}],"wp:attachment":[{"href":"https:\/\/www.suno.com.br\/noticias\/wp-json\/wp\/v2\/media?parent=24923"}],"wp:term":[{"taxonomy":"category","embeddable":true,"href":"https:\/\/www.suno.com.br\/noticias\/wp-json\/wp\/v2\/categories?post=24923"},{"taxonomy":"post_tag","embeddable":true,"href":"https:\/\/www.suno.com.br\/noticias\/wp-json\/wp\/v2\/tags?post=24923"},{"taxonomy":"suno_strategy","embeddable":true,"href":"https:\/\/www.suno.com.br\/noticias\/wp-json\/wp\/v2\/suno_strategy?post=24923"}],"curies":[{"name":"wp","href":"https:\/\/api.w.org\/{rel}","templated":true}]}}