{"id":24922,"date":"2019-05-17T09:49:23","date_gmt":"2019-05-17T12:49:23","guid":{"rendered":"https:\/\/www.suno.com.br\/noticias\/?p=24922"},"modified":"2019-05-17T11:07:23","modified_gmt":"2019-05-17T14:07:23","slug":"ministro-do-turismo-coaf-corrupcao","status":"publish","type":"post","link":"https:\/\/www.suno.com.br\/noticias\/ministro-do-turismo-coaf-corrupcao\/","title":{"rendered":"Coaf: ministro do Turismo tem opera\u00e7\u00f5es banc\u00e1rias suspeitas"},"content":{"rendered":"<p>De acordo com o relat\u00f3rio do <strong>Conselho de Atividades Financeiras<\/strong> (Coaf), o ministro do Turismo, <strong>Marcelo \u00c1lvaro Ant\u00f4nio<\/strong>, tem opera\u00e7\u00f5es suspeitas em suas contas banc\u00e1rias.<\/p>\t<div class=\"wrapper-featured-image\">\n\t\t<figure class=\"spotlightImg\">\n\n\t\t\t<picture>\n\t\t\t\t<source media=\"(max-width: 768px)\" srcset=\"https:\/\/files.sunoresearch.com.br\/n\/uploads\/2019\/05\/5d777374-marcelo-alvaro-antonio-400x200.webp\">\n\t\t\t\t<img loading=\"lazy\" decoding=\"async\" class=\"newsContent__article__imgCapa lazyloadDisabled newsContent__article__imgCapa--noCaption\" src=\"https:\/\/files.sunoresearch.com.br\/n\/uploads\/2019\/05\/5d777374-marcelo-alvaro-antonio-800x450.webp\" width=\"800\" height=\"450\" alt=\"Coaf: ministro do Turismo tem opera\u00e7\u00f5es banc\u00e1rias suspeitas\" fetchpriority=high \/>\n\t\t\t<\/picture>\n\n\t\t\t<figcaption class=\"wp-caption-text wp-caption-text--hide\">Ministro do Turismo tem opera\u00e7\u00f5es banc\u00e1rias suspeita, diz Coaf<\/figcaption>\n\t\t<\/figure>\n\t<\/div>\n\n\n<p>O\u00a0<strong>Coaf <\/strong>aponta que\u00a0o <strong>ministro do Turismo<\/strong> movimentou cerca de R$1,96 milh\u00e3o, de fevereiro do ano passado a janeiro deste ano. Segundo o jornal &#8220;Folha de S.Paulo&#8221;, o documento aponta que houve dep\u00f3sitos e saques em dinheiro vivo que levantaram suspeita.<\/p>\n\t<p>\n\t\t<a href=\"https:\/\/lp.suno.com.br\/planilha-controle-gastos\/\" target=\"_blank\" data-element=\"shortcode-suno-banner\" title=\"Banner SUNO, clique e saiba mais\">\n\t\t\t<picture>\n\t\t\t\t<source media=\"(max-width: 500px)\" srcset=\"https:\/\/files.sunoresearch.com.br\/n\/uploads\/2023\/03\/400x300-Planilha-controle-de-gastos.png\">\n\t\t\t\t<img class=\"newsContent__article__imgCapa newsContent__article__imgCapa--banner\"\n\t\t\t\t\tsrc=\"https:\/\/files.sunoresearch.com.br\/n\/uploads\/2023\/03\/1420x240-Planilha-controle-de-gastos.png\"\n\t\t\t\t\tdata-promo-id=\"101751\"\t\t\t\t\t\t\t\t\t\twidth='1420' height='240'\t\t\t\t\talt=\"https:\/\/files.sunoresearch.com.br\/n\/uploads\/2023\/03\/1420x240-Planilha-controle-de-gastos.png\"\n\t\t\t\t>\n\t\t\t<\/picture>\n\t\t<\/a>\n\t<\/p>\n\n\n<h2>Transa\u00e7\u00f5es suspeitas<\/h2>\n<p>De acordo com o <strong>Banco do Brasil<\/strong> as opera\u00e7\u00f5es que foram feitas em dinheiro vivo ultrapassavam R$50 mil. Al\u00e9m disso, o valor de R$1,96 milh\u00e3o foi movimentado em duas contas do pr\u00f3prio banco.<\/p>\n<p><a href=\"https:\/\/www.suno.com.br\/noticias\/ministro-turismo-criou-candidatos-laranjas\/\">Saiba Mais: Ministro do Turismo teria desviado recursos na elei\u00e7\u00e3o com laranjas<\/a><\/p>\n<p>O Coaf aponta que o <strong>ministro do Turismo<\/strong>, havia declarado apenas o sal\u00e1rio l\u00edquido de um deputado federal, valor de R$ 22,1 mil. No ano passado, Ant\u00f4nio declarou, na entrega de bens \u00e0 Justi\u00e7a eleitoral, patrim\u00f4nio de R$ 773 mil. Portanto, os valores de transa\u00e7\u00f5es s\u00e3o incompat\u00edveis com sua renda.<\/p>\n<p>A movimenta\u00e7\u00e3o feita pelo Ant\u00f4nio \u00e9 &#8220;incompat\u00edvel com o <strong>patrim\u00f4nio<\/strong>, a atividade econ\u00f4mica, ou a ocupa\u00e7\u00e3o profissional e a capacidade financeira do cliente&#8221;, afirma o relat\u00f3rio.<\/p>\n<h2>Candidaturas laranjas<\/h2>\n<p>Al\u00e9m disso, o ministro est\u00e1 sendo investigado pelo esquema das <strong>candidaturas\u00a0laranjas do PSL<\/strong>.<\/p>\n<p><a href=\"https:\/\/www.suno.com.br\/noticias\/buscas-psl-candidaturas-laranjas\/\">Saiba Mais: PF faz buscas na sede do PSL em MG para apurar candidaturas laranjas<\/a><\/p>\n<p>No dia 6 deste m\u00eas, o <strong>ex-secret\u00e1rio-geral da Presid\u00eancia<\/strong>, <strong>Gustavo Bebianno<\/strong>, afirmou que a responsabilidade sobre candidaturas laranjas do PSL \u00e9 de<strong> Ant\u00f4nio<\/strong>. O sistema funcionava com o repasse de dinheiro p\u00fablico do partido a candidatas.<\/p>\n<h2>Entenda o caso<\/h2>\n<p>As suspeitas sobre o<strong> esquema de laranjas no PSL<\/strong> come\u00e7aram ap\u00f3s a \u201cFolha de S\u00e3o Paulo\u201d divulgar o caso. Segundo o jornal, algumas mulheres eram colocadas como candidatas, mas n\u00e3o haviam esfor\u00e7os reais do partido para serem eleitas.<\/p>\n<p>A inten\u00e7\u00e3o com as candidatas laranjas seria conseguir verba eleitoral para usar na campanha de outros nomes do partido. A suspeita \u00e9 de que o esquema ocorreu nas bases do partido em Minas Gerais e em Pernambuco.<\/p>\n<p>O caso levou \u00e0 queda de\u00a0<strong>Bebianno<\/strong>\u00a0do governo, porque ele\u00a0era comandante nacional do partido em 2018. Assim, foi acusado de participar do esquema de <strong>laranjas no PSL<\/strong>.<\/p>\n<p>No entanto, o ex-secret\u00e1rio afirma que o <strong>ministro do turismo<\/strong>\u00a0seria o respons\u00e1vel pelo esquema.<\/p>\n","protected":false},"excerpt":{"rendered":"<p>De acordo com o relat\u00f3rio do Conselho de Atividades Financeiras (Coaf), o ministro do Turismo, Marcelo \u00c1lvaro Ant\u00f4nio, tem opera\u00e7\u00f5es suspeitas em suas contas banc\u00e1rias. Ministro do Turismo tem opera\u00e7\u00f5es banc\u00e1rias suspeita, diz Coaf O\u00a0Coaf aponta que\u00a0o ministro do Turismo movimentou cerca de R$1,96 milh\u00e3o, de fevereiro do ano passado a janeiro deste ano. Segundo [&hellip;]<\/p>\n","protected":false},"author":15,"featured_media":24950,"comment_status":"closed","ping_status":"closed","sticky":false,"template":"","format":"standard","meta":[],"categories":[61],"tags":[836,1178],"suno_strategy":[],"class_list":["post-24922","post","type-post","status-publish","format-standard","has-post-thumbnail","hentry","category-politica","tag-coaf","tag-ministerio-do-turismo"],"yoast_head":"<!-- This site is optimized with the Yoast SEO plugin v24.4 - https:\/\/yoast.com\/wordpress\/plugins\/seo\/ -->\n<title>Coaf: ministro do Turismo tem opera\u00e7\u00f5es banc\u00e1rias suspeitas<\/title>\n<meta name=\"description\" content=\"Conforme o Coaf, o ministro do Turismo movimentou R$1,96 milh\u00e3o, de fevereiro de 2018 a janeiro de 2019. Clique aqui e saiba mais\" \/>\n<meta name=\"robots\" content=\"index, follow, max-snippet:-1, max-image-preview:large, max-video-preview:-1\" \/>\n<link rel=\"canonical\" href=\"https:\/\/www.suno.com.br\/noticias\/ministro-do-turismo-coaf-corrupcao\/\" \/>\n<meta property=\"og:locale\" content=\"pt_BR\" \/>\n<meta property=\"og:type\" content=\"article\" \/>\n<meta property=\"og:title\" content=\"Coaf: ministro do Turismo tem opera\u00e7\u00f5es banc\u00e1rias suspeitas\" \/>\n<meta property=\"og:description\" content=\"Conforme o Coaf, o ministro do Turismo movimentou R$1,96 milh\u00e3o, de fevereiro de 2018 a janeiro de 2019. Clique aqui e saiba mais\" \/>\n<meta property=\"og:url\" content=\"https:\/\/www.suno.com.br\/noticias\/ministro-do-turismo-coaf-corrupcao\/\" \/>\n<meta property=\"og:site_name\" content=\"Suno Not\u00edcias\" \/>\n<meta property=\"article:publisher\" content=\"https:\/\/facebook.com\/sunoresearch\" \/>\n<meta property=\"og:image\" content=\"https:\/\/files.sunoresearch.com.br\/n\/uploads\/2019\/05\/5d777374-marcelo-alvaro-antonio.jpg\" \/>\n\t<meta property=\"og:image:width\" content=\"1140\" \/>\n\t<meta property=\"og:image:height\" content=\"760\" \/>\n\t<meta property=\"og:image:type\" content=\"image\/jpeg\" \/>\n<meta name=\"author\" content=\"Poliana Santos\" \/>\n<meta name=\"twitter:card\" content=\"summary_large_image\" \/>\n<meta name=\"twitter:creator\" content=\"@sunoresearch\" \/>\n<meta name=\"twitter:site\" content=\"@sunoresearch\" \/>\n<meta name=\"twitter:label1\" content=\"Escrito por\" \/>\n\t<meta name=\"twitter:data1\" content=\"Poliana Santos\" \/>\n\t<meta name=\"twitter:label2\" content=\"Est. tempo de leitura\" \/>\n\t<meta name=\"twitter:data2\" content=\"2 minutos\" \/>\n<script type=\"application\/ld+json\" class=\"yoast-schema-graph\">{\"@context\":\"https:\/\/schema.org\",\"@graph\":[{\"@type\":\"NewsArticle\",\"@id\":\"https:\/\/www.suno.com.br\/noticias\/ministro-do-turismo-coaf-corrupcao\/#article\",\"isPartOf\":{\"@id\":\"https:\/\/www.suno.com.br\/noticias\/ministro-do-turismo-coaf-corrupcao\/\"},\"author\":{\"name\":\"Poliana Santos\",\"@id\":\"https:\/\/www.suno.com.br\/noticias\/#\/schema\/person\/02ec1f752758247878a2bf4abee1aeda\"},\"headline\":\"Coaf: ministro do Turismo tem opera\u00e7\u00f5es banc\u00e1rias suspeitas\",\"datePublished\":\"2019-05-17T12:49:23+00:00\",\"dateModified\":\"2019-05-17T14:07:23+00:00\",\"mainEntityOfPage\":{\"@id\":\"https:\/\/www.suno.com.br\/noticias\/ministro-do-turismo-coaf-corrupcao\/\"},\"wordCount\":425,\"publisher\":{\"@id\":\"https:\/\/www.suno.com.br\/noticias\/#organization\"},\"image\":{\"@id\":\"https:\/\/www.suno.com.br\/noticias\/ministro-do-turismo-coaf-corrupcao\/#primaryimage\"},\"thumbnailUrl\":\"https:\/\/files.sunoresearch.com.br\/n\/uploads\/2019\/05\/5d777374-marcelo-alvaro-antonio-jpg.webp\",\"keywords\":[\"COAF\",\"Minist\u00e9rio do Turismo\"],\"articleSection\":[\"Pol\u00edtica\"],\"inLanguage\":\"pt-BR\"},{\"@type\":\"WebPage\",\"@id\":\"https:\/\/www.suno.com.br\/noticias\/ministro-do-turismo-coaf-corrupcao\/\",\"url\":\"https:\/\/www.suno.com.br\/noticias\/ministro-do-turismo-coaf-corrupcao\/\",\"name\":\"Coaf: ministro do Turismo tem opera\u00e7\u00f5es banc\u00e1rias suspeitas\",\"isPartOf\":{\"@id\":\"https:\/\/www.suno.com.br\/noticias\/#website\"},\"primaryImageOfPage\":{\"@id\":\"https:\/\/www.suno.com.br\/noticias\/ministro-do-turismo-coaf-corrupcao\/#primaryimage\"},\"image\":{\"@id\":\"https:\/\/www.suno.com.br\/noticias\/ministro-do-turismo-coaf-corrupcao\/#primaryimage\"},\"thumbnailUrl\":\"https:\/\/files.sunoresearch.com.br\/n\/uploads\/2019\/05\/5d777374-marcelo-alvaro-antonio-jpg.webp\",\"datePublished\":\"2019-05-17T12:49:23+00:00\",\"dateModified\":\"2019-05-17T14:07:23+00:00\",\"description\":\"Conforme o Coaf, o ministro do Turismo movimentou R$1,96 milh\u00e3o, de fevereiro de 2018 a janeiro de 2019. Clique aqui e saiba mais\",\"breadcrumb\":{\"@id\":\"https:\/\/www.suno.com.br\/noticias\/ministro-do-turismo-coaf-corrupcao\/#breadcrumb\"},\"inLanguage\":\"pt-BR\",\"potentialAction\":[{\"@type\":\"ReadAction\",\"target\":[\"https:\/\/www.suno.com.br\/noticias\/ministro-do-turismo-coaf-corrupcao\/\"]}]},{\"@type\":\"ImageObject\",\"inLanguage\":\"pt-BR\",\"@id\":\"https:\/\/www.suno.com.br\/noticias\/ministro-do-turismo-coaf-corrupcao\/#primaryimage\",\"url\":\"https:\/\/files.sunoresearch.com.br\/n\/uploads\/2019\/05\/5d777374-marcelo-alvaro-antonio-jpg.webp\",\"contentUrl\":\"https:\/\/files.sunoresearch.com.br\/n\/uploads\/2019\/05\/5d777374-marcelo-alvaro-antonio-jpg.webp\",\"width\":1140,\"height\":760,\"caption\":\"Ministro do Turismo tem opera\u00e7\u00f5es banc\u00e1rias suspeita, diz Coaf\"},{\"@type\":\"BreadcrumbList\",\"@id\":\"https:\/\/www.suno.com.br\/noticias\/ministro-do-turismo-coaf-corrupcao\/#breadcrumb\",\"itemListElement\":[{\"@type\":\"ListItem\",\"position\":1,\"name\":\"Not\u00edcias\",\"item\":\"https:\/\/www.suno.com.br\/noticias\/\"},{\"@type\":\"ListItem\",\"position\":2,\"name\":\"Pol\u00edtica\",\"item\":\"https:\/\/www.suno.com.br\/noticias\/politica\/\"},{\"@type\":\"ListItem\",\"position\":3,\"name\":\"Coaf: ministro do Turismo tem opera\u00e7\u00f5es banc\u00e1rias suspeitas\"}]},{\"@type\":\"WebSite\",\"@id\":\"https:\/\/www.suno.com.br\/noticias\/#website\",\"url\":\"https:\/\/www.suno.com.br\/noticias\/\",\"name\":\"Suno Not\u00edcias\",\"description\":\"Seu portal de informa\u00e7\u00e3o sobre o mundo dos investimentos\",\"publisher\":{\"@id\":\"https:\/\/www.suno.com.br\/noticias\/#organization\"},\"potentialAction\":[{\"@type\":\"SearchAction\",\"target\":{\"@type\":\"EntryPoint\",\"urlTemplate\":\"https:\/\/www.suno.com.br\/noticias\/?s={search_term_string}\"},\"query-input\":{\"@type\":\"PropertyValueSpecification\",\"valueRequired\":true,\"valueName\":\"search_term_string\"}}],\"inLanguage\":\"pt-BR\"},{\"@type\":\"Organization\",\"@id\":\"https:\/\/www.suno.com.br\/noticias\/#organization\",\"name\":\"Suno Not\u00edcias\",\"url\":\"https:\/\/www.suno.com.br\/noticias\/\",\"logo\":{\"@type\":\"ImageObject\",\"inLanguage\":\"pt-BR\",\"@id\":\"https:\/\/www.suno.com.br\/noticias\/#\/schema\/logo\/image\/\",\"url\":\"https:\/\/files.sunoresearch.com.br\/n\/uploads\/2021\/09\/suno-logo.png\",\"contentUrl\":\"https:\/\/files.sunoresearch.com.br\/n\/uploads\/2021\/09\/suno-logo.png\",\"width\":180,\"height\":180,\"caption\":\"Suno Not\u00edcias\"},\"image\":{\"@id\":\"https:\/\/www.suno.com.br\/noticias\/#\/schema\/logo\/image\/\"},\"sameAs\":[\"https:\/\/facebook.com\/sunoresearch\",\"https:\/\/x.com\/sunoresearch\",\"https:\/\/www.instagram.com\/suno\",\"https:\/\/www.linkedin.com\/company\/suno-research\/\",\"https:\/\/www.youtube.com\/c\/sunoresearch\"]},{\"@type\":\"Person\",\"@id\":\"https:\/\/www.suno.com.br\/noticias\/#\/schema\/person\/02ec1f752758247878a2bf4abee1aeda\",\"name\":\"Poliana Santos\",\"image\":{\"@type\":\"ImageObject\",\"inLanguage\":\"pt-BR\",\"@id\":\"https:\/\/www.suno.com.br\/noticias\/#\/schema\/person\/image\/\",\"url\":\"https:\/\/secure.gravatar.com\/avatar\/0645bd32f23d87b2130f2b2dff1d3f8d?s=96&r=g\",\"contentUrl\":\"https:\/\/secure.gravatar.com\/avatar\/0645bd32f23d87b2130f2b2dff1d3f8d?s=96&r=g\",\"caption\":\"Poliana Santos\"},\"description\":\"Rep\u00f3rter no Suno Not\u00edcias, com cobertura em mercado financeiro, economia, finan\u00e7as pessoais, renda fixa e varejo. Jornalista formada pela Faculdade C\u00e1sper L\u00edbero e possui passagem na R\u00e1dio Gazeta AM com a produ\u00e7\u00e3o de conte\u00fado sobre economia, pol\u00edtica, sa\u00fade, moda e m\u00fasica. Possui certificado de conclus\u00e3o do curso de An\u00e1lise de Balan\u00e7os pela Funda\u00e7\u00e3o Bradesco, Agenda Brasil pela FAAP, Educa\u00e7\u00e3o Pol\u00edtica por Alexandre Garcia e do Tesouro Direto e Mercado de A\u00e7\u00f5es pela B3.\",\"url\":\"https:\/\/www.suno.com.br\/noticias\/author\/poliana-santos\/\"}]}<\/script>\n<!-- \/ Yoast SEO plugin. -->","yoast_head_json":{"title":"Coaf: ministro do Turismo tem opera\u00e7\u00f5es banc\u00e1rias suspeitas","description":"Conforme o Coaf, o ministro do Turismo movimentou R$1,96 milh\u00e3o, de fevereiro de 2018 a janeiro de 2019. Clique aqui e saiba mais","robots":{"index":"index","follow":"follow","max-snippet":"max-snippet:-1","max-image-preview":"max-image-preview:large","max-video-preview":"max-video-preview:-1"},"canonical":"https:\/\/www.suno.com.br\/noticias\/ministro-do-turismo-coaf-corrupcao\/","og_locale":"pt_BR","og_type":"article","og_title":"Coaf: ministro do Turismo tem opera\u00e7\u00f5es banc\u00e1rias suspeitas","og_description":"Conforme o Coaf, o ministro do Turismo movimentou R$1,96 milh\u00e3o, de fevereiro de 2018 a janeiro de 2019. Clique aqui e saiba mais","og_url":"https:\/\/www.suno.com.br\/noticias\/ministro-do-turismo-coaf-corrupcao\/","og_site_name":"Suno Not\u00edcias","article_publisher":"https:\/\/facebook.com\/sunoresearch","og_image":[{"width":1140,"height":760,"url":"https:\/\/files.sunoresearch.com.br\/n\/uploads\/2019\/05\/5d777374-marcelo-alvaro-antonio.jpg","type":"image\/jpeg"}],"author":"Poliana Santos","twitter_card":"summary_large_image","twitter_creator":"@sunoresearch","twitter_site":"@sunoresearch","twitter_misc":{"Escrito por":"Poliana Santos","Est. tempo de leitura":"2 minutos"},"schema":{"@context":"https:\/\/schema.org","@graph":[{"@type":"NewsArticle","@id":"https:\/\/www.suno.com.br\/noticias\/ministro-do-turismo-coaf-corrupcao\/#article","isPartOf":{"@id":"https:\/\/www.suno.com.br\/noticias\/ministro-do-turismo-coaf-corrupcao\/"},"author":{"name":"Poliana Santos","@id":"https:\/\/www.suno.com.br\/noticias\/#\/schema\/person\/02ec1f752758247878a2bf4abee1aeda"},"headline":"Coaf: ministro do Turismo tem opera\u00e7\u00f5es banc\u00e1rias suspeitas","datePublished":"2019-05-17T12:49:23+00:00","dateModified":"2019-05-17T14:07:23+00:00","mainEntityOfPage":{"@id":"https:\/\/www.suno.com.br\/noticias\/ministro-do-turismo-coaf-corrupcao\/"},"wordCount":425,"publisher":{"@id":"https:\/\/www.suno.com.br\/noticias\/#organization"},"image":{"@id":"https:\/\/www.suno.com.br\/noticias\/ministro-do-turismo-coaf-corrupcao\/#primaryimage"},"thumbnailUrl":"https:\/\/files.sunoresearch.com.br\/n\/uploads\/2019\/05\/5d777374-marcelo-alvaro-antonio-jpg.webp","keywords":["COAF","Minist\u00e9rio do Turismo"],"articleSection":["Pol\u00edtica"],"inLanguage":"pt-BR"},{"@type":"WebPage","@id":"https:\/\/www.suno.com.br\/noticias\/ministro-do-turismo-coaf-corrupcao\/","url":"https:\/\/www.suno.com.br\/noticias\/ministro-do-turismo-coaf-corrupcao\/","name":"Coaf: ministro do Turismo tem opera\u00e7\u00f5es banc\u00e1rias suspeitas","isPartOf":{"@id":"https:\/\/www.suno.com.br\/noticias\/#website"},"primaryImageOfPage":{"@id":"https:\/\/www.suno.com.br\/noticias\/ministro-do-turismo-coaf-corrupcao\/#primaryimage"},"image":{"@id":"https:\/\/www.suno.com.br\/noticias\/ministro-do-turismo-coaf-corrupcao\/#primaryimage"},"thumbnailUrl":"https:\/\/files.sunoresearch.com.br\/n\/uploads\/2019\/05\/5d777374-marcelo-alvaro-antonio-jpg.webp","datePublished":"2019-05-17T12:49:23+00:00","dateModified":"2019-05-17T14:07:23+00:00","description":"Conforme o Coaf, o ministro do Turismo movimentou R$1,96 milh\u00e3o, de fevereiro de 2018 a janeiro de 2019. Clique aqui e saiba mais","breadcrumb":{"@id":"https:\/\/www.suno.com.br\/noticias\/ministro-do-turismo-coaf-corrupcao\/#breadcrumb"},"inLanguage":"pt-BR","potentialAction":[{"@type":"ReadAction","target":["https:\/\/www.suno.com.br\/noticias\/ministro-do-turismo-coaf-corrupcao\/"]}]},{"@type":"ImageObject","inLanguage":"pt-BR","@id":"https:\/\/www.suno.com.br\/noticias\/ministro-do-turismo-coaf-corrupcao\/#primaryimage","url":"https:\/\/files.sunoresearch.com.br\/n\/uploads\/2019\/05\/5d777374-marcelo-alvaro-antonio-jpg.webp","contentUrl":"https:\/\/files.sunoresearch.com.br\/n\/uploads\/2019\/05\/5d777374-marcelo-alvaro-antonio-jpg.webp","width":1140,"height":760,"caption":"Ministro do Turismo tem opera\u00e7\u00f5es banc\u00e1rias suspeita, diz Coaf"},{"@type":"BreadcrumbList","@id":"https:\/\/www.suno.com.br\/noticias\/ministro-do-turismo-coaf-corrupcao\/#breadcrumb","itemListElement":[{"@type":"ListItem","position":1,"name":"Not\u00edcias","item":"https:\/\/www.suno.com.br\/noticias\/"},{"@type":"ListItem","position":2,"name":"Pol\u00edtica","item":"https:\/\/www.suno.com.br\/noticias\/politica\/"},{"@type":"ListItem","position":3,"name":"Coaf: ministro do Turismo tem opera\u00e7\u00f5es banc\u00e1rias suspeitas"}]},{"@type":"WebSite","@id":"https:\/\/www.suno.com.br\/noticias\/#website","url":"https:\/\/www.suno.com.br\/noticias\/","name":"Suno Not\u00edcias","description":"Seu portal de informa\u00e7\u00e3o sobre o mundo dos investimentos","publisher":{"@id":"https:\/\/www.suno.com.br\/noticias\/#organization"},"potentialAction":[{"@type":"SearchAction","target":{"@type":"EntryPoint","urlTemplate":"https:\/\/www.suno.com.br\/noticias\/?s={search_term_string}"},"query-input":{"@type":"PropertyValueSpecification","valueRequired":true,"valueName":"search_term_string"}}],"inLanguage":"pt-BR"},{"@type":"Organization","@id":"https:\/\/www.suno.com.br\/noticias\/#organization","name":"Suno Not\u00edcias","url":"https:\/\/www.suno.com.br\/noticias\/","logo":{"@type":"ImageObject","inLanguage":"pt-BR","@id":"https:\/\/www.suno.com.br\/noticias\/#\/schema\/logo\/image\/","url":"https:\/\/files.sunoresearch.com.br\/n\/uploads\/2021\/09\/suno-logo.png","contentUrl":"https:\/\/files.sunoresearch.com.br\/n\/uploads\/2021\/09\/suno-logo.png","width":180,"height":180,"caption":"Suno Not\u00edcias"},"image":{"@id":"https:\/\/www.suno.com.br\/noticias\/#\/schema\/logo\/image\/"},"sameAs":["https:\/\/facebook.com\/sunoresearch","https:\/\/x.com\/sunoresearch","https:\/\/www.instagram.com\/suno","https:\/\/www.linkedin.com\/company\/suno-research\/","https:\/\/www.youtube.com\/c\/sunoresearch"]},{"@type":"Person","@id":"https:\/\/www.suno.com.br\/noticias\/#\/schema\/person\/02ec1f752758247878a2bf4abee1aeda","name":"Poliana Santos","image":{"@type":"ImageObject","inLanguage":"pt-BR","@id":"https:\/\/www.suno.com.br\/noticias\/#\/schema\/person\/image\/","url":"https:\/\/secure.gravatar.com\/avatar\/0645bd32f23d87b2130f2b2dff1d3f8d?s=96&r=g","contentUrl":"https:\/\/secure.gravatar.com\/avatar\/0645bd32f23d87b2130f2b2dff1d3f8d?s=96&r=g","caption":"Poliana Santos"},"description":"Rep\u00f3rter no Suno Not\u00edcias, com cobertura em mercado financeiro, economia, finan\u00e7as pessoais, renda fixa e varejo. Jornalista formada pela Faculdade C\u00e1sper L\u00edbero e possui passagem na R\u00e1dio Gazeta AM com a produ\u00e7\u00e3o de conte\u00fado sobre economia, pol\u00edtica, sa\u00fade, moda e m\u00fasica. Possui certificado de conclus\u00e3o do curso de An\u00e1lise de Balan\u00e7os pela Funda\u00e7\u00e3o Bradesco, Agenda Brasil pela FAAP, Educa\u00e7\u00e3o Pol\u00edtica por Alexandre Garcia e do Tesouro Direto e Mercado de A\u00e7\u00f5es pela B3.","url":"https:\/\/www.suno.com.br\/noticias\/author\/poliana-santos\/"}]}},"default_loop_html":"<div class=\"cardsPage__listCard__boxs\"><div class=\"cardsPage__listCard__boxs__img\"><a href=\"https:\/\/www.suno.com.br\/noticias\/ministro-do-turismo-coaf-corrupcao\/\"><img class=\"mask\" src=\"https:\/\/www.suno.com.br\/noticias\/wp-content\/themes\/suno\/resources\/images\/spotlight\/spotlight1img\/bg-mask.png\" alt=\"Image Mask\"\/><img src=\"https:\/\/files.sunoresearch.com.br\/n\/uploads\/2019\/05\/5d777374-marcelo-alvaro-antonio-400x200.webp\" alt=\"Coaf: ministro do Turismo tem opera\u00e7\u00f5es banc\u00e1rias suspeitas\"\/><\/a><span class=\"spotlightCategory\"><a href=\"https:\/\/www.suno.com.br\/noticias\/politica\/\">Pol\u00edtica<\/a><\/span><\/div><div class=\"cardsPage__listCard__boxs__content\"><a href=\"https:\/\/www.suno.com.br\/noticias\/ministro-do-turismo-coaf-corrupcao\/\"><h2 class=\"content__title\">Coaf: ministro do Turismo tem opera\u00e7\u00f5es banc\u00e1rias suspeitas<\/h2><\/a><div class=\"newsContent__article__meta\"><div class=\"newsContent__article__meta__authorBox\"><a href=\"https:\/\/www.suno.com.br\/noticias\/author\/poliana-santos\/\" class=\"authorBox__avatar noMobi\"><img src=\"https:\/\/files.sunoresearch.com.br\/n\/uploads\/2020\/08\/7ef34026-whatsapp-image-2020-08-03-at-12.37.57-150x150.webp\" alt=\"Poliana Santos\"><\/a><div class=\"authorBox__name\"><span>por\n\t\t\t<a href=\"https:\/\/www.suno.com.br\/noticias\/author\/poliana-santos\/\"><span itemprop=\"author\">Poliana Santos<\/span><\/a><\/span><time datetime=\"2019-05-17T09:49:23-03:00\" itemprop=\"datePublished\">17\/05\/2019 09:49<\/time><\/div><\/div><\/div><\/div><\/div>","single_layout":"posts","amp_enabled":true,"_links":{"self":[{"href":"https:\/\/www.suno.com.br\/noticias\/wp-json\/wp\/v2\/posts\/24922"}],"collection":[{"href":"https:\/\/www.suno.com.br\/noticias\/wp-json\/wp\/v2\/posts"}],"about":[{"href":"https:\/\/www.suno.com.br\/noticias\/wp-json\/wp\/v2\/types\/post"}],"author":[{"embeddable":true,"href":"https:\/\/www.suno.com.br\/noticias\/wp-json\/wp\/v2\/users\/15"}],"replies":[{"embeddable":true,"href":"https:\/\/www.suno.com.br\/noticias\/wp-json\/wp\/v2\/comments?post=24922"}],"version-history":[{"count":0,"href":"https:\/\/www.suno.com.br\/noticias\/wp-json\/wp\/v2\/posts\/24922\/revisions"}],"wp:featuredmedia":[{"embeddable":true,"href":"https:\/\/www.suno.com.br\/noticias\/wp-json\/wp\/v2\/media\/24950"}],"wp:attachment":[{"href":"https:\/\/www.suno.com.br\/noticias\/wp-json\/wp\/v2\/media?parent=24922"}],"wp:term":[{"taxonomy":"category","embeddable":true,"href":"https:\/\/www.suno.com.br\/noticias\/wp-json\/wp\/v2\/categories?post=24922"},{"taxonomy":"post_tag","embeddable":true,"href":"https:\/\/www.suno.com.br\/noticias\/wp-json\/wp\/v2\/tags?post=24922"},{"taxonomy":"suno_strategy","embeddable":true,"href":"https:\/\/www.suno.com.br\/noticias\/wp-json\/wp\/v2\/suno_strategy?post=24922"}],"curies":[{"name":"wp","href":"https:\/\/api.w.org\/{rel}","templated":true}]}}