{"id":249154,"date":"2022-04-08T09:07:22","date_gmt":"2022-04-08T12:07:22","guid":{"rendered":"https:\/\/www.suno.com.br\/noticias\/?p=249154"},"modified":"2022-04-08T09:07:22","modified_gmt":"2022-04-08T12:07:22","slug":"lula-faria-lima-presidente-banco-mercado","status":"publish","type":"post","link":"https:\/\/www.suno.com.br\/noticias\/lula-faria-lima-presidente-banco-mercado\/","title":{"rendered":"Conhe\u00e7a o ex-presidente de Banco que tenta aproximar Lula do mercado financeiro"},"content":{"rendered":"<p>Formado em Economia pela PUC-SP, Gabriel Gal\u00edpolo chamou a aten\u00e7\u00e3o nos \u00faltimos dias ap\u00f3s participar, com a deputada federal Gleisi Hoffmann (PT-PR), presidente<a href=\"https:\/\/www.suno.com.br\/noticias\/empresarios-cobram-compromissos-economicos-de-lula\/\"> do Partido dos Trabalhadores<\/a>, de um jantar com empres\u00e1rios em S\u00e3o Paulo e ser apontado como um dos novos economistas do c\u00edrculo de Luiz In\u00e1cio <strong>Lula<\/strong> da Silva.<\/p>\t<div class=\"wrapper-featured-image\">\n\t\t<figure class=\"spotlightImg\">\n\n\t\t\t<picture>\n\t\t\t\t<source media=\"(max-width: 768px)\" srcset=\"https:\/\/files.sunoresearch.com.br\/n\/uploads\/2022\/04\/Gabriel-Galipolo-400x200.jpg\">\n\t\t\t\t<img loading=\"lazy\" decoding=\"async\" class=\"newsContent__article__imgCapa lazyloadDisabled \" src=\"https:\/\/files.sunoresearch.com.br\/n\/uploads\/2022\/04\/Gabriel-Galipolo-800x450.jpg\" width=\"800\" height=\"450\" alt=\"Conhe\u00e7a o ex-presidente de Banco que tenta aproximar Lula do mercado financeiro\" fetchpriority=high \/>\n\t\t\t<\/picture>\n\n\t\t\t<figcaption class=\"wp-caption-text wp-caption-text--show\">Gabriel Gal\u00edpolo- Foto: Reprodu\u00e7\u00e3o\/Casa do Saber\/YouTube<\/figcaption>\n\t\t<\/figure>\n\t<\/div>\n\n\n\t<p>\n\t\t<a href=\"\" target=\"_blank\" data-element=\"shortcode-suno-banner\" title=\"Banner SUNO, clique e saiba mais\">\n\t\t\t<picture>\n\t\t\t\t<source media=\"(max-width: 500px)\" srcset=\"\">\n\t\t\t\t<img class=\"newsContent__article__imgCapa newsContent__article__imgCapa--banner\"\n\t\t\t\t\tsrc=\"\"\n\t\t\t\t\tdata-promo-id=\"240038\"\t\t\t\t\t\t\t\t\t\t\t\t\t\t\talt=\"\"\n\t\t\t\t>\n\t\t\t<\/picture>\n\t\t<\/a>\n\t<\/p>\n\n\n<p>A ida de <strong>Gal\u00edpolo<\/strong> e Gleisi ao jantar, assim como a aproxima\u00e7\u00e3o do ex-presidente com Geraldo Alckmin, \u00e9 um ind\u00edcio de que o Lula e o <strong>PT<\/strong> <a href=\"https:\/\/www.suno.com.br\/noticias\/lula-privatizacoes-estatais-estrategicas\/\">de um modo geral buscam um discurso menos radical na economia<\/a>.<\/p>\n<p>O encontro, organizado pelo grupo Esfera Brasil, reuniu nomes como <a class=\"suno-keyword\" href=\"https:\/\/www.suno.com.br\/tudo-sobre\/abilio-diniz\/\" target=\"_blank\" rel=\"noopener\" data-force=\"no\" data-priority=\"2\">Ab\u00edlio Diniz<\/a> (Grupo Pen\u00ednsula), Andr\u00e9 Esteves (BTG Pactual), Fl\u00e1vio Rocha (Riachuelo) e Eug\u00eanio Mattar (s\u00f3cio-fundador da Localiza).<\/p>\n<p><strong>Gal\u00edpolo<\/strong> n\u00e3o concedeu entrevista, mas, segundo uma fonte pr\u00f3xima, tem se empenhado em reduzir a tens\u00e3o entre Lula e a <strong>Faria Lima<\/strong>, avenida s\u00edmbolo do setor financeiro.<\/p>\n<p>Tendo presidido o Banco Fator at\u00e9 2021, Gal\u00edpolo, hoje com 39 anos, \u00e9 professor da UFRJ, pesquisador do Centro Brasileiro de Rela\u00e7\u00f5es Internacionais (Cebri) e conselheiro da Fiesp.<\/p>\n\t<p>\n\t\t<a href=\"https:\/\/lp.suno.com.br\/planilha-controle-gastos\/\" target=\"_blank\" data-element=\"shortcode-suno-banner\" title=\"Banner SUNO, clique e saiba mais\">\n\t\t\t<picture>\n\t\t\t\t<source media=\"(max-width: 500px)\" srcset=\"https:\/\/files.sunoresearch.com.br\/n\/uploads\/2023\/03\/400x300-Planilha-controle-de-gastos.png\">\n\t\t\t\t<img class=\"newsContent__article__imgCapa newsContent__article__imgCapa--banner\"\n\t\t\t\t\tsrc=\"https:\/\/files.sunoresearch.com.br\/n\/uploads\/2023\/03\/1420x240-Planilha-controle-de-gastos.png\"\n\t\t\t\t\tdata-promo-id=\"101751\"\t\t\t\t\t\t\t\t\t\twidth='1420' height='240'\t\t\t\t\talt=\"https:\/\/files.sunoresearch.com.br\/n\/uploads\/2023\/03\/1420x240-Planilha-controle-de-gastos.png\"\n\t\t\t\t>\n\t\t\t<\/picture>\n\t\t<\/a>\n\t<\/p>\n\n\n<p>Trabalhou na Secretaria Estadual de Economia e Planejamento, no governo de Jos\u00e9 Serra. H\u00e1 mais de 10 anos \u00e9 pr\u00f3ximo ao PT &#8211; em 2010, colaborou na constru\u00e7\u00e3o do plano de governo do ex-ministro Aloizio Mercadante.<\/p>\n<p>Transitar no setor p\u00fablico, na academia e na \u00e1rea financeira \u00e9 uma vantagem na articula\u00e7\u00e3o pol\u00edtica, avalia o economista-chefe do <strong>Fator<\/strong>, Jos\u00e9 Francisco de Lima Gon\u00e7alves.<\/p>\n<p>A chegada de Gal\u00edpolo ao comando do Fator, em 2017, coincidiu com o fim de uma <a class=\"suno-keyword\" href=\"https:\/\/www.suno.com.br\/artigos\/crise-economica-oportunidade-ou-ameaca\/\" target=\"_blank\" rel=\"noopener\" data-force=\"no\" data-priority=\"1\">crise econ\u00f4mica<\/a>, a troca de governo por impeachment e uma mudan\u00e7a estrutural no mercado financeiro.<\/p>\n<p>&#8220;Essa experi\u00eancia d\u00e1 uma vis\u00e3o menos ing\u00eanua na execu\u00e7\u00e3o pol\u00edtica&#8221;, afirma o ex-colega.<\/p>\n<p>&#8220;O Gal\u00edpolo est\u00e1 em um time do qual tamb\u00e9m fa\u00e7o parte, que entende ser preciso ajudar o mercado a se viabilizar, mas com limites. N\u00e3o me venha dizer que precisa fazer reformas e o mercado faz o resto, porque isso simplesmente n\u00e3o funciona.&#8221;<\/p>\n\t<p>\n\t\t<a href=\"https:\/\/lp.suno.com.br\/planilha-da-vida-financeira\/\" target=\"_blank\" data-element=\"shortcode-suno-banner\" title=\"Banner SUNO, clique e saiba mais\">\n\t\t\t<picture>\n\t\t\t\t<source media=\"(max-width: 500px)\" srcset=\"https:\/\/files.sunoresearch.com.br\/n\/uploads\/2023\/04\/400x300-Planilha-vida-financeira-true.png\">\n\t\t\t\t<img class=\"newsContent__article__imgCapa newsContent__article__imgCapa--banner\"\n\t\t\t\t\tsrc=\"https:\/\/files.sunoresearch.com.br\/n\/uploads\/2023\/04\/1420x240-Planilha-vida-financeira-true.png\"\n\t\t\t\t\tdata-promo-id=\"106682\"\t\t\t\t\t\t\t\t\t\twidth='1420' height='240'\t\t\t\t\talt=\"https:\/\/files.sunoresearch.com.br\/n\/uploads\/2023\/04\/1420x240-Planilha-vida-financeira-true.png\"\n\t\t\t\t>\n\t\t\t<\/picture>\n\t\t<\/a>\n\t<\/p>\n\n\n<h2>Economista de Lula v\u00ea teto e autonomia do BC &#8216;com cautela&#8217;<\/h2>\n<p>&#8220;O <strong>economista<\/strong> \u00e9 como um navegador do s\u00e9culo 16: s\u00f3 enxerga uma milha e meia pela frente&#8221;, afirmou Gal\u00edpolo, em live recente. Ele v\u00ea com cautela a independ\u00eancia do Banco Central e o <a class=\"suno-keyword\" href=\"https:\/\/www.suno.com.br\/artigos\/teto-de-gastos\/\" target=\"_blank\" rel=\"noopener\" data-force=\"no\" data-priority=\"1\">teto de gastos<\/a>.<\/p>\n<p>Para ele, o Pa\u00eds n\u00e3o deveria ter um regime fiscal pr\u00f3-c\u00edclico, ou seja, que acaba acentuando o <a class=\"suno-keyword\" href=\"https:\/\/www.suno.com.br\/artigos\/ciclo-economico\/\" target=\"_blank\" rel=\"noopener\" data-force=\"no\" data-priority=\"1\">ciclo econ\u00f4mico<\/a> para o bem ou para o mal.<\/p>\n<p>Entende que o mais indicado, quando a economia piora, seria expandir os gastos p\u00fablicos, e n\u00e3o cortar como exige o teto. Nas suas palavras, o teto ruiu e \u00e9 preciso pensar em uma regra fiscal que tenha horizonte temporal mais amplo.<\/p>\n<p>A regra fiscal do teto de gastos foi adotada em 2016 durante o governo de Michel Temer justamente para restabelecer a credibilidade das contas p\u00fablicas depois de anos de gastos crescentes, durante os governos de Dilma Rousseff.<\/p>\n<p>A ex-presidente, que sucedeu <strong>Lula<\/strong>, tamb\u00e9m seguia a vis\u00e3o de que as despesas do governo poderiam ser uma medida contrac\u00edclica, para estimular a economia durante per\u00edodos de recess\u00e3o.<\/p>\n<p class=\"newsProviderSignature\">Com Estad\u00e3o Conte\u00fado<\/p>\n\t<p>\n\t\t<a href=\"https:\/\/lp.suno.com.br\/ebook-como-analisar-uma-acao\/\" target=\"_blank\" data-element=\"shortcode-suno-banner\" title=\"Banner SUNO, clique e saiba mais\">\n\t\t\t<picture>\n\t\t\t\t<source media=\"(max-width: 500px)\" srcset=\"https:\/\/files.sunoresearch.com.br\/n\/uploads\/2023\/03\/Ebook-Acoes-Mobile-1.jpg\">\n\t\t\t\t<img class=\"newsContent__article__imgCapa newsContent__article__imgCapa--banner\"\n\t\t\t\t\tsrc=\"https:\/\/files.sunoresearch.com.br\/n\/uploads\/2023\/03\/Ebook-Acoes-Desktop-1.jpg\"\n\t\t\t\t\tdata-promo-id=\"171998\"\t\t\t\t\t\t\t\t\t\twidth='1420' height='286'\t\t\t\t\talt=\"https:\/\/files.sunoresearch.com.br\/n\/uploads\/2023\/03\/Ebook-Acoes-Desktop-1.jpg\"\n\t\t\t\t>\n\t\t\t<\/picture>\n\t\t<\/a>\n\t<\/p>\n\n\n","protected":false},"excerpt":{"rendered":"<p>Formado em Economia pela PUC-SP, Gabriel Gal\u00edpolo chamou a aten\u00e7\u00e3o nos \u00faltimos dias ap\u00f3s participar, com a deputada federal Gleisi Hoffmann (PT-PR), presidente do Partido dos Trabalhadores, de um jantar com empres\u00e1rios em S\u00e3o Paulo e ser apontado como um dos novos economistas do c\u00edrculo de Luiz In\u00e1cio Lula da Silva. Gabriel Gal\u00edpolo- Foto: Reprodu\u00e7\u00e3o\/Casa [&hellip;]<\/p>\n","protected":false},"author":73,"featured_media":249161,"comment_status":"closed","ping_status":"closed","sticky":false,"template":"","format":"standard","meta":[],"categories":[61],"tags":[697,709],"suno_strategy":[],"class_list":["post-249154","post","type-post","status-publish","format-standard","has-post-thumbnail","hentry","category-politica","tag-eleicoes","tag-lula"],"yoast_head":"<!-- This site is optimized with the Yoast SEO plugin v24.4 - https:\/\/yoast.com\/wordpress\/plugins\/seo\/ -->\n<title>Lula na Faria Lima: Banqueiro tenta reconciliar la\u00e7os com o mercado<\/title>\n<meta name=\"description\" content=\"Gabriel Gal\u00edpolo jantou com a presidente do PT e tenta aproximar Lula do mercado financeiro no tom do discurso. Clique aqui e leia mais.\" \/>\n<meta name=\"robots\" content=\"index, follow, max-snippet:-1, max-image-preview:large, max-video-preview:-1\" \/>\n<link rel=\"canonical\" href=\"https:\/\/www.suno.com.br\/noticias\/lula-faria-lima-presidente-banco-mercado\/\" \/>\n<meta property=\"og:locale\" content=\"pt_BR\" \/>\n<meta property=\"og:type\" content=\"article\" \/>\n<meta property=\"og:title\" content=\"Lula na Faria Lima: Banqueiro tenta reconciliar la\u00e7os com o mercado\" \/>\n<meta property=\"og:description\" content=\"Gabriel Gal\u00edpolo jantou com a presidente do PT e tenta aproximar Lula do mercado financeiro no tom do discurso. Clique aqui e leia mais.\" \/>\n<meta property=\"og:url\" content=\"https:\/\/www.suno.com.br\/noticias\/lula-faria-lima-presidente-banco-mercado\/\" \/>\n<meta property=\"og:site_name\" content=\"Suno Not\u00edcias\" \/>\n<meta property=\"article:publisher\" content=\"https:\/\/facebook.com\/sunoresearch\" \/>\n<meta property=\"og:image\" content=\"https:\/\/files.sunoresearch.com.br\/n\/uploads\/2022\/04\/Gabriel-Galipolo.jpg\" \/>\n\t<meta property=\"og:image:width\" content=\"1200\" \/>\n\t<meta property=\"og:image:height\" content=\"753\" \/>\n\t<meta property=\"og:image:type\" content=\"image\/jpeg\" \/>\n<meta name=\"author\" content=\"Eduardo Vargas\" \/>\n<meta name=\"twitter:card\" content=\"summary_large_image\" \/>\n<meta name=\"twitter:creator\" content=\"@sunoresearch\" \/>\n<meta name=\"twitter:site\" content=\"@sunoresearch\" \/>\n<meta name=\"twitter:label1\" content=\"Escrito por\" \/>\n\t<meta name=\"twitter:data1\" content=\"Eduardo Vargas\" \/>\n\t<meta name=\"twitter:label2\" content=\"Est. tempo de leitura\" \/>\n\t<meta name=\"twitter:data2\" content=\"3 minutos\" \/>\n<script type=\"application\/ld+json\" class=\"yoast-schema-graph\">{\"@context\":\"https:\/\/schema.org\",\"@graph\":[{\"@type\":\"NewsArticle\",\"@id\":\"https:\/\/www.suno.com.br\/noticias\/lula-faria-lima-presidente-banco-mercado\/#article\",\"isPartOf\":{\"@id\":\"https:\/\/www.suno.com.br\/noticias\/lula-faria-lima-presidente-banco-mercado\/\"},\"author\":{\"name\":\"Eduardo Vargas\",\"@id\":\"https:\/\/www.suno.com.br\/noticias\/#\/schema\/person\/7f4d362bf3518e76090143ae77bb49a5\"},\"headline\":\"Conhe\u00e7a o ex-presidente de Banco que tenta aproximar Lula do mercado financeiro\",\"datePublished\":\"2022-04-08T12:07:22+00:00\",\"mainEntityOfPage\":{\"@id\":\"https:\/\/www.suno.com.br\/noticias\/lula-faria-lima-presidente-banco-mercado\/\"},\"wordCount\":573,\"publisher\":{\"@id\":\"https:\/\/www.suno.com.br\/noticias\/#organization\"},\"image\":{\"@id\":\"https:\/\/www.suno.com.br\/noticias\/lula-faria-lima-presidente-banco-mercado\/#primaryimage\"},\"thumbnailUrl\":\"https:\/\/files.sunoresearch.com.br\/n\/uploads\/2022\/04\/Gabriel-Galipolo.jpg\",\"keywords\":[\"Elei\u00e7\u00f5es\",\"Lula\"],\"articleSection\":[\"Pol\u00edtica\"],\"inLanguage\":\"pt-BR\"},{\"@type\":\"WebPage\",\"@id\":\"https:\/\/www.suno.com.br\/noticias\/lula-faria-lima-presidente-banco-mercado\/\",\"url\":\"https:\/\/www.suno.com.br\/noticias\/lula-faria-lima-presidente-banco-mercado\/\",\"name\":\"Lula na Faria Lima: Banqueiro tenta reconciliar la\u00e7os com o mercado\",\"isPartOf\":{\"@id\":\"https:\/\/www.suno.com.br\/noticias\/#website\"},\"primaryImageOfPage\":{\"@id\":\"https:\/\/www.suno.com.br\/noticias\/lula-faria-lima-presidente-banco-mercado\/#primaryimage\"},\"image\":{\"@id\":\"https:\/\/www.suno.com.br\/noticias\/lula-faria-lima-presidente-banco-mercado\/#primaryimage\"},\"thumbnailUrl\":\"https:\/\/files.sunoresearch.com.br\/n\/uploads\/2022\/04\/Gabriel-Galipolo.jpg\",\"datePublished\":\"2022-04-08T12:07:22+00:00\",\"description\":\"Gabriel Gal\u00edpolo jantou com a presidente do PT e tenta aproximar Lula do mercado financeiro no tom do discurso. Clique aqui e leia mais.\",\"breadcrumb\":{\"@id\":\"https:\/\/www.suno.com.br\/noticias\/lula-faria-lima-presidente-banco-mercado\/#breadcrumb\"},\"inLanguage\":\"pt-BR\",\"potentialAction\":[{\"@type\":\"ReadAction\",\"target\":[\"https:\/\/www.suno.com.br\/noticias\/lula-faria-lima-presidente-banco-mercado\/\"]}]},{\"@type\":\"ImageObject\",\"inLanguage\":\"pt-BR\",\"@id\":\"https:\/\/www.suno.com.br\/noticias\/lula-faria-lima-presidente-banco-mercado\/#primaryimage\",\"url\":\"https:\/\/files.sunoresearch.com.br\/n\/uploads\/2022\/04\/Gabriel-Galipolo.jpg\",\"contentUrl\":\"https:\/\/files.sunoresearch.com.br\/n\/uploads\/2022\/04\/Gabriel-Galipolo.jpg\",\"width\":1200,\"height\":753,\"caption\":\"Gabriel Gal\u00edpolo- Foto: Reprodu\u00e7\u00e3o\/Casa do Saber\/YouTube\"},{\"@type\":\"BreadcrumbList\",\"@id\":\"https:\/\/www.suno.com.br\/noticias\/lula-faria-lima-presidente-banco-mercado\/#breadcrumb\",\"itemListElement\":[{\"@type\":\"ListItem\",\"position\":1,\"name\":\"Not\u00edcias\",\"item\":\"https:\/\/www.suno.com.br\/noticias\/\"},{\"@type\":\"ListItem\",\"position\":2,\"name\":\"Pol\u00edtica\",\"item\":\"https:\/\/www.suno.com.br\/noticias\/politica\/\"},{\"@type\":\"ListItem\",\"position\":3,\"name\":\"Conhe\u00e7a o ex-presidente de Banco que tenta aproximar Lula do mercado financeiro\"}]},{\"@type\":\"WebSite\",\"@id\":\"https:\/\/www.suno.com.br\/noticias\/#website\",\"url\":\"https:\/\/www.suno.com.br\/noticias\/\",\"name\":\"Suno Not\u00edcias\",\"description\":\"Seu portal de informa\u00e7\u00e3o sobre o mundo dos investimentos\",\"publisher\":{\"@id\":\"https:\/\/www.suno.com.br\/noticias\/#organization\"},\"potentialAction\":[{\"@type\":\"SearchAction\",\"target\":{\"@type\":\"EntryPoint\",\"urlTemplate\":\"https:\/\/www.suno.com.br\/noticias\/?s={search_term_string}\"},\"query-input\":{\"@type\":\"PropertyValueSpecification\",\"valueRequired\":true,\"valueName\":\"search_term_string\"}}],\"inLanguage\":\"pt-BR\"},{\"@type\":\"Organization\",\"@id\":\"https:\/\/www.suno.com.br\/noticias\/#organization\",\"name\":\"Suno Not\u00edcias\",\"url\":\"https:\/\/www.suno.com.br\/noticias\/\",\"logo\":{\"@type\":\"ImageObject\",\"inLanguage\":\"pt-BR\",\"@id\":\"https:\/\/www.suno.com.br\/noticias\/#\/schema\/logo\/image\/\",\"url\":\"https:\/\/files.sunoresearch.com.br\/n\/uploads\/2021\/09\/suno-logo.png\",\"contentUrl\":\"https:\/\/files.sunoresearch.com.br\/n\/uploads\/2021\/09\/suno-logo.png\",\"width\":180,\"height\":180,\"caption\":\"Suno Not\u00edcias\"},\"image\":{\"@id\":\"https:\/\/www.suno.com.br\/noticias\/#\/schema\/logo\/image\/\"},\"sameAs\":[\"https:\/\/facebook.com\/sunoresearch\",\"https:\/\/x.com\/sunoresearch\",\"https:\/\/www.instagram.com\/suno\",\"https:\/\/www.linkedin.com\/company\/suno-research\/\",\"https:\/\/www.youtube.com\/c\/sunoresearch\"]},{\"@type\":\"Person\",\"@id\":\"https:\/\/www.suno.com.br\/noticias\/#\/schema\/person\/7f4d362bf3518e76090143ae77bb49a5\",\"name\":\"Eduardo Vargas\",\"image\":{\"@type\":\"ImageObject\",\"inLanguage\":\"pt-BR\",\"@id\":\"https:\/\/www.suno.com.br\/noticias\/#\/schema\/person\/image\/\",\"url\":\"https:\/\/secure.gravatar.com\/avatar\/dac340933427a22924c9f99d1eb2e3f2?s=96&r=g\",\"contentUrl\":\"https:\/\/secure.gravatar.com\/avatar\/dac340933427a22924c9f99d1eb2e3f2?s=96&r=g\",\"caption\":\"Eduardo Vargas\"},\"description\":\"Jornalista formado pela UFSC, cobre macroeconomia, neg\u00f3cios e startups para o Suno Not\u00edcias, escrevendo principalmente not\u00edcias sobre o mercado financeiro e a bolsa de valores. No YouTube e no Instagram, \u00e9 respons\u00e1vel pela produ\u00e7\u00e3o de Reels e Shorts do Suno Not\u00edcias. Anteriormente, trabalhou cobrindo economia e cotidiano no ND+ e para o ND, maior jornal impresso de Santa Catarina. Cursou um semestre letivo de Estudos de M\u00eddia na Universidad de Buenos Aires.\",\"url\":\"https:\/\/www.suno.com.br\/noticias\/author\/eduardo-vargas\/\"}]}<\/script>\n<!-- \/ Yoast SEO plugin. -->","yoast_head_json":{"title":"Lula na Faria Lima: Banqueiro tenta reconciliar la\u00e7os com o mercado","description":"Gabriel Gal\u00edpolo jantou com a presidente do PT e tenta aproximar Lula do mercado financeiro no tom do discurso. Clique aqui e leia mais.","robots":{"index":"index","follow":"follow","max-snippet":"max-snippet:-1","max-image-preview":"max-image-preview:large","max-video-preview":"max-video-preview:-1"},"canonical":"https:\/\/www.suno.com.br\/noticias\/lula-faria-lima-presidente-banco-mercado\/","og_locale":"pt_BR","og_type":"article","og_title":"Lula na Faria Lima: Banqueiro tenta reconciliar la\u00e7os com o mercado","og_description":"Gabriel Gal\u00edpolo jantou com a presidente do PT e tenta aproximar Lula do mercado financeiro no tom do discurso. Clique aqui e leia mais.","og_url":"https:\/\/www.suno.com.br\/noticias\/lula-faria-lima-presidente-banco-mercado\/","og_site_name":"Suno Not\u00edcias","article_publisher":"https:\/\/facebook.com\/sunoresearch","og_image":[{"width":1200,"height":753,"url":"https:\/\/files.sunoresearch.com.br\/n\/uploads\/2022\/04\/Gabriel-Galipolo.jpg","type":"image\/jpeg"}],"author":"Eduardo Vargas","twitter_card":"summary_large_image","twitter_creator":"@sunoresearch","twitter_site":"@sunoresearch","twitter_misc":{"Escrito por":"Eduardo Vargas","Est. tempo de leitura":"3 minutos"},"schema":{"@context":"https:\/\/schema.org","@graph":[{"@type":"NewsArticle","@id":"https:\/\/www.suno.com.br\/noticias\/lula-faria-lima-presidente-banco-mercado\/#article","isPartOf":{"@id":"https:\/\/www.suno.com.br\/noticias\/lula-faria-lima-presidente-banco-mercado\/"},"author":{"name":"Eduardo Vargas","@id":"https:\/\/www.suno.com.br\/noticias\/#\/schema\/person\/7f4d362bf3518e76090143ae77bb49a5"},"headline":"Conhe\u00e7a o ex-presidente de Banco que tenta aproximar Lula do mercado financeiro","datePublished":"2022-04-08T12:07:22+00:00","mainEntityOfPage":{"@id":"https:\/\/www.suno.com.br\/noticias\/lula-faria-lima-presidente-banco-mercado\/"},"wordCount":573,"publisher":{"@id":"https:\/\/www.suno.com.br\/noticias\/#organization"},"image":{"@id":"https:\/\/www.suno.com.br\/noticias\/lula-faria-lima-presidente-banco-mercado\/#primaryimage"},"thumbnailUrl":"https:\/\/files.sunoresearch.com.br\/n\/uploads\/2022\/04\/Gabriel-Galipolo.jpg","keywords":["Elei\u00e7\u00f5es","Lula"],"articleSection":["Pol\u00edtica"],"inLanguage":"pt-BR"},{"@type":"WebPage","@id":"https:\/\/www.suno.com.br\/noticias\/lula-faria-lima-presidente-banco-mercado\/","url":"https:\/\/www.suno.com.br\/noticias\/lula-faria-lima-presidente-banco-mercado\/","name":"Lula na Faria Lima: Banqueiro tenta reconciliar la\u00e7os com o mercado","isPartOf":{"@id":"https:\/\/www.suno.com.br\/noticias\/#website"},"primaryImageOfPage":{"@id":"https:\/\/www.suno.com.br\/noticias\/lula-faria-lima-presidente-banco-mercado\/#primaryimage"},"image":{"@id":"https:\/\/www.suno.com.br\/noticias\/lula-faria-lima-presidente-banco-mercado\/#primaryimage"},"thumbnailUrl":"https:\/\/files.sunoresearch.com.br\/n\/uploads\/2022\/04\/Gabriel-Galipolo.jpg","datePublished":"2022-04-08T12:07:22+00:00","description":"Gabriel Gal\u00edpolo jantou com a presidente do PT e tenta aproximar Lula do mercado financeiro no tom do discurso. Clique aqui e leia mais.","breadcrumb":{"@id":"https:\/\/www.suno.com.br\/noticias\/lula-faria-lima-presidente-banco-mercado\/#breadcrumb"},"inLanguage":"pt-BR","potentialAction":[{"@type":"ReadAction","target":["https:\/\/www.suno.com.br\/noticias\/lula-faria-lima-presidente-banco-mercado\/"]}]},{"@type":"ImageObject","inLanguage":"pt-BR","@id":"https:\/\/www.suno.com.br\/noticias\/lula-faria-lima-presidente-banco-mercado\/#primaryimage","url":"https:\/\/files.sunoresearch.com.br\/n\/uploads\/2022\/04\/Gabriel-Galipolo.jpg","contentUrl":"https:\/\/files.sunoresearch.com.br\/n\/uploads\/2022\/04\/Gabriel-Galipolo.jpg","width":1200,"height":753,"caption":"Gabriel Gal\u00edpolo- Foto: Reprodu\u00e7\u00e3o\/Casa do Saber\/YouTube"},{"@type":"BreadcrumbList","@id":"https:\/\/www.suno.com.br\/noticias\/lula-faria-lima-presidente-banco-mercado\/#breadcrumb","itemListElement":[{"@type":"ListItem","position":1,"name":"Not\u00edcias","item":"https:\/\/www.suno.com.br\/noticias\/"},{"@type":"ListItem","position":2,"name":"Pol\u00edtica","item":"https:\/\/www.suno.com.br\/noticias\/politica\/"},{"@type":"ListItem","position":3,"name":"Conhe\u00e7a o ex-presidente de Banco que tenta aproximar Lula do mercado financeiro"}]},{"@type":"WebSite","@id":"https:\/\/www.suno.com.br\/noticias\/#website","url":"https:\/\/www.suno.com.br\/noticias\/","name":"Suno Not\u00edcias","description":"Seu portal de informa\u00e7\u00e3o sobre o mundo dos investimentos","publisher":{"@id":"https:\/\/www.suno.com.br\/noticias\/#organization"},"potentialAction":[{"@type":"SearchAction","target":{"@type":"EntryPoint","urlTemplate":"https:\/\/www.suno.com.br\/noticias\/?s={search_term_string}"},"query-input":{"@type":"PropertyValueSpecification","valueRequired":true,"valueName":"search_term_string"}}],"inLanguage":"pt-BR"},{"@type":"Organization","@id":"https:\/\/www.suno.com.br\/noticias\/#organization","name":"Suno Not\u00edcias","url":"https:\/\/www.suno.com.br\/noticias\/","logo":{"@type":"ImageObject","inLanguage":"pt-BR","@id":"https:\/\/www.suno.com.br\/noticias\/#\/schema\/logo\/image\/","url":"https:\/\/files.sunoresearch.com.br\/n\/uploads\/2021\/09\/suno-logo.png","contentUrl":"https:\/\/files.sunoresearch.com.br\/n\/uploads\/2021\/09\/suno-logo.png","width":180,"height":180,"caption":"Suno Not\u00edcias"},"image":{"@id":"https:\/\/www.suno.com.br\/noticias\/#\/schema\/logo\/image\/"},"sameAs":["https:\/\/facebook.com\/sunoresearch","https:\/\/x.com\/sunoresearch","https:\/\/www.instagram.com\/suno","https:\/\/www.linkedin.com\/company\/suno-research\/","https:\/\/www.youtube.com\/c\/sunoresearch"]},{"@type":"Person","@id":"https:\/\/www.suno.com.br\/noticias\/#\/schema\/person\/7f4d362bf3518e76090143ae77bb49a5","name":"Eduardo Vargas","image":{"@type":"ImageObject","inLanguage":"pt-BR","@id":"https:\/\/www.suno.com.br\/noticias\/#\/schema\/person\/image\/","url":"https:\/\/secure.gravatar.com\/avatar\/dac340933427a22924c9f99d1eb2e3f2?s=96&r=g","contentUrl":"https:\/\/secure.gravatar.com\/avatar\/dac340933427a22924c9f99d1eb2e3f2?s=96&r=g","caption":"Eduardo Vargas"},"description":"Jornalista formado pela UFSC, cobre macroeconomia, neg\u00f3cios e startups para o Suno Not\u00edcias, escrevendo principalmente not\u00edcias sobre o mercado financeiro e a bolsa de valores. No YouTube e no Instagram, \u00e9 respons\u00e1vel pela produ\u00e7\u00e3o de Reels e Shorts do Suno Not\u00edcias. Anteriormente, trabalhou cobrindo economia e cotidiano no ND+ e para o ND, maior jornal impresso de Santa Catarina. Cursou um semestre letivo de Estudos de M\u00eddia na Universidad de Buenos Aires.","url":"https:\/\/www.suno.com.br\/noticias\/author\/eduardo-vargas\/"}]}},"default_loop_html":"<div class=\"cardsPage__listCard__boxs\"><div class=\"cardsPage__listCard__boxs__img\"><a href=\"https:\/\/www.suno.com.br\/noticias\/lula-faria-lima-presidente-banco-mercado\/\"><img class=\"mask\" src=\"https:\/\/www.suno.com.br\/noticias\/wp-content\/themes\/suno\/resources\/images\/spotlight\/spotlight1img\/bg-mask.png\" alt=\"Image Mask\"\/><img src=\"https:\/\/files.sunoresearch.com.br\/n\/uploads\/2022\/04\/Gabriel-Galipolo-400x200.jpg\" alt=\"Conhe\u00e7a o ex-presidente de Banco que tenta aproximar Lula do mercado financeiro\"\/><\/a><span class=\"spotlightCategory\"><a href=\"https:\/\/www.suno.com.br\/noticias\/politica\/\">Pol\u00edtica<\/a><\/span><\/div><div class=\"cardsPage__listCard__boxs__content\"><a href=\"https:\/\/www.suno.com.br\/noticias\/lula-faria-lima-presidente-banco-mercado\/\"><h2 class=\"content__title\">Conhe\u00e7a o ex-presidente de Banco que tenta aproximar Lula do mercado financeiro<\/h2><\/a><div class=\"newsContent__article__meta\"><div class=\"newsContent__article__meta__authorBox\"><a href=\"https:\/\/www.suno.com.br\/noticias\/author\/eduardo-vargas\/\" class=\"authorBox__avatar noMobi\"><img src=\"https:\/\/secure.gravatar.com\/avatar\/dac340933427a22924c9f99d1eb2e3f2?s=96&#038;r=g\" alt=\"Eduardo Vargas\"><\/a><div class=\"authorBox__name\"><span>por\n\t\t\t<a href=\"https:\/\/www.suno.com.br\/noticias\/author\/eduardo-vargas\/\"><span itemprop=\"author\">Eduardo Vargas<\/span><\/a><\/span><time datetime=\"2022-04-08T09:07:22-03:00\" itemprop=\"datePublished\">08\/04\/2022 09:07<\/time><\/div><\/div><\/div><\/div><\/div>","single_layout":"posts","amp_enabled":true,"_links":{"self":[{"href":"https:\/\/www.suno.com.br\/noticias\/wp-json\/wp\/v2\/posts\/249154"}],"collection":[{"href":"https:\/\/www.suno.com.br\/noticias\/wp-json\/wp\/v2\/posts"}],"about":[{"href":"https:\/\/www.suno.com.br\/noticias\/wp-json\/wp\/v2\/types\/post"}],"author":[{"embeddable":true,"href":"https:\/\/www.suno.com.br\/noticias\/wp-json\/wp\/v2\/users\/73"}],"replies":[{"embeddable":true,"href":"https:\/\/www.suno.com.br\/noticias\/wp-json\/wp\/v2\/comments?post=249154"}],"version-history":[{"count":2,"href":"https:\/\/www.suno.com.br\/noticias\/wp-json\/wp\/v2\/posts\/249154\/revisions"}],"predecessor-version":[{"id":249164,"href":"https:\/\/www.suno.com.br\/noticias\/wp-json\/wp\/v2\/posts\/249154\/revisions\/249164"}],"wp:featuredmedia":[{"embeddable":true,"href":"https:\/\/www.suno.com.br\/noticias\/wp-json\/wp\/v2\/media\/249161"}],"wp:attachment":[{"href":"https:\/\/www.suno.com.br\/noticias\/wp-json\/wp\/v2\/media?parent=249154"}],"wp:term":[{"taxonomy":"category","embeddable":true,"href":"https:\/\/www.suno.com.br\/noticias\/wp-json\/wp\/v2\/categories?post=249154"},{"taxonomy":"post_tag","embeddable":true,"href":"https:\/\/www.suno.com.br\/noticias\/wp-json\/wp\/v2\/tags?post=249154"},{"taxonomy":"suno_strategy","embeddable":true,"href":"https:\/\/www.suno.com.br\/noticias\/wp-json\/wp\/v2\/suno_strategy?post=249154"}],"curies":[{"name":"wp","href":"https:\/\/api.w.org\/{rel}","templated":true}]}}