{"id":249148,"date":"2022-04-08T10:06:28","date_gmt":"2022-04-08T13:06:28","guid":{"rendered":"https:\/\/www.suno.com.br\/noticias\/?p=249148"},"modified":"2022-04-08T10:06:28","modified_gmt":"2022-04-08T13:06:28","slug":"enjoei-enju3-compra-gringa-por-14-milhoes","status":"publish","type":"post","link":"https:\/\/www.suno.com.br\/noticias\/enjoei-enju3-compra-gringa-por-14-milhoes\/","title":{"rendered":"Enjoei (ENJU3): AGE aprova a compra do brech\u00f3 de luxo Gringa por R$ 14,2 milh\u00f5es"},"content":{"rendered":"<p>A <a class=\"suno-keyword\" href=\"https:\/\/www.suno.com.br\/acoes\/ENJU3\/\" target=\"_blank\" rel=\"noopener\" data-force=\"yes\" data-priority=\"2\"><strong>Enjoei<\/strong> (ENJU3)<\/a> comunicou ao mercado que a Assembleia Geral Extraordin\u00e1ria (AGE) aprovou a compra da Gringa, plataforma online da atriz Fiorella Mattheis que atua na intermedia\u00e7\u00e3o da venda de artigos de luxo de segunda m\u00e3o, sob a curadoria de uma equipe especializada.<\/p>\t<div class=\"wrapper-featured-image\">\n\t\t<figure class=\"spotlightImg\">\n\n\t\t\t<picture>\n\t\t\t\t<source media=\"(max-width: 768px)\" srcset=\"https:\/\/files.sunoresearch.com.br\/n\/uploads\/2021\/04\/aeb508ac-shopping-4000414_1280-400x200.webp\">\n\t\t\t\t<img loading=\"lazy\" decoding=\"async\" class=\"newsContent__article__imgCapa lazyloadDisabled \" src=\"https:\/\/files.sunoresearch.com.br\/n\/uploads\/2021\/04\/aeb508ac-shopping-4000414_1280-800x450.webp\" width=\"800\" height=\"450\" alt=\"Enjoei (ENJU3): AGE aprova a compra do brech\u00f3 de luxo Gringa por R$ 14,2 milh\u00f5es\" fetchpriority=high \/>\n\t\t\t<\/picture>\n\n\t\t\t<figcaption class=\"wp-caption-text wp-caption-text--show\">Enjoei. Foto: Pixabay<\/figcaption>\n\t\t<\/figure>\n\t<\/div>\n\n\n\t<p>\n\t\t<a href=\"https:\/\/lp.suno.com.br\/planilha-controle-gastos\/\" target=\"_blank\" data-element=\"shortcode-suno-banner\" title=\"Banner SUNO, clique e saiba mais\">\n\t\t\t<picture>\n\t\t\t\t<source media=\"(max-width: 500px)\" srcset=\"https:\/\/files.sunoresearch.com.br\/n\/uploads\/2023\/03\/400x300-Planilha-controle-de-gastos.png\">\n\t\t\t\t<img class=\"newsContent__article__imgCapa newsContent__article__imgCapa--banner\"\n\t\t\t\t\tsrc=\"https:\/\/files.sunoresearch.com.br\/n\/uploads\/2023\/03\/1420x240-Planilha-controle-de-gastos.png\"\n\t\t\t\t\tdata-promo-id=\"101751\"\t\t\t\t\t\t\t\t\t\twidth='1420' height='240'\t\t\t\t\talt=\"https:\/\/files.sunoresearch.com.br\/n\/uploads\/2023\/03\/1420x240-Planilha-controle-de-gastos.png\"\n\t\t\t\t>\n\t\t\t<\/picture>\n\t\t<\/a>\n\t<\/p>\n\n\n<p>Em dezembro, a Enjoei havia comunicado a aquisi\u00e7\u00e3o e faltava apenas aprova\u00e7\u00e3o dos acionistas. A plataforma de venda de roupas e acess\u00f3rios de secondhand comprou 95% da <strong>Gringa<\/strong> pelo valor de R$ 14,2 milh\u00f5es.<\/p>\n<p>O valor est\u00e1 sujeito a ajustes usuais e deve ser pago em duas parcelas anuais, sendo ainda prevista uma parcela adicional, contingente e vari\u00e1vel, a ser apurada ap\u00f3s o encerramento do <a class=\"suno-keyword\" href=\"https:\/\/www.suno.com.br\/artigos\/exercicio-social\/\" target=\"_blank\" rel=\"noopener\" data-force=\"no\" data-priority=\"1\">exerc\u00edcio social<\/a> de 2024.<\/p>\n<p>Conforme a Enjoei, a Gringa apresentou, em outubro de 2021 anualizado, um Volume Bruto de Mercadoria (GMV, em ingl\u00eas) de R$ 18 milh\u00f5es, um crescimento hist\u00f3rico de 330% ano contra ano, e mais de 140 mil visitas na plataforma por m\u00eas.<\/p>\n\t<p>\n\t\t<a href=\"\" target=\"_blank\" data-element=\"shortcode-suno-banner\" title=\"Banner SUNO, clique e saiba mais\">\n\t\t\t<picture>\n\t\t\t\t<source media=\"(max-width: 500px)\" srcset=\"\">\n\t\t\t\t<img class=\"newsContent__article__imgCapa newsContent__article__imgCapa--banner\"\n\t\t\t\t\tsrc=\"\"\n\t\t\t\t\tdata-promo-id=\"138420\"\t\t\t\t\t\t\t\t\t\t\t\t\t\t\talt=\"\"\n\t\t\t\t>\n\t\t\t<\/picture>\n\t\t<\/a>\n\t<\/p>\n\n\n<p>\u201cCom a aquisi\u00e7\u00e3o da Gringa, a companhia refor\u00e7a sua estrat\u00e9gia de crescimento ao ampliar o seu sortimento e se posiciona no crescente e rent\u00e1vel mercado de luxo, continuando a incentivar a extens\u00e3o da vida \u00fatil dos produtos e a promo\u00e7\u00e3o da economia circular&#8221;, informou o <a class=\"suno-keyword\" href=\"https:\/\/www.suno.com.br\/artigos\/fato-relevante\/\" target=\"_blank\" rel=\"noopener\" data-force=\"no\" data-priority=\"1\">fato relevante<\/a>.<\/p>\n<p>A opera\u00e7\u00e3o permite, ainda, a explora\u00e7\u00e3o do mercado a partir de uma nova marca, com os atributos necess\u00e1rios para esse p\u00fablico, ampliando o espectro de <a class=\"suno-keyword\" href=\"https:\/\/www.suno.com.br\/artigos\/ticket-medio\/\" target=\"_blank\" rel=\"noopener\" data-force=\"no\" data-priority=\"1\">ticket m\u00e9dio<\/a> das transa\u00e7\u00f5es do Enjoei.<\/p>\n<p><strong><em>Veja tamb\u00e9m:<\/em><\/strong><\/p>\n<h2>Enjoei aumenta preju\u00edzo em 56,7% no 4T21<\/h2>\n<p>A Enjoei tomou uma decis\u00e3o no in\u00edcio de 2021: abrir m\u00e3o de margens para aumentar o n\u00famero de vendedores. Com mais &#8220;lojistas virtuais&#8221;, a plataforma tem a ambi\u00e7\u00e3o de conseguir clientes que gastem mais na plataforma ao longo do tempo.<\/p>\n<p>A l\u00f3gica \u00e9 que dessa maneira se consegue maior oferta de produtos e, assim, pode-se atrair um p\u00fablico que gasta mais nas compras eletr\u00f4nicas. A expectativa \u00e9 de que, em 2022, esse investimento resulte pouco a pouco em redu\u00e7\u00e3o do preju\u00edzo da plataforma. Por enquanto ele s\u00f3 cresce: no quarto trimestre de 2021, a empresa registrou piora de 56,7% na \u00faltima linha do balan\u00e7o.<\/p>\n\t<div data-element=\"shortcode-read-more\" class=\"knowMore\">\n\t\t\t\t<span class=\"knowMore__title\">Saiba Mais<\/span>\n\t\t\t\t<a class=\"knowMore__link\" href=\"https:\/\/www.suno.com.br\/noticias\/enjoei-enju3-prejjuizo-4t21\/\">\n\t\t\tEnjoei (ENJU3) aumenta preju\u00edzo em 56,7% no 4T21\t\t<\/a>\n\t<\/div>\n\n\n<p>A primeira parte do plano da empresa parece ter dado certo. A Enjoei aumentou em 50% a sua <strong>base de vendedores<\/strong>, chegando a 1 milh\u00e3o. Enquanto isso, o n\u00famero de transa\u00e7\u00f5es por cliente cresceu 17%. Na <strong><a class=\"suno-keyword\" href=\"https:\/\/www.suno.com.br\/artigos\/o-que-receita-bruta\/\" target=\"_blank\" rel=\"noopener\" data-force=\"no\" data-priority=\"1\">Receita Bruta<\/a><\/strong> da companhia, o aumento foi de 8,2%, chegando a R$ 32,8 milh\u00f5es. O GMV cresceu 27%.<\/p>\n<p>No entanto, a melhora na rentabilidade da empresa ainda n\u00e3o apareceu. Houve uma piora de 56,7% no preju\u00edzo recorrente da companhia, que chegou a R$ 33,7 milh\u00f5es. O <a class=\"suno-keyword\" href=\"https:\/\/www.suno.com.br\/artigos\/ebitda-ajustado\/\" target=\"_blank\" rel=\"noopener\" data-force=\"no\" data-priority=\"1\">Ebitda <\/a><a class=\"suno-keyword\" href=\"https:\/\/www.suno.com.br\/artigos\/ebitda-ajustado\/\" target=\"_blank\" rel=\"noopener\" data-force=\"no\" data-priority=\"1\">Ajustado<\/a> da <strong>Enjoei<\/strong> foi negativo em R$ 31 milh\u00f5es, piora de 246% ante ao reajustado operacional de um ano atr\u00e1s. Ti\u00ea Lima explica que essa melhora deve aparecer mais claramente ao longo de 2022, mas que as bases para essa virada paulatina j\u00e1 foram lan\u00e7adas.<\/p>\n\t<p>\n\t\t<a href=\"https:\/\/lp.suno.com.br\/planilha-de-controle-de-investimentos\/\" target=\"_blank\" data-element=\"shortcode-suno-banner\" title=\"Banner SUNO, clique e saiba mais\">\n\t\t\t<picture>\n\t\t\t\t<source media=\"(max-width: 500px)\" srcset=\"https:\/\/files.sunoresearch.com.br\/n\/uploads\/2023\/03\/400x300-Controle-de-Investimentos.png\">\n\t\t\t\t<img class=\"newsContent__article__imgCapa newsContent__article__imgCapa--banner\"\n\t\t\t\t\tsrc=\"https:\/\/files.sunoresearch.com.br\/n\/uploads\/2023\/03\/1420x240-Controle-de-Investimentos.png\"\n\t\t\t\t\tdata-promo-id=\"75934\"\t\t\t\t\t\t\t\t\t\twidth='1420' height='240'\t\t\t\t\talt=\"https:\/\/files.sunoresearch.com.br\/n\/uploads\/2023\/03\/1420x240-Controle-de-Investimentos.png\"\n\t\t\t\t>\n\t\t\t<\/picture>\n\t\t<\/a>\n\t<\/p>\n\n\n","protected":false},"excerpt":{"rendered":"<p>A Enjoei (ENJU3) comunicou ao mercado que a Assembleia Geral Extraordin\u00e1ria (AGE) aprovou a compra da Gringa, plataforma online da atriz Fiorella Mattheis que atua na intermedia\u00e7\u00e3o da venda de artigos de luxo de segunda m\u00e3o, sob a curadoria de uma equipe especializada. Enjoei. Foto: Pixabay Em dezembro, a Enjoei havia comunicado a aquisi\u00e7\u00e3o e [&hellip;]<\/p>\n","protected":false},"author":15,"featured_media":136952,"comment_status":"closed","ping_status":"closed","sticky":false,"template":"","format":"standard","meta":[],"categories":[64],"tags":[104838],"suno_strategy":[],"class_list":["post-249148","post","type-post","status-publish","format-standard","has-post-thumbnail","hentry","category-negocios","tag-enjoei-enju3"],"yoast_head":"<!-- This site is optimized with the Yoast SEO plugin v24.4 - https:\/\/yoast.com\/wordpress\/plugins\/seo\/ -->\n<title>Acionistas da Enjoei (ENJU3) aprova a compra da Gringa por R$ 14,2 mi<\/title>\n<meta name=\"description\" content=\"A Assembleia Geral Extraordin\u00e1ria aprovou a compra da Gringa, brech\u00f3 de segunda m\u00e3o da atriz Fiorella Mattheis. Clique aqui e saiba mais\" \/>\n<meta name=\"robots\" content=\"index, follow, max-snippet:-1, max-image-preview:large, max-video-preview:-1\" \/>\n<link rel=\"canonical\" href=\"https:\/\/www.suno.com.br\/noticias\/enjoei-enju3-compra-gringa-por-14-milhoes\/\" \/>\n<meta property=\"og:locale\" content=\"pt_BR\" \/>\n<meta property=\"og:type\" content=\"article\" \/>\n<meta property=\"og:title\" content=\"Acionistas da Enjoei (ENJU3) aprova a compra da Gringa por R$ 14,2 mi\" \/>\n<meta property=\"og:description\" content=\"A Assembleia Geral Extraordin\u00e1ria aprovou a compra da Gringa, brech\u00f3 de segunda m\u00e3o da atriz Fiorella Mattheis. Clique aqui e saiba mais\" \/>\n<meta property=\"og:url\" content=\"https:\/\/www.suno.com.br\/noticias\/enjoei-enju3-compra-gringa-por-14-milhoes\/\" \/>\n<meta property=\"og:site_name\" content=\"Suno Not\u00edcias\" \/>\n<meta property=\"article:publisher\" content=\"https:\/\/facebook.com\/sunoresearch\" \/>\n<meta property=\"og:image\" content=\"https:\/\/files.sunoresearch.com.br\/n\/uploads\/2021\/04\/aeb508ac-shopping-4000414_1280.jpg\" \/>\n\t<meta property=\"og:image:width\" content=\"1280\" \/>\n\t<meta property=\"og:image:height\" content=\"849\" \/>\n\t<meta property=\"og:image:type\" content=\"image\/jpeg\" \/>\n<meta name=\"author\" content=\"Poliana Santos\" \/>\n<meta name=\"twitter:card\" content=\"summary_large_image\" \/>\n<meta name=\"twitter:creator\" content=\"@sunoresearch\" \/>\n<meta name=\"twitter:site\" content=\"@sunoresearch\" \/>\n<meta name=\"twitter:label1\" content=\"Escrito por\" \/>\n\t<meta name=\"twitter:data1\" content=\"Poliana Santos\" \/>\n\t<meta name=\"twitter:label2\" content=\"Est. tempo de leitura\" \/>\n\t<meta name=\"twitter:data2\" content=\"3 minutos\" \/>\n<script type=\"application\/ld+json\" class=\"yoast-schema-graph\">{\"@context\":\"https:\/\/schema.org\",\"@graph\":[{\"@type\":\"NewsArticle\",\"@id\":\"https:\/\/www.suno.com.br\/noticias\/enjoei-enju3-compra-gringa-por-14-milhoes\/#article\",\"isPartOf\":{\"@id\":\"https:\/\/www.suno.com.br\/noticias\/enjoei-enju3-compra-gringa-por-14-milhoes\/\"},\"author\":{\"name\":\"Poliana Santos\",\"@id\":\"https:\/\/www.suno.com.br\/noticias\/#\/schema\/person\/02ec1f752758247878a2bf4abee1aeda\"},\"headline\":\"Enjoei (ENJU3): AGE aprova a compra do brech\u00f3 de luxo Gringa por R$ 14,2 milh\u00f5es\",\"datePublished\":\"2022-04-08T13:06:28+00:00\",\"mainEntityOfPage\":{\"@id\":\"https:\/\/www.suno.com.br\/noticias\/enjoei-enju3-compra-gringa-por-14-milhoes\/\"},\"wordCount\":527,\"publisher\":{\"@id\":\"https:\/\/www.suno.com.br\/noticias\/#organization\"},\"image\":{\"@id\":\"https:\/\/www.suno.com.br\/noticias\/enjoei-enju3-compra-gringa-por-14-milhoes\/#primaryimage\"},\"thumbnailUrl\":\"https:\/\/files.sunoresearch.com.br\/n\/uploads\/2021\/04\/aeb508ac-shopping-4000414_1280-jpg.webp\",\"keywords\":[\"Enjoei (ENJU3)\"],\"articleSection\":[\"Neg\u00f3cios\"],\"inLanguage\":\"pt-BR\"},{\"@type\":\"WebPage\",\"@id\":\"https:\/\/www.suno.com.br\/noticias\/enjoei-enju3-compra-gringa-por-14-milhoes\/\",\"url\":\"https:\/\/www.suno.com.br\/noticias\/enjoei-enju3-compra-gringa-por-14-milhoes\/\",\"name\":\"Acionistas da Enjoei (ENJU3) aprova a compra da Gringa por R$ 14,2 mi\",\"isPartOf\":{\"@id\":\"https:\/\/www.suno.com.br\/noticias\/#website\"},\"primaryImageOfPage\":{\"@id\":\"https:\/\/www.suno.com.br\/noticias\/enjoei-enju3-compra-gringa-por-14-milhoes\/#primaryimage\"},\"image\":{\"@id\":\"https:\/\/www.suno.com.br\/noticias\/enjoei-enju3-compra-gringa-por-14-milhoes\/#primaryimage\"},\"thumbnailUrl\":\"https:\/\/files.sunoresearch.com.br\/n\/uploads\/2021\/04\/aeb508ac-shopping-4000414_1280-jpg.webp\",\"datePublished\":\"2022-04-08T13:06:28+00:00\",\"description\":\"A Assembleia Geral Extraordin\u00e1ria aprovou a compra da Gringa, brech\u00f3 de segunda m\u00e3o da atriz Fiorella Mattheis. Clique aqui e saiba mais\",\"breadcrumb\":{\"@id\":\"https:\/\/www.suno.com.br\/noticias\/enjoei-enju3-compra-gringa-por-14-milhoes\/#breadcrumb\"},\"inLanguage\":\"pt-BR\",\"potentialAction\":[{\"@type\":\"ReadAction\",\"target\":[\"https:\/\/www.suno.com.br\/noticias\/enjoei-enju3-compra-gringa-por-14-milhoes\/\"]}]},{\"@type\":\"ImageObject\",\"inLanguage\":\"pt-BR\",\"@id\":\"https:\/\/www.suno.com.br\/noticias\/enjoei-enju3-compra-gringa-por-14-milhoes\/#primaryimage\",\"url\":\"https:\/\/files.sunoresearch.com.br\/n\/uploads\/2021\/04\/aeb508ac-shopping-4000414_1280-jpg.webp\",\"contentUrl\":\"https:\/\/files.sunoresearch.com.br\/n\/uploads\/2021\/04\/aeb508ac-shopping-4000414_1280-jpg.webp\",\"width\":1280,\"height\":849,\"caption\":\"Enjoei. Foto: Pixabay\"},{\"@type\":\"BreadcrumbList\",\"@id\":\"https:\/\/www.suno.com.br\/noticias\/enjoei-enju3-compra-gringa-por-14-milhoes\/#breadcrumb\",\"itemListElement\":[{\"@type\":\"ListItem\",\"position\":1,\"name\":\"Not\u00edcias\",\"item\":\"https:\/\/www.suno.com.br\/noticias\/\"},{\"@type\":\"ListItem\",\"position\":2,\"name\":\"Neg\u00f3cios\",\"item\":\"https:\/\/www.suno.com.br\/noticias\/negocios\/\"},{\"@type\":\"ListItem\",\"position\":3,\"name\":\"Enjoei (ENJU3): AGE aprova a compra do brech\u00f3 de luxo Gringa por R$ 14,2 milh\u00f5es\"}]},{\"@type\":\"WebSite\",\"@id\":\"https:\/\/www.suno.com.br\/noticias\/#website\",\"url\":\"https:\/\/www.suno.com.br\/noticias\/\",\"name\":\"Suno Not\u00edcias\",\"description\":\"Seu portal de informa\u00e7\u00e3o sobre o mundo dos investimentos\",\"publisher\":{\"@id\":\"https:\/\/www.suno.com.br\/noticias\/#organization\"},\"potentialAction\":[{\"@type\":\"SearchAction\",\"target\":{\"@type\":\"EntryPoint\",\"urlTemplate\":\"https:\/\/www.suno.com.br\/noticias\/?s={search_term_string}\"},\"query-input\":{\"@type\":\"PropertyValueSpecification\",\"valueRequired\":true,\"valueName\":\"search_term_string\"}}],\"inLanguage\":\"pt-BR\"},{\"@type\":\"Organization\",\"@id\":\"https:\/\/www.suno.com.br\/noticias\/#organization\",\"name\":\"Suno Not\u00edcias\",\"url\":\"https:\/\/www.suno.com.br\/noticias\/\",\"logo\":{\"@type\":\"ImageObject\",\"inLanguage\":\"pt-BR\",\"@id\":\"https:\/\/www.suno.com.br\/noticias\/#\/schema\/logo\/image\/\",\"url\":\"https:\/\/files.sunoresearch.com.br\/n\/uploads\/2021\/09\/suno-logo.png\",\"contentUrl\":\"https:\/\/files.sunoresearch.com.br\/n\/uploads\/2021\/09\/suno-logo.png\",\"width\":180,\"height\":180,\"caption\":\"Suno Not\u00edcias\"},\"image\":{\"@id\":\"https:\/\/www.suno.com.br\/noticias\/#\/schema\/logo\/image\/\"},\"sameAs\":[\"https:\/\/facebook.com\/sunoresearch\",\"https:\/\/x.com\/sunoresearch\",\"https:\/\/www.instagram.com\/suno\",\"https:\/\/www.linkedin.com\/company\/suno-research\/\",\"https:\/\/www.youtube.com\/c\/sunoresearch\"]},{\"@type\":\"Person\",\"@id\":\"https:\/\/www.suno.com.br\/noticias\/#\/schema\/person\/02ec1f752758247878a2bf4abee1aeda\",\"name\":\"Poliana Santos\",\"image\":{\"@type\":\"ImageObject\",\"inLanguage\":\"pt-BR\",\"@id\":\"https:\/\/www.suno.com.br\/noticias\/#\/schema\/person\/image\/\",\"url\":\"https:\/\/secure.gravatar.com\/avatar\/0645bd32f23d87b2130f2b2dff1d3f8d?s=96&r=g\",\"contentUrl\":\"https:\/\/secure.gravatar.com\/avatar\/0645bd32f23d87b2130f2b2dff1d3f8d?s=96&r=g\",\"caption\":\"Poliana Santos\"},\"description\":\"Rep\u00f3rter no Suno Not\u00edcias, com cobertura em mercado financeiro, economia, finan\u00e7as pessoais, renda fixa e varejo. Jornalista formada pela Faculdade C\u00e1sper L\u00edbero e possui passagem na R\u00e1dio Gazeta AM com a produ\u00e7\u00e3o de conte\u00fado sobre economia, pol\u00edtica, sa\u00fade, moda e m\u00fasica. Possui certificado de conclus\u00e3o do curso de An\u00e1lise de Balan\u00e7os pela Funda\u00e7\u00e3o Bradesco, Agenda Brasil pela FAAP, Educa\u00e7\u00e3o Pol\u00edtica por Alexandre Garcia e do Tesouro Direto e Mercado de A\u00e7\u00f5es pela B3.\",\"url\":\"https:\/\/www.suno.com.br\/noticias\/author\/poliana-santos\/\"}]}<\/script>\n<!-- \/ Yoast SEO plugin. -->","yoast_head_json":{"title":"Acionistas da Enjoei (ENJU3) aprova a compra da Gringa por R$ 14,2 mi","description":"A Assembleia Geral Extraordin\u00e1ria aprovou a compra da Gringa, brech\u00f3 de segunda m\u00e3o da atriz Fiorella Mattheis. Clique aqui e saiba mais","robots":{"index":"index","follow":"follow","max-snippet":"max-snippet:-1","max-image-preview":"max-image-preview:large","max-video-preview":"max-video-preview:-1"},"canonical":"https:\/\/www.suno.com.br\/noticias\/enjoei-enju3-compra-gringa-por-14-milhoes\/","og_locale":"pt_BR","og_type":"article","og_title":"Acionistas da Enjoei (ENJU3) aprova a compra da Gringa por R$ 14,2 mi","og_description":"A Assembleia Geral Extraordin\u00e1ria aprovou a compra da Gringa, brech\u00f3 de segunda m\u00e3o da atriz Fiorella Mattheis. Clique aqui e saiba mais","og_url":"https:\/\/www.suno.com.br\/noticias\/enjoei-enju3-compra-gringa-por-14-milhoes\/","og_site_name":"Suno Not\u00edcias","article_publisher":"https:\/\/facebook.com\/sunoresearch","og_image":[{"width":1280,"height":849,"url":"https:\/\/files.sunoresearch.com.br\/n\/uploads\/2021\/04\/aeb508ac-shopping-4000414_1280.jpg","type":"image\/jpeg"}],"author":"Poliana Santos","twitter_card":"summary_large_image","twitter_creator":"@sunoresearch","twitter_site":"@sunoresearch","twitter_misc":{"Escrito por":"Poliana Santos","Est. tempo de leitura":"3 minutos"},"schema":{"@context":"https:\/\/schema.org","@graph":[{"@type":"NewsArticle","@id":"https:\/\/www.suno.com.br\/noticias\/enjoei-enju3-compra-gringa-por-14-milhoes\/#article","isPartOf":{"@id":"https:\/\/www.suno.com.br\/noticias\/enjoei-enju3-compra-gringa-por-14-milhoes\/"},"author":{"name":"Poliana Santos","@id":"https:\/\/www.suno.com.br\/noticias\/#\/schema\/person\/02ec1f752758247878a2bf4abee1aeda"},"headline":"Enjoei (ENJU3): AGE aprova a compra do brech\u00f3 de luxo Gringa por R$ 14,2 milh\u00f5es","datePublished":"2022-04-08T13:06:28+00:00","mainEntityOfPage":{"@id":"https:\/\/www.suno.com.br\/noticias\/enjoei-enju3-compra-gringa-por-14-milhoes\/"},"wordCount":527,"publisher":{"@id":"https:\/\/www.suno.com.br\/noticias\/#organization"},"image":{"@id":"https:\/\/www.suno.com.br\/noticias\/enjoei-enju3-compra-gringa-por-14-milhoes\/#primaryimage"},"thumbnailUrl":"https:\/\/files.sunoresearch.com.br\/n\/uploads\/2021\/04\/aeb508ac-shopping-4000414_1280-jpg.webp","keywords":["Enjoei (ENJU3)"],"articleSection":["Neg\u00f3cios"],"inLanguage":"pt-BR"},{"@type":"WebPage","@id":"https:\/\/www.suno.com.br\/noticias\/enjoei-enju3-compra-gringa-por-14-milhoes\/","url":"https:\/\/www.suno.com.br\/noticias\/enjoei-enju3-compra-gringa-por-14-milhoes\/","name":"Acionistas da Enjoei (ENJU3) aprova a compra da Gringa por R$ 14,2 mi","isPartOf":{"@id":"https:\/\/www.suno.com.br\/noticias\/#website"},"primaryImageOfPage":{"@id":"https:\/\/www.suno.com.br\/noticias\/enjoei-enju3-compra-gringa-por-14-milhoes\/#primaryimage"},"image":{"@id":"https:\/\/www.suno.com.br\/noticias\/enjoei-enju3-compra-gringa-por-14-milhoes\/#primaryimage"},"thumbnailUrl":"https:\/\/files.sunoresearch.com.br\/n\/uploads\/2021\/04\/aeb508ac-shopping-4000414_1280-jpg.webp","datePublished":"2022-04-08T13:06:28+00:00","description":"A Assembleia Geral Extraordin\u00e1ria aprovou a compra da Gringa, brech\u00f3 de segunda m\u00e3o da atriz Fiorella Mattheis. Clique aqui e saiba mais","breadcrumb":{"@id":"https:\/\/www.suno.com.br\/noticias\/enjoei-enju3-compra-gringa-por-14-milhoes\/#breadcrumb"},"inLanguage":"pt-BR","potentialAction":[{"@type":"ReadAction","target":["https:\/\/www.suno.com.br\/noticias\/enjoei-enju3-compra-gringa-por-14-milhoes\/"]}]},{"@type":"ImageObject","inLanguage":"pt-BR","@id":"https:\/\/www.suno.com.br\/noticias\/enjoei-enju3-compra-gringa-por-14-milhoes\/#primaryimage","url":"https:\/\/files.sunoresearch.com.br\/n\/uploads\/2021\/04\/aeb508ac-shopping-4000414_1280-jpg.webp","contentUrl":"https:\/\/files.sunoresearch.com.br\/n\/uploads\/2021\/04\/aeb508ac-shopping-4000414_1280-jpg.webp","width":1280,"height":849,"caption":"Enjoei. Foto: Pixabay"},{"@type":"BreadcrumbList","@id":"https:\/\/www.suno.com.br\/noticias\/enjoei-enju3-compra-gringa-por-14-milhoes\/#breadcrumb","itemListElement":[{"@type":"ListItem","position":1,"name":"Not\u00edcias","item":"https:\/\/www.suno.com.br\/noticias\/"},{"@type":"ListItem","position":2,"name":"Neg\u00f3cios","item":"https:\/\/www.suno.com.br\/noticias\/negocios\/"},{"@type":"ListItem","position":3,"name":"Enjoei (ENJU3): AGE aprova a compra do brech\u00f3 de luxo Gringa por R$ 14,2 milh\u00f5es"}]},{"@type":"WebSite","@id":"https:\/\/www.suno.com.br\/noticias\/#website","url":"https:\/\/www.suno.com.br\/noticias\/","name":"Suno Not\u00edcias","description":"Seu portal de informa\u00e7\u00e3o sobre o mundo dos investimentos","publisher":{"@id":"https:\/\/www.suno.com.br\/noticias\/#organization"},"potentialAction":[{"@type":"SearchAction","target":{"@type":"EntryPoint","urlTemplate":"https:\/\/www.suno.com.br\/noticias\/?s={search_term_string}"},"query-input":{"@type":"PropertyValueSpecification","valueRequired":true,"valueName":"search_term_string"}}],"inLanguage":"pt-BR"},{"@type":"Organization","@id":"https:\/\/www.suno.com.br\/noticias\/#organization","name":"Suno Not\u00edcias","url":"https:\/\/www.suno.com.br\/noticias\/","logo":{"@type":"ImageObject","inLanguage":"pt-BR","@id":"https:\/\/www.suno.com.br\/noticias\/#\/schema\/logo\/image\/","url":"https:\/\/files.sunoresearch.com.br\/n\/uploads\/2021\/09\/suno-logo.png","contentUrl":"https:\/\/files.sunoresearch.com.br\/n\/uploads\/2021\/09\/suno-logo.png","width":180,"height":180,"caption":"Suno Not\u00edcias"},"image":{"@id":"https:\/\/www.suno.com.br\/noticias\/#\/schema\/logo\/image\/"},"sameAs":["https:\/\/facebook.com\/sunoresearch","https:\/\/x.com\/sunoresearch","https:\/\/www.instagram.com\/suno","https:\/\/www.linkedin.com\/company\/suno-research\/","https:\/\/www.youtube.com\/c\/sunoresearch"]},{"@type":"Person","@id":"https:\/\/www.suno.com.br\/noticias\/#\/schema\/person\/02ec1f752758247878a2bf4abee1aeda","name":"Poliana Santos","image":{"@type":"ImageObject","inLanguage":"pt-BR","@id":"https:\/\/www.suno.com.br\/noticias\/#\/schema\/person\/image\/","url":"https:\/\/secure.gravatar.com\/avatar\/0645bd32f23d87b2130f2b2dff1d3f8d?s=96&r=g","contentUrl":"https:\/\/secure.gravatar.com\/avatar\/0645bd32f23d87b2130f2b2dff1d3f8d?s=96&r=g","caption":"Poliana Santos"},"description":"Rep\u00f3rter no Suno Not\u00edcias, com cobertura em mercado financeiro, economia, finan\u00e7as pessoais, renda fixa e varejo. Jornalista formada pela Faculdade C\u00e1sper L\u00edbero e possui passagem na R\u00e1dio Gazeta AM com a produ\u00e7\u00e3o de conte\u00fado sobre economia, pol\u00edtica, sa\u00fade, moda e m\u00fasica. Possui certificado de conclus\u00e3o do curso de An\u00e1lise de Balan\u00e7os pela Funda\u00e7\u00e3o Bradesco, Agenda Brasil pela FAAP, Educa\u00e7\u00e3o Pol\u00edtica por Alexandre Garcia e do Tesouro Direto e Mercado de A\u00e7\u00f5es pela B3.","url":"https:\/\/www.suno.com.br\/noticias\/author\/poliana-santos\/"}]}},"default_loop_html":"<div class=\"cardsPage__listCard__boxs\"><div class=\"cardsPage__listCard__boxs__img\"><a href=\"https:\/\/www.suno.com.br\/noticias\/enjoei-enju3-compra-gringa-por-14-milhoes\/\"><img class=\"mask\" src=\"https:\/\/www.suno.com.br\/noticias\/wp-content\/themes\/suno\/resources\/images\/spotlight\/spotlight1img\/bg-mask.png\" alt=\"Image Mask\"\/><img src=\"https:\/\/files.sunoresearch.com.br\/n\/uploads\/2021\/04\/aeb508ac-shopping-4000414_1280-400x200.webp\" alt=\"Enjoei (ENJU3): AGE aprova a compra do brech\u00f3 de luxo Gringa por R$ 14,2 milh\u00f5es\"\/><\/a><span class=\"spotlightCategory\"><a href=\"https:\/\/www.suno.com.br\/noticias\/negocios\/\">Neg\u00f3cios<\/a><\/span><\/div><div class=\"cardsPage__listCard__boxs__content\"><a href=\"https:\/\/www.suno.com.br\/noticias\/enjoei-enju3-compra-gringa-por-14-milhoes\/\"><h2 class=\"content__title\">Enjoei (ENJU3): AGE aprova a compra do brech\u00f3 de luxo Gringa por R$ 14,2 milh\u00f5es<\/h2><\/a><div class=\"newsContent__article__meta\"><div class=\"newsContent__article__meta__authorBox\"><a href=\"https:\/\/www.suno.com.br\/noticias\/author\/poliana-santos\/\" class=\"authorBox__avatar noMobi\"><img src=\"https:\/\/files.sunoresearch.com.br\/n\/uploads\/2020\/08\/7ef34026-whatsapp-image-2020-08-03-at-12.37.57-150x150.webp\" alt=\"Poliana Santos\"><\/a><div class=\"authorBox__name\"><span>por\n\t\t\t<a href=\"https:\/\/www.suno.com.br\/noticias\/author\/poliana-santos\/\"><span itemprop=\"author\">Poliana Santos<\/span><\/a><\/span><time datetime=\"2022-04-08T10:06:28-03:00\" itemprop=\"datePublished\">08\/04\/2022 10:06<\/time><\/div><\/div><\/div><\/div><\/div>","single_layout":"posts","amp_enabled":true,"_links":{"self":[{"href":"https:\/\/www.suno.com.br\/noticias\/wp-json\/wp\/v2\/posts\/249148"}],"collection":[{"href":"https:\/\/www.suno.com.br\/noticias\/wp-json\/wp\/v2\/posts"}],"about":[{"href":"https:\/\/www.suno.com.br\/noticias\/wp-json\/wp\/v2\/types\/post"}],"author":[{"embeddable":true,"href":"https:\/\/www.suno.com.br\/noticias\/wp-json\/wp\/v2\/users\/15"}],"replies":[{"embeddable":true,"href":"https:\/\/www.suno.com.br\/noticias\/wp-json\/wp\/v2\/comments?post=249148"}],"version-history":[{"count":2,"href":"https:\/\/www.suno.com.br\/noticias\/wp-json\/wp\/v2\/posts\/249148\/revisions"}],"predecessor-version":[{"id":249168,"href":"https:\/\/www.suno.com.br\/noticias\/wp-json\/wp\/v2\/posts\/249148\/revisions\/249168"}],"wp:featuredmedia":[{"embeddable":true,"href":"https:\/\/www.suno.com.br\/noticias\/wp-json\/wp\/v2\/media\/136952"}],"wp:attachment":[{"href":"https:\/\/www.suno.com.br\/noticias\/wp-json\/wp\/v2\/media?parent=249148"}],"wp:term":[{"taxonomy":"category","embeddable":true,"href":"https:\/\/www.suno.com.br\/noticias\/wp-json\/wp\/v2\/categories?post=249148"},{"taxonomy":"post_tag","embeddable":true,"href":"https:\/\/www.suno.com.br\/noticias\/wp-json\/wp\/v2\/tags?post=249148"},{"taxonomy":"suno_strategy","embeddable":true,"href":"https:\/\/www.suno.com.br\/noticias\/wp-json\/wp\/v2\/suno_strategy?post=249148"}],"curies":[{"name":"wp","href":"https:\/\/api.w.org\/{rel}","templated":true}]}}