{"id":24900,"date":"2019-05-17T08:16:13","date_gmt":"2019-05-17T11:16:13","guid":{"rendered":"https:\/\/www.suno.com.br\/noticias\/?p=24900"},"modified":"2019-05-17T08:16:13","modified_gmt":"2019-05-17T11:16:13","slug":"bolsonaro-diz-nao-acordo-moro-stf","status":"publish","type":"post","link":"https:\/\/www.suno.com.br\/noticias\/bolsonaro-diz-nao-acordo-moro-stf\/","title":{"rendered":"Bolsonaro volta atr\u00e1s e diz que n\u00e3o fez acordo para colocar Moro no STF"},"content":{"rendered":"<p>Jair Bolsonaro mudou a vers\u00e3o e disse que n\u00e3o fez nenhum acordo com <strong>S\u00e9rgio Moro<\/strong> para indic\u00e1-lo ao <strong>Supremo Tribunal Federal (STF).<\/strong> Assim, o presidente voltou atr\u00e1s sobre o que disse no \u00faltimo domingo (12).<\/p>\t<div class=\"wrapper-featured-image\">\n\t\t<figure class=\"spotlightImg\">\n\n\t\t\t<picture>\n\t\t\t\t<source media=\"(max-width: 768px)\" srcset=\"https:\/\/files.sunoresearch.com.br\/n\/uploads\/2019\/05\/c45de22d-bolsonaro-e-s\u00e9rgio-moro-400x200.webp\">\n\t\t\t\t<img loading=\"lazy\" decoding=\"async\" class=\"newsContent__article__imgCapa lazyloadDisabled newsContent__article__imgCapa--noCaption\" src=\"https:\/\/files.sunoresearch.com.br\/n\/uploads\/2019\/05\/c45de22d-bolsonaro-e-s\u00e9rgio-moro-jpg.webp\" width=\"800\" height=\"450\" alt=\"Bolsonaro volta atr\u00e1s e diz que n\u00e3o fez acordo para colocar Moro no STF\" fetchpriority=high \/>\n\t\t\t<\/picture>\n\n\t\t\t<figcaption class=\"wp-caption-text wp-caption-text--hide\">Bolsonaro e S\u00e9rgio Moro<\/figcaption>\n\t\t<\/figure>\n\t<\/div>\n\n\n<p>&#8220;Quem me acompanhou ao longo de quatro anos, sabe que eu falava que precisamos de algu\u00e9m no <strong>Supremo<\/strong> com o perfil de <strong>Moro.<\/strong> N\u00e3o teve nenhum acordo&#8221;, afirmou o <strong>Bolsonaro<\/strong> na quinta-feira (16).<\/p>\n<p>O presidente deu a declara\u00e7\u00e3o em uma live no Facebook porque estava em Dallas, nos <strong>Estados Unidos,<\/strong> para encontro com pol\u00edticos americanos. A nova declara\u00e7\u00e3o de <strong>Bolsonaro<\/strong> contraria a declara\u00e7\u00e3o do in\u00edcio da semana. Isso porque o presidente disse, em entrevista \u00e0 &#8220;R\u00e1dio Bandeirantes&#8221;, que tinha um acordo com <strong>Moro<\/strong> para coloc\u00e1-lo no <strong>Supremo.<\/strong><\/p>\n\t<p>\n\t\t<a href=\"https:\/\/lp.suno.com.br\/cl\/webinario-suno-black-2024\/\" target=\"_blank\" data-element=\"shortcode-suno-banner\" title=\"Banner SUNO, clique e saiba mais\">\n\t\t\t<picture>\n\t\t\t\t<source media=\"(max-width: 500px)\" srcset=\"https:\/\/files.sunoresearch.com.br\/n\/uploads\/2024\/04\/400x300-Banner-Home-1.png\">\n\t\t\t\t<img class=\"newsContent__article__imgCapa newsContent__article__imgCapa--banner\"\n\t\t\t\t\tsrc=\"https:\/\/files.sunoresearch.com.br\/n\/uploads\/2024\/04\/400x300-Banner-Home-1.png\"\n\t\t\t\t\tdata-promo-id=\"102411\"\t\t\t\t\t\t\t\t\t\twidth='401' height='300'\t\t\t\t\talt=\"https:\/\/files.sunoresearch.com.br\/n\/uploads\/2024\/04\/400x300-Banner-Home-1.png\"\n\t\t\t\t>\n\t\t\t<\/picture>\n\t\t<\/a>\n\t<\/p>\n\n\n<p>&#8220;Eu fiz um compromisso com ele, ele abriu m\u00e3o de 22 anos de magistratura. A primeira vaga que tiver l\u00e1, estar\u00e1 \u00e0 disposi\u00e7\u00e3o&#8221;, afirmou <strong>Bolsonaro,<\/strong> &#8220;A primeira vaga que tiver eu tenho esse compromisso e se Deus quiser n\u00f3s cumpriremos esse compromisso. O <strong>Brasil<\/strong> inteiro vai aplaudir&#8221;.<\/p>\n<p>Logo em seguida, o <strong>ministro da Justi\u00e7a<\/strong> afirmou que nunca imp\u00f4s nenhuma condi\u00e7\u00e3o para assumir a pasta. &#8220;N\u00e3o vou receber convite para ser ministro e estabelecer condi\u00e7\u00f5es sobre circunst\u00e2ncias do futuro que n\u00e3o se pode controlar&#8221;, disse <strong>Moro.<\/strong><\/p>\n<p><a href=\"https:\/\/www.suno.com.br\/noticias\/bolsonaro-indicarei-sergio-moro-stf\/\">Saiba Mais: Bolsonaro: indicarei Sergio Moro para vaga no STF<\/a><\/p>\n<p>O ministro afirmou se sentir &#8220;honrado&#8221; pela inten\u00e7\u00e3o de <strong>Bolsonaro<\/strong> de indic\u00e1-lo como integrante da <strong>Corte,<\/strong> mas tamb\u00e9m ressaltou que \u00e9 uma quest\u00e3o a ser discutida mais para frente.\u00a0&#8220;\u00c9 algo que tem que ser discutido no futuro&#8221;, disse.<\/p>\n<h2>Vaga no STF<\/h2>\n<p>Atualmente n\u00e3o h\u00e1 vaga dispon\u00edvel na <strong>Suprema Corte.<\/strong> No entanto, o ministro <strong>Celso de Mello<\/strong> \u00e9 o pr\u00f3ximo magistrado a se aposentar. Sendo assim, a cadeira estar\u00e1 liberada em novembro de 2020. Depois, o pr\u00f3ximo a se aposentar \u00e9 <strong>Marco Aur\u00e9lio Mello,<\/strong> em julho de 2021.<\/p>\n<p><a href=\"https:\/\/www.suno.com.br\/noticias\/moro-impos-condicao-assumir-ministerio\/\">Saiba Mais: Moro diz que n\u00e3o imp\u00f4s condi\u00e7\u00e3o para ser ministro da Justi\u00e7a<\/a><\/p>\n<p><strong>Bolsonaro,<\/strong> como presidente da Rep\u00fablica, \u00e9 quem indica um nome para a vaga de ministro do STF. Contudo, a indica\u00e7\u00e3o ainda deve ser aprovada pelo <strong>Senado.<\/strong> Sendo assim, toda a situa\u00e7\u00e3o de troca de vers\u00f5es com <strong>Moro<\/strong>\u00a0causar um desgaste sobre o <strong>ex-juiz<\/strong> perante os senadores.<\/p>\n","protected":false},"excerpt":{"rendered":"<p>Jair Bolsonaro mudou a vers\u00e3o e disse que n\u00e3o fez nenhum acordo com S\u00e9rgio Moro para indic\u00e1-lo ao Supremo Tribunal Federal (STF). Assim, o presidente voltou atr\u00e1s sobre o que disse no \u00faltimo domingo (12). Bolsonaro e S\u00e9rgio Moro &#8220;Quem me acompanhou ao longo de quatro anos, sabe que eu falava que precisamos de algu\u00e9m [&hellip;]<\/p>\n","protected":false},"author":16,"featured_media":24907,"comment_status":"closed","ping_status":"closed","sticky":false,"template":"","format":"standard","meta":[],"categories":[61],"tags":[719,1018,785],"suno_strategy":[],"class_list":["post-24900","post","type-post","status-publish","format-standard","has-post-thumbnail","hentry","category-politica","tag-jair-bolsonaro","tag-sergio-moro","tag-supremo-tribunal-federal-stf"],"yoast_head":"<!-- This site is optimized with the Yoast SEO plugin v24.4 - https:\/\/yoast.com\/wordpress\/plugins\/seo\/ -->\n<title>Bolsonaro recua e diz que n\u00e3o fez acordo para colocar Moro no STF<\/title>\n<meta name=\"description\" content=\"Jair Bolsonaro havia dito que tinha um acordo com S\u00e9rgio Moro para coloc\u00e1-lo no STF em troca do ex-juiz assumir minist\u00e9rio. Entenda.\" \/>\n<meta name=\"robots\" content=\"index, follow, max-snippet:-1, max-image-preview:large, max-video-preview:-1\" \/>\n<link rel=\"canonical\" href=\"https:\/\/www.suno.com.br\/noticias\/bolsonaro-diz-nao-acordo-moro-stf\/\" \/>\n<meta property=\"og:locale\" content=\"pt_BR\" \/>\n<meta property=\"og:type\" content=\"article\" \/>\n<meta property=\"og:title\" content=\"Bolsonaro recua e diz que n\u00e3o fez acordo para colocar Moro no STF\" \/>\n<meta property=\"og:description\" content=\"Jair Bolsonaro havia dito que tinha um acordo com S\u00e9rgio Moro para coloc\u00e1-lo no STF em troca do ex-juiz assumir minist\u00e9rio. Entenda.\" \/>\n<meta property=\"og:url\" content=\"https:\/\/www.suno.com.br\/noticias\/bolsonaro-diz-nao-acordo-moro-stf\/\" \/>\n<meta property=\"og:site_name\" content=\"Suno Not\u00edcias\" \/>\n<meta property=\"article:publisher\" content=\"https:\/\/facebook.com\/sunoresearch\" \/>\n<meta property=\"og:image\" content=\"https:\/\/files.sunoresearch.com.br\/n\/uploads\/2019\/05\/c45de22d-bolsonaro-e-s\u00e9rgio-moro.jpg\" \/>\n\t<meta property=\"og:image:width\" content=\"770\" \/>\n\t<meta property=\"og:image:height\" content=\"400\" \/>\n\t<meta property=\"og:image:type\" content=\"image\/jpeg\" \/>\n<meta name=\"author\" content=\"Beatriz Oliveira\" \/>\n<meta name=\"twitter:card\" content=\"summary_large_image\" \/>\n<meta name=\"twitter:creator\" content=\"@sunoresearch\" \/>\n<meta name=\"twitter:site\" content=\"@sunoresearch\" \/>\n<meta name=\"twitter:label1\" content=\"Escrito por\" \/>\n\t<meta name=\"twitter:data1\" content=\"Beatriz Oliveira\" \/>\n\t<meta name=\"twitter:label2\" content=\"Est. tempo de leitura\" \/>\n\t<meta name=\"twitter:data2\" content=\"2 minutos\" \/>\n<script type=\"application\/ld+json\" class=\"yoast-schema-graph\">{\"@context\":\"https:\/\/schema.org\",\"@graph\":[{\"@type\":\"NewsArticle\",\"@id\":\"https:\/\/www.suno.com.br\/noticias\/bolsonaro-diz-nao-acordo-moro-stf\/#article\",\"isPartOf\":{\"@id\":\"https:\/\/www.suno.com.br\/noticias\/bolsonaro-diz-nao-acordo-moro-stf\/\"},\"author\":{\"name\":\"Beatriz Oliveira\",\"@id\":\"https:\/\/www.suno.com.br\/noticias\/#\/schema\/person\/e67f665add014bf99f644028de070cc3\"},\"headline\":\"Bolsonaro volta atr\u00e1s e diz que n\u00e3o fez acordo para colocar Moro no STF\",\"datePublished\":\"2019-05-17T11:16:13+00:00\",\"mainEntityOfPage\":{\"@id\":\"https:\/\/www.suno.com.br\/noticias\/bolsonaro-diz-nao-acordo-moro-stf\/\"},\"wordCount\":412,\"publisher\":{\"@id\":\"https:\/\/www.suno.com.br\/noticias\/#organization\"},\"image\":{\"@id\":\"https:\/\/www.suno.com.br\/noticias\/bolsonaro-diz-nao-acordo-moro-stf\/#primaryimage\"},\"thumbnailUrl\":\"https:\/\/files.sunoresearch.com.br\/n\/uploads\/2019\/05\/c45de22d-bolsonaro-e-s\u00e9rgio-moro-jpg.webp\",\"keywords\":[\"Jair Bolsonaro\",\"Sergio Moro\",\"Supremo Tribunal Federal (STF)\"],\"articleSection\":[\"Pol\u00edtica\"],\"inLanguage\":\"pt-BR\"},{\"@type\":\"WebPage\",\"@id\":\"https:\/\/www.suno.com.br\/noticias\/bolsonaro-diz-nao-acordo-moro-stf\/\",\"url\":\"https:\/\/www.suno.com.br\/noticias\/bolsonaro-diz-nao-acordo-moro-stf\/\",\"name\":\"Bolsonaro recua e diz que n\u00e3o fez acordo para colocar Moro no STF\",\"isPartOf\":{\"@id\":\"https:\/\/www.suno.com.br\/noticias\/#website\"},\"primaryImageOfPage\":{\"@id\":\"https:\/\/www.suno.com.br\/noticias\/bolsonaro-diz-nao-acordo-moro-stf\/#primaryimage\"},\"image\":{\"@id\":\"https:\/\/www.suno.com.br\/noticias\/bolsonaro-diz-nao-acordo-moro-stf\/#primaryimage\"},\"thumbnailUrl\":\"https:\/\/files.sunoresearch.com.br\/n\/uploads\/2019\/05\/c45de22d-bolsonaro-e-s\u00e9rgio-moro-jpg.webp\",\"datePublished\":\"2019-05-17T11:16:13+00:00\",\"description\":\"Jair Bolsonaro havia dito que tinha um acordo com S\u00e9rgio Moro para coloc\u00e1-lo no STF em troca do ex-juiz assumir minist\u00e9rio. Entenda.\",\"breadcrumb\":{\"@id\":\"https:\/\/www.suno.com.br\/noticias\/bolsonaro-diz-nao-acordo-moro-stf\/#breadcrumb\"},\"inLanguage\":\"pt-BR\",\"potentialAction\":[{\"@type\":\"ReadAction\",\"target\":[\"https:\/\/www.suno.com.br\/noticias\/bolsonaro-diz-nao-acordo-moro-stf\/\"]}]},{\"@type\":\"ImageObject\",\"inLanguage\":\"pt-BR\",\"@id\":\"https:\/\/www.suno.com.br\/noticias\/bolsonaro-diz-nao-acordo-moro-stf\/#primaryimage\",\"url\":\"https:\/\/files.sunoresearch.com.br\/n\/uploads\/2019\/05\/c45de22d-bolsonaro-e-s\u00e9rgio-moro-jpg.webp\",\"contentUrl\":\"https:\/\/files.sunoresearch.com.br\/n\/uploads\/2019\/05\/c45de22d-bolsonaro-e-s\u00e9rgio-moro-jpg.webp\",\"width\":770,\"height\":400,\"caption\":\"Bolsonaro e S\u00e9rgio Moro\"},{\"@type\":\"BreadcrumbList\",\"@id\":\"https:\/\/www.suno.com.br\/noticias\/bolsonaro-diz-nao-acordo-moro-stf\/#breadcrumb\",\"itemListElement\":[{\"@type\":\"ListItem\",\"position\":1,\"name\":\"Not\u00edcias\",\"item\":\"https:\/\/www.suno.com.br\/noticias\/\"},{\"@type\":\"ListItem\",\"position\":2,\"name\":\"Pol\u00edtica\",\"item\":\"https:\/\/www.suno.com.br\/noticias\/politica\/\"},{\"@type\":\"ListItem\",\"position\":3,\"name\":\"Bolsonaro volta atr\u00e1s e diz que n\u00e3o fez acordo para colocar Moro no STF\"}]},{\"@type\":\"WebSite\",\"@id\":\"https:\/\/www.suno.com.br\/noticias\/#website\",\"url\":\"https:\/\/www.suno.com.br\/noticias\/\",\"name\":\"Suno Not\u00edcias\",\"description\":\"Seu portal de informa\u00e7\u00e3o sobre o mundo dos investimentos\",\"publisher\":{\"@id\":\"https:\/\/www.suno.com.br\/noticias\/#organization\"},\"potentialAction\":[{\"@type\":\"SearchAction\",\"target\":{\"@type\":\"EntryPoint\",\"urlTemplate\":\"https:\/\/www.suno.com.br\/noticias\/?s={search_term_string}\"},\"query-input\":{\"@type\":\"PropertyValueSpecification\",\"valueRequired\":true,\"valueName\":\"search_term_string\"}}],\"inLanguage\":\"pt-BR\"},{\"@type\":\"Organization\",\"@id\":\"https:\/\/www.suno.com.br\/noticias\/#organization\",\"name\":\"Suno Not\u00edcias\",\"url\":\"https:\/\/www.suno.com.br\/noticias\/\",\"logo\":{\"@type\":\"ImageObject\",\"inLanguage\":\"pt-BR\",\"@id\":\"https:\/\/www.suno.com.br\/noticias\/#\/schema\/logo\/image\/\",\"url\":\"https:\/\/files.sunoresearch.com.br\/n\/uploads\/2021\/09\/suno-logo.png\",\"contentUrl\":\"https:\/\/files.sunoresearch.com.br\/n\/uploads\/2021\/09\/suno-logo.png\",\"width\":180,\"height\":180,\"caption\":\"Suno Not\u00edcias\"},\"image\":{\"@id\":\"https:\/\/www.suno.com.br\/noticias\/#\/schema\/logo\/image\/\"},\"sameAs\":[\"https:\/\/facebook.com\/sunoresearch\",\"https:\/\/x.com\/sunoresearch\",\"https:\/\/www.instagram.com\/suno\",\"https:\/\/www.linkedin.com\/company\/suno-research\/\",\"https:\/\/www.youtube.com\/c\/sunoresearch\"]},{\"@type\":\"Person\",\"@id\":\"https:\/\/www.suno.com.br\/noticias\/#\/schema\/person\/e67f665add014bf99f644028de070cc3\",\"name\":\"Beatriz Oliveira\",\"image\":{\"@type\":\"ImageObject\",\"inLanguage\":\"pt-BR\",\"@id\":\"https:\/\/www.suno.com.br\/noticias\/#\/schema\/person\/image\/\",\"url\":\"https:\/\/secure.gravatar.com\/avatar\/c9aa6a0aaecc598d257d5d5bd349157d?s=96&r=g\",\"contentUrl\":\"https:\/\/secure.gravatar.com\/avatar\/c9aa6a0aaecc598d257d5d5bd349157d?s=96&r=g\",\"caption\":\"Beatriz Oliveira\"},\"description\":\"Formada em Jornalismo pela Faculdade Paulus de Tecnologia e Comunica\u00e7\u00e3o, Beatriz Oliveira escreve para o portal de not\u00edcias Suno Research. Antes, passou pelas reda\u00e7\u00f5es da Revista EXAME e da Rede Bandeirantes.\",\"url\":\"https:\/\/www.suno.com.br\/noticias\/author\/beatriz\/\"}]}<\/script>\n<!-- \/ Yoast SEO plugin. -->","yoast_head_json":{"title":"Bolsonaro recua e diz que n\u00e3o fez acordo para colocar Moro no STF","description":"Jair Bolsonaro havia dito que tinha um acordo com S\u00e9rgio Moro para coloc\u00e1-lo no STF em troca do ex-juiz assumir minist\u00e9rio. Entenda.","robots":{"index":"index","follow":"follow","max-snippet":"max-snippet:-1","max-image-preview":"max-image-preview:large","max-video-preview":"max-video-preview:-1"},"canonical":"https:\/\/www.suno.com.br\/noticias\/bolsonaro-diz-nao-acordo-moro-stf\/","og_locale":"pt_BR","og_type":"article","og_title":"Bolsonaro recua e diz que n\u00e3o fez acordo para colocar Moro no STF","og_description":"Jair Bolsonaro havia dito que tinha um acordo com S\u00e9rgio Moro para coloc\u00e1-lo no STF em troca do ex-juiz assumir minist\u00e9rio. Entenda.","og_url":"https:\/\/www.suno.com.br\/noticias\/bolsonaro-diz-nao-acordo-moro-stf\/","og_site_name":"Suno Not\u00edcias","article_publisher":"https:\/\/facebook.com\/sunoresearch","og_image":[{"width":770,"height":400,"url":"https:\/\/files.sunoresearch.com.br\/n\/uploads\/2019\/05\/c45de22d-bolsonaro-e-s\u00e9rgio-moro.jpg","type":"image\/jpeg"}],"author":"Beatriz Oliveira","twitter_card":"summary_large_image","twitter_creator":"@sunoresearch","twitter_site":"@sunoresearch","twitter_misc":{"Escrito por":"Beatriz Oliveira","Est. tempo de leitura":"2 minutos"},"schema":{"@context":"https:\/\/schema.org","@graph":[{"@type":"NewsArticle","@id":"https:\/\/www.suno.com.br\/noticias\/bolsonaro-diz-nao-acordo-moro-stf\/#article","isPartOf":{"@id":"https:\/\/www.suno.com.br\/noticias\/bolsonaro-diz-nao-acordo-moro-stf\/"},"author":{"name":"Beatriz Oliveira","@id":"https:\/\/www.suno.com.br\/noticias\/#\/schema\/person\/e67f665add014bf99f644028de070cc3"},"headline":"Bolsonaro volta atr\u00e1s e diz que n\u00e3o fez acordo para colocar Moro no STF","datePublished":"2019-05-17T11:16:13+00:00","mainEntityOfPage":{"@id":"https:\/\/www.suno.com.br\/noticias\/bolsonaro-diz-nao-acordo-moro-stf\/"},"wordCount":412,"publisher":{"@id":"https:\/\/www.suno.com.br\/noticias\/#organization"},"image":{"@id":"https:\/\/www.suno.com.br\/noticias\/bolsonaro-diz-nao-acordo-moro-stf\/#primaryimage"},"thumbnailUrl":"https:\/\/files.sunoresearch.com.br\/n\/uploads\/2019\/05\/c45de22d-bolsonaro-e-s\u00e9rgio-moro-jpg.webp","keywords":["Jair Bolsonaro","Sergio Moro","Supremo Tribunal Federal (STF)"],"articleSection":["Pol\u00edtica"],"inLanguage":"pt-BR"},{"@type":"WebPage","@id":"https:\/\/www.suno.com.br\/noticias\/bolsonaro-diz-nao-acordo-moro-stf\/","url":"https:\/\/www.suno.com.br\/noticias\/bolsonaro-diz-nao-acordo-moro-stf\/","name":"Bolsonaro recua e diz que n\u00e3o fez acordo para colocar Moro no STF","isPartOf":{"@id":"https:\/\/www.suno.com.br\/noticias\/#website"},"primaryImageOfPage":{"@id":"https:\/\/www.suno.com.br\/noticias\/bolsonaro-diz-nao-acordo-moro-stf\/#primaryimage"},"image":{"@id":"https:\/\/www.suno.com.br\/noticias\/bolsonaro-diz-nao-acordo-moro-stf\/#primaryimage"},"thumbnailUrl":"https:\/\/files.sunoresearch.com.br\/n\/uploads\/2019\/05\/c45de22d-bolsonaro-e-s\u00e9rgio-moro-jpg.webp","datePublished":"2019-05-17T11:16:13+00:00","description":"Jair Bolsonaro havia dito que tinha um acordo com S\u00e9rgio Moro para coloc\u00e1-lo no STF em troca do ex-juiz assumir minist\u00e9rio. Entenda.","breadcrumb":{"@id":"https:\/\/www.suno.com.br\/noticias\/bolsonaro-diz-nao-acordo-moro-stf\/#breadcrumb"},"inLanguage":"pt-BR","potentialAction":[{"@type":"ReadAction","target":["https:\/\/www.suno.com.br\/noticias\/bolsonaro-diz-nao-acordo-moro-stf\/"]}]},{"@type":"ImageObject","inLanguage":"pt-BR","@id":"https:\/\/www.suno.com.br\/noticias\/bolsonaro-diz-nao-acordo-moro-stf\/#primaryimage","url":"https:\/\/files.sunoresearch.com.br\/n\/uploads\/2019\/05\/c45de22d-bolsonaro-e-s\u00e9rgio-moro-jpg.webp","contentUrl":"https:\/\/files.sunoresearch.com.br\/n\/uploads\/2019\/05\/c45de22d-bolsonaro-e-s\u00e9rgio-moro-jpg.webp","width":770,"height":400,"caption":"Bolsonaro e S\u00e9rgio Moro"},{"@type":"BreadcrumbList","@id":"https:\/\/www.suno.com.br\/noticias\/bolsonaro-diz-nao-acordo-moro-stf\/#breadcrumb","itemListElement":[{"@type":"ListItem","position":1,"name":"Not\u00edcias","item":"https:\/\/www.suno.com.br\/noticias\/"},{"@type":"ListItem","position":2,"name":"Pol\u00edtica","item":"https:\/\/www.suno.com.br\/noticias\/politica\/"},{"@type":"ListItem","position":3,"name":"Bolsonaro volta atr\u00e1s e diz que n\u00e3o fez acordo para colocar Moro no STF"}]},{"@type":"WebSite","@id":"https:\/\/www.suno.com.br\/noticias\/#website","url":"https:\/\/www.suno.com.br\/noticias\/","name":"Suno Not\u00edcias","description":"Seu portal de informa\u00e7\u00e3o sobre o mundo dos investimentos","publisher":{"@id":"https:\/\/www.suno.com.br\/noticias\/#organization"},"potentialAction":[{"@type":"SearchAction","target":{"@type":"EntryPoint","urlTemplate":"https:\/\/www.suno.com.br\/noticias\/?s={search_term_string}"},"query-input":{"@type":"PropertyValueSpecification","valueRequired":true,"valueName":"search_term_string"}}],"inLanguage":"pt-BR"},{"@type":"Organization","@id":"https:\/\/www.suno.com.br\/noticias\/#organization","name":"Suno Not\u00edcias","url":"https:\/\/www.suno.com.br\/noticias\/","logo":{"@type":"ImageObject","inLanguage":"pt-BR","@id":"https:\/\/www.suno.com.br\/noticias\/#\/schema\/logo\/image\/","url":"https:\/\/files.sunoresearch.com.br\/n\/uploads\/2021\/09\/suno-logo.png","contentUrl":"https:\/\/files.sunoresearch.com.br\/n\/uploads\/2021\/09\/suno-logo.png","width":180,"height":180,"caption":"Suno Not\u00edcias"},"image":{"@id":"https:\/\/www.suno.com.br\/noticias\/#\/schema\/logo\/image\/"},"sameAs":["https:\/\/facebook.com\/sunoresearch","https:\/\/x.com\/sunoresearch","https:\/\/www.instagram.com\/suno","https:\/\/www.linkedin.com\/company\/suno-research\/","https:\/\/www.youtube.com\/c\/sunoresearch"]},{"@type":"Person","@id":"https:\/\/www.suno.com.br\/noticias\/#\/schema\/person\/e67f665add014bf99f644028de070cc3","name":"Beatriz Oliveira","image":{"@type":"ImageObject","inLanguage":"pt-BR","@id":"https:\/\/www.suno.com.br\/noticias\/#\/schema\/person\/image\/","url":"https:\/\/secure.gravatar.com\/avatar\/c9aa6a0aaecc598d257d5d5bd349157d?s=96&r=g","contentUrl":"https:\/\/secure.gravatar.com\/avatar\/c9aa6a0aaecc598d257d5d5bd349157d?s=96&r=g","caption":"Beatriz Oliveira"},"description":"Formada em Jornalismo pela Faculdade Paulus de Tecnologia e Comunica\u00e7\u00e3o, Beatriz Oliveira escreve para o portal de not\u00edcias Suno Research. Antes, passou pelas reda\u00e7\u00f5es da Revista EXAME e da Rede Bandeirantes.","url":"https:\/\/www.suno.com.br\/noticias\/author\/beatriz\/"}]}},"default_loop_html":"<div class=\"cardsPage__listCard__boxs\"><div class=\"cardsPage__listCard__boxs__img\"><a href=\"https:\/\/www.suno.com.br\/noticias\/bolsonaro-diz-nao-acordo-moro-stf\/\"><img class=\"mask\" src=\"https:\/\/www.suno.com.br\/noticias\/wp-content\/themes\/suno\/resources\/images\/spotlight\/spotlight1img\/bg-mask.png\" alt=\"Image Mask\"\/><img src=\"https:\/\/files.sunoresearch.com.br\/n\/uploads\/2019\/05\/c45de22d-bolsonaro-e-s\u00e9rgio-moro-400x200.webp\" alt=\"Bolsonaro volta atr\u00e1s e diz que n\u00e3o fez acordo para colocar Moro no STF\"\/><\/a><span class=\"spotlightCategory\"><a href=\"https:\/\/www.suno.com.br\/noticias\/politica\/\">Pol\u00edtica<\/a><\/span><\/div><div class=\"cardsPage__listCard__boxs__content\"><a href=\"https:\/\/www.suno.com.br\/noticias\/bolsonaro-diz-nao-acordo-moro-stf\/\"><h2 class=\"content__title\">Bolsonaro volta atr\u00e1s e diz que n\u00e3o fez acordo para colocar Moro no STF<\/h2><\/a><div class=\"newsContent__article__meta\"><div class=\"newsContent__article__meta__authorBox\"><a href=\"https:\/\/www.suno.com.br\/noticias\/author\/beatriz\/\" class=\"authorBox__avatar noMobi\"><img src=\"https:\/\/secure.gravatar.com\/avatar\/c9aa6a0aaecc598d257d5d5bd349157d?s=96&#038;r=g\" alt=\"Beatriz Oliveira\"><\/a><div class=\"authorBox__name\"><span>por\n\t\t\t<a href=\"https:\/\/www.suno.com.br\/noticias\/author\/beatriz\/\"><span itemprop=\"author\">Beatriz Oliveira<\/span><\/a><\/span><time datetime=\"2019-05-17T08:16:13-03:00\" itemprop=\"datePublished\">17\/05\/2019 08:16<\/time><\/div><\/div><\/div><\/div><\/div>","single_layout":"posts","amp_enabled":true,"_links":{"self":[{"href":"https:\/\/www.suno.com.br\/noticias\/wp-json\/wp\/v2\/posts\/24900"}],"collection":[{"href":"https:\/\/www.suno.com.br\/noticias\/wp-json\/wp\/v2\/posts"}],"about":[{"href":"https:\/\/www.suno.com.br\/noticias\/wp-json\/wp\/v2\/types\/post"}],"author":[{"embeddable":true,"href":"https:\/\/www.suno.com.br\/noticias\/wp-json\/wp\/v2\/users\/16"}],"replies":[{"embeddable":true,"href":"https:\/\/www.suno.com.br\/noticias\/wp-json\/wp\/v2\/comments?post=24900"}],"version-history":[{"count":0,"href":"https:\/\/www.suno.com.br\/noticias\/wp-json\/wp\/v2\/posts\/24900\/revisions"}],"wp:featuredmedia":[{"embeddable":true,"href":"https:\/\/www.suno.com.br\/noticias\/wp-json\/wp\/v2\/media\/24907"}],"wp:attachment":[{"href":"https:\/\/www.suno.com.br\/noticias\/wp-json\/wp\/v2\/media?parent=24900"}],"wp:term":[{"taxonomy":"category","embeddable":true,"href":"https:\/\/www.suno.com.br\/noticias\/wp-json\/wp\/v2\/categories?post=24900"},{"taxonomy":"post_tag","embeddable":true,"href":"https:\/\/www.suno.com.br\/noticias\/wp-json\/wp\/v2\/tags?post=24900"},{"taxonomy":"suno_strategy","embeddable":true,"href":"https:\/\/www.suno.com.br\/noticias\/wp-json\/wp\/v2\/suno_strategy?post=24900"}],"curies":[{"name":"wp","href":"https:\/\/api.w.org\/{rel}","templated":true}]}}