{"id":24899,"date":"2019-05-17T08:08:27","date_gmt":"2019-05-17T11:08:27","guid":{"rendered":"https:\/\/www.suno.com.br\/noticias\/?p=24899"},"modified":"2019-05-17T08:08:27","modified_gmt":"2019-05-17T11:08:27","slug":"cargill-investira-construcao-fabrica","status":"publish","type":"post","link":"https:\/\/www.suno.com.br\/noticias\/cargill-investira-construcao-fabrica\/","title":{"rendered":"Cargill investir\u00e1 R$ 550 mi na constru\u00e7\u00e3o de nova f\u00e1brica em S\u00e3o Paulo"},"content":{"rendered":"<p>A Cargill vai realizar um investimento de R$ 550 milh\u00f5es para a constru\u00e7\u00e3o da f\u00e1brica de Bebedouro (SP). A f\u00e1brica dever\u00e1 produzir o Pectina HM, um agente texturizante \u00e0 base de frutas c\u00edtricas.<\/p>\t<div class=\"wrapper-featured-image\">\n\t\t<figure class=\"spotlightImg\">\n\n\t\t\t<picture>\n\t\t\t\t<source media=\"(max-width: 768px)\" srcset=\"https:\/\/files.sunoresearch.com.br\/n\/uploads\/2019\/05\/c07613d5-cargill-400x200.webp\">\n\t\t\t\t<img loading=\"lazy\" decoding=\"async\" class=\"newsContent__article__imgCapa lazyloadDisabled newsContent__article__imgCapa--noCaption\" src=\"https:\/\/files.sunoresearch.com.br\/n\/uploads\/2019\/05\/c07613d5-cargill-800x450.webp\" width=\"800\" height=\"450\" alt=\"Cargill investir\u00e1 R$ 550 mi na constru\u00e7\u00e3o de nova f\u00e1brica em S\u00e3o Paulo\" fetchpriority=high \/>\n\t\t\t<\/picture>\n\n\t\t\t<figcaption class=\"wp-caption-text wp-caption-text--hide\">Cargill investir\u00e1 R$ 550 mi na constru\u00e7\u00e3o de nova f\u00e1brica em S\u00e3o Paulo<\/figcaption>\n\t\t<\/figure>\n\t<\/div>\n\n\n<p>&#8220;Com uma estrutura de custos competitivos, baseados em processos inovadores de <strong>produ\u00e7\u00e3o<\/strong>, o investimento vem refor\u00e7ar ainda mais o compromisso da <strong>Cargill<\/strong> com o crescimento do Brasil&#8221;, afirmou o diretor de neg\u00f3cios de Amidos, Ado\u00e7antes e Texturizantes da Cargill na Am\u00e9rica do Sul, Laerte Moraes.<\/p>\n<p>De acordo com a empresa, a demanda global pelo produto vem crescido devido ao setor de bebidas l\u00e1cteas, sucos, geleias e ingredientes de confeitaria.<\/p>\n\t<p>\n\t\t<a href=\"https:\/\/lp.suno.com.br\/ao\/cadastro-whatsapp\/\" target=\"_blank\" data-element=\"shortcode-suno-banner\" title=\"Banner SUNO, clique e saiba mais\">\n\t\t\t<picture>\n\t\t\t\t<source media=\"(max-width: 500px)\" srcset=\"https:\/\/files.sunoresearch.com.br\/n\/uploads\/2024\/02\/400x300-Mobile-Artigos-7.png\">\n\t\t\t\t<img class=\"newsContent__article__imgCapa newsContent__article__imgCapa--banner\"\n\t\t\t\t\tsrc=\"https:\/\/files.sunoresearch.com.br\/n\/uploads\/2024\/01\/1420x240-Banner-Artigos-1-_-Banner-Materias-8.png\"\n\t\t\t\t\tdata-promo-id=\"517344\"\t\t\t\t\t\t\t\t\t\twidth='1420' height='240'\t\t\t\t\talt=\"https:\/\/files.sunoresearch.com.br\/n\/uploads\/2024\/01\/1420x240-Banner-Artigos-1-_-Banner-Materias-8.png\"\n\t\t\t\t>\n\t\t\t<\/picture>\n\t\t<\/a>\n\t<\/p>\n\n\n<h2>Balan\u00e7o financeiro de 2018<\/h2>\n<p>A empresa registrou um lucro l\u00edquido de de R$ 679,8 milh\u00f5es durante o ano anterior, uma alta de 14,6% na compara\u00e7\u00e3o anual.<\/p>\n<p>Conforme publicado em seu balan\u00e7o, a companhia registrou uma receita l\u00edquida de R$ 46,5 bilh\u00f5es em 2018, enquanto no ano anterior foram adquiridos R$ 35 bilh\u00f5es.<\/p>\n<p><a href=\"https:\/\/www.suno.com.br\/noticias\/br-distribuidora-teste-cartao-caminhoneiro\/\">Saiba mais:\u00a0BR Distribuidora come\u00e7ar\u00e1 teste do Cart\u00e3o Caminhoneiro semana que vem<\/a><\/p>\n<h2>Cargill<\/h2>\n<p>A Cargill est\u00e1 instalada no Brasil desde 1965. Sua sede est\u00e1 localizada em S\u00e3o Paulo, no entanto, suas unidades industriais est\u00e3o divididas em 17 Estados. De acordo com dados da empresa, a companhia possui 10 mil funcion\u00e1rios.<\/p>\n<p>Atualmente, a empresa \u00e9 a <strong>segunda maior exportadora<\/strong> de soja e milho do pa\u00eds. No \u00faltimo ano, mais de 12 milh\u00f5es de toneladas dos gr\u00e3os foram exportados.<\/p>\n<h2>Instala\u00e7\u00e3o da unidade<\/h2>\n<p>A constru\u00e7\u00e3o come\u00e7ar\u00e1 em junho deste ano e a unidade deve estar em opera\u00e7\u00e3o no fim de 2021.<\/p>\n<p>De acordo com a <strong>Cargill<\/strong>, o Brasil foi o escolhido para abrigar a unidade por conta do suprimento abundante de frutas c\u00edtricas, uma vez que a companhia est\u00e1 focada em diversificar produtos de maior valor agregado, como ingredientes aliment\u00edcios.<\/p>\n<p><a href=\"https:\/\/www.suno.com.br\/noticias\/guerra-comercial-china-eua-brasil\/\">Saiba mais:\u00a0Guerra comercial entre China e EUA trar\u00e1 oportunidades ao Brasil, diz secret\u00e1rio\u00a0<\/a><\/p>\n","protected":false},"excerpt":{"rendered":"<p>A Cargill vai realizar um investimento de R$ 550 milh\u00f5es para a constru\u00e7\u00e3o da f\u00e1brica de Bebedouro (SP). A f\u00e1brica dever\u00e1 produzir o Pectina HM, um agente texturizante \u00e0 base de frutas c\u00edtricas. Cargill investir\u00e1 R$ 550 mi na constru\u00e7\u00e3o de nova f\u00e1brica em S\u00e3o Paulo &#8220;Com uma estrutura de custos competitivos, baseados em processos [&hellip;]<\/p>\n","protected":false},"author":11,"featured_media":24901,"comment_status":"closed","ping_status":"closed","sticky":false,"template":"","format":"standard","meta":[],"categories":[64],"tags":[],"suno_strategy":[],"class_list":["post-24899","post","type-post","status-publish","format-standard","has-post-thumbnail","hentry","category-negocios"],"yoast_head":"<!-- This site is optimized with the Yoast SEO plugin v24.4 - https:\/\/yoast.com\/wordpress\/plugins\/seo\/ -->\n<title>Cargill investir\u00e1 R$ 550 mi na constru\u00e7\u00e3o de nova f\u00e1brica em S\u00e3o Paulo<\/title>\n<meta name=\"description\" content=\"Cargill registrou um lucro l\u00edquiido de R$ 679,8 milh\u00f5es durante o ano de 2018; Constru\u00e7\u00e3o ser\u00e1 em Bebedouro (SP). Clique e saiba mais.\" \/>\n<meta name=\"robots\" content=\"index, follow, max-snippet:-1, max-image-preview:large, max-video-preview:-1\" \/>\n<link rel=\"canonical\" href=\"https:\/\/www.suno.com.br\/noticias\/cargill-investira-construcao-fabrica\/\" \/>\n<meta property=\"og:locale\" content=\"pt_BR\" \/>\n<meta property=\"og:type\" content=\"article\" \/>\n<meta property=\"og:title\" content=\"Cargill investir\u00e1 R$ 550 mi na constru\u00e7\u00e3o de nova f\u00e1brica em S\u00e3o Paulo\" \/>\n<meta property=\"og:description\" content=\"Cargill registrou um lucro l\u00edquiido de R$ 679,8 milh\u00f5es durante o ano de 2018; Constru\u00e7\u00e3o ser\u00e1 em Bebedouro (SP). Clique e saiba mais.\" \/>\n<meta property=\"og:url\" content=\"https:\/\/www.suno.com.br\/noticias\/cargill-investira-construcao-fabrica\/\" \/>\n<meta property=\"og:site_name\" content=\"Suno Not\u00edcias\" \/>\n<meta property=\"article:publisher\" content=\"https:\/\/facebook.com\/sunoresearch\" \/>\n<meta property=\"og:image\" content=\"https:\/\/files.sunoresearch.com.br\/n\/uploads\/2019\/05\/c07613d5-cargill.png\" \/>\n\t<meta property=\"og:image:width\" content=\"1280\" \/>\n\t<meta property=\"og:image:height\" content=\"511\" \/>\n\t<meta property=\"og:image:type\" content=\"image\/png\" \/>\n<meta name=\"author\" content=\"Renan Bandeira\" \/>\n<meta name=\"twitter:card\" content=\"summary_large_image\" \/>\n<meta name=\"twitter:creator\" content=\"@sunoresearch\" \/>\n<meta name=\"twitter:site\" content=\"@sunoresearch\" \/>\n<meta name=\"twitter:label1\" content=\"Escrito por\" \/>\n\t<meta name=\"twitter:data1\" content=\"Renan Bandeira\" \/>\n\t<meta name=\"twitter:label2\" content=\"Est. tempo de leitura\" \/>\n\t<meta name=\"twitter:data2\" content=\"2 minutos\" \/>\n<script type=\"application\/ld+json\" class=\"yoast-schema-graph\">{\"@context\":\"https:\/\/schema.org\",\"@graph\":[{\"@type\":\"NewsArticle\",\"@id\":\"https:\/\/www.suno.com.br\/noticias\/cargill-investira-construcao-fabrica\/#article\",\"isPartOf\":{\"@id\":\"https:\/\/www.suno.com.br\/noticias\/cargill-investira-construcao-fabrica\/\"},\"author\":{\"name\":\"Renan Bandeira\",\"@id\":\"https:\/\/www.suno.com.br\/noticias\/#\/schema\/person\/fc144a1c6108bd1dcd43784e88a3c138\"},\"headline\":\"Cargill investir\u00e1 R$ 550 mi na constru\u00e7\u00e3o de nova f\u00e1brica em S\u00e3o Paulo\",\"datePublished\":\"2019-05-17T11:08:27+00:00\",\"mainEntityOfPage\":{\"@id\":\"https:\/\/www.suno.com.br\/noticias\/cargill-investira-construcao-fabrica\/\"},\"wordCount\":343,\"publisher\":{\"@id\":\"https:\/\/www.suno.com.br\/noticias\/#organization\"},\"image\":{\"@id\":\"https:\/\/www.suno.com.br\/noticias\/cargill-investira-construcao-fabrica\/#primaryimage\"},\"thumbnailUrl\":\"https:\/\/files.sunoresearch.com.br\/n\/uploads\/2019\/05\/c07613d5-cargill-png.webp\",\"articleSection\":[\"Neg\u00f3cios\"],\"inLanguage\":\"pt-BR\"},{\"@type\":\"WebPage\",\"@id\":\"https:\/\/www.suno.com.br\/noticias\/cargill-investira-construcao-fabrica\/\",\"url\":\"https:\/\/www.suno.com.br\/noticias\/cargill-investira-construcao-fabrica\/\",\"name\":\"Cargill investir\u00e1 R$ 550 mi na constru\u00e7\u00e3o de nova f\u00e1brica em S\u00e3o Paulo\",\"isPartOf\":{\"@id\":\"https:\/\/www.suno.com.br\/noticias\/#website\"},\"primaryImageOfPage\":{\"@id\":\"https:\/\/www.suno.com.br\/noticias\/cargill-investira-construcao-fabrica\/#primaryimage\"},\"image\":{\"@id\":\"https:\/\/www.suno.com.br\/noticias\/cargill-investira-construcao-fabrica\/#primaryimage\"},\"thumbnailUrl\":\"https:\/\/files.sunoresearch.com.br\/n\/uploads\/2019\/05\/c07613d5-cargill-png.webp\",\"datePublished\":\"2019-05-17T11:08:27+00:00\",\"description\":\"Cargill registrou um lucro l\u00edquiido de R$ 679,8 milh\u00f5es durante o ano de 2018; Constru\u00e7\u00e3o ser\u00e1 em Bebedouro (SP). Clique e saiba mais.\",\"breadcrumb\":{\"@id\":\"https:\/\/www.suno.com.br\/noticias\/cargill-investira-construcao-fabrica\/#breadcrumb\"},\"inLanguage\":\"pt-BR\",\"potentialAction\":[{\"@type\":\"ReadAction\",\"target\":[\"https:\/\/www.suno.com.br\/noticias\/cargill-investira-construcao-fabrica\/\"]}]},{\"@type\":\"ImageObject\",\"inLanguage\":\"pt-BR\",\"@id\":\"https:\/\/www.suno.com.br\/noticias\/cargill-investira-construcao-fabrica\/#primaryimage\",\"url\":\"https:\/\/files.sunoresearch.com.br\/n\/uploads\/2019\/05\/c07613d5-cargill-png.webp\",\"contentUrl\":\"https:\/\/files.sunoresearch.com.br\/n\/uploads\/2019\/05\/c07613d5-cargill-png.webp\",\"width\":1280,\"height\":511,\"caption\":\"Cargill investir\u00e1 R$ 550 mi na constru\u00e7\u00e3o de nova f\u00e1brica em S\u00e3o Paulo\"},{\"@type\":\"BreadcrumbList\",\"@id\":\"https:\/\/www.suno.com.br\/noticias\/cargill-investira-construcao-fabrica\/#breadcrumb\",\"itemListElement\":[{\"@type\":\"ListItem\",\"position\":1,\"name\":\"Not\u00edcias\",\"item\":\"https:\/\/www.suno.com.br\/noticias\/\"},{\"@type\":\"ListItem\",\"position\":2,\"name\":\"Neg\u00f3cios\",\"item\":\"https:\/\/www.suno.com.br\/noticias\/negocios\/\"},{\"@type\":\"ListItem\",\"position\":3,\"name\":\"Cargill investir\u00e1 R$ 550 mi na constru\u00e7\u00e3o de nova f\u00e1brica em S\u00e3o Paulo\"}]},{\"@type\":\"WebSite\",\"@id\":\"https:\/\/www.suno.com.br\/noticias\/#website\",\"url\":\"https:\/\/www.suno.com.br\/noticias\/\",\"name\":\"Suno Not\u00edcias\",\"description\":\"Seu portal de informa\u00e7\u00e3o sobre o mundo dos investimentos\",\"publisher\":{\"@id\":\"https:\/\/www.suno.com.br\/noticias\/#organization\"},\"potentialAction\":[{\"@type\":\"SearchAction\",\"target\":{\"@type\":\"EntryPoint\",\"urlTemplate\":\"https:\/\/www.suno.com.br\/noticias\/?s={search_term_string}\"},\"query-input\":{\"@type\":\"PropertyValueSpecification\",\"valueRequired\":true,\"valueName\":\"search_term_string\"}}],\"inLanguage\":\"pt-BR\"},{\"@type\":\"Organization\",\"@id\":\"https:\/\/www.suno.com.br\/noticias\/#organization\",\"name\":\"Suno Not\u00edcias\",\"url\":\"https:\/\/www.suno.com.br\/noticias\/\",\"logo\":{\"@type\":\"ImageObject\",\"inLanguage\":\"pt-BR\",\"@id\":\"https:\/\/www.suno.com.br\/noticias\/#\/schema\/logo\/image\/\",\"url\":\"https:\/\/files.sunoresearch.com.br\/n\/uploads\/2021\/09\/suno-logo.png\",\"contentUrl\":\"https:\/\/files.sunoresearch.com.br\/n\/uploads\/2021\/09\/suno-logo.png\",\"width\":180,\"height\":180,\"caption\":\"Suno Not\u00edcias\"},\"image\":{\"@id\":\"https:\/\/www.suno.com.br\/noticias\/#\/schema\/logo\/image\/\"},\"sameAs\":[\"https:\/\/facebook.com\/sunoresearch\",\"https:\/\/x.com\/sunoresearch\",\"https:\/\/www.instagram.com\/suno\",\"https:\/\/www.linkedin.com\/company\/suno-research\/\",\"https:\/\/www.youtube.com\/c\/sunoresearch\"]},{\"@type\":\"Person\",\"@id\":\"https:\/\/www.suno.com.br\/noticias\/#\/schema\/person\/fc144a1c6108bd1dcd43784e88a3c138\",\"name\":\"Renan Bandeira\",\"image\":{\"@type\":\"ImageObject\",\"inLanguage\":\"pt-BR\",\"@id\":\"https:\/\/www.suno.com.br\/noticias\/#\/schema\/person\/image\/\",\"url\":\"https:\/\/secure.gravatar.com\/avatar\/68359cdb608f14f11bbefcb78f3fc747?s=96&r=g\",\"contentUrl\":\"https:\/\/secure.gravatar.com\/avatar\/68359cdb608f14f11bbefcb78f3fc747?s=96&r=g\",\"caption\":\"Renan Bandeira\"},\"description\":\"Renan Bandeira escreve sobre pol\u00edtica e economia para o portal da Suno Research. Antes da Suno, trabalhou em uma rede de televis\u00e3o, onde fazia reportagens sobre os mesmos temas. Estuda na Universidade Metodista de S\u00e3o Paulo.\",\"url\":\"https:\/\/www.suno.com.br\/noticias\/author\/renan-bandeira\/\"}]}<\/script>\n<!-- \/ Yoast SEO plugin. -->","yoast_head_json":{"title":"Cargill investir\u00e1 R$ 550 mi na constru\u00e7\u00e3o de nova f\u00e1brica em S\u00e3o Paulo","description":"Cargill registrou um lucro l\u00edquiido de R$ 679,8 milh\u00f5es durante o ano de 2018; Constru\u00e7\u00e3o ser\u00e1 em Bebedouro (SP). Clique e saiba mais.","robots":{"index":"index","follow":"follow","max-snippet":"max-snippet:-1","max-image-preview":"max-image-preview:large","max-video-preview":"max-video-preview:-1"},"canonical":"https:\/\/www.suno.com.br\/noticias\/cargill-investira-construcao-fabrica\/","og_locale":"pt_BR","og_type":"article","og_title":"Cargill investir\u00e1 R$ 550 mi na constru\u00e7\u00e3o de nova f\u00e1brica em S\u00e3o Paulo","og_description":"Cargill registrou um lucro l\u00edquiido de R$ 679,8 milh\u00f5es durante o ano de 2018; Constru\u00e7\u00e3o ser\u00e1 em Bebedouro (SP). Clique e saiba mais.","og_url":"https:\/\/www.suno.com.br\/noticias\/cargill-investira-construcao-fabrica\/","og_site_name":"Suno Not\u00edcias","article_publisher":"https:\/\/facebook.com\/sunoresearch","og_image":[{"width":1280,"height":511,"url":"https:\/\/files.sunoresearch.com.br\/n\/uploads\/2019\/05\/c07613d5-cargill.png","type":"image\/png"}],"author":"Renan Bandeira","twitter_card":"summary_large_image","twitter_creator":"@sunoresearch","twitter_site":"@sunoresearch","twitter_misc":{"Escrito por":"Renan Bandeira","Est. tempo de leitura":"2 minutos"},"schema":{"@context":"https:\/\/schema.org","@graph":[{"@type":"NewsArticle","@id":"https:\/\/www.suno.com.br\/noticias\/cargill-investira-construcao-fabrica\/#article","isPartOf":{"@id":"https:\/\/www.suno.com.br\/noticias\/cargill-investira-construcao-fabrica\/"},"author":{"name":"Renan Bandeira","@id":"https:\/\/www.suno.com.br\/noticias\/#\/schema\/person\/fc144a1c6108bd1dcd43784e88a3c138"},"headline":"Cargill investir\u00e1 R$ 550 mi na constru\u00e7\u00e3o de nova f\u00e1brica em S\u00e3o Paulo","datePublished":"2019-05-17T11:08:27+00:00","mainEntityOfPage":{"@id":"https:\/\/www.suno.com.br\/noticias\/cargill-investira-construcao-fabrica\/"},"wordCount":343,"publisher":{"@id":"https:\/\/www.suno.com.br\/noticias\/#organization"},"image":{"@id":"https:\/\/www.suno.com.br\/noticias\/cargill-investira-construcao-fabrica\/#primaryimage"},"thumbnailUrl":"https:\/\/files.sunoresearch.com.br\/n\/uploads\/2019\/05\/c07613d5-cargill-png.webp","articleSection":["Neg\u00f3cios"],"inLanguage":"pt-BR"},{"@type":"WebPage","@id":"https:\/\/www.suno.com.br\/noticias\/cargill-investira-construcao-fabrica\/","url":"https:\/\/www.suno.com.br\/noticias\/cargill-investira-construcao-fabrica\/","name":"Cargill investir\u00e1 R$ 550 mi na constru\u00e7\u00e3o de nova f\u00e1brica em S\u00e3o Paulo","isPartOf":{"@id":"https:\/\/www.suno.com.br\/noticias\/#website"},"primaryImageOfPage":{"@id":"https:\/\/www.suno.com.br\/noticias\/cargill-investira-construcao-fabrica\/#primaryimage"},"image":{"@id":"https:\/\/www.suno.com.br\/noticias\/cargill-investira-construcao-fabrica\/#primaryimage"},"thumbnailUrl":"https:\/\/files.sunoresearch.com.br\/n\/uploads\/2019\/05\/c07613d5-cargill-png.webp","datePublished":"2019-05-17T11:08:27+00:00","description":"Cargill registrou um lucro l\u00edquiido de R$ 679,8 milh\u00f5es durante o ano de 2018; Constru\u00e7\u00e3o ser\u00e1 em Bebedouro (SP). Clique e saiba mais.","breadcrumb":{"@id":"https:\/\/www.suno.com.br\/noticias\/cargill-investira-construcao-fabrica\/#breadcrumb"},"inLanguage":"pt-BR","potentialAction":[{"@type":"ReadAction","target":["https:\/\/www.suno.com.br\/noticias\/cargill-investira-construcao-fabrica\/"]}]},{"@type":"ImageObject","inLanguage":"pt-BR","@id":"https:\/\/www.suno.com.br\/noticias\/cargill-investira-construcao-fabrica\/#primaryimage","url":"https:\/\/files.sunoresearch.com.br\/n\/uploads\/2019\/05\/c07613d5-cargill-png.webp","contentUrl":"https:\/\/files.sunoresearch.com.br\/n\/uploads\/2019\/05\/c07613d5-cargill-png.webp","width":1280,"height":511,"caption":"Cargill investir\u00e1 R$ 550 mi na constru\u00e7\u00e3o de nova f\u00e1brica em S\u00e3o Paulo"},{"@type":"BreadcrumbList","@id":"https:\/\/www.suno.com.br\/noticias\/cargill-investira-construcao-fabrica\/#breadcrumb","itemListElement":[{"@type":"ListItem","position":1,"name":"Not\u00edcias","item":"https:\/\/www.suno.com.br\/noticias\/"},{"@type":"ListItem","position":2,"name":"Neg\u00f3cios","item":"https:\/\/www.suno.com.br\/noticias\/negocios\/"},{"@type":"ListItem","position":3,"name":"Cargill investir\u00e1 R$ 550 mi na constru\u00e7\u00e3o de nova f\u00e1brica em S\u00e3o Paulo"}]},{"@type":"WebSite","@id":"https:\/\/www.suno.com.br\/noticias\/#website","url":"https:\/\/www.suno.com.br\/noticias\/","name":"Suno Not\u00edcias","description":"Seu portal de informa\u00e7\u00e3o sobre o mundo dos investimentos","publisher":{"@id":"https:\/\/www.suno.com.br\/noticias\/#organization"},"potentialAction":[{"@type":"SearchAction","target":{"@type":"EntryPoint","urlTemplate":"https:\/\/www.suno.com.br\/noticias\/?s={search_term_string}"},"query-input":{"@type":"PropertyValueSpecification","valueRequired":true,"valueName":"search_term_string"}}],"inLanguage":"pt-BR"},{"@type":"Organization","@id":"https:\/\/www.suno.com.br\/noticias\/#organization","name":"Suno Not\u00edcias","url":"https:\/\/www.suno.com.br\/noticias\/","logo":{"@type":"ImageObject","inLanguage":"pt-BR","@id":"https:\/\/www.suno.com.br\/noticias\/#\/schema\/logo\/image\/","url":"https:\/\/files.sunoresearch.com.br\/n\/uploads\/2021\/09\/suno-logo.png","contentUrl":"https:\/\/files.sunoresearch.com.br\/n\/uploads\/2021\/09\/suno-logo.png","width":180,"height":180,"caption":"Suno Not\u00edcias"},"image":{"@id":"https:\/\/www.suno.com.br\/noticias\/#\/schema\/logo\/image\/"},"sameAs":["https:\/\/facebook.com\/sunoresearch","https:\/\/x.com\/sunoresearch","https:\/\/www.instagram.com\/suno","https:\/\/www.linkedin.com\/company\/suno-research\/","https:\/\/www.youtube.com\/c\/sunoresearch"]},{"@type":"Person","@id":"https:\/\/www.suno.com.br\/noticias\/#\/schema\/person\/fc144a1c6108bd1dcd43784e88a3c138","name":"Renan Bandeira","image":{"@type":"ImageObject","inLanguage":"pt-BR","@id":"https:\/\/www.suno.com.br\/noticias\/#\/schema\/person\/image\/","url":"https:\/\/secure.gravatar.com\/avatar\/68359cdb608f14f11bbefcb78f3fc747?s=96&r=g","contentUrl":"https:\/\/secure.gravatar.com\/avatar\/68359cdb608f14f11bbefcb78f3fc747?s=96&r=g","caption":"Renan Bandeira"},"description":"Renan Bandeira escreve sobre pol\u00edtica e economia para o portal da Suno Research. Antes da Suno, trabalhou em uma rede de televis\u00e3o, onde fazia reportagens sobre os mesmos temas. Estuda na Universidade Metodista de S\u00e3o Paulo.","url":"https:\/\/www.suno.com.br\/noticias\/author\/renan-bandeira\/"}]}},"default_loop_html":"<div class=\"cardsPage__listCard__boxs\"><div class=\"cardsPage__listCard__boxs__img\"><a href=\"https:\/\/www.suno.com.br\/noticias\/cargill-investira-construcao-fabrica\/\"><img class=\"mask\" src=\"https:\/\/www.suno.com.br\/noticias\/wp-content\/themes\/suno\/resources\/images\/spotlight\/spotlight1img\/bg-mask.png\" alt=\"Image Mask\"\/><img src=\"https:\/\/files.sunoresearch.com.br\/n\/uploads\/2019\/05\/c07613d5-cargill-400x200.webp\" alt=\"Cargill investir\u00e1 R$ 550 mi na constru\u00e7\u00e3o de nova f\u00e1brica em S\u00e3o Paulo\"\/><\/a><span class=\"spotlightCategory\"><a href=\"https:\/\/www.suno.com.br\/noticias\/negocios\/\">Neg\u00f3cios<\/a><\/span><\/div><div class=\"cardsPage__listCard__boxs__content\"><a href=\"https:\/\/www.suno.com.br\/noticias\/cargill-investira-construcao-fabrica\/\"><h2 class=\"content__title\">Cargill investir\u00e1 R$ 550 mi na constru\u00e7\u00e3o de nova f\u00e1brica em S\u00e3o Paulo<\/h2><\/a><div class=\"newsContent__article__meta\"><div class=\"newsContent__article__meta__authorBox\"><a href=\"https:\/\/www.suno.com.br\/noticias\/author\/renan-bandeira\/\" class=\"authorBox__avatar noMobi\"><img src=\"https:\/\/secure.gravatar.com\/avatar\/68359cdb608f14f11bbefcb78f3fc747?s=96&#038;r=g\" alt=\"Renan Bandeira\"><\/a><div class=\"authorBox__name\"><span>por\n\t\t\t<a href=\"https:\/\/www.suno.com.br\/noticias\/author\/renan-bandeira\/\"><span itemprop=\"author\">Renan Bandeira<\/span><\/a><\/span><time datetime=\"2019-05-17T08:08:27-03:00\" itemprop=\"datePublished\">17\/05\/2019 08:08<\/time><\/div><\/div><\/div><\/div><\/div>","single_layout":"posts","amp_enabled":true,"_links":{"self":[{"href":"https:\/\/www.suno.com.br\/noticias\/wp-json\/wp\/v2\/posts\/24899"}],"collection":[{"href":"https:\/\/www.suno.com.br\/noticias\/wp-json\/wp\/v2\/posts"}],"about":[{"href":"https:\/\/www.suno.com.br\/noticias\/wp-json\/wp\/v2\/types\/post"}],"author":[{"embeddable":true,"href":"https:\/\/www.suno.com.br\/noticias\/wp-json\/wp\/v2\/users\/11"}],"replies":[{"embeddable":true,"href":"https:\/\/www.suno.com.br\/noticias\/wp-json\/wp\/v2\/comments?post=24899"}],"version-history":[{"count":0,"href":"https:\/\/www.suno.com.br\/noticias\/wp-json\/wp\/v2\/posts\/24899\/revisions"}],"wp:featuredmedia":[{"embeddable":true,"href":"https:\/\/www.suno.com.br\/noticias\/wp-json\/wp\/v2\/media\/24901"}],"wp:attachment":[{"href":"https:\/\/www.suno.com.br\/noticias\/wp-json\/wp\/v2\/media?parent=24899"}],"wp:term":[{"taxonomy":"category","embeddable":true,"href":"https:\/\/www.suno.com.br\/noticias\/wp-json\/wp\/v2\/categories?post=24899"},{"taxonomy":"post_tag","embeddable":true,"href":"https:\/\/www.suno.com.br\/noticias\/wp-json\/wp\/v2\/tags?post=24899"},{"taxonomy":"suno_strategy","embeddable":true,"href":"https:\/\/www.suno.com.br\/noticias\/wp-json\/wp\/v2\/suno_strategy?post=24899"}],"curies":[{"name":"wp","href":"https:\/\/api.w.org\/{rel}","templated":true}]}}