{"id":248984,"date":"2022-04-07T16:45:47","date_gmt":"2022-04-07T19:45:47","guid":{"rendered":"https:\/\/www.suno.com.br\/noticias\/?p=248984"},"modified":"2022-04-07T16:45:47","modified_gmt":"2022-04-07T19:45:47","slug":"petrobras-petr4-presidente-ceo-coelho","status":"publish","type":"post","link":"https:\/\/www.suno.com.br\/noticias\/petrobras-petr4-presidente-ceo-coelho\/","title":{"rendered":"Novo presidente da Petrobras (PETR4) tem experi\u00eancia e n\u00e3o far\u00e1 interven\u00e7\u00f5es, analisa Goldman Sachs"},"content":{"rendered":"<p>Segundo o parecer do Goldman Sachs sobre a nomea\u00e7\u00e3o do novo CEO da <strong>Petrobras<\/strong> (<a href=\"https:\/\/www.suno.com.br\/acoes\/petr4\/\">PETR4<\/a>),<a href=\"https:\/\/www.suno.com.br\/noticias\/petrobras-petr4-eletrobras-elet3-e-vale-vale3-destaques\/\"> a escolha \u00e9 boa e deve manter a estatal alinhada<\/a> com o ritmo de crescimento visto nos \u00faltimos meses. Trata-se do nome de Jos\u00e9 Mauro Ferreira Coelho, que\u00a0preside o\u00a0<a class=\"suno-keyword\" href=\"https:\/\/www.suno.com.br\/artigos\/conselho-administracao\/\" target=\"_blank\" rel=\"noopener\" data-force=\"no\" data-priority=\"1\">Conselho de Administra\u00e7\u00e3o<\/a> da PPSA (estatal respons\u00e1vel pela explora\u00e7\u00e3o do pr\u00e9-sal).<\/p>\t<div class=\"wrapper-featured-image\">\n\t\t<figure class=\"spotlightImg\">\n\n\t\t\t<picture>\n\t\t\t\t<source media=\"(max-width: 768px)\" srcset=\"https:\/\/files.sunoresearch.com.br\/n\/uploads\/2022\/04\/coelho-petro-1-400x200.jpg\">\n\t\t\t\t<img loading=\"lazy\" decoding=\"async\" class=\"newsContent__article__imgCapa lazyloadDisabled \" src=\"https:\/\/files.sunoresearch.com.br\/n\/uploads\/2022\/04\/coelho-petro-1-800x450.jpg\" width=\"800\" height=\"450\" alt=\"Novo presidente da Petrobras (PETR4) tem experi\u00eancia e n\u00e3o far\u00e1 interven\u00e7\u00f5es, analisa Goldman Sachs\" fetchpriority=high \/>\n\t\t\t<\/picture>\n\n\t\t\t<figcaption class=\"wp-caption-text wp-caption-text--show\">Ap\u00f3s indica\u00e7\u00e3o de Coelho, a\u00e7\u00f5es da Petrobras sobem quase 5% no intradia - Foto: Reprodu\u00e7\u00e3o\/Ag\u00eancia Senado<\/figcaption>\n\t\t<\/figure>\n\t<\/div>\n\n\n\t<p>\n\t\t<a href=\"\" target=\"_blank\" data-element=\"shortcode-suno-banner\" title=\"Banner SUNO, clique e saiba mais\">\n\t\t\t<picture>\n\t\t\t\t<source media=\"(max-width: 500px)\" srcset=\"\">\n\t\t\t\t<img class=\"newsContent__article__imgCapa newsContent__article__imgCapa--banner\"\n\t\t\t\t\tsrc=\"\"\n\t\t\t\t\tdata-promo-id=\"138420\"\t\t\t\t\t\t\t\t\t\t\t\t\t\t\talt=\"\"\n\t\t\t\t>\n\t\t\t<\/picture>\n\t\t<\/a>\n\t<\/p>\n\n\n<p>O mercado, da mesma forma, parece ter avaliado bem o nome &#8211; j\u00e1 que as\u00a0<strong>a\u00e7\u00f5es da Petrobras<\/strong> sobem 4,82% no intradia, na dire\u00e7\u00e3o contr\u00e1ria dos preg\u00f5es em que os investidores temiam uma interven\u00e7\u00e3o na pol\u00edtica de pre\u00e7os da estatal.<\/p>\n<p>O novo <strong>presidente da Petrobras<\/strong>, contudo, s\u00f3 ser\u00e1 oficializado na <a href=\"https:\/\/www.suno.com.br\/artigos\/assembleia-geral-ordinaria\/\">Assembleia Geral Extraordin\u00e1ria<\/a> marcada para o dia 13 de abril, pr\u00f3xima quarta-feira.<\/p>\n<p>A expectativa \u00e9 de que Coelho passe pela vota\u00e7\u00e3o de acionistas e fa\u00e7a bem para a <a class=\"suno-keyword\" href=\"https:\/\/www.suno.com.br\/artigos\/saude-financeira\/\" target=\"_blank\" rel=\"noopener\" data-force=\"no\" data-priority=\"1\">sa\u00fade financeira<\/a> da companhia, segundo o Goldman Sachs.<\/p>\n\n\t<div data-element=\"shortcode-read-more\" class=\"readToo\">\n\t\t\t\t<span class=\"readToo__title\">Leia mais<\/span>\n\t\t\t\t<ul class=\"readToo__list\">\n\t\t\t<li><a href=\"https:\/\/www.suno.com.br\/noticias\/petrobras-petr4-eletrobras-elet3-e-vale-vale3-destaques\/\">Petrobras (PETR4), Eletrobras (ELET3) e Vale (VALE3) chamam aten\u00e7\u00e3o do mercado<\/a><\/li><li><a href=\"https:\/\/www.suno.com.br\/noticias\/petrobras-petr4-presidencia-indicacao-nomes\/\">Impasse na Petrobras (PETR4): mais dois nomes ganham for\u00e7a para ocupar a presid\u00eancia<\/a><\/li><li><a href=\"https:\/\/www.suno.com.br\/noticias\/petrobras-petr4-indicacao-secretario-guedes-oposicao-empresarios\/\">Petrobras (PETR4): indica\u00e7\u00e3o de secret\u00e1rio de Guedes sofre oposi\u00e7\u00e3o de empres\u00e1rios<\/a><\/li>\t\t<\/ul>\n\t<\/div>\n\n\n<p>&#8220;A experi\u00eancia anterior do Sr. Ferreira Coelho no sector da energia inclui ter foi Secret\u00e1rio de Petr\u00f3leo, G\u00e1s Natural e Biocombust\u00edveis do <a href=\"https:\/\/www.gov.br\/mme\/pt-br\">Minist\u00e9rio de Minas e Energia (MME)<\/a> entre 2020 e 2021. Acreditamos que este an\u00fancio deve agora reduzir a volatilidade em torno do estoque ap\u00f3s a recusa de Adriano Pires em aceitar o papel e o fluxo de not\u00edcias sobre o incerteza de quem seria o novo CEO da empresa&#8221;, diz o banco de investimento,<\/p>\n<p>Al\u00e9m disso, o GS acredita que, no <a class=\"suno-keyword\" href=\"https:\/\/www.suno.com.br\/artigos\/curto-prazo\/\" target=\"_blank\" rel=\"noopener\" data-force=\"no\" data-priority=\"1\">curto prazo<\/a>, os estatutos da Petrobras e a lei brasileira reduzam a probabilidade de interven\u00e7\u00e3o do governo nas pol\u00edticas da empresa.<\/p>\n<figure id=\"attachment_248996\" aria-describedby=\"caption-attachment-248996\" style=\"width: 975px\" class=\"wp-caption aligncenter\"><img loading=\"lazy\" decoding=\"async\" class=\"size-full wp-image-248996\" src=\"https:\/\/files.sunoresearch.com.br\/n\/uploads\/2022\/04\/gsachs-petrobras.jpg\" alt=\"Previs\u00f5es do Goldman Sachs para os indicadores financeiros da Petrobras - Foto: Reprodu\u00e7\u00e3o\" width=\"975\" height=\"475\" srcset=\"https:\/\/files.sunoresearch.com.br\/n\/uploads\/2022\/04\/gsachs-petrobras.jpg 975w, https:\/\/files.sunoresearch.com.br\/n\/uploads\/2022\/04\/gsachs-petrobras-300x146.jpg 300w, https:\/\/files.sunoresearch.com.br\/n\/uploads\/2022\/04\/gsachs-petrobras-768x374.jpg 768w, https:\/\/files.sunoresearch.com.br\/n\/uploads\/2022\/04\/gsachs-petrobras-150x73.jpg 150w\" sizes=\"(max-width: 975px) 100vw, 975px\" \/><figcaption id=\"caption-attachment-248996\" class=\"wp-caption-text\">Previs\u00f5es do Goldman Sachs para os indicadores financeiros da Petrobras &#8211; Foto: Reprodu\u00e7\u00e3o<\/figcaption><\/figure>\n<p>O banco segue com recomenda\u00e7\u00e3o de compra, mirando um pre\u00e7o-alvo de R$ 36,90 nas preferenciais da Pertrobras.<\/p>\n<p>&#8220;Permanecemos com rating de compra na Petrobras, pois, apesar do fluxo de not\u00edcias anterior em torno do a\u00e7\u00f5es, vemos uma atraente continua\u00e7\u00e3o do ritmo de crescimento, com um dividend yield previsto de cerca de 35% em rela\u00e7\u00e3o a 2022 com espa\u00e7o limitado para interven\u00e7\u00e3o do governo nas pol\u00edtica da empresa em um per\u00edodo de curto prazo&#8221;, dizem os analistas Bruno Amorim (CFA), Joao Frizo (CFA) e Guilherme Costa Martins.<\/p>\n<h2>Veja mais sobre o novo CEO e outras mudan\u00e7as na Petrobras<\/h2>\n<p>Ex-militar, Coelho \u00e9 nome de confian\u00e7a do\u00a0<strong>ministro Bento Albuquerque<\/strong>. \u00c9 t\u00e9cnico da \u00e1rea e executivo ligado ao\u00a0<strong>setor de petr\u00f3leo<\/strong>. O nome dele ainda precisa passar pelo crivo dos acionistas na\u00a0Assembleia Geral Ordin\u00e1ria\u00a0e Extraordin\u00e1ria, no pr\u00f3ximo dia 13 de abril.<\/p>\n<p>minist\u00e9rio das Minas e Energia tamb\u00e9m anunciou a<strong>\u00a0indica\u00e7\u00e3o de M\u00e1rcio Weber\u00a0<\/strong>\u00e0 Presid\u00eancia do\u00a0<strong>Conselho de Administra\u00e7\u00e3o<\/strong>\u00a0da Petrobras. Weber \u00e9 atual conselheiro da empresa. Foi membro da Diretoria de Servi\u00e7os da Petrobras Internacional (Braspetro) e diretor da Petroserv S.A. Ele chegou a ser cotado para indica\u00e7\u00e3o a CEO da companhia.<\/p>\n\t<p>\n\t\t<a href=\"https:\/\/lp.suno.com.br\/planilha-controle-gastos\/\" target=\"_blank\" data-element=\"shortcode-suno-banner\" title=\"Banner SUNO, clique e saiba mais\">\n\t\t\t<picture>\n\t\t\t\t<source media=\"(max-width: 500px)\" srcset=\"https:\/\/files.sunoresearch.com.br\/n\/uploads\/2023\/03\/400x300-Planilha-controle-de-gastos.png\">\n\t\t\t\t<img class=\"newsContent__article__imgCapa newsContent__article__imgCapa--banner\"\n\t\t\t\t\tsrc=\"https:\/\/files.sunoresearch.com.br\/n\/uploads\/2023\/03\/1420x240-Planilha-controle-de-gastos.png\"\n\t\t\t\t\tdata-promo-id=\"101751\"\t\t\t\t\t\t\t\t\t\twidth='1420' height='240'\t\t\t\t\talt=\"https:\/\/files.sunoresearch.com.br\/n\/uploads\/2023\/03\/1420x240-Planilha-controle-de-gastos.png\"\n\t\t\t\t>\n\t\t\t<\/picture>\n\t\t<\/a>\n\t<\/p>\n\n\n<p>M\u00e1rcio Andrade Weber \u00e9 engenheiro civil formado pela Universidade Federal do Rio Grande do Sul e tem especializa\u00e7\u00e3o em engenharia de petr\u00f3leo pela Petrobras. Entrou na empresa em 1976. onde trabalhou por 16 anos, tendo sido um dos pioneiros no desenvolvimento da Bacia de Campos. Desenvolveu a participa\u00e7\u00e3o da companhia nas atividades de E&amp;P, navega\u00e7\u00e3o de apoio e sondas de perfura\u00e7\u00e3o para \u00e1guas profundas.<\/p>\n<p>A indica\u00e7\u00e3o de Weber saiu depois que o presidente do clube de futebol Flamengo,\u00a0<a href=\"https:\/\/www.suno.com.br\/noticias\/petrobras-petr4-rodolfo-landim-flamengo-desiste-de-presidir-conselho-administracao\/\">Rodolfo Landim<\/a>, anunciou a desist\u00eancia do cargo na noite de domingo (3).<\/p>\n<p>Weber tamb\u00e9m precisa ser aprovado em assembleia de acionistas da Petrobras no dia 13. O governo tem a maioria das\u00a0<strong>a\u00e7\u00f5es da Petrobras<\/strong>\u00a0com direito a voto.<\/p>\n\t<p>\n\t\t<a href=\"https:\/\/lp.suno.com.br\/planilha-da-vida-financeira\/\" target=\"_blank\" data-element=\"shortcode-suno-banner\" title=\"Banner SUNO, clique e saiba mais\">\n\t\t\t<picture>\n\t\t\t\t<source media=\"(max-width: 500px)\" srcset=\"https:\/\/files.sunoresearch.com.br\/n\/uploads\/2023\/04\/400x300-Planilha-vida-financeira-true.png\">\n\t\t\t\t<img class=\"newsContent__article__imgCapa newsContent__article__imgCapa--banner\"\n\t\t\t\t\tsrc=\"https:\/\/files.sunoresearch.com.br\/n\/uploads\/2023\/04\/1420x240-Planilha-vida-financeira-true.png\"\n\t\t\t\t\tdata-promo-id=\"106682\"\t\t\t\t\t\t\t\t\t\twidth='1420' height='240'\t\t\t\t\talt=\"https:\/\/files.sunoresearch.com.br\/n\/uploads\/2023\/04\/1420x240-Planilha-vida-financeira-true.png\"\n\t\t\t\t>\n\t\t\t<\/picture>\n\t\t<\/a>\n\t<\/p>\n\n\n<p>O indicado para a presid\u00eancia do Conselho de Administra\u00e7\u00e3o j\u00e1 passou por todas as etapas de an\u00e1lise do cumprimento das regras internas da companhia.<\/p>\n<p>Atual presidente do Conselho de Administra\u00e7\u00e3o da PPSA, Coelho foi secret\u00e1rio de Petr\u00f3leo do minist\u00e9rio entre mar\u00e7o e 2020 e outubro de 2021. Ele tamb\u00e9m foi diretor da Empresa de Pesquisa Energ\u00e9tica (EPE) e atuou na Ag\u00eancia Nacional do Petr\u00f3leo (ANP) por 15 anos.<\/p>\n<p>Jos\u00e9 Mauro Ferreira Coelho \u00e9 formado em Qu\u00edmica Industrial e possui especializa\u00e7\u00e3o em Ci\u00eancias dos Materiais pelo Instituto Nacional de Tecnologia. Tem mestrado em Engenharia dos Materiais e doutorado em Planejamento Energ\u00e9tico.<\/p>\n\t<p>\n\t\t<a href=\"https:\/\/lp.suno.com.br\/ebook-como-analisar-uma-acao\/\" target=\"_blank\" data-element=\"shortcode-suno-banner\" title=\"Banner SUNO, clique e saiba mais\">\n\t\t\t<picture>\n\t\t\t\t<source media=\"(max-width: 500px)\" srcset=\"https:\/\/files.sunoresearch.com.br\/n\/uploads\/2023\/03\/Ebook-Acoes-Mobile-1.jpg\">\n\t\t\t\t<img class=\"newsContent__article__imgCapa newsContent__article__imgCapa--banner\"\n\t\t\t\t\tsrc=\"https:\/\/files.sunoresearch.com.br\/n\/uploads\/2023\/03\/Ebook-Acoes-Desktop-1.jpg\"\n\t\t\t\t\tdata-promo-id=\"171998\"\t\t\t\t\t\t\t\t\t\twidth='1420' height='286'\t\t\t\t\talt=\"https:\/\/files.sunoresearch.com.br\/n\/uploads\/2023\/03\/Ebook-Acoes-Desktop-1.jpg\"\n\t\t\t\t>\n\t\t\t<\/picture>\n\t\t<\/a>\n\t<\/p>\n\n\n<p>Coelho n\u00e3o constava na lista de cotados para assumir a presid\u00eancia da Petrobras. Nesta quarta, ao menos tr\u00eas nomes estavam no radar do governo.<\/p>\n<p>O \u00faltimo deles era o de Caio Andrade, secret\u00e1rio do <a class=\"suno-keyword\" href=\"https:\/\/www.suno.com.br\/artigos\/ministerio-da-economia\/\" target=\"_blank\" rel=\"noopener\" data-force=\"no\" data-priority=\"3\">minist\u00e9rio da Economia<\/a> e pr\u00f3ximo do senador Fl\u00e1vio Bolsonaro, filho do presidente Jair Bolsonaro.<\/p>\n<p>O nome de Andrade n\u00e3o teve boa recep\u00e7\u00e3o no mercado: sem experi\u00eancia na ind\u00fastria de \u00f3leo e g\u00e1s, n\u00e3o foi CEO por muito tempo em grandes empresas. A avalia\u00e7\u00e3o era de que seria poss\u00edvel aprov\u00e1-lo porque presidiu a Serpro e empresas menores por ele fundadas.<\/p>\n<p>O secret\u00e1rio da equipe de Guedes, por\u00e9m, enfrentou a oposi\u00e7\u00e3o do presidente da C\u00e2mara, Arthur Lira (Progressistas-AL), que criticou o fato de ele n\u00e3o ter experi\u00eancia no setor para assumir a <strong>Petrobras<\/strong>.<\/p>\n\t<p>\n\t\t<a href=\"https:\/\/lp.suno.com.br\/planilha-de-controle-de-investimentos\/\" target=\"_blank\" data-element=\"shortcode-suno-banner\" title=\"Banner SUNO, clique e saiba mais\">\n\t\t\t<picture>\n\t\t\t\t<source media=\"(max-width: 500px)\" srcset=\"https:\/\/files.sunoresearch.com.br\/n\/uploads\/2023\/03\/400x300-Controle-de-Investimentos.png\">\n\t\t\t\t<img class=\"newsContent__article__imgCapa newsContent__article__imgCapa--banner\"\n\t\t\t\t\tsrc=\"https:\/\/files.sunoresearch.com.br\/n\/uploads\/2023\/03\/1420x240-Controle-de-Investimentos.png\"\n\t\t\t\t\tdata-promo-id=\"75934\"\t\t\t\t\t\t\t\t\t\twidth='1420' height='240'\t\t\t\t\talt=\"https:\/\/files.sunoresearch.com.br\/n\/uploads\/2023\/03\/1420x240-Controle-de-Investimentos.png\"\n\t\t\t\t>\n\t\t\t<\/picture>\n\t\t<\/a>\n\t<\/p>\n\n\n","protected":false},"excerpt":{"rendered":"<p>Segundo o parecer do Goldman Sachs sobre a nomea\u00e7\u00e3o do novo CEO da Petrobras (PETR4), a escolha \u00e9 boa e deve manter a estatal alinhada com o ritmo de crescimento visto nos \u00faltimos meses. Trata-se do nome de Jos\u00e9 Mauro Ferreira Coelho, que\u00a0preside o\u00a0Conselho de Administra\u00e7\u00e3o da PPSA (estatal respons\u00e1vel pela explora\u00e7\u00e3o do pr\u00e9-sal). Petrobras [&hellip;]<\/p>\n","protected":false},"author":73,"featured_media":248999,"comment_status":"closed","ping_status":"closed","sticky":false,"template":"","format":"standard","meta":[],"categories":[64],"tags":[105816,595],"suno_strategy":[],"class_list":["post-248984","post","type-post","status-publish","format-standard","has-post-thumbnail","hentry","category-negocios","tag-especialistas","tag-petrobras-petr4"],"yoast_head":"<!-- This site is optimized with the Yoast SEO plugin v24.4 - https:\/\/yoast.com\/wordpress\/plugins\/seo\/ -->\n<title>Novo presidente da Petrobras (PETR4) tem experi\u00eancia e n\u00e3o intervir\u00e1 em pre\u00e7os, diz Goldman Sachs<\/title>\n<meta name=\"description\" content=\"Segundo o Goldman Sachs, Coelho deve manter o ritmo atual de crescimento da Petrobras e n\u00e3o far\u00e1 interven\u00e7\u00f5es. Clique aqui e leia mais.\" \/>\n<meta name=\"robots\" content=\"index, follow, max-snippet:-1, max-image-preview:large, max-video-preview:-1\" \/>\n<link rel=\"canonical\" href=\"https:\/\/www.suno.com.br\/noticias\/petrobras-petr4-presidente-ceo-coelho\/\" \/>\n<meta property=\"og:locale\" content=\"pt_BR\" \/>\n<meta property=\"og:type\" content=\"article\" \/>\n<meta property=\"og:title\" content=\"Novo presidente da Petrobras (PETR4) tem experi\u00eancia e n\u00e3o intervir\u00e1 em pre\u00e7os, diz Goldman Sachs\" \/>\n<meta property=\"og:description\" content=\"Segundo o Goldman Sachs, Coelho deve manter o ritmo atual de crescimento da Petrobras e n\u00e3o far\u00e1 interven\u00e7\u00f5es. Clique aqui e leia mais.\" \/>\n<meta property=\"og:url\" content=\"https:\/\/www.suno.com.br\/noticias\/petrobras-petr4-presidente-ceo-coelho\/\" \/>\n<meta property=\"og:site_name\" content=\"Suno Not\u00edcias\" \/>\n<meta property=\"article:publisher\" content=\"https:\/\/facebook.com\/sunoresearch\" \/>\n<meta property=\"og:image\" content=\"https:\/\/files.sunoresearch.com.br\/n\/uploads\/2022\/04\/coelho-petro-1.jpg\" \/>\n\t<meta property=\"og:image:width\" content=\"1200\" \/>\n\t<meta property=\"og:image:height\" content=\"858\" \/>\n\t<meta property=\"og:image:type\" content=\"image\/jpeg\" \/>\n<meta name=\"author\" content=\"Eduardo Vargas\" \/>\n<meta name=\"twitter:card\" content=\"summary_large_image\" \/>\n<meta name=\"twitter:creator\" content=\"@sunoresearch\" \/>\n<meta name=\"twitter:site\" content=\"@sunoresearch\" \/>\n<meta name=\"twitter:label1\" content=\"Escrito por\" \/>\n\t<meta name=\"twitter:data1\" content=\"Eduardo Vargas\" \/>\n\t<meta name=\"twitter:label2\" content=\"Est. tempo de leitura\" \/>\n\t<meta name=\"twitter:data2\" content=\"5 minutos\" \/>\n<script type=\"application\/ld+json\" class=\"yoast-schema-graph\">{\"@context\":\"https:\/\/schema.org\",\"@graph\":[{\"@type\":\"NewsArticle\",\"@id\":\"https:\/\/www.suno.com.br\/noticias\/petrobras-petr4-presidente-ceo-coelho\/#article\",\"isPartOf\":{\"@id\":\"https:\/\/www.suno.com.br\/noticias\/petrobras-petr4-presidente-ceo-coelho\/\"},\"author\":{\"name\":\"Eduardo Vargas\",\"@id\":\"https:\/\/www.suno.com.br\/noticias\/#\/schema\/person\/7f4d362bf3518e76090143ae77bb49a5\"},\"headline\":\"Novo presidente da Petrobras (PETR4) tem experi\u00eancia e n\u00e3o far\u00e1 interven\u00e7\u00f5es, analisa Goldman Sachs\",\"datePublished\":\"2022-04-07T19:45:47+00:00\",\"mainEntityOfPage\":{\"@id\":\"https:\/\/www.suno.com.br\/noticias\/petrobras-petr4-presidente-ceo-coelho\/\"},\"wordCount\":923,\"publisher\":{\"@id\":\"https:\/\/www.suno.com.br\/noticias\/#organization\"},\"image\":{\"@id\":\"https:\/\/www.suno.com.br\/noticias\/petrobras-petr4-presidente-ceo-coelho\/#primaryimage\"},\"thumbnailUrl\":\"https:\/\/files.sunoresearch.com.br\/n\/uploads\/2022\/04\/coelho-petro-1.jpg\",\"keywords\":[\"Especialistas\",\"Petrobras (PETR4)\"],\"articleSection\":[\"Neg\u00f3cios\"],\"inLanguage\":\"pt-BR\"},{\"@type\":\"WebPage\",\"@id\":\"https:\/\/www.suno.com.br\/noticias\/petrobras-petr4-presidente-ceo-coelho\/\",\"url\":\"https:\/\/www.suno.com.br\/noticias\/petrobras-petr4-presidente-ceo-coelho\/\",\"name\":\"Novo presidente da Petrobras (PETR4) tem experi\u00eancia e n\u00e3o intervir\u00e1 em pre\u00e7os, diz Goldman Sachs\",\"isPartOf\":{\"@id\":\"https:\/\/www.suno.com.br\/noticias\/#website\"},\"primaryImageOfPage\":{\"@id\":\"https:\/\/www.suno.com.br\/noticias\/petrobras-petr4-presidente-ceo-coelho\/#primaryimage\"},\"image\":{\"@id\":\"https:\/\/www.suno.com.br\/noticias\/petrobras-petr4-presidente-ceo-coelho\/#primaryimage\"},\"thumbnailUrl\":\"https:\/\/files.sunoresearch.com.br\/n\/uploads\/2022\/04\/coelho-petro-1.jpg\",\"datePublished\":\"2022-04-07T19:45:47+00:00\",\"description\":\"Segundo o Goldman Sachs, Coelho deve manter o ritmo atual de crescimento da Petrobras e n\u00e3o far\u00e1 interven\u00e7\u00f5es. Clique aqui e leia mais.\",\"breadcrumb\":{\"@id\":\"https:\/\/www.suno.com.br\/noticias\/petrobras-petr4-presidente-ceo-coelho\/#breadcrumb\"},\"inLanguage\":\"pt-BR\",\"potentialAction\":[{\"@type\":\"ReadAction\",\"target\":[\"https:\/\/www.suno.com.br\/noticias\/petrobras-petr4-presidente-ceo-coelho\/\"]}]},{\"@type\":\"ImageObject\",\"inLanguage\":\"pt-BR\",\"@id\":\"https:\/\/www.suno.com.br\/noticias\/petrobras-petr4-presidente-ceo-coelho\/#primaryimage\",\"url\":\"https:\/\/files.sunoresearch.com.br\/n\/uploads\/2022\/04\/coelho-petro-1.jpg\",\"contentUrl\":\"https:\/\/files.sunoresearch.com.br\/n\/uploads\/2022\/04\/coelho-petro-1.jpg\",\"width\":1200,\"height\":858,\"caption\":\"Ap\u00f3s indica\u00e7\u00e3o de Coelho, a\u00e7\u00f5es da Petrobras sobem quase 5% no intradia - Foto: Reprodu\u00e7\u00e3o\/Ag\u00eancia Senado\"},{\"@type\":\"BreadcrumbList\",\"@id\":\"https:\/\/www.suno.com.br\/noticias\/petrobras-petr4-presidente-ceo-coelho\/#breadcrumb\",\"itemListElement\":[{\"@type\":\"ListItem\",\"position\":1,\"name\":\"Not\u00edcias\",\"item\":\"https:\/\/www.suno.com.br\/noticias\/\"},{\"@type\":\"ListItem\",\"position\":2,\"name\":\"Neg\u00f3cios\",\"item\":\"https:\/\/www.suno.com.br\/noticias\/negocios\/\"},{\"@type\":\"ListItem\",\"position\":3,\"name\":\"Novo presidente da Petrobras (PETR4) tem experi\u00eancia e n\u00e3o far\u00e1 interven\u00e7\u00f5es, analisa Goldman Sachs\"}]},{\"@type\":\"WebSite\",\"@id\":\"https:\/\/www.suno.com.br\/noticias\/#website\",\"url\":\"https:\/\/www.suno.com.br\/noticias\/\",\"name\":\"Suno Not\u00edcias\",\"description\":\"Seu portal de informa\u00e7\u00e3o sobre o mundo dos investimentos\",\"publisher\":{\"@id\":\"https:\/\/www.suno.com.br\/noticias\/#organization\"},\"potentialAction\":[{\"@type\":\"SearchAction\",\"target\":{\"@type\":\"EntryPoint\",\"urlTemplate\":\"https:\/\/www.suno.com.br\/noticias\/?s={search_term_string}\"},\"query-input\":{\"@type\":\"PropertyValueSpecification\",\"valueRequired\":true,\"valueName\":\"search_term_string\"}}],\"inLanguage\":\"pt-BR\"},{\"@type\":\"Organization\",\"@id\":\"https:\/\/www.suno.com.br\/noticias\/#organization\",\"name\":\"Suno Not\u00edcias\",\"url\":\"https:\/\/www.suno.com.br\/noticias\/\",\"logo\":{\"@type\":\"ImageObject\",\"inLanguage\":\"pt-BR\",\"@id\":\"https:\/\/www.suno.com.br\/noticias\/#\/schema\/logo\/image\/\",\"url\":\"https:\/\/files.sunoresearch.com.br\/n\/uploads\/2021\/09\/suno-logo.png\",\"contentUrl\":\"https:\/\/files.sunoresearch.com.br\/n\/uploads\/2021\/09\/suno-logo.png\",\"width\":180,\"height\":180,\"caption\":\"Suno Not\u00edcias\"},\"image\":{\"@id\":\"https:\/\/www.suno.com.br\/noticias\/#\/schema\/logo\/image\/\"},\"sameAs\":[\"https:\/\/facebook.com\/sunoresearch\",\"https:\/\/x.com\/sunoresearch\",\"https:\/\/www.instagram.com\/suno\",\"https:\/\/www.linkedin.com\/company\/suno-research\/\",\"https:\/\/www.youtube.com\/c\/sunoresearch\"]},{\"@type\":\"Person\",\"@id\":\"https:\/\/www.suno.com.br\/noticias\/#\/schema\/person\/7f4d362bf3518e76090143ae77bb49a5\",\"name\":\"Eduardo Vargas\",\"image\":{\"@type\":\"ImageObject\",\"inLanguage\":\"pt-BR\",\"@id\":\"https:\/\/www.suno.com.br\/noticias\/#\/schema\/person\/image\/\",\"url\":\"https:\/\/secure.gravatar.com\/avatar\/dac340933427a22924c9f99d1eb2e3f2?s=96&r=g\",\"contentUrl\":\"https:\/\/secure.gravatar.com\/avatar\/dac340933427a22924c9f99d1eb2e3f2?s=96&r=g\",\"caption\":\"Eduardo Vargas\"},\"description\":\"Jornalista formado pela UFSC, cobre macroeconomia, neg\u00f3cios e startups para o Suno Not\u00edcias, escrevendo principalmente not\u00edcias sobre o mercado financeiro e a bolsa de valores. No YouTube e no Instagram, \u00e9 respons\u00e1vel pela produ\u00e7\u00e3o de Reels e Shorts do Suno Not\u00edcias. Anteriormente, trabalhou cobrindo economia e cotidiano no ND+ e para o ND, maior jornal impresso de Santa Catarina. Cursou um semestre letivo de Estudos de M\u00eddia na Universidad de Buenos Aires.\",\"url\":\"https:\/\/www.suno.com.br\/noticias\/author\/eduardo-vargas\/\"}]}<\/script>\n<!-- \/ Yoast SEO plugin. -->","yoast_head_json":{"title":"Novo presidente da Petrobras (PETR4) tem experi\u00eancia e n\u00e3o intervir\u00e1 em pre\u00e7os, diz Goldman Sachs","description":"Segundo o Goldman Sachs, Coelho deve manter o ritmo atual de crescimento da Petrobras e n\u00e3o far\u00e1 interven\u00e7\u00f5es. Clique aqui e leia mais.","robots":{"index":"index","follow":"follow","max-snippet":"max-snippet:-1","max-image-preview":"max-image-preview:large","max-video-preview":"max-video-preview:-1"},"canonical":"https:\/\/www.suno.com.br\/noticias\/petrobras-petr4-presidente-ceo-coelho\/","og_locale":"pt_BR","og_type":"article","og_title":"Novo presidente da Petrobras (PETR4) tem experi\u00eancia e n\u00e3o intervir\u00e1 em pre\u00e7os, diz Goldman Sachs","og_description":"Segundo o Goldman Sachs, Coelho deve manter o ritmo atual de crescimento da Petrobras e n\u00e3o far\u00e1 interven\u00e7\u00f5es. Clique aqui e leia mais.","og_url":"https:\/\/www.suno.com.br\/noticias\/petrobras-petr4-presidente-ceo-coelho\/","og_site_name":"Suno Not\u00edcias","article_publisher":"https:\/\/facebook.com\/sunoresearch","og_image":[{"width":1200,"height":858,"url":"https:\/\/files.sunoresearch.com.br\/n\/uploads\/2022\/04\/coelho-petro-1.jpg","type":"image\/jpeg"}],"author":"Eduardo Vargas","twitter_card":"summary_large_image","twitter_creator":"@sunoresearch","twitter_site":"@sunoresearch","twitter_misc":{"Escrito por":"Eduardo Vargas","Est. tempo de leitura":"5 minutos"},"schema":{"@context":"https:\/\/schema.org","@graph":[{"@type":"NewsArticle","@id":"https:\/\/www.suno.com.br\/noticias\/petrobras-petr4-presidente-ceo-coelho\/#article","isPartOf":{"@id":"https:\/\/www.suno.com.br\/noticias\/petrobras-petr4-presidente-ceo-coelho\/"},"author":{"name":"Eduardo Vargas","@id":"https:\/\/www.suno.com.br\/noticias\/#\/schema\/person\/7f4d362bf3518e76090143ae77bb49a5"},"headline":"Novo presidente da Petrobras (PETR4) tem experi\u00eancia e n\u00e3o far\u00e1 interven\u00e7\u00f5es, analisa Goldman Sachs","datePublished":"2022-04-07T19:45:47+00:00","mainEntityOfPage":{"@id":"https:\/\/www.suno.com.br\/noticias\/petrobras-petr4-presidente-ceo-coelho\/"},"wordCount":923,"publisher":{"@id":"https:\/\/www.suno.com.br\/noticias\/#organization"},"image":{"@id":"https:\/\/www.suno.com.br\/noticias\/petrobras-petr4-presidente-ceo-coelho\/#primaryimage"},"thumbnailUrl":"https:\/\/files.sunoresearch.com.br\/n\/uploads\/2022\/04\/coelho-petro-1.jpg","keywords":["Especialistas","Petrobras (PETR4)"],"articleSection":["Neg\u00f3cios"],"inLanguage":"pt-BR"},{"@type":"WebPage","@id":"https:\/\/www.suno.com.br\/noticias\/petrobras-petr4-presidente-ceo-coelho\/","url":"https:\/\/www.suno.com.br\/noticias\/petrobras-petr4-presidente-ceo-coelho\/","name":"Novo presidente da Petrobras (PETR4) tem experi\u00eancia e n\u00e3o intervir\u00e1 em pre\u00e7os, diz Goldman Sachs","isPartOf":{"@id":"https:\/\/www.suno.com.br\/noticias\/#website"},"primaryImageOfPage":{"@id":"https:\/\/www.suno.com.br\/noticias\/petrobras-petr4-presidente-ceo-coelho\/#primaryimage"},"image":{"@id":"https:\/\/www.suno.com.br\/noticias\/petrobras-petr4-presidente-ceo-coelho\/#primaryimage"},"thumbnailUrl":"https:\/\/files.sunoresearch.com.br\/n\/uploads\/2022\/04\/coelho-petro-1.jpg","datePublished":"2022-04-07T19:45:47+00:00","description":"Segundo o Goldman Sachs, Coelho deve manter o ritmo atual de crescimento da Petrobras e n\u00e3o far\u00e1 interven\u00e7\u00f5es. Clique aqui e leia mais.","breadcrumb":{"@id":"https:\/\/www.suno.com.br\/noticias\/petrobras-petr4-presidente-ceo-coelho\/#breadcrumb"},"inLanguage":"pt-BR","potentialAction":[{"@type":"ReadAction","target":["https:\/\/www.suno.com.br\/noticias\/petrobras-petr4-presidente-ceo-coelho\/"]}]},{"@type":"ImageObject","inLanguage":"pt-BR","@id":"https:\/\/www.suno.com.br\/noticias\/petrobras-petr4-presidente-ceo-coelho\/#primaryimage","url":"https:\/\/files.sunoresearch.com.br\/n\/uploads\/2022\/04\/coelho-petro-1.jpg","contentUrl":"https:\/\/files.sunoresearch.com.br\/n\/uploads\/2022\/04\/coelho-petro-1.jpg","width":1200,"height":858,"caption":"Ap\u00f3s indica\u00e7\u00e3o de Coelho, a\u00e7\u00f5es da Petrobras sobem quase 5% no intradia - Foto: Reprodu\u00e7\u00e3o\/Ag\u00eancia Senado"},{"@type":"BreadcrumbList","@id":"https:\/\/www.suno.com.br\/noticias\/petrobras-petr4-presidente-ceo-coelho\/#breadcrumb","itemListElement":[{"@type":"ListItem","position":1,"name":"Not\u00edcias","item":"https:\/\/www.suno.com.br\/noticias\/"},{"@type":"ListItem","position":2,"name":"Neg\u00f3cios","item":"https:\/\/www.suno.com.br\/noticias\/negocios\/"},{"@type":"ListItem","position":3,"name":"Novo presidente da Petrobras (PETR4) tem experi\u00eancia e n\u00e3o far\u00e1 interven\u00e7\u00f5es, analisa Goldman Sachs"}]},{"@type":"WebSite","@id":"https:\/\/www.suno.com.br\/noticias\/#website","url":"https:\/\/www.suno.com.br\/noticias\/","name":"Suno Not\u00edcias","description":"Seu portal de informa\u00e7\u00e3o sobre o mundo dos investimentos","publisher":{"@id":"https:\/\/www.suno.com.br\/noticias\/#organization"},"potentialAction":[{"@type":"SearchAction","target":{"@type":"EntryPoint","urlTemplate":"https:\/\/www.suno.com.br\/noticias\/?s={search_term_string}"},"query-input":{"@type":"PropertyValueSpecification","valueRequired":true,"valueName":"search_term_string"}}],"inLanguage":"pt-BR"},{"@type":"Organization","@id":"https:\/\/www.suno.com.br\/noticias\/#organization","name":"Suno Not\u00edcias","url":"https:\/\/www.suno.com.br\/noticias\/","logo":{"@type":"ImageObject","inLanguage":"pt-BR","@id":"https:\/\/www.suno.com.br\/noticias\/#\/schema\/logo\/image\/","url":"https:\/\/files.sunoresearch.com.br\/n\/uploads\/2021\/09\/suno-logo.png","contentUrl":"https:\/\/files.sunoresearch.com.br\/n\/uploads\/2021\/09\/suno-logo.png","width":180,"height":180,"caption":"Suno Not\u00edcias"},"image":{"@id":"https:\/\/www.suno.com.br\/noticias\/#\/schema\/logo\/image\/"},"sameAs":["https:\/\/facebook.com\/sunoresearch","https:\/\/x.com\/sunoresearch","https:\/\/www.instagram.com\/suno","https:\/\/www.linkedin.com\/company\/suno-research\/","https:\/\/www.youtube.com\/c\/sunoresearch"]},{"@type":"Person","@id":"https:\/\/www.suno.com.br\/noticias\/#\/schema\/person\/7f4d362bf3518e76090143ae77bb49a5","name":"Eduardo Vargas","image":{"@type":"ImageObject","inLanguage":"pt-BR","@id":"https:\/\/www.suno.com.br\/noticias\/#\/schema\/person\/image\/","url":"https:\/\/secure.gravatar.com\/avatar\/dac340933427a22924c9f99d1eb2e3f2?s=96&r=g","contentUrl":"https:\/\/secure.gravatar.com\/avatar\/dac340933427a22924c9f99d1eb2e3f2?s=96&r=g","caption":"Eduardo Vargas"},"description":"Jornalista formado pela UFSC, cobre macroeconomia, neg\u00f3cios e startups para o Suno Not\u00edcias, escrevendo principalmente not\u00edcias sobre o mercado financeiro e a bolsa de valores. No YouTube e no Instagram, \u00e9 respons\u00e1vel pela produ\u00e7\u00e3o de Reels e Shorts do Suno Not\u00edcias. Anteriormente, trabalhou cobrindo economia e cotidiano no ND+ e para o ND, maior jornal impresso de Santa Catarina. Cursou um semestre letivo de Estudos de M\u00eddia na Universidad de Buenos Aires.","url":"https:\/\/www.suno.com.br\/noticias\/author\/eduardo-vargas\/"}]}},"default_loop_html":"<div class=\"cardsPage__listCard__boxs\"><div class=\"cardsPage__listCard__boxs__img\"><a href=\"https:\/\/www.suno.com.br\/noticias\/petrobras-petr4-indicacao-secretario-guedes-oposicao-empresarios\/\"><img class=\"mask\" src=\"https:\/\/www.suno.com.br\/noticias\/wp-content\/themes\/suno\/resources\/images\/spotlight\/spotlight1img\/bg-mask.png\" alt=\"Image Mask\"\/><img src=\"https:\/\/files.sunoresearch.com.br\/n\/uploads\/2022\/03\/Conteudo25449-400x200.jpg\" alt=\"Petrobras (PETR4): indica\u00e7\u00e3o de secret\u00e1rio de Guedes sofre oposi\u00e7\u00e3o de empres\u00e1rios\"\/><\/a><span class=\"spotlightCategory\"><a href=\"https:\/\/www.suno.com.br\/noticias\/negocios\/\">Neg\u00f3cios<\/a><\/span><\/div><div class=\"cardsPage__listCard__boxs__content\"><a href=\"https:\/\/www.suno.com.br\/noticias\/petrobras-petr4-indicacao-secretario-guedes-oposicao-empresarios\/\"><h2 class=\"content__title\">Petrobras (PETR4): indica\u00e7\u00e3o de secret\u00e1rio de Guedes sofre oposi\u00e7\u00e3o de empres\u00e1rios<\/h2><\/a><div class=\"newsContent__article__meta\"><div class=\"newsContent__article__meta__authorBox\"><a href=\"https:\/\/www.suno.com.br\/noticias\/author\/bloomberg-linea\/\" class=\"authorBox__avatar noMobi\"><img src=\"https:\/\/files.sunoresearch.com.br\/n\/uploads\/2022\/01\/Bloomberg-Infogram_Black-TwoLines-150x150.png\" alt=\"Bloomberg L\u00ednea\"><\/a><div class=\"authorBox__name\"><span>por\n\t\t\t<a href=\"https:\/\/www.suno.com.br\/noticias\/author\/bloomberg-linea\/\"><span itemprop=\"author\">Bloomberg L\u00ednea<\/span><\/a><\/span><time datetime=\"2022-04-05T21:17:59-03:00\" itemprop=\"datePublished\">05\/04\/2022 21:17<\/time><\/div><\/div><\/div><\/div><\/div>","single_layout":"posts","amp_enabled":true,"_links":{"self":[{"href":"https:\/\/www.suno.com.br\/noticias\/wp-json\/wp\/v2\/posts\/248984"}],"collection":[{"href":"https:\/\/www.suno.com.br\/noticias\/wp-json\/wp\/v2\/posts"}],"about":[{"href":"https:\/\/www.suno.com.br\/noticias\/wp-json\/wp\/v2\/types\/post"}],"author":[{"embeddable":true,"href":"https:\/\/www.suno.com.br\/noticias\/wp-json\/wp\/v2\/users\/73"}],"replies":[{"embeddable":true,"href":"https:\/\/www.suno.com.br\/noticias\/wp-json\/wp\/v2\/comments?post=248984"}],"version-history":[{"count":1,"href":"https:\/\/www.suno.com.br\/noticias\/wp-json\/wp\/v2\/posts\/248984\/revisions"}],"predecessor-version":[{"id":249001,"href":"https:\/\/www.suno.com.br\/noticias\/wp-json\/wp\/v2\/posts\/248984\/revisions\/249001"}],"wp:featuredmedia":[{"embeddable":true,"href":"https:\/\/www.suno.com.br\/noticias\/wp-json\/wp\/v2\/media\/248999"}],"wp:attachment":[{"href":"https:\/\/www.suno.com.br\/noticias\/wp-json\/wp\/v2\/media?parent=248984"}],"wp:term":[{"taxonomy":"category","embeddable":true,"href":"https:\/\/www.suno.com.br\/noticias\/wp-json\/wp\/v2\/categories?post=248984"},{"taxonomy":"post_tag","embeddable":true,"href":"https:\/\/www.suno.com.br\/noticias\/wp-json\/wp\/v2\/tags?post=248984"},{"taxonomy":"suno_strategy","embeddable":true,"href":"https:\/\/www.suno.com.br\/noticias\/wp-json\/wp\/v2\/suno_strategy?post=248984"}],"curies":[{"name":"wp","href":"https:\/\/api.w.org\/{rel}","templated":true}]}}