{"id":24898,"date":"2019-05-17T08:03:23","date_gmt":"2019-05-17T11:03:23","guid":{"rendered":"https:\/\/www.suno.com.br\/noticias\/?p=24898"},"modified":"2019-05-17T13:00:59","modified_gmt":"2019-05-17T16:00:59","slug":"bolsonora-politica-precos-gasolina-petrobras","status":"publish","type":"post","link":"https:\/\/www.suno.com.br\/noticias\/bolsonora-politica-precos-gasolina-petrobras\/","title":{"rendered":"Bolsonaro afirma que pol\u00edtica de pre\u00e7os da Petrobras pode ser revista"},"content":{"rendered":"<p>Na \u00faltima quinta-feira (16) o presidente Jair Bolsonaro disse que pode rever os <strong>pre\u00e7os da Petrobras<\/strong> desde que n\u00e3o haja <strong>preju\u00edzos<\/strong> para estatal. Em sua transmiss\u00e3o ao vivo no Facebook, feito no Texas, o presidente disse que a popula\u00e7\u00e3o reclama sobre os pre\u00e7os &#8220;o tempo todo&#8221;.<\/p>\t<div class=\"wrapper-featured-image\">\n\t\t<figure class=\"spotlightImg\">\n\n\t\t\t<picture>\n\t\t\t\t<source media=\"(max-width: 768px)\" srcset=\"https:\/\/files.sunoresearch.com.br\/n\/uploads\/2019\/05\/5f35827e-jair-bolsonaro-400x200.webp\">\n\t\t\t\t<img loading=\"lazy\" decoding=\"async\" class=\"newsContent__article__imgCapa lazyloadDisabled newsContent__article__imgCapa--noCaption\" src=\"https:\/\/files.sunoresearch.com.br\/n\/uploads\/2019\/05\/5f35827e-jair-bolsonaro-800x450.webp\" width=\"800\" height=\"450\" alt=\"Bolsonaro afirma que pol\u00edtica de pre\u00e7os da Petrobras pode ser revista\" fetchpriority=high \/>\n\t\t\t<\/picture>\n\n\t\t\t<figcaption class=\"wp-caption-text wp-caption-text--hide\">bolsonaro<\/figcaption>\n\t\t<\/figure>\n\t<\/div>\n\n\n<p>&#8220;O pessoal reclama do pre\u00e7o da gasolina a R$ 5. E eles me culpam, atiram para cima de mim o tempo todo. O pre\u00e7o do combust\u00edvel \u00e9 feito pela <strong>Petrobras<\/strong>&#8220;, disse <strong>Jair Bolsonaro<\/strong>.<\/p>\n<p>Al\u00e9m disso,o presidente completa afirmando que o pre\u00e7o &#8220;leva em conta o pre\u00e7o do <strong>barril de petr\u00f3leo<\/strong> l\u00e1 fora, bem como a varia\u00e7\u00e3o do <strong>d\u00f3lar<\/strong>. L\u00f3gico que se a gente puder rever isso a\u00ed sem preju\u00edzo para a empresa, sem problema nenhum, \u00e0s vezes, a pol\u00edtica pode ter algum equ\u00edvoco&#8221;.<\/p>\n<p>Ademais, o <strong>ministro de Minas e Energia<\/strong>, <strong>Bento Albuquerque<\/strong>, tamb\u00e9m participou da transmiss\u00e3o. Para o ministro ser\u00e1 reduzido o pre\u00e7o da gasolina quando houver\u00a0 &#8220;maior produ\u00e7\u00e3o&#8221; e &#8220;quando n\u00e3o formos dependentes do petr\u00f3leo que hoje ainda continuamos exportando e importando&#8221;.<\/p>\n\t<p>\n\t\t<a href=\"https:\/\/lp.suno.com.br\/nossas-assinaturas\/?utm_campaign=_SNC8166F3A4_\" target=\"_blank\" data-element=\"shortcode-suno-banner\" title=\"Banner SUNO, clique e saiba mais\">\n\t\t\t<picture>\n\t\t\t\t<source media=\"(max-width: 500px)\" srcset=\"https:\/\/files.sunoresearch.com.br\/n\/uploads\/2025\/08\/Artigos-e-Noticias-Banner-Materias-01-Mobile_-400x300-1-png.webp\">\n\t\t\t\t<img class=\"newsContent__article__imgCapa newsContent__article__imgCapa--banner\"\n\t\t\t\t\tsrc=\"https:\/\/files.sunoresearch.com.br\/n\/uploads\/2025\/08\/Artigos-e-Noticias-Banner-Materias-01-Desktop_-1420x240-4-png.webp\"\n\t\t\t\t\tdata-promo-id=\"620371\"\t\t\t\t\t\t\t\t\t\twidth='1420' height='240'\t\t\t\t\talt=\"https:\/\/files.sunoresearch.com.br\/n\/uploads\/2025\/08\/Artigos-e-Noticias-Banner-Materias-01-Desktop_-1420x240-4-png.webp\"\n\t\t\t\t>\n\t\t\t<\/picture>\n\t\t<\/a>\n\t<\/p>\n\n\n<h2>Bolsonaro &#8220;n\u00e3o pode&#8221; intervir na pol\u00edtica de pre\u00e7os<\/h2>\n<p>No dia 11 de mar\u00e7o, a<strong> Petrobras<\/strong> havia anunciado um reajuste de 5,7% nos pre\u00e7os dos<strong> diesel<\/strong>. Por\u00e9m, <strong>Bolsonaro<\/strong> determinou o cancelamento do aumento. A decis\u00e3o provocou dados na estatal na ordem de R$ 32 milh\u00f5es em valor de mercados.<\/p>\n<p>No entanto, no dia 16 de mar\u00e7o, o <strong>porta-voz da Presid\u00eancia da Rep\u00fablica<\/strong>, <strong>Ot\u00e1vio R\u00eago<\/strong>, informou que o presidente havia dito que n\u00e3o queria e n\u00e3o podia intervir na pol\u00edtica de pre\u00e7os da<strong> Petrobras<\/strong>.<\/p>\n<p>&#8220;Uma frase que o nosso presidente disse logo no in\u00edcio da reuni\u00e3o: &#8216;eu n\u00e3o quero e n\u00e3o tenho direito de intervir na <strong>Petrobras<\/strong>&#8216;&#8221;, relatou o porta-voz.<\/p>\n<p><a href=\"https:\/\/www.suno.com.br\/noticias\/petrobras-pre-sal-producao-2019\/\">Saiba Mais: Petrobras: pr\u00e9-sal vai responder por at\u00e9 60% da produ\u00e7\u00e3o em 2019<\/a><\/p>\n<p>O cancelamento do reajuste fez com que o <strong>mercado<\/strong> temesse uma poss\u00edvel volta do intervencionismo na<strong> estatal<\/strong>, como ocorreu na gest\u00e3o da ex-presidente <strong>Dilma Rousseff<\/strong>.<\/p>\n<p>&#8220;Eu n\u00e3o quero, por quest\u00f5es de conceito dele, e eu n\u00e3o posso, por quest\u00f5es legais e at\u00e9 mesmo quest\u00f5es pol\u00edticas&#8221;, completou <strong>R\u00eago Barros<\/strong>.<\/p>\n<p>A fala de <strong>Bolsonaro<\/strong> ocorreu logo ap\u00f3s os <strong>ministros da Economia<\/strong>, <strong>Paulo Guedes<\/strong>, e o ministro Albuquerque, afirmarem que a <strong>Petrobras<\/strong> tem liberdade para escolher o momento e o valor do reajuste.<\/p>\n","protected":false},"excerpt":{"rendered":"<p>Na \u00faltima quinta-feira (16) o presidente Jair Bolsonaro disse que pode rever os pre\u00e7os da Petrobras desde que n\u00e3o haja preju\u00edzos para estatal. Em sua transmiss\u00e3o ao vivo no Facebook, feito no Texas, o presidente disse que a popula\u00e7\u00e3o reclama sobre os pre\u00e7os &#8220;o tempo todo&#8221;. bolsonaro &#8220;O pessoal reclama do pre\u00e7o da gasolina a [&hellip;]<\/p>\n","protected":false},"author":15,"featured_media":23339,"comment_status":"closed","ping_status":"closed","sticky":false,"template":"","format":"standard","meta":[],"categories":[62],"tags":[719,595],"suno_strategy":[],"class_list":["post-24898","post","type-post","status-publish","format-standard","has-post-thumbnail","hentry","category-economia","tag-jair-bolsonaro","tag-petrobras-petr4"],"yoast_head":"<!-- This site is optimized with the Yoast SEO plugin v24.4 - https:\/\/yoast.com\/wordpress\/plugins\/seo\/ -->\n<title>Bolsonaro afirma que pol\u00edtica de pre\u00e7os da Petrobras pode ser revista<\/title>\n<meta name=\"description\" content=\"Na \u00faltima quinta (16) Bolsonaro disse que pode rever os pre\u00e7os da Petrobras se n\u00e3o houver preju\u00edzos para estatal. Clique aqui e saiba mais\" \/>\n<meta name=\"robots\" content=\"index, follow, max-snippet:-1, max-image-preview:large, max-video-preview:-1\" \/>\n<link rel=\"canonical\" href=\"https:\/\/www.suno.com.br\/noticias\/bolsonora-politica-precos-gasolina-petrobras\/\" \/>\n<meta property=\"og:locale\" content=\"pt_BR\" \/>\n<meta property=\"og:type\" content=\"article\" \/>\n<meta property=\"og:title\" content=\"Bolsonaro afirma que pol\u00edtica de pre\u00e7os da Petrobras pode ser revista\" \/>\n<meta property=\"og:description\" content=\"Na \u00faltima quinta (16) Bolsonaro disse que pode rever os pre\u00e7os da Petrobras se n\u00e3o houver preju\u00edzos para estatal. Clique aqui e saiba mais\" \/>\n<meta property=\"og:url\" content=\"https:\/\/www.suno.com.br\/noticias\/bolsonora-politica-precos-gasolina-petrobras\/\" \/>\n<meta property=\"og:site_name\" content=\"Suno Not\u00edcias\" \/>\n<meta property=\"article:publisher\" content=\"https:\/\/facebook.com\/sunoresearch\" \/>\n<meta property=\"og:image\" content=\"https:\/\/files.sunoresearch.com.br\/n\/uploads\/2019\/05\/5f35827e-jair-bolsonaro.jpg\" \/>\n\t<meta property=\"og:image:width\" content=\"1024\" \/>\n\t<meta property=\"og:image:height\" content=\"683\" \/>\n\t<meta property=\"og:image:type\" content=\"image\/jpeg\" \/>\n<meta name=\"author\" content=\"Poliana Santos\" \/>\n<meta name=\"twitter:card\" content=\"summary_large_image\" \/>\n<meta name=\"twitter:creator\" content=\"@sunoresearch\" \/>\n<meta name=\"twitter:site\" content=\"@sunoresearch\" \/>\n<meta name=\"twitter:label1\" content=\"Escrito por\" \/>\n\t<meta name=\"twitter:data1\" content=\"Poliana Santos\" \/>\n\t<meta name=\"twitter:label2\" content=\"Est. tempo de leitura\" \/>\n\t<meta name=\"twitter:data2\" content=\"2 minutos\" \/>\n<script type=\"application\/ld+json\" class=\"yoast-schema-graph\">{\"@context\":\"https:\/\/schema.org\",\"@graph\":[{\"@type\":\"NewsArticle\",\"@id\":\"https:\/\/www.suno.com.br\/noticias\/bolsonora-politica-precos-gasolina-petrobras\/#article\",\"isPartOf\":{\"@id\":\"https:\/\/www.suno.com.br\/noticias\/bolsonora-politica-precos-gasolina-petrobras\/\"},\"author\":{\"name\":\"Poliana Santos\",\"@id\":\"https:\/\/www.suno.com.br\/noticias\/#\/schema\/person\/02ec1f752758247878a2bf4abee1aeda\"},\"headline\":\"Bolsonaro afirma que pol\u00edtica de pre\u00e7os da Petrobras pode ser revista\",\"datePublished\":\"2019-05-17T11:03:23+00:00\",\"dateModified\":\"2019-05-17T16:00:59+00:00\",\"mainEntityOfPage\":{\"@id\":\"https:\/\/www.suno.com.br\/noticias\/bolsonora-politica-precos-gasolina-petrobras\/\"},\"wordCount\":436,\"publisher\":{\"@id\":\"https:\/\/www.suno.com.br\/noticias\/#organization\"},\"image\":{\"@id\":\"https:\/\/www.suno.com.br\/noticias\/bolsonora-politica-precos-gasolina-petrobras\/#primaryimage\"},\"thumbnailUrl\":\"https:\/\/files.sunoresearch.com.br\/n\/uploads\/2019\/05\/5f35827e-jair-bolsonaro-jpg.webp\",\"keywords\":[\"Jair Bolsonaro\",\"Petrobras (PETR4)\"],\"articleSection\":[\"Economia\"],\"inLanguage\":\"pt-BR\"},{\"@type\":\"WebPage\",\"@id\":\"https:\/\/www.suno.com.br\/noticias\/bolsonora-politica-precos-gasolina-petrobras\/\",\"url\":\"https:\/\/www.suno.com.br\/noticias\/bolsonora-politica-precos-gasolina-petrobras\/\",\"name\":\"Bolsonaro afirma que pol\u00edtica de pre\u00e7os da Petrobras pode ser revista\",\"isPartOf\":{\"@id\":\"https:\/\/www.suno.com.br\/noticias\/#website\"},\"primaryImageOfPage\":{\"@id\":\"https:\/\/www.suno.com.br\/noticias\/bolsonora-politica-precos-gasolina-petrobras\/#primaryimage\"},\"image\":{\"@id\":\"https:\/\/www.suno.com.br\/noticias\/bolsonora-politica-precos-gasolina-petrobras\/#primaryimage\"},\"thumbnailUrl\":\"https:\/\/files.sunoresearch.com.br\/n\/uploads\/2019\/05\/5f35827e-jair-bolsonaro-jpg.webp\",\"datePublished\":\"2019-05-17T11:03:23+00:00\",\"dateModified\":\"2019-05-17T16:00:59+00:00\",\"description\":\"Na \u00faltima quinta (16) Bolsonaro disse que pode rever os pre\u00e7os da Petrobras se n\u00e3o houver preju\u00edzos para estatal. Clique aqui e saiba mais\",\"breadcrumb\":{\"@id\":\"https:\/\/www.suno.com.br\/noticias\/bolsonora-politica-precos-gasolina-petrobras\/#breadcrumb\"},\"inLanguage\":\"pt-BR\",\"potentialAction\":[{\"@type\":\"ReadAction\",\"target\":[\"https:\/\/www.suno.com.br\/noticias\/bolsonora-politica-precos-gasolina-petrobras\/\"]}]},{\"@type\":\"ImageObject\",\"inLanguage\":\"pt-BR\",\"@id\":\"https:\/\/www.suno.com.br\/noticias\/bolsonora-politica-precos-gasolina-petrobras\/#primaryimage\",\"url\":\"https:\/\/files.sunoresearch.com.br\/n\/uploads\/2019\/05\/5f35827e-jair-bolsonaro-jpg.webp\",\"contentUrl\":\"https:\/\/files.sunoresearch.com.br\/n\/uploads\/2019\/05\/5f35827e-jair-bolsonaro-jpg.webp\",\"width\":1024,\"height\":683,\"caption\":\"bolsonaro\"},{\"@type\":\"BreadcrumbList\",\"@id\":\"https:\/\/www.suno.com.br\/noticias\/bolsonora-politica-precos-gasolina-petrobras\/#breadcrumb\",\"itemListElement\":[{\"@type\":\"ListItem\",\"position\":1,\"name\":\"Not\u00edcias\",\"item\":\"https:\/\/www.suno.com.br\/noticias\/\"},{\"@type\":\"ListItem\",\"position\":2,\"name\":\"Economia\",\"item\":\"https:\/\/www.suno.com.br\/noticias\/economia\/\"},{\"@type\":\"ListItem\",\"position\":3,\"name\":\"Bolsonaro afirma que pol\u00edtica de pre\u00e7os da Petrobras pode ser revista\"}]},{\"@type\":\"WebSite\",\"@id\":\"https:\/\/www.suno.com.br\/noticias\/#website\",\"url\":\"https:\/\/www.suno.com.br\/noticias\/\",\"name\":\"Suno Not\u00edcias\",\"description\":\"Seu portal de informa\u00e7\u00e3o sobre o mundo dos investimentos\",\"publisher\":{\"@id\":\"https:\/\/www.suno.com.br\/noticias\/#organization\"},\"potentialAction\":[{\"@type\":\"SearchAction\",\"target\":{\"@type\":\"EntryPoint\",\"urlTemplate\":\"https:\/\/www.suno.com.br\/noticias\/?s={search_term_string}\"},\"query-input\":{\"@type\":\"PropertyValueSpecification\",\"valueRequired\":true,\"valueName\":\"search_term_string\"}}],\"inLanguage\":\"pt-BR\"},{\"@type\":\"Organization\",\"@id\":\"https:\/\/www.suno.com.br\/noticias\/#organization\",\"name\":\"Suno Not\u00edcias\",\"url\":\"https:\/\/www.suno.com.br\/noticias\/\",\"logo\":{\"@type\":\"ImageObject\",\"inLanguage\":\"pt-BR\",\"@id\":\"https:\/\/www.suno.com.br\/noticias\/#\/schema\/logo\/image\/\",\"url\":\"https:\/\/files.sunoresearch.com.br\/n\/uploads\/2021\/09\/suno-logo.png\",\"contentUrl\":\"https:\/\/files.sunoresearch.com.br\/n\/uploads\/2021\/09\/suno-logo.png\",\"width\":180,\"height\":180,\"caption\":\"Suno Not\u00edcias\"},\"image\":{\"@id\":\"https:\/\/www.suno.com.br\/noticias\/#\/schema\/logo\/image\/\"},\"sameAs\":[\"https:\/\/facebook.com\/sunoresearch\",\"https:\/\/x.com\/sunoresearch\",\"https:\/\/www.instagram.com\/suno\",\"https:\/\/www.linkedin.com\/company\/suno-research\/\",\"https:\/\/www.youtube.com\/c\/sunoresearch\"]},{\"@type\":\"Person\",\"@id\":\"https:\/\/www.suno.com.br\/noticias\/#\/schema\/person\/02ec1f752758247878a2bf4abee1aeda\",\"name\":\"Poliana Santos\",\"image\":{\"@type\":\"ImageObject\",\"inLanguage\":\"pt-BR\",\"@id\":\"https:\/\/www.suno.com.br\/noticias\/#\/schema\/person\/image\/\",\"url\":\"https:\/\/secure.gravatar.com\/avatar\/0645bd32f23d87b2130f2b2dff1d3f8d?s=96&r=g\",\"contentUrl\":\"https:\/\/secure.gravatar.com\/avatar\/0645bd32f23d87b2130f2b2dff1d3f8d?s=96&r=g\",\"caption\":\"Poliana Santos\"},\"description\":\"Rep\u00f3rter no Suno Not\u00edcias, com cobertura em mercado financeiro, economia, finan\u00e7as pessoais, renda fixa e varejo. Jornalista formada pela Faculdade C\u00e1sper L\u00edbero e possui passagem na R\u00e1dio Gazeta AM com a produ\u00e7\u00e3o de conte\u00fado sobre economia, pol\u00edtica, sa\u00fade, moda e m\u00fasica. Possui certificado de conclus\u00e3o do curso de An\u00e1lise de Balan\u00e7os pela Funda\u00e7\u00e3o Bradesco, Agenda Brasil pela FAAP, Educa\u00e7\u00e3o Pol\u00edtica por Alexandre Garcia e do Tesouro Direto e Mercado de A\u00e7\u00f5es pela B3.\",\"url\":\"https:\/\/www.suno.com.br\/noticias\/author\/poliana-santos\/\"}]}<\/script>\n<!-- \/ Yoast SEO plugin. -->","yoast_head_json":{"title":"Bolsonaro afirma que pol\u00edtica de pre\u00e7os da Petrobras pode ser revista","description":"Na \u00faltima quinta (16) Bolsonaro disse que pode rever os pre\u00e7os da Petrobras se n\u00e3o houver preju\u00edzos para estatal. Clique aqui e saiba mais","robots":{"index":"index","follow":"follow","max-snippet":"max-snippet:-1","max-image-preview":"max-image-preview:large","max-video-preview":"max-video-preview:-1"},"canonical":"https:\/\/www.suno.com.br\/noticias\/bolsonora-politica-precos-gasolina-petrobras\/","og_locale":"pt_BR","og_type":"article","og_title":"Bolsonaro afirma que pol\u00edtica de pre\u00e7os da Petrobras pode ser revista","og_description":"Na \u00faltima quinta (16) Bolsonaro disse que pode rever os pre\u00e7os da Petrobras se n\u00e3o houver preju\u00edzos para estatal. Clique aqui e saiba mais","og_url":"https:\/\/www.suno.com.br\/noticias\/bolsonora-politica-precos-gasolina-petrobras\/","og_site_name":"Suno Not\u00edcias","article_publisher":"https:\/\/facebook.com\/sunoresearch","og_image":[{"width":1024,"height":683,"url":"https:\/\/files.sunoresearch.com.br\/n\/uploads\/2019\/05\/5f35827e-jair-bolsonaro.jpg","type":"image\/jpeg"}],"author":"Poliana Santos","twitter_card":"summary_large_image","twitter_creator":"@sunoresearch","twitter_site":"@sunoresearch","twitter_misc":{"Escrito por":"Poliana Santos","Est. tempo de leitura":"2 minutos"},"schema":{"@context":"https:\/\/schema.org","@graph":[{"@type":"NewsArticle","@id":"https:\/\/www.suno.com.br\/noticias\/bolsonora-politica-precos-gasolina-petrobras\/#article","isPartOf":{"@id":"https:\/\/www.suno.com.br\/noticias\/bolsonora-politica-precos-gasolina-petrobras\/"},"author":{"name":"Poliana Santos","@id":"https:\/\/www.suno.com.br\/noticias\/#\/schema\/person\/02ec1f752758247878a2bf4abee1aeda"},"headline":"Bolsonaro afirma que pol\u00edtica de pre\u00e7os da Petrobras pode ser revista","datePublished":"2019-05-17T11:03:23+00:00","dateModified":"2019-05-17T16:00:59+00:00","mainEntityOfPage":{"@id":"https:\/\/www.suno.com.br\/noticias\/bolsonora-politica-precos-gasolina-petrobras\/"},"wordCount":436,"publisher":{"@id":"https:\/\/www.suno.com.br\/noticias\/#organization"},"image":{"@id":"https:\/\/www.suno.com.br\/noticias\/bolsonora-politica-precos-gasolina-petrobras\/#primaryimage"},"thumbnailUrl":"https:\/\/files.sunoresearch.com.br\/n\/uploads\/2019\/05\/5f35827e-jair-bolsonaro-jpg.webp","keywords":["Jair Bolsonaro","Petrobras (PETR4)"],"articleSection":["Economia"],"inLanguage":"pt-BR"},{"@type":"WebPage","@id":"https:\/\/www.suno.com.br\/noticias\/bolsonora-politica-precos-gasolina-petrobras\/","url":"https:\/\/www.suno.com.br\/noticias\/bolsonora-politica-precos-gasolina-petrobras\/","name":"Bolsonaro afirma que pol\u00edtica de pre\u00e7os da Petrobras pode ser revista","isPartOf":{"@id":"https:\/\/www.suno.com.br\/noticias\/#website"},"primaryImageOfPage":{"@id":"https:\/\/www.suno.com.br\/noticias\/bolsonora-politica-precos-gasolina-petrobras\/#primaryimage"},"image":{"@id":"https:\/\/www.suno.com.br\/noticias\/bolsonora-politica-precos-gasolina-petrobras\/#primaryimage"},"thumbnailUrl":"https:\/\/files.sunoresearch.com.br\/n\/uploads\/2019\/05\/5f35827e-jair-bolsonaro-jpg.webp","datePublished":"2019-05-17T11:03:23+00:00","dateModified":"2019-05-17T16:00:59+00:00","description":"Na \u00faltima quinta (16) Bolsonaro disse que pode rever os pre\u00e7os da Petrobras se n\u00e3o houver preju\u00edzos para estatal. Clique aqui e saiba mais","breadcrumb":{"@id":"https:\/\/www.suno.com.br\/noticias\/bolsonora-politica-precos-gasolina-petrobras\/#breadcrumb"},"inLanguage":"pt-BR","potentialAction":[{"@type":"ReadAction","target":["https:\/\/www.suno.com.br\/noticias\/bolsonora-politica-precos-gasolina-petrobras\/"]}]},{"@type":"ImageObject","inLanguage":"pt-BR","@id":"https:\/\/www.suno.com.br\/noticias\/bolsonora-politica-precos-gasolina-petrobras\/#primaryimage","url":"https:\/\/files.sunoresearch.com.br\/n\/uploads\/2019\/05\/5f35827e-jair-bolsonaro-jpg.webp","contentUrl":"https:\/\/files.sunoresearch.com.br\/n\/uploads\/2019\/05\/5f35827e-jair-bolsonaro-jpg.webp","width":1024,"height":683,"caption":"bolsonaro"},{"@type":"BreadcrumbList","@id":"https:\/\/www.suno.com.br\/noticias\/bolsonora-politica-precos-gasolina-petrobras\/#breadcrumb","itemListElement":[{"@type":"ListItem","position":1,"name":"Not\u00edcias","item":"https:\/\/www.suno.com.br\/noticias\/"},{"@type":"ListItem","position":2,"name":"Economia","item":"https:\/\/www.suno.com.br\/noticias\/economia\/"},{"@type":"ListItem","position":3,"name":"Bolsonaro afirma que pol\u00edtica de pre\u00e7os da Petrobras pode ser revista"}]},{"@type":"WebSite","@id":"https:\/\/www.suno.com.br\/noticias\/#website","url":"https:\/\/www.suno.com.br\/noticias\/","name":"Suno Not\u00edcias","description":"Seu portal de informa\u00e7\u00e3o sobre o mundo dos investimentos","publisher":{"@id":"https:\/\/www.suno.com.br\/noticias\/#organization"},"potentialAction":[{"@type":"SearchAction","target":{"@type":"EntryPoint","urlTemplate":"https:\/\/www.suno.com.br\/noticias\/?s={search_term_string}"},"query-input":{"@type":"PropertyValueSpecification","valueRequired":true,"valueName":"search_term_string"}}],"inLanguage":"pt-BR"},{"@type":"Organization","@id":"https:\/\/www.suno.com.br\/noticias\/#organization","name":"Suno Not\u00edcias","url":"https:\/\/www.suno.com.br\/noticias\/","logo":{"@type":"ImageObject","inLanguage":"pt-BR","@id":"https:\/\/www.suno.com.br\/noticias\/#\/schema\/logo\/image\/","url":"https:\/\/files.sunoresearch.com.br\/n\/uploads\/2021\/09\/suno-logo.png","contentUrl":"https:\/\/files.sunoresearch.com.br\/n\/uploads\/2021\/09\/suno-logo.png","width":180,"height":180,"caption":"Suno Not\u00edcias"},"image":{"@id":"https:\/\/www.suno.com.br\/noticias\/#\/schema\/logo\/image\/"},"sameAs":["https:\/\/facebook.com\/sunoresearch","https:\/\/x.com\/sunoresearch","https:\/\/www.instagram.com\/suno","https:\/\/www.linkedin.com\/company\/suno-research\/","https:\/\/www.youtube.com\/c\/sunoresearch"]},{"@type":"Person","@id":"https:\/\/www.suno.com.br\/noticias\/#\/schema\/person\/02ec1f752758247878a2bf4abee1aeda","name":"Poliana Santos","image":{"@type":"ImageObject","inLanguage":"pt-BR","@id":"https:\/\/www.suno.com.br\/noticias\/#\/schema\/person\/image\/","url":"https:\/\/secure.gravatar.com\/avatar\/0645bd32f23d87b2130f2b2dff1d3f8d?s=96&r=g","contentUrl":"https:\/\/secure.gravatar.com\/avatar\/0645bd32f23d87b2130f2b2dff1d3f8d?s=96&r=g","caption":"Poliana Santos"},"description":"Rep\u00f3rter no Suno Not\u00edcias, com cobertura em mercado financeiro, economia, finan\u00e7as pessoais, renda fixa e varejo. Jornalista formada pela Faculdade C\u00e1sper L\u00edbero e possui passagem na R\u00e1dio Gazeta AM com a produ\u00e7\u00e3o de conte\u00fado sobre economia, pol\u00edtica, sa\u00fade, moda e m\u00fasica. Possui certificado de conclus\u00e3o do curso de An\u00e1lise de Balan\u00e7os pela Funda\u00e7\u00e3o Bradesco, Agenda Brasil pela FAAP, Educa\u00e7\u00e3o Pol\u00edtica por Alexandre Garcia e do Tesouro Direto e Mercado de A\u00e7\u00f5es pela B3.","url":"https:\/\/www.suno.com.br\/noticias\/author\/poliana-santos\/"}]}},"default_loop_html":"<div class=\"cardsPage__listCard__boxs\"><div class=\"cardsPage__listCard__boxs__img\"><a href=\"https:\/\/www.suno.com.br\/noticias\/bolsonora-politica-precos-gasolina-petrobras\/\"><img class=\"mask\" src=\"https:\/\/www.suno.com.br\/noticias\/wp-content\/themes\/suno\/resources\/images\/spotlight\/spotlight1img\/bg-mask.png\" alt=\"Image Mask\"\/><img src=\"https:\/\/files.sunoresearch.com.br\/n\/uploads\/2019\/05\/5f35827e-jair-bolsonaro-400x200.webp\" alt=\"Bolsonaro afirma que pol\u00edtica de pre\u00e7os da Petrobras pode ser revista\"\/><\/a><span class=\"spotlightCategory\"><a href=\"https:\/\/www.suno.com.br\/noticias\/economia\/\">Economia<\/a><\/span><\/div><div class=\"cardsPage__listCard__boxs__content\"><a href=\"https:\/\/www.suno.com.br\/noticias\/bolsonora-politica-precos-gasolina-petrobras\/\"><h2 class=\"content__title\">Bolsonaro afirma que pol\u00edtica de pre\u00e7os da Petrobras pode ser revista<\/h2><\/a><div class=\"newsContent__article__meta\"><div class=\"newsContent__article__meta__authorBox\"><a href=\"https:\/\/www.suno.com.br\/noticias\/author\/poliana-santos\/\" class=\"authorBox__avatar noMobi\"><img src=\"https:\/\/files.sunoresearch.com.br\/n\/uploads\/2020\/08\/7ef34026-whatsapp-image-2020-08-03-at-12.37.57-150x150.webp\" alt=\"Poliana Santos\"><\/a><div class=\"authorBox__name\"><span>por\n\t\t\t<a href=\"https:\/\/www.suno.com.br\/noticias\/author\/poliana-santos\/\"><span itemprop=\"author\">Poliana Santos<\/span><\/a><\/span><time datetime=\"2019-05-17T08:03:23-03:00\" itemprop=\"datePublished\">17\/05\/2019 08:03<\/time><\/div><\/div><\/div><\/div><\/div>","single_layout":"posts","amp_enabled":true,"_links":{"self":[{"href":"https:\/\/www.suno.com.br\/noticias\/wp-json\/wp\/v2\/posts\/24898"}],"collection":[{"href":"https:\/\/www.suno.com.br\/noticias\/wp-json\/wp\/v2\/posts"}],"about":[{"href":"https:\/\/www.suno.com.br\/noticias\/wp-json\/wp\/v2\/types\/post"}],"author":[{"embeddable":true,"href":"https:\/\/www.suno.com.br\/noticias\/wp-json\/wp\/v2\/users\/15"}],"replies":[{"embeddable":true,"href":"https:\/\/www.suno.com.br\/noticias\/wp-json\/wp\/v2\/comments?post=24898"}],"version-history":[{"count":0,"href":"https:\/\/www.suno.com.br\/noticias\/wp-json\/wp\/v2\/posts\/24898\/revisions"}],"wp:featuredmedia":[{"embeddable":true,"href":"https:\/\/www.suno.com.br\/noticias\/wp-json\/wp\/v2\/media\/23339"}],"wp:attachment":[{"href":"https:\/\/www.suno.com.br\/noticias\/wp-json\/wp\/v2\/media?parent=24898"}],"wp:term":[{"taxonomy":"category","embeddable":true,"href":"https:\/\/www.suno.com.br\/noticias\/wp-json\/wp\/v2\/categories?post=24898"},{"taxonomy":"post_tag","embeddable":true,"href":"https:\/\/www.suno.com.br\/noticias\/wp-json\/wp\/v2\/tags?post=24898"},{"taxonomy":"suno_strategy","embeddable":true,"href":"https:\/\/www.suno.com.br\/noticias\/wp-json\/wp\/v2\/suno_strategy?post=24898"}],"curies":[{"name":"wp","href":"https:\/\/api.w.org\/{rel}","templated":true}]}}