{"id":24889,"date":"2019-05-16T20:01:02","date_gmt":"2019-05-16T23:01:02","guid":{"rendered":"https:\/\/www.suno.com.br\/noticias\/?p=24889"},"modified":"2019-05-16T20:08:30","modified_gmt":"2019-05-16T23:08:30","slug":"br-distribuidora-teste-cartao-caminhoneiro","status":"publish","type":"post","link":"https:\/\/www.suno.com.br\/noticias\/br-distribuidora-teste-cartao-caminhoneiro\/","title":{"rendered":"BR Distribuidora come\u00e7ar\u00e1 teste do Cart\u00e3o Caminhoneiro semana que vem"},"content":{"rendered":"<p>A <strong>BR Distribuidora<\/strong> ir\u00e1 colocar em teste o Cart\u00e3o Caminhoneiro na pr\u00f3xima segunda-feira (20). O cart\u00e3o dever\u00e1 ser pr\u00e9-pago e tem como objetivo facilitar a compra de <strong>diesel<\/strong> nos postos com a bandeira da empresa. Al\u00e9m disso, a medida ser\u00e1 oferecida para transportadores e embarcadores.<\/p>\t<div class=\"wrapper-featured-image\">\n\t\t<figure class=\"spotlightImg\">\n\n\t\t\t<picture>\n\t\t\t\t<source media=\"(max-width: 768px)\" srcset=\"https:\/\/files.sunoresearch.com.br\/n\/uploads\/2019\/05\/038aa652-br-distribuidora-400x200.webp\">\n\t\t\t\t<img loading=\"lazy\" decoding=\"async\" class=\"newsContent__article__imgCapa lazyloadDisabled newsContent__article__imgCapa--noCaption\" src=\"https:\/\/files.sunoresearch.com.br\/n\/uploads\/2019\/05\/038aa652-br-distribuidora-800x450.webp\" width=\"800\" height=\"450\" alt=\"BR Distribuidora come\u00e7ar\u00e1 teste do Cart\u00e3o Caminhoneiro semana que vem\" fetchpriority=high \/>\n\t\t\t<\/picture>\n\n\t\t\t<figcaption class=\"wp-caption-text wp-caption-text--hide\">BR Distribuidora<\/figcaption>\n\t\t<\/figure>\n\t<\/div>\n\n\n<p>De acordo com a <strong>BR Distribuidora<\/strong>, nesta fase o cart\u00e3o estar\u00e1 dispon\u00edvel em alguns postos da <strong>Rede Siga Bem<\/strong>, nos estados do Paran\u00e1, S\u00e3o Paulo e Rio de Janeiro. Cem caminhoneiros devem participar dos testes. Ademais, a companhia destacou que a BR lan\u00e7ara o produto em larga escala ap\u00f3s a fase inicial.<\/p>\n<p><a href=\"https:\/\/www.suno.com.br\/noticias\/br-distribuidora-ativos-petrobras\/\">Saiba mais:\u00a0BR Distribuidora est\u00e1 analisando comprar ativos da Petrobras, diz CEO<\/a><\/p>\n<p>&#8220;Durante o per\u00edodo de testes, os caminhoneiros j\u00e1 poder\u00e3o realizar um pr\u00e9-cadastramento pelo site. Ap\u00f3s o lan\u00e7amento definitivo, o cadastro poder\u00e1 ser feito tamb\u00e9m via aplicativo, call center ou presencialmente, em locais a serem divulgados&#8221;, informa a empresa.<\/p>\n\t<p>\n\t\t<a href=\"https:\/\/lp.suno.com.br\/ao\/sessao-estrategica-consultoria-c\/?utm_source=suno-noticias&#038;utm_medium=banner&#038;utm_campaing=banco-master-cdbs\" target=\"_blank\" data-element=\"shortcode-suno-banner\" title=\"Banner SUNO, clique e saiba mais\">\n\t\t\t<picture>\n\t\t\t\t<source media=\"(max-width: 500px)\" srcset=\"https:\/\/files.sunoresearch.com.br\/n\/uploads\/2025\/09\/300x400.webp\">\n\t\t\t\t<img class=\"newsContent__article__imgCapa newsContent__article__imgCapa--banner\"\n\t\t\t\t\tsrc=\"https:\/\/files.sunoresearch.com.br\/n\/uploads\/2025\/09\/SN-DT-1420x240-1.webp\"\n\t\t\t\t\tdata-promo-id=\"624064\"\t\t\t\t\t\t\t\t\t\twidth='1420' height='240'\t\t\t\t\talt=\"https:\/\/files.sunoresearch.com.br\/n\/uploads\/2025\/09\/SN-DT-1420x240-1.webp\"\n\t\t\t\t>\n\t\t\t<\/picture>\n\t\t<\/a>\n\t<\/p>\n\n\n<p>A medida faz parte do pacote anunciado pelo <strong>governo<\/strong> para conter uma poss\u00edvel greve dos caminhoneiros. A categoria amea\u00e7ou paralisar as atividades por conta da insatisfa\u00e7\u00e3o com o n\u00e3o comprimento da tabela de frete e o aumento dos pre\u00e7os do <strong>diesel<\/strong>.<\/p>\n<h2>Funcionamento do cart\u00e3o<\/h2>\n<p>De acordo com a <strong>BR Distribuidora<\/strong>, os caminhoneiros poder\u00e3o transferir os valores do seu cart\u00e3o para, assim, fazer a convers\u00e3o dos valores em <strong>\u00f3leo diesel<\/strong>. Esses cr\u00e9ditos tem validade de 30 dias e s\u00f3 valem para a rede de postos. Com isso, segundo a BR, elimina-se os riscos de volatilidade dos pre\u00e7os do diesel no per\u00edodo.<\/p>\n<p>Al\u00e9m do cart\u00e3o, os <strong>usu\u00e1rios<\/strong> tamb\u00e9m poder\u00e3o utilizar o site ou o aplicativo para realizar a opera\u00e7\u00e3o, dispensando o uso do cart\u00e3o f\u00edsico. \u00c9 poss\u00edvel tamb\u00e9m qualquer momento reverter os cr\u00e9ditos em diesel dentro dos 30 dias estabelecidos.<\/p>\n<p><a href=\"https:\/\/www.suno.com.br\/noticias\/br-distribuidora-quase-dobra-lucro-no-primeiro-trimestre-de-2019\/\">Saiba mais:\u00a0BR Distribuidora quase dobra lucro no primeiro trimestre de 2019<\/a><\/p>\n<p>Para desenvolver a tecnologia, a <strong>BR Distribuidora<\/strong> teve como parceria a\u00a0<strong>CTF Technologies<\/strong>. Pela internet, j\u00e1 \u00e9 poss\u00edvel fazer o pr\u00e9-cadastramento. Ao todo, a BR conta com uma rede 7.500 postos de servi\u00e7o.<\/p>\n","protected":false},"excerpt":{"rendered":"<p>A BR Distribuidora ir\u00e1 colocar em teste o Cart\u00e3o Caminhoneiro na pr\u00f3xima segunda-feira (20). O cart\u00e3o dever\u00e1 ser pr\u00e9-pago e tem como objetivo facilitar a compra de diesel nos postos com a bandeira da empresa. Al\u00e9m disso, a medida ser\u00e1 oferecida para transportadores e embarcadores. BR Distribuidora De acordo com a BR Distribuidora, nesta fase [&hellip;]<\/p>\n","protected":false},"author":14,"featured_media":23509,"comment_status":"closed","ping_status":"closed","sticky":false,"template":"","format":"standard","meta":[],"categories":[60],"tags":[833,596],"suno_strategy":[],"class_list":["post-24889","post","type-post","status-publish","format-standard","has-post-thumbnail","hentry","category-mercado","tag-greve-dos-caminhoneiros","tag-vibra-energia-vbbr3"],"yoast_head":"<!-- This site is optimized with the Yoast SEO plugin v24.4 - https:\/\/yoast.com\/wordpress\/plugins\/seo\/ -->\n<title>BR Distribuidora iniciar\u00e1 teste do Cart\u00e3o Caminhoneiro na semana que vem<\/title>\n<meta name=\"description\" content=\"De acordo com a BR Distribuidora, nesta fase o cart\u00e3o estar\u00e1 dispon\u00edvel em alguns postos da Rede Siga Bem. Clique para saber mais.\" \/>\n<meta name=\"robots\" content=\"index, follow, max-snippet:-1, max-image-preview:large, max-video-preview:-1\" \/>\n<link rel=\"canonical\" href=\"https:\/\/www.suno.com.br\/noticias\/br-distribuidora-teste-cartao-caminhoneiro\/\" \/>\n<meta property=\"og:locale\" content=\"pt_BR\" \/>\n<meta property=\"og:type\" content=\"article\" \/>\n<meta property=\"og:title\" content=\"BR Distribuidora iniciar\u00e1 teste do Cart\u00e3o Caminhoneiro na semana que vem\" \/>\n<meta property=\"og:description\" content=\"De acordo com a BR Distribuidora, nesta fase o cart\u00e3o estar\u00e1 dispon\u00edvel em alguns postos da Rede Siga Bem. Clique para saber mais.\" \/>\n<meta property=\"og:url\" content=\"https:\/\/www.suno.com.br\/noticias\/br-distribuidora-teste-cartao-caminhoneiro\/\" \/>\n<meta property=\"og:site_name\" content=\"Suno Not\u00edcias\" \/>\n<meta property=\"article:publisher\" content=\"https:\/\/facebook.com\/sunoresearch\" \/>\n<meta property=\"og:image\" content=\"https:\/\/files.sunoresearch.com.br\/n\/uploads\/2019\/05\/038aa652-br-distribuidora.jpg\" \/>\n\t<meta property=\"og:image:width\" content=\"899\" \/>\n\t<meta property=\"og:image:height\" content=\"457\" \/>\n\t<meta property=\"og:image:type\" content=\"image\/jpeg\" \/>\n<meta name=\"author\" content=\"Renan Dantas\" \/>\n<meta name=\"twitter:card\" content=\"summary_large_image\" \/>\n<meta name=\"twitter:creator\" content=\"@sunoresearch\" \/>\n<meta name=\"twitter:site\" content=\"@sunoresearch\" \/>\n<meta name=\"twitter:label1\" content=\"Escrito por\" \/>\n\t<meta name=\"twitter:data1\" content=\"Renan Dantas\" \/>\n\t<meta name=\"twitter:label2\" content=\"Est. tempo de leitura\" \/>\n\t<meta name=\"twitter:data2\" content=\"2 minutos\" \/>\n<script type=\"application\/ld+json\" class=\"yoast-schema-graph\">{\"@context\":\"https:\/\/schema.org\",\"@graph\":[{\"@type\":\"NewsArticle\",\"@id\":\"https:\/\/www.suno.com.br\/noticias\/br-distribuidora-teste-cartao-caminhoneiro\/#article\",\"isPartOf\":{\"@id\":\"https:\/\/www.suno.com.br\/noticias\/br-distribuidora-teste-cartao-caminhoneiro\/\"},\"author\":{\"name\":\"Renan Dantas\",\"@id\":\"https:\/\/www.suno.com.br\/noticias\/#\/schema\/person\/3f7693d5795a3f6d5ce15309ee785699\"},\"headline\":\"BR Distribuidora come\u00e7ar\u00e1 teste do Cart\u00e3o Caminhoneiro semana que vem\",\"datePublished\":\"2019-05-16T23:01:02+00:00\",\"dateModified\":\"2019-05-16T23:08:30+00:00\",\"mainEntityOfPage\":{\"@id\":\"https:\/\/www.suno.com.br\/noticias\/br-distribuidora-teste-cartao-caminhoneiro\/\"},\"wordCount\":380,\"publisher\":{\"@id\":\"https:\/\/www.suno.com.br\/noticias\/#organization\"},\"image\":{\"@id\":\"https:\/\/www.suno.com.br\/noticias\/br-distribuidora-teste-cartao-caminhoneiro\/#primaryimage\"},\"thumbnailUrl\":\"https:\/\/files.sunoresearch.com.br\/n\/uploads\/2019\/05\/038aa652-br-distribuidora-jpg.webp\",\"keywords\":[\"greve dos caminhoneiros\",\"Vibra Energia (VBBR3)\"],\"articleSection\":[\"Mercado\"],\"inLanguage\":\"pt-BR\"},{\"@type\":\"WebPage\",\"@id\":\"https:\/\/www.suno.com.br\/noticias\/br-distribuidora-teste-cartao-caminhoneiro\/\",\"url\":\"https:\/\/www.suno.com.br\/noticias\/br-distribuidora-teste-cartao-caminhoneiro\/\",\"name\":\"BR Distribuidora iniciar\u00e1 teste do Cart\u00e3o Caminhoneiro na semana que vem\",\"isPartOf\":{\"@id\":\"https:\/\/www.suno.com.br\/noticias\/#website\"},\"primaryImageOfPage\":{\"@id\":\"https:\/\/www.suno.com.br\/noticias\/br-distribuidora-teste-cartao-caminhoneiro\/#primaryimage\"},\"image\":{\"@id\":\"https:\/\/www.suno.com.br\/noticias\/br-distribuidora-teste-cartao-caminhoneiro\/#primaryimage\"},\"thumbnailUrl\":\"https:\/\/files.sunoresearch.com.br\/n\/uploads\/2019\/05\/038aa652-br-distribuidora-jpg.webp\",\"datePublished\":\"2019-05-16T23:01:02+00:00\",\"dateModified\":\"2019-05-16T23:08:30+00:00\",\"description\":\"De acordo com a BR Distribuidora, nesta fase o cart\u00e3o estar\u00e1 dispon\u00edvel em alguns postos da Rede Siga Bem. Clique para saber mais.\",\"breadcrumb\":{\"@id\":\"https:\/\/www.suno.com.br\/noticias\/br-distribuidora-teste-cartao-caminhoneiro\/#breadcrumb\"},\"inLanguage\":\"pt-BR\",\"potentialAction\":[{\"@type\":\"ReadAction\",\"target\":[\"https:\/\/www.suno.com.br\/noticias\/br-distribuidora-teste-cartao-caminhoneiro\/\"]}]},{\"@type\":\"ImageObject\",\"inLanguage\":\"pt-BR\",\"@id\":\"https:\/\/www.suno.com.br\/noticias\/br-distribuidora-teste-cartao-caminhoneiro\/#primaryimage\",\"url\":\"https:\/\/files.sunoresearch.com.br\/n\/uploads\/2019\/05\/038aa652-br-distribuidora-jpg.webp\",\"contentUrl\":\"https:\/\/files.sunoresearch.com.br\/n\/uploads\/2019\/05\/038aa652-br-distribuidora-jpg.webp\",\"width\":899,\"height\":457,\"caption\":\"BR Distribuidora\"},{\"@type\":\"BreadcrumbList\",\"@id\":\"https:\/\/www.suno.com.br\/noticias\/br-distribuidora-teste-cartao-caminhoneiro\/#breadcrumb\",\"itemListElement\":[{\"@type\":\"ListItem\",\"position\":1,\"name\":\"Not\u00edcias\",\"item\":\"https:\/\/www.suno.com.br\/noticias\/\"},{\"@type\":\"ListItem\",\"position\":2,\"name\":\"Mercado\",\"item\":\"https:\/\/www.suno.com.br\/noticias\/mercado\/\"},{\"@type\":\"ListItem\",\"position\":3,\"name\":\"BR Distribuidora come\u00e7ar\u00e1 teste do Cart\u00e3o Caminhoneiro semana que vem\"}]},{\"@type\":\"WebSite\",\"@id\":\"https:\/\/www.suno.com.br\/noticias\/#website\",\"url\":\"https:\/\/www.suno.com.br\/noticias\/\",\"name\":\"Suno Not\u00edcias\",\"description\":\"Seu portal de informa\u00e7\u00e3o sobre o mundo dos investimentos\",\"publisher\":{\"@id\":\"https:\/\/www.suno.com.br\/noticias\/#organization\"},\"potentialAction\":[{\"@type\":\"SearchAction\",\"target\":{\"@type\":\"EntryPoint\",\"urlTemplate\":\"https:\/\/www.suno.com.br\/noticias\/?s={search_term_string}\"},\"query-input\":{\"@type\":\"PropertyValueSpecification\",\"valueRequired\":true,\"valueName\":\"search_term_string\"}}],\"inLanguage\":\"pt-BR\"},{\"@type\":\"Organization\",\"@id\":\"https:\/\/www.suno.com.br\/noticias\/#organization\",\"name\":\"Suno Not\u00edcias\",\"url\":\"https:\/\/www.suno.com.br\/noticias\/\",\"logo\":{\"@type\":\"ImageObject\",\"inLanguage\":\"pt-BR\",\"@id\":\"https:\/\/www.suno.com.br\/noticias\/#\/schema\/logo\/image\/\",\"url\":\"https:\/\/files.sunoresearch.com.br\/n\/uploads\/2021\/09\/suno-logo.png\",\"contentUrl\":\"https:\/\/files.sunoresearch.com.br\/n\/uploads\/2021\/09\/suno-logo.png\",\"width\":180,\"height\":180,\"caption\":\"Suno Not\u00edcias\"},\"image\":{\"@id\":\"https:\/\/www.suno.com.br\/noticias\/#\/schema\/logo\/image\/\"},\"sameAs\":[\"https:\/\/facebook.com\/sunoresearch\",\"https:\/\/x.com\/sunoresearch\",\"https:\/\/www.instagram.com\/suno\",\"https:\/\/www.linkedin.com\/company\/suno-research\/\",\"https:\/\/www.youtube.com\/c\/sunoresearch\"]},{\"@type\":\"Person\",\"@id\":\"https:\/\/www.suno.com.br\/noticias\/#\/schema\/person\/3f7693d5795a3f6d5ce15309ee785699\",\"name\":\"Renan Dantas\",\"image\":{\"@type\":\"ImageObject\",\"inLanguage\":\"pt-BR\",\"@id\":\"https:\/\/www.suno.com.br\/noticias\/#\/schema\/person\/image\/\",\"url\":\"https:\/\/secure.gravatar.com\/avatar\/1787b83e7484a08e51d62ac8b41c8396?s=96&r=g\",\"contentUrl\":\"https:\/\/secure.gravatar.com\/avatar\/1787b83e7484a08e51d62ac8b41c8396?s=96&r=g\",\"caption\":\"Renan Dantas\"},\"description\":\"Escreve sobre pol\u00edtica e mercado financeiro para o portal Suno Not\u00edcias. Antes, atuou na assessoria de comunica\u00e7\u00e3o do Minist\u00e9rio P\u00fablico do Trabalho e na R\u00e1dio Mackenzie, onde apresentava e produzia um programa sobre artistas da m\u00fasica brasileira. \u00c9 estudante na Universidade Presbiteriana Mackenzie.\",\"url\":\"https:\/\/www.suno.com.br\/noticias\/author\/renan-dantas\/\"}]}<\/script>\n<!-- \/ Yoast SEO plugin. -->","yoast_head_json":{"title":"BR Distribuidora iniciar\u00e1 teste do Cart\u00e3o Caminhoneiro na semana que vem","description":"De acordo com a BR Distribuidora, nesta fase o cart\u00e3o estar\u00e1 dispon\u00edvel em alguns postos da Rede Siga Bem. Clique para saber mais.","robots":{"index":"index","follow":"follow","max-snippet":"max-snippet:-1","max-image-preview":"max-image-preview:large","max-video-preview":"max-video-preview:-1"},"canonical":"https:\/\/www.suno.com.br\/noticias\/br-distribuidora-teste-cartao-caminhoneiro\/","og_locale":"pt_BR","og_type":"article","og_title":"BR Distribuidora iniciar\u00e1 teste do Cart\u00e3o Caminhoneiro na semana que vem","og_description":"De acordo com a BR Distribuidora, nesta fase o cart\u00e3o estar\u00e1 dispon\u00edvel em alguns postos da Rede Siga Bem. Clique para saber mais.","og_url":"https:\/\/www.suno.com.br\/noticias\/br-distribuidora-teste-cartao-caminhoneiro\/","og_site_name":"Suno Not\u00edcias","article_publisher":"https:\/\/facebook.com\/sunoresearch","og_image":[{"width":899,"height":457,"url":"https:\/\/files.sunoresearch.com.br\/n\/uploads\/2019\/05\/038aa652-br-distribuidora.jpg","type":"image\/jpeg"}],"author":"Renan Dantas","twitter_card":"summary_large_image","twitter_creator":"@sunoresearch","twitter_site":"@sunoresearch","twitter_misc":{"Escrito por":"Renan Dantas","Est. tempo de leitura":"2 minutos"},"schema":{"@context":"https:\/\/schema.org","@graph":[{"@type":"NewsArticle","@id":"https:\/\/www.suno.com.br\/noticias\/br-distribuidora-teste-cartao-caminhoneiro\/#article","isPartOf":{"@id":"https:\/\/www.suno.com.br\/noticias\/br-distribuidora-teste-cartao-caminhoneiro\/"},"author":{"name":"Renan Dantas","@id":"https:\/\/www.suno.com.br\/noticias\/#\/schema\/person\/3f7693d5795a3f6d5ce15309ee785699"},"headline":"BR Distribuidora come\u00e7ar\u00e1 teste do Cart\u00e3o Caminhoneiro semana que vem","datePublished":"2019-05-16T23:01:02+00:00","dateModified":"2019-05-16T23:08:30+00:00","mainEntityOfPage":{"@id":"https:\/\/www.suno.com.br\/noticias\/br-distribuidora-teste-cartao-caminhoneiro\/"},"wordCount":380,"publisher":{"@id":"https:\/\/www.suno.com.br\/noticias\/#organization"},"image":{"@id":"https:\/\/www.suno.com.br\/noticias\/br-distribuidora-teste-cartao-caminhoneiro\/#primaryimage"},"thumbnailUrl":"https:\/\/files.sunoresearch.com.br\/n\/uploads\/2019\/05\/038aa652-br-distribuidora-jpg.webp","keywords":["greve dos caminhoneiros","Vibra Energia (VBBR3)"],"articleSection":["Mercado"],"inLanguage":"pt-BR"},{"@type":"WebPage","@id":"https:\/\/www.suno.com.br\/noticias\/br-distribuidora-teste-cartao-caminhoneiro\/","url":"https:\/\/www.suno.com.br\/noticias\/br-distribuidora-teste-cartao-caminhoneiro\/","name":"BR Distribuidora iniciar\u00e1 teste do Cart\u00e3o Caminhoneiro na semana que vem","isPartOf":{"@id":"https:\/\/www.suno.com.br\/noticias\/#website"},"primaryImageOfPage":{"@id":"https:\/\/www.suno.com.br\/noticias\/br-distribuidora-teste-cartao-caminhoneiro\/#primaryimage"},"image":{"@id":"https:\/\/www.suno.com.br\/noticias\/br-distribuidora-teste-cartao-caminhoneiro\/#primaryimage"},"thumbnailUrl":"https:\/\/files.sunoresearch.com.br\/n\/uploads\/2019\/05\/038aa652-br-distribuidora-jpg.webp","datePublished":"2019-05-16T23:01:02+00:00","dateModified":"2019-05-16T23:08:30+00:00","description":"De acordo com a BR Distribuidora, nesta fase o cart\u00e3o estar\u00e1 dispon\u00edvel em alguns postos da Rede Siga Bem. Clique para saber mais.","breadcrumb":{"@id":"https:\/\/www.suno.com.br\/noticias\/br-distribuidora-teste-cartao-caminhoneiro\/#breadcrumb"},"inLanguage":"pt-BR","potentialAction":[{"@type":"ReadAction","target":["https:\/\/www.suno.com.br\/noticias\/br-distribuidora-teste-cartao-caminhoneiro\/"]}]},{"@type":"ImageObject","inLanguage":"pt-BR","@id":"https:\/\/www.suno.com.br\/noticias\/br-distribuidora-teste-cartao-caminhoneiro\/#primaryimage","url":"https:\/\/files.sunoresearch.com.br\/n\/uploads\/2019\/05\/038aa652-br-distribuidora-jpg.webp","contentUrl":"https:\/\/files.sunoresearch.com.br\/n\/uploads\/2019\/05\/038aa652-br-distribuidora-jpg.webp","width":899,"height":457,"caption":"BR Distribuidora"},{"@type":"BreadcrumbList","@id":"https:\/\/www.suno.com.br\/noticias\/br-distribuidora-teste-cartao-caminhoneiro\/#breadcrumb","itemListElement":[{"@type":"ListItem","position":1,"name":"Not\u00edcias","item":"https:\/\/www.suno.com.br\/noticias\/"},{"@type":"ListItem","position":2,"name":"Mercado","item":"https:\/\/www.suno.com.br\/noticias\/mercado\/"},{"@type":"ListItem","position":3,"name":"BR Distribuidora come\u00e7ar\u00e1 teste do Cart\u00e3o Caminhoneiro semana que vem"}]},{"@type":"WebSite","@id":"https:\/\/www.suno.com.br\/noticias\/#website","url":"https:\/\/www.suno.com.br\/noticias\/","name":"Suno Not\u00edcias","description":"Seu portal de informa\u00e7\u00e3o sobre o mundo dos investimentos","publisher":{"@id":"https:\/\/www.suno.com.br\/noticias\/#organization"},"potentialAction":[{"@type":"SearchAction","target":{"@type":"EntryPoint","urlTemplate":"https:\/\/www.suno.com.br\/noticias\/?s={search_term_string}"},"query-input":{"@type":"PropertyValueSpecification","valueRequired":true,"valueName":"search_term_string"}}],"inLanguage":"pt-BR"},{"@type":"Organization","@id":"https:\/\/www.suno.com.br\/noticias\/#organization","name":"Suno Not\u00edcias","url":"https:\/\/www.suno.com.br\/noticias\/","logo":{"@type":"ImageObject","inLanguage":"pt-BR","@id":"https:\/\/www.suno.com.br\/noticias\/#\/schema\/logo\/image\/","url":"https:\/\/files.sunoresearch.com.br\/n\/uploads\/2021\/09\/suno-logo.png","contentUrl":"https:\/\/files.sunoresearch.com.br\/n\/uploads\/2021\/09\/suno-logo.png","width":180,"height":180,"caption":"Suno Not\u00edcias"},"image":{"@id":"https:\/\/www.suno.com.br\/noticias\/#\/schema\/logo\/image\/"},"sameAs":["https:\/\/facebook.com\/sunoresearch","https:\/\/x.com\/sunoresearch","https:\/\/www.instagram.com\/suno","https:\/\/www.linkedin.com\/company\/suno-research\/","https:\/\/www.youtube.com\/c\/sunoresearch"]},{"@type":"Person","@id":"https:\/\/www.suno.com.br\/noticias\/#\/schema\/person\/3f7693d5795a3f6d5ce15309ee785699","name":"Renan Dantas","image":{"@type":"ImageObject","inLanguage":"pt-BR","@id":"https:\/\/www.suno.com.br\/noticias\/#\/schema\/person\/image\/","url":"https:\/\/secure.gravatar.com\/avatar\/1787b83e7484a08e51d62ac8b41c8396?s=96&r=g","contentUrl":"https:\/\/secure.gravatar.com\/avatar\/1787b83e7484a08e51d62ac8b41c8396?s=96&r=g","caption":"Renan Dantas"},"description":"Escreve sobre pol\u00edtica e mercado financeiro para o portal Suno Not\u00edcias. Antes, atuou na assessoria de comunica\u00e7\u00e3o do Minist\u00e9rio P\u00fablico do Trabalho e na R\u00e1dio Mackenzie, onde apresentava e produzia um programa sobre artistas da m\u00fasica brasileira. \u00c9 estudante na Universidade Presbiteriana Mackenzie.","url":"https:\/\/www.suno.com.br\/noticias\/author\/renan-dantas\/"}]}},"default_loop_html":"<div class=\"cardsPage__listCard__boxs\"><div class=\"cardsPage__listCard__boxs__img\"><a href=\"https:\/\/www.suno.com.br\/noticias\/br-distribuidora-teste-cartao-caminhoneiro\/\"><img class=\"mask\" src=\"https:\/\/www.suno.com.br\/noticias\/wp-content\/themes\/suno\/resources\/images\/spotlight\/spotlight1img\/bg-mask.png\" alt=\"Image Mask\"\/><img src=\"https:\/\/files.sunoresearch.com.br\/n\/uploads\/2019\/05\/038aa652-br-distribuidora-400x200.webp\" alt=\"BR Distribuidora come\u00e7ar\u00e1 teste do Cart\u00e3o Caminhoneiro semana que vem\"\/><\/a><span class=\"spotlightCategory\"><a href=\"https:\/\/www.suno.com.br\/noticias\/mercado\/\">Mercado<\/a><\/span><\/div><div class=\"cardsPage__listCard__boxs__content\"><a href=\"https:\/\/www.suno.com.br\/noticias\/br-distribuidora-teste-cartao-caminhoneiro\/\"><h2 class=\"content__title\">BR Distribuidora come\u00e7ar\u00e1 teste do Cart\u00e3o Caminhoneiro semana que vem<\/h2><\/a><div class=\"newsContent__article__meta\"><div class=\"newsContent__article__meta__authorBox\"><a href=\"https:\/\/www.suno.com.br\/noticias\/author\/renan-dantas\/\" class=\"authorBox__avatar noMobi\"><img src=\"https:\/\/secure.gravatar.com\/avatar\/1787b83e7484a08e51d62ac8b41c8396?s=96&#038;r=g\" alt=\"Renan Dantas\"><\/a><div class=\"authorBox__name\"><span>por\n\t\t\t<a href=\"https:\/\/www.suno.com.br\/noticias\/author\/renan-dantas\/\"><span itemprop=\"author\">Renan Dantas<\/span><\/a><\/span><time datetime=\"2019-05-16T20:01:02-03:00\" itemprop=\"datePublished\">16\/05\/2019 20:01<\/time><\/div><\/div><\/div><\/div><\/div>","single_layout":"posts","amp_enabled":true,"_links":{"self":[{"href":"https:\/\/www.suno.com.br\/noticias\/wp-json\/wp\/v2\/posts\/24889"}],"collection":[{"href":"https:\/\/www.suno.com.br\/noticias\/wp-json\/wp\/v2\/posts"}],"about":[{"href":"https:\/\/www.suno.com.br\/noticias\/wp-json\/wp\/v2\/types\/post"}],"author":[{"embeddable":true,"href":"https:\/\/www.suno.com.br\/noticias\/wp-json\/wp\/v2\/users\/14"}],"replies":[{"embeddable":true,"href":"https:\/\/www.suno.com.br\/noticias\/wp-json\/wp\/v2\/comments?post=24889"}],"version-history":[{"count":0,"href":"https:\/\/www.suno.com.br\/noticias\/wp-json\/wp\/v2\/posts\/24889\/revisions"}],"wp:featuredmedia":[{"embeddable":true,"href":"https:\/\/www.suno.com.br\/noticias\/wp-json\/wp\/v2\/media\/23509"}],"wp:attachment":[{"href":"https:\/\/www.suno.com.br\/noticias\/wp-json\/wp\/v2\/media?parent=24889"}],"wp:term":[{"taxonomy":"category","embeddable":true,"href":"https:\/\/www.suno.com.br\/noticias\/wp-json\/wp\/v2\/categories?post=24889"},{"taxonomy":"post_tag","embeddable":true,"href":"https:\/\/www.suno.com.br\/noticias\/wp-json\/wp\/v2\/tags?post=24889"},{"taxonomy":"suno_strategy","embeddable":true,"href":"https:\/\/www.suno.com.br\/noticias\/wp-json\/wp\/v2\/suno_strategy?post=24889"}],"curies":[{"name":"wp","href":"https:\/\/api.w.org\/{rel}","templated":true}]}}