{"id":248764,"date":"2022-04-07T09:56:54","date_gmt":"2022-04-07T12:56:54","guid":{"rendered":"https:\/\/www.suno.com.br\/noticias\/?p=248764"},"modified":"2022-04-07T19:33:53","modified_gmt":"2022-04-07T22:33:53","slug":"braskem-brkm5-venda-grandes-fundos","status":"publish","type":"post","link":"https:\/\/www.suno.com.br\/noticias\/braskem-brkm5-venda-grandes-fundos\/","title":{"rendered":"Venda da Braskem (BRKM5) volta a atrair grandes fundos e a\u00e7\u00f5es disparam 7%"},"content":{"rendered":"<p>Depois de muitas tentativas frustradas de encontrar um novo dono, a petroqu\u00edmica <strong>Braskem<\/strong> (<a href=\"https:\/\/www.suno.com.br\/acoes\/brkm5\/\">BRKM5<\/a>) est\u00e1 novamente no mercado, tentando achar um comprador para suas opera\u00e7\u00f5es globais. Com a not\u00edcia, os pap\u00e9is da companhia sobem 6,5% na abertura de preg\u00e3o desta quinta-feira (7). Fecharam em alta de 6,96%, a R$ 45,49.<\/p>\t<div class=\"wrapper-featured-image\">\n\t\t<figure class=\"spotlightImg\">\n\n\t\t\t<picture>\n\t\t\t\t<source media=\"(max-width: 768px)\" srcset=\"https:\/\/files.sunoresearch.com.br\/n\/uploads\/2021\/03\/a276f986-braskem-4-400x200.webp\">\n\t\t\t\t<img loading=\"lazy\" decoding=\"async\" class=\"newsContent__article__imgCapa lazyloadDisabled \" src=\"https:\/\/files.sunoresearch.com.br\/n\/uploads\/2021\/03\/a276f986-braskem-4-800x450.webp\" width=\"800\" height=\"450\" alt=\"Venda da Braskem (BRKM5) volta a atrair grandes fundos e a\u00e7\u00f5es disparam 7%\" fetchpriority=high \/>\n\t\t\t<\/picture>\n\n\t\t\t<figcaption class=\"wp-caption-text wp-caption-text--show\">Braskem- Foto: Divulga\u00e7\u00e3o<\/figcaption>\n\t\t<\/figure>\n\t<\/div>\n\n\n\t<p>\n\t\t<a href=\"\" target=\"_blank\" data-element=\"shortcode-suno-banner\" title=\"Banner SUNO, clique e saiba mais\">\n\t\t\t<picture>\n\t\t\t\t<source media=\"(max-width: 500px)\" srcset=\"\">\n\t\t\t\t<img class=\"newsContent__article__imgCapa newsContent__article__imgCapa--banner\"\n\t\t\t\t\tsrc=\"\"\n\t\t\t\t\tdata-promo-id=\"138420\"\t\t\t\t\t\t\t\t\t\t\t\t\t\t\talt=\"\"\n\t\t\t\t>\n\t\t\t<\/picture>\n\t\t<\/a>\n\t<\/p>\n\n\n<p>Ap\u00f3s a Braskem quase fechar neg\u00f3cio com a rival holandesa LyondellBasell em 2019 e de garantir a sa\u00edda de seus principais <strong>s\u00f3cios<\/strong> &#8211; <strong>Novonor<\/strong> (ex-Odebrecht) e <a href=\"https:\/\/www.suno.com.br\/acoes\/petr4\"><strong>Petrobras<\/strong> (PETR4)<\/a> &#8211; via uma <a class=\"suno-keyword\" href=\"https:\/\/www.suno.com.br\/artigos\/oferta-de-acoes\/\" target=\"_blank\" rel=\"noopener\" data-force=\"no\" data-priority=\"1\">oferta de a\u00e7\u00f5es<\/a> em Bolsa, a companhia voltou \u00e0 ideia original de encontrar um comprador no mercado privado. E agora s\u00e3o os private equities (fundos que compram participa\u00e7\u00f5es em empresas) o alvo preferencial.<\/p>\n<p>A percep\u00e7\u00e3o de fontes que acompanham o neg\u00f3cio \u00e9 de que n\u00e3o haver\u00e1 um grande n\u00famero de interessados por conta do tamanho do cheque estimado pela empresa, de cerca de R$ 40 bilh\u00f5es.<\/p>\n<p>Entre os nomes que est\u00e3o analisando a transa\u00e7\u00e3o est\u00e3o fundos como Apollo, Starboard e Advent. O banco Morgan Stanley est\u00e1 assessorando a opera\u00e7\u00e3o. As conversas com os <a href=\"https:\/\/www.suno.com.br\/artigos\/private-equity\">fundos de private equity<\/a>\u00a0j\u00e1 come\u00e7aram e devem ser anunciadas em breve.<\/p>\n\t<p>\n\t\t<a href=\"https:\/\/lp.suno.com.br\/planilha-controle-gastos\/\" target=\"_blank\" data-element=\"shortcode-suno-banner\" title=\"Banner SUNO, clique e saiba mais\">\n\t\t\t<picture>\n\t\t\t\t<source media=\"(max-width: 500px)\" srcset=\"https:\/\/files.sunoresearch.com.br\/n\/uploads\/2023\/03\/400x300-Planilha-controle-de-gastos.png\">\n\t\t\t\t<img class=\"newsContent__article__imgCapa newsContent__article__imgCapa--banner\"\n\t\t\t\t\tsrc=\"https:\/\/files.sunoresearch.com.br\/n\/uploads\/2023\/03\/1420x240-Planilha-controle-de-gastos.png\"\n\t\t\t\t\tdata-promo-id=\"101751\"\t\t\t\t\t\t\t\t\t\twidth='1420' height='240'\t\t\t\t\talt=\"https:\/\/files.sunoresearch.com.br\/n\/uploads\/2023\/03\/1420x240-Planilha-controle-de-gastos.png\"\n\t\t\t\t>\n\t\t\t<\/picture>\n\t\t<\/a>\n\t<\/p>\n\n\n<p>Em 2019, a Odebrecht chegou perto de vender sua fatia na Braskem \u00e0 LyondellBasell, mas a negocia\u00e7\u00e3o foi suspensa devido ao aumento da inseguran\u00e7a jur\u00eddica em torno do grupo &#8211; um dos piv\u00f4s da Lava Jato &#8211; e outros imbr\u00f3glios, como a dificuldade de se calcular os gastos com a repara\u00e7\u00e3o dos danos causados pela explora\u00e7\u00e3o de sal-gema pela petroqu\u00edmica em Macei\u00f3.<\/p>\n<h2>Braskem enfrenta &#8216;problemas em s\u00e9rie&#8217;<\/h2>\n<p>O processo de <strong>venda da Braskem<\/strong> \u00e9 antigo, mas o formato da opera\u00e7\u00e3o \u00e9 complexo. Inicialmente, n\u00e3o estava claro se a Petrobras venderia sua fatia. E os potenciais interessados trouxeram a demanda de fatiamento da empresa.<\/p>\n<p>No entanto, no fim do ano passado &#8211; com o mercado de <a class=\"suno-keyword\" href=\"https:\/\/www.suno.com.br\/artigos\/renda-variavel-7-dicas\/\" target=\"_blank\" rel=\"noopener\" data-force=\"no\" data-priority=\"2\">renda vari\u00e1vel<\/a> em efervesc\u00eancia -, Novonor e Petrobras acertaram que a venda ocorreria via ofertas de a\u00e7\u00f5es. Um sindicato de bancos foi contratado para estruturar a transa\u00e7\u00e3o.<\/p>\n\t<p>\n\t\t<a href=\"https:\/\/lp.suno.com.br\/planilha-da-vida-financeira\/\" target=\"_blank\" data-element=\"shortcode-suno-banner\" title=\"Banner SUNO, clique e saiba mais\">\n\t\t\t<picture>\n\t\t\t\t<source media=\"(max-width: 500px)\" srcset=\"https:\/\/files.sunoresearch.com.br\/n\/uploads\/2023\/04\/400x300-Planilha-vida-financeira-true.png\">\n\t\t\t\t<img class=\"newsContent__article__imgCapa newsContent__article__imgCapa--banner\"\n\t\t\t\t\tsrc=\"https:\/\/files.sunoresearch.com.br\/n\/uploads\/2023\/04\/1420x240-Planilha-vida-financeira-true.png\"\n\t\t\t\t\tdata-promo-id=\"106682\"\t\t\t\t\t\t\t\t\t\twidth='1420' height='240'\t\t\t\t\talt=\"https:\/\/files.sunoresearch.com.br\/n\/uploads\/2023\/04\/1420x240-Planilha-vida-financeira-true.png\"\n\t\t\t\t>\n\t\t\t<\/picture>\n\t\t<\/a>\n\t<\/p>\n\n\n<p>A ideia seria fazer esse movimento aos poucos, por causa do tamanho da <strong>opera\u00e7\u00e3o<\/strong>. Entre o planejamento e a execu\u00e7\u00e3o da estrat\u00e9gia, no entanto, o mercado de ofertas se fechou &#8211; e as companhias foram obrigadas a voltar \u00e0 estaca zero.<\/p>\n<p>Para a antiga <strong>Odebrecht<\/strong>, a venda \u00e9 um passo para seguir com seu <a class=\"suno-keyword\" href=\"https:\/\/www.suno.com.br\/artigos\/plano-de-recuperacao\/\" target=\"_blank\" rel=\"noopener\" data-force=\"no\" data-priority=\"1\">plano de recupera\u00e7\u00e3o judicial<\/a>, que envolve d\u00edvida de R$ 100 bilh\u00f5es. Apesar do fracasso da opera\u00e7\u00e3o na <a class=\"suno-keyword\" href=\"https:\/\/www.suno.com.br\/acoes\/B3SA3\/\" target=\"_blank\" rel=\"noopener\" data-force=\"yes\" data-priority=\"2\">B3 (B3SA3)<\/a>, a Braskem quer ingressar no <a class=\"suno-keyword\" href=\"https:\/\/www.suno.com.br\/artigos\/novo-mercado\/\" target=\"_blank\" rel=\"noopener\" data-force=\"no\" data-priority=\"1\">Novo Mercado<\/a> &#8211; que tem mais exig\u00eancias de governan\u00e7a corporativa &#8211; como forma de conquistar investidores.<\/p>\n<p>Do lado da Petrobras, a <strong>venda em Bolsa<\/strong> ou para fundos privados muito capitalizados significa dar continuidade de sa\u00edda de seus ativos n\u00e3o estrat\u00e9gicos. Das a\u00e7\u00f5es com direito a voto na Braskem, a Novonor det\u00e9m 50,1% e a Petrobras, 47%. O restante est\u00e1 nas m\u00e3os de minorit\u00e1rios.<\/p>\n<p>Ap\u00f3s a divulga\u00e7\u00e3o da not\u00edcia na imprensa, a Braskem afirmou que &#8220;n\u00e3o \u00e9 parte de eventuais discuss\u00f5es de seus Acionistas sobre a venda das suas participa\u00e7\u00f5es acion\u00e1rias detidas na Companhia, raz\u00e3o pela qual solicitou esclarecimentos aos seus Acionistas&#8221;.<\/p>\n<p>Em anexo, inseriu os posicionamentos.<\/p>\n<p>&#8220;Em atendimento ao questionamento abaixo, e na mesma linha de manifesta\u00e7\u00f5es anteriores, a Novonor reitera que segue em andamento o processo de aliena\u00e7\u00e3o de sua participa\u00e7\u00e3o na Braskem, iniciado em cumprimento a compromissos assumidos com credores e oportunamente comunicado \u00e0 Braskem&#8221;, diz a Novonor.<\/p>\n<p>&#8220;No contexto desse processo, a Novonor est\u00e1 avaliando todas as alternativas estrat\u00e9gicas, mas, at\u00e9 o presente momento, n\u00e3o houve evolu\u00e7\u00e3o material em qualquer alternativa e tampouco existem decis\u00f5es tomadas&#8221;, conclui.<\/p>\n<p>&#8220;Em rela\u00e7\u00e3o \u00e0 not\u00edcia veiculada na m\u00eddia, a Petr\u00f3leo Brasileiro S.A &#8211; Petrobras reafirma que sua participa\u00e7\u00e3o na Braskem faz parte da carteira de ativos \u00e0 venda pela companhia, conforme divulgado no Plano Estrat\u00e9gico 2022-2026. A Petrobras informa que n\u00e3o est\u00e1 estruturando nenhuma opera\u00e7\u00e3o de venda no mercado privado&#8221;, diz a Petrobras sobre a venda da <strong>Braskem<\/strong>.<\/p>\n<p class=\"newsProviderSignature\">Com Estad\u00e3o Conte\u00fado<\/p>\n\t<p>\n\t\t<a href=\"https:\/\/lp.suno.com.br\/ebook-como-analisar-uma-acao\/\" target=\"_blank\" data-element=\"shortcode-suno-banner\" title=\"Banner SUNO, clique e saiba mais\">\n\t\t\t<picture>\n\t\t\t\t<source media=\"(max-width: 500px)\" srcset=\"https:\/\/files.sunoresearch.com.br\/n\/uploads\/2023\/03\/Ebook-Acoes-Mobile-1.jpg\">\n\t\t\t\t<img class=\"newsContent__article__imgCapa newsContent__article__imgCapa--banner\"\n\t\t\t\t\tsrc=\"https:\/\/files.sunoresearch.com.br\/n\/uploads\/2023\/03\/Ebook-Acoes-Desktop-1.jpg\"\n\t\t\t\t\tdata-promo-id=\"171998\"\t\t\t\t\t\t\t\t\t\twidth='1420' height='286'\t\t\t\t\talt=\"https:\/\/files.sunoresearch.com.br\/n\/uploads\/2023\/03\/Ebook-Acoes-Desktop-1.jpg\"\n\t\t\t\t>\n\t\t\t<\/picture>\n\t\t<\/a>\n\t<\/p>\n\n\n","protected":false},"excerpt":{"rendered":"<p>Depois de muitas tentativas frustradas de encontrar um novo dono, a petroqu\u00edmica Braskem (BRKM5) est\u00e1 novamente no mercado, tentando achar um comprador para suas opera\u00e7\u00f5es globais. Com a not\u00edcia, os pap\u00e9is da companhia sobem 6,5% na abertura de preg\u00e3o desta quinta-feira (7). Fecharam em alta de 6,96%, a R$ 45,49. Braskem- Foto: Divulga\u00e7\u00e3o Ap\u00f3s a [&hellip;]<\/p>\n","protected":false},"author":73,"featured_media":130190,"comment_status":"closed","ping_status":"closed","sticky":false,"template":"","format":"standard","meta":[],"categories":[64],"tags":[395,105816,2615,595],"suno_strategy":[],"class_list":["post-248764","post","type-post","status-publish","format-standard","has-post-thumbnail","hentry","category-negocios","tag-braskem-brkm3-brkm5-brkm6","tag-especialistas","tag-novo-mercado","tag-petrobras-petr4"],"yoast_head":"<!-- This site is optimized with the Yoast SEO plugin v24.4 - https:\/\/yoast.com\/wordpress\/plugins\/seo\/ -->\n<title>Venda da Braskem (BRKM5) volta a atrair grandes fundos e a\u00e7\u00f5es disparam 7%<\/title>\n<meta name=\"description\" content=\"O processo de venda da Braskem \u00e9 antigo, mas o formato da opera\u00e7\u00e3o \u00e9 complexo e depende da sa\u00edda da Petrobras. Clique aqui e leia mais.\" \/>\n<meta name=\"robots\" content=\"index, follow, max-snippet:-1, max-image-preview:large, max-video-preview:-1\" \/>\n<link rel=\"canonical\" href=\"https:\/\/www.suno.com.br\/noticias\/braskem-brkm5-venda-grandes-fundos\/\" \/>\n<meta property=\"og:locale\" content=\"pt_BR\" \/>\n<meta property=\"og:type\" content=\"article\" \/>\n<meta property=\"og:title\" content=\"Venda da Braskem (BRKM5) volta a atrair grandes fundos e a\u00e7\u00f5es disparam 7%\" \/>\n<meta property=\"og:description\" content=\"O processo de venda da Braskem \u00e9 antigo, mas o formato da opera\u00e7\u00e3o \u00e9 complexo e depende da sa\u00edda da Petrobras. Clique aqui e leia mais.\" \/>\n<meta property=\"og:url\" content=\"https:\/\/www.suno.com.br\/noticias\/braskem-brkm5-venda-grandes-fundos\/\" \/>\n<meta property=\"og:site_name\" content=\"Suno Not\u00edcias\" \/>\n<meta property=\"article:publisher\" content=\"https:\/\/facebook.com\/sunoresearch\" \/>\n<meta property=\"og:image\" content=\"https:\/\/files.sunoresearch.com.br\/n\/uploads\/2021\/03\/a276f986-braskem-4.jpg\" \/>\n\t<meta property=\"og:image:width\" content=\"1200\" \/>\n\t<meta property=\"og:image:height\" content=\"800\" \/>\n\t<meta property=\"og:image:type\" content=\"image\/jpeg\" \/>\n<meta name=\"author\" content=\"Eduardo Vargas\" \/>\n<meta name=\"twitter:card\" content=\"summary_large_image\" \/>\n<meta name=\"twitter:creator\" content=\"@sunoresearch\" \/>\n<meta name=\"twitter:site\" content=\"@sunoresearch\" \/>\n<meta name=\"twitter:label1\" content=\"Escrito por\" \/>\n\t<meta name=\"twitter:data1\" content=\"Eduardo Vargas\" \/>\n\t<meta name=\"twitter:label2\" content=\"Est. tempo de leitura\" \/>\n\t<meta name=\"twitter:data2\" content=\"3 minutos\" \/>\n<script type=\"application\/ld+json\" class=\"yoast-schema-graph\">{\"@context\":\"https:\/\/schema.org\",\"@graph\":[{\"@type\":\"NewsArticle\",\"@id\":\"https:\/\/www.suno.com.br\/noticias\/braskem-brkm5-venda-grandes-fundos\/#article\",\"isPartOf\":{\"@id\":\"https:\/\/www.suno.com.br\/noticias\/braskem-brkm5-venda-grandes-fundos\/\"},\"author\":{\"name\":\"Eduardo Vargas\",\"@id\":\"https:\/\/www.suno.com.br\/noticias\/#\/schema\/person\/7f4d362bf3518e76090143ae77bb49a5\"},\"headline\":\"Venda da Braskem (BRKM5) volta a atrair grandes fundos e a\u00e7\u00f5es disparam 7%\",\"datePublished\":\"2022-04-07T12:56:54+00:00\",\"dateModified\":\"2022-04-07T22:33:53+00:00\",\"mainEntityOfPage\":{\"@id\":\"https:\/\/www.suno.com.br\/noticias\/braskem-brkm5-venda-grandes-fundos\/\"},\"wordCount\":730,\"publisher\":{\"@id\":\"https:\/\/www.suno.com.br\/noticias\/#organization\"},\"image\":{\"@id\":\"https:\/\/www.suno.com.br\/noticias\/braskem-brkm5-venda-grandes-fundos\/#primaryimage\"},\"thumbnailUrl\":\"https:\/\/files.sunoresearch.com.br\/n\/uploads\/2021\/03\/a276f986-braskem-4-jpg.webp\",\"keywords\":[\"Braskem (BRKM3\/BRKM5\/BRKM6)\",\"Especialistas\",\"Novo Mercado\",\"Petrobras (PETR4)\"],\"articleSection\":[\"Neg\u00f3cios\"],\"inLanguage\":\"pt-BR\"},{\"@type\":\"WebPage\",\"@id\":\"https:\/\/www.suno.com.br\/noticias\/braskem-brkm5-venda-grandes-fundos\/\",\"url\":\"https:\/\/www.suno.com.br\/noticias\/braskem-brkm5-venda-grandes-fundos\/\",\"name\":\"Venda da Braskem (BRKM5) volta a atrair grandes fundos e a\u00e7\u00f5es disparam 7%\",\"isPartOf\":{\"@id\":\"https:\/\/www.suno.com.br\/noticias\/#website\"},\"primaryImageOfPage\":{\"@id\":\"https:\/\/www.suno.com.br\/noticias\/braskem-brkm5-venda-grandes-fundos\/#primaryimage\"},\"image\":{\"@id\":\"https:\/\/www.suno.com.br\/noticias\/braskem-brkm5-venda-grandes-fundos\/#primaryimage\"},\"thumbnailUrl\":\"https:\/\/files.sunoresearch.com.br\/n\/uploads\/2021\/03\/a276f986-braskem-4-jpg.webp\",\"datePublished\":\"2022-04-07T12:56:54+00:00\",\"dateModified\":\"2022-04-07T22:33:53+00:00\",\"description\":\"O processo de venda da Braskem \u00e9 antigo, mas o formato da opera\u00e7\u00e3o \u00e9 complexo e depende da sa\u00edda da Petrobras. Clique aqui e leia mais.\",\"breadcrumb\":{\"@id\":\"https:\/\/www.suno.com.br\/noticias\/braskem-brkm5-venda-grandes-fundos\/#breadcrumb\"},\"inLanguage\":\"pt-BR\",\"potentialAction\":[{\"@type\":\"ReadAction\",\"target\":[\"https:\/\/www.suno.com.br\/noticias\/braskem-brkm5-venda-grandes-fundos\/\"]}]},{\"@type\":\"ImageObject\",\"inLanguage\":\"pt-BR\",\"@id\":\"https:\/\/www.suno.com.br\/noticias\/braskem-brkm5-venda-grandes-fundos\/#primaryimage\",\"url\":\"https:\/\/files.sunoresearch.com.br\/n\/uploads\/2021\/03\/a276f986-braskem-4-jpg.webp\",\"contentUrl\":\"https:\/\/files.sunoresearch.com.br\/n\/uploads\/2021\/03\/a276f986-braskem-4-jpg.webp\",\"width\":1200,\"height\":800,\"caption\":\"Braskem- Foto: Divulga\u00e7\u00e3o\"},{\"@type\":\"BreadcrumbList\",\"@id\":\"https:\/\/www.suno.com.br\/noticias\/braskem-brkm5-venda-grandes-fundos\/#breadcrumb\",\"itemListElement\":[{\"@type\":\"ListItem\",\"position\":1,\"name\":\"Not\u00edcias\",\"item\":\"https:\/\/www.suno.com.br\/noticias\/\"},{\"@type\":\"ListItem\",\"position\":2,\"name\":\"Neg\u00f3cios\",\"item\":\"https:\/\/www.suno.com.br\/noticias\/negocios\/\"},{\"@type\":\"ListItem\",\"position\":3,\"name\":\"Venda da Braskem (BRKM5) volta a atrair grandes fundos e a\u00e7\u00f5es disparam 7%\"}]},{\"@type\":\"WebSite\",\"@id\":\"https:\/\/www.suno.com.br\/noticias\/#website\",\"url\":\"https:\/\/www.suno.com.br\/noticias\/\",\"name\":\"Suno Not\u00edcias\",\"description\":\"Seu portal de informa\u00e7\u00e3o sobre o mundo dos investimentos\",\"publisher\":{\"@id\":\"https:\/\/www.suno.com.br\/noticias\/#organization\"},\"potentialAction\":[{\"@type\":\"SearchAction\",\"target\":{\"@type\":\"EntryPoint\",\"urlTemplate\":\"https:\/\/www.suno.com.br\/noticias\/?s={search_term_string}\"},\"query-input\":{\"@type\":\"PropertyValueSpecification\",\"valueRequired\":true,\"valueName\":\"search_term_string\"}}],\"inLanguage\":\"pt-BR\"},{\"@type\":\"Organization\",\"@id\":\"https:\/\/www.suno.com.br\/noticias\/#organization\",\"name\":\"Suno Not\u00edcias\",\"url\":\"https:\/\/www.suno.com.br\/noticias\/\",\"logo\":{\"@type\":\"ImageObject\",\"inLanguage\":\"pt-BR\",\"@id\":\"https:\/\/www.suno.com.br\/noticias\/#\/schema\/logo\/image\/\",\"url\":\"https:\/\/files.sunoresearch.com.br\/n\/uploads\/2021\/09\/suno-logo.png\",\"contentUrl\":\"https:\/\/files.sunoresearch.com.br\/n\/uploads\/2021\/09\/suno-logo.png\",\"width\":180,\"height\":180,\"caption\":\"Suno Not\u00edcias\"},\"image\":{\"@id\":\"https:\/\/www.suno.com.br\/noticias\/#\/schema\/logo\/image\/\"},\"sameAs\":[\"https:\/\/facebook.com\/sunoresearch\",\"https:\/\/x.com\/sunoresearch\",\"https:\/\/www.instagram.com\/suno\",\"https:\/\/www.linkedin.com\/company\/suno-research\/\",\"https:\/\/www.youtube.com\/c\/sunoresearch\"]},{\"@type\":\"Person\",\"@id\":\"https:\/\/www.suno.com.br\/noticias\/#\/schema\/person\/7f4d362bf3518e76090143ae77bb49a5\",\"name\":\"Eduardo Vargas\",\"image\":{\"@type\":\"ImageObject\",\"inLanguage\":\"pt-BR\",\"@id\":\"https:\/\/www.suno.com.br\/noticias\/#\/schema\/person\/image\/\",\"url\":\"https:\/\/secure.gravatar.com\/avatar\/dac340933427a22924c9f99d1eb2e3f2?s=96&r=g\",\"contentUrl\":\"https:\/\/secure.gravatar.com\/avatar\/dac340933427a22924c9f99d1eb2e3f2?s=96&r=g\",\"caption\":\"Eduardo Vargas\"},\"description\":\"Jornalista formado pela UFSC, cobre macroeconomia, neg\u00f3cios e startups para o Suno Not\u00edcias, escrevendo principalmente not\u00edcias sobre o mercado financeiro e a bolsa de valores. No YouTube e no Instagram, \u00e9 respons\u00e1vel pela produ\u00e7\u00e3o de Reels e Shorts do Suno Not\u00edcias. Anteriormente, trabalhou cobrindo economia e cotidiano no ND+ e para o ND, maior jornal impresso de Santa Catarina. Cursou um semestre letivo de Estudos de M\u00eddia na Universidad de Buenos Aires.\",\"url\":\"https:\/\/www.suno.com.br\/noticias\/author\/eduardo-vargas\/\"}]}<\/script>\n<!-- \/ Yoast SEO plugin. -->","yoast_head_json":{"title":"Venda da Braskem (BRKM5) volta a atrair grandes fundos e a\u00e7\u00f5es disparam 7%","description":"O processo de venda da Braskem \u00e9 antigo, mas o formato da opera\u00e7\u00e3o \u00e9 complexo e depende da sa\u00edda da Petrobras. Clique aqui e leia mais.","robots":{"index":"index","follow":"follow","max-snippet":"max-snippet:-1","max-image-preview":"max-image-preview:large","max-video-preview":"max-video-preview:-1"},"canonical":"https:\/\/www.suno.com.br\/noticias\/braskem-brkm5-venda-grandes-fundos\/","og_locale":"pt_BR","og_type":"article","og_title":"Venda da Braskem (BRKM5) volta a atrair grandes fundos e a\u00e7\u00f5es disparam 7%","og_description":"O processo de venda da Braskem \u00e9 antigo, mas o formato da opera\u00e7\u00e3o \u00e9 complexo e depende da sa\u00edda da Petrobras. Clique aqui e leia mais.","og_url":"https:\/\/www.suno.com.br\/noticias\/braskem-brkm5-venda-grandes-fundos\/","og_site_name":"Suno Not\u00edcias","article_publisher":"https:\/\/facebook.com\/sunoresearch","og_image":[{"width":1200,"height":800,"url":"https:\/\/files.sunoresearch.com.br\/n\/uploads\/2021\/03\/a276f986-braskem-4.jpg","type":"image\/jpeg"}],"author":"Eduardo Vargas","twitter_card":"summary_large_image","twitter_creator":"@sunoresearch","twitter_site":"@sunoresearch","twitter_misc":{"Escrito por":"Eduardo Vargas","Est. tempo de leitura":"3 minutos"},"schema":{"@context":"https:\/\/schema.org","@graph":[{"@type":"NewsArticle","@id":"https:\/\/www.suno.com.br\/noticias\/braskem-brkm5-venda-grandes-fundos\/#article","isPartOf":{"@id":"https:\/\/www.suno.com.br\/noticias\/braskem-brkm5-venda-grandes-fundos\/"},"author":{"name":"Eduardo Vargas","@id":"https:\/\/www.suno.com.br\/noticias\/#\/schema\/person\/7f4d362bf3518e76090143ae77bb49a5"},"headline":"Venda da Braskem (BRKM5) volta a atrair grandes fundos e a\u00e7\u00f5es disparam 7%","datePublished":"2022-04-07T12:56:54+00:00","dateModified":"2022-04-07T22:33:53+00:00","mainEntityOfPage":{"@id":"https:\/\/www.suno.com.br\/noticias\/braskem-brkm5-venda-grandes-fundos\/"},"wordCount":730,"publisher":{"@id":"https:\/\/www.suno.com.br\/noticias\/#organization"},"image":{"@id":"https:\/\/www.suno.com.br\/noticias\/braskem-brkm5-venda-grandes-fundos\/#primaryimage"},"thumbnailUrl":"https:\/\/files.sunoresearch.com.br\/n\/uploads\/2021\/03\/a276f986-braskem-4-jpg.webp","keywords":["Braskem (BRKM3\/BRKM5\/BRKM6)","Especialistas","Novo Mercado","Petrobras (PETR4)"],"articleSection":["Neg\u00f3cios"],"inLanguage":"pt-BR"},{"@type":"WebPage","@id":"https:\/\/www.suno.com.br\/noticias\/braskem-brkm5-venda-grandes-fundos\/","url":"https:\/\/www.suno.com.br\/noticias\/braskem-brkm5-venda-grandes-fundos\/","name":"Venda da Braskem (BRKM5) volta a atrair grandes fundos e a\u00e7\u00f5es disparam 7%","isPartOf":{"@id":"https:\/\/www.suno.com.br\/noticias\/#website"},"primaryImageOfPage":{"@id":"https:\/\/www.suno.com.br\/noticias\/braskem-brkm5-venda-grandes-fundos\/#primaryimage"},"image":{"@id":"https:\/\/www.suno.com.br\/noticias\/braskem-brkm5-venda-grandes-fundos\/#primaryimage"},"thumbnailUrl":"https:\/\/files.sunoresearch.com.br\/n\/uploads\/2021\/03\/a276f986-braskem-4-jpg.webp","datePublished":"2022-04-07T12:56:54+00:00","dateModified":"2022-04-07T22:33:53+00:00","description":"O processo de venda da Braskem \u00e9 antigo, mas o formato da opera\u00e7\u00e3o \u00e9 complexo e depende da sa\u00edda da Petrobras. Clique aqui e leia mais.","breadcrumb":{"@id":"https:\/\/www.suno.com.br\/noticias\/braskem-brkm5-venda-grandes-fundos\/#breadcrumb"},"inLanguage":"pt-BR","potentialAction":[{"@type":"ReadAction","target":["https:\/\/www.suno.com.br\/noticias\/braskem-brkm5-venda-grandes-fundos\/"]}]},{"@type":"ImageObject","inLanguage":"pt-BR","@id":"https:\/\/www.suno.com.br\/noticias\/braskem-brkm5-venda-grandes-fundos\/#primaryimage","url":"https:\/\/files.sunoresearch.com.br\/n\/uploads\/2021\/03\/a276f986-braskem-4-jpg.webp","contentUrl":"https:\/\/files.sunoresearch.com.br\/n\/uploads\/2021\/03\/a276f986-braskem-4-jpg.webp","width":1200,"height":800,"caption":"Braskem- Foto: Divulga\u00e7\u00e3o"},{"@type":"BreadcrumbList","@id":"https:\/\/www.suno.com.br\/noticias\/braskem-brkm5-venda-grandes-fundos\/#breadcrumb","itemListElement":[{"@type":"ListItem","position":1,"name":"Not\u00edcias","item":"https:\/\/www.suno.com.br\/noticias\/"},{"@type":"ListItem","position":2,"name":"Neg\u00f3cios","item":"https:\/\/www.suno.com.br\/noticias\/negocios\/"},{"@type":"ListItem","position":3,"name":"Venda da Braskem (BRKM5) volta a atrair grandes fundos e a\u00e7\u00f5es disparam 7%"}]},{"@type":"WebSite","@id":"https:\/\/www.suno.com.br\/noticias\/#website","url":"https:\/\/www.suno.com.br\/noticias\/","name":"Suno Not\u00edcias","description":"Seu portal de informa\u00e7\u00e3o sobre o mundo dos investimentos","publisher":{"@id":"https:\/\/www.suno.com.br\/noticias\/#organization"},"potentialAction":[{"@type":"SearchAction","target":{"@type":"EntryPoint","urlTemplate":"https:\/\/www.suno.com.br\/noticias\/?s={search_term_string}"},"query-input":{"@type":"PropertyValueSpecification","valueRequired":true,"valueName":"search_term_string"}}],"inLanguage":"pt-BR"},{"@type":"Organization","@id":"https:\/\/www.suno.com.br\/noticias\/#organization","name":"Suno Not\u00edcias","url":"https:\/\/www.suno.com.br\/noticias\/","logo":{"@type":"ImageObject","inLanguage":"pt-BR","@id":"https:\/\/www.suno.com.br\/noticias\/#\/schema\/logo\/image\/","url":"https:\/\/files.sunoresearch.com.br\/n\/uploads\/2021\/09\/suno-logo.png","contentUrl":"https:\/\/files.sunoresearch.com.br\/n\/uploads\/2021\/09\/suno-logo.png","width":180,"height":180,"caption":"Suno Not\u00edcias"},"image":{"@id":"https:\/\/www.suno.com.br\/noticias\/#\/schema\/logo\/image\/"},"sameAs":["https:\/\/facebook.com\/sunoresearch","https:\/\/x.com\/sunoresearch","https:\/\/www.instagram.com\/suno","https:\/\/www.linkedin.com\/company\/suno-research\/","https:\/\/www.youtube.com\/c\/sunoresearch"]},{"@type":"Person","@id":"https:\/\/www.suno.com.br\/noticias\/#\/schema\/person\/7f4d362bf3518e76090143ae77bb49a5","name":"Eduardo Vargas","image":{"@type":"ImageObject","inLanguage":"pt-BR","@id":"https:\/\/www.suno.com.br\/noticias\/#\/schema\/person\/image\/","url":"https:\/\/secure.gravatar.com\/avatar\/dac340933427a22924c9f99d1eb2e3f2?s=96&r=g","contentUrl":"https:\/\/secure.gravatar.com\/avatar\/dac340933427a22924c9f99d1eb2e3f2?s=96&r=g","caption":"Eduardo Vargas"},"description":"Jornalista formado pela UFSC, cobre macroeconomia, neg\u00f3cios e startups para o Suno Not\u00edcias, escrevendo principalmente not\u00edcias sobre o mercado financeiro e a bolsa de valores. No YouTube e no Instagram, \u00e9 respons\u00e1vel pela produ\u00e7\u00e3o de Reels e Shorts do Suno Not\u00edcias. Anteriormente, trabalhou cobrindo economia e cotidiano no ND+ e para o ND, maior jornal impresso de Santa Catarina. Cursou um semestre letivo de Estudos de M\u00eddia na Universidad de Buenos Aires.","url":"https:\/\/www.suno.com.br\/noticias\/author\/eduardo-vargas\/"}]}},"default_loop_html":"<div class=\"cardsPage__listCard__boxs\"><div class=\"cardsPage__listCard__boxs__img\"><a href=\"https:\/\/www.suno.com.br\/noticias\/braskem-brkm5-venda-grandes-fundos\/\"><img class=\"mask\" src=\"https:\/\/www.suno.com.br\/noticias\/wp-content\/themes\/suno\/resources\/images\/spotlight\/spotlight1img\/bg-mask.png\" alt=\"Image Mask\"\/><img src=\"https:\/\/files.sunoresearch.com.br\/n\/uploads\/2021\/03\/a276f986-braskem-4-400x200.webp\" alt=\"Venda da Braskem (BRKM5) volta a atrair grandes fundos e a\u00e7\u00f5es disparam 7%\"\/><\/a><span class=\"spotlightCategory\"><a href=\"https:\/\/www.suno.com.br\/noticias\/negocios\/\">Neg\u00f3cios<\/a><\/span><\/div><div class=\"cardsPage__listCard__boxs__content\"><a href=\"https:\/\/www.suno.com.br\/noticias\/braskem-brkm5-venda-grandes-fundos\/\"><h2 class=\"content__title\">Venda da Braskem (BRKM5) volta a atrair grandes fundos e a\u00e7\u00f5es disparam 7%<\/h2><\/a><div class=\"newsContent__article__meta\"><div class=\"newsContent__article__meta__authorBox\"><a href=\"https:\/\/www.suno.com.br\/noticias\/author\/eduardo-vargas\/\" class=\"authorBox__avatar noMobi\"><img src=\"https:\/\/secure.gravatar.com\/avatar\/dac340933427a22924c9f99d1eb2e3f2?s=96&#038;r=g\" alt=\"Eduardo Vargas\"><\/a><div class=\"authorBox__name\"><span>por\n\t\t\t<a href=\"https:\/\/www.suno.com.br\/noticias\/author\/eduardo-vargas\/\"><span itemprop=\"author\">Eduardo Vargas<\/span><\/a><\/span><time datetime=\"2022-04-07T09:56:54-03:00\" itemprop=\"datePublished\">07\/04\/2022 09:56<\/time><\/div><\/div><\/div><\/div><\/div>","single_layout":"posts","amp_enabled":true,"_links":{"self":[{"href":"https:\/\/www.suno.com.br\/noticias\/wp-json\/wp\/v2\/posts\/248764"}],"collection":[{"href":"https:\/\/www.suno.com.br\/noticias\/wp-json\/wp\/v2\/posts"}],"about":[{"href":"https:\/\/www.suno.com.br\/noticias\/wp-json\/wp\/v2\/types\/post"}],"author":[{"embeddable":true,"href":"https:\/\/www.suno.com.br\/noticias\/wp-json\/wp\/v2\/users\/73"}],"replies":[{"embeddable":true,"href":"https:\/\/www.suno.com.br\/noticias\/wp-json\/wp\/v2\/comments?post=248764"}],"version-history":[{"count":4,"href":"https:\/\/www.suno.com.br\/noticias\/wp-json\/wp\/v2\/posts\/248764\/revisions"}],"predecessor-version":[{"id":249079,"href":"https:\/\/www.suno.com.br\/noticias\/wp-json\/wp\/v2\/posts\/248764\/revisions\/249079"}],"wp:featuredmedia":[{"embeddable":true,"href":"https:\/\/www.suno.com.br\/noticias\/wp-json\/wp\/v2\/media\/130190"}],"wp:attachment":[{"href":"https:\/\/www.suno.com.br\/noticias\/wp-json\/wp\/v2\/media?parent=248764"}],"wp:term":[{"taxonomy":"category","embeddable":true,"href":"https:\/\/www.suno.com.br\/noticias\/wp-json\/wp\/v2\/categories?post=248764"},{"taxonomy":"post_tag","embeddable":true,"href":"https:\/\/www.suno.com.br\/noticias\/wp-json\/wp\/v2\/tags?post=248764"},{"taxonomy":"suno_strategy","embeddable":true,"href":"https:\/\/www.suno.com.br\/noticias\/wp-json\/wp\/v2\/suno_strategy?post=248764"}],"curies":[{"name":"wp","href":"https:\/\/api.w.org\/{rel}","templated":true}]}}