{"id":24841,"date":"2019-05-16T15:23:19","date_gmt":"2019-05-16T18:23:19","guid":{"rendered":"https:\/\/www.suno.com.br\/noticias\/?p=24841"},"modified":"2019-05-16T18:18:49","modified_gmt":"2019-05-16T21:18:49","slug":"gol-entenda-desvalorizacao-acoes","status":"publish","type":"post","link":"https:\/\/www.suno.com.br\/noticias\/gol-entenda-desvalorizacao-acoes\/","title":{"rendered":"Entenda a baixa de 17% que as a\u00e7\u00f5es da Gol acumulam na semana"},"content":{"rendered":"<p>As <strong>a\u00e7\u00f5es<\/strong> da <strong>Gol<\/strong> (GOLL4) j\u00e1 tiveram <strong>desvaloriza\u00e7\u00e3o<\/strong> superior a 17%, desde a abertura do preg\u00e3o do in\u00edcio da <strong>semana<\/strong>. Confira abaixo a cota\u00e7\u00e3o da empresa na <strong><a href=\"https:\/\/www.suno.com.br\/artigos\/b3\/\">B3<\/a><\/strong> (Brasil, Bolsa, Balc\u00e3o) nos fechamentos desta semana:<\/p>\t<div class=\"wrapper-featured-image\">\n\t\t<figure class=\"spotlightImg\">\n\n\t\t\t<picture>\n\t\t\t\t<source media=\"(max-width: 768px)\" srcset=\"https:\/\/files.sunoresearch.com.br\/n\/uploads\/2018\/12\/087a09e1-gol-400x200.webp\">\n\t\t\t\t<img loading=\"lazy\" decoding=\"async\" class=\"newsContent__article__imgCapa lazyloadDisabled newsContent__article__imgCapa--noCaption\" src=\"https:\/\/files.sunoresearch.com.br\/n\/uploads\/2018\/12\/087a09e1-gol-jpg.webp\" width=\"800\" height=\"450\" alt=\"Entenda a baixa de 17% que as a\u00e7\u00f5es da Gol acumulam na semana\" fetchpriority=high \/>\n\t\t\t<\/picture>\n\n\t\t\t<figcaption class=\"wp-caption-text wp-caption-text--hide\">Gol<\/figcaption>\n\t\t<\/figure>\n\t<\/div>\n\n\n<ul>\n<li>segunda-feira (10): a\u00e7\u00f5es da Gol fecham em queda de 7,02% a R$ 23,71;<\/li>\n<li>ter\u00e7a-feira (11): a\u00e7\u00f5es da Gol fecham em queda de 2,78% a R$\u00a023,05;<\/li>\n<li>quarta-feira (12): a\u00e7\u00f5es da Gol fecham em queda de 1,69% a R$ 22,66.<\/li>\n<\/ul>\n<p>No \u00faltimo fechamento positivo da companhia a\u00e9rea, na sexta-feira (10), a cota\u00e7\u00e3o do papel foi de <strong>R$\u00a025,50<\/strong>. Enquanto o valor da a\u00e7\u00e3o encerrou a 7,41% na sess\u00e3o, nesta quinta-feira (16), a <strong>R$ 20,98<\/strong>.<\/p>\n<p>Desta forma, considerando-se tais valores, as perdas totais no per\u00edodo foram equivalentes a <strong>17,7%<\/strong>.<\/p>\n<p>A queda dos papeis da empresa ocorrem devido a dois motivos principais:<\/p>\n<ol>\n<li>Dela\u00e7\u00e3o premiada do dono da <strong>Gol<\/strong>, Henrique Constantino;<\/li>\n<li>e a nova proposta feita pela <strong>Azul<\/strong> (AZUL4) para adquirir ativos da <strong>Avianca<\/strong> Brasil, companhia a\u00e9rea em <a href=\"https:\/\/www.suno.com.br\/artigos\/recuperacao-judicial\/\">recupera\u00e7\u00e3o judicial<\/a>.<\/li>\n<\/ol>\n\t<p>\n\t\t<a href=\"https:\/\/simulador-aposentadoria.suno.com.br\/?utm_source=suno-noticias&#038;utm_medium=banner&#038;utm_content=como-investir-para-aposentadoria-carteira-go&#038;utm_campaign=_SNC36CE4E9F_\" target=\"_blank\" data-element=\"shortcode-suno-banner\" title=\"Banner SUNO, clique e saiba mais\">\n\t\t\t<picture>\n\t\t\t\t<source media=\"(max-width: 500px)\" srcset=\"https:\/\/files.sunoresearch.com.br\/n\/uploads\/2025\/11\/400x300.webp\">\n\t\t\t\t<img class=\"newsContent__article__imgCapa newsContent__article__imgCapa--banner\"\n\t\t\t\t\tsrc=\"https:\/\/files.sunoresearch.com.br\/n\/uploads\/2025\/11\/1420x240.webp\"\n\t\t\t\t\tdata-promo-id=\"631530\"\t\t\t\t\t\t\t\t\t\twidth='1420' height='240'\t\t\t\t\talt=\"https:\/\/files.sunoresearch.com.br\/n\/uploads\/2025\/11\/1420x240.webp\"\n\t\t\t\t>\n\t\t\t<\/picture>\n\t\t<\/a>\n\t<\/p>\n\n\n<h2>Dela\u00e7\u00e3o premiada do dono da Gol, Henrique Constantino<\/h2>\n<p>O juiz federal Vallisney de Souza Oliveira, da 10\u00aa Vara Federal em Bras\u00edlia, fechou acordo de<strong> dela\u00e7\u00e3o premiada<\/strong>\u00a0entre o empres\u00e1rio <strong>Henrique Constantino<\/strong>, um dos s\u00f3cios da Gol, e o\u00a0<strong>Minist\u00e9rio P\u00fablico Federal<\/strong> (MPF).<\/p>\n<p>O magistrado retirou parte do sigilo dos depoimentos na \u00faltima segunda-feira (13), e parte da dela\u00e7\u00e3o foi divulgada pela Imprensa. Os principais pontos relatados por Constantino foram:<\/p>\n<ol>\n<li>O empres\u00e1rio mencionou supostos pagamentos a fim de conquistar benef\u00edcios na libera\u00e7\u00e3o de recursos do <strong>Fundo de Investimento<\/strong> do <strong>Fundo de Garantia do Tempo de Servi\u00e7o<\/strong> (FI-FGTS). De acordo com Constantino, os recursos foram usados para financiar obras de infraestrutura.<\/li>\n<li>Nos depoimentos foram citados o ex-ministro da Integra\u00e7\u00e3o Nacional, <strong>Geddel Vieira Lima<\/strong>, e os ex-deputados chefes da C\u00e2mara,<strong> Eduardo Cunha<\/strong> (MDB) e <strong>Henrique Eduardo Alves<\/strong> (MDB). Todos s\u00e3o investigados, por supostos desvios no fundo, nas opera\u00e7\u00f5es S\u00e9psis e Cui Bono, da Pol\u00edcia Federal (PF).<\/li>\n<li>O ex-presidente da Rep\u00fablica, <strong>Michel Temer<\/strong> (MDB) tamb\u00e9m foi citado em um dos depoimentos. Constantino relatou que participou de uma reuni\u00e3o, em julho de 2012, com <strong>Cunha<\/strong>, <strong>Alves<\/strong> e o ent\u00e3o vice-presidente, <strong>Temer<\/strong>.\u00a0Em tal encontro teria sido solicitado &#8220;o valor global de R$ 10 milh\u00f5es em troca da <strong>atua\u00e7\u00e3o il\u00edcita<\/strong> de membros do grupo\u201d para a empresa Via Rondon, concession\u00e1ria de rodovias pertencente ao s\u00f3cio da <strong>Gol<\/strong>.<\/li>\n<li>Constatino revelou ter pago mais de R$ 7 milh\u00f5es em propina a grupo ligado a <strong>Temer<\/strong>. Em troca, a <strong>Gol<\/strong> obteve mais de R$ 300 milh\u00f5es em <strong>financiamento<\/strong> da <strong>Caixa Econ\u00f4mica Federal<\/strong> (CEF), banco estatal.<\/li>\n<li>O atual presidente da C\u00e2mara, <strong>Rodrigo Maia<\/strong> (DEM), tamb\u00e9m foi citado. O deputado teria recebido \u201cbenef\u00edcio financeiro\u201d por meio da <strong>Associa\u00e7\u00e3o Brasileira de Empresas A\u00e9reas<\/strong> (Abear).<\/li>\n<\/ol>\n<p><a href=\"https:\/\/www.suno.com.br\/noticias\/delacao-premiada-gol-temer-cunha-e-geddel\/\">Saiba mais &#8211;\u00a0Em dela\u00e7\u00e3o premiada, dono da Gol acusa Temer, Cunha e Geddel<\/a><\/p>\n<h2>Nova proposta da Azul para comprar ativos da Avianca<\/h2>\n<p>Tamb\u00e9m na \u00faltima segunda-feira, a Azul anunciou a nova proposta de compra \u00e0 <strong>Avianca<\/strong> Brasil. A <strong>Azul<\/strong> deseja comprar uma <strong>Unidade Produtiva Isolada<\/strong> (UPI) da companhia a\u00e9rea em recupera\u00e7\u00e3o judicial por\u00a0US$ 145 milh\u00f5es.<\/p>\n<p>Em 11 de mar\u00e7o, a <strong>Azul<\/strong> teria assinado uma proposta n\u00e3o-vinculante para a aquisi\u00e7\u00e3o de parte dos ativos da <strong>Avianca<\/strong>. A primeira proposta envolvia a cria\u00e7\u00e3o de uma \u00fanica\u00a0<strong>Unidade Produtiva Isolada<\/strong> (UPI), a ser vendida pelo valor de US$ 105 milh\u00f5es.<\/p>\n<p>Todavia, em 3 de abril, a <strong>Gol<\/strong> e a <strong>Latam<\/strong> entraram na disputa para adquirir partes da <strong>Avianca<\/strong>. No plano de<strong> recupera\u00e7\u00e3o judicial<\/strong> alternativo \u00e0quele proposto pela <strong>Azul<\/strong>, haveria a cria\u00e7\u00e3o de sete <strong>UPIs<\/strong>. E cada uma das companhias a\u00e9reas dariam lances m\u00ednimos de US$ 70 milh\u00f5es por uma UPI.<\/p>\n<p>Na assembleia de credores da <strong>Avianca<\/strong>, a proposta de recupera\u00e7\u00e3o judicial vencedora foi a segunda, que criaria sete <strong>UPIs<\/strong>. O <strong>leil\u00e3o<\/strong> estava agendado para dia 7 de maio, mas foi <strong>suspenso<\/strong> pelo Tribunal de Justi\u00e7a de S\u00e3o Paulo (TJSP) em decis\u00e3o liminar.<\/p>\n<p>A <a href=\"http:\/\/ri.voeazul.com.br\/conteudo_pt.asp?idioma=0&amp;tipo=54857&amp;conta=28&amp;id=257210\">nova proposta<\/a> da <strong>Azul<\/strong>\u00a0\u00e9 US$ 5 milh\u00f5es superior \u00e0 proposta oferecida pela <strong>Gol<\/strong> e pela <strong>Latam<\/strong>. A 1\u00aa Vara de Fal\u00eancias e Recupera\u00e7\u00e3o Judicial de S\u00e3o Paulo ainda deve analisar a proposta da companhia a\u00e9rea.<\/p>\n","protected":false},"excerpt":{"rendered":"<p>As a\u00e7\u00f5es da Gol (GOLL4) j\u00e1 tiveram desvaloriza\u00e7\u00e3o superior a 17%, desde a abertura do preg\u00e3o do in\u00edcio da semana. Confira abaixo a cota\u00e7\u00e3o da empresa na B3 (Brasil, Bolsa, Balc\u00e3o) nos fechamentos desta semana: Gol segunda-feira (10): a\u00e7\u00f5es da Gol fecham em queda de 7,02% a R$ 23,71; ter\u00e7a-feira (11): a\u00e7\u00f5es da Gol fecham [&hellip;]<\/p>\n","protected":false},"author":12,"featured_media":9171,"comment_status":"closed","ping_status":"closed","sticky":false,"template":"","format":"standard","meta":[],"categories":[60],"tags":[367,489,721],"suno_strategy":[],"class_list":["post-24841","post","type-post","status-publish","format-standard","has-post-thumbnail","hentry","category-mercado","tag-b3-b3sa3","tag-gol-linhas-aereas-goll11-goll4","tag-ibovespa"],"yoast_head":"<!-- This site is optimized with the Yoast SEO plugin v24.4 - https:\/\/yoast.com\/wordpress\/plugins\/seo\/ -->\n<title>Entenda a baixa de 17% que as a\u00e7\u00f5es da Gol acumulam na semana<\/title>\n<meta name=\"description\" content=\"Cota\u00e7\u00e3o da Gol (GOLL4) tem sido destaque negativo do Ibovespa nos \u00faltimos dias; perdas j\u00e1 atingiram 17%. Clique para saber mais.\" \/>\n<meta name=\"robots\" content=\"index, follow, max-snippet:-1, max-image-preview:large, max-video-preview:-1\" \/>\n<link rel=\"canonical\" href=\"https:\/\/www.suno.com.br\/noticias\/gol-entenda-desvalorizacao-acoes\/\" \/>\n<meta property=\"og:locale\" content=\"pt_BR\" \/>\n<meta property=\"og:type\" content=\"article\" \/>\n<meta property=\"og:title\" content=\"Entenda a baixa de 17% que as a\u00e7\u00f5es da Gol acumulam na semana\" \/>\n<meta property=\"og:description\" content=\"Cota\u00e7\u00e3o da Gol (GOLL4) tem sido destaque negativo do Ibovespa nos \u00faltimos dias; perdas j\u00e1 atingiram 17%. Clique para saber mais.\" \/>\n<meta property=\"og:url\" content=\"https:\/\/www.suno.com.br\/noticias\/gol-entenda-desvalorizacao-acoes\/\" \/>\n<meta property=\"og:site_name\" content=\"Suno Not\u00edcias\" \/>\n<meta property=\"article:publisher\" content=\"https:\/\/facebook.com\/sunoresearch\" \/>\n<meta property=\"og:image\" content=\"https:\/\/files.sunoresearch.com.br\/n\/uploads\/2018\/12\/087a09e1-gol.jpg\" \/>\n\t<meta property=\"og:image:width\" content=\"1100\" \/>\n\t<meta property=\"og:image:height\" content=\"370\" \/>\n\t<meta property=\"og:image:type\" content=\"image\/jpeg\" \/>\n<meta name=\"author\" content=\"Amanda Gushiken\" \/>\n<meta name=\"twitter:card\" content=\"summary_large_image\" \/>\n<meta name=\"twitter:creator\" content=\"@sunoresearch\" \/>\n<meta name=\"twitter:site\" content=\"@sunoresearch\" \/>\n<meta name=\"twitter:label1\" content=\"Escrito por\" \/>\n\t<meta name=\"twitter:data1\" content=\"Amanda Gushiken\" \/>\n\t<meta name=\"twitter:label2\" content=\"Est. tempo de leitura\" \/>\n\t<meta name=\"twitter:data2\" content=\"4 minutos\" \/>\n<script type=\"application\/ld+json\" class=\"yoast-schema-graph\">{\"@context\":\"https:\/\/schema.org\",\"@graph\":[{\"@type\":\"NewsArticle\",\"@id\":\"https:\/\/www.suno.com.br\/noticias\/gol-entenda-desvalorizacao-acoes\/#article\",\"isPartOf\":{\"@id\":\"https:\/\/www.suno.com.br\/noticias\/gol-entenda-desvalorizacao-acoes\/\"},\"author\":{\"name\":\"Amanda Gushiken\",\"@id\":\"https:\/\/www.suno.com.br\/noticias\/#\/schema\/person\/a5b06fa4e879d8e8e119c6ed3cd630d1\"},\"headline\":\"Entenda a baixa de 17% que as a\u00e7\u00f5es da Gol acumulam na semana\",\"datePublished\":\"2019-05-16T18:23:19+00:00\",\"dateModified\":\"2019-05-16T21:18:49+00:00\",\"mainEntityOfPage\":{\"@id\":\"https:\/\/www.suno.com.br\/noticias\/gol-entenda-desvalorizacao-acoes\/\"},\"wordCount\":732,\"publisher\":{\"@id\":\"https:\/\/www.suno.com.br\/noticias\/#organization\"},\"image\":{\"@id\":\"https:\/\/www.suno.com.br\/noticias\/gol-entenda-desvalorizacao-acoes\/#primaryimage\"},\"thumbnailUrl\":\"https:\/\/files.sunoresearch.com.br\/n\/uploads\/2018\/12\/087a09e1-gol-jpg.webp\",\"keywords\":[\"B3 (B3SA3)\",\"Gol Linhas A\u00e9reas (GOLL11\/GOLL4)\",\"Ibovespa\"],\"articleSection\":[\"Mercado\"],\"inLanguage\":\"pt-BR\"},{\"@type\":\"WebPage\",\"@id\":\"https:\/\/www.suno.com.br\/noticias\/gol-entenda-desvalorizacao-acoes\/\",\"url\":\"https:\/\/www.suno.com.br\/noticias\/gol-entenda-desvalorizacao-acoes\/\",\"name\":\"Entenda a baixa de 17% que as a\u00e7\u00f5es da Gol acumulam na semana\",\"isPartOf\":{\"@id\":\"https:\/\/www.suno.com.br\/noticias\/#website\"},\"primaryImageOfPage\":{\"@id\":\"https:\/\/www.suno.com.br\/noticias\/gol-entenda-desvalorizacao-acoes\/#primaryimage\"},\"image\":{\"@id\":\"https:\/\/www.suno.com.br\/noticias\/gol-entenda-desvalorizacao-acoes\/#primaryimage\"},\"thumbnailUrl\":\"https:\/\/files.sunoresearch.com.br\/n\/uploads\/2018\/12\/087a09e1-gol-jpg.webp\",\"datePublished\":\"2019-05-16T18:23:19+00:00\",\"dateModified\":\"2019-05-16T21:18:49+00:00\",\"description\":\"Cota\u00e7\u00e3o da Gol (GOLL4) tem sido destaque negativo do Ibovespa nos \u00faltimos dias; perdas j\u00e1 atingiram 17%. Clique para saber mais.\",\"breadcrumb\":{\"@id\":\"https:\/\/www.suno.com.br\/noticias\/gol-entenda-desvalorizacao-acoes\/#breadcrumb\"},\"inLanguage\":\"pt-BR\",\"potentialAction\":[{\"@type\":\"ReadAction\",\"target\":[\"https:\/\/www.suno.com.br\/noticias\/gol-entenda-desvalorizacao-acoes\/\"]}]},{\"@type\":\"ImageObject\",\"inLanguage\":\"pt-BR\",\"@id\":\"https:\/\/www.suno.com.br\/noticias\/gol-entenda-desvalorizacao-acoes\/#primaryimage\",\"url\":\"https:\/\/files.sunoresearch.com.br\/n\/uploads\/2018\/12\/087a09e1-gol-jpg.webp\",\"contentUrl\":\"https:\/\/files.sunoresearch.com.br\/n\/uploads\/2018\/12\/087a09e1-gol-jpg.webp\",\"width\":1100,\"height\":370,\"caption\":\"Gol\"},{\"@type\":\"BreadcrumbList\",\"@id\":\"https:\/\/www.suno.com.br\/noticias\/gol-entenda-desvalorizacao-acoes\/#breadcrumb\",\"itemListElement\":[{\"@type\":\"ListItem\",\"position\":1,\"name\":\"Not\u00edcias\",\"item\":\"https:\/\/www.suno.com.br\/noticias\/\"},{\"@type\":\"ListItem\",\"position\":2,\"name\":\"Mercado\",\"item\":\"https:\/\/www.suno.com.br\/noticias\/mercado\/\"},{\"@type\":\"ListItem\",\"position\":3,\"name\":\"Entenda a baixa de 17% que as a\u00e7\u00f5es da Gol acumulam na semana\"}]},{\"@type\":\"WebSite\",\"@id\":\"https:\/\/www.suno.com.br\/noticias\/#website\",\"url\":\"https:\/\/www.suno.com.br\/noticias\/\",\"name\":\"Suno Not\u00edcias\",\"description\":\"Seu portal de informa\u00e7\u00e3o sobre o mundo dos investimentos\",\"publisher\":{\"@id\":\"https:\/\/www.suno.com.br\/noticias\/#organization\"},\"potentialAction\":[{\"@type\":\"SearchAction\",\"target\":{\"@type\":\"EntryPoint\",\"urlTemplate\":\"https:\/\/www.suno.com.br\/noticias\/?s={search_term_string}\"},\"query-input\":{\"@type\":\"PropertyValueSpecification\",\"valueRequired\":true,\"valueName\":\"search_term_string\"}}],\"inLanguage\":\"pt-BR\"},{\"@type\":\"Organization\",\"@id\":\"https:\/\/www.suno.com.br\/noticias\/#organization\",\"name\":\"Suno Not\u00edcias\",\"url\":\"https:\/\/www.suno.com.br\/noticias\/\",\"logo\":{\"@type\":\"ImageObject\",\"inLanguage\":\"pt-BR\",\"@id\":\"https:\/\/www.suno.com.br\/noticias\/#\/schema\/logo\/image\/\",\"url\":\"https:\/\/files.sunoresearch.com.br\/n\/uploads\/2021\/09\/suno-logo.png\",\"contentUrl\":\"https:\/\/files.sunoresearch.com.br\/n\/uploads\/2021\/09\/suno-logo.png\",\"width\":180,\"height\":180,\"caption\":\"Suno Not\u00edcias\"},\"image\":{\"@id\":\"https:\/\/www.suno.com.br\/noticias\/#\/schema\/logo\/image\/\"},\"sameAs\":[\"https:\/\/facebook.com\/sunoresearch\",\"https:\/\/x.com\/sunoresearch\",\"https:\/\/www.instagram.com\/suno\",\"https:\/\/www.linkedin.com\/company\/suno-research\/\",\"https:\/\/www.youtube.com\/c\/sunoresearch\"]},{\"@type\":\"Person\",\"@id\":\"https:\/\/www.suno.com.br\/noticias\/#\/schema\/person\/a5b06fa4e879d8e8e119c6ed3cd630d1\",\"name\":\"Amanda Gushiken\",\"image\":{\"@type\":\"ImageObject\",\"inLanguage\":\"pt-BR\",\"@id\":\"https:\/\/www.suno.com.br\/noticias\/#\/schema\/person\/image\/\",\"url\":\"https:\/\/secure.gravatar.com\/avatar\/ecd84705e6b65e3685ae80d725501fbe?s=96&r=g\",\"contentUrl\":\"https:\/\/secure.gravatar.com\/avatar\/ecd84705e6b65e3685ae80d725501fbe?s=96&r=g\",\"caption\":\"Amanda Gushiken\"},\"description\":\"Amanda Sayuri Gushiken escreve sobre finan\u00e7as e neg\u00f3cios para o portal Suno Not\u00edcias. Antes, trabalhou selecionando not\u00edcias da imprensa para clientes do mercado financeiro. Tamb\u00e9m desenvolveu pesquisa acad\u00eamica pela Universidade Anhembi Morumbi na \u00e1rea de Teorias da Comunica\u00e7\u00e3o e \u00e9 fot\u00f3grafa nas horas vagas.\",\"url\":\"https:\/\/www.suno.com.br\/noticias\/author\/amanda\/\"}]}<\/script>\n<!-- \/ Yoast SEO plugin. -->","yoast_head_json":{"title":"Entenda a baixa de 17% que as a\u00e7\u00f5es da Gol acumulam na semana","description":"Cota\u00e7\u00e3o da Gol (GOLL4) tem sido destaque negativo do Ibovespa nos \u00faltimos dias; perdas j\u00e1 atingiram 17%. Clique para saber mais.","robots":{"index":"index","follow":"follow","max-snippet":"max-snippet:-1","max-image-preview":"max-image-preview:large","max-video-preview":"max-video-preview:-1"},"canonical":"https:\/\/www.suno.com.br\/noticias\/gol-entenda-desvalorizacao-acoes\/","og_locale":"pt_BR","og_type":"article","og_title":"Entenda a baixa de 17% que as a\u00e7\u00f5es da Gol acumulam na semana","og_description":"Cota\u00e7\u00e3o da Gol (GOLL4) tem sido destaque negativo do Ibovespa nos \u00faltimos dias; perdas j\u00e1 atingiram 17%. Clique para saber mais.","og_url":"https:\/\/www.suno.com.br\/noticias\/gol-entenda-desvalorizacao-acoes\/","og_site_name":"Suno Not\u00edcias","article_publisher":"https:\/\/facebook.com\/sunoresearch","og_image":[{"width":1100,"height":370,"url":"https:\/\/files.sunoresearch.com.br\/n\/uploads\/2018\/12\/087a09e1-gol.jpg","type":"image\/jpeg"}],"author":"Amanda Gushiken","twitter_card":"summary_large_image","twitter_creator":"@sunoresearch","twitter_site":"@sunoresearch","twitter_misc":{"Escrito por":"Amanda Gushiken","Est. tempo de leitura":"4 minutos"},"schema":{"@context":"https:\/\/schema.org","@graph":[{"@type":"NewsArticle","@id":"https:\/\/www.suno.com.br\/noticias\/gol-entenda-desvalorizacao-acoes\/#article","isPartOf":{"@id":"https:\/\/www.suno.com.br\/noticias\/gol-entenda-desvalorizacao-acoes\/"},"author":{"name":"Amanda Gushiken","@id":"https:\/\/www.suno.com.br\/noticias\/#\/schema\/person\/a5b06fa4e879d8e8e119c6ed3cd630d1"},"headline":"Entenda a baixa de 17% que as a\u00e7\u00f5es da Gol acumulam na semana","datePublished":"2019-05-16T18:23:19+00:00","dateModified":"2019-05-16T21:18:49+00:00","mainEntityOfPage":{"@id":"https:\/\/www.suno.com.br\/noticias\/gol-entenda-desvalorizacao-acoes\/"},"wordCount":732,"publisher":{"@id":"https:\/\/www.suno.com.br\/noticias\/#organization"},"image":{"@id":"https:\/\/www.suno.com.br\/noticias\/gol-entenda-desvalorizacao-acoes\/#primaryimage"},"thumbnailUrl":"https:\/\/files.sunoresearch.com.br\/n\/uploads\/2018\/12\/087a09e1-gol-jpg.webp","keywords":["B3 (B3SA3)","Gol Linhas A\u00e9reas (GOLL11\/GOLL4)","Ibovespa"],"articleSection":["Mercado"],"inLanguage":"pt-BR"},{"@type":"WebPage","@id":"https:\/\/www.suno.com.br\/noticias\/gol-entenda-desvalorizacao-acoes\/","url":"https:\/\/www.suno.com.br\/noticias\/gol-entenda-desvalorizacao-acoes\/","name":"Entenda a baixa de 17% que as a\u00e7\u00f5es da Gol acumulam na semana","isPartOf":{"@id":"https:\/\/www.suno.com.br\/noticias\/#website"},"primaryImageOfPage":{"@id":"https:\/\/www.suno.com.br\/noticias\/gol-entenda-desvalorizacao-acoes\/#primaryimage"},"image":{"@id":"https:\/\/www.suno.com.br\/noticias\/gol-entenda-desvalorizacao-acoes\/#primaryimage"},"thumbnailUrl":"https:\/\/files.sunoresearch.com.br\/n\/uploads\/2018\/12\/087a09e1-gol-jpg.webp","datePublished":"2019-05-16T18:23:19+00:00","dateModified":"2019-05-16T21:18:49+00:00","description":"Cota\u00e7\u00e3o da Gol (GOLL4) tem sido destaque negativo do Ibovespa nos \u00faltimos dias; perdas j\u00e1 atingiram 17%. Clique para saber mais.","breadcrumb":{"@id":"https:\/\/www.suno.com.br\/noticias\/gol-entenda-desvalorizacao-acoes\/#breadcrumb"},"inLanguage":"pt-BR","potentialAction":[{"@type":"ReadAction","target":["https:\/\/www.suno.com.br\/noticias\/gol-entenda-desvalorizacao-acoes\/"]}]},{"@type":"ImageObject","inLanguage":"pt-BR","@id":"https:\/\/www.suno.com.br\/noticias\/gol-entenda-desvalorizacao-acoes\/#primaryimage","url":"https:\/\/files.sunoresearch.com.br\/n\/uploads\/2018\/12\/087a09e1-gol-jpg.webp","contentUrl":"https:\/\/files.sunoresearch.com.br\/n\/uploads\/2018\/12\/087a09e1-gol-jpg.webp","width":1100,"height":370,"caption":"Gol"},{"@type":"BreadcrumbList","@id":"https:\/\/www.suno.com.br\/noticias\/gol-entenda-desvalorizacao-acoes\/#breadcrumb","itemListElement":[{"@type":"ListItem","position":1,"name":"Not\u00edcias","item":"https:\/\/www.suno.com.br\/noticias\/"},{"@type":"ListItem","position":2,"name":"Mercado","item":"https:\/\/www.suno.com.br\/noticias\/mercado\/"},{"@type":"ListItem","position":3,"name":"Entenda a baixa de 17% que as a\u00e7\u00f5es da Gol acumulam na semana"}]},{"@type":"WebSite","@id":"https:\/\/www.suno.com.br\/noticias\/#website","url":"https:\/\/www.suno.com.br\/noticias\/","name":"Suno Not\u00edcias","description":"Seu portal de informa\u00e7\u00e3o sobre o mundo dos investimentos","publisher":{"@id":"https:\/\/www.suno.com.br\/noticias\/#organization"},"potentialAction":[{"@type":"SearchAction","target":{"@type":"EntryPoint","urlTemplate":"https:\/\/www.suno.com.br\/noticias\/?s={search_term_string}"},"query-input":{"@type":"PropertyValueSpecification","valueRequired":true,"valueName":"search_term_string"}}],"inLanguage":"pt-BR"},{"@type":"Organization","@id":"https:\/\/www.suno.com.br\/noticias\/#organization","name":"Suno Not\u00edcias","url":"https:\/\/www.suno.com.br\/noticias\/","logo":{"@type":"ImageObject","inLanguage":"pt-BR","@id":"https:\/\/www.suno.com.br\/noticias\/#\/schema\/logo\/image\/","url":"https:\/\/files.sunoresearch.com.br\/n\/uploads\/2021\/09\/suno-logo.png","contentUrl":"https:\/\/files.sunoresearch.com.br\/n\/uploads\/2021\/09\/suno-logo.png","width":180,"height":180,"caption":"Suno Not\u00edcias"},"image":{"@id":"https:\/\/www.suno.com.br\/noticias\/#\/schema\/logo\/image\/"},"sameAs":["https:\/\/facebook.com\/sunoresearch","https:\/\/x.com\/sunoresearch","https:\/\/www.instagram.com\/suno","https:\/\/www.linkedin.com\/company\/suno-research\/","https:\/\/www.youtube.com\/c\/sunoresearch"]},{"@type":"Person","@id":"https:\/\/www.suno.com.br\/noticias\/#\/schema\/person\/a5b06fa4e879d8e8e119c6ed3cd630d1","name":"Amanda Gushiken","image":{"@type":"ImageObject","inLanguage":"pt-BR","@id":"https:\/\/www.suno.com.br\/noticias\/#\/schema\/person\/image\/","url":"https:\/\/secure.gravatar.com\/avatar\/ecd84705e6b65e3685ae80d725501fbe?s=96&r=g","contentUrl":"https:\/\/secure.gravatar.com\/avatar\/ecd84705e6b65e3685ae80d725501fbe?s=96&r=g","caption":"Amanda Gushiken"},"description":"Amanda Sayuri Gushiken escreve sobre finan\u00e7as e neg\u00f3cios para o portal Suno Not\u00edcias. Antes, trabalhou selecionando not\u00edcias da imprensa para clientes do mercado financeiro. Tamb\u00e9m desenvolveu pesquisa acad\u00eamica pela Universidade Anhembi Morumbi na \u00e1rea de Teorias da Comunica\u00e7\u00e3o e \u00e9 fot\u00f3grafa nas horas vagas.","url":"https:\/\/www.suno.com.br\/noticias\/author\/amanda\/"}]}},"default_loop_html":"<div class=\"cardsPage__listCard__boxs\"><div class=\"cardsPage__listCard__boxs__img\"><a href=\"https:\/\/www.suno.com.br\/noticias\/gol-entenda-desvalorizacao-acoes\/\"><img class=\"mask\" src=\"https:\/\/www.suno.com.br\/noticias\/wp-content\/themes\/suno\/resources\/images\/spotlight\/spotlight1img\/bg-mask.png\" alt=\"Image Mask\"\/><img src=\"https:\/\/files.sunoresearch.com.br\/n\/uploads\/2018\/12\/087a09e1-gol-400x200.webp\" alt=\"Entenda a baixa de 17% que as a\u00e7\u00f5es da Gol acumulam na semana\"\/><\/a><span class=\"spotlightCategory\"><a href=\"https:\/\/www.suno.com.br\/noticias\/mercado\/\">Mercado<\/a><\/span><\/div><div class=\"cardsPage__listCard__boxs__content\"><a href=\"https:\/\/www.suno.com.br\/noticias\/gol-entenda-desvalorizacao-acoes\/\"><h2 class=\"content__title\">Entenda a baixa de 17% que as a\u00e7\u00f5es da Gol acumulam na semana<\/h2><\/a><div class=\"newsContent__article__meta\"><div class=\"newsContent__article__meta__authorBox\"><a href=\"https:\/\/www.suno.com.br\/noticias\/author\/amanda\/\" class=\"authorBox__avatar noMobi\"><img src=\"https:\/\/files.sunoresearch.com.br\/n\/uploads\/2018\/11\/c6ad30be-amanda-150x150.webp\" alt=\"Amanda Gushiken\"><\/a><div class=\"authorBox__name\"><span>por\n\t\t\t<a href=\"https:\/\/www.suno.com.br\/noticias\/author\/amanda\/\"><span itemprop=\"author\">Amanda Gushiken<\/span><\/a><\/span><time datetime=\"2019-05-16T15:23:19-03:00\" itemprop=\"datePublished\">16\/05\/2019 15:23<\/time><\/div><\/div><\/div><\/div><\/div>","single_layout":"posts","amp_enabled":true,"_links":{"self":[{"href":"https:\/\/www.suno.com.br\/noticias\/wp-json\/wp\/v2\/posts\/24841"}],"collection":[{"href":"https:\/\/www.suno.com.br\/noticias\/wp-json\/wp\/v2\/posts"}],"about":[{"href":"https:\/\/www.suno.com.br\/noticias\/wp-json\/wp\/v2\/types\/post"}],"author":[{"embeddable":true,"href":"https:\/\/www.suno.com.br\/noticias\/wp-json\/wp\/v2\/users\/12"}],"replies":[{"embeddable":true,"href":"https:\/\/www.suno.com.br\/noticias\/wp-json\/wp\/v2\/comments?post=24841"}],"version-history":[{"count":0,"href":"https:\/\/www.suno.com.br\/noticias\/wp-json\/wp\/v2\/posts\/24841\/revisions"}],"wp:featuredmedia":[{"embeddable":true,"href":"https:\/\/www.suno.com.br\/noticias\/wp-json\/wp\/v2\/media\/9171"}],"wp:attachment":[{"href":"https:\/\/www.suno.com.br\/noticias\/wp-json\/wp\/v2\/media?parent=24841"}],"wp:term":[{"taxonomy":"category","embeddable":true,"href":"https:\/\/www.suno.com.br\/noticias\/wp-json\/wp\/v2\/categories?post=24841"},{"taxonomy":"post_tag","embeddable":true,"href":"https:\/\/www.suno.com.br\/noticias\/wp-json\/wp\/v2\/tags?post=24841"},{"taxonomy":"suno_strategy","embeddable":true,"href":"https:\/\/www.suno.com.br\/noticias\/wp-json\/wp\/v2\/suno_strategy?post=24841"}],"curies":[{"name":"wp","href":"https:\/\/api.w.org\/{rel}","templated":true}]}}