{"id":24828,"date":"2019-05-16T14:03:27","date_gmt":"2019-05-16T17:03:27","guid":{"rendered":"https:\/\/www.suno.com.br\/noticias\/?p=24828"},"modified":"2019-05-16T17:37:49","modified_gmt":"2019-05-16T20:37:49","slug":"marfrig-sobe-bolsa-lucro-liquido","status":"publish","type":"post","link":"https:\/\/www.suno.com.br\/noticias\/marfrig-sobe-bolsa-lucro-liquido\/","title":{"rendered":"Marfrig cresce 7% na Bolsa ap\u00f3s reverter preju\u00edzo e lucrar R$ 4,3 milh\u00f5es"},"content":{"rendered":"<p>A Marfrig Global Foods (MRFG3), companhia de 19 anos do <strong>setor de alimentos<\/strong>, divulgou os <a href=\"https:\/\/www.suno.com.br\/artigos\/resultado-financeiro\/\">resultados financeiros<\/a> do <strong>primeiro trimestre de 2019<\/strong>, na \u00faltima quarta-feira (16). Em consequ\u00eancia do lucro apresentado no per\u00edodo, a empresa apresentou expans\u00e3o na cota\u00e7\u00e3o de seus ativos listados na <strong>Bolsa de Valores de S\u00e3o Paulo<\/strong>.<\/p>\t<div class=\"wrapper-featured-image\">\n\t\t<figure class=\"spotlightImg\">\n\n\t\t\t<picture>\n\t\t\t\t<source media=\"(max-width: 768px)\" srcset=\"https:\/\/files.sunoresearch.com.br\/n\/uploads\/2019\/05\/6af6c661-marfrig-400x200.webp\">\n\t\t\t\t<img loading=\"lazy\" decoding=\"async\" class=\"newsContent__article__imgCapa lazyloadDisabled newsContent__article__imgCapa--noCaption\" src=\"https:\/\/files.sunoresearch.com.br\/n\/uploads\/2019\/05\/6af6c661-marfrig-800x450.webp\" width=\"800\" height=\"450\" alt=\"Marfrig cresce 7% na Bolsa ap\u00f3s reverter preju\u00edzo e lucrar R$ 4,3 milh\u00f5es\" fetchpriority=high \/>\n\t\t\t<\/picture>\n\n\t\t\t<figcaption class=\"wp-caption-text wp-caption-text--hide\">Outback ser\u00e1 o 1\u00b0 a vender hamb\u00farguer de prote\u00edna vegetal da Marfrig<\/figcaption>\n\t\t<\/figure>\n\t<\/div>\n\n\n<p>No fechamento desta quinta-feira (16), as <a href=\"https:\/\/www.suno.com.br\/artigos\/acoes-ordinarias\/\">a\u00e7\u00f5es ordin\u00e1rias<\/a> da <strong>Marfrig<\/strong> subiram 7,87% a R$\u00a06,85, na <strong><a href=\"https:\/\/www.suno.com.br\/artigos\/b3\/\">B3<\/a><\/strong> (Brasil, Bolsa, Balc\u00e3o). O <strong>preju\u00edzo<\/strong> da empresa de alimentos, de\u00a0R$ 201 milh\u00f5es, no primeiro trimestre de 2018, foi <strong>revertido<\/strong> em um <strong><a href=\"https:\/\/www.suno.com.br\/artigos\/lucro-liquido\/\">lucro l\u00edquido<\/a><\/strong> de R$ 4,3 milh\u00f5es entre janeiro e mar\u00e7o deste ano.<\/p>\n\t<p>\n\t\t<a href=\"https:\/\/lp.suno.com.br\/ebook-investindo-em-fiis\/\" target=\"_blank\" data-element=\"shortcode-suno-banner\" title=\"Banner SUNO, clique e saiba mais\">\n\t\t\t<picture>\n\t\t\t\t<source media=\"(max-width: 500px)\" srcset=\"https:\/\/files.sunoresearch.com.br\/n\/uploads\/2023\/03\/Ebook-Fundos-Imobiliarios-Mobile-1.jpg\">\n\t\t\t\t<img class=\"newsContent__article__imgCapa newsContent__article__imgCapa--banner\"\n\t\t\t\t\tsrc=\"https:\/\/files.sunoresearch.com.br\/n\/uploads\/2023\/03\/Ebook-Fundos-Imobiliarios-Desktop-1.jpg\"\n\t\t\t\t\tdata-promo-id=\"313843\"\t\t\t\t\t\t\t\t\t\twidth='1420' height='286'\t\t\t\t\talt=\"https:\/\/files.sunoresearch.com.br\/n\/uploads\/2023\/03\/Ebook-Fundos-Imobiliarios-Desktop-1.jpg\"\n\t\t\t\t>\n\t\t\t<\/picture>\n\t\t<\/a>\n\t<\/p>\n\n\n<p>A <strong><a href=\"https:\/\/www.suno.com.br\/artigos\/receita-liquida\/\">receita l\u00edquida<\/a><\/strong> da Marfrig nos tr\u00eas primeiros de 2019 foi dividida na divulga\u00e7\u00e3o, conforme:<\/p>\n<ul>\n<li><strong>Receita l\u00edquida da Am\u00e9rica do Norte:<\/strong>\u00a0R$ 1,878 bilh\u00e3o, contra\u00a0R$ 1,856 bilh\u00e3o em igual per\u00edodo de 2018. Desta forma, houve alta de 1,2% na arrecada\u00e7\u00e3o.<\/li>\n<li><strong>Receita l\u00edquida da Am\u00e9rica do Sul:<\/strong> R$ 2,987 bilh\u00e3o, contra R$ 3,338 bilh\u00f5es em igual per\u00edodo de 2018. Desta forma, houve queda de 10,5% na arrecada\u00e7\u00e3o.<\/li>\n<li><strong>Receita l\u00edquida consolida:<\/strong> R$ 10,080 bilh\u00f5es, contra R$ 9,364 bilh\u00f5es em igual per\u00edodo de 2018. Desta forma, houve alta de 7,6% na arrecada\u00e7\u00e3o total.<\/li>\n<\/ul>\n<p>O <a href=\"https:\/\/www.suno.com.br\/artigos\/ebitda\/\">Earnings Before Interest, Taxes, Depreciation and Amortization<\/a> (<strong>Ebitda<\/strong>) do primeiro trimestre deste ano foi de\u00a0R$ 571 milh\u00f5es. O crescimento anual foi de\u00a015,9% (R$ 493 milh\u00f5es no primeiro trimestre de 2018).<\/p>\n<p>Por sua vez, a <a href=\"https:\/\/www.suno.com.br\/artigos\/margem-ebitda\/\">margem Ebitda<\/a> no primeiro resultado de 2019 foi de\u00a05,7%. Sobre o primeiro trimestre de 2018 (5,3%), o avan\u00e7o foi de\u00a00,4 p.p.<\/p>\n<h2>Opera\u00e7\u00f5es da Marfrig<\/h2>\n<p>A <strong>Marfrig<\/strong> possui unidades de abate de bovinos nos Estados Unidos da Am\u00e9rica (<strong>EUA<\/strong>), no <strong>Brasil<\/strong>, no <strong>Uruguai <\/strong>e na <strong>Argentina<\/strong>, conforme a tabela abaixo:<\/p>\n<figure id=\"attachment_24830\" aria-describedby=\"caption-attachment-24830\" style=\"width: 613px\" class=\"wp-caption aligncenter\"><img loading=\"lazy\" decoding=\"async\" class=\"wp-image-24830 size-full\" src=\"https:\/\/storage.googleapis.com\/wp-noticias\/2019\/05\/c5eb7ff5-marfrig.png\" alt=\"marfrig\" width=\"613\" height=\"196\" \/><figcaption id=\"caption-attachment-24830\" class=\"wp-caption-text\">Fonte: Marfrig.<\/figcaption><\/figure>\n<p>Al\u00e9m disso, a companhia brasileira possui unidades de processamento nos mesmos pa\u00edses, capazes de produzir <strong>hamb\u00fargueres<\/strong>, de acordo com os dados da tabela seguinte:<\/p>\n<figure id=\"attachment_24831\" aria-describedby=\"caption-attachment-24831\" style=\"width: 602px\" class=\"wp-caption aligncenter\"><img loading=\"lazy\" decoding=\"async\" class=\"wp-image-24831 size-full\" src=\"https:\/\/storage.googleapis.com\/wp-noticias\/2019\/05\/d4457b33-marfrig2.png\" alt=\"marfrig\" width=\"602\" height=\"205\" \/><figcaption id=\"caption-attachment-24831\" class=\"wp-caption-text\">Fonte: Marfrig.<\/figcaption><\/figure>\n<p>A Marfrig possui duas grandes divis\u00f5es:\u00a0a\u00a0<strong>Marfrig Beef<\/strong> e\u00a0<strong>Keystone Foods<\/strong>. Esta \u00faltima divis\u00e3o \u00e9 respons\u00e1vel por fornecer carne a diversas redes de<strong> fast-food<\/strong>.<\/p>\n<p><a href=\"https:\/\/www.suno.com.br\/noticias\/jbs-peste-suina-china-lucro\/\">Saiba mais &#8211;\u00a0JBS sobe 8% ap\u00f3s CEO dizer que peste su\u00edna na China alavancou lucro<\/a><\/p>\n<p>De acordo com a companhia de <strong>alimentos<\/strong>, &#8220;a <strong>estrat\u00e9gia<\/strong> continuar\u00e1 pautada na gera\u00e7\u00e3o de valor sustent\u00e1vel, baseada em cinco pilares&#8221;:<\/p>\n<ul>\n<li><strong>solidez financeira:<\/strong> com a gera\u00e7\u00e3o de <a href=\"https:\/\/www.suno.com.br\/artigos\/fluxo-caixa-livre\/\">fluxo de caixa livre<\/a>,<strong> lucro l\u00edquido<\/strong> e distribui\u00e7\u00e3o de <a href=\"https:\/\/www.suno.com.br\/dividendos\/\">dividendos<\/a>;<\/li>\n<li><strong>excel\u00eancia Operacional:<\/strong> integra\u00e7\u00e3o e complementaridade entre as opera\u00e7\u00f5es <strong>Am\u00e9rica do Sul<\/strong> e <strong>Am\u00e9rica do Norte<\/strong>, gest\u00e3o e performance e seguran\u00e7a alimentar;<\/li>\n<li><strong>sustentabilidade:<\/strong> responsabilidade social e ambiental, parceria com produtores e entidades\u00a0e bem-estar animal;<\/li>\n<li><strong>produtos e clientes:<\/strong> produtos de maior valor agregado, alavancagem comercial e de\u00a0portf\u00f3lio e valoriza\u00e7\u00e3o das marcas;<\/li>\n<li><strong><a href=\"https:\/\/www.suno.com.br\/artigos\/governanca-corporativa\/\">governan\u00e7a corporativa<\/a>:<\/strong> com melhores pr\u00e1ticas, maior transpar\u00eancia e evolu\u00e7\u00e3o cont\u00ednua do sistema de Compliance.<\/li>\n<\/ul>\n<p><a href=\"http:\/\/ri.marfrig.com.br\/Upload\/Arquivos\/5696_1T19%20Release.pdf\">Clique aqui<\/a> e confira na \u00edntegra o balan\u00e7o do primeiro trimestre de 2019 da Marfrig.<\/p>\n","protected":false},"excerpt":{"rendered":"<p>A Marfrig Global Foods (MRFG3), companhia de 19 anos do setor de alimentos, divulgou os resultados financeiros do primeiro trimestre de 2019, na \u00faltima quarta-feira (16). Em consequ\u00eancia do lucro apresentado no per\u00edodo, a empresa apresentou expans\u00e3o na cota\u00e7\u00e3o de seus ativos listados na Bolsa de Valores de S\u00e3o Paulo. Outback ser\u00e1 o 1\u00b0 a [&hellip;]<\/p>\n","protected":false},"author":12,"featured_media":24835,"comment_status":"closed","ping_status":"closed","sticky":false,"template":"","format":"standard","meta":[],"categories":[60],"tags":[286,367,1029,309,552],"suno_strategy":[],"class_list":["post-24828","post","type-post","status-publish","format-standard","has-post-thumbnail","hentry","category-mercado","tag-acoes","tag-b3-b3sa3","tag-balancos-trimestrais","tag-bolsa-de-valores","tag-marfrig-mrfg3"],"yoast_head":"<!-- This site is optimized with the Yoast SEO plugin v24.4 - https:\/\/yoast.com\/wordpress\/plugins\/seo\/ -->\n<title>Marfrig cresce 7% na Bolsa ap\u00f3s reverter preju\u00edzo e lucrar R$ 4,3 milh\u00f5es<\/title>\n<meta name=\"description\" content=\"As a\u00e7\u00f5es da Marfrig (MRFG3) sobem na Bolsa de S\u00e3o Paulo devido ao lucro l\u00edquido do primeiro trimestre de 2019. Clique para saber mais.\" \/>\n<meta name=\"robots\" content=\"index, follow, max-snippet:-1, max-image-preview:large, max-video-preview:-1\" \/>\n<link rel=\"canonical\" href=\"https:\/\/www.suno.com.br\/noticias\/marfrig-sobe-bolsa-lucro-liquido\/\" \/>\n<meta property=\"og:locale\" content=\"pt_BR\" \/>\n<meta property=\"og:type\" content=\"article\" \/>\n<meta property=\"og:title\" content=\"Marfrig cresce 7% na Bolsa ap\u00f3s reverter preju\u00edzo e lucrar R$ 4,3 milh\u00f5es\" \/>\n<meta property=\"og:description\" content=\"As a\u00e7\u00f5es da Marfrig (MRFG3) sobem na Bolsa de S\u00e3o Paulo devido ao lucro l\u00edquido do primeiro trimestre de 2019. Clique para saber mais.\" \/>\n<meta property=\"og:url\" content=\"https:\/\/www.suno.com.br\/noticias\/marfrig-sobe-bolsa-lucro-liquido\/\" \/>\n<meta property=\"og:site_name\" content=\"Suno Not\u00edcias\" \/>\n<meta property=\"article:publisher\" content=\"https:\/\/facebook.com\/sunoresearch\" \/>\n<meta property=\"og:image\" content=\"https:\/\/files.sunoresearch.com.br\/n\/uploads\/2019\/05\/6af6c661-marfrig.jpg\" \/>\n\t<meta property=\"og:image:width\" content=\"960\" \/>\n\t<meta property=\"og:image:height\" content=\"640\" \/>\n\t<meta property=\"og:image:type\" content=\"image\/jpeg\" \/>\n<meta name=\"author\" content=\"Amanda Gushiken\" \/>\n<meta name=\"twitter:card\" content=\"summary_large_image\" \/>\n<meta name=\"twitter:creator\" content=\"@sunoresearch\" \/>\n<meta name=\"twitter:site\" content=\"@sunoresearch\" \/>\n<meta name=\"twitter:label1\" content=\"Escrito por\" \/>\n\t<meta name=\"twitter:data1\" content=\"Amanda Gushiken\" \/>\n\t<meta name=\"twitter:label2\" content=\"Est. tempo de leitura\" \/>\n\t<meta name=\"twitter:data2\" content=\"3 minutos\" \/>\n<script type=\"application\/ld+json\" class=\"yoast-schema-graph\">{\"@context\":\"https:\/\/schema.org\",\"@graph\":[{\"@type\":\"NewsArticle\",\"@id\":\"https:\/\/www.suno.com.br\/noticias\/marfrig-sobe-bolsa-lucro-liquido\/#article\",\"isPartOf\":{\"@id\":\"https:\/\/www.suno.com.br\/noticias\/marfrig-sobe-bolsa-lucro-liquido\/\"},\"author\":{\"name\":\"Amanda Gushiken\",\"@id\":\"https:\/\/www.suno.com.br\/noticias\/#\/schema\/person\/a5b06fa4e879d8e8e119c6ed3cd630d1\"},\"headline\":\"Marfrig cresce 7% na Bolsa ap\u00f3s reverter preju\u00edzo e lucrar R$ 4,3 milh\u00f5es\",\"datePublished\":\"2019-05-16T17:03:27+00:00\",\"dateModified\":\"2019-05-16T20:37:49+00:00\",\"mainEntityOfPage\":{\"@id\":\"https:\/\/www.suno.com.br\/noticias\/marfrig-sobe-bolsa-lucro-liquido\/\"},\"wordCount\":530,\"publisher\":{\"@id\":\"https:\/\/www.suno.com.br\/noticias\/#organization\"},\"image\":{\"@id\":\"https:\/\/www.suno.com.br\/noticias\/marfrig-sobe-bolsa-lucro-liquido\/#primaryimage\"},\"thumbnailUrl\":\"https:\/\/files.sunoresearch.com.br\/n\/uploads\/2019\/05\/6af6c661-marfrig-jpg.webp\",\"keywords\":[\"A\u00e7\u00f5es\",\"B3 (B3SA3)\",\"balan\u00e7os trimestrais\",\"Bolsa de Valores\",\"Marfrig (MRFG3)\"],\"articleSection\":[\"Mercado\"],\"inLanguage\":\"pt-BR\"},{\"@type\":\"WebPage\",\"@id\":\"https:\/\/www.suno.com.br\/noticias\/marfrig-sobe-bolsa-lucro-liquido\/\",\"url\":\"https:\/\/www.suno.com.br\/noticias\/marfrig-sobe-bolsa-lucro-liquido\/\",\"name\":\"Marfrig cresce 7% na Bolsa ap\u00f3s reverter preju\u00edzo e lucrar R$ 4,3 milh\u00f5es\",\"isPartOf\":{\"@id\":\"https:\/\/www.suno.com.br\/noticias\/#website\"},\"primaryImageOfPage\":{\"@id\":\"https:\/\/www.suno.com.br\/noticias\/marfrig-sobe-bolsa-lucro-liquido\/#primaryimage\"},\"image\":{\"@id\":\"https:\/\/www.suno.com.br\/noticias\/marfrig-sobe-bolsa-lucro-liquido\/#primaryimage\"},\"thumbnailUrl\":\"https:\/\/files.sunoresearch.com.br\/n\/uploads\/2019\/05\/6af6c661-marfrig-jpg.webp\",\"datePublished\":\"2019-05-16T17:03:27+00:00\",\"dateModified\":\"2019-05-16T20:37:49+00:00\",\"description\":\"As a\u00e7\u00f5es da Marfrig (MRFG3) sobem na Bolsa de S\u00e3o Paulo devido ao lucro l\u00edquido do primeiro trimestre de 2019. Clique para saber mais.\",\"breadcrumb\":{\"@id\":\"https:\/\/www.suno.com.br\/noticias\/marfrig-sobe-bolsa-lucro-liquido\/#breadcrumb\"},\"inLanguage\":\"pt-BR\",\"potentialAction\":[{\"@type\":\"ReadAction\",\"target\":[\"https:\/\/www.suno.com.br\/noticias\/marfrig-sobe-bolsa-lucro-liquido\/\"]}]},{\"@type\":\"ImageObject\",\"inLanguage\":\"pt-BR\",\"@id\":\"https:\/\/www.suno.com.br\/noticias\/marfrig-sobe-bolsa-lucro-liquido\/#primaryimage\",\"url\":\"https:\/\/files.sunoresearch.com.br\/n\/uploads\/2019\/05\/6af6c661-marfrig-jpg.webp\",\"contentUrl\":\"https:\/\/files.sunoresearch.com.br\/n\/uploads\/2019\/05\/6af6c661-marfrig-jpg.webp\",\"width\":960,\"height\":640,\"caption\":\"Outback ser\u00e1 o 1\u00b0 a vender hamb\u00farguer de prote\u00edna vegetal da Marfrig\"},{\"@type\":\"BreadcrumbList\",\"@id\":\"https:\/\/www.suno.com.br\/noticias\/marfrig-sobe-bolsa-lucro-liquido\/#breadcrumb\",\"itemListElement\":[{\"@type\":\"ListItem\",\"position\":1,\"name\":\"Not\u00edcias\",\"item\":\"https:\/\/www.suno.com.br\/noticias\/\"},{\"@type\":\"ListItem\",\"position\":2,\"name\":\"Mercado\",\"item\":\"https:\/\/www.suno.com.br\/noticias\/mercado\/\"},{\"@type\":\"ListItem\",\"position\":3,\"name\":\"Marfrig cresce 7% na Bolsa ap\u00f3s reverter preju\u00edzo e lucrar R$ 4,3 milh\u00f5es\"}]},{\"@type\":\"WebSite\",\"@id\":\"https:\/\/www.suno.com.br\/noticias\/#website\",\"url\":\"https:\/\/www.suno.com.br\/noticias\/\",\"name\":\"Suno Not\u00edcias\",\"description\":\"Seu portal de informa\u00e7\u00e3o sobre o mundo dos investimentos\",\"publisher\":{\"@id\":\"https:\/\/www.suno.com.br\/noticias\/#organization\"},\"potentialAction\":[{\"@type\":\"SearchAction\",\"target\":{\"@type\":\"EntryPoint\",\"urlTemplate\":\"https:\/\/www.suno.com.br\/noticias\/?s={search_term_string}\"},\"query-input\":{\"@type\":\"PropertyValueSpecification\",\"valueRequired\":true,\"valueName\":\"search_term_string\"}}],\"inLanguage\":\"pt-BR\"},{\"@type\":\"Organization\",\"@id\":\"https:\/\/www.suno.com.br\/noticias\/#organization\",\"name\":\"Suno Not\u00edcias\",\"url\":\"https:\/\/www.suno.com.br\/noticias\/\",\"logo\":{\"@type\":\"ImageObject\",\"inLanguage\":\"pt-BR\",\"@id\":\"https:\/\/www.suno.com.br\/noticias\/#\/schema\/logo\/image\/\",\"url\":\"https:\/\/files.sunoresearch.com.br\/n\/uploads\/2021\/09\/suno-logo.png\",\"contentUrl\":\"https:\/\/files.sunoresearch.com.br\/n\/uploads\/2021\/09\/suno-logo.png\",\"width\":180,\"height\":180,\"caption\":\"Suno Not\u00edcias\"},\"image\":{\"@id\":\"https:\/\/www.suno.com.br\/noticias\/#\/schema\/logo\/image\/\"},\"sameAs\":[\"https:\/\/facebook.com\/sunoresearch\",\"https:\/\/x.com\/sunoresearch\",\"https:\/\/www.instagram.com\/suno\",\"https:\/\/www.linkedin.com\/company\/suno-research\/\",\"https:\/\/www.youtube.com\/c\/sunoresearch\"]},{\"@type\":\"Person\",\"@id\":\"https:\/\/www.suno.com.br\/noticias\/#\/schema\/person\/a5b06fa4e879d8e8e119c6ed3cd630d1\",\"name\":\"Amanda Gushiken\",\"image\":{\"@type\":\"ImageObject\",\"inLanguage\":\"pt-BR\",\"@id\":\"https:\/\/www.suno.com.br\/noticias\/#\/schema\/person\/image\/\",\"url\":\"https:\/\/secure.gravatar.com\/avatar\/ecd84705e6b65e3685ae80d725501fbe?s=96&r=g\",\"contentUrl\":\"https:\/\/secure.gravatar.com\/avatar\/ecd84705e6b65e3685ae80d725501fbe?s=96&r=g\",\"caption\":\"Amanda Gushiken\"},\"description\":\"Amanda Sayuri Gushiken escreve sobre finan\u00e7as e neg\u00f3cios para o portal Suno Not\u00edcias. Antes, trabalhou selecionando not\u00edcias da imprensa para clientes do mercado financeiro. Tamb\u00e9m desenvolveu pesquisa acad\u00eamica pela Universidade Anhembi Morumbi na \u00e1rea de Teorias da Comunica\u00e7\u00e3o e \u00e9 fot\u00f3grafa nas horas vagas.\",\"url\":\"https:\/\/www.suno.com.br\/noticias\/author\/amanda\/\"}]}<\/script>\n<!-- \/ Yoast SEO plugin. -->","yoast_head_json":{"title":"Marfrig cresce 7% na Bolsa ap\u00f3s reverter preju\u00edzo e lucrar R$ 4,3 milh\u00f5es","description":"As a\u00e7\u00f5es da Marfrig (MRFG3) sobem na Bolsa de S\u00e3o Paulo devido ao lucro l\u00edquido do primeiro trimestre de 2019. Clique para saber mais.","robots":{"index":"index","follow":"follow","max-snippet":"max-snippet:-1","max-image-preview":"max-image-preview:large","max-video-preview":"max-video-preview:-1"},"canonical":"https:\/\/www.suno.com.br\/noticias\/marfrig-sobe-bolsa-lucro-liquido\/","og_locale":"pt_BR","og_type":"article","og_title":"Marfrig cresce 7% na Bolsa ap\u00f3s reverter preju\u00edzo e lucrar R$ 4,3 milh\u00f5es","og_description":"As a\u00e7\u00f5es da Marfrig (MRFG3) sobem na Bolsa de S\u00e3o Paulo devido ao lucro l\u00edquido do primeiro trimestre de 2019. Clique para saber mais.","og_url":"https:\/\/www.suno.com.br\/noticias\/marfrig-sobe-bolsa-lucro-liquido\/","og_site_name":"Suno Not\u00edcias","article_publisher":"https:\/\/facebook.com\/sunoresearch","og_image":[{"width":960,"height":640,"url":"https:\/\/files.sunoresearch.com.br\/n\/uploads\/2019\/05\/6af6c661-marfrig.jpg","type":"image\/jpeg"}],"author":"Amanda Gushiken","twitter_card":"summary_large_image","twitter_creator":"@sunoresearch","twitter_site":"@sunoresearch","twitter_misc":{"Escrito por":"Amanda Gushiken","Est. tempo de leitura":"3 minutos"},"schema":{"@context":"https:\/\/schema.org","@graph":[{"@type":"NewsArticle","@id":"https:\/\/www.suno.com.br\/noticias\/marfrig-sobe-bolsa-lucro-liquido\/#article","isPartOf":{"@id":"https:\/\/www.suno.com.br\/noticias\/marfrig-sobe-bolsa-lucro-liquido\/"},"author":{"name":"Amanda Gushiken","@id":"https:\/\/www.suno.com.br\/noticias\/#\/schema\/person\/a5b06fa4e879d8e8e119c6ed3cd630d1"},"headline":"Marfrig cresce 7% na Bolsa ap\u00f3s reverter preju\u00edzo e lucrar R$ 4,3 milh\u00f5es","datePublished":"2019-05-16T17:03:27+00:00","dateModified":"2019-05-16T20:37:49+00:00","mainEntityOfPage":{"@id":"https:\/\/www.suno.com.br\/noticias\/marfrig-sobe-bolsa-lucro-liquido\/"},"wordCount":530,"publisher":{"@id":"https:\/\/www.suno.com.br\/noticias\/#organization"},"image":{"@id":"https:\/\/www.suno.com.br\/noticias\/marfrig-sobe-bolsa-lucro-liquido\/#primaryimage"},"thumbnailUrl":"https:\/\/files.sunoresearch.com.br\/n\/uploads\/2019\/05\/6af6c661-marfrig-jpg.webp","keywords":["A\u00e7\u00f5es","B3 (B3SA3)","balan\u00e7os trimestrais","Bolsa de Valores","Marfrig (MRFG3)"],"articleSection":["Mercado"],"inLanguage":"pt-BR"},{"@type":"WebPage","@id":"https:\/\/www.suno.com.br\/noticias\/marfrig-sobe-bolsa-lucro-liquido\/","url":"https:\/\/www.suno.com.br\/noticias\/marfrig-sobe-bolsa-lucro-liquido\/","name":"Marfrig cresce 7% na Bolsa ap\u00f3s reverter preju\u00edzo e lucrar R$ 4,3 milh\u00f5es","isPartOf":{"@id":"https:\/\/www.suno.com.br\/noticias\/#website"},"primaryImageOfPage":{"@id":"https:\/\/www.suno.com.br\/noticias\/marfrig-sobe-bolsa-lucro-liquido\/#primaryimage"},"image":{"@id":"https:\/\/www.suno.com.br\/noticias\/marfrig-sobe-bolsa-lucro-liquido\/#primaryimage"},"thumbnailUrl":"https:\/\/files.sunoresearch.com.br\/n\/uploads\/2019\/05\/6af6c661-marfrig-jpg.webp","datePublished":"2019-05-16T17:03:27+00:00","dateModified":"2019-05-16T20:37:49+00:00","description":"As a\u00e7\u00f5es da Marfrig (MRFG3) sobem na Bolsa de S\u00e3o Paulo devido ao lucro l\u00edquido do primeiro trimestre de 2019. Clique para saber mais.","breadcrumb":{"@id":"https:\/\/www.suno.com.br\/noticias\/marfrig-sobe-bolsa-lucro-liquido\/#breadcrumb"},"inLanguage":"pt-BR","potentialAction":[{"@type":"ReadAction","target":["https:\/\/www.suno.com.br\/noticias\/marfrig-sobe-bolsa-lucro-liquido\/"]}]},{"@type":"ImageObject","inLanguage":"pt-BR","@id":"https:\/\/www.suno.com.br\/noticias\/marfrig-sobe-bolsa-lucro-liquido\/#primaryimage","url":"https:\/\/files.sunoresearch.com.br\/n\/uploads\/2019\/05\/6af6c661-marfrig-jpg.webp","contentUrl":"https:\/\/files.sunoresearch.com.br\/n\/uploads\/2019\/05\/6af6c661-marfrig-jpg.webp","width":960,"height":640,"caption":"Outback ser\u00e1 o 1\u00b0 a vender hamb\u00farguer de prote\u00edna vegetal da Marfrig"},{"@type":"BreadcrumbList","@id":"https:\/\/www.suno.com.br\/noticias\/marfrig-sobe-bolsa-lucro-liquido\/#breadcrumb","itemListElement":[{"@type":"ListItem","position":1,"name":"Not\u00edcias","item":"https:\/\/www.suno.com.br\/noticias\/"},{"@type":"ListItem","position":2,"name":"Mercado","item":"https:\/\/www.suno.com.br\/noticias\/mercado\/"},{"@type":"ListItem","position":3,"name":"Marfrig cresce 7% na Bolsa ap\u00f3s reverter preju\u00edzo e lucrar R$ 4,3 milh\u00f5es"}]},{"@type":"WebSite","@id":"https:\/\/www.suno.com.br\/noticias\/#website","url":"https:\/\/www.suno.com.br\/noticias\/","name":"Suno Not\u00edcias","description":"Seu portal de informa\u00e7\u00e3o sobre o mundo dos investimentos","publisher":{"@id":"https:\/\/www.suno.com.br\/noticias\/#organization"},"potentialAction":[{"@type":"SearchAction","target":{"@type":"EntryPoint","urlTemplate":"https:\/\/www.suno.com.br\/noticias\/?s={search_term_string}"},"query-input":{"@type":"PropertyValueSpecification","valueRequired":true,"valueName":"search_term_string"}}],"inLanguage":"pt-BR"},{"@type":"Organization","@id":"https:\/\/www.suno.com.br\/noticias\/#organization","name":"Suno Not\u00edcias","url":"https:\/\/www.suno.com.br\/noticias\/","logo":{"@type":"ImageObject","inLanguage":"pt-BR","@id":"https:\/\/www.suno.com.br\/noticias\/#\/schema\/logo\/image\/","url":"https:\/\/files.sunoresearch.com.br\/n\/uploads\/2021\/09\/suno-logo.png","contentUrl":"https:\/\/files.sunoresearch.com.br\/n\/uploads\/2021\/09\/suno-logo.png","width":180,"height":180,"caption":"Suno Not\u00edcias"},"image":{"@id":"https:\/\/www.suno.com.br\/noticias\/#\/schema\/logo\/image\/"},"sameAs":["https:\/\/facebook.com\/sunoresearch","https:\/\/x.com\/sunoresearch","https:\/\/www.instagram.com\/suno","https:\/\/www.linkedin.com\/company\/suno-research\/","https:\/\/www.youtube.com\/c\/sunoresearch"]},{"@type":"Person","@id":"https:\/\/www.suno.com.br\/noticias\/#\/schema\/person\/a5b06fa4e879d8e8e119c6ed3cd630d1","name":"Amanda Gushiken","image":{"@type":"ImageObject","inLanguage":"pt-BR","@id":"https:\/\/www.suno.com.br\/noticias\/#\/schema\/person\/image\/","url":"https:\/\/secure.gravatar.com\/avatar\/ecd84705e6b65e3685ae80d725501fbe?s=96&r=g","contentUrl":"https:\/\/secure.gravatar.com\/avatar\/ecd84705e6b65e3685ae80d725501fbe?s=96&r=g","caption":"Amanda Gushiken"},"description":"Amanda Sayuri Gushiken escreve sobre finan\u00e7as e neg\u00f3cios para o portal Suno Not\u00edcias. Antes, trabalhou selecionando not\u00edcias da imprensa para clientes do mercado financeiro. Tamb\u00e9m desenvolveu pesquisa acad\u00eamica pela Universidade Anhembi Morumbi na \u00e1rea de Teorias da Comunica\u00e7\u00e3o e \u00e9 fot\u00f3grafa nas horas vagas.","url":"https:\/\/www.suno.com.br\/noticias\/author\/amanda\/"}]}},"default_loop_html":"<div class=\"cardsPage__listCard__boxs\"><div class=\"cardsPage__listCard__boxs__img\"><a href=\"https:\/\/www.suno.com.br\/noticias\/marfrig-sobe-bolsa-lucro-liquido\/\"><img class=\"mask\" src=\"https:\/\/www.suno.com.br\/noticias\/wp-content\/themes\/suno\/resources\/images\/spotlight\/spotlight1img\/bg-mask.png\" alt=\"Image Mask\"\/><img src=\"https:\/\/files.sunoresearch.com.br\/n\/uploads\/2019\/05\/6af6c661-marfrig-400x200.webp\" alt=\"Marfrig cresce 7% na Bolsa ap\u00f3s reverter preju\u00edzo e lucrar R$ 4,3 milh\u00f5es\"\/><\/a><span class=\"spotlightCategory\"><a href=\"https:\/\/www.suno.com.br\/noticias\/mercado\/\">Mercado<\/a><\/span><\/div><div class=\"cardsPage__listCard__boxs__content\"><a href=\"https:\/\/www.suno.com.br\/noticias\/marfrig-sobe-bolsa-lucro-liquido\/\"><h2 class=\"content__title\">Marfrig cresce 7% na Bolsa ap\u00f3s reverter preju\u00edzo e lucrar R$ 4,3 milh\u00f5es<\/h2><\/a><div class=\"newsContent__article__meta\"><div class=\"newsContent__article__meta__authorBox\"><a href=\"https:\/\/www.suno.com.br\/noticias\/author\/amanda\/\" class=\"authorBox__avatar noMobi\"><img src=\"https:\/\/files.sunoresearch.com.br\/n\/uploads\/2018\/11\/c6ad30be-amanda-150x150.webp\" alt=\"Amanda Gushiken\"><\/a><div class=\"authorBox__name\"><span>por\n\t\t\t<a href=\"https:\/\/www.suno.com.br\/noticias\/author\/amanda\/\"><span itemprop=\"author\">Amanda Gushiken<\/span><\/a><\/span><time datetime=\"2019-05-16T14:03:27-03:00\" itemprop=\"datePublished\">16\/05\/2019 14:03<\/time><\/div><\/div><\/div><\/div><\/div>","single_layout":"posts","amp_enabled":true,"_links":{"self":[{"href":"https:\/\/www.suno.com.br\/noticias\/wp-json\/wp\/v2\/posts\/24828"}],"collection":[{"href":"https:\/\/www.suno.com.br\/noticias\/wp-json\/wp\/v2\/posts"}],"about":[{"href":"https:\/\/www.suno.com.br\/noticias\/wp-json\/wp\/v2\/types\/post"}],"author":[{"embeddable":true,"href":"https:\/\/www.suno.com.br\/noticias\/wp-json\/wp\/v2\/users\/12"}],"replies":[{"embeddable":true,"href":"https:\/\/www.suno.com.br\/noticias\/wp-json\/wp\/v2\/comments?post=24828"}],"version-history":[{"count":0,"href":"https:\/\/www.suno.com.br\/noticias\/wp-json\/wp\/v2\/posts\/24828\/revisions"}],"wp:featuredmedia":[{"embeddable":true,"href":"https:\/\/www.suno.com.br\/noticias\/wp-json\/wp\/v2\/media\/24835"}],"wp:attachment":[{"href":"https:\/\/www.suno.com.br\/noticias\/wp-json\/wp\/v2\/media?parent=24828"}],"wp:term":[{"taxonomy":"category","embeddable":true,"href":"https:\/\/www.suno.com.br\/noticias\/wp-json\/wp\/v2\/categories?post=24828"},{"taxonomy":"post_tag","embeddable":true,"href":"https:\/\/www.suno.com.br\/noticias\/wp-json\/wp\/v2\/tags?post=24828"},{"taxonomy":"suno_strategy","embeddable":true,"href":"https:\/\/www.suno.com.br\/noticias\/wp-json\/wp\/v2\/suno_strategy?post=24828"}],"curies":[{"name":"wp","href":"https:\/\/api.w.org\/{rel}","templated":true}]}}