{"id":24827,"date":"2019-05-16T13:36:58","date_gmt":"2019-05-16T16:36:58","guid":{"rendered":"https:\/\/www.suno.com.br\/noticias\/?p=24827"},"modified":"2021-06-13T23:45:11","modified_gmt":"2021-06-14T02:45:11","slug":"china-reage-eua-huawei-prendendo-canadenses","status":"publish","type":"post","link":"https:\/\/www.suno.com.br\/noticias\/china-reage-eua-huawei-prendendo-canadenses\/","title":{"rendered":"China reage \u00e0 a\u00e7\u00e3o dos EUA sobre Huawei prendendo dois canadenses"},"content":{"rendered":"<p>A China reagiu \u00e0 a\u00e7\u00e3o dos <strong>Estados Unidos<\/strong> sobre a <strong>Huawei<\/strong> prendendo dois canadenses que estavam em seu territ\u00f3rio. Os dois foram detidos em dezembro sob acusa\u00e7\u00f5es de espionagem. Os canadenses foram presos dias depois que o Canad\u00e1 deteve a diretora financeira da <strong>Huawei,<\/strong>\u00a0Meng Wanzhou, a pedido dos <strong>EUA.<\/strong><\/p>\t<div class=\"wrapper-featured-image\">\n\t\t<figure class=\"spotlightImg\">\n\n\t\t\t<picture>\n\t\t\t\t<source media=\"(max-width: 768px)\" srcset=\"https:\/\/files.sunoresearch.com.br\/n\/uploads\/2019\/01\/e46c01ed-huawei-400x200.webp\">\n\t\t\t\t<img loading=\"lazy\" decoding=\"async\" class=\"newsContent__article__imgCapa lazyloadDisabled newsContent__article__imgCapa--noCaption\" src=\"https:\/\/files.sunoresearch.com.br\/n\/uploads\/2019\/01\/e46c01ed-huawei-800x450.webp\" width=\"800\" height=\"450\" alt=\"China reage \u00e0 a\u00e7\u00e3o dos EUA sobre Huawei prendendo dois canadenses\" fetchpriority=high \/>\n\t\t\t<\/picture>\n\n\t\t\t<figcaption class=\"wp-caption-text wp-caption-text--hide\">Fundador da Huawei diz que pol\u00edticos americanos subestimam chinesa<\/figcaption>\n\t\t<\/figure>\n\t<\/div>\n\n\n<p>O governo da <strong>China<\/strong> nega que a medida tenha sido uma repres\u00e1lia \u00e0 pris\u00e3o de Wanzhou. Assim, as autoridades argumentaram ser o &#8220;estado de direito&#8221;. Os presos pelos chineses foram:<\/p>\n<ul>\n<li>Michael Kovrig: ex-diplomata que trabalhou em Pequim;<\/li>\n<li>Michael Spavor: consultor e empres\u00e1rio.<\/li>\n<\/ul>\n\t<p>\n\t\t<a href=\"https:\/\/lp.suno.com.br\/planilha-de-controle-de-investimentos\/\" target=\"_blank\" data-element=\"shortcode-suno-banner\" title=\"Banner SUNO, clique e saiba mais\">\n\t\t\t<picture>\n\t\t\t\t<source media=\"(max-width: 500px)\" srcset=\"https:\/\/files.sunoresearch.com.br\/n\/uploads\/2023\/03\/400x300-Controle-de-Investimentos.png\">\n\t\t\t\t<img class=\"newsContent__article__imgCapa newsContent__article__imgCapa--banner\"\n\t\t\t\t\tsrc=\"https:\/\/files.sunoresearch.com.br\/n\/uploads\/2023\/03\/1420x240-Controle-de-Investimentos.png\"\n\t\t\t\t\tdata-promo-id=\"75934\"\t\t\t\t\t\t\t\t\t\twidth='1420' height='240'\t\t\t\t\talt=\"https:\/\/files.sunoresearch.com.br\/n\/uploads\/2023\/03\/1420x240-Controle-de-Investimentos.png\"\n\t\t\t\t>\n\t\t\t<\/picture>\n\t\t<\/a>\n\t<\/p>\n\n\n<p>Assim, os dois s\u00e3o acusados pelo governo chin\u00eas de roubar e fornecer segredos de estado. Com isso, o as autoridades se pronunciaram atrav\u00e9s de porta-voz.\u00a0\u201cA Promotoria chinesa aprovou efetivamente sua recente pris\u00e3o, segundo a lei\u201d disse Lu Kang.<\/p>\n<p><a href=\"https:\/\/www.suno.com.br\/noticias\/trump-atinge-huawei-china-proteger-empresas\/\">Saiba Mais: Trump atinge Huawei; China critica e diz que vai proteger suas empresas<\/a><\/p>\n<p>Por sua vez, o Canad\u00e1 condenou a a\u00e7\u00e3o chinesa. Assim, segundo um jornal canadense, o minist\u00e9rio das rela\u00e7\u00f5es exteriores afirmou que a pris\u00e3o foi arbitr\u00e1ria. &#8220;O Canad\u00e1 condena firmemente a pris\u00e3o arbitr\u00e1ria dos dois cidad\u00e3os, assim como hav\u00edamos condenado sua deten\u00e7\u00e3o arbitr\u00e1ria em 10 de dezembro passado\u201d, disse.<\/p>\n<h2>Trump contra Huawei<\/h2>\n<p>Por outro lado, a deten\u00e7\u00e3o tamb\u00e9m ocorre ap\u00f3s <strong>Donald Trump<\/strong> atingir a <strong>Huawei.<\/strong> Na quarta-feira (15), os <strong>Estados Unidos<\/strong> colocaram a empresa na &#8220;Lista de Entidades&#8221;.<\/p>\n<p>Sendo assim, a gigante de tecnologia n\u00e3o pode mais comprar componentes americanos sem a autoriza\u00e7\u00e3o do governo. A medida de <strong>Trump<\/strong> atinge a companhia que depende de componentes dos <strong>Estados Unidos<\/strong> em sua cadeia de produ\u00e7\u00e3o. Al\u00e9m disso, <strong>Trump<\/strong> tamb\u00e9m assinou um decreto proibindo as empresas\u00a0e comprarem\u00a0equipamentos de telecomunica\u00e7\u00f5es feitos por companhias consideradas como &#8220;risco \u00e0 seguran\u00e7a nacional&#8221;.<\/p>\n<p>Unidades de seguran\u00e7a dos <strong>EUA<\/strong> argumentaram que a <strong>Huawei<\/strong> e a <strong>ZTE<\/strong> s\u00e3o um risco \u00e0 seguran\u00e7a nacional. Isso porque as empresas seriam &#8220;obrigadas a cumprir ordens do Partido Comunista&#8221;.<\/p>\n<p>Diante disso, o asi\u00e1tico j\u00e1 havia prometido uma retalia\u00e7\u00e3o. &#8220;A <strong>China<\/strong> adotar\u00e1 todas as medidas necess\u00e1rias para proteger os direitos leg\u00edtimos das empresas chinesas&#8221;, informou Feng.<\/p>\n<p><a href=\"https:\/\/www.suno.com.br\/noticias\/trump-eleva-tarifas-em-us-200-bilhoes-china-afirma-retaliar\/\">Saiba Mais: Trump eleva tarifas em US$ 200 bilh\u00f5es; China afirma retaliar<\/a><\/p>\n<h2>China questiona a\u00e7\u00e3o dos EUA<\/h2>\n<p>Sobre a a\u00e7\u00e3o, a\u00a0<strong>China<\/strong> informou que <strong>Trump<\/strong> deveria evitar impactos negativos \u00e0 <strong>negocia\u00e7\u00e3o comercial<\/strong> entre os dois pa\u00edses. \u00a0&#8220;A <strong>China<\/strong> enfatizou muitas vezes que n\u00e3o se deve abusar do conceito de seguran\u00e7a nacional. Ele n\u00e3o deve ser usado como ferramenta para protecionismo comercial&#8221;, disse <strong>Gao Feng,<\/strong> porta-voz do Minist\u00e9rio do Com\u00e9rcio chin\u00eas.<\/p>\n<p>As \u00faltimas movimenta\u00e7\u00f5es dos pa\u00edses fazem parte da <strong>guerra comercial<\/strong> travada entre os gigantes econ\u00f4micos. As duas pot\u00eancias tentam h\u00e1 tempos um acordo. Contudo, at\u00e9 agora, as negocia\u00e7\u00f5es n\u00e3o tiveram resultado e os dois pa\u00edses passaram a investir comercialmente um contra o outro.<\/p>\n<p><a href=\"https:\/\/www.suno.com.br\/noticias\/china-eua-guerra-comercial\/\">Saiba Mais: China e EUA concordaram em continuar as negocia\u00e7\u00f5es<\/a><\/p>\n<p>No in\u00edcio de maio, <strong>Donald Trump<\/strong> anunciou o aumento de <strong>tarifas<\/strong> na importa\u00e7\u00e3o de produtos chineses. Dessa forma, a taxa passou de 10% para 25% sobre cerca de US$ 200 bilh\u00f5es em importa\u00e7\u00f5es da <strong>China.<\/strong><\/p>\n\t<p>\n\t\t<a href=\"https:\/\/lp.suno.com.br\/ebook-investindo-em-fiis\/\" target=\"_blank\" data-element=\"shortcode-suno-banner\" title=\"Banner SUNO, clique e saiba mais\">\n\t\t\t<picture>\n\t\t\t\t<source media=\"(max-width: 500px)\" srcset=\"https:\/\/files.sunoresearch.com.br\/n\/uploads\/2023\/07\/Ebook-Fundos-Imobiliarios-Mobile.jpg\">\n\t\t\t\t<img class=\"newsContent__article__imgCapa newsContent__article__imgCapa--banner\"\n\t\t\t\t\tsrc=\"https:\/\/files.sunoresearch.com.br\/n\/uploads\/2023\/07\/Ebook-Fundos-Imobiliarios-Desktop.jpg\"\n\t\t\t\t\tdata-promo-id=\"378301\"\t\t\t\t\t\t\t\t\t\twidth='1420' height='286'\t\t\t\t\talt=\"https:\/\/files.sunoresearch.com.br\/n\/uploads\/2023\/07\/Ebook-Fundos-Imobiliarios-Desktop.jpg\"\n\t\t\t\t>\n\t\t\t<\/picture>\n\t\t<\/a>\n\t<\/p>\n\n\n<p>Por sua vez, a <strong>China<\/strong> retaliou. Desse modo, o pa\u00eds asi\u00e1tico tamb\u00e9m imp\u00f4s taxas aos americanos e cerca de US$ 60 bilh\u00f5es em produtos dos <strong>Estados Unidos<\/strong> devem ser taxados com impostos.<\/p>\n<p>Apesar disso, at\u00e9 o momento,\u00a0<strong>Trump<\/strong> e a <strong>China<\/strong> garantem que as negocia\u00e7\u00f5es entre <strong>Washington<\/strong> e <strong>Pequim<\/strong> continuam. Entretanto, enquanto n\u00e3o se chega a um acordo, o embate reflete nos principais mercados acion\u00e1rios globais. Bolsas asi\u00e1ticas, americanas e tamb\u00e9m a brasileira t\u00eam sofrido o impacto do conflito.<\/p>\n","protected":false},"excerpt":{"rendered":"<p>A China reagiu \u00e0 a\u00e7\u00e3o dos Estados Unidos sobre a Huawei prendendo dois canadenses que estavam em seu territ\u00f3rio. Os dois foram detidos em dezembro sob acusa\u00e7\u00f5es de espionagem. Os canadenses foram presos dias depois que o Canad\u00e1 deteve a diretora financeira da Huawei,\u00a0Meng Wanzhou, a pedido dos EUA. Fundador da Huawei diz que pol\u00edticos [&hellip;]<\/p>\n","protected":false},"author":16,"featured_media":11549,"comment_status":"closed","ping_status":"closed","sticky":false,"template":"","format":"standard","meta":[],"categories":[63],"tags":[711,793,980,826],"suno_strategy":[],"class_list":["post-24827","post","type-post","status-publish","format-standard","has-post-thumbnail","hentry","category-internacional","tag-china","tag-estados-unidos-eua","tag-guerra-comercial","tag-huawei"],"yoast_head":"<!-- This site is optimized with the Yoast SEO plugin v24.4 - https:\/\/yoast.com\/wordpress\/plugins\/seo\/ -->\n<title>China reage \u00e0 a\u00e7\u00e3o dos EUA sobre Huawei prendendo dois canadenses<\/title>\n<meta name=\"description\" content=\"China prendeu os canadenses sob acusa\u00e7\u00e3o de espionagem dias ap\u00f3s a diretora financeira ser da Huawei ser presa no Canad\u00e1 a pedido dos EUA.\" \/>\n<meta name=\"robots\" content=\"index, follow, max-snippet:-1, max-image-preview:large, max-video-preview:-1\" \/>\n<link rel=\"canonical\" href=\"https:\/\/www.suno.com.br\/noticias\/china-reage-eua-huawei-prendendo-canadenses\/\" \/>\n<meta property=\"og:locale\" content=\"pt_BR\" \/>\n<meta property=\"og:type\" content=\"article\" \/>\n<meta property=\"og:title\" content=\"China reage \u00e0 a\u00e7\u00e3o dos EUA sobre Huawei prendendo dois canadenses\" \/>\n<meta property=\"og:description\" content=\"China prendeu os canadenses sob acusa\u00e7\u00e3o de espionagem dias ap\u00f3s a diretora financeira ser da Huawei ser presa no Canad\u00e1 a pedido dos EUA.\" \/>\n<meta property=\"og:url\" content=\"https:\/\/www.suno.com.br\/noticias\/china-reage-eua-huawei-prendendo-canadenses\/\" \/>\n<meta property=\"og:site_name\" content=\"Suno Not\u00edcias\" \/>\n<meta property=\"article:publisher\" content=\"https:\/\/facebook.com\/sunoresearch\" \/>\n<meta property=\"og:image\" content=\"https:\/\/files.sunoresearch.com.br\/n\/uploads\/2019\/01\/e46c01ed-huawei.jpg\" \/>\n\t<meta property=\"og:image:width\" content=\"800\" \/>\n\t<meta property=\"og:image:height\" content=\"641\" \/>\n\t<meta property=\"og:image:type\" content=\"image\/jpeg\" \/>\n<meta name=\"author\" content=\"Beatriz Oliveira\" \/>\n<meta name=\"twitter:card\" content=\"summary_large_image\" \/>\n<meta name=\"twitter:creator\" content=\"@sunoresearch\" \/>\n<meta name=\"twitter:site\" content=\"@sunoresearch\" \/>\n<meta name=\"twitter:label1\" content=\"Escrito por\" \/>\n\t<meta name=\"twitter:data1\" content=\"Beatriz Oliveira\" \/>\n\t<meta name=\"twitter:label2\" content=\"Est. tempo de leitura\" \/>\n\t<meta name=\"twitter:data2\" content=\"3 minutos\" \/>\n<script type=\"application\/ld+json\" class=\"yoast-schema-graph\">{\"@context\":\"https:\/\/schema.org\",\"@graph\":[{\"@type\":\"NewsArticle\",\"@id\":\"https:\/\/www.suno.com.br\/noticias\/china-reage-eua-huawei-prendendo-canadenses\/#article\",\"isPartOf\":{\"@id\":\"https:\/\/www.suno.com.br\/noticias\/china-reage-eua-huawei-prendendo-canadenses\/\"},\"author\":{\"name\":\"Beatriz Oliveira\",\"@id\":\"https:\/\/www.suno.com.br\/noticias\/#\/schema\/person\/e67f665add014bf99f644028de070cc3\"},\"headline\":\"China reage \u00e0 a\u00e7\u00e3o dos EUA sobre Huawei prendendo dois canadenses\",\"datePublished\":\"2019-05-16T16:36:58+00:00\",\"dateModified\":\"2021-06-14T02:45:11+00:00\",\"mainEntityOfPage\":{\"@id\":\"https:\/\/www.suno.com.br\/noticias\/china-reage-eua-huawei-prendendo-canadenses\/\"},\"wordCount\":652,\"publisher\":{\"@id\":\"https:\/\/www.suno.com.br\/noticias\/#organization\"},\"image\":{\"@id\":\"https:\/\/www.suno.com.br\/noticias\/china-reage-eua-huawei-prendendo-canadenses\/#primaryimage\"},\"thumbnailUrl\":\"https:\/\/files.sunoresearch.com.br\/n\/uploads\/2019\/01\/e46c01ed-huawei-jpg.webp\",\"keywords\":[\"China\",\"Estados Unidos (EUA)\",\"guerra comercial\",\"Huawei\"],\"articleSection\":[\"Internacional\"],\"inLanguage\":\"pt-BR\"},{\"@type\":\"WebPage\",\"@id\":\"https:\/\/www.suno.com.br\/noticias\/china-reage-eua-huawei-prendendo-canadenses\/\",\"url\":\"https:\/\/www.suno.com.br\/noticias\/china-reage-eua-huawei-prendendo-canadenses\/\",\"name\":\"China reage \u00e0 a\u00e7\u00e3o dos EUA sobre Huawei prendendo dois canadenses\",\"isPartOf\":{\"@id\":\"https:\/\/www.suno.com.br\/noticias\/#website\"},\"primaryImageOfPage\":{\"@id\":\"https:\/\/www.suno.com.br\/noticias\/china-reage-eua-huawei-prendendo-canadenses\/#primaryimage\"},\"image\":{\"@id\":\"https:\/\/www.suno.com.br\/noticias\/china-reage-eua-huawei-prendendo-canadenses\/#primaryimage\"},\"thumbnailUrl\":\"https:\/\/files.sunoresearch.com.br\/n\/uploads\/2019\/01\/e46c01ed-huawei-jpg.webp\",\"datePublished\":\"2019-05-16T16:36:58+00:00\",\"dateModified\":\"2021-06-14T02:45:11+00:00\",\"description\":\"China prendeu os canadenses sob acusa\u00e7\u00e3o de espionagem dias ap\u00f3s a diretora financeira ser da Huawei ser presa no Canad\u00e1 a pedido dos EUA.\",\"breadcrumb\":{\"@id\":\"https:\/\/www.suno.com.br\/noticias\/china-reage-eua-huawei-prendendo-canadenses\/#breadcrumb\"},\"inLanguage\":\"pt-BR\",\"potentialAction\":[{\"@type\":\"ReadAction\",\"target\":[\"https:\/\/www.suno.com.br\/noticias\/china-reage-eua-huawei-prendendo-canadenses\/\"]}]},{\"@type\":\"ImageObject\",\"inLanguage\":\"pt-BR\",\"@id\":\"https:\/\/www.suno.com.br\/noticias\/china-reage-eua-huawei-prendendo-canadenses\/#primaryimage\",\"url\":\"https:\/\/files.sunoresearch.com.br\/n\/uploads\/2019\/01\/e46c01ed-huawei-jpg.webp\",\"contentUrl\":\"https:\/\/files.sunoresearch.com.br\/n\/uploads\/2019\/01\/e46c01ed-huawei-jpg.webp\",\"width\":800,\"height\":641,\"caption\":\"Fundador da Huawei diz que pol\u00edticos americanos subestimam chinesa\"},{\"@type\":\"BreadcrumbList\",\"@id\":\"https:\/\/www.suno.com.br\/noticias\/china-reage-eua-huawei-prendendo-canadenses\/#breadcrumb\",\"itemListElement\":[{\"@type\":\"ListItem\",\"position\":1,\"name\":\"Not\u00edcias\",\"item\":\"https:\/\/www.suno.com.br\/noticias\/\"},{\"@type\":\"ListItem\",\"position\":2,\"name\":\"Internacional\",\"item\":\"https:\/\/www.suno.com.br\/noticias\/internacional\/\"},{\"@type\":\"ListItem\",\"position\":3,\"name\":\"China reage \u00e0 a\u00e7\u00e3o dos EUA sobre Huawei prendendo dois canadenses\"}]},{\"@type\":\"WebSite\",\"@id\":\"https:\/\/www.suno.com.br\/noticias\/#website\",\"url\":\"https:\/\/www.suno.com.br\/noticias\/\",\"name\":\"Suno Not\u00edcias\",\"description\":\"Seu portal de informa\u00e7\u00e3o sobre o mundo dos investimentos\",\"publisher\":{\"@id\":\"https:\/\/www.suno.com.br\/noticias\/#organization\"},\"potentialAction\":[{\"@type\":\"SearchAction\",\"target\":{\"@type\":\"EntryPoint\",\"urlTemplate\":\"https:\/\/www.suno.com.br\/noticias\/?s={search_term_string}\"},\"query-input\":{\"@type\":\"PropertyValueSpecification\",\"valueRequired\":true,\"valueName\":\"search_term_string\"}}],\"inLanguage\":\"pt-BR\"},{\"@type\":\"Organization\",\"@id\":\"https:\/\/www.suno.com.br\/noticias\/#organization\",\"name\":\"Suno Not\u00edcias\",\"url\":\"https:\/\/www.suno.com.br\/noticias\/\",\"logo\":{\"@type\":\"ImageObject\",\"inLanguage\":\"pt-BR\",\"@id\":\"https:\/\/www.suno.com.br\/noticias\/#\/schema\/logo\/image\/\",\"url\":\"https:\/\/files.sunoresearch.com.br\/n\/uploads\/2021\/09\/suno-logo.png\",\"contentUrl\":\"https:\/\/files.sunoresearch.com.br\/n\/uploads\/2021\/09\/suno-logo.png\",\"width\":180,\"height\":180,\"caption\":\"Suno Not\u00edcias\"},\"image\":{\"@id\":\"https:\/\/www.suno.com.br\/noticias\/#\/schema\/logo\/image\/\"},\"sameAs\":[\"https:\/\/facebook.com\/sunoresearch\",\"https:\/\/x.com\/sunoresearch\",\"https:\/\/www.instagram.com\/suno\",\"https:\/\/www.linkedin.com\/company\/suno-research\/\",\"https:\/\/www.youtube.com\/c\/sunoresearch\"]},{\"@type\":\"Person\",\"@id\":\"https:\/\/www.suno.com.br\/noticias\/#\/schema\/person\/e67f665add014bf99f644028de070cc3\",\"name\":\"Beatriz Oliveira\",\"image\":{\"@type\":\"ImageObject\",\"inLanguage\":\"pt-BR\",\"@id\":\"https:\/\/www.suno.com.br\/noticias\/#\/schema\/person\/image\/\",\"url\":\"https:\/\/secure.gravatar.com\/avatar\/c9aa6a0aaecc598d257d5d5bd349157d?s=96&r=g\",\"contentUrl\":\"https:\/\/secure.gravatar.com\/avatar\/c9aa6a0aaecc598d257d5d5bd349157d?s=96&r=g\",\"caption\":\"Beatriz Oliveira\"},\"description\":\"Formada em Jornalismo pela Faculdade Paulus de Tecnologia e Comunica\u00e7\u00e3o, Beatriz Oliveira escreve para o portal de not\u00edcias Suno Research. Antes, passou pelas reda\u00e7\u00f5es da Revista EXAME e da Rede Bandeirantes.\",\"url\":\"https:\/\/www.suno.com.br\/noticias\/author\/beatriz\/\"}]}<\/script>\n<!-- \/ Yoast SEO plugin. -->","yoast_head_json":{"title":"China reage \u00e0 a\u00e7\u00e3o dos EUA sobre Huawei prendendo dois canadenses","description":"China prendeu os canadenses sob acusa\u00e7\u00e3o de espionagem dias ap\u00f3s a diretora financeira ser da Huawei ser presa no Canad\u00e1 a pedido dos EUA.","robots":{"index":"index","follow":"follow","max-snippet":"max-snippet:-1","max-image-preview":"max-image-preview:large","max-video-preview":"max-video-preview:-1"},"canonical":"https:\/\/www.suno.com.br\/noticias\/china-reage-eua-huawei-prendendo-canadenses\/","og_locale":"pt_BR","og_type":"article","og_title":"China reage \u00e0 a\u00e7\u00e3o dos EUA sobre Huawei prendendo dois canadenses","og_description":"China prendeu os canadenses sob acusa\u00e7\u00e3o de espionagem dias ap\u00f3s a diretora financeira ser da Huawei ser presa no Canad\u00e1 a pedido dos EUA.","og_url":"https:\/\/www.suno.com.br\/noticias\/china-reage-eua-huawei-prendendo-canadenses\/","og_site_name":"Suno Not\u00edcias","article_publisher":"https:\/\/facebook.com\/sunoresearch","og_image":[{"width":800,"height":641,"url":"https:\/\/files.sunoresearch.com.br\/n\/uploads\/2019\/01\/e46c01ed-huawei.jpg","type":"image\/jpeg"}],"author":"Beatriz Oliveira","twitter_card":"summary_large_image","twitter_creator":"@sunoresearch","twitter_site":"@sunoresearch","twitter_misc":{"Escrito por":"Beatriz Oliveira","Est. tempo de leitura":"3 minutos"},"schema":{"@context":"https:\/\/schema.org","@graph":[{"@type":"NewsArticle","@id":"https:\/\/www.suno.com.br\/noticias\/china-reage-eua-huawei-prendendo-canadenses\/#article","isPartOf":{"@id":"https:\/\/www.suno.com.br\/noticias\/china-reage-eua-huawei-prendendo-canadenses\/"},"author":{"name":"Beatriz Oliveira","@id":"https:\/\/www.suno.com.br\/noticias\/#\/schema\/person\/e67f665add014bf99f644028de070cc3"},"headline":"China reage \u00e0 a\u00e7\u00e3o dos EUA sobre Huawei prendendo dois canadenses","datePublished":"2019-05-16T16:36:58+00:00","dateModified":"2021-06-14T02:45:11+00:00","mainEntityOfPage":{"@id":"https:\/\/www.suno.com.br\/noticias\/china-reage-eua-huawei-prendendo-canadenses\/"},"wordCount":652,"publisher":{"@id":"https:\/\/www.suno.com.br\/noticias\/#organization"},"image":{"@id":"https:\/\/www.suno.com.br\/noticias\/china-reage-eua-huawei-prendendo-canadenses\/#primaryimage"},"thumbnailUrl":"https:\/\/files.sunoresearch.com.br\/n\/uploads\/2019\/01\/e46c01ed-huawei-jpg.webp","keywords":["China","Estados Unidos (EUA)","guerra comercial","Huawei"],"articleSection":["Internacional"],"inLanguage":"pt-BR"},{"@type":"WebPage","@id":"https:\/\/www.suno.com.br\/noticias\/china-reage-eua-huawei-prendendo-canadenses\/","url":"https:\/\/www.suno.com.br\/noticias\/china-reage-eua-huawei-prendendo-canadenses\/","name":"China reage \u00e0 a\u00e7\u00e3o dos EUA sobre Huawei prendendo dois canadenses","isPartOf":{"@id":"https:\/\/www.suno.com.br\/noticias\/#website"},"primaryImageOfPage":{"@id":"https:\/\/www.suno.com.br\/noticias\/china-reage-eua-huawei-prendendo-canadenses\/#primaryimage"},"image":{"@id":"https:\/\/www.suno.com.br\/noticias\/china-reage-eua-huawei-prendendo-canadenses\/#primaryimage"},"thumbnailUrl":"https:\/\/files.sunoresearch.com.br\/n\/uploads\/2019\/01\/e46c01ed-huawei-jpg.webp","datePublished":"2019-05-16T16:36:58+00:00","dateModified":"2021-06-14T02:45:11+00:00","description":"China prendeu os canadenses sob acusa\u00e7\u00e3o de espionagem dias ap\u00f3s a diretora financeira ser da Huawei ser presa no Canad\u00e1 a pedido dos EUA.","breadcrumb":{"@id":"https:\/\/www.suno.com.br\/noticias\/china-reage-eua-huawei-prendendo-canadenses\/#breadcrumb"},"inLanguage":"pt-BR","potentialAction":[{"@type":"ReadAction","target":["https:\/\/www.suno.com.br\/noticias\/china-reage-eua-huawei-prendendo-canadenses\/"]}]},{"@type":"ImageObject","inLanguage":"pt-BR","@id":"https:\/\/www.suno.com.br\/noticias\/china-reage-eua-huawei-prendendo-canadenses\/#primaryimage","url":"https:\/\/files.sunoresearch.com.br\/n\/uploads\/2019\/01\/e46c01ed-huawei-jpg.webp","contentUrl":"https:\/\/files.sunoresearch.com.br\/n\/uploads\/2019\/01\/e46c01ed-huawei-jpg.webp","width":800,"height":641,"caption":"Fundador da Huawei diz que pol\u00edticos americanos subestimam chinesa"},{"@type":"BreadcrumbList","@id":"https:\/\/www.suno.com.br\/noticias\/china-reage-eua-huawei-prendendo-canadenses\/#breadcrumb","itemListElement":[{"@type":"ListItem","position":1,"name":"Not\u00edcias","item":"https:\/\/www.suno.com.br\/noticias\/"},{"@type":"ListItem","position":2,"name":"Internacional","item":"https:\/\/www.suno.com.br\/noticias\/internacional\/"},{"@type":"ListItem","position":3,"name":"China reage \u00e0 a\u00e7\u00e3o dos EUA sobre Huawei prendendo dois canadenses"}]},{"@type":"WebSite","@id":"https:\/\/www.suno.com.br\/noticias\/#website","url":"https:\/\/www.suno.com.br\/noticias\/","name":"Suno Not\u00edcias","description":"Seu portal de informa\u00e7\u00e3o sobre o mundo dos investimentos","publisher":{"@id":"https:\/\/www.suno.com.br\/noticias\/#organization"},"potentialAction":[{"@type":"SearchAction","target":{"@type":"EntryPoint","urlTemplate":"https:\/\/www.suno.com.br\/noticias\/?s={search_term_string}"},"query-input":{"@type":"PropertyValueSpecification","valueRequired":true,"valueName":"search_term_string"}}],"inLanguage":"pt-BR"},{"@type":"Organization","@id":"https:\/\/www.suno.com.br\/noticias\/#organization","name":"Suno Not\u00edcias","url":"https:\/\/www.suno.com.br\/noticias\/","logo":{"@type":"ImageObject","inLanguage":"pt-BR","@id":"https:\/\/www.suno.com.br\/noticias\/#\/schema\/logo\/image\/","url":"https:\/\/files.sunoresearch.com.br\/n\/uploads\/2021\/09\/suno-logo.png","contentUrl":"https:\/\/files.sunoresearch.com.br\/n\/uploads\/2021\/09\/suno-logo.png","width":180,"height":180,"caption":"Suno Not\u00edcias"},"image":{"@id":"https:\/\/www.suno.com.br\/noticias\/#\/schema\/logo\/image\/"},"sameAs":["https:\/\/facebook.com\/sunoresearch","https:\/\/x.com\/sunoresearch","https:\/\/www.instagram.com\/suno","https:\/\/www.linkedin.com\/company\/suno-research\/","https:\/\/www.youtube.com\/c\/sunoresearch"]},{"@type":"Person","@id":"https:\/\/www.suno.com.br\/noticias\/#\/schema\/person\/e67f665add014bf99f644028de070cc3","name":"Beatriz Oliveira","image":{"@type":"ImageObject","inLanguage":"pt-BR","@id":"https:\/\/www.suno.com.br\/noticias\/#\/schema\/person\/image\/","url":"https:\/\/secure.gravatar.com\/avatar\/c9aa6a0aaecc598d257d5d5bd349157d?s=96&r=g","contentUrl":"https:\/\/secure.gravatar.com\/avatar\/c9aa6a0aaecc598d257d5d5bd349157d?s=96&r=g","caption":"Beatriz Oliveira"},"description":"Formada em Jornalismo pela Faculdade Paulus de Tecnologia e Comunica\u00e7\u00e3o, Beatriz Oliveira escreve para o portal de not\u00edcias Suno Research. Antes, passou pelas reda\u00e7\u00f5es da Revista EXAME e da Rede Bandeirantes.","url":"https:\/\/www.suno.com.br\/noticias\/author\/beatriz\/"}]}},"default_loop_html":"<div class=\"cardsPage__listCard__boxs\"><div class=\"cardsPage__listCard__boxs__img\"><a href=\"https:\/\/www.suno.com.br\/noticias\/china-reage-eua-huawei-prendendo-canadenses\/\"><img class=\"mask\" src=\"https:\/\/www.suno.com.br\/noticias\/wp-content\/themes\/suno\/resources\/images\/spotlight\/spotlight1img\/bg-mask.png\" alt=\"Image Mask\"\/><img src=\"https:\/\/files.sunoresearch.com.br\/n\/uploads\/2019\/01\/e46c01ed-huawei-400x200.webp\" alt=\"China reage \u00e0 a\u00e7\u00e3o dos EUA sobre Huawei prendendo dois canadenses\"\/><\/a><span class=\"spotlightCategory\"><a href=\"https:\/\/www.suno.com.br\/noticias\/internacional\/\">Internacional<\/a><\/span><\/div><div class=\"cardsPage__listCard__boxs__content\"><a href=\"https:\/\/www.suno.com.br\/noticias\/china-reage-eua-huawei-prendendo-canadenses\/\"><h2 class=\"content__title\">China reage \u00e0 a\u00e7\u00e3o dos EUA sobre Huawei prendendo dois canadenses<\/h2><\/a><div class=\"newsContent__article__meta\"><div class=\"newsContent__article__meta__authorBox\"><a href=\"https:\/\/www.suno.com.br\/noticias\/author\/beatriz\/\" class=\"authorBox__avatar noMobi\"><img src=\"https:\/\/secure.gravatar.com\/avatar\/c9aa6a0aaecc598d257d5d5bd349157d?s=96&#038;r=g\" alt=\"Beatriz Oliveira\"><\/a><div class=\"authorBox__name\"><span>por\n\t\t\t<a href=\"https:\/\/www.suno.com.br\/noticias\/author\/beatriz\/\"><span itemprop=\"author\">Beatriz Oliveira<\/span><\/a><\/span><time datetime=\"2019-05-16T13:36:58-03:00\" itemprop=\"datePublished\">16\/05\/2019 13:36<\/time><\/div><\/div><\/div><\/div><\/div>","single_layout":"posts","amp_enabled":true,"_links":{"self":[{"href":"https:\/\/www.suno.com.br\/noticias\/wp-json\/wp\/v2\/posts\/24827"}],"collection":[{"href":"https:\/\/www.suno.com.br\/noticias\/wp-json\/wp\/v2\/posts"}],"about":[{"href":"https:\/\/www.suno.com.br\/noticias\/wp-json\/wp\/v2\/types\/post"}],"author":[{"embeddable":true,"href":"https:\/\/www.suno.com.br\/noticias\/wp-json\/wp\/v2\/users\/16"}],"replies":[{"embeddable":true,"href":"https:\/\/www.suno.com.br\/noticias\/wp-json\/wp\/v2\/comments?post=24827"}],"version-history":[{"count":1,"href":"https:\/\/www.suno.com.br\/noticias\/wp-json\/wp\/v2\/posts\/24827\/revisions"}],"predecessor-version":[{"id":157380,"href":"https:\/\/www.suno.com.br\/noticias\/wp-json\/wp\/v2\/posts\/24827\/revisions\/157380"}],"wp:featuredmedia":[{"embeddable":true,"href":"https:\/\/www.suno.com.br\/noticias\/wp-json\/wp\/v2\/media\/11549"}],"wp:attachment":[{"href":"https:\/\/www.suno.com.br\/noticias\/wp-json\/wp\/v2\/media?parent=24827"}],"wp:term":[{"taxonomy":"category","embeddable":true,"href":"https:\/\/www.suno.com.br\/noticias\/wp-json\/wp\/v2\/categories?post=24827"},{"taxonomy":"post_tag","embeddable":true,"href":"https:\/\/www.suno.com.br\/noticias\/wp-json\/wp\/v2\/tags?post=24827"},{"taxonomy":"suno_strategy","embeddable":true,"href":"https:\/\/www.suno.com.br\/noticias\/wp-json\/wp\/v2\/suno_strategy?post=24827"}],"curies":[{"name":"wp","href":"https:\/\/api.w.org\/{rel}","templated":true}]}}