{"id":248154,"date":"2022-04-05T21:28:27","date_gmt":"2022-04-06T00:28:27","guid":{"rendered":"https:\/\/www.suno.com.br\/noticias\/?p=248154"},"modified":"2022-04-05T21:28:27","modified_gmt":"2022-04-06T00:28:27","slug":"radar-petrobras-petr4-vale-vale3-b3-b3sa3","status":"publish","type":"post","link":"https:\/\/www.suno.com.br\/noticias\/radar-petrobras-petr4-vale-vale3-b3-b3sa3\/","title":{"rendered":"Radar: impasse na indica\u00e7\u00e3o \u00e0 presid\u00eancia da Petrobras (PETR4), Vale (VALE3) inicia obras no Par\u00e1, B3 (B3SA3) tem recorde de follow-on"},"content":{"rendered":"<p>Cotado para assumir a presid\u00eancia da\u00a0<strong>Petrobras<\/strong>\u00a0(PETR4) depois do an\u00fancio da desist\u00eancia de Adriano Pires, o secret\u00e1rio Caio Mario Paes de Andrade, secret\u00e1rio especial de Desburocratiza\u00e7\u00e3o, Gest\u00e3o e Governo Digital do\u00a0<a class=\"suno-keyword\" href=\"https:\/\/www.suno.com.br\/artigos\/ministerio-da-economia\/\" target=\"_blank\" rel=\"noopener\" data-force=\"no\" data-priority=\"3\">Minist\u00e9rio da Economia<\/a>, pode n\u00e3o ocupar o posto. A informa\u00e7\u00e3o foi divulgada pela jornalista Malu Gaspar, de O Globo.<\/p>\t<div class=\"wrapper-featured-image\">\n\t\t<figure class=\"spotlightImg\">\n\n\t\t\t<picture>\n\t\t\t\t<source media=\"(max-width: 768px)\" srcset=\"https:\/\/files.sunoresearch.com.br\/n\/uploads\/2021\/04\/3feb74e0-petrobras4-400x200.webp\">\n\t\t\t\t<img loading=\"lazy\" decoding=\"async\" class=\"newsContent__article__imgCapa lazyloadDisabled \" src=\"https:\/\/files.sunoresearch.com.br\/n\/uploads\/2021\/04\/3feb74e0-petrobras4-800x450.webp\" width=\"800\" height=\"450\" alt=\"Radar: impasse na indica\u00e7\u00e3o \u00e0 presid\u00eancia da Petrobras (PETR4), Vale (VALE3) inicia obras no Par\u00e1, B3 (B3SA3) tem recorde de follow-on\" fetchpriority=high \/>\n\t\t\t<\/picture>\n\n\t\t\t<figcaption class=\"wp-caption-text wp-caption-text--show\">Decis\u00e3o de reduzir dividendos da Petrobras (PETR4) pode ser repentina, diz BTG Pactual. Foto: Divulga\u00e7\u00e3o<\/figcaption>\n\t\t<\/figure>\n\t<\/div>\n\n\n\t<p>\n\t\t<a href=\"\" target=\"_blank\" data-element=\"shortcode-suno-banner\" title=\"Banner SUNO, clique e saiba mais\">\n\t\t\t<picture>\n\t\t\t\t<source media=\"(max-width: 500px)\" srcset=\"\">\n\t\t\t\t<img class=\"newsContent__article__imgCapa newsContent__article__imgCapa--banner\"\n\t\t\t\t\tsrc=\"\"\n\t\t\t\t\tdata-promo-id=\"138420\"\t\t\t\t\t\t\t\t\t\t\t\t\t\t\talt=\"\"\n\t\t\t\t>\n\t\t\t<\/picture>\n\t\t<\/a>\n\t<\/p>\n\n\n<p>Segundo a colunista, o <strong>secret\u00e1rio Paes de Andrade<\/strong>\u00a0n\u00e3o preenche alguns requisitos estipulados pela Lei das Estatais para ser indicado ao\u00a0<strong>comando da estatal<\/strong>, no lugar do general Joaquim Silva e Luna, demitido pelo presidente Jair Bolsonaro no \u00faltimo dia 28. O secret\u00e1rio do Minist\u00e9rio da Economia n\u00e3o tem, pro exemplo, dez anos de experi\u00eancia em empresas p\u00fablicas ou de economia mista no setor de atua\u00e7\u00e3o da Petrobras.<\/p>\n<p>Com o impasse na Petrobras sobre a\u00a0<strong>indica\u00e7\u00e3o para a presid\u00eancia<\/strong>, o governo cogita \u2014 para ganhar tempo na escolha de um nome para o cargo \u2013, remover da pauta da Assembleia Geral Ordin\u00e1ria e Extraordin\u00e1ria da Petrobras, no pr\u00f3ximo dia 13, a elei\u00e7\u00e3o dos novos integrantes do Conselho de Administra\u00e7\u00e3o, informa o Globo. Como principal acionista da empresa, essa possibilidade poderia ser chancelada na assembleia.<\/p>\n<p>Dois nomes de dentro da estatal podem ser aposta do governo para a\u00a0<strong>presid\u00eancia da Petrobras<\/strong>, caso Paes de Andrade n\u00e3o consiga ser aprovado. S\u00e3o\u00a0<strong>diretores da Petrobras<\/strong>, de acordo com reportagem do site do jornal Valor Econ\u00f4mico:<\/p>\n<ul>\n<li>um deles \u00e9 o de\u00a0<strong>Rafael Chaves<\/strong>, diretor de Relacionamento Institucional e Sustentabilidade;<\/li>\n<li>e o outro \u00e9\u00a0<strong>Fernando Borges<\/strong>, que ocupa o cargo de diretor de Explora\u00e7\u00e3o e Produ\u00e7\u00e3o.<\/li>\n<\/ul>\n<p>Segundo reportagem do Valor, Chaves \u00e9 funcion\u00e1rio de carreira do Banco Central e j\u00e1 trabalhou como executivo na Vale (VALE3). Come\u00e7ou a trabalhar na Petrobras em 2019 como gerente executivo da companhia, indicado pelo ministro da Economia Paulo Guedes. Silva e Luna o promoveu a diretor de Relacionamento Institucional, diz a mat\u00e9ria do Valor.<\/p>\n<p>O site do jornal lembra que, em 31 de janeiro \u00faltimo, Chaves foi citado em post no Twitter por Bolsonaro. O presidente teria gostado do discurso feito por Chaves na recep\u00e7\u00e3o ao chefe do Executivo numa unidade da companhia em Itabora\u00ed (RJ). Chaves criticou a gest\u00e3o da Petrobras, com den\u00fancias de corrup\u00e7\u00e3o, durante os governos do PT, e exaltou a condu\u00e7\u00e3o t\u00e9cnica de Bolsonaro nas estatais.<\/p>\n<p>Borges entrou na lista de cotados para a presid\u00eancia da Petrobras como funcion\u00e1rio de carreira por 38 anos na companhia. O Valor informa que o executivo tem fun\u00e7\u00e3o estrat\u00e9gica na \u00e1rea de Explora\u00e7\u00e3o e Produ\u00e7\u00e3o. Tamb\u00e9m foi esteve na dire\u00e7\u00e3o da Associa\u00e7\u00e3o Brasileira de Empresas de Explora\u00e7\u00e3o e Produ\u00e7\u00e3o de Petr\u00f3leo e G\u00e1s (Abep), recomendado pela Petrobras.<\/p>\n<p>O\u00a0<strong>secret\u00e1rio de Guedes<\/strong>\u00a0n\u00e3o atende, segundo a coluna de Malu Gaspar, outros dois crit\u00e9rios estabelecidos pela\u00a0<strong>Lei das Estatais<\/strong>\u00a0para assumir o cargo. Esses requisitos constam no\u00a0 artigo 17 da legisla\u00e7\u00e3o, que estabelece:<\/p>\n<ul>\n<li>se o indicado n\u00e3o tiver dez anos comprovados de experi\u00eancia em empresas p\u00fablicas ou de economia mista no setor de\u00a0<strong>atua\u00e7\u00e3o da Petrobras,\u00a0<\/strong>poderia, em vez disso, ter no curr\u00edculo quatro anos de atua\u00e7\u00e3o como diretor da companhia que ir\u00e1 comandar, em cargos comissionados de alta hierarquia no Executivo federal. Outra possibilidade \u00e9 ter ocupado cargos de doc\u00eancia ou pesquisa em setores similares aos da Petrobras.<\/li>\n<li>o outro requisito incluem quatro anos de experi\u00eancia como profissional liberal em \u00e1reas direta ou indiretamente ligadas \u00e0 petroleira.<\/li>\n<\/ul>\n<p>Paes de Andrade n\u00e3o tem esses pontos no curr\u00edculo, de acordo com a Lei da Estatais, elaborada durante o governo Michel Temer. O secret\u00e1rio de Guedes j\u00e1 foi entrevistado pelo ministro das Minas e Energia, Bento Albuquerque, segundo Malu Gaspar. A jornalista conversou com conselheiros da estatal, que preferiram se manter no anonimato.<\/p>\n<p><strong>Caio Mario Paes de Andrade<\/strong>\u00a0tem forma\u00e7\u00e3o em Comunica\u00e7\u00e3o Social pela Universidade Paulista, p\u00f3s-gradua\u00e7\u00e3o em Administra\u00e7\u00e3o e Gest\u00e3o pela Harvard University e Mestre em Administra\u00e7\u00e3o de Empresas pela Duke University. Paes de Andrade trabalhou na Embrapa, antes de ser chamado para trabalhar como secret\u00e1rio do governo federal.<\/p>\n<p>Al\u00e9m da\u00a0<strong>Petrobras<\/strong>, confira outros destaques desta ter\u00e7a-feira:<\/p>\n<h2>Vale (VALE3) inicia obras da planta da Tecnored, de ferro gusa verde, em Marab\u00e1 (PA)<\/h2>\n<ul>\n<li>A <a href=\"https:\/\/www.suno.com.br\/acoes\/vale3\/\"><strong>Vale<\/strong>\u00a0(VALE3)<\/a>\u00a0informou nesta ter\u00e7a-feira (5) que deu in\u00edcio \u00e0s obras de implanta\u00e7\u00e3o da primeira planta comercial da\u00a0<strong>Tecnored<\/strong>, em Marab\u00e1, no Par\u00e1, em um evento organizado pela companhia.<\/li>\n<li>De acordo com <a class=\"suno-keyword\" href=\"https:\/\/www.suno.com.br\/artigos\/fato-relevante\/\" target=\"_blank\" rel=\"noopener\" data-force=\"no\" data-priority=\"1\">fato relevante<\/a>\u00a0enviado \u00e0\u00a0<strong>Comiss\u00e3o de Valores Mobili\u00e1rios (CVM)<\/strong>, o evento foi feito em conjunto ao governo do estado do Par\u00e1 e \u00e9 \u201cum importante passo para apresentar \u00e0 cadeia de siderurgia uma solu\u00e7\u00e3o tecnol\u00f3gica vi\u00e1vel para seus investimentos de descarboniza\u00e7\u00e3o.\u201d<\/li>\n<li>\u201cA tecnologia Tecnored \u00e9 inovadora no mercado e permite produzir o chamado ferro gusa verde\u201d, diz a nota da Vale. O <strong>ferro gusa verde<\/strong>\u00a0\u00e9 feito a partir da substitui\u00e7\u00e3o de carv\u00e3o metal\u00fargico por biomassa, reduzindo assim as emiss\u00f5es de carbono em at\u00e9 100%. Ou seja, diz a empresa, \u00e9 um passo importante na contribui\u00e7\u00e3o para a descarboniza\u00e7\u00e3o da siderurgia.<\/li>\n<li>\u201cA implanta\u00e7\u00e3o da Tecnored contribui para tornar a cadeia do processo cada vez mais sustent\u00e1vel. O <strong>projeto Tecnored<\/strong>\u00a0\u00e9 de grande import\u00e2ncia para a Vale e para a regi\u00e3o e trar\u00e1 ganhos de competitividade, sustentabilidade ambiental e desenvolvimento para a regi\u00e3o\u201d, afirma o presidente da Vale,\u00a0<a class=\"suno-keyword\" href=\"https:\/\/www.suno.com.br\/tudo-sobre\/eduardo-bartolomeo\/\" target=\"_blank\" rel=\"noopener\" data-force=\"no\" data-priority=\"2\">Eduardo Bartolomeo<\/a>.<\/li>\n<li>A companhia informou que a unidade em Marab\u00e1 ter\u00e1 capacidade inicial de produ\u00e7\u00e3o de 250 mil toneladas de ferro gusa verde por ano. A previs\u00e3o \u00e9 de que pode chegar, futuramente, a 500 mil toneladas a cada doze meses. A proje\u00e7\u00e3o de in\u00edcio das opera\u00e7\u00f5es \u00e9 de 2025, com investimento estimado em aproximadamente R$ 1,6 bilh\u00e3o.<\/li>\n<li>Em fun\u00e7\u00e3o do menor n\u00famero de etapas, como a aus\u00eancia da sinteriza\u00e7\u00e3o e coqueifica\u00e7\u00e3o, estima-se que a tecnologia possui investimento e custo operacional de 10% a 15% inferior \u00e0 rota tradicional de produ\u00e7\u00e3o via alto-forno.<\/li>\n<li>A planta comercial da Tecnored no Par\u00e1 faz parte \u201cdo esfor\u00e7o da Vale de desenvolver novas tecnologias e oferecer a seus clientes sider\u00fargicos solu\u00e7\u00f5es tecnol\u00f3gicas para ajudar nos seus investimentos para descarboniza\u00e7\u00e3o de seus processos produtivos\u201d. A estrat\u00e9gia, lembra a companhia, tamb\u00e9m contribui para que a Vale alcance o compromisso de reduzir 15% das emiss\u00f5es l\u00edquidas de <strong>Escopo 3<\/strong>\u00a0at\u00e9 2025.<\/li>\n<li>\u201cA Vale busca reduzir suas emiss\u00f5es absolutas de Escopo 1 e 2 em 33% at\u00e9 2030 e alcan\u00e7ar neutralidade at\u00e9 2050, em linha com o Acordo de Paris, liderando o caminho em dire\u00e7\u00e3o \u00e0 minera\u00e7\u00e3o sustent\u00e1vel\u201d, disse a empresa.<\/li>\n<\/ul>\n\t<p>\n\t\t<a href=\"https:\/\/lp.suno.com.br\/planilha-controle-gastos\/\" target=\"_blank\" data-element=\"shortcode-suno-banner\" title=\"Banner SUNO, clique e saiba mais\">\n\t\t\t<picture>\n\t\t\t\t<source media=\"(max-width: 500px)\" srcset=\"https:\/\/files.sunoresearch.com.br\/n\/uploads\/2023\/03\/400x300-Planilha-controle-de-gastos.png\">\n\t\t\t\t<img class=\"newsContent__article__imgCapa newsContent__article__imgCapa--banner\"\n\t\t\t\t\tsrc=\"https:\/\/files.sunoresearch.com.br\/n\/uploads\/2023\/03\/1420x240-Planilha-controle-de-gastos.png\"\n\t\t\t\t\tdata-promo-id=\"101751\"\t\t\t\t\t\t\t\t\t\twidth='1420' height='240'\t\t\t\t\talt=\"https:\/\/files.sunoresearch.com.br\/n\/uploads\/2023\/03\/1420x240-Planilha-controle-de-gastos.png\"\n\t\t\t\t>\n\t\t\t<\/picture>\n\t\t<\/a>\n\t<\/p>\n\n\n<h2>Gol (GOLL4): demanda total por voos cresce 113,9% em mar\u00e7o<\/h2>\n<ul>\n<li>A <a class=\"suno-keyword\" href=\"https:\/\/www.suno.com.br\/acoes\/GOLL4\/\" target=\"_blank\" rel=\"noopener\" data-force=\"yes\" data-priority=\"2\"><strong>Gol<\/strong>\u00a0(GOLL4)<\/a>\u00a0divulgou nesta ter\u00e7a-feira (5) que registrou aumento de 113,9% na\u00a0<strong>demanda total<\/strong>\u00a0(RPK) por voos no m\u00eas de mar\u00e7o deste ano, comparado ao mesmo m\u00eas em 2021.<\/li>\n<li>A <strong>oferta total<\/strong>\u00a0(ASK) da companhia aumentou em 93,0%, resultando em uma taxa de ocupa\u00e7\u00e3o de 79,5%. O total de assentos cresceu 100,5% e o n\u00famero de decolagens evoluiu 101,5%.<\/li>\n<li>Outro \u00edndice que cresceu foi o da taxa de ocupa\u00e7\u00e3o, que avan\u00e7ou 80,3%.<\/li>\n<li>No mercado dom\u00e9stico, a oferta da Gol aumentou 86,1% e a demanda subiu 106,4%. A taxa de ocupa\u00e7\u00e3o dom\u00e9stica da companhia foi 79,6%. O volume de decolagens aumentou 98,0% e o total de assentos cresceu 97,1%.<\/li>\n<li>No mercado internacional, a oferta foi de 111 milh\u00f5es, a demanda da Gol, de 87 milh\u00f5es, e a taxa de ocupa\u00e7\u00e3o chegou a 78,0%.<\/li>\n<\/ul>\n\t<p>\n\t\t<a href=\"https:\/\/lp.suno.com.br\/planilha-da-vida-financeira\/\" target=\"_blank\" data-element=\"shortcode-suno-banner\" title=\"Banner SUNO, clique e saiba mais\">\n\t\t\t<picture>\n\t\t\t\t<source media=\"(max-width: 500px)\" srcset=\"https:\/\/files.sunoresearch.com.br\/n\/uploads\/2023\/04\/400x300-Planilha-vida-financeira-true.png\">\n\t\t\t\t<img class=\"newsContent__article__imgCapa newsContent__article__imgCapa--banner\"\n\t\t\t\t\tsrc=\"https:\/\/files.sunoresearch.com.br\/n\/uploads\/2023\/04\/1420x240-Planilha-vida-financeira-true.png\"\n\t\t\t\t\tdata-promo-id=\"106682\"\t\t\t\t\t\t\t\t\t\twidth='1420' height='240'\t\t\t\t\talt=\"https:\/\/files.sunoresearch.com.br\/n\/uploads\/2023\/04\/1420x240-Planilha-vida-financeira-true.png\"\n\t\t\t\t>\n\t\t\t<\/picture>\n\t\t<\/a>\n\t<\/p>\n\n\n<h2>Elon Musk far\u00e1 parte do Conselho de Diretores do Twitter (TWTR34); a\u00e7\u00e3o sobe 5%<\/h2>\n<ul>\n<li>Ap\u00f3s adquirir 9,2% em participa\u00e7\u00e3o no Twitter (<a class=\"suno-keyword\" href=\"https:\/\/www.suno.com.br\/bdrs\/twtr34\/\" target=\"_blank\" rel=\"noopener\" data-force=\"yes\" data-priority=\"2\">TWTR34<\/a>), o CEO da Tesla (<a class=\"suno-keyword\" href=\"https:\/\/www.suno.com.br\/bdrs\/tsla34\/\" target=\"_blank\" rel=\"noopener\" data-force=\"yes\" data-priority=\"2\">TSLA34<\/a>),\u00a0<strong>Elon Musk<\/strong>, ser\u00e1 nomeado diretor de classe 2 no Conselho da empresa, segundo informou documento protocolado na\u00a0<a href=\"https:\/\/www.suno.com.br\/artigos\/sec\/\">Securities and Exchange Comission (SEC)<\/a>, em comunicado nesta ter\u00e7a (5).<\/li>\n<li>As <strong>a\u00e7\u00f5es do Twitter<\/strong>\u00a0sobem 4,9% na\u00a0<a href=\"https:\/\/www.suno.com.br\/artigos\/nasdaq\/\"><strong>Nasdaq<\/strong><\/a>, ap\u00f3s a not\u00edcia sobre Elon Musk.<\/li>\n<li>Segundo o informe, enquanto exercer a posi\u00e7\u00e3o, Musk concordou em n\u00e3o obter mais de 14,9% dos pap\u00e9is da operadora de uma das mais populares redes sociais do mundo.<\/li>\n<li>O mandato do <strong>bilion\u00e1rio<\/strong>\u00a0se estender\u00e1 at\u00e9 a assembleia anual de 2024.<\/li>\n<li>Na segunda-feira, a <strong>a\u00e7\u00e3o do Twitter<\/strong>\u00a0disparou 27% em Nova York ap\u00f3s documento mostrar que Musk havia se tornado o maior acionista individual da empresa.<\/li>\n<li>Em enquete na rede social, o empres\u00e1rio perguntou se os usu\u00e1rios gostariam de ver a fun\u00e7\u00e3o de editar publica\u00e7\u00f5es inclu\u00edda na plataforma. A op\u00e7\u00e3o \u201csim\u201d concentrava 73,5% dos votos na manh\u00e3 desta ter\u00e7a.<\/li>\n<li>As <a href=\"https:\/\/statusinvest.com.br\/acoes\/eua\/twtr?__hstc=189907700.2ca176203201066bd682b01cc6652af6.1647886420548.1649193752449.1649195848723.90&amp;__hssc=189907700.51.1649195848723&amp;__hsfp=2256567605\">a\u00e7\u00f5es do\u00a0<strong>Twitter<\/strong>\u00a0(TWTR)<\/a>\u00a0dispararam na Nasdaq ap\u00f3s Musk\u00a0<a href=\"https:\/\/www.suno.com.br\/noticias\/web-stories\/elon-musk-twitter-compra-acoes\/\">anunciar que comprou uma fatia de 9,2% da companhia<\/a>.<\/li>\n<li>Foi a maior alta da a\u00e7\u00e3o desde setembro de 2016 e o pre\u00e7o negociado foi o mais elevado de fechamento desde novembro do ano passado. A Tesla encerrou subindo 5,61% no Nasdaq, a US$ 1.145,45, maior valor de fechamento desde novembro do ano passado.<\/li>\n<li>Com a compra, <strong>Elon Musk<\/strong>\u00a0torna-se o maior acionista \u2018externo\u2019 do Twitter. Sua participa\u00e7\u00e3o \u00e9 de 73,4 milh\u00f5es de\u00a0<strong>a\u00e7\u00f5es do Twitter<\/strong>, segundo comunicado na SEC.<\/li>\n<li>De acordo com o documento, Musk comprou a participa\u00e7\u00e3o em 14 de mar\u00e7o. A participa\u00e7\u00e3o vale US$ 2,89 bilh\u00f5es, com base no pre\u00e7o de fechamento do Twitter na sexta (1\u00ba).<\/li>\n<li>A compra de <strong>Musk<\/strong>\u00a0ocorre menos de duas semanas ap\u00f3s o CEO da Tesla criticar e questionar a empresa, fazendo uma enquete em seu perfil sobre os princ\u00edpios de liberdade de express\u00e3o da companhia.<\/li>\n<li>\u201cDado que o Twitter serve como a pra\u00e7a p\u00fablica de fato, n\u00e3o aderir aos princ\u00edpios da liberdade de express\u00e3o mina fundamentalmente a democracia\u201d, tuitou <strong>Elon Musk<\/strong>. \u201cO que deveria ser feito?\u201d<\/li>\n<\/ul>\n\t<p>\n\t\t<a href=\"https:\/\/lp.suno.com.br\/ebook-como-analisar-uma-acao\/\" target=\"_blank\" data-element=\"shortcode-suno-banner\" title=\"Banner SUNO, clique e saiba mais\">\n\t\t\t<picture>\n\t\t\t\t<source media=\"(max-width: 500px)\" srcset=\"https:\/\/files.sunoresearch.com.br\/n\/uploads\/2023\/03\/Ebook-Acoes-Mobile-1.jpg\">\n\t\t\t\t<img class=\"newsContent__article__imgCapa newsContent__article__imgCapa--banner\"\n\t\t\t\t\tsrc=\"https:\/\/files.sunoresearch.com.br\/n\/uploads\/2023\/03\/Ebook-Acoes-Desktop-1.jpg\"\n\t\t\t\t\tdata-promo-id=\"171998\"\t\t\t\t\t\t\t\t\t\twidth='1420' height='286'\t\t\t\t\talt=\"https:\/\/files.sunoresearch.com.br\/n\/uploads\/2023\/03\/Ebook-Acoes-Desktop-1.jpg\"\n\t\t\t\t>\n\t\t\t<\/picture>\n\t\t<\/a>\n\t<\/p>\n\n\n<h2>B3 (B3SA3) registra recorde de follow-on na Bolsa entre janeiro e mar\u00e7o<\/h2>\n<ul>\n<li>O mar n\u00e3o est\u00e1 para peixe para novas ingressantes na Bolsa brasileira. No primeiro trimestre de 2022, a <a class=\"suno-keyword\" href=\"https:\/\/www.suno.com.br\/acoes\/B3SA3\/\" target=\"_blank\" rel=\"noopener\" data-force=\"yes\" data-priority=\"2\"><strong>B3<\/strong>\u00a0(B3SA3)<\/a>\u00a0n\u00e3o recebeu o registro de nenhuma abertura de capital. Ao contr\u00e1rio: muitas empresas desistiram de realizar o IPO entre janeiro a mar\u00e7o.<\/li>\n<li>Os motivos para as desist\u00eancias de <strong>IPO na B3<\/strong>\u00a0s\u00e3o muitos: guerra entre R\u00fassia e Ucr\u00e2nia, alta taxa de juros, forte infla\u00e7\u00e3o, riscos pol\u00edtico-econ\u00f4micos, entre outras quest\u00f5es setoriais que reduziram o interesse das companhias com a justificativa de \u201ccondi\u00e7\u00f5es adversas do mercado\u201d.<\/li>\n<li>Segundo um levantamento realizado pelo<em>\u00a0CNN Brasil Business<\/em>, com dados da B3, \u00e9 a primeira vez em quatro anos que nenhuma empresa conclui a abertura de capital no primeiro trimestre.<\/li>\n<li>Para quem j\u00e1 est\u00e1 listado em Bolsa, a sa\u00edda para capta\u00e7\u00e3o financeira em meio \u00e0 crise foi a emiss\u00e3o de novas a\u00e7\u00f5es. A quantidade de <strong>follow-on<\/strong>\u00a0no per\u00edodo foi recorde, segundo a base de dados da B3.<\/li>\n<li>Pela primeira vez, desde 2004, oito companhias fizeram <strong>ofertas secund\u00e1rias de a\u00e7\u00f5es<\/strong>\u00a0entre janeiro e mar\u00e7o de 2022, foram elas:<\/li>\n<li><a class=\"suno-keyword\" href=\"https:\/\/www.suno.com.br\/acoes\/brbi11\/\" target=\"_blank\" rel=\"noopener\" data-force=\"yes\" data-priority=\"2\">BR Partners (BRBI11)<\/a>,<\/li>\n<li><a href=\"https:\/\/www.suno.com.br\/acoes\/tten3\/\" target=\"_blank\" rel=\"noopener\">3Tentos (TTEN3)<\/a>,<\/li>\n<li><a class=\"suno-keyword\" href=\"https:\/\/www.suno.com.br\/acoes\/BRFS3\/\" target=\"_blank\" rel=\"noopener\" data-force=\"yes\" data-priority=\"2\">BRF (BRFS3)<\/a>,<\/li>\n<li><a class=\"suno-keyword\" href=\"https:\/\/www.suno.com.br\/acoes\/ARZZ3\/\" target=\"_blank\" rel=\"noopener\" data-force=\"yes\" data-priority=\"2\">Arezzo (ARZZ3)<\/a>,<\/li>\n<li><a href=\"https:\/\/www.suno.com.br\/acoes\/eqtl3\/\" target=\"_blank\" rel=\"noopener\">Equatorial Energia (EQTL3)<\/a>,<\/li>\n<li><a href=\"https:\/\/www.suno.com.br\/acoes\/lvtc3\/\" target=\"_blank\" rel=\"noopener\">Livetech da Bahia (LVTC3)<\/a>,<\/li>\n<li><a class=\"suno-keyword\" href=\"https:\/\/www.suno.com.br\/acoes\/ALPA4\/\" target=\"_blank\" rel=\"noopener\" data-force=\"yes\" data-priority=\"2\">Alpargatas (ALPA4)<\/a>\u00a0e<\/li>\n<li><a class=\"suno-keyword\" href=\"https:\/\/www.suno.com.br\/acoes\/alld3\/\" target=\"_blank\" rel=\"noopener\" data-force=\"yes\" data-priority=\"1\">Allied (ALLD3)<\/a>.<\/li>\n<li>Para que a Comiss\u00e3o de Valores Mobili\u00e1rios (<strong>CVM<\/strong>) aprove a\u00a0<strong>abertura de capital<\/strong>\u00a0de uma empresa na B3, a companhia precisa apresentar o hist\u00f3rico financeiro dos \u00faltimos tr\u00eas anos.<\/li>\n<li>Ou seja, para <strong>estrear na B3<\/strong>\u00a0em 2022 a an\u00e1lise dos n\u00fameros vai at\u00e9 2019, sendo que tem dois anos de pandemia no meio do caminho. Essa dificuldade fez com que 39 companhias optassem por cancelar suas opera\u00e7\u00f5es somente neste come\u00e7o de ano.<\/li>\n<li>J\u00e1 a din\u00e2mica de ofertas subsequentes de a\u00e7\u00f5es \u00e9 outra. Por j\u00e1 estarem listadas na <strong>Bolsa de Valores<\/strong>, os acionistas e investidores interessados conseguem ter acesso a uma base hist\u00f3rica de resultados muito maior. Assim \u00e9 poss\u00edvel realizar uma nova emiss\u00e3o e atrair aten\u00e7\u00e3o para a oferta.<\/li>\n<li>Embora seja mais f\u00e1cil, n\u00e3o se trata de uma miss\u00e3o trivial. A preocupa\u00e7\u00e3o com o cen\u00e1rio macroecon\u00f4mico do Pa\u00eds tamb\u00e9m influencia essas <strong>ofertas na B3<\/strong>, visto que a emiss\u00e3o de novas a\u00e7\u00f5es pode sair por um valor muito abaixo do pre\u00e7o hist\u00f3rico dos pap\u00e9is.<\/li>\n<\/ul>\n<p>Da\u00a0<strong>Petrobras<\/strong> a B3, essas foram as empresas que se destacaram hoje. Para ler todas as mat\u00e9rias <b data-stringify-type=\"bold\"><a class=\"c-link\" tabindex=\"-1\" href=\"https:\/\/www.suno.com.br\/noticias\/\" target=\"_blank\" rel=\"noopener noreferrer\" data-stringify-link=\"https:\/\/www.suno.com.br\/noticias\/\" data-sk=\"tooltip_parent\" data-remove-tab-index=\"true\">clique aqui<\/a><\/b>.<\/p>\n\t<p>\n\t\t<a href=\"https:\/\/lp.suno.com.br\/planilha-de-controle-de-investimentos\/\" target=\"_blank\" data-element=\"shortcode-suno-banner\" title=\"Banner SUNO, clique e saiba mais\">\n\t\t\t<picture>\n\t\t\t\t<source media=\"(max-width: 500px)\" srcset=\"https:\/\/files.sunoresearch.com.br\/n\/uploads\/2023\/03\/400x300-Controle-de-Investimentos.png\">\n\t\t\t\t<img class=\"newsContent__article__imgCapa newsContent__article__imgCapa--banner\"\n\t\t\t\t\tsrc=\"https:\/\/files.sunoresearch.com.br\/n\/uploads\/2023\/03\/1420x240-Controle-de-Investimentos.png\"\n\t\t\t\t\tdata-promo-id=\"75934\"\t\t\t\t\t\t\t\t\t\twidth='1420' height='240'\t\t\t\t\talt=\"https:\/\/files.sunoresearch.com.br\/n\/uploads\/2023\/03\/1420x240-Controle-de-Investimentos.png\"\n\t\t\t\t>\n\t\t\t<\/picture>\n\t\t<\/a>\n\t<\/p>\n\n\n","protected":false},"excerpt":{"rendered":"<p>Cotado para assumir a presid\u00eancia da\u00a0Petrobras\u00a0(PETR4) depois do an\u00fancio da desist\u00eancia de Adriano Pires, o secret\u00e1rio Caio Mario Paes de Andrade, secret\u00e1rio especial de Desburocratiza\u00e7\u00e3o, Gest\u00e3o e Governo Digital do\u00a0Minist\u00e9rio da Economia, pode n\u00e3o ocupar o posto. A informa\u00e7\u00e3o foi divulgada pela jornalista Malu Gaspar, de O Globo. Decis\u00e3o de reduzir dividendos da Petrobras (PETR4) [&hellip;]<\/p>\n","protected":false},"author":146,"featured_media":137029,"comment_status":"closed","ping_status":"closed","sticky":false,"template":"","format":"standard","meta":[],"categories":[64],"tags":[367,726,489,595,1110,676],"suno_strategy":[],"class_list":["post-248154","post","type-post","status-publish","format-standard","has-post-thumbnail","hentry","category-negocios","tag-b3-b3sa3","tag-elon-musk","tag-gol-linhas-aereas-goll11-goll4","tag-petrobras-petr4","tag-twitter-twtr34","tag-vale-vale3"],"yoast_head":"<!-- This site is optimized with the Yoast SEO plugin v24.4 - https:\/\/yoast.com\/wordpress\/plugins\/seo\/ -->\n<title>Radar: impasse na presid\u00eancia da Petrobras (PETR4), B3 (B3SA3) tem recorde de follow-on<\/title>\n<meta name=\"description\" content=\"Mais um dia, mais um cap\u00edtulo da novela de quem vai assumir a presid\u00eancia da Petrobras (PETR4). Confira essa e mais not\u00edcias aqui.\" \/>\n<meta name=\"robots\" content=\"index, follow, max-snippet:-1, max-image-preview:large, max-video-preview:-1\" \/>\n<link rel=\"canonical\" href=\"https:\/\/www.suno.com.br\/noticias\/radar-petrobras-petr4-vale-vale3-b3-b3sa3\/\" \/>\n<meta property=\"og:locale\" content=\"pt_BR\" \/>\n<meta property=\"og:type\" content=\"article\" \/>\n<meta property=\"og:title\" content=\"Radar: impasse na presid\u00eancia da Petrobras (PETR4), B3 (B3SA3) tem recorde de follow-on\" \/>\n<meta property=\"og:description\" content=\"Mais um dia, mais um cap\u00edtulo da novela de quem vai assumir a presid\u00eancia da Petrobras (PETR4). Confira essa e mais not\u00edcias aqui.\" \/>\n<meta property=\"og:url\" content=\"https:\/\/www.suno.com.br\/noticias\/radar-petrobras-petr4-vale-vale3-b3-b3sa3\/\" \/>\n<meta property=\"og:site_name\" content=\"Suno Not\u00edcias\" \/>\n<meta property=\"article:publisher\" content=\"https:\/\/facebook.com\/sunoresearch\" \/>\n<meta property=\"og:image\" content=\"https:\/\/files.sunoresearch.com.br\/n\/uploads\/2021\/04\/3feb74e0-petrobras4.jpg\" \/>\n\t<meta property=\"og:image:width\" content=\"1200\" \/>\n\t<meta property=\"og:image:height\" content=\"800\" \/>\n\t<meta property=\"og:image:type\" content=\"image\/jpeg\" \/>\n<meta name=\"author\" content=\"Vict\u00f3ria Anhesini\" \/>\n<meta name=\"twitter:card\" content=\"summary_large_image\" \/>\n<meta name=\"twitter:creator\" content=\"@sunoresearch\" \/>\n<meta name=\"twitter:site\" content=\"@sunoresearch\" \/>\n<meta name=\"twitter:label1\" content=\"Escrito por\" \/>\n\t<meta name=\"twitter:data1\" content=\"Vict\u00f3ria Anhesini\" \/>\n\t<meta name=\"twitter:label2\" content=\"Est. tempo de leitura\" \/>\n\t<meta name=\"twitter:data2\" content=\"9 minutos\" \/>\n<script type=\"application\/ld+json\" class=\"yoast-schema-graph\">{\"@context\":\"https:\/\/schema.org\",\"@graph\":[{\"@type\":\"NewsArticle\",\"@id\":\"https:\/\/www.suno.com.br\/noticias\/radar-petrobras-petr4-vale-vale3-b3-b3sa3\/#article\",\"isPartOf\":{\"@id\":\"https:\/\/www.suno.com.br\/noticias\/radar-petrobras-petr4-vale-vale3-b3-b3sa3\/\"},\"author\":{\"name\":\"Vict\u00f3ria Anhesini\",\"@id\":\"https:\/\/www.suno.com.br\/noticias\/#\/schema\/person\/46d847cb19ad53fde0857adca989c23f\"},\"headline\":\"Radar: impasse na indica\u00e7\u00e3o \u00e0 presid\u00eancia da Petrobras (PETR4), Vale (VALE3) inicia obras no Par\u00e1, B3 (B3SA3) tem recorde de follow-on\",\"datePublished\":\"2022-04-06T00:28:27+00:00\",\"mainEntityOfPage\":{\"@id\":\"https:\/\/www.suno.com.br\/noticias\/radar-petrobras-petr4-vale-vale3-b3-b3sa3\/\"},\"wordCount\":2107,\"publisher\":{\"@id\":\"https:\/\/www.suno.com.br\/noticias\/#organization\"},\"image\":{\"@id\":\"https:\/\/www.suno.com.br\/noticias\/radar-petrobras-petr4-vale-vale3-b3-b3sa3\/#primaryimage\"},\"thumbnailUrl\":\"https:\/\/files.sunoresearch.com.br\/n\/uploads\/2021\/04\/3feb74e0-petrobras4-jpg.webp\",\"keywords\":[\"B3 (B3SA3)\",\"Elon Musk\",\"Gol Linhas A\u00e9reas (GOLL11\/GOLL4)\",\"Petrobras (PETR4)\",\"Twitter (TWTR34)\",\"Vale (VALE3)\"],\"articleSection\":[\"Neg\u00f3cios\"],\"inLanguage\":\"pt-BR\"},{\"@type\":\"WebPage\",\"@id\":\"https:\/\/www.suno.com.br\/noticias\/radar-petrobras-petr4-vale-vale3-b3-b3sa3\/\",\"url\":\"https:\/\/www.suno.com.br\/noticias\/radar-petrobras-petr4-vale-vale3-b3-b3sa3\/\",\"name\":\"Radar: impasse na presid\u00eancia da Petrobras (PETR4), B3 (B3SA3) tem recorde de follow-on\",\"isPartOf\":{\"@id\":\"https:\/\/www.suno.com.br\/noticias\/#website\"},\"primaryImageOfPage\":{\"@id\":\"https:\/\/www.suno.com.br\/noticias\/radar-petrobras-petr4-vale-vale3-b3-b3sa3\/#primaryimage\"},\"image\":{\"@id\":\"https:\/\/www.suno.com.br\/noticias\/radar-petrobras-petr4-vale-vale3-b3-b3sa3\/#primaryimage\"},\"thumbnailUrl\":\"https:\/\/files.sunoresearch.com.br\/n\/uploads\/2021\/04\/3feb74e0-petrobras4-jpg.webp\",\"datePublished\":\"2022-04-06T00:28:27+00:00\",\"description\":\"Mais um dia, mais um cap\u00edtulo da novela de quem vai assumir a presid\u00eancia da Petrobras (PETR4). Confira essa e mais not\u00edcias aqui.\",\"breadcrumb\":{\"@id\":\"https:\/\/www.suno.com.br\/noticias\/radar-petrobras-petr4-vale-vale3-b3-b3sa3\/#breadcrumb\"},\"inLanguage\":\"pt-BR\",\"potentialAction\":[{\"@type\":\"ReadAction\",\"target\":[\"https:\/\/www.suno.com.br\/noticias\/radar-petrobras-petr4-vale-vale3-b3-b3sa3\/\"]}]},{\"@type\":\"ImageObject\",\"inLanguage\":\"pt-BR\",\"@id\":\"https:\/\/www.suno.com.br\/noticias\/radar-petrobras-petr4-vale-vale3-b3-b3sa3\/#primaryimage\",\"url\":\"https:\/\/files.sunoresearch.com.br\/n\/uploads\/2021\/04\/3feb74e0-petrobras4-jpg.webp\",\"contentUrl\":\"https:\/\/files.sunoresearch.com.br\/n\/uploads\/2021\/04\/3feb74e0-petrobras4-jpg.webp\",\"width\":1200,\"height\":800,\"caption\":\"Decis\u00e3o de reduzir dividendos da Petrobras (PETR4) pode ser repentina, diz BTG Pactual. Foto: Divulga\u00e7\u00e3o\"},{\"@type\":\"BreadcrumbList\",\"@id\":\"https:\/\/www.suno.com.br\/noticias\/radar-petrobras-petr4-vale-vale3-b3-b3sa3\/#breadcrumb\",\"itemListElement\":[{\"@type\":\"ListItem\",\"position\":1,\"name\":\"Not\u00edcias\",\"item\":\"https:\/\/www.suno.com.br\/noticias\/\"},{\"@type\":\"ListItem\",\"position\":2,\"name\":\"Neg\u00f3cios\",\"item\":\"https:\/\/www.suno.com.br\/noticias\/negocios\/\"},{\"@type\":\"ListItem\",\"position\":3,\"name\":\"Radar: impasse na indica\u00e7\u00e3o \u00e0 presid\u00eancia da Petrobras (PETR4), Vale (VALE3) inicia obras no Par\u00e1, B3 (B3SA3) tem recorde de follow-on\"}]},{\"@type\":\"WebSite\",\"@id\":\"https:\/\/www.suno.com.br\/noticias\/#website\",\"url\":\"https:\/\/www.suno.com.br\/noticias\/\",\"name\":\"Suno Not\u00edcias\",\"description\":\"Seu portal de informa\u00e7\u00e3o sobre o mundo dos investimentos\",\"publisher\":{\"@id\":\"https:\/\/www.suno.com.br\/noticias\/#organization\"},\"potentialAction\":[{\"@type\":\"SearchAction\",\"target\":{\"@type\":\"EntryPoint\",\"urlTemplate\":\"https:\/\/www.suno.com.br\/noticias\/?s={search_term_string}\"},\"query-input\":{\"@type\":\"PropertyValueSpecification\",\"valueRequired\":true,\"valueName\":\"search_term_string\"}}],\"inLanguage\":\"pt-BR\"},{\"@type\":\"Organization\",\"@id\":\"https:\/\/www.suno.com.br\/noticias\/#organization\",\"name\":\"Suno Not\u00edcias\",\"url\":\"https:\/\/www.suno.com.br\/noticias\/\",\"logo\":{\"@type\":\"ImageObject\",\"inLanguage\":\"pt-BR\",\"@id\":\"https:\/\/www.suno.com.br\/noticias\/#\/schema\/logo\/image\/\",\"url\":\"https:\/\/files.sunoresearch.com.br\/n\/uploads\/2021\/09\/suno-logo.png\",\"contentUrl\":\"https:\/\/files.sunoresearch.com.br\/n\/uploads\/2021\/09\/suno-logo.png\",\"width\":180,\"height\":180,\"caption\":\"Suno Not\u00edcias\"},\"image\":{\"@id\":\"https:\/\/www.suno.com.br\/noticias\/#\/schema\/logo\/image\/\"},\"sameAs\":[\"https:\/\/facebook.com\/sunoresearch\",\"https:\/\/x.com\/sunoresearch\",\"https:\/\/www.instagram.com\/suno\",\"https:\/\/www.linkedin.com\/company\/suno-research\/\",\"https:\/\/www.youtube.com\/c\/sunoresearch\"]},{\"@type\":\"Person\",\"@id\":\"https:\/\/www.suno.com.br\/noticias\/#\/schema\/person\/46d847cb19ad53fde0857adca989c23f\",\"name\":\"Vict\u00f3ria Anhesini\",\"image\":{\"@type\":\"ImageObject\",\"inLanguage\":\"pt-BR\",\"@id\":\"https:\/\/www.suno.com.br\/noticias\/#\/schema\/person\/image\/\",\"url\":\"https:\/\/secure.gravatar.com\/avatar\/0172bdfcd9129dd9dd68794804304e6e?s=96&r=g\",\"contentUrl\":\"https:\/\/secure.gravatar.com\/avatar\/0172bdfcd9129dd9dd68794804304e6e?s=96&r=g\",\"caption\":\"Vict\u00f3ria Anhesini\"},\"description\":\"Rep\u00f3rter no Suno Not\u00edcias, cobre mercados, neg\u00f3cios e economia, escrevendo majoritariamente sobre movimentos das empresas, cobertura de balan\u00e7os trimestrais e Bolsa de Valores. Formada em jornalismo pela Universidade Presbiteriana Mackenzie em 2019, passou pelo portal de economia e finan\u00e7as EuQueroInvestir como rep\u00f3rter e anteriormente, trabalhou na assessoria de imprensa PinePR, onde liderou com startups de inova\u00e7\u00e3o, tecnologia e finan\u00e7as. Em seu tempo livre, fala sobre m\u00fasica para ambos os sites do selo ForMusic, Wikimetal e Mad Sound, e faz trabalho volunt\u00e1rio no programa Escreve Cartas do Poupatempo.\",\"sameAs\":[\"https:\/\/www.linkedin.com\/in\/victoria-anhesini\/\"],\"url\":\"https:\/\/www.suno.com.br\/noticias\/author\/victoria\/\"}]}<\/script>\n<!-- \/ Yoast SEO plugin. -->","yoast_head_json":{"title":"Radar: impasse na presid\u00eancia da Petrobras (PETR4), B3 (B3SA3) tem recorde de follow-on","description":"Mais um dia, mais um cap\u00edtulo da novela de quem vai assumir a presid\u00eancia da Petrobras (PETR4). Confira essa e mais not\u00edcias aqui.","robots":{"index":"index","follow":"follow","max-snippet":"max-snippet:-1","max-image-preview":"max-image-preview:large","max-video-preview":"max-video-preview:-1"},"canonical":"https:\/\/www.suno.com.br\/noticias\/radar-petrobras-petr4-vale-vale3-b3-b3sa3\/","og_locale":"pt_BR","og_type":"article","og_title":"Radar: impasse na presid\u00eancia da Petrobras (PETR4), B3 (B3SA3) tem recorde de follow-on","og_description":"Mais um dia, mais um cap\u00edtulo da novela de quem vai assumir a presid\u00eancia da Petrobras (PETR4). Confira essa e mais not\u00edcias aqui.","og_url":"https:\/\/www.suno.com.br\/noticias\/radar-petrobras-petr4-vale-vale3-b3-b3sa3\/","og_site_name":"Suno Not\u00edcias","article_publisher":"https:\/\/facebook.com\/sunoresearch","og_image":[{"width":1200,"height":800,"url":"https:\/\/files.sunoresearch.com.br\/n\/uploads\/2021\/04\/3feb74e0-petrobras4.jpg","type":"image\/jpeg"}],"author":"Vict\u00f3ria Anhesini","twitter_card":"summary_large_image","twitter_creator":"@sunoresearch","twitter_site":"@sunoresearch","twitter_misc":{"Escrito por":"Vict\u00f3ria Anhesini","Est. tempo de leitura":"9 minutos"},"schema":{"@context":"https:\/\/schema.org","@graph":[{"@type":"NewsArticle","@id":"https:\/\/www.suno.com.br\/noticias\/radar-petrobras-petr4-vale-vale3-b3-b3sa3\/#article","isPartOf":{"@id":"https:\/\/www.suno.com.br\/noticias\/radar-petrobras-petr4-vale-vale3-b3-b3sa3\/"},"author":{"name":"Vict\u00f3ria Anhesini","@id":"https:\/\/www.suno.com.br\/noticias\/#\/schema\/person\/46d847cb19ad53fde0857adca989c23f"},"headline":"Radar: impasse na indica\u00e7\u00e3o \u00e0 presid\u00eancia da Petrobras (PETR4), Vale (VALE3) inicia obras no Par\u00e1, B3 (B3SA3) tem recorde de follow-on","datePublished":"2022-04-06T00:28:27+00:00","mainEntityOfPage":{"@id":"https:\/\/www.suno.com.br\/noticias\/radar-petrobras-petr4-vale-vale3-b3-b3sa3\/"},"wordCount":2107,"publisher":{"@id":"https:\/\/www.suno.com.br\/noticias\/#organization"},"image":{"@id":"https:\/\/www.suno.com.br\/noticias\/radar-petrobras-petr4-vale-vale3-b3-b3sa3\/#primaryimage"},"thumbnailUrl":"https:\/\/files.sunoresearch.com.br\/n\/uploads\/2021\/04\/3feb74e0-petrobras4-jpg.webp","keywords":["B3 (B3SA3)","Elon Musk","Gol Linhas A\u00e9reas (GOLL11\/GOLL4)","Petrobras (PETR4)","Twitter (TWTR34)","Vale (VALE3)"],"articleSection":["Neg\u00f3cios"],"inLanguage":"pt-BR"},{"@type":"WebPage","@id":"https:\/\/www.suno.com.br\/noticias\/radar-petrobras-petr4-vale-vale3-b3-b3sa3\/","url":"https:\/\/www.suno.com.br\/noticias\/radar-petrobras-petr4-vale-vale3-b3-b3sa3\/","name":"Radar: impasse na presid\u00eancia da Petrobras (PETR4), B3 (B3SA3) tem recorde de follow-on","isPartOf":{"@id":"https:\/\/www.suno.com.br\/noticias\/#website"},"primaryImageOfPage":{"@id":"https:\/\/www.suno.com.br\/noticias\/radar-petrobras-petr4-vale-vale3-b3-b3sa3\/#primaryimage"},"image":{"@id":"https:\/\/www.suno.com.br\/noticias\/radar-petrobras-petr4-vale-vale3-b3-b3sa3\/#primaryimage"},"thumbnailUrl":"https:\/\/files.sunoresearch.com.br\/n\/uploads\/2021\/04\/3feb74e0-petrobras4-jpg.webp","datePublished":"2022-04-06T00:28:27+00:00","description":"Mais um dia, mais um cap\u00edtulo da novela de quem vai assumir a presid\u00eancia da Petrobras (PETR4). Confira essa e mais not\u00edcias aqui.","breadcrumb":{"@id":"https:\/\/www.suno.com.br\/noticias\/radar-petrobras-petr4-vale-vale3-b3-b3sa3\/#breadcrumb"},"inLanguage":"pt-BR","potentialAction":[{"@type":"ReadAction","target":["https:\/\/www.suno.com.br\/noticias\/radar-petrobras-petr4-vale-vale3-b3-b3sa3\/"]}]},{"@type":"ImageObject","inLanguage":"pt-BR","@id":"https:\/\/www.suno.com.br\/noticias\/radar-petrobras-petr4-vale-vale3-b3-b3sa3\/#primaryimage","url":"https:\/\/files.sunoresearch.com.br\/n\/uploads\/2021\/04\/3feb74e0-petrobras4-jpg.webp","contentUrl":"https:\/\/files.sunoresearch.com.br\/n\/uploads\/2021\/04\/3feb74e0-petrobras4-jpg.webp","width":1200,"height":800,"caption":"Decis\u00e3o de reduzir dividendos da Petrobras (PETR4) pode ser repentina, diz BTG Pactual. Foto: Divulga\u00e7\u00e3o"},{"@type":"BreadcrumbList","@id":"https:\/\/www.suno.com.br\/noticias\/radar-petrobras-petr4-vale-vale3-b3-b3sa3\/#breadcrumb","itemListElement":[{"@type":"ListItem","position":1,"name":"Not\u00edcias","item":"https:\/\/www.suno.com.br\/noticias\/"},{"@type":"ListItem","position":2,"name":"Neg\u00f3cios","item":"https:\/\/www.suno.com.br\/noticias\/negocios\/"},{"@type":"ListItem","position":3,"name":"Radar: impasse na indica\u00e7\u00e3o \u00e0 presid\u00eancia da Petrobras (PETR4), Vale (VALE3) inicia obras no Par\u00e1, B3 (B3SA3) tem recorde de follow-on"}]},{"@type":"WebSite","@id":"https:\/\/www.suno.com.br\/noticias\/#website","url":"https:\/\/www.suno.com.br\/noticias\/","name":"Suno Not\u00edcias","description":"Seu portal de informa\u00e7\u00e3o sobre o mundo dos investimentos","publisher":{"@id":"https:\/\/www.suno.com.br\/noticias\/#organization"},"potentialAction":[{"@type":"SearchAction","target":{"@type":"EntryPoint","urlTemplate":"https:\/\/www.suno.com.br\/noticias\/?s={search_term_string}"},"query-input":{"@type":"PropertyValueSpecification","valueRequired":true,"valueName":"search_term_string"}}],"inLanguage":"pt-BR"},{"@type":"Organization","@id":"https:\/\/www.suno.com.br\/noticias\/#organization","name":"Suno Not\u00edcias","url":"https:\/\/www.suno.com.br\/noticias\/","logo":{"@type":"ImageObject","inLanguage":"pt-BR","@id":"https:\/\/www.suno.com.br\/noticias\/#\/schema\/logo\/image\/","url":"https:\/\/files.sunoresearch.com.br\/n\/uploads\/2021\/09\/suno-logo.png","contentUrl":"https:\/\/files.sunoresearch.com.br\/n\/uploads\/2021\/09\/suno-logo.png","width":180,"height":180,"caption":"Suno Not\u00edcias"},"image":{"@id":"https:\/\/www.suno.com.br\/noticias\/#\/schema\/logo\/image\/"},"sameAs":["https:\/\/facebook.com\/sunoresearch","https:\/\/x.com\/sunoresearch","https:\/\/www.instagram.com\/suno","https:\/\/www.linkedin.com\/company\/suno-research\/","https:\/\/www.youtube.com\/c\/sunoresearch"]},{"@type":"Person","@id":"https:\/\/www.suno.com.br\/noticias\/#\/schema\/person\/46d847cb19ad53fde0857adca989c23f","name":"Vict\u00f3ria Anhesini","image":{"@type":"ImageObject","inLanguage":"pt-BR","@id":"https:\/\/www.suno.com.br\/noticias\/#\/schema\/person\/image\/","url":"https:\/\/secure.gravatar.com\/avatar\/0172bdfcd9129dd9dd68794804304e6e?s=96&r=g","contentUrl":"https:\/\/secure.gravatar.com\/avatar\/0172bdfcd9129dd9dd68794804304e6e?s=96&r=g","caption":"Vict\u00f3ria Anhesini"},"description":"Rep\u00f3rter no Suno Not\u00edcias, cobre mercados, neg\u00f3cios e economia, escrevendo majoritariamente sobre movimentos das empresas, cobertura de balan\u00e7os trimestrais e Bolsa de Valores. Formada em jornalismo pela Universidade Presbiteriana Mackenzie em 2019, passou pelo portal de economia e finan\u00e7as EuQueroInvestir como rep\u00f3rter e anteriormente, trabalhou na assessoria de imprensa PinePR, onde liderou com startups de inova\u00e7\u00e3o, tecnologia e finan\u00e7as. Em seu tempo livre, fala sobre m\u00fasica para ambos os sites do selo ForMusic, Wikimetal e Mad Sound, e faz trabalho volunt\u00e1rio no programa Escreve Cartas do Poupatempo.","sameAs":["https:\/\/www.linkedin.com\/in\/victoria-anhesini\/"],"url":"https:\/\/www.suno.com.br\/noticias\/author\/victoria\/"}]}},"default_loop_html":"<div class=\"cardsPage__listCard__boxs\"><div class=\"cardsPage__listCard__boxs__img\"><a href=\"https:\/\/www.suno.com.br\/noticias\/radar-petrobras-petr4-vale-vale3-b3-b3sa3\/\"><img class=\"mask\" src=\"https:\/\/www.suno.com.br\/noticias\/wp-content\/themes\/suno\/resources\/images\/spotlight\/spotlight1img\/bg-mask.png\" alt=\"Image Mask\"\/><img src=\"https:\/\/files.sunoresearch.com.br\/n\/uploads\/2021\/04\/3feb74e0-petrobras4-400x200.webp\" alt=\"Radar: impasse na indica\u00e7\u00e3o \u00e0 presid\u00eancia da Petrobras (PETR4), Vale (VALE3) inicia obras no Par\u00e1, B3 (B3SA3) tem recorde de follow-on\"\/><\/a><span class=\"spotlightCategory\"><a href=\"https:\/\/www.suno.com.br\/noticias\/negocios\/\">Neg\u00f3cios<\/a><\/span><\/div><div class=\"cardsPage__listCard__boxs__content\"><a href=\"https:\/\/www.suno.com.br\/noticias\/radar-petrobras-petr4-vale-vale3-b3-b3sa3\/\"><h2 class=\"content__title\">Radar: impasse na indica\u00e7\u00e3o \u00e0 presid\u00eancia da Petrobras (PETR4), Vale (VALE3) inicia obras no Par\u00e1, B3 (B3SA3) tem recorde de follow-on<\/h2><\/a><div class=\"newsContent__article__meta\"><div class=\"newsContent__article__meta__authorBox\"><a href=\"https:\/\/www.suno.com.br\/noticias\/author\/victoria\/\" class=\"authorBox__avatar noMobi\"><img src=\"https:\/\/files.sunoresearch.com.br\/n\/uploads\/2021\/12\/20190129VickyPINEAPPLE01-1-150x150.jpg\" alt=\"Vict\u00f3ria Anhesini\"><\/a><div class=\"authorBox__name\"><span>por\n\t\t\t<a href=\"https:\/\/www.suno.com.br\/noticias\/author\/victoria\/\"><span itemprop=\"author\">Vict\u00f3ria Anhesini<\/span><\/a><\/span><time datetime=\"2022-04-05T21:28:27-03:00\" itemprop=\"datePublished\">05\/04\/2022 21:28<\/time><\/div><\/div><\/div><\/div><\/div>","single_layout":"posts","amp_enabled":true,"_links":{"self":[{"href":"https:\/\/www.suno.com.br\/noticias\/wp-json\/wp\/v2\/posts\/248154"}],"collection":[{"href":"https:\/\/www.suno.com.br\/noticias\/wp-json\/wp\/v2\/posts"}],"about":[{"href":"https:\/\/www.suno.com.br\/noticias\/wp-json\/wp\/v2\/types\/post"}],"author":[{"embeddable":true,"href":"https:\/\/www.suno.com.br\/noticias\/wp-json\/wp\/v2\/users\/146"}],"replies":[{"embeddable":true,"href":"https:\/\/www.suno.com.br\/noticias\/wp-json\/wp\/v2\/comments?post=248154"}],"version-history":[{"count":3,"href":"https:\/\/www.suno.com.br\/noticias\/wp-json\/wp\/v2\/posts\/248154\/revisions"}],"predecessor-version":[{"id":248160,"href":"https:\/\/www.suno.com.br\/noticias\/wp-json\/wp\/v2\/posts\/248154\/revisions\/248160"}],"wp:featuredmedia":[{"embeddable":true,"href":"https:\/\/www.suno.com.br\/noticias\/wp-json\/wp\/v2\/media\/137029"}],"wp:attachment":[{"href":"https:\/\/www.suno.com.br\/noticias\/wp-json\/wp\/v2\/media?parent=248154"}],"wp:term":[{"taxonomy":"category","embeddable":true,"href":"https:\/\/www.suno.com.br\/noticias\/wp-json\/wp\/v2\/categories?post=248154"},{"taxonomy":"post_tag","embeddable":true,"href":"https:\/\/www.suno.com.br\/noticias\/wp-json\/wp\/v2\/tags?post=248154"},{"taxonomy":"suno_strategy","embeddable":true,"href":"https:\/\/www.suno.com.br\/noticias\/wp-json\/wp\/v2\/suno_strategy?post=248154"}],"curies":[{"name":"wp","href":"https:\/\/api.w.org\/{rel}","templated":true}]}}