{"id":248146,"date":"2022-04-05T21:17:59","date_gmt":"2022-04-06T00:17:59","guid":{"rendered":"https:\/\/www.suno.com.br\/noticias\/?p=248146"},"modified":"2022-04-05T21:17:59","modified_gmt":"2022-04-06T00:17:59","slug":"petrobras-petr4-indicacao-secretario-guedes-oposicao-empresarios","status":"publish","type":"post","link":"https:\/\/www.suno.com.br\/noticias\/petrobras-petr4-indicacao-secretario-guedes-oposicao-empresarios\/","title":{"rendered":"Petrobras (PETR4): indica\u00e7\u00e3o de secret\u00e1rio de Guedes sofre oposi\u00e7\u00e3o de empres\u00e1rios"},"content":{"rendered":"<p>A informa\u00e7\u00e3o de que Caio Paes de Andrade est\u00e1 sendo cotado para presidir a <a href=\"https:\/\/www.suno.com.br\/acoes\/petr4\/\"><strong>Petrobras<\/strong> (PETR4)<\/a> sofre oposi\u00e7\u00e3o de lideran\u00e7as do setor de \u00f3leo e g\u00e1s, segundo um empres\u00e1rio ouvido pela <b>Bloomberg L\u00ednea<\/b> sob a condi\u00e7\u00e3o de n\u00e3o ser identificado.<\/p>\t<div class=\"wrapper-featured-image\">\n\t\t<figure class=\"spotlightImg\">\n\n\t\t\t<picture>\n\t\t\t\t<source media=\"(max-width: 768px)\" srcset=\"https:\/\/files.sunoresearch.com.br\/n\/uploads\/2022\/03\/Conteudo25449-400x200.jpg\">\n\t\t\t\t<img loading=\"lazy\" decoding=\"async\" class=\"newsContent__article__imgCapa lazyloadDisabled \" src=\"https:\/\/files.sunoresearch.com.br\/n\/uploads\/2022\/03\/Conteudo25449-800x450.jpg\" width=\"800\" height=\"450\" alt=\"Petrobras (PETR4): indica\u00e7\u00e3o de secret\u00e1rio de Guedes sofre oposi\u00e7\u00e3o de empres\u00e1rios\" fetchpriority=high \/>\n\t\t\t<\/picture>\n\n\t\t\t<figcaption class=\"wp-caption-text wp-caption-text--show\"> Petrobras (PETR4) no Rio de Janeiro (RJ). Foto: Geraldo Falc\u00e3o\/Ag\u00eancia Petrobras.<\/figcaption>\n\t\t<\/figure>\n\t<\/div>\n\n\n\t<p>\n\t\t<a href=\"\" target=\"_blank\" data-element=\"shortcode-suno-banner\" title=\"Banner SUNO, clique e saiba mais\">\n\t\t\t<picture>\n\t\t\t\t<source media=\"(max-width: 500px)\" srcset=\"\">\n\t\t\t\t<img class=\"newsContent__article__imgCapa newsContent__article__imgCapa--banner\"\n\t\t\t\t\tsrc=\"\"\n\t\t\t\t\tdata-promo-id=\"138420\"\t\t\t\t\t\t\t\t\t\t\t\t\t\t\talt=\"\"\n\t\t\t\t>\n\t\t\t<\/picture>\n\t\t<\/a>\n\t<\/p>\n\n\n<p>A fonte participou de um encontro entre empres\u00e1rios e executivos do setor no Rio de Janeiro e um dos problemas apontados foi a falta de <strong>experi\u00eancia de Paes de Andrade<\/strong> na \u00e1rea. Alguns dos presentes na reuni\u00e3o questionaram o fato de Paes de Andrade nunca ter trabalhado em nenhuma <strong>empresa de \u00f3leo e g\u00e1s<\/strong> e n\u00e3o ter comandado uma companhia de grande porte, com milhares de funcion\u00e1rios e uma rotina de contratos bilion\u00e1rios.<\/p>\n<p>Paes de Andrade \u00e9 <strong>secret\u00e1rio de Desburocratiza\u00e7\u00e3o<\/strong> do <a class=\"suno-keyword\" href=\"https:\/\/www.suno.com.br\/artigos\/ministerio-da-economia\/\" target=\"_blank\" rel=\"noopener\" data-force=\"no\" data-priority=\"3\">Minist\u00e9rio da Economia<\/a> e pr\u00f3ximo do ministro Paulo Guedes. Vem sendo cotado para o cargo h\u00e1 algum tempo, mas n\u00e3o teria conseguido avan\u00e7ar devido a resist\u00eancias do <strong>setor de \u00f3leo e g\u00e1s<\/strong>.<\/p>\n<p>Segundo seu curr\u00edculo p\u00fablico, Paes de Andrade \u00e9 formado em Comunica\u00e7\u00e3o Social pela Unip, p\u00f3s-gradua\u00e7\u00e3o em Administra\u00e7\u00e3o por Harvard, nos Estados Unidos, e mestrado na mesma \u00e1rea pela Duke University, tamb\u00e9m nos EUA.<\/p>\n\t<p>\n\t\t<a href=\"https:\/\/lp.suno.com.br\/ebook-como-analisar-uma-acao\/\" target=\"_blank\" data-element=\"shortcode-suno-banner\" title=\"Banner SUNO, clique e saiba mais\">\n\t\t\t<picture>\n\t\t\t\t<source media=\"(max-width: 500px)\" srcset=\"https:\/\/files.sunoresearch.com.br\/n\/uploads\/2023\/03\/Ebook-Acoes-Mobile-1.jpg\">\n\t\t\t\t<img class=\"newsContent__article__imgCapa newsContent__article__imgCapa--banner\"\n\t\t\t\t\tsrc=\"https:\/\/files.sunoresearch.com.br\/n\/uploads\/2023\/03\/Ebook-Acoes-Desktop-1.jpg\"\n\t\t\t\t\tdata-promo-id=\"171998\"\t\t\t\t\t\t\t\t\t\twidth='1420' height='286'\t\t\t\t\talt=\"https:\/\/files.sunoresearch.com.br\/n\/uploads\/2023\/03\/Ebook-Acoes-Desktop-1.jpg\"\n\t\t\t\t>\n\t\t\t<\/picture>\n\t\t<\/a>\n\t<\/p>\n\n\n<p>Dedicou a maior parte de sua carreira a empresas de tecnologia e j\u00e1 trabalhou em <a class=\"suno-keyword\" href=\"https:\/\/www.suno.com.br\/artigos\/fundos-private-equity\/\" target=\"_blank\" rel=\"noopener\" data-force=\"no\" data-priority=\"1\">fundos de private equity<\/a>. No governo Bolsonaro, antes de ser <strong>secret\u00e1rio de Guedes<\/strong>, foi <strong>presidente do Serpro<\/strong>, o Servi\u00e7o de Processamento de Dados do governo federal.<\/p>\n<p>Segundo o relato do empres\u00e1rio \u00e0 Bloomberg L\u00ednea, a <strong>indica\u00e7\u00e3o de Paes de Andrade<\/strong> est\u00e1 sendo encarada como um remendo pol\u00edtico at\u00e9 terminar o mandato do presidente Jair Bolsonaro. J\u00e1 de pessoas pr\u00f3ximas \u00e0 Petrobras, o receio \u00e9 que a indica\u00e7\u00e3o de Paes de Andrade se torne muni\u00e7\u00e3o contra a empresa.<\/p>\n<p>A oposi\u00e7\u00e3o a Bolsonaro deve criticar a nomea\u00e7\u00e3o de algu\u00e9m pr\u00f3ximo a Guedes, mas sem curr\u00edculo reconhecido para o posto. E internamente, o receio \u00e9 que ele n\u00e3o tenha condi\u00e7\u00f5es de se impor na empresa, dada sua falta de familiaridade com o setor e com a empresa.<\/p>\n\t<p>\n\t\t<a href=\"https:\/\/lp.suno.com.br\/planilha-da-vida-financeira\/\" target=\"_blank\" data-element=\"shortcode-suno-banner\" title=\"Banner SUNO, clique e saiba mais\">\n\t\t\t<picture>\n\t\t\t\t<source media=\"(max-width: 500px)\" srcset=\"https:\/\/files.sunoresearch.com.br\/n\/uploads\/2023\/04\/400x300-Planilha-vida-financeira-true.png\">\n\t\t\t\t<img class=\"newsContent__article__imgCapa newsContent__article__imgCapa--banner\"\n\t\t\t\t\tsrc=\"https:\/\/files.sunoresearch.com.br\/n\/uploads\/2023\/04\/1420x240-Planilha-vida-financeira-true.png\"\n\t\t\t\t\tdata-promo-id=\"106682\"\t\t\t\t\t\t\t\t\t\twidth='1420' height='240'\t\t\t\t\talt=\"https:\/\/files.sunoresearch.com.br\/n\/uploads\/2023\/04\/1420x240-Planilha-vida-financeira-true.png\"\n\t\t\t\t>\n\t\t\t<\/picture>\n\t\t<\/a>\n\t<\/p>\n\n\n<p>O epis\u00f3dio \u00e9 mais um cap\u00edtulo da disputa pol\u00edtica em torno da Petrobras. Na semana passada, o general Silva e Luna foi dispensado da <strong>presid\u00eancia da empresa<\/strong>. O governo enviou \u00e0 estatal sua lista de indicados para compor o conselho com o nome de <strong>Adriano Pires para CEO<\/strong> e Rodolfo Landim para <strong>presidente do <a class=\"suno-keyword\" href=\"https:\/\/www.suno.com.br\/artigos\/conselho-administracao\/\" target=\"_blank\" rel=\"noopener\" data-force=\"no\" data-priority=\"1\">conselho de administra\u00e7\u00e3o<\/a><\/strong>. Ambos desistiram do convite alegando que suas atividades no setor privado os colocaria em situa\u00e7\u00e3o de conflito de interesse, caso fossem para a Petrobras.<\/p>\n\t<p>\n\t\t<a href=\"https:\/\/lp.suno.com.br\/planilha-controle-gastos\/\" target=\"_blank\" data-element=\"shortcode-suno-banner\" title=\"Banner SUNO, clique e saiba mais\">\n\t\t\t<picture>\n\t\t\t\t<source media=\"(max-width: 500px)\" srcset=\"https:\/\/files.sunoresearch.com.br\/n\/uploads\/2023\/03\/400x300-Planilha-controle-de-gastos.png\">\n\t\t\t\t<img class=\"newsContent__article__imgCapa newsContent__article__imgCapa--banner\"\n\t\t\t\t\tsrc=\"https:\/\/files.sunoresearch.com.br\/n\/uploads\/2023\/03\/1420x240-Planilha-controle-de-gastos.png\"\n\t\t\t\t\tdata-promo-id=\"101751\"\t\t\t\t\t\t\t\t\t\twidth='1420' height='240'\t\t\t\t\talt=\"https:\/\/files.sunoresearch.com.br\/n\/uploads\/2023\/03\/1420x240-Planilha-controle-de-gastos.png\"\n\t\t\t\t>\n\t\t\t<\/picture>\n\t\t<\/a>\n\t<\/p>\n\n\n<p>Com o impasse no <strong>comando da empresa<\/strong>, h\u00e1 articula\u00e7\u00f5es para que o general Silva e Luna seja mantido na <strong>presid\u00eancia da Petrobras<\/strong>. A assessoria do general, no entanto, negou ter sido procurada com qualquer proposta e disse que continua com o processo de desligamento.<\/p>\n<p><a class=\"sponsored-link\" href=\"https:\/\/www.bloomberglinea.com.br\/\" rel=\"sponsored\">Ver mais em Bloomberg L\u00ednea Brasil<\/a><\/p>\n\t<p>\n\t\t<a href=\"https:\/\/lp.suno.com.br\/planilha-de-controle-de-investimentos\/\" target=\"_blank\" data-element=\"shortcode-suno-banner\" title=\"Banner SUNO, clique e saiba mais\">\n\t\t\t<picture>\n\t\t\t\t<source media=\"(max-width: 500px)\" srcset=\"https:\/\/files.sunoresearch.com.br\/n\/uploads\/2023\/03\/400x300-Controle-de-Investimentos.png\">\n\t\t\t\t<img class=\"newsContent__article__imgCapa newsContent__article__imgCapa--banner\"\n\t\t\t\t\tsrc=\"https:\/\/files.sunoresearch.com.br\/n\/uploads\/2023\/03\/1420x240-Controle-de-Investimentos.png\"\n\t\t\t\t\tdata-promo-id=\"75934\"\t\t\t\t\t\t\t\t\t\twidth='1420' height='240'\t\t\t\t\talt=\"https:\/\/files.sunoresearch.com.br\/n\/uploads\/2023\/03\/1420x240-Controle-de-Investimentos.png\"\n\t\t\t\t>\n\t\t\t<\/picture>\n\t\t<\/a>\n\t<\/p>\n\n\n","protected":false},"excerpt":{"rendered":"<p>A informa\u00e7\u00e3o de que Caio Paes de Andrade est\u00e1 sendo cotado para presidir a Petrobras (PETR4) sofre oposi\u00e7\u00e3o de lideran\u00e7as do setor de \u00f3leo e g\u00e1s, segundo um empres\u00e1rio ouvido pela Bloomberg L\u00ednea sob a condi\u00e7\u00e3o de n\u00e3o ser identificado. Petrobras (PETR4) no Rio de Janeiro (RJ). Foto: Geraldo Falc\u00e3o\/Ag\u00eancia Petrobras. A fonte participou de [&hellip;]<\/p>\n","protected":false},"author":151,"featured_media":244077,"comment_status":"closed","ping_status":"closed","sticky":false,"template":"","format":"standard","meta":[],"categories":[64],"tags":[595],"suno_strategy":[],"class_list":["post-248146","post","type-post","status-publish","format-standard","has-post-thumbnail","hentry","category-negocios","tag-petrobras-petr4"],"yoast_head":"<!-- This site is optimized with the Yoast SEO plugin v24.4 - https:\/\/yoast.com\/wordpress\/plugins\/seo\/ -->\n<title>Petrobras (PETR4): indica\u00e7\u00e3o de secret\u00e1rio sofre oposi\u00e7\u00e3o de empres\u00e1rios<\/title>\n<meta name=\"description\" content=\"Empres\u00e1rios questionaram Paes de Andrade na Petrobras: ele n\u00e3o trabalhou empresa do setor ou comandou companhia de grande port\" \/>\n<meta name=\"robots\" content=\"index, follow, max-snippet:-1, max-image-preview:large, max-video-preview:-1\" \/>\n<link rel=\"canonical\" href=\"https:\/\/www.suno.com.br\/noticias\/petrobras-petr4-indicacao-secretario-guedes-oposicao-empresarios\/\" \/>\n<meta property=\"og:locale\" content=\"pt_BR\" \/>\n<meta property=\"og:type\" content=\"article\" \/>\n<meta property=\"og:title\" content=\"Petrobras (PETR4): indica\u00e7\u00e3o de secret\u00e1rio sofre oposi\u00e7\u00e3o de empres\u00e1rios\" \/>\n<meta property=\"og:description\" content=\"Empres\u00e1rios questionaram Paes de Andrade na Petrobras: ele n\u00e3o trabalhou empresa do setor ou comandou companhia de grande port\" \/>\n<meta property=\"og:url\" content=\"https:\/\/www.suno.com.br\/noticias\/petrobras-petr4-indicacao-secretario-guedes-oposicao-empresarios\/\" \/>\n<meta property=\"og:site_name\" content=\"Suno Not\u00edcias\" \/>\n<meta property=\"article:publisher\" content=\"https:\/\/facebook.com\/sunoresearch\" \/>\n<meta property=\"og:image\" content=\"https:\/\/files.sunoresearch.com.br\/n\/uploads\/2022\/03\/Conteudo25449-scaled.jpg\" \/>\n\t<meta property=\"og:image:width\" content=\"2560\" \/>\n\t<meta property=\"og:image:height\" content=\"1703\" \/>\n\t<meta property=\"og:image:type\" content=\"image\/jpeg\" \/>\n<meta name=\"author\" content=\"Bloomberg L\u00ednea\" \/>\n<meta name=\"twitter:card\" content=\"summary_large_image\" \/>\n<meta name=\"twitter:creator\" content=\"@sunoresearch\" \/>\n<meta name=\"twitter:site\" content=\"@sunoresearch\" \/>\n<meta name=\"twitter:label1\" content=\"Escrito por\" \/>\n\t<meta name=\"twitter:data1\" content=\"Bloomberg L\u00ednea\" \/>\n\t<meta name=\"twitter:label2\" content=\"Est. tempo de leitura\" \/>\n\t<meta name=\"twitter:data2\" content=\"3 minutos\" \/>\n<script type=\"application\/ld+json\" class=\"yoast-schema-graph\">{\"@context\":\"https:\/\/schema.org\",\"@graph\":[{\"@type\":\"NewsArticle\",\"@id\":\"https:\/\/www.suno.com.br\/noticias\/petrobras-petr4-indicacao-secretario-guedes-oposicao-empresarios\/#article\",\"isPartOf\":{\"@id\":\"https:\/\/www.suno.com.br\/noticias\/petrobras-petr4-indicacao-secretario-guedes-oposicao-empresarios\/\"},\"author\":{\"name\":\"Bloomberg L\u00ednea\",\"@id\":\"https:\/\/www.suno.com.br\/noticias\/#\/schema\/person\/8fa6a71abbb0279bb07df70186cee9bc\"},\"headline\":\"Petrobras (PETR4): indica\u00e7\u00e3o de secret\u00e1rio de Guedes sofre oposi\u00e7\u00e3o de empres\u00e1rios\",\"datePublished\":\"2022-04-06T00:17:59+00:00\",\"mainEntityOfPage\":{\"@id\":\"https:\/\/www.suno.com.br\/noticias\/petrobras-petr4-indicacao-secretario-guedes-oposicao-empresarios\/\"},\"wordCount\":533,\"publisher\":{\"@id\":\"https:\/\/www.suno.com.br\/noticias\/#organization\"},\"image\":{\"@id\":\"https:\/\/www.suno.com.br\/noticias\/petrobras-petr4-indicacao-secretario-guedes-oposicao-empresarios\/#primaryimage\"},\"thumbnailUrl\":\"https:\/\/files.sunoresearch.com.br\/n\/uploads\/2022\/03\/Conteudo25449-scaled.jpg\",\"keywords\":[\"Petrobras (PETR4)\"],\"articleSection\":[\"Neg\u00f3cios\"],\"inLanguage\":\"pt-BR\"},{\"@type\":\"WebPage\",\"@id\":\"https:\/\/www.suno.com.br\/noticias\/petrobras-petr4-indicacao-secretario-guedes-oposicao-empresarios\/\",\"url\":\"https:\/\/www.suno.com.br\/noticias\/petrobras-petr4-indicacao-secretario-guedes-oposicao-empresarios\/\",\"name\":\"Petrobras (PETR4): indica\u00e7\u00e3o de secret\u00e1rio sofre oposi\u00e7\u00e3o de empres\u00e1rios\",\"isPartOf\":{\"@id\":\"https:\/\/www.suno.com.br\/noticias\/#website\"},\"primaryImageOfPage\":{\"@id\":\"https:\/\/www.suno.com.br\/noticias\/petrobras-petr4-indicacao-secretario-guedes-oposicao-empresarios\/#primaryimage\"},\"image\":{\"@id\":\"https:\/\/www.suno.com.br\/noticias\/petrobras-petr4-indicacao-secretario-guedes-oposicao-empresarios\/#primaryimage\"},\"thumbnailUrl\":\"https:\/\/files.sunoresearch.com.br\/n\/uploads\/2022\/03\/Conteudo25449-scaled.jpg\",\"datePublished\":\"2022-04-06T00:17:59+00:00\",\"description\":\"Empres\u00e1rios questionaram Paes de Andrade na Petrobras: ele n\u00e3o trabalhou empresa do setor ou comandou companhia de grande port\",\"breadcrumb\":{\"@id\":\"https:\/\/www.suno.com.br\/noticias\/petrobras-petr4-indicacao-secretario-guedes-oposicao-empresarios\/#breadcrumb\"},\"inLanguage\":\"pt-BR\",\"potentialAction\":[{\"@type\":\"ReadAction\",\"target\":[\"https:\/\/www.suno.com.br\/noticias\/petrobras-petr4-indicacao-secretario-guedes-oposicao-empresarios\/\"]}]},{\"@type\":\"ImageObject\",\"inLanguage\":\"pt-BR\",\"@id\":\"https:\/\/www.suno.com.br\/noticias\/petrobras-petr4-indicacao-secretario-guedes-oposicao-empresarios\/#primaryimage\",\"url\":\"https:\/\/files.sunoresearch.com.br\/n\/uploads\/2022\/03\/Conteudo25449-scaled.jpg\",\"contentUrl\":\"https:\/\/files.sunoresearch.com.br\/n\/uploads\/2022\/03\/Conteudo25449-scaled.jpg\",\"width\":2560,\"height\":1703,\"caption\":\"Petrobras (PETR4) no Rio de Janeiro (RJ). Foto: Geraldo Falc\u00e3o\/Ag\u00eancia Petrobras.\"},{\"@type\":\"BreadcrumbList\",\"@id\":\"https:\/\/www.suno.com.br\/noticias\/petrobras-petr4-indicacao-secretario-guedes-oposicao-empresarios\/#breadcrumb\",\"itemListElement\":[{\"@type\":\"ListItem\",\"position\":1,\"name\":\"Not\u00edcias\",\"item\":\"https:\/\/www.suno.com.br\/noticias\/\"},{\"@type\":\"ListItem\",\"position\":2,\"name\":\"Neg\u00f3cios\",\"item\":\"https:\/\/www.suno.com.br\/noticias\/negocios\/\"},{\"@type\":\"ListItem\",\"position\":3,\"name\":\"Petrobras (PETR4): indica\u00e7\u00e3o de secret\u00e1rio de Guedes sofre oposi\u00e7\u00e3o de empres\u00e1rios\"}]},{\"@type\":\"WebSite\",\"@id\":\"https:\/\/www.suno.com.br\/noticias\/#website\",\"url\":\"https:\/\/www.suno.com.br\/noticias\/\",\"name\":\"Suno Not\u00edcias\",\"description\":\"Seu portal de informa\u00e7\u00e3o sobre o mundo dos investimentos\",\"publisher\":{\"@id\":\"https:\/\/www.suno.com.br\/noticias\/#organization\"},\"potentialAction\":[{\"@type\":\"SearchAction\",\"target\":{\"@type\":\"EntryPoint\",\"urlTemplate\":\"https:\/\/www.suno.com.br\/noticias\/?s={search_term_string}\"},\"query-input\":{\"@type\":\"PropertyValueSpecification\",\"valueRequired\":true,\"valueName\":\"search_term_string\"}}],\"inLanguage\":\"pt-BR\"},{\"@type\":\"Organization\",\"@id\":\"https:\/\/www.suno.com.br\/noticias\/#organization\",\"name\":\"Suno Not\u00edcias\",\"url\":\"https:\/\/www.suno.com.br\/noticias\/\",\"logo\":{\"@type\":\"ImageObject\",\"inLanguage\":\"pt-BR\",\"@id\":\"https:\/\/www.suno.com.br\/noticias\/#\/schema\/logo\/image\/\",\"url\":\"https:\/\/files.sunoresearch.com.br\/n\/uploads\/2021\/09\/suno-logo.png\",\"contentUrl\":\"https:\/\/files.sunoresearch.com.br\/n\/uploads\/2021\/09\/suno-logo.png\",\"width\":180,\"height\":180,\"caption\":\"Suno Not\u00edcias\"},\"image\":{\"@id\":\"https:\/\/www.suno.com.br\/noticias\/#\/schema\/logo\/image\/\"},\"sameAs\":[\"https:\/\/facebook.com\/sunoresearch\",\"https:\/\/x.com\/sunoresearch\",\"https:\/\/www.instagram.com\/suno\",\"https:\/\/www.linkedin.com\/company\/suno-research\/\",\"https:\/\/www.youtube.com\/c\/sunoresearch\"]},{\"@type\":\"Person\",\"@id\":\"https:\/\/www.suno.com.br\/noticias\/#\/schema\/person\/8fa6a71abbb0279bb07df70186cee9bc\",\"name\":\"Bloomberg L\u00ednea\",\"image\":{\"@type\":\"ImageObject\",\"inLanguage\":\"pt-BR\",\"@id\":\"https:\/\/www.suno.com.br\/noticias\/#\/schema\/person\/image\/\",\"url\":\"https:\/\/secure.gravatar.com\/avatar\/cbb2eb58d29ff3df4d293b09aaa2db33?s=96&r=g\",\"contentUrl\":\"https:\/\/secure.gravatar.com\/avatar\/cbb2eb58d29ff3df4d293b09aaa2db33?s=96&r=g\",\"caption\":\"Bloomberg L\u00ednea\"},\"description\":\"A Bloomberg L\u00ednea uma marca multiplataforma de not\u00edcias de neg\u00f3cios na Am\u00e9rica Latina e no Caribe. Lan\u00e7ada em 2021, a Bloomberg L\u00ednea fornece ao p\u00fablico um conjunto incompar\u00e1vel de produtos digitais que atendem ao p\u00fablico de finan\u00e7as e neg\u00f3cios\",\"sameAs\":[\"http:\/\/www.bloomberglinea.com.br\"],\"url\":\"https:\/\/www.suno.com.br\/noticias\/author\/bloomberg-linea\/\"}]}<\/script>\n<!-- \/ Yoast SEO plugin. -->","yoast_head_json":{"title":"Petrobras (PETR4): indica\u00e7\u00e3o de secret\u00e1rio sofre oposi\u00e7\u00e3o de empres\u00e1rios","description":"Empres\u00e1rios questionaram Paes de Andrade na Petrobras: ele n\u00e3o trabalhou empresa do setor ou comandou companhia de grande port","robots":{"index":"index","follow":"follow","max-snippet":"max-snippet:-1","max-image-preview":"max-image-preview:large","max-video-preview":"max-video-preview:-1"},"canonical":"https:\/\/www.suno.com.br\/noticias\/petrobras-petr4-indicacao-secretario-guedes-oposicao-empresarios\/","og_locale":"pt_BR","og_type":"article","og_title":"Petrobras (PETR4): indica\u00e7\u00e3o de secret\u00e1rio sofre oposi\u00e7\u00e3o de empres\u00e1rios","og_description":"Empres\u00e1rios questionaram Paes de Andrade na Petrobras: ele n\u00e3o trabalhou empresa do setor ou comandou companhia de grande port","og_url":"https:\/\/www.suno.com.br\/noticias\/petrobras-petr4-indicacao-secretario-guedes-oposicao-empresarios\/","og_site_name":"Suno Not\u00edcias","article_publisher":"https:\/\/facebook.com\/sunoresearch","og_image":[{"width":2560,"height":1703,"url":"https:\/\/files.sunoresearch.com.br\/n\/uploads\/2022\/03\/Conteudo25449-scaled.jpg","type":"image\/jpeg"}],"author":"Bloomberg L\u00ednea","twitter_card":"summary_large_image","twitter_creator":"@sunoresearch","twitter_site":"@sunoresearch","twitter_misc":{"Escrito por":"Bloomberg L\u00ednea","Est. tempo de leitura":"3 minutos"},"schema":{"@context":"https:\/\/schema.org","@graph":[{"@type":"NewsArticle","@id":"https:\/\/www.suno.com.br\/noticias\/petrobras-petr4-indicacao-secretario-guedes-oposicao-empresarios\/#article","isPartOf":{"@id":"https:\/\/www.suno.com.br\/noticias\/petrobras-petr4-indicacao-secretario-guedes-oposicao-empresarios\/"},"author":{"name":"Bloomberg L\u00ednea","@id":"https:\/\/www.suno.com.br\/noticias\/#\/schema\/person\/8fa6a71abbb0279bb07df70186cee9bc"},"headline":"Petrobras (PETR4): indica\u00e7\u00e3o de secret\u00e1rio de Guedes sofre oposi\u00e7\u00e3o de empres\u00e1rios","datePublished":"2022-04-06T00:17:59+00:00","mainEntityOfPage":{"@id":"https:\/\/www.suno.com.br\/noticias\/petrobras-petr4-indicacao-secretario-guedes-oposicao-empresarios\/"},"wordCount":533,"publisher":{"@id":"https:\/\/www.suno.com.br\/noticias\/#organization"},"image":{"@id":"https:\/\/www.suno.com.br\/noticias\/petrobras-petr4-indicacao-secretario-guedes-oposicao-empresarios\/#primaryimage"},"thumbnailUrl":"https:\/\/files.sunoresearch.com.br\/n\/uploads\/2022\/03\/Conteudo25449-scaled.jpg","keywords":["Petrobras (PETR4)"],"articleSection":["Neg\u00f3cios"],"inLanguage":"pt-BR"},{"@type":"WebPage","@id":"https:\/\/www.suno.com.br\/noticias\/petrobras-petr4-indicacao-secretario-guedes-oposicao-empresarios\/","url":"https:\/\/www.suno.com.br\/noticias\/petrobras-petr4-indicacao-secretario-guedes-oposicao-empresarios\/","name":"Petrobras (PETR4): indica\u00e7\u00e3o de secret\u00e1rio sofre oposi\u00e7\u00e3o de empres\u00e1rios","isPartOf":{"@id":"https:\/\/www.suno.com.br\/noticias\/#website"},"primaryImageOfPage":{"@id":"https:\/\/www.suno.com.br\/noticias\/petrobras-petr4-indicacao-secretario-guedes-oposicao-empresarios\/#primaryimage"},"image":{"@id":"https:\/\/www.suno.com.br\/noticias\/petrobras-petr4-indicacao-secretario-guedes-oposicao-empresarios\/#primaryimage"},"thumbnailUrl":"https:\/\/files.sunoresearch.com.br\/n\/uploads\/2022\/03\/Conteudo25449-scaled.jpg","datePublished":"2022-04-06T00:17:59+00:00","description":"Empres\u00e1rios questionaram Paes de Andrade na Petrobras: ele n\u00e3o trabalhou empresa do setor ou comandou companhia de grande port","breadcrumb":{"@id":"https:\/\/www.suno.com.br\/noticias\/petrobras-petr4-indicacao-secretario-guedes-oposicao-empresarios\/#breadcrumb"},"inLanguage":"pt-BR","potentialAction":[{"@type":"ReadAction","target":["https:\/\/www.suno.com.br\/noticias\/petrobras-petr4-indicacao-secretario-guedes-oposicao-empresarios\/"]}]},{"@type":"ImageObject","inLanguage":"pt-BR","@id":"https:\/\/www.suno.com.br\/noticias\/petrobras-petr4-indicacao-secretario-guedes-oposicao-empresarios\/#primaryimage","url":"https:\/\/files.sunoresearch.com.br\/n\/uploads\/2022\/03\/Conteudo25449-scaled.jpg","contentUrl":"https:\/\/files.sunoresearch.com.br\/n\/uploads\/2022\/03\/Conteudo25449-scaled.jpg","width":2560,"height":1703,"caption":"Petrobras (PETR4) no Rio de Janeiro (RJ). Foto: Geraldo Falc\u00e3o\/Ag\u00eancia Petrobras."},{"@type":"BreadcrumbList","@id":"https:\/\/www.suno.com.br\/noticias\/petrobras-petr4-indicacao-secretario-guedes-oposicao-empresarios\/#breadcrumb","itemListElement":[{"@type":"ListItem","position":1,"name":"Not\u00edcias","item":"https:\/\/www.suno.com.br\/noticias\/"},{"@type":"ListItem","position":2,"name":"Neg\u00f3cios","item":"https:\/\/www.suno.com.br\/noticias\/negocios\/"},{"@type":"ListItem","position":3,"name":"Petrobras (PETR4): indica\u00e7\u00e3o de secret\u00e1rio de Guedes sofre oposi\u00e7\u00e3o de empres\u00e1rios"}]},{"@type":"WebSite","@id":"https:\/\/www.suno.com.br\/noticias\/#website","url":"https:\/\/www.suno.com.br\/noticias\/","name":"Suno Not\u00edcias","description":"Seu portal de informa\u00e7\u00e3o sobre o mundo dos investimentos","publisher":{"@id":"https:\/\/www.suno.com.br\/noticias\/#organization"},"potentialAction":[{"@type":"SearchAction","target":{"@type":"EntryPoint","urlTemplate":"https:\/\/www.suno.com.br\/noticias\/?s={search_term_string}"},"query-input":{"@type":"PropertyValueSpecification","valueRequired":true,"valueName":"search_term_string"}}],"inLanguage":"pt-BR"},{"@type":"Organization","@id":"https:\/\/www.suno.com.br\/noticias\/#organization","name":"Suno Not\u00edcias","url":"https:\/\/www.suno.com.br\/noticias\/","logo":{"@type":"ImageObject","inLanguage":"pt-BR","@id":"https:\/\/www.suno.com.br\/noticias\/#\/schema\/logo\/image\/","url":"https:\/\/files.sunoresearch.com.br\/n\/uploads\/2021\/09\/suno-logo.png","contentUrl":"https:\/\/files.sunoresearch.com.br\/n\/uploads\/2021\/09\/suno-logo.png","width":180,"height":180,"caption":"Suno Not\u00edcias"},"image":{"@id":"https:\/\/www.suno.com.br\/noticias\/#\/schema\/logo\/image\/"},"sameAs":["https:\/\/facebook.com\/sunoresearch","https:\/\/x.com\/sunoresearch","https:\/\/www.instagram.com\/suno","https:\/\/www.linkedin.com\/company\/suno-research\/","https:\/\/www.youtube.com\/c\/sunoresearch"]},{"@type":"Person","@id":"https:\/\/www.suno.com.br\/noticias\/#\/schema\/person\/8fa6a71abbb0279bb07df70186cee9bc","name":"Bloomberg L\u00ednea","image":{"@type":"ImageObject","inLanguage":"pt-BR","@id":"https:\/\/www.suno.com.br\/noticias\/#\/schema\/person\/image\/","url":"https:\/\/secure.gravatar.com\/avatar\/cbb2eb58d29ff3df4d293b09aaa2db33?s=96&r=g","contentUrl":"https:\/\/secure.gravatar.com\/avatar\/cbb2eb58d29ff3df4d293b09aaa2db33?s=96&r=g","caption":"Bloomberg L\u00ednea"},"description":"A Bloomberg L\u00ednea uma marca multiplataforma de not\u00edcias de neg\u00f3cios na Am\u00e9rica Latina e no Caribe. Lan\u00e7ada em 2021, a Bloomberg L\u00ednea fornece ao p\u00fablico um conjunto incompar\u00e1vel de produtos digitais que atendem ao p\u00fablico de finan\u00e7as e neg\u00f3cios","sameAs":["http:\/\/www.bloomberglinea.com.br"],"url":"https:\/\/www.suno.com.br\/noticias\/author\/bloomberg-linea\/"}]}},"default_loop_html":"<div class=\"cardsPage__listCard__boxs\"><div class=\"cardsPage__listCard__boxs__img\"><a href=\"https:\/\/www.suno.com.br\/noticias\/petrobras-petr4-indicacao-secretario-guedes-oposicao-empresarios\/\"><img class=\"mask\" src=\"https:\/\/www.suno.com.br\/noticias\/wp-content\/themes\/suno\/resources\/images\/spotlight\/spotlight1img\/bg-mask.png\" alt=\"Image Mask\"\/><img src=\"https:\/\/files.sunoresearch.com.br\/n\/uploads\/2022\/03\/Conteudo25449-400x200.jpg\" alt=\"Petrobras (PETR4): indica\u00e7\u00e3o de secret\u00e1rio de Guedes sofre oposi\u00e7\u00e3o de empres\u00e1rios\"\/><\/a><span class=\"spotlightCategory\"><a href=\"https:\/\/www.suno.com.br\/noticias\/negocios\/\">Neg\u00f3cios<\/a><\/span><\/div><div class=\"cardsPage__listCard__boxs__content\"><a href=\"https:\/\/www.suno.com.br\/noticias\/petrobras-petr4-indicacao-secretario-guedes-oposicao-empresarios\/\"><h2 class=\"content__title\">Petrobras (PETR4): indica\u00e7\u00e3o de secret\u00e1rio de Guedes sofre oposi\u00e7\u00e3o de empres\u00e1rios<\/h2><\/a><div class=\"newsContent__article__meta\"><div class=\"newsContent__article__meta__authorBox\"><a href=\"https:\/\/www.suno.com.br\/noticias\/author\/bloomberg-linea\/\" class=\"authorBox__avatar noMobi\"><img src=\"https:\/\/files.sunoresearch.com.br\/n\/uploads\/2022\/01\/Bloomberg-Infogram_Black-TwoLines-150x150.png\" alt=\"Bloomberg L\u00ednea\"><\/a><div class=\"authorBox__name\"><span>por\n\t\t\t<a href=\"https:\/\/www.suno.com.br\/noticias\/author\/bloomberg-linea\/\"><span itemprop=\"author\">Bloomberg L\u00ednea<\/span><\/a><\/span><time datetime=\"2022-04-05T21:17:59-03:00\" itemprop=\"datePublished\">05\/04\/2022 21:17<\/time><\/div><\/div><\/div><\/div><\/div>","single_layout":"posts","amp_enabled":true,"_links":{"self":[{"href":"https:\/\/www.suno.com.br\/noticias\/wp-json\/wp\/v2\/posts\/248146"}],"collection":[{"href":"https:\/\/www.suno.com.br\/noticias\/wp-json\/wp\/v2\/posts"}],"about":[{"href":"https:\/\/www.suno.com.br\/noticias\/wp-json\/wp\/v2\/types\/post"}],"author":[{"embeddable":true,"href":"https:\/\/www.suno.com.br\/noticias\/wp-json\/wp\/v2\/users\/151"}],"replies":[{"embeddable":true,"href":"https:\/\/www.suno.com.br\/noticias\/wp-json\/wp\/v2\/comments?post=248146"}],"version-history":[{"count":2,"href":"https:\/\/www.suno.com.br\/noticias\/wp-json\/wp\/v2\/posts\/248146\/revisions"}],"predecessor-version":[{"id":248161,"href":"https:\/\/www.suno.com.br\/noticias\/wp-json\/wp\/v2\/posts\/248146\/revisions\/248161"}],"wp:featuredmedia":[{"embeddable":true,"href":"https:\/\/www.suno.com.br\/noticias\/wp-json\/wp\/v2\/media\/244077"}],"wp:attachment":[{"href":"https:\/\/www.suno.com.br\/noticias\/wp-json\/wp\/v2\/media?parent=248146"}],"wp:term":[{"taxonomy":"category","embeddable":true,"href":"https:\/\/www.suno.com.br\/noticias\/wp-json\/wp\/v2\/categories?post=248146"},{"taxonomy":"post_tag","embeddable":true,"href":"https:\/\/www.suno.com.br\/noticias\/wp-json\/wp\/v2\/tags?post=248146"},{"taxonomy":"suno_strategy","embeddable":true,"href":"https:\/\/www.suno.com.br\/noticias\/wp-json\/wp\/v2\/suno_strategy?post=248146"}],"curies":[{"name":"wp","href":"https:\/\/api.w.org\/{rel}","templated":true}]}}