{"id":24804,"date":"2019-05-16T17:54:42","date_gmt":"2019-05-16T20:54:42","guid":{"rendered":"https:\/\/www.suno.com.br\/noticias\/?p=24804"},"modified":"2021-02-17T20:08:29","modified_gmt":"2021-02-17T23:08:29","slug":"trf-4-nega-recurso-jose-dirceu","status":"publish","type":"post","link":"https:\/\/www.suno.com.br\/noticias\/trf-4-nega-recurso-jose-dirceu\/","title":{"rendered":"TRF-4 nega recurso de Jos\u00e9 Dirceu e ex-ministro pode voltar na pris\u00e3o"},"content":{"rendered":"<p>O <strong>Tribunal Regional Federal da 4\u00aa Regi\u00e3o (TRF-4)<\/strong> negou nesta quinta-feira (16) o recurso apresentado pelo <strong>ex-ministro chefe da Casa Civil<\/strong>, Jos\u00e9 Dirceu. O pol\u00edtico pedia a prescri\u00e7\u00e3o da pena de 8 anos e 10 meses na segunda condena\u00e7\u00e3o dele na <strong>Opera\u00e7\u00e3o<\/strong>\u00a0<strong>Lava Jato.<\/strong><\/p>\t<div class=\"wrapper-featured-image\">\n\t\t<figure class=\"spotlightImg\">\n\n\t\t\t<picture>\n\t\t\t\t<source media=\"(max-width: 768px)\" srcset=\"https:\/\/files.sunoresearch.com.br\/n\/uploads\/2019\/05\/3028149e-jos\u00e9-dirceu-400x200.webp\">\n\t\t\t\t<img loading=\"lazy\" decoding=\"async\" class=\"newsContent__article__imgCapa lazyloadDisabled newsContent__article__imgCapa--noCaption\" src=\"https:\/\/files.sunoresearch.com.br\/n\/uploads\/2019\/05\/3028149e-jos\u00e9-dirceu-800x450.webp\" width=\"800\" height=\"450\" alt=\"TRF-4 nega recurso de Jos\u00e9 Dirceu e ex-ministro pode voltar na pris\u00e3o\" fetchpriority=high \/>\n\t\t\t<\/picture>\n\n\t\t\t<figcaption class=\"wp-caption-text wp-caption-text--hide\">Jos\u00e9 Dirceu<\/figcaption>\n\t\t<\/figure>\n\t<\/div>\n\n\n<p><a href=\"https:\/\/www.suno.com.br\/noticias\/lula-pena-reduzida-prisao\/\">Saiba mais:\u00a0Lula tem pena reduzida para oito anos e 10 meses<\/a><\/p>\n<p>A decis\u00e3o un\u00e2nime da 4\u00aa Se\u00e7\u00e3o solicitou o &#8220;imediato of\u00edcio para in\u00edcio do cumprimento da pena ao ju\u00edzo de primeiro grau&#8221;. O ex-ministro dever\u00e1 cumprir a senten\u00e7a em Curitiba, no Paran\u00e1. <strong>Jos\u00e9 Dirceu<\/strong>, que est\u00e1 solto desde junho de 2018, ap\u00f3s uma decis\u00e3o do <strong>Supremo Tribunal Federal (STF)<\/strong> poder\u00e1 voltar a ser preso a qualquer momento.<\/p>\n\t<p>\n\t\t<a href=\"https:\/\/lp.suno.com.br\/lm\/simulador-de-renda-passiva\/\" target=\"_blank\" data-element=\"shortcode-suno-banner\" title=\"Banner SUNO, clique e saiba mais\">\n\t\t\t<picture>\n\t\t\t\t<source media=\"(max-width: 500px)\" srcset=\"https:\/\/files.sunoresearch.com.br\/n\/uploads\/2024\/04\/Lead-Magnet-400x300-1.png\">\n\t\t\t\t<img class=\"newsContent__article__imgCapa newsContent__article__imgCapa--banner\"\n\t\t\t\t\tsrc=\"https:\/\/files.sunoresearch.com.br\/n\/uploads\/2024\/04\/Lead-Magnet-1420x240-1.png\"\n\t\t\t\t\tdata-promo-id=\"543552\"\t\t\t\t\t\t\t\t\t\twidth='1420' height='240'\t\t\t\t\talt=\"https:\/\/files.sunoresearch.com.br\/n\/uploads\/2024\/04\/Lead-Magnet-1420x240-1.png\"\n\t\t\t\t>\n\t\t\t<\/picture>\n\t\t<\/a>\n\t<\/p>\n\n\n<p>O <strong>ex-chefe da Casa Civil<\/strong> durante o governo do ex-presidente Luiz In\u00e1cio Lula da Silva ainda poder\u00e1 recorrer ao <strong>STF<\/strong> e ao <strong>Superior Tribunal de Justi\u00e7a (STJ)<\/strong>. Al\u00e9m disso, mesmo ap\u00f3s a pris\u00e3o, Dirceu pode tentar um \u00faltimo recurso no pr\u00f3prio <strong>TRF-4,<\/strong> chamado de embargos dos embargos.<\/p>\n<h2>Pedido de prescri\u00e7\u00e3o de crimes<\/h2>\n<p>Os advogados do pol\u00edtico haviam protocolado um pedido no <strong>TRF-4<\/strong> na \u00faltima segunda-feira (13) para que a corte reconhecesse a prescri\u00e7\u00e3o dos dois crimes em que ele foi condenado em segunda inst\u00e2ncia: corrup\u00e7\u00e3o passiva e lavagem de dinheiro.<\/p>\n<p><a href=\"https:\/\/www.suno.com.br\/noticias\/lula-julgamento-defesa-nao-avisada\/\">Saiba mais: Triplex: Defesa de Lula diz que n\u00e3o foi avisada e pede que STJ adie julgamento<\/a><\/p>\n<p><strong>Dirceu<\/strong> teria recebido propinas atrav\u00e9s de um contrato superfaturado da <strong>Petrobras<\/strong> com a Apolo Tubulars. A empresa forneceu tubos para a estatal entre 2009 e 2012. O montante do dinheiro desviado foi de\u00a0R$ 7.147.425,70. O pol\u00edtico teria recebido\u00a0aproximadamente R$ 2,1 milh\u00f5es em propinas e benef\u00edcios como mais de 100 voos para compromissos pessoais.<\/p>\n<p>Segundo os\u00a0advogados do <strong>ex-ministro,<\/strong> as datas dos crimes e das condena\u00e7\u00f5es permitiram que <strong>Dirceu<\/strong> n\u00e3o seja preso.<\/p>\n\t<p>\n\t\t<a href=\"https:\/\/lp.suno.com.br\/ebook-10-livros\/\" target=\"_blank\" data-element=\"shortcode-suno-banner\" title=\"Banner SUNO, clique e saiba mais\">\n\t\t\t<picture>\n\t\t\t\t<source media=\"(max-width: 500px)\" srcset=\"https:\/\/files.sunoresearch.com.br\/n\/uploads\/2023\/03\/400x300-10-livros.png\">\n\t\t\t\t<img class=\"newsContent__article__imgCapa newsContent__article__imgCapa--banner\"\n\t\t\t\t\tsrc=\"https:\/\/files.sunoresearch.com.br\/n\/uploads\/2023\/03\/1420x240-10-livros.png\"\n\t\t\t\t\tdata-promo-id=\"383159\"\t\t\t\t\t\t\t\t\t\twidth='1420' height='240'\t\t\t\t\talt=\"https:\/\/files.sunoresearch.com.br\/n\/uploads\/2023\/03\/1420x240-10-livros.png\"\n\t\t\t\t>\n\t\t\t<\/picture>\n\t\t<\/a>\n\t<\/p>\n\n\n<p>&#8220;Em virtude da pena aplicada, referido delito prescreve em 12 anos. No entanto, na data da senten\u00e7a condenat\u00f3ria de primeira inst\u00e2ncia, Jos\u00e9 Dirceu tinha 70 anos (tanto que, inclusive, aplicou-se o redutor correspondente em sua pena), raz\u00e3o pela qual, nos termos do art. 115 do C\u00f3digo Penal, a prescri\u00e7\u00e3o ocorrer\u00e1 em 6 anos&#8221;, aparece na peti\u00e7\u00e3o assinada pelos tr\u00eas advogados de <strong>Dirceu:<\/strong> Roberto Podval, Lu\u00eds Fernando Silveira Beraldo e Viviane Santana Jacob Raffaini.<\/p>\n<p><a href=\"https:\/\/www.suno.com.br\/noticias\/defesa-lula-pena-regime-aberto-stj\/\">Saiba mais: Defesa de Lula pede ao STJ que ex-presidente cumpra pena em casa\u00a0<\/a><\/p>\n<p>Entretanto, os desembargadores n\u00e3o consideraram o pedido fundamentado e n\u00e3o o acataram.<\/p>\n<h2>Pedido de liberdade n\u00e3o acatado<\/h2>\n<p>Al\u00e9m disso, a defesa de <strong>Dirceu<\/strong> tinha apresentado um pedido para afastar a pris\u00e3o em caso de negativa ao recurso. Eles pediram que o ex-ministro n\u00e3o fosse preso at\u00e9 que houvesse um resultado nos tribunais superiores. O <strong>TRF-4<\/strong> tamb\u00e9m decidiu n\u00e3o acatar essa solicita\u00e7\u00e3o.<\/p>\n\t<p>\n\t\t<a href=\"https:\/\/lp.suno.com.br\/lm\/simulador-de-renda-passiva\/\" target=\"_blank\" data-element=\"shortcode-suno-banner\" title=\"Banner SUNO, clique e saiba mais\">\n\t\t\t<picture>\n\t\t\t\t<source media=\"(max-width: 500px)\" srcset=\"https:\/\/files.sunoresearch.com.br\/n\/uploads\/2024\/04\/Lead-Magnet-400x300-1.png\">\n\t\t\t\t<img class=\"newsContent__article__imgCapa newsContent__article__imgCapa--banner\"\n\t\t\t\t\tsrc=\"https:\/\/files.sunoresearch.com.br\/n\/uploads\/2024\/04\/Lead-Magnet-1420x240-1.png\"\n\t\t\t\t\tdata-promo-id=\"543552\"\t\t\t\t\t\t\t\t\t\twidth='1420' height='240'\t\t\t\t\talt=\"https:\/\/files.sunoresearch.com.br\/n\/uploads\/2024\/04\/Lead-Magnet-1420x240-1.png\"\n\t\t\t\t>\n\t\t\t<\/picture>\n\t\t<\/a>\n\t<\/p>\n\n\n<p><strong>Jos\u00e9 Dirceu<\/strong> ficou preso em <strong>Curitiba<\/strong> entre agosto de 2015 e maio de 2017. O <strong>STF<\/strong> concedeu para o <strong>pol\u00edtico<\/strong> um habeas corpus para aguardar o julgamento dos recursos em liberdade utilizando tornozeleira eletr\u00f4nica.<\/p>\n","protected":false},"excerpt":{"rendered":"<p>O Tribunal Regional Federal da 4\u00aa Regi\u00e3o (TRF-4) negou nesta quinta-feira (16) o recurso apresentado pelo ex-ministro chefe da Casa Civil, Jos\u00e9 Dirceu. O pol\u00edtico pedia a prescri\u00e7\u00e3o da pena de 8 anos e 10 meses na segunda condena\u00e7\u00e3o dele na Opera\u00e7\u00e3o\u00a0Lava Jato. Jos\u00e9 Dirceu Saiba mais:\u00a0Lula tem pena reduzida para oito anos e 10 [&hellip;]<\/p>\n","protected":false},"author":9,"featured_media":24873,"comment_status":"closed","ping_status":"closed","sticky":false,"template":"","format":"standard","meta":[],"categories":[61],"tags":[1914],"suno_strategy":[],"class_list":["post-24804","post","type-post","status-publish","format-standard","has-post-thumbnail","hentry","category-politica","tag-operacao-lava-jato"],"yoast_head":"<!-- This site is optimized with the Yoast SEO plugin v24.4 - https:\/\/yoast.com\/wordpress\/plugins\/seo\/ -->\n<title>TRF-4 nega recurso de Jos\u00e9 Dirceu e ex-ministro pode voltar na pris\u00e3o<\/title>\n<meta name=\"description\" content=\"O TRF-4 negou o recurso apresentado pelo ex-ministro chefe da Casa Civil, Jos\u00e9 Dirceu. Clique aqui para saber mais.\" \/>\n<meta name=\"robots\" content=\"index, follow, max-snippet:-1, max-image-preview:large, max-video-preview:-1\" \/>\n<link rel=\"canonical\" href=\"https:\/\/www.suno.com.br\/noticias\/trf-4-nega-recurso-jose-dirceu\/\" \/>\n<meta property=\"og:locale\" content=\"pt_BR\" \/>\n<meta property=\"og:type\" content=\"article\" \/>\n<meta property=\"og:title\" content=\"TRF-4 nega recurso de Jos\u00e9 Dirceu e ex-ministro pode voltar na pris\u00e3o\" \/>\n<meta property=\"og:description\" content=\"O TRF-4 negou o recurso apresentado pelo ex-ministro chefe da Casa Civil, Jos\u00e9 Dirceu. Clique aqui para saber mais.\" \/>\n<meta property=\"og:url\" content=\"https:\/\/www.suno.com.br\/noticias\/trf-4-nega-recurso-jose-dirceu\/\" \/>\n<meta property=\"og:site_name\" content=\"Suno Not\u00edcias\" \/>\n<meta property=\"article:publisher\" content=\"https:\/\/facebook.com\/sunoresearch\" \/>\n<meta property=\"og:image\" content=\"https:\/\/files.sunoresearch.com.br\/n\/uploads\/2019\/05\/3028149e-jos\u00e9-dirceu.jpg\" \/>\n\t<meta property=\"og:image:width\" content=\"1024\" \/>\n\t<meta property=\"og:image:height\" content=\"639\" \/>\n\t<meta property=\"og:image:type\" content=\"image\/jpeg\" \/>\n<meta name=\"author\" content=\"Carlo Cauti\" \/>\n<meta name=\"twitter:card\" content=\"summary_large_image\" \/>\n<meta name=\"twitter:creator\" content=\"@sunoresearch\" \/>\n<meta name=\"twitter:site\" content=\"@sunoresearch\" \/>\n<meta name=\"twitter:label1\" content=\"Escrito por\" \/>\n\t<meta name=\"twitter:data1\" content=\"Carlo Cauti\" \/>\n\t<meta name=\"twitter:label2\" content=\"Est. tempo de leitura\" \/>\n\t<meta name=\"twitter:data2\" content=\"3 minutos\" \/>\n<script type=\"application\/ld+json\" class=\"yoast-schema-graph\">{\"@context\":\"https:\/\/schema.org\",\"@graph\":[{\"@type\":\"NewsArticle\",\"@id\":\"https:\/\/www.suno.com.br\/noticias\/trf-4-nega-recurso-jose-dirceu\/#article\",\"isPartOf\":{\"@id\":\"https:\/\/www.suno.com.br\/noticias\/trf-4-nega-recurso-jose-dirceu\/\"},\"author\":{\"name\":\"Carlo Cauti\",\"@id\":\"https:\/\/www.suno.com.br\/noticias\/#\/schema\/person\/e6e0f723cc177805027f4566c1d5e0c8\"},\"headline\":\"TRF-4 nega recurso de Jos\u00e9 Dirceu e ex-ministro pode voltar na pris\u00e3o\",\"datePublished\":\"2019-05-16T20:54:42+00:00\",\"dateModified\":\"2021-02-17T23:08:29+00:00\",\"mainEntityOfPage\":{\"@id\":\"https:\/\/www.suno.com.br\/noticias\/trf-4-nega-recurso-jose-dirceu\/\"},\"wordCount\":529,\"publisher\":{\"@id\":\"https:\/\/www.suno.com.br\/noticias\/#organization\"},\"image\":{\"@id\":\"https:\/\/www.suno.com.br\/noticias\/trf-4-nega-recurso-jose-dirceu\/#primaryimage\"},\"thumbnailUrl\":\"https:\/\/files.sunoresearch.com.br\/n\/uploads\/2019\/05\/3028149e-jos\u00e9-dirceu-jpg.webp\",\"keywords\":[\"Opera\u00e7\u00e3o Lava Jato\"],\"articleSection\":[\"Pol\u00edtica\"],\"inLanguage\":\"pt-BR\"},{\"@type\":\"WebPage\",\"@id\":\"https:\/\/www.suno.com.br\/noticias\/trf-4-nega-recurso-jose-dirceu\/\",\"url\":\"https:\/\/www.suno.com.br\/noticias\/trf-4-nega-recurso-jose-dirceu\/\",\"name\":\"TRF-4 nega recurso de Jos\u00e9 Dirceu e ex-ministro pode voltar na pris\u00e3o\",\"isPartOf\":{\"@id\":\"https:\/\/www.suno.com.br\/noticias\/#website\"},\"primaryImageOfPage\":{\"@id\":\"https:\/\/www.suno.com.br\/noticias\/trf-4-nega-recurso-jose-dirceu\/#primaryimage\"},\"image\":{\"@id\":\"https:\/\/www.suno.com.br\/noticias\/trf-4-nega-recurso-jose-dirceu\/#primaryimage\"},\"thumbnailUrl\":\"https:\/\/files.sunoresearch.com.br\/n\/uploads\/2019\/05\/3028149e-jos\u00e9-dirceu-jpg.webp\",\"datePublished\":\"2019-05-16T20:54:42+00:00\",\"dateModified\":\"2021-02-17T23:08:29+00:00\",\"description\":\"O TRF-4 negou o recurso apresentado pelo ex-ministro chefe da Casa Civil, Jos\u00e9 Dirceu. Clique aqui para saber mais.\",\"breadcrumb\":{\"@id\":\"https:\/\/www.suno.com.br\/noticias\/trf-4-nega-recurso-jose-dirceu\/#breadcrumb\"},\"inLanguage\":\"pt-BR\",\"potentialAction\":[{\"@type\":\"ReadAction\",\"target\":[\"https:\/\/www.suno.com.br\/noticias\/trf-4-nega-recurso-jose-dirceu\/\"]}]},{\"@type\":\"ImageObject\",\"inLanguage\":\"pt-BR\",\"@id\":\"https:\/\/www.suno.com.br\/noticias\/trf-4-nega-recurso-jose-dirceu\/#primaryimage\",\"url\":\"https:\/\/files.sunoresearch.com.br\/n\/uploads\/2019\/05\/3028149e-jos\u00e9-dirceu-jpg.webp\",\"contentUrl\":\"https:\/\/files.sunoresearch.com.br\/n\/uploads\/2019\/05\/3028149e-jos\u00e9-dirceu-jpg.webp\",\"width\":1024,\"height\":639,\"caption\":\"Jos\u00e9 Dirceu\"},{\"@type\":\"BreadcrumbList\",\"@id\":\"https:\/\/www.suno.com.br\/noticias\/trf-4-nega-recurso-jose-dirceu\/#breadcrumb\",\"itemListElement\":[{\"@type\":\"ListItem\",\"position\":1,\"name\":\"Not\u00edcias\",\"item\":\"https:\/\/www.suno.com.br\/noticias\/\"},{\"@type\":\"ListItem\",\"position\":2,\"name\":\"Pol\u00edtica\",\"item\":\"https:\/\/www.suno.com.br\/noticias\/politica\/\"},{\"@type\":\"ListItem\",\"position\":3,\"name\":\"TRF-4 nega recurso de Jos\u00e9 Dirceu e ex-ministro pode voltar na pris\u00e3o\"}]},{\"@type\":\"WebSite\",\"@id\":\"https:\/\/www.suno.com.br\/noticias\/#website\",\"url\":\"https:\/\/www.suno.com.br\/noticias\/\",\"name\":\"Suno Not\u00edcias\",\"description\":\"Seu portal de informa\u00e7\u00e3o sobre o mundo dos investimentos\",\"publisher\":{\"@id\":\"https:\/\/www.suno.com.br\/noticias\/#organization\"},\"potentialAction\":[{\"@type\":\"SearchAction\",\"target\":{\"@type\":\"EntryPoint\",\"urlTemplate\":\"https:\/\/www.suno.com.br\/noticias\/?s={search_term_string}\"},\"query-input\":{\"@type\":\"PropertyValueSpecification\",\"valueRequired\":true,\"valueName\":\"search_term_string\"}}],\"inLanguage\":\"pt-BR\"},{\"@type\":\"Organization\",\"@id\":\"https:\/\/www.suno.com.br\/noticias\/#organization\",\"name\":\"Suno Not\u00edcias\",\"url\":\"https:\/\/www.suno.com.br\/noticias\/\",\"logo\":{\"@type\":\"ImageObject\",\"inLanguage\":\"pt-BR\",\"@id\":\"https:\/\/www.suno.com.br\/noticias\/#\/schema\/logo\/image\/\",\"url\":\"https:\/\/files.sunoresearch.com.br\/n\/uploads\/2021\/09\/suno-logo.png\",\"contentUrl\":\"https:\/\/files.sunoresearch.com.br\/n\/uploads\/2021\/09\/suno-logo.png\",\"width\":180,\"height\":180,\"caption\":\"Suno Not\u00edcias\"},\"image\":{\"@id\":\"https:\/\/www.suno.com.br\/noticias\/#\/schema\/logo\/image\/\"},\"sameAs\":[\"https:\/\/facebook.com\/sunoresearch\",\"https:\/\/x.com\/sunoresearch\",\"https:\/\/www.instagram.com\/suno\",\"https:\/\/www.linkedin.com\/company\/suno-research\/\",\"https:\/\/www.youtube.com\/c\/sunoresearch\"]},{\"@type\":\"Person\",\"@id\":\"https:\/\/www.suno.com.br\/noticias\/#\/schema\/person\/e6e0f723cc177805027f4566c1d5e0c8\",\"name\":\"Carlo Cauti\",\"image\":{\"@type\":\"ImageObject\",\"inLanguage\":\"pt-BR\",\"@id\":\"https:\/\/www.suno.com.br\/noticias\/#\/schema\/person\/image\/\",\"url\":\"https:\/\/secure.gravatar.com\/avatar\/3ada9e0bd164c23abd4792a9606d583c?s=96&r=g\",\"contentUrl\":\"https:\/\/secure.gravatar.com\/avatar\/3ada9e0bd164c23abd4792a9606d583c?s=96&r=g\",\"caption\":\"Carlo Cauti\"},\"description\":\"Editor multim\u00eddia do SUNO Not\u00edcias. Italiano, formado em Ci\u00eancias Pol\u00edticas pela universidade LUISS G. Carli de Roma e mestre cum laude em Rela\u00e7\u00f5es Internacionais, Jornalismo Internacional e de Guerra e em Economia Internacional. Concluiu tamb\u00e9m um MBA em Finan\u00e7as na B3. No Brasil, teve passagem por ve\u00edculos como Estad\u00e3o, Globo, Veja e EXAME. e nas ag\u00eancias de not\u00edcias italianas ANSA e NOVA.\",\"url\":\"https:\/\/www.suno.com.br\/noticias\/author\/carlo-cauti\/\"}]}<\/script>\n<!-- \/ Yoast SEO plugin. -->","yoast_head_json":{"title":"TRF-4 nega recurso de Jos\u00e9 Dirceu e ex-ministro pode voltar na pris\u00e3o","description":"O TRF-4 negou o recurso apresentado pelo ex-ministro chefe da Casa Civil, Jos\u00e9 Dirceu. Clique aqui para saber mais.","robots":{"index":"index","follow":"follow","max-snippet":"max-snippet:-1","max-image-preview":"max-image-preview:large","max-video-preview":"max-video-preview:-1"},"canonical":"https:\/\/www.suno.com.br\/noticias\/trf-4-nega-recurso-jose-dirceu\/","og_locale":"pt_BR","og_type":"article","og_title":"TRF-4 nega recurso de Jos\u00e9 Dirceu e ex-ministro pode voltar na pris\u00e3o","og_description":"O TRF-4 negou o recurso apresentado pelo ex-ministro chefe da Casa Civil, Jos\u00e9 Dirceu. Clique aqui para saber mais.","og_url":"https:\/\/www.suno.com.br\/noticias\/trf-4-nega-recurso-jose-dirceu\/","og_site_name":"Suno Not\u00edcias","article_publisher":"https:\/\/facebook.com\/sunoresearch","og_image":[{"width":1024,"height":639,"url":"https:\/\/files.sunoresearch.com.br\/n\/uploads\/2019\/05\/3028149e-jos\u00e9-dirceu.jpg","type":"image\/jpeg"}],"author":"Carlo Cauti","twitter_card":"summary_large_image","twitter_creator":"@sunoresearch","twitter_site":"@sunoresearch","twitter_misc":{"Escrito por":"Carlo Cauti","Est. tempo de leitura":"3 minutos"},"schema":{"@context":"https:\/\/schema.org","@graph":[{"@type":"NewsArticle","@id":"https:\/\/www.suno.com.br\/noticias\/trf-4-nega-recurso-jose-dirceu\/#article","isPartOf":{"@id":"https:\/\/www.suno.com.br\/noticias\/trf-4-nega-recurso-jose-dirceu\/"},"author":{"name":"Carlo Cauti","@id":"https:\/\/www.suno.com.br\/noticias\/#\/schema\/person\/e6e0f723cc177805027f4566c1d5e0c8"},"headline":"TRF-4 nega recurso de Jos\u00e9 Dirceu e ex-ministro pode voltar na pris\u00e3o","datePublished":"2019-05-16T20:54:42+00:00","dateModified":"2021-02-17T23:08:29+00:00","mainEntityOfPage":{"@id":"https:\/\/www.suno.com.br\/noticias\/trf-4-nega-recurso-jose-dirceu\/"},"wordCount":529,"publisher":{"@id":"https:\/\/www.suno.com.br\/noticias\/#organization"},"image":{"@id":"https:\/\/www.suno.com.br\/noticias\/trf-4-nega-recurso-jose-dirceu\/#primaryimage"},"thumbnailUrl":"https:\/\/files.sunoresearch.com.br\/n\/uploads\/2019\/05\/3028149e-jos\u00e9-dirceu-jpg.webp","keywords":["Opera\u00e7\u00e3o Lava Jato"],"articleSection":["Pol\u00edtica"],"inLanguage":"pt-BR"},{"@type":"WebPage","@id":"https:\/\/www.suno.com.br\/noticias\/trf-4-nega-recurso-jose-dirceu\/","url":"https:\/\/www.suno.com.br\/noticias\/trf-4-nega-recurso-jose-dirceu\/","name":"TRF-4 nega recurso de Jos\u00e9 Dirceu e ex-ministro pode voltar na pris\u00e3o","isPartOf":{"@id":"https:\/\/www.suno.com.br\/noticias\/#website"},"primaryImageOfPage":{"@id":"https:\/\/www.suno.com.br\/noticias\/trf-4-nega-recurso-jose-dirceu\/#primaryimage"},"image":{"@id":"https:\/\/www.suno.com.br\/noticias\/trf-4-nega-recurso-jose-dirceu\/#primaryimage"},"thumbnailUrl":"https:\/\/files.sunoresearch.com.br\/n\/uploads\/2019\/05\/3028149e-jos\u00e9-dirceu-jpg.webp","datePublished":"2019-05-16T20:54:42+00:00","dateModified":"2021-02-17T23:08:29+00:00","description":"O TRF-4 negou o recurso apresentado pelo ex-ministro chefe da Casa Civil, Jos\u00e9 Dirceu. Clique aqui para saber mais.","breadcrumb":{"@id":"https:\/\/www.suno.com.br\/noticias\/trf-4-nega-recurso-jose-dirceu\/#breadcrumb"},"inLanguage":"pt-BR","potentialAction":[{"@type":"ReadAction","target":["https:\/\/www.suno.com.br\/noticias\/trf-4-nega-recurso-jose-dirceu\/"]}]},{"@type":"ImageObject","inLanguage":"pt-BR","@id":"https:\/\/www.suno.com.br\/noticias\/trf-4-nega-recurso-jose-dirceu\/#primaryimage","url":"https:\/\/files.sunoresearch.com.br\/n\/uploads\/2019\/05\/3028149e-jos\u00e9-dirceu-jpg.webp","contentUrl":"https:\/\/files.sunoresearch.com.br\/n\/uploads\/2019\/05\/3028149e-jos\u00e9-dirceu-jpg.webp","width":1024,"height":639,"caption":"Jos\u00e9 Dirceu"},{"@type":"BreadcrumbList","@id":"https:\/\/www.suno.com.br\/noticias\/trf-4-nega-recurso-jose-dirceu\/#breadcrumb","itemListElement":[{"@type":"ListItem","position":1,"name":"Not\u00edcias","item":"https:\/\/www.suno.com.br\/noticias\/"},{"@type":"ListItem","position":2,"name":"Pol\u00edtica","item":"https:\/\/www.suno.com.br\/noticias\/politica\/"},{"@type":"ListItem","position":3,"name":"TRF-4 nega recurso de Jos\u00e9 Dirceu e ex-ministro pode voltar na pris\u00e3o"}]},{"@type":"WebSite","@id":"https:\/\/www.suno.com.br\/noticias\/#website","url":"https:\/\/www.suno.com.br\/noticias\/","name":"Suno Not\u00edcias","description":"Seu portal de informa\u00e7\u00e3o sobre o mundo dos investimentos","publisher":{"@id":"https:\/\/www.suno.com.br\/noticias\/#organization"},"potentialAction":[{"@type":"SearchAction","target":{"@type":"EntryPoint","urlTemplate":"https:\/\/www.suno.com.br\/noticias\/?s={search_term_string}"},"query-input":{"@type":"PropertyValueSpecification","valueRequired":true,"valueName":"search_term_string"}}],"inLanguage":"pt-BR"},{"@type":"Organization","@id":"https:\/\/www.suno.com.br\/noticias\/#organization","name":"Suno Not\u00edcias","url":"https:\/\/www.suno.com.br\/noticias\/","logo":{"@type":"ImageObject","inLanguage":"pt-BR","@id":"https:\/\/www.suno.com.br\/noticias\/#\/schema\/logo\/image\/","url":"https:\/\/files.sunoresearch.com.br\/n\/uploads\/2021\/09\/suno-logo.png","contentUrl":"https:\/\/files.sunoresearch.com.br\/n\/uploads\/2021\/09\/suno-logo.png","width":180,"height":180,"caption":"Suno Not\u00edcias"},"image":{"@id":"https:\/\/www.suno.com.br\/noticias\/#\/schema\/logo\/image\/"},"sameAs":["https:\/\/facebook.com\/sunoresearch","https:\/\/x.com\/sunoresearch","https:\/\/www.instagram.com\/suno","https:\/\/www.linkedin.com\/company\/suno-research\/","https:\/\/www.youtube.com\/c\/sunoresearch"]},{"@type":"Person","@id":"https:\/\/www.suno.com.br\/noticias\/#\/schema\/person\/e6e0f723cc177805027f4566c1d5e0c8","name":"Carlo Cauti","image":{"@type":"ImageObject","inLanguage":"pt-BR","@id":"https:\/\/www.suno.com.br\/noticias\/#\/schema\/person\/image\/","url":"https:\/\/secure.gravatar.com\/avatar\/3ada9e0bd164c23abd4792a9606d583c?s=96&r=g","contentUrl":"https:\/\/secure.gravatar.com\/avatar\/3ada9e0bd164c23abd4792a9606d583c?s=96&r=g","caption":"Carlo Cauti"},"description":"Editor multim\u00eddia do SUNO Not\u00edcias. Italiano, formado em Ci\u00eancias Pol\u00edticas pela universidade LUISS G. Carli de Roma e mestre cum laude em Rela\u00e7\u00f5es Internacionais, Jornalismo Internacional e de Guerra e em Economia Internacional. Concluiu tamb\u00e9m um MBA em Finan\u00e7as na B3. No Brasil, teve passagem por ve\u00edculos como Estad\u00e3o, Globo, Veja e EXAME. e nas ag\u00eancias de not\u00edcias italianas ANSA e NOVA.","url":"https:\/\/www.suno.com.br\/noticias\/author\/carlo-cauti\/"}]}},"default_loop_html":"<div class=\"cardsPage__listCard__boxs\"><div class=\"cardsPage__listCard__boxs__img\"><a href=\"https:\/\/www.suno.com.br\/noticias\/trf-4-nega-recurso-jose-dirceu\/\"><img class=\"mask\" src=\"https:\/\/www.suno.com.br\/noticias\/wp-content\/themes\/suno\/resources\/images\/spotlight\/spotlight1img\/bg-mask.png\" alt=\"Image Mask\"\/><img src=\"https:\/\/files.sunoresearch.com.br\/n\/uploads\/2019\/05\/3028149e-jos\u00e9-dirceu-400x200.webp\" alt=\"TRF-4 nega recurso de Jos\u00e9 Dirceu e ex-ministro pode voltar na pris\u00e3o\"\/><\/a><span class=\"spotlightCategory\"><a href=\"https:\/\/www.suno.com.br\/noticias\/politica\/\">Pol\u00edtica<\/a><\/span><\/div><div class=\"cardsPage__listCard__boxs__content\"><a href=\"https:\/\/www.suno.com.br\/noticias\/trf-4-nega-recurso-jose-dirceu\/\"><h2 class=\"content__title\">TRF-4 nega recurso de Jos\u00e9 Dirceu e ex-ministro pode voltar na pris\u00e3o<\/h2><\/a><div class=\"newsContent__article__meta\"><div class=\"newsContent__article__meta__authorBox\"><a href=\"https:\/\/www.suno.com.br\/noticias\/author\/carlo-cauti\/\" class=\"authorBox__avatar noMobi\"><img src=\"https:\/\/files.sunoresearch.com.br\/n\/uploads\/2020\/08\/e3745f9a-perfil-carlo-cauti-150x150.webp\" alt=\"Carlo Cauti\"><\/a><div class=\"authorBox__name\"><span>por\n\t\t\t<a href=\"https:\/\/www.suno.com.br\/noticias\/author\/carlo-cauti\/\"><span itemprop=\"author\">Carlo Cauti<\/span><\/a><\/span><time datetime=\"2019-05-16T17:54:42-03:00\" itemprop=\"datePublished\">16\/05\/2019 17:54<\/time><\/div><\/div><\/div><\/div><\/div>","single_layout":"posts","amp_enabled":true,"_links":{"self":[{"href":"https:\/\/www.suno.com.br\/noticias\/wp-json\/wp\/v2\/posts\/24804"}],"collection":[{"href":"https:\/\/www.suno.com.br\/noticias\/wp-json\/wp\/v2\/posts"}],"about":[{"href":"https:\/\/www.suno.com.br\/noticias\/wp-json\/wp\/v2\/types\/post"}],"author":[{"embeddable":true,"href":"https:\/\/www.suno.com.br\/noticias\/wp-json\/wp\/v2\/users\/9"}],"replies":[{"embeddable":true,"href":"https:\/\/www.suno.com.br\/noticias\/wp-json\/wp\/v2\/comments?post=24804"}],"version-history":[{"count":0,"href":"https:\/\/www.suno.com.br\/noticias\/wp-json\/wp\/v2\/posts\/24804\/revisions"}],"wp:featuredmedia":[{"embeddable":true,"href":"https:\/\/www.suno.com.br\/noticias\/wp-json\/wp\/v2\/media\/24873"}],"wp:attachment":[{"href":"https:\/\/www.suno.com.br\/noticias\/wp-json\/wp\/v2\/media?parent=24804"}],"wp:term":[{"taxonomy":"category","embeddable":true,"href":"https:\/\/www.suno.com.br\/noticias\/wp-json\/wp\/v2\/categories?post=24804"},{"taxonomy":"post_tag","embeddable":true,"href":"https:\/\/www.suno.com.br\/noticias\/wp-json\/wp\/v2\/tags?post=24804"},{"taxonomy":"suno_strategy","embeddable":true,"href":"https:\/\/www.suno.com.br\/noticias\/wp-json\/wp\/v2\/suno_strategy?post=24804"}],"curies":[{"name":"wp","href":"https:\/\/api.w.org\/{rel}","templated":true}]}}